{"id":80311,"date":"2016-06-21T12:55:07","date_gmt":"2016-06-21T10:55:07","guid":{"rendered":"http:\/\/eldigitaldeasturias.com\/magazine365\/?p=80311"},"modified":"2016-06-21T12:55:07","modified_gmt":"2016-06-21T10:55:07","slug":"brussels-airlines-lanza-su-nueva-clase-economy-plus-en-vuelos-intercontinentales","status":"publish","type":"post","link":"https:\/\/eldigitaldeasturias.com\/magazine365\/brussels-airlines-lanza-su-nueva-clase-economy-plus-en-vuelos-intercontinentales\/","title":{"rendered":"Brussels Airlines lanza su nueva clase &#8216;Economy Plus&#8217; en vuelos intercontinentales"},"content":{"rendered":"<p><img fetchpriority=\"high\" decoding=\"async\" class=\"alignleft size-medium wp-image-80313\" src=\"https:\/\/eldigitaldeasturias.com\/magazine365\/wp-content\/uploads\/2016\/06\/fotonoticia_20160621110118_800-360x240.jpg\" alt=\"fotonoticia_20160621110118_800\" width=\"360\" height=\"240\" srcset=\"https:\/\/eldigitaldeasturias.com\/magazine365\/wp-content\/uploads\/2016\/06\/fotonoticia_20160621110118_800-360x240.jpg 360w, https:\/\/eldigitaldeasturias.com\/magazine365\/wp-content\/uploads\/2016\/06\/fotonoticia_20160621110118_800-650x434.jpg 650w, https:\/\/eldigitaldeasturias.com\/magazine365\/wp-content\/uploads\/2016\/06\/fotonoticia_20160621110118_800-768x513.jpg 768w, https:\/\/eldigitaldeasturias.com\/magazine365\/wp-content\/uploads\/2016\/06\/fotonoticia_20160621110118_800-150x100.jpg 150w, https:\/\/eldigitaldeasturias.com\/magazine365\/wp-content\/uploads\/2016\/06\/fotonoticia_20160621110118_800-450x300.jpg 450w, https:\/\/eldigitaldeasturias.com\/magazine365\/wp-content\/uploads\/2016\/06\/fotonoticia_20160621110118_800-101x66.jpg 101w, https:\/\/eldigitaldeasturias.com\/magazine365\/wp-content\/uploads\/2016\/06\/fotonoticia_20160621110118_800.jpg 800w\" sizes=\"(max-width: 360px) 100vw, 360px\" \/>Brussels Airlines han lanzado este martes su nueva clase &#8216;Economy Plus&#8217; en sus vuelos intercontinentales, disponible en sus operaciones en \u00c1frica, Estados Unidos o Canad\u00e1 con un suplemento de 120 euros por trayecto, inform\u00f3 la compa\u00f1\u00eda a\u00e9rea.<\/p>\n<p>De esta forma, sus pasajeros tendr\u00e1n la opci\u00f3n de viajar en tres clases en vez de dos con la nueva configuraci\u00f3n que se suma a las clases &#8216;Business&#8217; y &#8216;Economy&#8217;.<\/p>\n<p>Esta nueva clase se ubicar\u00e1 en las cinco primeras filas de la clase &#8216;Economy&#8217; y contar\u00e1n con m\u00e1s espacio para las piernas y una butaca con una reclinaci\u00f3n de hasta 20 grados.<\/p>\n<p>Adem\u00e1s, a los pasajeros que viajen en &#8216;Economy Plus&#8217; se les ofrecer\u00e1 una comida de calidad superior, un set de complementos de viaje y copa de champagne, entre otros.<\/p>\n<p>Para celebrar este lanzamiento, \u00e9ste nuevo producto a bordo est\u00e1 disponible a un precio de 99 euros. El grupo alem\u00e1n Lufthansa realizar\u00e1 adem\u00e1s un &#8216;upgrade&#8217; gratuito a 20.000 pasajeros en julio y agosto para probar esta nueva configuraci\u00f3n.<\/p>\n","protected":false},"excerpt":{"rendered":"<p>Brussels Airlines han lanzado este martes su nueva clase &#8216;Economy Plus&#8217; en sus vuelos intercontinentales, disponible en sus operaciones en \u00c1frica, Estados Unidos o Canad\u00e1 con un suplemento de 120 euros por trayecto, inform\u00f3 la compa\u00f1\u00eda a\u00e9rea. De esta forma, sus pasajeros tendr\u00e1n la opci\u00f3n de viajar en tres clases en vez de dos con<\/p>\n","protected":false},"author":1,"featured_media":80313,"comment_status":"open","ping_status":"closed","sticky":false,"template":"","format":"standard","meta":{"footnotes":""},"categories":[224],"tags":[],"class_list":{"0":"post-80311","1":"post","2":"type-post","3":"status-publish","4":"format-standard","5":"has-post-thumbnail","7":"category-noticias-actualidad"},"aioseo_notices":[],"aioseo_head":"\n\t\t<!-- All in One SEO Pro 4.9.6.1 - aioseo.com -->\n\t<meta name=\"description\" content=\"Brussels Airlines han lanzado este martes su nueva clase &#039;Economy Plus&#039; en sus vuelos intercontinentales, disponible en sus operaciones en \u00c1frica, Estados Unidos o Canad\u00e1 con un suplemento de 120 euros por trayecto, inform\u00f3 la compa\u00f1\u00eda a\u00e9rea. De esta forma, sus pasajeros tendr\u00e1n la opci\u00f3n de viajar en tres clases en vez de dos con\" \/>\n\t<meta name=\"robots\" content=\"max-image-preview:large\" \/>\n\t<meta name=\"author\" content=\"admin\"\/>\n\t<meta name=\"google-site-verification\" content=\"UA-38556648-1\" \/>\n\t<meta name=\"keywords\" content=\"noticias y actualidad\" \/>\n\t<link rel=\"canonical\" href=\"https:\/\/eldigitaldeasturias.com\/magazine365\/brussels-airlines-lanza-su-nueva-clase-economy-plus-en-vuelos-intercontinentales\/\" \/>\n\t<meta name=\"generator\" content=\"All in One SEO Pro (AIOSEO) 4.9.6.1\" \/>\n\t\t<meta property=\"og:locale\" content=\"es_ES\" \/>\n\t\t<meta property=\"og:site_name\" content=\"El Digital de Asturias \u2013 Revista de ocio, turismo y estilo de vida\" \/>\n\t\t<meta property=\"og:type\" content=\"article\" \/>\n\t\t<meta property=\"og:title\" content=\"Brussels Airlines lanza su nueva clase \u2018Economy Plus\u2019 en vuelos intercontinentales | El Digital de Asturias\" \/>\n\t\t<meta property=\"og:description\" content=\"Brussels Airlines han lanzado este martes su nueva clase &#039;Economy Plus&#039; en sus vuelos intercontinentales, disponible en sus operaciones en \u00c1frica, Estados Unidos o Canad\u00e1 con un suplemento de 120 euros por trayecto, inform\u00f3 la compa\u00f1\u00eda a\u00e9rea. De esta forma, sus pasajeros tendr\u00e1n la opci\u00f3n de viajar en tres clases en vez de dos con\" \/>\n\t\t<meta property=\"og:url\" content=\"https:\/\/eldigitaldeasturias.com\/magazine365\/brussels-airlines-lanza-su-nueva-clase-economy-plus-en-vuelos-intercontinentales\/\" \/>\n\t\t<meta property=\"og:image\" content=\"https:\/\/eldigitaldeasturias.com\/magazine365\/wp-content\/uploads\/2016\/06\/fotonoticia_20160621110118_800.jpg\" \/>\n\t\t<meta property=\"og:image:secure_url\" content=\"https:\/\/eldigitaldeasturias.com\/magazine365\/wp-content\/uploads\/2016\/06\/fotonoticia_20160621110118_800.jpg\" \/>\n\t\t<meta property=\"og:image:width\" content=\"800\" \/>\n\t\t<meta property=\"og:image:height\" content=\"534\" \/>\n\t\t<meta property=\"article:published_time\" content=\"2016-06-21T10:55:07+00:00\" \/>\n\t\t<meta property=\"article:modified_time\" content=\"2016-06-21T10:55:07+00:00\" \/>\n\t\t<meta name=\"twitter:card\" content=\"summary_large_image\" \/>\n\t\t<meta name=\"twitter:title\" content=\"Brussels Airlines lanza su nueva clase \u2018Economy Plus\u2019 en vuelos intercontinentales | El Digital de Asturias\" \/>\n\t\t<meta name=\"twitter:description\" content=\"Brussels Airlines han lanzado este martes su nueva clase &#039;Economy Plus&#039; en sus vuelos intercontinentales, disponible en sus operaciones en \u00c1frica, Estados Unidos o Canad\u00e1 con un suplemento de 120 euros por trayecto, inform\u00f3 la compa\u00f1\u00eda a\u00e9rea. De esta forma, sus pasajeros tendr\u00e1n la opci\u00f3n de viajar en tres clases en vez de dos con\" \/>\n\t\t<meta name=\"twitter:image\" content=\"https:\/\/eldigitaldeasturias.com\/magazine365\/wp-content\/uploads\/2016\/06\/fotonoticia_20160621110118_800.jpg\" \/>\n\t\t<script type=\"application\/ld+json\" class=\"aioseo-schema\">\n\t\t\t{\"@context\":\"https:\\\/\\\/schema.org\",\"@graph\":[{\"@type\":\"Article\",\"@id\":\"https:\\\/\\\/eldigitaldeasturias.com\\\/magazine365\\\/brussels-airlines-lanza-su-nueva-clase-economy-plus-en-vuelos-intercontinentales\\\/#article\",\"name\":\"Brussels Airlines lanza su nueva clase \\u2018Economy Plus\\u2019 en vuelos intercontinentales | El Digital de Asturias\",\"headline\":\"Brussels Airlines lanza su nueva clase &#8216;Economy Plus&#8217; en vuelos intercontinentales\",\"author\":{\"@id\":\"https:\\\/\\\/eldigitaldeasturias.com\\\/magazine365\\\/author\\\/admin\\\/#author\"},\"publisher\":{\"@id\":\"https:\\\/\\\/eldigitaldeasturias.com\\\/magazine365\\\/#organization\"},\"image\":{\"@type\":\"ImageObject\",\"url\":\"https:\\\/\\\/eldigitaldeasturias.com\\\/magazine365\\\/wp-content\\\/uploads\\\/2016\\\/06\\\/fotonoticia_20160621110118_800.jpg\",\"width\":800,\"height\":534},\"datePublished\":\"2016-06-21T12:55:07+02:00\",\"dateModified\":\"2016-06-21T12:55:07+02:00\",\"inLanguage\":\"es-ES\",\"mainEntityOfPage\":{\"@id\":\"https:\\\/\\\/eldigitaldeasturias.com\\\/magazine365\\\/brussels-airlines-lanza-su-nueva-clase-economy-plus-en-vuelos-intercontinentales\\\/#webpage\"},\"isPartOf\":{\"@id\":\"https:\\\/\\\/eldigitaldeasturias.com\\\/magazine365\\\/brussels-airlines-lanza-su-nueva-clase-economy-plus-en-vuelos-intercontinentales\\\/#webpage\"},\"articleSection\":\"Noticias y Actualidad\"},{\"@type\":\"BreadcrumbList\",\"@id\":\"https:\\\/\\\/eldigitaldeasturias.com\\\/magazine365\\\/brussels-airlines-lanza-su-nueva-clase-economy-plus-en-vuelos-intercontinentales\\\/#breadcrumblist\",\"itemListElement\":[{\"@type\":\"ListItem\",\"@id\":\"https:\\\/\\\/eldigitaldeasturias.com\\\/magazine365#listItem\",\"position\":1,\"name\":\"Home\",\"item\":\"https:\\\/\\\/eldigitaldeasturias.com\\\/magazine365\",\"nextItem\":{\"@type\":\"ListItem\",\"@id\":\"https:\\\/\\\/eldigitaldeasturias.com\\\/magazine365\\\/category\\\/noticias-actualidad\\\/#listItem\",\"name\":\"Noticias y Actualidad\"}},{\"@type\":\"ListItem\",\"@id\":\"https:\\\/\\\/eldigitaldeasturias.com\\\/magazine365\\\/category\\\/noticias-actualidad\\\/#listItem\",\"position\":2,\"name\":\"Noticias y Actualidad\",\"item\":\"https:\\\/\\\/eldigitaldeasturias.com\\\/magazine365\\\/category\\\/noticias-actualidad\\\/\",\"nextItem\":{\"@type\":\"ListItem\",\"@id\":\"https:\\\/\\\/eldigitaldeasturias.com\\\/magazine365\\\/brussels-airlines-lanza-su-nueva-clase-economy-plus-en-vuelos-intercontinentales\\\/#listItem\",\"name\":\"Brussels Airlines lanza su nueva clase &#8216;Economy Plus&#8217; en vuelos intercontinentales\"},\"previousItem\":{\"@type\":\"ListItem\",\"@id\":\"https:\\\/\\\/eldigitaldeasturias.com\\\/magazine365#listItem\",\"name\":\"Home\"}},{\"@type\":\"ListItem\",\"@id\":\"https:\\\/\\\/eldigitaldeasturias.com\\\/magazine365\\\/brussels-airlines-lanza-su-nueva-clase-economy-plus-en-vuelos-intercontinentales\\\/#listItem\",\"position\":3,\"name\":\"Brussels Airlines lanza su nueva clase &#8216;Economy Plus&#8217; en vuelos intercontinentales\",\"previousItem\":{\"@type\":\"ListItem\",\"@id\":\"https:\\\/\\\/eldigitaldeasturias.com\\\/magazine365\\\/category\\\/noticias-actualidad\\\/#listItem\",\"name\":\"Noticias y Actualidad\"}}]},{\"@type\":\"Organization\",\"@id\":\"https:\\\/\\\/eldigitaldeasturias.com\\\/magazine365\\\/#organization\",\"name\":\"El digital de Asturias\",\"description\":\"Revista de ocio, turismo y estilo de vida\",\"url\":\"https:\\\/\\\/eldigitaldeasturias.com\\\/magazine365\\\/\",\"logo\":{\"@type\":\"ImageObject\",\"url\":\"https:\\\/\\\/www.eldigitaldeasturias.com\\\/noticias\\\/wp-content\\\/uploads\\\/2020\\\/12\\\/EDA.jpg\",\"@id\":\"https:\\\/\\\/eldigitaldeasturias.com\\\/magazine365\\\/brussels-airlines-lanza-su-nueva-clase-economy-plus-en-vuelos-intercontinentales\\\/#organizationLogo\"},\"image\":{\"@id\":\"https:\\\/\\\/eldigitaldeasturias.com\\\/magazine365\\\/brussels-airlines-lanza-su-nueva-clase-economy-plus-en-vuelos-intercontinentales\\\/#organizationLogo\"}},{\"@type\":\"Person\",\"@id\":\"https:\\\/\\\/eldigitaldeasturias.com\\\/magazine365\\\/author\\\/admin\\\/#author\",\"url\":\"https:\\\/\\\/eldigitaldeasturias.com\\\/magazine365\\\/author\\\/admin\\\/\",\"name\":\"admin\",\"image\":{\"@type\":\"ImageObject\",\"@id\":\"https:\\\/\\\/eldigitaldeasturias.com\\\/magazine365\\\/brussels-airlines-lanza-su-nueva-clase-economy-plus-en-vuelos-intercontinentales\\\/#authorImage\",\"url\":\"https:\\\/\\\/eldigitaldeasturias.com\\\/magazine365\\\/wp-content\\\/litespeed\\\/avatar\\\/e571bcf59a0edd6fa6838245a470f2fe.jpg?ver=1776969259\",\"width\":96,\"height\":96,\"caption\":\"admin\"}},{\"@type\":\"WebPage\",\"@id\":\"https:\\\/\\\/eldigitaldeasturias.com\\\/magazine365\\\/brussels-airlines-lanza-su-nueva-clase-economy-plus-en-vuelos-intercontinentales\\\/#webpage\",\"url\":\"https:\\\/\\\/eldigitaldeasturias.com\\\/magazine365\\\/brussels-airlines-lanza-su-nueva-clase-economy-plus-en-vuelos-intercontinentales\\\/\",\"name\":\"Brussels Airlines lanza su nueva clase \\u2018Economy Plus\\u2019 en vuelos intercontinentales | El Digital de Asturias\",\"description\":\"Brussels Airlines han lanzado este martes su nueva clase 'Economy Plus' en sus vuelos intercontinentales, disponible en sus operaciones en \\u00c1frica, Estados Unidos o Canad\\u00e1 con un suplemento de 120 euros por trayecto, inform\\u00f3 la compa\\u00f1\\u00eda a\\u00e9rea. De esta forma, sus pasajeros tendr\\u00e1n la opci\\u00f3n de viajar en tres clases en vez de dos con\",\"inLanguage\":\"es-ES\",\"isPartOf\":{\"@id\":\"https:\\\/\\\/eldigitaldeasturias.com\\\/magazine365\\\/#website\"},\"breadcrumb\":{\"@id\":\"https:\\\/\\\/eldigitaldeasturias.com\\\/magazine365\\\/brussels-airlines-lanza-su-nueva-clase-economy-plus-en-vuelos-intercontinentales\\\/#breadcrumblist\"},\"author\":{\"@id\":\"https:\\\/\\\/eldigitaldeasturias.com\\\/magazine365\\\/author\\\/admin\\\/#author\"},\"creator\":{\"@id\":\"https:\\\/\\\/eldigitaldeasturias.com\\\/magazine365\\\/author\\\/admin\\\/#author\"},\"image\":{\"@type\":\"ImageObject\",\"url\":\"https:\\\/\\\/eldigitaldeasturias.com\\\/magazine365\\\/wp-content\\\/uploads\\\/2016\\\/06\\\/fotonoticia_20160621110118_800.jpg\",\"@id\":\"https:\\\/\\\/eldigitaldeasturias.com\\\/magazine365\\\/brussels-airlines-lanza-su-nueva-clase-economy-plus-en-vuelos-intercontinentales\\\/#mainImage\",\"width\":800,\"height\":534},\"primaryImageOfPage\":{\"@id\":\"https:\\\/\\\/eldigitaldeasturias.com\\\/magazine365\\\/brussels-airlines-lanza-su-nueva-clase-economy-plus-en-vuelos-intercontinentales\\\/#mainImage\"},\"datePublished\":\"2016-06-21T12:55:07+02:00\",\"dateModified\":\"2016-06-21T12:55:07+02:00\"},{\"@type\":\"WebSite\",\"@id\":\"https:\\\/\\\/eldigitaldeasturias.com\\\/magazine365\\\/#website\",\"url\":\"https:\\\/\\\/eldigitaldeasturias.com\\\/magazine365\\\/\",\"name\":\"El Digital de Asturias\",\"description\":\"Revista de ocio, turismo y estilo de vida\",\"inLanguage\":\"es-ES\",\"publisher\":{\"@id\":\"https:\\\/\\\/eldigitaldeasturias.com\\\/magazine365\\\/#organization\"}}]}\n\t\t<\/script>\n\t\t<!-- All in One SEO Pro -->\r\n\t\t<title>Brussels Airlines lanza su nueva clase \u2018Economy Plus\u2019 en vuelos intercontinentales | El Digital de Asturias<\/title>\n\n","aioseo_head_json":{"title":"Brussels Airlines lanza su nueva clase \u2018Economy Plus\u2019 en vuelos intercontinentales | El Digital de Asturias","description":"Brussels Airlines han lanzado este martes su nueva clase 'Economy Plus' en sus vuelos intercontinentales, disponible en sus operaciones en \u00c1frica, Estados Unidos o Canad\u00e1 con un suplemento de 120 euros por trayecto, inform\u00f3 la compa\u00f1\u00eda a\u00e9rea. De esta forma, sus pasajeros tendr\u00e1n la opci\u00f3n de viajar en tres clases en vez de dos con","canonical_url":"https:\/\/eldigitaldeasturias.com\/magazine365\/brussels-airlines-lanza-su-nueva-clase-economy-plus-en-vuelos-intercontinentales\/","robots":"max-image-preview:large","keywords":"noticias y actualidad","webmasterTools":{"google-site-verification":"UA-38556648-1","miscellaneous":""},"schema":{"@context":"https:\/\/schema.org","@graph":[{"@type":"Article","@id":"https:\/\/eldigitaldeasturias.com\/magazine365\/brussels-airlines-lanza-su-nueva-clase-economy-plus-en-vuelos-intercontinentales\/#article","name":"Brussels Airlines lanza su nueva clase \u2018Economy Plus\u2019 en vuelos intercontinentales | El Digital de Asturias","headline":"Brussels Airlines lanza su nueva clase &#8216;Economy Plus&#8217; en vuelos intercontinentales","author":{"@id":"https:\/\/eldigitaldeasturias.com\/magazine365\/author\/admin\/#author"},"publisher":{"@id":"https:\/\/eldigitaldeasturias.com\/magazine365\/#organization"},"image":{"@type":"ImageObject","url":"https:\/\/eldigitaldeasturias.com\/magazine365\/wp-content\/uploads\/2016\/06\/fotonoticia_20160621110118_800.jpg","width":800,"height":534},"datePublished":"2016-06-21T12:55:07+02:00","dateModified":"2016-06-21T12:55:07+02:00","inLanguage":"es-ES","mainEntityOfPage":{"@id":"https:\/\/eldigitaldeasturias.com\/magazine365\/brussels-airlines-lanza-su-nueva-clase-economy-plus-en-vuelos-intercontinentales\/#webpage"},"isPartOf":{"@id":"https:\/\/eldigitaldeasturias.com\/magazine365\/brussels-airlines-lanza-su-nueva-clase-economy-plus-en-vuelos-intercontinentales\/#webpage"},"articleSection":"Noticias y Actualidad"},{"@type":"BreadcrumbList","@id":"https:\/\/eldigitaldeasturias.com\/magazine365\/brussels-airlines-lanza-su-nueva-clase-economy-plus-en-vuelos-intercontinentales\/#breadcrumblist","itemListElement":[{"@type":"ListItem","@id":"https:\/\/eldigitaldeasturias.com\/magazine365#listItem","position":1,"name":"Home","item":"https:\/\/eldigitaldeasturias.com\/magazine365","nextItem":{"@type":"ListItem","@id":"https:\/\/eldigitaldeasturias.com\/magazine365\/category\/noticias-actualidad\/#listItem","name":"Noticias y Actualidad"}},{"@type":"ListItem","@id":"https:\/\/eldigitaldeasturias.com\/magazine365\/category\/noticias-actualidad\/#listItem","position":2,"name":"Noticias y Actualidad","item":"https:\/\/eldigitaldeasturias.com\/magazine365\/category\/noticias-actualidad\/","nextItem":{"@type":"ListItem","@id":"https:\/\/eldigitaldeasturias.com\/magazine365\/brussels-airlines-lanza-su-nueva-clase-economy-plus-en-vuelos-intercontinentales\/#listItem","name":"Brussels Airlines lanza su nueva clase &#8216;Economy Plus&#8217; en vuelos intercontinentales"},"previousItem":{"@type":"ListItem","@id":"https:\/\/eldigitaldeasturias.com\/magazine365#listItem","name":"Home"}},{"@type":"ListItem","@id":"https:\/\/eldigitaldeasturias.com\/magazine365\/brussels-airlines-lanza-su-nueva-clase-economy-plus-en-vuelos-intercontinentales\/#listItem","position":3,"name":"Brussels Airlines lanza su nueva clase &#8216;Economy Plus&#8217; en vuelos intercontinentales","previousItem":{"@type":"ListItem","@id":"https:\/\/eldigitaldeasturias.com\/magazine365\/category\/noticias-actualidad\/#listItem","name":"Noticias y Actualidad"}}]},{"@type":"Organization","@id":"https:\/\/eldigitaldeasturias.com\/magazine365\/#organization","name":"El digital de Asturias","description":"Revista de ocio, turismo y estilo de vida","url":"https:\/\/eldigitaldeasturias.com\/magazine365\/","logo":{"@type":"ImageObject","url":"https:\/\/www.eldigitaldeasturias.com\/noticias\/wp-content\/uploads\/2020\/12\/EDA.jpg","@id":"https:\/\/eldigitaldeasturias.com\/magazine365\/brussels-airlines-lanza-su-nueva-clase-economy-plus-en-vuelos-intercontinentales\/#organizationLogo"},"image":{"@id":"https:\/\/eldigitaldeasturias.com\/magazine365\/brussels-airlines-lanza-su-nueva-clase-economy-plus-en-vuelos-intercontinentales\/#organizationLogo"}},{"@type":"Person","@id":"https:\/\/eldigitaldeasturias.com\/magazine365\/author\/admin\/#author","url":"https:\/\/eldigitaldeasturias.com\/magazine365\/author\/admin\/","name":"admin","image":{"@type":"ImageObject","@id":"https:\/\/eldigitaldeasturias.com\/magazine365\/brussels-airlines-lanza-su-nueva-clase-economy-plus-en-vuelos-intercontinentales\/#authorImage","url":"https:\/\/eldigitaldeasturias.com\/magazine365\/wp-content\/litespeed\/avatar\/e571bcf59a0edd6fa6838245a470f2fe.jpg?ver=1776969259","width":96,"height":96,"caption":"admin"}},{"@type":"WebPage","@id":"https:\/\/eldigitaldeasturias.com\/magazine365\/brussels-airlines-lanza-su-nueva-clase-economy-plus-en-vuelos-intercontinentales\/#webpage","url":"https:\/\/eldigitaldeasturias.com\/magazine365\/brussels-airlines-lanza-su-nueva-clase-economy-plus-en-vuelos-intercontinentales\/","name":"Brussels Airlines lanza su nueva clase \u2018Economy Plus\u2019 en vuelos intercontinentales | El Digital de Asturias","description":"Brussels Airlines han lanzado este martes su nueva clase 'Economy Plus' en sus vuelos intercontinentales, disponible en sus operaciones en \u00c1frica, Estados Unidos o Canad\u00e1 con un suplemento de 120 euros por trayecto, inform\u00f3 la compa\u00f1\u00eda a\u00e9rea. De esta forma, sus pasajeros tendr\u00e1n la opci\u00f3n de viajar en tres clases en vez de dos con","inLanguage":"es-ES","isPartOf":{"@id":"https:\/\/eldigitaldeasturias.com\/magazine365\/#website"},"breadcrumb":{"@id":"https:\/\/eldigitaldeasturias.com\/magazine365\/brussels-airlines-lanza-su-nueva-clase-economy-plus-en-vuelos-intercontinentales\/#breadcrumblist"},"author":{"@id":"https:\/\/eldigitaldeasturias.com\/magazine365\/author\/admin\/#author"},"creator":{"@id":"https:\/\/eldigitaldeasturias.com\/magazine365\/author\/admin\/#author"},"image":{"@type":"ImageObject","url":"https:\/\/eldigitaldeasturias.com\/magazine365\/wp-content\/uploads\/2016\/06\/fotonoticia_20160621110118_800.jpg","@id":"https:\/\/eldigitaldeasturias.com\/magazine365\/brussels-airlines-lanza-su-nueva-clase-economy-plus-en-vuelos-intercontinentales\/#mainImage","width":800,"height":534},"primaryImageOfPage":{"@id":"https:\/\/eldigitaldeasturias.com\/magazine365\/brussels-airlines-lanza-su-nueva-clase-economy-plus-en-vuelos-intercontinentales\/#mainImage"},"datePublished":"2016-06-21T12:55:07+02:00","dateModified":"2016-06-21T12:55:07+02:00"},{"@type":"WebSite","@id":"https:\/\/eldigitaldeasturias.com\/magazine365\/#website","url":"https:\/\/eldigitaldeasturias.com\/magazine365\/","name":"El Digital de Asturias","description":"Revista de ocio, turismo y estilo de vida","inLanguage":"es-ES","publisher":{"@id":"https:\/\/eldigitaldeasturias.com\/magazine365\/#organization"}}]},"og:locale":"es_ES","og:site_name":"El Digital de Asturias \u2013 Revista de ocio, turismo y estilo de vida","og:type":"article","og:title":"Brussels Airlines lanza su nueva clase \u2018Economy Plus\u2019 en vuelos intercontinentales | El Digital de Asturias","og:description":"Brussels Airlines han lanzado este martes su nueva clase 'Economy Plus' en sus vuelos intercontinentales, disponible en sus operaciones en \u00c1frica, Estados Unidos o Canad\u00e1 con un suplemento de 120 euros por trayecto, inform\u00f3 la compa\u00f1\u00eda a\u00e9rea. De esta forma, sus pasajeros tendr\u00e1n la opci\u00f3n de viajar en tres clases en vez de dos con","og:url":"https:\/\/eldigitaldeasturias.com\/magazine365\/brussels-airlines-lanza-su-nueva-clase-economy-plus-en-vuelos-intercontinentales\/","og:image":"https:\/\/eldigitaldeasturias.com\/magazine365\/wp-content\/uploads\/2016\/06\/fotonoticia_20160621110118_800.jpg","og:image:secure_url":"https:\/\/eldigitaldeasturias.com\/magazine365\/wp-content\/uploads\/2016\/06\/fotonoticia_20160621110118_800.jpg","og:image:width":800,"og:image:height":534,"article:published_time":"2016-06-21T10:55:07+00:00","article:modified_time":"2016-06-21T10:55:07+00:00","twitter:card":"summary_large_image","twitter:title":"Brussels Airlines lanza su nueva clase \u2018Economy Plus\u2019 en vuelos intercontinentales | El Digital de Asturias","twitter:description":"Brussels Airlines han lanzado este martes su nueva clase 'Economy Plus' en sus vuelos intercontinentales, disponible en sus operaciones en \u00c1frica, Estados Unidos o Canad\u00e1 con un suplemento de 120 euros por trayecto, inform\u00f3 la compa\u00f1\u00eda a\u00e9rea. De esta forma, sus pasajeros tendr\u00e1n la opci\u00f3n de viajar en tres clases en vez de dos con","twitter:image":"https:\/\/eldigitaldeasturias.com\/magazine365\/wp-content\/uploads\/2016\/06\/fotonoticia_20160621110118_800.jpg"},"aioseo_meta_data":{"post_id":"80311","title":null,"description":null,"keywords":null,"keyphrases":null,"primary_term":null,"canonical_url":null,"og_title":null,"og_description":null,"og_object_type":"default","og_image_type":"default","og_image_url":null,"og_image_width":null,"og_image_height":null,"og_image_custom_url":null,"og_image_custom_fields":null,"og_video":null,"og_custom_url":null,"og_article_section":null,"og_article_tags":null,"twitter_use_og":false,"twitter_card":"default","twitter_image_type":"default","twitter_image_url":null,"twitter_image_custom_url":null,"twitter_image_custom_fields":null,"twitter_title":null,"twitter_description":null,"schema":{"blockGraphs":[],"customGraphs":[],"default":{"data":{"Article":[],"Course":[],"Dataset":[],"FAQPage":[],"Movie":[],"Person":[],"Product":[],"ProductReview":[],"Car":[],"Recipe":[],"Service":[],"SoftwareApplication":[],"WebPage":[]},"graphName":"","isEnabled":true},"graphs":[],"defaultGraph":"","defaultPostTypeGraph":""},"schema_type":null,"schema_type_options":null,"pillar_content":false,"robots_default":true,"robots_noindex":false,"robots_noarchive":false,"robots_nosnippet":false,"robots_nofollow":false,"robots_noimageindex":false,"robots_noodp":false,"robots_notranslate":false,"robots_max_snippet":null,"robots_max_videopreview":null,"robots_max_imagepreview":"large","priority":null,"frequency":null,"location":null,"local_seo":null,"seo_analyzer_scan_date":"2025-09-27 20:36:05","breadcrumb_settings":null,"limit_modified_date":false,"open_ai":null,"ai":null,"created":"2021-03-08 17:34:42","updated":"2025-09-27 20:36:05"},"aioseo_breadcrumb":"<div class=\"aioseo-breadcrumbs\"><span class=\"aioseo-breadcrumb\">\n\t<a href=\"https:\/\/eldigitaldeasturias.com\/magazine365\" title=\"Home\">Home<\/a>\n<\/span><span class=\"aioseo-breadcrumb-separator\">\u2013<\/span><span class=\"aioseo-breadcrumb\">\n\t<a href=\"https:\/\/eldigitaldeasturias.com\/magazine365\/category\/noticias-actualidad\/\" title=\"Noticias y Actualidad\">Noticias y Actualidad<\/a>\n<\/span><span class=\"aioseo-breadcrumb-separator\">\u2013<\/span><span class=\"aioseo-breadcrumb\">\n\t<a href=\"https:\/\/eldigitaldeasturias.com\/magazine365\/brussels-airlines-lanza-su-nueva-clase-economy-plus-en-vuelos-intercontinentales\/\" title=\"Brussels Airlines lanza su nueva clase \u2018Economy Plus\u2019 en vuelos intercontinentales\">Brussels Airlines lanza su nueva clase \u2018Economy Plus\u2019 en vuelos intercontinentales<\/a>\n<\/span><\/div>","aioseo_breadcrumb_json":[{"label":"Home","link":"https:\/\/eldigitaldeasturias.com\/magazine365"},{"label":"Noticias y Actualidad","link":"https:\/\/eldigitaldeasturias.com\/magazine365\/category\/noticias-actualidad\/"},{"label":"Brussels Airlines lanza su nueva clase &#8216;Economy Plus&#8217; en vuelos intercontinentales","link":"https:\/\/eldigitaldeasturias.com\/magazine365\/brussels-airlines-lanza-su-nueva-clase-economy-plus-en-vuelos-intercontinentales\/"}],"_links":{"self":[{"href":"https:\/\/eldigitaldeasturias.com\/magazine365\/wp-json\/wp\/v2\/posts\/80311","targetHints":{"allow":["GET"]}}],"collection":[{"href":"https:\/\/eldigitaldeasturias.com\/magazine365\/wp-json\/wp\/v2\/posts"}],"about":[{"href":"https:\/\/eldigitaldeasturias.com\/magazine365\/wp-json\/wp\/v2\/types\/post"}],"author":[{"embeddable":true,"href":"https:\/\/eldigitaldeasturias.com\/magazine365\/wp-json\/wp\/v2\/users\/1"}],"replies":[{"embeddable":true,"href":"https:\/\/eldigitaldeasturias.com\/magazine365\/wp-json\/wp\/v2\/comments?post=80311"}],"version-history":[{"count":0,"href":"https:\/\/eldigitaldeasturias.com\/magazine365\/wp-json\/wp\/v2\/posts\/80311\/revisions"}],"wp:featuredmedia":[{"embeddable":true,"href":"https:\/\/eldigitaldeasturias.com\/magazine365\/wp-json\/wp\/v2\/media\/80313"}],"wp:attachment":[{"href":"https:\/\/eldigitaldeasturias.com\/magazine365\/wp-json\/wp\/v2\/media?parent=80311"}],"wp:term":[{"taxonomy":"category","embeddable":true,"href":"https:\/\/eldigitaldeasturias.com\/magazine365\/wp-json\/wp\/v2\/categories?post=80311"},{"taxonomy":"post_tag","embeddable":true,"href":"https:\/\/eldigitaldeasturias.com\/magazine365\/wp-json\/wp\/v2\/tags?post=80311"}],"curies":[{"name":"wp","href":"https:\/\/api.w.org\/{rel}","templated":true}]}}