{"id":80303,"date":"2016-06-21T11:52:44","date_gmt":"2016-06-21T09:52:44","guid":{"rendered":"http:\/\/eldigitaldeasturias.com\/magazine365\/?p=80303"},"modified":"2016-06-21T11:52:44","modified_gmt":"2016-06-21T09:52:44","slug":"sendaviva-propone-este-verano-a-sus-visitantes-su-particular-vuelta-al-mundo-en-80-dias","status":"publish","type":"post","link":"https:\/\/eldigitaldeasturias.com\/magazine365\/sendaviva-propone-este-verano-a-sus-visitantes-su-particular-vuelta-al-mundo-en-80-dias\/","title":{"rendered":"Sendaviva propone este verano a sus visitantes su particular &#8216;Vuelta al mundo en 80 d\u00edas&#8217;"},"content":{"rendered":"<p><img fetchpriority=\"high\" decoding=\"async\" class=\"alignleft size-medium wp-image-80304\" src=\"https:\/\/eldigitaldeasturias.com\/magazine365\/wp-content\/uploads\/2016\/06\/fotonoticia_20160621101420_800-360x239.jpg\" alt=\"fotonoticia_20160621101420_800\" width=\"360\" height=\"239\" \/>El parque Sendaviva vivir\u00e1 durante este verano su particular &#8216;Vuelta al mundo en 80 d\u00edas&#8217;. El parque se transformar\u00e1 con una ambientaci\u00f3n \u00abmuy especial\u00bb, que permitir\u00e1 a los visitantes \u00abrecorrer todo el planeta durante su visita, al igual que hiciese en la obra de Julio Verne el aventurero brit\u00e1nico Phileas Fogg\u00bb.<\/p>\n<p>Durante 66 d\u00edas seguidos (del 1 de julio al 4 de septiembre) y con ampliaci\u00f3n de horario (de 11 a 23 horas), los visitantes podr\u00e1n recorrer los cinco continentes y recrear paseos en elefante por el Taj Mahal, navegar en canoa por un canal de China, viajar en globo o posar frente a la Estatua de la Libertad en Nueva York.<\/p>\n<p>Adem\u00e1s, durante el verano, a la oferta habitual del parque con atracciones, espect\u00e1culos y animales, se sumar\u00e1 un renovado espect\u00e1culo nocturno que narrar\u00e1 una singular historia sobre un maestro juguetero que consigue dar vida a sus mu\u00f1ecos y juguetes, quienes vivir\u00e1n sorprendentes aventuras, con muchas acrobacias, malabares y, sobre todo, mucho humor en la carpa del Circo desde las 21.45 horas.<\/p>\n<p>Asimismo, ofrecer\u00e1 juegos relacionados con la novela de Julio Verne y contar\u00e1 con distintos personajes del libro paseando por las distintas zonas del parque y fotografi\u00e1ndose con los visitantes, ha explicado Sendaviva en un comunicado.<\/p>\n<p>El parque de Arguedas mantendr\u00e1 durante el verano los precios de toda la temporada. As\u00ed, el precio de las entradas de adultos (mayores de 12 a\u00f1os) es de 28 euros, 21 euros las de ni\u00f1os de 5 a 11 a\u00f1os y gratis las de los menores de 5 a\u00f1os.<\/p>\n<p>Todas aquellas personas que adquieran su entrada en la nueva web del parque (<a href=\"http:\/\/www.sendaviva.com\/\" target=\"_blank\">www.sendaviva.com<\/a>) se beneficiar\u00e1n de un descuento de 5 euros en cada entrada (en todas las opciones de venta existentes en la web). En este caso, el precio para adultos a trav\u00e9s de la web es de 23 euros, mientras que la entrada de los ni\u00f1os (de 5 a 11 a\u00f1os) ser\u00e1 de 16 euros.<\/p>\n<p>Adem\u00e1s, del 1 de julio al 4 de septiembre, el parque dispone de una promoci\u00f3n especial. As\u00ed, desde 47 euros un adulto podr\u00e1 disfrutar de una noche de hotel, dos d\u00edas de entrada a Sendaviva y, de regalo, podr\u00e1 participar en la actividad interactiva con animales &#8216;Mundo Zoorprendente&#8217;. Para poder beneficiarse de la promoci\u00f3n, debe adquirirla desde la nueva web del parque (<a href=\"http:\/\/www.sendaviva.com\/\" target=\"_blank\">www.sendaviva.com<\/a>), a trav\u00e9s de SendavivaViajes o desde su agencia de viajes habitual.<\/p>\n","protected":false},"excerpt":{"rendered":"<p>El parque Sendaviva vivir\u00e1 durante este verano su particular &#8216;Vuelta al mundo en 80 d\u00edas&#8217;. El parque se transformar\u00e1 con una ambientaci\u00f3n \u00abmuy especial\u00bb, que permitir\u00e1 a los visitantes \u00abrecorrer todo el planeta durante su visita, al igual que hiciese en la obra de Julio Verne el aventurero brit\u00e1nico Phileas Fogg\u00bb. Durante 66 d\u00edas seguidos<\/p>\n","protected":false},"author":1,"featured_media":80305,"comment_status":"open","ping_status":"closed","sticky":false,"template":"","format":"standard","meta":{"footnotes":""},"categories":[224],"tags":[],"class_list":{"0":"post-80303","1":"post","2":"type-post","3":"status-publish","4":"format-standard","5":"has-post-thumbnail","7":"category-noticias-actualidad"},"aioseo_notices":[],"aioseo_head":"\n\t\t<!-- All in One SEO Pro 4.9.6.1 - aioseo.com -->\n\t<meta name=\"description\" content=\"El parque Sendaviva vivir\u00e1 durante este verano su particular &#039;Vuelta al mundo en 80 d\u00edas&#039;. El parque se transformar\u00e1 con una ambientaci\u00f3n &quot;muy especial&quot;, que permitir\u00e1 a los visitantes &quot;recorrer todo el planeta durante su visita, al igual que hiciese en la obra de Julio Verne el aventurero brit\u00e1nico Phileas Fogg&quot;. Durante 66 d\u00edas seguidos\" \/>\n\t<meta name=\"robots\" content=\"max-image-preview:large\" \/>\n\t<meta name=\"author\" content=\"admin\"\/>\n\t<meta name=\"google-site-verification\" content=\"UA-38556648-1\" \/>\n\t<meta name=\"keywords\" content=\"noticias y actualidad\" \/>\n\t<link rel=\"canonical\" href=\"https:\/\/eldigitaldeasturias.com\/magazine365\/sendaviva-propone-este-verano-a-sus-visitantes-su-particular-vuelta-al-mundo-en-80-dias\/\" \/>\n\t<meta name=\"generator\" content=\"All in One SEO Pro (AIOSEO) 4.9.6.1\" \/>\n\t\t<meta property=\"og:locale\" content=\"es_ES\" \/>\n\t\t<meta property=\"og:site_name\" content=\"El Digital de Asturias \u2013 Revista de ocio, turismo y estilo de vida\" \/>\n\t\t<meta property=\"og:type\" content=\"article\" \/>\n\t\t<meta property=\"og:title\" content=\"Sendaviva propone este verano a sus visitantes su particular \u2018Vuelta al mundo en 80 d\u00edas\u2019 | El Digital de Asturias\" \/>\n\t\t<meta property=\"og:description\" content=\"El parque Sendaviva vivir\u00e1 durante este verano su particular &#039;Vuelta al mundo en 80 d\u00edas&#039;. El parque se transformar\u00e1 con una ambientaci\u00f3n &quot;muy especial&quot;, que permitir\u00e1 a los visitantes &quot;recorrer todo el planeta durante su visita, al igual que hiciese en la obra de Julio Verne el aventurero brit\u00e1nico Phileas Fogg&quot;. Durante 66 d\u00edas seguidos\" \/>\n\t\t<meta property=\"og:url\" content=\"https:\/\/eldigitaldeasturias.com\/magazine365\/sendaviva-propone-este-verano-a-sus-visitantes-su-particular-vuelta-al-mundo-en-80-dias\/\" \/>\n\t\t<meta property=\"og:image\" content=\"https:\/\/eldigitaldeasturias.com\/magazine365\/wp-content\/uploads\/2016\/06\/fotonoticia_20160621101420_800-1.jpg\" \/>\n\t\t<meta property=\"og:image:secure_url\" content=\"https:\/\/eldigitaldeasturias.com\/magazine365\/wp-content\/uploads\/2016\/06\/fotonoticia_20160621101420_800-1.jpg\" \/>\n\t\t<meta property=\"og:image:width\" content=\"800\" \/>\n\t\t<meta property=\"og:image:height\" content=\"532\" \/>\n\t\t<meta property=\"article:published_time\" content=\"2016-06-21T09:52:44+00:00\" \/>\n\t\t<meta property=\"article:modified_time\" content=\"2016-06-21T09:52:44+00:00\" \/>\n\t\t<meta name=\"twitter:card\" content=\"summary_large_image\" \/>\n\t\t<meta name=\"twitter:title\" content=\"Sendaviva propone este verano a sus visitantes su particular \u2018Vuelta al mundo en 80 d\u00edas\u2019 | El Digital de Asturias\" \/>\n\t\t<meta name=\"twitter:description\" content=\"El parque Sendaviva vivir\u00e1 durante este verano su particular &#039;Vuelta al mundo en 80 d\u00edas&#039;. El parque se transformar\u00e1 con una ambientaci\u00f3n &quot;muy especial&quot;, que permitir\u00e1 a los visitantes &quot;recorrer todo el planeta durante su visita, al igual que hiciese en la obra de Julio Verne el aventurero brit\u00e1nico Phileas Fogg&quot;. Durante 66 d\u00edas seguidos\" \/>\n\t\t<meta name=\"twitter:image\" content=\"https:\/\/eldigitaldeasturias.com\/magazine365\/wp-content\/uploads\/2016\/06\/fotonoticia_20160621101420_800-1.jpg\" \/>\n\t\t<script type=\"application\/ld+json\" class=\"aioseo-schema\">\n\t\t\t{\"@context\":\"https:\\\/\\\/schema.org\",\"@graph\":[{\"@type\":\"Article\",\"@id\":\"https:\\\/\\\/eldigitaldeasturias.com\\\/magazine365\\\/sendaviva-propone-este-verano-a-sus-visitantes-su-particular-vuelta-al-mundo-en-80-dias\\\/#article\",\"name\":\"Sendaviva propone este verano a sus visitantes su particular \\u2018Vuelta al mundo en 80 d\\u00edas\\u2019 | El Digital de Asturias\",\"headline\":\"Sendaviva propone este verano a sus visitantes su particular &#8216;Vuelta al mundo en 80 d\\u00edas&#8217;\",\"author\":{\"@id\":\"https:\\\/\\\/eldigitaldeasturias.com\\\/magazine365\\\/author\\\/admin\\\/#author\"},\"publisher\":{\"@id\":\"https:\\\/\\\/eldigitaldeasturias.com\\\/magazine365\\\/#organization\"},\"image\":{\"@type\":\"ImageObject\",\"url\":\"https:\\\/\\\/eldigitaldeasturias.com\\\/magazine365\\\/wp-content\\\/uploads\\\/2016\\\/06\\\/fotonoticia_20160621101420_800-1.jpg\",\"width\":800,\"height\":532},\"datePublished\":\"2016-06-21T11:52:44+02:00\",\"dateModified\":\"2016-06-21T11:52:44+02:00\",\"inLanguage\":\"es-ES\",\"mainEntityOfPage\":{\"@id\":\"https:\\\/\\\/eldigitaldeasturias.com\\\/magazine365\\\/sendaviva-propone-este-verano-a-sus-visitantes-su-particular-vuelta-al-mundo-en-80-dias\\\/#webpage\"},\"isPartOf\":{\"@id\":\"https:\\\/\\\/eldigitaldeasturias.com\\\/magazine365\\\/sendaviva-propone-este-verano-a-sus-visitantes-su-particular-vuelta-al-mundo-en-80-dias\\\/#webpage\"},\"articleSection\":\"Noticias y Actualidad\"},{\"@type\":\"BreadcrumbList\",\"@id\":\"https:\\\/\\\/eldigitaldeasturias.com\\\/magazine365\\\/sendaviva-propone-este-verano-a-sus-visitantes-su-particular-vuelta-al-mundo-en-80-dias\\\/#breadcrumblist\",\"itemListElement\":[{\"@type\":\"ListItem\",\"@id\":\"https:\\\/\\\/eldigitaldeasturias.com\\\/magazine365#listItem\",\"position\":1,\"name\":\"Home\",\"item\":\"https:\\\/\\\/eldigitaldeasturias.com\\\/magazine365\",\"nextItem\":{\"@type\":\"ListItem\",\"@id\":\"https:\\\/\\\/eldigitaldeasturias.com\\\/magazine365\\\/category\\\/noticias-actualidad\\\/#listItem\",\"name\":\"Noticias y Actualidad\"}},{\"@type\":\"ListItem\",\"@id\":\"https:\\\/\\\/eldigitaldeasturias.com\\\/magazine365\\\/category\\\/noticias-actualidad\\\/#listItem\",\"position\":2,\"name\":\"Noticias y Actualidad\",\"item\":\"https:\\\/\\\/eldigitaldeasturias.com\\\/magazine365\\\/category\\\/noticias-actualidad\\\/\",\"nextItem\":{\"@type\":\"ListItem\",\"@id\":\"https:\\\/\\\/eldigitaldeasturias.com\\\/magazine365\\\/sendaviva-propone-este-verano-a-sus-visitantes-su-particular-vuelta-al-mundo-en-80-dias\\\/#listItem\",\"name\":\"Sendaviva propone este verano a sus visitantes su particular &#8216;Vuelta al mundo en 80 d\\u00edas&#8217;\"},\"previousItem\":{\"@type\":\"ListItem\",\"@id\":\"https:\\\/\\\/eldigitaldeasturias.com\\\/magazine365#listItem\",\"name\":\"Home\"}},{\"@type\":\"ListItem\",\"@id\":\"https:\\\/\\\/eldigitaldeasturias.com\\\/magazine365\\\/sendaviva-propone-este-verano-a-sus-visitantes-su-particular-vuelta-al-mundo-en-80-dias\\\/#listItem\",\"position\":3,\"name\":\"Sendaviva propone este verano a sus visitantes su particular &#8216;Vuelta al mundo en 80 d\\u00edas&#8217;\",\"previousItem\":{\"@type\":\"ListItem\",\"@id\":\"https:\\\/\\\/eldigitaldeasturias.com\\\/magazine365\\\/category\\\/noticias-actualidad\\\/#listItem\",\"name\":\"Noticias y Actualidad\"}}]},{\"@type\":\"Organization\",\"@id\":\"https:\\\/\\\/eldigitaldeasturias.com\\\/magazine365\\\/#organization\",\"name\":\"El digital de Asturias\",\"description\":\"Revista de ocio, turismo y estilo de vida\",\"url\":\"https:\\\/\\\/eldigitaldeasturias.com\\\/magazine365\\\/\",\"logo\":{\"@type\":\"ImageObject\",\"url\":\"https:\\\/\\\/www.eldigitaldeasturias.com\\\/noticias\\\/wp-content\\\/uploads\\\/2020\\\/12\\\/EDA.jpg\",\"@id\":\"https:\\\/\\\/eldigitaldeasturias.com\\\/magazine365\\\/sendaviva-propone-este-verano-a-sus-visitantes-su-particular-vuelta-al-mundo-en-80-dias\\\/#organizationLogo\"},\"image\":{\"@id\":\"https:\\\/\\\/eldigitaldeasturias.com\\\/magazine365\\\/sendaviva-propone-este-verano-a-sus-visitantes-su-particular-vuelta-al-mundo-en-80-dias\\\/#organizationLogo\"}},{\"@type\":\"Person\",\"@id\":\"https:\\\/\\\/eldigitaldeasturias.com\\\/magazine365\\\/author\\\/admin\\\/#author\",\"url\":\"https:\\\/\\\/eldigitaldeasturias.com\\\/magazine365\\\/author\\\/admin\\\/\",\"name\":\"admin\",\"image\":{\"@type\":\"ImageObject\",\"@id\":\"https:\\\/\\\/eldigitaldeasturias.com\\\/magazine365\\\/sendaviva-propone-este-verano-a-sus-visitantes-su-particular-vuelta-al-mundo-en-80-dias\\\/#authorImage\",\"url\":\"https:\\\/\\\/eldigitaldeasturias.com\\\/magazine365\\\/wp-content\\\/litespeed\\\/avatar\\\/e571bcf59a0edd6fa6838245a470f2fe.jpg?ver=1776969259\",\"width\":96,\"height\":96,\"caption\":\"admin\"}},{\"@type\":\"WebPage\",\"@id\":\"https:\\\/\\\/eldigitaldeasturias.com\\\/magazine365\\\/sendaviva-propone-este-verano-a-sus-visitantes-su-particular-vuelta-al-mundo-en-80-dias\\\/#webpage\",\"url\":\"https:\\\/\\\/eldigitaldeasturias.com\\\/magazine365\\\/sendaviva-propone-este-verano-a-sus-visitantes-su-particular-vuelta-al-mundo-en-80-dias\\\/\",\"name\":\"Sendaviva propone este verano a sus visitantes su particular \\u2018Vuelta al mundo en 80 d\\u00edas\\u2019 | El Digital de Asturias\",\"description\":\"El parque Sendaviva vivir\\u00e1 durante este verano su particular 'Vuelta al mundo en 80 d\\u00edas'. El parque se transformar\\u00e1 con una ambientaci\\u00f3n \\\"muy especial\\\", que permitir\\u00e1 a los visitantes \\\"recorrer todo el planeta durante su visita, al igual que hiciese en la obra de Julio Verne el aventurero brit\\u00e1nico Phileas Fogg\\\". Durante 66 d\\u00edas seguidos\",\"inLanguage\":\"es-ES\",\"isPartOf\":{\"@id\":\"https:\\\/\\\/eldigitaldeasturias.com\\\/magazine365\\\/#website\"},\"breadcrumb\":{\"@id\":\"https:\\\/\\\/eldigitaldeasturias.com\\\/magazine365\\\/sendaviva-propone-este-verano-a-sus-visitantes-su-particular-vuelta-al-mundo-en-80-dias\\\/#breadcrumblist\"},\"author\":{\"@id\":\"https:\\\/\\\/eldigitaldeasturias.com\\\/magazine365\\\/author\\\/admin\\\/#author\"},\"creator\":{\"@id\":\"https:\\\/\\\/eldigitaldeasturias.com\\\/magazine365\\\/author\\\/admin\\\/#author\"},\"image\":{\"@type\":\"ImageObject\",\"url\":\"https:\\\/\\\/eldigitaldeasturias.com\\\/magazine365\\\/wp-content\\\/uploads\\\/2016\\\/06\\\/fotonoticia_20160621101420_800-1.jpg\",\"@id\":\"https:\\\/\\\/eldigitaldeasturias.com\\\/magazine365\\\/sendaviva-propone-este-verano-a-sus-visitantes-su-particular-vuelta-al-mundo-en-80-dias\\\/#mainImage\",\"width\":800,\"height\":532},\"primaryImageOfPage\":{\"@id\":\"https:\\\/\\\/eldigitaldeasturias.com\\\/magazine365\\\/sendaviva-propone-este-verano-a-sus-visitantes-su-particular-vuelta-al-mundo-en-80-dias\\\/#mainImage\"},\"datePublished\":\"2016-06-21T11:52:44+02:00\",\"dateModified\":\"2016-06-21T11:52:44+02:00\"},{\"@type\":\"WebSite\",\"@id\":\"https:\\\/\\\/eldigitaldeasturias.com\\\/magazine365\\\/#website\",\"url\":\"https:\\\/\\\/eldigitaldeasturias.com\\\/magazine365\\\/\",\"name\":\"El Digital de Asturias\",\"description\":\"Revista de ocio, turismo y estilo de vida\",\"inLanguage\":\"es-ES\",\"publisher\":{\"@id\":\"https:\\\/\\\/eldigitaldeasturias.com\\\/magazine365\\\/#organization\"}}]}\n\t\t<\/script>\n\t\t<!-- All in One SEO Pro -->\r\n\t\t<title>Sendaviva propone este verano a sus visitantes su particular \u2018Vuelta al mundo en 80 d\u00edas\u2019 | El Digital de Asturias<\/title>\n\n","aioseo_head_json":{"title":"Sendaviva propone este verano a sus visitantes su particular \u2018Vuelta al mundo en 80 d\u00edas\u2019 | El Digital de Asturias","description":"El parque Sendaviva vivir\u00e1 durante este verano su particular 'Vuelta al mundo en 80 d\u00edas'. El parque se transformar\u00e1 con una ambientaci\u00f3n \"muy especial\", que permitir\u00e1 a los visitantes \"recorrer todo el planeta durante su visita, al igual que hiciese en la obra de Julio Verne el aventurero brit\u00e1nico Phileas Fogg\". Durante 66 d\u00edas seguidos","canonical_url":"https:\/\/eldigitaldeasturias.com\/magazine365\/sendaviva-propone-este-verano-a-sus-visitantes-su-particular-vuelta-al-mundo-en-80-dias\/","robots":"max-image-preview:large","keywords":"noticias y actualidad","webmasterTools":{"google-site-verification":"UA-38556648-1","miscellaneous":""},"schema":{"@context":"https:\/\/schema.org","@graph":[{"@type":"Article","@id":"https:\/\/eldigitaldeasturias.com\/magazine365\/sendaviva-propone-este-verano-a-sus-visitantes-su-particular-vuelta-al-mundo-en-80-dias\/#article","name":"Sendaviva propone este verano a sus visitantes su particular \u2018Vuelta al mundo en 80 d\u00edas\u2019 | El Digital de Asturias","headline":"Sendaviva propone este verano a sus visitantes su particular &#8216;Vuelta al mundo en 80 d\u00edas&#8217;","author":{"@id":"https:\/\/eldigitaldeasturias.com\/magazine365\/author\/admin\/#author"},"publisher":{"@id":"https:\/\/eldigitaldeasturias.com\/magazine365\/#organization"},"image":{"@type":"ImageObject","url":"https:\/\/eldigitaldeasturias.com\/magazine365\/wp-content\/uploads\/2016\/06\/fotonoticia_20160621101420_800-1.jpg","width":800,"height":532},"datePublished":"2016-06-21T11:52:44+02:00","dateModified":"2016-06-21T11:52:44+02:00","inLanguage":"es-ES","mainEntityOfPage":{"@id":"https:\/\/eldigitaldeasturias.com\/magazine365\/sendaviva-propone-este-verano-a-sus-visitantes-su-particular-vuelta-al-mundo-en-80-dias\/#webpage"},"isPartOf":{"@id":"https:\/\/eldigitaldeasturias.com\/magazine365\/sendaviva-propone-este-verano-a-sus-visitantes-su-particular-vuelta-al-mundo-en-80-dias\/#webpage"},"articleSection":"Noticias y Actualidad"},{"@type":"BreadcrumbList","@id":"https:\/\/eldigitaldeasturias.com\/magazine365\/sendaviva-propone-este-verano-a-sus-visitantes-su-particular-vuelta-al-mundo-en-80-dias\/#breadcrumblist","itemListElement":[{"@type":"ListItem","@id":"https:\/\/eldigitaldeasturias.com\/magazine365#listItem","position":1,"name":"Home","item":"https:\/\/eldigitaldeasturias.com\/magazine365","nextItem":{"@type":"ListItem","@id":"https:\/\/eldigitaldeasturias.com\/magazine365\/category\/noticias-actualidad\/#listItem","name":"Noticias y Actualidad"}},{"@type":"ListItem","@id":"https:\/\/eldigitaldeasturias.com\/magazine365\/category\/noticias-actualidad\/#listItem","position":2,"name":"Noticias y Actualidad","item":"https:\/\/eldigitaldeasturias.com\/magazine365\/category\/noticias-actualidad\/","nextItem":{"@type":"ListItem","@id":"https:\/\/eldigitaldeasturias.com\/magazine365\/sendaviva-propone-este-verano-a-sus-visitantes-su-particular-vuelta-al-mundo-en-80-dias\/#listItem","name":"Sendaviva propone este verano a sus visitantes su particular &#8216;Vuelta al mundo en 80 d\u00edas&#8217;"},"previousItem":{"@type":"ListItem","@id":"https:\/\/eldigitaldeasturias.com\/magazine365#listItem","name":"Home"}},{"@type":"ListItem","@id":"https:\/\/eldigitaldeasturias.com\/magazine365\/sendaviva-propone-este-verano-a-sus-visitantes-su-particular-vuelta-al-mundo-en-80-dias\/#listItem","position":3,"name":"Sendaviva propone este verano a sus visitantes su particular &#8216;Vuelta al mundo en 80 d\u00edas&#8217;","previousItem":{"@type":"ListItem","@id":"https:\/\/eldigitaldeasturias.com\/magazine365\/category\/noticias-actualidad\/#listItem","name":"Noticias y Actualidad"}}]},{"@type":"Organization","@id":"https:\/\/eldigitaldeasturias.com\/magazine365\/#organization","name":"El digital de Asturias","description":"Revista de ocio, turismo y estilo de vida","url":"https:\/\/eldigitaldeasturias.com\/magazine365\/","logo":{"@type":"ImageObject","url":"https:\/\/www.eldigitaldeasturias.com\/noticias\/wp-content\/uploads\/2020\/12\/EDA.jpg","@id":"https:\/\/eldigitaldeasturias.com\/magazine365\/sendaviva-propone-este-verano-a-sus-visitantes-su-particular-vuelta-al-mundo-en-80-dias\/#organizationLogo"},"image":{"@id":"https:\/\/eldigitaldeasturias.com\/magazine365\/sendaviva-propone-este-verano-a-sus-visitantes-su-particular-vuelta-al-mundo-en-80-dias\/#organizationLogo"}},{"@type":"Person","@id":"https:\/\/eldigitaldeasturias.com\/magazine365\/author\/admin\/#author","url":"https:\/\/eldigitaldeasturias.com\/magazine365\/author\/admin\/","name":"admin","image":{"@type":"ImageObject","@id":"https:\/\/eldigitaldeasturias.com\/magazine365\/sendaviva-propone-este-verano-a-sus-visitantes-su-particular-vuelta-al-mundo-en-80-dias\/#authorImage","url":"https:\/\/eldigitaldeasturias.com\/magazine365\/wp-content\/litespeed\/avatar\/e571bcf59a0edd6fa6838245a470f2fe.jpg?ver=1776969259","width":96,"height":96,"caption":"admin"}},{"@type":"WebPage","@id":"https:\/\/eldigitaldeasturias.com\/magazine365\/sendaviva-propone-este-verano-a-sus-visitantes-su-particular-vuelta-al-mundo-en-80-dias\/#webpage","url":"https:\/\/eldigitaldeasturias.com\/magazine365\/sendaviva-propone-este-verano-a-sus-visitantes-su-particular-vuelta-al-mundo-en-80-dias\/","name":"Sendaviva propone este verano a sus visitantes su particular \u2018Vuelta al mundo en 80 d\u00edas\u2019 | El Digital de Asturias","description":"El parque Sendaviva vivir\u00e1 durante este verano su particular 'Vuelta al mundo en 80 d\u00edas'. El parque se transformar\u00e1 con una ambientaci\u00f3n \"muy especial\", que permitir\u00e1 a los visitantes \"recorrer todo el planeta durante su visita, al igual que hiciese en la obra de Julio Verne el aventurero brit\u00e1nico Phileas Fogg\". Durante 66 d\u00edas seguidos","inLanguage":"es-ES","isPartOf":{"@id":"https:\/\/eldigitaldeasturias.com\/magazine365\/#website"},"breadcrumb":{"@id":"https:\/\/eldigitaldeasturias.com\/magazine365\/sendaviva-propone-este-verano-a-sus-visitantes-su-particular-vuelta-al-mundo-en-80-dias\/#breadcrumblist"},"author":{"@id":"https:\/\/eldigitaldeasturias.com\/magazine365\/author\/admin\/#author"},"creator":{"@id":"https:\/\/eldigitaldeasturias.com\/magazine365\/author\/admin\/#author"},"image":{"@type":"ImageObject","url":"https:\/\/eldigitaldeasturias.com\/magazine365\/wp-content\/uploads\/2016\/06\/fotonoticia_20160621101420_800-1.jpg","@id":"https:\/\/eldigitaldeasturias.com\/magazine365\/sendaviva-propone-este-verano-a-sus-visitantes-su-particular-vuelta-al-mundo-en-80-dias\/#mainImage","width":800,"height":532},"primaryImageOfPage":{"@id":"https:\/\/eldigitaldeasturias.com\/magazine365\/sendaviva-propone-este-verano-a-sus-visitantes-su-particular-vuelta-al-mundo-en-80-dias\/#mainImage"},"datePublished":"2016-06-21T11:52:44+02:00","dateModified":"2016-06-21T11:52:44+02:00"},{"@type":"WebSite","@id":"https:\/\/eldigitaldeasturias.com\/magazine365\/#website","url":"https:\/\/eldigitaldeasturias.com\/magazine365\/","name":"El Digital de Asturias","description":"Revista de ocio, turismo y estilo de vida","inLanguage":"es-ES","publisher":{"@id":"https:\/\/eldigitaldeasturias.com\/magazine365\/#organization"}}]},"og:locale":"es_ES","og:site_name":"El Digital de Asturias \u2013 Revista de ocio, turismo y estilo de vida","og:type":"article","og:title":"Sendaviva propone este verano a sus visitantes su particular \u2018Vuelta al mundo en 80 d\u00edas\u2019 | El Digital de Asturias","og:description":"El parque Sendaviva vivir\u00e1 durante este verano su particular 'Vuelta al mundo en 80 d\u00edas'. El parque se transformar\u00e1 con una ambientaci\u00f3n &quot;muy especial&quot;, que permitir\u00e1 a los visitantes &quot;recorrer todo el planeta durante su visita, al igual que hiciese en la obra de Julio Verne el aventurero brit\u00e1nico Phileas Fogg&quot;. Durante 66 d\u00edas seguidos","og:url":"https:\/\/eldigitaldeasturias.com\/magazine365\/sendaviva-propone-este-verano-a-sus-visitantes-su-particular-vuelta-al-mundo-en-80-dias\/","og:image":"https:\/\/eldigitaldeasturias.com\/magazine365\/wp-content\/uploads\/2016\/06\/fotonoticia_20160621101420_800-1.jpg","og:image:secure_url":"https:\/\/eldigitaldeasturias.com\/magazine365\/wp-content\/uploads\/2016\/06\/fotonoticia_20160621101420_800-1.jpg","og:image:width":800,"og:image:height":532,"article:published_time":"2016-06-21T09:52:44+00:00","article:modified_time":"2016-06-21T09:52:44+00:00","twitter:card":"summary_large_image","twitter:title":"Sendaviva propone este verano a sus visitantes su particular \u2018Vuelta al mundo en 80 d\u00edas\u2019 | El Digital de Asturias","twitter:description":"El parque Sendaviva vivir\u00e1 durante este verano su particular 'Vuelta al mundo en 80 d\u00edas'. El parque se transformar\u00e1 con una ambientaci\u00f3n &quot;muy especial&quot;, que permitir\u00e1 a los visitantes &quot;recorrer todo el planeta durante su visita, al igual que hiciese en la obra de Julio Verne el aventurero brit\u00e1nico Phileas Fogg&quot;. Durante 66 d\u00edas seguidos","twitter:image":"https:\/\/eldigitaldeasturias.com\/magazine365\/wp-content\/uploads\/2016\/06\/fotonoticia_20160621101420_800-1.jpg"},"aioseo_meta_data":{"post_id":"80303","title":null,"description":null,"keywords":null,"keyphrases":null,"primary_term":null,"canonical_url":null,"og_title":null,"og_description":null,"og_object_type":"default","og_image_type":"default","og_image_url":null,"og_image_width":null,"og_image_height":null,"og_image_custom_url":null,"og_image_custom_fields":null,"og_video":null,"og_custom_url":null,"og_article_section":null,"og_article_tags":null,"twitter_use_og":false,"twitter_card":"default","twitter_image_type":"default","twitter_image_url":null,"twitter_image_custom_url":null,"twitter_image_custom_fields":null,"twitter_title":null,"twitter_description":null,"schema":{"blockGraphs":[],"customGraphs":[],"default":{"data":{"Article":[],"Course":[],"Dataset":[],"FAQPage":[],"Movie":[],"Person":[],"Product":[],"ProductReview":[],"Car":[],"Recipe":[],"Service":[],"SoftwareApplication":[],"WebPage":[]},"graphName":"","isEnabled":true},"graphs":[],"defaultGraph":"","defaultPostTypeGraph":""},"schema_type":null,"schema_type_options":null,"pillar_content":false,"robots_default":true,"robots_noindex":false,"robots_noarchive":false,"robots_nosnippet":false,"robots_nofollow":false,"robots_noimageindex":false,"robots_noodp":false,"robots_notranslate":false,"robots_max_snippet":null,"robots_max_videopreview":null,"robots_max_imagepreview":"large","priority":null,"frequency":null,"location":null,"local_seo":null,"seo_analyzer_scan_date":"2025-09-27 20:36:03","breadcrumb_settings":null,"limit_modified_date":false,"open_ai":null,"ai":null,"created":"2021-03-08 17:34:42","updated":"2025-09-27 20:36:03"},"aioseo_breadcrumb":"<div class=\"aioseo-breadcrumbs\"><span class=\"aioseo-breadcrumb\">\n\t<a href=\"https:\/\/eldigitaldeasturias.com\/magazine365\" title=\"Home\">Home<\/a>\n<\/span><span class=\"aioseo-breadcrumb-separator\">\u2013<\/span><span class=\"aioseo-breadcrumb\">\n\t<a href=\"https:\/\/eldigitaldeasturias.com\/magazine365\/category\/noticias-actualidad\/\" title=\"Noticias y Actualidad\">Noticias y Actualidad<\/a>\n<\/span><span class=\"aioseo-breadcrumb-separator\">\u2013<\/span><span class=\"aioseo-breadcrumb\">\n\t<a href=\"https:\/\/eldigitaldeasturias.com\/magazine365\/sendaviva-propone-este-verano-a-sus-visitantes-su-particular-vuelta-al-mundo-en-80-dias\/\" title=\"Sendaviva propone este verano a sus visitantes su particular \u2018Vuelta al mundo en 80 d\u00edas\u2019\">Sendaviva propone este verano a sus visitantes su particular \u2018Vuelta al mundo en 80 d\u00edas\u2019<\/a>\n<\/span><\/div>","aioseo_breadcrumb_json":[{"label":"Home","link":"https:\/\/eldigitaldeasturias.com\/magazine365"},{"label":"Noticias y Actualidad","link":"https:\/\/eldigitaldeasturias.com\/magazine365\/category\/noticias-actualidad\/"},{"label":"Sendaviva propone este verano a sus visitantes su particular &#8216;Vuelta al mundo en 80 d\u00edas&#8217;","link":"https:\/\/eldigitaldeasturias.com\/magazine365\/sendaviva-propone-este-verano-a-sus-visitantes-su-particular-vuelta-al-mundo-en-80-dias\/"}],"_links":{"self":[{"href":"https:\/\/eldigitaldeasturias.com\/magazine365\/wp-json\/wp\/v2\/posts\/80303","targetHints":{"allow":["GET"]}}],"collection":[{"href":"https:\/\/eldigitaldeasturias.com\/magazine365\/wp-json\/wp\/v2\/posts"}],"about":[{"href":"https:\/\/eldigitaldeasturias.com\/magazine365\/wp-json\/wp\/v2\/types\/post"}],"author":[{"embeddable":true,"href":"https:\/\/eldigitaldeasturias.com\/magazine365\/wp-json\/wp\/v2\/users\/1"}],"replies":[{"embeddable":true,"href":"https:\/\/eldigitaldeasturias.com\/magazine365\/wp-json\/wp\/v2\/comments?post=80303"}],"version-history":[{"count":0,"href":"https:\/\/eldigitaldeasturias.com\/magazine365\/wp-json\/wp\/v2\/posts\/80303\/revisions"}],"wp:featuredmedia":[{"embeddable":true,"href":"https:\/\/eldigitaldeasturias.com\/magazine365\/wp-json\/wp\/v2\/media\/80305"}],"wp:attachment":[{"href":"https:\/\/eldigitaldeasturias.com\/magazine365\/wp-json\/wp\/v2\/media?parent=80303"}],"wp:term":[{"taxonomy":"category","embeddable":true,"href":"https:\/\/eldigitaldeasturias.com\/magazine365\/wp-json\/wp\/v2\/categories?post=80303"},{"taxonomy":"post_tag","embeddable":true,"href":"https:\/\/eldigitaldeasturias.com\/magazine365\/wp-json\/wp\/v2\/tags?post=80303"}],"curies":[{"name":"wp","href":"https:\/\/api.w.org\/{rel}","templated":true}]}}