{"id":80273,"date":"2016-06-20T23:39:29","date_gmt":"2016-06-20T21:39:29","guid":{"rendered":"http:\/\/eldigitaldeasturias.com\/magazine365\/?p=80273"},"modified":"2016-06-20T23:40:23","modified_gmt":"2016-06-20T21:40:23","slug":"en-libertad-los-seis-detenidos-en-bruselas-por-el-atentado-frustrado-en-un-tren-thalys","status":"publish","type":"post","link":"https:\/\/eldigitaldeasturias.com\/magazine365\/en-libertad-los-seis-detenidos-en-bruselas-por-el-atentado-frustrado-en-un-tren-thalys\/","title":{"rendered":"En libertad los seis detenidos en Bruselas por el atentado frustrado en un tren Thalys"},"content":{"rendered":"<p><img fetchpriority=\"high\" decoding=\"async\" class=\"alignleft size-medium wp-image-77926\" src=\"https:\/\/eldigitaldeasturias.com\/magazine365\/wp-content\/uploads\/2016\/06\/m365-360x198.jpg\" alt=\"m365\" width=\"360\" height=\"198\" srcset=\"https:\/\/eldigitaldeasturias.com\/magazine365\/wp-content\/uploads\/2016\/06\/m365-360x198.jpg 360w, https:\/\/eldigitaldeasturias.com\/magazine365\/wp-content\/uploads\/2016\/06\/m365-650x357.jpg 650w, https:\/\/eldigitaldeasturias.com\/magazine365\/wp-content\/uploads\/2016\/06\/m365-150x82.jpg 150w, https:\/\/eldigitaldeasturias.com\/magazine365\/wp-content\/uploads\/2016\/06\/m365-450x247.jpg 450w, https:\/\/eldigitaldeasturias.com\/magazine365\/wp-content\/uploads\/2016\/06\/m365.jpg 655w\" sizes=\"(max-width: 360px) 100vw, 360px\" \/>Las seis personas que han sido arrestadas este lunes en Bruselas en relaci\u00f3n con el atentado frustrado en agosto de 2015 en un tren Thalys de alta velocidad que un\u00eda \u00c1msterdam con Par\u00eds han sido finalmente puestas en libertad, seg\u00fan ha informado la Fiscal\u00eda federal belga y recoge la prensa de ese pa\u00eds.<\/p>\n<p>Un \u00abjuez de instrucci\u00f3n ha ejecutado hoy seis registros\u00bb en los que \u00abhan sido detenidas seis personas para ser interrogadas\u00bb, ha informado la Fiscal\u00eda. \u00abNo se han descubierto armas ni explosivos\u00bb, ha a\u00f1adido. Las detenciones se han producido en los distritos bruselenses de Molenbeek-Saint-Jean, Woluwe-Saint-Lambert y Haren.<\/p>\n<p>Las redadas han sido autorizadas por el juez que instruye el caso del atentado frustrado en agosto de 2015, cuando dos marines estadounidenses de vacaciones en Europa redujeron a un hombre fuertemente armado en un Thalys que hac\u00eda la ruta entre \u00c1msterdam y Par\u00eds. El atacante se subi\u00f3 al tren en Bruselas con varias armas autom\u00e1ticas.<\/p>\n<h2 class=\"ladillo\">EN PRISI\u00d3N EL HERMANO DEL &#8216;TERRORISTA DEL SOMBRERO&#8217;<\/h2>\n<p>Tambi\u00e9n ha sido detenido este lunes el hermano de Mohamed Abrini, conocido como el &#8216;terrorista del sombrero&#8217; por la vestimenta que llevaba cuando atent\u00f3 en el aeropuerto de Bruselas.<\/p>\n<p>La detenci\u00f3n ha sido confirmada por un portavoz de la Fiscal\u00eda federal al diario &#8216;La Derni\u00e8re Heure&#8217;, medio al que ha precisado que la detenci\u00f3n no tiene relaci\u00f3n con el operativo lanzado por el caso del Thalys.<\/p>\n<p>Ibrahim Abrini ya fue detenido el pasado mes de marzo, cuando su hermano mayor a\u00fan estaba huido, y fue acusado de colaborar con un grupo terrorista por los atentados de noviembre de 2015 en Par\u00eds. El juez, sin embargo, decret\u00f3 su puesta en libertad \u00abbajo estrictas condiciones\u00bb.<\/p>\n<p>Seg\u00fan recoge la prensa local, Ibrahim ha sido detenido de nuevo por violar la libertad condicional y despu\u00e9s de que la Polic\u00eda hallara en su posesi\u00f3n propaganda yihadista.<\/p>\n","protected":false},"excerpt":{"rendered":"<p>Las seis personas que han sido arrestadas este lunes en Bruselas en relaci\u00f3n con el atentado frustrado en agosto de 2015 en un tren Thalys de alta velocidad que un\u00eda \u00c1msterdam con Par\u00eds han sido finalmente puestas en libertad, seg\u00fan ha informado la Fiscal\u00eda federal belga y recoge la prensa de ese pa\u00eds. Un \u00abjuez<\/p>\n","protected":false},"author":1,"featured_media":77926,"comment_status":"open","ping_status":"closed","sticky":false,"template":"","format":"standard","meta":{"footnotes":""},"categories":[224],"tags":[],"class_list":{"0":"post-80273","1":"post","2":"type-post","3":"status-publish","4":"format-standard","5":"has-post-thumbnail","7":"category-noticias-actualidad"},"aioseo_notices":[],"aioseo_head":"\n\t\t<!-- All in One SEO Pro 4.9.6.1 - aioseo.com -->\n\t<meta name=\"description\" content=\"Las seis personas que han sido arrestadas este lunes en Bruselas en relaci\u00f3n con el atentado frustrado en agosto de 2015 en un tren Thalys de alta velocidad que un\u00eda \u00c1msterdam con Par\u00eds han sido finalmente puestas en libertad, seg\u00fan ha informado la Fiscal\u00eda federal belga y recoge la prensa de ese pa\u00eds. Un &quot;juez\" \/>\n\t<meta name=\"robots\" content=\"max-image-preview:large\" \/>\n\t<meta name=\"author\" content=\"admin\"\/>\n\t<meta name=\"google-site-verification\" content=\"UA-38556648-1\" \/>\n\t<meta name=\"keywords\" content=\"noticias y actualidad\" \/>\n\t<link rel=\"canonical\" href=\"https:\/\/eldigitaldeasturias.com\/magazine365\/en-libertad-los-seis-detenidos-en-bruselas-por-el-atentado-frustrado-en-un-tren-thalys\/\" \/>\n\t<meta name=\"generator\" content=\"All in One SEO Pro (AIOSEO) 4.9.6.1\" \/>\n\t\t<meta property=\"og:locale\" content=\"es_ES\" \/>\n\t\t<meta property=\"og:site_name\" content=\"El Digital de Asturias \u2013 Revista de ocio, turismo y estilo de vida\" \/>\n\t\t<meta property=\"og:type\" content=\"article\" \/>\n\t\t<meta property=\"og:title\" content=\"En libertad los seis detenidos en Bruselas por el atentado frustrado en un tren Thalys | El Digital de Asturias\" \/>\n\t\t<meta property=\"og:description\" content=\"Las seis personas que han sido arrestadas este lunes en Bruselas en relaci\u00f3n con el atentado frustrado en agosto de 2015 en un tren Thalys de alta velocidad que un\u00eda \u00c1msterdam con Par\u00eds han sido finalmente puestas en libertad, seg\u00fan ha informado la Fiscal\u00eda federal belga y recoge la prensa de ese pa\u00eds. Un &quot;juez\" \/>\n\t\t<meta property=\"og:url\" content=\"https:\/\/eldigitaldeasturias.com\/magazine365\/en-libertad-los-seis-detenidos-en-bruselas-por-el-atentado-frustrado-en-un-tren-thalys\/\" \/>\n\t\t<meta property=\"og:image\" content=\"https:\/\/eldigitaldeasturias.com\/magazine365\/wp-content\/uploads\/2016\/06\/m365.jpg\" \/>\n\t\t<meta property=\"og:image:secure_url\" content=\"https:\/\/eldigitaldeasturias.com\/magazine365\/wp-content\/uploads\/2016\/06\/m365.jpg\" \/>\n\t\t<meta property=\"og:image:width\" content=\"655\" \/>\n\t\t<meta property=\"og:image:height\" content=\"360\" \/>\n\t\t<meta property=\"article:published_time\" content=\"2016-06-20T21:39:29+00:00\" \/>\n\t\t<meta property=\"article:modified_time\" content=\"2016-06-20T21:40:23+00:00\" \/>\n\t\t<meta name=\"twitter:card\" content=\"summary_large_image\" \/>\n\t\t<meta name=\"twitter:title\" content=\"En libertad los seis detenidos en Bruselas por el atentado frustrado en un tren Thalys | El Digital de Asturias\" \/>\n\t\t<meta name=\"twitter:description\" content=\"Las seis personas que han sido arrestadas este lunes en Bruselas en relaci\u00f3n con el atentado frustrado en agosto de 2015 en un tren Thalys de alta velocidad que un\u00eda \u00c1msterdam con Par\u00eds han sido finalmente puestas en libertad, seg\u00fan ha informado la Fiscal\u00eda federal belga y recoge la prensa de ese pa\u00eds. Un &quot;juez\" \/>\n\t\t<meta name=\"twitter:image\" content=\"https:\/\/eldigitaldeasturias.com\/magazine365\/wp-content\/uploads\/2016\/06\/m365.jpg\" \/>\n\t\t<script type=\"application\/ld+json\" class=\"aioseo-schema\">\n\t\t\t{\"@context\":\"https:\\\/\\\/schema.org\",\"@graph\":[{\"@type\":\"Article\",\"@id\":\"https:\\\/\\\/eldigitaldeasturias.com\\\/magazine365\\\/en-libertad-los-seis-detenidos-en-bruselas-por-el-atentado-frustrado-en-un-tren-thalys\\\/#article\",\"name\":\"En libertad los seis detenidos en Bruselas por el atentado frustrado en un tren Thalys | El Digital de Asturias\",\"headline\":\"En libertad los seis detenidos en Bruselas por el atentado frustrado en un tren Thalys\",\"author\":{\"@id\":\"https:\\\/\\\/eldigitaldeasturias.com\\\/magazine365\\\/author\\\/admin\\\/#author\"},\"publisher\":{\"@id\":\"https:\\\/\\\/eldigitaldeasturias.com\\\/magazine365\\\/#organization\"},\"image\":{\"@type\":\"ImageObject\",\"url\":\"https:\\\/\\\/eldigitaldeasturias.com\\\/magazine365\\\/wp-content\\\/uploads\\\/2016\\\/06\\\/m365.jpg\",\"width\":655,\"height\":360},\"datePublished\":\"2016-06-20T23:39:29+02:00\",\"dateModified\":\"2016-06-20T23:40:23+02:00\",\"inLanguage\":\"es-ES\",\"mainEntityOfPage\":{\"@id\":\"https:\\\/\\\/eldigitaldeasturias.com\\\/magazine365\\\/en-libertad-los-seis-detenidos-en-bruselas-por-el-atentado-frustrado-en-un-tren-thalys\\\/#webpage\"},\"isPartOf\":{\"@id\":\"https:\\\/\\\/eldigitaldeasturias.com\\\/magazine365\\\/en-libertad-los-seis-detenidos-en-bruselas-por-el-atentado-frustrado-en-un-tren-thalys\\\/#webpage\"},\"articleSection\":\"Noticias y Actualidad\"},{\"@type\":\"BreadcrumbList\",\"@id\":\"https:\\\/\\\/eldigitaldeasturias.com\\\/magazine365\\\/en-libertad-los-seis-detenidos-en-bruselas-por-el-atentado-frustrado-en-un-tren-thalys\\\/#breadcrumblist\",\"itemListElement\":[{\"@type\":\"ListItem\",\"@id\":\"https:\\\/\\\/eldigitaldeasturias.com\\\/magazine365#listItem\",\"position\":1,\"name\":\"Home\",\"item\":\"https:\\\/\\\/eldigitaldeasturias.com\\\/magazine365\",\"nextItem\":{\"@type\":\"ListItem\",\"@id\":\"https:\\\/\\\/eldigitaldeasturias.com\\\/magazine365\\\/category\\\/noticias-actualidad\\\/#listItem\",\"name\":\"Noticias y Actualidad\"}},{\"@type\":\"ListItem\",\"@id\":\"https:\\\/\\\/eldigitaldeasturias.com\\\/magazine365\\\/category\\\/noticias-actualidad\\\/#listItem\",\"position\":2,\"name\":\"Noticias y Actualidad\",\"item\":\"https:\\\/\\\/eldigitaldeasturias.com\\\/magazine365\\\/category\\\/noticias-actualidad\\\/\",\"nextItem\":{\"@type\":\"ListItem\",\"@id\":\"https:\\\/\\\/eldigitaldeasturias.com\\\/magazine365\\\/en-libertad-los-seis-detenidos-en-bruselas-por-el-atentado-frustrado-en-un-tren-thalys\\\/#listItem\",\"name\":\"En libertad los seis detenidos en Bruselas por el atentado frustrado en un tren Thalys\"},\"previousItem\":{\"@type\":\"ListItem\",\"@id\":\"https:\\\/\\\/eldigitaldeasturias.com\\\/magazine365#listItem\",\"name\":\"Home\"}},{\"@type\":\"ListItem\",\"@id\":\"https:\\\/\\\/eldigitaldeasturias.com\\\/magazine365\\\/en-libertad-los-seis-detenidos-en-bruselas-por-el-atentado-frustrado-en-un-tren-thalys\\\/#listItem\",\"position\":3,\"name\":\"En libertad los seis detenidos en Bruselas por el atentado frustrado en un tren Thalys\",\"previousItem\":{\"@type\":\"ListItem\",\"@id\":\"https:\\\/\\\/eldigitaldeasturias.com\\\/magazine365\\\/category\\\/noticias-actualidad\\\/#listItem\",\"name\":\"Noticias y Actualidad\"}}]},{\"@type\":\"Organization\",\"@id\":\"https:\\\/\\\/eldigitaldeasturias.com\\\/magazine365\\\/#organization\",\"name\":\"El digital de Asturias\",\"description\":\"Revista de ocio, turismo y estilo de vida\",\"url\":\"https:\\\/\\\/eldigitaldeasturias.com\\\/magazine365\\\/\",\"logo\":{\"@type\":\"ImageObject\",\"url\":\"https:\\\/\\\/www.eldigitaldeasturias.com\\\/noticias\\\/wp-content\\\/uploads\\\/2020\\\/12\\\/EDA.jpg\",\"@id\":\"https:\\\/\\\/eldigitaldeasturias.com\\\/magazine365\\\/en-libertad-los-seis-detenidos-en-bruselas-por-el-atentado-frustrado-en-un-tren-thalys\\\/#organizationLogo\"},\"image\":{\"@id\":\"https:\\\/\\\/eldigitaldeasturias.com\\\/magazine365\\\/en-libertad-los-seis-detenidos-en-bruselas-por-el-atentado-frustrado-en-un-tren-thalys\\\/#organizationLogo\"}},{\"@type\":\"Person\",\"@id\":\"https:\\\/\\\/eldigitaldeasturias.com\\\/magazine365\\\/author\\\/admin\\\/#author\",\"url\":\"https:\\\/\\\/eldigitaldeasturias.com\\\/magazine365\\\/author\\\/admin\\\/\",\"name\":\"admin\",\"image\":{\"@type\":\"ImageObject\",\"@id\":\"https:\\\/\\\/eldigitaldeasturias.com\\\/magazine365\\\/en-libertad-los-seis-detenidos-en-bruselas-por-el-atentado-frustrado-en-un-tren-thalys\\\/#authorImage\",\"url\":\"https:\\\/\\\/eldigitaldeasturias.com\\\/magazine365\\\/wp-content\\\/litespeed\\\/avatar\\\/e571bcf59a0edd6fa6838245a470f2fe.jpg?ver=1776969259\",\"width\":96,\"height\":96,\"caption\":\"admin\"}},{\"@type\":\"WebPage\",\"@id\":\"https:\\\/\\\/eldigitaldeasturias.com\\\/magazine365\\\/en-libertad-los-seis-detenidos-en-bruselas-por-el-atentado-frustrado-en-un-tren-thalys\\\/#webpage\",\"url\":\"https:\\\/\\\/eldigitaldeasturias.com\\\/magazine365\\\/en-libertad-los-seis-detenidos-en-bruselas-por-el-atentado-frustrado-en-un-tren-thalys\\\/\",\"name\":\"En libertad los seis detenidos en Bruselas por el atentado frustrado en un tren Thalys | El Digital de Asturias\",\"description\":\"Las seis personas que han sido arrestadas este lunes en Bruselas en relaci\\u00f3n con el atentado frustrado en agosto de 2015 en un tren Thalys de alta velocidad que un\\u00eda \\u00c1msterdam con Par\\u00eds han sido finalmente puestas en libertad, seg\\u00fan ha informado la Fiscal\\u00eda federal belga y recoge la prensa de ese pa\\u00eds. Un \\\"juez\",\"inLanguage\":\"es-ES\",\"isPartOf\":{\"@id\":\"https:\\\/\\\/eldigitaldeasturias.com\\\/magazine365\\\/#website\"},\"breadcrumb\":{\"@id\":\"https:\\\/\\\/eldigitaldeasturias.com\\\/magazine365\\\/en-libertad-los-seis-detenidos-en-bruselas-por-el-atentado-frustrado-en-un-tren-thalys\\\/#breadcrumblist\"},\"author\":{\"@id\":\"https:\\\/\\\/eldigitaldeasturias.com\\\/magazine365\\\/author\\\/admin\\\/#author\"},\"creator\":{\"@id\":\"https:\\\/\\\/eldigitaldeasturias.com\\\/magazine365\\\/author\\\/admin\\\/#author\"},\"image\":{\"@type\":\"ImageObject\",\"url\":\"https:\\\/\\\/eldigitaldeasturias.com\\\/magazine365\\\/wp-content\\\/uploads\\\/2016\\\/06\\\/m365.jpg\",\"@id\":\"https:\\\/\\\/eldigitaldeasturias.com\\\/magazine365\\\/en-libertad-los-seis-detenidos-en-bruselas-por-el-atentado-frustrado-en-un-tren-thalys\\\/#mainImage\",\"width\":655,\"height\":360},\"primaryImageOfPage\":{\"@id\":\"https:\\\/\\\/eldigitaldeasturias.com\\\/magazine365\\\/en-libertad-los-seis-detenidos-en-bruselas-por-el-atentado-frustrado-en-un-tren-thalys\\\/#mainImage\"},\"datePublished\":\"2016-06-20T23:39:29+02:00\",\"dateModified\":\"2016-06-20T23:40:23+02:00\"},{\"@type\":\"WebSite\",\"@id\":\"https:\\\/\\\/eldigitaldeasturias.com\\\/magazine365\\\/#website\",\"url\":\"https:\\\/\\\/eldigitaldeasturias.com\\\/magazine365\\\/\",\"name\":\"El Digital de Asturias\",\"description\":\"Revista de ocio, turismo y estilo de vida\",\"inLanguage\":\"es-ES\",\"publisher\":{\"@id\":\"https:\\\/\\\/eldigitaldeasturias.com\\\/magazine365\\\/#organization\"}}]}\n\t\t<\/script>\n\t\t<!-- All in One SEO Pro -->\r\n\t\t<title>En libertad los seis detenidos en Bruselas por el atentado frustrado en un tren Thalys | El Digital de Asturias<\/title>\n\n","aioseo_head_json":{"title":"En libertad los seis detenidos en Bruselas por el atentado frustrado en un tren Thalys | El Digital de Asturias","description":"Las seis personas que han sido arrestadas este lunes en Bruselas en relaci\u00f3n con el atentado frustrado en agosto de 2015 en un tren Thalys de alta velocidad que un\u00eda \u00c1msterdam con Par\u00eds han sido finalmente puestas en libertad, seg\u00fan ha informado la Fiscal\u00eda federal belga y recoge la prensa de ese pa\u00eds. Un \"juez","canonical_url":"https:\/\/eldigitaldeasturias.com\/magazine365\/en-libertad-los-seis-detenidos-en-bruselas-por-el-atentado-frustrado-en-un-tren-thalys\/","robots":"max-image-preview:large","keywords":"noticias y actualidad","webmasterTools":{"google-site-verification":"UA-38556648-1","miscellaneous":""},"schema":{"@context":"https:\/\/schema.org","@graph":[{"@type":"Article","@id":"https:\/\/eldigitaldeasturias.com\/magazine365\/en-libertad-los-seis-detenidos-en-bruselas-por-el-atentado-frustrado-en-un-tren-thalys\/#article","name":"En libertad los seis detenidos en Bruselas por el atentado frustrado en un tren Thalys | El Digital de Asturias","headline":"En libertad los seis detenidos en Bruselas por el atentado frustrado en un tren Thalys","author":{"@id":"https:\/\/eldigitaldeasturias.com\/magazine365\/author\/admin\/#author"},"publisher":{"@id":"https:\/\/eldigitaldeasturias.com\/magazine365\/#organization"},"image":{"@type":"ImageObject","url":"https:\/\/eldigitaldeasturias.com\/magazine365\/wp-content\/uploads\/2016\/06\/m365.jpg","width":655,"height":360},"datePublished":"2016-06-20T23:39:29+02:00","dateModified":"2016-06-20T23:40:23+02:00","inLanguage":"es-ES","mainEntityOfPage":{"@id":"https:\/\/eldigitaldeasturias.com\/magazine365\/en-libertad-los-seis-detenidos-en-bruselas-por-el-atentado-frustrado-en-un-tren-thalys\/#webpage"},"isPartOf":{"@id":"https:\/\/eldigitaldeasturias.com\/magazine365\/en-libertad-los-seis-detenidos-en-bruselas-por-el-atentado-frustrado-en-un-tren-thalys\/#webpage"},"articleSection":"Noticias y Actualidad"},{"@type":"BreadcrumbList","@id":"https:\/\/eldigitaldeasturias.com\/magazine365\/en-libertad-los-seis-detenidos-en-bruselas-por-el-atentado-frustrado-en-un-tren-thalys\/#breadcrumblist","itemListElement":[{"@type":"ListItem","@id":"https:\/\/eldigitaldeasturias.com\/magazine365#listItem","position":1,"name":"Home","item":"https:\/\/eldigitaldeasturias.com\/magazine365","nextItem":{"@type":"ListItem","@id":"https:\/\/eldigitaldeasturias.com\/magazine365\/category\/noticias-actualidad\/#listItem","name":"Noticias y Actualidad"}},{"@type":"ListItem","@id":"https:\/\/eldigitaldeasturias.com\/magazine365\/category\/noticias-actualidad\/#listItem","position":2,"name":"Noticias y Actualidad","item":"https:\/\/eldigitaldeasturias.com\/magazine365\/category\/noticias-actualidad\/","nextItem":{"@type":"ListItem","@id":"https:\/\/eldigitaldeasturias.com\/magazine365\/en-libertad-los-seis-detenidos-en-bruselas-por-el-atentado-frustrado-en-un-tren-thalys\/#listItem","name":"En libertad los seis detenidos en Bruselas por el atentado frustrado en un tren Thalys"},"previousItem":{"@type":"ListItem","@id":"https:\/\/eldigitaldeasturias.com\/magazine365#listItem","name":"Home"}},{"@type":"ListItem","@id":"https:\/\/eldigitaldeasturias.com\/magazine365\/en-libertad-los-seis-detenidos-en-bruselas-por-el-atentado-frustrado-en-un-tren-thalys\/#listItem","position":3,"name":"En libertad los seis detenidos en Bruselas por el atentado frustrado en un tren Thalys","previousItem":{"@type":"ListItem","@id":"https:\/\/eldigitaldeasturias.com\/magazine365\/category\/noticias-actualidad\/#listItem","name":"Noticias y Actualidad"}}]},{"@type":"Organization","@id":"https:\/\/eldigitaldeasturias.com\/magazine365\/#organization","name":"El digital de Asturias","description":"Revista de ocio, turismo y estilo de vida","url":"https:\/\/eldigitaldeasturias.com\/magazine365\/","logo":{"@type":"ImageObject","url":"https:\/\/www.eldigitaldeasturias.com\/noticias\/wp-content\/uploads\/2020\/12\/EDA.jpg","@id":"https:\/\/eldigitaldeasturias.com\/magazine365\/en-libertad-los-seis-detenidos-en-bruselas-por-el-atentado-frustrado-en-un-tren-thalys\/#organizationLogo"},"image":{"@id":"https:\/\/eldigitaldeasturias.com\/magazine365\/en-libertad-los-seis-detenidos-en-bruselas-por-el-atentado-frustrado-en-un-tren-thalys\/#organizationLogo"}},{"@type":"Person","@id":"https:\/\/eldigitaldeasturias.com\/magazine365\/author\/admin\/#author","url":"https:\/\/eldigitaldeasturias.com\/magazine365\/author\/admin\/","name":"admin","image":{"@type":"ImageObject","@id":"https:\/\/eldigitaldeasturias.com\/magazine365\/en-libertad-los-seis-detenidos-en-bruselas-por-el-atentado-frustrado-en-un-tren-thalys\/#authorImage","url":"https:\/\/eldigitaldeasturias.com\/magazine365\/wp-content\/litespeed\/avatar\/e571bcf59a0edd6fa6838245a470f2fe.jpg?ver=1776969259","width":96,"height":96,"caption":"admin"}},{"@type":"WebPage","@id":"https:\/\/eldigitaldeasturias.com\/magazine365\/en-libertad-los-seis-detenidos-en-bruselas-por-el-atentado-frustrado-en-un-tren-thalys\/#webpage","url":"https:\/\/eldigitaldeasturias.com\/magazine365\/en-libertad-los-seis-detenidos-en-bruselas-por-el-atentado-frustrado-en-un-tren-thalys\/","name":"En libertad los seis detenidos en Bruselas por el atentado frustrado en un tren Thalys | El Digital de Asturias","description":"Las seis personas que han sido arrestadas este lunes en Bruselas en relaci\u00f3n con el atentado frustrado en agosto de 2015 en un tren Thalys de alta velocidad que un\u00eda \u00c1msterdam con Par\u00eds han sido finalmente puestas en libertad, seg\u00fan ha informado la Fiscal\u00eda federal belga y recoge la prensa de ese pa\u00eds. Un \"juez","inLanguage":"es-ES","isPartOf":{"@id":"https:\/\/eldigitaldeasturias.com\/magazine365\/#website"},"breadcrumb":{"@id":"https:\/\/eldigitaldeasturias.com\/magazine365\/en-libertad-los-seis-detenidos-en-bruselas-por-el-atentado-frustrado-en-un-tren-thalys\/#breadcrumblist"},"author":{"@id":"https:\/\/eldigitaldeasturias.com\/magazine365\/author\/admin\/#author"},"creator":{"@id":"https:\/\/eldigitaldeasturias.com\/magazine365\/author\/admin\/#author"},"image":{"@type":"ImageObject","url":"https:\/\/eldigitaldeasturias.com\/magazine365\/wp-content\/uploads\/2016\/06\/m365.jpg","@id":"https:\/\/eldigitaldeasturias.com\/magazine365\/en-libertad-los-seis-detenidos-en-bruselas-por-el-atentado-frustrado-en-un-tren-thalys\/#mainImage","width":655,"height":360},"primaryImageOfPage":{"@id":"https:\/\/eldigitaldeasturias.com\/magazine365\/en-libertad-los-seis-detenidos-en-bruselas-por-el-atentado-frustrado-en-un-tren-thalys\/#mainImage"},"datePublished":"2016-06-20T23:39:29+02:00","dateModified":"2016-06-20T23:40:23+02:00"},{"@type":"WebSite","@id":"https:\/\/eldigitaldeasturias.com\/magazine365\/#website","url":"https:\/\/eldigitaldeasturias.com\/magazine365\/","name":"El Digital de Asturias","description":"Revista de ocio, turismo y estilo de vida","inLanguage":"es-ES","publisher":{"@id":"https:\/\/eldigitaldeasturias.com\/magazine365\/#organization"}}]},"og:locale":"es_ES","og:site_name":"El Digital de Asturias \u2013 Revista de ocio, turismo y estilo de vida","og:type":"article","og:title":"En libertad los seis detenidos en Bruselas por el atentado frustrado en un tren Thalys | El Digital de Asturias","og:description":"Las seis personas que han sido arrestadas este lunes en Bruselas en relaci\u00f3n con el atentado frustrado en agosto de 2015 en un tren Thalys de alta velocidad que un\u00eda \u00c1msterdam con Par\u00eds han sido finalmente puestas en libertad, seg\u00fan ha informado la Fiscal\u00eda federal belga y recoge la prensa de ese pa\u00eds. Un &quot;juez","og:url":"https:\/\/eldigitaldeasturias.com\/magazine365\/en-libertad-los-seis-detenidos-en-bruselas-por-el-atentado-frustrado-en-un-tren-thalys\/","og:image":"https:\/\/eldigitaldeasturias.com\/magazine365\/wp-content\/uploads\/2016\/06\/m365.jpg","og:image:secure_url":"https:\/\/eldigitaldeasturias.com\/magazine365\/wp-content\/uploads\/2016\/06\/m365.jpg","og:image:width":655,"og:image:height":360,"article:published_time":"2016-06-20T21:39:29+00:00","article:modified_time":"2016-06-20T21:40:23+00:00","twitter:card":"summary_large_image","twitter:title":"En libertad los seis detenidos en Bruselas por el atentado frustrado en un tren Thalys | El Digital de Asturias","twitter:description":"Las seis personas que han sido arrestadas este lunes en Bruselas en relaci\u00f3n con el atentado frustrado en agosto de 2015 en un tren Thalys de alta velocidad que un\u00eda \u00c1msterdam con Par\u00eds han sido finalmente puestas en libertad, seg\u00fan ha informado la Fiscal\u00eda federal belga y recoge la prensa de ese pa\u00eds. Un &quot;juez","twitter:image":"https:\/\/eldigitaldeasturias.com\/magazine365\/wp-content\/uploads\/2016\/06\/m365.jpg"},"aioseo_meta_data":{"post_id":"80273","title":null,"description":null,"keywords":null,"keyphrases":null,"primary_term":null,"canonical_url":null,"og_title":null,"og_description":null,"og_object_type":"default","og_image_type":"default","og_image_url":null,"og_image_width":null,"og_image_height":null,"og_image_custom_url":null,"og_image_custom_fields":null,"og_video":null,"og_custom_url":null,"og_article_section":null,"og_article_tags":null,"twitter_use_og":false,"twitter_card":"default","twitter_image_type":"default","twitter_image_url":null,"twitter_image_custom_url":null,"twitter_image_custom_fields":null,"twitter_title":null,"twitter_description":null,"schema":{"blockGraphs":[],"customGraphs":[],"default":{"data":{"Article":[],"Course":[],"Dataset":[],"FAQPage":[],"Movie":[],"Person":[],"Product":[],"ProductReview":[],"Car":[],"Recipe":[],"Service":[],"SoftwareApplication":[],"WebPage":[]},"graphName":"","isEnabled":true},"graphs":[],"defaultGraph":"","defaultPostTypeGraph":""},"schema_type":null,"schema_type_options":null,"pillar_content":false,"robots_default":true,"robots_noindex":false,"robots_noarchive":false,"robots_nosnippet":false,"robots_nofollow":false,"robots_noimageindex":false,"robots_noodp":false,"robots_notranslate":false,"robots_max_snippet":null,"robots_max_videopreview":null,"robots_max_imagepreview":"large","priority":null,"frequency":null,"location":null,"local_seo":null,"seo_analyzer_scan_date":"2025-09-27 20:32:32","breadcrumb_settings":null,"limit_modified_date":false,"open_ai":null,"ai":null,"created":"2021-03-08 17:34:42","updated":"2025-09-27 20:32:32"},"aioseo_breadcrumb":"<div class=\"aioseo-breadcrumbs\"><span class=\"aioseo-breadcrumb\">\n\t<a href=\"https:\/\/eldigitaldeasturias.com\/magazine365\" title=\"Home\">Home<\/a>\n<\/span><span class=\"aioseo-breadcrumb-separator\">\u2013<\/span><span class=\"aioseo-breadcrumb\">\n\t<a href=\"https:\/\/eldigitaldeasturias.com\/magazine365\/category\/noticias-actualidad\/\" title=\"Noticias y Actualidad\">Noticias y Actualidad<\/a>\n<\/span><span class=\"aioseo-breadcrumb-separator\">\u2013<\/span><span class=\"aioseo-breadcrumb\">\n\t<a href=\"https:\/\/eldigitaldeasturias.com\/magazine365\/en-libertad-los-seis-detenidos-en-bruselas-por-el-atentado-frustrado-en-un-tren-thalys\/\" title=\"En libertad los seis detenidos en Bruselas por el atentado frustrado en un tren Thalys\">En libertad los seis detenidos en Bruselas por el atentado frustrado en un tren Thalys<\/a>\n<\/span><\/div>","aioseo_breadcrumb_json":[{"label":"Home","link":"https:\/\/eldigitaldeasturias.com\/magazine365"},{"label":"Noticias y Actualidad","link":"https:\/\/eldigitaldeasturias.com\/magazine365\/category\/noticias-actualidad\/"},{"label":"En libertad los seis detenidos en Bruselas por el atentado frustrado en un tren Thalys","link":"https:\/\/eldigitaldeasturias.com\/magazine365\/en-libertad-los-seis-detenidos-en-bruselas-por-el-atentado-frustrado-en-un-tren-thalys\/"}],"_links":{"self":[{"href":"https:\/\/eldigitaldeasturias.com\/magazine365\/wp-json\/wp\/v2\/posts\/80273","targetHints":{"allow":["GET"]}}],"collection":[{"href":"https:\/\/eldigitaldeasturias.com\/magazine365\/wp-json\/wp\/v2\/posts"}],"about":[{"href":"https:\/\/eldigitaldeasturias.com\/magazine365\/wp-json\/wp\/v2\/types\/post"}],"author":[{"embeddable":true,"href":"https:\/\/eldigitaldeasturias.com\/magazine365\/wp-json\/wp\/v2\/users\/1"}],"replies":[{"embeddable":true,"href":"https:\/\/eldigitaldeasturias.com\/magazine365\/wp-json\/wp\/v2\/comments?post=80273"}],"version-history":[{"count":0,"href":"https:\/\/eldigitaldeasturias.com\/magazine365\/wp-json\/wp\/v2\/posts\/80273\/revisions"}],"wp:featuredmedia":[{"embeddable":true,"href":"https:\/\/eldigitaldeasturias.com\/magazine365\/wp-json\/wp\/v2\/media\/77926"}],"wp:attachment":[{"href":"https:\/\/eldigitaldeasturias.com\/magazine365\/wp-json\/wp\/v2\/media?parent=80273"}],"wp:term":[{"taxonomy":"category","embeddable":true,"href":"https:\/\/eldigitaldeasturias.com\/magazine365\/wp-json\/wp\/v2\/categories?post=80273"},{"taxonomy":"post_tag","embeddable":true,"href":"https:\/\/eldigitaldeasturias.com\/magazine365\/wp-json\/wp\/v2\/tags?post=80273"}],"curies":[{"name":"wp","href":"https:\/\/api.w.org\/{rel}","templated":true}]}}