{"id":80269,"date":"2016-06-20T23:38:03","date_gmt":"2016-06-20T21:38:03","guid":{"rendered":"http:\/\/eldigitaldeasturias.com\/magazine365\/?p=80269"},"modified":"2016-06-20T23:38:03","modified_gmt":"2016-06-20T21:38:03","slug":"los-sindicatos-de-metro-de-madrid-propondran-en-asamblea-continuar-con-mas-paros-parciales","status":"publish","type":"post","link":"https:\/\/eldigitaldeasturias.com\/magazine365\/los-sindicatos-de-metro-de-madrid-propondran-en-asamblea-continuar-con-mas-paros-parciales\/","title":{"rendered":"Los sindicatos de Metro de Madrid propondr\u00e1n en Asamblea continuar con m\u00e1s paros parciales"},"content":{"rendered":"<p><img fetchpriority=\"high\" decoding=\"async\" class=\"alignleft size-medium wp-image-80270\" src=\"https:\/\/eldigitaldeasturias.com\/magazine365\/wp-content\/uploads\/2016\/06\/fotonoticia_20160620210553_800-360x239.jpg\" alt=\"fotonoticia_20160620210553_800\" width=\"360\" height=\"239\" \/>Todos los sindicatos ligados a Metro de Madrid han valorado de \u00abinsuficiente\u00bb la propuesta ofrecida por la empresa sobre una jubilaci\u00f3n parcial, que solo afectar\u00eda \u00aba un n\u00famero determinado de la plantilla\u00bb, por lo que propondr\u00e1n nuevas jornadas de paros en el suburbano para los pr\u00f3ximos d\u00edas, ha informado a Europa Press el responsable de la secci\u00f3n sindical de UGT en Metro, Teo Pi\u00f1uelas.<\/p>\n<p>En concreto, estos nuevos paros ser\u00e1n propuestos este martes en la Asamblea General que celebrar\u00e1n los sindicatos ligados a Metro, al que pedir\u00e1n que ponga \u00abm\u00e1s carne en la mesa para que se cierre un convenio interesante\u00bb, seg\u00fan Pi\u00f1uelas.<\/p>\n<p>En este sentido, Pi\u00f1uelas ha se\u00f1alado que la plantilla tiene unos 6.500 trabajadores y la medida propuesta por Metro afectar\u00eda \u00aba un 9 o 10 por ciento\u00bb. De este modo, los trabajadores mantendr\u00e1n su reivindicaci\u00f3n de una \u00abcontrataci\u00f3n neta\u00bb que se \u00abnecesita\u00bb para \u00abpaliar el servicio y malos intervalos\u00bb en la circulaci\u00f3n de trenes.<\/p>\n<p>Adem\u00e1s, el sindicalista ha indicado que la Comunidad tiene que buscar \u00abf\u00f3rmulas\u00bb para que las \u00abdeudas de a\u00f1os anteriores\u00bb con los trabajadores queden \u00abzanjadas\u00bb.<\/p>\n<p>Por otro lado, el secretario general de CCOO en Metro de Madrid, Juan Carlos De la Cruz, ha opinado que la reuni\u00f3n supon\u00eda una \u00abesperanza\u00bb para desbloquear la negociaci\u00f3n del convenio colectivo pero los sindicatos se han encontrado con \u00abtodo lo contrario\u00bb.<\/p>\n<p>De la Cruz ha avanzado que en la Asamblea General que tendr\u00e1 lugar este martes se propondr\u00e1n unos paros \u00abm\u00e1s contundentes\u00bb, ya que no se han solucionado los \u00abproblemas para contratar el personal necesario\u00bb en el suburbano.<\/p>\n<p>En este sentido, De la Cruz ha afirmado que la Ley de Presupuestos de la Comunidad no permite contratar \u00abal personal necesario\u00bb pero s\u00ed \u00abcontratar cientos de millones en empresas privadas\u00bb que suplan las actividades que hac\u00edan \u00ablos trabajadores de Metro.<\/p>\n<p>En concreto, el sindicalista se ha referido al trabajo de \u00abmantenimiento en estaciones\u00bb, y ha se\u00f1alado que desde Metro han reconocido que es \u00abnecesario\u00bb m\u00e1s personal.<\/p>\n","protected":false},"excerpt":{"rendered":"<p>Todos los sindicatos ligados a Metro de Madrid han valorado de \u00abinsuficiente\u00bb la propuesta ofrecida por la empresa sobre una jubilaci\u00f3n parcial, que solo afectar\u00eda \u00aba un n\u00famero determinado de la plantilla\u00bb, por lo que propondr\u00e1n nuevas jornadas de paros en el suburbano para los pr\u00f3ximos d\u00edas, ha informado a Europa Press el responsable de<\/p>\n","protected":false},"author":1,"featured_media":0,"comment_status":"open","ping_status":"closed","sticky":false,"template":"","format":"standard","meta":{"footnotes":""},"categories":[224],"tags":[],"class_list":{"0":"post-80269","1":"post","2":"type-post","3":"status-publish","4":"format-standard","6":"category-noticias-actualidad"},"aioseo_notices":[],"aioseo_head":"\n\t\t<!-- All in One SEO Pro 4.9.6.1 - aioseo.com -->\n\t<meta name=\"description\" content=\"Todos los sindicatos ligados a Metro de Madrid han valorado de &quot;insuficiente&quot; la propuesta ofrecida por la empresa sobre una jubilaci\u00f3n parcial, que solo afectar\u00eda &quot;a un n\u00famero determinado de la plantilla&quot;, por lo que propondr\u00e1n nuevas jornadas de paros en el suburbano para los pr\u00f3ximos d\u00edas, ha informado a Europa Press el responsable de\" \/>\n\t<meta name=\"robots\" content=\"max-image-preview:large\" \/>\n\t<meta name=\"author\" content=\"admin\"\/>\n\t<meta name=\"google-site-verification\" content=\"UA-38556648-1\" \/>\n\t<meta name=\"keywords\" content=\"noticias y actualidad\" \/>\n\t<link rel=\"canonical\" href=\"https:\/\/eldigitaldeasturias.com\/magazine365\/los-sindicatos-de-metro-de-madrid-propondran-en-asamblea-continuar-con-mas-paros-parciales\/\" \/>\n\t<meta name=\"generator\" content=\"All in One SEO Pro (AIOSEO) 4.9.6.1\" \/>\n\t\t<meta property=\"og:locale\" content=\"es_ES\" \/>\n\t\t<meta property=\"og:site_name\" content=\"El Digital de Asturias \u2013 Revista de ocio, turismo y estilo de vida\" \/>\n\t\t<meta property=\"og:type\" content=\"article\" \/>\n\t\t<meta property=\"og:title\" content=\"Los sindicatos de Metro de Madrid propondr\u00e1n en Asamblea continuar con m\u00e1s paros parciales | El Digital de Asturias\" \/>\n\t\t<meta property=\"og:description\" content=\"Todos los sindicatos ligados a Metro de Madrid han valorado de &quot;insuficiente&quot; la propuesta ofrecida por la empresa sobre una jubilaci\u00f3n parcial, que solo afectar\u00eda &quot;a un n\u00famero determinado de la plantilla&quot;, por lo que propondr\u00e1n nuevas jornadas de paros en el suburbano para los pr\u00f3ximos d\u00edas, ha informado a Europa Press el responsable de\" \/>\n\t\t<meta property=\"og:url\" content=\"https:\/\/eldigitaldeasturias.com\/magazine365\/los-sindicatos-de-metro-de-madrid-propondran-en-asamblea-continuar-con-mas-paros-parciales\/\" \/>\n\t\t<meta property=\"og:image\" content=\"https:\/\/www.eldigitaldeasturias.com\/noticias\/wp-content\/uploads\/2020\/12\/EDA.jpg\" \/>\n\t\t<meta property=\"og:image:secure_url\" content=\"https:\/\/www.eldigitaldeasturias.com\/noticias\/wp-content\/uploads\/2020\/12\/EDA.jpg\" \/>\n\t\t<meta property=\"article:published_time\" content=\"2016-06-20T21:38:03+00:00\" \/>\n\t\t<meta property=\"article:modified_time\" content=\"2016-06-20T21:38:03+00:00\" \/>\n\t\t<meta name=\"twitter:card\" content=\"summary_large_image\" \/>\n\t\t<meta name=\"twitter:title\" content=\"Los sindicatos de Metro de Madrid propondr\u00e1n en Asamblea continuar con m\u00e1s paros parciales | El Digital de Asturias\" \/>\n\t\t<meta name=\"twitter:description\" content=\"Todos los sindicatos ligados a Metro de Madrid han valorado de &quot;insuficiente&quot; la propuesta ofrecida por la empresa sobre una jubilaci\u00f3n parcial, que solo afectar\u00eda &quot;a un n\u00famero determinado de la plantilla&quot;, por lo que propondr\u00e1n nuevas jornadas de paros en el suburbano para los pr\u00f3ximos d\u00edas, ha informado a Europa Press el responsable de\" \/>\n\t\t<meta name=\"twitter:image\" content=\"https:\/\/www.eldigitaldeasturias.com\/noticias\/wp-content\/uploads\/2020\/12\/EDA.jpg\" \/>\n\t\t<script type=\"application\/ld+json\" class=\"aioseo-schema\">\n\t\t\t{\"@context\":\"https:\\\/\\\/schema.org\",\"@graph\":[{\"@type\":\"Article\",\"@id\":\"https:\\\/\\\/eldigitaldeasturias.com\\\/magazine365\\\/los-sindicatos-de-metro-de-madrid-propondran-en-asamblea-continuar-con-mas-paros-parciales\\\/#article\",\"name\":\"Los sindicatos de Metro de Madrid propondr\\u00e1n en Asamblea continuar con m\\u00e1s paros parciales | El Digital de Asturias\",\"headline\":\"Los sindicatos de Metro de Madrid propondr\\u00e1n en Asamblea continuar con m\\u00e1s paros parciales\",\"author\":{\"@id\":\"https:\\\/\\\/eldigitaldeasturias.com\\\/magazine365\\\/author\\\/admin\\\/#author\"},\"publisher\":{\"@id\":\"https:\\\/\\\/eldigitaldeasturias.com\\\/magazine365\\\/#organization\"},\"image\":{\"@type\":\"ImageObject\",\"url\":\"http:\\\/\\\/eldigitaldeasturias.com\\\/magazine365\\\/wp-content\\\/uploads\\\/2016\\\/06\\\/fotonoticia_20160620210553_800-360x239.jpg\",\"@id\":\"https:\\\/\\\/eldigitaldeasturias.com\\\/magazine365\\\/los-sindicatos-de-metro-de-madrid-propondran-en-asamblea-continuar-con-mas-paros-parciales\\\/#articleImage\"},\"datePublished\":\"2016-06-20T23:38:03+02:00\",\"dateModified\":\"2016-06-20T23:38:03+02:00\",\"inLanguage\":\"es-ES\",\"mainEntityOfPage\":{\"@id\":\"https:\\\/\\\/eldigitaldeasturias.com\\\/magazine365\\\/los-sindicatos-de-metro-de-madrid-propondran-en-asamblea-continuar-con-mas-paros-parciales\\\/#webpage\"},\"isPartOf\":{\"@id\":\"https:\\\/\\\/eldigitaldeasturias.com\\\/magazine365\\\/los-sindicatos-de-metro-de-madrid-propondran-en-asamblea-continuar-con-mas-paros-parciales\\\/#webpage\"},\"articleSection\":\"Noticias y Actualidad\"},{\"@type\":\"BreadcrumbList\",\"@id\":\"https:\\\/\\\/eldigitaldeasturias.com\\\/magazine365\\\/los-sindicatos-de-metro-de-madrid-propondran-en-asamblea-continuar-con-mas-paros-parciales\\\/#breadcrumblist\",\"itemListElement\":[{\"@type\":\"ListItem\",\"@id\":\"https:\\\/\\\/eldigitaldeasturias.com\\\/magazine365#listItem\",\"position\":1,\"name\":\"Home\",\"item\":\"https:\\\/\\\/eldigitaldeasturias.com\\\/magazine365\",\"nextItem\":{\"@type\":\"ListItem\",\"@id\":\"https:\\\/\\\/eldigitaldeasturias.com\\\/magazine365\\\/category\\\/noticias-actualidad\\\/#listItem\",\"name\":\"Noticias y Actualidad\"}},{\"@type\":\"ListItem\",\"@id\":\"https:\\\/\\\/eldigitaldeasturias.com\\\/magazine365\\\/category\\\/noticias-actualidad\\\/#listItem\",\"position\":2,\"name\":\"Noticias y Actualidad\",\"item\":\"https:\\\/\\\/eldigitaldeasturias.com\\\/magazine365\\\/category\\\/noticias-actualidad\\\/\",\"nextItem\":{\"@type\":\"ListItem\",\"@id\":\"https:\\\/\\\/eldigitaldeasturias.com\\\/magazine365\\\/los-sindicatos-de-metro-de-madrid-propondran-en-asamblea-continuar-con-mas-paros-parciales\\\/#listItem\",\"name\":\"Los sindicatos de Metro de Madrid propondr\\u00e1n en Asamblea continuar con m\\u00e1s paros parciales\"},\"previousItem\":{\"@type\":\"ListItem\",\"@id\":\"https:\\\/\\\/eldigitaldeasturias.com\\\/magazine365#listItem\",\"name\":\"Home\"}},{\"@type\":\"ListItem\",\"@id\":\"https:\\\/\\\/eldigitaldeasturias.com\\\/magazine365\\\/los-sindicatos-de-metro-de-madrid-propondran-en-asamblea-continuar-con-mas-paros-parciales\\\/#listItem\",\"position\":3,\"name\":\"Los sindicatos de Metro de Madrid propondr\\u00e1n en Asamblea continuar con m\\u00e1s paros parciales\",\"previousItem\":{\"@type\":\"ListItem\",\"@id\":\"https:\\\/\\\/eldigitaldeasturias.com\\\/magazine365\\\/category\\\/noticias-actualidad\\\/#listItem\",\"name\":\"Noticias y Actualidad\"}}]},{\"@type\":\"Organization\",\"@id\":\"https:\\\/\\\/eldigitaldeasturias.com\\\/magazine365\\\/#organization\",\"name\":\"El digital de Asturias\",\"description\":\"Revista de ocio, turismo y estilo de vida\",\"url\":\"https:\\\/\\\/eldigitaldeasturias.com\\\/magazine365\\\/\",\"logo\":{\"@type\":\"ImageObject\",\"url\":\"https:\\\/\\\/www.eldigitaldeasturias.com\\\/noticias\\\/wp-content\\\/uploads\\\/2020\\\/12\\\/EDA.jpg\",\"@id\":\"https:\\\/\\\/eldigitaldeasturias.com\\\/magazine365\\\/los-sindicatos-de-metro-de-madrid-propondran-en-asamblea-continuar-con-mas-paros-parciales\\\/#organizationLogo\"},\"image\":{\"@id\":\"https:\\\/\\\/eldigitaldeasturias.com\\\/magazine365\\\/los-sindicatos-de-metro-de-madrid-propondran-en-asamblea-continuar-con-mas-paros-parciales\\\/#organizationLogo\"}},{\"@type\":\"Person\",\"@id\":\"https:\\\/\\\/eldigitaldeasturias.com\\\/magazine365\\\/author\\\/admin\\\/#author\",\"url\":\"https:\\\/\\\/eldigitaldeasturias.com\\\/magazine365\\\/author\\\/admin\\\/\",\"name\":\"admin\",\"image\":{\"@type\":\"ImageObject\",\"@id\":\"https:\\\/\\\/eldigitaldeasturias.com\\\/magazine365\\\/los-sindicatos-de-metro-de-madrid-propondran-en-asamblea-continuar-con-mas-paros-parciales\\\/#authorImage\",\"url\":\"https:\\\/\\\/eldigitaldeasturias.com\\\/magazine365\\\/wp-content\\\/litespeed\\\/avatar\\\/e571bcf59a0edd6fa6838245a470f2fe.jpg?ver=1776969259\",\"width\":96,\"height\":96,\"caption\":\"admin\"}},{\"@type\":\"WebPage\",\"@id\":\"https:\\\/\\\/eldigitaldeasturias.com\\\/magazine365\\\/los-sindicatos-de-metro-de-madrid-propondran-en-asamblea-continuar-con-mas-paros-parciales\\\/#webpage\",\"url\":\"https:\\\/\\\/eldigitaldeasturias.com\\\/magazine365\\\/los-sindicatos-de-metro-de-madrid-propondran-en-asamblea-continuar-con-mas-paros-parciales\\\/\",\"name\":\"Los sindicatos de Metro de Madrid propondr\\u00e1n en Asamblea continuar con m\\u00e1s paros parciales | El Digital de Asturias\",\"description\":\"Todos los sindicatos ligados a Metro de Madrid han valorado de \\\"insuficiente\\\" la propuesta ofrecida por la empresa sobre una jubilaci\\u00f3n parcial, que solo afectar\\u00eda \\\"a un n\\u00famero determinado de la plantilla\\\", por lo que propondr\\u00e1n nuevas jornadas de paros en el suburbano para los pr\\u00f3ximos d\\u00edas, ha informado a Europa Press el responsable de\",\"inLanguage\":\"es-ES\",\"isPartOf\":{\"@id\":\"https:\\\/\\\/eldigitaldeasturias.com\\\/magazine365\\\/#website\"},\"breadcrumb\":{\"@id\":\"https:\\\/\\\/eldigitaldeasturias.com\\\/magazine365\\\/los-sindicatos-de-metro-de-madrid-propondran-en-asamblea-continuar-con-mas-paros-parciales\\\/#breadcrumblist\"},\"author\":{\"@id\":\"https:\\\/\\\/eldigitaldeasturias.com\\\/magazine365\\\/author\\\/admin\\\/#author\"},\"creator\":{\"@id\":\"https:\\\/\\\/eldigitaldeasturias.com\\\/magazine365\\\/author\\\/admin\\\/#author\"},\"datePublished\":\"2016-06-20T23:38:03+02:00\",\"dateModified\":\"2016-06-20T23:38:03+02:00\"},{\"@type\":\"WebSite\",\"@id\":\"https:\\\/\\\/eldigitaldeasturias.com\\\/magazine365\\\/#website\",\"url\":\"https:\\\/\\\/eldigitaldeasturias.com\\\/magazine365\\\/\",\"name\":\"El Digital de Asturias\",\"description\":\"Revista de ocio, turismo y estilo de vida\",\"inLanguage\":\"es-ES\",\"publisher\":{\"@id\":\"https:\\\/\\\/eldigitaldeasturias.com\\\/magazine365\\\/#organization\"}}]}\n\t\t<\/script>\n\t\t<!-- All in One SEO Pro -->\r\n\t\t<title>Los sindicatos de Metro de Madrid propondr\u00e1n en Asamblea continuar con m\u00e1s paros parciales | El Digital de Asturias<\/title>\n\n","aioseo_head_json":{"title":"Los sindicatos de Metro de Madrid propondr\u00e1n en Asamblea continuar con m\u00e1s paros parciales | El Digital de Asturias","description":"Todos los sindicatos ligados a Metro de Madrid han valorado de \"insuficiente\" la propuesta ofrecida por la empresa sobre una jubilaci\u00f3n parcial, que solo afectar\u00eda \"a un n\u00famero determinado de la plantilla\", por lo que propondr\u00e1n nuevas jornadas de paros en el suburbano para los pr\u00f3ximos d\u00edas, ha informado a Europa Press el responsable de","canonical_url":"https:\/\/eldigitaldeasturias.com\/magazine365\/los-sindicatos-de-metro-de-madrid-propondran-en-asamblea-continuar-con-mas-paros-parciales\/","robots":"max-image-preview:large","keywords":"noticias y actualidad","webmasterTools":{"google-site-verification":"UA-38556648-1","miscellaneous":""},"schema":{"@context":"https:\/\/schema.org","@graph":[{"@type":"Article","@id":"https:\/\/eldigitaldeasturias.com\/magazine365\/los-sindicatos-de-metro-de-madrid-propondran-en-asamblea-continuar-con-mas-paros-parciales\/#article","name":"Los sindicatos de Metro de Madrid propondr\u00e1n en Asamblea continuar con m\u00e1s paros parciales | El Digital de Asturias","headline":"Los sindicatos de Metro de Madrid propondr\u00e1n en Asamblea continuar con m\u00e1s paros parciales","author":{"@id":"https:\/\/eldigitaldeasturias.com\/magazine365\/author\/admin\/#author"},"publisher":{"@id":"https:\/\/eldigitaldeasturias.com\/magazine365\/#organization"},"image":{"@type":"ImageObject","url":"http:\/\/eldigitaldeasturias.com\/magazine365\/wp-content\/uploads\/2016\/06\/fotonoticia_20160620210553_800-360x239.jpg","@id":"https:\/\/eldigitaldeasturias.com\/magazine365\/los-sindicatos-de-metro-de-madrid-propondran-en-asamblea-continuar-con-mas-paros-parciales\/#articleImage"},"datePublished":"2016-06-20T23:38:03+02:00","dateModified":"2016-06-20T23:38:03+02:00","inLanguage":"es-ES","mainEntityOfPage":{"@id":"https:\/\/eldigitaldeasturias.com\/magazine365\/los-sindicatos-de-metro-de-madrid-propondran-en-asamblea-continuar-con-mas-paros-parciales\/#webpage"},"isPartOf":{"@id":"https:\/\/eldigitaldeasturias.com\/magazine365\/los-sindicatos-de-metro-de-madrid-propondran-en-asamblea-continuar-con-mas-paros-parciales\/#webpage"},"articleSection":"Noticias y Actualidad"},{"@type":"BreadcrumbList","@id":"https:\/\/eldigitaldeasturias.com\/magazine365\/los-sindicatos-de-metro-de-madrid-propondran-en-asamblea-continuar-con-mas-paros-parciales\/#breadcrumblist","itemListElement":[{"@type":"ListItem","@id":"https:\/\/eldigitaldeasturias.com\/magazine365#listItem","position":1,"name":"Home","item":"https:\/\/eldigitaldeasturias.com\/magazine365","nextItem":{"@type":"ListItem","@id":"https:\/\/eldigitaldeasturias.com\/magazine365\/category\/noticias-actualidad\/#listItem","name":"Noticias y Actualidad"}},{"@type":"ListItem","@id":"https:\/\/eldigitaldeasturias.com\/magazine365\/category\/noticias-actualidad\/#listItem","position":2,"name":"Noticias y Actualidad","item":"https:\/\/eldigitaldeasturias.com\/magazine365\/category\/noticias-actualidad\/","nextItem":{"@type":"ListItem","@id":"https:\/\/eldigitaldeasturias.com\/magazine365\/los-sindicatos-de-metro-de-madrid-propondran-en-asamblea-continuar-con-mas-paros-parciales\/#listItem","name":"Los sindicatos de Metro de Madrid propondr\u00e1n en Asamblea continuar con m\u00e1s paros parciales"},"previousItem":{"@type":"ListItem","@id":"https:\/\/eldigitaldeasturias.com\/magazine365#listItem","name":"Home"}},{"@type":"ListItem","@id":"https:\/\/eldigitaldeasturias.com\/magazine365\/los-sindicatos-de-metro-de-madrid-propondran-en-asamblea-continuar-con-mas-paros-parciales\/#listItem","position":3,"name":"Los sindicatos de Metro de Madrid propondr\u00e1n en Asamblea continuar con m\u00e1s paros parciales","previousItem":{"@type":"ListItem","@id":"https:\/\/eldigitaldeasturias.com\/magazine365\/category\/noticias-actualidad\/#listItem","name":"Noticias y Actualidad"}}]},{"@type":"Organization","@id":"https:\/\/eldigitaldeasturias.com\/magazine365\/#organization","name":"El digital de Asturias","description":"Revista de ocio, turismo y estilo de vida","url":"https:\/\/eldigitaldeasturias.com\/magazine365\/","logo":{"@type":"ImageObject","url":"https:\/\/www.eldigitaldeasturias.com\/noticias\/wp-content\/uploads\/2020\/12\/EDA.jpg","@id":"https:\/\/eldigitaldeasturias.com\/magazine365\/los-sindicatos-de-metro-de-madrid-propondran-en-asamblea-continuar-con-mas-paros-parciales\/#organizationLogo"},"image":{"@id":"https:\/\/eldigitaldeasturias.com\/magazine365\/los-sindicatos-de-metro-de-madrid-propondran-en-asamblea-continuar-con-mas-paros-parciales\/#organizationLogo"}},{"@type":"Person","@id":"https:\/\/eldigitaldeasturias.com\/magazine365\/author\/admin\/#author","url":"https:\/\/eldigitaldeasturias.com\/magazine365\/author\/admin\/","name":"admin","image":{"@type":"ImageObject","@id":"https:\/\/eldigitaldeasturias.com\/magazine365\/los-sindicatos-de-metro-de-madrid-propondran-en-asamblea-continuar-con-mas-paros-parciales\/#authorImage","url":"https:\/\/eldigitaldeasturias.com\/magazine365\/wp-content\/litespeed\/avatar\/e571bcf59a0edd6fa6838245a470f2fe.jpg?ver=1776969259","width":96,"height":96,"caption":"admin"}},{"@type":"WebPage","@id":"https:\/\/eldigitaldeasturias.com\/magazine365\/los-sindicatos-de-metro-de-madrid-propondran-en-asamblea-continuar-con-mas-paros-parciales\/#webpage","url":"https:\/\/eldigitaldeasturias.com\/magazine365\/los-sindicatos-de-metro-de-madrid-propondran-en-asamblea-continuar-con-mas-paros-parciales\/","name":"Los sindicatos de Metro de Madrid propondr\u00e1n en Asamblea continuar con m\u00e1s paros parciales | El Digital de Asturias","description":"Todos los sindicatos ligados a Metro de Madrid han valorado de \"insuficiente\" la propuesta ofrecida por la empresa sobre una jubilaci\u00f3n parcial, que solo afectar\u00eda \"a un n\u00famero determinado de la plantilla\", por lo que propondr\u00e1n nuevas jornadas de paros en el suburbano para los pr\u00f3ximos d\u00edas, ha informado a Europa Press el responsable de","inLanguage":"es-ES","isPartOf":{"@id":"https:\/\/eldigitaldeasturias.com\/magazine365\/#website"},"breadcrumb":{"@id":"https:\/\/eldigitaldeasturias.com\/magazine365\/los-sindicatos-de-metro-de-madrid-propondran-en-asamblea-continuar-con-mas-paros-parciales\/#breadcrumblist"},"author":{"@id":"https:\/\/eldigitaldeasturias.com\/magazine365\/author\/admin\/#author"},"creator":{"@id":"https:\/\/eldigitaldeasturias.com\/magazine365\/author\/admin\/#author"},"datePublished":"2016-06-20T23:38:03+02:00","dateModified":"2016-06-20T23:38:03+02:00"},{"@type":"WebSite","@id":"https:\/\/eldigitaldeasturias.com\/magazine365\/#website","url":"https:\/\/eldigitaldeasturias.com\/magazine365\/","name":"El Digital de Asturias","description":"Revista de ocio, turismo y estilo de vida","inLanguage":"es-ES","publisher":{"@id":"https:\/\/eldigitaldeasturias.com\/magazine365\/#organization"}}]},"og:locale":"es_ES","og:site_name":"El Digital de Asturias \u2013 Revista de ocio, turismo y estilo de vida","og:type":"article","og:title":"Los sindicatos de Metro de Madrid propondr\u00e1n en Asamblea continuar con m\u00e1s paros parciales | El Digital de Asturias","og:description":"Todos los sindicatos ligados a Metro de Madrid han valorado de &quot;insuficiente&quot; la propuesta ofrecida por la empresa sobre una jubilaci\u00f3n parcial, que solo afectar\u00eda &quot;a un n\u00famero determinado de la plantilla&quot;, por lo que propondr\u00e1n nuevas jornadas de paros en el suburbano para los pr\u00f3ximos d\u00edas, ha informado a Europa Press el responsable de","og:url":"https:\/\/eldigitaldeasturias.com\/magazine365\/los-sindicatos-de-metro-de-madrid-propondran-en-asamblea-continuar-con-mas-paros-parciales\/","og:image":"https:\/\/www.eldigitaldeasturias.com\/noticias\/wp-content\/uploads\/2020\/12\/EDA.jpg","og:image:secure_url":"https:\/\/www.eldigitaldeasturias.com\/noticias\/wp-content\/uploads\/2020\/12\/EDA.jpg","article:published_time":"2016-06-20T21:38:03+00:00","article:modified_time":"2016-06-20T21:38:03+00:00","twitter:card":"summary_large_image","twitter:title":"Los sindicatos de Metro de Madrid propondr\u00e1n en Asamblea continuar con m\u00e1s paros parciales | El Digital de Asturias","twitter:description":"Todos los sindicatos ligados a Metro de Madrid han valorado de &quot;insuficiente&quot; la propuesta ofrecida por la empresa sobre una jubilaci\u00f3n parcial, que solo afectar\u00eda &quot;a un n\u00famero determinado de la plantilla&quot;, por lo que propondr\u00e1n nuevas jornadas de paros en el suburbano para los pr\u00f3ximos d\u00edas, ha informado a Europa Press el responsable de","twitter:image":"https:\/\/www.eldigitaldeasturias.com\/noticias\/wp-content\/uploads\/2020\/12\/EDA.jpg"},"aioseo_meta_data":{"post_id":"80269","title":null,"description":null,"keywords":null,"keyphrases":null,"primary_term":null,"canonical_url":null,"og_title":null,"og_description":null,"og_object_type":"default","og_image_type":"default","og_image_url":null,"og_image_width":null,"og_image_height":null,"og_image_custom_url":null,"og_image_custom_fields":null,"og_video":null,"og_custom_url":null,"og_article_section":null,"og_article_tags":null,"twitter_use_og":false,"twitter_card":"default","twitter_image_type":"default","twitter_image_url":null,"twitter_image_custom_url":null,"twitter_image_custom_fields":null,"twitter_title":null,"twitter_description":null,"schema":{"blockGraphs":[],"customGraphs":[],"default":{"data":{"Article":[],"Course":[],"Dataset":[],"FAQPage":[],"Movie":[],"Person":[],"Product":[],"ProductReview":[],"Car":[],"Recipe":[],"Service":[],"SoftwareApplication":[],"WebPage":[]},"graphName":"","isEnabled":true},"graphs":[],"defaultGraph":"","defaultPostTypeGraph":""},"schema_type":null,"schema_type_options":null,"pillar_content":false,"robots_default":true,"robots_noindex":false,"robots_noarchive":false,"robots_nosnippet":false,"robots_nofollow":false,"robots_noimageindex":false,"robots_noodp":false,"robots_notranslate":false,"robots_max_snippet":null,"robots_max_videopreview":null,"robots_max_imagepreview":"large","priority":null,"frequency":null,"location":null,"local_seo":null,"seo_analyzer_scan_date":"2025-09-27 20:32:30","breadcrumb_settings":null,"limit_modified_date":false,"open_ai":null,"ai":null,"created":"2021-03-08 17:34:42","updated":"2025-09-27 20:32:30"},"aioseo_breadcrumb":"<div class=\"aioseo-breadcrumbs\"><span class=\"aioseo-breadcrumb\">\n\t<a href=\"https:\/\/eldigitaldeasturias.com\/magazine365\" title=\"Home\">Home<\/a>\n<\/span><span class=\"aioseo-breadcrumb-separator\">\u2013<\/span><span class=\"aioseo-breadcrumb\">\n\t<a href=\"https:\/\/eldigitaldeasturias.com\/magazine365\/category\/noticias-actualidad\/\" title=\"Noticias y Actualidad\">Noticias y Actualidad<\/a>\n<\/span><span class=\"aioseo-breadcrumb-separator\">\u2013<\/span><span class=\"aioseo-breadcrumb\">\n\t<a href=\"https:\/\/eldigitaldeasturias.com\/magazine365\/los-sindicatos-de-metro-de-madrid-propondran-en-asamblea-continuar-con-mas-paros-parciales\/\" title=\"Los sindicatos de Metro de Madrid propondr\u00e1n en Asamblea continuar con m\u00e1s paros parciales\">Los sindicatos de Metro de Madrid propondr\u00e1n en Asamblea continuar con m\u00e1s paros parciales<\/a>\n<\/span><\/div>","aioseo_breadcrumb_json":[{"label":"Home","link":"https:\/\/eldigitaldeasturias.com\/magazine365"},{"label":"Noticias y Actualidad","link":"https:\/\/eldigitaldeasturias.com\/magazine365\/category\/noticias-actualidad\/"},{"label":"Los sindicatos de Metro de Madrid propondr\u00e1n en Asamblea continuar con m\u00e1s paros parciales","link":"https:\/\/eldigitaldeasturias.com\/magazine365\/los-sindicatos-de-metro-de-madrid-propondran-en-asamblea-continuar-con-mas-paros-parciales\/"}],"_links":{"self":[{"href":"https:\/\/eldigitaldeasturias.com\/magazine365\/wp-json\/wp\/v2\/posts\/80269","targetHints":{"allow":["GET"]}}],"collection":[{"href":"https:\/\/eldigitaldeasturias.com\/magazine365\/wp-json\/wp\/v2\/posts"}],"about":[{"href":"https:\/\/eldigitaldeasturias.com\/magazine365\/wp-json\/wp\/v2\/types\/post"}],"author":[{"embeddable":true,"href":"https:\/\/eldigitaldeasturias.com\/magazine365\/wp-json\/wp\/v2\/users\/1"}],"replies":[{"embeddable":true,"href":"https:\/\/eldigitaldeasturias.com\/magazine365\/wp-json\/wp\/v2\/comments?post=80269"}],"version-history":[{"count":0,"href":"https:\/\/eldigitaldeasturias.com\/magazine365\/wp-json\/wp\/v2\/posts\/80269\/revisions"}],"wp:attachment":[{"href":"https:\/\/eldigitaldeasturias.com\/magazine365\/wp-json\/wp\/v2\/media?parent=80269"}],"wp:term":[{"taxonomy":"category","embeddable":true,"href":"https:\/\/eldigitaldeasturias.com\/magazine365\/wp-json\/wp\/v2\/categories?post=80269"},{"taxonomy":"post_tag","embeddable":true,"href":"https:\/\/eldigitaldeasturias.com\/magazine365\/wp-json\/wp\/v2\/tags?post=80269"}],"curies":[{"name":"wp","href":"https:\/\/api.w.org\/{rel}","templated":true}]}}