{"id":80262,"date":"2016-06-20T23:34:35","date_gmt":"2016-06-20T21:34:35","guid":{"rendered":"http:\/\/eldigitaldeasturias.com\/magazine365\/?p=80262"},"modified":"2016-06-20T23:34:43","modified_gmt":"2016-06-20T21:34:43","slug":"air-europa-no-cierra-la-puerta-a-volar-a-china-pero-reconoce-aun-no-es-el-momento","status":"publish","type":"post","link":"https:\/\/eldigitaldeasturias.com\/magazine365\/air-europa-no-cierra-la-puerta-a-volar-a-china-pero-reconoce-aun-no-es-el-momento\/","title":{"rendered":"Air Europa no cierra la puerta a volar a China pero reconoce a\u00fan no es el momento"},"content":{"rendered":"<p><img fetchpriority=\"high\" decoding=\"async\" class=\"alignleft size-medium wp-image-80263\" src=\"https:\/\/eldigitaldeasturias.com\/magazine365\/wp-content\/uploads\/2016\/06\/fotonoticia_20160620203948_800-360x240.jpg\" alt=\"fotonoticia_20160620203948_800\" width=\"360\" height=\"240\" srcset=\"https:\/\/eldigitaldeasturias.com\/magazine365\/wp-content\/uploads\/2016\/06\/fotonoticia_20160620203948_800-360x240.jpg 360w, https:\/\/eldigitaldeasturias.com\/magazine365\/wp-content\/uploads\/2016\/06\/fotonoticia_20160620203948_800-650x434.jpg 650w, https:\/\/eldigitaldeasturias.com\/magazine365\/wp-content\/uploads\/2016\/06\/fotonoticia_20160620203948_800-768x513.jpg 768w, https:\/\/eldigitaldeasturias.com\/magazine365\/wp-content\/uploads\/2016\/06\/fotonoticia_20160620203948_800-150x100.jpg 150w, https:\/\/eldigitaldeasturias.com\/magazine365\/wp-content\/uploads\/2016\/06\/fotonoticia_20160620203948_800-450x300.jpg 450w, https:\/\/eldigitaldeasturias.com\/magazine365\/wp-content\/uploads\/2016\/06\/fotonoticia_20160620203948_800-101x66.jpg 101w, https:\/\/eldigitaldeasturias.com\/magazine365\/wp-content\/uploads\/2016\/06\/fotonoticia_20160620203948_800.jpg 800w\" sizes=\"(max-width: 360px) 100vw, 360px\" \/>El presidente de Air Europa, Juan Jos\u00e9 Hidalgo, ha se\u00f1alado hoy que la aerol\u00ednea no cierra la puerta a volar a China, porque es \u00abel futuro\u00bb, aunque reconoce que no es el momento todav\u00eda para que la compa\u00f1\u00eda aterrice all\u00ed.<\/p>\n<p>\u00abHoy no tenemos medios, hoy no est\u00e1 planificado en nuestro plan empresarial acercarnos a China el a\u00f1o que viene\u00bb, ha apuntado el empresario, que se encuentra en Suiza para la inauguraci\u00f3n de la ruta entre Madrid y Z\u00farich, ciudad a la que emigr\u00f3 con 19 a\u00f1os.<\/p>\n<p>La aerol\u00ednea del grupo Globalia dej\u00f3 de operar la ruta Madrid-Pek\u00edn en octubre de 2006, tras un a\u00f1o y medio de su aventura en el mercado asi\u00e1tico, que abandon\u00f3 por no ser rentable. Air Europa hab\u00eda inaugurado la l\u00ednea en mayo de 2005 con vuelos a Shangh\u00e1i y Pek\u00edn.<\/p>\n<p>\u00abTenemos que tener m\u00e1s aviones, tenemos que tener m\u00e1s cosas\u00bb, ha apuntado el presidente de Globalia sobre una hipot\u00e9tica vuelta al pa\u00eds asi\u00e1tico y ha anunciado que a comienzos del pr\u00f3ximo a\u00f1o elevar\u00e1 su flota de Boeing 787-900 hasta 16 aeronaves.<\/p>\n<h2 class=\"ladillo\">NUEVAS RUTAS Y CRECIMIENTO PARA ESTE A\u00d1O<\/h2>\n<p>Hidalgo ha indicado que 2017 ser\u00e1 el momento de abrir rutas a M\u00e9xico DF, Panam\u00e1, R\u00edo de Janeiro (Brasil) y Santiago de Chile, que se sumar\u00edan a las que se estrenar\u00e1n este a\u00f1o: Bogot\u00e1 (Colombia), Guayaquil (Ecuador) y C\u00f3rdoba (Argentina).<\/p>\n<p>Finalmente, el presidente de Globalia ha estimado que el grupo superar\u00e1 este a\u00f1o el crecimiento registrado en 2014 tras haber desplomado sus beneficios un 85,3% en 2015, hasta 4,1 millones de euros.<\/p>\n","protected":false},"excerpt":{"rendered":"<p>El presidente de Air Europa, Juan Jos\u00e9 Hidalgo, ha se\u00f1alado hoy que la aerol\u00ednea no cierra la puerta a volar a China, porque es \u00abel futuro\u00bb, aunque reconoce que no es el momento todav\u00eda para que la compa\u00f1\u00eda aterrice all\u00ed. \u00abHoy no tenemos medios, hoy no est\u00e1 planificado en nuestro plan empresarial acercarnos a China<\/p>\n","protected":false},"author":1,"featured_media":80263,"comment_status":"open","ping_status":"closed","sticky":false,"template":"","format":"standard","meta":{"footnotes":""},"categories":[224],"tags":[],"class_list":{"0":"post-80262","1":"post","2":"type-post","3":"status-publish","4":"format-standard","5":"has-post-thumbnail","7":"category-noticias-actualidad"},"aioseo_notices":[],"aioseo_head":"\n\t\t<!-- All in One SEO Pro 4.9.6.1 - aioseo.com -->\n\t<meta name=\"description\" content=\"El presidente de Air Europa, Juan Jos\u00e9 Hidalgo, ha se\u00f1alado hoy que la aerol\u00ednea no cierra la puerta a volar a China, porque es &quot;el futuro&quot;, aunque reconoce que no es el momento todav\u00eda para que la compa\u00f1\u00eda aterrice all\u00ed. &quot;Hoy no tenemos medios, hoy no est\u00e1 planificado en nuestro plan empresarial acercarnos a China\" \/>\n\t<meta name=\"robots\" content=\"max-image-preview:large\" \/>\n\t<meta name=\"author\" content=\"admin\"\/>\n\t<meta name=\"google-site-verification\" content=\"UA-38556648-1\" \/>\n\t<meta name=\"keywords\" content=\"noticias y actualidad\" \/>\n\t<link rel=\"canonical\" href=\"https:\/\/eldigitaldeasturias.com\/magazine365\/air-europa-no-cierra-la-puerta-a-volar-a-china-pero-reconoce-aun-no-es-el-momento\/\" \/>\n\t<meta name=\"generator\" content=\"All in One SEO Pro (AIOSEO) 4.9.6.1\" \/>\n\t\t<meta property=\"og:locale\" content=\"es_ES\" \/>\n\t\t<meta property=\"og:site_name\" content=\"El Digital de Asturias \u2013 Revista de ocio, turismo y estilo de vida\" \/>\n\t\t<meta property=\"og:type\" content=\"article\" \/>\n\t\t<meta property=\"og:title\" content=\"Air Europa no cierra la puerta a volar a China pero reconoce a\u00fan no es el momento | El Digital de Asturias\" \/>\n\t\t<meta property=\"og:description\" content=\"El presidente de Air Europa, Juan Jos\u00e9 Hidalgo, ha se\u00f1alado hoy que la aerol\u00ednea no cierra la puerta a volar a China, porque es &quot;el futuro&quot;, aunque reconoce que no es el momento todav\u00eda para que la compa\u00f1\u00eda aterrice all\u00ed. &quot;Hoy no tenemos medios, hoy no est\u00e1 planificado en nuestro plan empresarial acercarnos a China\" \/>\n\t\t<meta property=\"og:url\" content=\"https:\/\/eldigitaldeasturias.com\/magazine365\/air-europa-no-cierra-la-puerta-a-volar-a-china-pero-reconoce-aun-no-es-el-momento\/\" \/>\n\t\t<meta property=\"og:image\" content=\"https:\/\/eldigitaldeasturias.com\/magazine365\/wp-content\/uploads\/2016\/06\/fotonoticia_20160620203948_800.jpg\" \/>\n\t\t<meta property=\"og:image:secure_url\" content=\"https:\/\/eldigitaldeasturias.com\/magazine365\/wp-content\/uploads\/2016\/06\/fotonoticia_20160620203948_800.jpg\" \/>\n\t\t<meta property=\"og:image:width\" content=\"800\" \/>\n\t\t<meta property=\"og:image:height\" content=\"534\" \/>\n\t\t<meta property=\"article:published_time\" content=\"2016-06-20T21:34:35+00:00\" \/>\n\t\t<meta property=\"article:modified_time\" content=\"2016-06-20T21:34:43+00:00\" \/>\n\t\t<meta name=\"twitter:card\" content=\"summary_large_image\" \/>\n\t\t<meta name=\"twitter:title\" content=\"Air Europa no cierra la puerta a volar a China pero reconoce a\u00fan no es el momento | El Digital de Asturias\" \/>\n\t\t<meta name=\"twitter:description\" content=\"El presidente de Air Europa, Juan Jos\u00e9 Hidalgo, ha se\u00f1alado hoy que la aerol\u00ednea no cierra la puerta a volar a China, porque es &quot;el futuro&quot;, aunque reconoce que no es el momento todav\u00eda para que la compa\u00f1\u00eda aterrice all\u00ed. &quot;Hoy no tenemos medios, hoy no est\u00e1 planificado en nuestro plan empresarial acercarnos a China\" \/>\n\t\t<meta name=\"twitter:image\" content=\"https:\/\/eldigitaldeasturias.com\/magazine365\/wp-content\/uploads\/2016\/06\/fotonoticia_20160620203948_800.jpg\" \/>\n\t\t<script type=\"application\/ld+json\" class=\"aioseo-schema\">\n\t\t\t{\"@context\":\"https:\\\/\\\/schema.org\",\"@graph\":[{\"@type\":\"Article\",\"@id\":\"https:\\\/\\\/eldigitaldeasturias.com\\\/magazine365\\\/air-europa-no-cierra-la-puerta-a-volar-a-china-pero-reconoce-aun-no-es-el-momento\\\/#article\",\"name\":\"Air Europa no cierra la puerta a volar a China pero reconoce a\\u00fan no es el momento | El Digital de Asturias\",\"headline\":\"Air Europa no cierra la puerta a volar a China pero reconoce a\\u00fan no es el momento\",\"author\":{\"@id\":\"https:\\\/\\\/eldigitaldeasturias.com\\\/magazine365\\\/author\\\/admin\\\/#author\"},\"publisher\":{\"@id\":\"https:\\\/\\\/eldigitaldeasturias.com\\\/magazine365\\\/#organization\"},\"image\":{\"@type\":\"ImageObject\",\"url\":\"https:\\\/\\\/eldigitaldeasturias.com\\\/magazine365\\\/wp-content\\\/uploads\\\/2016\\\/06\\\/fotonoticia_20160620203948_800.jpg\",\"width\":800,\"height\":534},\"datePublished\":\"2016-06-20T23:34:35+02:00\",\"dateModified\":\"2016-06-20T23:34:43+02:00\",\"inLanguage\":\"es-ES\",\"mainEntityOfPage\":{\"@id\":\"https:\\\/\\\/eldigitaldeasturias.com\\\/magazine365\\\/air-europa-no-cierra-la-puerta-a-volar-a-china-pero-reconoce-aun-no-es-el-momento\\\/#webpage\"},\"isPartOf\":{\"@id\":\"https:\\\/\\\/eldigitaldeasturias.com\\\/magazine365\\\/air-europa-no-cierra-la-puerta-a-volar-a-china-pero-reconoce-aun-no-es-el-momento\\\/#webpage\"},\"articleSection\":\"Noticias y Actualidad\"},{\"@type\":\"BreadcrumbList\",\"@id\":\"https:\\\/\\\/eldigitaldeasturias.com\\\/magazine365\\\/air-europa-no-cierra-la-puerta-a-volar-a-china-pero-reconoce-aun-no-es-el-momento\\\/#breadcrumblist\",\"itemListElement\":[{\"@type\":\"ListItem\",\"@id\":\"https:\\\/\\\/eldigitaldeasturias.com\\\/magazine365#listItem\",\"position\":1,\"name\":\"Home\",\"item\":\"https:\\\/\\\/eldigitaldeasturias.com\\\/magazine365\",\"nextItem\":{\"@type\":\"ListItem\",\"@id\":\"https:\\\/\\\/eldigitaldeasturias.com\\\/magazine365\\\/category\\\/noticias-actualidad\\\/#listItem\",\"name\":\"Noticias y Actualidad\"}},{\"@type\":\"ListItem\",\"@id\":\"https:\\\/\\\/eldigitaldeasturias.com\\\/magazine365\\\/category\\\/noticias-actualidad\\\/#listItem\",\"position\":2,\"name\":\"Noticias y Actualidad\",\"item\":\"https:\\\/\\\/eldigitaldeasturias.com\\\/magazine365\\\/category\\\/noticias-actualidad\\\/\",\"nextItem\":{\"@type\":\"ListItem\",\"@id\":\"https:\\\/\\\/eldigitaldeasturias.com\\\/magazine365\\\/air-europa-no-cierra-la-puerta-a-volar-a-china-pero-reconoce-aun-no-es-el-momento\\\/#listItem\",\"name\":\"Air Europa no cierra la puerta a volar a China pero reconoce a\\u00fan no es el momento\"},\"previousItem\":{\"@type\":\"ListItem\",\"@id\":\"https:\\\/\\\/eldigitaldeasturias.com\\\/magazine365#listItem\",\"name\":\"Home\"}},{\"@type\":\"ListItem\",\"@id\":\"https:\\\/\\\/eldigitaldeasturias.com\\\/magazine365\\\/air-europa-no-cierra-la-puerta-a-volar-a-china-pero-reconoce-aun-no-es-el-momento\\\/#listItem\",\"position\":3,\"name\":\"Air Europa no cierra la puerta a volar a China pero reconoce a\\u00fan no es el momento\",\"previousItem\":{\"@type\":\"ListItem\",\"@id\":\"https:\\\/\\\/eldigitaldeasturias.com\\\/magazine365\\\/category\\\/noticias-actualidad\\\/#listItem\",\"name\":\"Noticias y Actualidad\"}}]},{\"@type\":\"Organization\",\"@id\":\"https:\\\/\\\/eldigitaldeasturias.com\\\/magazine365\\\/#organization\",\"name\":\"El digital de Asturias\",\"description\":\"Revista de ocio, turismo y estilo de vida\",\"url\":\"https:\\\/\\\/eldigitaldeasturias.com\\\/magazine365\\\/\",\"logo\":{\"@type\":\"ImageObject\",\"url\":\"https:\\\/\\\/www.eldigitaldeasturias.com\\\/noticias\\\/wp-content\\\/uploads\\\/2020\\\/12\\\/EDA.jpg\",\"@id\":\"https:\\\/\\\/eldigitaldeasturias.com\\\/magazine365\\\/air-europa-no-cierra-la-puerta-a-volar-a-china-pero-reconoce-aun-no-es-el-momento\\\/#organizationLogo\"},\"image\":{\"@id\":\"https:\\\/\\\/eldigitaldeasturias.com\\\/magazine365\\\/air-europa-no-cierra-la-puerta-a-volar-a-china-pero-reconoce-aun-no-es-el-momento\\\/#organizationLogo\"}},{\"@type\":\"Person\",\"@id\":\"https:\\\/\\\/eldigitaldeasturias.com\\\/magazine365\\\/author\\\/admin\\\/#author\",\"url\":\"https:\\\/\\\/eldigitaldeasturias.com\\\/magazine365\\\/author\\\/admin\\\/\",\"name\":\"admin\",\"image\":{\"@type\":\"ImageObject\",\"@id\":\"https:\\\/\\\/eldigitaldeasturias.com\\\/magazine365\\\/air-europa-no-cierra-la-puerta-a-volar-a-china-pero-reconoce-aun-no-es-el-momento\\\/#authorImage\",\"url\":\"https:\\\/\\\/eldigitaldeasturias.com\\\/magazine365\\\/wp-content\\\/litespeed\\\/avatar\\\/e571bcf59a0edd6fa6838245a470f2fe.jpg?ver=1776969259\",\"width\":96,\"height\":96,\"caption\":\"admin\"}},{\"@type\":\"WebPage\",\"@id\":\"https:\\\/\\\/eldigitaldeasturias.com\\\/magazine365\\\/air-europa-no-cierra-la-puerta-a-volar-a-china-pero-reconoce-aun-no-es-el-momento\\\/#webpage\",\"url\":\"https:\\\/\\\/eldigitaldeasturias.com\\\/magazine365\\\/air-europa-no-cierra-la-puerta-a-volar-a-china-pero-reconoce-aun-no-es-el-momento\\\/\",\"name\":\"Air Europa no cierra la puerta a volar a China pero reconoce a\\u00fan no es el momento | El Digital de Asturias\",\"description\":\"El presidente de Air Europa, Juan Jos\\u00e9 Hidalgo, ha se\\u00f1alado hoy que la aerol\\u00ednea no cierra la puerta a volar a China, porque es \\\"el futuro\\\", aunque reconoce que no es el momento todav\\u00eda para que la compa\\u00f1\\u00eda aterrice all\\u00ed. \\\"Hoy no tenemos medios, hoy no est\\u00e1 planificado en nuestro plan empresarial acercarnos a China\",\"inLanguage\":\"es-ES\",\"isPartOf\":{\"@id\":\"https:\\\/\\\/eldigitaldeasturias.com\\\/magazine365\\\/#website\"},\"breadcrumb\":{\"@id\":\"https:\\\/\\\/eldigitaldeasturias.com\\\/magazine365\\\/air-europa-no-cierra-la-puerta-a-volar-a-china-pero-reconoce-aun-no-es-el-momento\\\/#breadcrumblist\"},\"author\":{\"@id\":\"https:\\\/\\\/eldigitaldeasturias.com\\\/magazine365\\\/author\\\/admin\\\/#author\"},\"creator\":{\"@id\":\"https:\\\/\\\/eldigitaldeasturias.com\\\/magazine365\\\/author\\\/admin\\\/#author\"},\"image\":{\"@type\":\"ImageObject\",\"url\":\"https:\\\/\\\/eldigitaldeasturias.com\\\/magazine365\\\/wp-content\\\/uploads\\\/2016\\\/06\\\/fotonoticia_20160620203948_800.jpg\",\"@id\":\"https:\\\/\\\/eldigitaldeasturias.com\\\/magazine365\\\/air-europa-no-cierra-la-puerta-a-volar-a-china-pero-reconoce-aun-no-es-el-momento\\\/#mainImage\",\"width\":800,\"height\":534},\"primaryImageOfPage\":{\"@id\":\"https:\\\/\\\/eldigitaldeasturias.com\\\/magazine365\\\/air-europa-no-cierra-la-puerta-a-volar-a-china-pero-reconoce-aun-no-es-el-momento\\\/#mainImage\"},\"datePublished\":\"2016-06-20T23:34:35+02:00\",\"dateModified\":\"2016-06-20T23:34:43+02:00\"},{\"@type\":\"WebSite\",\"@id\":\"https:\\\/\\\/eldigitaldeasturias.com\\\/magazine365\\\/#website\",\"url\":\"https:\\\/\\\/eldigitaldeasturias.com\\\/magazine365\\\/\",\"name\":\"El Digital de Asturias\",\"description\":\"Revista de ocio, turismo y estilo de vida\",\"inLanguage\":\"es-ES\",\"publisher\":{\"@id\":\"https:\\\/\\\/eldigitaldeasturias.com\\\/magazine365\\\/#organization\"}}]}\n\t\t<\/script>\n\t\t<!-- All in One SEO Pro -->\r\n\t\t<title>Air Europa no cierra la puerta a volar a China pero reconoce a\u00fan no es el momento | El Digital de Asturias<\/title>\n\n","aioseo_head_json":{"title":"Air Europa no cierra la puerta a volar a China pero reconoce a\u00fan no es el momento | El Digital de Asturias","description":"El presidente de Air Europa, Juan Jos\u00e9 Hidalgo, ha se\u00f1alado hoy que la aerol\u00ednea no cierra la puerta a volar a China, porque es \"el futuro\", aunque reconoce que no es el momento todav\u00eda para que la compa\u00f1\u00eda aterrice all\u00ed. \"Hoy no tenemos medios, hoy no est\u00e1 planificado en nuestro plan empresarial acercarnos a China","canonical_url":"https:\/\/eldigitaldeasturias.com\/magazine365\/air-europa-no-cierra-la-puerta-a-volar-a-china-pero-reconoce-aun-no-es-el-momento\/","robots":"max-image-preview:large","keywords":"noticias y actualidad","webmasterTools":{"google-site-verification":"UA-38556648-1","miscellaneous":""},"schema":{"@context":"https:\/\/schema.org","@graph":[{"@type":"Article","@id":"https:\/\/eldigitaldeasturias.com\/magazine365\/air-europa-no-cierra-la-puerta-a-volar-a-china-pero-reconoce-aun-no-es-el-momento\/#article","name":"Air Europa no cierra la puerta a volar a China pero reconoce a\u00fan no es el momento | El Digital de Asturias","headline":"Air Europa no cierra la puerta a volar a China pero reconoce a\u00fan no es el momento","author":{"@id":"https:\/\/eldigitaldeasturias.com\/magazine365\/author\/admin\/#author"},"publisher":{"@id":"https:\/\/eldigitaldeasturias.com\/magazine365\/#organization"},"image":{"@type":"ImageObject","url":"https:\/\/eldigitaldeasturias.com\/magazine365\/wp-content\/uploads\/2016\/06\/fotonoticia_20160620203948_800.jpg","width":800,"height":534},"datePublished":"2016-06-20T23:34:35+02:00","dateModified":"2016-06-20T23:34:43+02:00","inLanguage":"es-ES","mainEntityOfPage":{"@id":"https:\/\/eldigitaldeasturias.com\/magazine365\/air-europa-no-cierra-la-puerta-a-volar-a-china-pero-reconoce-aun-no-es-el-momento\/#webpage"},"isPartOf":{"@id":"https:\/\/eldigitaldeasturias.com\/magazine365\/air-europa-no-cierra-la-puerta-a-volar-a-china-pero-reconoce-aun-no-es-el-momento\/#webpage"},"articleSection":"Noticias y Actualidad"},{"@type":"BreadcrumbList","@id":"https:\/\/eldigitaldeasturias.com\/magazine365\/air-europa-no-cierra-la-puerta-a-volar-a-china-pero-reconoce-aun-no-es-el-momento\/#breadcrumblist","itemListElement":[{"@type":"ListItem","@id":"https:\/\/eldigitaldeasturias.com\/magazine365#listItem","position":1,"name":"Home","item":"https:\/\/eldigitaldeasturias.com\/magazine365","nextItem":{"@type":"ListItem","@id":"https:\/\/eldigitaldeasturias.com\/magazine365\/category\/noticias-actualidad\/#listItem","name":"Noticias y Actualidad"}},{"@type":"ListItem","@id":"https:\/\/eldigitaldeasturias.com\/magazine365\/category\/noticias-actualidad\/#listItem","position":2,"name":"Noticias y Actualidad","item":"https:\/\/eldigitaldeasturias.com\/magazine365\/category\/noticias-actualidad\/","nextItem":{"@type":"ListItem","@id":"https:\/\/eldigitaldeasturias.com\/magazine365\/air-europa-no-cierra-la-puerta-a-volar-a-china-pero-reconoce-aun-no-es-el-momento\/#listItem","name":"Air Europa no cierra la puerta a volar a China pero reconoce a\u00fan no es el momento"},"previousItem":{"@type":"ListItem","@id":"https:\/\/eldigitaldeasturias.com\/magazine365#listItem","name":"Home"}},{"@type":"ListItem","@id":"https:\/\/eldigitaldeasturias.com\/magazine365\/air-europa-no-cierra-la-puerta-a-volar-a-china-pero-reconoce-aun-no-es-el-momento\/#listItem","position":3,"name":"Air Europa no cierra la puerta a volar a China pero reconoce a\u00fan no es el momento","previousItem":{"@type":"ListItem","@id":"https:\/\/eldigitaldeasturias.com\/magazine365\/category\/noticias-actualidad\/#listItem","name":"Noticias y Actualidad"}}]},{"@type":"Organization","@id":"https:\/\/eldigitaldeasturias.com\/magazine365\/#organization","name":"El digital de Asturias","description":"Revista de ocio, turismo y estilo de vida","url":"https:\/\/eldigitaldeasturias.com\/magazine365\/","logo":{"@type":"ImageObject","url":"https:\/\/www.eldigitaldeasturias.com\/noticias\/wp-content\/uploads\/2020\/12\/EDA.jpg","@id":"https:\/\/eldigitaldeasturias.com\/magazine365\/air-europa-no-cierra-la-puerta-a-volar-a-china-pero-reconoce-aun-no-es-el-momento\/#organizationLogo"},"image":{"@id":"https:\/\/eldigitaldeasturias.com\/magazine365\/air-europa-no-cierra-la-puerta-a-volar-a-china-pero-reconoce-aun-no-es-el-momento\/#organizationLogo"}},{"@type":"Person","@id":"https:\/\/eldigitaldeasturias.com\/magazine365\/author\/admin\/#author","url":"https:\/\/eldigitaldeasturias.com\/magazine365\/author\/admin\/","name":"admin","image":{"@type":"ImageObject","@id":"https:\/\/eldigitaldeasturias.com\/magazine365\/air-europa-no-cierra-la-puerta-a-volar-a-china-pero-reconoce-aun-no-es-el-momento\/#authorImage","url":"https:\/\/eldigitaldeasturias.com\/magazine365\/wp-content\/litespeed\/avatar\/e571bcf59a0edd6fa6838245a470f2fe.jpg?ver=1776969259","width":96,"height":96,"caption":"admin"}},{"@type":"WebPage","@id":"https:\/\/eldigitaldeasturias.com\/magazine365\/air-europa-no-cierra-la-puerta-a-volar-a-china-pero-reconoce-aun-no-es-el-momento\/#webpage","url":"https:\/\/eldigitaldeasturias.com\/magazine365\/air-europa-no-cierra-la-puerta-a-volar-a-china-pero-reconoce-aun-no-es-el-momento\/","name":"Air Europa no cierra la puerta a volar a China pero reconoce a\u00fan no es el momento | El Digital de Asturias","description":"El presidente de Air Europa, Juan Jos\u00e9 Hidalgo, ha se\u00f1alado hoy que la aerol\u00ednea no cierra la puerta a volar a China, porque es \"el futuro\", aunque reconoce que no es el momento todav\u00eda para que la compa\u00f1\u00eda aterrice all\u00ed. \"Hoy no tenemos medios, hoy no est\u00e1 planificado en nuestro plan empresarial acercarnos a China","inLanguage":"es-ES","isPartOf":{"@id":"https:\/\/eldigitaldeasturias.com\/magazine365\/#website"},"breadcrumb":{"@id":"https:\/\/eldigitaldeasturias.com\/magazine365\/air-europa-no-cierra-la-puerta-a-volar-a-china-pero-reconoce-aun-no-es-el-momento\/#breadcrumblist"},"author":{"@id":"https:\/\/eldigitaldeasturias.com\/magazine365\/author\/admin\/#author"},"creator":{"@id":"https:\/\/eldigitaldeasturias.com\/magazine365\/author\/admin\/#author"},"image":{"@type":"ImageObject","url":"https:\/\/eldigitaldeasturias.com\/magazine365\/wp-content\/uploads\/2016\/06\/fotonoticia_20160620203948_800.jpg","@id":"https:\/\/eldigitaldeasturias.com\/magazine365\/air-europa-no-cierra-la-puerta-a-volar-a-china-pero-reconoce-aun-no-es-el-momento\/#mainImage","width":800,"height":534},"primaryImageOfPage":{"@id":"https:\/\/eldigitaldeasturias.com\/magazine365\/air-europa-no-cierra-la-puerta-a-volar-a-china-pero-reconoce-aun-no-es-el-momento\/#mainImage"},"datePublished":"2016-06-20T23:34:35+02:00","dateModified":"2016-06-20T23:34:43+02:00"},{"@type":"WebSite","@id":"https:\/\/eldigitaldeasturias.com\/magazine365\/#website","url":"https:\/\/eldigitaldeasturias.com\/magazine365\/","name":"El Digital de Asturias","description":"Revista de ocio, turismo y estilo de vida","inLanguage":"es-ES","publisher":{"@id":"https:\/\/eldigitaldeasturias.com\/magazine365\/#organization"}}]},"og:locale":"es_ES","og:site_name":"El Digital de Asturias \u2013 Revista de ocio, turismo y estilo de vida","og:type":"article","og:title":"Air Europa no cierra la puerta a volar a China pero reconoce a\u00fan no es el momento | El Digital de Asturias","og:description":"El presidente de Air Europa, Juan Jos\u00e9 Hidalgo, ha se\u00f1alado hoy que la aerol\u00ednea no cierra la puerta a volar a China, porque es &quot;el futuro&quot;, aunque reconoce que no es el momento todav\u00eda para que la compa\u00f1\u00eda aterrice all\u00ed. &quot;Hoy no tenemos medios, hoy no est\u00e1 planificado en nuestro plan empresarial acercarnos a China","og:url":"https:\/\/eldigitaldeasturias.com\/magazine365\/air-europa-no-cierra-la-puerta-a-volar-a-china-pero-reconoce-aun-no-es-el-momento\/","og:image":"https:\/\/eldigitaldeasturias.com\/magazine365\/wp-content\/uploads\/2016\/06\/fotonoticia_20160620203948_800.jpg","og:image:secure_url":"https:\/\/eldigitaldeasturias.com\/magazine365\/wp-content\/uploads\/2016\/06\/fotonoticia_20160620203948_800.jpg","og:image:width":800,"og:image:height":534,"article:published_time":"2016-06-20T21:34:35+00:00","article:modified_time":"2016-06-20T21:34:43+00:00","twitter:card":"summary_large_image","twitter:title":"Air Europa no cierra la puerta a volar a China pero reconoce a\u00fan no es el momento | El Digital de Asturias","twitter:description":"El presidente de Air Europa, Juan Jos\u00e9 Hidalgo, ha se\u00f1alado hoy que la aerol\u00ednea no cierra la puerta a volar a China, porque es &quot;el futuro&quot;, aunque reconoce que no es el momento todav\u00eda para que la compa\u00f1\u00eda aterrice all\u00ed. &quot;Hoy no tenemos medios, hoy no est\u00e1 planificado en nuestro plan empresarial acercarnos a China","twitter:image":"https:\/\/eldigitaldeasturias.com\/magazine365\/wp-content\/uploads\/2016\/06\/fotonoticia_20160620203948_800.jpg"},"aioseo_meta_data":{"post_id":"80262","title":null,"description":null,"keywords":null,"keyphrases":null,"primary_term":null,"canonical_url":null,"og_title":null,"og_description":null,"og_object_type":"default","og_image_type":"default","og_image_url":null,"og_image_width":null,"og_image_height":null,"og_image_custom_url":null,"og_image_custom_fields":null,"og_video":null,"og_custom_url":null,"og_article_section":null,"og_article_tags":null,"twitter_use_og":false,"twitter_card":"default","twitter_image_type":"default","twitter_image_url":null,"twitter_image_custom_url":null,"twitter_image_custom_fields":null,"twitter_title":null,"twitter_description":null,"schema":{"blockGraphs":[],"customGraphs":[],"default":{"data":{"Article":[],"Course":[],"Dataset":[],"FAQPage":[],"Movie":[],"Person":[],"Product":[],"ProductReview":[],"Car":[],"Recipe":[],"Service":[],"SoftwareApplication":[],"WebPage":[]},"graphName":"","isEnabled":true},"graphs":[],"defaultGraph":"","defaultPostTypeGraph":""},"schema_type":null,"schema_type_options":null,"pillar_content":false,"robots_default":true,"robots_noindex":false,"robots_noarchive":false,"robots_nosnippet":false,"robots_nofollow":false,"robots_noimageindex":false,"robots_noodp":false,"robots_notranslate":false,"robots_max_snippet":null,"robots_max_videopreview":null,"robots_max_imagepreview":"large","priority":null,"frequency":null,"location":null,"local_seo":null,"seo_analyzer_scan_date":"2025-09-27 20:30:30","breadcrumb_settings":null,"limit_modified_date":false,"open_ai":null,"ai":null,"created":"2021-03-08 17:34:42","updated":"2025-09-27 20:30:30"},"aioseo_breadcrumb":"<div class=\"aioseo-breadcrumbs\"><span class=\"aioseo-breadcrumb\">\n\t<a href=\"https:\/\/eldigitaldeasturias.com\/magazine365\" title=\"Home\">Home<\/a>\n<\/span><span class=\"aioseo-breadcrumb-separator\">\u2013<\/span><span class=\"aioseo-breadcrumb\">\n\t<a href=\"https:\/\/eldigitaldeasturias.com\/magazine365\/category\/noticias-actualidad\/\" title=\"Noticias y Actualidad\">Noticias y Actualidad<\/a>\n<\/span><span class=\"aioseo-breadcrumb-separator\">\u2013<\/span><span class=\"aioseo-breadcrumb\">\n\t<a href=\"https:\/\/eldigitaldeasturias.com\/magazine365\/air-europa-no-cierra-la-puerta-a-volar-a-china-pero-reconoce-aun-no-es-el-momento\/\" title=\"Air Europa no cierra la puerta a volar a China pero reconoce a\u00fan no es el momento\">Air Europa no cierra la puerta a volar a China pero reconoce a\u00fan no es el momento<\/a>\n<\/span><\/div>","aioseo_breadcrumb_json":[{"label":"Home","link":"https:\/\/eldigitaldeasturias.com\/magazine365"},{"label":"Noticias y Actualidad","link":"https:\/\/eldigitaldeasturias.com\/magazine365\/category\/noticias-actualidad\/"},{"label":"Air Europa no cierra la puerta a volar a China pero reconoce a\u00fan no es el momento","link":"https:\/\/eldigitaldeasturias.com\/magazine365\/air-europa-no-cierra-la-puerta-a-volar-a-china-pero-reconoce-aun-no-es-el-momento\/"}],"_links":{"self":[{"href":"https:\/\/eldigitaldeasturias.com\/magazine365\/wp-json\/wp\/v2\/posts\/80262","targetHints":{"allow":["GET"]}}],"collection":[{"href":"https:\/\/eldigitaldeasturias.com\/magazine365\/wp-json\/wp\/v2\/posts"}],"about":[{"href":"https:\/\/eldigitaldeasturias.com\/magazine365\/wp-json\/wp\/v2\/types\/post"}],"author":[{"embeddable":true,"href":"https:\/\/eldigitaldeasturias.com\/magazine365\/wp-json\/wp\/v2\/users\/1"}],"replies":[{"embeddable":true,"href":"https:\/\/eldigitaldeasturias.com\/magazine365\/wp-json\/wp\/v2\/comments?post=80262"}],"version-history":[{"count":0,"href":"https:\/\/eldigitaldeasturias.com\/magazine365\/wp-json\/wp\/v2\/posts\/80262\/revisions"}],"wp:featuredmedia":[{"embeddable":true,"href":"https:\/\/eldigitaldeasturias.com\/magazine365\/wp-json\/wp\/v2\/media\/80263"}],"wp:attachment":[{"href":"https:\/\/eldigitaldeasturias.com\/magazine365\/wp-json\/wp\/v2\/media?parent=80262"}],"wp:term":[{"taxonomy":"category","embeddable":true,"href":"https:\/\/eldigitaldeasturias.com\/magazine365\/wp-json\/wp\/v2\/categories?post=80262"},{"taxonomy":"post_tag","embeddable":true,"href":"https:\/\/eldigitaldeasturias.com\/magazine365\/wp-json\/wp\/v2\/tags?post=80262"}],"curies":[{"name":"wp","href":"https:\/\/api.w.org\/{rel}","templated":true}]}}