{"id":80259,"date":"2016-06-20T23:33:44","date_gmt":"2016-06-20T21:33:44","guid":{"rendered":"http:\/\/eldigitaldeasturias.com\/magazine365\/?p=80259"},"modified":"2016-06-20T23:33:44","modified_gmt":"2016-06-20T21:33:44","slug":"hidalgo-dice-que-la-concesion-de-los-viajes-del-imserso-fue-un-gran-error-y-que-el-tema-no-esta-zanjado","status":"publish","type":"post","link":"https:\/\/eldigitaldeasturias.com\/magazine365\/hidalgo-dice-que-la-concesion-de-los-viajes-del-imserso-fue-un-gran-error-y-que-el-tema-no-esta-zanjado\/","title":{"rendered":"Hidalgo dice que la concesi\u00f3n de los viajes del Imserso fue \u00abun gran error\u00bb y que el tema no est\u00e1 zanjado"},"content":{"rendered":"<p><img fetchpriority=\"high\" decoding=\"async\" class=\"alignleft size-medium wp-image-80260\" src=\"https:\/\/eldigitaldeasturias.com\/magazine365\/wp-content\/uploads\/2016\/06\/fotonoticia_20160620203320_800-360x239.jpg\" alt=\"fotonoticia_20160620203320_800\" width=\"360\" height=\"239\" srcset=\"https:\/\/eldigitaldeasturias.com\/magazine365\/wp-content\/uploads\/2016\/06\/fotonoticia_20160620203320_800-360x239.jpg 360w, https:\/\/eldigitaldeasturias.com\/magazine365\/wp-content\/uploads\/2016\/06\/fotonoticia_20160620203320_800-650x431.jpg 650w, https:\/\/eldigitaldeasturias.com\/magazine365\/wp-content\/uploads\/2016\/06\/fotonoticia_20160620203320_800-768x510.jpg 768w, https:\/\/eldigitaldeasturias.com\/magazine365\/wp-content\/uploads\/2016\/06\/fotonoticia_20160620203320_800-150x100.jpg 150w, https:\/\/eldigitaldeasturias.com\/magazine365\/wp-content\/uploads\/2016\/06\/fotonoticia_20160620203320_800-450x299.jpg 450w, https:\/\/eldigitaldeasturias.com\/magazine365\/wp-content\/uploads\/2016\/06\/fotonoticia_20160620203320_800-121x79.jpg 121w, https:\/\/eldigitaldeasturias.com\/magazine365\/wp-content\/uploads\/2016\/06\/fotonoticia_20160620203320_800-101x66.jpg 101w, https:\/\/eldigitaldeasturias.com\/magazine365\/wp-content\/uploads\/2016\/06\/fotonoticia_20160620203320_800.jpg 800w\" sizes=\"(max-width: 360px) 100vw, 360px\" \/>El presidente de Globalia, Juan Jos\u00e9 Hidalgo, ha afirmado que la concesi\u00f3n de los viajes del Imserso fue \u00abun gran error\u00bb y que el tema no est\u00e1 zanjado, ya que espera las consecuencias del recurso que interpuso contra la adjudicaci\u00f3n.<\/p>\n<p>\u00abNosotros tenemos recurrida la concesi\u00f3n, porque creo que se cometi\u00f3 un gran error en concederlo a unas empresas que no ten\u00edan experiencia y no ten\u00edan licencia, algo que est\u00e1 totalmente fuera de la ley\u00bb, ha apuntado el presidente de Globalia en declaraciones a los medios en Z\u00farich, adonde ha viajado este lunes en el vuelo inaugural de la l\u00ednea entre Madrid y la ciudad suiza.<\/p>\n<p>Hidalgo, que opin\u00f3 que con la nueva concesi\u00f3n se \u00abquiso dar un golpe de Estado a una trayectoria de 25 a\u00f1os\u00bb, asegur\u00f3 que \u00abnunca en la historia del programa de viajes del Imserso hubo problemas\u00bb. \u00abHan pagado las consecuencias y las van a seguir pagando\u00bb, apunt\u00f3.<\/p>\n<p>Mundiplan, la UTE conformada por Iberia, Alsa, Gowaii e IAG7 Viajes, se adjudic\u00f3 el lote 2 de viajes a Canarias y Baleares del programa de vacaciones para mayores del Imserso, y fue penalizada por el organismo con 1,98 millones de euros, equivalente al 1% del importe de adjudicaci\u00f3n, por la falta de disponibilidad de plazas hoteleras.<\/p>\n<p>Los lotes 1 y 3 de costa peninsular y turismo interior de los viajes del Imserso se adjudicaron a Mundosenior, la UTE integrada por Globalia (Viajes Halc\u00f3n) y Barcel\u00f3 (Viajes Barcel\u00f3).<\/p>\n<p>Tras la concesi\u00f3n, que fue revisada y ratificada por el Imserso, Mundosenior (Globalia y Barcel\u00f3 Viajes) presentaron ante la Audiencia Nacional (AN) un recurso contra el Tribunal Administrativo Central de Recursos Contractuales (TACRC) por el cambio de criterios en el concurso de los viajes del Imserso.<\/p>\n<h2 class=\"ladillo\">A FAVOR DE LA TARIFA \u00daNICA<\/h2>\n<p>En relaci\u00f3n con la investigaci\u00f3n abierta por la Unidad de Delincuencia Econ\u00f3mica y Fiscal (UDEF) a Air Europa por presunta estafa a la hora de recibir subvenciones estatales por los vuelos de Canarias a la Pen\u00ednsula, Hidalgo ha se\u00f1alado que su compa\u00f1\u00eda ha \u00ababierto las puertas de par en par\u00bb a \u00abla Guardia Civil, la Justicia, a todo el mundo\u00bb.<\/p>\n<p>\u00abSe ha demostrado que la empresa todo lo ten\u00eda claro, todo lo ten\u00eda contabilizado y todo sobre unos criterios interpretativos, que no ha habido nunca una ley clara\u00bb, ha se\u00f1alado Hidalgo, para quien esta ley \u00abno se ha actualizado\u00bb. En su opini\u00f3n, es necesario que exista solamente una tarifa \u00fanica para los residentes en las islas.<\/p>\n<p>Globalia desembols\u00f3 37 millones de euros por la aplicaci\u00f3n incorrecta de las bonificaciones en las tarifas de los servicios regulares de transporte a\u00e9reo para los residentes en Canarias, Baleares, Ceuta y Melilla, seg\u00fan la memoria anual del grupo tur\u00edstico correspondiente a 2015.<\/p>\n<p>El Ministerio de Fomento se ha comprometido a trabajar por la instauraci\u00f3n de la tarifa plana de 30 euros para los vuelos entre islas.<\/p>\n","protected":false},"excerpt":{"rendered":"<p>El presidente de Globalia, Juan Jos\u00e9 Hidalgo, ha afirmado que la concesi\u00f3n de los viajes del Imserso fue \u00abun gran error\u00bb y que el tema no est\u00e1 zanjado, ya que espera las consecuencias del recurso que interpuso contra la adjudicaci\u00f3n. \u00abNosotros tenemos recurrida la concesi\u00f3n, porque creo que se cometi\u00f3 un gran error en concederlo<\/p>\n","protected":false},"author":1,"featured_media":80260,"comment_status":"open","ping_status":"closed","sticky":false,"template":"","format":"standard","meta":{"footnotes":""},"categories":[224],"tags":[],"class_list":{"0":"post-80259","1":"post","2":"type-post","3":"status-publish","4":"format-standard","5":"has-post-thumbnail","7":"category-noticias-actualidad"},"aioseo_notices":[],"aioseo_head":"\n\t\t<!-- All in One SEO Pro 4.9.6.1 - aioseo.com -->\n\t<meta name=\"description\" content=\"El presidente de Globalia, Juan Jos\u00e9 Hidalgo, ha afirmado que la concesi\u00f3n de los viajes del Imserso fue &quot;un gran error&quot; y que el tema no est\u00e1 zanjado, ya que espera las consecuencias del recurso que interpuso contra la adjudicaci\u00f3n. &quot;Nosotros tenemos recurrida la concesi\u00f3n, porque creo que se cometi\u00f3 un gran error en concederlo\" \/>\n\t<meta name=\"robots\" content=\"max-image-preview:large\" \/>\n\t<meta name=\"author\" content=\"admin\"\/>\n\t<meta name=\"google-site-verification\" content=\"UA-38556648-1\" \/>\n\t<meta name=\"keywords\" content=\"noticias y actualidad\" \/>\n\t<link rel=\"canonical\" href=\"https:\/\/eldigitaldeasturias.com\/magazine365\/hidalgo-dice-que-la-concesion-de-los-viajes-del-imserso-fue-un-gran-error-y-que-el-tema-no-esta-zanjado\/\" \/>\n\t<meta name=\"generator\" content=\"All in One SEO Pro (AIOSEO) 4.9.6.1\" \/>\n\t\t<meta property=\"og:locale\" content=\"es_ES\" \/>\n\t\t<meta property=\"og:site_name\" content=\"El Digital de Asturias \u2013 Revista de ocio, turismo y estilo de vida\" \/>\n\t\t<meta property=\"og:type\" content=\"article\" \/>\n\t\t<meta property=\"og:title\" content=\"Hidalgo dice que la concesi\u00f3n de los viajes del Imserso fue \u00abun gran error\u00bb y que el tema no est\u00e1 zanjado | El Digital de Asturias\" \/>\n\t\t<meta property=\"og:description\" content=\"El presidente de Globalia, Juan Jos\u00e9 Hidalgo, ha afirmado que la concesi\u00f3n de los viajes del Imserso fue &quot;un gran error&quot; y que el tema no est\u00e1 zanjado, ya que espera las consecuencias del recurso que interpuso contra la adjudicaci\u00f3n. &quot;Nosotros tenemos recurrida la concesi\u00f3n, porque creo que se cometi\u00f3 un gran error en concederlo\" \/>\n\t\t<meta property=\"og:url\" content=\"https:\/\/eldigitaldeasturias.com\/magazine365\/hidalgo-dice-que-la-concesion-de-los-viajes-del-imserso-fue-un-gran-error-y-que-el-tema-no-esta-zanjado\/\" \/>\n\t\t<meta property=\"og:image\" content=\"https:\/\/eldigitaldeasturias.com\/magazine365\/wp-content\/uploads\/2016\/06\/fotonoticia_20160620203320_800.jpg\" \/>\n\t\t<meta property=\"og:image:secure_url\" content=\"https:\/\/eldigitaldeasturias.com\/magazine365\/wp-content\/uploads\/2016\/06\/fotonoticia_20160620203320_800.jpg\" \/>\n\t\t<meta property=\"og:image:width\" content=\"800\" \/>\n\t\t<meta property=\"og:image:height\" content=\"531\" \/>\n\t\t<meta property=\"article:published_time\" content=\"2016-06-20T21:33:44+00:00\" \/>\n\t\t<meta property=\"article:modified_time\" content=\"2016-06-20T21:33:44+00:00\" \/>\n\t\t<meta name=\"twitter:card\" content=\"summary_large_image\" \/>\n\t\t<meta name=\"twitter:title\" content=\"Hidalgo dice que la concesi\u00f3n de los viajes del Imserso fue \u00abun gran error\u00bb y que el tema no est\u00e1 zanjado | El Digital de Asturias\" \/>\n\t\t<meta name=\"twitter:description\" content=\"El presidente de Globalia, Juan Jos\u00e9 Hidalgo, ha afirmado que la concesi\u00f3n de los viajes del Imserso fue &quot;un gran error&quot; y que el tema no est\u00e1 zanjado, ya que espera las consecuencias del recurso que interpuso contra la adjudicaci\u00f3n. &quot;Nosotros tenemos recurrida la concesi\u00f3n, porque creo que se cometi\u00f3 un gran error en concederlo\" \/>\n\t\t<meta name=\"twitter:image\" content=\"https:\/\/eldigitaldeasturias.com\/magazine365\/wp-content\/uploads\/2016\/06\/fotonoticia_20160620203320_800.jpg\" \/>\n\t\t<script type=\"application\/ld+json\" class=\"aioseo-schema\">\n\t\t\t{\"@context\":\"https:\\\/\\\/schema.org\",\"@graph\":[{\"@type\":\"Article\",\"@id\":\"https:\\\/\\\/eldigitaldeasturias.com\\\/magazine365\\\/hidalgo-dice-que-la-concesion-de-los-viajes-del-imserso-fue-un-gran-error-y-que-el-tema-no-esta-zanjado\\\/#article\",\"name\":\"Hidalgo dice que la concesi\\u00f3n de los viajes del Imserso fue \\u00abun gran error\\u00bb y que el tema no est\\u00e1 zanjado | El Digital de Asturias\",\"headline\":\"Hidalgo dice que la concesi\\u00f3n de los viajes del Imserso fue \\u00abun gran error\\u00bb y que el tema no est\\u00e1 zanjado\",\"author\":{\"@id\":\"https:\\\/\\\/eldigitaldeasturias.com\\\/magazine365\\\/author\\\/admin\\\/#author\"},\"publisher\":{\"@id\":\"https:\\\/\\\/eldigitaldeasturias.com\\\/magazine365\\\/#organization\"},\"image\":{\"@type\":\"ImageObject\",\"url\":\"https:\\\/\\\/eldigitaldeasturias.com\\\/magazine365\\\/wp-content\\\/uploads\\\/2016\\\/06\\\/fotonoticia_20160620203320_800.jpg\",\"width\":800,\"height\":531},\"datePublished\":\"2016-06-20T23:33:44+02:00\",\"dateModified\":\"2016-06-20T23:33:44+02:00\",\"inLanguage\":\"es-ES\",\"mainEntityOfPage\":{\"@id\":\"https:\\\/\\\/eldigitaldeasturias.com\\\/magazine365\\\/hidalgo-dice-que-la-concesion-de-los-viajes-del-imserso-fue-un-gran-error-y-que-el-tema-no-esta-zanjado\\\/#webpage\"},\"isPartOf\":{\"@id\":\"https:\\\/\\\/eldigitaldeasturias.com\\\/magazine365\\\/hidalgo-dice-que-la-concesion-de-los-viajes-del-imserso-fue-un-gran-error-y-que-el-tema-no-esta-zanjado\\\/#webpage\"},\"articleSection\":\"Noticias y Actualidad\"},{\"@type\":\"BreadcrumbList\",\"@id\":\"https:\\\/\\\/eldigitaldeasturias.com\\\/magazine365\\\/hidalgo-dice-que-la-concesion-de-los-viajes-del-imserso-fue-un-gran-error-y-que-el-tema-no-esta-zanjado\\\/#breadcrumblist\",\"itemListElement\":[{\"@type\":\"ListItem\",\"@id\":\"https:\\\/\\\/eldigitaldeasturias.com\\\/magazine365#listItem\",\"position\":1,\"name\":\"Home\",\"item\":\"https:\\\/\\\/eldigitaldeasturias.com\\\/magazine365\",\"nextItem\":{\"@type\":\"ListItem\",\"@id\":\"https:\\\/\\\/eldigitaldeasturias.com\\\/magazine365\\\/category\\\/noticias-actualidad\\\/#listItem\",\"name\":\"Noticias y Actualidad\"}},{\"@type\":\"ListItem\",\"@id\":\"https:\\\/\\\/eldigitaldeasturias.com\\\/magazine365\\\/category\\\/noticias-actualidad\\\/#listItem\",\"position\":2,\"name\":\"Noticias y Actualidad\",\"item\":\"https:\\\/\\\/eldigitaldeasturias.com\\\/magazine365\\\/category\\\/noticias-actualidad\\\/\",\"nextItem\":{\"@type\":\"ListItem\",\"@id\":\"https:\\\/\\\/eldigitaldeasturias.com\\\/magazine365\\\/hidalgo-dice-que-la-concesion-de-los-viajes-del-imserso-fue-un-gran-error-y-que-el-tema-no-esta-zanjado\\\/#listItem\",\"name\":\"Hidalgo dice que la concesi\\u00f3n de los viajes del Imserso fue \\u00abun gran error\\u00bb y que el tema no est\\u00e1 zanjado\"},\"previousItem\":{\"@type\":\"ListItem\",\"@id\":\"https:\\\/\\\/eldigitaldeasturias.com\\\/magazine365#listItem\",\"name\":\"Home\"}},{\"@type\":\"ListItem\",\"@id\":\"https:\\\/\\\/eldigitaldeasturias.com\\\/magazine365\\\/hidalgo-dice-que-la-concesion-de-los-viajes-del-imserso-fue-un-gran-error-y-que-el-tema-no-esta-zanjado\\\/#listItem\",\"position\":3,\"name\":\"Hidalgo dice que la concesi\\u00f3n de los viajes del Imserso fue \\u00abun gran error\\u00bb y que el tema no est\\u00e1 zanjado\",\"previousItem\":{\"@type\":\"ListItem\",\"@id\":\"https:\\\/\\\/eldigitaldeasturias.com\\\/magazine365\\\/category\\\/noticias-actualidad\\\/#listItem\",\"name\":\"Noticias y Actualidad\"}}]},{\"@type\":\"Organization\",\"@id\":\"https:\\\/\\\/eldigitaldeasturias.com\\\/magazine365\\\/#organization\",\"name\":\"El digital de Asturias\",\"description\":\"Revista de ocio, turismo y estilo de vida\",\"url\":\"https:\\\/\\\/eldigitaldeasturias.com\\\/magazine365\\\/\",\"logo\":{\"@type\":\"ImageObject\",\"url\":\"https:\\\/\\\/www.eldigitaldeasturias.com\\\/noticias\\\/wp-content\\\/uploads\\\/2020\\\/12\\\/EDA.jpg\",\"@id\":\"https:\\\/\\\/eldigitaldeasturias.com\\\/magazine365\\\/hidalgo-dice-que-la-concesion-de-los-viajes-del-imserso-fue-un-gran-error-y-que-el-tema-no-esta-zanjado\\\/#organizationLogo\"},\"image\":{\"@id\":\"https:\\\/\\\/eldigitaldeasturias.com\\\/magazine365\\\/hidalgo-dice-que-la-concesion-de-los-viajes-del-imserso-fue-un-gran-error-y-que-el-tema-no-esta-zanjado\\\/#organizationLogo\"}},{\"@type\":\"Person\",\"@id\":\"https:\\\/\\\/eldigitaldeasturias.com\\\/magazine365\\\/author\\\/admin\\\/#author\",\"url\":\"https:\\\/\\\/eldigitaldeasturias.com\\\/magazine365\\\/author\\\/admin\\\/\",\"name\":\"admin\",\"image\":{\"@type\":\"ImageObject\",\"@id\":\"https:\\\/\\\/eldigitaldeasturias.com\\\/magazine365\\\/hidalgo-dice-que-la-concesion-de-los-viajes-del-imserso-fue-un-gran-error-y-que-el-tema-no-esta-zanjado\\\/#authorImage\",\"url\":\"https:\\\/\\\/eldigitaldeasturias.com\\\/magazine365\\\/wp-content\\\/litespeed\\\/avatar\\\/e571bcf59a0edd6fa6838245a470f2fe.jpg?ver=1776969259\",\"width\":96,\"height\":96,\"caption\":\"admin\"}},{\"@type\":\"WebPage\",\"@id\":\"https:\\\/\\\/eldigitaldeasturias.com\\\/magazine365\\\/hidalgo-dice-que-la-concesion-de-los-viajes-del-imserso-fue-un-gran-error-y-que-el-tema-no-esta-zanjado\\\/#webpage\",\"url\":\"https:\\\/\\\/eldigitaldeasturias.com\\\/magazine365\\\/hidalgo-dice-que-la-concesion-de-los-viajes-del-imserso-fue-un-gran-error-y-que-el-tema-no-esta-zanjado\\\/\",\"name\":\"Hidalgo dice que la concesi\\u00f3n de los viajes del Imserso fue \\u00abun gran error\\u00bb y que el tema no est\\u00e1 zanjado | El Digital de Asturias\",\"description\":\"El presidente de Globalia, Juan Jos\\u00e9 Hidalgo, ha afirmado que la concesi\\u00f3n de los viajes del Imserso fue \\\"un gran error\\\" y que el tema no est\\u00e1 zanjado, ya que espera las consecuencias del recurso que interpuso contra la adjudicaci\\u00f3n. \\\"Nosotros tenemos recurrida la concesi\\u00f3n, porque creo que se cometi\\u00f3 un gran error en concederlo\",\"inLanguage\":\"es-ES\",\"isPartOf\":{\"@id\":\"https:\\\/\\\/eldigitaldeasturias.com\\\/magazine365\\\/#website\"},\"breadcrumb\":{\"@id\":\"https:\\\/\\\/eldigitaldeasturias.com\\\/magazine365\\\/hidalgo-dice-que-la-concesion-de-los-viajes-del-imserso-fue-un-gran-error-y-que-el-tema-no-esta-zanjado\\\/#breadcrumblist\"},\"author\":{\"@id\":\"https:\\\/\\\/eldigitaldeasturias.com\\\/magazine365\\\/author\\\/admin\\\/#author\"},\"creator\":{\"@id\":\"https:\\\/\\\/eldigitaldeasturias.com\\\/magazine365\\\/author\\\/admin\\\/#author\"},\"image\":{\"@type\":\"ImageObject\",\"url\":\"https:\\\/\\\/eldigitaldeasturias.com\\\/magazine365\\\/wp-content\\\/uploads\\\/2016\\\/06\\\/fotonoticia_20160620203320_800.jpg\",\"@id\":\"https:\\\/\\\/eldigitaldeasturias.com\\\/magazine365\\\/hidalgo-dice-que-la-concesion-de-los-viajes-del-imserso-fue-un-gran-error-y-que-el-tema-no-esta-zanjado\\\/#mainImage\",\"width\":800,\"height\":531},\"primaryImageOfPage\":{\"@id\":\"https:\\\/\\\/eldigitaldeasturias.com\\\/magazine365\\\/hidalgo-dice-que-la-concesion-de-los-viajes-del-imserso-fue-un-gran-error-y-que-el-tema-no-esta-zanjado\\\/#mainImage\"},\"datePublished\":\"2016-06-20T23:33:44+02:00\",\"dateModified\":\"2016-06-20T23:33:44+02:00\"},{\"@type\":\"WebSite\",\"@id\":\"https:\\\/\\\/eldigitaldeasturias.com\\\/magazine365\\\/#website\",\"url\":\"https:\\\/\\\/eldigitaldeasturias.com\\\/magazine365\\\/\",\"name\":\"El Digital de Asturias\",\"description\":\"Revista de ocio, turismo y estilo de vida\",\"inLanguage\":\"es-ES\",\"publisher\":{\"@id\":\"https:\\\/\\\/eldigitaldeasturias.com\\\/magazine365\\\/#organization\"}}]}\n\t\t<\/script>\n\t\t<!-- All in One SEO Pro -->\r\n\t\t<title>Hidalgo dice que la concesi\u00f3n de los viajes del Imserso fue \u00abun gran error\u00bb y que el tema no est\u00e1 zanjado | El Digital de Asturias<\/title>\n\n","aioseo_head_json":{"title":"Hidalgo dice que la concesi\u00f3n de los viajes del Imserso fue \u00abun gran error\u00bb y que el tema no est\u00e1 zanjado | El Digital de Asturias","description":"El presidente de Globalia, Juan Jos\u00e9 Hidalgo, ha afirmado que la concesi\u00f3n de los viajes del Imserso fue \"un gran error\" y que el tema no est\u00e1 zanjado, ya que espera las consecuencias del recurso que interpuso contra la adjudicaci\u00f3n. \"Nosotros tenemos recurrida la concesi\u00f3n, porque creo que se cometi\u00f3 un gran error en concederlo","canonical_url":"https:\/\/eldigitaldeasturias.com\/magazine365\/hidalgo-dice-que-la-concesion-de-los-viajes-del-imserso-fue-un-gran-error-y-que-el-tema-no-esta-zanjado\/","robots":"max-image-preview:large","keywords":"noticias y actualidad","webmasterTools":{"google-site-verification":"UA-38556648-1","miscellaneous":""},"schema":{"@context":"https:\/\/schema.org","@graph":[{"@type":"Article","@id":"https:\/\/eldigitaldeasturias.com\/magazine365\/hidalgo-dice-que-la-concesion-de-los-viajes-del-imserso-fue-un-gran-error-y-que-el-tema-no-esta-zanjado\/#article","name":"Hidalgo dice que la concesi\u00f3n de los viajes del Imserso fue \u00abun gran error\u00bb y que el tema no est\u00e1 zanjado | El Digital de Asturias","headline":"Hidalgo dice que la concesi\u00f3n de los viajes del Imserso fue \u00abun gran error\u00bb y que el tema no est\u00e1 zanjado","author":{"@id":"https:\/\/eldigitaldeasturias.com\/magazine365\/author\/admin\/#author"},"publisher":{"@id":"https:\/\/eldigitaldeasturias.com\/magazine365\/#organization"},"image":{"@type":"ImageObject","url":"https:\/\/eldigitaldeasturias.com\/magazine365\/wp-content\/uploads\/2016\/06\/fotonoticia_20160620203320_800.jpg","width":800,"height":531},"datePublished":"2016-06-20T23:33:44+02:00","dateModified":"2016-06-20T23:33:44+02:00","inLanguage":"es-ES","mainEntityOfPage":{"@id":"https:\/\/eldigitaldeasturias.com\/magazine365\/hidalgo-dice-que-la-concesion-de-los-viajes-del-imserso-fue-un-gran-error-y-que-el-tema-no-esta-zanjado\/#webpage"},"isPartOf":{"@id":"https:\/\/eldigitaldeasturias.com\/magazine365\/hidalgo-dice-que-la-concesion-de-los-viajes-del-imserso-fue-un-gran-error-y-que-el-tema-no-esta-zanjado\/#webpage"},"articleSection":"Noticias y Actualidad"},{"@type":"BreadcrumbList","@id":"https:\/\/eldigitaldeasturias.com\/magazine365\/hidalgo-dice-que-la-concesion-de-los-viajes-del-imserso-fue-un-gran-error-y-que-el-tema-no-esta-zanjado\/#breadcrumblist","itemListElement":[{"@type":"ListItem","@id":"https:\/\/eldigitaldeasturias.com\/magazine365#listItem","position":1,"name":"Home","item":"https:\/\/eldigitaldeasturias.com\/magazine365","nextItem":{"@type":"ListItem","@id":"https:\/\/eldigitaldeasturias.com\/magazine365\/category\/noticias-actualidad\/#listItem","name":"Noticias y Actualidad"}},{"@type":"ListItem","@id":"https:\/\/eldigitaldeasturias.com\/magazine365\/category\/noticias-actualidad\/#listItem","position":2,"name":"Noticias y Actualidad","item":"https:\/\/eldigitaldeasturias.com\/magazine365\/category\/noticias-actualidad\/","nextItem":{"@type":"ListItem","@id":"https:\/\/eldigitaldeasturias.com\/magazine365\/hidalgo-dice-que-la-concesion-de-los-viajes-del-imserso-fue-un-gran-error-y-que-el-tema-no-esta-zanjado\/#listItem","name":"Hidalgo dice que la concesi\u00f3n de los viajes del Imserso fue \u00abun gran error\u00bb y que el tema no est\u00e1 zanjado"},"previousItem":{"@type":"ListItem","@id":"https:\/\/eldigitaldeasturias.com\/magazine365#listItem","name":"Home"}},{"@type":"ListItem","@id":"https:\/\/eldigitaldeasturias.com\/magazine365\/hidalgo-dice-que-la-concesion-de-los-viajes-del-imserso-fue-un-gran-error-y-que-el-tema-no-esta-zanjado\/#listItem","position":3,"name":"Hidalgo dice que la concesi\u00f3n de los viajes del Imserso fue \u00abun gran error\u00bb y que el tema no est\u00e1 zanjado","previousItem":{"@type":"ListItem","@id":"https:\/\/eldigitaldeasturias.com\/magazine365\/category\/noticias-actualidad\/#listItem","name":"Noticias y Actualidad"}}]},{"@type":"Organization","@id":"https:\/\/eldigitaldeasturias.com\/magazine365\/#organization","name":"El digital de Asturias","description":"Revista de ocio, turismo y estilo de vida","url":"https:\/\/eldigitaldeasturias.com\/magazine365\/","logo":{"@type":"ImageObject","url":"https:\/\/www.eldigitaldeasturias.com\/noticias\/wp-content\/uploads\/2020\/12\/EDA.jpg","@id":"https:\/\/eldigitaldeasturias.com\/magazine365\/hidalgo-dice-que-la-concesion-de-los-viajes-del-imserso-fue-un-gran-error-y-que-el-tema-no-esta-zanjado\/#organizationLogo"},"image":{"@id":"https:\/\/eldigitaldeasturias.com\/magazine365\/hidalgo-dice-que-la-concesion-de-los-viajes-del-imserso-fue-un-gran-error-y-que-el-tema-no-esta-zanjado\/#organizationLogo"}},{"@type":"Person","@id":"https:\/\/eldigitaldeasturias.com\/magazine365\/author\/admin\/#author","url":"https:\/\/eldigitaldeasturias.com\/magazine365\/author\/admin\/","name":"admin","image":{"@type":"ImageObject","@id":"https:\/\/eldigitaldeasturias.com\/magazine365\/hidalgo-dice-que-la-concesion-de-los-viajes-del-imserso-fue-un-gran-error-y-que-el-tema-no-esta-zanjado\/#authorImage","url":"https:\/\/eldigitaldeasturias.com\/magazine365\/wp-content\/litespeed\/avatar\/e571bcf59a0edd6fa6838245a470f2fe.jpg?ver=1776969259","width":96,"height":96,"caption":"admin"}},{"@type":"WebPage","@id":"https:\/\/eldigitaldeasturias.com\/magazine365\/hidalgo-dice-que-la-concesion-de-los-viajes-del-imserso-fue-un-gran-error-y-que-el-tema-no-esta-zanjado\/#webpage","url":"https:\/\/eldigitaldeasturias.com\/magazine365\/hidalgo-dice-que-la-concesion-de-los-viajes-del-imserso-fue-un-gran-error-y-que-el-tema-no-esta-zanjado\/","name":"Hidalgo dice que la concesi\u00f3n de los viajes del Imserso fue \u00abun gran error\u00bb y que el tema no est\u00e1 zanjado | El Digital de Asturias","description":"El presidente de Globalia, Juan Jos\u00e9 Hidalgo, ha afirmado que la concesi\u00f3n de los viajes del Imserso fue \"un gran error\" y que el tema no est\u00e1 zanjado, ya que espera las consecuencias del recurso que interpuso contra la adjudicaci\u00f3n. \"Nosotros tenemos recurrida la concesi\u00f3n, porque creo que se cometi\u00f3 un gran error en concederlo","inLanguage":"es-ES","isPartOf":{"@id":"https:\/\/eldigitaldeasturias.com\/magazine365\/#website"},"breadcrumb":{"@id":"https:\/\/eldigitaldeasturias.com\/magazine365\/hidalgo-dice-que-la-concesion-de-los-viajes-del-imserso-fue-un-gran-error-y-que-el-tema-no-esta-zanjado\/#breadcrumblist"},"author":{"@id":"https:\/\/eldigitaldeasturias.com\/magazine365\/author\/admin\/#author"},"creator":{"@id":"https:\/\/eldigitaldeasturias.com\/magazine365\/author\/admin\/#author"},"image":{"@type":"ImageObject","url":"https:\/\/eldigitaldeasturias.com\/magazine365\/wp-content\/uploads\/2016\/06\/fotonoticia_20160620203320_800.jpg","@id":"https:\/\/eldigitaldeasturias.com\/magazine365\/hidalgo-dice-que-la-concesion-de-los-viajes-del-imserso-fue-un-gran-error-y-que-el-tema-no-esta-zanjado\/#mainImage","width":800,"height":531},"primaryImageOfPage":{"@id":"https:\/\/eldigitaldeasturias.com\/magazine365\/hidalgo-dice-que-la-concesion-de-los-viajes-del-imserso-fue-un-gran-error-y-que-el-tema-no-esta-zanjado\/#mainImage"},"datePublished":"2016-06-20T23:33:44+02:00","dateModified":"2016-06-20T23:33:44+02:00"},{"@type":"WebSite","@id":"https:\/\/eldigitaldeasturias.com\/magazine365\/#website","url":"https:\/\/eldigitaldeasturias.com\/magazine365\/","name":"El Digital de Asturias","description":"Revista de ocio, turismo y estilo de vida","inLanguage":"es-ES","publisher":{"@id":"https:\/\/eldigitaldeasturias.com\/magazine365\/#organization"}}]},"og:locale":"es_ES","og:site_name":"El Digital de Asturias \u2013 Revista de ocio, turismo y estilo de vida","og:type":"article","og:title":"Hidalgo dice que la concesi\u00f3n de los viajes del Imserso fue \u00abun gran error\u00bb y que el tema no est\u00e1 zanjado | El Digital de Asturias","og:description":"El presidente de Globalia, Juan Jos\u00e9 Hidalgo, ha afirmado que la concesi\u00f3n de los viajes del Imserso fue &quot;un gran error&quot; y que el tema no est\u00e1 zanjado, ya que espera las consecuencias del recurso que interpuso contra la adjudicaci\u00f3n. &quot;Nosotros tenemos recurrida la concesi\u00f3n, porque creo que se cometi\u00f3 un gran error en concederlo","og:url":"https:\/\/eldigitaldeasturias.com\/magazine365\/hidalgo-dice-que-la-concesion-de-los-viajes-del-imserso-fue-un-gran-error-y-que-el-tema-no-esta-zanjado\/","og:image":"https:\/\/eldigitaldeasturias.com\/magazine365\/wp-content\/uploads\/2016\/06\/fotonoticia_20160620203320_800.jpg","og:image:secure_url":"https:\/\/eldigitaldeasturias.com\/magazine365\/wp-content\/uploads\/2016\/06\/fotonoticia_20160620203320_800.jpg","og:image:width":800,"og:image:height":531,"article:published_time":"2016-06-20T21:33:44+00:00","article:modified_time":"2016-06-20T21:33:44+00:00","twitter:card":"summary_large_image","twitter:title":"Hidalgo dice que la concesi\u00f3n de los viajes del Imserso fue \u00abun gran error\u00bb y que el tema no est\u00e1 zanjado | El Digital de Asturias","twitter:description":"El presidente de Globalia, Juan Jos\u00e9 Hidalgo, ha afirmado que la concesi\u00f3n de los viajes del Imserso fue &quot;un gran error&quot; y que el tema no est\u00e1 zanjado, ya que espera las consecuencias del recurso que interpuso contra la adjudicaci\u00f3n. &quot;Nosotros tenemos recurrida la concesi\u00f3n, porque creo que se cometi\u00f3 un gran error en concederlo","twitter:image":"https:\/\/eldigitaldeasturias.com\/magazine365\/wp-content\/uploads\/2016\/06\/fotonoticia_20160620203320_800.jpg"},"aioseo_meta_data":{"post_id":"80259","title":null,"description":null,"keywords":null,"keyphrases":null,"primary_term":null,"canonical_url":null,"og_title":null,"og_description":null,"og_object_type":"default","og_image_type":"default","og_image_url":null,"og_image_width":null,"og_image_height":null,"og_image_custom_url":null,"og_image_custom_fields":null,"og_video":null,"og_custom_url":null,"og_article_section":null,"og_article_tags":null,"twitter_use_og":false,"twitter_card":"default","twitter_image_type":"default","twitter_image_url":null,"twitter_image_custom_url":null,"twitter_image_custom_fields":null,"twitter_title":null,"twitter_description":null,"schema":{"blockGraphs":[],"customGraphs":[],"default":{"data":{"Article":[],"Course":[],"Dataset":[],"FAQPage":[],"Movie":[],"Person":[],"Product":[],"ProductReview":[],"Car":[],"Recipe":[],"Service":[],"SoftwareApplication":[],"WebPage":[]},"graphName":"","isEnabled":true},"graphs":[],"defaultGraph":"","defaultPostTypeGraph":""},"schema_type":null,"schema_type_options":null,"pillar_content":false,"robots_default":true,"robots_noindex":false,"robots_noarchive":false,"robots_nosnippet":false,"robots_nofollow":false,"robots_noimageindex":false,"robots_noodp":false,"robots_notranslate":false,"robots_max_snippet":null,"robots_max_videopreview":null,"robots_max_imagepreview":"large","priority":null,"frequency":null,"location":null,"local_seo":null,"seo_analyzer_scan_date":"2025-09-27 20:30:29","breadcrumb_settings":null,"limit_modified_date":false,"open_ai":null,"ai":null,"created":"2021-03-08 17:34:42","updated":"2025-09-27 20:30:29"},"aioseo_breadcrumb":"<div class=\"aioseo-breadcrumbs\"><span class=\"aioseo-breadcrumb\">\n\t<a href=\"https:\/\/eldigitaldeasturias.com\/magazine365\" title=\"Home\">Home<\/a>\n<\/span><span class=\"aioseo-breadcrumb-separator\">\u2013<\/span><span class=\"aioseo-breadcrumb\">\n\t<a href=\"https:\/\/eldigitaldeasturias.com\/magazine365\/category\/noticias-actualidad\/\" title=\"Noticias y Actualidad\">Noticias y Actualidad<\/a>\n<\/span><span class=\"aioseo-breadcrumb-separator\">\u2013<\/span><span class=\"aioseo-breadcrumb\">\n\t<a href=\"https:\/\/eldigitaldeasturias.com\/magazine365\/hidalgo-dice-que-la-concesion-de-los-viajes-del-imserso-fue-un-gran-error-y-que-el-tema-no-esta-zanjado\/\" title=\"Hidalgo dice que la concesi\u00f3n de los viajes del Imserso fue \u00abun gran error\u00bb y que el tema no est\u00e1 zanjado\">Hidalgo dice que la concesi\u00f3n de los viajes del Imserso fue \u00abun gran error\u00bb y que el tema no est\u00e1 zanjado<\/a>\n<\/span><\/div>","aioseo_breadcrumb_json":[{"label":"Home","link":"https:\/\/eldigitaldeasturias.com\/magazine365"},{"label":"Noticias y Actualidad","link":"https:\/\/eldigitaldeasturias.com\/magazine365\/category\/noticias-actualidad\/"},{"label":"Hidalgo dice que la concesi\u00f3n de los viajes del Imserso fue \u00abun gran error\u00bb y que el tema no est\u00e1 zanjado","link":"https:\/\/eldigitaldeasturias.com\/magazine365\/hidalgo-dice-que-la-concesion-de-los-viajes-del-imserso-fue-un-gran-error-y-que-el-tema-no-esta-zanjado\/"}],"_links":{"self":[{"href":"https:\/\/eldigitaldeasturias.com\/magazine365\/wp-json\/wp\/v2\/posts\/80259","targetHints":{"allow":["GET"]}}],"collection":[{"href":"https:\/\/eldigitaldeasturias.com\/magazine365\/wp-json\/wp\/v2\/posts"}],"about":[{"href":"https:\/\/eldigitaldeasturias.com\/magazine365\/wp-json\/wp\/v2\/types\/post"}],"author":[{"embeddable":true,"href":"https:\/\/eldigitaldeasturias.com\/magazine365\/wp-json\/wp\/v2\/users\/1"}],"replies":[{"embeddable":true,"href":"https:\/\/eldigitaldeasturias.com\/magazine365\/wp-json\/wp\/v2\/comments?post=80259"}],"version-history":[{"count":0,"href":"https:\/\/eldigitaldeasturias.com\/magazine365\/wp-json\/wp\/v2\/posts\/80259\/revisions"}],"wp:featuredmedia":[{"embeddable":true,"href":"https:\/\/eldigitaldeasturias.com\/magazine365\/wp-json\/wp\/v2\/media\/80260"}],"wp:attachment":[{"href":"https:\/\/eldigitaldeasturias.com\/magazine365\/wp-json\/wp\/v2\/media?parent=80259"}],"wp:term":[{"taxonomy":"category","embeddable":true,"href":"https:\/\/eldigitaldeasturias.com\/magazine365\/wp-json\/wp\/v2\/categories?post=80259"},{"taxonomy":"post_tag","embeddable":true,"href":"https:\/\/eldigitaldeasturias.com\/magazine365\/wp-json\/wp\/v2\/tags?post=80259"}],"curies":[{"name":"wp","href":"https:\/\/api.w.org\/{rel}","templated":true}]}}