{"id":80253,"date":"2016-06-20T23:31:43","date_gmt":"2016-06-20T21:31:43","guid":{"rendered":"http:\/\/eldigitaldeasturias.com\/magazine365\/?p=80253"},"modified":"2016-06-20T23:31:43","modified_gmt":"2016-06-20T21:31:43","slug":"hidalgo-afirma-que-el-grupo-globalia-esta-preparado-para-salir-a-bolsa","status":"publish","type":"post","link":"https:\/\/eldigitaldeasturias.com\/magazine365\/hidalgo-afirma-que-el-grupo-globalia-esta-preparado-para-salir-a-bolsa\/","title":{"rendered":"Hidalgo afirma que el grupo Globalia est\u00e1 preparado para salir a Bolsa"},"content":{"rendered":"<p><img fetchpriority=\"high\" decoding=\"async\" class=\"alignleft size-medium wp-image-80254\" src=\"https:\/\/eldigitaldeasturias.com\/magazine365\/wp-content\/uploads\/2016\/06\/fotonoticia_20160620195946_800-360x297.jpg\" alt=\"fotonoticia_20160620195946_800\" width=\"360\" height=\"297\" srcset=\"https:\/\/eldigitaldeasturias.com\/magazine365\/wp-content\/uploads\/2016\/06\/fotonoticia_20160620195946_800-360x297.jpg 360w, https:\/\/eldigitaldeasturias.com\/magazine365\/wp-content\/uploads\/2016\/06\/fotonoticia_20160620195946_800-650x536.jpg 650w, https:\/\/eldigitaldeasturias.com\/magazine365\/wp-content\/uploads\/2016\/06\/fotonoticia_20160620195946_800-768x634.jpg 768w, https:\/\/eldigitaldeasturias.com\/magazine365\/wp-content\/uploads\/2016\/06\/fotonoticia_20160620195946_800-150x124.jpg 150w, https:\/\/eldigitaldeasturias.com\/magazine365\/wp-content\/uploads\/2016\/06\/fotonoticia_20160620195946_800-450x371.jpg 450w, https:\/\/eldigitaldeasturias.com\/magazine365\/wp-content\/uploads\/2016\/06\/fotonoticia_20160620195946_800-300x247.jpg 300w, https:\/\/eldigitaldeasturias.com\/magazine365\/wp-content\/uploads\/2016\/06\/fotonoticia_20160620195946_800.jpg 800w\" sizes=\"(max-width: 360px) 100vw, 360px\" \/>El presidente de Globalia, Juan Jos\u00e9 Hidalgo, ha afirmado que el grupo tur\u00edstico, en el que se engloba Air Europa, est\u00e1 \u00abpreparado\u00bb para salir a Bolsa, un proceso que, seg\u00fan el empresario salmantino, podr\u00eda haber tenido lugar hace dos a\u00f1os, con anterioridad a las conversaciones con HNA sobre la venta de la aerol\u00ednea.<\/p>\n<p>Globalia, propietaria de Air Europa y de la que el empresario salmantino controla el 51,58% del capital, inici\u00f3 en octubre de 2015 conversaciones con la china HNA para la venta de hasta un 48,4% de su capital, el perteneciente a los accionistas minoritarios<\/p>\n<p>Hidalgo explic\u00f3 que si las negociaciones con el grupo chino desaparecen \u00abhabr\u00e1 que pensar\u00bb cu\u00e1l es el siguiente paso. \u00abEl camino m\u00e1s ideal es la Bolsa\u00bb, ha insistido en declaraciones a los medios en Z\u00farich, adonde ha viajado en el vuelo inaugural de Air Europa entre Madrid y la ciudad suiza.<\/p>\n<p>\u00abEl grupo est\u00e1 preparado por su sistema administrativo y su sistema contable, es un grupo que puede estar preparado para la Bolsa\u00bb, ha apuntado el presidente de Globalia.<\/p>\n<p>Preguntado sobre si la salida a Bolsa ser\u00eda solamente de Air Europa, Hidalgo ha respondido que cotizar\u00eda \u00abtodo el grupo\u00bb y ha indicado que Globalia podr\u00eda iniciar este proceso tanto si las negociaciones con HNA fracasan como si llegan a buen puerto.<\/p>\n<p>El presidente de la aerol\u00ednea ha reconocido haber recibido otras ofertas, pero ha explicado que prefiere el proyecto de HNA porque \u00abpuede aportar mucho negocio a Espa\u00f1a\u00bb.<\/p>\n<p>\u00abVeo para m\u00ed, el socio ideal en el grupo chino, porque no es un socio que me aporte dinero, para m\u00ed lo importante es el potencial de relaciones que puede haber entre China y Espa\u00f1a y el mundo\u00bb, ha a\u00f1adido.<\/p>\n<h2 class=\"ladillo\">SIN CONVERSACIONES DESDE FINALES DE MAYO<\/h2>\n<p>No obstante, Hidalgo ha reconocido que no ha tenido conversaciones con el grupo chino HNA sobre la venta de Air Europa desde finales de mayo, aunque ha evitado confirmar si la negociaci\u00f3n est\u00e1 paralizada o no.<\/p>\n<p>Seg\u00fan ha explicado, en la reuni\u00f3n mantenida a finales de mayo con representantes de HNA \u00ablas cosas parec\u00eda que iban a avanzar\u00bb, pero desde entonces no ha vuelto a saber nada. \u00abNo s\u00e9 si andan con problemas, u otras cosas que tienen y no le est\u00e1n dando la importancia que yo creo que ten\u00edan que darle\u00bb, ha a\u00f1adido.<\/p>\n<p>\u00abNo puedo afirmar nada, ni decir si va para adelante o se ha parado\u00bb, ha aclarado Hidalgo, seg\u00fan quien el grupo chino estaba de acuerdo con \u00e9l en conectar China con Madrid y el resto del mundo.<\/p>\n<h2 class=\"ladillo\">\u00abSER\u00cdAN UNOS GRANDES COMPA\u00d1EROS DE VIAJE\u00bb<\/h2>\n<p>El presidente de Globalia ha apuntado que las dificultades de HNA con NH Hotel Group, del que el grupo inversor chino controla el 29,5%, no le asustan a la hora de negociar una venta con el grupo chino.<\/p>\n<p>\u00abEllos saben muy bien el proyecto que hay montado, saben muy bien lo que se puede hacer a trav\u00e9s de Air Europa, saben muy bien que el veh\u00edculo de Air Europa es una lanzadera que puede crecer m\u00e1s que lo que tenemos previsto y ellos conocen bien todo\u00bb, apunt\u00f3.<\/p>\n<p>Para Hidalgo la situaci\u00f3n de HNA en el seno de NH \u00abno va a ser\u00bb ning\u00fan obst\u00e1culo para la operaci\u00f3n, sino todo lo contrario: \u00abSi se incorporan en el grupo van a ser unos grandes compa\u00f1eros de viaje\u00bb, ha indicado Hidalgo.<\/p>\n<p>\u00abYa saben que tienen que poner un dep\u00f3sito, ya saben qu\u00e9 es lo que yo quiero, ya lo saben todo. Puede que haya un poco de espacio o de tiempo, yo no s\u00e9 si por estos problemas o por otros\u00bb, ha se\u00f1alado Hidalgo, preguntado sobre si los problemas de HNA con NH pueden estar dificultando las negociaciones con el grupo chino.<\/p>\n<p>El presidente de Globalia ha apuntado que \u00abtodos los socios peque\u00f1os tienen ya su consenso de que pueden vender\u00bb, por lo que solo falta \u00abque se le d\u00e9 un pistoletazo de salida de una vez\u00bb.<\/p>\n","protected":false},"excerpt":{"rendered":"<p>El presidente de Globalia, Juan Jos\u00e9 Hidalgo, ha afirmado que el grupo tur\u00edstico, en el que se engloba Air Europa, est\u00e1 \u00abpreparado\u00bb para salir a Bolsa, un proceso que, seg\u00fan el empresario salmantino, podr\u00eda haber tenido lugar hace dos a\u00f1os, con anterioridad a las conversaciones con HNA sobre la venta de la aerol\u00ednea. Globalia, propietaria<\/p>\n","protected":false},"author":1,"featured_media":80254,"comment_status":"open","ping_status":"closed","sticky":false,"template":"","format":"standard","meta":{"footnotes":""},"categories":[224],"tags":[],"class_list":{"0":"post-80253","1":"post","2":"type-post","3":"status-publish","4":"format-standard","5":"has-post-thumbnail","7":"category-noticias-actualidad"},"aioseo_notices":[],"aioseo_head":"\n\t\t<!-- All in One SEO Pro 4.9.6.1 - aioseo.com -->\n\t<meta name=\"description\" content=\"El presidente de Globalia, Juan Jos\u00e9 Hidalgo, ha afirmado que el grupo tur\u00edstico, en el que se engloba Air Europa, est\u00e1 &quot;preparado&quot; para salir a Bolsa, un proceso que, seg\u00fan el empresario salmantino, podr\u00eda haber tenido lugar hace dos a\u00f1os, con anterioridad a las conversaciones con HNA sobre la venta de la aerol\u00ednea. Globalia, propietaria\" \/>\n\t<meta name=\"robots\" content=\"max-image-preview:large\" \/>\n\t<meta name=\"author\" content=\"admin\"\/>\n\t<meta name=\"google-site-verification\" content=\"UA-38556648-1\" \/>\n\t<meta name=\"keywords\" content=\"noticias y actualidad\" \/>\n\t<link rel=\"canonical\" href=\"https:\/\/eldigitaldeasturias.com\/magazine365\/hidalgo-afirma-que-el-grupo-globalia-esta-preparado-para-salir-a-bolsa\/\" \/>\n\t<meta name=\"generator\" content=\"All in One SEO Pro (AIOSEO) 4.9.6.1\" \/>\n\t\t<meta property=\"og:locale\" content=\"es_ES\" \/>\n\t\t<meta property=\"og:site_name\" content=\"El Digital de Asturias \u2013 Revista de ocio, turismo y estilo de vida\" \/>\n\t\t<meta property=\"og:type\" content=\"article\" \/>\n\t\t<meta property=\"og:title\" content=\"Hidalgo afirma que el grupo Globalia est\u00e1 preparado para salir a Bolsa | El Digital de Asturias\" \/>\n\t\t<meta property=\"og:description\" content=\"El presidente de Globalia, Juan Jos\u00e9 Hidalgo, ha afirmado que el grupo tur\u00edstico, en el que se engloba Air Europa, est\u00e1 &quot;preparado&quot; para salir a Bolsa, un proceso que, seg\u00fan el empresario salmantino, podr\u00eda haber tenido lugar hace dos a\u00f1os, con anterioridad a las conversaciones con HNA sobre la venta de la aerol\u00ednea. Globalia, propietaria\" \/>\n\t\t<meta property=\"og:url\" content=\"https:\/\/eldigitaldeasturias.com\/magazine365\/hidalgo-afirma-que-el-grupo-globalia-esta-preparado-para-salir-a-bolsa\/\" \/>\n\t\t<meta property=\"og:image\" content=\"https:\/\/eldigitaldeasturias.com\/magazine365\/wp-content\/uploads\/2016\/06\/fotonoticia_20160620195946_800.jpg\" \/>\n\t\t<meta property=\"og:image:secure_url\" content=\"https:\/\/eldigitaldeasturias.com\/magazine365\/wp-content\/uploads\/2016\/06\/fotonoticia_20160620195946_800.jpg\" \/>\n\t\t<meta property=\"og:image:width\" content=\"800\" \/>\n\t\t<meta property=\"og:image:height\" content=\"660\" \/>\n\t\t<meta property=\"article:published_time\" content=\"2016-06-20T21:31:43+00:00\" \/>\n\t\t<meta property=\"article:modified_time\" content=\"2016-06-20T21:31:43+00:00\" \/>\n\t\t<meta name=\"twitter:card\" content=\"summary_large_image\" \/>\n\t\t<meta name=\"twitter:title\" content=\"Hidalgo afirma que el grupo Globalia est\u00e1 preparado para salir a Bolsa | El Digital de Asturias\" \/>\n\t\t<meta name=\"twitter:description\" content=\"El presidente de Globalia, Juan Jos\u00e9 Hidalgo, ha afirmado que el grupo tur\u00edstico, en el que se engloba Air Europa, est\u00e1 &quot;preparado&quot; para salir a Bolsa, un proceso que, seg\u00fan el empresario salmantino, podr\u00eda haber tenido lugar hace dos a\u00f1os, con anterioridad a las conversaciones con HNA sobre la venta de la aerol\u00ednea. Globalia, propietaria\" \/>\n\t\t<meta name=\"twitter:image\" content=\"https:\/\/eldigitaldeasturias.com\/magazine365\/wp-content\/uploads\/2016\/06\/fotonoticia_20160620195946_800.jpg\" \/>\n\t\t<script type=\"application\/ld+json\" class=\"aioseo-schema\">\n\t\t\t{\"@context\":\"https:\\\/\\\/schema.org\",\"@graph\":[{\"@type\":\"Article\",\"@id\":\"https:\\\/\\\/eldigitaldeasturias.com\\\/magazine365\\\/hidalgo-afirma-que-el-grupo-globalia-esta-preparado-para-salir-a-bolsa\\\/#article\",\"name\":\"Hidalgo afirma que el grupo Globalia est\\u00e1 preparado para salir a Bolsa | El Digital de Asturias\",\"headline\":\"Hidalgo afirma que el grupo Globalia est\\u00e1 preparado para salir a Bolsa\",\"author\":{\"@id\":\"https:\\\/\\\/eldigitaldeasturias.com\\\/magazine365\\\/author\\\/admin\\\/#author\"},\"publisher\":{\"@id\":\"https:\\\/\\\/eldigitaldeasturias.com\\\/magazine365\\\/#organization\"},\"image\":{\"@type\":\"ImageObject\",\"url\":\"https:\\\/\\\/eldigitaldeasturias.com\\\/magazine365\\\/wp-content\\\/uploads\\\/2016\\\/06\\\/fotonoticia_20160620195946_800.jpg\",\"width\":800,\"height\":660},\"datePublished\":\"2016-06-20T23:31:43+02:00\",\"dateModified\":\"2016-06-20T23:31:43+02:00\",\"inLanguage\":\"es-ES\",\"mainEntityOfPage\":{\"@id\":\"https:\\\/\\\/eldigitaldeasturias.com\\\/magazine365\\\/hidalgo-afirma-que-el-grupo-globalia-esta-preparado-para-salir-a-bolsa\\\/#webpage\"},\"isPartOf\":{\"@id\":\"https:\\\/\\\/eldigitaldeasturias.com\\\/magazine365\\\/hidalgo-afirma-que-el-grupo-globalia-esta-preparado-para-salir-a-bolsa\\\/#webpage\"},\"articleSection\":\"Noticias y Actualidad\"},{\"@type\":\"BreadcrumbList\",\"@id\":\"https:\\\/\\\/eldigitaldeasturias.com\\\/magazine365\\\/hidalgo-afirma-que-el-grupo-globalia-esta-preparado-para-salir-a-bolsa\\\/#breadcrumblist\",\"itemListElement\":[{\"@type\":\"ListItem\",\"@id\":\"https:\\\/\\\/eldigitaldeasturias.com\\\/magazine365#listItem\",\"position\":1,\"name\":\"Home\",\"item\":\"https:\\\/\\\/eldigitaldeasturias.com\\\/magazine365\",\"nextItem\":{\"@type\":\"ListItem\",\"@id\":\"https:\\\/\\\/eldigitaldeasturias.com\\\/magazine365\\\/category\\\/noticias-actualidad\\\/#listItem\",\"name\":\"Noticias y Actualidad\"}},{\"@type\":\"ListItem\",\"@id\":\"https:\\\/\\\/eldigitaldeasturias.com\\\/magazine365\\\/category\\\/noticias-actualidad\\\/#listItem\",\"position\":2,\"name\":\"Noticias y Actualidad\",\"item\":\"https:\\\/\\\/eldigitaldeasturias.com\\\/magazine365\\\/category\\\/noticias-actualidad\\\/\",\"nextItem\":{\"@type\":\"ListItem\",\"@id\":\"https:\\\/\\\/eldigitaldeasturias.com\\\/magazine365\\\/hidalgo-afirma-que-el-grupo-globalia-esta-preparado-para-salir-a-bolsa\\\/#listItem\",\"name\":\"Hidalgo afirma que el grupo Globalia est\\u00e1 preparado para salir a Bolsa\"},\"previousItem\":{\"@type\":\"ListItem\",\"@id\":\"https:\\\/\\\/eldigitaldeasturias.com\\\/magazine365#listItem\",\"name\":\"Home\"}},{\"@type\":\"ListItem\",\"@id\":\"https:\\\/\\\/eldigitaldeasturias.com\\\/magazine365\\\/hidalgo-afirma-que-el-grupo-globalia-esta-preparado-para-salir-a-bolsa\\\/#listItem\",\"position\":3,\"name\":\"Hidalgo afirma que el grupo Globalia est\\u00e1 preparado para salir a Bolsa\",\"previousItem\":{\"@type\":\"ListItem\",\"@id\":\"https:\\\/\\\/eldigitaldeasturias.com\\\/magazine365\\\/category\\\/noticias-actualidad\\\/#listItem\",\"name\":\"Noticias y Actualidad\"}}]},{\"@type\":\"Organization\",\"@id\":\"https:\\\/\\\/eldigitaldeasturias.com\\\/magazine365\\\/#organization\",\"name\":\"El digital de Asturias\",\"description\":\"Revista de ocio, turismo y estilo de vida\",\"url\":\"https:\\\/\\\/eldigitaldeasturias.com\\\/magazine365\\\/\",\"logo\":{\"@type\":\"ImageObject\",\"url\":\"https:\\\/\\\/www.eldigitaldeasturias.com\\\/noticias\\\/wp-content\\\/uploads\\\/2020\\\/12\\\/EDA.jpg\",\"@id\":\"https:\\\/\\\/eldigitaldeasturias.com\\\/magazine365\\\/hidalgo-afirma-que-el-grupo-globalia-esta-preparado-para-salir-a-bolsa\\\/#organizationLogo\"},\"image\":{\"@id\":\"https:\\\/\\\/eldigitaldeasturias.com\\\/magazine365\\\/hidalgo-afirma-que-el-grupo-globalia-esta-preparado-para-salir-a-bolsa\\\/#organizationLogo\"}},{\"@type\":\"Person\",\"@id\":\"https:\\\/\\\/eldigitaldeasturias.com\\\/magazine365\\\/author\\\/admin\\\/#author\",\"url\":\"https:\\\/\\\/eldigitaldeasturias.com\\\/magazine365\\\/author\\\/admin\\\/\",\"name\":\"admin\",\"image\":{\"@type\":\"ImageObject\",\"@id\":\"https:\\\/\\\/eldigitaldeasturias.com\\\/magazine365\\\/hidalgo-afirma-que-el-grupo-globalia-esta-preparado-para-salir-a-bolsa\\\/#authorImage\",\"url\":\"https:\\\/\\\/eldigitaldeasturias.com\\\/magazine365\\\/wp-content\\\/litespeed\\\/avatar\\\/e571bcf59a0edd6fa6838245a470f2fe.jpg?ver=1776969259\",\"width\":96,\"height\":96,\"caption\":\"admin\"}},{\"@type\":\"WebPage\",\"@id\":\"https:\\\/\\\/eldigitaldeasturias.com\\\/magazine365\\\/hidalgo-afirma-que-el-grupo-globalia-esta-preparado-para-salir-a-bolsa\\\/#webpage\",\"url\":\"https:\\\/\\\/eldigitaldeasturias.com\\\/magazine365\\\/hidalgo-afirma-que-el-grupo-globalia-esta-preparado-para-salir-a-bolsa\\\/\",\"name\":\"Hidalgo afirma que el grupo Globalia est\\u00e1 preparado para salir a Bolsa | El Digital de Asturias\",\"description\":\"El presidente de Globalia, Juan Jos\\u00e9 Hidalgo, ha afirmado que el grupo tur\\u00edstico, en el que se engloba Air Europa, est\\u00e1 \\\"preparado\\\" para salir a Bolsa, un proceso que, seg\\u00fan el empresario salmantino, podr\\u00eda haber tenido lugar hace dos a\\u00f1os, con anterioridad a las conversaciones con HNA sobre la venta de la aerol\\u00ednea. Globalia, propietaria\",\"inLanguage\":\"es-ES\",\"isPartOf\":{\"@id\":\"https:\\\/\\\/eldigitaldeasturias.com\\\/magazine365\\\/#website\"},\"breadcrumb\":{\"@id\":\"https:\\\/\\\/eldigitaldeasturias.com\\\/magazine365\\\/hidalgo-afirma-que-el-grupo-globalia-esta-preparado-para-salir-a-bolsa\\\/#breadcrumblist\"},\"author\":{\"@id\":\"https:\\\/\\\/eldigitaldeasturias.com\\\/magazine365\\\/author\\\/admin\\\/#author\"},\"creator\":{\"@id\":\"https:\\\/\\\/eldigitaldeasturias.com\\\/magazine365\\\/author\\\/admin\\\/#author\"},\"image\":{\"@type\":\"ImageObject\",\"url\":\"https:\\\/\\\/eldigitaldeasturias.com\\\/magazine365\\\/wp-content\\\/uploads\\\/2016\\\/06\\\/fotonoticia_20160620195946_800.jpg\",\"@id\":\"https:\\\/\\\/eldigitaldeasturias.com\\\/magazine365\\\/hidalgo-afirma-que-el-grupo-globalia-esta-preparado-para-salir-a-bolsa\\\/#mainImage\",\"width\":800,\"height\":660},\"primaryImageOfPage\":{\"@id\":\"https:\\\/\\\/eldigitaldeasturias.com\\\/magazine365\\\/hidalgo-afirma-que-el-grupo-globalia-esta-preparado-para-salir-a-bolsa\\\/#mainImage\"},\"datePublished\":\"2016-06-20T23:31:43+02:00\",\"dateModified\":\"2016-06-20T23:31:43+02:00\"},{\"@type\":\"WebSite\",\"@id\":\"https:\\\/\\\/eldigitaldeasturias.com\\\/magazine365\\\/#website\",\"url\":\"https:\\\/\\\/eldigitaldeasturias.com\\\/magazine365\\\/\",\"name\":\"El Digital de Asturias\",\"description\":\"Revista de ocio, turismo y estilo de vida\",\"inLanguage\":\"es-ES\",\"publisher\":{\"@id\":\"https:\\\/\\\/eldigitaldeasturias.com\\\/magazine365\\\/#organization\"}}]}\n\t\t<\/script>\n\t\t<!-- All in One SEO Pro -->\r\n\t\t<title>Hidalgo afirma que el grupo Globalia est\u00e1 preparado para salir a Bolsa | El Digital de Asturias<\/title>\n\n","aioseo_head_json":{"title":"Hidalgo afirma que el grupo Globalia est\u00e1 preparado para salir a Bolsa | El Digital de Asturias","description":"El presidente de Globalia, Juan Jos\u00e9 Hidalgo, ha afirmado que el grupo tur\u00edstico, en el que se engloba Air Europa, est\u00e1 \"preparado\" para salir a Bolsa, un proceso que, seg\u00fan el empresario salmantino, podr\u00eda haber tenido lugar hace dos a\u00f1os, con anterioridad a las conversaciones con HNA sobre la venta de la aerol\u00ednea. Globalia, propietaria","canonical_url":"https:\/\/eldigitaldeasturias.com\/magazine365\/hidalgo-afirma-que-el-grupo-globalia-esta-preparado-para-salir-a-bolsa\/","robots":"max-image-preview:large","keywords":"noticias y actualidad","webmasterTools":{"google-site-verification":"UA-38556648-1","miscellaneous":""},"schema":{"@context":"https:\/\/schema.org","@graph":[{"@type":"Article","@id":"https:\/\/eldigitaldeasturias.com\/magazine365\/hidalgo-afirma-que-el-grupo-globalia-esta-preparado-para-salir-a-bolsa\/#article","name":"Hidalgo afirma que el grupo Globalia est\u00e1 preparado para salir a Bolsa | El Digital de Asturias","headline":"Hidalgo afirma que el grupo Globalia est\u00e1 preparado para salir a Bolsa","author":{"@id":"https:\/\/eldigitaldeasturias.com\/magazine365\/author\/admin\/#author"},"publisher":{"@id":"https:\/\/eldigitaldeasturias.com\/magazine365\/#organization"},"image":{"@type":"ImageObject","url":"https:\/\/eldigitaldeasturias.com\/magazine365\/wp-content\/uploads\/2016\/06\/fotonoticia_20160620195946_800.jpg","width":800,"height":660},"datePublished":"2016-06-20T23:31:43+02:00","dateModified":"2016-06-20T23:31:43+02:00","inLanguage":"es-ES","mainEntityOfPage":{"@id":"https:\/\/eldigitaldeasturias.com\/magazine365\/hidalgo-afirma-que-el-grupo-globalia-esta-preparado-para-salir-a-bolsa\/#webpage"},"isPartOf":{"@id":"https:\/\/eldigitaldeasturias.com\/magazine365\/hidalgo-afirma-que-el-grupo-globalia-esta-preparado-para-salir-a-bolsa\/#webpage"},"articleSection":"Noticias y Actualidad"},{"@type":"BreadcrumbList","@id":"https:\/\/eldigitaldeasturias.com\/magazine365\/hidalgo-afirma-que-el-grupo-globalia-esta-preparado-para-salir-a-bolsa\/#breadcrumblist","itemListElement":[{"@type":"ListItem","@id":"https:\/\/eldigitaldeasturias.com\/magazine365#listItem","position":1,"name":"Home","item":"https:\/\/eldigitaldeasturias.com\/magazine365","nextItem":{"@type":"ListItem","@id":"https:\/\/eldigitaldeasturias.com\/magazine365\/category\/noticias-actualidad\/#listItem","name":"Noticias y Actualidad"}},{"@type":"ListItem","@id":"https:\/\/eldigitaldeasturias.com\/magazine365\/category\/noticias-actualidad\/#listItem","position":2,"name":"Noticias y Actualidad","item":"https:\/\/eldigitaldeasturias.com\/magazine365\/category\/noticias-actualidad\/","nextItem":{"@type":"ListItem","@id":"https:\/\/eldigitaldeasturias.com\/magazine365\/hidalgo-afirma-que-el-grupo-globalia-esta-preparado-para-salir-a-bolsa\/#listItem","name":"Hidalgo afirma que el grupo Globalia est\u00e1 preparado para salir a Bolsa"},"previousItem":{"@type":"ListItem","@id":"https:\/\/eldigitaldeasturias.com\/magazine365#listItem","name":"Home"}},{"@type":"ListItem","@id":"https:\/\/eldigitaldeasturias.com\/magazine365\/hidalgo-afirma-que-el-grupo-globalia-esta-preparado-para-salir-a-bolsa\/#listItem","position":3,"name":"Hidalgo afirma que el grupo Globalia est\u00e1 preparado para salir a Bolsa","previousItem":{"@type":"ListItem","@id":"https:\/\/eldigitaldeasturias.com\/magazine365\/category\/noticias-actualidad\/#listItem","name":"Noticias y Actualidad"}}]},{"@type":"Organization","@id":"https:\/\/eldigitaldeasturias.com\/magazine365\/#organization","name":"El digital de Asturias","description":"Revista de ocio, turismo y estilo de vida","url":"https:\/\/eldigitaldeasturias.com\/magazine365\/","logo":{"@type":"ImageObject","url":"https:\/\/www.eldigitaldeasturias.com\/noticias\/wp-content\/uploads\/2020\/12\/EDA.jpg","@id":"https:\/\/eldigitaldeasturias.com\/magazine365\/hidalgo-afirma-que-el-grupo-globalia-esta-preparado-para-salir-a-bolsa\/#organizationLogo"},"image":{"@id":"https:\/\/eldigitaldeasturias.com\/magazine365\/hidalgo-afirma-que-el-grupo-globalia-esta-preparado-para-salir-a-bolsa\/#organizationLogo"}},{"@type":"Person","@id":"https:\/\/eldigitaldeasturias.com\/magazine365\/author\/admin\/#author","url":"https:\/\/eldigitaldeasturias.com\/magazine365\/author\/admin\/","name":"admin","image":{"@type":"ImageObject","@id":"https:\/\/eldigitaldeasturias.com\/magazine365\/hidalgo-afirma-que-el-grupo-globalia-esta-preparado-para-salir-a-bolsa\/#authorImage","url":"https:\/\/eldigitaldeasturias.com\/magazine365\/wp-content\/litespeed\/avatar\/e571bcf59a0edd6fa6838245a470f2fe.jpg?ver=1776969259","width":96,"height":96,"caption":"admin"}},{"@type":"WebPage","@id":"https:\/\/eldigitaldeasturias.com\/magazine365\/hidalgo-afirma-que-el-grupo-globalia-esta-preparado-para-salir-a-bolsa\/#webpage","url":"https:\/\/eldigitaldeasturias.com\/magazine365\/hidalgo-afirma-que-el-grupo-globalia-esta-preparado-para-salir-a-bolsa\/","name":"Hidalgo afirma que el grupo Globalia est\u00e1 preparado para salir a Bolsa | El Digital de Asturias","description":"El presidente de Globalia, Juan Jos\u00e9 Hidalgo, ha afirmado que el grupo tur\u00edstico, en el que se engloba Air Europa, est\u00e1 \"preparado\" para salir a Bolsa, un proceso que, seg\u00fan el empresario salmantino, podr\u00eda haber tenido lugar hace dos a\u00f1os, con anterioridad a las conversaciones con HNA sobre la venta de la aerol\u00ednea. Globalia, propietaria","inLanguage":"es-ES","isPartOf":{"@id":"https:\/\/eldigitaldeasturias.com\/magazine365\/#website"},"breadcrumb":{"@id":"https:\/\/eldigitaldeasturias.com\/magazine365\/hidalgo-afirma-que-el-grupo-globalia-esta-preparado-para-salir-a-bolsa\/#breadcrumblist"},"author":{"@id":"https:\/\/eldigitaldeasturias.com\/magazine365\/author\/admin\/#author"},"creator":{"@id":"https:\/\/eldigitaldeasturias.com\/magazine365\/author\/admin\/#author"},"image":{"@type":"ImageObject","url":"https:\/\/eldigitaldeasturias.com\/magazine365\/wp-content\/uploads\/2016\/06\/fotonoticia_20160620195946_800.jpg","@id":"https:\/\/eldigitaldeasturias.com\/magazine365\/hidalgo-afirma-que-el-grupo-globalia-esta-preparado-para-salir-a-bolsa\/#mainImage","width":800,"height":660},"primaryImageOfPage":{"@id":"https:\/\/eldigitaldeasturias.com\/magazine365\/hidalgo-afirma-que-el-grupo-globalia-esta-preparado-para-salir-a-bolsa\/#mainImage"},"datePublished":"2016-06-20T23:31:43+02:00","dateModified":"2016-06-20T23:31:43+02:00"},{"@type":"WebSite","@id":"https:\/\/eldigitaldeasturias.com\/magazine365\/#website","url":"https:\/\/eldigitaldeasturias.com\/magazine365\/","name":"El Digital de Asturias","description":"Revista de ocio, turismo y estilo de vida","inLanguage":"es-ES","publisher":{"@id":"https:\/\/eldigitaldeasturias.com\/magazine365\/#organization"}}]},"og:locale":"es_ES","og:site_name":"El Digital de Asturias \u2013 Revista de ocio, turismo y estilo de vida","og:type":"article","og:title":"Hidalgo afirma que el grupo Globalia est\u00e1 preparado para salir a Bolsa | El Digital de Asturias","og:description":"El presidente de Globalia, Juan Jos\u00e9 Hidalgo, ha afirmado que el grupo tur\u00edstico, en el que se engloba Air Europa, est\u00e1 &quot;preparado&quot; para salir a Bolsa, un proceso que, seg\u00fan el empresario salmantino, podr\u00eda haber tenido lugar hace dos a\u00f1os, con anterioridad a las conversaciones con HNA sobre la venta de la aerol\u00ednea. Globalia, propietaria","og:url":"https:\/\/eldigitaldeasturias.com\/magazine365\/hidalgo-afirma-que-el-grupo-globalia-esta-preparado-para-salir-a-bolsa\/","og:image":"https:\/\/eldigitaldeasturias.com\/magazine365\/wp-content\/uploads\/2016\/06\/fotonoticia_20160620195946_800.jpg","og:image:secure_url":"https:\/\/eldigitaldeasturias.com\/magazine365\/wp-content\/uploads\/2016\/06\/fotonoticia_20160620195946_800.jpg","og:image:width":800,"og:image:height":660,"article:published_time":"2016-06-20T21:31:43+00:00","article:modified_time":"2016-06-20T21:31:43+00:00","twitter:card":"summary_large_image","twitter:title":"Hidalgo afirma que el grupo Globalia est\u00e1 preparado para salir a Bolsa | El Digital de Asturias","twitter:description":"El presidente de Globalia, Juan Jos\u00e9 Hidalgo, ha afirmado que el grupo tur\u00edstico, en el que se engloba Air Europa, est\u00e1 &quot;preparado&quot; para salir a Bolsa, un proceso que, seg\u00fan el empresario salmantino, podr\u00eda haber tenido lugar hace dos a\u00f1os, con anterioridad a las conversaciones con HNA sobre la venta de la aerol\u00ednea. Globalia, propietaria","twitter:image":"https:\/\/eldigitaldeasturias.com\/magazine365\/wp-content\/uploads\/2016\/06\/fotonoticia_20160620195946_800.jpg"},"aioseo_meta_data":{"post_id":"80253","title":null,"description":null,"keywords":null,"keyphrases":null,"primary_term":null,"canonical_url":null,"og_title":null,"og_description":null,"og_object_type":"default","og_image_type":"default","og_image_url":null,"og_image_width":null,"og_image_height":null,"og_image_custom_url":null,"og_image_custom_fields":null,"og_video":null,"og_custom_url":null,"og_article_section":null,"og_article_tags":null,"twitter_use_og":false,"twitter_card":"default","twitter_image_type":"default","twitter_image_url":null,"twitter_image_custom_url":null,"twitter_image_custom_fields":null,"twitter_title":null,"twitter_description":null,"schema":{"blockGraphs":[],"customGraphs":[],"default":{"data":{"Article":[],"Course":[],"Dataset":[],"FAQPage":[],"Movie":[],"Person":[],"Product":[],"ProductReview":[],"Car":[],"Recipe":[],"Service":[],"SoftwareApplication":[],"WebPage":[]},"graphName":"","isEnabled":true},"graphs":[],"defaultGraph":"","defaultPostTypeGraph":""},"schema_type":null,"schema_type_options":null,"pillar_content":false,"robots_default":true,"robots_noindex":false,"robots_noarchive":false,"robots_nosnippet":false,"robots_nofollow":false,"robots_noimageindex":false,"robots_noodp":false,"robots_notranslate":false,"robots_max_snippet":null,"robots_max_videopreview":null,"robots_max_imagepreview":"large","priority":null,"frequency":null,"location":null,"local_seo":null,"seo_analyzer_scan_date":"2025-09-27 20:30:26","breadcrumb_settings":null,"limit_modified_date":false,"open_ai":null,"ai":null,"created":"2021-03-08 17:34:42","updated":"2025-09-27 20:30:26"},"aioseo_breadcrumb":"<div class=\"aioseo-breadcrumbs\"><span class=\"aioseo-breadcrumb\">\n\t<a href=\"https:\/\/eldigitaldeasturias.com\/magazine365\" title=\"Home\">Home<\/a>\n<\/span><span class=\"aioseo-breadcrumb-separator\">\u2013<\/span><span class=\"aioseo-breadcrumb\">\n\t<a href=\"https:\/\/eldigitaldeasturias.com\/magazine365\/category\/noticias-actualidad\/\" title=\"Noticias y Actualidad\">Noticias y Actualidad<\/a>\n<\/span><span class=\"aioseo-breadcrumb-separator\">\u2013<\/span><span class=\"aioseo-breadcrumb\">\n\t<a href=\"https:\/\/eldigitaldeasturias.com\/magazine365\/hidalgo-afirma-que-el-grupo-globalia-esta-preparado-para-salir-a-bolsa\/\" title=\"Hidalgo afirma que el grupo Globalia est\u00e1 preparado para salir a Bolsa\">Hidalgo afirma que el grupo Globalia est\u00e1 preparado para salir a Bolsa<\/a>\n<\/span><\/div>","aioseo_breadcrumb_json":[{"label":"Home","link":"https:\/\/eldigitaldeasturias.com\/magazine365"},{"label":"Noticias y Actualidad","link":"https:\/\/eldigitaldeasturias.com\/magazine365\/category\/noticias-actualidad\/"},{"label":"Hidalgo afirma que el grupo Globalia est\u00e1 preparado para salir a Bolsa","link":"https:\/\/eldigitaldeasturias.com\/magazine365\/hidalgo-afirma-que-el-grupo-globalia-esta-preparado-para-salir-a-bolsa\/"}],"_links":{"self":[{"href":"https:\/\/eldigitaldeasturias.com\/magazine365\/wp-json\/wp\/v2\/posts\/80253","targetHints":{"allow":["GET"]}}],"collection":[{"href":"https:\/\/eldigitaldeasturias.com\/magazine365\/wp-json\/wp\/v2\/posts"}],"about":[{"href":"https:\/\/eldigitaldeasturias.com\/magazine365\/wp-json\/wp\/v2\/types\/post"}],"author":[{"embeddable":true,"href":"https:\/\/eldigitaldeasturias.com\/magazine365\/wp-json\/wp\/v2\/users\/1"}],"replies":[{"embeddable":true,"href":"https:\/\/eldigitaldeasturias.com\/magazine365\/wp-json\/wp\/v2\/comments?post=80253"}],"version-history":[{"count":0,"href":"https:\/\/eldigitaldeasturias.com\/magazine365\/wp-json\/wp\/v2\/posts\/80253\/revisions"}],"wp:featuredmedia":[{"embeddable":true,"href":"https:\/\/eldigitaldeasturias.com\/magazine365\/wp-json\/wp\/v2\/media\/80254"}],"wp:attachment":[{"href":"https:\/\/eldigitaldeasturias.com\/magazine365\/wp-json\/wp\/v2\/media?parent=80253"}],"wp:term":[{"taxonomy":"category","embeddable":true,"href":"https:\/\/eldigitaldeasturias.com\/magazine365\/wp-json\/wp\/v2\/categories?post=80253"},{"taxonomy":"post_tag","embeddable":true,"href":"https:\/\/eldigitaldeasturias.com\/magazine365\/wp-json\/wp\/v2\/tags?post=80253"}],"curies":[{"name":"wp","href":"https:\/\/api.w.org\/{rel}","templated":true}]}}