{"id":80243,"date":"2016-06-20T23:28:39","date_gmt":"2016-06-20T21:28:39","guid":{"rendered":"http:\/\/eldigitaldeasturias.com\/magazine365\/?p=80243"},"modified":"2016-06-20T23:28:39","modified_gmt":"2016-06-20T21:28:39","slug":"hidalgo-inaugura-la-nueva-ruta-de-air-europa-entre-madrid-y-zurich","status":"publish","type":"post","link":"https:\/\/eldigitaldeasturias.com\/magazine365\/hidalgo-inaugura-la-nueva-ruta-de-air-europa-entre-madrid-y-zurich\/","title":{"rendered":"Hidalgo inaugura la nueva ruta de Air Europa entre Madrid y Z\u00farich"},"content":{"rendered":"<p><img fetchpriority=\"high\" decoding=\"async\" class=\"alignleft size-medium wp-image-80244\" src=\"https:\/\/eldigitaldeasturias.com\/magazine365\/wp-content\/uploads\/2016\/06\/fotonoticia_20160620190652_800-360x240.jpg\" alt=\"fotonoticia_20160620190652_800\" width=\"360\" height=\"240\" srcset=\"https:\/\/eldigitaldeasturias.com\/magazine365\/wp-content\/uploads\/2016\/06\/fotonoticia_20160620190652_800-360x240.jpg 360w, https:\/\/eldigitaldeasturias.com\/magazine365\/wp-content\/uploads\/2016\/06\/fotonoticia_20160620190652_800-650x434.jpg 650w, https:\/\/eldigitaldeasturias.com\/magazine365\/wp-content\/uploads\/2016\/06\/fotonoticia_20160620190652_800-768x513.jpg 768w, https:\/\/eldigitaldeasturias.com\/magazine365\/wp-content\/uploads\/2016\/06\/fotonoticia_20160620190652_800-150x100.jpg 150w, https:\/\/eldigitaldeasturias.com\/magazine365\/wp-content\/uploads\/2016\/06\/fotonoticia_20160620190652_800-450x300.jpg 450w, https:\/\/eldigitaldeasturias.com\/magazine365\/wp-content\/uploads\/2016\/06\/fotonoticia_20160620190652_800-101x66.jpg 101w, https:\/\/eldigitaldeasturias.com\/magazine365\/wp-content\/uploads\/2016\/06\/fotonoticia_20160620190652_800.jpg 800w\" sizes=\"(max-width: 360px) 100vw, 360px\" \/>El presidente de Air Europa, Juan Jos\u00e9 Hidalgo, ha inaugurado este lunes con \u00abgran satisfacci\u00f3n\u00bb la nueva ruta de la compa\u00f1\u00eda entre Madrid y Z\u00farich (Suiza), que operar\u00e1 dos veces al d\u00eda con un Embraer E195, con capacidad para 120 personas.<\/p>\n<p>El avi\u00f3n, que ha despegado minutos antes de las 8.00 horas, ha aterrizado en el aeropuerto de Z\u00farich poco despu\u00e9s de las 10.00 horas y ha sido recibido con el tradicional acto de bienvenida, en el que los servicios de extinci\u00f3n de incendios se han desplegado a ambos lados de la pista y han lanzado chorros de agua para formar arcos al paso de la aeronave.<\/p>\n<p>La compa\u00f1\u00eda a\u00e9rea operar\u00e1 desde este lunes dos frecuencias diarias al aeropuerto, con salida de Madrid a las 07.50 horas y a las 14.50 horas y, en sentido inverso, a las 11.05 horas y a las 18.40 horas, respectivamente.<\/p>\n<p>Al llegar al aeropuerto, Hidalgo ha manifestado su \u00abgran satisfacci\u00f3n\u00bb por la conexi\u00f3n entre Madrid y Z\u00farich, ciudad a la que emigr\u00f3 con 19 a\u00f1os. Seg\u00fan ha explicado, esta nueva ruta le produce \u00abmuchos sentimientos\u00bb y \u00absentimentalmente\u00bb es muy positiva.<\/p>\n<p>Adem\u00e1s, ha manifestado que la apertura de esta ruta es \u00abmuy positiva\u00bb como negocio y ha apuntado que es necesario \u00abtener m\u00e1s acercamientos de Europa a Madrid\u00bb.<\/p>\n<h2 class=\"ladillo\">PLAN DE CRECIMIENTO<\/h2>\n<p>\u00abLa compa\u00f1\u00eda est\u00e1 en un plan de crecimiento constante\u00bb, ha a\u00f1adido el presidente de Air Europa y del Grupo Globalia, que este a\u00f1o inaugura, adem\u00e1s, nuevas rutas desde Madrid a Bogot\u00e1 (Colombia), Guayaquil (Ecuador) y C\u00f3rdoba (Argentina).<\/p>\n<p>Hidalgo ha sido recibido en Z\u00farich por el director del aeropuerto suizo, Stefan Conrad, quien ha destacado que esta nueva conexi\u00f3n beneficiar\u00e1 a la industria y la exportaci\u00f3n.<\/p>\n<p>La ruta inaugurada hoy dispone ya de 15.000 reservas efectuadas. Air Europa ha ampliado las alianzas de c\u00f3digo compartido suscritas con Air Serbia y Etihad Airways, en virtud de las cuales cubrir\u00e1 a diario, a trav\u00e9s de Z\u00farich, las rutas Madrid-Belgrado y Madrid-Abu Dabi, respectivamente. La ruta Madrid-Abu Dabi v\u00eda la ciudad suiza estar\u00e1 operativa a partir del pr\u00f3ximo mes de julio, mientras que a la capital serbia se puede volar desde este lunes.<\/p>\n","protected":false},"excerpt":{"rendered":"<p>El presidente de Air Europa, Juan Jos\u00e9 Hidalgo, ha inaugurado este lunes con \u00abgran satisfacci\u00f3n\u00bb la nueva ruta de la compa\u00f1\u00eda entre Madrid y Z\u00farich (Suiza), que operar\u00e1 dos veces al d\u00eda con un Embraer E195, con capacidad para 120 personas. El avi\u00f3n, que ha despegado minutos antes de las 8.00 horas, ha aterrizado en<\/p>\n","protected":false},"author":1,"featured_media":80244,"comment_status":"open","ping_status":"closed","sticky":false,"template":"","format":"standard","meta":{"footnotes":""},"categories":[224],"tags":[],"class_list":{"0":"post-80243","1":"post","2":"type-post","3":"status-publish","4":"format-standard","5":"has-post-thumbnail","7":"category-noticias-actualidad"},"aioseo_notices":[],"aioseo_head":"\n\t\t<!-- All in One SEO Pro 4.9.6.1 - aioseo.com -->\n\t<meta name=\"description\" content=\"El presidente de Air Europa, Juan Jos\u00e9 Hidalgo, ha inaugurado este lunes con &quot;gran satisfacci\u00f3n&quot; la nueva ruta de la compa\u00f1\u00eda entre Madrid y Z\u00farich (Suiza), que operar\u00e1 dos veces al d\u00eda con un Embraer E195, con capacidad para 120 personas. El avi\u00f3n, que ha despegado minutos antes de las 8.00 horas, ha aterrizado en\" \/>\n\t<meta name=\"robots\" content=\"max-image-preview:large\" \/>\n\t<meta name=\"author\" content=\"admin\"\/>\n\t<meta name=\"google-site-verification\" content=\"UA-38556648-1\" \/>\n\t<meta name=\"keywords\" content=\"noticias y actualidad\" \/>\n\t<link rel=\"canonical\" href=\"https:\/\/eldigitaldeasturias.com\/magazine365\/hidalgo-inaugura-la-nueva-ruta-de-air-europa-entre-madrid-y-zurich\/\" \/>\n\t<meta name=\"generator\" content=\"All in One SEO Pro (AIOSEO) 4.9.6.1\" \/>\n\t\t<meta property=\"og:locale\" content=\"es_ES\" \/>\n\t\t<meta property=\"og:site_name\" content=\"El Digital de Asturias \u2013 Revista de ocio, turismo y estilo de vida\" \/>\n\t\t<meta property=\"og:type\" content=\"article\" \/>\n\t\t<meta property=\"og:title\" content=\"Hidalgo inaugura la nueva ruta de Air Europa entre Madrid y Z\u00farich | El Digital de Asturias\" \/>\n\t\t<meta property=\"og:description\" content=\"El presidente de Air Europa, Juan Jos\u00e9 Hidalgo, ha inaugurado este lunes con &quot;gran satisfacci\u00f3n&quot; la nueva ruta de la compa\u00f1\u00eda entre Madrid y Z\u00farich (Suiza), que operar\u00e1 dos veces al d\u00eda con un Embraer E195, con capacidad para 120 personas. El avi\u00f3n, que ha despegado minutos antes de las 8.00 horas, ha aterrizado en\" \/>\n\t\t<meta property=\"og:url\" content=\"https:\/\/eldigitaldeasturias.com\/magazine365\/hidalgo-inaugura-la-nueva-ruta-de-air-europa-entre-madrid-y-zurich\/\" \/>\n\t\t<meta property=\"og:image\" content=\"https:\/\/eldigitaldeasturias.com\/magazine365\/wp-content\/uploads\/2016\/06\/fotonoticia_20160620190652_800.jpg\" \/>\n\t\t<meta property=\"og:image:secure_url\" content=\"https:\/\/eldigitaldeasturias.com\/magazine365\/wp-content\/uploads\/2016\/06\/fotonoticia_20160620190652_800.jpg\" \/>\n\t\t<meta property=\"og:image:width\" content=\"800\" \/>\n\t\t<meta property=\"og:image:height\" content=\"534\" \/>\n\t\t<meta property=\"article:published_time\" content=\"2016-06-20T21:28:39+00:00\" \/>\n\t\t<meta property=\"article:modified_time\" content=\"2016-06-20T21:28:39+00:00\" \/>\n\t\t<meta name=\"twitter:card\" content=\"summary_large_image\" \/>\n\t\t<meta name=\"twitter:title\" content=\"Hidalgo inaugura la nueva ruta de Air Europa entre Madrid y Z\u00farich | El Digital de Asturias\" \/>\n\t\t<meta name=\"twitter:description\" content=\"El presidente de Air Europa, Juan Jos\u00e9 Hidalgo, ha inaugurado este lunes con &quot;gran satisfacci\u00f3n&quot; la nueva ruta de la compa\u00f1\u00eda entre Madrid y Z\u00farich (Suiza), que operar\u00e1 dos veces al d\u00eda con un Embraer E195, con capacidad para 120 personas. El avi\u00f3n, que ha despegado minutos antes de las 8.00 horas, ha aterrizado en\" \/>\n\t\t<meta name=\"twitter:image\" content=\"https:\/\/eldigitaldeasturias.com\/magazine365\/wp-content\/uploads\/2016\/06\/fotonoticia_20160620190652_800.jpg\" \/>\n\t\t<script type=\"application\/ld+json\" class=\"aioseo-schema\">\n\t\t\t{\"@context\":\"https:\\\/\\\/schema.org\",\"@graph\":[{\"@type\":\"Article\",\"@id\":\"https:\\\/\\\/eldigitaldeasturias.com\\\/magazine365\\\/hidalgo-inaugura-la-nueva-ruta-de-air-europa-entre-madrid-y-zurich\\\/#article\",\"name\":\"Hidalgo inaugura la nueva ruta de Air Europa entre Madrid y Z\\u00farich | El Digital de Asturias\",\"headline\":\"Hidalgo inaugura la nueva ruta de Air Europa entre Madrid y Z\\u00farich\",\"author\":{\"@id\":\"https:\\\/\\\/eldigitaldeasturias.com\\\/magazine365\\\/author\\\/admin\\\/#author\"},\"publisher\":{\"@id\":\"https:\\\/\\\/eldigitaldeasturias.com\\\/magazine365\\\/#organization\"},\"image\":{\"@type\":\"ImageObject\",\"url\":\"https:\\\/\\\/eldigitaldeasturias.com\\\/magazine365\\\/wp-content\\\/uploads\\\/2016\\\/06\\\/fotonoticia_20160620190652_800.jpg\",\"width\":800,\"height\":534},\"datePublished\":\"2016-06-20T23:28:39+02:00\",\"dateModified\":\"2016-06-20T23:28:39+02:00\",\"inLanguage\":\"es-ES\",\"mainEntityOfPage\":{\"@id\":\"https:\\\/\\\/eldigitaldeasturias.com\\\/magazine365\\\/hidalgo-inaugura-la-nueva-ruta-de-air-europa-entre-madrid-y-zurich\\\/#webpage\"},\"isPartOf\":{\"@id\":\"https:\\\/\\\/eldigitaldeasturias.com\\\/magazine365\\\/hidalgo-inaugura-la-nueva-ruta-de-air-europa-entre-madrid-y-zurich\\\/#webpage\"},\"articleSection\":\"Noticias y Actualidad\"},{\"@type\":\"BreadcrumbList\",\"@id\":\"https:\\\/\\\/eldigitaldeasturias.com\\\/magazine365\\\/hidalgo-inaugura-la-nueva-ruta-de-air-europa-entre-madrid-y-zurich\\\/#breadcrumblist\",\"itemListElement\":[{\"@type\":\"ListItem\",\"@id\":\"https:\\\/\\\/eldigitaldeasturias.com\\\/magazine365#listItem\",\"position\":1,\"name\":\"Home\",\"item\":\"https:\\\/\\\/eldigitaldeasturias.com\\\/magazine365\",\"nextItem\":{\"@type\":\"ListItem\",\"@id\":\"https:\\\/\\\/eldigitaldeasturias.com\\\/magazine365\\\/category\\\/noticias-actualidad\\\/#listItem\",\"name\":\"Noticias y Actualidad\"}},{\"@type\":\"ListItem\",\"@id\":\"https:\\\/\\\/eldigitaldeasturias.com\\\/magazine365\\\/category\\\/noticias-actualidad\\\/#listItem\",\"position\":2,\"name\":\"Noticias y Actualidad\",\"item\":\"https:\\\/\\\/eldigitaldeasturias.com\\\/magazine365\\\/category\\\/noticias-actualidad\\\/\",\"nextItem\":{\"@type\":\"ListItem\",\"@id\":\"https:\\\/\\\/eldigitaldeasturias.com\\\/magazine365\\\/hidalgo-inaugura-la-nueva-ruta-de-air-europa-entre-madrid-y-zurich\\\/#listItem\",\"name\":\"Hidalgo inaugura la nueva ruta de Air Europa entre Madrid y Z\\u00farich\"},\"previousItem\":{\"@type\":\"ListItem\",\"@id\":\"https:\\\/\\\/eldigitaldeasturias.com\\\/magazine365#listItem\",\"name\":\"Home\"}},{\"@type\":\"ListItem\",\"@id\":\"https:\\\/\\\/eldigitaldeasturias.com\\\/magazine365\\\/hidalgo-inaugura-la-nueva-ruta-de-air-europa-entre-madrid-y-zurich\\\/#listItem\",\"position\":3,\"name\":\"Hidalgo inaugura la nueva ruta de Air Europa entre Madrid y Z\\u00farich\",\"previousItem\":{\"@type\":\"ListItem\",\"@id\":\"https:\\\/\\\/eldigitaldeasturias.com\\\/magazine365\\\/category\\\/noticias-actualidad\\\/#listItem\",\"name\":\"Noticias y Actualidad\"}}]},{\"@type\":\"Organization\",\"@id\":\"https:\\\/\\\/eldigitaldeasturias.com\\\/magazine365\\\/#organization\",\"name\":\"El digital de Asturias\",\"description\":\"Revista de ocio, turismo y estilo de vida\",\"url\":\"https:\\\/\\\/eldigitaldeasturias.com\\\/magazine365\\\/\",\"logo\":{\"@type\":\"ImageObject\",\"url\":\"https:\\\/\\\/www.eldigitaldeasturias.com\\\/noticias\\\/wp-content\\\/uploads\\\/2020\\\/12\\\/EDA.jpg\",\"@id\":\"https:\\\/\\\/eldigitaldeasturias.com\\\/magazine365\\\/hidalgo-inaugura-la-nueva-ruta-de-air-europa-entre-madrid-y-zurich\\\/#organizationLogo\"},\"image\":{\"@id\":\"https:\\\/\\\/eldigitaldeasturias.com\\\/magazine365\\\/hidalgo-inaugura-la-nueva-ruta-de-air-europa-entre-madrid-y-zurich\\\/#organizationLogo\"}},{\"@type\":\"Person\",\"@id\":\"https:\\\/\\\/eldigitaldeasturias.com\\\/magazine365\\\/author\\\/admin\\\/#author\",\"url\":\"https:\\\/\\\/eldigitaldeasturias.com\\\/magazine365\\\/author\\\/admin\\\/\",\"name\":\"admin\",\"image\":{\"@type\":\"ImageObject\",\"@id\":\"https:\\\/\\\/eldigitaldeasturias.com\\\/magazine365\\\/hidalgo-inaugura-la-nueva-ruta-de-air-europa-entre-madrid-y-zurich\\\/#authorImage\",\"url\":\"https:\\\/\\\/eldigitaldeasturias.com\\\/magazine365\\\/wp-content\\\/litespeed\\\/avatar\\\/e571bcf59a0edd6fa6838245a470f2fe.jpg?ver=1776969259\",\"width\":96,\"height\":96,\"caption\":\"admin\"}},{\"@type\":\"WebPage\",\"@id\":\"https:\\\/\\\/eldigitaldeasturias.com\\\/magazine365\\\/hidalgo-inaugura-la-nueva-ruta-de-air-europa-entre-madrid-y-zurich\\\/#webpage\",\"url\":\"https:\\\/\\\/eldigitaldeasturias.com\\\/magazine365\\\/hidalgo-inaugura-la-nueva-ruta-de-air-europa-entre-madrid-y-zurich\\\/\",\"name\":\"Hidalgo inaugura la nueva ruta de Air Europa entre Madrid y Z\\u00farich | El Digital de Asturias\",\"description\":\"El presidente de Air Europa, Juan Jos\\u00e9 Hidalgo, ha inaugurado este lunes con \\\"gran satisfacci\\u00f3n\\\" la nueva ruta de la compa\\u00f1\\u00eda entre Madrid y Z\\u00farich (Suiza), que operar\\u00e1 dos veces al d\\u00eda con un Embraer E195, con capacidad para 120 personas. El avi\\u00f3n, que ha despegado minutos antes de las 8.00 horas, ha aterrizado en\",\"inLanguage\":\"es-ES\",\"isPartOf\":{\"@id\":\"https:\\\/\\\/eldigitaldeasturias.com\\\/magazine365\\\/#website\"},\"breadcrumb\":{\"@id\":\"https:\\\/\\\/eldigitaldeasturias.com\\\/magazine365\\\/hidalgo-inaugura-la-nueva-ruta-de-air-europa-entre-madrid-y-zurich\\\/#breadcrumblist\"},\"author\":{\"@id\":\"https:\\\/\\\/eldigitaldeasturias.com\\\/magazine365\\\/author\\\/admin\\\/#author\"},\"creator\":{\"@id\":\"https:\\\/\\\/eldigitaldeasturias.com\\\/magazine365\\\/author\\\/admin\\\/#author\"},\"image\":{\"@type\":\"ImageObject\",\"url\":\"https:\\\/\\\/eldigitaldeasturias.com\\\/magazine365\\\/wp-content\\\/uploads\\\/2016\\\/06\\\/fotonoticia_20160620190652_800.jpg\",\"@id\":\"https:\\\/\\\/eldigitaldeasturias.com\\\/magazine365\\\/hidalgo-inaugura-la-nueva-ruta-de-air-europa-entre-madrid-y-zurich\\\/#mainImage\",\"width\":800,\"height\":534},\"primaryImageOfPage\":{\"@id\":\"https:\\\/\\\/eldigitaldeasturias.com\\\/magazine365\\\/hidalgo-inaugura-la-nueva-ruta-de-air-europa-entre-madrid-y-zurich\\\/#mainImage\"},\"datePublished\":\"2016-06-20T23:28:39+02:00\",\"dateModified\":\"2016-06-20T23:28:39+02:00\"},{\"@type\":\"WebSite\",\"@id\":\"https:\\\/\\\/eldigitaldeasturias.com\\\/magazine365\\\/#website\",\"url\":\"https:\\\/\\\/eldigitaldeasturias.com\\\/magazine365\\\/\",\"name\":\"El Digital de Asturias\",\"description\":\"Revista de ocio, turismo y estilo de vida\",\"inLanguage\":\"es-ES\",\"publisher\":{\"@id\":\"https:\\\/\\\/eldigitaldeasturias.com\\\/magazine365\\\/#organization\"}}]}\n\t\t<\/script>\n\t\t<!-- All in One SEO Pro -->\r\n\t\t<title>Hidalgo inaugura la nueva ruta de Air Europa entre Madrid y Z\u00farich | El Digital de Asturias<\/title>\n\n","aioseo_head_json":{"title":"Hidalgo inaugura la nueva ruta de Air Europa entre Madrid y Z\u00farich | El Digital de Asturias","description":"El presidente de Air Europa, Juan Jos\u00e9 Hidalgo, ha inaugurado este lunes con \"gran satisfacci\u00f3n\" la nueva ruta de la compa\u00f1\u00eda entre Madrid y Z\u00farich (Suiza), que operar\u00e1 dos veces al d\u00eda con un Embraer E195, con capacidad para 120 personas. El avi\u00f3n, que ha despegado minutos antes de las 8.00 horas, ha aterrizado en","canonical_url":"https:\/\/eldigitaldeasturias.com\/magazine365\/hidalgo-inaugura-la-nueva-ruta-de-air-europa-entre-madrid-y-zurich\/","robots":"max-image-preview:large","keywords":"noticias y actualidad","webmasterTools":{"google-site-verification":"UA-38556648-1","miscellaneous":""},"schema":{"@context":"https:\/\/schema.org","@graph":[{"@type":"Article","@id":"https:\/\/eldigitaldeasturias.com\/magazine365\/hidalgo-inaugura-la-nueva-ruta-de-air-europa-entre-madrid-y-zurich\/#article","name":"Hidalgo inaugura la nueva ruta de Air Europa entre Madrid y Z\u00farich | El Digital de Asturias","headline":"Hidalgo inaugura la nueva ruta de Air Europa entre Madrid y Z\u00farich","author":{"@id":"https:\/\/eldigitaldeasturias.com\/magazine365\/author\/admin\/#author"},"publisher":{"@id":"https:\/\/eldigitaldeasturias.com\/magazine365\/#organization"},"image":{"@type":"ImageObject","url":"https:\/\/eldigitaldeasturias.com\/magazine365\/wp-content\/uploads\/2016\/06\/fotonoticia_20160620190652_800.jpg","width":800,"height":534},"datePublished":"2016-06-20T23:28:39+02:00","dateModified":"2016-06-20T23:28:39+02:00","inLanguage":"es-ES","mainEntityOfPage":{"@id":"https:\/\/eldigitaldeasturias.com\/magazine365\/hidalgo-inaugura-la-nueva-ruta-de-air-europa-entre-madrid-y-zurich\/#webpage"},"isPartOf":{"@id":"https:\/\/eldigitaldeasturias.com\/magazine365\/hidalgo-inaugura-la-nueva-ruta-de-air-europa-entre-madrid-y-zurich\/#webpage"},"articleSection":"Noticias y Actualidad"},{"@type":"BreadcrumbList","@id":"https:\/\/eldigitaldeasturias.com\/magazine365\/hidalgo-inaugura-la-nueva-ruta-de-air-europa-entre-madrid-y-zurich\/#breadcrumblist","itemListElement":[{"@type":"ListItem","@id":"https:\/\/eldigitaldeasturias.com\/magazine365#listItem","position":1,"name":"Home","item":"https:\/\/eldigitaldeasturias.com\/magazine365","nextItem":{"@type":"ListItem","@id":"https:\/\/eldigitaldeasturias.com\/magazine365\/category\/noticias-actualidad\/#listItem","name":"Noticias y Actualidad"}},{"@type":"ListItem","@id":"https:\/\/eldigitaldeasturias.com\/magazine365\/category\/noticias-actualidad\/#listItem","position":2,"name":"Noticias y Actualidad","item":"https:\/\/eldigitaldeasturias.com\/magazine365\/category\/noticias-actualidad\/","nextItem":{"@type":"ListItem","@id":"https:\/\/eldigitaldeasturias.com\/magazine365\/hidalgo-inaugura-la-nueva-ruta-de-air-europa-entre-madrid-y-zurich\/#listItem","name":"Hidalgo inaugura la nueva ruta de Air Europa entre Madrid y Z\u00farich"},"previousItem":{"@type":"ListItem","@id":"https:\/\/eldigitaldeasturias.com\/magazine365#listItem","name":"Home"}},{"@type":"ListItem","@id":"https:\/\/eldigitaldeasturias.com\/magazine365\/hidalgo-inaugura-la-nueva-ruta-de-air-europa-entre-madrid-y-zurich\/#listItem","position":3,"name":"Hidalgo inaugura la nueva ruta de Air Europa entre Madrid y Z\u00farich","previousItem":{"@type":"ListItem","@id":"https:\/\/eldigitaldeasturias.com\/magazine365\/category\/noticias-actualidad\/#listItem","name":"Noticias y Actualidad"}}]},{"@type":"Organization","@id":"https:\/\/eldigitaldeasturias.com\/magazine365\/#organization","name":"El digital de Asturias","description":"Revista de ocio, turismo y estilo de vida","url":"https:\/\/eldigitaldeasturias.com\/magazine365\/","logo":{"@type":"ImageObject","url":"https:\/\/www.eldigitaldeasturias.com\/noticias\/wp-content\/uploads\/2020\/12\/EDA.jpg","@id":"https:\/\/eldigitaldeasturias.com\/magazine365\/hidalgo-inaugura-la-nueva-ruta-de-air-europa-entre-madrid-y-zurich\/#organizationLogo"},"image":{"@id":"https:\/\/eldigitaldeasturias.com\/magazine365\/hidalgo-inaugura-la-nueva-ruta-de-air-europa-entre-madrid-y-zurich\/#organizationLogo"}},{"@type":"Person","@id":"https:\/\/eldigitaldeasturias.com\/magazine365\/author\/admin\/#author","url":"https:\/\/eldigitaldeasturias.com\/magazine365\/author\/admin\/","name":"admin","image":{"@type":"ImageObject","@id":"https:\/\/eldigitaldeasturias.com\/magazine365\/hidalgo-inaugura-la-nueva-ruta-de-air-europa-entre-madrid-y-zurich\/#authorImage","url":"https:\/\/eldigitaldeasturias.com\/magazine365\/wp-content\/litespeed\/avatar\/e571bcf59a0edd6fa6838245a470f2fe.jpg?ver=1776969259","width":96,"height":96,"caption":"admin"}},{"@type":"WebPage","@id":"https:\/\/eldigitaldeasturias.com\/magazine365\/hidalgo-inaugura-la-nueva-ruta-de-air-europa-entre-madrid-y-zurich\/#webpage","url":"https:\/\/eldigitaldeasturias.com\/magazine365\/hidalgo-inaugura-la-nueva-ruta-de-air-europa-entre-madrid-y-zurich\/","name":"Hidalgo inaugura la nueva ruta de Air Europa entre Madrid y Z\u00farich | El Digital de Asturias","description":"El presidente de Air Europa, Juan Jos\u00e9 Hidalgo, ha inaugurado este lunes con \"gran satisfacci\u00f3n\" la nueva ruta de la compa\u00f1\u00eda entre Madrid y Z\u00farich (Suiza), que operar\u00e1 dos veces al d\u00eda con un Embraer E195, con capacidad para 120 personas. El avi\u00f3n, que ha despegado minutos antes de las 8.00 horas, ha aterrizado en","inLanguage":"es-ES","isPartOf":{"@id":"https:\/\/eldigitaldeasturias.com\/magazine365\/#website"},"breadcrumb":{"@id":"https:\/\/eldigitaldeasturias.com\/magazine365\/hidalgo-inaugura-la-nueva-ruta-de-air-europa-entre-madrid-y-zurich\/#breadcrumblist"},"author":{"@id":"https:\/\/eldigitaldeasturias.com\/magazine365\/author\/admin\/#author"},"creator":{"@id":"https:\/\/eldigitaldeasturias.com\/magazine365\/author\/admin\/#author"},"image":{"@type":"ImageObject","url":"https:\/\/eldigitaldeasturias.com\/magazine365\/wp-content\/uploads\/2016\/06\/fotonoticia_20160620190652_800.jpg","@id":"https:\/\/eldigitaldeasturias.com\/magazine365\/hidalgo-inaugura-la-nueva-ruta-de-air-europa-entre-madrid-y-zurich\/#mainImage","width":800,"height":534},"primaryImageOfPage":{"@id":"https:\/\/eldigitaldeasturias.com\/magazine365\/hidalgo-inaugura-la-nueva-ruta-de-air-europa-entre-madrid-y-zurich\/#mainImage"},"datePublished":"2016-06-20T23:28:39+02:00","dateModified":"2016-06-20T23:28:39+02:00"},{"@type":"WebSite","@id":"https:\/\/eldigitaldeasturias.com\/magazine365\/#website","url":"https:\/\/eldigitaldeasturias.com\/magazine365\/","name":"El Digital de Asturias","description":"Revista de ocio, turismo y estilo de vida","inLanguage":"es-ES","publisher":{"@id":"https:\/\/eldigitaldeasturias.com\/magazine365\/#organization"}}]},"og:locale":"es_ES","og:site_name":"El Digital de Asturias \u2013 Revista de ocio, turismo y estilo de vida","og:type":"article","og:title":"Hidalgo inaugura la nueva ruta de Air Europa entre Madrid y Z\u00farich | El Digital de Asturias","og:description":"El presidente de Air Europa, Juan Jos\u00e9 Hidalgo, ha inaugurado este lunes con &quot;gran satisfacci\u00f3n&quot; la nueva ruta de la compa\u00f1\u00eda entre Madrid y Z\u00farich (Suiza), que operar\u00e1 dos veces al d\u00eda con un Embraer E195, con capacidad para 120 personas. El avi\u00f3n, que ha despegado minutos antes de las 8.00 horas, ha aterrizado en","og:url":"https:\/\/eldigitaldeasturias.com\/magazine365\/hidalgo-inaugura-la-nueva-ruta-de-air-europa-entre-madrid-y-zurich\/","og:image":"https:\/\/eldigitaldeasturias.com\/magazine365\/wp-content\/uploads\/2016\/06\/fotonoticia_20160620190652_800.jpg","og:image:secure_url":"https:\/\/eldigitaldeasturias.com\/magazine365\/wp-content\/uploads\/2016\/06\/fotonoticia_20160620190652_800.jpg","og:image:width":800,"og:image:height":534,"article:published_time":"2016-06-20T21:28:39+00:00","article:modified_time":"2016-06-20T21:28:39+00:00","twitter:card":"summary_large_image","twitter:title":"Hidalgo inaugura la nueva ruta de Air Europa entre Madrid y Z\u00farich | El Digital de Asturias","twitter:description":"El presidente de Air Europa, Juan Jos\u00e9 Hidalgo, ha inaugurado este lunes con &quot;gran satisfacci\u00f3n&quot; la nueva ruta de la compa\u00f1\u00eda entre Madrid y Z\u00farich (Suiza), que operar\u00e1 dos veces al d\u00eda con un Embraer E195, con capacidad para 120 personas. El avi\u00f3n, que ha despegado minutos antes de las 8.00 horas, ha aterrizado en","twitter:image":"https:\/\/eldigitaldeasturias.com\/magazine365\/wp-content\/uploads\/2016\/06\/fotonoticia_20160620190652_800.jpg"},"aioseo_meta_data":{"post_id":"80243","title":null,"description":null,"keywords":null,"keyphrases":null,"primary_term":null,"canonical_url":null,"og_title":null,"og_description":null,"og_object_type":"default","og_image_type":"default","og_image_url":null,"og_image_width":null,"og_image_height":null,"og_image_custom_url":null,"og_image_custom_fields":null,"og_video":null,"og_custom_url":null,"og_article_section":null,"og_article_tags":null,"twitter_use_og":false,"twitter_card":"default","twitter_image_type":"default","twitter_image_url":null,"twitter_image_custom_url":null,"twitter_image_custom_fields":null,"twitter_title":null,"twitter_description":null,"schema":{"blockGraphs":[],"customGraphs":[],"default":{"data":{"Article":[],"Course":[],"Dataset":[],"FAQPage":[],"Movie":[],"Person":[],"Product":[],"ProductReview":[],"Car":[],"Recipe":[],"Service":[],"SoftwareApplication":[],"WebPage":[]},"graphName":"","isEnabled":true},"graphs":[],"defaultGraph":"","defaultPostTypeGraph":""},"schema_type":null,"schema_type_options":null,"pillar_content":false,"robots_default":true,"robots_noindex":false,"robots_noarchive":false,"robots_nosnippet":false,"robots_nofollow":false,"robots_noimageindex":false,"robots_noodp":false,"robots_notranslate":false,"robots_max_snippet":null,"robots_max_videopreview":null,"robots_max_imagepreview":"large","priority":null,"frequency":null,"location":null,"local_seo":null,"seo_analyzer_scan_date":"2025-09-27 20:28:46","breadcrumb_settings":null,"limit_modified_date":false,"open_ai":null,"ai":null,"created":"2021-03-08 17:36:25","updated":"2025-09-27 20:28:46"},"aioseo_breadcrumb":"<div class=\"aioseo-breadcrumbs\"><span class=\"aioseo-breadcrumb\">\n\t<a href=\"https:\/\/eldigitaldeasturias.com\/magazine365\" title=\"Home\">Home<\/a>\n<\/span><span class=\"aioseo-breadcrumb-separator\">\u2013<\/span><span class=\"aioseo-breadcrumb\">\n\t<a href=\"https:\/\/eldigitaldeasturias.com\/magazine365\/category\/noticias-actualidad\/\" title=\"Noticias y Actualidad\">Noticias y Actualidad<\/a>\n<\/span><span class=\"aioseo-breadcrumb-separator\">\u2013<\/span><span class=\"aioseo-breadcrumb\">\n\t<a href=\"https:\/\/eldigitaldeasturias.com\/magazine365\/hidalgo-inaugura-la-nueva-ruta-de-air-europa-entre-madrid-y-zurich\/\" title=\"Hidalgo inaugura la nueva ruta de Air Europa entre Madrid y Z\u00farich\">Hidalgo inaugura la nueva ruta de Air Europa entre Madrid y Z\u00farich<\/a>\n<\/span><\/div>","aioseo_breadcrumb_json":[{"label":"Home","link":"https:\/\/eldigitaldeasturias.com\/magazine365"},{"label":"Noticias y Actualidad","link":"https:\/\/eldigitaldeasturias.com\/magazine365\/category\/noticias-actualidad\/"},{"label":"Hidalgo inaugura la nueva ruta de Air Europa entre Madrid y Z\u00farich","link":"https:\/\/eldigitaldeasturias.com\/magazine365\/hidalgo-inaugura-la-nueva-ruta-de-air-europa-entre-madrid-y-zurich\/"}],"_links":{"self":[{"href":"https:\/\/eldigitaldeasturias.com\/magazine365\/wp-json\/wp\/v2\/posts\/80243","targetHints":{"allow":["GET"]}}],"collection":[{"href":"https:\/\/eldigitaldeasturias.com\/magazine365\/wp-json\/wp\/v2\/posts"}],"about":[{"href":"https:\/\/eldigitaldeasturias.com\/magazine365\/wp-json\/wp\/v2\/types\/post"}],"author":[{"embeddable":true,"href":"https:\/\/eldigitaldeasturias.com\/magazine365\/wp-json\/wp\/v2\/users\/1"}],"replies":[{"embeddable":true,"href":"https:\/\/eldigitaldeasturias.com\/magazine365\/wp-json\/wp\/v2\/comments?post=80243"}],"version-history":[{"count":0,"href":"https:\/\/eldigitaldeasturias.com\/magazine365\/wp-json\/wp\/v2\/posts\/80243\/revisions"}],"wp:featuredmedia":[{"embeddable":true,"href":"https:\/\/eldigitaldeasturias.com\/magazine365\/wp-json\/wp\/v2\/media\/80244"}],"wp:attachment":[{"href":"https:\/\/eldigitaldeasturias.com\/magazine365\/wp-json\/wp\/v2\/media?parent=80243"}],"wp:term":[{"taxonomy":"category","embeddable":true,"href":"https:\/\/eldigitaldeasturias.com\/magazine365\/wp-json\/wp\/v2\/categories?post=80243"},{"taxonomy":"post_tag","embeddable":true,"href":"https:\/\/eldigitaldeasturias.com\/magazine365\/wp-json\/wp\/v2\/tags?post=80243"}],"curies":[{"name":"wp","href":"https:\/\/api.w.org\/{rel}","templated":true}]}}