{"id":80240,"date":"2016-06-20T23:27:46","date_gmt":"2016-06-20T21:27:46","guid":{"rendered":"http:\/\/eldigitaldeasturias.com\/magazine365\/?p=80240"},"modified":"2016-06-20T23:27:46","modified_gmt":"2016-06-20T21:27:46","slug":"la-costa-del-golf-potencia-su-promocion-en-el-mercado-aleman","status":"publish","type":"post","link":"https:\/\/eldigitaldeasturias.com\/magazine365\/la-costa-del-golf-potencia-su-promocion-en-el-mercado-aleman\/","title":{"rendered":"La Costa del Golf potencia su promoci\u00f3n en el mercado alem\u00e1n"},"content":{"rendered":"<p><img fetchpriority=\"high\" decoding=\"async\" class=\"alignleft size-medium wp-image-80241\" src=\"https:\/\/eldigitaldeasturias.com\/magazine365\/wp-content\/uploads\/2016\/06\/fotonoticia_20160620183842_800-360x203.jpg\" alt=\"fotonoticia_20160620183842_800\" width=\"360\" height=\"203\" srcset=\"https:\/\/eldigitaldeasturias.com\/magazine365\/wp-content\/uploads\/2016\/06\/fotonoticia_20160620183842_800-360x203.jpg 360w, https:\/\/eldigitaldeasturias.com\/magazine365\/wp-content\/uploads\/2016\/06\/fotonoticia_20160620183842_800-650x366.jpg 650w, https:\/\/eldigitaldeasturias.com\/magazine365\/wp-content\/uploads\/2016\/06\/fotonoticia_20160620183842_800-768x432.jpg 768w, https:\/\/eldigitaldeasturias.com\/magazine365\/wp-content\/uploads\/2016\/06\/fotonoticia_20160620183842_800-150x84.jpg 150w, https:\/\/eldigitaldeasturias.com\/magazine365\/wp-content\/uploads\/2016\/06\/fotonoticia_20160620183842_800-450x253.jpg 450w, https:\/\/eldigitaldeasturias.com\/magazine365\/wp-content\/uploads\/2016\/06\/fotonoticia_20160620183842_800-499x280.jpg 499w, https:\/\/eldigitaldeasturias.com\/magazine365\/wp-content\/uploads\/2016\/06\/fotonoticia_20160620183842_800-510x289.jpg 510w, https:\/\/eldigitaldeasturias.com\/magazine365\/wp-content\/uploads\/2016\/06\/fotonoticia_20160620183842_800.jpg 800w\" sizes=\"(max-width: 360px) 100vw, 360px\" \/>Alemania se convierte en uno de los principales mercados en los que Turismo Costa del Sol, a trav\u00e9s de su segmento de golf, pretende reforzar su presencia.<\/p>\n<p>As\u00ed, la Costa del Sol se ha erigido como el destino de golf para Alemania durante este a\u00f1o 2016, por numerosos factores entre los que destaca \u00abla calidad de su oferta y la gran cantidad de acciones de golf en el mercado alem\u00e1n este a\u00f1o\u00bb, seg\u00fan han informado desde Turismo Costa del Sol a trav\u00e9s de un comunicado.<\/p>\n<p>Por ello, entre los d\u00edas 14 y 16 de junio, Turismo Costa del Sol ha organizado Costa del Sol Golf Woche, unas jornadas que se han desarrollado en las ciudades de M\u00fcnich, Dusseldorf y Hamburgo.<\/p>\n<p>La cita Costa del Sol Golf Woche ha sido posible gracias a la colaboraci\u00f3n y el apoyo de la Real Federaci\u00f3n Andaluza de Golf y de la Oficina Espa\u00f1ola de Turismo de Munich, cuyo director, \u00c1lvaro Blanco, ha estado presente en la jornada celebrada en dicha ciudad, apoyando el evento promovido por Turismo Costa del Sol.<\/p>\n<p>En concreto, el evento ha convocado a unos noventa profesionales alemanes especializados en golf, una pr\u00e1ctica de gran pujanza en este pa\u00eds. Adem\u00e1s, no han faltado turoperadores, agencias de viaje o representantes de la PGA (Asociaci\u00f3n de Jugadores Profesionales de Golf de Alemania), con citas profesionales de calidad.<\/p>\n<p>Durante los tres d\u00edas, se han desarrollado en cada una de las tres sedes sendos desayunos conjuntos con las delegaciones de la OET alemana y la RFGA, previos al torneo de golf. Finalizados \u00e9stos, iban seguidos por un posterior punto de networking y finalizaba cada jornada con una cena.<\/p>\n<p>Empresarios de la Costa del Sol, quienes pudieron presentar sus productos, han estado presentes en la cita alemana. As\u00ed, Tryp Estepona Valle Romano Golf, Alhaur\u00edn Golf, Baviera Golf, Hotel Meli\u00e1 Marbella Ban\u00fas, La Cala Resort e Iberostar han compartido con Turismo Costa del Sol los tres d\u00edas de acci\u00f3n promocional de la provincia de M\u00e1laga en Alemania.<\/p>\n<p>Todas las instituciones implicadas han valorado el desarrollo de Costa del Sol Golf Woche, \u00aben donde no ha faltado, adem\u00e1s de la promoci\u00f3n propiamente del destino una presentaci\u00f3n espec\u00edfica del segmento de Golf, y de las magn\u00edficas instalaciones con las que cuenta la provincia\u00bb, seg\u00fan ha manifestado el director general de Turismo Costa del Sol, Arturo Bernal.<\/p>\n<p>Por otro lado, han recordado que la Costa del Sol consolida de esta forma su compromiso de potenciar su oferta tur\u00edstica en Alemania. De hecho, la Costa del Sol es el destino de Golf para este a\u00f1o 2016, por m\u00faltiples factores.<\/p>\n<p>El turismo alem\u00e1n en la Costa del Sol no deja de incrementar sus n\u00fameros. En los primeros meses de 2016 se han registrados cerca de 270.000 llegadas al aeropuerto de M\u00e1laga-Costa del Sol procedentes de los distintos aer\u00f3dromos germanos.<\/p>\n<p>Por ello, si se comparan estos datos con los obtenidos en el per\u00edodo de enero a mayo de 2015, se observa que este a\u00f1o el mercado alem\u00e1n experimenta un notable crecimiento del 14,1 por ciento en llegadas, lo que suponen 33.414 pasajeros m\u00e1s.<\/p>\n","protected":false},"excerpt":{"rendered":"<p>Alemania se convierte en uno de los principales mercados en los que Turismo Costa del Sol, a trav\u00e9s de su segmento de golf, pretende reforzar su presencia. As\u00ed, la Costa del Sol se ha erigido como el destino de golf para Alemania durante este a\u00f1o 2016, por numerosos factores entre los que destaca \u00abla calidad<\/p>\n","protected":false},"author":1,"featured_media":80241,"comment_status":"open","ping_status":"closed","sticky":false,"template":"","format":"standard","meta":{"footnotes":""},"categories":[224],"tags":[],"class_list":{"0":"post-80240","1":"post","2":"type-post","3":"status-publish","4":"format-standard","5":"has-post-thumbnail","7":"category-noticias-actualidad"},"aioseo_notices":[],"aioseo_head":"\n\t\t<!-- All in One SEO Pro 4.9.6.1 - aioseo.com -->\n\t<meta name=\"description\" content=\"Alemania se convierte en uno de los principales mercados en los que Turismo Costa del Sol, a trav\u00e9s de su segmento de golf, pretende reforzar su presencia. As\u00ed, la Costa del Sol se ha erigido como el destino de golf para Alemania durante este a\u00f1o 2016, por numerosos factores entre los que destaca &quot;la calidad\" \/>\n\t<meta name=\"robots\" content=\"max-image-preview:large\" \/>\n\t<meta name=\"author\" content=\"admin\"\/>\n\t<meta name=\"google-site-verification\" content=\"UA-38556648-1\" \/>\n\t<meta name=\"keywords\" content=\"noticias y actualidad\" \/>\n\t<link rel=\"canonical\" href=\"https:\/\/eldigitaldeasturias.com\/magazine365\/la-costa-del-golf-potencia-su-promocion-en-el-mercado-aleman\/\" \/>\n\t<meta name=\"generator\" content=\"All in One SEO Pro (AIOSEO) 4.9.6.1\" \/>\n\t\t<meta property=\"og:locale\" content=\"es_ES\" \/>\n\t\t<meta property=\"og:site_name\" content=\"El Digital de Asturias \u2013 Revista de ocio, turismo y estilo de vida\" \/>\n\t\t<meta property=\"og:type\" content=\"article\" \/>\n\t\t<meta property=\"og:title\" content=\"La Costa del Golf potencia su promoci\u00f3n en el mercado alem\u00e1n | El Digital de Asturias\" \/>\n\t\t<meta property=\"og:description\" content=\"Alemania se convierte en uno de los principales mercados en los que Turismo Costa del Sol, a trav\u00e9s de su segmento de golf, pretende reforzar su presencia. As\u00ed, la Costa del Sol se ha erigido como el destino de golf para Alemania durante este a\u00f1o 2016, por numerosos factores entre los que destaca &quot;la calidad\" \/>\n\t\t<meta property=\"og:url\" content=\"https:\/\/eldigitaldeasturias.com\/magazine365\/la-costa-del-golf-potencia-su-promocion-en-el-mercado-aleman\/\" \/>\n\t\t<meta property=\"og:image\" content=\"https:\/\/eldigitaldeasturias.com\/magazine365\/wp-content\/uploads\/2016\/06\/fotonoticia_20160620183842_800.jpg\" \/>\n\t\t<meta property=\"og:image:secure_url\" content=\"https:\/\/eldigitaldeasturias.com\/magazine365\/wp-content\/uploads\/2016\/06\/fotonoticia_20160620183842_800.jpg\" \/>\n\t\t<meta property=\"og:image:width\" content=\"800\" \/>\n\t\t<meta property=\"og:image:height\" content=\"450\" \/>\n\t\t<meta property=\"article:published_time\" content=\"2016-06-20T21:27:46+00:00\" \/>\n\t\t<meta property=\"article:modified_time\" content=\"2016-06-20T21:27:46+00:00\" \/>\n\t\t<meta name=\"twitter:card\" content=\"summary_large_image\" \/>\n\t\t<meta name=\"twitter:title\" content=\"La Costa del Golf potencia su promoci\u00f3n en el mercado alem\u00e1n | El Digital de Asturias\" \/>\n\t\t<meta name=\"twitter:description\" content=\"Alemania se convierte en uno de los principales mercados en los que Turismo Costa del Sol, a trav\u00e9s de su segmento de golf, pretende reforzar su presencia. As\u00ed, la Costa del Sol se ha erigido como el destino de golf para Alemania durante este a\u00f1o 2016, por numerosos factores entre los que destaca &quot;la calidad\" \/>\n\t\t<meta name=\"twitter:image\" content=\"https:\/\/eldigitaldeasturias.com\/magazine365\/wp-content\/uploads\/2016\/06\/fotonoticia_20160620183842_800.jpg\" \/>\n\t\t<script type=\"application\/ld+json\" class=\"aioseo-schema\">\n\t\t\t{\"@context\":\"https:\\\/\\\/schema.org\",\"@graph\":[{\"@type\":\"Article\",\"@id\":\"https:\\\/\\\/eldigitaldeasturias.com\\\/magazine365\\\/la-costa-del-golf-potencia-su-promocion-en-el-mercado-aleman\\\/#article\",\"name\":\"La Costa del Golf potencia su promoci\\u00f3n en el mercado alem\\u00e1n | El Digital de Asturias\",\"headline\":\"La Costa del Golf potencia su promoci\\u00f3n en el mercado alem\\u00e1n\",\"author\":{\"@id\":\"https:\\\/\\\/eldigitaldeasturias.com\\\/magazine365\\\/author\\\/admin\\\/#author\"},\"publisher\":{\"@id\":\"https:\\\/\\\/eldigitaldeasturias.com\\\/magazine365\\\/#organization\"},\"image\":{\"@type\":\"ImageObject\",\"url\":\"https:\\\/\\\/eldigitaldeasturias.com\\\/magazine365\\\/wp-content\\\/uploads\\\/2016\\\/06\\\/fotonoticia_20160620183842_800.jpg\",\"width\":800,\"height\":450},\"datePublished\":\"2016-06-20T23:27:46+02:00\",\"dateModified\":\"2016-06-20T23:27:46+02:00\",\"inLanguage\":\"es-ES\",\"mainEntityOfPage\":{\"@id\":\"https:\\\/\\\/eldigitaldeasturias.com\\\/magazine365\\\/la-costa-del-golf-potencia-su-promocion-en-el-mercado-aleman\\\/#webpage\"},\"isPartOf\":{\"@id\":\"https:\\\/\\\/eldigitaldeasturias.com\\\/magazine365\\\/la-costa-del-golf-potencia-su-promocion-en-el-mercado-aleman\\\/#webpage\"},\"articleSection\":\"Noticias y Actualidad\"},{\"@type\":\"BreadcrumbList\",\"@id\":\"https:\\\/\\\/eldigitaldeasturias.com\\\/magazine365\\\/la-costa-del-golf-potencia-su-promocion-en-el-mercado-aleman\\\/#breadcrumblist\",\"itemListElement\":[{\"@type\":\"ListItem\",\"@id\":\"https:\\\/\\\/eldigitaldeasturias.com\\\/magazine365#listItem\",\"position\":1,\"name\":\"Home\",\"item\":\"https:\\\/\\\/eldigitaldeasturias.com\\\/magazine365\",\"nextItem\":{\"@type\":\"ListItem\",\"@id\":\"https:\\\/\\\/eldigitaldeasturias.com\\\/magazine365\\\/category\\\/noticias-actualidad\\\/#listItem\",\"name\":\"Noticias y Actualidad\"}},{\"@type\":\"ListItem\",\"@id\":\"https:\\\/\\\/eldigitaldeasturias.com\\\/magazine365\\\/category\\\/noticias-actualidad\\\/#listItem\",\"position\":2,\"name\":\"Noticias y Actualidad\",\"item\":\"https:\\\/\\\/eldigitaldeasturias.com\\\/magazine365\\\/category\\\/noticias-actualidad\\\/\",\"nextItem\":{\"@type\":\"ListItem\",\"@id\":\"https:\\\/\\\/eldigitaldeasturias.com\\\/magazine365\\\/la-costa-del-golf-potencia-su-promocion-en-el-mercado-aleman\\\/#listItem\",\"name\":\"La Costa del Golf potencia su promoci\\u00f3n en el mercado alem\\u00e1n\"},\"previousItem\":{\"@type\":\"ListItem\",\"@id\":\"https:\\\/\\\/eldigitaldeasturias.com\\\/magazine365#listItem\",\"name\":\"Home\"}},{\"@type\":\"ListItem\",\"@id\":\"https:\\\/\\\/eldigitaldeasturias.com\\\/magazine365\\\/la-costa-del-golf-potencia-su-promocion-en-el-mercado-aleman\\\/#listItem\",\"position\":3,\"name\":\"La Costa del Golf potencia su promoci\\u00f3n en el mercado alem\\u00e1n\",\"previousItem\":{\"@type\":\"ListItem\",\"@id\":\"https:\\\/\\\/eldigitaldeasturias.com\\\/magazine365\\\/category\\\/noticias-actualidad\\\/#listItem\",\"name\":\"Noticias y Actualidad\"}}]},{\"@type\":\"Organization\",\"@id\":\"https:\\\/\\\/eldigitaldeasturias.com\\\/magazine365\\\/#organization\",\"name\":\"El digital de Asturias\",\"description\":\"Revista de ocio, turismo y estilo de vida\",\"url\":\"https:\\\/\\\/eldigitaldeasturias.com\\\/magazine365\\\/\",\"logo\":{\"@type\":\"ImageObject\",\"url\":\"https:\\\/\\\/www.eldigitaldeasturias.com\\\/noticias\\\/wp-content\\\/uploads\\\/2020\\\/12\\\/EDA.jpg\",\"@id\":\"https:\\\/\\\/eldigitaldeasturias.com\\\/magazine365\\\/la-costa-del-golf-potencia-su-promocion-en-el-mercado-aleman\\\/#organizationLogo\"},\"image\":{\"@id\":\"https:\\\/\\\/eldigitaldeasturias.com\\\/magazine365\\\/la-costa-del-golf-potencia-su-promocion-en-el-mercado-aleman\\\/#organizationLogo\"}},{\"@type\":\"Person\",\"@id\":\"https:\\\/\\\/eldigitaldeasturias.com\\\/magazine365\\\/author\\\/admin\\\/#author\",\"url\":\"https:\\\/\\\/eldigitaldeasturias.com\\\/magazine365\\\/author\\\/admin\\\/\",\"name\":\"admin\",\"image\":{\"@type\":\"ImageObject\",\"@id\":\"https:\\\/\\\/eldigitaldeasturias.com\\\/magazine365\\\/la-costa-del-golf-potencia-su-promocion-en-el-mercado-aleman\\\/#authorImage\",\"url\":\"https:\\\/\\\/eldigitaldeasturias.com\\\/magazine365\\\/wp-content\\\/litespeed\\\/avatar\\\/e571bcf59a0edd6fa6838245a470f2fe.jpg?ver=1776969259\",\"width\":96,\"height\":96,\"caption\":\"admin\"}},{\"@type\":\"WebPage\",\"@id\":\"https:\\\/\\\/eldigitaldeasturias.com\\\/magazine365\\\/la-costa-del-golf-potencia-su-promocion-en-el-mercado-aleman\\\/#webpage\",\"url\":\"https:\\\/\\\/eldigitaldeasturias.com\\\/magazine365\\\/la-costa-del-golf-potencia-su-promocion-en-el-mercado-aleman\\\/\",\"name\":\"La Costa del Golf potencia su promoci\\u00f3n en el mercado alem\\u00e1n | El Digital de Asturias\",\"description\":\"Alemania se convierte en uno de los principales mercados en los que Turismo Costa del Sol, a trav\\u00e9s de su segmento de golf, pretende reforzar su presencia. As\\u00ed, la Costa del Sol se ha erigido como el destino de golf para Alemania durante este a\\u00f1o 2016, por numerosos factores entre los que destaca \\\"la calidad\",\"inLanguage\":\"es-ES\",\"isPartOf\":{\"@id\":\"https:\\\/\\\/eldigitaldeasturias.com\\\/magazine365\\\/#website\"},\"breadcrumb\":{\"@id\":\"https:\\\/\\\/eldigitaldeasturias.com\\\/magazine365\\\/la-costa-del-golf-potencia-su-promocion-en-el-mercado-aleman\\\/#breadcrumblist\"},\"author\":{\"@id\":\"https:\\\/\\\/eldigitaldeasturias.com\\\/magazine365\\\/author\\\/admin\\\/#author\"},\"creator\":{\"@id\":\"https:\\\/\\\/eldigitaldeasturias.com\\\/magazine365\\\/author\\\/admin\\\/#author\"},\"image\":{\"@type\":\"ImageObject\",\"url\":\"https:\\\/\\\/eldigitaldeasturias.com\\\/magazine365\\\/wp-content\\\/uploads\\\/2016\\\/06\\\/fotonoticia_20160620183842_800.jpg\",\"@id\":\"https:\\\/\\\/eldigitaldeasturias.com\\\/magazine365\\\/la-costa-del-golf-potencia-su-promocion-en-el-mercado-aleman\\\/#mainImage\",\"width\":800,\"height\":450},\"primaryImageOfPage\":{\"@id\":\"https:\\\/\\\/eldigitaldeasturias.com\\\/magazine365\\\/la-costa-del-golf-potencia-su-promocion-en-el-mercado-aleman\\\/#mainImage\"},\"datePublished\":\"2016-06-20T23:27:46+02:00\",\"dateModified\":\"2016-06-20T23:27:46+02:00\"},{\"@type\":\"WebSite\",\"@id\":\"https:\\\/\\\/eldigitaldeasturias.com\\\/magazine365\\\/#website\",\"url\":\"https:\\\/\\\/eldigitaldeasturias.com\\\/magazine365\\\/\",\"name\":\"El Digital de Asturias\",\"description\":\"Revista de ocio, turismo y estilo de vida\",\"inLanguage\":\"es-ES\",\"publisher\":{\"@id\":\"https:\\\/\\\/eldigitaldeasturias.com\\\/magazine365\\\/#organization\"}}]}\n\t\t<\/script>\n\t\t<!-- All in One SEO Pro -->\r\n\t\t<title>La Costa del Golf potencia su promoci\u00f3n en el mercado alem\u00e1n | El Digital de Asturias<\/title>\n\n","aioseo_head_json":{"title":"La Costa del Golf potencia su promoci\u00f3n en el mercado alem\u00e1n | El Digital de Asturias","description":"Alemania se convierte en uno de los principales mercados en los que Turismo Costa del Sol, a trav\u00e9s de su segmento de golf, pretende reforzar su presencia. As\u00ed, la Costa del Sol se ha erigido como el destino de golf para Alemania durante este a\u00f1o 2016, por numerosos factores entre los que destaca \"la calidad","canonical_url":"https:\/\/eldigitaldeasturias.com\/magazine365\/la-costa-del-golf-potencia-su-promocion-en-el-mercado-aleman\/","robots":"max-image-preview:large","keywords":"noticias y actualidad","webmasterTools":{"google-site-verification":"UA-38556648-1","miscellaneous":""},"schema":{"@context":"https:\/\/schema.org","@graph":[{"@type":"Article","@id":"https:\/\/eldigitaldeasturias.com\/magazine365\/la-costa-del-golf-potencia-su-promocion-en-el-mercado-aleman\/#article","name":"La Costa del Golf potencia su promoci\u00f3n en el mercado alem\u00e1n | El Digital de Asturias","headline":"La Costa del Golf potencia su promoci\u00f3n en el mercado alem\u00e1n","author":{"@id":"https:\/\/eldigitaldeasturias.com\/magazine365\/author\/admin\/#author"},"publisher":{"@id":"https:\/\/eldigitaldeasturias.com\/magazine365\/#organization"},"image":{"@type":"ImageObject","url":"https:\/\/eldigitaldeasturias.com\/magazine365\/wp-content\/uploads\/2016\/06\/fotonoticia_20160620183842_800.jpg","width":800,"height":450},"datePublished":"2016-06-20T23:27:46+02:00","dateModified":"2016-06-20T23:27:46+02:00","inLanguage":"es-ES","mainEntityOfPage":{"@id":"https:\/\/eldigitaldeasturias.com\/magazine365\/la-costa-del-golf-potencia-su-promocion-en-el-mercado-aleman\/#webpage"},"isPartOf":{"@id":"https:\/\/eldigitaldeasturias.com\/magazine365\/la-costa-del-golf-potencia-su-promocion-en-el-mercado-aleman\/#webpage"},"articleSection":"Noticias y Actualidad"},{"@type":"BreadcrumbList","@id":"https:\/\/eldigitaldeasturias.com\/magazine365\/la-costa-del-golf-potencia-su-promocion-en-el-mercado-aleman\/#breadcrumblist","itemListElement":[{"@type":"ListItem","@id":"https:\/\/eldigitaldeasturias.com\/magazine365#listItem","position":1,"name":"Home","item":"https:\/\/eldigitaldeasturias.com\/magazine365","nextItem":{"@type":"ListItem","@id":"https:\/\/eldigitaldeasturias.com\/magazine365\/category\/noticias-actualidad\/#listItem","name":"Noticias y Actualidad"}},{"@type":"ListItem","@id":"https:\/\/eldigitaldeasturias.com\/magazine365\/category\/noticias-actualidad\/#listItem","position":2,"name":"Noticias y Actualidad","item":"https:\/\/eldigitaldeasturias.com\/magazine365\/category\/noticias-actualidad\/","nextItem":{"@type":"ListItem","@id":"https:\/\/eldigitaldeasturias.com\/magazine365\/la-costa-del-golf-potencia-su-promocion-en-el-mercado-aleman\/#listItem","name":"La Costa del Golf potencia su promoci\u00f3n en el mercado alem\u00e1n"},"previousItem":{"@type":"ListItem","@id":"https:\/\/eldigitaldeasturias.com\/magazine365#listItem","name":"Home"}},{"@type":"ListItem","@id":"https:\/\/eldigitaldeasturias.com\/magazine365\/la-costa-del-golf-potencia-su-promocion-en-el-mercado-aleman\/#listItem","position":3,"name":"La Costa del Golf potencia su promoci\u00f3n en el mercado alem\u00e1n","previousItem":{"@type":"ListItem","@id":"https:\/\/eldigitaldeasturias.com\/magazine365\/category\/noticias-actualidad\/#listItem","name":"Noticias y Actualidad"}}]},{"@type":"Organization","@id":"https:\/\/eldigitaldeasturias.com\/magazine365\/#organization","name":"El digital de Asturias","description":"Revista de ocio, turismo y estilo de vida","url":"https:\/\/eldigitaldeasturias.com\/magazine365\/","logo":{"@type":"ImageObject","url":"https:\/\/www.eldigitaldeasturias.com\/noticias\/wp-content\/uploads\/2020\/12\/EDA.jpg","@id":"https:\/\/eldigitaldeasturias.com\/magazine365\/la-costa-del-golf-potencia-su-promocion-en-el-mercado-aleman\/#organizationLogo"},"image":{"@id":"https:\/\/eldigitaldeasturias.com\/magazine365\/la-costa-del-golf-potencia-su-promocion-en-el-mercado-aleman\/#organizationLogo"}},{"@type":"Person","@id":"https:\/\/eldigitaldeasturias.com\/magazine365\/author\/admin\/#author","url":"https:\/\/eldigitaldeasturias.com\/magazine365\/author\/admin\/","name":"admin","image":{"@type":"ImageObject","@id":"https:\/\/eldigitaldeasturias.com\/magazine365\/la-costa-del-golf-potencia-su-promocion-en-el-mercado-aleman\/#authorImage","url":"https:\/\/eldigitaldeasturias.com\/magazine365\/wp-content\/litespeed\/avatar\/e571bcf59a0edd6fa6838245a470f2fe.jpg?ver=1776969259","width":96,"height":96,"caption":"admin"}},{"@type":"WebPage","@id":"https:\/\/eldigitaldeasturias.com\/magazine365\/la-costa-del-golf-potencia-su-promocion-en-el-mercado-aleman\/#webpage","url":"https:\/\/eldigitaldeasturias.com\/magazine365\/la-costa-del-golf-potencia-su-promocion-en-el-mercado-aleman\/","name":"La Costa del Golf potencia su promoci\u00f3n en el mercado alem\u00e1n | El Digital de Asturias","description":"Alemania se convierte en uno de los principales mercados en los que Turismo Costa del Sol, a trav\u00e9s de su segmento de golf, pretende reforzar su presencia. As\u00ed, la Costa del Sol se ha erigido como el destino de golf para Alemania durante este a\u00f1o 2016, por numerosos factores entre los que destaca \"la calidad","inLanguage":"es-ES","isPartOf":{"@id":"https:\/\/eldigitaldeasturias.com\/magazine365\/#website"},"breadcrumb":{"@id":"https:\/\/eldigitaldeasturias.com\/magazine365\/la-costa-del-golf-potencia-su-promocion-en-el-mercado-aleman\/#breadcrumblist"},"author":{"@id":"https:\/\/eldigitaldeasturias.com\/magazine365\/author\/admin\/#author"},"creator":{"@id":"https:\/\/eldigitaldeasturias.com\/magazine365\/author\/admin\/#author"},"image":{"@type":"ImageObject","url":"https:\/\/eldigitaldeasturias.com\/magazine365\/wp-content\/uploads\/2016\/06\/fotonoticia_20160620183842_800.jpg","@id":"https:\/\/eldigitaldeasturias.com\/magazine365\/la-costa-del-golf-potencia-su-promocion-en-el-mercado-aleman\/#mainImage","width":800,"height":450},"primaryImageOfPage":{"@id":"https:\/\/eldigitaldeasturias.com\/magazine365\/la-costa-del-golf-potencia-su-promocion-en-el-mercado-aleman\/#mainImage"},"datePublished":"2016-06-20T23:27:46+02:00","dateModified":"2016-06-20T23:27:46+02:00"},{"@type":"WebSite","@id":"https:\/\/eldigitaldeasturias.com\/magazine365\/#website","url":"https:\/\/eldigitaldeasturias.com\/magazine365\/","name":"El Digital de Asturias","description":"Revista de ocio, turismo y estilo de vida","inLanguage":"es-ES","publisher":{"@id":"https:\/\/eldigitaldeasturias.com\/magazine365\/#organization"}}]},"og:locale":"es_ES","og:site_name":"El Digital de Asturias \u2013 Revista de ocio, turismo y estilo de vida","og:type":"article","og:title":"La Costa del Golf potencia su promoci\u00f3n en el mercado alem\u00e1n | El Digital de Asturias","og:description":"Alemania se convierte en uno de los principales mercados en los que Turismo Costa del Sol, a trav\u00e9s de su segmento de golf, pretende reforzar su presencia. As\u00ed, la Costa del Sol se ha erigido como el destino de golf para Alemania durante este a\u00f1o 2016, por numerosos factores entre los que destaca &quot;la calidad","og:url":"https:\/\/eldigitaldeasturias.com\/magazine365\/la-costa-del-golf-potencia-su-promocion-en-el-mercado-aleman\/","og:image":"https:\/\/eldigitaldeasturias.com\/magazine365\/wp-content\/uploads\/2016\/06\/fotonoticia_20160620183842_800.jpg","og:image:secure_url":"https:\/\/eldigitaldeasturias.com\/magazine365\/wp-content\/uploads\/2016\/06\/fotonoticia_20160620183842_800.jpg","og:image:width":800,"og:image:height":450,"article:published_time":"2016-06-20T21:27:46+00:00","article:modified_time":"2016-06-20T21:27:46+00:00","twitter:card":"summary_large_image","twitter:title":"La Costa del Golf potencia su promoci\u00f3n en el mercado alem\u00e1n | El Digital de Asturias","twitter:description":"Alemania se convierte en uno de los principales mercados en los que Turismo Costa del Sol, a trav\u00e9s de su segmento de golf, pretende reforzar su presencia. As\u00ed, la Costa del Sol se ha erigido como el destino de golf para Alemania durante este a\u00f1o 2016, por numerosos factores entre los que destaca &quot;la calidad","twitter:image":"https:\/\/eldigitaldeasturias.com\/magazine365\/wp-content\/uploads\/2016\/06\/fotonoticia_20160620183842_800.jpg"},"aioseo_meta_data":{"post_id":"80240","title":null,"description":null,"keywords":null,"keyphrases":null,"primary_term":null,"canonical_url":null,"og_title":null,"og_description":null,"og_object_type":"default","og_image_type":"default","og_image_url":null,"og_image_width":null,"og_image_height":null,"og_image_custom_url":null,"og_image_custom_fields":null,"og_video":null,"og_custom_url":null,"og_article_section":null,"og_article_tags":null,"twitter_use_og":false,"twitter_card":"default","twitter_image_type":"default","twitter_image_url":null,"twitter_image_custom_url":null,"twitter_image_custom_fields":null,"twitter_title":null,"twitter_description":null,"schema":{"blockGraphs":[],"customGraphs":[],"default":{"data":{"Article":[],"Course":[],"Dataset":[],"FAQPage":[],"Movie":[],"Person":[],"Product":[],"ProductReview":[],"Car":[],"Recipe":[],"Service":[],"SoftwareApplication":[],"WebPage":[]},"graphName":"","isEnabled":true},"graphs":[],"defaultGraph":"","defaultPostTypeGraph":""},"schema_type":null,"schema_type_options":null,"pillar_content":false,"robots_default":true,"robots_noindex":false,"robots_noarchive":false,"robots_nosnippet":false,"robots_nofollow":false,"robots_noimageindex":false,"robots_noodp":false,"robots_notranslate":false,"robots_max_snippet":null,"robots_max_videopreview":null,"robots_max_imagepreview":"large","priority":null,"frequency":null,"location":null,"local_seo":null,"seo_analyzer_scan_date":"2025-09-27 20:28:45","breadcrumb_settings":null,"limit_modified_date":false,"open_ai":null,"ai":null,"created":"2021-03-08 17:36:25","updated":"2025-09-27 20:28:45"},"aioseo_breadcrumb":"<div class=\"aioseo-breadcrumbs\"><span class=\"aioseo-breadcrumb\">\n\t<a href=\"https:\/\/eldigitaldeasturias.com\/magazine365\" title=\"Home\">Home<\/a>\n<\/span><span class=\"aioseo-breadcrumb-separator\">\u2013<\/span><span class=\"aioseo-breadcrumb\">\n\t<a href=\"https:\/\/eldigitaldeasturias.com\/magazine365\/category\/noticias-actualidad\/\" title=\"Noticias y Actualidad\">Noticias y Actualidad<\/a>\n<\/span><span class=\"aioseo-breadcrumb-separator\">\u2013<\/span><span class=\"aioseo-breadcrumb\">\n\t<a href=\"https:\/\/eldigitaldeasturias.com\/magazine365\/la-costa-del-golf-potencia-su-promocion-en-el-mercado-aleman\/\" title=\"La Costa del Golf potencia su promoci\u00f3n en el mercado alem\u00e1n\">La Costa del Golf potencia su promoci\u00f3n en el mercado alem\u00e1n<\/a>\n<\/span><\/div>","aioseo_breadcrumb_json":[{"label":"Home","link":"https:\/\/eldigitaldeasturias.com\/magazine365"},{"label":"Noticias y Actualidad","link":"https:\/\/eldigitaldeasturias.com\/magazine365\/category\/noticias-actualidad\/"},{"label":"La Costa del Golf potencia su promoci\u00f3n en el mercado alem\u00e1n","link":"https:\/\/eldigitaldeasturias.com\/magazine365\/la-costa-del-golf-potencia-su-promocion-en-el-mercado-aleman\/"}],"_links":{"self":[{"href":"https:\/\/eldigitaldeasturias.com\/magazine365\/wp-json\/wp\/v2\/posts\/80240","targetHints":{"allow":["GET"]}}],"collection":[{"href":"https:\/\/eldigitaldeasturias.com\/magazine365\/wp-json\/wp\/v2\/posts"}],"about":[{"href":"https:\/\/eldigitaldeasturias.com\/magazine365\/wp-json\/wp\/v2\/types\/post"}],"author":[{"embeddable":true,"href":"https:\/\/eldigitaldeasturias.com\/magazine365\/wp-json\/wp\/v2\/users\/1"}],"replies":[{"embeddable":true,"href":"https:\/\/eldigitaldeasturias.com\/magazine365\/wp-json\/wp\/v2\/comments?post=80240"}],"version-history":[{"count":0,"href":"https:\/\/eldigitaldeasturias.com\/magazine365\/wp-json\/wp\/v2\/posts\/80240\/revisions"}],"wp:featuredmedia":[{"embeddable":true,"href":"https:\/\/eldigitaldeasturias.com\/magazine365\/wp-json\/wp\/v2\/media\/80241"}],"wp:attachment":[{"href":"https:\/\/eldigitaldeasturias.com\/magazine365\/wp-json\/wp\/v2\/media?parent=80240"}],"wp:term":[{"taxonomy":"category","embeddable":true,"href":"https:\/\/eldigitaldeasturias.com\/magazine365\/wp-json\/wp\/v2\/categories?post=80240"},{"taxonomy":"post_tag","embeddable":true,"href":"https:\/\/eldigitaldeasturias.com\/magazine365\/wp-json\/wp\/v2\/tags?post=80240"}],"curies":[{"name":"wp","href":"https:\/\/api.w.org\/{rel}","templated":true}]}}