{"id":80231,"date":"2016-06-20T23:25:19","date_gmt":"2016-06-20T21:25:19","guid":{"rendered":"http:\/\/eldigitaldeasturias.com\/magazine365\/?p=80231"},"modified":"2016-06-20T23:25:19","modified_gmt":"2016-06-20T21:25:19","slug":"instituciones-vascas-intentaran-en-washington-atraer-turismo-y-establecer-acuerdos","status":"publish","type":"post","link":"https:\/\/eldigitaldeasturias.com\/magazine365\/instituciones-vascas-intentaran-en-washington-atraer-turismo-y-establecer-acuerdos\/","title":{"rendered":"Instituciones vascas intentar\u00e1n en Washington atraer turismo y establecer acuerdos"},"content":{"rendered":"<p><img fetchpriority=\"high\" decoding=\"async\" class=\"alignleft size-medium wp-image-80232\" src=\"https:\/\/eldigitaldeasturias.com\/magazine365\/wp-content\/uploads\/2016\/06\/fotonoticia_20160620173133_800-360x203.jpg\" alt=\"fotonoticia_20160620173133_800\" width=\"360\" height=\"203\" srcset=\"https:\/\/eldigitaldeasturias.com\/magazine365\/wp-content\/uploads\/2016\/06\/fotonoticia_20160620173133_800-360x203.jpg 360w, https:\/\/eldigitaldeasturias.com\/magazine365\/wp-content\/uploads\/2016\/06\/fotonoticia_20160620173133_800-650x366.jpg 650w, https:\/\/eldigitaldeasturias.com\/magazine365\/wp-content\/uploads\/2016\/06\/fotonoticia_20160620173133_800-768x432.jpg 768w, https:\/\/eldigitaldeasturias.com\/magazine365\/wp-content\/uploads\/2016\/06\/fotonoticia_20160620173133_800-150x84.jpg 150w, https:\/\/eldigitaldeasturias.com\/magazine365\/wp-content\/uploads\/2016\/06\/fotonoticia_20160620173133_800-450x253.jpg 450w, https:\/\/eldigitaldeasturias.com\/magazine365\/wp-content\/uploads\/2016\/06\/fotonoticia_20160620173133_800-499x280.jpg 499w, https:\/\/eldigitaldeasturias.com\/magazine365\/wp-content\/uploads\/2016\/06\/fotonoticia_20160620173133_800-510x289.jpg 510w, https:\/\/eldigitaldeasturias.com\/magazine365\/wp-content\/uploads\/2016\/06\/fotonoticia_20160620173133_800.jpg 800w\" sizes=\"(max-width: 360px) 100vw, 360px\" \/>La diputada foral de Euskera y Cultura de Bizkaia, Lorea Bilbao, ha comparecido informado este lunes del grado de concreci\u00f3n en el que se encuentra el proyecto Smithsoniam Folklife Festival, que se desarrollar\u00e1 entre el 29 de junio y el 10 de julio en Washington (EE.UU.), y en el que las instituciones vascas pretenden ofrecer una \u00abbuena imagen\u00bb del Pa\u00eds Vasco, con el objetivo de \u00abatraer turismo\u00bb y \u00abestablecer acuerdos econ\u00f3micos y culturales\u00bb.<\/p>\n<p>Bilbao ha comparecido en las Juntas Generales de Bizkaia, a petici\u00f3n suya y del grupo juntero Podemos Bizkaia, donde ha explicado que el proyecto impulsado por las tres diputaciones y el Gobierno vasco, en el que participar\u00e1 tambi\u00e9n el Gobierno de Navarra, recrear\u00e1 \u00abun pueblo de Euskal Herria, bajo el paraguas de la marca Basque\u00bb. En \u00e9l, habr\u00e1 elementos \u00absignificativos\u00bb de la idiosincrasia vasca que se entrelazar\u00e1n a trav\u00e9s de distintos espacios f\u00edsicos como un puerto, un baserri, un front\u00f3n, una plaza o el euskaltegi.<\/p>\n<p>Seg\u00fan ha informado la instituci\u00f3n foral, la presencia de Euskadi como cultura invitada en este escaparate \u00abmundial\u00bb, que supondr\u00e1 a las cuatros instituciones una inversi\u00f3n total de 1,2 millones de euros, tendr\u00e1 un lugar especial para la gastronom\u00eda vasca. Hay programada una cena de alta cocina y muestras gastron\u00f3micas de peque\u00f1o formato (pintxos) dentro de uno de los m\u00f3dulos.<\/p>\n<p>Bilbao ha explicado que el d\u00eda previo al inicio del festival -el pr\u00f3ximo martes 28 de junio- se ha organizado una recepci\u00f3n en donde habr\u00e1 cabida para un evento especial que se desarrollar\u00e1 conjuntamente con los organizadores, en lo que ha definido como un \u00abespect\u00e1culo cultural que anunciar\u00e1 lo que va a venir\u00bb a partir del d\u00eda siguiente. En este acto que conjugar\u00e1 \u00abtradici\u00f3n e innovaci\u00f3n\u00bb y \u00abexperiencia y juventud\u00bb, est\u00e1n previstas danzas, bertsolaris -en euskera e ingl\u00e9s-, y las actuaciones de Joaqu\u00edn Achucarro y Luc\u00eda Lacarra.<\/p>\n<h2 class=\"ladillo\">\u00abGRAN DESCONOCIMIENTO\u00bb<\/h2>\n<p>Junto con los miembros de la di\u00e1spora, la delegaci\u00f3n vasca, seg\u00fan ha explicado Bilbao, aspira a reducir el \u00abgran desconocimiento que sobre Euskadi tienen en EE.UU., eliminar los t\u00f3picos y prejuicios que puedan existir en torno a su cultura, sorprender a los norteamericanos con la difusi\u00f3n de la tradici\u00f3n y la modernidad vascas, establecer relaciones culturales y econ\u00f3micas y desarrollar el Pa\u00eds Vasco como destino tur\u00edstico\u00bb. La diputada ha destacado la \u00aboportunidad\u00bb que representa estar presente en el Folklife Festival, al que se prev\u00e9 acudan miles de personas y que tiene notable repercusi\u00f3n en internet.<\/p>\n<p>Bilbao ha indicado que tambi\u00e9n se pondr\u00e1 en valor el folklore vasco y reconocer el trabajo de la gente dedicada a las distintas disciplinas que engloba. En este sentido, ha citado a distintos grupos o colectivos que acudir\u00e1n a la cita como miembros de la f\u00e1brica Albaola, de Tknika Branka Composites, de las Escuelas de Hosteler\u00eda de Artxanda y Gamarra, de Ondare, de la Fundaci\u00f3n Azkue o Habe, y de la compa\u00f1\u00eda de danza Aukeran, as\u00ed como grupos musicales como Korrontzi, Kepa Junkera, Gatibu, Kalakan o Mikel M\u00e1rquez, entre otros.<\/p>\n<p>A lo largo de los d\u00edas, Bilbao ha marcado como \u00abespeciales\u00bb varias jornadas. El 29 de junio, primer d\u00eda de festival, la programaci\u00f3n navegar\u00e1 en \u00abesa milenaria relaci\u00f3n que mantienen los vascos con el mar\u00bb. El 1 de julio, miembros de la di\u00e1spora firmar\u00e1n un convenio con las administraciones vascas y presentar\u00e1n un libro sobre la historia de la di\u00e1spora en EE.UU. El 7 de julio se har\u00e1 un gui\u00f1o a las fiestas de San Ferm\u00edn y habr\u00e1 otro d\u00eda para aprovechar que San Sebasti\u00e1n es capital europea de la cultura.<\/p>\n<p>Los miembros de los distintos partidos con representaci\u00f3n en las Juntas Generales de Bizkaia han valorado la iniciativa para dar a conocer la cultura de Euskadi fuera de sus fronteras y colocarla en \u00abel mapa mundial\u00bb.<\/p>\n<h2 class=\"ladillo\">ROBO EN LA NECR\u00d3POLIS DE ARGI\u00d1ETA<\/h2>\n<p>Por otro lado, la diputada se ha referido en la comisi\u00f3n al robo de la r\u00e9plica de una estela ocurrido en la necr\u00f3polis de Argi\u00f1eta (Elorrrio) en mayo pasado. En respuesta al grupo Mixto que hab\u00eda pedido su comparecencia por este asunto, Bilbao ha informado de que se ha interpuesto la correspondiente denuncia en la Ertzaintza y que est\u00e1n a la espera de recibir el informe policial para ver si se esclarecen los hechos.<\/p>\n<p>La responsable foral se ha mostrado \u00abpreocupada\u00bb por estos robos que son \u00abmuy dif\u00edciles de atajar\u00bb, ya que \u00abno podemos poner vigilancia por todas partes\u00bb, ha dicho. \u00abHay que conseguir sensibilizar a la poblaci\u00f3n en general, y a los m\u00e1s j\u00f3venes en particular de la importancia de mantener intacto el patrimonio cultural\u00bb, ha instado. En el caso de Argi\u00f1eta, se ha mostrado partidaria de idear, junto al Ayuntamiento de Elorrio, \u00abun proyecto integral para todo el conjunto\u00bb.<\/p>\n","protected":false},"excerpt":{"rendered":"<p>La diputada foral de Euskera y Cultura de Bizkaia, Lorea Bilbao, ha comparecido informado este lunes del grado de concreci\u00f3n en el que se encuentra el proyecto Smithsoniam Folklife Festival, que se desarrollar\u00e1 entre el 29 de junio y el 10 de julio en Washington (EE.UU.), y en el que las instituciones vascas pretenden ofrecer<\/p>\n","protected":false},"author":1,"featured_media":80232,"comment_status":"open","ping_status":"closed","sticky":false,"template":"","format":"standard","meta":{"footnotes":""},"categories":[224],"tags":[],"class_list":{"0":"post-80231","1":"post","2":"type-post","3":"status-publish","4":"format-standard","5":"has-post-thumbnail","7":"category-noticias-actualidad"},"aioseo_notices":[],"aioseo_head":"\n\t\t<!-- All in One SEO Pro 4.9.6.1 - aioseo.com -->\n\t<meta name=\"description\" content=\"La diputada foral de Euskera y Cultura de Bizkaia, Lorea Bilbao, ha comparecido informado este lunes del grado de concreci\u00f3n en el que se encuentra el proyecto Smithsoniam Folklife Festival, que se desarrollar\u00e1 entre el 29 de junio y el 10 de julio en Washington (EE.UU.), y en el que las instituciones vascas pretenden ofrecer\" \/>\n\t<meta name=\"robots\" content=\"max-image-preview:large\" \/>\n\t<meta name=\"author\" content=\"admin\"\/>\n\t<meta name=\"google-site-verification\" content=\"UA-38556648-1\" \/>\n\t<meta name=\"keywords\" content=\"noticias y actualidad\" \/>\n\t<link rel=\"canonical\" href=\"https:\/\/eldigitaldeasturias.com\/magazine365\/instituciones-vascas-intentaran-en-washington-atraer-turismo-y-establecer-acuerdos\/\" \/>\n\t<meta name=\"generator\" content=\"All in One SEO Pro (AIOSEO) 4.9.6.1\" \/>\n\t\t<meta property=\"og:locale\" content=\"es_ES\" \/>\n\t\t<meta property=\"og:site_name\" content=\"El Digital de Asturias \u2013 Revista de ocio, turismo y estilo de vida\" \/>\n\t\t<meta property=\"og:type\" content=\"article\" \/>\n\t\t<meta property=\"og:title\" content=\"Instituciones vascas intentar\u00e1n en Washington atraer turismo y establecer acuerdos | El Digital de Asturias\" \/>\n\t\t<meta property=\"og:description\" content=\"La diputada foral de Euskera y Cultura de Bizkaia, Lorea Bilbao, ha comparecido informado este lunes del grado de concreci\u00f3n en el que se encuentra el proyecto Smithsoniam Folklife Festival, que se desarrollar\u00e1 entre el 29 de junio y el 10 de julio en Washington (EE.UU.), y en el que las instituciones vascas pretenden ofrecer\" \/>\n\t\t<meta property=\"og:url\" content=\"https:\/\/eldigitaldeasturias.com\/magazine365\/instituciones-vascas-intentaran-en-washington-atraer-turismo-y-establecer-acuerdos\/\" \/>\n\t\t<meta property=\"og:image\" content=\"https:\/\/eldigitaldeasturias.com\/magazine365\/wp-content\/uploads\/2016\/06\/fotonoticia_20160620173133_800.jpg\" \/>\n\t\t<meta property=\"og:image:secure_url\" content=\"https:\/\/eldigitaldeasturias.com\/magazine365\/wp-content\/uploads\/2016\/06\/fotonoticia_20160620173133_800.jpg\" \/>\n\t\t<meta property=\"og:image:width\" content=\"800\" \/>\n\t\t<meta property=\"og:image:height\" content=\"450\" \/>\n\t\t<meta property=\"article:published_time\" content=\"2016-06-20T21:25:19+00:00\" \/>\n\t\t<meta property=\"article:modified_time\" content=\"2016-06-20T21:25:19+00:00\" \/>\n\t\t<meta name=\"twitter:card\" content=\"summary_large_image\" \/>\n\t\t<meta name=\"twitter:title\" content=\"Instituciones vascas intentar\u00e1n en Washington atraer turismo y establecer acuerdos | El Digital de Asturias\" \/>\n\t\t<meta name=\"twitter:description\" content=\"La diputada foral de Euskera y Cultura de Bizkaia, Lorea Bilbao, ha comparecido informado este lunes del grado de concreci\u00f3n en el que se encuentra el proyecto Smithsoniam Folklife Festival, que se desarrollar\u00e1 entre el 29 de junio y el 10 de julio en Washington (EE.UU.), y en el que las instituciones vascas pretenden ofrecer\" \/>\n\t\t<meta name=\"twitter:image\" content=\"https:\/\/eldigitaldeasturias.com\/magazine365\/wp-content\/uploads\/2016\/06\/fotonoticia_20160620173133_800.jpg\" \/>\n\t\t<script type=\"application\/ld+json\" class=\"aioseo-schema\">\n\t\t\t{\"@context\":\"https:\\\/\\\/schema.org\",\"@graph\":[{\"@type\":\"Article\",\"@id\":\"https:\\\/\\\/eldigitaldeasturias.com\\\/magazine365\\\/instituciones-vascas-intentaran-en-washington-atraer-turismo-y-establecer-acuerdos\\\/#article\",\"name\":\"Instituciones vascas intentar\\u00e1n en Washington atraer turismo y establecer acuerdos | El Digital de Asturias\",\"headline\":\"Instituciones vascas intentar\\u00e1n en Washington atraer turismo y establecer acuerdos\",\"author\":{\"@id\":\"https:\\\/\\\/eldigitaldeasturias.com\\\/magazine365\\\/author\\\/admin\\\/#author\"},\"publisher\":{\"@id\":\"https:\\\/\\\/eldigitaldeasturias.com\\\/magazine365\\\/#organization\"},\"image\":{\"@type\":\"ImageObject\",\"url\":\"https:\\\/\\\/eldigitaldeasturias.com\\\/magazine365\\\/wp-content\\\/uploads\\\/2016\\\/06\\\/fotonoticia_20160620173133_800.jpg\",\"width\":800,\"height\":450},\"datePublished\":\"2016-06-20T23:25:19+02:00\",\"dateModified\":\"2016-06-20T23:25:19+02:00\",\"inLanguage\":\"es-ES\",\"mainEntityOfPage\":{\"@id\":\"https:\\\/\\\/eldigitaldeasturias.com\\\/magazine365\\\/instituciones-vascas-intentaran-en-washington-atraer-turismo-y-establecer-acuerdos\\\/#webpage\"},\"isPartOf\":{\"@id\":\"https:\\\/\\\/eldigitaldeasturias.com\\\/magazine365\\\/instituciones-vascas-intentaran-en-washington-atraer-turismo-y-establecer-acuerdos\\\/#webpage\"},\"articleSection\":\"Noticias y Actualidad\"},{\"@type\":\"BreadcrumbList\",\"@id\":\"https:\\\/\\\/eldigitaldeasturias.com\\\/magazine365\\\/instituciones-vascas-intentaran-en-washington-atraer-turismo-y-establecer-acuerdos\\\/#breadcrumblist\",\"itemListElement\":[{\"@type\":\"ListItem\",\"@id\":\"https:\\\/\\\/eldigitaldeasturias.com\\\/magazine365#listItem\",\"position\":1,\"name\":\"Home\",\"item\":\"https:\\\/\\\/eldigitaldeasturias.com\\\/magazine365\",\"nextItem\":{\"@type\":\"ListItem\",\"@id\":\"https:\\\/\\\/eldigitaldeasturias.com\\\/magazine365\\\/category\\\/noticias-actualidad\\\/#listItem\",\"name\":\"Noticias y Actualidad\"}},{\"@type\":\"ListItem\",\"@id\":\"https:\\\/\\\/eldigitaldeasturias.com\\\/magazine365\\\/category\\\/noticias-actualidad\\\/#listItem\",\"position\":2,\"name\":\"Noticias y Actualidad\",\"item\":\"https:\\\/\\\/eldigitaldeasturias.com\\\/magazine365\\\/category\\\/noticias-actualidad\\\/\",\"nextItem\":{\"@type\":\"ListItem\",\"@id\":\"https:\\\/\\\/eldigitaldeasturias.com\\\/magazine365\\\/instituciones-vascas-intentaran-en-washington-atraer-turismo-y-establecer-acuerdos\\\/#listItem\",\"name\":\"Instituciones vascas intentar\\u00e1n en Washington atraer turismo y establecer acuerdos\"},\"previousItem\":{\"@type\":\"ListItem\",\"@id\":\"https:\\\/\\\/eldigitaldeasturias.com\\\/magazine365#listItem\",\"name\":\"Home\"}},{\"@type\":\"ListItem\",\"@id\":\"https:\\\/\\\/eldigitaldeasturias.com\\\/magazine365\\\/instituciones-vascas-intentaran-en-washington-atraer-turismo-y-establecer-acuerdos\\\/#listItem\",\"position\":3,\"name\":\"Instituciones vascas intentar\\u00e1n en Washington atraer turismo y establecer acuerdos\",\"previousItem\":{\"@type\":\"ListItem\",\"@id\":\"https:\\\/\\\/eldigitaldeasturias.com\\\/magazine365\\\/category\\\/noticias-actualidad\\\/#listItem\",\"name\":\"Noticias y Actualidad\"}}]},{\"@type\":\"Organization\",\"@id\":\"https:\\\/\\\/eldigitaldeasturias.com\\\/magazine365\\\/#organization\",\"name\":\"El digital de Asturias\",\"description\":\"Revista de ocio, turismo y estilo de vida\",\"url\":\"https:\\\/\\\/eldigitaldeasturias.com\\\/magazine365\\\/\",\"logo\":{\"@type\":\"ImageObject\",\"url\":\"https:\\\/\\\/www.eldigitaldeasturias.com\\\/noticias\\\/wp-content\\\/uploads\\\/2020\\\/12\\\/EDA.jpg\",\"@id\":\"https:\\\/\\\/eldigitaldeasturias.com\\\/magazine365\\\/instituciones-vascas-intentaran-en-washington-atraer-turismo-y-establecer-acuerdos\\\/#organizationLogo\"},\"image\":{\"@id\":\"https:\\\/\\\/eldigitaldeasturias.com\\\/magazine365\\\/instituciones-vascas-intentaran-en-washington-atraer-turismo-y-establecer-acuerdos\\\/#organizationLogo\"}},{\"@type\":\"Person\",\"@id\":\"https:\\\/\\\/eldigitaldeasturias.com\\\/magazine365\\\/author\\\/admin\\\/#author\",\"url\":\"https:\\\/\\\/eldigitaldeasturias.com\\\/magazine365\\\/author\\\/admin\\\/\",\"name\":\"admin\",\"image\":{\"@type\":\"ImageObject\",\"@id\":\"https:\\\/\\\/eldigitaldeasturias.com\\\/magazine365\\\/instituciones-vascas-intentaran-en-washington-atraer-turismo-y-establecer-acuerdos\\\/#authorImage\",\"url\":\"https:\\\/\\\/eldigitaldeasturias.com\\\/magazine365\\\/wp-content\\\/litespeed\\\/avatar\\\/e571bcf59a0edd6fa6838245a470f2fe.jpg?ver=1776969259\",\"width\":96,\"height\":96,\"caption\":\"admin\"}},{\"@type\":\"WebPage\",\"@id\":\"https:\\\/\\\/eldigitaldeasturias.com\\\/magazine365\\\/instituciones-vascas-intentaran-en-washington-atraer-turismo-y-establecer-acuerdos\\\/#webpage\",\"url\":\"https:\\\/\\\/eldigitaldeasturias.com\\\/magazine365\\\/instituciones-vascas-intentaran-en-washington-atraer-turismo-y-establecer-acuerdos\\\/\",\"name\":\"Instituciones vascas intentar\\u00e1n en Washington atraer turismo y establecer acuerdos | El Digital de Asturias\",\"description\":\"La diputada foral de Euskera y Cultura de Bizkaia, Lorea Bilbao, ha comparecido informado este lunes del grado de concreci\\u00f3n en el que se encuentra el proyecto Smithsoniam Folklife Festival, que se desarrollar\\u00e1 entre el 29 de junio y el 10 de julio en Washington (EE.UU.), y en el que las instituciones vascas pretenden ofrecer\",\"inLanguage\":\"es-ES\",\"isPartOf\":{\"@id\":\"https:\\\/\\\/eldigitaldeasturias.com\\\/magazine365\\\/#website\"},\"breadcrumb\":{\"@id\":\"https:\\\/\\\/eldigitaldeasturias.com\\\/magazine365\\\/instituciones-vascas-intentaran-en-washington-atraer-turismo-y-establecer-acuerdos\\\/#breadcrumblist\"},\"author\":{\"@id\":\"https:\\\/\\\/eldigitaldeasturias.com\\\/magazine365\\\/author\\\/admin\\\/#author\"},\"creator\":{\"@id\":\"https:\\\/\\\/eldigitaldeasturias.com\\\/magazine365\\\/author\\\/admin\\\/#author\"},\"image\":{\"@type\":\"ImageObject\",\"url\":\"https:\\\/\\\/eldigitaldeasturias.com\\\/magazine365\\\/wp-content\\\/uploads\\\/2016\\\/06\\\/fotonoticia_20160620173133_800.jpg\",\"@id\":\"https:\\\/\\\/eldigitaldeasturias.com\\\/magazine365\\\/instituciones-vascas-intentaran-en-washington-atraer-turismo-y-establecer-acuerdos\\\/#mainImage\",\"width\":800,\"height\":450},\"primaryImageOfPage\":{\"@id\":\"https:\\\/\\\/eldigitaldeasturias.com\\\/magazine365\\\/instituciones-vascas-intentaran-en-washington-atraer-turismo-y-establecer-acuerdos\\\/#mainImage\"},\"datePublished\":\"2016-06-20T23:25:19+02:00\",\"dateModified\":\"2016-06-20T23:25:19+02:00\"},{\"@type\":\"WebSite\",\"@id\":\"https:\\\/\\\/eldigitaldeasturias.com\\\/magazine365\\\/#website\",\"url\":\"https:\\\/\\\/eldigitaldeasturias.com\\\/magazine365\\\/\",\"name\":\"El Digital de Asturias\",\"description\":\"Revista de ocio, turismo y estilo de vida\",\"inLanguage\":\"es-ES\",\"publisher\":{\"@id\":\"https:\\\/\\\/eldigitaldeasturias.com\\\/magazine365\\\/#organization\"}}]}\n\t\t<\/script>\n\t\t<!-- All in One SEO Pro -->\r\n\t\t<title>Instituciones vascas intentar\u00e1n en Washington atraer turismo y establecer acuerdos | El Digital de Asturias<\/title>\n\n","aioseo_head_json":{"title":"Instituciones vascas intentar\u00e1n en Washington atraer turismo y establecer acuerdos | El Digital de Asturias","description":"La diputada foral de Euskera y Cultura de Bizkaia, Lorea Bilbao, ha comparecido informado este lunes del grado de concreci\u00f3n en el que se encuentra el proyecto Smithsoniam Folklife Festival, que se desarrollar\u00e1 entre el 29 de junio y el 10 de julio en Washington (EE.UU.), y en el que las instituciones vascas pretenden ofrecer","canonical_url":"https:\/\/eldigitaldeasturias.com\/magazine365\/instituciones-vascas-intentaran-en-washington-atraer-turismo-y-establecer-acuerdos\/","robots":"max-image-preview:large","keywords":"noticias y actualidad","webmasterTools":{"google-site-verification":"UA-38556648-1","miscellaneous":""},"schema":{"@context":"https:\/\/schema.org","@graph":[{"@type":"Article","@id":"https:\/\/eldigitaldeasturias.com\/magazine365\/instituciones-vascas-intentaran-en-washington-atraer-turismo-y-establecer-acuerdos\/#article","name":"Instituciones vascas intentar\u00e1n en Washington atraer turismo y establecer acuerdos | El Digital de Asturias","headline":"Instituciones vascas intentar\u00e1n en Washington atraer turismo y establecer acuerdos","author":{"@id":"https:\/\/eldigitaldeasturias.com\/magazine365\/author\/admin\/#author"},"publisher":{"@id":"https:\/\/eldigitaldeasturias.com\/magazine365\/#organization"},"image":{"@type":"ImageObject","url":"https:\/\/eldigitaldeasturias.com\/magazine365\/wp-content\/uploads\/2016\/06\/fotonoticia_20160620173133_800.jpg","width":800,"height":450},"datePublished":"2016-06-20T23:25:19+02:00","dateModified":"2016-06-20T23:25:19+02:00","inLanguage":"es-ES","mainEntityOfPage":{"@id":"https:\/\/eldigitaldeasturias.com\/magazine365\/instituciones-vascas-intentaran-en-washington-atraer-turismo-y-establecer-acuerdos\/#webpage"},"isPartOf":{"@id":"https:\/\/eldigitaldeasturias.com\/magazine365\/instituciones-vascas-intentaran-en-washington-atraer-turismo-y-establecer-acuerdos\/#webpage"},"articleSection":"Noticias y Actualidad"},{"@type":"BreadcrumbList","@id":"https:\/\/eldigitaldeasturias.com\/magazine365\/instituciones-vascas-intentaran-en-washington-atraer-turismo-y-establecer-acuerdos\/#breadcrumblist","itemListElement":[{"@type":"ListItem","@id":"https:\/\/eldigitaldeasturias.com\/magazine365#listItem","position":1,"name":"Home","item":"https:\/\/eldigitaldeasturias.com\/magazine365","nextItem":{"@type":"ListItem","@id":"https:\/\/eldigitaldeasturias.com\/magazine365\/category\/noticias-actualidad\/#listItem","name":"Noticias y Actualidad"}},{"@type":"ListItem","@id":"https:\/\/eldigitaldeasturias.com\/magazine365\/category\/noticias-actualidad\/#listItem","position":2,"name":"Noticias y Actualidad","item":"https:\/\/eldigitaldeasturias.com\/magazine365\/category\/noticias-actualidad\/","nextItem":{"@type":"ListItem","@id":"https:\/\/eldigitaldeasturias.com\/magazine365\/instituciones-vascas-intentaran-en-washington-atraer-turismo-y-establecer-acuerdos\/#listItem","name":"Instituciones vascas intentar\u00e1n en Washington atraer turismo y establecer acuerdos"},"previousItem":{"@type":"ListItem","@id":"https:\/\/eldigitaldeasturias.com\/magazine365#listItem","name":"Home"}},{"@type":"ListItem","@id":"https:\/\/eldigitaldeasturias.com\/magazine365\/instituciones-vascas-intentaran-en-washington-atraer-turismo-y-establecer-acuerdos\/#listItem","position":3,"name":"Instituciones vascas intentar\u00e1n en Washington atraer turismo y establecer acuerdos","previousItem":{"@type":"ListItem","@id":"https:\/\/eldigitaldeasturias.com\/magazine365\/category\/noticias-actualidad\/#listItem","name":"Noticias y Actualidad"}}]},{"@type":"Organization","@id":"https:\/\/eldigitaldeasturias.com\/magazine365\/#organization","name":"El digital de Asturias","description":"Revista de ocio, turismo y estilo de vida","url":"https:\/\/eldigitaldeasturias.com\/magazine365\/","logo":{"@type":"ImageObject","url":"https:\/\/www.eldigitaldeasturias.com\/noticias\/wp-content\/uploads\/2020\/12\/EDA.jpg","@id":"https:\/\/eldigitaldeasturias.com\/magazine365\/instituciones-vascas-intentaran-en-washington-atraer-turismo-y-establecer-acuerdos\/#organizationLogo"},"image":{"@id":"https:\/\/eldigitaldeasturias.com\/magazine365\/instituciones-vascas-intentaran-en-washington-atraer-turismo-y-establecer-acuerdos\/#organizationLogo"}},{"@type":"Person","@id":"https:\/\/eldigitaldeasturias.com\/magazine365\/author\/admin\/#author","url":"https:\/\/eldigitaldeasturias.com\/magazine365\/author\/admin\/","name":"admin","image":{"@type":"ImageObject","@id":"https:\/\/eldigitaldeasturias.com\/magazine365\/instituciones-vascas-intentaran-en-washington-atraer-turismo-y-establecer-acuerdos\/#authorImage","url":"https:\/\/eldigitaldeasturias.com\/magazine365\/wp-content\/litespeed\/avatar\/e571bcf59a0edd6fa6838245a470f2fe.jpg?ver=1776969259","width":96,"height":96,"caption":"admin"}},{"@type":"WebPage","@id":"https:\/\/eldigitaldeasturias.com\/magazine365\/instituciones-vascas-intentaran-en-washington-atraer-turismo-y-establecer-acuerdos\/#webpage","url":"https:\/\/eldigitaldeasturias.com\/magazine365\/instituciones-vascas-intentaran-en-washington-atraer-turismo-y-establecer-acuerdos\/","name":"Instituciones vascas intentar\u00e1n en Washington atraer turismo y establecer acuerdos | El Digital de Asturias","description":"La diputada foral de Euskera y Cultura de Bizkaia, Lorea Bilbao, ha comparecido informado este lunes del grado de concreci\u00f3n en el que se encuentra el proyecto Smithsoniam Folklife Festival, que se desarrollar\u00e1 entre el 29 de junio y el 10 de julio en Washington (EE.UU.), y en el que las instituciones vascas pretenden ofrecer","inLanguage":"es-ES","isPartOf":{"@id":"https:\/\/eldigitaldeasturias.com\/magazine365\/#website"},"breadcrumb":{"@id":"https:\/\/eldigitaldeasturias.com\/magazine365\/instituciones-vascas-intentaran-en-washington-atraer-turismo-y-establecer-acuerdos\/#breadcrumblist"},"author":{"@id":"https:\/\/eldigitaldeasturias.com\/magazine365\/author\/admin\/#author"},"creator":{"@id":"https:\/\/eldigitaldeasturias.com\/magazine365\/author\/admin\/#author"},"image":{"@type":"ImageObject","url":"https:\/\/eldigitaldeasturias.com\/magazine365\/wp-content\/uploads\/2016\/06\/fotonoticia_20160620173133_800.jpg","@id":"https:\/\/eldigitaldeasturias.com\/magazine365\/instituciones-vascas-intentaran-en-washington-atraer-turismo-y-establecer-acuerdos\/#mainImage","width":800,"height":450},"primaryImageOfPage":{"@id":"https:\/\/eldigitaldeasturias.com\/magazine365\/instituciones-vascas-intentaran-en-washington-atraer-turismo-y-establecer-acuerdos\/#mainImage"},"datePublished":"2016-06-20T23:25:19+02:00","dateModified":"2016-06-20T23:25:19+02:00"},{"@type":"WebSite","@id":"https:\/\/eldigitaldeasturias.com\/magazine365\/#website","url":"https:\/\/eldigitaldeasturias.com\/magazine365\/","name":"El Digital de Asturias","description":"Revista de ocio, turismo y estilo de vida","inLanguage":"es-ES","publisher":{"@id":"https:\/\/eldigitaldeasturias.com\/magazine365\/#organization"}}]},"og:locale":"es_ES","og:site_name":"El Digital de Asturias \u2013 Revista de ocio, turismo y estilo de vida","og:type":"article","og:title":"Instituciones vascas intentar\u00e1n en Washington atraer turismo y establecer acuerdos | El Digital de Asturias","og:description":"La diputada foral de Euskera y Cultura de Bizkaia, Lorea Bilbao, ha comparecido informado este lunes del grado de concreci\u00f3n en el que se encuentra el proyecto Smithsoniam Folklife Festival, que se desarrollar\u00e1 entre el 29 de junio y el 10 de julio en Washington (EE.UU.), y en el que las instituciones vascas pretenden ofrecer","og:url":"https:\/\/eldigitaldeasturias.com\/magazine365\/instituciones-vascas-intentaran-en-washington-atraer-turismo-y-establecer-acuerdos\/","og:image":"https:\/\/eldigitaldeasturias.com\/magazine365\/wp-content\/uploads\/2016\/06\/fotonoticia_20160620173133_800.jpg","og:image:secure_url":"https:\/\/eldigitaldeasturias.com\/magazine365\/wp-content\/uploads\/2016\/06\/fotonoticia_20160620173133_800.jpg","og:image:width":800,"og:image:height":450,"article:published_time":"2016-06-20T21:25:19+00:00","article:modified_time":"2016-06-20T21:25:19+00:00","twitter:card":"summary_large_image","twitter:title":"Instituciones vascas intentar\u00e1n en Washington atraer turismo y establecer acuerdos | El Digital de Asturias","twitter:description":"La diputada foral de Euskera y Cultura de Bizkaia, Lorea Bilbao, ha comparecido informado este lunes del grado de concreci\u00f3n en el que se encuentra el proyecto Smithsoniam Folklife Festival, que se desarrollar\u00e1 entre el 29 de junio y el 10 de julio en Washington (EE.UU.), y en el que las instituciones vascas pretenden ofrecer","twitter:image":"https:\/\/eldigitaldeasturias.com\/magazine365\/wp-content\/uploads\/2016\/06\/fotonoticia_20160620173133_800.jpg"},"aioseo_meta_data":{"post_id":"80231","title":null,"description":null,"keywords":null,"keyphrases":null,"primary_term":null,"canonical_url":null,"og_title":null,"og_description":null,"og_object_type":"default","og_image_type":"default","og_image_url":null,"og_image_width":null,"og_image_height":null,"og_image_custom_url":null,"og_image_custom_fields":null,"og_video":null,"og_custom_url":null,"og_article_section":null,"og_article_tags":null,"twitter_use_og":false,"twitter_card":"default","twitter_image_type":"default","twitter_image_url":null,"twitter_image_custom_url":null,"twitter_image_custom_fields":null,"twitter_title":null,"twitter_description":null,"schema":{"blockGraphs":[],"customGraphs":[],"default":{"data":{"Article":[],"Course":[],"Dataset":[],"FAQPage":[],"Movie":[],"Person":[],"Product":[],"ProductReview":[],"Car":[],"Recipe":[],"Service":[],"SoftwareApplication":[],"WebPage":[]},"graphName":"","isEnabled":true},"graphs":[],"defaultGraph":"","defaultPostTypeGraph":""},"schema_type":null,"schema_type_options":null,"pillar_content":false,"robots_default":true,"robots_noindex":false,"robots_noarchive":false,"robots_nosnippet":false,"robots_nofollow":false,"robots_noimageindex":false,"robots_noodp":false,"robots_notranslate":false,"robots_max_snippet":null,"robots_max_videopreview":null,"robots_max_imagepreview":"large","priority":null,"frequency":null,"location":null,"local_seo":null,"seo_analyzer_scan_date":"2025-09-27 20:26:13","breadcrumb_settings":null,"limit_modified_date":false,"open_ai":null,"ai":null,"created":"2021-03-08 17:36:25","updated":"2025-09-27 20:26:13"},"aioseo_breadcrumb":"<div class=\"aioseo-breadcrumbs\"><span class=\"aioseo-breadcrumb\">\n\t<a href=\"https:\/\/eldigitaldeasturias.com\/magazine365\" title=\"Home\">Home<\/a>\n<\/span><span class=\"aioseo-breadcrumb-separator\">\u2013<\/span><span class=\"aioseo-breadcrumb\">\n\t<a href=\"https:\/\/eldigitaldeasturias.com\/magazine365\/category\/noticias-actualidad\/\" title=\"Noticias y Actualidad\">Noticias y Actualidad<\/a>\n<\/span><span class=\"aioseo-breadcrumb-separator\">\u2013<\/span><span class=\"aioseo-breadcrumb\">\n\t<a href=\"https:\/\/eldigitaldeasturias.com\/magazine365\/instituciones-vascas-intentaran-en-washington-atraer-turismo-y-establecer-acuerdos\/\" title=\"Instituciones vascas intentar\u00e1n en Washington atraer turismo y establecer acuerdos\">Instituciones vascas intentar\u00e1n en Washington atraer turismo y establecer acuerdos<\/a>\n<\/span><\/div>","aioseo_breadcrumb_json":[{"label":"Home","link":"https:\/\/eldigitaldeasturias.com\/magazine365"},{"label":"Noticias y Actualidad","link":"https:\/\/eldigitaldeasturias.com\/magazine365\/category\/noticias-actualidad\/"},{"label":"Instituciones vascas intentar\u00e1n en Washington atraer turismo y establecer acuerdos","link":"https:\/\/eldigitaldeasturias.com\/magazine365\/instituciones-vascas-intentaran-en-washington-atraer-turismo-y-establecer-acuerdos\/"}],"_links":{"self":[{"href":"https:\/\/eldigitaldeasturias.com\/magazine365\/wp-json\/wp\/v2\/posts\/80231","targetHints":{"allow":["GET"]}}],"collection":[{"href":"https:\/\/eldigitaldeasturias.com\/magazine365\/wp-json\/wp\/v2\/posts"}],"about":[{"href":"https:\/\/eldigitaldeasturias.com\/magazine365\/wp-json\/wp\/v2\/types\/post"}],"author":[{"embeddable":true,"href":"https:\/\/eldigitaldeasturias.com\/magazine365\/wp-json\/wp\/v2\/users\/1"}],"replies":[{"embeddable":true,"href":"https:\/\/eldigitaldeasturias.com\/magazine365\/wp-json\/wp\/v2\/comments?post=80231"}],"version-history":[{"count":0,"href":"https:\/\/eldigitaldeasturias.com\/magazine365\/wp-json\/wp\/v2\/posts\/80231\/revisions"}],"wp:featuredmedia":[{"embeddable":true,"href":"https:\/\/eldigitaldeasturias.com\/magazine365\/wp-json\/wp\/v2\/media\/80232"}],"wp:attachment":[{"href":"https:\/\/eldigitaldeasturias.com\/magazine365\/wp-json\/wp\/v2\/media?parent=80231"}],"wp:term":[{"taxonomy":"category","embeddable":true,"href":"https:\/\/eldigitaldeasturias.com\/magazine365\/wp-json\/wp\/v2\/categories?post=80231"},{"taxonomy":"post_tag","embeddable":true,"href":"https:\/\/eldigitaldeasturias.com\/magazine365\/wp-json\/wp\/v2\/tags?post=80231"}],"curies":[{"name":"wp","href":"https:\/\/api.w.org\/{rel}","templated":true}]}}