{"id":80213,"date":"2016-06-20T23:18:12","date_gmt":"2016-06-20T21:18:12","guid":{"rendered":"http:\/\/eldigitaldeasturias.com\/magazine365\/?p=80213"},"modified":"2016-06-20T23:18:12","modified_gmt":"2016-06-20T21:18:12","slug":"pastor-ve-posibilidad-de-acuerdo-entre-renfe-y-maquinistas-para-evitar-nuevas-huelgas","status":"publish","type":"post","link":"https:\/\/eldigitaldeasturias.com\/magazine365\/pastor-ve-posibilidad-de-acuerdo-entre-renfe-y-maquinistas-para-evitar-nuevas-huelgas\/","title":{"rendered":"Pastor ve posibilidad de acuerdo entre Renfe y maquinistas para evitar nuevas huelgas"},"content":{"rendered":"<p><img fetchpriority=\"high\" decoding=\"async\" class=\"alignleft size-medium wp-image-80214\" src=\"https:\/\/eldigitaldeasturias.com\/magazine365\/wp-content\/uploads\/2016\/06\/fotonoticia_20160620164648_800-360x243.jpg\" alt=\"fotonoticia_20160620164648_800\" width=\"360\" height=\"243\" srcset=\"https:\/\/eldigitaldeasturias.com\/magazine365\/wp-content\/uploads\/2016\/06\/fotonoticia_20160620164648_800-360x243.jpg 360w, https:\/\/eldigitaldeasturias.com\/magazine365\/wp-content\/uploads\/2016\/06\/fotonoticia_20160620164648_800-650x438.jpg 650w, https:\/\/eldigitaldeasturias.com\/magazine365\/wp-content\/uploads\/2016\/06\/fotonoticia_20160620164648_800-768x517.jpg 768w, https:\/\/eldigitaldeasturias.com\/magazine365\/wp-content\/uploads\/2016\/06\/fotonoticia_20160620164648_800-150x101.jpg 150w, https:\/\/eldigitaldeasturias.com\/magazine365\/wp-content\/uploads\/2016\/06\/fotonoticia_20160620164648_800-450x303.jpg 450w, https:\/\/eldigitaldeasturias.com\/magazine365\/wp-content\/uploads\/2016\/06\/fotonoticia_20160620164648_800.jpg 800w\" sizes=\"(max-width: 360px) 100vw, 360px\" \/>La ministra de Fomento en funciones, Ana Pastor, considera que puede haber \u00ablugar para el entendimiento\u00bb entre Renfe y el sindicato de maquinistas Semaf, en el marco de la negociaci\u00f3n que abrieron la pasada semana con el fin de evitar nuevas jornadas de huelga en la compa\u00f1\u00eda ferroviaria.<\/p>\n<p>\u00abCreo que merece la pena el di\u00e1logo y el entendimiento, porque, de lo contrario, los ciudadanos no lo entender\u00edan\u00bb, ha indicado la ministra durante un acto en Vigo.<\/p>\n<p>El sindicato de maquinistas Semaf desconvoc\u00f3 el pasado mi\u00e9rcoles la jornada de huelga prevista para el jueves 16 de junio, con el fin de ahondar en la v\u00eda de di\u00e1logo que ese d\u00eda se abri\u00f3 con la operadora tras tres jornadas de paro.<\/p>\n<p>No obstante, los conductores a\u00fan tienen convocados tres paros, para los d\u00edas 24 y 29 de junio, y el 1 de julio, cuya desconvocatoria depende de los resultados de la negociaci\u00f3n que mantienen con la compa\u00f1\u00eda.<\/p>\n<p>En este contexto, la ministra de Fomento en funciones ha apelado este lunes al \u00abdi\u00e1logo\u00bb entre Renfe y el sindicato de maquinistas con el fin de buscar un acuerdo para evitar esas nuevas jornadas de huelga.<\/p>\n<p>Pastor manifest\u00f3 su confianza en que los paros a\u00fan previstos no tengan lugar, dado que el servicio de tren \u00abes un servicio p\u00fablico fundamental\u00bb.<\/p>\n<p>La ministra ha considerado que \u00abpuede haber lugar para el entendimiento\u00bb, y ha recordado que Renfe \u00abha hecho la oferta de empleo de maquinistas m\u00e1s importante de los \u00faltimos veinte a\u00f1os\u00bb.<\/p>\n","protected":false},"excerpt":{"rendered":"<p>La ministra de Fomento en funciones, Ana Pastor, considera que puede haber \u00ablugar para el entendimiento\u00bb entre Renfe y el sindicato de maquinistas Semaf, en el marco de la negociaci\u00f3n que abrieron la pasada semana con el fin de evitar nuevas jornadas de huelga en la compa\u00f1\u00eda ferroviaria. \u00abCreo que merece la pena el di\u00e1logo<\/p>\n","protected":false},"author":1,"featured_media":80214,"comment_status":"open","ping_status":"closed","sticky":false,"template":"","format":"standard","meta":{"footnotes":""},"categories":[224],"tags":[],"class_list":{"0":"post-80213","1":"post","2":"type-post","3":"status-publish","4":"format-standard","5":"has-post-thumbnail","7":"category-noticias-actualidad"},"aioseo_notices":[],"aioseo_head":"\n\t\t<!-- All in One SEO Pro 4.9.6.1 - aioseo.com -->\n\t<meta name=\"description\" content=\"La ministra de Fomento en funciones, Ana Pastor, considera que puede haber &quot;lugar para el entendimiento&quot; entre Renfe y el sindicato de maquinistas Semaf, en el marco de la negociaci\u00f3n que abrieron la pasada semana con el fin de evitar nuevas jornadas de huelga en la compa\u00f1\u00eda ferroviaria. &quot;Creo que merece la pena el di\u00e1logo\" \/>\n\t<meta name=\"robots\" content=\"max-image-preview:large\" \/>\n\t<meta name=\"author\" content=\"admin\"\/>\n\t<meta name=\"google-site-verification\" content=\"UA-38556648-1\" \/>\n\t<meta name=\"keywords\" content=\"noticias y actualidad\" \/>\n\t<link rel=\"canonical\" href=\"https:\/\/eldigitaldeasturias.com\/magazine365\/pastor-ve-posibilidad-de-acuerdo-entre-renfe-y-maquinistas-para-evitar-nuevas-huelgas\/\" \/>\n\t<meta name=\"generator\" content=\"All in One SEO Pro (AIOSEO) 4.9.6.1\" \/>\n\t\t<meta property=\"og:locale\" content=\"es_ES\" \/>\n\t\t<meta property=\"og:site_name\" content=\"El Digital de Asturias \u2013 Revista de ocio, turismo y estilo de vida\" \/>\n\t\t<meta property=\"og:type\" content=\"article\" \/>\n\t\t<meta property=\"og:title\" content=\"Pastor ve posibilidad de acuerdo entre Renfe y maquinistas para evitar nuevas huelgas | El Digital de Asturias\" \/>\n\t\t<meta property=\"og:description\" content=\"La ministra de Fomento en funciones, Ana Pastor, considera que puede haber &quot;lugar para el entendimiento&quot; entre Renfe y el sindicato de maquinistas Semaf, en el marco de la negociaci\u00f3n que abrieron la pasada semana con el fin de evitar nuevas jornadas de huelga en la compa\u00f1\u00eda ferroviaria. &quot;Creo que merece la pena el di\u00e1logo\" \/>\n\t\t<meta property=\"og:url\" content=\"https:\/\/eldigitaldeasturias.com\/magazine365\/pastor-ve-posibilidad-de-acuerdo-entre-renfe-y-maquinistas-para-evitar-nuevas-huelgas\/\" \/>\n\t\t<meta property=\"og:image\" content=\"https:\/\/eldigitaldeasturias.com\/magazine365\/wp-content\/uploads\/2016\/06\/fotonoticia_20160620164648_800.jpg\" \/>\n\t\t<meta property=\"og:image:secure_url\" content=\"https:\/\/eldigitaldeasturias.com\/magazine365\/wp-content\/uploads\/2016\/06\/fotonoticia_20160620164648_800.jpg\" \/>\n\t\t<meta property=\"og:image:width\" content=\"800\" \/>\n\t\t<meta property=\"og:image:height\" content=\"539\" \/>\n\t\t<meta property=\"article:published_time\" content=\"2016-06-20T21:18:12+00:00\" \/>\n\t\t<meta property=\"article:modified_time\" content=\"2016-06-20T21:18:12+00:00\" \/>\n\t\t<meta name=\"twitter:card\" content=\"summary_large_image\" \/>\n\t\t<meta name=\"twitter:title\" content=\"Pastor ve posibilidad de acuerdo entre Renfe y maquinistas para evitar nuevas huelgas | El Digital de Asturias\" \/>\n\t\t<meta name=\"twitter:description\" content=\"La ministra de Fomento en funciones, Ana Pastor, considera que puede haber &quot;lugar para el entendimiento&quot; entre Renfe y el sindicato de maquinistas Semaf, en el marco de la negociaci\u00f3n que abrieron la pasada semana con el fin de evitar nuevas jornadas de huelga en la compa\u00f1\u00eda ferroviaria. &quot;Creo que merece la pena el di\u00e1logo\" \/>\n\t\t<meta name=\"twitter:image\" content=\"https:\/\/eldigitaldeasturias.com\/magazine365\/wp-content\/uploads\/2016\/06\/fotonoticia_20160620164648_800.jpg\" \/>\n\t\t<script type=\"application\/ld+json\" class=\"aioseo-schema\">\n\t\t\t{\"@context\":\"https:\\\/\\\/schema.org\",\"@graph\":[{\"@type\":\"Article\",\"@id\":\"https:\\\/\\\/eldigitaldeasturias.com\\\/magazine365\\\/pastor-ve-posibilidad-de-acuerdo-entre-renfe-y-maquinistas-para-evitar-nuevas-huelgas\\\/#article\",\"name\":\"Pastor ve posibilidad de acuerdo entre Renfe y maquinistas para evitar nuevas huelgas | El Digital de Asturias\",\"headline\":\"Pastor ve posibilidad de acuerdo entre Renfe y maquinistas para evitar nuevas huelgas\",\"author\":{\"@id\":\"https:\\\/\\\/eldigitaldeasturias.com\\\/magazine365\\\/author\\\/admin\\\/#author\"},\"publisher\":{\"@id\":\"https:\\\/\\\/eldigitaldeasturias.com\\\/magazine365\\\/#organization\"},\"image\":{\"@type\":\"ImageObject\",\"url\":\"https:\\\/\\\/eldigitaldeasturias.com\\\/magazine365\\\/wp-content\\\/uploads\\\/2016\\\/06\\\/fotonoticia_20160620164648_800.jpg\",\"width\":800,\"height\":539},\"datePublished\":\"2016-06-20T23:18:12+02:00\",\"dateModified\":\"2016-06-20T23:18:12+02:00\",\"inLanguage\":\"es-ES\",\"mainEntityOfPage\":{\"@id\":\"https:\\\/\\\/eldigitaldeasturias.com\\\/magazine365\\\/pastor-ve-posibilidad-de-acuerdo-entre-renfe-y-maquinistas-para-evitar-nuevas-huelgas\\\/#webpage\"},\"isPartOf\":{\"@id\":\"https:\\\/\\\/eldigitaldeasturias.com\\\/magazine365\\\/pastor-ve-posibilidad-de-acuerdo-entre-renfe-y-maquinistas-para-evitar-nuevas-huelgas\\\/#webpage\"},\"articleSection\":\"Noticias y Actualidad\"},{\"@type\":\"BreadcrumbList\",\"@id\":\"https:\\\/\\\/eldigitaldeasturias.com\\\/magazine365\\\/pastor-ve-posibilidad-de-acuerdo-entre-renfe-y-maquinistas-para-evitar-nuevas-huelgas\\\/#breadcrumblist\",\"itemListElement\":[{\"@type\":\"ListItem\",\"@id\":\"https:\\\/\\\/eldigitaldeasturias.com\\\/magazine365#listItem\",\"position\":1,\"name\":\"Home\",\"item\":\"https:\\\/\\\/eldigitaldeasturias.com\\\/magazine365\",\"nextItem\":{\"@type\":\"ListItem\",\"@id\":\"https:\\\/\\\/eldigitaldeasturias.com\\\/magazine365\\\/category\\\/noticias-actualidad\\\/#listItem\",\"name\":\"Noticias y Actualidad\"}},{\"@type\":\"ListItem\",\"@id\":\"https:\\\/\\\/eldigitaldeasturias.com\\\/magazine365\\\/category\\\/noticias-actualidad\\\/#listItem\",\"position\":2,\"name\":\"Noticias y Actualidad\",\"item\":\"https:\\\/\\\/eldigitaldeasturias.com\\\/magazine365\\\/category\\\/noticias-actualidad\\\/\",\"nextItem\":{\"@type\":\"ListItem\",\"@id\":\"https:\\\/\\\/eldigitaldeasturias.com\\\/magazine365\\\/pastor-ve-posibilidad-de-acuerdo-entre-renfe-y-maquinistas-para-evitar-nuevas-huelgas\\\/#listItem\",\"name\":\"Pastor ve posibilidad de acuerdo entre Renfe y maquinistas para evitar nuevas huelgas\"},\"previousItem\":{\"@type\":\"ListItem\",\"@id\":\"https:\\\/\\\/eldigitaldeasturias.com\\\/magazine365#listItem\",\"name\":\"Home\"}},{\"@type\":\"ListItem\",\"@id\":\"https:\\\/\\\/eldigitaldeasturias.com\\\/magazine365\\\/pastor-ve-posibilidad-de-acuerdo-entre-renfe-y-maquinistas-para-evitar-nuevas-huelgas\\\/#listItem\",\"position\":3,\"name\":\"Pastor ve posibilidad de acuerdo entre Renfe y maquinistas para evitar nuevas huelgas\",\"previousItem\":{\"@type\":\"ListItem\",\"@id\":\"https:\\\/\\\/eldigitaldeasturias.com\\\/magazine365\\\/category\\\/noticias-actualidad\\\/#listItem\",\"name\":\"Noticias y Actualidad\"}}]},{\"@type\":\"Organization\",\"@id\":\"https:\\\/\\\/eldigitaldeasturias.com\\\/magazine365\\\/#organization\",\"name\":\"El digital de Asturias\",\"description\":\"Revista de ocio, turismo y estilo de vida\",\"url\":\"https:\\\/\\\/eldigitaldeasturias.com\\\/magazine365\\\/\",\"logo\":{\"@type\":\"ImageObject\",\"url\":\"https:\\\/\\\/www.eldigitaldeasturias.com\\\/noticias\\\/wp-content\\\/uploads\\\/2020\\\/12\\\/EDA.jpg\",\"@id\":\"https:\\\/\\\/eldigitaldeasturias.com\\\/magazine365\\\/pastor-ve-posibilidad-de-acuerdo-entre-renfe-y-maquinistas-para-evitar-nuevas-huelgas\\\/#organizationLogo\"},\"image\":{\"@id\":\"https:\\\/\\\/eldigitaldeasturias.com\\\/magazine365\\\/pastor-ve-posibilidad-de-acuerdo-entre-renfe-y-maquinistas-para-evitar-nuevas-huelgas\\\/#organizationLogo\"}},{\"@type\":\"Person\",\"@id\":\"https:\\\/\\\/eldigitaldeasturias.com\\\/magazine365\\\/author\\\/admin\\\/#author\",\"url\":\"https:\\\/\\\/eldigitaldeasturias.com\\\/magazine365\\\/author\\\/admin\\\/\",\"name\":\"admin\",\"image\":{\"@type\":\"ImageObject\",\"@id\":\"https:\\\/\\\/eldigitaldeasturias.com\\\/magazine365\\\/pastor-ve-posibilidad-de-acuerdo-entre-renfe-y-maquinistas-para-evitar-nuevas-huelgas\\\/#authorImage\",\"url\":\"https:\\\/\\\/eldigitaldeasturias.com\\\/magazine365\\\/wp-content\\\/litespeed\\\/avatar\\\/e571bcf59a0edd6fa6838245a470f2fe.jpg?ver=1776969259\",\"width\":96,\"height\":96,\"caption\":\"admin\"}},{\"@type\":\"WebPage\",\"@id\":\"https:\\\/\\\/eldigitaldeasturias.com\\\/magazine365\\\/pastor-ve-posibilidad-de-acuerdo-entre-renfe-y-maquinistas-para-evitar-nuevas-huelgas\\\/#webpage\",\"url\":\"https:\\\/\\\/eldigitaldeasturias.com\\\/magazine365\\\/pastor-ve-posibilidad-de-acuerdo-entre-renfe-y-maquinistas-para-evitar-nuevas-huelgas\\\/\",\"name\":\"Pastor ve posibilidad de acuerdo entre Renfe y maquinistas para evitar nuevas huelgas | El Digital de Asturias\",\"description\":\"La ministra de Fomento en funciones, Ana Pastor, considera que puede haber \\\"lugar para el entendimiento\\\" entre Renfe y el sindicato de maquinistas Semaf, en el marco de la negociaci\\u00f3n que abrieron la pasada semana con el fin de evitar nuevas jornadas de huelga en la compa\\u00f1\\u00eda ferroviaria. \\\"Creo que merece la pena el di\\u00e1logo\",\"inLanguage\":\"es-ES\",\"isPartOf\":{\"@id\":\"https:\\\/\\\/eldigitaldeasturias.com\\\/magazine365\\\/#website\"},\"breadcrumb\":{\"@id\":\"https:\\\/\\\/eldigitaldeasturias.com\\\/magazine365\\\/pastor-ve-posibilidad-de-acuerdo-entre-renfe-y-maquinistas-para-evitar-nuevas-huelgas\\\/#breadcrumblist\"},\"author\":{\"@id\":\"https:\\\/\\\/eldigitaldeasturias.com\\\/magazine365\\\/author\\\/admin\\\/#author\"},\"creator\":{\"@id\":\"https:\\\/\\\/eldigitaldeasturias.com\\\/magazine365\\\/author\\\/admin\\\/#author\"},\"image\":{\"@type\":\"ImageObject\",\"url\":\"https:\\\/\\\/eldigitaldeasturias.com\\\/magazine365\\\/wp-content\\\/uploads\\\/2016\\\/06\\\/fotonoticia_20160620164648_800.jpg\",\"@id\":\"https:\\\/\\\/eldigitaldeasturias.com\\\/magazine365\\\/pastor-ve-posibilidad-de-acuerdo-entre-renfe-y-maquinistas-para-evitar-nuevas-huelgas\\\/#mainImage\",\"width\":800,\"height\":539},\"primaryImageOfPage\":{\"@id\":\"https:\\\/\\\/eldigitaldeasturias.com\\\/magazine365\\\/pastor-ve-posibilidad-de-acuerdo-entre-renfe-y-maquinistas-para-evitar-nuevas-huelgas\\\/#mainImage\"},\"datePublished\":\"2016-06-20T23:18:12+02:00\",\"dateModified\":\"2016-06-20T23:18:12+02:00\"},{\"@type\":\"WebSite\",\"@id\":\"https:\\\/\\\/eldigitaldeasturias.com\\\/magazine365\\\/#website\",\"url\":\"https:\\\/\\\/eldigitaldeasturias.com\\\/magazine365\\\/\",\"name\":\"El Digital de Asturias\",\"description\":\"Revista de ocio, turismo y estilo de vida\",\"inLanguage\":\"es-ES\",\"publisher\":{\"@id\":\"https:\\\/\\\/eldigitaldeasturias.com\\\/magazine365\\\/#organization\"}}]}\n\t\t<\/script>\n\t\t<!-- All in One SEO Pro -->\r\n\t\t<title>Pastor ve posibilidad de acuerdo entre Renfe y maquinistas para evitar nuevas huelgas | El Digital de Asturias<\/title>\n\n","aioseo_head_json":{"title":"Pastor ve posibilidad de acuerdo entre Renfe y maquinistas para evitar nuevas huelgas | El Digital de Asturias","description":"La ministra de Fomento en funciones, Ana Pastor, considera que puede haber \"lugar para el entendimiento\" entre Renfe y el sindicato de maquinistas Semaf, en el marco de la negociaci\u00f3n que abrieron la pasada semana con el fin de evitar nuevas jornadas de huelga en la compa\u00f1\u00eda ferroviaria. \"Creo que merece la pena el di\u00e1logo","canonical_url":"https:\/\/eldigitaldeasturias.com\/magazine365\/pastor-ve-posibilidad-de-acuerdo-entre-renfe-y-maquinistas-para-evitar-nuevas-huelgas\/","robots":"max-image-preview:large","keywords":"noticias y actualidad","webmasterTools":{"google-site-verification":"UA-38556648-1","miscellaneous":""},"schema":{"@context":"https:\/\/schema.org","@graph":[{"@type":"Article","@id":"https:\/\/eldigitaldeasturias.com\/magazine365\/pastor-ve-posibilidad-de-acuerdo-entre-renfe-y-maquinistas-para-evitar-nuevas-huelgas\/#article","name":"Pastor ve posibilidad de acuerdo entre Renfe y maquinistas para evitar nuevas huelgas | El Digital de Asturias","headline":"Pastor ve posibilidad de acuerdo entre Renfe y maquinistas para evitar nuevas huelgas","author":{"@id":"https:\/\/eldigitaldeasturias.com\/magazine365\/author\/admin\/#author"},"publisher":{"@id":"https:\/\/eldigitaldeasturias.com\/magazine365\/#organization"},"image":{"@type":"ImageObject","url":"https:\/\/eldigitaldeasturias.com\/magazine365\/wp-content\/uploads\/2016\/06\/fotonoticia_20160620164648_800.jpg","width":800,"height":539},"datePublished":"2016-06-20T23:18:12+02:00","dateModified":"2016-06-20T23:18:12+02:00","inLanguage":"es-ES","mainEntityOfPage":{"@id":"https:\/\/eldigitaldeasturias.com\/magazine365\/pastor-ve-posibilidad-de-acuerdo-entre-renfe-y-maquinistas-para-evitar-nuevas-huelgas\/#webpage"},"isPartOf":{"@id":"https:\/\/eldigitaldeasturias.com\/magazine365\/pastor-ve-posibilidad-de-acuerdo-entre-renfe-y-maquinistas-para-evitar-nuevas-huelgas\/#webpage"},"articleSection":"Noticias y Actualidad"},{"@type":"BreadcrumbList","@id":"https:\/\/eldigitaldeasturias.com\/magazine365\/pastor-ve-posibilidad-de-acuerdo-entre-renfe-y-maquinistas-para-evitar-nuevas-huelgas\/#breadcrumblist","itemListElement":[{"@type":"ListItem","@id":"https:\/\/eldigitaldeasturias.com\/magazine365#listItem","position":1,"name":"Home","item":"https:\/\/eldigitaldeasturias.com\/magazine365","nextItem":{"@type":"ListItem","@id":"https:\/\/eldigitaldeasturias.com\/magazine365\/category\/noticias-actualidad\/#listItem","name":"Noticias y Actualidad"}},{"@type":"ListItem","@id":"https:\/\/eldigitaldeasturias.com\/magazine365\/category\/noticias-actualidad\/#listItem","position":2,"name":"Noticias y Actualidad","item":"https:\/\/eldigitaldeasturias.com\/magazine365\/category\/noticias-actualidad\/","nextItem":{"@type":"ListItem","@id":"https:\/\/eldigitaldeasturias.com\/magazine365\/pastor-ve-posibilidad-de-acuerdo-entre-renfe-y-maquinistas-para-evitar-nuevas-huelgas\/#listItem","name":"Pastor ve posibilidad de acuerdo entre Renfe y maquinistas para evitar nuevas huelgas"},"previousItem":{"@type":"ListItem","@id":"https:\/\/eldigitaldeasturias.com\/magazine365#listItem","name":"Home"}},{"@type":"ListItem","@id":"https:\/\/eldigitaldeasturias.com\/magazine365\/pastor-ve-posibilidad-de-acuerdo-entre-renfe-y-maquinistas-para-evitar-nuevas-huelgas\/#listItem","position":3,"name":"Pastor ve posibilidad de acuerdo entre Renfe y maquinistas para evitar nuevas huelgas","previousItem":{"@type":"ListItem","@id":"https:\/\/eldigitaldeasturias.com\/magazine365\/category\/noticias-actualidad\/#listItem","name":"Noticias y Actualidad"}}]},{"@type":"Organization","@id":"https:\/\/eldigitaldeasturias.com\/magazine365\/#organization","name":"El digital de Asturias","description":"Revista de ocio, turismo y estilo de vida","url":"https:\/\/eldigitaldeasturias.com\/magazine365\/","logo":{"@type":"ImageObject","url":"https:\/\/www.eldigitaldeasturias.com\/noticias\/wp-content\/uploads\/2020\/12\/EDA.jpg","@id":"https:\/\/eldigitaldeasturias.com\/magazine365\/pastor-ve-posibilidad-de-acuerdo-entre-renfe-y-maquinistas-para-evitar-nuevas-huelgas\/#organizationLogo"},"image":{"@id":"https:\/\/eldigitaldeasturias.com\/magazine365\/pastor-ve-posibilidad-de-acuerdo-entre-renfe-y-maquinistas-para-evitar-nuevas-huelgas\/#organizationLogo"}},{"@type":"Person","@id":"https:\/\/eldigitaldeasturias.com\/magazine365\/author\/admin\/#author","url":"https:\/\/eldigitaldeasturias.com\/magazine365\/author\/admin\/","name":"admin","image":{"@type":"ImageObject","@id":"https:\/\/eldigitaldeasturias.com\/magazine365\/pastor-ve-posibilidad-de-acuerdo-entre-renfe-y-maquinistas-para-evitar-nuevas-huelgas\/#authorImage","url":"https:\/\/eldigitaldeasturias.com\/magazine365\/wp-content\/litespeed\/avatar\/e571bcf59a0edd6fa6838245a470f2fe.jpg?ver=1776969259","width":96,"height":96,"caption":"admin"}},{"@type":"WebPage","@id":"https:\/\/eldigitaldeasturias.com\/magazine365\/pastor-ve-posibilidad-de-acuerdo-entre-renfe-y-maquinistas-para-evitar-nuevas-huelgas\/#webpage","url":"https:\/\/eldigitaldeasturias.com\/magazine365\/pastor-ve-posibilidad-de-acuerdo-entre-renfe-y-maquinistas-para-evitar-nuevas-huelgas\/","name":"Pastor ve posibilidad de acuerdo entre Renfe y maquinistas para evitar nuevas huelgas | El Digital de Asturias","description":"La ministra de Fomento en funciones, Ana Pastor, considera que puede haber \"lugar para el entendimiento\" entre Renfe y el sindicato de maquinistas Semaf, en el marco de la negociaci\u00f3n que abrieron la pasada semana con el fin de evitar nuevas jornadas de huelga en la compa\u00f1\u00eda ferroviaria. \"Creo que merece la pena el di\u00e1logo","inLanguage":"es-ES","isPartOf":{"@id":"https:\/\/eldigitaldeasturias.com\/magazine365\/#website"},"breadcrumb":{"@id":"https:\/\/eldigitaldeasturias.com\/magazine365\/pastor-ve-posibilidad-de-acuerdo-entre-renfe-y-maquinistas-para-evitar-nuevas-huelgas\/#breadcrumblist"},"author":{"@id":"https:\/\/eldigitaldeasturias.com\/magazine365\/author\/admin\/#author"},"creator":{"@id":"https:\/\/eldigitaldeasturias.com\/magazine365\/author\/admin\/#author"},"image":{"@type":"ImageObject","url":"https:\/\/eldigitaldeasturias.com\/magazine365\/wp-content\/uploads\/2016\/06\/fotonoticia_20160620164648_800.jpg","@id":"https:\/\/eldigitaldeasturias.com\/magazine365\/pastor-ve-posibilidad-de-acuerdo-entre-renfe-y-maquinistas-para-evitar-nuevas-huelgas\/#mainImage","width":800,"height":539},"primaryImageOfPage":{"@id":"https:\/\/eldigitaldeasturias.com\/magazine365\/pastor-ve-posibilidad-de-acuerdo-entre-renfe-y-maquinistas-para-evitar-nuevas-huelgas\/#mainImage"},"datePublished":"2016-06-20T23:18:12+02:00","dateModified":"2016-06-20T23:18:12+02:00"},{"@type":"WebSite","@id":"https:\/\/eldigitaldeasturias.com\/magazine365\/#website","url":"https:\/\/eldigitaldeasturias.com\/magazine365\/","name":"El Digital de Asturias","description":"Revista de ocio, turismo y estilo de vida","inLanguage":"es-ES","publisher":{"@id":"https:\/\/eldigitaldeasturias.com\/magazine365\/#organization"}}]},"og:locale":"es_ES","og:site_name":"El Digital de Asturias \u2013 Revista de ocio, turismo y estilo de vida","og:type":"article","og:title":"Pastor ve posibilidad de acuerdo entre Renfe y maquinistas para evitar nuevas huelgas | El Digital de Asturias","og:description":"La ministra de Fomento en funciones, Ana Pastor, considera que puede haber &quot;lugar para el entendimiento&quot; entre Renfe y el sindicato de maquinistas Semaf, en el marco de la negociaci\u00f3n que abrieron la pasada semana con el fin de evitar nuevas jornadas de huelga en la compa\u00f1\u00eda ferroviaria. &quot;Creo que merece la pena el di\u00e1logo","og:url":"https:\/\/eldigitaldeasturias.com\/magazine365\/pastor-ve-posibilidad-de-acuerdo-entre-renfe-y-maquinistas-para-evitar-nuevas-huelgas\/","og:image":"https:\/\/eldigitaldeasturias.com\/magazine365\/wp-content\/uploads\/2016\/06\/fotonoticia_20160620164648_800.jpg","og:image:secure_url":"https:\/\/eldigitaldeasturias.com\/magazine365\/wp-content\/uploads\/2016\/06\/fotonoticia_20160620164648_800.jpg","og:image:width":800,"og:image:height":539,"article:published_time":"2016-06-20T21:18:12+00:00","article:modified_time":"2016-06-20T21:18:12+00:00","twitter:card":"summary_large_image","twitter:title":"Pastor ve posibilidad de acuerdo entre Renfe y maquinistas para evitar nuevas huelgas | El Digital de Asturias","twitter:description":"La ministra de Fomento en funciones, Ana Pastor, considera que puede haber &quot;lugar para el entendimiento&quot; entre Renfe y el sindicato de maquinistas Semaf, en el marco de la negociaci\u00f3n que abrieron la pasada semana con el fin de evitar nuevas jornadas de huelga en la compa\u00f1\u00eda ferroviaria. &quot;Creo que merece la pena el di\u00e1logo","twitter:image":"https:\/\/eldigitaldeasturias.com\/magazine365\/wp-content\/uploads\/2016\/06\/fotonoticia_20160620164648_800.jpg"},"aioseo_meta_data":{"post_id":"80213","title":null,"description":null,"keywords":null,"keyphrases":null,"primary_term":null,"canonical_url":null,"og_title":null,"og_description":null,"og_object_type":"default","og_image_type":"default","og_image_url":null,"og_image_width":null,"og_image_height":null,"og_image_custom_url":null,"og_image_custom_fields":null,"og_video":null,"og_custom_url":null,"og_article_section":null,"og_article_tags":null,"twitter_use_og":false,"twitter_card":"default","twitter_image_type":"default","twitter_image_url":null,"twitter_image_custom_url":null,"twitter_image_custom_fields":null,"twitter_title":null,"twitter_description":null,"schema":{"blockGraphs":[],"customGraphs":[],"default":{"data":{"Article":[],"Course":[],"Dataset":[],"FAQPage":[],"Movie":[],"Person":[],"Product":[],"ProductReview":[],"Car":[],"Recipe":[],"Service":[],"SoftwareApplication":[],"WebPage":[]},"graphName":"","isEnabled":true},"graphs":[],"defaultGraph":"","defaultPostTypeGraph":""},"schema_type":null,"schema_type_options":null,"pillar_content":false,"robots_default":true,"robots_noindex":false,"robots_noarchive":false,"robots_nosnippet":false,"robots_nofollow":false,"robots_noimageindex":false,"robots_noodp":false,"robots_notranslate":false,"robots_max_snippet":null,"robots_max_videopreview":null,"robots_max_imagepreview":"large","priority":null,"frequency":null,"location":null,"local_seo":null,"seo_analyzer_scan_date":"2025-09-27 20:24:38","breadcrumb_settings":null,"limit_modified_date":false,"open_ai":null,"ai":null,"created":"2021-03-08 17:36:25","updated":"2025-09-27 20:24:38"},"aioseo_breadcrumb":"<div class=\"aioseo-breadcrumbs\"><span class=\"aioseo-breadcrumb\">\n\t<a href=\"https:\/\/eldigitaldeasturias.com\/magazine365\" title=\"Home\">Home<\/a>\n<\/span><span class=\"aioseo-breadcrumb-separator\">\u2013<\/span><span class=\"aioseo-breadcrumb\">\n\t<a href=\"https:\/\/eldigitaldeasturias.com\/magazine365\/category\/noticias-actualidad\/\" title=\"Noticias y Actualidad\">Noticias y Actualidad<\/a>\n<\/span><span class=\"aioseo-breadcrumb-separator\">\u2013<\/span><span class=\"aioseo-breadcrumb\">\n\t<a href=\"https:\/\/eldigitaldeasturias.com\/magazine365\/pastor-ve-posibilidad-de-acuerdo-entre-renfe-y-maquinistas-para-evitar-nuevas-huelgas\/\" title=\"Pastor ve posibilidad de acuerdo entre Renfe y maquinistas para evitar nuevas huelgas\">Pastor ve posibilidad de acuerdo entre Renfe y maquinistas para evitar nuevas huelgas<\/a>\n<\/span><\/div>","aioseo_breadcrumb_json":[{"label":"Home","link":"https:\/\/eldigitaldeasturias.com\/magazine365"},{"label":"Noticias y Actualidad","link":"https:\/\/eldigitaldeasturias.com\/magazine365\/category\/noticias-actualidad\/"},{"label":"Pastor ve posibilidad de acuerdo entre Renfe y maquinistas para evitar nuevas huelgas","link":"https:\/\/eldigitaldeasturias.com\/magazine365\/pastor-ve-posibilidad-de-acuerdo-entre-renfe-y-maquinistas-para-evitar-nuevas-huelgas\/"}],"_links":{"self":[{"href":"https:\/\/eldigitaldeasturias.com\/magazine365\/wp-json\/wp\/v2\/posts\/80213","targetHints":{"allow":["GET"]}}],"collection":[{"href":"https:\/\/eldigitaldeasturias.com\/magazine365\/wp-json\/wp\/v2\/posts"}],"about":[{"href":"https:\/\/eldigitaldeasturias.com\/magazine365\/wp-json\/wp\/v2\/types\/post"}],"author":[{"embeddable":true,"href":"https:\/\/eldigitaldeasturias.com\/magazine365\/wp-json\/wp\/v2\/users\/1"}],"replies":[{"embeddable":true,"href":"https:\/\/eldigitaldeasturias.com\/magazine365\/wp-json\/wp\/v2\/comments?post=80213"}],"version-history":[{"count":0,"href":"https:\/\/eldigitaldeasturias.com\/magazine365\/wp-json\/wp\/v2\/posts\/80213\/revisions"}],"wp:featuredmedia":[{"embeddable":true,"href":"https:\/\/eldigitaldeasturias.com\/magazine365\/wp-json\/wp\/v2\/media\/80214"}],"wp:attachment":[{"href":"https:\/\/eldigitaldeasturias.com\/magazine365\/wp-json\/wp\/v2\/media?parent=80213"}],"wp:term":[{"taxonomy":"category","embeddable":true,"href":"https:\/\/eldigitaldeasturias.com\/magazine365\/wp-json\/wp\/v2\/categories?post=80213"},{"taxonomy":"post_tag","embeddable":true,"href":"https:\/\/eldigitaldeasturias.com\/magazine365\/wp-json\/wp\/v2\/tags?post=80213"}],"curies":[{"name":"wp","href":"https:\/\/api.w.org\/{rel}","templated":true}]}}