{"id":80194,"date":"2016-06-20T20:37:46","date_gmt":"2016-06-20T18:37:46","guid":{"rendered":"http:\/\/eldigitaldeasturias.com\/magazine365\/?p=80194"},"modified":"2016-06-20T20:37:46","modified_gmt":"2016-06-20T18:37:46","slug":"la-junta-acredita-con-el-distintivo-marca-parque-natural-de-andalucia-a-una-empresa-de-montoro","status":"publish","type":"post","link":"https:\/\/eldigitaldeasturias.com\/magazine365\/la-junta-acredita-con-el-distintivo-marca-parque-natural-de-andalucia-a-una-empresa-de-montoro\/","title":{"rendered":"La Junta acredita con el distintivo Marca Parque Natural de Andaluc\u00eda a una empresa de Montoro"},"content":{"rendered":"<p><img fetchpriority=\"high\" decoding=\"async\" class=\"alignleft size-medium wp-image-80195\" src=\"https:\/\/eldigitaldeasturias.com\/magazine365\/wp-content\/uploads\/2016\/06\/fotonoticia_20160620154342_800-360x270.jpg\" alt=\"fotonoticia_20160620154342_800\" width=\"360\" height=\"270\" srcset=\"https:\/\/eldigitaldeasturias.com\/magazine365\/wp-content\/uploads\/2016\/06\/fotonoticia_20160620154342_800-360x270.jpg 360w, https:\/\/eldigitaldeasturias.com\/magazine365\/wp-content\/uploads\/2016\/06\/fotonoticia_20160620154342_800-650x488.jpg 650w, https:\/\/eldigitaldeasturias.com\/magazine365\/wp-content\/uploads\/2016\/06\/fotonoticia_20160620154342_800-768x576.jpg 768w, https:\/\/eldigitaldeasturias.com\/magazine365\/wp-content\/uploads\/2016\/06\/fotonoticia_20160620154342_800-150x113.jpg 150w, https:\/\/eldigitaldeasturias.com\/magazine365\/wp-content\/uploads\/2016\/06\/fotonoticia_20160620154342_800-450x338.jpg 450w, https:\/\/eldigitaldeasturias.com\/magazine365\/wp-content\/uploads\/2016\/06\/fotonoticia_20160620154342_800-90x67.jpg 90w, https:\/\/eldigitaldeasturias.com\/magazine365\/wp-content\/uploads\/2016\/06\/fotonoticia_20160620154342_800-164x124.jpg 164w, https:\/\/eldigitaldeasturias.com\/magazine365\/wp-content\/uploads\/2016\/06\/fotonoticia_20160620154342_800-100x75.jpg 100w, https:\/\/eldigitaldeasturias.com\/magazine365\/wp-content\/uploads\/2016\/06\/fotonoticia_20160620154342_800.jpg 800w\" sizes=\"(max-width: 360px) 100vw, 360px\" \/>El delegado territorial de Medio Ambiente y Ordenaci\u00f3n del Territorio de la Junta de Andaluc\u00eda en C\u00f3rdoba, Francisco de Paula Algar, ha hecho entrega este lunes a la empresa de montore\u00f1a &#8216;Carnes y F\u00e1brica de Montoro SL, del diploma que la acredita con la Marca Parque Natural de Andaluc\u00eda, concretamente en la categor\u00eda de producto artesanal, en un acto p\u00fablico celebrado en el Centro de Visitantes Venta Nueva, del Parque Natural Sierra de Carde\u00f1a y Montoro (C\u00f3rdoba).<\/p>\n<p>Seg\u00fan ha indicado Algar, \u00abse ha concedido la acreditaci\u00f3n de calidad otorgada a la empresa por su compromiso en la mejora continuada de su comportamiento medio ambiental\u00bb, y ha se\u00f1alado que \u00abla empresa engloba un total de 34 productos alimenticios fabricados manualmente y que cumple todas las garant\u00edas legales desde los puntos de vista sectorial y ambiental\u00bb.<\/p>\n<p>\u00abLa Marca Parque Natural es un distintivo de calidad y gesti\u00f3n ambiental creado por la Consejer\u00eda de Medio Ambiente y Ordenaci\u00f3n del Territorio, para que la poblaci\u00f3n y las empresas implantadas en los Espacios Naturales Protegidos se beneficien del valor a\u00f1adido de estos territorios, ofreciendo a la ciudadan\u00eda unos productos y servicios diferenciados y con una ventaja competitiva asociada a los valores medioambientales de los Parques, que potencian la imagen de un producto natural, artesanal y aut\u00e9ntico\u00bb, ha informado el delegado.<\/p>\n<p>\u00abCon esta iniciativa se pretende, adem\u00e1s de fomentar un desarrollo sostenible, incentivar la producci\u00f3n y comercializaci\u00f3n de los productos procedentes de las comarcas andaluzas. Esta distinci\u00f3n ofrece una puerta abierta a nuevos canales de promoci\u00f3n, difusi\u00f3n, comercializaci\u00f3n y venta de sus productos o servicios\u00bb, ha subrayado.<\/p>\n<p>El Parque Natural Sierra de Carde\u00f1a y Montoro cuenta con cuatro empresas acreditadas con dicho distintivo: Casa Rural Rosal\u00eda (Carde\u00f1a), casa de turismo rural; Ap\u00edcola de Montoro (Montoro), empresa agroalimentaria dedicada a la comercializaci\u00f3n de miel; Ib\u00e9ricos de Carde\u00f1a (Carde\u00f1a) empresa agroalimentaria dedicada a la comercializaci\u00f3n de Jamones y embutidos ib\u00e9ricos y la recientemente acreditada Carnes y F\u00e1brica de embutidos de Montoro (Montoro), empresa agroalimentaria dedicada a la comercializaci\u00f3n de productos c\u00e1rnicos y embutidos.<\/p>\n<h2 class=\"ladillo\">PARQUE NATURAL SIERRA CARDE\u00d1A Y MONTORO<\/h2>\n<p>Tras la entrega del diploma, se ha celebrado el pleno de la Junta Rectora del Parque Natural Sierra de Carde\u00f1a y Montoro, que ha aprobado la Memoria Anual de Actividades y Resultados del Parque del 2015, que recoge la gesti\u00f3n desarrollada en el espacio protegido durante el pasado a\u00f1o.<\/p>\n<p>Tambi\u00e9n se han presentado las principales actuaciones realizadas en el marco de los programas de conservaci\u00f3n de las especies de fauna amenazada del Parque Natural, como son el lince ib\u00e9rico, \u00e1guila imperial y el lobo ib\u00e9rico, as\u00ed como el estado de dichas poblaciones.<\/p>\n<p>En la Junta Rectora se ha realizado un an\u00e1lisis de la actividad forestal y cineg\u00e9tica, y del resto de actuaciones vinculadas a la gesti\u00f3n administrativa. Por \u00faltimo, se inform\u00f3 de las actuaciones de uso p\u00fablico, visitas al Parque Natural, proyectos de investigaci\u00f3n, colaboraciones, eventos, promoci\u00f3n y comunicaci\u00f3n, actuaciones de los \u00f3rganos de participaci\u00f3n e inversiones realizadas en 2015.<\/p>\n<p>La Junta Rectora ha concedido tambi\u00e9n el premio &#8216;Lince&#8217; a Ib\u00e9ricos de Carde\u00f1a, empresa con distintivo Marca Parque Natural, por su buena trayectoria en el respeto de los valores ambientales y su compromiso con el Parque.<\/p>\n<p>El Parque Natural Sierra de Carde\u00f1a y Montoro est\u00e1 ubicado en el extremo de la comarca de los Pedroches, en la zona nororiental de la provincia de C\u00f3rdoba con una superficie de 38.449 has. Este Parque est\u00e1 adherido a la Carta Europea de turismo sostenible (CETS). Otras figuras de protecci\u00f3n que recaen en el espacio: Zona Especial de Conservaci\u00f3n (ZEC) y Zona de Especial Protecci\u00f3n para las Aves (ZEPA).<\/p>\n","protected":false},"excerpt":{"rendered":"<p>El delegado territorial de Medio Ambiente y Ordenaci\u00f3n del Territorio de la Junta de Andaluc\u00eda en C\u00f3rdoba, Francisco de Paula Algar, ha hecho entrega este lunes a la empresa de montore\u00f1a &#8216;Carnes y F\u00e1brica de Montoro SL, del diploma que la acredita con la Marca Parque Natural de Andaluc\u00eda, concretamente en la categor\u00eda de producto<\/p>\n","protected":false},"author":1,"featured_media":80195,"comment_status":"open","ping_status":"closed","sticky":false,"template":"","format":"standard","meta":{"footnotes":""},"categories":[224],"tags":[],"class_list":{"0":"post-80194","1":"post","2":"type-post","3":"status-publish","4":"format-standard","5":"has-post-thumbnail","7":"category-noticias-actualidad"},"aioseo_notices":[],"aioseo_head":"\n\t\t<!-- All in One SEO Pro 4.9.6.1 - aioseo.com -->\n\t<meta name=\"description\" content=\"El delegado territorial de Medio Ambiente y Ordenaci\u00f3n del Territorio de la Junta de Andaluc\u00eda en C\u00f3rdoba, Francisco de Paula Algar, ha hecho entrega este lunes a la empresa de montore\u00f1a &#039;Carnes y F\u00e1brica de Montoro SL, del diploma que la acredita con la Marca Parque Natural de Andaluc\u00eda, concretamente en la categor\u00eda de producto\" \/>\n\t<meta name=\"robots\" content=\"max-image-preview:large\" \/>\n\t<meta name=\"author\" content=\"admin\"\/>\n\t<meta name=\"google-site-verification\" content=\"UA-38556648-1\" \/>\n\t<meta name=\"keywords\" content=\"noticias y actualidad\" \/>\n\t<link rel=\"canonical\" href=\"https:\/\/eldigitaldeasturias.com\/magazine365\/la-junta-acredita-con-el-distintivo-marca-parque-natural-de-andalucia-a-una-empresa-de-montoro\/\" \/>\n\t<meta name=\"generator\" content=\"All in One SEO Pro (AIOSEO) 4.9.6.1\" \/>\n\t\t<meta property=\"og:locale\" content=\"es_ES\" \/>\n\t\t<meta property=\"og:site_name\" content=\"El Digital de Asturias \u2013 Revista de ocio, turismo y estilo de vida\" \/>\n\t\t<meta property=\"og:type\" content=\"article\" \/>\n\t\t<meta property=\"og:title\" content=\"La Junta acredita con el distintivo Marca Parque Natural de Andaluc\u00eda a una empresa de Montoro | El Digital de Asturias\" \/>\n\t\t<meta property=\"og:description\" content=\"El delegado territorial de Medio Ambiente y Ordenaci\u00f3n del Territorio de la Junta de Andaluc\u00eda en C\u00f3rdoba, Francisco de Paula Algar, ha hecho entrega este lunes a la empresa de montore\u00f1a &#039;Carnes y F\u00e1brica de Montoro SL, del diploma que la acredita con la Marca Parque Natural de Andaluc\u00eda, concretamente en la categor\u00eda de producto\" \/>\n\t\t<meta property=\"og:url\" content=\"https:\/\/eldigitaldeasturias.com\/magazine365\/la-junta-acredita-con-el-distintivo-marca-parque-natural-de-andalucia-a-una-empresa-de-montoro\/\" \/>\n\t\t<meta property=\"og:image\" content=\"https:\/\/eldigitaldeasturias.com\/magazine365\/wp-content\/uploads\/2016\/06\/fotonoticia_20160620154342_800.jpg\" \/>\n\t\t<meta property=\"og:image:secure_url\" content=\"https:\/\/eldigitaldeasturias.com\/magazine365\/wp-content\/uploads\/2016\/06\/fotonoticia_20160620154342_800.jpg\" \/>\n\t\t<meta property=\"og:image:width\" content=\"800\" \/>\n\t\t<meta property=\"og:image:height\" content=\"600\" \/>\n\t\t<meta property=\"article:published_time\" content=\"2016-06-20T18:37:46+00:00\" \/>\n\t\t<meta property=\"article:modified_time\" content=\"2016-06-20T18:37:46+00:00\" \/>\n\t\t<meta name=\"twitter:card\" content=\"summary_large_image\" \/>\n\t\t<meta name=\"twitter:title\" content=\"La Junta acredita con el distintivo Marca Parque Natural de Andaluc\u00eda a una empresa de Montoro | El Digital de Asturias\" \/>\n\t\t<meta name=\"twitter:description\" content=\"El delegado territorial de Medio Ambiente y Ordenaci\u00f3n del Territorio de la Junta de Andaluc\u00eda en C\u00f3rdoba, Francisco de Paula Algar, ha hecho entrega este lunes a la empresa de montore\u00f1a &#039;Carnes y F\u00e1brica de Montoro SL, del diploma que la acredita con la Marca Parque Natural de Andaluc\u00eda, concretamente en la categor\u00eda de producto\" \/>\n\t\t<meta name=\"twitter:image\" content=\"https:\/\/eldigitaldeasturias.com\/magazine365\/wp-content\/uploads\/2016\/06\/fotonoticia_20160620154342_800.jpg\" \/>\n\t\t<script type=\"application\/ld+json\" class=\"aioseo-schema\">\n\t\t\t{\"@context\":\"https:\\\/\\\/schema.org\",\"@graph\":[{\"@type\":\"Article\",\"@id\":\"https:\\\/\\\/eldigitaldeasturias.com\\\/magazine365\\\/la-junta-acredita-con-el-distintivo-marca-parque-natural-de-andalucia-a-una-empresa-de-montoro\\\/#article\",\"name\":\"La Junta acredita con el distintivo Marca Parque Natural de Andaluc\\u00eda a una empresa de Montoro | El Digital de Asturias\",\"headline\":\"La Junta acredita con el distintivo Marca Parque Natural de Andaluc\\u00eda a una empresa de Montoro\",\"author\":{\"@id\":\"https:\\\/\\\/eldigitaldeasturias.com\\\/magazine365\\\/author\\\/admin\\\/#author\"},\"publisher\":{\"@id\":\"https:\\\/\\\/eldigitaldeasturias.com\\\/magazine365\\\/#organization\"},\"image\":{\"@type\":\"ImageObject\",\"url\":\"https:\\\/\\\/eldigitaldeasturias.com\\\/magazine365\\\/wp-content\\\/uploads\\\/2016\\\/06\\\/fotonoticia_20160620154342_800.jpg\",\"width\":800,\"height\":600},\"datePublished\":\"2016-06-20T20:37:46+02:00\",\"dateModified\":\"2016-06-20T20:37:46+02:00\",\"inLanguage\":\"es-ES\",\"mainEntityOfPage\":{\"@id\":\"https:\\\/\\\/eldigitaldeasturias.com\\\/magazine365\\\/la-junta-acredita-con-el-distintivo-marca-parque-natural-de-andalucia-a-una-empresa-de-montoro\\\/#webpage\"},\"isPartOf\":{\"@id\":\"https:\\\/\\\/eldigitaldeasturias.com\\\/magazine365\\\/la-junta-acredita-con-el-distintivo-marca-parque-natural-de-andalucia-a-una-empresa-de-montoro\\\/#webpage\"},\"articleSection\":\"Noticias y Actualidad\"},{\"@type\":\"BreadcrumbList\",\"@id\":\"https:\\\/\\\/eldigitaldeasturias.com\\\/magazine365\\\/la-junta-acredita-con-el-distintivo-marca-parque-natural-de-andalucia-a-una-empresa-de-montoro\\\/#breadcrumblist\",\"itemListElement\":[{\"@type\":\"ListItem\",\"@id\":\"https:\\\/\\\/eldigitaldeasturias.com\\\/magazine365#listItem\",\"position\":1,\"name\":\"Home\",\"item\":\"https:\\\/\\\/eldigitaldeasturias.com\\\/magazine365\",\"nextItem\":{\"@type\":\"ListItem\",\"@id\":\"https:\\\/\\\/eldigitaldeasturias.com\\\/magazine365\\\/category\\\/noticias-actualidad\\\/#listItem\",\"name\":\"Noticias y Actualidad\"}},{\"@type\":\"ListItem\",\"@id\":\"https:\\\/\\\/eldigitaldeasturias.com\\\/magazine365\\\/category\\\/noticias-actualidad\\\/#listItem\",\"position\":2,\"name\":\"Noticias y Actualidad\",\"item\":\"https:\\\/\\\/eldigitaldeasturias.com\\\/magazine365\\\/category\\\/noticias-actualidad\\\/\",\"nextItem\":{\"@type\":\"ListItem\",\"@id\":\"https:\\\/\\\/eldigitaldeasturias.com\\\/magazine365\\\/la-junta-acredita-con-el-distintivo-marca-parque-natural-de-andalucia-a-una-empresa-de-montoro\\\/#listItem\",\"name\":\"La Junta acredita con el distintivo Marca Parque Natural de Andaluc\\u00eda a una empresa de Montoro\"},\"previousItem\":{\"@type\":\"ListItem\",\"@id\":\"https:\\\/\\\/eldigitaldeasturias.com\\\/magazine365#listItem\",\"name\":\"Home\"}},{\"@type\":\"ListItem\",\"@id\":\"https:\\\/\\\/eldigitaldeasturias.com\\\/magazine365\\\/la-junta-acredita-con-el-distintivo-marca-parque-natural-de-andalucia-a-una-empresa-de-montoro\\\/#listItem\",\"position\":3,\"name\":\"La Junta acredita con el distintivo Marca Parque Natural de Andaluc\\u00eda a una empresa de Montoro\",\"previousItem\":{\"@type\":\"ListItem\",\"@id\":\"https:\\\/\\\/eldigitaldeasturias.com\\\/magazine365\\\/category\\\/noticias-actualidad\\\/#listItem\",\"name\":\"Noticias y Actualidad\"}}]},{\"@type\":\"Organization\",\"@id\":\"https:\\\/\\\/eldigitaldeasturias.com\\\/magazine365\\\/#organization\",\"name\":\"El digital de Asturias\",\"description\":\"Revista de ocio, turismo y estilo de vida\",\"url\":\"https:\\\/\\\/eldigitaldeasturias.com\\\/magazine365\\\/\",\"logo\":{\"@type\":\"ImageObject\",\"url\":\"https:\\\/\\\/www.eldigitaldeasturias.com\\\/noticias\\\/wp-content\\\/uploads\\\/2020\\\/12\\\/EDA.jpg\",\"@id\":\"https:\\\/\\\/eldigitaldeasturias.com\\\/magazine365\\\/la-junta-acredita-con-el-distintivo-marca-parque-natural-de-andalucia-a-una-empresa-de-montoro\\\/#organizationLogo\"},\"image\":{\"@id\":\"https:\\\/\\\/eldigitaldeasturias.com\\\/magazine365\\\/la-junta-acredita-con-el-distintivo-marca-parque-natural-de-andalucia-a-una-empresa-de-montoro\\\/#organizationLogo\"}},{\"@type\":\"Person\",\"@id\":\"https:\\\/\\\/eldigitaldeasturias.com\\\/magazine365\\\/author\\\/admin\\\/#author\",\"url\":\"https:\\\/\\\/eldigitaldeasturias.com\\\/magazine365\\\/author\\\/admin\\\/\",\"name\":\"admin\",\"image\":{\"@type\":\"ImageObject\",\"@id\":\"https:\\\/\\\/eldigitaldeasturias.com\\\/magazine365\\\/la-junta-acredita-con-el-distintivo-marca-parque-natural-de-andalucia-a-una-empresa-de-montoro\\\/#authorImage\",\"url\":\"https:\\\/\\\/eldigitaldeasturias.com\\\/magazine365\\\/wp-content\\\/litespeed\\\/avatar\\\/e571bcf59a0edd6fa6838245a470f2fe.jpg?ver=1776969259\",\"width\":96,\"height\":96,\"caption\":\"admin\"}},{\"@type\":\"WebPage\",\"@id\":\"https:\\\/\\\/eldigitaldeasturias.com\\\/magazine365\\\/la-junta-acredita-con-el-distintivo-marca-parque-natural-de-andalucia-a-una-empresa-de-montoro\\\/#webpage\",\"url\":\"https:\\\/\\\/eldigitaldeasturias.com\\\/magazine365\\\/la-junta-acredita-con-el-distintivo-marca-parque-natural-de-andalucia-a-una-empresa-de-montoro\\\/\",\"name\":\"La Junta acredita con el distintivo Marca Parque Natural de Andaluc\\u00eda a una empresa de Montoro | El Digital de Asturias\",\"description\":\"El delegado territorial de Medio Ambiente y Ordenaci\\u00f3n del Territorio de la Junta de Andaluc\\u00eda en C\\u00f3rdoba, Francisco de Paula Algar, ha hecho entrega este lunes a la empresa de montore\\u00f1a 'Carnes y F\\u00e1brica de Montoro SL, del diploma que la acredita con la Marca Parque Natural de Andaluc\\u00eda, concretamente en la categor\\u00eda de producto\",\"inLanguage\":\"es-ES\",\"isPartOf\":{\"@id\":\"https:\\\/\\\/eldigitaldeasturias.com\\\/magazine365\\\/#website\"},\"breadcrumb\":{\"@id\":\"https:\\\/\\\/eldigitaldeasturias.com\\\/magazine365\\\/la-junta-acredita-con-el-distintivo-marca-parque-natural-de-andalucia-a-una-empresa-de-montoro\\\/#breadcrumblist\"},\"author\":{\"@id\":\"https:\\\/\\\/eldigitaldeasturias.com\\\/magazine365\\\/author\\\/admin\\\/#author\"},\"creator\":{\"@id\":\"https:\\\/\\\/eldigitaldeasturias.com\\\/magazine365\\\/author\\\/admin\\\/#author\"},\"image\":{\"@type\":\"ImageObject\",\"url\":\"https:\\\/\\\/eldigitaldeasturias.com\\\/magazine365\\\/wp-content\\\/uploads\\\/2016\\\/06\\\/fotonoticia_20160620154342_800.jpg\",\"@id\":\"https:\\\/\\\/eldigitaldeasturias.com\\\/magazine365\\\/la-junta-acredita-con-el-distintivo-marca-parque-natural-de-andalucia-a-una-empresa-de-montoro\\\/#mainImage\",\"width\":800,\"height\":600},\"primaryImageOfPage\":{\"@id\":\"https:\\\/\\\/eldigitaldeasturias.com\\\/magazine365\\\/la-junta-acredita-con-el-distintivo-marca-parque-natural-de-andalucia-a-una-empresa-de-montoro\\\/#mainImage\"},\"datePublished\":\"2016-06-20T20:37:46+02:00\",\"dateModified\":\"2016-06-20T20:37:46+02:00\"},{\"@type\":\"WebSite\",\"@id\":\"https:\\\/\\\/eldigitaldeasturias.com\\\/magazine365\\\/#website\",\"url\":\"https:\\\/\\\/eldigitaldeasturias.com\\\/magazine365\\\/\",\"name\":\"El Digital de Asturias\",\"description\":\"Revista de ocio, turismo y estilo de vida\",\"inLanguage\":\"es-ES\",\"publisher\":{\"@id\":\"https:\\\/\\\/eldigitaldeasturias.com\\\/magazine365\\\/#organization\"}}]}\n\t\t<\/script>\n\t\t<!-- All in One SEO Pro -->\r\n\t\t<title>La Junta acredita con el distintivo Marca Parque Natural de Andaluc\u00eda a una empresa de Montoro | El Digital de Asturias<\/title>\n\n","aioseo_head_json":{"title":"La Junta acredita con el distintivo Marca Parque Natural de Andaluc\u00eda a una empresa de Montoro | El Digital de Asturias","description":"El delegado territorial de Medio Ambiente y Ordenaci\u00f3n del Territorio de la Junta de Andaluc\u00eda en C\u00f3rdoba, Francisco de Paula Algar, ha hecho entrega este lunes a la empresa de montore\u00f1a 'Carnes y F\u00e1brica de Montoro SL, del diploma que la acredita con la Marca Parque Natural de Andaluc\u00eda, concretamente en la categor\u00eda de producto","canonical_url":"https:\/\/eldigitaldeasturias.com\/magazine365\/la-junta-acredita-con-el-distintivo-marca-parque-natural-de-andalucia-a-una-empresa-de-montoro\/","robots":"max-image-preview:large","keywords":"noticias y actualidad","webmasterTools":{"google-site-verification":"UA-38556648-1","miscellaneous":""},"schema":{"@context":"https:\/\/schema.org","@graph":[{"@type":"Article","@id":"https:\/\/eldigitaldeasturias.com\/magazine365\/la-junta-acredita-con-el-distintivo-marca-parque-natural-de-andalucia-a-una-empresa-de-montoro\/#article","name":"La Junta acredita con el distintivo Marca Parque Natural de Andaluc\u00eda a una empresa de Montoro | El Digital de Asturias","headline":"La Junta acredita con el distintivo Marca Parque Natural de Andaluc\u00eda a una empresa de Montoro","author":{"@id":"https:\/\/eldigitaldeasturias.com\/magazine365\/author\/admin\/#author"},"publisher":{"@id":"https:\/\/eldigitaldeasturias.com\/magazine365\/#organization"},"image":{"@type":"ImageObject","url":"https:\/\/eldigitaldeasturias.com\/magazine365\/wp-content\/uploads\/2016\/06\/fotonoticia_20160620154342_800.jpg","width":800,"height":600},"datePublished":"2016-06-20T20:37:46+02:00","dateModified":"2016-06-20T20:37:46+02:00","inLanguage":"es-ES","mainEntityOfPage":{"@id":"https:\/\/eldigitaldeasturias.com\/magazine365\/la-junta-acredita-con-el-distintivo-marca-parque-natural-de-andalucia-a-una-empresa-de-montoro\/#webpage"},"isPartOf":{"@id":"https:\/\/eldigitaldeasturias.com\/magazine365\/la-junta-acredita-con-el-distintivo-marca-parque-natural-de-andalucia-a-una-empresa-de-montoro\/#webpage"},"articleSection":"Noticias y Actualidad"},{"@type":"BreadcrumbList","@id":"https:\/\/eldigitaldeasturias.com\/magazine365\/la-junta-acredita-con-el-distintivo-marca-parque-natural-de-andalucia-a-una-empresa-de-montoro\/#breadcrumblist","itemListElement":[{"@type":"ListItem","@id":"https:\/\/eldigitaldeasturias.com\/magazine365#listItem","position":1,"name":"Home","item":"https:\/\/eldigitaldeasturias.com\/magazine365","nextItem":{"@type":"ListItem","@id":"https:\/\/eldigitaldeasturias.com\/magazine365\/category\/noticias-actualidad\/#listItem","name":"Noticias y Actualidad"}},{"@type":"ListItem","@id":"https:\/\/eldigitaldeasturias.com\/magazine365\/category\/noticias-actualidad\/#listItem","position":2,"name":"Noticias y Actualidad","item":"https:\/\/eldigitaldeasturias.com\/magazine365\/category\/noticias-actualidad\/","nextItem":{"@type":"ListItem","@id":"https:\/\/eldigitaldeasturias.com\/magazine365\/la-junta-acredita-con-el-distintivo-marca-parque-natural-de-andalucia-a-una-empresa-de-montoro\/#listItem","name":"La Junta acredita con el distintivo Marca Parque Natural de Andaluc\u00eda a una empresa de Montoro"},"previousItem":{"@type":"ListItem","@id":"https:\/\/eldigitaldeasturias.com\/magazine365#listItem","name":"Home"}},{"@type":"ListItem","@id":"https:\/\/eldigitaldeasturias.com\/magazine365\/la-junta-acredita-con-el-distintivo-marca-parque-natural-de-andalucia-a-una-empresa-de-montoro\/#listItem","position":3,"name":"La Junta acredita con el distintivo Marca Parque Natural de Andaluc\u00eda a una empresa de Montoro","previousItem":{"@type":"ListItem","@id":"https:\/\/eldigitaldeasturias.com\/magazine365\/category\/noticias-actualidad\/#listItem","name":"Noticias y Actualidad"}}]},{"@type":"Organization","@id":"https:\/\/eldigitaldeasturias.com\/magazine365\/#organization","name":"El digital de Asturias","description":"Revista de ocio, turismo y estilo de vida","url":"https:\/\/eldigitaldeasturias.com\/magazine365\/","logo":{"@type":"ImageObject","url":"https:\/\/www.eldigitaldeasturias.com\/noticias\/wp-content\/uploads\/2020\/12\/EDA.jpg","@id":"https:\/\/eldigitaldeasturias.com\/magazine365\/la-junta-acredita-con-el-distintivo-marca-parque-natural-de-andalucia-a-una-empresa-de-montoro\/#organizationLogo"},"image":{"@id":"https:\/\/eldigitaldeasturias.com\/magazine365\/la-junta-acredita-con-el-distintivo-marca-parque-natural-de-andalucia-a-una-empresa-de-montoro\/#organizationLogo"}},{"@type":"Person","@id":"https:\/\/eldigitaldeasturias.com\/magazine365\/author\/admin\/#author","url":"https:\/\/eldigitaldeasturias.com\/magazine365\/author\/admin\/","name":"admin","image":{"@type":"ImageObject","@id":"https:\/\/eldigitaldeasturias.com\/magazine365\/la-junta-acredita-con-el-distintivo-marca-parque-natural-de-andalucia-a-una-empresa-de-montoro\/#authorImage","url":"https:\/\/eldigitaldeasturias.com\/magazine365\/wp-content\/litespeed\/avatar\/e571bcf59a0edd6fa6838245a470f2fe.jpg?ver=1776969259","width":96,"height":96,"caption":"admin"}},{"@type":"WebPage","@id":"https:\/\/eldigitaldeasturias.com\/magazine365\/la-junta-acredita-con-el-distintivo-marca-parque-natural-de-andalucia-a-una-empresa-de-montoro\/#webpage","url":"https:\/\/eldigitaldeasturias.com\/magazine365\/la-junta-acredita-con-el-distintivo-marca-parque-natural-de-andalucia-a-una-empresa-de-montoro\/","name":"La Junta acredita con el distintivo Marca Parque Natural de Andaluc\u00eda a una empresa de Montoro | El Digital de Asturias","description":"El delegado territorial de Medio Ambiente y Ordenaci\u00f3n del Territorio de la Junta de Andaluc\u00eda en C\u00f3rdoba, Francisco de Paula Algar, ha hecho entrega este lunes a la empresa de montore\u00f1a 'Carnes y F\u00e1brica de Montoro SL, del diploma que la acredita con la Marca Parque Natural de Andaluc\u00eda, concretamente en la categor\u00eda de producto","inLanguage":"es-ES","isPartOf":{"@id":"https:\/\/eldigitaldeasturias.com\/magazine365\/#website"},"breadcrumb":{"@id":"https:\/\/eldigitaldeasturias.com\/magazine365\/la-junta-acredita-con-el-distintivo-marca-parque-natural-de-andalucia-a-una-empresa-de-montoro\/#breadcrumblist"},"author":{"@id":"https:\/\/eldigitaldeasturias.com\/magazine365\/author\/admin\/#author"},"creator":{"@id":"https:\/\/eldigitaldeasturias.com\/magazine365\/author\/admin\/#author"},"image":{"@type":"ImageObject","url":"https:\/\/eldigitaldeasturias.com\/magazine365\/wp-content\/uploads\/2016\/06\/fotonoticia_20160620154342_800.jpg","@id":"https:\/\/eldigitaldeasturias.com\/magazine365\/la-junta-acredita-con-el-distintivo-marca-parque-natural-de-andalucia-a-una-empresa-de-montoro\/#mainImage","width":800,"height":600},"primaryImageOfPage":{"@id":"https:\/\/eldigitaldeasturias.com\/magazine365\/la-junta-acredita-con-el-distintivo-marca-parque-natural-de-andalucia-a-una-empresa-de-montoro\/#mainImage"},"datePublished":"2016-06-20T20:37:46+02:00","dateModified":"2016-06-20T20:37:46+02:00"},{"@type":"WebSite","@id":"https:\/\/eldigitaldeasturias.com\/magazine365\/#website","url":"https:\/\/eldigitaldeasturias.com\/magazine365\/","name":"El Digital de Asturias","description":"Revista de ocio, turismo y estilo de vida","inLanguage":"es-ES","publisher":{"@id":"https:\/\/eldigitaldeasturias.com\/magazine365\/#organization"}}]},"og:locale":"es_ES","og:site_name":"El Digital de Asturias \u2013 Revista de ocio, turismo y estilo de vida","og:type":"article","og:title":"La Junta acredita con el distintivo Marca Parque Natural de Andaluc\u00eda a una empresa de Montoro | El Digital de Asturias","og:description":"El delegado territorial de Medio Ambiente y Ordenaci\u00f3n del Territorio de la Junta de Andaluc\u00eda en C\u00f3rdoba, Francisco de Paula Algar, ha hecho entrega este lunes a la empresa de montore\u00f1a 'Carnes y F\u00e1brica de Montoro SL, del diploma que la acredita con la Marca Parque Natural de Andaluc\u00eda, concretamente en la categor\u00eda de producto","og:url":"https:\/\/eldigitaldeasturias.com\/magazine365\/la-junta-acredita-con-el-distintivo-marca-parque-natural-de-andalucia-a-una-empresa-de-montoro\/","og:image":"https:\/\/eldigitaldeasturias.com\/magazine365\/wp-content\/uploads\/2016\/06\/fotonoticia_20160620154342_800.jpg","og:image:secure_url":"https:\/\/eldigitaldeasturias.com\/magazine365\/wp-content\/uploads\/2016\/06\/fotonoticia_20160620154342_800.jpg","og:image:width":800,"og:image:height":600,"article:published_time":"2016-06-20T18:37:46+00:00","article:modified_time":"2016-06-20T18:37:46+00:00","twitter:card":"summary_large_image","twitter:title":"La Junta acredita con el distintivo Marca Parque Natural de Andaluc\u00eda a una empresa de Montoro | El Digital de Asturias","twitter:description":"El delegado territorial de Medio Ambiente y Ordenaci\u00f3n del Territorio de la Junta de Andaluc\u00eda en C\u00f3rdoba, Francisco de Paula Algar, ha hecho entrega este lunes a la empresa de montore\u00f1a 'Carnes y F\u00e1brica de Montoro SL, del diploma que la acredita con la Marca Parque Natural de Andaluc\u00eda, concretamente en la categor\u00eda de producto","twitter:image":"https:\/\/eldigitaldeasturias.com\/magazine365\/wp-content\/uploads\/2016\/06\/fotonoticia_20160620154342_800.jpg"},"aioseo_meta_data":{"post_id":"80194","title":null,"description":null,"keywords":null,"keyphrases":null,"primary_term":null,"canonical_url":null,"og_title":null,"og_description":null,"og_object_type":"default","og_image_type":"default","og_image_url":null,"og_image_width":null,"og_image_height":null,"og_image_custom_url":null,"og_image_custom_fields":null,"og_video":null,"og_custom_url":null,"og_article_section":null,"og_article_tags":null,"twitter_use_og":false,"twitter_card":"default","twitter_image_type":"default","twitter_image_url":null,"twitter_image_custom_url":null,"twitter_image_custom_fields":null,"twitter_title":null,"twitter_description":null,"schema":{"blockGraphs":[],"customGraphs":[],"default":{"data":{"Article":[],"Course":[],"Dataset":[],"FAQPage":[],"Movie":[],"Person":[],"Product":[],"ProductReview":[],"Car":[],"Recipe":[],"Service":[],"SoftwareApplication":[],"WebPage":[]},"graphName":"","isEnabled":true},"graphs":[],"defaultGraph":"","defaultPostTypeGraph":""},"schema_type":null,"schema_type_options":null,"pillar_content":false,"robots_default":true,"robots_noindex":false,"robots_noarchive":false,"robots_nosnippet":false,"robots_nofollow":false,"robots_noimageindex":false,"robots_noodp":false,"robots_notranslate":false,"robots_max_snippet":null,"robots_max_videopreview":null,"robots_max_imagepreview":"large","priority":null,"frequency":null,"location":null,"local_seo":null,"seo_analyzer_scan_date":"2025-09-27 20:22:10","breadcrumb_settings":null,"limit_modified_date":false,"open_ai":null,"ai":null,"created":"2021-03-08 17:36:25","updated":"2025-09-27 20:22:10"},"aioseo_breadcrumb":"<div class=\"aioseo-breadcrumbs\"><span class=\"aioseo-breadcrumb\">\n\t<a href=\"https:\/\/eldigitaldeasturias.com\/magazine365\" title=\"Home\">Home<\/a>\n<\/span><span class=\"aioseo-breadcrumb-separator\">\u2013<\/span><span class=\"aioseo-breadcrumb\">\n\t<a href=\"https:\/\/eldigitaldeasturias.com\/magazine365\/category\/noticias-actualidad\/\" title=\"Noticias y Actualidad\">Noticias y Actualidad<\/a>\n<\/span><span class=\"aioseo-breadcrumb-separator\">\u2013<\/span><span class=\"aioseo-breadcrumb\">\n\t<a href=\"https:\/\/eldigitaldeasturias.com\/magazine365\/la-junta-acredita-con-el-distintivo-marca-parque-natural-de-andalucia-a-una-empresa-de-montoro\/\" title=\"La Junta acredita con el distintivo Marca Parque Natural de Andaluc\u00eda a una empresa de Montoro\">La Junta acredita con el distintivo Marca Parque Natural de Andaluc\u00eda a una empresa de Montoro<\/a>\n<\/span><\/div>","aioseo_breadcrumb_json":[{"label":"Home","link":"https:\/\/eldigitaldeasturias.com\/magazine365"},{"label":"Noticias y Actualidad","link":"https:\/\/eldigitaldeasturias.com\/magazine365\/category\/noticias-actualidad\/"},{"label":"La Junta acredita con el distintivo Marca Parque Natural de Andaluc\u00eda a una empresa de Montoro","link":"https:\/\/eldigitaldeasturias.com\/magazine365\/la-junta-acredita-con-el-distintivo-marca-parque-natural-de-andalucia-a-una-empresa-de-montoro\/"}],"_links":{"self":[{"href":"https:\/\/eldigitaldeasturias.com\/magazine365\/wp-json\/wp\/v2\/posts\/80194","targetHints":{"allow":["GET"]}}],"collection":[{"href":"https:\/\/eldigitaldeasturias.com\/magazine365\/wp-json\/wp\/v2\/posts"}],"about":[{"href":"https:\/\/eldigitaldeasturias.com\/magazine365\/wp-json\/wp\/v2\/types\/post"}],"author":[{"embeddable":true,"href":"https:\/\/eldigitaldeasturias.com\/magazine365\/wp-json\/wp\/v2\/users\/1"}],"replies":[{"embeddable":true,"href":"https:\/\/eldigitaldeasturias.com\/magazine365\/wp-json\/wp\/v2\/comments?post=80194"}],"version-history":[{"count":0,"href":"https:\/\/eldigitaldeasturias.com\/magazine365\/wp-json\/wp\/v2\/posts\/80194\/revisions"}],"wp:featuredmedia":[{"embeddable":true,"href":"https:\/\/eldigitaldeasturias.com\/magazine365\/wp-json\/wp\/v2\/media\/80195"}],"wp:attachment":[{"href":"https:\/\/eldigitaldeasturias.com\/magazine365\/wp-json\/wp\/v2\/media?parent=80194"}],"wp:term":[{"taxonomy":"category","embeddable":true,"href":"https:\/\/eldigitaldeasturias.com\/magazine365\/wp-json\/wp\/v2\/categories?post=80194"},{"taxonomy":"post_tag","embeddable":true,"href":"https:\/\/eldigitaldeasturias.com\/magazine365\/wp-json\/wp\/v2\/tags?post=80194"}],"curies":[{"name":"wp","href":"https:\/\/api.w.org\/{rel}","templated":true}]}}