{"id":80188,"date":"2016-06-20T20:36:01","date_gmt":"2016-06-20T18:36:01","guid":{"rendered":"http:\/\/eldigitaldeasturias.com\/magazine365\/?p=80188"},"modified":"2016-06-20T20:36:01","modified_gmt":"2016-06-20T18:36:01","slug":"record-de-600-000-visitantes-en-el-arde-lucus","status":"publish","type":"post","link":"https:\/\/eldigitaldeasturias.com\/magazine365\/record-de-600-000-visitantes-en-el-arde-lucus\/","title":{"rendered":"R\u00e9cord de 600.000 visitantes en el Arde Lucus"},"content":{"rendered":"<p><img fetchpriority=\"high\" decoding=\"async\" class=\"alignleft size-medium wp-image-80189\" src=\"https:\/\/eldigitaldeasturias.com\/magazine365\/wp-content\/uploads\/2016\/06\/fotonoticia_20160620152747_800-360x244.jpg\" alt=\"fotonoticia_20160620152747_800\" width=\"360\" height=\"244\" srcset=\"https:\/\/eldigitaldeasturias.com\/magazine365\/wp-content\/uploads\/2016\/06\/fotonoticia_20160620152747_800-360x244.jpg 360w, https:\/\/eldigitaldeasturias.com\/magazine365\/wp-content\/uploads\/2016\/06\/fotonoticia_20160620152747_800-650x441.jpg 650w, https:\/\/eldigitaldeasturias.com\/magazine365\/wp-content\/uploads\/2016\/06\/fotonoticia_20160620152747_800-768x521.jpg 768w, https:\/\/eldigitaldeasturias.com\/magazine365\/wp-content\/uploads\/2016\/06\/fotonoticia_20160620152747_800-150x102.jpg 150w, https:\/\/eldigitaldeasturias.com\/magazine365\/wp-content\/uploads\/2016\/06\/fotonoticia_20160620152747_800-450x305.jpg 450w, https:\/\/eldigitaldeasturias.com\/magazine365\/wp-content\/uploads\/2016\/06\/fotonoticia_20160620152747_800.jpg 800w\" sizes=\"(max-width: 360px) 100vw, 360px\" \/>La decimoquinta edici\u00f3n del Arde Lucus, fiesta de exaltaci\u00f3n del pasado romano de la ciudad de Lugo, se ha cerrado con cifras de r\u00e9cord este fin de semana, al superar los 600.000 visitantes que preve\u00eda el Ayuntamiento de Lugo, seg\u00fan ha resaltado la alcaldesa, la socialista Lara M\u00e9ndez, quien ha realizado un \u00abbalance muy positivo\u00bb.<\/p>\n<p>M\u00e9ndez ha asegurado que se super\u00f3 esa \u00abcifra de 600.000\u00bb visitantes que calculaba en sus proleg\u00f3menos el Ayuntamiento y que \u00abse cumplieron los objetivos\u00bb, esa barrera que se defini\u00f3 el pasado a\u00f1o y que \u00abtuvo cifras muy exitosas\u00bb.<\/p>\n<p>Adem\u00e1s, ha puesto el acento que esa \u00abmasiva afluencia\u00bb no se vio ensombrecida por el mal tiempo \u00abdel jueves y viernes y a pesar de todo tambi\u00e9n fueron muy participativos esos d\u00edas\u00bb.<\/p>\n<p>No desaprovech\u00f3 la ocasi\u00f3n para anunciar que \u00abse trabaja\u00bb en conseguir que el Arde Lucus sea declarada \u00abfiesta de inter\u00e9s nacional\u00bb y, as\u00ed, se pretende que la nominaci\u00f3n ya llegue \u00abeste a\u00f1o\u00bb. \u00abEsto supondr\u00e1 un impulso m\u00e1s. Nos acompa\u00f1\u00f3 el presidente de la asociaci\u00f3n de fiestas de Espa\u00f1a que qued\u00f3 muy sorprendido\u00bb, ha destacado.<\/p>\n<p>Otro aspecto sobre el que no pas\u00f3 por alto, es que se estudiar\u00e1 trasladar el festivo local del martes de carnaval a un d\u00eda del Arde Lucus, al respecto de lo que ha sugerido que se podr\u00eda \u00ababrir el debate\u00bb sobre que esta cuesti\u00f3n, para que se pueda celebrar la fiesta ambientaci\u00f3n romana y castrexa el viernes o el lunes.<\/p>\n<p>Sobre esta cuesti\u00f3n, y en esas declaraciones antes de participar en un acto sectorial de campa\u00f1a en la casa sindical, ha manifestado que el sector del comercio \u00abprefiere el lunes\u00bb.<\/p>\n","protected":false},"excerpt":{"rendered":"<p>La decimoquinta edici\u00f3n del Arde Lucus, fiesta de exaltaci\u00f3n del pasado romano de la ciudad de Lugo, se ha cerrado con cifras de r\u00e9cord este fin de semana, al superar los 600.000 visitantes que preve\u00eda el Ayuntamiento de Lugo, seg\u00fan ha resaltado la alcaldesa, la socialista Lara M\u00e9ndez, quien ha realizado un \u00abbalance muy positivo\u00bb.<\/p>\n","protected":false},"author":1,"featured_media":80189,"comment_status":"open","ping_status":"closed","sticky":false,"template":"","format":"standard","meta":{"footnotes":""},"categories":[224],"tags":[],"class_list":{"0":"post-80188","1":"post","2":"type-post","3":"status-publish","4":"format-standard","5":"has-post-thumbnail","7":"category-noticias-actualidad"},"aioseo_notices":[],"aioseo_head":"\n\t\t<!-- All in One SEO Pro 4.9.6.1 - aioseo.com -->\n\t<meta name=\"description\" content=\"La decimoquinta edici\u00f3n del Arde Lucus, fiesta de exaltaci\u00f3n del pasado romano de la ciudad de Lugo, se ha cerrado con cifras de r\u00e9cord este fin de semana, al superar los 600.000 visitantes que preve\u00eda el Ayuntamiento de Lugo, seg\u00fan ha resaltado la alcaldesa, la socialista Lara M\u00e9ndez, quien ha realizado un &quot;balance muy positivo&quot;.\" \/>\n\t<meta name=\"robots\" content=\"max-image-preview:large\" \/>\n\t<meta name=\"author\" content=\"admin\"\/>\n\t<meta name=\"google-site-verification\" content=\"UA-38556648-1\" \/>\n\t<meta name=\"keywords\" content=\"noticias y actualidad\" \/>\n\t<link rel=\"canonical\" href=\"https:\/\/eldigitaldeasturias.com\/magazine365\/record-de-600-000-visitantes-en-el-arde-lucus\/\" \/>\n\t<meta name=\"generator\" content=\"All in One SEO Pro (AIOSEO) 4.9.6.1\" \/>\n\t\t<meta property=\"og:locale\" content=\"es_ES\" \/>\n\t\t<meta property=\"og:site_name\" content=\"El Digital de Asturias \u2013 Revista de ocio, turismo y estilo de vida\" \/>\n\t\t<meta property=\"og:type\" content=\"article\" \/>\n\t\t<meta property=\"og:title\" content=\"R\u00e9cord de 600.000 visitantes en el Arde Lucus | El Digital de Asturias\" \/>\n\t\t<meta property=\"og:description\" content=\"La decimoquinta edici\u00f3n del Arde Lucus, fiesta de exaltaci\u00f3n del pasado romano de la ciudad de Lugo, se ha cerrado con cifras de r\u00e9cord este fin de semana, al superar los 600.000 visitantes que preve\u00eda el Ayuntamiento de Lugo, seg\u00fan ha resaltado la alcaldesa, la socialista Lara M\u00e9ndez, quien ha realizado un &quot;balance muy positivo&quot;.\" \/>\n\t\t<meta property=\"og:url\" content=\"https:\/\/eldigitaldeasturias.com\/magazine365\/record-de-600-000-visitantes-en-el-arde-lucus\/\" \/>\n\t\t<meta property=\"og:image\" content=\"https:\/\/eldigitaldeasturias.com\/magazine365\/wp-content\/uploads\/2016\/06\/fotonoticia_20160620152747_800.jpg\" \/>\n\t\t<meta property=\"og:image:secure_url\" content=\"https:\/\/eldigitaldeasturias.com\/magazine365\/wp-content\/uploads\/2016\/06\/fotonoticia_20160620152747_800.jpg\" \/>\n\t\t<meta property=\"og:image:width\" content=\"800\" \/>\n\t\t<meta property=\"og:image:height\" content=\"543\" \/>\n\t\t<meta property=\"article:published_time\" content=\"2016-06-20T18:36:01+00:00\" \/>\n\t\t<meta property=\"article:modified_time\" content=\"2016-06-20T18:36:01+00:00\" \/>\n\t\t<meta name=\"twitter:card\" content=\"summary_large_image\" \/>\n\t\t<meta name=\"twitter:title\" content=\"R\u00e9cord de 600.000 visitantes en el Arde Lucus | El Digital de Asturias\" \/>\n\t\t<meta name=\"twitter:description\" content=\"La decimoquinta edici\u00f3n del Arde Lucus, fiesta de exaltaci\u00f3n del pasado romano de la ciudad de Lugo, se ha cerrado con cifras de r\u00e9cord este fin de semana, al superar los 600.000 visitantes que preve\u00eda el Ayuntamiento de Lugo, seg\u00fan ha resaltado la alcaldesa, la socialista Lara M\u00e9ndez, quien ha realizado un &quot;balance muy positivo&quot;.\" \/>\n\t\t<meta name=\"twitter:image\" content=\"https:\/\/eldigitaldeasturias.com\/magazine365\/wp-content\/uploads\/2016\/06\/fotonoticia_20160620152747_800.jpg\" \/>\n\t\t<script type=\"application\/ld+json\" class=\"aioseo-schema\">\n\t\t\t{\"@context\":\"https:\\\/\\\/schema.org\",\"@graph\":[{\"@type\":\"Article\",\"@id\":\"https:\\\/\\\/eldigitaldeasturias.com\\\/magazine365\\\/record-de-600-000-visitantes-en-el-arde-lucus\\\/#article\",\"name\":\"R\\u00e9cord de 600.000 visitantes en el Arde Lucus | El Digital de Asturias\",\"headline\":\"R\\u00e9cord de 600.000 visitantes en el Arde Lucus\",\"author\":{\"@id\":\"https:\\\/\\\/eldigitaldeasturias.com\\\/magazine365\\\/author\\\/admin\\\/#author\"},\"publisher\":{\"@id\":\"https:\\\/\\\/eldigitaldeasturias.com\\\/magazine365\\\/#organization\"},\"image\":{\"@type\":\"ImageObject\",\"url\":\"https:\\\/\\\/eldigitaldeasturias.com\\\/magazine365\\\/wp-content\\\/uploads\\\/2016\\\/06\\\/fotonoticia_20160620152747_800.jpg\",\"width\":800,\"height\":543},\"datePublished\":\"2016-06-20T20:36:01+02:00\",\"dateModified\":\"2016-06-20T20:36:01+02:00\",\"inLanguage\":\"es-ES\",\"mainEntityOfPage\":{\"@id\":\"https:\\\/\\\/eldigitaldeasturias.com\\\/magazine365\\\/record-de-600-000-visitantes-en-el-arde-lucus\\\/#webpage\"},\"isPartOf\":{\"@id\":\"https:\\\/\\\/eldigitaldeasturias.com\\\/magazine365\\\/record-de-600-000-visitantes-en-el-arde-lucus\\\/#webpage\"},\"articleSection\":\"Noticias y Actualidad\"},{\"@type\":\"BreadcrumbList\",\"@id\":\"https:\\\/\\\/eldigitaldeasturias.com\\\/magazine365\\\/record-de-600-000-visitantes-en-el-arde-lucus\\\/#breadcrumblist\",\"itemListElement\":[{\"@type\":\"ListItem\",\"@id\":\"https:\\\/\\\/eldigitaldeasturias.com\\\/magazine365#listItem\",\"position\":1,\"name\":\"Home\",\"item\":\"https:\\\/\\\/eldigitaldeasturias.com\\\/magazine365\",\"nextItem\":{\"@type\":\"ListItem\",\"@id\":\"https:\\\/\\\/eldigitaldeasturias.com\\\/magazine365\\\/category\\\/noticias-actualidad\\\/#listItem\",\"name\":\"Noticias y Actualidad\"}},{\"@type\":\"ListItem\",\"@id\":\"https:\\\/\\\/eldigitaldeasturias.com\\\/magazine365\\\/category\\\/noticias-actualidad\\\/#listItem\",\"position\":2,\"name\":\"Noticias y Actualidad\",\"item\":\"https:\\\/\\\/eldigitaldeasturias.com\\\/magazine365\\\/category\\\/noticias-actualidad\\\/\",\"nextItem\":{\"@type\":\"ListItem\",\"@id\":\"https:\\\/\\\/eldigitaldeasturias.com\\\/magazine365\\\/record-de-600-000-visitantes-en-el-arde-lucus\\\/#listItem\",\"name\":\"R\\u00e9cord de 600.000 visitantes en el Arde Lucus\"},\"previousItem\":{\"@type\":\"ListItem\",\"@id\":\"https:\\\/\\\/eldigitaldeasturias.com\\\/magazine365#listItem\",\"name\":\"Home\"}},{\"@type\":\"ListItem\",\"@id\":\"https:\\\/\\\/eldigitaldeasturias.com\\\/magazine365\\\/record-de-600-000-visitantes-en-el-arde-lucus\\\/#listItem\",\"position\":3,\"name\":\"R\\u00e9cord de 600.000 visitantes en el Arde Lucus\",\"previousItem\":{\"@type\":\"ListItem\",\"@id\":\"https:\\\/\\\/eldigitaldeasturias.com\\\/magazine365\\\/category\\\/noticias-actualidad\\\/#listItem\",\"name\":\"Noticias y Actualidad\"}}]},{\"@type\":\"Organization\",\"@id\":\"https:\\\/\\\/eldigitaldeasturias.com\\\/magazine365\\\/#organization\",\"name\":\"El digital de Asturias\",\"description\":\"Revista de ocio, turismo y estilo de vida\",\"url\":\"https:\\\/\\\/eldigitaldeasturias.com\\\/magazine365\\\/\",\"logo\":{\"@type\":\"ImageObject\",\"url\":\"https:\\\/\\\/www.eldigitaldeasturias.com\\\/noticias\\\/wp-content\\\/uploads\\\/2020\\\/12\\\/EDA.jpg\",\"@id\":\"https:\\\/\\\/eldigitaldeasturias.com\\\/magazine365\\\/record-de-600-000-visitantes-en-el-arde-lucus\\\/#organizationLogo\"},\"image\":{\"@id\":\"https:\\\/\\\/eldigitaldeasturias.com\\\/magazine365\\\/record-de-600-000-visitantes-en-el-arde-lucus\\\/#organizationLogo\"}},{\"@type\":\"Person\",\"@id\":\"https:\\\/\\\/eldigitaldeasturias.com\\\/magazine365\\\/author\\\/admin\\\/#author\",\"url\":\"https:\\\/\\\/eldigitaldeasturias.com\\\/magazine365\\\/author\\\/admin\\\/\",\"name\":\"admin\",\"image\":{\"@type\":\"ImageObject\",\"@id\":\"https:\\\/\\\/eldigitaldeasturias.com\\\/magazine365\\\/record-de-600-000-visitantes-en-el-arde-lucus\\\/#authorImage\",\"url\":\"https:\\\/\\\/eldigitaldeasturias.com\\\/magazine365\\\/wp-content\\\/litespeed\\\/avatar\\\/e571bcf59a0edd6fa6838245a470f2fe.jpg?ver=1776969259\",\"width\":96,\"height\":96,\"caption\":\"admin\"}},{\"@type\":\"WebPage\",\"@id\":\"https:\\\/\\\/eldigitaldeasturias.com\\\/magazine365\\\/record-de-600-000-visitantes-en-el-arde-lucus\\\/#webpage\",\"url\":\"https:\\\/\\\/eldigitaldeasturias.com\\\/magazine365\\\/record-de-600-000-visitantes-en-el-arde-lucus\\\/\",\"name\":\"R\\u00e9cord de 600.000 visitantes en el Arde Lucus | El Digital de Asturias\",\"description\":\"La decimoquinta edici\\u00f3n del Arde Lucus, fiesta de exaltaci\\u00f3n del pasado romano de la ciudad de Lugo, se ha cerrado con cifras de r\\u00e9cord este fin de semana, al superar los 600.000 visitantes que preve\\u00eda el Ayuntamiento de Lugo, seg\\u00fan ha resaltado la alcaldesa, la socialista Lara M\\u00e9ndez, quien ha realizado un \\\"balance muy positivo\\\".\",\"inLanguage\":\"es-ES\",\"isPartOf\":{\"@id\":\"https:\\\/\\\/eldigitaldeasturias.com\\\/magazine365\\\/#website\"},\"breadcrumb\":{\"@id\":\"https:\\\/\\\/eldigitaldeasturias.com\\\/magazine365\\\/record-de-600-000-visitantes-en-el-arde-lucus\\\/#breadcrumblist\"},\"author\":{\"@id\":\"https:\\\/\\\/eldigitaldeasturias.com\\\/magazine365\\\/author\\\/admin\\\/#author\"},\"creator\":{\"@id\":\"https:\\\/\\\/eldigitaldeasturias.com\\\/magazine365\\\/author\\\/admin\\\/#author\"},\"image\":{\"@type\":\"ImageObject\",\"url\":\"https:\\\/\\\/eldigitaldeasturias.com\\\/magazine365\\\/wp-content\\\/uploads\\\/2016\\\/06\\\/fotonoticia_20160620152747_800.jpg\",\"@id\":\"https:\\\/\\\/eldigitaldeasturias.com\\\/magazine365\\\/record-de-600-000-visitantes-en-el-arde-lucus\\\/#mainImage\",\"width\":800,\"height\":543},\"primaryImageOfPage\":{\"@id\":\"https:\\\/\\\/eldigitaldeasturias.com\\\/magazine365\\\/record-de-600-000-visitantes-en-el-arde-lucus\\\/#mainImage\"},\"datePublished\":\"2016-06-20T20:36:01+02:00\",\"dateModified\":\"2016-06-20T20:36:01+02:00\"},{\"@type\":\"WebSite\",\"@id\":\"https:\\\/\\\/eldigitaldeasturias.com\\\/magazine365\\\/#website\",\"url\":\"https:\\\/\\\/eldigitaldeasturias.com\\\/magazine365\\\/\",\"name\":\"El Digital de Asturias\",\"description\":\"Revista de ocio, turismo y estilo de vida\",\"inLanguage\":\"es-ES\",\"publisher\":{\"@id\":\"https:\\\/\\\/eldigitaldeasturias.com\\\/magazine365\\\/#organization\"}}]}\n\t\t<\/script>\n\t\t<!-- All in One SEO Pro -->\r\n\t\t<title>R\u00e9cord de 600.000 visitantes en el Arde Lucus | El Digital de Asturias<\/title>\n\n","aioseo_head_json":{"title":"R\u00e9cord de 600.000 visitantes en el Arde Lucus | El Digital de Asturias","description":"La decimoquinta edici\u00f3n del Arde Lucus, fiesta de exaltaci\u00f3n del pasado romano de la ciudad de Lugo, se ha cerrado con cifras de r\u00e9cord este fin de semana, al superar los 600.000 visitantes que preve\u00eda el Ayuntamiento de Lugo, seg\u00fan ha resaltado la alcaldesa, la socialista Lara M\u00e9ndez, quien ha realizado un \"balance muy positivo\".","canonical_url":"https:\/\/eldigitaldeasturias.com\/magazine365\/record-de-600-000-visitantes-en-el-arde-lucus\/","robots":"max-image-preview:large","keywords":"noticias y actualidad","webmasterTools":{"google-site-verification":"UA-38556648-1","miscellaneous":""},"schema":{"@context":"https:\/\/schema.org","@graph":[{"@type":"Article","@id":"https:\/\/eldigitaldeasturias.com\/magazine365\/record-de-600-000-visitantes-en-el-arde-lucus\/#article","name":"R\u00e9cord de 600.000 visitantes en el Arde Lucus | El Digital de Asturias","headline":"R\u00e9cord de 600.000 visitantes en el Arde Lucus","author":{"@id":"https:\/\/eldigitaldeasturias.com\/magazine365\/author\/admin\/#author"},"publisher":{"@id":"https:\/\/eldigitaldeasturias.com\/magazine365\/#organization"},"image":{"@type":"ImageObject","url":"https:\/\/eldigitaldeasturias.com\/magazine365\/wp-content\/uploads\/2016\/06\/fotonoticia_20160620152747_800.jpg","width":800,"height":543},"datePublished":"2016-06-20T20:36:01+02:00","dateModified":"2016-06-20T20:36:01+02:00","inLanguage":"es-ES","mainEntityOfPage":{"@id":"https:\/\/eldigitaldeasturias.com\/magazine365\/record-de-600-000-visitantes-en-el-arde-lucus\/#webpage"},"isPartOf":{"@id":"https:\/\/eldigitaldeasturias.com\/magazine365\/record-de-600-000-visitantes-en-el-arde-lucus\/#webpage"},"articleSection":"Noticias y Actualidad"},{"@type":"BreadcrumbList","@id":"https:\/\/eldigitaldeasturias.com\/magazine365\/record-de-600-000-visitantes-en-el-arde-lucus\/#breadcrumblist","itemListElement":[{"@type":"ListItem","@id":"https:\/\/eldigitaldeasturias.com\/magazine365#listItem","position":1,"name":"Home","item":"https:\/\/eldigitaldeasturias.com\/magazine365","nextItem":{"@type":"ListItem","@id":"https:\/\/eldigitaldeasturias.com\/magazine365\/category\/noticias-actualidad\/#listItem","name":"Noticias y Actualidad"}},{"@type":"ListItem","@id":"https:\/\/eldigitaldeasturias.com\/magazine365\/category\/noticias-actualidad\/#listItem","position":2,"name":"Noticias y Actualidad","item":"https:\/\/eldigitaldeasturias.com\/magazine365\/category\/noticias-actualidad\/","nextItem":{"@type":"ListItem","@id":"https:\/\/eldigitaldeasturias.com\/magazine365\/record-de-600-000-visitantes-en-el-arde-lucus\/#listItem","name":"R\u00e9cord de 600.000 visitantes en el Arde Lucus"},"previousItem":{"@type":"ListItem","@id":"https:\/\/eldigitaldeasturias.com\/magazine365#listItem","name":"Home"}},{"@type":"ListItem","@id":"https:\/\/eldigitaldeasturias.com\/magazine365\/record-de-600-000-visitantes-en-el-arde-lucus\/#listItem","position":3,"name":"R\u00e9cord de 600.000 visitantes en el Arde Lucus","previousItem":{"@type":"ListItem","@id":"https:\/\/eldigitaldeasturias.com\/magazine365\/category\/noticias-actualidad\/#listItem","name":"Noticias y Actualidad"}}]},{"@type":"Organization","@id":"https:\/\/eldigitaldeasturias.com\/magazine365\/#organization","name":"El digital de Asturias","description":"Revista de ocio, turismo y estilo de vida","url":"https:\/\/eldigitaldeasturias.com\/magazine365\/","logo":{"@type":"ImageObject","url":"https:\/\/www.eldigitaldeasturias.com\/noticias\/wp-content\/uploads\/2020\/12\/EDA.jpg","@id":"https:\/\/eldigitaldeasturias.com\/magazine365\/record-de-600-000-visitantes-en-el-arde-lucus\/#organizationLogo"},"image":{"@id":"https:\/\/eldigitaldeasturias.com\/magazine365\/record-de-600-000-visitantes-en-el-arde-lucus\/#organizationLogo"}},{"@type":"Person","@id":"https:\/\/eldigitaldeasturias.com\/magazine365\/author\/admin\/#author","url":"https:\/\/eldigitaldeasturias.com\/magazine365\/author\/admin\/","name":"admin","image":{"@type":"ImageObject","@id":"https:\/\/eldigitaldeasturias.com\/magazine365\/record-de-600-000-visitantes-en-el-arde-lucus\/#authorImage","url":"https:\/\/eldigitaldeasturias.com\/magazine365\/wp-content\/litespeed\/avatar\/e571bcf59a0edd6fa6838245a470f2fe.jpg?ver=1776969259","width":96,"height":96,"caption":"admin"}},{"@type":"WebPage","@id":"https:\/\/eldigitaldeasturias.com\/magazine365\/record-de-600-000-visitantes-en-el-arde-lucus\/#webpage","url":"https:\/\/eldigitaldeasturias.com\/magazine365\/record-de-600-000-visitantes-en-el-arde-lucus\/","name":"R\u00e9cord de 600.000 visitantes en el Arde Lucus | El Digital de Asturias","description":"La decimoquinta edici\u00f3n del Arde Lucus, fiesta de exaltaci\u00f3n del pasado romano de la ciudad de Lugo, se ha cerrado con cifras de r\u00e9cord este fin de semana, al superar los 600.000 visitantes que preve\u00eda el Ayuntamiento de Lugo, seg\u00fan ha resaltado la alcaldesa, la socialista Lara M\u00e9ndez, quien ha realizado un \"balance muy positivo\".","inLanguage":"es-ES","isPartOf":{"@id":"https:\/\/eldigitaldeasturias.com\/magazine365\/#website"},"breadcrumb":{"@id":"https:\/\/eldigitaldeasturias.com\/magazine365\/record-de-600-000-visitantes-en-el-arde-lucus\/#breadcrumblist"},"author":{"@id":"https:\/\/eldigitaldeasturias.com\/magazine365\/author\/admin\/#author"},"creator":{"@id":"https:\/\/eldigitaldeasturias.com\/magazine365\/author\/admin\/#author"},"image":{"@type":"ImageObject","url":"https:\/\/eldigitaldeasturias.com\/magazine365\/wp-content\/uploads\/2016\/06\/fotonoticia_20160620152747_800.jpg","@id":"https:\/\/eldigitaldeasturias.com\/magazine365\/record-de-600-000-visitantes-en-el-arde-lucus\/#mainImage","width":800,"height":543},"primaryImageOfPage":{"@id":"https:\/\/eldigitaldeasturias.com\/magazine365\/record-de-600-000-visitantes-en-el-arde-lucus\/#mainImage"},"datePublished":"2016-06-20T20:36:01+02:00","dateModified":"2016-06-20T20:36:01+02:00"},{"@type":"WebSite","@id":"https:\/\/eldigitaldeasturias.com\/magazine365\/#website","url":"https:\/\/eldigitaldeasturias.com\/magazine365\/","name":"El Digital de Asturias","description":"Revista de ocio, turismo y estilo de vida","inLanguage":"es-ES","publisher":{"@id":"https:\/\/eldigitaldeasturias.com\/magazine365\/#organization"}}]},"og:locale":"es_ES","og:site_name":"El Digital de Asturias \u2013 Revista de ocio, turismo y estilo de vida","og:type":"article","og:title":"R\u00e9cord de 600.000 visitantes en el Arde Lucus | El Digital de Asturias","og:description":"La decimoquinta edici\u00f3n del Arde Lucus, fiesta de exaltaci\u00f3n del pasado romano de la ciudad de Lugo, se ha cerrado con cifras de r\u00e9cord este fin de semana, al superar los 600.000 visitantes que preve\u00eda el Ayuntamiento de Lugo, seg\u00fan ha resaltado la alcaldesa, la socialista Lara M\u00e9ndez, quien ha realizado un &quot;balance muy positivo&quot;.","og:url":"https:\/\/eldigitaldeasturias.com\/magazine365\/record-de-600-000-visitantes-en-el-arde-lucus\/","og:image":"https:\/\/eldigitaldeasturias.com\/magazine365\/wp-content\/uploads\/2016\/06\/fotonoticia_20160620152747_800.jpg","og:image:secure_url":"https:\/\/eldigitaldeasturias.com\/magazine365\/wp-content\/uploads\/2016\/06\/fotonoticia_20160620152747_800.jpg","og:image:width":800,"og:image:height":543,"article:published_time":"2016-06-20T18:36:01+00:00","article:modified_time":"2016-06-20T18:36:01+00:00","twitter:card":"summary_large_image","twitter:title":"R\u00e9cord de 600.000 visitantes en el Arde Lucus | El Digital de Asturias","twitter:description":"La decimoquinta edici\u00f3n del Arde Lucus, fiesta de exaltaci\u00f3n del pasado romano de la ciudad de Lugo, se ha cerrado con cifras de r\u00e9cord este fin de semana, al superar los 600.000 visitantes que preve\u00eda el Ayuntamiento de Lugo, seg\u00fan ha resaltado la alcaldesa, la socialista Lara M\u00e9ndez, quien ha realizado un &quot;balance muy positivo&quot;.","twitter:image":"https:\/\/eldigitaldeasturias.com\/magazine365\/wp-content\/uploads\/2016\/06\/fotonoticia_20160620152747_800.jpg"},"aioseo_meta_data":{"post_id":"80188","title":null,"description":null,"keywords":null,"keyphrases":null,"primary_term":null,"canonical_url":null,"og_title":null,"og_description":null,"og_object_type":"default","og_image_type":"default","og_image_url":null,"og_image_width":null,"og_image_height":null,"og_image_custom_url":null,"og_image_custom_fields":null,"og_video":null,"og_custom_url":null,"og_article_section":null,"og_article_tags":null,"twitter_use_og":false,"twitter_card":"default","twitter_image_type":"default","twitter_image_url":null,"twitter_image_custom_url":null,"twitter_image_custom_fields":null,"twitter_title":null,"twitter_description":null,"schema":{"blockGraphs":[],"customGraphs":[],"default":{"data":{"Article":[],"Course":[],"Dataset":[],"FAQPage":[],"Movie":[],"Person":[],"Product":[],"ProductReview":[],"Car":[],"Recipe":[],"Service":[],"SoftwareApplication":[],"WebPage":[]},"graphName":"","isEnabled":true},"graphs":[],"defaultGraph":"","defaultPostTypeGraph":""},"schema_type":null,"schema_type_options":null,"pillar_content":false,"robots_default":true,"robots_noindex":false,"robots_noarchive":false,"robots_nosnippet":false,"robots_nofollow":false,"robots_noimageindex":false,"robots_noodp":false,"robots_notranslate":false,"robots_max_snippet":null,"robots_max_videopreview":null,"robots_max_imagepreview":"large","priority":null,"frequency":null,"location":null,"local_seo":null,"seo_analyzer_scan_date":"2025-09-27 20:19:31","breadcrumb_settings":null,"limit_modified_date":false,"open_ai":null,"ai":null,"created":"2021-03-08 17:36:25","updated":"2025-09-27 20:19:31"},"aioseo_breadcrumb":"<div class=\"aioseo-breadcrumbs\"><span class=\"aioseo-breadcrumb\">\n\t<a href=\"https:\/\/eldigitaldeasturias.com\/magazine365\" title=\"Home\">Home<\/a>\n<\/span><span class=\"aioseo-breadcrumb-separator\">\u2013<\/span><span class=\"aioseo-breadcrumb\">\n\t<a href=\"https:\/\/eldigitaldeasturias.com\/magazine365\/category\/noticias-actualidad\/\" title=\"Noticias y Actualidad\">Noticias y Actualidad<\/a>\n<\/span><span class=\"aioseo-breadcrumb-separator\">\u2013<\/span><span class=\"aioseo-breadcrumb\">\n\t<a href=\"https:\/\/eldigitaldeasturias.com\/magazine365\/record-de-600-000-visitantes-en-el-arde-lucus\/\" title=\"R\u00e9cord de 600.000 visitantes en el Arde Lucus\">R\u00e9cord de 600.000 visitantes en el Arde Lucus<\/a>\n<\/span><\/div>","aioseo_breadcrumb_json":[{"label":"Home","link":"https:\/\/eldigitaldeasturias.com\/magazine365"},{"label":"Noticias y Actualidad","link":"https:\/\/eldigitaldeasturias.com\/magazine365\/category\/noticias-actualidad\/"},{"label":"R\u00e9cord de 600.000 visitantes en el Arde Lucus","link":"https:\/\/eldigitaldeasturias.com\/magazine365\/record-de-600-000-visitantes-en-el-arde-lucus\/"}],"_links":{"self":[{"href":"https:\/\/eldigitaldeasturias.com\/magazine365\/wp-json\/wp\/v2\/posts\/80188","targetHints":{"allow":["GET"]}}],"collection":[{"href":"https:\/\/eldigitaldeasturias.com\/magazine365\/wp-json\/wp\/v2\/posts"}],"about":[{"href":"https:\/\/eldigitaldeasturias.com\/magazine365\/wp-json\/wp\/v2\/types\/post"}],"author":[{"embeddable":true,"href":"https:\/\/eldigitaldeasturias.com\/magazine365\/wp-json\/wp\/v2\/users\/1"}],"replies":[{"embeddable":true,"href":"https:\/\/eldigitaldeasturias.com\/magazine365\/wp-json\/wp\/v2\/comments?post=80188"}],"version-history":[{"count":0,"href":"https:\/\/eldigitaldeasturias.com\/magazine365\/wp-json\/wp\/v2\/posts\/80188\/revisions"}],"wp:featuredmedia":[{"embeddable":true,"href":"https:\/\/eldigitaldeasturias.com\/magazine365\/wp-json\/wp\/v2\/media\/80189"}],"wp:attachment":[{"href":"https:\/\/eldigitaldeasturias.com\/magazine365\/wp-json\/wp\/v2\/media?parent=80188"}],"wp:term":[{"taxonomy":"category","embeddable":true,"href":"https:\/\/eldigitaldeasturias.com\/magazine365\/wp-json\/wp\/v2\/categories?post=80188"},{"taxonomy":"post_tag","embeddable":true,"href":"https:\/\/eldigitaldeasturias.com\/magazine365\/wp-json\/wp\/v2\/tags?post=80188"}],"curies":[{"name":"wp","href":"https:\/\/api.w.org\/{rel}","templated":true}]}}