{"id":80179,"date":"2016-06-20T20:32:52","date_gmt":"2016-06-20T18:32:52","guid":{"rendered":"http:\/\/eldigitaldeasturias.com\/magazine365\/?p=80179"},"modified":"2016-06-20T20:32:52","modified_gmt":"2016-06-20T18:32:52","slug":"el-bus-del-parc-nacional-de-aiguestortes-comenzara-la-temporada-estival-este-martes","status":"publish","type":"post","link":"https:\/\/eldigitaldeasturias.com\/magazine365\/el-bus-del-parc-nacional-de-aiguestortes-comenzara-la-temporada-estival-este-martes\/","title":{"rendered":"El bus del Parc Nacional de Aig\u00fcestortes comenzar\u00e1 la temporada estival este martes"},"content":{"rendered":"<p><img fetchpriority=\"high\" decoding=\"async\" class=\"alignleft size-medium wp-image-80180\" src=\"https:\/\/eldigitaldeasturias.com\/magazine365\/wp-content\/uploads\/2016\/06\/fotonoticia_20160620151842_800-360x246.jpg\" alt=\"fotonoticia_20160620151842_800\" width=\"360\" height=\"246\" srcset=\"https:\/\/eldigitaldeasturias.com\/magazine365\/wp-content\/uploads\/2016\/06\/fotonoticia_20160620151842_800-360x246.jpg 360w, https:\/\/eldigitaldeasturias.com\/magazine365\/wp-content\/uploads\/2016\/06\/fotonoticia_20160620151842_800-650x444.jpg 650w, https:\/\/eldigitaldeasturias.com\/magazine365\/wp-content\/uploads\/2016\/06\/fotonoticia_20160620151842_800-768x524.jpg 768w, https:\/\/eldigitaldeasturias.com\/magazine365\/wp-content\/uploads\/2016\/06\/fotonoticia_20160620151842_800-150x102.jpg 150w, https:\/\/eldigitaldeasturias.com\/magazine365\/wp-content\/uploads\/2016\/06\/fotonoticia_20160620151842_800-450x307.jpg 450w, https:\/\/eldigitaldeasturias.com\/magazine365\/wp-content\/uploads\/2016\/06\/fotonoticia_20160620151842_800.jpg 800w\" sizes=\"(max-width: 360px) 100vw, 360px\" \/>El autob\u00fas del Parc Nacional de Aig\u00fcestortes acercar\u00e1 a partir del pr\u00f3ximo martes a los excursionistas al parque nacional y al Estany de Sant Maurici durante la temporada alta estival, con un coste para el usuario de entre 1,70 y 11,90 euros, dependiendo del n\u00famero de paradas, aunque se dispondr\u00e1 de un abono sin limite de viajes al d\u00eda con un coste de 8,50 euros.<\/p>\n<p>En un comunicado este lunes, la Conselleria de Territorio ha detallado que ser\u00e1 el sexto a\u00f1o consecutivo en el que la l\u00ednea enlazar\u00e1 los pueblos de Bo\u00ed y Espot pasando por la Val d&#8217;Aran, y el servicio facilitar\u00e1 el acceso de los visitantes con transporte p\u00fablico durante los meses de verano y hasta el 30 de setiembre, cuando se registra m\u00e1s volumen de movilidad.<\/p>\n<p>La l\u00ednea est\u00e1 operativa desde 2010 y el pasado a\u00f1o fue utilizada por 3.782 viajeros, lo que supuso un aumento del 5% en relaci\u00f3n a 2014, y un 12% m\u00e1s que en 2013.<\/p>\n","protected":false},"excerpt":{"rendered":"<p>El autob\u00fas del Parc Nacional de Aig\u00fcestortes acercar\u00e1 a partir del pr\u00f3ximo martes a los excursionistas al parque nacional y al Estany de Sant Maurici durante la temporada alta estival, con un coste para el usuario de entre 1,70 y 11,90 euros, dependiendo del n\u00famero de paradas, aunque se dispondr\u00e1 de un abono sin limite<\/p>\n","protected":false},"author":1,"featured_media":80180,"comment_status":"open","ping_status":"closed","sticky":false,"template":"","format":"standard","meta":{"footnotes":""},"categories":[224],"tags":[],"class_list":{"0":"post-80179","1":"post","2":"type-post","3":"status-publish","4":"format-standard","5":"has-post-thumbnail","7":"category-noticias-actualidad"},"aioseo_notices":[],"aioseo_head":"\n\t\t<!-- All in One SEO Pro 4.9.6.1 - aioseo.com -->\n\t<meta name=\"description\" content=\"El autob\u00fas del Parc Nacional de Aig\u00fcestortes acercar\u00e1 a partir del pr\u00f3ximo martes a los excursionistas al parque nacional y al Estany de Sant Maurici durante la temporada alta estival, con un coste para el usuario de entre 1,70 y 11,90 euros, dependiendo del n\u00famero de paradas, aunque se dispondr\u00e1 de un abono sin limite\" \/>\n\t<meta name=\"robots\" content=\"max-image-preview:large\" \/>\n\t<meta name=\"author\" content=\"admin\"\/>\n\t<meta name=\"google-site-verification\" content=\"UA-38556648-1\" \/>\n\t<meta name=\"keywords\" content=\"noticias y actualidad\" \/>\n\t<link rel=\"canonical\" href=\"https:\/\/eldigitaldeasturias.com\/magazine365\/el-bus-del-parc-nacional-de-aiguestortes-comenzara-la-temporada-estival-este-martes\/\" \/>\n\t<meta name=\"generator\" content=\"All in One SEO Pro (AIOSEO) 4.9.6.1\" \/>\n\t\t<meta property=\"og:locale\" content=\"es_ES\" \/>\n\t\t<meta property=\"og:site_name\" content=\"El Digital de Asturias \u2013 Revista de ocio, turismo y estilo de vida\" \/>\n\t\t<meta property=\"og:type\" content=\"article\" \/>\n\t\t<meta property=\"og:title\" content=\"El bus del Parc Nacional de Aig\u00fcestortes comenzar\u00e1 la temporada estival este martes | El Digital de Asturias\" \/>\n\t\t<meta property=\"og:description\" content=\"El autob\u00fas del Parc Nacional de Aig\u00fcestortes acercar\u00e1 a partir del pr\u00f3ximo martes a los excursionistas al parque nacional y al Estany de Sant Maurici durante la temporada alta estival, con un coste para el usuario de entre 1,70 y 11,90 euros, dependiendo del n\u00famero de paradas, aunque se dispondr\u00e1 de un abono sin limite\" \/>\n\t\t<meta property=\"og:url\" content=\"https:\/\/eldigitaldeasturias.com\/magazine365\/el-bus-del-parc-nacional-de-aiguestortes-comenzara-la-temporada-estival-este-martes\/\" \/>\n\t\t<meta property=\"og:image\" content=\"https:\/\/eldigitaldeasturias.com\/magazine365\/wp-content\/uploads\/2016\/06\/fotonoticia_20160620151842_800.jpg\" \/>\n\t\t<meta property=\"og:image:secure_url\" content=\"https:\/\/eldigitaldeasturias.com\/magazine365\/wp-content\/uploads\/2016\/06\/fotonoticia_20160620151842_800.jpg\" \/>\n\t\t<meta property=\"og:image:width\" content=\"800\" \/>\n\t\t<meta property=\"og:image:height\" content=\"546\" \/>\n\t\t<meta property=\"article:published_time\" content=\"2016-06-20T18:32:52+00:00\" \/>\n\t\t<meta property=\"article:modified_time\" content=\"2016-06-20T18:32:52+00:00\" \/>\n\t\t<meta name=\"twitter:card\" content=\"summary_large_image\" \/>\n\t\t<meta name=\"twitter:title\" content=\"El bus del Parc Nacional de Aig\u00fcestortes comenzar\u00e1 la temporada estival este martes | El Digital de Asturias\" \/>\n\t\t<meta name=\"twitter:description\" content=\"El autob\u00fas del Parc Nacional de Aig\u00fcestortes acercar\u00e1 a partir del pr\u00f3ximo martes a los excursionistas al parque nacional y al Estany de Sant Maurici durante la temporada alta estival, con un coste para el usuario de entre 1,70 y 11,90 euros, dependiendo del n\u00famero de paradas, aunque se dispondr\u00e1 de un abono sin limite\" \/>\n\t\t<meta name=\"twitter:image\" content=\"https:\/\/eldigitaldeasturias.com\/magazine365\/wp-content\/uploads\/2016\/06\/fotonoticia_20160620151842_800.jpg\" \/>\n\t\t<script type=\"application\/ld+json\" class=\"aioseo-schema\">\n\t\t\t{\"@context\":\"https:\\\/\\\/schema.org\",\"@graph\":[{\"@type\":\"Article\",\"@id\":\"https:\\\/\\\/eldigitaldeasturias.com\\\/magazine365\\\/el-bus-del-parc-nacional-de-aiguestortes-comenzara-la-temporada-estival-este-martes\\\/#article\",\"name\":\"El bus del Parc Nacional de Aig\\u00fcestortes comenzar\\u00e1 la temporada estival este martes | El Digital de Asturias\",\"headline\":\"El bus del Parc Nacional de Aig\\u00fcestortes comenzar\\u00e1 la temporada estival este martes\",\"author\":{\"@id\":\"https:\\\/\\\/eldigitaldeasturias.com\\\/magazine365\\\/author\\\/admin\\\/#author\"},\"publisher\":{\"@id\":\"https:\\\/\\\/eldigitaldeasturias.com\\\/magazine365\\\/#organization\"},\"image\":{\"@type\":\"ImageObject\",\"url\":\"https:\\\/\\\/eldigitaldeasturias.com\\\/magazine365\\\/wp-content\\\/uploads\\\/2016\\\/06\\\/fotonoticia_20160620151842_800.jpg\",\"width\":800,\"height\":546},\"datePublished\":\"2016-06-20T20:32:52+02:00\",\"dateModified\":\"2016-06-20T20:32:52+02:00\",\"inLanguage\":\"es-ES\",\"mainEntityOfPage\":{\"@id\":\"https:\\\/\\\/eldigitaldeasturias.com\\\/magazine365\\\/el-bus-del-parc-nacional-de-aiguestortes-comenzara-la-temporada-estival-este-martes\\\/#webpage\"},\"isPartOf\":{\"@id\":\"https:\\\/\\\/eldigitaldeasturias.com\\\/magazine365\\\/el-bus-del-parc-nacional-de-aiguestortes-comenzara-la-temporada-estival-este-martes\\\/#webpage\"},\"articleSection\":\"Noticias y Actualidad\"},{\"@type\":\"BreadcrumbList\",\"@id\":\"https:\\\/\\\/eldigitaldeasturias.com\\\/magazine365\\\/el-bus-del-parc-nacional-de-aiguestortes-comenzara-la-temporada-estival-este-martes\\\/#breadcrumblist\",\"itemListElement\":[{\"@type\":\"ListItem\",\"@id\":\"https:\\\/\\\/eldigitaldeasturias.com\\\/magazine365#listItem\",\"position\":1,\"name\":\"Home\",\"item\":\"https:\\\/\\\/eldigitaldeasturias.com\\\/magazine365\",\"nextItem\":{\"@type\":\"ListItem\",\"@id\":\"https:\\\/\\\/eldigitaldeasturias.com\\\/magazine365\\\/category\\\/noticias-actualidad\\\/#listItem\",\"name\":\"Noticias y Actualidad\"}},{\"@type\":\"ListItem\",\"@id\":\"https:\\\/\\\/eldigitaldeasturias.com\\\/magazine365\\\/category\\\/noticias-actualidad\\\/#listItem\",\"position\":2,\"name\":\"Noticias y Actualidad\",\"item\":\"https:\\\/\\\/eldigitaldeasturias.com\\\/magazine365\\\/category\\\/noticias-actualidad\\\/\",\"nextItem\":{\"@type\":\"ListItem\",\"@id\":\"https:\\\/\\\/eldigitaldeasturias.com\\\/magazine365\\\/el-bus-del-parc-nacional-de-aiguestortes-comenzara-la-temporada-estival-este-martes\\\/#listItem\",\"name\":\"El bus del Parc Nacional de Aig\\u00fcestortes comenzar\\u00e1 la temporada estival este martes\"},\"previousItem\":{\"@type\":\"ListItem\",\"@id\":\"https:\\\/\\\/eldigitaldeasturias.com\\\/magazine365#listItem\",\"name\":\"Home\"}},{\"@type\":\"ListItem\",\"@id\":\"https:\\\/\\\/eldigitaldeasturias.com\\\/magazine365\\\/el-bus-del-parc-nacional-de-aiguestortes-comenzara-la-temporada-estival-este-martes\\\/#listItem\",\"position\":3,\"name\":\"El bus del Parc Nacional de Aig\\u00fcestortes comenzar\\u00e1 la temporada estival este martes\",\"previousItem\":{\"@type\":\"ListItem\",\"@id\":\"https:\\\/\\\/eldigitaldeasturias.com\\\/magazine365\\\/category\\\/noticias-actualidad\\\/#listItem\",\"name\":\"Noticias y Actualidad\"}}]},{\"@type\":\"Organization\",\"@id\":\"https:\\\/\\\/eldigitaldeasturias.com\\\/magazine365\\\/#organization\",\"name\":\"El digital de Asturias\",\"description\":\"Revista de ocio, turismo y estilo de vida\",\"url\":\"https:\\\/\\\/eldigitaldeasturias.com\\\/magazine365\\\/\",\"logo\":{\"@type\":\"ImageObject\",\"url\":\"https:\\\/\\\/www.eldigitaldeasturias.com\\\/noticias\\\/wp-content\\\/uploads\\\/2020\\\/12\\\/EDA.jpg\",\"@id\":\"https:\\\/\\\/eldigitaldeasturias.com\\\/magazine365\\\/el-bus-del-parc-nacional-de-aiguestortes-comenzara-la-temporada-estival-este-martes\\\/#organizationLogo\"},\"image\":{\"@id\":\"https:\\\/\\\/eldigitaldeasturias.com\\\/magazine365\\\/el-bus-del-parc-nacional-de-aiguestortes-comenzara-la-temporada-estival-este-martes\\\/#organizationLogo\"}},{\"@type\":\"Person\",\"@id\":\"https:\\\/\\\/eldigitaldeasturias.com\\\/magazine365\\\/author\\\/admin\\\/#author\",\"url\":\"https:\\\/\\\/eldigitaldeasturias.com\\\/magazine365\\\/author\\\/admin\\\/\",\"name\":\"admin\",\"image\":{\"@type\":\"ImageObject\",\"@id\":\"https:\\\/\\\/eldigitaldeasturias.com\\\/magazine365\\\/el-bus-del-parc-nacional-de-aiguestortes-comenzara-la-temporada-estival-este-martes\\\/#authorImage\",\"url\":\"https:\\\/\\\/eldigitaldeasturias.com\\\/magazine365\\\/wp-content\\\/litespeed\\\/avatar\\\/e571bcf59a0edd6fa6838245a470f2fe.jpg?ver=1776969259\",\"width\":96,\"height\":96,\"caption\":\"admin\"}},{\"@type\":\"WebPage\",\"@id\":\"https:\\\/\\\/eldigitaldeasturias.com\\\/magazine365\\\/el-bus-del-parc-nacional-de-aiguestortes-comenzara-la-temporada-estival-este-martes\\\/#webpage\",\"url\":\"https:\\\/\\\/eldigitaldeasturias.com\\\/magazine365\\\/el-bus-del-parc-nacional-de-aiguestortes-comenzara-la-temporada-estival-este-martes\\\/\",\"name\":\"El bus del Parc Nacional de Aig\\u00fcestortes comenzar\\u00e1 la temporada estival este martes | El Digital de Asturias\",\"description\":\"El autob\\u00fas del Parc Nacional de Aig\\u00fcestortes acercar\\u00e1 a partir del pr\\u00f3ximo martes a los excursionistas al parque nacional y al Estany de Sant Maurici durante la temporada alta estival, con un coste para el usuario de entre 1,70 y 11,90 euros, dependiendo del n\\u00famero de paradas, aunque se dispondr\\u00e1 de un abono sin limite\",\"inLanguage\":\"es-ES\",\"isPartOf\":{\"@id\":\"https:\\\/\\\/eldigitaldeasturias.com\\\/magazine365\\\/#website\"},\"breadcrumb\":{\"@id\":\"https:\\\/\\\/eldigitaldeasturias.com\\\/magazine365\\\/el-bus-del-parc-nacional-de-aiguestortes-comenzara-la-temporada-estival-este-martes\\\/#breadcrumblist\"},\"author\":{\"@id\":\"https:\\\/\\\/eldigitaldeasturias.com\\\/magazine365\\\/author\\\/admin\\\/#author\"},\"creator\":{\"@id\":\"https:\\\/\\\/eldigitaldeasturias.com\\\/magazine365\\\/author\\\/admin\\\/#author\"},\"image\":{\"@type\":\"ImageObject\",\"url\":\"https:\\\/\\\/eldigitaldeasturias.com\\\/magazine365\\\/wp-content\\\/uploads\\\/2016\\\/06\\\/fotonoticia_20160620151842_800.jpg\",\"@id\":\"https:\\\/\\\/eldigitaldeasturias.com\\\/magazine365\\\/el-bus-del-parc-nacional-de-aiguestortes-comenzara-la-temporada-estival-este-martes\\\/#mainImage\",\"width\":800,\"height\":546},\"primaryImageOfPage\":{\"@id\":\"https:\\\/\\\/eldigitaldeasturias.com\\\/magazine365\\\/el-bus-del-parc-nacional-de-aiguestortes-comenzara-la-temporada-estival-este-martes\\\/#mainImage\"},\"datePublished\":\"2016-06-20T20:32:52+02:00\",\"dateModified\":\"2016-06-20T20:32:52+02:00\"},{\"@type\":\"WebSite\",\"@id\":\"https:\\\/\\\/eldigitaldeasturias.com\\\/magazine365\\\/#website\",\"url\":\"https:\\\/\\\/eldigitaldeasturias.com\\\/magazine365\\\/\",\"name\":\"El Digital de Asturias\",\"description\":\"Revista de ocio, turismo y estilo de vida\",\"inLanguage\":\"es-ES\",\"publisher\":{\"@id\":\"https:\\\/\\\/eldigitaldeasturias.com\\\/magazine365\\\/#organization\"}}]}\n\t\t<\/script>\n\t\t<!-- All in One SEO Pro -->\r\n\t\t<title>El bus del Parc Nacional de Aig\u00fcestortes comenzar\u00e1 la temporada estival este martes | El Digital de Asturias<\/title>\n\n","aioseo_head_json":{"title":"El bus del Parc Nacional de Aig\u00fcestortes comenzar\u00e1 la temporada estival este martes | El Digital de Asturias","description":"El autob\u00fas del Parc Nacional de Aig\u00fcestortes acercar\u00e1 a partir del pr\u00f3ximo martes a los excursionistas al parque nacional y al Estany de Sant Maurici durante la temporada alta estival, con un coste para el usuario de entre 1,70 y 11,90 euros, dependiendo del n\u00famero de paradas, aunque se dispondr\u00e1 de un abono sin limite","canonical_url":"https:\/\/eldigitaldeasturias.com\/magazine365\/el-bus-del-parc-nacional-de-aiguestortes-comenzara-la-temporada-estival-este-martes\/","robots":"max-image-preview:large","keywords":"noticias y actualidad","webmasterTools":{"google-site-verification":"UA-38556648-1","miscellaneous":""},"schema":{"@context":"https:\/\/schema.org","@graph":[{"@type":"Article","@id":"https:\/\/eldigitaldeasturias.com\/magazine365\/el-bus-del-parc-nacional-de-aiguestortes-comenzara-la-temporada-estival-este-martes\/#article","name":"El bus del Parc Nacional de Aig\u00fcestortes comenzar\u00e1 la temporada estival este martes | El Digital de Asturias","headline":"El bus del Parc Nacional de Aig\u00fcestortes comenzar\u00e1 la temporada estival este martes","author":{"@id":"https:\/\/eldigitaldeasturias.com\/magazine365\/author\/admin\/#author"},"publisher":{"@id":"https:\/\/eldigitaldeasturias.com\/magazine365\/#organization"},"image":{"@type":"ImageObject","url":"https:\/\/eldigitaldeasturias.com\/magazine365\/wp-content\/uploads\/2016\/06\/fotonoticia_20160620151842_800.jpg","width":800,"height":546},"datePublished":"2016-06-20T20:32:52+02:00","dateModified":"2016-06-20T20:32:52+02:00","inLanguage":"es-ES","mainEntityOfPage":{"@id":"https:\/\/eldigitaldeasturias.com\/magazine365\/el-bus-del-parc-nacional-de-aiguestortes-comenzara-la-temporada-estival-este-martes\/#webpage"},"isPartOf":{"@id":"https:\/\/eldigitaldeasturias.com\/magazine365\/el-bus-del-parc-nacional-de-aiguestortes-comenzara-la-temporada-estival-este-martes\/#webpage"},"articleSection":"Noticias y Actualidad"},{"@type":"BreadcrumbList","@id":"https:\/\/eldigitaldeasturias.com\/magazine365\/el-bus-del-parc-nacional-de-aiguestortes-comenzara-la-temporada-estival-este-martes\/#breadcrumblist","itemListElement":[{"@type":"ListItem","@id":"https:\/\/eldigitaldeasturias.com\/magazine365#listItem","position":1,"name":"Home","item":"https:\/\/eldigitaldeasturias.com\/magazine365","nextItem":{"@type":"ListItem","@id":"https:\/\/eldigitaldeasturias.com\/magazine365\/category\/noticias-actualidad\/#listItem","name":"Noticias y Actualidad"}},{"@type":"ListItem","@id":"https:\/\/eldigitaldeasturias.com\/magazine365\/category\/noticias-actualidad\/#listItem","position":2,"name":"Noticias y Actualidad","item":"https:\/\/eldigitaldeasturias.com\/magazine365\/category\/noticias-actualidad\/","nextItem":{"@type":"ListItem","@id":"https:\/\/eldigitaldeasturias.com\/magazine365\/el-bus-del-parc-nacional-de-aiguestortes-comenzara-la-temporada-estival-este-martes\/#listItem","name":"El bus del Parc Nacional de Aig\u00fcestortes comenzar\u00e1 la temporada estival este martes"},"previousItem":{"@type":"ListItem","@id":"https:\/\/eldigitaldeasturias.com\/magazine365#listItem","name":"Home"}},{"@type":"ListItem","@id":"https:\/\/eldigitaldeasturias.com\/magazine365\/el-bus-del-parc-nacional-de-aiguestortes-comenzara-la-temporada-estival-este-martes\/#listItem","position":3,"name":"El bus del Parc Nacional de Aig\u00fcestortes comenzar\u00e1 la temporada estival este martes","previousItem":{"@type":"ListItem","@id":"https:\/\/eldigitaldeasturias.com\/magazine365\/category\/noticias-actualidad\/#listItem","name":"Noticias y Actualidad"}}]},{"@type":"Organization","@id":"https:\/\/eldigitaldeasturias.com\/magazine365\/#organization","name":"El digital de Asturias","description":"Revista de ocio, turismo y estilo de vida","url":"https:\/\/eldigitaldeasturias.com\/magazine365\/","logo":{"@type":"ImageObject","url":"https:\/\/www.eldigitaldeasturias.com\/noticias\/wp-content\/uploads\/2020\/12\/EDA.jpg","@id":"https:\/\/eldigitaldeasturias.com\/magazine365\/el-bus-del-parc-nacional-de-aiguestortes-comenzara-la-temporada-estival-este-martes\/#organizationLogo"},"image":{"@id":"https:\/\/eldigitaldeasturias.com\/magazine365\/el-bus-del-parc-nacional-de-aiguestortes-comenzara-la-temporada-estival-este-martes\/#organizationLogo"}},{"@type":"Person","@id":"https:\/\/eldigitaldeasturias.com\/magazine365\/author\/admin\/#author","url":"https:\/\/eldigitaldeasturias.com\/magazine365\/author\/admin\/","name":"admin","image":{"@type":"ImageObject","@id":"https:\/\/eldigitaldeasturias.com\/magazine365\/el-bus-del-parc-nacional-de-aiguestortes-comenzara-la-temporada-estival-este-martes\/#authorImage","url":"https:\/\/eldigitaldeasturias.com\/magazine365\/wp-content\/litespeed\/avatar\/e571bcf59a0edd6fa6838245a470f2fe.jpg?ver=1776969259","width":96,"height":96,"caption":"admin"}},{"@type":"WebPage","@id":"https:\/\/eldigitaldeasturias.com\/magazine365\/el-bus-del-parc-nacional-de-aiguestortes-comenzara-la-temporada-estival-este-martes\/#webpage","url":"https:\/\/eldigitaldeasturias.com\/magazine365\/el-bus-del-parc-nacional-de-aiguestortes-comenzara-la-temporada-estival-este-martes\/","name":"El bus del Parc Nacional de Aig\u00fcestortes comenzar\u00e1 la temporada estival este martes | El Digital de Asturias","description":"El autob\u00fas del Parc Nacional de Aig\u00fcestortes acercar\u00e1 a partir del pr\u00f3ximo martes a los excursionistas al parque nacional y al Estany de Sant Maurici durante la temporada alta estival, con un coste para el usuario de entre 1,70 y 11,90 euros, dependiendo del n\u00famero de paradas, aunque se dispondr\u00e1 de un abono sin limite","inLanguage":"es-ES","isPartOf":{"@id":"https:\/\/eldigitaldeasturias.com\/magazine365\/#website"},"breadcrumb":{"@id":"https:\/\/eldigitaldeasturias.com\/magazine365\/el-bus-del-parc-nacional-de-aiguestortes-comenzara-la-temporada-estival-este-martes\/#breadcrumblist"},"author":{"@id":"https:\/\/eldigitaldeasturias.com\/magazine365\/author\/admin\/#author"},"creator":{"@id":"https:\/\/eldigitaldeasturias.com\/magazine365\/author\/admin\/#author"},"image":{"@type":"ImageObject","url":"https:\/\/eldigitaldeasturias.com\/magazine365\/wp-content\/uploads\/2016\/06\/fotonoticia_20160620151842_800.jpg","@id":"https:\/\/eldigitaldeasturias.com\/magazine365\/el-bus-del-parc-nacional-de-aiguestortes-comenzara-la-temporada-estival-este-martes\/#mainImage","width":800,"height":546},"primaryImageOfPage":{"@id":"https:\/\/eldigitaldeasturias.com\/magazine365\/el-bus-del-parc-nacional-de-aiguestortes-comenzara-la-temporada-estival-este-martes\/#mainImage"},"datePublished":"2016-06-20T20:32:52+02:00","dateModified":"2016-06-20T20:32:52+02:00"},{"@type":"WebSite","@id":"https:\/\/eldigitaldeasturias.com\/magazine365\/#website","url":"https:\/\/eldigitaldeasturias.com\/magazine365\/","name":"El Digital de Asturias","description":"Revista de ocio, turismo y estilo de vida","inLanguage":"es-ES","publisher":{"@id":"https:\/\/eldigitaldeasturias.com\/magazine365\/#organization"}}]},"og:locale":"es_ES","og:site_name":"El Digital de Asturias \u2013 Revista de ocio, turismo y estilo de vida","og:type":"article","og:title":"El bus del Parc Nacional de Aig\u00fcestortes comenzar\u00e1 la temporada estival este martes | El Digital de Asturias","og:description":"El autob\u00fas del Parc Nacional de Aig\u00fcestortes acercar\u00e1 a partir del pr\u00f3ximo martes a los excursionistas al parque nacional y al Estany de Sant Maurici durante la temporada alta estival, con un coste para el usuario de entre 1,70 y 11,90 euros, dependiendo del n\u00famero de paradas, aunque se dispondr\u00e1 de un abono sin limite","og:url":"https:\/\/eldigitaldeasturias.com\/magazine365\/el-bus-del-parc-nacional-de-aiguestortes-comenzara-la-temporada-estival-este-martes\/","og:image":"https:\/\/eldigitaldeasturias.com\/magazine365\/wp-content\/uploads\/2016\/06\/fotonoticia_20160620151842_800.jpg","og:image:secure_url":"https:\/\/eldigitaldeasturias.com\/magazine365\/wp-content\/uploads\/2016\/06\/fotonoticia_20160620151842_800.jpg","og:image:width":800,"og:image:height":546,"article:published_time":"2016-06-20T18:32:52+00:00","article:modified_time":"2016-06-20T18:32:52+00:00","twitter:card":"summary_large_image","twitter:title":"El bus del Parc Nacional de Aig\u00fcestortes comenzar\u00e1 la temporada estival este martes | El Digital de Asturias","twitter:description":"El autob\u00fas del Parc Nacional de Aig\u00fcestortes acercar\u00e1 a partir del pr\u00f3ximo martes a los excursionistas al parque nacional y al Estany de Sant Maurici durante la temporada alta estival, con un coste para el usuario de entre 1,70 y 11,90 euros, dependiendo del n\u00famero de paradas, aunque se dispondr\u00e1 de un abono sin limite","twitter:image":"https:\/\/eldigitaldeasturias.com\/magazine365\/wp-content\/uploads\/2016\/06\/fotonoticia_20160620151842_800.jpg"},"aioseo_meta_data":{"post_id":"80179","title":null,"description":null,"keywords":null,"keyphrases":null,"primary_term":null,"canonical_url":null,"og_title":null,"og_description":null,"og_object_type":"default","og_image_type":"default","og_image_url":null,"og_image_width":null,"og_image_height":null,"og_image_custom_url":null,"og_image_custom_fields":null,"og_video":null,"og_custom_url":null,"og_article_section":null,"og_article_tags":null,"twitter_use_og":false,"twitter_card":"default","twitter_image_type":"default","twitter_image_url":null,"twitter_image_custom_url":null,"twitter_image_custom_fields":null,"twitter_title":null,"twitter_description":null,"schema":{"blockGraphs":[],"customGraphs":[],"default":{"data":{"Article":[],"Course":[],"Dataset":[],"FAQPage":[],"Movie":[],"Person":[],"Product":[],"ProductReview":[],"Car":[],"Recipe":[],"Service":[],"SoftwareApplication":[],"WebPage":[]},"graphName":"","isEnabled":true},"graphs":[],"defaultGraph":"","defaultPostTypeGraph":""},"schema_type":null,"schema_type_options":null,"pillar_content":false,"robots_default":true,"robots_noindex":false,"robots_noarchive":false,"robots_nosnippet":false,"robots_nofollow":false,"robots_noimageindex":false,"robots_noodp":false,"robots_notranslate":false,"robots_max_snippet":null,"robots_max_videopreview":null,"robots_max_imagepreview":"large","priority":null,"frequency":null,"location":null,"local_seo":null,"seo_analyzer_scan_date":"2025-09-27 20:19:26","breadcrumb_settings":null,"limit_modified_date":false,"open_ai":null,"ai":null,"created":"2021-03-08 17:36:25","updated":"2025-09-27 20:19:26"},"aioseo_breadcrumb":"<div class=\"aioseo-breadcrumbs\"><span class=\"aioseo-breadcrumb\">\n\t<a href=\"https:\/\/eldigitaldeasturias.com\/magazine365\" title=\"Home\">Home<\/a>\n<\/span><span class=\"aioseo-breadcrumb-separator\">\u2013<\/span><span class=\"aioseo-breadcrumb\">\n\t<a href=\"https:\/\/eldigitaldeasturias.com\/magazine365\/category\/noticias-actualidad\/\" title=\"Noticias y Actualidad\">Noticias y Actualidad<\/a>\n<\/span><span class=\"aioseo-breadcrumb-separator\">\u2013<\/span><span class=\"aioseo-breadcrumb\">\n\t<a href=\"https:\/\/eldigitaldeasturias.com\/magazine365\/el-bus-del-parc-nacional-de-aiguestortes-comenzara-la-temporada-estival-este-martes\/\" title=\"El bus del Parc Nacional de Aig\u00fcestortes comenzar\u00e1 la temporada estival este martes\">El bus del Parc Nacional de Aig\u00fcestortes comenzar\u00e1 la temporada estival este martes<\/a>\n<\/span><\/div>","aioseo_breadcrumb_json":[{"label":"Home","link":"https:\/\/eldigitaldeasturias.com\/magazine365"},{"label":"Noticias y Actualidad","link":"https:\/\/eldigitaldeasturias.com\/magazine365\/category\/noticias-actualidad\/"},{"label":"El bus del Parc Nacional de Aig\u00fcestortes comenzar\u00e1 la temporada estival este martes","link":"https:\/\/eldigitaldeasturias.com\/magazine365\/el-bus-del-parc-nacional-de-aiguestortes-comenzara-la-temporada-estival-este-martes\/"}],"_links":{"self":[{"href":"https:\/\/eldigitaldeasturias.com\/magazine365\/wp-json\/wp\/v2\/posts\/80179","targetHints":{"allow":["GET"]}}],"collection":[{"href":"https:\/\/eldigitaldeasturias.com\/magazine365\/wp-json\/wp\/v2\/posts"}],"about":[{"href":"https:\/\/eldigitaldeasturias.com\/magazine365\/wp-json\/wp\/v2\/types\/post"}],"author":[{"embeddable":true,"href":"https:\/\/eldigitaldeasturias.com\/magazine365\/wp-json\/wp\/v2\/users\/1"}],"replies":[{"embeddable":true,"href":"https:\/\/eldigitaldeasturias.com\/magazine365\/wp-json\/wp\/v2\/comments?post=80179"}],"version-history":[{"count":0,"href":"https:\/\/eldigitaldeasturias.com\/magazine365\/wp-json\/wp\/v2\/posts\/80179\/revisions"}],"wp:featuredmedia":[{"embeddable":true,"href":"https:\/\/eldigitaldeasturias.com\/magazine365\/wp-json\/wp\/v2\/media\/80180"}],"wp:attachment":[{"href":"https:\/\/eldigitaldeasturias.com\/magazine365\/wp-json\/wp\/v2\/media?parent=80179"}],"wp:term":[{"taxonomy":"category","embeddable":true,"href":"https:\/\/eldigitaldeasturias.com\/magazine365\/wp-json\/wp\/v2\/categories?post=80179"},{"taxonomy":"post_tag","embeddable":true,"href":"https:\/\/eldigitaldeasturias.com\/magazine365\/wp-json\/wp\/v2\/tags?post=80179"}],"curies":[{"name":"wp","href":"https:\/\/api.w.org\/{rel}","templated":true}]}}