{"id":80160,"date":"2016-06-20T20:28:02","date_gmt":"2016-06-20T18:28:02","guid":{"rendered":"http:\/\/eldigitaldeasturias.com\/magazine365\/?p=80160"},"modified":"2016-06-20T20:28:02","modified_gmt":"2016-06-20T18:28:02","slug":"metro-de-madrid-cifra-en-un-94-el-seguimiento-de-los-paros-parciales-de-este-lunes","status":"publish","type":"post","link":"https:\/\/eldigitaldeasturias.com\/magazine365\/metro-de-madrid-cifra-en-un-94-el-seguimiento-de-los-paros-parciales-de-este-lunes\/","title":{"rendered":"Metro de Madrid cifra en un 94% el seguimiento de los paros parciales de este lunes"},"content":{"rendered":"<p><img fetchpriority=\"high\" decoding=\"async\" class=\"alignleft size-medium wp-image-80161\" src=\"https:\/\/eldigitaldeasturias.com\/magazine365\/wp-content\/uploads\/2016\/06\/fotonoticia_20160620144648_800-360x239.jpg\" alt=\"fotonoticia_20160620144648_800\" width=\"360\" height=\"239\" srcset=\"https:\/\/eldigitaldeasturias.com\/magazine365\/wp-content\/uploads\/2016\/06\/fotonoticia_20160620144648_800-360x239.jpg 360w, https:\/\/eldigitaldeasturias.com\/magazine365\/wp-content\/uploads\/2016\/06\/fotonoticia_20160620144648_800-650x431.jpg 650w, https:\/\/eldigitaldeasturias.com\/magazine365\/wp-content\/uploads\/2016\/06\/fotonoticia_20160620144648_800-768x509.jpg 768w, https:\/\/eldigitaldeasturias.com\/magazine365\/wp-content\/uploads\/2016\/06\/fotonoticia_20160620144648_800-150x99.jpg 150w, https:\/\/eldigitaldeasturias.com\/magazine365\/wp-content\/uploads\/2016\/06\/fotonoticia_20160620144648_800-450x298.jpg 450w, https:\/\/eldigitaldeasturias.com\/magazine365\/wp-content\/uploads\/2016\/06\/fotonoticia_20160620144648_800-121x79.jpg 121w, https:\/\/eldigitaldeasturias.com\/magazine365\/wp-content\/uploads\/2016\/06\/fotonoticia_20160620144648_800-101x66.jpg 101w, https:\/\/eldigitaldeasturias.com\/magazine365\/wp-content\/uploads\/2016\/06\/fotonoticia_20160620144648_800.jpg 800w\" sizes=\"(max-width: 360px) 100vw, 360px\" \/>Metro de Madrid cifra en un 94 por ciento el seguimiento de los paros parciales convocados esta ma\u00f1ana para el colectivo de maquinistas del suburbano, seg\u00fan indican fuentes de la compa\u00f1\u00eda a Europa Press.<\/p>\n<p>Adem\u00e1s, recalcan que se han cumplido los servicios m\u00ednimos del 68 por ciento de los trenes que circulan habitualmente entre la franja horaria de 6.30 a 9 horas, horario en el que estaban convocados los paros.<\/p>\n<p>Se trata de la primera jornada durante esta semana de una nueva ronda de paros parciales tras la que tuvieron lugar del 13 al 17 de este mes. Este lunes hay prevista una reuni\u00f3n entre Metro y sindicatos para tratar de desbloquear la negociaci\u00f3n del convenio colectivo.<\/p>\n","protected":false},"excerpt":{"rendered":"<p>Metro de Madrid cifra en un 94 por ciento el seguimiento de los paros parciales convocados esta ma\u00f1ana para el colectivo de maquinistas del suburbano, seg\u00fan indican fuentes de la compa\u00f1\u00eda a Europa Press. Adem\u00e1s, recalcan que se han cumplido los servicios m\u00ednimos del 68 por ciento de los trenes que circulan habitualmente entre la<\/p>\n","protected":false},"author":1,"featured_media":80161,"comment_status":"open","ping_status":"closed","sticky":false,"template":"","format":"standard","meta":{"footnotes":""},"categories":[224],"tags":[],"class_list":{"0":"post-80160","1":"post","2":"type-post","3":"status-publish","4":"format-standard","5":"has-post-thumbnail","7":"category-noticias-actualidad"},"aioseo_notices":[],"aioseo_head":"\n\t\t<!-- All in One SEO Pro 4.9.6.1 - aioseo.com -->\n\t<meta name=\"description\" content=\"Metro de Madrid cifra en un 94 por ciento el seguimiento de los paros parciales convocados esta ma\u00f1ana para el colectivo de maquinistas del suburbano, seg\u00fan indican fuentes de la compa\u00f1\u00eda a Europa Press. Adem\u00e1s, recalcan que se han cumplido los servicios m\u00ednimos del 68 por ciento de los trenes que circulan habitualmente entre la\" \/>\n\t<meta name=\"robots\" content=\"max-image-preview:large\" \/>\n\t<meta name=\"author\" content=\"admin\"\/>\n\t<meta name=\"google-site-verification\" content=\"UA-38556648-1\" \/>\n\t<meta name=\"keywords\" content=\"noticias y actualidad\" \/>\n\t<link rel=\"canonical\" href=\"https:\/\/eldigitaldeasturias.com\/magazine365\/metro-de-madrid-cifra-en-un-94-el-seguimiento-de-los-paros-parciales-de-este-lunes\/\" \/>\n\t<meta name=\"generator\" content=\"All in One SEO Pro (AIOSEO) 4.9.6.1\" \/>\n\t\t<meta property=\"og:locale\" content=\"es_ES\" \/>\n\t\t<meta property=\"og:site_name\" content=\"El Digital de Asturias \u2013 Revista de ocio, turismo y estilo de vida\" \/>\n\t\t<meta property=\"og:type\" content=\"article\" \/>\n\t\t<meta property=\"og:title\" content=\"Metro de Madrid cifra en un 94% el seguimiento de los paros parciales de este lunes | El Digital de Asturias\" \/>\n\t\t<meta property=\"og:description\" content=\"Metro de Madrid cifra en un 94 por ciento el seguimiento de los paros parciales convocados esta ma\u00f1ana para el colectivo de maquinistas del suburbano, seg\u00fan indican fuentes de la compa\u00f1\u00eda a Europa Press. Adem\u00e1s, recalcan que se han cumplido los servicios m\u00ednimos del 68 por ciento de los trenes que circulan habitualmente entre la\" \/>\n\t\t<meta property=\"og:url\" content=\"https:\/\/eldigitaldeasturias.com\/magazine365\/metro-de-madrid-cifra-en-un-94-el-seguimiento-de-los-paros-parciales-de-este-lunes\/\" \/>\n\t\t<meta property=\"og:image\" content=\"https:\/\/eldigitaldeasturias.com\/magazine365\/wp-content\/uploads\/2016\/06\/fotonoticia_20160620144648_800.jpg\" \/>\n\t\t<meta property=\"og:image:secure_url\" content=\"https:\/\/eldigitaldeasturias.com\/magazine365\/wp-content\/uploads\/2016\/06\/fotonoticia_20160620144648_800.jpg\" \/>\n\t\t<meta property=\"og:image:width\" content=\"800\" \/>\n\t\t<meta property=\"og:image:height\" content=\"530\" \/>\n\t\t<meta property=\"article:published_time\" content=\"2016-06-20T18:28:02+00:00\" \/>\n\t\t<meta property=\"article:modified_time\" content=\"2016-06-20T18:28:02+00:00\" \/>\n\t\t<meta name=\"twitter:card\" content=\"summary_large_image\" \/>\n\t\t<meta name=\"twitter:title\" content=\"Metro de Madrid cifra en un 94% el seguimiento de los paros parciales de este lunes | El Digital de Asturias\" \/>\n\t\t<meta name=\"twitter:description\" content=\"Metro de Madrid cifra en un 94 por ciento el seguimiento de los paros parciales convocados esta ma\u00f1ana para el colectivo de maquinistas del suburbano, seg\u00fan indican fuentes de la compa\u00f1\u00eda a Europa Press. Adem\u00e1s, recalcan que se han cumplido los servicios m\u00ednimos del 68 por ciento de los trenes que circulan habitualmente entre la\" \/>\n\t\t<meta name=\"twitter:image\" content=\"https:\/\/eldigitaldeasturias.com\/magazine365\/wp-content\/uploads\/2016\/06\/fotonoticia_20160620144648_800.jpg\" \/>\n\t\t<script type=\"application\/ld+json\" class=\"aioseo-schema\">\n\t\t\t{\"@context\":\"https:\\\/\\\/schema.org\",\"@graph\":[{\"@type\":\"Article\",\"@id\":\"https:\\\/\\\/eldigitaldeasturias.com\\\/magazine365\\\/metro-de-madrid-cifra-en-un-94-el-seguimiento-de-los-paros-parciales-de-este-lunes\\\/#article\",\"name\":\"Metro de Madrid cifra en un 94% el seguimiento de los paros parciales de este lunes | El Digital de Asturias\",\"headline\":\"Metro de Madrid cifra en un 94% el seguimiento de los paros parciales de este lunes\",\"author\":{\"@id\":\"https:\\\/\\\/eldigitaldeasturias.com\\\/magazine365\\\/author\\\/admin\\\/#author\"},\"publisher\":{\"@id\":\"https:\\\/\\\/eldigitaldeasturias.com\\\/magazine365\\\/#organization\"},\"image\":{\"@type\":\"ImageObject\",\"url\":\"https:\\\/\\\/eldigitaldeasturias.com\\\/magazine365\\\/wp-content\\\/uploads\\\/2016\\\/06\\\/fotonoticia_20160620144648_800.jpg\",\"width\":800,\"height\":530},\"datePublished\":\"2016-06-20T20:28:02+02:00\",\"dateModified\":\"2016-06-20T20:28:02+02:00\",\"inLanguage\":\"es-ES\",\"mainEntityOfPage\":{\"@id\":\"https:\\\/\\\/eldigitaldeasturias.com\\\/magazine365\\\/metro-de-madrid-cifra-en-un-94-el-seguimiento-de-los-paros-parciales-de-este-lunes\\\/#webpage\"},\"isPartOf\":{\"@id\":\"https:\\\/\\\/eldigitaldeasturias.com\\\/magazine365\\\/metro-de-madrid-cifra-en-un-94-el-seguimiento-de-los-paros-parciales-de-este-lunes\\\/#webpage\"},\"articleSection\":\"Noticias y Actualidad\"},{\"@type\":\"BreadcrumbList\",\"@id\":\"https:\\\/\\\/eldigitaldeasturias.com\\\/magazine365\\\/metro-de-madrid-cifra-en-un-94-el-seguimiento-de-los-paros-parciales-de-este-lunes\\\/#breadcrumblist\",\"itemListElement\":[{\"@type\":\"ListItem\",\"@id\":\"https:\\\/\\\/eldigitaldeasturias.com\\\/magazine365#listItem\",\"position\":1,\"name\":\"Home\",\"item\":\"https:\\\/\\\/eldigitaldeasturias.com\\\/magazine365\",\"nextItem\":{\"@type\":\"ListItem\",\"@id\":\"https:\\\/\\\/eldigitaldeasturias.com\\\/magazine365\\\/category\\\/noticias-actualidad\\\/#listItem\",\"name\":\"Noticias y Actualidad\"}},{\"@type\":\"ListItem\",\"@id\":\"https:\\\/\\\/eldigitaldeasturias.com\\\/magazine365\\\/category\\\/noticias-actualidad\\\/#listItem\",\"position\":2,\"name\":\"Noticias y Actualidad\",\"item\":\"https:\\\/\\\/eldigitaldeasturias.com\\\/magazine365\\\/category\\\/noticias-actualidad\\\/\",\"nextItem\":{\"@type\":\"ListItem\",\"@id\":\"https:\\\/\\\/eldigitaldeasturias.com\\\/magazine365\\\/metro-de-madrid-cifra-en-un-94-el-seguimiento-de-los-paros-parciales-de-este-lunes\\\/#listItem\",\"name\":\"Metro de Madrid cifra en un 94% el seguimiento de los paros parciales de este lunes\"},\"previousItem\":{\"@type\":\"ListItem\",\"@id\":\"https:\\\/\\\/eldigitaldeasturias.com\\\/magazine365#listItem\",\"name\":\"Home\"}},{\"@type\":\"ListItem\",\"@id\":\"https:\\\/\\\/eldigitaldeasturias.com\\\/magazine365\\\/metro-de-madrid-cifra-en-un-94-el-seguimiento-de-los-paros-parciales-de-este-lunes\\\/#listItem\",\"position\":3,\"name\":\"Metro de Madrid cifra en un 94% el seguimiento de los paros parciales de este lunes\",\"previousItem\":{\"@type\":\"ListItem\",\"@id\":\"https:\\\/\\\/eldigitaldeasturias.com\\\/magazine365\\\/category\\\/noticias-actualidad\\\/#listItem\",\"name\":\"Noticias y Actualidad\"}}]},{\"@type\":\"Organization\",\"@id\":\"https:\\\/\\\/eldigitaldeasturias.com\\\/magazine365\\\/#organization\",\"name\":\"El digital de Asturias\",\"description\":\"Revista de ocio, turismo y estilo de vida\",\"url\":\"https:\\\/\\\/eldigitaldeasturias.com\\\/magazine365\\\/\",\"logo\":{\"@type\":\"ImageObject\",\"url\":\"https:\\\/\\\/www.eldigitaldeasturias.com\\\/noticias\\\/wp-content\\\/uploads\\\/2020\\\/12\\\/EDA.jpg\",\"@id\":\"https:\\\/\\\/eldigitaldeasturias.com\\\/magazine365\\\/metro-de-madrid-cifra-en-un-94-el-seguimiento-de-los-paros-parciales-de-este-lunes\\\/#organizationLogo\"},\"image\":{\"@id\":\"https:\\\/\\\/eldigitaldeasturias.com\\\/magazine365\\\/metro-de-madrid-cifra-en-un-94-el-seguimiento-de-los-paros-parciales-de-este-lunes\\\/#organizationLogo\"}},{\"@type\":\"Person\",\"@id\":\"https:\\\/\\\/eldigitaldeasturias.com\\\/magazine365\\\/author\\\/admin\\\/#author\",\"url\":\"https:\\\/\\\/eldigitaldeasturias.com\\\/magazine365\\\/author\\\/admin\\\/\",\"name\":\"admin\",\"image\":{\"@type\":\"ImageObject\",\"@id\":\"https:\\\/\\\/eldigitaldeasturias.com\\\/magazine365\\\/metro-de-madrid-cifra-en-un-94-el-seguimiento-de-los-paros-parciales-de-este-lunes\\\/#authorImage\",\"url\":\"https:\\\/\\\/eldigitaldeasturias.com\\\/magazine365\\\/wp-content\\\/litespeed\\\/avatar\\\/e571bcf59a0edd6fa6838245a470f2fe.jpg?ver=1776969259\",\"width\":96,\"height\":96,\"caption\":\"admin\"}},{\"@type\":\"WebPage\",\"@id\":\"https:\\\/\\\/eldigitaldeasturias.com\\\/magazine365\\\/metro-de-madrid-cifra-en-un-94-el-seguimiento-de-los-paros-parciales-de-este-lunes\\\/#webpage\",\"url\":\"https:\\\/\\\/eldigitaldeasturias.com\\\/magazine365\\\/metro-de-madrid-cifra-en-un-94-el-seguimiento-de-los-paros-parciales-de-este-lunes\\\/\",\"name\":\"Metro de Madrid cifra en un 94% el seguimiento de los paros parciales de este lunes | El Digital de Asturias\",\"description\":\"Metro de Madrid cifra en un 94 por ciento el seguimiento de los paros parciales convocados esta ma\\u00f1ana para el colectivo de maquinistas del suburbano, seg\\u00fan indican fuentes de la compa\\u00f1\\u00eda a Europa Press. Adem\\u00e1s, recalcan que se han cumplido los servicios m\\u00ednimos del 68 por ciento de los trenes que circulan habitualmente entre la\",\"inLanguage\":\"es-ES\",\"isPartOf\":{\"@id\":\"https:\\\/\\\/eldigitaldeasturias.com\\\/magazine365\\\/#website\"},\"breadcrumb\":{\"@id\":\"https:\\\/\\\/eldigitaldeasturias.com\\\/magazine365\\\/metro-de-madrid-cifra-en-un-94-el-seguimiento-de-los-paros-parciales-de-este-lunes\\\/#breadcrumblist\"},\"author\":{\"@id\":\"https:\\\/\\\/eldigitaldeasturias.com\\\/magazine365\\\/author\\\/admin\\\/#author\"},\"creator\":{\"@id\":\"https:\\\/\\\/eldigitaldeasturias.com\\\/magazine365\\\/author\\\/admin\\\/#author\"},\"image\":{\"@type\":\"ImageObject\",\"url\":\"https:\\\/\\\/eldigitaldeasturias.com\\\/magazine365\\\/wp-content\\\/uploads\\\/2016\\\/06\\\/fotonoticia_20160620144648_800.jpg\",\"@id\":\"https:\\\/\\\/eldigitaldeasturias.com\\\/magazine365\\\/metro-de-madrid-cifra-en-un-94-el-seguimiento-de-los-paros-parciales-de-este-lunes\\\/#mainImage\",\"width\":800,\"height\":530},\"primaryImageOfPage\":{\"@id\":\"https:\\\/\\\/eldigitaldeasturias.com\\\/magazine365\\\/metro-de-madrid-cifra-en-un-94-el-seguimiento-de-los-paros-parciales-de-este-lunes\\\/#mainImage\"},\"datePublished\":\"2016-06-20T20:28:02+02:00\",\"dateModified\":\"2016-06-20T20:28:02+02:00\"},{\"@type\":\"WebSite\",\"@id\":\"https:\\\/\\\/eldigitaldeasturias.com\\\/magazine365\\\/#website\",\"url\":\"https:\\\/\\\/eldigitaldeasturias.com\\\/magazine365\\\/\",\"name\":\"El Digital de Asturias\",\"description\":\"Revista de ocio, turismo y estilo de vida\",\"inLanguage\":\"es-ES\",\"publisher\":{\"@id\":\"https:\\\/\\\/eldigitaldeasturias.com\\\/magazine365\\\/#organization\"}}]}\n\t\t<\/script>\n\t\t<!-- All in One SEO Pro -->\r\n\t\t<title>Metro de Madrid cifra en un 94% el seguimiento de los paros parciales de este lunes | El Digital de Asturias<\/title>\n\n","aioseo_head_json":{"title":"Metro de Madrid cifra en un 94% el seguimiento de los paros parciales de este lunes | El Digital de Asturias","description":"Metro de Madrid cifra en un 94 por ciento el seguimiento de los paros parciales convocados esta ma\u00f1ana para el colectivo de maquinistas del suburbano, seg\u00fan indican fuentes de la compa\u00f1\u00eda a Europa Press. Adem\u00e1s, recalcan que se han cumplido los servicios m\u00ednimos del 68 por ciento de los trenes que circulan habitualmente entre la","canonical_url":"https:\/\/eldigitaldeasturias.com\/magazine365\/metro-de-madrid-cifra-en-un-94-el-seguimiento-de-los-paros-parciales-de-este-lunes\/","robots":"max-image-preview:large","keywords":"noticias y actualidad","webmasterTools":{"google-site-verification":"UA-38556648-1","miscellaneous":""},"schema":{"@context":"https:\/\/schema.org","@graph":[{"@type":"Article","@id":"https:\/\/eldigitaldeasturias.com\/magazine365\/metro-de-madrid-cifra-en-un-94-el-seguimiento-de-los-paros-parciales-de-este-lunes\/#article","name":"Metro de Madrid cifra en un 94% el seguimiento de los paros parciales de este lunes | El Digital de Asturias","headline":"Metro de Madrid cifra en un 94% el seguimiento de los paros parciales de este lunes","author":{"@id":"https:\/\/eldigitaldeasturias.com\/magazine365\/author\/admin\/#author"},"publisher":{"@id":"https:\/\/eldigitaldeasturias.com\/magazine365\/#organization"},"image":{"@type":"ImageObject","url":"https:\/\/eldigitaldeasturias.com\/magazine365\/wp-content\/uploads\/2016\/06\/fotonoticia_20160620144648_800.jpg","width":800,"height":530},"datePublished":"2016-06-20T20:28:02+02:00","dateModified":"2016-06-20T20:28:02+02:00","inLanguage":"es-ES","mainEntityOfPage":{"@id":"https:\/\/eldigitaldeasturias.com\/magazine365\/metro-de-madrid-cifra-en-un-94-el-seguimiento-de-los-paros-parciales-de-este-lunes\/#webpage"},"isPartOf":{"@id":"https:\/\/eldigitaldeasturias.com\/magazine365\/metro-de-madrid-cifra-en-un-94-el-seguimiento-de-los-paros-parciales-de-este-lunes\/#webpage"},"articleSection":"Noticias y Actualidad"},{"@type":"BreadcrumbList","@id":"https:\/\/eldigitaldeasturias.com\/magazine365\/metro-de-madrid-cifra-en-un-94-el-seguimiento-de-los-paros-parciales-de-este-lunes\/#breadcrumblist","itemListElement":[{"@type":"ListItem","@id":"https:\/\/eldigitaldeasturias.com\/magazine365#listItem","position":1,"name":"Home","item":"https:\/\/eldigitaldeasturias.com\/magazine365","nextItem":{"@type":"ListItem","@id":"https:\/\/eldigitaldeasturias.com\/magazine365\/category\/noticias-actualidad\/#listItem","name":"Noticias y Actualidad"}},{"@type":"ListItem","@id":"https:\/\/eldigitaldeasturias.com\/magazine365\/category\/noticias-actualidad\/#listItem","position":2,"name":"Noticias y Actualidad","item":"https:\/\/eldigitaldeasturias.com\/magazine365\/category\/noticias-actualidad\/","nextItem":{"@type":"ListItem","@id":"https:\/\/eldigitaldeasturias.com\/magazine365\/metro-de-madrid-cifra-en-un-94-el-seguimiento-de-los-paros-parciales-de-este-lunes\/#listItem","name":"Metro de Madrid cifra en un 94% el seguimiento de los paros parciales de este lunes"},"previousItem":{"@type":"ListItem","@id":"https:\/\/eldigitaldeasturias.com\/magazine365#listItem","name":"Home"}},{"@type":"ListItem","@id":"https:\/\/eldigitaldeasturias.com\/magazine365\/metro-de-madrid-cifra-en-un-94-el-seguimiento-de-los-paros-parciales-de-este-lunes\/#listItem","position":3,"name":"Metro de Madrid cifra en un 94% el seguimiento de los paros parciales de este lunes","previousItem":{"@type":"ListItem","@id":"https:\/\/eldigitaldeasturias.com\/magazine365\/category\/noticias-actualidad\/#listItem","name":"Noticias y Actualidad"}}]},{"@type":"Organization","@id":"https:\/\/eldigitaldeasturias.com\/magazine365\/#organization","name":"El digital de Asturias","description":"Revista de ocio, turismo y estilo de vida","url":"https:\/\/eldigitaldeasturias.com\/magazine365\/","logo":{"@type":"ImageObject","url":"https:\/\/www.eldigitaldeasturias.com\/noticias\/wp-content\/uploads\/2020\/12\/EDA.jpg","@id":"https:\/\/eldigitaldeasturias.com\/magazine365\/metro-de-madrid-cifra-en-un-94-el-seguimiento-de-los-paros-parciales-de-este-lunes\/#organizationLogo"},"image":{"@id":"https:\/\/eldigitaldeasturias.com\/magazine365\/metro-de-madrid-cifra-en-un-94-el-seguimiento-de-los-paros-parciales-de-este-lunes\/#organizationLogo"}},{"@type":"Person","@id":"https:\/\/eldigitaldeasturias.com\/magazine365\/author\/admin\/#author","url":"https:\/\/eldigitaldeasturias.com\/magazine365\/author\/admin\/","name":"admin","image":{"@type":"ImageObject","@id":"https:\/\/eldigitaldeasturias.com\/magazine365\/metro-de-madrid-cifra-en-un-94-el-seguimiento-de-los-paros-parciales-de-este-lunes\/#authorImage","url":"https:\/\/eldigitaldeasturias.com\/magazine365\/wp-content\/litespeed\/avatar\/e571bcf59a0edd6fa6838245a470f2fe.jpg?ver=1776969259","width":96,"height":96,"caption":"admin"}},{"@type":"WebPage","@id":"https:\/\/eldigitaldeasturias.com\/magazine365\/metro-de-madrid-cifra-en-un-94-el-seguimiento-de-los-paros-parciales-de-este-lunes\/#webpage","url":"https:\/\/eldigitaldeasturias.com\/magazine365\/metro-de-madrid-cifra-en-un-94-el-seguimiento-de-los-paros-parciales-de-este-lunes\/","name":"Metro de Madrid cifra en un 94% el seguimiento de los paros parciales de este lunes | El Digital de Asturias","description":"Metro de Madrid cifra en un 94 por ciento el seguimiento de los paros parciales convocados esta ma\u00f1ana para el colectivo de maquinistas del suburbano, seg\u00fan indican fuentes de la compa\u00f1\u00eda a Europa Press. Adem\u00e1s, recalcan que se han cumplido los servicios m\u00ednimos del 68 por ciento de los trenes que circulan habitualmente entre la","inLanguage":"es-ES","isPartOf":{"@id":"https:\/\/eldigitaldeasturias.com\/magazine365\/#website"},"breadcrumb":{"@id":"https:\/\/eldigitaldeasturias.com\/magazine365\/metro-de-madrid-cifra-en-un-94-el-seguimiento-de-los-paros-parciales-de-este-lunes\/#breadcrumblist"},"author":{"@id":"https:\/\/eldigitaldeasturias.com\/magazine365\/author\/admin\/#author"},"creator":{"@id":"https:\/\/eldigitaldeasturias.com\/magazine365\/author\/admin\/#author"},"image":{"@type":"ImageObject","url":"https:\/\/eldigitaldeasturias.com\/magazine365\/wp-content\/uploads\/2016\/06\/fotonoticia_20160620144648_800.jpg","@id":"https:\/\/eldigitaldeasturias.com\/magazine365\/metro-de-madrid-cifra-en-un-94-el-seguimiento-de-los-paros-parciales-de-este-lunes\/#mainImage","width":800,"height":530},"primaryImageOfPage":{"@id":"https:\/\/eldigitaldeasturias.com\/magazine365\/metro-de-madrid-cifra-en-un-94-el-seguimiento-de-los-paros-parciales-de-este-lunes\/#mainImage"},"datePublished":"2016-06-20T20:28:02+02:00","dateModified":"2016-06-20T20:28:02+02:00"},{"@type":"WebSite","@id":"https:\/\/eldigitaldeasturias.com\/magazine365\/#website","url":"https:\/\/eldigitaldeasturias.com\/magazine365\/","name":"El Digital de Asturias","description":"Revista de ocio, turismo y estilo de vida","inLanguage":"es-ES","publisher":{"@id":"https:\/\/eldigitaldeasturias.com\/magazine365\/#organization"}}]},"og:locale":"es_ES","og:site_name":"El Digital de Asturias \u2013 Revista de ocio, turismo y estilo de vida","og:type":"article","og:title":"Metro de Madrid cifra en un 94% el seguimiento de los paros parciales de este lunes | El Digital de Asturias","og:description":"Metro de Madrid cifra en un 94 por ciento el seguimiento de los paros parciales convocados esta ma\u00f1ana para el colectivo de maquinistas del suburbano, seg\u00fan indican fuentes de la compa\u00f1\u00eda a Europa Press. Adem\u00e1s, recalcan que se han cumplido los servicios m\u00ednimos del 68 por ciento de los trenes que circulan habitualmente entre la","og:url":"https:\/\/eldigitaldeasturias.com\/magazine365\/metro-de-madrid-cifra-en-un-94-el-seguimiento-de-los-paros-parciales-de-este-lunes\/","og:image":"https:\/\/eldigitaldeasturias.com\/magazine365\/wp-content\/uploads\/2016\/06\/fotonoticia_20160620144648_800.jpg","og:image:secure_url":"https:\/\/eldigitaldeasturias.com\/magazine365\/wp-content\/uploads\/2016\/06\/fotonoticia_20160620144648_800.jpg","og:image:width":800,"og:image:height":530,"article:published_time":"2016-06-20T18:28:02+00:00","article:modified_time":"2016-06-20T18:28:02+00:00","twitter:card":"summary_large_image","twitter:title":"Metro de Madrid cifra en un 94% el seguimiento de los paros parciales de este lunes | El Digital de Asturias","twitter:description":"Metro de Madrid cifra en un 94 por ciento el seguimiento de los paros parciales convocados esta ma\u00f1ana para el colectivo de maquinistas del suburbano, seg\u00fan indican fuentes de la compa\u00f1\u00eda a Europa Press. Adem\u00e1s, recalcan que se han cumplido los servicios m\u00ednimos del 68 por ciento de los trenes que circulan habitualmente entre la","twitter:image":"https:\/\/eldigitaldeasturias.com\/magazine365\/wp-content\/uploads\/2016\/06\/fotonoticia_20160620144648_800.jpg"},"aioseo_meta_data":{"post_id":"80160","title":null,"description":null,"keywords":null,"keyphrases":null,"primary_term":null,"canonical_url":null,"og_title":null,"og_description":null,"og_object_type":"default","og_image_type":"default","og_image_url":null,"og_image_width":null,"og_image_height":null,"og_image_custom_url":null,"og_image_custom_fields":null,"og_video":null,"og_custom_url":null,"og_article_section":null,"og_article_tags":null,"twitter_use_og":false,"twitter_card":"default","twitter_image_type":"default","twitter_image_url":null,"twitter_image_custom_url":null,"twitter_image_custom_fields":null,"twitter_title":null,"twitter_description":null,"schema":{"blockGraphs":[],"customGraphs":[],"default":{"data":{"Article":[],"Course":[],"Dataset":[],"FAQPage":[],"Movie":[],"Person":[],"Product":[],"ProductReview":[],"Car":[],"Recipe":[],"Service":[],"SoftwareApplication":[],"WebPage":[]},"graphName":"","isEnabled":true},"graphs":[],"defaultGraph":"","defaultPostTypeGraph":""},"schema_type":null,"schema_type_options":null,"pillar_content":false,"robots_default":true,"robots_noindex":false,"robots_noarchive":false,"robots_nosnippet":false,"robots_nofollow":false,"robots_noimageindex":false,"robots_noodp":false,"robots_notranslate":false,"robots_max_snippet":null,"robots_max_videopreview":null,"robots_max_imagepreview":"large","priority":null,"frequency":null,"location":null,"local_seo":null,"seo_analyzer_scan_date":"2025-09-27 20:18:01","breadcrumb_settings":null,"limit_modified_date":false,"open_ai":null,"ai":null,"created":"2021-03-08 17:38:50","updated":"2025-09-27 20:18:01"},"aioseo_breadcrumb":"<div class=\"aioseo-breadcrumbs\"><span class=\"aioseo-breadcrumb\">\n\t<a href=\"https:\/\/eldigitaldeasturias.com\/magazine365\" title=\"Home\">Home<\/a>\n<\/span><span class=\"aioseo-breadcrumb-separator\">\u2013<\/span><span class=\"aioseo-breadcrumb\">\n\t<a href=\"https:\/\/eldigitaldeasturias.com\/magazine365\/category\/noticias-actualidad\/\" title=\"Noticias y Actualidad\">Noticias y Actualidad<\/a>\n<\/span><span class=\"aioseo-breadcrumb-separator\">\u2013<\/span><span class=\"aioseo-breadcrumb\">\n\t<a href=\"https:\/\/eldigitaldeasturias.com\/magazine365\/metro-de-madrid-cifra-en-un-94-el-seguimiento-de-los-paros-parciales-de-este-lunes\/\" title=\"Metro de Madrid cifra en un 94% el seguimiento de los paros parciales de este lunes\">Metro de Madrid cifra en un 94% el seguimiento de los paros parciales de este lunes<\/a>\n<\/span><\/div>","aioseo_breadcrumb_json":[{"label":"Home","link":"https:\/\/eldigitaldeasturias.com\/magazine365"},{"label":"Noticias y Actualidad","link":"https:\/\/eldigitaldeasturias.com\/magazine365\/category\/noticias-actualidad\/"},{"label":"Metro de Madrid cifra en un 94% el seguimiento de los paros parciales de este lunes","link":"https:\/\/eldigitaldeasturias.com\/magazine365\/metro-de-madrid-cifra-en-un-94-el-seguimiento-de-los-paros-parciales-de-este-lunes\/"}],"_links":{"self":[{"href":"https:\/\/eldigitaldeasturias.com\/magazine365\/wp-json\/wp\/v2\/posts\/80160","targetHints":{"allow":["GET"]}}],"collection":[{"href":"https:\/\/eldigitaldeasturias.com\/magazine365\/wp-json\/wp\/v2\/posts"}],"about":[{"href":"https:\/\/eldigitaldeasturias.com\/magazine365\/wp-json\/wp\/v2\/types\/post"}],"author":[{"embeddable":true,"href":"https:\/\/eldigitaldeasturias.com\/magazine365\/wp-json\/wp\/v2\/users\/1"}],"replies":[{"embeddable":true,"href":"https:\/\/eldigitaldeasturias.com\/magazine365\/wp-json\/wp\/v2\/comments?post=80160"}],"version-history":[{"count":0,"href":"https:\/\/eldigitaldeasturias.com\/magazine365\/wp-json\/wp\/v2\/posts\/80160\/revisions"}],"wp:featuredmedia":[{"embeddable":true,"href":"https:\/\/eldigitaldeasturias.com\/magazine365\/wp-json\/wp\/v2\/media\/80161"}],"wp:attachment":[{"href":"https:\/\/eldigitaldeasturias.com\/magazine365\/wp-json\/wp\/v2\/media?parent=80160"}],"wp:term":[{"taxonomy":"category","embeddable":true,"href":"https:\/\/eldigitaldeasturias.com\/magazine365\/wp-json\/wp\/v2\/categories?post=80160"},{"taxonomy":"post_tag","embeddable":true,"href":"https:\/\/eldigitaldeasturias.com\/magazine365\/wp-json\/wp\/v2\/tags?post=80160"}],"curies":[{"name":"wp","href":"https:\/\/api.w.org\/{rel}","templated":true}]}}