{"id":80142,"date":"2016-06-20T15:59:17","date_gmt":"2016-06-20T13:59:17","guid":{"rendered":"http:\/\/eldigitaldeasturias.com\/magazine365\/?p=80142"},"modified":"2016-06-20T15:59:17","modified_gmt":"2016-06-20T13:59:17","slug":"feneval-contraria-a-cualquier-practica-en-contra-de-la-transparencia-en-el-alquiler-de-vehiculos","status":"publish","type":"post","link":"https:\/\/eldigitaldeasturias.com\/magazine365\/feneval-contraria-a-cualquier-practica-en-contra-de-la-transparencia-en-el-alquiler-de-vehiculos\/","title":{"rendered":"Feneval, contraria a cualquier pr\u00e1ctica en contra de la transparencia en el alquiler de veh\u00edculos"},"content":{"rendered":"<p><img fetchpriority=\"high\" decoding=\"async\" class=\"alignleft size-medium wp-image-80143\" src=\"https:\/\/eldigitaldeasturias.com\/magazine365\/wp-content\/uploads\/2016\/06\/fotonoticia_20160620142959_800-360x240.jpg\" alt=\"fotonoticia_20160620142959_800\" width=\"360\" height=\"240\" srcset=\"https:\/\/eldigitaldeasturias.com\/magazine365\/wp-content\/uploads\/2016\/06\/fotonoticia_20160620142959_800-360x240.jpg 360w, https:\/\/eldigitaldeasturias.com\/magazine365\/wp-content\/uploads\/2016\/06\/fotonoticia_20160620142959_800-650x433.jpg 650w, https:\/\/eldigitaldeasturias.com\/magazine365\/wp-content\/uploads\/2016\/06\/fotonoticia_20160620142959_800-768x512.jpg 768w, https:\/\/eldigitaldeasturias.com\/magazine365\/wp-content\/uploads\/2016\/06\/fotonoticia_20160620142959_800-150x100.jpg 150w, https:\/\/eldigitaldeasturias.com\/magazine365\/wp-content\/uploads\/2016\/06\/fotonoticia_20160620142959_800-450x300.jpg 450w, https:\/\/eldigitaldeasturias.com\/magazine365\/wp-content\/uploads\/2016\/06\/fotonoticia_20160620142959_800-101x66.jpg 101w, https:\/\/eldigitaldeasturias.com\/magazine365\/wp-content\/uploads\/2016\/06\/fotonoticia_20160620142959_800.jpg 800w\" sizes=\"(max-width: 360px) 100vw, 360px\" \/>La Federaci\u00f3n Nacional Empresarial de Alquiler de Veh\u00edculos con y sin Conductor (Feneval) ha mostrado su posici\u00f3n contraria a cualquier pr\u00e1ctica de falta de transparencia en las condiciones de contrataci\u00f3n del alquiler de veh\u00edculos.<\/p>\n<p>Feneval hizo esta afirmaci\u00f3n con motivo de las posibles malas pr\u00e1cticas comerciales en el &#8216;rent a car&#8217; y que han llevado a la Administraci\u00f3n balear a tomar medidas para evitar fraudes a los clientes.<\/p>\n<p>La organizaci\u00f3n ofreci\u00f3 su colaboraci\u00f3n a las autoridades administrativas baleares y de cualquier otra regi\u00f3n en todo lo referente a contribuir a mejorar las pr\u00e1cticas en el sector del alquiler de veh\u00edculos en Espa\u00f1a.<\/p>\n<p>As\u00ed, se opone a cualquier falta de transparencia y a cualquier enga\u00f1o al consumidor final, puesto que son los clientes los que, con su confianza, justifican cada d\u00eda su actividad empresarial y resalt\u00f3, como viene haciendo, la necesidad de adaptar la praxis comercial a los criterios de buenas pr\u00e1cticas consensuados por la organizaci\u00f3n europea Leaseurope y por las autoridades de consumo comunitarias.<\/p>\n<p>En este sentido, record\u00f3 que el cliente debe conocer desde que hace la reserva el producto y los servicios que va a recibir, as\u00ed como el precio total que tendr\u00e1 que abonar y cu\u00e1les son sus derechos y obligaciones durante el per\u00edodo en el que utilizar\u00e1 el veh\u00edculo.<\/p>\n<p>Al mismo tiempo, asegur\u00f3 que desde hace m\u00e1s de un a\u00f1o Feneval est\u00e1 esperando la aprobaci\u00f3n, por parte de la Direcci\u00f3n General de Transportes del Ministerio de Fomento, de unas condiciones generales de contrataci\u00f3n para el sector del &#8216;rent a car&#8217;, que sirvan para clarificar las \u00abreglas del juego\u00bb y que definan las garant\u00edas de los usuarios.<\/p>\n<p>Finalmente, Feneval subray\u00f3 que existen espacios exentos de control como son los alquileres de veh\u00edculos entre particulares, en las que resulta dif\u00edcil aplicar los est\u00e1ndares de calidad y garant\u00eda y servicio de las empresas del sector.<\/p>\n","protected":false},"excerpt":{"rendered":"<p>La Federaci\u00f3n Nacional Empresarial de Alquiler de Veh\u00edculos con y sin Conductor (Feneval) ha mostrado su posici\u00f3n contraria a cualquier pr\u00e1ctica de falta de transparencia en las condiciones de contrataci\u00f3n del alquiler de veh\u00edculos. Feneval hizo esta afirmaci\u00f3n con motivo de las posibles malas pr\u00e1cticas comerciales en el &#8216;rent a car&#8217; y que han llevado<\/p>\n","protected":false},"author":1,"featured_media":80143,"comment_status":"open","ping_status":"closed","sticky":false,"template":"","format":"standard","meta":{"footnotes":""},"categories":[224],"tags":[],"class_list":{"0":"post-80142","1":"post","2":"type-post","3":"status-publish","4":"format-standard","5":"has-post-thumbnail","7":"category-noticias-actualidad"},"aioseo_notices":[],"aioseo_head":"\n\t\t<!-- All in One SEO Pro 4.9.6.1 - aioseo.com -->\n\t<meta name=\"description\" content=\"La Federaci\u00f3n Nacional Empresarial de Alquiler de Veh\u00edculos con y sin Conductor (Feneval) ha mostrado su posici\u00f3n contraria a cualquier pr\u00e1ctica de falta de transparencia en las condiciones de contrataci\u00f3n del alquiler de veh\u00edculos. Feneval hizo esta afirmaci\u00f3n con motivo de las posibles malas pr\u00e1cticas comerciales en el &#039;rent a car&#039; y que han llevado\" \/>\n\t<meta name=\"robots\" content=\"max-image-preview:large\" \/>\n\t<meta name=\"author\" content=\"admin\"\/>\n\t<meta name=\"google-site-verification\" content=\"UA-38556648-1\" \/>\n\t<meta name=\"keywords\" content=\"noticias y actualidad\" \/>\n\t<link rel=\"canonical\" href=\"https:\/\/eldigitaldeasturias.com\/magazine365\/feneval-contraria-a-cualquier-practica-en-contra-de-la-transparencia-en-el-alquiler-de-vehiculos\/\" \/>\n\t<meta name=\"generator\" content=\"All in One SEO Pro (AIOSEO) 4.9.6.1\" \/>\n\t\t<meta property=\"og:locale\" content=\"es_ES\" \/>\n\t\t<meta property=\"og:site_name\" content=\"El Digital de Asturias \u2013 Revista de ocio, turismo y estilo de vida\" \/>\n\t\t<meta property=\"og:type\" content=\"article\" \/>\n\t\t<meta property=\"og:title\" content=\"Feneval, contraria a cualquier pr\u00e1ctica en contra de la transparencia en el alquiler de veh\u00edculos | El Digital de Asturias\" \/>\n\t\t<meta property=\"og:description\" content=\"La Federaci\u00f3n Nacional Empresarial de Alquiler de Veh\u00edculos con y sin Conductor (Feneval) ha mostrado su posici\u00f3n contraria a cualquier pr\u00e1ctica de falta de transparencia en las condiciones de contrataci\u00f3n del alquiler de veh\u00edculos. Feneval hizo esta afirmaci\u00f3n con motivo de las posibles malas pr\u00e1cticas comerciales en el &#039;rent a car&#039; y que han llevado\" \/>\n\t\t<meta property=\"og:url\" content=\"https:\/\/eldigitaldeasturias.com\/magazine365\/feneval-contraria-a-cualquier-practica-en-contra-de-la-transparencia-en-el-alquiler-de-vehiculos\/\" \/>\n\t\t<meta property=\"og:image\" content=\"https:\/\/eldigitaldeasturias.com\/magazine365\/wp-content\/uploads\/2016\/06\/fotonoticia_20160620142959_800.jpg\" \/>\n\t\t<meta property=\"og:image:secure_url\" content=\"https:\/\/eldigitaldeasturias.com\/magazine365\/wp-content\/uploads\/2016\/06\/fotonoticia_20160620142959_800.jpg\" \/>\n\t\t<meta property=\"og:image:width\" content=\"800\" \/>\n\t\t<meta property=\"og:image:height\" content=\"533\" \/>\n\t\t<meta property=\"article:published_time\" content=\"2016-06-20T13:59:17+00:00\" \/>\n\t\t<meta property=\"article:modified_time\" content=\"2016-06-20T13:59:17+00:00\" \/>\n\t\t<meta name=\"twitter:card\" content=\"summary_large_image\" \/>\n\t\t<meta name=\"twitter:title\" content=\"Feneval, contraria a cualquier pr\u00e1ctica en contra de la transparencia en el alquiler de veh\u00edculos | El Digital de Asturias\" \/>\n\t\t<meta name=\"twitter:description\" content=\"La Federaci\u00f3n Nacional Empresarial de Alquiler de Veh\u00edculos con y sin Conductor (Feneval) ha mostrado su posici\u00f3n contraria a cualquier pr\u00e1ctica de falta de transparencia en las condiciones de contrataci\u00f3n del alquiler de veh\u00edculos. Feneval hizo esta afirmaci\u00f3n con motivo de las posibles malas pr\u00e1cticas comerciales en el &#039;rent a car&#039; y que han llevado\" \/>\n\t\t<meta name=\"twitter:image\" content=\"https:\/\/eldigitaldeasturias.com\/magazine365\/wp-content\/uploads\/2016\/06\/fotonoticia_20160620142959_800.jpg\" \/>\n\t\t<script type=\"application\/ld+json\" class=\"aioseo-schema\">\n\t\t\t{\"@context\":\"https:\\\/\\\/schema.org\",\"@graph\":[{\"@type\":\"Article\",\"@id\":\"https:\\\/\\\/eldigitaldeasturias.com\\\/magazine365\\\/feneval-contraria-a-cualquier-practica-en-contra-de-la-transparencia-en-el-alquiler-de-vehiculos\\\/#article\",\"name\":\"Feneval, contraria a cualquier pr\\u00e1ctica en contra de la transparencia en el alquiler de veh\\u00edculos | El Digital de Asturias\",\"headline\":\"Feneval, contraria a cualquier pr\\u00e1ctica en contra de la transparencia en el alquiler de veh\\u00edculos\",\"author\":{\"@id\":\"https:\\\/\\\/eldigitaldeasturias.com\\\/magazine365\\\/author\\\/admin\\\/#author\"},\"publisher\":{\"@id\":\"https:\\\/\\\/eldigitaldeasturias.com\\\/magazine365\\\/#organization\"},\"image\":{\"@type\":\"ImageObject\",\"url\":\"https:\\\/\\\/eldigitaldeasturias.com\\\/magazine365\\\/wp-content\\\/uploads\\\/2016\\\/06\\\/fotonoticia_20160620142959_800.jpg\",\"width\":800,\"height\":533},\"datePublished\":\"2016-06-20T15:59:17+02:00\",\"dateModified\":\"2016-06-20T15:59:17+02:00\",\"inLanguage\":\"es-ES\",\"mainEntityOfPage\":{\"@id\":\"https:\\\/\\\/eldigitaldeasturias.com\\\/magazine365\\\/feneval-contraria-a-cualquier-practica-en-contra-de-la-transparencia-en-el-alquiler-de-vehiculos\\\/#webpage\"},\"isPartOf\":{\"@id\":\"https:\\\/\\\/eldigitaldeasturias.com\\\/magazine365\\\/feneval-contraria-a-cualquier-practica-en-contra-de-la-transparencia-en-el-alquiler-de-vehiculos\\\/#webpage\"},\"articleSection\":\"Noticias y Actualidad\"},{\"@type\":\"BreadcrumbList\",\"@id\":\"https:\\\/\\\/eldigitaldeasturias.com\\\/magazine365\\\/feneval-contraria-a-cualquier-practica-en-contra-de-la-transparencia-en-el-alquiler-de-vehiculos\\\/#breadcrumblist\",\"itemListElement\":[{\"@type\":\"ListItem\",\"@id\":\"https:\\\/\\\/eldigitaldeasturias.com\\\/magazine365#listItem\",\"position\":1,\"name\":\"Home\",\"item\":\"https:\\\/\\\/eldigitaldeasturias.com\\\/magazine365\",\"nextItem\":{\"@type\":\"ListItem\",\"@id\":\"https:\\\/\\\/eldigitaldeasturias.com\\\/magazine365\\\/category\\\/noticias-actualidad\\\/#listItem\",\"name\":\"Noticias y Actualidad\"}},{\"@type\":\"ListItem\",\"@id\":\"https:\\\/\\\/eldigitaldeasturias.com\\\/magazine365\\\/category\\\/noticias-actualidad\\\/#listItem\",\"position\":2,\"name\":\"Noticias y Actualidad\",\"item\":\"https:\\\/\\\/eldigitaldeasturias.com\\\/magazine365\\\/category\\\/noticias-actualidad\\\/\",\"nextItem\":{\"@type\":\"ListItem\",\"@id\":\"https:\\\/\\\/eldigitaldeasturias.com\\\/magazine365\\\/feneval-contraria-a-cualquier-practica-en-contra-de-la-transparencia-en-el-alquiler-de-vehiculos\\\/#listItem\",\"name\":\"Feneval, contraria a cualquier pr\\u00e1ctica en contra de la transparencia en el alquiler de veh\\u00edculos\"},\"previousItem\":{\"@type\":\"ListItem\",\"@id\":\"https:\\\/\\\/eldigitaldeasturias.com\\\/magazine365#listItem\",\"name\":\"Home\"}},{\"@type\":\"ListItem\",\"@id\":\"https:\\\/\\\/eldigitaldeasturias.com\\\/magazine365\\\/feneval-contraria-a-cualquier-practica-en-contra-de-la-transparencia-en-el-alquiler-de-vehiculos\\\/#listItem\",\"position\":3,\"name\":\"Feneval, contraria a cualquier pr\\u00e1ctica en contra de la transparencia en el alquiler de veh\\u00edculos\",\"previousItem\":{\"@type\":\"ListItem\",\"@id\":\"https:\\\/\\\/eldigitaldeasturias.com\\\/magazine365\\\/category\\\/noticias-actualidad\\\/#listItem\",\"name\":\"Noticias y Actualidad\"}}]},{\"@type\":\"Organization\",\"@id\":\"https:\\\/\\\/eldigitaldeasturias.com\\\/magazine365\\\/#organization\",\"name\":\"El digital de Asturias\",\"description\":\"Revista de ocio, turismo y estilo de vida\",\"url\":\"https:\\\/\\\/eldigitaldeasturias.com\\\/magazine365\\\/\",\"logo\":{\"@type\":\"ImageObject\",\"url\":\"https:\\\/\\\/www.eldigitaldeasturias.com\\\/noticias\\\/wp-content\\\/uploads\\\/2020\\\/12\\\/EDA.jpg\",\"@id\":\"https:\\\/\\\/eldigitaldeasturias.com\\\/magazine365\\\/feneval-contraria-a-cualquier-practica-en-contra-de-la-transparencia-en-el-alquiler-de-vehiculos\\\/#organizationLogo\"},\"image\":{\"@id\":\"https:\\\/\\\/eldigitaldeasturias.com\\\/magazine365\\\/feneval-contraria-a-cualquier-practica-en-contra-de-la-transparencia-en-el-alquiler-de-vehiculos\\\/#organizationLogo\"}},{\"@type\":\"Person\",\"@id\":\"https:\\\/\\\/eldigitaldeasturias.com\\\/magazine365\\\/author\\\/admin\\\/#author\",\"url\":\"https:\\\/\\\/eldigitaldeasturias.com\\\/magazine365\\\/author\\\/admin\\\/\",\"name\":\"admin\",\"image\":{\"@type\":\"ImageObject\",\"@id\":\"https:\\\/\\\/eldigitaldeasturias.com\\\/magazine365\\\/feneval-contraria-a-cualquier-practica-en-contra-de-la-transparencia-en-el-alquiler-de-vehiculos\\\/#authorImage\",\"url\":\"https:\\\/\\\/eldigitaldeasturias.com\\\/magazine365\\\/wp-content\\\/litespeed\\\/avatar\\\/e571bcf59a0edd6fa6838245a470f2fe.jpg?ver=1776969259\",\"width\":96,\"height\":96,\"caption\":\"admin\"}},{\"@type\":\"WebPage\",\"@id\":\"https:\\\/\\\/eldigitaldeasturias.com\\\/magazine365\\\/feneval-contraria-a-cualquier-practica-en-contra-de-la-transparencia-en-el-alquiler-de-vehiculos\\\/#webpage\",\"url\":\"https:\\\/\\\/eldigitaldeasturias.com\\\/magazine365\\\/feneval-contraria-a-cualquier-practica-en-contra-de-la-transparencia-en-el-alquiler-de-vehiculos\\\/\",\"name\":\"Feneval, contraria a cualquier pr\\u00e1ctica en contra de la transparencia en el alquiler de veh\\u00edculos | El Digital de Asturias\",\"description\":\"La Federaci\\u00f3n Nacional Empresarial de Alquiler de Veh\\u00edculos con y sin Conductor (Feneval) ha mostrado su posici\\u00f3n contraria a cualquier pr\\u00e1ctica de falta de transparencia en las condiciones de contrataci\\u00f3n del alquiler de veh\\u00edculos. Feneval hizo esta afirmaci\\u00f3n con motivo de las posibles malas pr\\u00e1cticas comerciales en el 'rent a car' y que han llevado\",\"inLanguage\":\"es-ES\",\"isPartOf\":{\"@id\":\"https:\\\/\\\/eldigitaldeasturias.com\\\/magazine365\\\/#website\"},\"breadcrumb\":{\"@id\":\"https:\\\/\\\/eldigitaldeasturias.com\\\/magazine365\\\/feneval-contraria-a-cualquier-practica-en-contra-de-la-transparencia-en-el-alquiler-de-vehiculos\\\/#breadcrumblist\"},\"author\":{\"@id\":\"https:\\\/\\\/eldigitaldeasturias.com\\\/magazine365\\\/author\\\/admin\\\/#author\"},\"creator\":{\"@id\":\"https:\\\/\\\/eldigitaldeasturias.com\\\/magazine365\\\/author\\\/admin\\\/#author\"},\"image\":{\"@type\":\"ImageObject\",\"url\":\"https:\\\/\\\/eldigitaldeasturias.com\\\/magazine365\\\/wp-content\\\/uploads\\\/2016\\\/06\\\/fotonoticia_20160620142959_800.jpg\",\"@id\":\"https:\\\/\\\/eldigitaldeasturias.com\\\/magazine365\\\/feneval-contraria-a-cualquier-practica-en-contra-de-la-transparencia-en-el-alquiler-de-vehiculos\\\/#mainImage\",\"width\":800,\"height\":533},\"primaryImageOfPage\":{\"@id\":\"https:\\\/\\\/eldigitaldeasturias.com\\\/magazine365\\\/feneval-contraria-a-cualquier-practica-en-contra-de-la-transparencia-en-el-alquiler-de-vehiculos\\\/#mainImage\"},\"datePublished\":\"2016-06-20T15:59:17+02:00\",\"dateModified\":\"2016-06-20T15:59:17+02:00\"},{\"@type\":\"WebSite\",\"@id\":\"https:\\\/\\\/eldigitaldeasturias.com\\\/magazine365\\\/#website\",\"url\":\"https:\\\/\\\/eldigitaldeasturias.com\\\/magazine365\\\/\",\"name\":\"El Digital de Asturias\",\"description\":\"Revista de ocio, turismo y estilo de vida\",\"inLanguage\":\"es-ES\",\"publisher\":{\"@id\":\"https:\\\/\\\/eldigitaldeasturias.com\\\/magazine365\\\/#organization\"}}]}\n\t\t<\/script>\n\t\t<!-- All in One SEO Pro -->\r\n\t\t<title>Feneval, contraria a cualquier pr\u00e1ctica en contra de la transparencia en el alquiler de veh\u00edculos | El Digital de Asturias<\/title>\n\n","aioseo_head_json":{"title":"Feneval, contraria a cualquier pr\u00e1ctica en contra de la transparencia en el alquiler de veh\u00edculos | El Digital de Asturias","description":"La Federaci\u00f3n Nacional Empresarial de Alquiler de Veh\u00edculos con y sin Conductor (Feneval) ha mostrado su posici\u00f3n contraria a cualquier pr\u00e1ctica de falta de transparencia en las condiciones de contrataci\u00f3n del alquiler de veh\u00edculos. Feneval hizo esta afirmaci\u00f3n con motivo de las posibles malas pr\u00e1cticas comerciales en el 'rent a car' y que han llevado","canonical_url":"https:\/\/eldigitaldeasturias.com\/magazine365\/feneval-contraria-a-cualquier-practica-en-contra-de-la-transparencia-en-el-alquiler-de-vehiculos\/","robots":"max-image-preview:large","keywords":"noticias y actualidad","webmasterTools":{"google-site-verification":"UA-38556648-1","miscellaneous":""},"schema":{"@context":"https:\/\/schema.org","@graph":[{"@type":"Article","@id":"https:\/\/eldigitaldeasturias.com\/magazine365\/feneval-contraria-a-cualquier-practica-en-contra-de-la-transparencia-en-el-alquiler-de-vehiculos\/#article","name":"Feneval, contraria a cualquier pr\u00e1ctica en contra de la transparencia en el alquiler de veh\u00edculos | El Digital de Asturias","headline":"Feneval, contraria a cualquier pr\u00e1ctica en contra de la transparencia en el alquiler de veh\u00edculos","author":{"@id":"https:\/\/eldigitaldeasturias.com\/magazine365\/author\/admin\/#author"},"publisher":{"@id":"https:\/\/eldigitaldeasturias.com\/magazine365\/#organization"},"image":{"@type":"ImageObject","url":"https:\/\/eldigitaldeasturias.com\/magazine365\/wp-content\/uploads\/2016\/06\/fotonoticia_20160620142959_800.jpg","width":800,"height":533},"datePublished":"2016-06-20T15:59:17+02:00","dateModified":"2016-06-20T15:59:17+02:00","inLanguage":"es-ES","mainEntityOfPage":{"@id":"https:\/\/eldigitaldeasturias.com\/magazine365\/feneval-contraria-a-cualquier-practica-en-contra-de-la-transparencia-en-el-alquiler-de-vehiculos\/#webpage"},"isPartOf":{"@id":"https:\/\/eldigitaldeasturias.com\/magazine365\/feneval-contraria-a-cualquier-practica-en-contra-de-la-transparencia-en-el-alquiler-de-vehiculos\/#webpage"},"articleSection":"Noticias y Actualidad"},{"@type":"BreadcrumbList","@id":"https:\/\/eldigitaldeasturias.com\/magazine365\/feneval-contraria-a-cualquier-practica-en-contra-de-la-transparencia-en-el-alquiler-de-vehiculos\/#breadcrumblist","itemListElement":[{"@type":"ListItem","@id":"https:\/\/eldigitaldeasturias.com\/magazine365#listItem","position":1,"name":"Home","item":"https:\/\/eldigitaldeasturias.com\/magazine365","nextItem":{"@type":"ListItem","@id":"https:\/\/eldigitaldeasturias.com\/magazine365\/category\/noticias-actualidad\/#listItem","name":"Noticias y Actualidad"}},{"@type":"ListItem","@id":"https:\/\/eldigitaldeasturias.com\/magazine365\/category\/noticias-actualidad\/#listItem","position":2,"name":"Noticias y Actualidad","item":"https:\/\/eldigitaldeasturias.com\/magazine365\/category\/noticias-actualidad\/","nextItem":{"@type":"ListItem","@id":"https:\/\/eldigitaldeasturias.com\/magazine365\/feneval-contraria-a-cualquier-practica-en-contra-de-la-transparencia-en-el-alquiler-de-vehiculos\/#listItem","name":"Feneval, contraria a cualquier pr\u00e1ctica en contra de la transparencia en el alquiler de veh\u00edculos"},"previousItem":{"@type":"ListItem","@id":"https:\/\/eldigitaldeasturias.com\/magazine365#listItem","name":"Home"}},{"@type":"ListItem","@id":"https:\/\/eldigitaldeasturias.com\/magazine365\/feneval-contraria-a-cualquier-practica-en-contra-de-la-transparencia-en-el-alquiler-de-vehiculos\/#listItem","position":3,"name":"Feneval, contraria a cualquier pr\u00e1ctica en contra de la transparencia en el alquiler de veh\u00edculos","previousItem":{"@type":"ListItem","@id":"https:\/\/eldigitaldeasturias.com\/magazine365\/category\/noticias-actualidad\/#listItem","name":"Noticias y Actualidad"}}]},{"@type":"Organization","@id":"https:\/\/eldigitaldeasturias.com\/magazine365\/#organization","name":"El digital de Asturias","description":"Revista de ocio, turismo y estilo de vida","url":"https:\/\/eldigitaldeasturias.com\/magazine365\/","logo":{"@type":"ImageObject","url":"https:\/\/www.eldigitaldeasturias.com\/noticias\/wp-content\/uploads\/2020\/12\/EDA.jpg","@id":"https:\/\/eldigitaldeasturias.com\/magazine365\/feneval-contraria-a-cualquier-practica-en-contra-de-la-transparencia-en-el-alquiler-de-vehiculos\/#organizationLogo"},"image":{"@id":"https:\/\/eldigitaldeasturias.com\/magazine365\/feneval-contraria-a-cualquier-practica-en-contra-de-la-transparencia-en-el-alquiler-de-vehiculos\/#organizationLogo"}},{"@type":"Person","@id":"https:\/\/eldigitaldeasturias.com\/magazine365\/author\/admin\/#author","url":"https:\/\/eldigitaldeasturias.com\/magazine365\/author\/admin\/","name":"admin","image":{"@type":"ImageObject","@id":"https:\/\/eldigitaldeasturias.com\/magazine365\/feneval-contraria-a-cualquier-practica-en-contra-de-la-transparencia-en-el-alquiler-de-vehiculos\/#authorImage","url":"https:\/\/eldigitaldeasturias.com\/magazine365\/wp-content\/litespeed\/avatar\/e571bcf59a0edd6fa6838245a470f2fe.jpg?ver=1776969259","width":96,"height":96,"caption":"admin"}},{"@type":"WebPage","@id":"https:\/\/eldigitaldeasturias.com\/magazine365\/feneval-contraria-a-cualquier-practica-en-contra-de-la-transparencia-en-el-alquiler-de-vehiculos\/#webpage","url":"https:\/\/eldigitaldeasturias.com\/magazine365\/feneval-contraria-a-cualquier-practica-en-contra-de-la-transparencia-en-el-alquiler-de-vehiculos\/","name":"Feneval, contraria a cualquier pr\u00e1ctica en contra de la transparencia en el alquiler de veh\u00edculos | El Digital de Asturias","description":"La Federaci\u00f3n Nacional Empresarial de Alquiler de Veh\u00edculos con y sin Conductor (Feneval) ha mostrado su posici\u00f3n contraria a cualquier pr\u00e1ctica de falta de transparencia en las condiciones de contrataci\u00f3n del alquiler de veh\u00edculos. Feneval hizo esta afirmaci\u00f3n con motivo de las posibles malas pr\u00e1cticas comerciales en el 'rent a car' y que han llevado","inLanguage":"es-ES","isPartOf":{"@id":"https:\/\/eldigitaldeasturias.com\/magazine365\/#website"},"breadcrumb":{"@id":"https:\/\/eldigitaldeasturias.com\/magazine365\/feneval-contraria-a-cualquier-practica-en-contra-de-la-transparencia-en-el-alquiler-de-vehiculos\/#breadcrumblist"},"author":{"@id":"https:\/\/eldigitaldeasturias.com\/magazine365\/author\/admin\/#author"},"creator":{"@id":"https:\/\/eldigitaldeasturias.com\/magazine365\/author\/admin\/#author"},"image":{"@type":"ImageObject","url":"https:\/\/eldigitaldeasturias.com\/magazine365\/wp-content\/uploads\/2016\/06\/fotonoticia_20160620142959_800.jpg","@id":"https:\/\/eldigitaldeasturias.com\/magazine365\/feneval-contraria-a-cualquier-practica-en-contra-de-la-transparencia-en-el-alquiler-de-vehiculos\/#mainImage","width":800,"height":533},"primaryImageOfPage":{"@id":"https:\/\/eldigitaldeasturias.com\/magazine365\/feneval-contraria-a-cualquier-practica-en-contra-de-la-transparencia-en-el-alquiler-de-vehiculos\/#mainImage"},"datePublished":"2016-06-20T15:59:17+02:00","dateModified":"2016-06-20T15:59:17+02:00"},{"@type":"WebSite","@id":"https:\/\/eldigitaldeasturias.com\/magazine365\/#website","url":"https:\/\/eldigitaldeasturias.com\/magazine365\/","name":"El Digital de Asturias","description":"Revista de ocio, turismo y estilo de vida","inLanguage":"es-ES","publisher":{"@id":"https:\/\/eldigitaldeasturias.com\/magazine365\/#organization"}}]},"og:locale":"es_ES","og:site_name":"El Digital de Asturias \u2013 Revista de ocio, turismo y estilo de vida","og:type":"article","og:title":"Feneval, contraria a cualquier pr\u00e1ctica en contra de la transparencia en el alquiler de veh\u00edculos | El Digital de Asturias","og:description":"La Federaci\u00f3n Nacional Empresarial de Alquiler de Veh\u00edculos con y sin Conductor (Feneval) ha mostrado su posici\u00f3n contraria a cualquier pr\u00e1ctica de falta de transparencia en las condiciones de contrataci\u00f3n del alquiler de veh\u00edculos. Feneval hizo esta afirmaci\u00f3n con motivo de las posibles malas pr\u00e1cticas comerciales en el 'rent a car' y que han llevado","og:url":"https:\/\/eldigitaldeasturias.com\/magazine365\/feneval-contraria-a-cualquier-practica-en-contra-de-la-transparencia-en-el-alquiler-de-vehiculos\/","og:image":"https:\/\/eldigitaldeasturias.com\/magazine365\/wp-content\/uploads\/2016\/06\/fotonoticia_20160620142959_800.jpg","og:image:secure_url":"https:\/\/eldigitaldeasturias.com\/magazine365\/wp-content\/uploads\/2016\/06\/fotonoticia_20160620142959_800.jpg","og:image:width":800,"og:image:height":533,"article:published_time":"2016-06-20T13:59:17+00:00","article:modified_time":"2016-06-20T13:59:17+00:00","twitter:card":"summary_large_image","twitter:title":"Feneval, contraria a cualquier pr\u00e1ctica en contra de la transparencia en el alquiler de veh\u00edculos | El Digital de Asturias","twitter:description":"La Federaci\u00f3n Nacional Empresarial de Alquiler de Veh\u00edculos con y sin Conductor (Feneval) ha mostrado su posici\u00f3n contraria a cualquier pr\u00e1ctica de falta de transparencia en las condiciones de contrataci\u00f3n del alquiler de veh\u00edculos. Feneval hizo esta afirmaci\u00f3n con motivo de las posibles malas pr\u00e1cticas comerciales en el 'rent a car' y que han llevado","twitter:image":"https:\/\/eldigitaldeasturias.com\/magazine365\/wp-content\/uploads\/2016\/06\/fotonoticia_20160620142959_800.jpg"},"aioseo_meta_data":{"post_id":"80142","title":null,"description":null,"keywords":null,"keyphrases":null,"primary_term":null,"canonical_url":null,"og_title":null,"og_description":null,"og_object_type":"default","og_image_type":"default","og_image_url":null,"og_image_width":null,"og_image_height":null,"og_image_custom_url":null,"og_image_custom_fields":null,"og_video":null,"og_custom_url":null,"og_article_section":null,"og_article_tags":null,"twitter_use_og":false,"twitter_card":"default","twitter_image_type":"default","twitter_image_url":null,"twitter_image_custom_url":null,"twitter_image_custom_fields":null,"twitter_title":null,"twitter_description":null,"schema":{"blockGraphs":[],"customGraphs":[],"default":{"data":{"Article":[],"Course":[],"Dataset":[],"FAQPage":[],"Movie":[],"Person":[],"Product":[],"ProductReview":[],"Car":[],"Recipe":[],"Service":[],"SoftwareApplication":[],"WebPage":[]},"graphName":"","isEnabled":true},"graphs":[],"defaultGraph":"","defaultPostTypeGraph":""},"schema_type":null,"schema_type_options":null,"pillar_content":false,"robots_default":true,"robots_noindex":false,"robots_noarchive":false,"robots_nosnippet":false,"robots_nofollow":false,"robots_noimageindex":false,"robots_noodp":false,"robots_notranslate":false,"robots_max_snippet":null,"robots_max_videopreview":null,"robots_max_imagepreview":"large","priority":null,"frequency":null,"location":null,"local_seo":null,"seo_analyzer_scan_date":"2025-09-27 20:16:41","breadcrumb_settings":null,"limit_modified_date":false,"open_ai":null,"ai":null,"created":"2021-03-08 17:38:50","updated":"2025-09-27 20:16:41"},"aioseo_breadcrumb":"<div class=\"aioseo-breadcrumbs\"><span class=\"aioseo-breadcrumb\">\n\t<a href=\"https:\/\/eldigitaldeasturias.com\/magazine365\" title=\"Home\">Home<\/a>\n<\/span><span class=\"aioseo-breadcrumb-separator\">\u2013<\/span><span class=\"aioseo-breadcrumb\">\n\t<a href=\"https:\/\/eldigitaldeasturias.com\/magazine365\/category\/noticias-actualidad\/\" title=\"Noticias y Actualidad\">Noticias y Actualidad<\/a>\n<\/span><span class=\"aioseo-breadcrumb-separator\">\u2013<\/span><span class=\"aioseo-breadcrumb\">\n\t<a href=\"https:\/\/eldigitaldeasturias.com\/magazine365\/feneval-contraria-a-cualquier-practica-en-contra-de-la-transparencia-en-el-alquiler-de-vehiculos\/\" title=\"Feneval, contraria a cualquier pr\u00e1ctica en contra de la transparencia en el alquiler de veh\u00edculos\">Feneval, contraria a cualquier pr\u00e1ctica en contra de la transparencia en el alquiler de veh\u00edculos<\/a>\n<\/span><\/div>","aioseo_breadcrumb_json":[{"label":"Home","link":"https:\/\/eldigitaldeasturias.com\/magazine365"},{"label":"Noticias y Actualidad","link":"https:\/\/eldigitaldeasturias.com\/magazine365\/category\/noticias-actualidad\/"},{"label":"Feneval, contraria a cualquier pr\u00e1ctica en contra de la transparencia en el alquiler de veh\u00edculos","link":"https:\/\/eldigitaldeasturias.com\/magazine365\/feneval-contraria-a-cualquier-practica-en-contra-de-la-transparencia-en-el-alquiler-de-vehiculos\/"}],"_links":{"self":[{"href":"https:\/\/eldigitaldeasturias.com\/magazine365\/wp-json\/wp\/v2\/posts\/80142","targetHints":{"allow":["GET"]}}],"collection":[{"href":"https:\/\/eldigitaldeasturias.com\/magazine365\/wp-json\/wp\/v2\/posts"}],"about":[{"href":"https:\/\/eldigitaldeasturias.com\/magazine365\/wp-json\/wp\/v2\/types\/post"}],"author":[{"embeddable":true,"href":"https:\/\/eldigitaldeasturias.com\/magazine365\/wp-json\/wp\/v2\/users\/1"}],"replies":[{"embeddable":true,"href":"https:\/\/eldigitaldeasturias.com\/magazine365\/wp-json\/wp\/v2\/comments?post=80142"}],"version-history":[{"count":0,"href":"https:\/\/eldigitaldeasturias.com\/magazine365\/wp-json\/wp\/v2\/posts\/80142\/revisions"}],"wp:featuredmedia":[{"embeddable":true,"href":"https:\/\/eldigitaldeasturias.com\/magazine365\/wp-json\/wp\/v2\/media\/80143"}],"wp:attachment":[{"href":"https:\/\/eldigitaldeasturias.com\/magazine365\/wp-json\/wp\/v2\/media?parent=80142"}],"wp:term":[{"taxonomy":"category","embeddable":true,"href":"https:\/\/eldigitaldeasturias.com\/magazine365\/wp-json\/wp\/v2\/categories?post=80142"},{"taxonomy":"post_tag","embeddable":true,"href":"https:\/\/eldigitaldeasturias.com\/magazine365\/wp-json\/wp\/v2\/tags?post=80142"}],"curies":[{"name":"wp","href":"https:\/\/api.w.org\/{rel}","templated":true}]}}