{"id":80139,"date":"2016-06-20T15:58:31","date_gmt":"2016-06-20T13:58:31","guid":{"rendered":"http:\/\/eldigitaldeasturias.com\/magazine365\/?p=80139"},"modified":"2016-06-20T15:58:31","modified_gmt":"2016-06-20T13:58:31","slug":"26j-pp-propone-medidas-para-mejorar-la-oferta-turistica-de-granada-y-luchar-contra-la-estacionalidad","status":"publish","type":"post","link":"https:\/\/eldigitaldeasturias.com\/magazine365\/26j-pp-propone-medidas-para-mejorar-la-oferta-turistica-de-granada-y-luchar-contra-la-estacionalidad\/","title":{"rendered":"26J.- PP propone medidas para mejorar la oferta tur\u00edstica de Granada y luchar contra la estacionalidad"},"content":{"rendered":"<p><img fetchpriority=\"high\" decoding=\"async\" class=\"alignleft size-medium wp-image-80140\" src=\"https:\/\/eldigitaldeasturias.com\/magazine365\/wp-content\/uploads\/2016\/06\/fotonoticia_20160620142912_800-360x203.jpg\" alt=\"fotonoticia_20160620142912_800\" width=\"360\" height=\"203\" srcset=\"https:\/\/eldigitaldeasturias.com\/magazine365\/wp-content\/uploads\/2016\/06\/fotonoticia_20160620142912_800-360x203.jpg 360w, https:\/\/eldigitaldeasturias.com\/magazine365\/wp-content\/uploads\/2016\/06\/fotonoticia_20160620142912_800-650x366.jpg 650w, https:\/\/eldigitaldeasturias.com\/magazine365\/wp-content\/uploads\/2016\/06\/fotonoticia_20160620142912_800-768x432.jpg 768w, https:\/\/eldigitaldeasturias.com\/magazine365\/wp-content\/uploads\/2016\/06\/fotonoticia_20160620142912_800-150x84.jpg 150w, https:\/\/eldigitaldeasturias.com\/magazine365\/wp-content\/uploads\/2016\/06\/fotonoticia_20160620142912_800-450x253.jpg 450w, https:\/\/eldigitaldeasturias.com\/magazine365\/wp-content\/uploads\/2016\/06\/fotonoticia_20160620142912_800-499x280.jpg 499w, https:\/\/eldigitaldeasturias.com\/magazine365\/wp-content\/uploads\/2016\/06\/fotonoticia_20160620142912_800-510x289.jpg 510w, https:\/\/eldigitaldeasturias.com\/magazine365\/wp-content\/uploads\/2016\/06\/fotonoticia_20160620142912_800.jpg 800w\" sizes=\"(max-width: 360px) 100vw, 360px\" \/>El PP de Granada ha propuesto este lunes una serie de medidas para mejorar la oferta tur\u00edstica de Granada y propiciar inversi\u00f3n en el sector y luchar contra la estacionalidad.<\/p>\n<p>As\u00ed lo ha asegurado el presidente provincial del PP y cabeza de lista de su formaci\u00f3n al Senado, Sebasti\u00e1n P\u00e9rez, quien ha defendido que el sector tur\u00edstico ha sido uno de los m\u00e1s beneficiados de la actuaci\u00f3n desarrollada por el Gobierno de Mariano Rajoy durante los \u00faltimos cinco a\u00f1os.<\/p>\n<p>En ese sentido se ha referido a los casi 2.000 millones de euros que el gobierno central ha invertido en la provincia en infraestructuras de comunicaci\u00f3n, y en especial a la finalizaci\u00f3n de la Autov\u00eda del Mediterr\u00e1neo o el avance del AVE, \u00abporque sin movilidad de turistas el sector no puede avanzar; P\u00e9rez tambi\u00e9n ha citado la mejora de la seguridad ciudadana que ha llevado a Granada a ser la cuarta provincia espa\u00f1ola con mayor grado de seguridad.<\/p>\n<p>Junto a ello ha recordado las actuaciones en la Costa Tropical, y concretamente en sus playas, con una inversi\u00f3n global de 4 millones de euros, a los que se suman los 600.000 euros del Paseo Mar\u00edtimo de Salobre\u00f1a o los m\u00e1s de 250.000 euros de emergencia para las playas de nueve municipios del litoral granadino.<\/p>\n<p>Y frente a ello, P\u00e9rez ha criticado al PSOE y su actuaci\u00f3n desde la Junta de Andaluc\u00eda. \u00abLa obligaci\u00f3n de todos es cuidar al sector que genera el 15 por ciento del PIB de la provincia y que ha crecido un 28 por ciento en la \u00faltima d\u00e9cada. Y es lo que estamos haciendo desde el PP, en contra de lo que hace el PSOE por ejemplo en La Alhambra, Sierra Nevada o el Albaic\u00edn\u00bb, ha declarado.<\/p>\n<p>El presidente provincial del PP tambi\u00e9n ha recordado el enorme perjuicio que provocar\u00e1 para el sector de la hosteler\u00eda la actual regulaci\u00f3n de los apartamentos de uso tur\u00edstico\u00bb y ha apuntado que el programa popular para el 26J prev\u00e9 medidas para la luchar contra la competencia desleal que puede generar con ellos.<\/p>\n<h2 class=\"ladillo\">LAS MEDIDAS<\/h2>\n<p>Pero adem\u00e1s de resaltar las actuaciones ejecutadas durante la \u00faltima legislatura, Sebasti\u00e1n P\u00e9rez se ha referido a las medidas de futuro que su partido pondr\u00e1 en marcha desde La Moncloa si gana las pr\u00f3ximas elecciones del 26 de junio. En concreto se ha referido a tres medidas de calado gracias a las cu\u00e1les Granada podr\u00eda recibir importantes fondos para consolidar un sector econ\u00f3mico que genera el 15 por ciento del PIB provincial.<\/p>\n<p>En primer lugar, los &#8216;populares&#8217; pretenden modernizar \u00abdestinos maduros\u00bb, mediante inversiones simult\u00e1neas y coordinadas de capital p\u00fablico y privado para la renovaci\u00f3n de infraestructuras tur\u00edsticas. As\u00ed, el PP anuncia la creaci\u00f3n de una l\u00ednea de financiaci\u00f3n &#8216;Espa\u00f1a Inversi\u00f3n Turismo&#8217;, que aprovechar\u00e1 la mejora de las condiciones de financiaci\u00f3n de la econom\u00eda espa\u00f1ola.<\/p>\n<p>En segundo lugar, el PP potenciar\u00e1 el Sistema Espa\u00f1ol de Calidad Tur\u00edstica, \u00abporque es importante consolidar a Granada como una destino de calidad tanto a nivel nacional como internacional\u00bb.<\/p>\n<p>Finalmente, el PP propone planes espec\u00edficos de desarrollo y promoci\u00f3n de productos tur\u00edsticos con alto potencial desestacionalizador, \u00aben los que Granada tiene gran protagonismo como el turismo cultural, de naturaleza, de congresos, el deportivo o el gastron\u00f3mico\u00bb.<\/p>\n","protected":false},"excerpt":{"rendered":"<p>El PP de Granada ha propuesto este lunes una serie de medidas para mejorar la oferta tur\u00edstica de Granada y propiciar inversi\u00f3n en el sector y luchar contra la estacionalidad. As\u00ed lo ha asegurado el presidente provincial del PP y cabeza de lista de su formaci\u00f3n al Senado, Sebasti\u00e1n P\u00e9rez, quien ha defendido que el<\/p>\n","protected":false},"author":1,"featured_media":80140,"comment_status":"open","ping_status":"closed","sticky":false,"template":"","format":"standard","meta":{"footnotes":""},"categories":[224],"tags":[],"class_list":{"0":"post-80139","1":"post","2":"type-post","3":"status-publish","4":"format-standard","5":"has-post-thumbnail","7":"category-noticias-actualidad"},"aioseo_notices":[],"aioseo_head":"\n\t\t<!-- All in One SEO Pro 4.9.6.1 - aioseo.com -->\n\t<meta name=\"description\" content=\"El PP de Granada ha propuesto este lunes una serie de medidas para mejorar la oferta tur\u00edstica de Granada y propiciar inversi\u00f3n en el sector y luchar contra la estacionalidad. As\u00ed lo ha asegurado el presidente provincial del PP y cabeza de lista de su formaci\u00f3n al Senado, Sebasti\u00e1n P\u00e9rez, quien ha defendido que el\" \/>\n\t<meta name=\"robots\" content=\"max-image-preview:large\" \/>\n\t<meta name=\"author\" content=\"admin\"\/>\n\t<meta name=\"google-site-verification\" content=\"UA-38556648-1\" \/>\n\t<meta name=\"keywords\" content=\"noticias y actualidad\" \/>\n\t<link rel=\"canonical\" href=\"https:\/\/eldigitaldeasturias.com\/magazine365\/26j-pp-propone-medidas-para-mejorar-la-oferta-turistica-de-granada-y-luchar-contra-la-estacionalidad\/\" \/>\n\t<meta name=\"generator\" content=\"All in One SEO Pro (AIOSEO) 4.9.6.1\" \/>\n\t\t<meta property=\"og:locale\" content=\"es_ES\" \/>\n\t\t<meta property=\"og:site_name\" content=\"El Digital de Asturias \u2013 Revista de ocio, turismo y estilo de vida\" \/>\n\t\t<meta property=\"og:type\" content=\"article\" \/>\n\t\t<meta property=\"og:title\" content=\"26J.- PP propone medidas para mejorar la oferta tur\u00edstica de Granada y luchar contra la estacionalidad | El Digital de Asturias\" \/>\n\t\t<meta property=\"og:description\" content=\"El PP de Granada ha propuesto este lunes una serie de medidas para mejorar la oferta tur\u00edstica de Granada y propiciar inversi\u00f3n en el sector y luchar contra la estacionalidad. As\u00ed lo ha asegurado el presidente provincial del PP y cabeza de lista de su formaci\u00f3n al Senado, Sebasti\u00e1n P\u00e9rez, quien ha defendido que el\" \/>\n\t\t<meta property=\"og:url\" content=\"https:\/\/eldigitaldeasturias.com\/magazine365\/26j-pp-propone-medidas-para-mejorar-la-oferta-turistica-de-granada-y-luchar-contra-la-estacionalidad\/\" \/>\n\t\t<meta property=\"og:image\" content=\"https:\/\/eldigitaldeasturias.com\/magazine365\/wp-content\/uploads\/2016\/06\/fotonoticia_20160620142912_800.jpg\" \/>\n\t\t<meta property=\"og:image:secure_url\" content=\"https:\/\/eldigitaldeasturias.com\/magazine365\/wp-content\/uploads\/2016\/06\/fotonoticia_20160620142912_800.jpg\" \/>\n\t\t<meta property=\"og:image:width\" content=\"800\" \/>\n\t\t<meta property=\"og:image:height\" content=\"450\" \/>\n\t\t<meta property=\"article:published_time\" content=\"2016-06-20T13:58:31+00:00\" \/>\n\t\t<meta property=\"article:modified_time\" content=\"2016-06-20T13:58:31+00:00\" \/>\n\t\t<meta name=\"twitter:card\" content=\"summary_large_image\" \/>\n\t\t<meta name=\"twitter:title\" content=\"26J.- PP propone medidas para mejorar la oferta tur\u00edstica de Granada y luchar contra la estacionalidad | El Digital de Asturias\" \/>\n\t\t<meta name=\"twitter:description\" content=\"El PP de Granada ha propuesto este lunes una serie de medidas para mejorar la oferta tur\u00edstica de Granada y propiciar inversi\u00f3n en el sector y luchar contra la estacionalidad. As\u00ed lo ha asegurado el presidente provincial del PP y cabeza de lista de su formaci\u00f3n al Senado, Sebasti\u00e1n P\u00e9rez, quien ha defendido que el\" \/>\n\t\t<meta name=\"twitter:image\" content=\"https:\/\/eldigitaldeasturias.com\/magazine365\/wp-content\/uploads\/2016\/06\/fotonoticia_20160620142912_800.jpg\" \/>\n\t\t<script type=\"application\/ld+json\" class=\"aioseo-schema\">\n\t\t\t{\"@context\":\"https:\\\/\\\/schema.org\",\"@graph\":[{\"@type\":\"Article\",\"@id\":\"https:\\\/\\\/eldigitaldeasturias.com\\\/magazine365\\\/26j-pp-propone-medidas-para-mejorar-la-oferta-turistica-de-granada-y-luchar-contra-la-estacionalidad\\\/#article\",\"name\":\"26J.- PP propone medidas para mejorar la oferta tur\\u00edstica de Granada y luchar contra la estacionalidad | El Digital de Asturias\",\"headline\":\"26J.- PP propone medidas para mejorar la oferta tur\\u00edstica de Granada y luchar contra la estacionalidad\",\"author\":{\"@id\":\"https:\\\/\\\/eldigitaldeasturias.com\\\/magazine365\\\/author\\\/admin\\\/#author\"},\"publisher\":{\"@id\":\"https:\\\/\\\/eldigitaldeasturias.com\\\/magazine365\\\/#organization\"},\"image\":{\"@type\":\"ImageObject\",\"url\":\"https:\\\/\\\/eldigitaldeasturias.com\\\/magazine365\\\/wp-content\\\/uploads\\\/2016\\\/06\\\/fotonoticia_20160620142912_800.jpg\",\"width\":800,\"height\":450},\"datePublished\":\"2016-06-20T15:58:31+02:00\",\"dateModified\":\"2016-06-20T15:58:31+02:00\",\"inLanguage\":\"es-ES\",\"mainEntityOfPage\":{\"@id\":\"https:\\\/\\\/eldigitaldeasturias.com\\\/magazine365\\\/26j-pp-propone-medidas-para-mejorar-la-oferta-turistica-de-granada-y-luchar-contra-la-estacionalidad\\\/#webpage\"},\"isPartOf\":{\"@id\":\"https:\\\/\\\/eldigitaldeasturias.com\\\/magazine365\\\/26j-pp-propone-medidas-para-mejorar-la-oferta-turistica-de-granada-y-luchar-contra-la-estacionalidad\\\/#webpage\"},\"articleSection\":\"Noticias y Actualidad\"},{\"@type\":\"BreadcrumbList\",\"@id\":\"https:\\\/\\\/eldigitaldeasturias.com\\\/magazine365\\\/26j-pp-propone-medidas-para-mejorar-la-oferta-turistica-de-granada-y-luchar-contra-la-estacionalidad\\\/#breadcrumblist\",\"itemListElement\":[{\"@type\":\"ListItem\",\"@id\":\"https:\\\/\\\/eldigitaldeasturias.com\\\/magazine365#listItem\",\"position\":1,\"name\":\"Home\",\"item\":\"https:\\\/\\\/eldigitaldeasturias.com\\\/magazine365\",\"nextItem\":{\"@type\":\"ListItem\",\"@id\":\"https:\\\/\\\/eldigitaldeasturias.com\\\/magazine365\\\/category\\\/noticias-actualidad\\\/#listItem\",\"name\":\"Noticias y Actualidad\"}},{\"@type\":\"ListItem\",\"@id\":\"https:\\\/\\\/eldigitaldeasturias.com\\\/magazine365\\\/category\\\/noticias-actualidad\\\/#listItem\",\"position\":2,\"name\":\"Noticias y Actualidad\",\"item\":\"https:\\\/\\\/eldigitaldeasturias.com\\\/magazine365\\\/category\\\/noticias-actualidad\\\/\",\"nextItem\":{\"@type\":\"ListItem\",\"@id\":\"https:\\\/\\\/eldigitaldeasturias.com\\\/magazine365\\\/26j-pp-propone-medidas-para-mejorar-la-oferta-turistica-de-granada-y-luchar-contra-la-estacionalidad\\\/#listItem\",\"name\":\"26J.- PP propone medidas para mejorar la oferta tur\\u00edstica de Granada y luchar contra la estacionalidad\"},\"previousItem\":{\"@type\":\"ListItem\",\"@id\":\"https:\\\/\\\/eldigitaldeasturias.com\\\/magazine365#listItem\",\"name\":\"Home\"}},{\"@type\":\"ListItem\",\"@id\":\"https:\\\/\\\/eldigitaldeasturias.com\\\/magazine365\\\/26j-pp-propone-medidas-para-mejorar-la-oferta-turistica-de-granada-y-luchar-contra-la-estacionalidad\\\/#listItem\",\"position\":3,\"name\":\"26J.- PP propone medidas para mejorar la oferta tur\\u00edstica de Granada y luchar contra la estacionalidad\",\"previousItem\":{\"@type\":\"ListItem\",\"@id\":\"https:\\\/\\\/eldigitaldeasturias.com\\\/magazine365\\\/category\\\/noticias-actualidad\\\/#listItem\",\"name\":\"Noticias y Actualidad\"}}]},{\"@type\":\"Organization\",\"@id\":\"https:\\\/\\\/eldigitaldeasturias.com\\\/magazine365\\\/#organization\",\"name\":\"El digital de Asturias\",\"description\":\"Revista de ocio, turismo y estilo de vida\",\"url\":\"https:\\\/\\\/eldigitaldeasturias.com\\\/magazine365\\\/\",\"logo\":{\"@type\":\"ImageObject\",\"url\":\"https:\\\/\\\/www.eldigitaldeasturias.com\\\/noticias\\\/wp-content\\\/uploads\\\/2020\\\/12\\\/EDA.jpg\",\"@id\":\"https:\\\/\\\/eldigitaldeasturias.com\\\/magazine365\\\/26j-pp-propone-medidas-para-mejorar-la-oferta-turistica-de-granada-y-luchar-contra-la-estacionalidad\\\/#organizationLogo\"},\"image\":{\"@id\":\"https:\\\/\\\/eldigitaldeasturias.com\\\/magazine365\\\/26j-pp-propone-medidas-para-mejorar-la-oferta-turistica-de-granada-y-luchar-contra-la-estacionalidad\\\/#organizationLogo\"}},{\"@type\":\"Person\",\"@id\":\"https:\\\/\\\/eldigitaldeasturias.com\\\/magazine365\\\/author\\\/admin\\\/#author\",\"url\":\"https:\\\/\\\/eldigitaldeasturias.com\\\/magazine365\\\/author\\\/admin\\\/\",\"name\":\"admin\",\"image\":{\"@type\":\"ImageObject\",\"@id\":\"https:\\\/\\\/eldigitaldeasturias.com\\\/magazine365\\\/26j-pp-propone-medidas-para-mejorar-la-oferta-turistica-de-granada-y-luchar-contra-la-estacionalidad\\\/#authorImage\",\"url\":\"https:\\\/\\\/eldigitaldeasturias.com\\\/magazine365\\\/wp-content\\\/litespeed\\\/avatar\\\/e571bcf59a0edd6fa6838245a470f2fe.jpg?ver=1776969259\",\"width\":96,\"height\":96,\"caption\":\"admin\"}},{\"@type\":\"WebPage\",\"@id\":\"https:\\\/\\\/eldigitaldeasturias.com\\\/magazine365\\\/26j-pp-propone-medidas-para-mejorar-la-oferta-turistica-de-granada-y-luchar-contra-la-estacionalidad\\\/#webpage\",\"url\":\"https:\\\/\\\/eldigitaldeasturias.com\\\/magazine365\\\/26j-pp-propone-medidas-para-mejorar-la-oferta-turistica-de-granada-y-luchar-contra-la-estacionalidad\\\/\",\"name\":\"26J.- PP propone medidas para mejorar la oferta tur\\u00edstica de Granada y luchar contra la estacionalidad | El Digital de Asturias\",\"description\":\"El PP de Granada ha propuesto este lunes una serie de medidas para mejorar la oferta tur\\u00edstica de Granada y propiciar inversi\\u00f3n en el sector y luchar contra la estacionalidad. As\\u00ed lo ha asegurado el presidente provincial del PP y cabeza de lista de su formaci\\u00f3n al Senado, Sebasti\\u00e1n P\\u00e9rez, quien ha defendido que el\",\"inLanguage\":\"es-ES\",\"isPartOf\":{\"@id\":\"https:\\\/\\\/eldigitaldeasturias.com\\\/magazine365\\\/#website\"},\"breadcrumb\":{\"@id\":\"https:\\\/\\\/eldigitaldeasturias.com\\\/magazine365\\\/26j-pp-propone-medidas-para-mejorar-la-oferta-turistica-de-granada-y-luchar-contra-la-estacionalidad\\\/#breadcrumblist\"},\"author\":{\"@id\":\"https:\\\/\\\/eldigitaldeasturias.com\\\/magazine365\\\/author\\\/admin\\\/#author\"},\"creator\":{\"@id\":\"https:\\\/\\\/eldigitaldeasturias.com\\\/magazine365\\\/author\\\/admin\\\/#author\"},\"image\":{\"@type\":\"ImageObject\",\"url\":\"https:\\\/\\\/eldigitaldeasturias.com\\\/magazine365\\\/wp-content\\\/uploads\\\/2016\\\/06\\\/fotonoticia_20160620142912_800.jpg\",\"@id\":\"https:\\\/\\\/eldigitaldeasturias.com\\\/magazine365\\\/26j-pp-propone-medidas-para-mejorar-la-oferta-turistica-de-granada-y-luchar-contra-la-estacionalidad\\\/#mainImage\",\"width\":800,\"height\":450},\"primaryImageOfPage\":{\"@id\":\"https:\\\/\\\/eldigitaldeasturias.com\\\/magazine365\\\/26j-pp-propone-medidas-para-mejorar-la-oferta-turistica-de-granada-y-luchar-contra-la-estacionalidad\\\/#mainImage\"},\"datePublished\":\"2016-06-20T15:58:31+02:00\",\"dateModified\":\"2016-06-20T15:58:31+02:00\"},{\"@type\":\"WebSite\",\"@id\":\"https:\\\/\\\/eldigitaldeasturias.com\\\/magazine365\\\/#website\",\"url\":\"https:\\\/\\\/eldigitaldeasturias.com\\\/magazine365\\\/\",\"name\":\"El Digital de Asturias\",\"description\":\"Revista de ocio, turismo y estilo de vida\",\"inLanguage\":\"es-ES\",\"publisher\":{\"@id\":\"https:\\\/\\\/eldigitaldeasturias.com\\\/magazine365\\\/#organization\"}}]}\n\t\t<\/script>\n\t\t<!-- All in One SEO Pro -->\r\n\t\t<title>26J.- PP propone medidas para mejorar la oferta tur\u00edstica de Granada y luchar contra la estacionalidad | El Digital de Asturias<\/title>\n\n","aioseo_head_json":{"title":"26J.- PP propone medidas para mejorar la oferta tur\u00edstica de Granada y luchar contra la estacionalidad | El Digital de Asturias","description":"El PP de Granada ha propuesto este lunes una serie de medidas para mejorar la oferta tur\u00edstica de Granada y propiciar inversi\u00f3n en el sector y luchar contra la estacionalidad. As\u00ed lo ha asegurado el presidente provincial del PP y cabeza de lista de su formaci\u00f3n al Senado, Sebasti\u00e1n P\u00e9rez, quien ha defendido que el","canonical_url":"https:\/\/eldigitaldeasturias.com\/magazine365\/26j-pp-propone-medidas-para-mejorar-la-oferta-turistica-de-granada-y-luchar-contra-la-estacionalidad\/","robots":"max-image-preview:large","keywords":"noticias y actualidad","webmasterTools":{"google-site-verification":"UA-38556648-1","miscellaneous":""},"schema":{"@context":"https:\/\/schema.org","@graph":[{"@type":"Article","@id":"https:\/\/eldigitaldeasturias.com\/magazine365\/26j-pp-propone-medidas-para-mejorar-la-oferta-turistica-de-granada-y-luchar-contra-la-estacionalidad\/#article","name":"26J.- PP propone medidas para mejorar la oferta tur\u00edstica de Granada y luchar contra la estacionalidad | El Digital de Asturias","headline":"26J.- PP propone medidas para mejorar la oferta tur\u00edstica de Granada y luchar contra la estacionalidad","author":{"@id":"https:\/\/eldigitaldeasturias.com\/magazine365\/author\/admin\/#author"},"publisher":{"@id":"https:\/\/eldigitaldeasturias.com\/magazine365\/#organization"},"image":{"@type":"ImageObject","url":"https:\/\/eldigitaldeasturias.com\/magazine365\/wp-content\/uploads\/2016\/06\/fotonoticia_20160620142912_800.jpg","width":800,"height":450},"datePublished":"2016-06-20T15:58:31+02:00","dateModified":"2016-06-20T15:58:31+02:00","inLanguage":"es-ES","mainEntityOfPage":{"@id":"https:\/\/eldigitaldeasturias.com\/magazine365\/26j-pp-propone-medidas-para-mejorar-la-oferta-turistica-de-granada-y-luchar-contra-la-estacionalidad\/#webpage"},"isPartOf":{"@id":"https:\/\/eldigitaldeasturias.com\/magazine365\/26j-pp-propone-medidas-para-mejorar-la-oferta-turistica-de-granada-y-luchar-contra-la-estacionalidad\/#webpage"},"articleSection":"Noticias y Actualidad"},{"@type":"BreadcrumbList","@id":"https:\/\/eldigitaldeasturias.com\/magazine365\/26j-pp-propone-medidas-para-mejorar-la-oferta-turistica-de-granada-y-luchar-contra-la-estacionalidad\/#breadcrumblist","itemListElement":[{"@type":"ListItem","@id":"https:\/\/eldigitaldeasturias.com\/magazine365#listItem","position":1,"name":"Home","item":"https:\/\/eldigitaldeasturias.com\/magazine365","nextItem":{"@type":"ListItem","@id":"https:\/\/eldigitaldeasturias.com\/magazine365\/category\/noticias-actualidad\/#listItem","name":"Noticias y Actualidad"}},{"@type":"ListItem","@id":"https:\/\/eldigitaldeasturias.com\/magazine365\/category\/noticias-actualidad\/#listItem","position":2,"name":"Noticias y Actualidad","item":"https:\/\/eldigitaldeasturias.com\/magazine365\/category\/noticias-actualidad\/","nextItem":{"@type":"ListItem","@id":"https:\/\/eldigitaldeasturias.com\/magazine365\/26j-pp-propone-medidas-para-mejorar-la-oferta-turistica-de-granada-y-luchar-contra-la-estacionalidad\/#listItem","name":"26J.- PP propone medidas para mejorar la oferta tur\u00edstica de Granada y luchar contra la estacionalidad"},"previousItem":{"@type":"ListItem","@id":"https:\/\/eldigitaldeasturias.com\/magazine365#listItem","name":"Home"}},{"@type":"ListItem","@id":"https:\/\/eldigitaldeasturias.com\/magazine365\/26j-pp-propone-medidas-para-mejorar-la-oferta-turistica-de-granada-y-luchar-contra-la-estacionalidad\/#listItem","position":3,"name":"26J.- PP propone medidas para mejorar la oferta tur\u00edstica de Granada y luchar contra la estacionalidad","previousItem":{"@type":"ListItem","@id":"https:\/\/eldigitaldeasturias.com\/magazine365\/category\/noticias-actualidad\/#listItem","name":"Noticias y Actualidad"}}]},{"@type":"Organization","@id":"https:\/\/eldigitaldeasturias.com\/magazine365\/#organization","name":"El digital de Asturias","description":"Revista de ocio, turismo y estilo de vida","url":"https:\/\/eldigitaldeasturias.com\/magazine365\/","logo":{"@type":"ImageObject","url":"https:\/\/www.eldigitaldeasturias.com\/noticias\/wp-content\/uploads\/2020\/12\/EDA.jpg","@id":"https:\/\/eldigitaldeasturias.com\/magazine365\/26j-pp-propone-medidas-para-mejorar-la-oferta-turistica-de-granada-y-luchar-contra-la-estacionalidad\/#organizationLogo"},"image":{"@id":"https:\/\/eldigitaldeasturias.com\/magazine365\/26j-pp-propone-medidas-para-mejorar-la-oferta-turistica-de-granada-y-luchar-contra-la-estacionalidad\/#organizationLogo"}},{"@type":"Person","@id":"https:\/\/eldigitaldeasturias.com\/magazine365\/author\/admin\/#author","url":"https:\/\/eldigitaldeasturias.com\/magazine365\/author\/admin\/","name":"admin","image":{"@type":"ImageObject","@id":"https:\/\/eldigitaldeasturias.com\/magazine365\/26j-pp-propone-medidas-para-mejorar-la-oferta-turistica-de-granada-y-luchar-contra-la-estacionalidad\/#authorImage","url":"https:\/\/eldigitaldeasturias.com\/magazine365\/wp-content\/litespeed\/avatar\/e571bcf59a0edd6fa6838245a470f2fe.jpg?ver=1776969259","width":96,"height":96,"caption":"admin"}},{"@type":"WebPage","@id":"https:\/\/eldigitaldeasturias.com\/magazine365\/26j-pp-propone-medidas-para-mejorar-la-oferta-turistica-de-granada-y-luchar-contra-la-estacionalidad\/#webpage","url":"https:\/\/eldigitaldeasturias.com\/magazine365\/26j-pp-propone-medidas-para-mejorar-la-oferta-turistica-de-granada-y-luchar-contra-la-estacionalidad\/","name":"26J.- PP propone medidas para mejorar la oferta tur\u00edstica de Granada y luchar contra la estacionalidad | El Digital de Asturias","description":"El PP de Granada ha propuesto este lunes una serie de medidas para mejorar la oferta tur\u00edstica de Granada y propiciar inversi\u00f3n en el sector y luchar contra la estacionalidad. As\u00ed lo ha asegurado el presidente provincial del PP y cabeza de lista de su formaci\u00f3n al Senado, Sebasti\u00e1n P\u00e9rez, quien ha defendido que el","inLanguage":"es-ES","isPartOf":{"@id":"https:\/\/eldigitaldeasturias.com\/magazine365\/#website"},"breadcrumb":{"@id":"https:\/\/eldigitaldeasturias.com\/magazine365\/26j-pp-propone-medidas-para-mejorar-la-oferta-turistica-de-granada-y-luchar-contra-la-estacionalidad\/#breadcrumblist"},"author":{"@id":"https:\/\/eldigitaldeasturias.com\/magazine365\/author\/admin\/#author"},"creator":{"@id":"https:\/\/eldigitaldeasturias.com\/magazine365\/author\/admin\/#author"},"image":{"@type":"ImageObject","url":"https:\/\/eldigitaldeasturias.com\/magazine365\/wp-content\/uploads\/2016\/06\/fotonoticia_20160620142912_800.jpg","@id":"https:\/\/eldigitaldeasturias.com\/magazine365\/26j-pp-propone-medidas-para-mejorar-la-oferta-turistica-de-granada-y-luchar-contra-la-estacionalidad\/#mainImage","width":800,"height":450},"primaryImageOfPage":{"@id":"https:\/\/eldigitaldeasturias.com\/magazine365\/26j-pp-propone-medidas-para-mejorar-la-oferta-turistica-de-granada-y-luchar-contra-la-estacionalidad\/#mainImage"},"datePublished":"2016-06-20T15:58:31+02:00","dateModified":"2016-06-20T15:58:31+02:00"},{"@type":"WebSite","@id":"https:\/\/eldigitaldeasturias.com\/magazine365\/#website","url":"https:\/\/eldigitaldeasturias.com\/magazine365\/","name":"El Digital de Asturias","description":"Revista de ocio, turismo y estilo de vida","inLanguage":"es-ES","publisher":{"@id":"https:\/\/eldigitaldeasturias.com\/magazine365\/#organization"}}]},"og:locale":"es_ES","og:site_name":"El Digital de Asturias \u2013 Revista de ocio, turismo y estilo de vida","og:type":"article","og:title":"26J.- PP propone medidas para mejorar la oferta tur\u00edstica de Granada y luchar contra la estacionalidad | El Digital de Asturias","og:description":"El PP de Granada ha propuesto este lunes una serie de medidas para mejorar la oferta tur\u00edstica de Granada y propiciar inversi\u00f3n en el sector y luchar contra la estacionalidad. As\u00ed lo ha asegurado el presidente provincial del PP y cabeza de lista de su formaci\u00f3n al Senado, Sebasti\u00e1n P\u00e9rez, quien ha defendido que el","og:url":"https:\/\/eldigitaldeasturias.com\/magazine365\/26j-pp-propone-medidas-para-mejorar-la-oferta-turistica-de-granada-y-luchar-contra-la-estacionalidad\/","og:image":"https:\/\/eldigitaldeasturias.com\/magazine365\/wp-content\/uploads\/2016\/06\/fotonoticia_20160620142912_800.jpg","og:image:secure_url":"https:\/\/eldigitaldeasturias.com\/magazine365\/wp-content\/uploads\/2016\/06\/fotonoticia_20160620142912_800.jpg","og:image:width":800,"og:image:height":450,"article:published_time":"2016-06-20T13:58:31+00:00","article:modified_time":"2016-06-20T13:58:31+00:00","twitter:card":"summary_large_image","twitter:title":"26J.- PP propone medidas para mejorar la oferta tur\u00edstica de Granada y luchar contra la estacionalidad | El Digital de Asturias","twitter:description":"El PP de Granada ha propuesto este lunes una serie de medidas para mejorar la oferta tur\u00edstica de Granada y propiciar inversi\u00f3n en el sector y luchar contra la estacionalidad. As\u00ed lo ha asegurado el presidente provincial del PP y cabeza de lista de su formaci\u00f3n al Senado, Sebasti\u00e1n P\u00e9rez, quien ha defendido que el","twitter:image":"https:\/\/eldigitaldeasturias.com\/magazine365\/wp-content\/uploads\/2016\/06\/fotonoticia_20160620142912_800.jpg"},"aioseo_meta_data":{"post_id":"80139","title":null,"description":null,"keywords":null,"keyphrases":null,"primary_term":null,"canonical_url":null,"og_title":null,"og_description":null,"og_object_type":"default","og_image_type":"default","og_image_url":null,"og_image_width":null,"og_image_height":null,"og_image_custom_url":null,"og_image_custom_fields":null,"og_video":null,"og_custom_url":null,"og_article_section":null,"og_article_tags":null,"twitter_use_og":false,"twitter_card":"default","twitter_image_type":"default","twitter_image_url":null,"twitter_image_custom_url":null,"twitter_image_custom_fields":null,"twitter_title":null,"twitter_description":null,"schema":{"blockGraphs":[],"customGraphs":[],"default":{"data":{"Article":[],"Course":[],"Dataset":[],"FAQPage":[],"Movie":[],"Person":[],"Product":[],"ProductReview":[],"Car":[],"Recipe":[],"Service":[],"SoftwareApplication":[],"WebPage":[]},"graphName":"","isEnabled":true},"graphs":[],"defaultGraph":"","defaultPostTypeGraph":""},"schema_type":null,"schema_type_options":null,"pillar_content":false,"robots_default":true,"robots_noindex":false,"robots_noarchive":false,"robots_nosnippet":false,"robots_nofollow":false,"robots_noimageindex":false,"robots_noodp":false,"robots_notranslate":false,"robots_max_snippet":null,"robots_max_videopreview":null,"robots_max_imagepreview":"large","priority":null,"frequency":null,"location":null,"local_seo":null,"seo_analyzer_scan_date":"2025-09-27 20:16:39","breadcrumb_settings":null,"limit_modified_date":false,"open_ai":null,"ai":null,"created":"2021-03-08 17:38:50","updated":"2025-09-27 20:16:39"},"aioseo_breadcrumb":"<div class=\"aioseo-breadcrumbs\"><span class=\"aioseo-breadcrumb\">\n\t<a href=\"https:\/\/eldigitaldeasturias.com\/magazine365\" title=\"Home\">Home<\/a>\n<\/span><span class=\"aioseo-breadcrumb-separator\">\u2013<\/span><span class=\"aioseo-breadcrumb\">\n\t<a href=\"https:\/\/eldigitaldeasturias.com\/magazine365\/category\/noticias-actualidad\/\" title=\"Noticias y Actualidad\">Noticias y Actualidad<\/a>\n<\/span><span class=\"aioseo-breadcrumb-separator\">\u2013<\/span><span class=\"aioseo-breadcrumb\">\n\t<a href=\"https:\/\/eldigitaldeasturias.com\/magazine365\/26j-pp-propone-medidas-para-mejorar-la-oferta-turistica-de-granada-y-luchar-contra-la-estacionalidad\/\" title=\"26J.- PP propone medidas para mejorar la oferta tur\u00edstica de Granada y luchar contra la estacionalidad\">26J.- PP propone medidas para mejorar la oferta tur\u00edstica de Granada y luchar contra la estacionalidad<\/a>\n<\/span><\/div>","aioseo_breadcrumb_json":[{"label":"Home","link":"https:\/\/eldigitaldeasturias.com\/magazine365"},{"label":"Noticias y Actualidad","link":"https:\/\/eldigitaldeasturias.com\/magazine365\/category\/noticias-actualidad\/"},{"label":"26J.- PP propone medidas para mejorar la oferta tur\u00edstica de Granada y luchar contra la estacionalidad","link":"https:\/\/eldigitaldeasturias.com\/magazine365\/26j-pp-propone-medidas-para-mejorar-la-oferta-turistica-de-granada-y-luchar-contra-la-estacionalidad\/"}],"_links":{"self":[{"href":"https:\/\/eldigitaldeasturias.com\/magazine365\/wp-json\/wp\/v2\/posts\/80139","targetHints":{"allow":["GET"]}}],"collection":[{"href":"https:\/\/eldigitaldeasturias.com\/magazine365\/wp-json\/wp\/v2\/posts"}],"about":[{"href":"https:\/\/eldigitaldeasturias.com\/magazine365\/wp-json\/wp\/v2\/types\/post"}],"author":[{"embeddable":true,"href":"https:\/\/eldigitaldeasturias.com\/magazine365\/wp-json\/wp\/v2\/users\/1"}],"replies":[{"embeddable":true,"href":"https:\/\/eldigitaldeasturias.com\/magazine365\/wp-json\/wp\/v2\/comments?post=80139"}],"version-history":[{"count":0,"href":"https:\/\/eldigitaldeasturias.com\/magazine365\/wp-json\/wp\/v2\/posts\/80139\/revisions"}],"wp:featuredmedia":[{"embeddable":true,"href":"https:\/\/eldigitaldeasturias.com\/magazine365\/wp-json\/wp\/v2\/media\/80140"}],"wp:attachment":[{"href":"https:\/\/eldigitaldeasturias.com\/magazine365\/wp-json\/wp\/v2\/media?parent=80139"}],"wp:term":[{"taxonomy":"category","embeddable":true,"href":"https:\/\/eldigitaldeasturias.com\/magazine365\/wp-json\/wp\/v2\/categories?post=80139"},{"taxonomy":"post_tag","embeddable":true,"href":"https:\/\/eldigitaldeasturias.com\/magazine365\/wp-json\/wp\/v2\/tags?post=80139"}],"curies":[{"name":"wp","href":"https:\/\/api.w.org\/{rel}","templated":true}]}}