{"id":80121,"date":"2016-06-20T15:53:41","date_gmt":"2016-06-20T13:53:41","guid":{"rendered":"http:\/\/eldigitaldeasturias.com\/magazine365\/?p=80121"},"modified":"2016-06-20T15:53:41","modified_gmt":"2016-06-20T13:53:41","slug":"miguel-mirones-reelegido-presidente-de-la-asociacion-nacional-de-balnearios","status":"publish","type":"post","link":"https:\/\/eldigitaldeasturias.com\/magazine365\/miguel-mirones-reelegido-presidente-de-la-asociacion-nacional-de-balnearios\/","title":{"rendered":"Miguel Mirones, reelegido presidente de la Asociaci\u00f3n Nacional de Balnearios"},"content":{"rendered":"<p><img fetchpriority=\"high\" decoding=\"async\" class=\"alignleft size-medium wp-image-80122\" src=\"https:\/\/eldigitaldeasturias.com\/magazine365\/wp-content\/uploads\/2016\/06\/fotonoticia_20160620134037_800-360x240.jpg\" alt=\"fotonoticia_20160620134037_800\" width=\"360\" height=\"240\" srcset=\"https:\/\/eldigitaldeasturias.com\/magazine365\/wp-content\/uploads\/2016\/06\/fotonoticia_20160620134037_800-360x240.jpg 360w, https:\/\/eldigitaldeasturias.com\/magazine365\/wp-content\/uploads\/2016\/06\/fotonoticia_20160620134037_800-650x433.jpg 650w, https:\/\/eldigitaldeasturias.com\/magazine365\/wp-content\/uploads\/2016\/06\/fotonoticia_20160620134037_800-768x512.jpg 768w, https:\/\/eldigitaldeasturias.com\/magazine365\/wp-content\/uploads\/2016\/06\/fotonoticia_20160620134037_800-150x100.jpg 150w, https:\/\/eldigitaldeasturias.com\/magazine365\/wp-content\/uploads\/2016\/06\/fotonoticia_20160620134037_800-450x300.jpg 450w, https:\/\/eldigitaldeasturias.com\/magazine365\/wp-content\/uploads\/2016\/06\/fotonoticia_20160620134037_800-101x66.jpg 101w, https:\/\/eldigitaldeasturias.com\/magazine365\/wp-content\/uploads\/2016\/06\/fotonoticia_20160620134037_800.jpg 800w\" sizes=\"(max-width: 360px) 100vw, 360px\" \/>Miguel Mirones ha sido reelegido como presidente de la Asociaci\u00f3n Nacional de Balnearios (ANBAL) por cuarta vez consecutiva durante la asamblea general de dicha asociaci\u00f3n, celebrada en el Balneario de Archena, en Murcia.<\/p>\n<p>La asociaci\u00f3n ANBAL, que celebrar\u00e1 este a\u00f1o su 150 aniversario, re\u00fane a la mayor\u00eda de balnearios espa\u00f1oles y tiene presencia en todas las comunidades aut\u00f3nomas con establecimientos termales, siendo la patronal representante del sector ante las administraciones p\u00fablicas de \u00e1mbito estatal.<\/p>\n<p>La secretaria de Estado de Turismo en funciones, Isabel Borrego, que asisti\u00f3 a la clausura de la asamblea general de ANBAl, reconoci\u00f3 la importante labor realizada durante estos a\u00f1os tan fundamentales para el sector tur\u00edstico por este segmento.<\/p>\n<p>Entre ellas, destac\u00f3 la constituci\u00f3n de la marca Spaincares o el impulso a las normas de calidad para el turismo de salud a nivel nacional e internacional bajo el mandato de Mirones al frente de la patronal de los balnearios espa\u00f1oles.<\/p>\n<p>Al t\u00e9rmino de la asamblea, Mirones desgran\u00f3 algunos de los objetivos a alcanzar durante los pr\u00f3ximos cuatro a\u00f1os como la mejora del posicionamiento de los balearios espa\u00f1oles y la defensa del concepto balneario; la participaci\u00f3n activa de ANBAL en federaciones y confederaciones; mantener un di\u00e1logo reivindicativo con la Administraci\u00f3n y avanzar hacia un nuevo modelo asociativo.<\/p>\n<p>Mirones es propietario de la mayor cadena de balnearios de Espa\u00f1a, Relais Termal, a la que pertenecen establecimientos termales hist\u00f3ricos como el de Cestona (Guip\u00fazcoa), Li\u00e9rganes (Cantabria), Acu\u00f1a (Caldas de Reis, Pontevedra) o Termas Pallar\u00e9s (Alhamba de Arag\u00f3n, Zaragoza), entre otros.<\/p>\n","protected":false},"excerpt":{"rendered":"<p>Miguel Mirones ha sido reelegido como presidente de la Asociaci\u00f3n Nacional de Balnearios (ANBAL) por cuarta vez consecutiva durante la asamblea general de dicha asociaci\u00f3n, celebrada en el Balneario de Archena, en Murcia. La asociaci\u00f3n ANBAL, que celebrar\u00e1 este a\u00f1o su 150 aniversario, re\u00fane a la mayor\u00eda de balnearios espa\u00f1oles y tiene presencia en todas<\/p>\n","protected":false},"author":1,"featured_media":80122,"comment_status":"open","ping_status":"closed","sticky":false,"template":"","format":"standard","meta":{"footnotes":""},"categories":[224],"tags":[],"class_list":{"0":"post-80121","1":"post","2":"type-post","3":"status-publish","4":"format-standard","5":"has-post-thumbnail","7":"category-noticias-actualidad"},"aioseo_notices":[],"aioseo_head":"\n\t\t<!-- All in One SEO Pro 4.9.6.1 - aioseo.com -->\n\t<meta name=\"description\" content=\"Miguel Mirones ha sido reelegido como presidente de la Asociaci\u00f3n Nacional de Balnearios (ANBAL) por cuarta vez consecutiva durante la asamblea general de dicha asociaci\u00f3n, celebrada en el Balneario de Archena, en Murcia. La asociaci\u00f3n ANBAL, que celebrar\u00e1 este a\u00f1o su 150 aniversario, re\u00fane a la mayor\u00eda de balnearios espa\u00f1oles y tiene presencia en todas\" \/>\n\t<meta name=\"robots\" content=\"max-image-preview:large\" \/>\n\t<meta name=\"author\" content=\"admin\"\/>\n\t<meta name=\"google-site-verification\" content=\"UA-38556648-1\" \/>\n\t<meta name=\"keywords\" content=\"noticias y actualidad\" \/>\n\t<link rel=\"canonical\" href=\"https:\/\/eldigitaldeasturias.com\/magazine365\/miguel-mirones-reelegido-presidente-de-la-asociacion-nacional-de-balnearios\/\" \/>\n\t<meta name=\"generator\" content=\"All in One SEO Pro (AIOSEO) 4.9.6.1\" \/>\n\t\t<meta property=\"og:locale\" content=\"es_ES\" \/>\n\t\t<meta property=\"og:site_name\" content=\"El Digital de Asturias \u2013 Revista de ocio, turismo y estilo de vida\" \/>\n\t\t<meta property=\"og:type\" content=\"article\" \/>\n\t\t<meta property=\"og:title\" content=\"Miguel Mirones, reelegido presidente de la Asociaci\u00f3n Nacional de Balnearios | El Digital de Asturias\" \/>\n\t\t<meta property=\"og:description\" content=\"Miguel Mirones ha sido reelegido como presidente de la Asociaci\u00f3n Nacional de Balnearios (ANBAL) por cuarta vez consecutiva durante la asamblea general de dicha asociaci\u00f3n, celebrada en el Balneario de Archena, en Murcia. La asociaci\u00f3n ANBAL, que celebrar\u00e1 este a\u00f1o su 150 aniversario, re\u00fane a la mayor\u00eda de balnearios espa\u00f1oles y tiene presencia en todas\" \/>\n\t\t<meta property=\"og:url\" content=\"https:\/\/eldigitaldeasturias.com\/magazine365\/miguel-mirones-reelegido-presidente-de-la-asociacion-nacional-de-balnearios\/\" \/>\n\t\t<meta property=\"og:image\" content=\"https:\/\/eldigitaldeasturias.com\/magazine365\/wp-content\/uploads\/2016\/06\/fotonoticia_20160620134037_800.jpg\" \/>\n\t\t<meta property=\"og:image:secure_url\" content=\"https:\/\/eldigitaldeasturias.com\/magazine365\/wp-content\/uploads\/2016\/06\/fotonoticia_20160620134037_800.jpg\" \/>\n\t\t<meta property=\"og:image:width\" content=\"800\" \/>\n\t\t<meta property=\"og:image:height\" content=\"533\" \/>\n\t\t<meta property=\"article:published_time\" content=\"2016-06-20T13:53:41+00:00\" \/>\n\t\t<meta property=\"article:modified_time\" content=\"2016-06-20T13:53:41+00:00\" \/>\n\t\t<meta name=\"twitter:card\" content=\"summary_large_image\" \/>\n\t\t<meta name=\"twitter:title\" content=\"Miguel Mirones, reelegido presidente de la Asociaci\u00f3n Nacional de Balnearios | El Digital de Asturias\" \/>\n\t\t<meta name=\"twitter:description\" content=\"Miguel Mirones ha sido reelegido como presidente de la Asociaci\u00f3n Nacional de Balnearios (ANBAL) por cuarta vez consecutiva durante la asamblea general de dicha asociaci\u00f3n, celebrada en el Balneario de Archena, en Murcia. La asociaci\u00f3n ANBAL, que celebrar\u00e1 este a\u00f1o su 150 aniversario, re\u00fane a la mayor\u00eda de balnearios espa\u00f1oles y tiene presencia en todas\" \/>\n\t\t<meta name=\"twitter:image\" content=\"https:\/\/eldigitaldeasturias.com\/magazine365\/wp-content\/uploads\/2016\/06\/fotonoticia_20160620134037_800.jpg\" \/>\n\t\t<script type=\"application\/ld+json\" class=\"aioseo-schema\">\n\t\t\t{\"@context\":\"https:\\\/\\\/schema.org\",\"@graph\":[{\"@type\":\"Article\",\"@id\":\"https:\\\/\\\/eldigitaldeasturias.com\\\/magazine365\\\/miguel-mirones-reelegido-presidente-de-la-asociacion-nacional-de-balnearios\\\/#article\",\"name\":\"Miguel Mirones, reelegido presidente de la Asociaci\\u00f3n Nacional de Balnearios | El Digital de Asturias\",\"headline\":\"Miguel Mirones, reelegido presidente de la Asociaci\\u00f3n Nacional de Balnearios\",\"author\":{\"@id\":\"https:\\\/\\\/eldigitaldeasturias.com\\\/magazine365\\\/author\\\/admin\\\/#author\"},\"publisher\":{\"@id\":\"https:\\\/\\\/eldigitaldeasturias.com\\\/magazine365\\\/#organization\"},\"image\":{\"@type\":\"ImageObject\",\"url\":\"https:\\\/\\\/eldigitaldeasturias.com\\\/magazine365\\\/wp-content\\\/uploads\\\/2016\\\/06\\\/fotonoticia_20160620134037_800.jpg\",\"width\":800,\"height\":533},\"datePublished\":\"2016-06-20T15:53:41+02:00\",\"dateModified\":\"2016-06-20T15:53:41+02:00\",\"inLanguage\":\"es-ES\",\"mainEntityOfPage\":{\"@id\":\"https:\\\/\\\/eldigitaldeasturias.com\\\/magazine365\\\/miguel-mirones-reelegido-presidente-de-la-asociacion-nacional-de-balnearios\\\/#webpage\"},\"isPartOf\":{\"@id\":\"https:\\\/\\\/eldigitaldeasturias.com\\\/magazine365\\\/miguel-mirones-reelegido-presidente-de-la-asociacion-nacional-de-balnearios\\\/#webpage\"},\"articleSection\":\"Noticias y Actualidad\"},{\"@type\":\"BreadcrumbList\",\"@id\":\"https:\\\/\\\/eldigitaldeasturias.com\\\/magazine365\\\/miguel-mirones-reelegido-presidente-de-la-asociacion-nacional-de-balnearios\\\/#breadcrumblist\",\"itemListElement\":[{\"@type\":\"ListItem\",\"@id\":\"https:\\\/\\\/eldigitaldeasturias.com\\\/magazine365#listItem\",\"position\":1,\"name\":\"Home\",\"item\":\"https:\\\/\\\/eldigitaldeasturias.com\\\/magazine365\",\"nextItem\":{\"@type\":\"ListItem\",\"@id\":\"https:\\\/\\\/eldigitaldeasturias.com\\\/magazine365\\\/category\\\/noticias-actualidad\\\/#listItem\",\"name\":\"Noticias y Actualidad\"}},{\"@type\":\"ListItem\",\"@id\":\"https:\\\/\\\/eldigitaldeasturias.com\\\/magazine365\\\/category\\\/noticias-actualidad\\\/#listItem\",\"position\":2,\"name\":\"Noticias y Actualidad\",\"item\":\"https:\\\/\\\/eldigitaldeasturias.com\\\/magazine365\\\/category\\\/noticias-actualidad\\\/\",\"nextItem\":{\"@type\":\"ListItem\",\"@id\":\"https:\\\/\\\/eldigitaldeasturias.com\\\/magazine365\\\/miguel-mirones-reelegido-presidente-de-la-asociacion-nacional-de-balnearios\\\/#listItem\",\"name\":\"Miguel Mirones, reelegido presidente de la Asociaci\\u00f3n Nacional de Balnearios\"},\"previousItem\":{\"@type\":\"ListItem\",\"@id\":\"https:\\\/\\\/eldigitaldeasturias.com\\\/magazine365#listItem\",\"name\":\"Home\"}},{\"@type\":\"ListItem\",\"@id\":\"https:\\\/\\\/eldigitaldeasturias.com\\\/magazine365\\\/miguel-mirones-reelegido-presidente-de-la-asociacion-nacional-de-balnearios\\\/#listItem\",\"position\":3,\"name\":\"Miguel Mirones, reelegido presidente de la Asociaci\\u00f3n Nacional de Balnearios\",\"previousItem\":{\"@type\":\"ListItem\",\"@id\":\"https:\\\/\\\/eldigitaldeasturias.com\\\/magazine365\\\/category\\\/noticias-actualidad\\\/#listItem\",\"name\":\"Noticias y Actualidad\"}}]},{\"@type\":\"Organization\",\"@id\":\"https:\\\/\\\/eldigitaldeasturias.com\\\/magazine365\\\/#organization\",\"name\":\"El digital de Asturias\",\"description\":\"Revista de ocio, turismo y estilo de vida\",\"url\":\"https:\\\/\\\/eldigitaldeasturias.com\\\/magazine365\\\/\",\"logo\":{\"@type\":\"ImageObject\",\"url\":\"https:\\\/\\\/www.eldigitaldeasturias.com\\\/noticias\\\/wp-content\\\/uploads\\\/2020\\\/12\\\/EDA.jpg\",\"@id\":\"https:\\\/\\\/eldigitaldeasturias.com\\\/magazine365\\\/miguel-mirones-reelegido-presidente-de-la-asociacion-nacional-de-balnearios\\\/#organizationLogo\"},\"image\":{\"@id\":\"https:\\\/\\\/eldigitaldeasturias.com\\\/magazine365\\\/miguel-mirones-reelegido-presidente-de-la-asociacion-nacional-de-balnearios\\\/#organizationLogo\"}},{\"@type\":\"Person\",\"@id\":\"https:\\\/\\\/eldigitaldeasturias.com\\\/magazine365\\\/author\\\/admin\\\/#author\",\"url\":\"https:\\\/\\\/eldigitaldeasturias.com\\\/magazine365\\\/author\\\/admin\\\/\",\"name\":\"admin\",\"image\":{\"@type\":\"ImageObject\",\"@id\":\"https:\\\/\\\/eldigitaldeasturias.com\\\/magazine365\\\/miguel-mirones-reelegido-presidente-de-la-asociacion-nacional-de-balnearios\\\/#authorImage\",\"url\":\"https:\\\/\\\/eldigitaldeasturias.com\\\/magazine365\\\/wp-content\\\/litespeed\\\/avatar\\\/e571bcf59a0edd6fa6838245a470f2fe.jpg?ver=1776969259\",\"width\":96,\"height\":96,\"caption\":\"admin\"}},{\"@type\":\"WebPage\",\"@id\":\"https:\\\/\\\/eldigitaldeasturias.com\\\/magazine365\\\/miguel-mirones-reelegido-presidente-de-la-asociacion-nacional-de-balnearios\\\/#webpage\",\"url\":\"https:\\\/\\\/eldigitaldeasturias.com\\\/magazine365\\\/miguel-mirones-reelegido-presidente-de-la-asociacion-nacional-de-balnearios\\\/\",\"name\":\"Miguel Mirones, reelegido presidente de la Asociaci\\u00f3n Nacional de Balnearios | El Digital de Asturias\",\"description\":\"Miguel Mirones ha sido reelegido como presidente de la Asociaci\\u00f3n Nacional de Balnearios (ANBAL) por cuarta vez consecutiva durante la asamblea general de dicha asociaci\\u00f3n, celebrada en el Balneario de Archena, en Murcia. La asociaci\\u00f3n ANBAL, que celebrar\\u00e1 este a\\u00f1o su 150 aniversario, re\\u00fane a la mayor\\u00eda de balnearios espa\\u00f1oles y tiene presencia en todas\",\"inLanguage\":\"es-ES\",\"isPartOf\":{\"@id\":\"https:\\\/\\\/eldigitaldeasturias.com\\\/magazine365\\\/#website\"},\"breadcrumb\":{\"@id\":\"https:\\\/\\\/eldigitaldeasturias.com\\\/magazine365\\\/miguel-mirones-reelegido-presidente-de-la-asociacion-nacional-de-balnearios\\\/#breadcrumblist\"},\"author\":{\"@id\":\"https:\\\/\\\/eldigitaldeasturias.com\\\/magazine365\\\/author\\\/admin\\\/#author\"},\"creator\":{\"@id\":\"https:\\\/\\\/eldigitaldeasturias.com\\\/magazine365\\\/author\\\/admin\\\/#author\"},\"image\":{\"@type\":\"ImageObject\",\"url\":\"https:\\\/\\\/eldigitaldeasturias.com\\\/magazine365\\\/wp-content\\\/uploads\\\/2016\\\/06\\\/fotonoticia_20160620134037_800.jpg\",\"@id\":\"https:\\\/\\\/eldigitaldeasturias.com\\\/magazine365\\\/miguel-mirones-reelegido-presidente-de-la-asociacion-nacional-de-balnearios\\\/#mainImage\",\"width\":800,\"height\":533},\"primaryImageOfPage\":{\"@id\":\"https:\\\/\\\/eldigitaldeasturias.com\\\/magazine365\\\/miguel-mirones-reelegido-presidente-de-la-asociacion-nacional-de-balnearios\\\/#mainImage\"},\"datePublished\":\"2016-06-20T15:53:41+02:00\",\"dateModified\":\"2016-06-20T15:53:41+02:00\"},{\"@type\":\"WebSite\",\"@id\":\"https:\\\/\\\/eldigitaldeasturias.com\\\/magazine365\\\/#website\",\"url\":\"https:\\\/\\\/eldigitaldeasturias.com\\\/magazine365\\\/\",\"name\":\"El Digital de Asturias\",\"description\":\"Revista de ocio, turismo y estilo de vida\",\"inLanguage\":\"es-ES\",\"publisher\":{\"@id\":\"https:\\\/\\\/eldigitaldeasturias.com\\\/magazine365\\\/#organization\"}}]}\n\t\t<\/script>\n\t\t<!-- All in One SEO Pro -->\r\n\t\t<title>Miguel Mirones, reelegido presidente de la Asociaci\u00f3n Nacional de Balnearios | El Digital de Asturias<\/title>\n\n","aioseo_head_json":{"title":"Miguel Mirones, reelegido presidente de la Asociaci\u00f3n Nacional de Balnearios | El Digital de Asturias","description":"Miguel Mirones ha sido reelegido como presidente de la Asociaci\u00f3n Nacional de Balnearios (ANBAL) por cuarta vez consecutiva durante la asamblea general de dicha asociaci\u00f3n, celebrada en el Balneario de Archena, en Murcia. La asociaci\u00f3n ANBAL, que celebrar\u00e1 este a\u00f1o su 150 aniversario, re\u00fane a la mayor\u00eda de balnearios espa\u00f1oles y tiene presencia en todas","canonical_url":"https:\/\/eldigitaldeasturias.com\/magazine365\/miguel-mirones-reelegido-presidente-de-la-asociacion-nacional-de-balnearios\/","robots":"max-image-preview:large","keywords":"noticias y actualidad","webmasterTools":{"google-site-verification":"UA-38556648-1","miscellaneous":""},"schema":{"@context":"https:\/\/schema.org","@graph":[{"@type":"Article","@id":"https:\/\/eldigitaldeasturias.com\/magazine365\/miguel-mirones-reelegido-presidente-de-la-asociacion-nacional-de-balnearios\/#article","name":"Miguel Mirones, reelegido presidente de la Asociaci\u00f3n Nacional de Balnearios | El Digital de Asturias","headline":"Miguel Mirones, reelegido presidente de la Asociaci\u00f3n Nacional de Balnearios","author":{"@id":"https:\/\/eldigitaldeasturias.com\/magazine365\/author\/admin\/#author"},"publisher":{"@id":"https:\/\/eldigitaldeasturias.com\/magazine365\/#organization"},"image":{"@type":"ImageObject","url":"https:\/\/eldigitaldeasturias.com\/magazine365\/wp-content\/uploads\/2016\/06\/fotonoticia_20160620134037_800.jpg","width":800,"height":533},"datePublished":"2016-06-20T15:53:41+02:00","dateModified":"2016-06-20T15:53:41+02:00","inLanguage":"es-ES","mainEntityOfPage":{"@id":"https:\/\/eldigitaldeasturias.com\/magazine365\/miguel-mirones-reelegido-presidente-de-la-asociacion-nacional-de-balnearios\/#webpage"},"isPartOf":{"@id":"https:\/\/eldigitaldeasturias.com\/magazine365\/miguel-mirones-reelegido-presidente-de-la-asociacion-nacional-de-balnearios\/#webpage"},"articleSection":"Noticias y Actualidad"},{"@type":"BreadcrumbList","@id":"https:\/\/eldigitaldeasturias.com\/magazine365\/miguel-mirones-reelegido-presidente-de-la-asociacion-nacional-de-balnearios\/#breadcrumblist","itemListElement":[{"@type":"ListItem","@id":"https:\/\/eldigitaldeasturias.com\/magazine365#listItem","position":1,"name":"Home","item":"https:\/\/eldigitaldeasturias.com\/magazine365","nextItem":{"@type":"ListItem","@id":"https:\/\/eldigitaldeasturias.com\/magazine365\/category\/noticias-actualidad\/#listItem","name":"Noticias y Actualidad"}},{"@type":"ListItem","@id":"https:\/\/eldigitaldeasturias.com\/magazine365\/category\/noticias-actualidad\/#listItem","position":2,"name":"Noticias y Actualidad","item":"https:\/\/eldigitaldeasturias.com\/magazine365\/category\/noticias-actualidad\/","nextItem":{"@type":"ListItem","@id":"https:\/\/eldigitaldeasturias.com\/magazine365\/miguel-mirones-reelegido-presidente-de-la-asociacion-nacional-de-balnearios\/#listItem","name":"Miguel Mirones, reelegido presidente de la Asociaci\u00f3n Nacional de Balnearios"},"previousItem":{"@type":"ListItem","@id":"https:\/\/eldigitaldeasturias.com\/magazine365#listItem","name":"Home"}},{"@type":"ListItem","@id":"https:\/\/eldigitaldeasturias.com\/magazine365\/miguel-mirones-reelegido-presidente-de-la-asociacion-nacional-de-balnearios\/#listItem","position":3,"name":"Miguel Mirones, reelegido presidente de la Asociaci\u00f3n Nacional de Balnearios","previousItem":{"@type":"ListItem","@id":"https:\/\/eldigitaldeasturias.com\/magazine365\/category\/noticias-actualidad\/#listItem","name":"Noticias y Actualidad"}}]},{"@type":"Organization","@id":"https:\/\/eldigitaldeasturias.com\/magazine365\/#organization","name":"El digital de Asturias","description":"Revista de ocio, turismo y estilo de vida","url":"https:\/\/eldigitaldeasturias.com\/magazine365\/","logo":{"@type":"ImageObject","url":"https:\/\/www.eldigitaldeasturias.com\/noticias\/wp-content\/uploads\/2020\/12\/EDA.jpg","@id":"https:\/\/eldigitaldeasturias.com\/magazine365\/miguel-mirones-reelegido-presidente-de-la-asociacion-nacional-de-balnearios\/#organizationLogo"},"image":{"@id":"https:\/\/eldigitaldeasturias.com\/magazine365\/miguel-mirones-reelegido-presidente-de-la-asociacion-nacional-de-balnearios\/#organizationLogo"}},{"@type":"Person","@id":"https:\/\/eldigitaldeasturias.com\/magazine365\/author\/admin\/#author","url":"https:\/\/eldigitaldeasturias.com\/magazine365\/author\/admin\/","name":"admin","image":{"@type":"ImageObject","@id":"https:\/\/eldigitaldeasturias.com\/magazine365\/miguel-mirones-reelegido-presidente-de-la-asociacion-nacional-de-balnearios\/#authorImage","url":"https:\/\/eldigitaldeasturias.com\/magazine365\/wp-content\/litespeed\/avatar\/e571bcf59a0edd6fa6838245a470f2fe.jpg?ver=1776969259","width":96,"height":96,"caption":"admin"}},{"@type":"WebPage","@id":"https:\/\/eldigitaldeasturias.com\/magazine365\/miguel-mirones-reelegido-presidente-de-la-asociacion-nacional-de-balnearios\/#webpage","url":"https:\/\/eldigitaldeasturias.com\/magazine365\/miguel-mirones-reelegido-presidente-de-la-asociacion-nacional-de-balnearios\/","name":"Miguel Mirones, reelegido presidente de la Asociaci\u00f3n Nacional de Balnearios | El Digital de Asturias","description":"Miguel Mirones ha sido reelegido como presidente de la Asociaci\u00f3n Nacional de Balnearios (ANBAL) por cuarta vez consecutiva durante la asamblea general de dicha asociaci\u00f3n, celebrada en el Balneario de Archena, en Murcia. La asociaci\u00f3n ANBAL, que celebrar\u00e1 este a\u00f1o su 150 aniversario, re\u00fane a la mayor\u00eda de balnearios espa\u00f1oles y tiene presencia en todas","inLanguage":"es-ES","isPartOf":{"@id":"https:\/\/eldigitaldeasturias.com\/magazine365\/#website"},"breadcrumb":{"@id":"https:\/\/eldigitaldeasturias.com\/magazine365\/miguel-mirones-reelegido-presidente-de-la-asociacion-nacional-de-balnearios\/#breadcrumblist"},"author":{"@id":"https:\/\/eldigitaldeasturias.com\/magazine365\/author\/admin\/#author"},"creator":{"@id":"https:\/\/eldigitaldeasturias.com\/magazine365\/author\/admin\/#author"},"image":{"@type":"ImageObject","url":"https:\/\/eldigitaldeasturias.com\/magazine365\/wp-content\/uploads\/2016\/06\/fotonoticia_20160620134037_800.jpg","@id":"https:\/\/eldigitaldeasturias.com\/magazine365\/miguel-mirones-reelegido-presidente-de-la-asociacion-nacional-de-balnearios\/#mainImage","width":800,"height":533},"primaryImageOfPage":{"@id":"https:\/\/eldigitaldeasturias.com\/magazine365\/miguel-mirones-reelegido-presidente-de-la-asociacion-nacional-de-balnearios\/#mainImage"},"datePublished":"2016-06-20T15:53:41+02:00","dateModified":"2016-06-20T15:53:41+02:00"},{"@type":"WebSite","@id":"https:\/\/eldigitaldeasturias.com\/magazine365\/#website","url":"https:\/\/eldigitaldeasturias.com\/magazine365\/","name":"El Digital de Asturias","description":"Revista de ocio, turismo y estilo de vida","inLanguage":"es-ES","publisher":{"@id":"https:\/\/eldigitaldeasturias.com\/magazine365\/#organization"}}]},"og:locale":"es_ES","og:site_name":"El Digital de Asturias \u2013 Revista de ocio, turismo y estilo de vida","og:type":"article","og:title":"Miguel Mirones, reelegido presidente de la Asociaci\u00f3n Nacional de Balnearios | El Digital de Asturias","og:description":"Miguel Mirones ha sido reelegido como presidente de la Asociaci\u00f3n Nacional de Balnearios (ANBAL) por cuarta vez consecutiva durante la asamblea general de dicha asociaci\u00f3n, celebrada en el Balneario de Archena, en Murcia. La asociaci\u00f3n ANBAL, que celebrar\u00e1 este a\u00f1o su 150 aniversario, re\u00fane a la mayor\u00eda de balnearios espa\u00f1oles y tiene presencia en todas","og:url":"https:\/\/eldigitaldeasturias.com\/magazine365\/miguel-mirones-reelegido-presidente-de-la-asociacion-nacional-de-balnearios\/","og:image":"https:\/\/eldigitaldeasturias.com\/magazine365\/wp-content\/uploads\/2016\/06\/fotonoticia_20160620134037_800.jpg","og:image:secure_url":"https:\/\/eldigitaldeasturias.com\/magazine365\/wp-content\/uploads\/2016\/06\/fotonoticia_20160620134037_800.jpg","og:image:width":800,"og:image:height":533,"article:published_time":"2016-06-20T13:53:41+00:00","article:modified_time":"2016-06-20T13:53:41+00:00","twitter:card":"summary_large_image","twitter:title":"Miguel Mirones, reelegido presidente de la Asociaci\u00f3n Nacional de Balnearios | El Digital de Asturias","twitter:description":"Miguel Mirones ha sido reelegido como presidente de la Asociaci\u00f3n Nacional de Balnearios (ANBAL) por cuarta vez consecutiva durante la asamblea general de dicha asociaci\u00f3n, celebrada en el Balneario de Archena, en Murcia. La asociaci\u00f3n ANBAL, que celebrar\u00e1 este a\u00f1o su 150 aniversario, re\u00fane a la mayor\u00eda de balnearios espa\u00f1oles y tiene presencia en todas","twitter:image":"https:\/\/eldigitaldeasturias.com\/magazine365\/wp-content\/uploads\/2016\/06\/fotonoticia_20160620134037_800.jpg"},"aioseo_meta_data":{"post_id":"80121","title":null,"description":null,"keywords":null,"keyphrases":null,"primary_term":null,"canonical_url":null,"og_title":null,"og_description":null,"og_object_type":"default","og_image_type":"default","og_image_url":null,"og_image_width":null,"og_image_height":null,"og_image_custom_url":null,"og_image_custom_fields":null,"og_video":null,"og_custom_url":null,"og_article_section":null,"og_article_tags":null,"twitter_use_og":false,"twitter_card":"default","twitter_image_type":"default","twitter_image_url":null,"twitter_image_custom_url":null,"twitter_image_custom_fields":null,"twitter_title":null,"twitter_description":null,"schema":{"blockGraphs":[],"customGraphs":[],"default":{"data":{"Article":[],"Course":[],"Dataset":[],"FAQPage":[],"Movie":[],"Person":[],"Product":[],"ProductReview":[],"Car":[],"Recipe":[],"Service":[],"SoftwareApplication":[],"WebPage":[]},"graphName":"","isEnabled":true},"graphs":[],"defaultGraph":"","defaultPostTypeGraph":""},"schema_type":null,"schema_type_options":null,"pillar_content":false,"robots_default":true,"robots_noindex":false,"robots_noarchive":false,"robots_nosnippet":false,"robots_nofollow":false,"robots_noimageindex":false,"robots_noodp":false,"robots_notranslate":false,"robots_max_snippet":null,"robots_max_videopreview":null,"robots_max_imagepreview":"large","priority":null,"frequency":null,"location":null,"local_seo":null,"seo_analyzer_scan_date":"2025-09-27 20:14:17","breadcrumb_settings":null,"limit_modified_date":false,"open_ai":null,"ai":null,"created":"2021-03-08 17:38:50","updated":"2025-09-27 20:14:17"},"aioseo_breadcrumb":"<div class=\"aioseo-breadcrumbs\"><span class=\"aioseo-breadcrumb\">\n\t<a href=\"https:\/\/eldigitaldeasturias.com\/magazine365\" title=\"Home\">Home<\/a>\n<\/span><span class=\"aioseo-breadcrumb-separator\">\u2013<\/span><span class=\"aioseo-breadcrumb\">\n\t<a href=\"https:\/\/eldigitaldeasturias.com\/magazine365\/category\/noticias-actualidad\/\" title=\"Noticias y Actualidad\">Noticias y Actualidad<\/a>\n<\/span><span class=\"aioseo-breadcrumb-separator\">\u2013<\/span><span class=\"aioseo-breadcrumb\">\n\t<a href=\"https:\/\/eldigitaldeasturias.com\/magazine365\/miguel-mirones-reelegido-presidente-de-la-asociacion-nacional-de-balnearios\/\" title=\"Miguel Mirones, reelegido presidente de la Asociaci\u00f3n Nacional de Balnearios\">Miguel Mirones, reelegido presidente de la Asociaci\u00f3n Nacional de Balnearios<\/a>\n<\/span><\/div>","aioseo_breadcrumb_json":[{"label":"Home","link":"https:\/\/eldigitaldeasturias.com\/magazine365"},{"label":"Noticias y Actualidad","link":"https:\/\/eldigitaldeasturias.com\/magazine365\/category\/noticias-actualidad\/"},{"label":"Miguel Mirones, reelegido presidente de la Asociaci\u00f3n Nacional de Balnearios","link":"https:\/\/eldigitaldeasturias.com\/magazine365\/miguel-mirones-reelegido-presidente-de-la-asociacion-nacional-de-balnearios\/"}],"_links":{"self":[{"href":"https:\/\/eldigitaldeasturias.com\/magazine365\/wp-json\/wp\/v2\/posts\/80121","targetHints":{"allow":["GET"]}}],"collection":[{"href":"https:\/\/eldigitaldeasturias.com\/magazine365\/wp-json\/wp\/v2\/posts"}],"about":[{"href":"https:\/\/eldigitaldeasturias.com\/magazine365\/wp-json\/wp\/v2\/types\/post"}],"author":[{"embeddable":true,"href":"https:\/\/eldigitaldeasturias.com\/magazine365\/wp-json\/wp\/v2\/users\/1"}],"replies":[{"embeddable":true,"href":"https:\/\/eldigitaldeasturias.com\/magazine365\/wp-json\/wp\/v2\/comments?post=80121"}],"version-history":[{"count":0,"href":"https:\/\/eldigitaldeasturias.com\/magazine365\/wp-json\/wp\/v2\/posts\/80121\/revisions"}],"wp:featuredmedia":[{"embeddable":true,"href":"https:\/\/eldigitaldeasturias.com\/magazine365\/wp-json\/wp\/v2\/media\/80122"}],"wp:attachment":[{"href":"https:\/\/eldigitaldeasturias.com\/magazine365\/wp-json\/wp\/v2\/media?parent=80121"}],"wp:term":[{"taxonomy":"category","embeddable":true,"href":"https:\/\/eldigitaldeasturias.com\/magazine365\/wp-json\/wp\/v2\/categories?post=80121"},{"taxonomy":"post_tag","embeddable":true,"href":"https:\/\/eldigitaldeasturias.com\/magazine365\/wp-json\/wp\/v2\/tags?post=80121"}],"curies":[{"name":"wp","href":"https:\/\/api.w.org\/{rel}","templated":true}]}}