{"id":80118,"date":"2016-06-20T15:53:00","date_gmt":"2016-06-20T13:53:00","guid":{"rendered":"http:\/\/eldigitaldeasturias.com\/magazine365\/?p=80118"},"modified":"2016-06-20T15:53:00","modified_gmt":"2016-06-20T13:53:00","slug":"medio-ambiente-presenta-a-los-ayuntamientos-del-mar-menor-el-catalogo-de-buenas-practicas-para-actuaciones-en-playas","status":"publish","type":"post","link":"https:\/\/eldigitaldeasturias.com\/magazine365\/medio-ambiente-presenta-a-los-ayuntamientos-del-mar-menor-el-catalogo-de-buenas-practicas-para-actuaciones-en-playas\/","title":{"rendered":"Medio Ambiente presenta a los ayuntamientos del Mar Menor el cat\u00e1logo de buenas pr\u00e1cticas para actuaciones en playas"},"content":{"rendered":"<p><img fetchpriority=\"high\" decoding=\"async\" class=\"alignleft size-medium wp-image-80119\" src=\"https:\/\/eldigitaldeasturias.com\/magazine365\/wp-content\/uploads\/2016\/06\/fotonoticia_20160620132019_800-360x203.jpg\" alt=\"fotonoticia_20160620132019_800\" width=\"360\" height=\"203\" srcset=\"https:\/\/eldigitaldeasturias.com\/magazine365\/wp-content\/uploads\/2016\/06\/fotonoticia_20160620132019_800-360x203.jpg 360w, https:\/\/eldigitaldeasturias.com\/magazine365\/wp-content\/uploads\/2016\/06\/fotonoticia_20160620132019_800-650x366.jpg 650w, https:\/\/eldigitaldeasturias.com\/magazine365\/wp-content\/uploads\/2016\/06\/fotonoticia_20160620132019_800-768x432.jpg 768w, https:\/\/eldigitaldeasturias.com\/magazine365\/wp-content\/uploads\/2016\/06\/fotonoticia_20160620132019_800-150x84.jpg 150w, https:\/\/eldigitaldeasturias.com\/magazine365\/wp-content\/uploads\/2016\/06\/fotonoticia_20160620132019_800-450x253.jpg 450w, https:\/\/eldigitaldeasturias.com\/magazine365\/wp-content\/uploads\/2016\/06\/fotonoticia_20160620132019_800-499x280.jpg 499w, https:\/\/eldigitaldeasturias.com\/magazine365\/wp-content\/uploads\/2016\/06\/fotonoticia_20160620132019_800-510x289.jpg 510w, https:\/\/eldigitaldeasturias.com\/magazine365\/wp-content\/uploads\/2016\/06\/fotonoticia_20160620132019_800.jpg 800w\" sizes=\"(max-width: 360px) 100vw, 360px\" \/>La consejera de Agua, Agricultura y Medio Ambiente, Adela Mart\u00ednez-Cach\u00e1, ha mantenido una reuni\u00f3n con t\u00e9cnicos y representantes de los ayuntamientos del Mar Menor y de la Administraci\u00f3n regional para darles a conocer las condiciones ambientales y criterios de autorizaci\u00f3n de las intervenciones en la ribera litoral.<\/p>\n<p>La Consejer\u00eda, a trav\u00e9s de la Oficina de Impulso Socioecon\u00f3mico del Medio Ambiente, junto con profesores del departamento de hidrolog\u00eda y ecolog\u00eda de la Universidad de Murcia, ha puesto en marcha un sistema de seguimiento ambiental de las intervenciones que se pretenden realizar en las playas con el objetivo de establecer condiciones para su autorizaci\u00f3n, monitorizar las actuaciones y evaluar las posibles afecciones a los valores naturales de esta emblem\u00e1tica \u00e1rea protegida.<\/p>\n<p>As\u00ed, se han fijado unos criterios b\u00e1sicos y un cat\u00e1logo de buenas pr\u00e1cticas ambientales, que se deber\u00e1n tener en cuenta en las pr\u00f3ximas acciones en las playas destinadas al ba\u00f1o en la ribera del Mar Menor. \u00abEl objetivo del cat\u00e1logo es conseguir la mejora ambiental del litoral y singularmente de los h\u00e1bitats y especies protegidas\u00bb, ha se\u00f1alado la consejera.<\/p>\n<p>Antes del inicio de la temporada estival tanto la Demarcaci\u00f3n de Costas como los ayuntamientos de la zona realizan distintas intervenciones para la mejora est\u00e9tica y de la calidad del ba\u00f1o de las playas de la ribera del Mar Menor, como dragados, creaci\u00f3n o retirada de escolleras o espigones, reperfilados, aportes de arenas y regeneraci\u00f3n de playas, entre otras.<\/p>\n<p>Con estas actuaciones se pretende reparar los da\u00f1os causados por los temporales y las lluvias torrenciales del oto\u00f1o y el invierno. No obstante, deben evitarse los trabajos que afecten a los h\u00e1bitats y especies o que agraven el estado ecol\u00f3gico de las aguas de la laguna.<\/p>\n<p>Estos criterios, adem\u00e1s, constituir\u00e1n una aportaci\u00f3n destacada para la elaboraci\u00f3n de un programa de protecci\u00f3n y adaptaci\u00f3n al cambio clim\u00e1tico del Mar Menor, que elaborar\u00e1n las administraciones costeras, que se impulsar\u00e1 en el marco de las directrices del Plan de gesti\u00f3n Integral del Mar Menor y Franja Litoral Mediterr\u00e1nea, que la Consejer\u00eda de Agua, Agricultura y Medio Ambiente est\u00e1 tramitando.<\/p>\n<h2 class=\"ladillo\">CAT\u00c1LOGO DE BUENAS PR\u00c1CTICAS<\/h2>\n<p>El cat\u00e1logo de buenas pr\u00e1cticas incluye recomendaciones sobre actuaciones para eliminar espigones. As\u00ed, cuando sea posible se priorizar\u00e1 la recuperaci\u00f3n del hidrodinamismo natural y la textura arenosa de los fondos, eliminando o permeabilizando espigones y otras infraestructuras que limiten la circulaci\u00f3n del agua, seg\u00fan han informado fuentes de la Consejer\u00eda.<\/p>\n<p>Asimismo, se evitar\u00e1n todo tipo de dragados, salvo que se trate del interior de los puertos o de los canales de tr\u00e1nsito o golas de conexi\u00f3n al Mar Mediterr\u00e1neo, siempre con la maquinaria y equipos adecuados para evitar la generaci\u00f3n de turbidez en las aguas.<\/p>\n<p>En cuanto a las aportaciones de arena, no debe contemplarse la extracci\u00f3n de este material depositado por arrastre en los primeros metros del lecho marino y se emplear\u00e1n preferentemente arenas de origen aut\u00f3ctono.<\/p>\n<p>Adem\u00e1s, deber\u00e1 llevarse a cabo preferentemente por medios manuales o, en caso de uso de maquinaria, \u00e9sa no deber\u00e1 producir excavaci\u00f3n de los fondos e ir\u00e1 trabajando desde tierra. Igualmente, se har\u00e1n prospecciones previas para detectar la existencia de fartet (aphanius iberus) y plantas faner\u00f3gamas marinas.<\/p>\n<p>Respecto a la retirada de fangos, se considera excepcional porque puede suponer efectos negativos para las comunidades de faner\u00f3gamas marinas, raz\u00f3n por la cual se considera inicialmente incompatible con su protecci\u00f3n; adem\u00e1s, se evitar\u00e1 la extracci\u00f3n con medios mec\u00e1nicos. Se podr\u00eda admitir el tapado de fangos con arena.<\/p>\n","protected":false},"excerpt":{"rendered":"<p>La consejera de Agua, Agricultura y Medio Ambiente, Adela Mart\u00ednez-Cach\u00e1, ha mantenido una reuni\u00f3n con t\u00e9cnicos y representantes de los ayuntamientos del Mar Menor y de la Administraci\u00f3n regional para darles a conocer las condiciones ambientales y criterios de autorizaci\u00f3n de las intervenciones en la ribera litoral. La Consejer\u00eda, a trav\u00e9s de la Oficina de<\/p>\n","protected":false},"author":1,"featured_media":80119,"comment_status":"open","ping_status":"closed","sticky":false,"template":"","format":"standard","meta":{"footnotes":""},"categories":[224],"tags":[],"class_list":{"0":"post-80118","1":"post","2":"type-post","3":"status-publish","4":"format-standard","5":"has-post-thumbnail","7":"category-noticias-actualidad"},"aioseo_notices":[],"aioseo_head":"\n\t\t<!-- All in One SEO Pro 4.9.6.1 - aioseo.com -->\n\t<meta name=\"description\" content=\"La consejera de Agua, Agricultura y Medio Ambiente, Adela Mart\u00ednez-Cach\u00e1, ha mantenido una reuni\u00f3n con t\u00e9cnicos y representantes de los ayuntamientos del Mar Menor y de la Administraci\u00f3n regional para darles a conocer las condiciones ambientales y criterios de autorizaci\u00f3n de las intervenciones en la ribera litoral. La Consejer\u00eda, a trav\u00e9s de la Oficina de\" \/>\n\t<meta name=\"robots\" content=\"max-image-preview:large\" \/>\n\t<meta name=\"author\" content=\"admin\"\/>\n\t<meta name=\"google-site-verification\" content=\"UA-38556648-1\" \/>\n\t<meta name=\"keywords\" content=\"noticias y actualidad\" \/>\n\t<link rel=\"canonical\" href=\"https:\/\/eldigitaldeasturias.com\/magazine365\/medio-ambiente-presenta-a-los-ayuntamientos-del-mar-menor-el-catalogo-de-buenas-practicas-para-actuaciones-en-playas\/\" \/>\n\t<meta name=\"generator\" content=\"All in One SEO Pro (AIOSEO) 4.9.6.1\" \/>\n\t\t<meta property=\"og:locale\" content=\"es_ES\" \/>\n\t\t<meta property=\"og:site_name\" content=\"El Digital de Asturias \u2013 Revista de ocio, turismo y estilo de vida\" \/>\n\t\t<meta property=\"og:type\" content=\"article\" \/>\n\t\t<meta property=\"og:title\" content=\"Medio Ambiente presenta a los ayuntamientos del Mar Menor el cat\u00e1logo de buenas pr\u00e1cticas para actuaciones en playas | El Digital de Asturias\" \/>\n\t\t<meta property=\"og:description\" content=\"La consejera de Agua, Agricultura y Medio Ambiente, Adela Mart\u00ednez-Cach\u00e1, ha mantenido una reuni\u00f3n con t\u00e9cnicos y representantes de los ayuntamientos del Mar Menor y de la Administraci\u00f3n regional para darles a conocer las condiciones ambientales y criterios de autorizaci\u00f3n de las intervenciones en la ribera litoral. La Consejer\u00eda, a trav\u00e9s de la Oficina de\" \/>\n\t\t<meta property=\"og:url\" content=\"https:\/\/eldigitaldeasturias.com\/magazine365\/medio-ambiente-presenta-a-los-ayuntamientos-del-mar-menor-el-catalogo-de-buenas-practicas-para-actuaciones-en-playas\/\" \/>\n\t\t<meta property=\"og:image\" content=\"https:\/\/eldigitaldeasturias.com\/magazine365\/wp-content\/uploads\/2016\/06\/fotonoticia_20160620132019_800.jpg\" \/>\n\t\t<meta property=\"og:image:secure_url\" content=\"https:\/\/eldigitaldeasturias.com\/magazine365\/wp-content\/uploads\/2016\/06\/fotonoticia_20160620132019_800.jpg\" \/>\n\t\t<meta property=\"og:image:width\" content=\"800\" \/>\n\t\t<meta property=\"og:image:height\" content=\"450\" \/>\n\t\t<meta property=\"article:published_time\" content=\"2016-06-20T13:53:00+00:00\" \/>\n\t\t<meta property=\"article:modified_time\" content=\"2016-06-20T13:53:00+00:00\" \/>\n\t\t<meta name=\"twitter:card\" content=\"summary_large_image\" \/>\n\t\t<meta name=\"twitter:title\" content=\"Medio Ambiente presenta a los ayuntamientos del Mar Menor el cat\u00e1logo de buenas pr\u00e1cticas para actuaciones en playas | El Digital de Asturias\" \/>\n\t\t<meta name=\"twitter:description\" content=\"La consejera de Agua, Agricultura y Medio Ambiente, Adela Mart\u00ednez-Cach\u00e1, ha mantenido una reuni\u00f3n con t\u00e9cnicos y representantes de los ayuntamientos del Mar Menor y de la Administraci\u00f3n regional para darles a conocer las condiciones ambientales y criterios de autorizaci\u00f3n de las intervenciones en la ribera litoral. La Consejer\u00eda, a trav\u00e9s de la Oficina de\" \/>\n\t\t<meta name=\"twitter:image\" content=\"https:\/\/eldigitaldeasturias.com\/magazine365\/wp-content\/uploads\/2016\/06\/fotonoticia_20160620132019_800.jpg\" \/>\n\t\t<script type=\"application\/ld+json\" class=\"aioseo-schema\">\n\t\t\t{\"@context\":\"https:\\\/\\\/schema.org\",\"@graph\":[{\"@type\":\"Article\",\"@id\":\"https:\\\/\\\/eldigitaldeasturias.com\\\/magazine365\\\/medio-ambiente-presenta-a-los-ayuntamientos-del-mar-menor-el-catalogo-de-buenas-practicas-para-actuaciones-en-playas\\\/#article\",\"name\":\"Medio Ambiente presenta a los ayuntamientos del Mar Menor el cat\\u00e1logo de buenas pr\\u00e1cticas para actuaciones en playas | El Digital de Asturias\",\"headline\":\"Medio Ambiente presenta a los ayuntamientos del Mar Menor el cat\\u00e1logo de buenas pr\\u00e1cticas para actuaciones en playas\",\"author\":{\"@id\":\"https:\\\/\\\/eldigitaldeasturias.com\\\/magazine365\\\/author\\\/admin\\\/#author\"},\"publisher\":{\"@id\":\"https:\\\/\\\/eldigitaldeasturias.com\\\/magazine365\\\/#organization\"},\"image\":{\"@type\":\"ImageObject\",\"url\":\"https:\\\/\\\/eldigitaldeasturias.com\\\/magazine365\\\/wp-content\\\/uploads\\\/2016\\\/06\\\/fotonoticia_20160620132019_800.jpg\",\"width\":800,\"height\":450},\"datePublished\":\"2016-06-20T15:53:00+02:00\",\"dateModified\":\"2016-06-20T15:53:00+02:00\",\"inLanguage\":\"es-ES\",\"mainEntityOfPage\":{\"@id\":\"https:\\\/\\\/eldigitaldeasturias.com\\\/magazine365\\\/medio-ambiente-presenta-a-los-ayuntamientos-del-mar-menor-el-catalogo-de-buenas-practicas-para-actuaciones-en-playas\\\/#webpage\"},\"isPartOf\":{\"@id\":\"https:\\\/\\\/eldigitaldeasturias.com\\\/magazine365\\\/medio-ambiente-presenta-a-los-ayuntamientos-del-mar-menor-el-catalogo-de-buenas-practicas-para-actuaciones-en-playas\\\/#webpage\"},\"articleSection\":\"Noticias y Actualidad\"},{\"@type\":\"BreadcrumbList\",\"@id\":\"https:\\\/\\\/eldigitaldeasturias.com\\\/magazine365\\\/medio-ambiente-presenta-a-los-ayuntamientos-del-mar-menor-el-catalogo-de-buenas-practicas-para-actuaciones-en-playas\\\/#breadcrumblist\",\"itemListElement\":[{\"@type\":\"ListItem\",\"@id\":\"https:\\\/\\\/eldigitaldeasturias.com\\\/magazine365#listItem\",\"position\":1,\"name\":\"Home\",\"item\":\"https:\\\/\\\/eldigitaldeasturias.com\\\/magazine365\",\"nextItem\":{\"@type\":\"ListItem\",\"@id\":\"https:\\\/\\\/eldigitaldeasturias.com\\\/magazine365\\\/category\\\/noticias-actualidad\\\/#listItem\",\"name\":\"Noticias y Actualidad\"}},{\"@type\":\"ListItem\",\"@id\":\"https:\\\/\\\/eldigitaldeasturias.com\\\/magazine365\\\/category\\\/noticias-actualidad\\\/#listItem\",\"position\":2,\"name\":\"Noticias y Actualidad\",\"item\":\"https:\\\/\\\/eldigitaldeasturias.com\\\/magazine365\\\/category\\\/noticias-actualidad\\\/\",\"nextItem\":{\"@type\":\"ListItem\",\"@id\":\"https:\\\/\\\/eldigitaldeasturias.com\\\/magazine365\\\/medio-ambiente-presenta-a-los-ayuntamientos-del-mar-menor-el-catalogo-de-buenas-practicas-para-actuaciones-en-playas\\\/#listItem\",\"name\":\"Medio Ambiente presenta a los ayuntamientos del Mar Menor el cat\\u00e1logo de buenas pr\\u00e1cticas para actuaciones en playas\"},\"previousItem\":{\"@type\":\"ListItem\",\"@id\":\"https:\\\/\\\/eldigitaldeasturias.com\\\/magazine365#listItem\",\"name\":\"Home\"}},{\"@type\":\"ListItem\",\"@id\":\"https:\\\/\\\/eldigitaldeasturias.com\\\/magazine365\\\/medio-ambiente-presenta-a-los-ayuntamientos-del-mar-menor-el-catalogo-de-buenas-practicas-para-actuaciones-en-playas\\\/#listItem\",\"position\":3,\"name\":\"Medio Ambiente presenta a los ayuntamientos del Mar Menor el cat\\u00e1logo de buenas pr\\u00e1cticas para actuaciones en playas\",\"previousItem\":{\"@type\":\"ListItem\",\"@id\":\"https:\\\/\\\/eldigitaldeasturias.com\\\/magazine365\\\/category\\\/noticias-actualidad\\\/#listItem\",\"name\":\"Noticias y Actualidad\"}}]},{\"@type\":\"Organization\",\"@id\":\"https:\\\/\\\/eldigitaldeasturias.com\\\/magazine365\\\/#organization\",\"name\":\"El digital de Asturias\",\"description\":\"Revista de ocio, turismo y estilo de vida\",\"url\":\"https:\\\/\\\/eldigitaldeasturias.com\\\/magazine365\\\/\",\"logo\":{\"@type\":\"ImageObject\",\"url\":\"https:\\\/\\\/www.eldigitaldeasturias.com\\\/noticias\\\/wp-content\\\/uploads\\\/2020\\\/12\\\/EDA.jpg\",\"@id\":\"https:\\\/\\\/eldigitaldeasturias.com\\\/magazine365\\\/medio-ambiente-presenta-a-los-ayuntamientos-del-mar-menor-el-catalogo-de-buenas-practicas-para-actuaciones-en-playas\\\/#organizationLogo\"},\"image\":{\"@id\":\"https:\\\/\\\/eldigitaldeasturias.com\\\/magazine365\\\/medio-ambiente-presenta-a-los-ayuntamientos-del-mar-menor-el-catalogo-de-buenas-practicas-para-actuaciones-en-playas\\\/#organizationLogo\"}},{\"@type\":\"Person\",\"@id\":\"https:\\\/\\\/eldigitaldeasturias.com\\\/magazine365\\\/author\\\/admin\\\/#author\",\"url\":\"https:\\\/\\\/eldigitaldeasturias.com\\\/magazine365\\\/author\\\/admin\\\/\",\"name\":\"admin\",\"image\":{\"@type\":\"ImageObject\",\"@id\":\"https:\\\/\\\/eldigitaldeasturias.com\\\/magazine365\\\/medio-ambiente-presenta-a-los-ayuntamientos-del-mar-menor-el-catalogo-de-buenas-practicas-para-actuaciones-en-playas\\\/#authorImage\",\"url\":\"https:\\\/\\\/eldigitaldeasturias.com\\\/magazine365\\\/wp-content\\\/litespeed\\\/avatar\\\/e571bcf59a0edd6fa6838245a470f2fe.jpg?ver=1776969259\",\"width\":96,\"height\":96,\"caption\":\"admin\"}},{\"@type\":\"WebPage\",\"@id\":\"https:\\\/\\\/eldigitaldeasturias.com\\\/magazine365\\\/medio-ambiente-presenta-a-los-ayuntamientos-del-mar-menor-el-catalogo-de-buenas-practicas-para-actuaciones-en-playas\\\/#webpage\",\"url\":\"https:\\\/\\\/eldigitaldeasturias.com\\\/magazine365\\\/medio-ambiente-presenta-a-los-ayuntamientos-del-mar-menor-el-catalogo-de-buenas-practicas-para-actuaciones-en-playas\\\/\",\"name\":\"Medio Ambiente presenta a los ayuntamientos del Mar Menor el cat\\u00e1logo de buenas pr\\u00e1cticas para actuaciones en playas | El Digital de Asturias\",\"description\":\"La consejera de Agua, Agricultura y Medio Ambiente, Adela Mart\\u00ednez-Cach\\u00e1, ha mantenido una reuni\\u00f3n con t\\u00e9cnicos y representantes de los ayuntamientos del Mar Menor y de la Administraci\\u00f3n regional para darles a conocer las condiciones ambientales y criterios de autorizaci\\u00f3n de las intervenciones en la ribera litoral. La Consejer\\u00eda, a trav\\u00e9s de la Oficina de\",\"inLanguage\":\"es-ES\",\"isPartOf\":{\"@id\":\"https:\\\/\\\/eldigitaldeasturias.com\\\/magazine365\\\/#website\"},\"breadcrumb\":{\"@id\":\"https:\\\/\\\/eldigitaldeasturias.com\\\/magazine365\\\/medio-ambiente-presenta-a-los-ayuntamientos-del-mar-menor-el-catalogo-de-buenas-practicas-para-actuaciones-en-playas\\\/#breadcrumblist\"},\"author\":{\"@id\":\"https:\\\/\\\/eldigitaldeasturias.com\\\/magazine365\\\/author\\\/admin\\\/#author\"},\"creator\":{\"@id\":\"https:\\\/\\\/eldigitaldeasturias.com\\\/magazine365\\\/author\\\/admin\\\/#author\"},\"image\":{\"@type\":\"ImageObject\",\"url\":\"https:\\\/\\\/eldigitaldeasturias.com\\\/magazine365\\\/wp-content\\\/uploads\\\/2016\\\/06\\\/fotonoticia_20160620132019_800.jpg\",\"@id\":\"https:\\\/\\\/eldigitaldeasturias.com\\\/magazine365\\\/medio-ambiente-presenta-a-los-ayuntamientos-del-mar-menor-el-catalogo-de-buenas-practicas-para-actuaciones-en-playas\\\/#mainImage\",\"width\":800,\"height\":450},\"primaryImageOfPage\":{\"@id\":\"https:\\\/\\\/eldigitaldeasturias.com\\\/magazine365\\\/medio-ambiente-presenta-a-los-ayuntamientos-del-mar-menor-el-catalogo-de-buenas-practicas-para-actuaciones-en-playas\\\/#mainImage\"},\"datePublished\":\"2016-06-20T15:53:00+02:00\",\"dateModified\":\"2016-06-20T15:53:00+02:00\"},{\"@type\":\"WebSite\",\"@id\":\"https:\\\/\\\/eldigitaldeasturias.com\\\/magazine365\\\/#website\",\"url\":\"https:\\\/\\\/eldigitaldeasturias.com\\\/magazine365\\\/\",\"name\":\"El Digital de Asturias\",\"description\":\"Revista de ocio, turismo y estilo de vida\",\"inLanguage\":\"es-ES\",\"publisher\":{\"@id\":\"https:\\\/\\\/eldigitaldeasturias.com\\\/magazine365\\\/#organization\"}}]}\n\t\t<\/script>\n\t\t<!-- All in One SEO Pro -->\r\n\t\t<title>Medio Ambiente presenta a los ayuntamientos del Mar Menor el cat\u00e1logo de buenas pr\u00e1cticas para actuaciones en playas | El Digital de Asturias<\/title>\n\n","aioseo_head_json":{"title":"Medio Ambiente presenta a los ayuntamientos del Mar Menor el cat\u00e1logo de buenas pr\u00e1cticas para actuaciones en playas | El Digital de Asturias","description":"La consejera de Agua, Agricultura y Medio Ambiente, Adela Mart\u00ednez-Cach\u00e1, ha mantenido una reuni\u00f3n con t\u00e9cnicos y representantes de los ayuntamientos del Mar Menor y de la Administraci\u00f3n regional para darles a conocer las condiciones ambientales y criterios de autorizaci\u00f3n de las intervenciones en la ribera litoral. La Consejer\u00eda, a trav\u00e9s de la Oficina de","canonical_url":"https:\/\/eldigitaldeasturias.com\/magazine365\/medio-ambiente-presenta-a-los-ayuntamientos-del-mar-menor-el-catalogo-de-buenas-practicas-para-actuaciones-en-playas\/","robots":"max-image-preview:large","keywords":"noticias y actualidad","webmasterTools":{"google-site-verification":"UA-38556648-1","miscellaneous":""},"schema":{"@context":"https:\/\/schema.org","@graph":[{"@type":"Article","@id":"https:\/\/eldigitaldeasturias.com\/magazine365\/medio-ambiente-presenta-a-los-ayuntamientos-del-mar-menor-el-catalogo-de-buenas-practicas-para-actuaciones-en-playas\/#article","name":"Medio Ambiente presenta a los ayuntamientos del Mar Menor el cat\u00e1logo de buenas pr\u00e1cticas para actuaciones en playas | El Digital de Asturias","headline":"Medio Ambiente presenta a los ayuntamientos del Mar Menor el cat\u00e1logo de buenas pr\u00e1cticas para actuaciones en playas","author":{"@id":"https:\/\/eldigitaldeasturias.com\/magazine365\/author\/admin\/#author"},"publisher":{"@id":"https:\/\/eldigitaldeasturias.com\/magazine365\/#organization"},"image":{"@type":"ImageObject","url":"https:\/\/eldigitaldeasturias.com\/magazine365\/wp-content\/uploads\/2016\/06\/fotonoticia_20160620132019_800.jpg","width":800,"height":450},"datePublished":"2016-06-20T15:53:00+02:00","dateModified":"2016-06-20T15:53:00+02:00","inLanguage":"es-ES","mainEntityOfPage":{"@id":"https:\/\/eldigitaldeasturias.com\/magazine365\/medio-ambiente-presenta-a-los-ayuntamientos-del-mar-menor-el-catalogo-de-buenas-practicas-para-actuaciones-en-playas\/#webpage"},"isPartOf":{"@id":"https:\/\/eldigitaldeasturias.com\/magazine365\/medio-ambiente-presenta-a-los-ayuntamientos-del-mar-menor-el-catalogo-de-buenas-practicas-para-actuaciones-en-playas\/#webpage"},"articleSection":"Noticias y Actualidad"},{"@type":"BreadcrumbList","@id":"https:\/\/eldigitaldeasturias.com\/magazine365\/medio-ambiente-presenta-a-los-ayuntamientos-del-mar-menor-el-catalogo-de-buenas-practicas-para-actuaciones-en-playas\/#breadcrumblist","itemListElement":[{"@type":"ListItem","@id":"https:\/\/eldigitaldeasturias.com\/magazine365#listItem","position":1,"name":"Home","item":"https:\/\/eldigitaldeasturias.com\/magazine365","nextItem":{"@type":"ListItem","@id":"https:\/\/eldigitaldeasturias.com\/magazine365\/category\/noticias-actualidad\/#listItem","name":"Noticias y Actualidad"}},{"@type":"ListItem","@id":"https:\/\/eldigitaldeasturias.com\/magazine365\/category\/noticias-actualidad\/#listItem","position":2,"name":"Noticias y Actualidad","item":"https:\/\/eldigitaldeasturias.com\/magazine365\/category\/noticias-actualidad\/","nextItem":{"@type":"ListItem","@id":"https:\/\/eldigitaldeasturias.com\/magazine365\/medio-ambiente-presenta-a-los-ayuntamientos-del-mar-menor-el-catalogo-de-buenas-practicas-para-actuaciones-en-playas\/#listItem","name":"Medio Ambiente presenta a los ayuntamientos del Mar Menor el cat\u00e1logo de buenas pr\u00e1cticas para actuaciones en playas"},"previousItem":{"@type":"ListItem","@id":"https:\/\/eldigitaldeasturias.com\/magazine365#listItem","name":"Home"}},{"@type":"ListItem","@id":"https:\/\/eldigitaldeasturias.com\/magazine365\/medio-ambiente-presenta-a-los-ayuntamientos-del-mar-menor-el-catalogo-de-buenas-practicas-para-actuaciones-en-playas\/#listItem","position":3,"name":"Medio Ambiente presenta a los ayuntamientos del Mar Menor el cat\u00e1logo de buenas pr\u00e1cticas para actuaciones en playas","previousItem":{"@type":"ListItem","@id":"https:\/\/eldigitaldeasturias.com\/magazine365\/category\/noticias-actualidad\/#listItem","name":"Noticias y Actualidad"}}]},{"@type":"Organization","@id":"https:\/\/eldigitaldeasturias.com\/magazine365\/#organization","name":"El digital de Asturias","description":"Revista de ocio, turismo y estilo de vida","url":"https:\/\/eldigitaldeasturias.com\/magazine365\/","logo":{"@type":"ImageObject","url":"https:\/\/www.eldigitaldeasturias.com\/noticias\/wp-content\/uploads\/2020\/12\/EDA.jpg","@id":"https:\/\/eldigitaldeasturias.com\/magazine365\/medio-ambiente-presenta-a-los-ayuntamientos-del-mar-menor-el-catalogo-de-buenas-practicas-para-actuaciones-en-playas\/#organizationLogo"},"image":{"@id":"https:\/\/eldigitaldeasturias.com\/magazine365\/medio-ambiente-presenta-a-los-ayuntamientos-del-mar-menor-el-catalogo-de-buenas-practicas-para-actuaciones-en-playas\/#organizationLogo"}},{"@type":"Person","@id":"https:\/\/eldigitaldeasturias.com\/magazine365\/author\/admin\/#author","url":"https:\/\/eldigitaldeasturias.com\/magazine365\/author\/admin\/","name":"admin","image":{"@type":"ImageObject","@id":"https:\/\/eldigitaldeasturias.com\/magazine365\/medio-ambiente-presenta-a-los-ayuntamientos-del-mar-menor-el-catalogo-de-buenas-practicas-para-actuaciones-en-playas\/#authorImage","url":"https:\/\/eldigitaldeasturias.com\/magazine365\/wp-content\/litespeed\/avatar\/e571bcf59a0edd6fa6838245a470f2fe.jpg?ver=1776969259","width":96,"height":96,"caption":"admin"}},{"@type":"WebPage","@id":"https:\/\/eldigitaldeasturias.com\/magazine365\/medio-ambiente-presenta-a-los-ayuntamientos-del-mar-menor-el-catalogo-de-buenas-practicas-para-actuaciones-en-playas\/#webpage","url":"https:\/\/eldigitaldeasturias.com\/magazine365\/medio-ambiente-presenta-a-los-ayuntamientos-del-mar-menor-el-catalogo-de-buenas-practicas-para-actuaciones-en-playas\/","name":"Medio Ambiente presenta a los ayuntamientos del Mar Menor el cat\u00e1logo de buenas pr\u00e1cticas para actuaciones en playas | El Digital de Asturias","description":"La consejera de Agua, Agricultura y Medio Ambiente, Adela Mart\u00ednez-Cach\u00e1, ha mantenido una reuni\u00f3n con t\u00e9cnicos y representantes de los ayuntamientos del Mar Menor y de la Administraci\u00f3n regional para darles a conocer las condiciones ambientales y criterios de autorizaci\u00f3n de las intervenciones en la ribera litoral. La Consejer\u00eda, a trav\u00e9s de la Oficina de","inLanguage":"es-ES","isPartOf":{"@id":"https:\/\/eldigitaldeasturias.com\/magazine365\/#website"},"breadcrumb":{"@id":"https:\/\/eldigitaldeasturias.com\/magazine365\/medio-ambiente-presenta-a-los-ayuntamientos-del-mar-menor-el-catalogo-de-buenas-practicas-para-actuaciones-en-playas\/#breadcrumblist"},"author":{"@id":"https:\/\/eldigitaldeasturias.com\/magazine365\/author\/admin\/#author"},"creator":{"@id":"https:\/\/eldigitaldeasturias.com\/magazine365\/author\/admin\/#author"},"image":{"@type":"ImageObject","url":"https:\/\/eldigitaldeasturias.com\/magazine365\/wp-content\/uploads\/2016\/06\/fotonoticia_20160620132019_800.jpg","@id":"https:\/\/eldigitaldeasturias.com\/magazine365\/medio-ambiente-presenta-a-los-ayuntamientos-del-mar-menor-el-catalogo-de-buenas-practicas-para-actuaciones-en-playas\/#mainImage","width":800,"height":450},"primaryImageOfPage":{"@id":"https:\/\/eldigitaldeasturias.com\/magazine365\/medio-ambiente-presenta-a-los-ayuntamientos-del-mar-menor-el-catalogo-de-buenas-practicas-para-actuaciones-en-playas\/#mainImage"},"datePublished":"2016-06-20T15:53:00+02:00","dateModified":"2016-06-20T15:53:00+02:00"},{"@type":"WebSite","@id":"https:\/\/eldigitaldeasturias.com\/magazine365\/#website","url":"https:\/\/eldigitaldeasturias.com\/magazine365\/","name":"El Digital de Asturias","description":"Revista de ocio, turismo y estilo de vida","inLanguage":"es-ES","publisher":{"@id":"https:\/\/eldigitaldeasturias.com\/magazine365\/#organization"}}]},"og:locale":"es_ES","og:site_name":"El Digital de Asturias \u2013 Revista de ocio, turismo y estilo de vida","og:type":"article","og:title":"Medio Ambiente presenta a los ayuntamientos del Mar Menor el cat\u00e1logo de buenas pr\u00e1cticas para actuaciones en playas | El Digital de Asturias","og:description":"La consejera de Agua, Agricultura y Medio Ambiente, Adela Mart\u00ednez-Cach\u00e1, ha mantenido una reuni\u00f3n con t\u00e9cnicos y representantes de los ayuntamientos del Mar Menor y de la Administraci\u00f3n regional para darles a conocer las condiciones ambientales y criterios de autorizaci\u00f3n de las intervenciones en la ribera litoral. La Consejer\u00eda, a trav\u00e9s de la Oficina de","og:url":"https:\/\/eldigitaldeasturias.com\/magazine365\/medio-ambiente-presenta-a-los-ayuntamientos-del-mar-menor-el-catalogo-de-buenas-practicas-para-actuaciones-en-playas\/","og:image":"https:\/\/eldigitaldeasturias.com\/magazine365\/wp-content\/uploads\/2016\/06\/fotonoticia_20160620132019_800.jpg","og:image:secure_url":"https:\/\/eldigitaldeasturias.com\/magazine365\/wp-content\/uploads\/2016\/06\/fotonoticia_20160620132019_800.jpg","og:image:width":800,"og:image:height":450,"article:published_time":"2016-06-20T13:53:00+00:00","article:modified_time":"2016-06-20T13:53:00+00:00","twitter:card":"summary_large_image","twitter:title":"Medio Ambiente presenta a los ayuntamientos del Mar Menor el cat\u00e1logo de buenas pr\u00e1cticas para actuaciones en playas | El Digital de Asturias","twitter:description":"La consejera de Agua, Agricultura y Medio Ambiente, Adela Mart\u00ednez-Cach\u00e1, ha mantenido una reuni\u00f3n con t\u00e9cnicos y representantes de los ayuntamientos del Mar Menor y de la Administraci\u00f3n regional para darles a conocer las condiciones ambientales y criterios de autorizaci\u00f3n de las intervenciones en la ribera litoral. La Consejer\u00eda, a trav\u00e9s de la Oficina de","twitter:image":"https:\/\/eldigitaldeasturias.com\/magazine365\/wp-content\/uploads\/2016\/06\/fotonoticia_20160620132019_800.jpg"},"aioseo_meta_data":{"post_id":"80118","title":null,"description":null,"keywords":null,"keyphrases":null,"primary_term":null,"canonical_url":null,"og_title":null,"og_description":null,"og_object_type":"default","og_image_type":"default","og_image_url":null,"og_image_width":null,"og_image_height":null,"og_image_custom_url":null,"og_image_custom_fields":null,"og_video":null,"og_custom_url":null,"og_article_section":null,"og_article_tags":null,"twitter_use_og":false,"twitter_card":"default","twitter_image_type":"default","twitter_image_url":null,"twitter_image_custom_url":null,"twitter_image_custom_fields":null,"twitter_title":null,"twitter_description":null,"schema":{"blockGraphs":[],"customGraphs":[],"default":{"data":{"Article":[],"Course":[],"Dataset":[],"FAQPage":[],"Movie":[],"Person":[],"Product":[],"ProductReview":[],"Car":[],"Recipe":[],"Service":[],"SoftwareApplication":[],"WebPage":[]},"graphName":"","isEnabled":true},"graphs":[],"defaultGraph":"","defaultPostTypeGraph":""},"schema_type":null,"schema_type_options":null,"pillar_content":false,"robots_default":true,"robots_noindex":false,"robots_noarchive":false,"robots_nosnippet":false,"robots_nofollow":false,"robots_noimageindex":false,"robots_noodp":false,"robots_notranslate":false,"robots_max_snippet":null,"robots_max_videopreview":null,"robots_max_imagepreview":"large","priority":null,"frequency":null,"location":null,"local_seo":null,"seo_analyzer_scan_date":"2025-09-27 20:13:05","breadcrumb_settings":null,"limit_modified_date":false,"open_ai":null,"ai":null,"created":"2021-03-08 17:38:50","updated":"2025-09-27 20:13:05"},"aioseo_breadcrumb":"<div class=\"aioseo-breadcrumbs\"><span class=\"aioseo-breadcrumb\">\n\t<a href=\"https:\/\/eldigitaldeasturias.com\/magazine365\" title=\"Home\">Home<\/a>\n<\/span><span class=\"aioseo-breadcrumb-separator\">\u2013<\/span><span class=\"aioseo-breadcrumb\">\n\t<a href=\"https:\/\/eldigitaldeasturias.com\/magazine365\/category\/noticias-actualidad\/\" title=\"Noticias y Actualidad\">Noticias y Actualidad<\/a>\n<\/span><span class=\"aioseo-breadcrumb-separator\">\u2013<\/span><span class=\"aioseo-breadcrumb\">\n\t<a href=\"https:\/\/eldigitaldeasturias.com\/magazine365\/medio-ambiente-presenta-a-los-ayuntamientos-del-mar-menor-el-catalogo-de-buenas-practicas-para-actuaciones-en-playas\/\" title=\"Medio Ambiente presenta a los ayuntamientos del Mar Menor el cat\u00e1logo de buenas pr\u00e1cticas para actuaciones en playas\">Medio Ambiente presenta a los ayuntamientos del Mar Menor el cat\u00e1logo de buenas pr\u00e1cticas para actuaciones en playas<\/a>\n<\/span><\/div>","aioseo_breadcrumb_json":[{"label":"Home","link":"https:\/\/eldigitaldeasturias.com\/magazine365"},{"label":"Noticias y Actualidad","link":"https:\/\/eldigitaldeasturias.com\/magazine365\/category\/noticias-actualidad\/"},{"label":"Medio Ambiente presenta a los ayuntamientos del Mar Menor el cat\u00e1logo de buenas pr\u00e1cticas para actuaciones en playas","link":"https:\/\/eldigitaldeasturias.com\/magazine365\/medio-ambiente-presenta-a-los-ayuntamientos-del-mar-menor-el-catalogo-de-buenas-practicas-para-actuaciones-en-playas\/"}],"_links":{"self":[{"href":"https:\/\/eldigitaldeasturias.com\/magazine365\/wp-json\/wp\/v2\/posts\/80118","targetHints":{"allow":["GET"]}}],"collection":[{"href":"https:\/\/eldigitaldeasturias.com\/magazine365\/wp-json\/wp\/v2\/posts"}],"about":[{"href":"https:\/\/eldigitaldeasturias.com\/magazine365\/wp-json\/wp\/v2\/types\/post"}],"author":[{"embeddable":true,"href":"https:\/\/eldigitaldeasturias.com\/magazine365\/wp-json\/wp\/v2\/users\/1"}],"replies":[{"embeddable":true,"href":"https:\/\/eldigitaldeasturias.com\/magazine365\/wp-json\/wp\/v2\/comments?post=80118"}],"version-history":[{"count":0,"href":"https:\/\/eldigitaldeasturias.com\/magazine365\/wp-json\/wp\/v2\/posts\/80118\/revisions"}],"wp:featuredmedia":[{"embeddable":true,"href":"https:\/\/eldigitaldeasturias.com\/magazine365\/wp-json\/wp\/v2\/media\/80119"}],"wp:attachment":[{"href":"https:\/\/eldigitaldeasturias.com\/magazine365\/wp-json\/wp\/v2\/media?parent=80118"}],"wp:term":[{"taxonomy":"category","embeddable":true,"href":"https:\/\/eldigitaldeasturias.com\/magazine365\/wp-json\/wp\/v2\/categories?post=80118"},{"taxonomy":"post_tag","embeddable":true,"href":"https:\/\/eldigitaldeasturias.com\/magazine365\/wp-json\/wp\/v2\/tags?post=80118"}],"curies":[{"name":"wp","href":"https:\/\/api.w.org\/{rel}","templated":true}]}}