{"id":80100,"date":"2016-06-20T15:46:45","date_gmt":"2016-06-20T13:46:45","guid":{"rendered":"http:\/\/eldigitaldeasturias.com\/magazine365\/?p=80100"},"modified":"2016-06-20T15:46:45","modified_gmt":"2016-06-20T13:46:45","slug":"los-investigadores-esperan-reparar-en-horas-las-unidades-de-memoria-de-las-cajas-negras-de-egyptair","status":"publish","type":"post","link":"https:\/\/eldigitaldeasturias.com\/magazine365\/los-investigadores-esperan-reparar-en-horas-las-unidades-de-memoria-de-las-cajas-negras-de-egyptair\/","title":{"rendered":"Los investigadores esperan reparar en horas las unidades de memoria de las cajas negras de EgyptAir"},"content":{"rendered":"<p><img fetchpriority=\"high\" decoding=\"async\" class=\"alignleft size-medium wp-image-80029\" src=\"https:\/\/eldigitaldeasturias.com\/magazine365\/wp-content\/uploads\/2016\/06\/fotonoticia_20160620094347_800-360x217.jpg\" alt=\"fotonoticia_20160620094347_800\" width=\"360\" height=\"217\" srcset=\"https:\/\/eldigitaldeasturias.com\/magazine365\/wp-content\/uploads\/2016\/06\/fotonoticia_20160620094347_800-360x217.jpg 360w, https:\/\/eldigitaldeasturias.com\/magazine365\/wp-content\/uploads\/2016\/06\/fotonoticia_20160620094347_800-650x392.jpg 650w, https:\/\/eldigitaldeasturias.com\/magazine365\/wp-content\/uploads\/2016\/06\/fotonoticia_20160620094347_800-768x464.jpg 768w, https:\/\/eldigitaldeasturias.com\/magazine365\/wp-content\/uploads\/2016\/06\/fotonoticia_20160620094347_800-150x91.jpg 150w, https:\/\/eldigitaldeasturias.com\/magazine365\/wp-content\/uploads\/2016\/06\/fotonoticia_20160620094347_800-450x272.jpg 450w, https:\/\/eldigitaldeasturias.com\/magazine365\/wp-content\/uploads\/2016\/06\/fotonoticia_20160620094347_800.jpg 800w\" sizes=\"(max-width: 360px) 100vw, 360px\" \/>Los investigadores de aviaci\u00f3n egipcios terminar\u00e1n este lunes la reparaci\u00f3n de las unidades de memoria de las cajas negras del avi\u00f3n de EgyptAir que cay\u00f3 al Mediterr\u00e1neo el pasado 19 de mayo, seg\u00fan ha informado un responsable de la investigaci\u00f3n.<\/p>\n<p>La extracci\u00f3n de los datos de las memorias de unidad del grabador de las voces en la cabina y del grabador de datos de vuelo del avi\u00f3n de EgyptAir deber\u00eda ayudar a la Comisi\u00f3n de Investigaci\u00f3n de Accidentes A\u00e9reos a explicar por qu\u00e9 el aparato se estrell\u00f3 con 66 personas a bordo.<\/p>\n<p>Las reparaciones estar\u00e1n completas \u00aben unas horas\u00bb tras lo cual la comisi\u00f3n ser\u00e1 capaz de determinar c\u00f3mo de f\u00e1cil ser\u00e1 extraer los datos, ha indicado el responsable, que ha pedido mantener el anonimato porque no est\u00e1 autorizado a hablar.<\/p>\n<p>Ambas cajas negras del A320 fueron recuperadas la semana pasada en aguas del Mediterr\u00e1neo. Los investigadores dijeron que ambos artefactos estaban seriamente da\u00f1ados y hab\u00eda que repararlos antes de poder transcribirlos.<\/p>\n<p>De estar intacto, la grabaci\u00f3n en la cabina deber\u00eda revelar las conversaciones del piloto y si hubo alguna alarma, as\u00ed como otras pistas como ruido del motor. En cuanto a la grabadora de los datos, ofrecer\u00e1 a los investigadores una gran oportunidad de determinar la causa.<\/p>\n","protected":false},"excerpt":{"rendered":"<p>Los investigadores de aviaci\u00f3n egipcios terminar\u00e1n este lunes la reparaci\u00f3n de las unidades de memoria de las cajas negras del avi\u00f3n de EgyptAir que cay\u00f3 al Mediterr\u00e1neo el pasado 19 de mayo, seg\u00fan ha informado un responsable de la investigaci\u00f3n. La extracci\u00f3n de los datos de las memorias de unidad del grabador de las voces<\/p>\n","protected":false},"author":1,"featured_media":80029,"comment_status":"open","ping_status":"closed","sticky":false,"template":"","format":"standard","meta":{"footnotes":""},"categories":[224],"tags":[],"class_list":{"0":"post-80100","1":"post","2":"type-post","3":"status-publish","4":"format-standard","5":"has-post-thumbnail","7":"category-noticias-actualidad"},"aioseo_notices":[],"aioseo_head":"\n\t\t<!-- All in One SEO Pro 4.9.6.1 - aioseo.com -->\n\t<meta name=\"description\" content=\"Los investigadores de aviaci\u00f3n egipcios terminar\u00e1n este lunes la reparaci\u00f3n de las unidades de memoria de las cajas negras del avi\u00f3n de EgyptAir que cay\u00f3 al Mediterr\u00e1neo el pasado 19 de mayo, seg\u00fan ha informado un responsable de la investigaci\u00f3n. La extracci\u00f3n de los datos de las memorias de unidad del grabador de las voces\" \/>\n\t<meta name=\"robots\" content=\"max-image-preview:large\" \/>\n\t<meta name=\"author\" content=\"admin\"\/>\n\t<meta name=\"google-site-verification\" content=\"UA-38556648-1\" \/>\n\t<meta name=\"keywords\" content=\"noticias y actualidad\" \/>\n\t<link rel=\"canonical\" href=\"https:\/\/eldigitaldeasturias.com\/magazine365\/los-investigadores-esperan-reparar-en-horas-las-unidades-de-memoria-de-las-cajas-negras-de-egyptair\/\" \/>\n\t<meta name=\"generator\" content=\"All in One SEO Pro (AIOSEO) 4.9.6.1\" \/>\n\t\t<meta property=\"og:locale\" content=\"es_ES\" \/>\n\t\t<meta property=\"og:site_name\" content=\"El Digital de Asturias \u2013 Revista de ocio, turismo y estilo de vida\" \/>\n\t\t<meta property=\"og:type\" content=\"article\" \/>\n\t\t<meta property=\"og:title\" content=\"Los investigadores esperan reparar en horas las unidades de memoria de las cajas negras de EgyptAir | El Digital de Asturias\" \/>\n\t\t<meta property=\"og:description\" content=\"Los investigadores de aviaci\u00f3n egipcios terminar\u00e1n este lunes la reparaci\u00f3n de las unidades de memoria de las cajas negras del avi\u00f3n de EgyptAir que cay\u00f3 al Mediterr\u00e1neo el pasado 19 de mayo, seg\u00fan ha informado un responsable de la investigaci\u00f3n. La extracci\u00f3n de los datos de las memorias de unidad del grabador de las voces\" \/>\n\t\t<meta property=\"og:url\" content=\"https:\/\/eldigitaldeasturias.com\/magazine365\/los-investigadores-esperan-reparar-en-horas-las-unidades-de-memoria-de-las-cajas-negras-de-egyptair\/\" \/>\n\t\t<meta property=\"og:image\" content=\"https:\/\/eldigitaldeasturias.com\/magazine365\/wp-content\/uploads\/2016\/06\/fotonoticia_20160620094347_800.jpg\" \/>\n\t\t<meta property=\"og:image:secure_url\" content=\"https:\/\/eldigitaldeasturias.com\/magazine365\/wp-content\/uploads\/2016\/06\/fotonoticia_20160620094347_800.jpg\" \/>\n\t\t<meta property=\"og:image:width\" content=\"800\" \/>\n\t\t<meta property=\"og:image:height\" content=\"483\" \/>\n\t\t<meta property=\"article:published_time\" content=\"2016-06-20T13:46:45+00:00\" \/>\n\t\t<meta property=\"article:modified_time\" content=\"2016-06-20T13:46:45+00:00\" \/>\n\t\t<meta name=\"twitter:card\" content=\"summary_large_image\" \/>\n\t\t<meta name=\"twitter:title\" content=\"Los investigadores esperan reparar en horas las unidades de memoria de las cajas negras de EgyptAir | El Digital de Asturias\" \/>\n\t\t<meta name=\"twitter:description\" content=\"Los investigadores de aviaci\u00f3n egipcios terminar\u00e1n este lunes la reparaci\u00f3n de las unidades de memoria de las cajas negras del avi\u00f3n de EgyptAir que cay\u00f3 al Mediterr\u00e1neo el pasado 19 de mayo, seg\u00fan ha informado un responsable de la investigaci\u00f3n. La extracci\u00f3n de los datos de las memorias de unidad del grabador de las voces\" \/>\n\t\t<meta name=\"twitter:image\" content=\"https:\/\/eldigitaldeasturias.com\/magazine365\/wp-content\/uploads\/2016\/06\/fotonoticia_20160620094347_800.jpg\" \/>\n\t\t<script type=\"application\/ld+json\" class=\"aioseo-schema\">\n\t\t\t{\"@context\":\"https:\\\/\\\/schema.org\",\"@graph\":[{\"@type\":\"Article\",\"@id\":\"https:\\\/\\\/eldigitaldeasturias.com\\\/magazine365\\\/los-investigadores-esperan-reparar-en-horas-las-unidades-de-memoria-de-las-cajas-negras-de-egyptair\\\/#article\",\"name\":\"Los investigadores esperan reparar en horas las unidades de memoria de las cajas negras de EgyptAir | El Digital de Asturias\",\"headline\":\"Los investigadores esperan reparar en horas las unidades de memoria de las cajas negras de EgyptAir\",\"author\":{\"@id\":\"https:\\\/\\\/eldigitaldeasturias.com\\\/magazine365\\\/author\\\/admin\\\/#author\"},\"publisher\":{\"@id\":\"https:\\\/\\\/eldigitaldeasturias.com\\\/magazine365\\\/#organization\"},\"image\":{\"@type\":\"ImageObject\",\"url\":\"https:\\\/\\\/eldigitaldeasturias.com\\\/magazine365\\\/wp-content\\\/uploads\\\/2016\\\/06\\\/fotonoticia_20160620094347_800.jpg\",\"width\":800,\"height\":483},\"datePublished\":\"2016-06-20T15:46:45+02:00\",\"dateModified\":\"2016-06-20T15:46:45+02:00\",\"inLanguage\":\"es-ES\",\"mainEntityOfPage\":{\"@id\":\"https:\\\/\\\/eldigitaldeasturias.com\\\/magazine365\\\/los-investigadores-esperan-reparar-en-horas-las-unidades-de-memoria-de-las-cajas-negras-de-egyptair\\\/#webpage\"},\"isPartOf\":{\"@id\":\"https:\\\/\\\/eldigitaldeasturias.com\\\/magazine365\\\/los-investigadores-esperan-reparar-en-horas-las-unidades-de-memoria-de-las-cajas-negras-de-egyptair\\\/#webpage\"},\"articleSection\":\"Noticias y Actualidad\"},{\"@type\":\"BreadcrumbList\",\"@id\":\"https:\\\/\\\/eldigitaldeasturias.com\\\/magazine365\\\/los-investigadores-esperan-reparar-en-horas-las-unidades-de-memoria-de-las-cajas-negras-de-egyptair\\\/#breadcrumblist\",\"itemListElement\":[{\"@type\":\"ListItem\",\"@id\":\"https:\\\/\\\/eldigitaldeasturias.com\\\/magazine365#listItem\",\"position\":1,\"name\":\"Home\",\"item\":\"https:\\\/\\\/eldigitaldeasturias.com\\\/magazine365\",\"nextItem\":{\"@type\":\"ListItem\",\"@id\":\"https:\\\/\\\/eldigitaldeasturias.com\\\/magazine365\\\/category\\\/noticias-actualidad\\\/#listItem\",\"name\":\"Noticias y Actualidad\"}},{\"@type\":\"ListItem\",\"@id\":\"https:\\\/\\\/eldigitaldeasturias.com\\\/magazine365\\\/category\\\/noticias-actualidad\\\/#listItem\",\"position\":2,\"name\":\"Noticias y Actualidad\",\"item\":\"https:\\\/\\\/eldigitaldeasturias.com\\\/magazine365\\\/category\\\/noticias-actualidad\\\/\",\"nextItem\":{\"@type\":\"ListItem\",\"@id\":\"https:\\\/\\\/eldigitaldeasturias.com\\\/magazine365\\\/los-investigadores-esperan-reparar-en-horas-las-unidades-de-memoria-de-las-cajas-negras-de-egyptair\\\/#listItem\",\"name\":\"Los investigadores esperan reparar en horas las unidades de memoria de las cajas negras de EgyptAir\"},\"previousItem\":{\"@type\":\"ListItem\",\"@id\":\"https:\\\/\\\/eldigitaldeasturias.com\\\/magazine365#listItem\",\"name\":\"Home\"}},{\"@type\":\"ListItem\",\"@id\":\"https:\\\/\\\/eldigitaldeasturias.com\\\/magazine365\\\/los-investigadores-esperan-reparar-en-horas-las-unidades-de-memoria-de-las-cajas-negras-de-egyptair\\\/#listItem\",\"position\":3,\"name\":\"Los investigadores esperan reparar en horas las unidades de memoria de las cajas negras de EgyptAir\",\"previousItem\":{\"@type\":\"ListItem\",\"@id\":\"https:\\\/\\\/eldigitaldeasturias.com\\\/magazine365\\\/category\\\/noticias-actualidad\\\/#listItem\",\"name\":\"Noticias y Actualidad\"}}]},{\"@type\":\"Organization\",\"@id\":\"https:\\\/\\\/eldigitaldeasturias.com\\\/magazine365\\\/#organization\",\"name\":\"El digital de Asturias\",\"description\":\"Revista de ocio, turismo y estilo de vida\",\"url\":\"https:\\\/\\\/eldigitaldeasturias.com\\\/magazine365\\\/\",\"logo\":{\"@type\":\"ImageObject\",\"url\":\"https:\\\/\\\/www.eldigitaldeasturias.com\\\/noticias\\\/wp-content\\\/uploads\\\/2020\\\/12\\\/EDA.jpg\",\"@id\":\"https:\\\/\\\/eldigitaldeasturias.com\\\/magazine365\\\/los-investigadores-esperan-reparar-en-horas-las-unidades-de-memoria-de-las-cajas-negras-de-egyptair\\\/#organizationLogo\"},\"image\":{\"@id\":\"https:\\\/\\\/eldigitaldeasturias.com\\\/magazine365\\\/los-investigadores-esperan-reparar-en-horas-las-unidades-de-memoria-de-las-cajas-negras-de-egyptair\\\/#organizationLogo\"}},{\"@type\":\"Person\",\"@id\":\"https:\\\/\\\/eldigitaldeasturias.com\\\/magazine365\\\/author\\\/admin\\\/#author\",\"url\":\"https:\\\/\\\/eldigitaldeasturias.com\\\/magazine365\\\/author\\\/admin\\\/\",\"name\":\"admin\",\"image\":{\"@type\":\"ImageObject\",\"@id\":\"https:\\\/\\\/eldigitaldeasturias.com\\\/magazine365\\\/los-investigadores-esperan-reparar-en-horas-las-unidades-de-memoria-de-las-cajas-negras-de-egyptair\\\/#authorImage\",\"url\":\"https:\\\/\\\/eldigitaldeasturias.com\\\/magazine365\\\/wp-content\\\/litespeed\\\/avatar\\\/e571bcf59a0edd6fa6838245a470f2fe.jpg?ver=1776969259\",\"width\":96,\"height\":96,\"caption\":\"admin\"}},{\"@type\":\"WebPage\",\"@id\":\"https:\\\/\\\/eldigitaldeasturias.com\\\/magazine365\\\/los-investigadores-esperan-reparar-en-horas-las-unidades-de-memoria-de-las-cajas-negras-de-egyptair\\\/#webpage\",\"url\":\"https:\\\/\\\/eldigitaldeasturias.com\\\/magazine365\\\/los-investigadores-esperan-reparar-en-horas-las-unidades-de-memoria-de-las-cajas-negras-de-egyptair\\\/\",\"name\":\"Los investigadores esperan reparar en horas las unidades de memoria de las cajas negras de EgyptAir | El Digital de Asturias\",\"description\":\"Los investigadores de aviaci\\u00f3n egipcios terminar\\u00e1n este lunes la reparaci\\u00f3n de las unidades de memoria de las cajas negras del avi\\u00f3n de EgyptAir que cay\\u00f3 al Mediterr\\u00e1neo el pasado 19 de mayo, seg\\u00fan ha informado un responsable de la investigaci\\u00f3n. La extracci\\u00f3n de los datos de las memorias de unidad del grabador de las voces\",\"inLanguage\":\"es-ES\",\"isPartOf\":{\"@id\":\"https:\\\/\\\/eldigitaldeasturias.com\\\/magazine365\\\/#website\"},\"breadcrumb\":{\"@id\":\"https:\\\/\\\/eldigitaldeasturias.com\\\/magazine365\\\/los-investigadores-esperan-reparar-en-horas-las-unidades-de-memoria-de-las-cajas-negras-de-egyptair\\\/#breadcrumblist\"},\"author\":{\"@id\":\"https:\\\/\\\/eldigitaldeasturias.com\\\/magazine365\\\/author\\\/admin\\\/#author\"},\"creator\":{\"@id\":\"https:\\\/\\\/eldigitaldeasturias.com\\\/magazine365\\\/author\\\/admin\\\/#author\"},\"image\":{\"@type\":\"ImageObject\",\"url\":\"https:\\\/\\\/eldigitaldeasturias.com\\\/magazine365\\\/wp-content\\\/uploads\\\/2016\\\/06\\\/fotonoticia_20160620094347_800.jpg\",\"@id\":\"https:\\\/\\\/eldigitaldeasturias.com\\\/magazine365\\\/los-investigadores-esperan-reparar-en-horas-las-unidades-de-memoria-de-las-cajas-negras-de-egyptair\\\/#mainImage\",\"width\":800,\"height\":483},\"primaryImageOfPage\":{\"@id\":\"https:\\\/\\\/eldigitaldeasturias.com\\\/magazine365\\\/los-investigadores-esperan-reparar-en-horas-las-unidades-de-memoria-de-las-cajas-negras-de-egyptair\\\/#mainImage\"},\"datePublished\":\"2016-06-20T15:46:45+02:00\",\"dateModified\":\"2016-06-20T15:46:45+02:00\"},{\"@type\":\"WebSite\",\"@id\":\"https:\\\/\\\/eldigitaldeasturias.com\\\/magazine365\\\/#website\",\"url\":\"https:\\\/\\\/eldigitaldeasturias.com\\\/magazine365\\\/\",\"name\":\"El Digital de Asturias\",\"description\":\"Revista de ocio, turismo y estilo de vida\",\"inLanguage\":\"es-ES\",\"publisher\":{\"@id\":\"https:\\\/\\\/eldigitaldeasturias.com\\\/magazine365\\\/#organization\"}}]}\n\t\t<\/script>\n\t\t<!-- All in One SEO Pro -->\r\n\t\t<title>Los investigadores esperan reparar en horas las unidades de memoria de las cajas negras de EgyptAir | El Digital de Asturias<\/title>\n\n","aioseo_head_json":{"title":"Los investigadores esperan reparar en horas las unidades de memoria de las cajas negras de EgyptAir | El Digital de Asturias","description":"Los investigadores de aviaci\u00f3n egipcios terminar\u00e1n este lunes la reparaci\u00f3n de las unidades de memoria de las cajas negras del avi\u00f3n de EgyptAir que cay\u00f3 al Mediterr\u00e1neo el pasado 19 de mayo, seg\u00fan ha informado un responsable de la investigaci\u00f3n. La extracci\u00f3n de los datos de las memorias de unidad del grabador de las voces","canonical_url":"https:\/\/eldigitaldeasturias.com\/magazine365\/los-investigadores-esperan-reparar-en-horas-las-unidades-de-memoria-de-las-cajas-negras-de-egyptair\/","robots":"max-image-preview:large","keywords":"noticias y actualidad","webmasterTools":{"google-site-verification":"UA-38556648-1","miscellaneous":""},"schema":{"@context":"https:\/\/schema.org","@graph":[{"@type":"Article","@id":"https:\/\/eldigitaldeasturias.com\/magazine365\/los-investigadores-esperan-reparar-en-horas-las-unidades-de-memoria-de-las-cajas-negras-de-egyptair\/#article","name":"Los investigadores esperan reparar en horas las unidades de memoria de las cajas negras de EgyptAir | El Digital de Asturias","headline":"Los investigadores esperan reparar en horas las unidades de memoria de las cajas negras de EgyptAir","author":{"@id":"https:\/\/eldigitaldeasturias.com\/magazine365\/author\/admin\/#author"},"publisher":{"@id":"https:\/\/eldigitaldeasturias.com\/magazine365\/#organization"},"image":{"@type":"ImageObject","url":"https:\/\/eldigitaldeasturias.com\/magazine365\/wp-content\/uploads\/2016\/06\/fotonoticia_20160620094347_800.jpg","width":800,"height":483},"datePublished":"2016-06-20T15:46:45+02:00","dateModified":"2016-06-20T15:46:45+02:00","inLanguage":"es-ES","mainEntityOfPage":{"@id":"https:\/\/eldigitaldeasturias.com\/magazine365\/los-investigadores-esperan-reparar-en-horas-las-unidades-de-memoria-de-las-cajas-negras-de-egyptair\/#webpage"},"isPartOf":{"@id":"https:\/\/eldigitaldeasturias.com\/magazine365\/los-investigadores-esperan-reparar-en-horas-las-unidades-de-memoria-de-las-cajas-negras-de-egyptair\/#webpage"},"articleSection":"Noticias y Actualidad"},{"@type":"BreadcrumbList","@id":"https:\/\/eldigitaldeasturias.com\/magazine365\/los-investigadores-esperan-reparar-en-horas-las-unidades-de-memoria-de-las-cajas-negras-de-egyptair\/#breadcrumblist","itemListElement":[{"@type":"ListItem","@id":"https:\/\/eldigitaldeasturias.com\/magazine365#listItem","position":1,"name":"Home","item":"https:\/\/eldigitaldeasturias.com\/magazine365","nextItem":{"@type":"ListItem","@id":"https:\/\/eldigitaldeasturias.com\/magazine365\/category\/noticias-actualidad\/#listItem","name":"Noticias y Actualidad"}},{"@type":"ListItem","@id":"https:\/\/eldigitaldeasturias.com\/magazine365\/category\/noticias-actualidad\/#listItem","position":2,"name":"Noticias y Actualidad","item":"https:\/\/eldigitaldeasturias.com\/magazine365\/category\/noticias-actualidad\/","nextItem":{"@type":"ListItem","@id":"https:\/\/eldigitaldeasturias.com\/magazine365\/los-investigadores-esperan-reparar-en-horas-las-unidades-de-memoria-de-las-cajas-negras-de-egyptair\/#listItem","name":"Los investigadores esperan reparar en horas las unidades de memoria de las cajas negras de EgyptAir"},"previousItem":{"@type":"ListItem","@id":"https:\/\/eldigitaldeasturias.com\/magazine365#listItem","name":"Home"}},{"@type":"ListItem","@id":"https:\/\/eldigitaldeasturias.com\/magazine365\/los-investigadores-esperan-reparar-en-horas-las-unidades-de-memoria-de-las-cajas-negras-de-egyptair\/#listItem","position":3,"name":"Los investigadores esperan reparar en horas las unidades de memoria de las cajas negras de EgyptAir","previousItem":{"@type":"ListItem","@id":"https:\/\/eldigitaldeasturias.com\/magazine365\/category\/noticias-actualidad\/#listItem","name":"Noticias y Actualidad"}}]},{"@type":"Organization","@id":"https:\/\/eldigitaldeasturias.com\/magazine365\/#organization","name":"El digital de Asturias","description":"Revista de ocio, turismo y estilo de vida","url":"https:\/\/eldigitaldeasturias.com\/magazine365\/","logo":{"@type":"ImageObject","url":"https:\/\/www.eldigitaldeasturias.com\/noticias\/wp-content\/uploads\/2020\/12\/EDA.jpg","@id":"https:\/\/eldigitaldeasturias.com\/magazine365\/los-investigadores-esperan-reparar-en-horas-las-unidades-de-memoria-de-las-cajas-negras-de-egyptair\/#organizationLogo"},"image":{"@id":"https:\/\/eldigitaldeasturias.com\/magazine365\/los-investigadores-esperan-reparar-en-horas-las-unidades-de-memoria-de-las-cajas-negras-de-egyptair\/#organizationLogo"}},{"@type":"Person","@id":"https:\/\/eldigitaldeasturias.com\/magazine365\/author\/admin\/#author","url":"https:\/\/eldigitaldeasturias.com\/magazine365\/author\/admin\/","name":"admin","image":{"@type":"ImageObject","@id":"https:\/\/eldigitaldeasturias.com\/magazine365\/los-investigadores-esperan-reparar-en-horas-las-unidades-de-memoria-de-las-cajas-negras-de-egyptair\/#authorImage","url":"https:\/\/eldigitaldeasturias.com\/magazine365\/wp-content\/litespeed\/avatar\/e571bcf59a0edd6fa6838245a470f2fe.jpg?ver=1776969259","width":96,"height":96,"caption":"admin"}},{"@type":"WebPage","@id":"https:\/\/eldigitaldeasturias.com\/magazine365\/los-investigadores-esperan-reparar-en-horas-las-unidades-de-memoria-de-las-cajas-negras-de-egyptair\/#webpage","url":"https:\/\/eldigitaldeasturias.com\/magazine365\/los-investigadores-esperan-reparar-en-horas-las-unidades-de-memoria-de-las-cajas-negras-de-egyptair\/","name":"Los investigadores esperan reparar en horas las unidades de memoria de las cajas negras de EgyptAir | El Digital de Asturias","description":"Los investigadores de aviaci\u00f3n egipcios terminar\u00e1n este lunes la reparaci\u00f3n de las unidades de memoria de las cajas negras del avi\u00f3n de EgyptAir que cay\u00f3 al Mediterr\u00e1neo el pasado 19 de mayo, seg\u00fan ha informado un responsable de la investigaci\u00f3n. La extracci\u00f3n de los datos de las memorias de unidad del grabador de las voces","inLanguage":"es-ES","isPartOf":{"@id":"https:\/\/eldigitaldeasturias.com\/magazine365\/#website"},"breadcrumb":{"@id":"https:\/\/eldigitaldeasturias.com\/magazine365\/los-investigadores-esperan-reparar-en-horas-las-unidades-de-memoria-de-las-cajas-negras-de-egyptair\/#breadcrumblist"},"author":{"@id":"https:\/\/eldigitaldeasturias.com\/magazine365\/author\/admin\/#author"},"creator":{"@id":"https:\/\/eldigitaldeasturias.com\/magazine365\/author\/admin\/#author"},"image":{"@type":"ImageObject","url":"https:\/\/eldigitaldeasturias.com\/magazine365\/wp-content\/uploads\/2016\/06\/fotonoticia_20160620094347_800.jpg","@id":"https:\/\/eldigitaldeasturias.com\/magazine365\/los-investigadores-esperan-reparar-en-horas-las-unidades-de-memoria-de-las-cajas-negras-de-egyptair\/#mainImage","width":800,"height":483},"primaryImageOfPage":{"@id":"https:\/\/eldigitaldeasturias.com\/magazine365\/los-investigadores-esperan-reparar-en-horas-las-unidades-de-memoria-de-las-cajas-negras-de-egyptair\/#mainImage"},"datePublished":"2016-06-20T15:46:45+02:00","dateModified":"2016-06-20T15:46:45+02:00"},{"@type":"WebSite","@id":"https:\/\/eldigitaldeasturias.com\/magazine365\/#website","url":"https:\/\/eldigitaldeasturias.com\/magazine365\/","name":"El Digital de Asturias","description":"Revista de ocio, turismo y estilo de vida","inLanguage":"es-ES","publisher":{"@id":"https:\/\/eldigitaldeasturias.com\/magazine365\/#organization"}}]},"og:locale":"es_ES","og:site_name":"El Digital de Asturias \u2013 Revista de ocio, turismo y estilo de vida","og:type":"article","og:title":"Los investigadores esperan reparar en horas las unidades de memoria de las cajas negras de EgyptAir | El Digital de Asturias","og:description":"Los investigadores de aviaci\u00f3n egipcios terminar\u00e1n este lunes la reparaci\u00f3n de las unidades de memoria de las cajas negras del avi\u00f3n de EgyptAir que cay\u00f3 al Mediterr\u00e1neo el pasado 19 de mayo, seg\u00fan ha informado un responsable de la investigaci\u00f3n. La extracci\u00f3n de los datos de las memorias de unidad del grabador de las voces","og:url":"https:\/\/eldigitaldeasturias.com\/magazine365\/los-investigadores-esperan-reparar-en-horas-las-unidades-de-memoria-de-las-cajas-negras-de-egyptair\/","og:image":"https:\/\/eldigitaldeasturias.com\/magazine365\/wp-content\/uploads\/2016\/06\/fotonoticia_20160620094347_800.jpg","og:image:secure_url":"https:\/\/eldigitaldeasturias.com\/magazine365\/wp-content\/uploads\/2016\/06\/fotonoticia_20160620094347_800.jpg","og:image:width":800,"og:image:height":483,"article:published_time":"2016-06-20T13:46:45+00:00","article:modified_time":"2016-06-20T13:46:45+00:00","twitter:card":"summary_large_image","twitter:title":"Los investigadores esperan reparar en horas las unidades de memoria de las cajas negras de EgyptAir | El Digital de Asturias","twitter:description":"Los investigadores de aviaci\u00f3n egipcios terminar\u00e1n este lunes la reparaci\u00f3n de las unidades de memoria de las cajas negras del avi\u00f3n de EgyptAir que cay\u00f3 al Mediterr\u00e1neo el pasado 19 de mayo, seg\u00fan ha informado un responsable de la investigaci\u00f3n. La extracci\u00f3n de los datos de las memorias de unidad del grabador de las voces","twitter:image":"https:\/\/eldigitaldeasturias.com\/magazine365\/wp-content\/uploads\/2016\/06\/fotonoticia_20160620094347_800.jpg"},"aioseo_meta_data":{"post_id":"80100","title":null,"description":null,"keywords":null,"keyphrases":null,"primary_term":null,"canonical_url":null,"og_title":null,"og_description":null,"og_object_type":"default","og_image_type":"default","og_image_url":null,"og_image_width":null,"og_image_height":null,"og_image_custom_url":null,"og_image_custom_fields":null,"og_video":null,"og_custom_url":null,"og_article_section":null,"og_article_tags":null,"twitter_use_og":false,"twitter_card":"default","twitter_image_type":"default","twitter_image_url":null,"twitter_image_custom_url":null,"twitter_image_custom_fields":null,"twitter_title":null,"twitter_description":null,"schema":{"blockGraphs":[],"customGraphs":[],"default":{"data":{"Article":[],"Course":[],"Dataset":[],"FAQPage":[],"Movie":[],"Person":[],"Product":[],"ProductReview":[],"Car":[],"Recipe":[],"Service":[],"SoftwareApplication":[],"WebPage":[]},"graphName":"","isEnabled":true},"graphs":[],"defaultGraph":"","defaultPostTypeGraph":""},"schema_type":null,"schema_type_options":null,"pillar_content":false,"robots_default":true,"robots_noindex":false,"robots_noarchive":false,"robots_nosnippet":false,"robots_nofollow":false,"robots_noimageindex":false,"robots_noodp":false,"robots_notranslate":false,"robots_max_snippet":null,"robots_max_videopreview":null,"robots_max_imagepreview":"large","priority":null,"frequency":null,"location":null,"local_seo":null,"seo_analyzer_scan_date":"2025-09-27 20:11:13","breadcrumb_settings":null,"limit_modified_date":false,"open_ai":null,"ai":null,"created":"2021-03-08 17:38:50","updated":"2025-09-27 20:11:13"},"aioseo_breadcrumb":"<div class=\"aioseo-breadcrumbs\"><span class=\"aioseo-breadcrumb\">\n\t<a href=\"https:\/\/eldigitaldeasturias.com\/magazine365\" title=\"Home\">Home<\/a>\n<\/span><span class=\"aioseo-breadcrumb-separator\">\u2013<\/span><span class=\"aioseo-breadcrumb\">\n\t<a href=\"https:\/\/eldigitaldeasturias.com\/magazine365\/category\/noticias-actualidad\/\" title=\"Noticias y Actualidad\">Noticias y Actualidad<\/a>\n<\/span><span class=\"aioseo-breadcrumb-separator\">\u2013<\/span><span class=\"aioseo-breadcrumb\">\n\t<a href=\"https:\/\/eldigitaldeasturias.com\/magazine365\/los-investigadores-esperan-reparar-en-horas-las-unidades-de-memoria-de-las-cajas-negras-de-egyptair\/\" title=\"Los investigadores esperan reparar en horas las unidades de memoria de las cajas negras de EgyptAir\">Los investigadores esperan reparar en horas las unidades de memoria de las cajas negras de EgyptAir<\/a>\n<\/span><\/div>","aioseo_breadcrumb_json":[{"label":"Home","link":"https:\/\/eldigitaldeasturias.com\/magazine365"},{"label":"Noticias y Actualidad","link":"https:\/\/eldigitaldeasturias.com\/magazine365\/category\/noticias-actualidad\/"},{"label":"Los investigadores esperan reparar en horas las unidades de memoria de las cajas negras de EgyptAir","link":"https:\/\/eldigitaldeasturias.com\/magazine365\/los-investigadores-esperan-reparar-en-horas-las-unidades-de-memoria-de-las-cajas-negras-de-egyptair\/"}],"_links":{"self":[{"href":"https:\/\/eldigitaldeasturias.com\/magazine365\/wp-json\/wp\/v2\/posts\/80100","targetHints":{"allow":["GET"]}}],"collection":[{"href":"https:\/\/eldigitaldeasturias.com\/magazine365\/wp-json\/wp\/v2\/posts"}],"about":[{"href":"https:\/\/eldigitaldeasturias.com\/magazine365\/wp-json\/wp\/v2\/types\/post"}],"author":[{"embeddable":true,"href":"https:\/\/eldigitaldeasturias.com\/magazine365\/wp-json\/wp\/v2\/users\/1"}],"replies":[{"embeddable":true,"href":"https:\/\/eldigitaldeasturias.com\/magazine365\/wp-json\/wp\/v2\/comments?post=80100"}],"version-history":[{"count":0,"href":"https:\/\/eldigitaldeasturias.com\/magazine365\/wp-json\/wp\/v2\/posts\/80100\/revisions"}],"wp:featuredmedia":[{"embeddable":true,"href":"https:\/\/eldigitaldeasturias.com\/magazine365\/wp-json\/wp\/v2\/media\/80029"}],"wp:attachment":[{"href":"https:\/\/eldigitaldeasturias.com\/magazine365\/wp-json\/wp\/v2\/media?parent=80100"}],"wp:term":[{"taxonomy":"category","embeddable":true,"href":"https:\/\/eldigitaldeasturias.com\/magazine365\/wp-json\/wp\/v2\/categories?post=80100"},{"taxonomy":"post_tag","embeddable":true,"href":"https:\/\/eldigitaldeasturias.com\/magazine365\/wp-json\/wp\/v2\/tags?post=80100"}],"curies":[{"name":"wp","href":"https:\/\/api.w.org\/{rel}","templated":true}]}}