{"id":80097,"date":"2016-06-20T15:44:55","date_gmt":"2016-06-20T13:44:55","guid":{"rendered":"http:\/\/eldigitaldeasturias.com\/magazine365\/?p=80097"},"modified":"2016-06-20T15:44:55","modified_gmt":"2016-06-20T13:44:55","slug":"el-servicio-de-autobus-metropolitano-y-aerobus-se-refuerza-por-la-huelga-de-metro-de-barcelona","status":"publish","type":"post","link":"https:\/\/eldigitaldeasturias.com\/magazine365\/el-servicio-de-autobus-metropolitano-y-aerobus-se-refuerza-por-la-huelga-de-metro-de-barcelona\/","title":{"rendered":"El servicio de autob\u00fas metropolitano y Aerob\u00fas se refuerza por la huelga de Metro de Barcelona"},"content":{"rendered":"<p><img fetchpriority=\"high\" decoding=\"async\" class=\"alignleft size-medium wp-image-80098\" src=\"https:\/\/eldigitaldeasturias.com\/magazine365\/wp-content\/uploads\/2016\/06\/fotonoticia_20160620123625_800-360x240.jpg\" alt=\"fotonoticia_20160620123625_800\" width=\"360\" height=\"240\" srcset=\"https:\/\/eldigitaldeasturias.com\/magazine365\/wp-content\/uploads\/2016\/06\/fotonoticia_20160620123625_800-360x240.jpg 360w, https:\/\/eldigitaldeasturias.com\/magazine365\/wp-content\/uploads\/2016\/06\/fotonoticia_20160620123625_800-650x434.jpg 650w, https:\/\/eldigitaldeasturias.com\/magazine365\/wp-content\/uploads\/2016\/06\/fotonoticia_20160620123625_800-768x513.jpg 768w, https:\/\/eldigitaldeasturias.com\/magazine365\/wp-content\/uploads\/2016\/06\/fotonoticia_20160620123625_800-150x100.jpg 150w, https:\/\/eldigitaldeasturias.com\/magazine365\/wp-content\/uploads\/2016\/06\/fotonoticia_20160620123625_800-450x300.jpg 450w, https:\/\/eldigitaldeasturias.com\/magazine365\/wp-content\/uploads\/2016\/06\/fotonoticia_20160620123625_800-101x66.jpg 101w, https:\/\/eldigitaldeasturias.com\/magazine365\/wp-content\/uploads\/2016\/06\/fotonoticia_20160620123625_800.jpg 800w\" sizes=\"(max-width: 360px) 100vw, 360px\" \/>El \u00c1rea Metropolitana de Barcelona (AMB) ha reforzado el servicio de autob\u00fas metropolitano y el Aerob\u00fas con motivo de la huelga del Metro de Barcelona, que se extender\u00e1 hasta el mi\u00e9rcoles.<\/p>\n<p>Seg\u00fan ha informado el AMB en un comunicado este lunes, se han reforzado especialmente en hora punta las l\u00edneas de autob\u00fas de la comarca del Baix Llobregat y el Barcelon\u00e8s Nord, que prestan los operadores Baixbus y Tusgsal.<\/p>\n<p>Tambi\u00e9n se reforzar\u00e1n los desplazamientos al Aeropuerto de El Prat-Barcelona con el Aerob\u00fas, que conecta las dos terminales con el centro de Barcelona en 35 minutos.<\/p>\n","protected":false},"excerpt":{"rendered":"<p>El \u00c1rea Metropolitana de Barcelona (AMB) ha reforzado el servicio de autob\u00fas metropolitano y el Aerob\u00fas con motivo de la huelga del Metro de Barcelona, que se extender\u00e1 hasta el mi\u00e9rcoles. Seg\u00fan ha informado el AMB en un comunicado este lunes, se han reforzado especialmente en hora punta las l\u00edneas de autob\u00fas de la comarca<\/p>\n","protected":false},"author":1,"featured_media":80098,"comment_status":"open","ping_status":"closed","sticky":false,"template":"","format":"standard","meta":{"footnotes":""},"categories":[224],"tags":[],"class_list":{"0":"post-80097","1":"post","2":"type-post","3":"status-publish","4":"format-standard","5":"has-post-thumbnail","7":"category-noticias-actualidad"},"aioseo_notices":[],"aioseo_head":"\n\t\t<!-- All in One SEO Pro 4.9.6.1 - aioseo.com -->\n\t<meta name=\"description\" content=\"El \u00c1rea Metropolitana de Barcelona (AMB) ha reforzado el servicio de autob\u00fas metropolitano y el Aerob\u00fas con motivo de la huelga del Metro de Barcelona, que se extender\u00e1 hasta el mi\u00e9rcoles. Seg\u00fan ha informado el AMB en un comunicado este lunes, se han reforzado especialmente en hora punta las l\u00edneas de autob\u00fas de la comarca\" \/>\n\t<meta name=\"robots\" content=\"max-image-preview:large\" \/>\n\t<meta name=\"author\" content=\"admin\"\/>\n\t<meta name=\"google-site-verification\" content=\"UA-38556648-1\" \/>\n\t<meta name=\"keywords\" content=\"noticias y actualidad\" \/>\n\t<link rel=\"canonical\" href=\"https:\/\/eldigitaldeasturias.com\/magazine365\/el-servicio-de-autobus-metropolitano-y-aerobus-se-refuerza-por-la-huelga-de-metro-de-barcelona\/\" \/>\n\t<meta name=\"generator\" content=\"All in One SEO Pro (AIOSEO) 4.9.6.1\" \/>\n\t\t<meta property=\"og:locale\" content=\"es_ES\" \/>\n\t\t<meta property=\"og:site_name\" content=\"El Digital de Asturias \u2013 Revista de ocio, turismo y estilo de vida\" \/>\n\t\t<meta property=\"og:type\" content=\"article\" \/>\n\t\t<meta property=\"og:title\" content=\"El servicio de autob\u00fas metropolitano y Aerob\u00fas se refuerza por la huelga de Metro de Barcelona | El Digital de Asturias\" \/>\n\t\t<meta property=\"og:description\" content=\"El \u00c1rea Metropolitana de Barcelona (AMB) ha reforzado el servicio de autob\u00fas metropolitano y el Aerob\u00fas con motivo de la huelga del Metro de Barcelona, que se extender\u00e1 hasta el mi\u00e9rcoles. Seg\u00fan ha informado el AMB en un comunicado este lunes, se han reforzado especialmente en hora punta las l\u00edneas de autob\u00fas de la comarca\" \/>\n\t\t<meta property=\"og:url\" content=\"https:\/\/eldigitaldeasturias.com\/magazine365\/el-servicio-de-autobus-metropolitano-y-aerobus-se-refuerza-por-la-huelga-de-metro-de-barcelona\/\" \/>\n\t\t<meta property=\"og:image\" content=\"https:\/\/eldigitaldeasturias.com\/magazine365\/wp-content\/uploads\/2016\/06\/fotonoticia_20160620123625_800.jpg\" \/>\n\t\t<meta property=\"og:image:secure_url\" content=\"https:\/\/eldigitaldeasturias.com\/magazine365\/wp-content\/uploads\/2016\/06\/fotonoticia_20160620123625_800.jpg\" \/>\n\t\t<meta property=\"og:image:width\" content=\"800\" \/>\n\t\t<meta property=\"og:image:height\" content=\"534\" \/>\n\t\t<meta property=\"article:published_time\" content=\"2016-06-20T13:44:55+00:00\" \/>\n\t\t<meta property=\"article:modified_time\" content=\"2016-06-20T13:44:55+00:00\" \/>\n\t\t<meta name=\"twitter:card\" content=\"summary_large_image\" \/>\n\t\t<meta name=\"twitter:title\" content=\"El servicio de autob\u00fas metropolitano y Aerob\u00fas se refuerza por la huelga de Metro de Barcelona | El Digital de Asturias\" \/>\n\t\t<meta name=\"twitter:description\" content=\"El \u00c1rea Metropolitana de Barcelona (AMB) ha reforzado el servicio de autob\u00fas metropolitano y el Aerob\u00fas con motivo de la huelga del Metro de Barcelona, que se extender\u00e1 hasta el mi\u00e9rcoles. Seg\u00fan ha informado el AMB en un comunicado este lunes, se han reforzado especialmente en hora punta las l\u00edneas de autob\u00fas de la comarca\" \/>\n\t\t<meta name=\"twitter:image\" content=\"https:\/\/eldigitaldeasturias.com\/magazine365\/wp-content\/uploads\/2016\/06\/fotonoticia_20160620123625_800.jpg\" \/>\n\t\t<script type=\"application\/ld+json\" class=\"aioseo-schema\">\n\t\t\t{\"@context\":\"https:\\\/\\\/schema.org\",\"@graph\":[{\"@type\":\"Article\",\"@id\":\"https:\\\/\\\/eldigitaldeasturias.com\\\/magazine365\\\/el-servicio-de-autobus-metropolitano-y-aerobus-se-refuerza-por-la-huelga-de-metro-de-barcelona\\\/#article\",\"name\":\"El servicio de autob\\u00fas metropolitano y Aerob\\u00fas se refuerza por la huelga de Metro de Barcelona | El Digital de Asturias\",\"headline\":\"El servicio de autob\\u00fas metropolitano y Aerob\\u00fas se refuerza por la huelga de Metro de Barcelona\",\"author\":{\"@id\":\"https:\\\/\\\/eldigitaldeasturias.com\\\/magazine365\\\/author\\\/admin\\\/#author\"},\"publisher\":{\"@id\":\"https:\\\/\\\/eldigitaldeasturias.com\\\/magazine365\\\/#organization\"},\"image\":{\"@type\":\"ImageObject\",\"url\":\"https:\\\/\\\/eldigitaldeasturias.com\\\/magazine365\\\/wp-content\\\/uploads\\\/2016\\\/06\\\/fotonoticia_20160620123625_800.jpg\",\"width\":800,\"height\":534},\"datePublished\":\"2016-06-20T15:44:55+02:00\",\"dateModified\":\"2016-06-20T15:44:55+02:00\",\"inLanguage\":\"es-ES\",\"mainEntityOfPage\":{\"@id\":\"https:\\\/\\\/eldigitaldeasturias.com\\\/magazine365\\\/el-servicio-de-autobus-metropolitano-y-aerobus-se-refuerza-por-la-huelga-de-metro-de-barcelona\\\/#webpage\"},\"isPartOf\":{\"@id\":\"https:\\\/\\\/eldigitaldeasturias.com\\\/magazine365\\\/el-servicio-de-autobus-metropolitano-y-aerobus-se-refuerza-por-la-huelga-de-metro-de-barcelona\\\/#webpage\"},\"articleSection\":\"Noticias y Actualidad\"},{\"@type\":\"BreadcrumbList\",\"@id\":\"https:\\\/\\\/eldigitaldeasturias.com\\\/magazine365\\\/el-servicio-de-autobus-metropolitano-y-aerobus-se-refuerza-por-la-huelga-de-metro-de-barcelona\\\/#breadcrumblist\",\"itemListElement\":[{\"@type\":\"ListItem\",\"@id\":\"https:\\\/\\\/eldigitaldeasturias.com\\\/magazine365#listItem\",\"position\":1,\"name\":\"Home\",\"item\":\"https:\\\/\\\/eldigitaldeasturias.com\\\/magazine365\",\"nextItem\":{\"@type\":\"ListItem\",\"@id\":\"https:\\\/\\\/eldigitaldeasturias.com\\\/magazine365\\\/category\\\/noticias-actualidad\\\/#listItem\",\"name\":\"Noticias y Actualidad\"}},{\"@type\":\"ListItem\",\"@id\":\"https:\\\/\\\/eldigitaldeasturias.com\\\/magazine365\\\/category\\\/noticias-actualidad\\\/#listItem\",\"position\":2,\"name\":\"Noticias y Actualidad\",\"item\":\"https:\\\/\\\/eldigitaldeasturias.com\\\/magazine365\\\/category\\\/noticias-actualidad\\\/\",\"nextItem\":{\"@type\":\"ListItem\",\"@id\":\"https:\\\/\\\/eldigitaldeasturias.com\\\/magazine365\\\/el-servicio-de-autobus-metropolitano-y-aerobus-se-refuerza-por-la-huelga-de-metro-de-barcelona\\\/#listItem\",\"name\":\"El servicio de autob\\u00fas metropolitano y Aerob\\u00fas se refuerza por la huelga de Metro de Barcelona\"},\"previousItem\":{\"@type\":\"ListItem\",\"@id\":\"https:\\\/\\\/eldigitaldeasturias.com\\\/magazine365#listItem\",\"name\":\"Home\"}},{\"@type\":\"ListItem\",\"@id\":\"https:\\\/\\\/eldigitaldeasturias.com\\\/magazine365\\\/el-servicio-de-autobus-metropolitano-y-aerobus-se-refuerza-por-la-huelga-de-metro-de-barcelona\\\/#listItem\",\"position\":3,\"name\":\"El servicio de autob\\u00fas metropolitano y Aerob\\u00fas se refuerza por la huelga de Metro de Barcelona\",\"previousItem\":{\"@type\":\"ListItem\",\"@id\":\"https:\\\/\\\/eldigitaldeasturias.com\\\/magazine365\\\/category\\\/noticias-actualidad\\\/#listItem\",\"name\":\"Noticias y Actualidad\"}}]},{\"@type\":\"Organization\",\"@id\":\"https:\\\/\\\/eldigitaldeasturias.com\\\/magazine365\\\/#organization\",\"name\":\"El digital de Asturias\",\"description\":\"Revista de ocio, turismo y estilo de vida\",\"url\":\"https:\\\/\\\/eldigitaldeasturias.com\\\/magazine365\\\/\",\"logo\":{\"@type\":\"ImageObject\",\"url\":\"https:\\\/\\\/www.eldigitaldeasturias.com\\\/noticias\\\/wp-content\\\/uploads\\\/2020\\\/12\\\/EDA.jpg\",\"@id\":\"https:\\\/\\\/eldigitaldeasturias.com\\\/magazine365\\\/el-servicio-de-autobus-metropolitano-y-aerobus-se-refuerza-por-la-huelga-de-metro-de-barcelona\\\/#organizationLogo\"},\"image\":{\"@id\":\"https:\\\/\\\/eldigitaldeasturias.com\\\/magazine365\\\/el-servicio-de-autobus-metropolitano-y-aerobus-se-refuerza-por-la-huelga-de-metro-de-barcelona\\\/#organizationLogo\"}},{\"@type\":\"Person\",\"@id\":\"https:\\\/\\\/eldigitaldeasturias.com\\\/magazine365\\\/author\\\/admin\\\/#author\",\"url\":\"https:\\\/\\\/eldigitaldeasturias.com\\\/magazine365\\\/author\\\/admin\\\/\",\"name\":\"admin\",\"image\":{\"@type\":\"ImageObject\",\"@id\":\"https:\\\/\\\/eldigitaldeasturias.com\\\/magazine365\\\/el-servicio-de-autobus-metropolitano-y-aerobus-se-refuerza-por-la-huelga-de-metro-de-barcelona\\\/#authorImage\",\"url\":\"https:\\\/\\\/eldigitaldeasturias.com\\\/magazine365\\\/wp-content\\\/litespeed\\\/avatar\\\/e571bcf59a0edd6fa6838245a470f2fe.jpg?ver=1776969259\",\"width\":96,\"height\":96,\"caption\":\"admin\"}},{\"@type\":\"WebPage\",\"@id\":\"https:\\\/\\\/eldigitaldeasturias.com\\\/magazine365\\\/el-servicio-de-autobus-metropolitano-y-aerobus-se-refuerza-por-la-huelga-de-metro-de-barcelona\\\/#webpage\",\"url\":\"https:\\\/\\\/eldigitaldeasturias.com\\\/magazine365\\\/el-servicio-de-autobus-metropolitano-y-aerobus-se-refuerza-por-la-huelga-de-metro-de-barcelona\\\/\",\"name\":\"El servicio de autob\\u00fas metropolitano y Aerob\\u00fas se refuerza por la huelga de Metro de Barcelona | El Digital de Asturias\",\"description\":\"El \\u00c1rea Metropolitana de Barcelona (AMB) ha reforzado el servicio de autob\\u00fas metropolitano y el Aerob\\u00fas con motivo de la huelga del Metro de Barcelona, que se extender\\u00e1 hasta el mi\\u00e9rcoles. Seg\\u00fan ha informado el AMB en un comunicado este lunes, se han reforzado especialmente en hora punta las l\\u00edneas de autob\\u00fas de la comarca\",\"inLanguage\":\"es-ES\",\"isPartOf\":{\"@id\":\"https:\\\/\\\/eldigitaldeasturias.com\\\/magazine365\\\/#website\"},\"breadcrumb\":{\"@id\":\"https:\\\/\\\/eldigitaldeasturias.com\\\/magazine365\\\/el-servicio-de-autobus-metropolitano-y-aerobus-se-refuerza-por-la-huelga-de-metro-de-barcelona\\\/#breadcrumblist\"},\"author\":{\"@id\":\"https:\\\/\\\/eldigitaldeasturias.com\\\/magazine365\\\/author\\\/admin\\\/#author\"},\"creator\":{\"@id\":\"https:\\\/\\\/eldigitaldeasturias.com\\\/magazine365\\\/author\\\/admin\\\/#author\"},\"image\":{\"@type\":\"ImageObject\",\"url\":\"https:\\\/\\\/eldigitaldeasturias.com\\\/magazine365\\\/wp-content\\\/uploads\\\/2016\\\/06\\\/fotonoticia_20160620123625_800.jpg\",\"@id\":\"https:\\\/\\\/eldigitaldeasturias.com\\\/magazine365\\\/el-servicio-de-autobus-metropolitano-y-aerobus-se-refuerza-por-la-huelga-de-metro-de-barcelona\\\/#mainImage\",\"width\":800,\"height\":534},\"primaryImageOfPage\":{\"@id\":\"https:\\\/\\\/eldigitaldeasturias.com\\\/magazine365\\\/el-servicio-de-autobus-metropolitano-y-aerobus-se-refuerza-por-la-huelga-de-metro-de-barcelona\\\/#mainImage\"},\"datePublished\":\"2016-06-20T15:44:55+02:00\",\"dateModified\":\"2016-06-20T15:44:55+02:00\"},{\"@type\":\"WebSite\",\"@id\":\"https:\\\/\\\/eldigitaldeasturias.com\\\/magazine365\\\/#website\",\"url\":\"https:\\\/\\\/eldigitaldeasturias.com\\\/magazine365\\\/\",\"name\":\"El Digital de Asturias\",\"description\":\"Revista de ocio, turismo y estilo de vida\",\"inLanguage\":\"es-ES\",\"publisher\":{\"@id\":\"https:\\\/\\\/eldigitaldeasturias.com\\\/magazine365\\\/#organization\"}}]}\n\t\t<\/script>\n\t\t<!-- All in One SEO Pro -->\r\n\t\t<title>El servicio de autob\u00fas metropolitano y Aerob\u00fas se refuerza por la huelga de Metro de Barcelona | El Digital de Asturias<\/title>\n\n","aioseo_head_json":{"title":"El servicio de autob\u00fas metropolitano y Aerob\u00fas se refuerza por la huelga de Metro de Barcelona | El Digital de Asturias","description":"El \u00c1rea Metropolitana de Barcelona (AMB) ha reforzado el servicio de autob\u00fas metropolitano y el Aerob\u00fas con motivo de la huelga del Metro de Barcelona, que se extender\u00e1 hasta el mi\u00e9rcoles. Seg\u00fan ha informado el AMB en un comunicado este lunes, se han reforzado especialmente en hora punta las l\u00edneas de autob\u00fas de la comarca","canonical_url":"https:\/\/eldigitaldeasturias.com\/magazine365\/el-servicio-de-autobus-metropolitano-y-aerobus-se-refuerza-por-la-huelga-de-metro-de-barcelona\/","robots":"max-image-preview:large","keywords":"noticias y actualidad","webmasterTools":{"google-site-verification":"UA-38556648-1","miscellaneous":""},"schema":{"@context":"https:\/\/schema.org","@graph":[{"@type":"Article","@id":"https:\/\/eldigitaldeasturias.com\/magazine365\/el-servicio-de-autobus-metropolitano-y-aerobus-se-refuerza-por-la-huelga-de-metro-de-barcelona\/#article","name":"El servicio de autob\u00fas metropolitano y Aerob\u00fas se refuerza por la huelga de Metro de Barcelona | El Digital de Asturias","headline":"El servicio de autob\u00fas metropolitano y Aerob\u00fas se refuerza por la huelga de Metro de Barcelona","author":{"@id":"https:\/\/eldigitaldeasturias.com\/magazine365\/author\/admin\/#author"},"publisher":{"@id":"https:\/\/eldigitaldeasturias.com\/magazine365\/#organization"},"image":{"@type":"ImageObject","url":"https:\/\/eldigitaldeasturias.com\/magazine365\/wp-content\/uploads\/2016\/06\/fotonoticia_20160620123625_800.jpg","width":800,"height":534},"datePublished":"2016-06-20T15:44:55+02:00","dateModified":"2016-06-20T15:44:55+02:00","inLanguage":"es-ES","mainEntityOfPage":{"@id":"https:\/\/eldigitaldeasturias.com\/magazine365\/el-servicio-de-autobus-metropolitano-y-aerobus-se-refuerza-por-la-huelga-de-metro-de-barcelona\/#webpage"},"isPartOf":{"@id":"https:\/\/eldigitaldeasturias.com\/magazine365\/el-servicio-de-autobus-metropolitano-y-aerobus-se-refuerza-por-la-huelga-de-metro-de-barcelona\/#webpage"},"articleSection":"Noticias y Actualidad"},{"@type":"BreadcrumbList","@id":"https:\/\/eldigitaldeasturias.com\/magazine365\/el-servicio-de-autobus-metropolitano-y-aerobus-se-refuerza-por-la-huelga-de-metro-de-barcelona\/#breadcrumblist","itemListElement":[{"@type":"ListItem","@id":"https:\/\/eldigitaldeasturias.com\/magazine365#listItem","position":1,"name":"Home","item":"https:\/\/eldigitaldeasturias.com\/magazine365","nextItem":{"@type":"ListItem","@id":"https:\/\/eldigitaldeasturias.com\/magazine365\/category\/noticias-actualidad\/#listItem","name":"Noticias y Actualidad"}},{"@type":"ListItem","@id":"https:\/\/eldigitaldeasturias.com\/magazine365\/category\/noticias-actualidad\/#listItem","position":2,"name":"Noticias y Actualidad","item":"https:\/\/eldigitaldeasturias.com\/magazine365\/category\/noticias-actualidad\/","nextItem":{"@type":"ListItem","@id":"https:\/\/eldigitaldeasturias.com\/magazine365\/el-servicio-de-autobus-metropolitano-y-aerobus-se-refuerza-por-la-huelga-de-metro-de-barcelona\/#listItem","name":"El servicio de autob\u00fas metropolitano y Aerob\u00fas se refuerza por la huelga de Metro de Barcelona"},"previousItem":{"@type":"ListItem","@id":"https:\/\/eldigitaldeasturias.com\/magazine365#listItem","name":"Home"}},{"@type":"ListItem","@id":"https:\/\/eldigitaldeasturias.com\/magazine365\/el-servicio-de-autobus-metropolitano-y-aerobus-se-refuerza-por-la-huelga-de-metro-de-barcelona\/#listItem","position":3,"name":"El servicio de autob\u00fas metropolitano y Aerob\u00fas se refuerza por la huelga de Metro de Barcelona","previousItem":{"@type":"ListItem","@id":"https:\/\/eldigitaldeasturias.com\/magazine365\/category\/noticias-actualidad\/#listItem","name":"Noticias y Actualidad"}}]},{"@type":"Organization","@id":"https:\/\/eldigitaldeasturias.com\/magazine365\/#organization","name":"El digital de Asturias","description":"Revista de ocio, turismo y estilo de vida","url":"https:\/\/eldigitaldeasturias.com\/magazine365\/","logo":{"@type":"ImageObject","url":"https:\/\/www.eldigitaldeasturias.com\/noticias\/wp-content\/uploads\/2020\/12\/EDA.jpg","@id":"https:\/\/eldigitaldeasturias.com\/magazine365\/el-servicio-de-autobus-metropolitano-y-aerobus-se-refuerza-por-la-huelga-de-metro-de-barcelona\/#organizationLogo"},"image":{"@id":"https:\/\/eldigitaldeasturias.com\/magazine365\/el-servicio-de-autobus-metropolitano-y-aerobus-se-refuerza-por-la-huelga-de-metro-de-barcelona\/#organizationLogo"}},{"@type":"Person","@id":"https:\/\/eldigitaldeasturias.com\/magazine365\/author\/admin\/#author","url":"https:\/\/eldigitaldeasturias.com\/magazine365\/author\/admin\/","name":"admin","image":{"@type":"ImageObject","@id":"https:\/\/eldigitaldeasturias.com\/magazine365\/el-servicio-de-autobus-metropolitano-y-aerobus-se-refuerza-por-la-huelga-de-metro-de-barcelona\/#authorImage","url":"https:\/\/eldigitaldeasturias.com\/magazine365\/wp-content\/litespeed\/avatar\/e571bcf59a0edd6fa6838245a470f2fe.jpg?ver=1776969259","width":96,"height":96,"caption":"admin"}},{"@type":"WebPage","@id":"https:\/\/eldigitaldeasturias.com\/magazine365\/el-servicio-de-autobus-metropolitano-y-aerobus-se-refuerza-por-la-huelga-de-metro-de-barcelona\/#webpage","url":"https:\/\/eldigitaldeasturias.com\/magazine365\/el-servicio-de-autobus-metropolitano-y-aerobus-se-refuerza-por-la-huelga-de-metro-de-barcelona\/","name":"El servicio de autob\u00fas metropolitano y Aerob\u00fas se refuerza por la huelga de Metro de Barcelona | El Digital de Asturias","description":"El \u00c1rea Metropolitana de Barcelona (AMB) ha reforzado el servicio de autob\u00fas metropolitano y el Aerob\u00fas con motivo de la huelga del Metro de Barcelona, que se extender\u00e1 hasta el mi\u00e9rcoles. Seg\u00fan ha informado el AMB en un comunicado este lunes, se han reforzado especialmente en hora punta las l\u00edneas de autob\u00fas de la comarca","inLanguage":"es-ES","isPartOf":{"@id":"https:\/\/eldigitaldeasturias.com\/magazine365\/#website"},"breadcrumb":{"@id":"https:\/\/eldigitaldeasturias.com\/magazine365\/el-servicio-de-autobus-metropolitano-y-aerobus-se-refuerza-por-la-huelga-de-metro-de-barcelona\/#breadcrumblist"},"author":{"@id":"https:\/\/eldigitaldeasturias.com\/magazine365\/author\/admin\/#author"},"creator":{"@id":"https:\/\/eldigitaldeasturias.com\/magazine365\/author\/admin\/#author"},"image":{"@type":"ImageObject","url":"https:\/\/eldigitaldeasturias.com\/magazine365\/wp-content\/uploads\/2016\/06\/fotonoticia_20160620123625_800.jpg","@id":"https:\/\/eldigitaldeasturias.com\/magazine365\/el-servicio-de-autobus-metropolitano-y-aerobus-se-refuerza-por-la-huelga-de-metro-de-barcelona\/#mainImage","width":800,"height":534},"primaryImageOfPage":{"@id":"https:\/\/eldigitaldeasturias.com\/magazine365\/el-servicio-de-autobus-metropolitano-y-aerobus-se-refuerza-por-la-huelga-de-metro-de-barcelona\/#mainImage"},"datePublished":"2016-06-20T15:44:55+02:00","dateModified":"2016-06-20T15:44:55+02:00"},{"@type":"WebSite","@id":"https:\/\/eldigitaldeasturias.com\/magazine365\/#website","url":"https:\/\/eldigitaldeasturias.com\/magazine365\/","name":"El Digital de Asturias","description":"Revista de ocio, turismo y estilo de vida","inLanguage":"es-ES","publisher":{"@id":"https:\/\/eldigitaldeasturias.com\/magazine365\/#organization"}}]},"og:locale":"es_ES","og:site_name":"El Digital de Asturias \u2013 Revista de ocio, turismo y estilo de vida","og:type":"article","og:title":"El servicio de autob\u00fas metropolitano y Aerob\u00fas se refuerza por la huelga de Metro de Barcelona | El Digital de Asturias","og:description":"El \u00c1rea Metropolitana de Barcelona (AMB) ha reforzado el servicio de autob\u00fas metropolitano y el Aerob\u00fas con motivo de la huelga del Metro de Barcelona, que se extender\u00e1 hasta el mi\u00e9rcoles. Seg\u00fan ha informado el AMB en un comunicado este lunes, se han reforzado especialmente en hora punta las l\u00edneas de autob\u00fas de la comarca","og:url":"https:\/\/eldigitaldeasturias.com\/magazine365\/el-servicio-de-autobus-metropolitano-y-aerobus-se-refuerza-por-la-huelga-de-metro-de-barcelona\/","og:image":"https:\/\/eldigitaldeasturias.com\/magazine365\/wp-content\/uploads\/2016\/06\/fotonoticia_20160620123625_800.jpg","og:image:secure_url":"https:\/\/eldigitaldeasturias.com\/magazine365\/wp-content\/uploads\/2016\/06\/fotonoticia_20160620123625_800.jpg","og:image:width":800,"og:image:height":534,"article:published_time":"2016-06-20T13:44:55+00:00","article:modified_time":"2016-06-20T13:44:55+00:00","twitter:card":"summary_large_image","twitter:title":"El servicio de autob\u00fas metropolitano y Aerob\u00fas se refuerza por la huelga de Metro de Barcelona | El Digital de Asturias","twitter:description":"El \u00c1rea Metropolitana de Barcelona (AMB) ha reforzado el servicio de autob\u00fas metropolitano y el Aerob\u00fas con motivo de la huelga del Metro de Barcelona, que se extender\u00e1 hasta el mi\u00e9rcoles. Seg\u00fan ha informado el AMB en un comunicado este lunes, se han reforzado especialmente en hora punta las l\u00edneas de autob\u00fas de la comarca","twitter:image":"https:\/\/eldigitaldeasturias.com\/magazine365\/wp-content\/uploads\/2016\/06\/fotonoticia_20160620123625_800.jpg"},"aioseo_meta_data":{"post_id":"80097","title":null,"description":null,"keywords":null,"keyphrases":null,"primary_term":null,"canonical_url":null,"og_title":null,"og_description":null,"og_object_type":"default","og_image_type":"default","og_image_url":null,"og_image_width":null,"og_image_height":null,"og_image_custom_url":null,"og_image_custom_fields":null,"og_video":null,"og_custom_url":null,"og_article_section":null,"og_article_tags":null,"twitter_use_og":false,"twitter_card":"default","twitter_image_type":"default","twitter_image_url":null,"twitter_image_custom_url":null,"twitter_image_custom_fields":null,"twitter_title":null,"twitter_description":null,"schema":{"blockGraphs":[],"customGraphs":[],"default":{"data":{"Article":[],"Course":[],"Dataset":[],"FAQPage":[],"Movie":[],"Person":[],"Product":[],"ProductReview":[],"Car":[],"Recipe":[],"Service":[],"SoftwareApplication":[],"WebPage":[]},"graphName":"","isEnabled":true},"graphs":[],"defaultGraph":"","defaultPostTypeGraph":""},"schema_type":null,"schema_type_options":null,"pillar_content":false,"robots_default":true,"robots_noindex":false,"robots_noarchive":false,"robots_nosnippet":false,"robots_nofollow":false,"robots_noimageindex":false,"robots_noodp":false,"robots_notranslate":false,"robots_max_snippet":null,"robots_max_videopreview":null,"robots_max_imagepreview":"large","priority":null,"frequency":null,"location":null,"local_seo":null,"seo_analyzer_scan_date":"2025-09-27 20:11:12","breadcrumb_settings":null,"limit_modified_date":false,"open_ai":null,"ai":null,"created":"2021-03-08 17:38:50","updated":"2025-09-27 20:11:12"},"aioseo_breadcrumb":"<div class=\"aioseo-breadcrumbs\"><span class=\"aioseo-breadcrumb\">\n\t<a href=\"https:\/\/eldigitaldeasturias.com\/magazine365\" title=\"Home\">Home<\/a>\n<\/span><span class=\"aioseo-breadcrumb-separator\">\u2013<\/span><span class=\"aioseo-breadcrumb\">\n\t<a href=\"https:\/\/eldigitaldeasturias.com\/magazine365\/category\/noticias-actualidad\/\" title=\"Noticias y Actualidad\">Noticias y Actualidad<\/a>\n<\/span><span class=\"aioseo-breadcrumb-separator\">\u2013<\/span><span class=\"aioseo-breadcrumb\">\n\t<a href=\"https:\/\/eldigitaldeasturias.com\/magazine365\/el-servicio-de-autobus-metropolitano-y-aerobus-se-refuerza-por-la-huelga-de-metro-de-barcelona\/\" title=\"El servicio de autob\u00fas metropolitano y Aerob\u00fas se refuerza por la huelga de Metro de Barcelona\">El servicio de autob\u00fas metropolitano y Aerob\u00fas se refuerza por la huelga de Metro de Barcelona<\/a>\n<\/span><\/div>","aioseo_breadcrumb_json":[{"label":"Home","link":"https:\/\/eldigitaldeasturias.com\/magazine365"},{"label":"Noticias y Actualidad","link":"https:\/\/eldigitaldeasturias.com\/magazine365\/category\/noticias-actualidad\/"},{"label":"El servicio de autob\u00fas metropolitano y Aerob\u00fas se refuerza por la huelga de Metro de Barcelona","link":"https:\/\/eldigitaldeasturias.com\/magazine365\/el-servicio-de-autobus-metropolitano-y-aerobus-se-refuerza-por-la-huelga-de-metro-de-barcelona\/"}],"_links":{"self":[{"href":"https:\/\/eldigitaldeasturias.com\/magazine365\/wp-json\/wp\/v2\/posts\/80097","targetHints":{"allow":["GET"]}}],"collection":[{"href":"https:\/\/eldigitaldeasturias.com\/magazine365\/wp-json\/wp\/v2\/posts"}],"about":[{"href":"https:\/\/eldigitaldeasturias.com\/magazine365\/wp-json\/wp\/v2\/types\/post"}],"author":[{"embeddable":true,"href":"https:\/\/eldigitaldeasturias.com\/magazine365\/wp-json\/wp\/v2\/users\/1"}],"replies":[{"embeddable":true,"href":"https:\/\/eldigitaldeasturias.com\/magazine365\/wp-json\/wp\/v2\/comments?post=80097"}],"version-history":[{"count":0,"href":"https:\/\/eldigitaldeasturias.com\/magazine365\/wp-json\/wp\/v2\/posts\/80097\/revisions"}],"wp:featuredmedia":[{"embeddable":true,"href":"https:\/\/eldigitaldeasturias.com\/magazine365\/wp-json\/wp\/v2\/media\/80098"}],"wp:attachment":[{"href":"https:\/\/eldigitaldeasturias.com\/magazine365\/wp-json\/wp\/v2\/media?parent=80097"}],"wp:term":[{"taxonomy":"category","embeddable":true,"href":"https:\/\/eldigitaldeasturias.com\/magazine365\/wp-json\/wp\/v2\/categories?post=80097"},{"taxonomy":"post_tag","embeddable":true,"href":"https:\/\/eldigitaldeasturias.com\/magazine365\/wp-json\/wp\/v2\/tags?post=80097"}],"curies":[{"name":"wp","href":"https:\/\/api.w.org\/{rel}","templated":true}]}}