{"id":80088,"date":"2016-06-20T15:42:14","date_gmt":"2016-06-20T13:42:14","guid":{"rendered":"http:\/\/eldigitaldeasturias.com\/magazine365\/?p=80088"},"modified":"2016-06-20T15:42:14","modified_gmt":"2016-06-20T13:42:14","slug":"sixt-refuerza-su-flota-con-el-jaguar-f-type","status":"publish","type":"post","link":"https:\/\/eldigitaldeasturias.com\/magazine365\/sixt-refuerza-su-flota-con-el-jaguar-f-type\/","title":{"rendered":"Sixt refuerza su flota con el Jaguar F-Type"},"content":{"rendered":"<p><img fetchpriority=\"high\" decoding=\"async\" class=\"alignleft size-medium wp-image-80090\" src=\"https:\/\/eldigitaldeasturias.com\/magazine365\/wp-content\/uploads\/2016\/06\/fotonoticia_20160620123334_800-360x270.jpg\" alt=\"fotonoticia_20160620123334_800\" width=\"360\" height=\"270\" srcset=\"https:\/\/eldigitaldeasturias.com\/magazine365\/wp-content\/uploads\/2016\/06\/fotonoticia_20160620123334_800-360x270.jpg 360w, https:\/\/eldigitaldeasturias.com\/magazine365\/wp-content\/uploads\/2016\/06\/fotonoticia_20160620123334_800-650x488.jpg 650w, https:\/\/eldigitaldeasturias.com\/magazine365\/wp-content\/uploads\/2016\/06\/fotonoticia_20160620123334_800-768x576.jpg 768w, https:\/\/eldigitaldeasturias.com\/magazine365\/wp-content\/uploads\/2016\/06\/fotonoticia_20160620123334_800-150x113.jpg 150w, https:\/\/eldigitaldeasturias.com\/magazine365\/wp-content\/uploads\/2016\/06\/fotonoticia_20160620123334_800-450x338.jpg 450w, https:\/\/eldigitaldeasturias.com\/magazine365\/wp-content\/uploads\/2016\/06\/fotonoticia_20160620123334_800-90x67.jpg 90w, https:\/\/eldigitaldeasturias.com\/magazine365\/wp-content\/uploads\/2016\/06\/fotonoticia_20160620123334_800-164x124.jpg 164w, https:\/\/eldigitaldeasturias.com\/magazine365\/wp-content\/uploads\/2016\/06\/fotonoticia_20160620123334_800-100x75.jpg 100w, https:\/\/eldigitaldeasturias.com\/magazine365\/wp-content\/uploads\/2016\/06\/fotonoticia_20160620123334_800.jpg 800w\" sizes=\"(max-width: 360px) 100vw, 360px\" \/>La firma alemana de alquiler de veh\u00edculos Sixt ha reforzado su flota de veh\u00edculos en Espa\u00f1a con la incorporaci\u00f3n del modelo deportivo F-Type de la marca automovil\u00edstica brit\u00e1nica Jaguar, seg\u00fan inform\u00f3 la compa\u00f1\u00eda en un comunicado.<\/p>\n<p>Sixt explic\u00f3 que este veh\u00edculo cuenta con un \u00abmarcado car\u00e1cter deportivo\u00bb, tanto por su dise\u00f1o como por su motorizaci\u00f3n de gasolina de 3.0 litros V6 que desarrolla una potencia m\u00e1xima de m\u00e1s de 300 caballos.<\/p>\n<p>La compa\u00f1\u00eda resalt\u00f3 que este autom\u00f3vil de Jaguar se suma a la flota de modelos premium de Sixt, que en la actualidad est\u00e1 formada por m\u00e1s de cien unidades de autom\u00f3viles de diferentes marcas, segmentos y carrocer\u00edas.<\/p>\n","protected":false},"excerpt":{"rendered":"<p>La firma alemana de alquiler de veh\u00edculos Sixt ha reforzado su flota de veh\u00edculos en Espa\u00f1a con la incorporaci\u00f3n del modelo deportivo F-Type de la marca automovil\u00edstica brit\u00e1nica Jaguar, seg\u00fan inform\u00f3 la compa\u00f1\u00eda en un comunicado. Sixt explic\u00f3 que este veh\u00edculo cuenta con un \u00abmarcado car\u00e1cter deportivo\u00bb, tanto por su dise\u00f1o como por su motorizaci\u00f3n<\/p>\n","protected":false},"author":1,"featured_media":80090,"comment_status":"open","ping_status":"closed","sticky":false,"template":"","format":"standard","meta":{"footnotes":""},"categories":[224],"tags":[],"class_list":{"0":"post-80088","1":"post","2":"type-post","3":"status-publish","4":"format-standard","5":"has-post-thumbnail","7":"category-noticias-actualidad"},"aioseo_notices":[],"aioseo_head":"\n\t\t<!-- All in One SEO Pro 4.9.6.1 - aioseo.com -->\n\t<meta name=\"description\" content=\"La firma alemana de alquiler de veh\u00edculos Sixt ha reforzado su flota de veh\u00edculos en Espa\u00f1a con la incorporaci\u00f3n del modelo deportivo F-Type de la marca automovil\u00edstica brit\u00e1nica Jaguar, seg\u00fan inform\u00f3 la compa\u00f1\u00eda en un comunicado. Sixt explic\u00f3 que este veh\u00edculo cuenta con un &quot;marcado car\u00e1cter deportivo&quot;, tanto por su dise\u00f1o como por su motorizaci\u00f3n\" \/>\n\t<meta name=\"robots\" content=\"max-image-preview:large\" \/>\n\t<meta name=\"author\" content=\"admin\"\/>\n\t<meta name=\"google-site-verification\" content=\"UA-38556648-1\" \/>\n\t<meta name=\"keywords\" content=\"noticias y actualidad\" \/>\n\t<link rel=\"canonical\" href=\"https:\/\/eldigitaldeasturias.com\/magazine365\/sixt-refuerza-su-flota-con-el-jaguar-f-type\/\" \/>\n\t<meta name=\"generator\" content=\"All in One SEO Pro (AIOSEO) 4.9.6.1\" \/>\n\t\t<meta property=\"og:locale\" content=\"es_ES\" \/>\n\t\t<meta property=\"og:site_name\" content=\"El Digital de Asturias \u2013 Revista de ocio, turismo y estilo de vida\" \/>\n\t\t<meta property=\"og:type\" content=\"article\" \/>\n\t\t<meta property=\"og:title\" content=\"Sixt refuerza su flota con el Jaguar F-Type | El Digital de Asturias\" \/>\n\t\t<meta property=\"og:description\" content=\"La firma alemana de alquiler de veh\u00edculos Sixt ha reforzado su flota de veh\u00edculos en Espa\u00f1a con la incorporaci\u00f3n del modelo deportivo F-Type de la marca automovil\u00edstica brit\u00e1nica Jaguar, seg\u00fan inform\u00f3 la compa\u00f1\u00eda en un comunicado. Sixt explic\u00f3 que este veh\u00edculo cuenta con un &quot;marcado car\u00e1cter deportivo&quot;, tanto por su dise\u00f1o como por su motorizaci\u00f3n\" \/>\n\t\t<meta property=\"og:url\" content=\"https:\/\/eldigitaldeasturias.com\/magazine365\/sixt-refuerza-su-flota-con-el-jaguar-f-type\/\" \/>\n\t\t<meta property=\"og:image\" content=\"https:\/\/eldigitaldeasturias.com\/magazine365\/wp-content\/uploads\/2016\/06\/fotonoticia_20160620123334_800.jpg\" \/>\n\t\t<meta property=\"og:image:secure_url\" content=\"https:\/\/eldigitaldeasturias.com\/magazine365\/wp-content\/uploads\/2016\/06\/fotonoticia_20160620123334_800.jpg\" \/>\n\t\t<meta property=\"og:image:width\" content=\"800\" \/>\n\t\t<meta property=\"og:image:height\" content=\"600\" \/>\n\t\t<meta property=\"article:published_time\" content=\"2016-06-20T13:42:14+00:00\" \/>\n\t\t<meta property=\"article:modified_time\" content=\"2016-06-20T13:42:14+00:00\" \/>\n\t\t<meta name=\"twitter:card\" content=\"summary_large_image\" \/>\n\t\t<meta name=\"twitter:title\" content=\"Sixt refuerza su flota con el Jaguar F-Type | El Digital de Asturias\" \/>\n\t\t<meta name=\"twitter:description\" content=\"La firma alemana de alquiler de veh\u00edculos Sixt ha reforzado su flota de veh\u00edculos en Espa\u00f1a con la incorporaci\u00f3n del modelo deportivo F-Type de la marca automovil\u00edstica brit\u00e1nica Jaguar, seg\u00fan inform\u00f3 la compa\u00f1\u00eda en un comunicado. Sixt explic\u00f3 que este veh\u00edculo cuenta con un &quot;marcado car\u00e1cter deportivo&quot;, tanto por su dise\u00f1o como por su motorizaci\u00f3n\" \/>\n\t\t<meta name=\"twitter:image\" content=\"https:\/\/eldigitaldeasturias.com\/magazine365\/wp-content\/uploads\/2016\/06\/fotonoticia_20160620123334_800.jpg\" \/>\n\t\t<script type=\"application\/ld+json\" class=\"aioseo-schema\">\n\t\t\t{\"@context\":\"https:\\\/\\\/schema.org\",\"@graph\":[{\"@type\":\"Article\",\"@id\":\"https:\\\/\\\/eldigitaldeasturias.com\\\/magazine365\\\/sixt-refuerza-su-flota-con-el-jaguar-f-type\\\/#article\",\"name\":\"Sixt refuerza su flota con el Jaguar F-Type | El Digital de Asturias\",\"headline\":\"Sixt refuerza su flota con el Jaguar F-Type\",\"author\":{\"@id\":\"https:\\\/\\\/eldigitaldeasturias.com\\\/magazine365\\\/author\\\/admin\\\/#author\"},\"publisher\":{\"@id\":\"https:\\\/\\\/eldigitaldeasturias.com\\\/magazine365\\\/#organization\"},\"image\":{\"@type\":\"ImageObject\",\"url\":\"https:\\\/\\\/eldigitaldeasturias.com\\\/magazine365\\\/wp-content\\\/uploads\\\/2016\\\/06\\\/fotonoticia_20160620123334_800.jpg\",\"width\":800,\"height\":600},\"datePublished\":\"2016-06-20T15:42:14+02:00\",\"dateModified\":\"2016-06-20T15:42:14+02:00\",\"inLanguage\":\"es-ES\",\"mainEntityOfPage\":{\"@id\":\"https:\\\/\\\/eldigitaldeasturias.com\\\/magazine365\\\/sixt-refuerza-su-flota-con-el-jaguar-f-type\\\/#webpage\"},\"isPartOf\":{\"@id\":\"https:\\\/\\\/eldigitaldeasturias.com\\\/magazine365\\\/sixt-refuerza-su-flota-con-el-jaguar-f-type\\\/#webpage\"},\"articleSection\":\"Noticias y Actualidad\"},{\"@type\":\"BreadcrumbList\",\"@id\":\"https:\\\/\\\/eldigitaldeasturias.com\\\/magazine365\\\/sixt-refuerza-su-flota-con-el-jaguar-f-type\\\/#breadcrumblist\",\"itemListElement\":[{\"@type\":\"ListItem\",\"@id\":\"https:\\\/\\\/eldigitaldeasturias.com\\\/magazine365#listItem\",\"position\":1,\"name\":\"Home\",\"item\":\"https:\\\/\\\/eldigitaldeasturias.com\\\/magazine365\",\"nextItem\":{\"@type\":\"ListItem\",\"@id\":\"https:\\\/\\\/eldigitaldeasturias.com\\\/magazine365\\\/category\\\/noticias-actualidad\\\/#listItem\",\"name\":\"Noticias y Actualidad\"}},{\"@type\":\"ListItem\",\"@id\":\"https:\\\/\\\/eldigitaldeasturias.com\\\/magazine365\\\/category\\\/noticias-actualidad\\\/#listItem\",\"position\":2,\"name\":\"Noticias y Actualidad\",\"item\":\"https:\\\/\\\/eldigitaldeasturias.com\\\/magazine365\\\/category\\\/noticias-actualidad\\\/\",\"nextItem\":{\"@type\":\"ListItem\",\"@id\":\"https:\\\/\\\/eldigitaldeasturias.com\\\/magazine365\\\/sixt-refuerza-su-flota-con-el-jaguar-f-type\\\/#listItem\",\"name\":\"Sixt refuerza su flota con el Jaguar F-Type\"},\"previousItem\":{\"@type\":\"ListItem\",\"@id\":\"https:\\\/\\\/eldigitaldeasturias.com\\\/magazine365#listItem\",\"name\":\"Home\"}},{\"@type\":\"ListItem\",\"@id\":\"https:\\\/\\\/eldigitaldeasturias.com\\\/magazine365\\\/sixt-refuerza-su-flota-con-el-jaguar-f-type\\\/#listItem\",\"position\":3,\"name\":\"Sixt refuerza su flota con el Jaguar F-Type\",\"previousItem\":{\"@type\":\"ListItem\",\"@id\":\"https:\\\/\\\/eldigitaldeasturias.com\\\/magazine365\\\/category\\\/noticias-actualidad\\\/#listItem\",\"name\":\"Noticias y Actualidad\"}}]},{\"@type\":\"Organization\",\"@id\":\"https:\\\/\\\/eldigitaldeasturias.com\\\/magazine365\\\/#organization\",\"name\":\"El digital de Asturias\",\"description\":\"Revista de ocio, turismo y estilo de vida\",\"url\":\"https:\\\/\\\/eldigitaldeasturias.com\\\/magazine365\\\/\",\"logo\":{\"@type\":\"ImageObject\",\"url\":\"https:\\\/\\\/www.eldigitaldeasturias.com\\\/noticias\\\/wp-content\\\/uploads\\\/2020\\\/12\\\/EDA.jpg\",\"@id\":\"https:\\\/\\\/eldigitaldeasturias.com\\\/magazine365\\\/sixt-refuerza-su-flota-con-el-jaguar-f-type\\\/#organizationLogo\"},\"image\":{\"@id\":\"https:\\\/\\\/eldigitaldeasturias.com\\\/magazine365\\\/sixt-refuerza-su-flota-con-el-jaguar-f-type\\\/#organizationLogo\"}},{\"@type\":\"Person\",\"@id\":\"https:\\\/\\\/eldigitaldeasturias.com\\\/magazine365\\\/author\\\/admin\\\/#author\",\"url\":\"https:\\\/\\\/eldigitaldeasturias.com\\\/magazine365\\\/author\\\/admin\\\/\",\"name\":\"admin\",\"image\":{\"@type\":\"ImageObject\",\"@id\":\"https:\\\/\\\/eldigitaldeasturias.com\\\/magazine365\\\/sixt-refuerza-su-flota-con-el-jaguar-f-type\\\/#authorImage\",\"url\":\"https:\\\/\\\/eldigitaldeasturias.com\\\/magazine365\\\/wp-content\\\/litespeed\\\/avatar\\\/e571bcf59a0edd6fa6838245a470f2fe.jpg?ver=1776969259\",\"width\":96,\"height\":96,\"caption\":\"admin\"}},{\"@type\":\"WebPage\",\"@id\":\"https:\\\/\\\/eldigitaldeasturias.com\\\/magazine365\\\/sixt-refuerza-su-flota-con-el-jaguar-f-type\\\/#webpage\",\"url\":\"https:\\\/\\\/eldigitaldeasturias.com\\\/magazine365\\\/sixt-refuerza-su-flota-con-el-jaguar-f-type\\\/\",\"name\":\"Sixt refuerza su flota con el Jaguar F-Type | El Digital de Asturias\",\"description\":\"La firma alemana de alquiler de veh\\u00edculos Sixt ha reforzado su flota de veh\\u00edculos en Espa\\u00f1a con la incorporaci\\u00f3n del modelo deportivo F-Type de la marca automovil\\u00edstica brit\\u00e1nica Jaguar, seg\\u00fan inform\\u00f3 la compa\\u00f1\\u00eda en un comunicado. Sixt explic\\u00f3 que este veh\\u00edculo cuenta con un \\\"marcado car\\u00e1cter deportivo\\\", tanto por su dise\\u00f1o como por su motorizaci\\u00f3n\",\"inLanguage\":\"es-ES\",\"isPartOf\":{\"@id\":\"https:\\\/\\\/eldigitaldeasturias.com\\\/magazine365\\\/#website\"},\"breadcrumb\":{\"@id\":\"https:\\\/\\\/eldigitaldeasturias.com\\\/magazine365\\\/sixt-refuerza-su-flota-con-el-jaguar-f-type\\\/#breadcrumblist\"},\"author\":{\"@id\":\"https:\\\/\\\/eldigitaldeasturias.com\\\/magazine365\\\/author\\\/admin\\\/#author\"},\"creator\":{\"@id\":\"https:\\\/\\\/eldigitaldeasturias.com\\\/magazine365\\\/author\\\/admin\\\/#author\"},\"image\":{\"@type\":\"ImageObject\",\"url\":\"https:\\\/\\\/eldigitaldeasturias.com\\\/magazine365\\\/wp-content\\\/uploads\\\/2016\\\/06\\\/fotonoticia_20160620123334_800.jpg\",\"@id\":\"https:\\\/\\\/eldigitaldeasturias.com\\\/magazine365\\\/sixt-refuerza-su-flota-con-el-jaguar-f-type\\\/#mainImage\",\"width\":800,\"height\":600},\"primaryImageOfPage\":{\"@id\":\"https:\\\/\\\/eldigitaldeasturias.com\\\/magazine365\\\/sixt-refuerza-su-flota-con-el-jaguar-f-type\\\/#mainImage\"},\"datePublished\":\"2016-06-20T15:42:14+02:00\",\"dateModified\":\"2016-06-20T15:42:14+02:00\"},{\"@type\":\"WebSite\",\"@id\":\"https:\\\/\\\/eldigitaldeasturias.com\\\/magazine365\\\/#website\",\"url\":\"https:\\\/\\\/eldigitaldeasturias.com\\\/magazine365\\\/\",\"name\":\"El Digital de Asturias\",\"description\":\"Revista de ocio, turismo y estilo de vida\",\"inLanguage\":\"es-ES\",\"publisher\":{\"@id\":\"https:\\\/\\\/eldigitaldeasturias.com\\\/magazine365\\\/#organization\"}}]}\n\t\t<\/script>\n\t\t<!-- All in One SEO Pro -->\r\n\t\t<title>Sixt refuerza su flota con el Jaguar F-Type | El Digital de Asturias<\/title>\n\n","aioseo_head_json":{"title":"Sixt refuerza su flota con el Jaguar F-Type | El Digital de Asturias","description":"La firma alemana de alquiler de veh\u00edculos Sixt ha reforzado su flota de veh\u00edculos en Espa\u00f1a con la incorporaci\u00f3n del modelo deportivo F-Type de la marca automovil\u00edstica brit\u00e1nica Jaguar, seg\u00fan inform\u00f3 la compa\u00f1\u00eda en un comunicado. Sixt explic\u00f3 que este veh\u00edculo cuenta con un \"marcado car\u00e1cter deportivo\", tanto por su dise\u00f1o como por su motorizaci\u00f3n","canonical_url":"https:\/\/eldigitaldeasturias.com\/magazine365\/sixt-refuerza-su-flota-con-el-jaguar-f-type\/","robots":"max-image-preview:large","keywords":"noticias y actualidad","webmasterTools":{"google-site-verification":"UA-38556648-1","miscellaneous":""},"schema":{"@context":"https:\/\/schema.org","@graph":[{"@type":"Article","@id":"https:\/\/eldigitaldeasturias.com\/magazine365\/sixt-refuerza-su-flota-con-el-jaguar-f-type\/#article","name":"Sixt refuerza su flota con el Jaguar F-Type | El Digital de Asturias","headline":"Sixt refuerza su flota con el Jaguar F-Type","author":{"@id":"https:\/\/eldigitaldeasturias.com\/magazine365\/author\/admin\/#author"},"publisher":{"@id":"https:\/\/eldigitaldeasturias.com\/magazine365\/#organization"},"image":{"@type":"ImageObject","url":"https:\/\/eldigitaldeasturias.com\/magazine365\/wp-content\/uploads\/2016\/06\/fotonoticia_20160620123334_800.jpg","width":800,"height":600},"datePublished":"2016-06-20T15:42:14+02:00","dateModified":"2016-06-20T15:42:14+02:00","inLanguage":"es-ES","mainEntityOfPage":{"@id":"https:\/\/eldigitaldeasturias.com\/magazine365\/sixt-refuerza-su-flota-con-el-jaguar-f-type\/#webpage"},"isPartOf":{"@id":"https:\/\/eldigitaldeasturias.com\/magazine365\/sixt-refuerza-su-flota-con-el-jaguar-f-type\/#webpage"},"articleSection":"Noticias y Actualidad"},{"@type":"BreadcrumbList","@id":"https:\/\/eldigitaldeasturias.com\/magazine365\/sixt-refuerza-su-flota-con-el-jaguar-f-type\/#breadcrumblist","itemListElement":[{"@type":"ListItem","@id":"https:\/\/eldigitaldeasturias.com\/magazine365#listItem","position":1,"name":"Home","item":"https:\/\/eldigitaldeasturias.com\/magazine365","nextItem":{"@type":"ListItem","@id":"https:\/\/eldigitaldeasturias.com\/magazine365\/category\/noticias-actualidad\/#listItem","name":"Noticias y Actualidad"}},{"@type":"ListItem","@id":"https:\/\/eldigitaldeasturias.com\/magazine365\/category\/noticias-actualidad\/#listItem","position":2,"name":"Noticias y Actualidad","item":"https:\/\/eldigitaldeasturias.com\/magazine365\/category\/noticias-actualidad\/","nextItem":{"@type":"ListItem","@id":"https:\/\/eldigitaldeasturias.com\/magazine365\/sixt-refuerza-su-flota-con-el-jaguar-f-type\/#listItem","name":"Sixt refuerza su flota con el Jaguar F-Type"},"previousItem":{"@type":"ListItem","@id":"https:\/\/eldigitaldeasturias.com\/magazine365#listItem","name":"Home"}},{"@type":"ListItem","@id":"https:\/\/eldigitaldeasturias.com\/magazine365\/sixt-refuerza-su-flota-con-el-jaguar-f-type\/#listItem","position":3,"name":"Sixt refuerza su flota con el Jaguar F-Type","previousItem":{"@type":"ListItem","@id":"https:\/\/eldigitaldeasturias.com\/magazine365\/category\/noticias-actualidad\/#listItem","name":"Noticias y Actualidad"}}]},{"@type":"Organization","@id":"https:\/\/eldigitaldeasturias.com\/magazine365\/#organization","name":"El digital de Asturias","description":"Revista de ocio, turismo y estilo de vida","url":"https:\/\/eldigitaldeasturias.com\/magazine365\/","logo":{"@type":"ImageObject","url":"https:\/\/www.eldigitaldeasturias.com\/noticias\/wp-content\/uploads\/2020\/12\/EDA.jpg","@id":"https:\/\/eldigitaldeasturias.com\/magazine365\/sixt-refuerza-su-flota-con-el-jaguar-f-type\/#organizationLogo"},"image":{"@id":"https:\/\/eldigitaldeasturias.com\/magazine365\/sixt-refuerza-su-flota-con-el-jaguar-f-type\/#organizationLogo"}},{"@type":"Person","@id":"https:\/\/eldigitaldeasturias.com\/magazine365\/author\/admin\/#author","url":"https:\/\/eldigitaldeasturias.com\/magazine365\/author\/admin\/","name":"admin","image":{"@type":"ImageObject","@id":"https:\/\/eldigitaldeasturias.com\/magazine365\/sixt-refuerza-su-flota-con-el-jaguar-f-type\/#authorImage","url":"https:\/\/eldigitaldeasturias.com\/magazine365\/wp-content\/litespeed\/avatar\/e571bcf59a0edd6fa6838245a470f2fe.jpg?ver=1776969259","width":96,"height":96,"caption":"admin"}},{"@type":"WebPage","@id":"https:\/\/eldigitaldeasturias.com\/magazine365\/sixt-refuerza-su-flota-con-el-jaguar-f-type\/#webpage","url":"https:\/\/eldigitaldeasturias.com\/magazine365\/sixt-refuerza-su-flota-con-el-jaguar-f-type\/","name":"Sixt refuerza su flota con el Jaguar F-Type | El Digital de Asturias","description":"La firma alemana de alquiler de veh\u00edculos Sixt ha reforzado su flota de veh\u00edculos en Espa\u00f1a con la incorporaci\u00f3n del modelo deportivo F-Type de la marca automovil\u00edstica brit\u00e1nica Jaguar, seg\u00fan inform\u00f3 la compa\u00f1\u00eda en un comunicado. Sixt explic\u00f3 que este veh\u00edculo cuenta con un \"marcado car\u00e1cter deportivo\", tanto por su dise\u00f1o como por su motorizaci\u00f3n","inLanguage":"es-ES","isPartOf":{"@id":"https:\/\/eldigitaldeasturias.com\/magazine365\/#website"},"breadcrumb":{"@id":"https:\/\/eldigitaldeasturias.com\/magazine365\/sixt-refuerza-su-flota-con-el-jaguar-f-type\/#breadcrumblist"},"author":{"@id":"https:\/\/eldigitaldeasturias.com\/magazine365\/author\/admin\/#author"},"creator":{"@id":"https:\/\/eldigitaldeasturias.com\/magazine365\/author\/admin\/#author"},"image":{"@type":"ImageObject","url":"https:\/\/eldigitaldeasturias.com\/magazine365\/wp-content\/uploads\/2016\/06\/fotonoticia_20160620123334_800.jpg","@id":"https:\/\/eldigitaldeasturias.com\/magazine365\/sixt-refuerza-su-flota-con-el-jaguar-f-type\/#mainImage","width":800,"height":600},"primaryImageOfPage":{"@id":"https:\/\/eldigitaldeasturias.com\/magazine365\/sixt-refuerza-su-flota-con-el-jaguar-f-type\/#mainImage"},"datePublished":"2016-06-20T15:42:14+02:00","dateModified":"2016-06-20T15:42:14+02:00"},{"@type":"WebSite","@id":"https:\/\/eldigitaldeasturias.com\/magazine365\/#website","url":"https:\/\/eldigitaldeasturias.com\/magazine365\/","name":"El Digital de Asturias","description":"Revista de ocio, turismo y estilo de vida","inLanguage":"es-ES","publisher":{"@id":"https:\/\/eldigitaldeasturias.com\/magazine365\/#organization"}}]},"og:locale":"es_ES","og:site_name":"El Digital de Asturias \u2013 Revista de ocio, turismo y estilo de vida","og:type":"article","og:title":"Sixt refuerza su flota con el Jaguar F-Type | El Digital de Asturias","og:description":"La firma alemana de alquiler de veh\u00edculos Sixt ha reforzado su flota de veh\u00edculos en Espa\u00f1a con la incorporaci\u00f3n del modelo deportivo F-Type de la marca automovil\u00edstica brit\u00e1nica Jaguar, seg\u00fan inform\u00f3 la compa\u00f1\u00eda en un comunicado. Sixt explic\u00f3 que este veh\u00edculo cuenta con un &quot;marcado car\u00e1cter deportivo&quot;, tanto por su dise\u00f1o como por su motorizaci\u00f3n","og:url":"https:\/\/eldigitaldeasturias.com\/magazine365\/sixt-refuerza-su-flota-con-el-jaguar-f-type\/","og:image":"https:\/\/eldigitaldeasturias.com\/magazine365\/wp-content\/uploads\/2016\/06\/fotonoticia_20160620123334_800.jpg","og:image:secure_url":"https:\/\/eldigitaldeasturias.com\/magazine365\/wp-content\/uploads\/2016\/06\/fotonoticia_20160620123334_800.jpg","og:image:width":800,"og:image:height":600,"article:published_time":"2016-06-20T13:42:14+00:00","article:modified_time":"2016-06-20T13:42:14+00:00","twitter:card":"summary_large_image","twitter:title":"Sixt refuerza su flota con el Jaguar F-Type | El Digital de Asturias","twitter:description":"La firma alemana de alquiler de veh\u00edculos Sixt ha reforzado su flota de veh\u00edculos en Espa\u00f1a con la incorporaci\u00f3n del modelo deportivo F-Type de la marca automovil\u00edstica brit\u00e1nica Jaguar, seg\u00fan inform\u00f3 la compa\u00f1\u00eda en un comunicado. Sixt explic\u00f3 que este veh\u00edculo cuenta con un &quot;marcado car\u00e1cter deportivo&quot;, tanto por su dise\u00f1o como por su motorizaci\u00f3n","twitter:image":"https:\/\/eldigitaldeasturias.com\/magazine365\/wp-content\/uploads\/2016\/06\/fotonoticia_20160620123334_800.jpg"},"aioseo_meta_data":{"post_id":"80088","title":null,"description":null,"keywords":null,"keyphrases":null,"primary_term":null,"canonical_url":null,"og_title":null,"og_description":null,"og_object_type":"default","og_image_type":"default","og_image_url":null,"og_image_width":null,"og_image_height":null,"og_image_custom_url":null,"og_image_custom_fields":null,"og_video":null,"og_custom_url":null,"og_article_section":null,"og_article_tags":null,"twitter_use_og":false,"twitter_card":"default","twitter_image_type":"default","twitter_image_url":null,"twitter_image_custom_url":null,"twitter_image_custom_fields":null,"twitter_title":null,"twitter_description":null,"schema":{"blockGraphs":[],"customGraphs":[],"default":{"data":{"Article":[],"Course":[],"Dataset":[],"FAQPage":[],"Movie":[],"Person":[],"Product":[],"ProductReview":[],"Car":[],"Recipe":[],"Service":[],"SoftwareApplication":[],"WebPage":[]},"graphName":"","isEnabled":true},"graphs":[],"defaultGraph":"","defaultPostTypeGraph":""},"schema_type":null,"schema_type_options":null,"pillar_content":false,"robots_default":true,"robots_noindex":false,"robots_noarchive":false,"robots_nosnippet":false,"robots_nofollow":false,"robots_noimageindex":false,"robots_noodp":false,"robots_notranslate":false,"robots_max_snippet":null,"robots_max_videopreview":null,"robots_max_imagepreview":"large","priority":null,"frequency":null,"location":null,"local_seo":null,"seo_analyzer_scan_date":"2025-09-27 20:11:07","breadcrumb_settings":null,"limit_modified_date":false,"open_ai":null,"ai":null,"created":"2021-03-08 17:38:50","updated":"2025-09-27 20:11:07"},"aioseo_breadcrumb":"<div class=\"aioseo-breadcrumbs\"><span class=\"aioseo-breadcrumb\">\n\t<a href=\"https:\/\/eldigitaldeasturias.com\/magazine365\" title=\"Home\">Home<\/a>\n<\/span><span class=\"aioseo-breadcrumb-separator\">\u2013<\/span><span class=\"aioseo-breadcrumb\">\n\t<a href=\"https:\/\/eldigitaldeasturias.com\/magazine365\/category\/noticias-actualidad\/\" title=\"Noticias y Actualidad\">Noticias y Actualidad<\/a>\n<\/span><span class=\"aioseo-breadcrumb-separator\">\u2013<\/span><span class=\"aioseo-breadcrumb\">\n\t<a href=\"https:\/\/eldigitaldeasturias.com\/magazine365\/sixt-refuerza-su-flota-con-el-jaguar-f-type\/\" title=\"Sixt refuerza su flota con el Jaguar F-Type\">Sixt refuerza su flota con el Jaguar F-Type<\/a>\n<\/span><\/div>","aioseo_breadcrumb_json":[{"label":"Home","link":"https:\/\/eldigitaldeasturias.com\/magazine365"},{"label":"Noticias y Actualidad","link":"https:\/\/eldigitaldeasturias.com\/magazine365\/category\/noticias-actualidad\/"},{"label":"Sixt refuerza su flota con el Jaguar F-Type","link":"https:\/\/eldigitaldeasturias.com\/magazine365\/sixt-refuerza-su-flota-con-el-jaguar-f-type\/"}],"_links":{"self":[{"href":"https:\/\/eldigitaldeasturias.com\/magazine365\/wp-json\/wp\/v2\/posts\/80088","targetHints":{"allow":["GET"]}}],"collection":[{"href":"https:\/\/eldigitaldeasturias.com\/magazine365\/wp-json\/wp\/v2\/posts"}],"about":[{"href":"https:\/\/eldigitaldeasturias.com\/magazine365\/wp-json\/wp\/v2\/types\/post"}],"author":[{"embeddable":true,"href":"https:\/\/eldigitaldeasturias.com\/magazine365\/wp-json\/wp\/v2\/users\/1"}],"replies":[{"embeddable":true,"href":"https:\/\/eldigitaldeasturias.com\/magazine365\/wp-json\/wp\/v2\/comments?post=80088"}],"version-history":[{"count":0,"href":"https:\/\/eldigitaldeasturias.com\/magazine365\/wp-json\/wp\/v2\/posts\/80088\/revisions"}],"wp:featuredmedia":[{"embeddable":true,"href":"https:\/\/eldigitaldeasturias.com\/magazine365\/wp-json\/wp\/v2\/media\/80090"}],"wp:attachment":[{"href":"https:\/\/eldigitaldeasturias.com\/magazine365\/wp-json\/wp\/v2\/media?parent=80088"}],"wp:term":[{"taxonomy":"category","embeddable":true,"href":"https:\/\/eldigitaldeasturias.com\/magazine365\/wp-json\/wp\/v2\/categories?post=80088"},{"taxonomy":"post_tag","embeddable":true,"href":"https:\/\/eldigitaldeasturias.com\/magazine365\/wp-json\/wp\/v2\/tags?post=80088"}],"curies":[{"name":"wp","href":"https:\/\/api.w.org\/{rel}","templated":true}]}}