{"id":80067,"date":"2016-06-20T12:58:57","date_gmt":"2016-06-20T10:58:57","guid":{"rendered":"http:\/\/eldigitaldeasturias.com\/magazine365\/?p=80067"},"modified":"2016-06-20T12:58:57","modified_gmt":"2016-06-20T10:58:57","slug":"mario-sandoval-pepa-munoz-y-pedro-larumbe-elevan-la-tapa-a-patrimonio-cultural","status":"publish","type":"post","link":"https:\/\/eldigitaldeasturias.com\/magazine365\/mario-sandoval-pepa-munoz-y-pedro-larumbe-elevan-la-tapa-a-patrimonio-cultural\/","title":{"rendered":"Mario Sandoval, Pepa Mu\u00f1oz y Pedro Larumbe elevan la tapa a patrimonio cultural"},"content":{"rendered":"<p><img fetchpriority=\"high\" decoding=\"async\" class=\"alignleft size-medium wp-image-80068\" src=\"https:\/\/eldigitaldeasturias.com\/magazine365\/wp-content\/uploads\/2016\/06\/fotonoticia_20160620105650_800-360x240.jpg\" alt=\"fotonoticia_20160620105650_800\" width=\"360\" height=\"240\" srcset=\"https:\/\/eldigitaldeasturias.com\/magazine365\/wp-content\/uploads\/2016\/06\/fotonoticia_20160620105650_800-360x240.jpg 360w, https:\/\/eldigitaldeasturias.com\/magazine365\/wp-content\/uploads\/2016\/06\/fotonoticia_20160620105650_800-650x434.jpg 650w, https:\/\/eldigitaldeasturias.com\/magazine365\/wp-content\/uploads\/2016\/06\/fotonoticia_20160620105650_800-768x513.jpg 768w, https:\/\/eldigitaldeasturias.com\/magazine365\/wp-content\/uploads\/2016\/06\/fotonoticia_20160620105650_800-150x100.jpg 150w, https:\/\/eldigitaldeasturias.com\/magazine365\/wp-content\/uploads\/2016\/06\/fotonoticia_20160620105650_800-450x300.jpg 450w, https:\/\/eldigitaldeasturias.com\/magazine365\/wp-content\/uploads\/2016\/06\/fotonoticia_20160620105650_800-101x66.jpg 101w, https:\/\/eldigitaldeasturias.com\/magazine365\/wp-content\/uploads\/2016\/06\/fotonoticia_20160620105650_800.jpg 800w\" sizes=\"(max-width: 360px) 100vw, 360px\" \/>Los cocineros Mario Sandoval, Pepa Mu\u00f1oz y Pedro Larumbe reinterpretar\u00e1n ma\u00f1ana en Platea Madrid platos tradicionales para convertirlos en tapa, elevando as\u00ed esta costumbre espa\u00f1ola en patrimonio cultural.<\/p>\n<p>Lo har\u00e1n con una muestra de sus dones culinarios en Platea Madrid, el espacio gastron\u00f3mico situado en la Milla de Oro que quiere sumarse as\u00ed al D\u00eda Mundial de la Tapa, que se celebr\u00f3 el pasado 16 de junio.<\/p>\n<p>El espacio de ocio gourmet es uno de los epicentros gastron\u00f3micos de Espa\u00f1a despu\u00e9s de que recientemente firmara un acuerdo con la Federaci\u00f3n de asociaciones de cocineros y reposteros de Espa\u00f1a (Facyre).<\/p>\n<p>Gracias a este acuerdo, pasar\u00e1n por Platea Madrid m\u00e1s de 200 estrellas Michelin, 240 soles Repsol y 60 premios nacionales de gastronom\u00eda.<\/p>\n<p>En esta ocasi\u00f3n, pasar\u00e1n por el escenario de Platea el madrile\u00f1o Mario Saldoval, que suma dos estrellas Michelin con su restaurante &#8216;Coque&#8217;, Pepa Mu\u00f1oz, del G\u00fcenco de Pepa, y Pedro Larumbe, al frente de El 38 de Larumbe.<\/p>\n","protected":false},"excerpt":{"rendered":"<p>Los cocineros Mario Sandoval, Pepa Mu\u00f1oz y Pedro Larumbe reinterpretar\u00e1n ma\u00f1ana en Platea Madrid platos tradicionales para convertirlos en tapa, elevando as\u00ed esta costumbre espa\u00f1ola en patrimonio cultural. Lo har\u00e1n con una muestra de sus dones culinarios en Platea Madrid, el espacio gastron\u00f3mico situado en la Milla de Oro que quiere sumarse as\u00ed al D\u00eda<\/p>\n","protected":false},"author":1,"featured_media":80068,"comment_status":"open","ping_status":"closed","sticky":false,"template":"","format":"standard","meta":{"footnotes":""},"categories":[224],"tags":[],"class_list":{"0":"post-80067","1":"post","2":"type-post","3":"status-publish","4":"format-standard","5":"has-post-thumbnail","7":"category-noticias-actualidad"},"aioseo_notices":[],"aioseo_head":"\n\t\t<!-- All in One SEO Pro 4.9.6.1 - aioseo.com -->\n\t<meta name=\"description\" content=\"Los cocineros Mario Sandoval, Pepa Mu\u00f1oz y Pedro Larumbe reinterpretar\u00e1n ma\u00f1ana en Platea Madrid platos tradicionales para convertirlos en tapa, elevando as\u00ed esta costumbre espa\u00f1ola en patrimonio cultural. Lo har\u00e1n con una muestra de sus dones culinarios en Platea Madrid, el espacio gastron\u00f3mico situado en la Milla de Oro que quiere sumarse as\u00ed al D\u00eda\" \/>\n\t<meta name=\"robots\" content=\"max-image-preview:large\" \/>\n\t<meta name=\"author\" content=\"admin\"\/>\n\t<meta name=\"google-site-verification\" content=\"UA-38556648-1\" \/>\n\t<meta name=\"keywords\" content=\"noticias y actualidad\" \/>\n\t<link rel=\"canonical\" href=\"https:\/\/eldigitaldeasturias.com\/magazine365\/mario-sandoval-pepa-munoz-y-pedro-larumbe-elevan-la-tapa-a-patrimonio-cultural\/\" \/>\n\t<meta name=\"generator\" content=\"All in One SEO Pro (AIOSEO) 4.9.6.1\" \/>\n\t\t<meta property=\"og:locale\" content=\"es_ES\" \/>\n\t\t<meta property=\"og:site_name\" content=\"El Digital de Asturias \u2013 Revista de ocio, turismo y estilo de vida\" \/>\n\t\t<meta property=\"og:type\" content=\"article\" \/>\n\t\t<meta property=\"og:title\" content=\"Mario Sandoval, Pepa Mu\u00f1oz y Pedro Larumbe elevan la tapa a patrimonio cultural | El Digital de Asturias\" \/>\n\t\t<meta property=\"og:description\" content=\"Los cocineros Mario Sandoval, Pepa Mu\u00f1oz y Pedro Larumbe reinterpretar\u00e1n ma\u00f1ana en Platea Madrid platos tradicionales para convertirlos en tapa, elevando as\u00ed esta costumbre espa\u00f1ola en patrimonio cultural. Lo har\u00e1n con una muestra de sus dones culinarios en Platea Madrid, el espacio gastron\u00f3mico situado en la Milla de Oro que quiere sumarse as\u00ed al D\u00eda\" \/>\n\t\t<meta property=\"og:url\" content=\"https:\/\/eldigitaldeasturias.com\/magazine365\/mario-sandoval-pepa-munoz-y-pedro-larumbe-elevan-la-tapa-a-patrimonio-cultural\/\" \/>\n\t\t<meta property=\"og:image\" content=\"https:\/\/eldigitaldeasturias.com\/magazine365\/wp-content\/uploads\/2016\/06\/fotonoticia_20160620105650_800.jpg\" \/>\n\t\t<meta property=\"og:image:secure_url\" content=\"https:\/\/eldigitaldeasturias.com\/magazine365\/wp-content\/uploads\/2016\/06\/fotonoticia_20160620105650_800.jpg\" \/>\n\t\t<meta property=\"og:image:width\" content=\"800\" \/>\n\t\t<meta property=\"og:image:height\" content=\"534\" \/>\n\t\t<meta property=\"article:published_time\" content=\"2016-06-20T10:58:57+00:00\" \/>\n\t\t<meta property=\"article:modified_time\" content=\"2016-06-20T10:58:57+00:00\" \/>\n\t\t<meta name=\"twitter:card\" content=\"summary_large_image\" \/>\n\t\t<meta name=\"twitter:title\" content=\"Mario Sandoval, Pepa Mu\u00f1oz y Pedro Larumbe elevan la tapa a patrimonio cultural | El Digital de Asturias\" \/>\n\t\t<meta name=\"twitter:description\" content=\"Los cocineros Mario Sandoval, Pepa Mu\u00f1oz y Pedro Larumbe reinterpretar\u00e1n ma\u00f1ana en Platea Madrid platos tradicionales para convertirlos en tapa, elevando as\u00ed esta costumbre espa\u00f1ola en patrimonio cultural. Lo har\u00e1n con una muestra de sus dones culinarios en Platea Madrid, el espacio gastron\u00f3mico situado en la Milla de Oro que quiere sumarse as\u00ed al D\u00eda\" \/>\n\t\t<meta name=\"twitter:image\" content=\"https:\/\/eldigitaldeasturias.com\/magazine365\/wp-content\/uploads\/2016\/06\/fotonoticia_20160620105650_800.jpg\" \/>\n\t\t<script type=\"application\/ld+json\" class=\"aioseo-schema\">\n\t\t\t{\"@context\":\"https:\\\/\\\/schema.org\",\"@graph\":[{\"@type\":\"Article\",\"@id\":\"https:\\\/\\\/eldigitaldeasturias.com\\\/magazine365\\\/mario-sandoval-pepa-munoz-y-pedro-larumbe-elevan-la-tapa-a-patrimonio-cultural\\\/#article\",\"name\":\"Mario Sandoval, Pepa Mu\\u00f1oz y Pedro Larumbe elevan la tapa a patrimonio cultural | El Digital de Asturias\",\"headline\":\"Mario Sandoval, Pepa Mu\\u00f1oz y Pedro Larumbe elevan la tapa a patrimonio cultural\",\"author\":{\"@id\":\"https:\\\/\\\/eldigitaldeasturias.com\\\/magazine365\\\/author\\\/admin\\\/#author\"},\"publisher\":{\"@id\":\"https:\\\/\\\/eldigitaldeasturias.com\\\/magazine365\\\/#organization\"},\"image\":{\"@type\":\"ImageObject\",\"url\":\"https:\\\/\\\/eldigitaldeasturias.com\\\/magazine365\\\/wp-content\\\/uploads\\\/2016\\\/06\\\/fotonoticia_20160620105650_800.jpg\",\"width\":800,\"height\":534},\"datePublished\":\"2016-06-20T12:58:57+02:00\",\"dateModified\":\"2016-06-20T12:58:57+02:00\",\"inLanguage\":\"es-ES\",\"mainEntityOfPage\":{\"@id\":\"https:\\\/\\\/eldigitaldeasturias.com\\\/magazine365\\\/mario-sandoval-pepa-munoz-y-pedro-larumbe-elevan-la-tapa-a-patrimonio-cultural\\\/#webpage\"},\"isPartOf\":{\"@id\":\"https:\\\/\\\/eldigitaldeasturias.com\\\/magazine365\\\/mario-sandoval-pepa-munoz-y-pedro-larumbe-elevan-la-tapa-a-patrimonio-cultural\\\/#webpage\"},\"articleSection\":\"Noticias y Actualidad\"},{\"@type\":\"BreadcrumbList\",\"@id\":\"https:\\\/\\\/eldigitaldeasturias.com\\\/magazine365\\\/mario-sandoval-pepa-munoz-y-pedro-larumbe-elevan-la-tapa-a-patrimonio-cultural\\\/#breadcrumblist\",\"itemListElement\":[{\"@type\":\"ListItem\",\"@id\":\"https:\\\/\\\/eldigitaldeasturias.com\\\/magazine365#listItem\",\"position\":1,\"name\":\"Home\",\"item\":\"https:\\\/\\\/eldigitaldeasturias.com\\\/magazine365\",\"nextItem\":{\"@type\":\"ListItem\",\"@id\":\"https:\\\/\\\/eldigitaldeasturias.com\\\/magazine365\\\/category\\\/noticias-actualidad\\\/#listItem\",\"name\":\"Noticias y Actualidad\"}},{\"@type\":\"ListItem\",\"@id\":\"https:\\\/\\\/eldigitaldeasturias.com\\\/magazine365\\\/category\\\/noticias-actualidad\\\/#listItem\",\"position\":2,\"name\":\"Noticias y Actualidad\",\"item\":\"https:\\\/\\\/eldigitaldeasturias.com\\\/magazine365\\\/category\\\/noticias-actualidad\\\/\",\"nextItem\":{\"@type\":\"ListItem\",\"@id\":\"https:\\\/\\\/eldigitaldeasturias.com\\\/magazine365\\\/mario-sandoval-pepa-munoz-y-pedro-larumbe-elevan-la-tapa-a-patrimonio-cultural\\\/#listItem\",\"name\":\"Mario Sandoval, Pepa Mu\\u00f1oz y Pedro Larumbe elevan la tapa a patrimonio cultural\"},\"previousItem\":{\"@type\":\"ListItem\",\"@id\":\"https:\\\/\\\/eldigitaldeasturias.com\\\/magazine365#listItem\",\"name\":\"Home\"}},{\"@type\":\"ListItem\",\"@id\":\"https:\\\/\\\/eldigitaldeasturias.com\\\/magazine365\\\/mario-sandoval-pepa-munoz-y-pedro-larumbe-elevan-la-tapa-a-patrimonio-cultural\\\/#listItem\",\"position\":3,\"name\":\"Mario Sandoval, Pepa Mu\\u00f1oz y Pedro Larumbe elevan la tapa a patrimonio cultural\",\"previousItem\":{\"@type\":\"ListItem\",\"@id\":\"https:\\\/\\\/eldigitaldeasturias.com\\\/magazine365\\\/category\\\/noticias-actualidad\\\/#listItem\",\"name\":\"Noticias y Actualidad\"}}]},{\"@type\":\"Organization\",\"@id\":\"https:\\\/\\\/eldigitaldeasturias.com\\\/magazine365\\\/#organization\",\"name\":\"El digital de Asturias\",\"description\":\"Revista de ocio, turismo y estilo de vida\",\"url\":\"https:\\\/\\\/eldigitaldeasturias.com\\\/magazine365\\\/\",\"logo\":{\"@type\":\"ImageObject\",\"url\":\"https:\\\/\\\/www.eldigitaldeasturias.com\\\/noticias\\\/wp-content\\\/uploads\\\/2020\\\/12\\\/EDA.jpg\",\"@id\":\"https:\\\/\\\/eldigitaldeasturias.com\\\/magazine365\\\/mario-sandoval-pepa-munoz-y-pedro-larumbe-elevan-la-tapa-a-patrimonio-cultural\\\/#organizationLogo\"},\"image\":{\"@id\":\"https:\\\/\\\/eldigitaldeasturias.com\\\/magazine365\\\/mario-sandoval-pepa-munoz-y-pedro-larumbe-elevan-la-tapa-a-patrimonio-cultural\\\/#organizationLogo\"}},{\"@type\":\"Person\",\"@id\":\"https:\\\/\\\/eldigitaldeasturias.com\\\/magazine365\\\/author\\\/admin\\\/#author\",\"url\":\"https:\\\/\\\/eldigitaldeasturias.com\\\/magazine365\\\/author\\\/admin\\\/\",\"name\":\"admin\",\"image\":{\"@type\":\"ImageObject\",\"@id\":\"https:\\\/\\\/eldigitaldeasturias.com\\\/magazine365\\\/mario-sandoval-pepa-munoz-y-pedro-larumbe-elevan-la-tapa-a-patrimonio-cultural\\\/#authorImage\",\"url\":\"https:\\\/\\\/eldigitaldeasturias.com\\\/magazine365\\\/wp-content\\\/litespeed\\\/avatar\\\/e571bcf59a0edd6fa6838245a470f2fe.jpg?ver=1776969259\",\"width\":96,\"height\":96,\"caption\":\"admin\"}},{\"@type\":\"WebPage\",\"@id\":\"https:\\\/\\\/eldigitaldeasturias.com\\\/magazine365\\\/mario-sandoval-pepa-munoz-y-pedro-larumbe-elevan-la-tapa-a-patrimonio-cultural\\\/#webpage\",\"url\":\"https:\\\/\\\/eldigitaldeasturias.com\\\/magazine365\\\/mario-sandoval-pepa-munoz-y-pedro-larumbe-elevan-la-tapa-a-patrimonio-cultural\\\/\",\"name\":\"Mario Sandoval, Pepa Mu\\u00f1oz y Pedro Larumbe elevan la tapa a patrimonio cultural | El Digital de Asturias\",\"description\":\"Los cocineros Mario Sandoval, Pepa Mu\\u00f1oz y Pedro Larumbe reinterpretar\\u00e1n ma\\u00f1ana en Platea Madrid platos tradicionales para convertirlos en tapa, elevando as\\u00ed esta costumbre espa\\u00f1ola en patrimonio cultural. Lo har\\u00e1n con una muestra de sus dones culinarios en Platea Madrid, el espacio gastron\\u00f3mico situado en la Milla de Oro que quiere sumarse as\\u00ed al D\\u00eda\",\"inLanguage\":\"es-ES\",\"isPartOf\":{\"@id\":\"https:\\\/\\\/eldigitaldeasturias.com\\\/magazine365\\\/#website\"},\"breadcrumb\":{\"@id\":\"https:\\\/\\\/eldigitaldeasturias.com\\\/magazine365\\\/mario-sandoval-pepa-munoz-y-pedro-larumbe-elevan-la-tapa-a-patrimonio-cultural\\\/#breadcrumblist\"},\"author\":{\"@id\":\"https:\\\/\\\/eldigitaldeasturias.com\\\/magazine365\\\/author\\\/admin\\\/#author\"},\"creator\":{\"@id\":\"https:\\\/\\\/eldigitaldeasturias.com\\\/magazine365\\\/author\\\/admin\\\/#author\"},\"image\":{\"@type\":\"ImageObject\",\"url\":\"https:\\\/\\\/eldigitaldeasturias.com\\\/magazine365\\\/wp-content\\\/uploads\\\/2016\\\/06\\\/fotonoticia_20160620105650_800.jpg\",\"@id\":\"https:\\\/\\\/eldigitaldeasturias.com\\\/magazine365\\\/mario-sandoval-pepa-munoz-y-pedro-larumbe-elevan-la-tapa-a-patrimonio-cultural\\\/#mainImage\",\"width\":800,\"height\":534},\"primaryImageOfPage\":{\"@id\":\"https:\\\/\\\/eldigitaldeasturias.com\\\/magazine365\\\/mario-sandoval-pepa-munoz-y-pedro-larumbe-elevan-la-tapa-a-patrimonio-cultural\\\/#mainImage\"},\"datePublished\":\"2016-06-20T12:58:57+02:00\",\"dateModified\":\"2016-06-20T12:58:57+02:00\"},{\"@type\":\"WebSite\",\"@id\":\"https:\\\/\\\/eldigitaldeasturias.com\\\/magazine365\\\/#website\",\"url\":\"https:\\\/\\\/eldigitaldeasturias.com\\\/magazine365\\\/\",\"name\":\"El Digital de Asturias\",\"description\":\"Revista de ocio, turismo y estilo de vida\",\"inLanguage\":\"es-ES\",\"publisher\":{\"@id\":\"https:\\\/\\\/eldigitaldeasturias.com\\\/magazine365\\\/#organization\"}}]}\n\t\t<\/script>\n\t\t<!-- All in One SEO Pro -->\r\n\t\t<title>Mario Sandoval, Pepa Mu\u00f1oz y Pedro Larumbe elevan la tapa a patrimonio cultural | El Digital de Asturias<\/title>\n\n","aioseo_head_json":{"title":"Mario Sandoval, Pepa Mu\u00f1oz y Pedro Larumbe elevan la tapa a patrimonio cultural | El Digital de Asturias","description":"Los cocineros Mario Sandoval, Pepa Mu\u00f1oz y Pedro Larumbe reinterpretar\u00e1n ma\u00f1ana en Platea Madrid platos tradicionales para convertirlos en tapa, elevando as\u00ed esta costumbre espa\u00f1ola en patrimonio cultural. Lo har\u00e1n con una muestra de sus dones culinarios en Platea Madrid, el espacio gastron\u00f3mico situado en la Milla de Oro que quiere sumarse as\u00ed al D\u00eda","canonical_url":"https:\/\/eldigitaldeasturias.com\/magazine365\/mario-sandoval-pepa-munoz-y-pedro-larumbe-elevan-la-tapa-a-patrimonio-cultural\/","robots":"max-image-preview:large","keywords":"noticias y actualidad","webmasterTools":{"google-site-verification":"UA-38556648-1","miscellaneous":""},"schema":{"@context":"https:\/\/schema.org","@graph":[{"@type":"Article","@id":"https:\/\/eldigitaldeasturias.com\/magazine365\/mario-sandoval-pepa-munoz-y-pedro-larumbe-elevan-la-tapa-a-patrimonio-cultural\/#article","name":"Mario Sandoval, Pepa Mu\u00f1oz y Pedro Larumbe elevan la tapa a patrimonio cultural | El Digital de Asturias","headline":"Mario Sandoval, Pepa Mu\u00f1oz y Pedro Larumbe elevan la tapa a patrimonio cultural","author":{"@id":"https:\/\/eldigitaldeasturias.com\/magazine365\/author\/admin\/#author"},"publisher":{"@id":"https:\/\/eldigitaldeasturias.com\/magazine365\/#organization"},"image":{"@type":"ImageObject","url":"https:\/\/eldigitaldeasturias.com\/magazine365\/wp-content\/uploads\/2016\/06\/fotonoticia_20160620105650_800.jpg","width":800,"height":534},"datePublished":"2016-06-20T12:58:57+02:00","dateModified":"2016-06-20T12:58:57+02:00","inLanguage":"es-ES","mainEntityOfPage":{"@id":"https:\/\/eldigitaldeasturias.com\/magazine365\/mario-sandoval-pepa-munoz-y-pedro-larumbe-elevan-la-tapa-a-patrimonio-cultural\/#webpage"},"isPartOf":{"@id":"https:\/\/eldigitaldeasturias.com\/magazine365\/mario-sandoval-pepa-munoz-y-pedro-larumbe-elevan-la-tapa-a-patrimonio-cultural\/#webpage"},"articleSection":"Noticias y Actualidad"},{"@type":"BreadcrumbList","@id":"https:\/\/eldigitaldeasturias.com\/magazine365\/mario-sandoval-pepa-munoz-y-pedro-larumbe-elevan-la-tapa-a-patrimonio-cultural\/#breadcrumblist","itemListElement":[{"@type":"ListItem","@id":"https:\/\/eldigitaldeasturias.com\/magazine365#listItem","position":1,"name":"Home","item":"https:\/\/eldigitaldeasturias.com\/magazine365","nextItem":{"@type":"ListItem","@id":"https:\/\/eldigitaldeasturias.com\/magazine365\/category\/noticias-actualidad\/#listItem","name":"Noticias y Actualidad"}},{"@type":"ListItem","@id":"https:\/\/eldigitaldeasturias.com\/magazine365\/category\/noticias-actualidad\/#listItem","position":2,"name":"Noticias y Actualidad","item":"https:\/\/eldigitaldeasturias.com\/magazine365\/category\/noticias-actualidad\/","nextItem":{"@type":"ListItem","@id":"https:\/\/eldigitaldeasturias.com\/magazine365\/mario-sandoval-pepa-munoz-y-pedro-larumbe-elevan-la-tapa-a-patrimonio-cultural\/#listItem","name":"Mario Sandoval, Pepa Mu\u00f1oz y Pedro Larumbe elevan la tapa a patrimonio cultural"},"previousItem":{"@type":"ListItem","@id":"https:\/\/eldigitaldeasturias.com\/magazine365#listItem","name":"Home"}},{"@type":"ListItem","@id":"https:\/\/eldigitaldeasturias.com\/magazine365\/mario-sandoval-pepa-munoz-y-pedro-larumbe-elevan-la-tapa-a-patrimonio-cultural\/#listItem","position":3,"name":"Mario Sandoval, Pepa Mu\u00f1oz y Pedro Larumbe elevan la tapa a patrimonio cultural","previousItem":{"@type":"ListItem","@id":"https:\/\/eldigitaldeasturias.com\/magazine365\/category\/noticias-actualidad\/#listItem","name":"Noticias y Actualidad"}}]},{"@type":"Organization","@id":"https:\/\/eldigitaldeasturias.com\/magazine365\/#organization","name":"El digital de Asturias","description":"Revista de ocio, turismo y estilo de vida","url":"https:\/\/eldigitaldeasturias.com\/magazine365\/","logo":{"@type":"ImageObject","url":"https:\/\/www.eldigitaldeasturias.com\/noticias\/wp-content\/uploads\/2020\/12\/EDA.jpg","@id":"https:\/\/eldigitaldeasturias.com\/magazine365\/mario-sandoval-pepa-munoz-y-pedro-larumbe-elevan-la-tapa-a-patrimonio-cultural\/#organizationLogo"},"image":{"@id":"https:\/\/eldigitaldeasturias.com\/magazine365\/mario-sandoval-pepa-munoz-y-pedro-larumbe-elevan-la-tapa-a-patrimonio-cultural\/#organizationLogo"}},{"@type":"Person","@id":"https:\/\/eldigitaldeasturias.com\/magazine365\/author\/admin\/#author","url":"https:\/\/eldigitaldeasturias.com\/magazine365\/author\/admin\/","name":"admin","image":{"@type":"ImageObject","@id":"https:\/\/eldigitaldeasturias.com\/magazine365\/mario-sandoval-pepa-munoz-y-pedro-larumbe-elevan-la-tapa-a-patrimonio-cultural\/#authorImage","url":"https:\/\/eldigitaldeasturias.com\/magazine365\/wp-content\/litespeed\/avatar\/e571bcf59a0edd6fa6838245a470f2fe.jpg?ver=1776969259","width":96,"height":96,"caption":"admin"}},{"@type":"WebPage","@id":"https:\/\/eldigitaldeasturias.com\/magazine365\/mario-sandoval-pepa-munoz-y-pedro-larumbe-elevan-la-tapa-a-patrimonio-cultural\/#webpage","url":"https:\/\/eldigitaldeasturias.com\/magazine365\/mario-sandoval-pepa-munoz-y-pedro-larumbe-elevan-la-tapa-a-patrimonio-cultural\/","name":"Mario Sandoval, Pepa Mu\u00f1oz y Pedro Larumbe elevan la tapa a patrimonio cultural | El Digital de Asturias","description":"Los cocineros Mario Sandoval, Pepa Mu\u00f1oz y Pedro Larumbe reinterpretar\u00e1n ma\u00f1ana en Platea Madrid platos tradicionales para convertirlos en tapa, elevando as\u00ed esta costumbre espa\u00f1ola en patrimonio cultural. Lo har\u00e1n con una muestra de sus dones culinarios en Platea Madrid, el espacio gastron\u00f3mico situado en la Milla de Oro que quiere sumarse as\u00ed al D\u00eda","inLanguage":"es-ES","isPartOf":{"@id":"https:\/\/eldigitaldeasturias.com\/magazine365\/#website"},"breadcrumb":{"@id":"https:\/\/eldigitaldeasturias.com\/magazine365\/mario-sandoval-pepa-munoz-y-pedro-larumbe-elevan-la-tapa-a-patrimonio-cultural\/#breadcrumblist"},"author":{"@id":"https:\/\/eldigitaldeasturias.com\/magazine365\/author\/admin\/#author"},"creator":{"@id":"https:\/\/eldigitaldeasturias.com\/magazine365\/author\/admin\/#author"},"image":{"@type":"ImageObject","url":"https:\/\/eldigitaldeasturias.com\/magazine365\/wp-content\/uploads\/2016\/06\/fotonoticia_20160620105650_800.jpg","@id":"https:\/\/eldigitaldeasturias.com\/magazine365\/mario-sandoval-pepa-munoz-y-pedro-larumbe-elevan-la-tapa-a-patrimonio-cultural\/#mainImage","width":800,"height":534},"primaryImageOfPage":{"@id":"https:\/\/eldigitaldeasturias.com\/magazine365\/mario-sandoval-pepa-munoz-y-pedro-larumbe-elevan-la-tapa-a-patrimonio-cultural\/#mainImage"},"datePublished":"2016-06-20T12:58:57+02:00","dateModified":"2016-06-20T12:58:57+02:00"},{"@type":"WebSite","@id":"https:\/\/eldigitaldeasturias.com\/magazine365\/#website","url":"https:\/\/eldigitaldeasturias.com\/magazine365\/","name":"El Digital de Asturias","description":"Revista de ocio, turismo y estilo de vida","inLanguage":"es-ES","publisher":{"@id":"https:\/\/eldigitaldeasturias.com\/magazine365\/#organization"}}]},"og:locale":"es_ES","og:site_name":"El Digital de Asturias \u2013 Revista de ocio, turismo y estilo de vida","og:type":"article","og:title":"Mario Sandoval, Pepa Mu\u00f1oz y Pedro Larumbe elevan la tapa a patrimonio cultural | El Digital de Asturias","og:description":"Los cocineros Mario Sandoval, Pepa Mu\u00f1oz y Pedro Larumbe reinterpretar\u00e1n ma\u00f1ana en Platea Madrid platos tradicionales para convertirlos en tapa, elevando as\u00ed esta costumbre espa\u00f1ola en patrimonio cultural. Lo har\u00e1n con una muestra de sus dones culinarios en Platea Madrid, el espacio gastron\u00f3mico situado en la Milla de Oro que quiere sumarse as\u00ed al D\u00eda","og:url":"https:\/\/eldigitaldeasturias.com\/magazine365\/mario-sandoval-pepa-munoz-y-pedro-larumbe-elevan-la-tapa-a-patrimonio-cultural\/","og:image":"https:\/\/eldigitaldeasturias.com\/magazine365\/wp-content\/uploads\/2016\/06\/fotonoticia_20160620105650_800.jpg","og:image:secure_url":"https:\/\/eldigitaldeasturias.com\/magazine365\/wp-content\/uploads\/2016\/06\/fotonoticia_20160620105650_800.jpg","og:image:width":800,"og:image:height":534,"article:published_time":"2016-06-20T10:58:57+00:00","article:modified_time":"2016-06-20T10:58:57+00:00","twitter:card":"summary_large_image","twitter:title":"Mario Sandoval, Pepa Mu\u00f1oz y Pedro Larumbe elevan la tapa a patrimonio cultural | El Digital de Asturias","twitter:description":"Los cocineros Mario Sandoval, Pepa Mu\u00f1oz y Pedro Larumbe reinterpretar\u00e1n ma\u00f1ana en Platea Madrid platos tradicionales para convertirlos en tapa, elevando as\u00ed esta costumbre espa\u00f1ola en patrimonio cultural. Lo har\u00e1n con una muestra de sus dones culinarios en Platea Madrid, el espacio gastron\u00f3mico situado en la Milla de Oro que quiere sumarse as\u00ed al D\u00eda","twitter:image":"https:\/\/eldigitaldeasturias.com\/magazine365\/wp-content\/uploads\/2016\/06\/fotonoticia_20160620105650_800.jpg"},"aioseo_meta_data":{"post_id":"80067","title":null,"description":null,"keywords":null,"keyphrases":null,"primary_term":null,"canonical_url":null,"og_title":null,"og_description":null,"og_object_type":"default","og_image_type":"default","og_image_url":null,"og_image_width":null,"og_image_height":null,"og_image_custom_url":null,"og_image_custom_fields":null,"og_video":null,"og_custom_url":null,"og_article_section":null,"og_article_tags":null,"twitter_use_og":false,"twitter_card":"default","twitter_image_type":"default","twitter_image_url":null,"twitter_image_custom_url":null,"twitter_image_custom_fields":null,"twitter_title":null,"twitter_description":null,"schema":{"blockGraphs":[],"customGraphs":[],"default":{"data":{"Article":[],"Course":[],"Dataset":[],"FAQPage":[],"Movie":[],"Person":[],"Product":[],"ProductReview":[],"Car":[],"Recipe":[],"Service":[],"SoftwareApplication":[],"WebPage":[]},"graphName":"","isEnabled":true},"graphs":[],"defaultGraph":"","defaultPostTypeGraph":""},"schema_type":null,"schema_type_options":null,"pillar_content":false,"robots_default":true,"robots_noindex":false,"robots_noarchive":false,"robots_nosnippet":false,"robots_nofollow":false,"robots_noimageindex":false,"robots_noodp":false,"robots_notranslate":false,"robots_max_snippet":null,"robots_max_videopreview":null,"robots_max_imagepreview":"large","priority":null,"frequency":null,"location":null,"local_seo":null,"seo_analyzer_scan_date":"2025-09-27 20:07:36","breadcrumb_settings":null,"limit_modified_date":false,"open_ai":null,"ai":null,"created":"2021-03-08 17:39:51","updated":"2025-09-27 20:07:36"},"aioseo_breadcrumb":"<div class=\"aioseo-breadcrumbs\"><span class=\"aioseo-breadcrumb\">\n\t<a href=\"https:\/\/eldigitaldeasturias.com\/magazine365\" title=\"Home\">Home<\/a>\n<\/span><span class=\"aioseo-breadcrumb-separator\">\u2013<\/span><span class=\"aioseo-breadcrumb\">\n\t<a href=\"https:\/\/eldigitaldeasturias.com\/magazine365\/category\/noticias-actualidad\/\" title=\"Noticias y Actualidad\">Noticias y Actualidad<\/a>\n<\/span><span class=\"aioseo-breadcrumb-separator\">\u2013<\/span><span class=\"aioseo-breadcrumb\">\n\t<a href=\"https:\/\/eldigitaldeasturias.com\/magazine365\/mario-sandoval-pepa-munoz-y-pedro-larumbe-elevan-la-tapa-a-patrimonio-cultural\/\" title=\"Mario Sandoval, Pepa Mu\u00f1oz y Pedro Larumbe elevan la tapa a patrimonio cultural\">Mario Sandoval, Pepa Mu\u00f1oz y Pedro Larumbe elevan la tapa a patrimonio cultural<\/a>\n<\/span><\/div>","aioseo_breadcrumb_json":[{"label":"Home","link":"https:\/\/eldigitaldeasturias.com\/magazine365"},{"label":"Noticias y Actualidad","link":"https:\/\/eldigitaldeasturias.com\/magazine365\/category\/noticias-actualidad\/"},{"label":"Mario Sandoval, Pepa Mu\u00f1oz y Pedro Larumbe elevan la tapa a patrimonio cultural","link":"https:\/\/eldigitaldeasturias.com\/magazine365\/mario-sandoval-pepa-munoz-y-pedro-larumbe-elevan-la-tapa-a-patrimonio-cultural\/"}],"_links":{"self":[{"href":"https:\/\/eldigitaldeasturias.com\/magazine365\/wp-json\/wp\/v2\/posts\/80067","targetHints":{"allow":["GET"]}}],"collection":[{"href":"https:\/\/eldigitaldeasturias.com\/magazine365\/wp-json\/wp\/v2\/posts"}],"about":[{"href":"https:\/\/eldigitaldeasturias.com\/magazine365\/wp-json\/wp\/v2\/types\/post"}],"author":[{"embeddable":true,"href":"https:\/\/eldigitaldeasturias.com\/magazine365\/wp-json\/wp\/v2\/users\/1"}],"replies":[{"embeddable":true,"href":"https:\/\/eldigitaldeasturias.com\/magazine365\/wp-json\/wp\/v2\/comments?post=80067"}],"version-history":[{"count":0,"href":"https:\/\/eldigitaldeasturias.com\/magazine365\/wp-json\/wp\/v2\/posts\/80067\/revisions"}],"wp:featuredmedia":[{"embeddable":true,"href":"https:\/\/eldigitaldeasturias.com\/magazine365\/wp-json\/wp\/v2\/media\/80068"}],"wp:attachment":[{"href":"https:\/\/eldigitaldeasturias.com\/magazine365\/wp-json\/wp\/v2\/media?parent=80067"}],"wp:term":[{"taxonomy":"category","embeddable":true,"href":"https:\/\/eldigitaldeasturias.com\/magazine365\/wp-json\/wp\/v2\/categories?post=80067"},{"taxonomy":"post_tag","embeddable":true,"href":"https:\/\/eldigitaldeasturias.com\/magazine365\/wp-json\/wp\/v2\/tags?post=80067"}],"curies":[{"name":"wp","href":"https:\/\/api.w.org\/{rel}","templated":true}]}}