{"id":80051,"date":"2016-06-20T12:53:12","date_gmt":"2016-06-20T10:53:12","guid":{"rendered":"http:\/\/eldigitaldeasturias.com\/magazine365\/?p=80051"},"modified":"2016-06-20T12:53:32","modified_gmt":"2016-06-20T10:53:32","slug":"se-restringe-hasta-el-18-de-septiembre-el-acceso-a-las-playas-de-cabo-de-gata-en-vehiculos-a-motor","status":"publish","type":"post","link":"https:\/\/eldigitaldeasturias.com\/magazine365\/se-restringe-hasta-el-18-de-septiembre-el-acceso-a-las-playas-de-cabo-de-gata-en-vehiculos-a-motor\/","title":{"rendered":"Se restringe hasta el 18 de septiembre el acceso en veh\u00edculos a motor a las playas de Cabo de Gata"},"content":{"rendered":"<p><img fetchpriority=\"high\" decoding=\"async\" class=\"alignleft size-medium wp-image-80052\" src=\"https:\/\/eldigitaldeasturias.com\/magazine365\/wp-content\/uploads\/2016\/06\/fotonoticia_20160620103642_800-360x297.jpg\" alt=\"fotonoticia_20160620103642_800\" width=\"360\" height=\"297\" srcset=\"https:\/\/eldigitaldeasturias.com\/magazine365\/wp-content\/uploads\/2016\/06\/fotonoticia_20160620103642_800-360x297.jpg 360w, https:\/\/eldigitaldeasturias.com\/magazine365\/wp-content\/uploads\/2016\/06\/fotonoticia_20160620103642_800-650x536.jpg 650w, https:\/\/eldigitaldeasturias.com\/magazine365\/wp-content\/uploads\/2016\/06\/fotonoticia_20160620103642_800-768x634.jpg 768w, https:\/\/eldigitaldeasturias.com\/magazine365\/wp-content\/uploads\/2016\/06\/fotonoticia_20160620103642_800-150x124.jpg 150w, https:\/\/eldigitaldeasturias.com\/magazine365\/wp-content\/uploads\/2016\/06\/fotonoticia_20160620103642_800-450x371.jpg 450w, https:\/\/eldigitaldeasturias.com\/magazine365\/wp-content\/uploads\/2016\/06\/fotonoticia_20160620103642_800-300x247.jpg 300w, https:\/\/eldigitaldeasturias.com\/magazine365\/wp-content\/uploads\/2016\/06\/fotonoticia_20160620103642_800.jpg 800w\" sizes=\"(max-width: 360px) 100vw, 360px\" \/>La Junta de Andaluc\u00eda, a trav\u00e9s de la Delegaci\u00f3n Territorial de Agricultura, Pesca y Medio Ambiente de la Junta en Almer\u00eda, va a restringir desde este s\u00e1bado y hasta el pr\u00f3ximo 18 de septiembre el acceso a las playas ubicadas a poniente de la pedan\u00eda de San Jos\u00e9, en N\u00edjar (Almer\u00eda) dentro del Parque Natural de Cabo de Gata-N\u00edjar.<\/p>\n<p>La entrada mediante veh\u00edculos a motor estar\u00e1 limitado para acceder a las playas ubicadas entre Genoveses y Cala Carb\u00f3n, incluida la playa de M\u00f3nsul, a fin de preservar esta zona \u00abde alto valor ecol\u00f3gico y paisaj\u00edstico, en un espacio natural que est\u00e1 considerado como uno de los enclaves m\u00e1s privilegiados de la franja litoral mediterr\u00e1nea\u00bb.<\/p>\n<p>La medida se reitera, ya que la Delegaci\u00f3n Territorial de Agricultura, Pesca y Medio Ambiente en Almer\u00eda \u00abviene constatando el aumento de tr\u00e1fico rodado a dichas playas a trav\u00e9s del camino que une la barriada de San Jos\u00e9 con el aparcamiento de Cala Carb\u00f3n en determinadas \u00e9pocas del a\u00f1o\u00bb, con lo que el flujo de veh\u00edculos motorizados en el interior de este sector en \u00e9poca estival \u00absupera la capacidad de carga del mismo y supone un factor de degradaci\u00f3n de sus valores naturales y paisaj\u00edsticos\u00bb.<\/p>\n<p>En este sentido, desde la Junta han apuntado adem\u00e1s que supone un \u00abriesgo para la seguridad y el bienestar de las personas\u00bb la entrada no controlada de veh\u00edculos a motor en estos parajes naturales, dado que \u00abcarecen de servicios b\u00e1sicos como sanitarios, seguridad o salubridad para que pueda atenderse a la gran aglomeraci\u00f3n de personas y veh\u00edculos que se genera en temporada estival\u00bb.<\/p>\n<p>\u00abEsta situaci\u00f3n conlleva graves problemas de colapsos en las v\u00edas de acceso que impiden que se cuente con las condiciones m\u00ednimas de seguridad en caso de incendio forestal o cualquier otra situaci\u00f3n de emergencia que pueda producirse\u00bb, han justificado desde el Gobierno andaluz.<\/p>\n<p>Como en a\u00f1os anteriores, la resoluci\u00f3n ha sido notificada al Ayuntamiento de N\u00edjar, en cuyo t\u00e9rmino municipal se encuentra la zona objeto de restricci\u00f3n, a los efectos oportunos, dado que durante los \u00faltimos a\u00f1os el Consistorio, en colaboraci\u00f3n con la Junta, ha articulado un sistema de transporte colectivo para facilitar la entrada a los usuarios.<\/p>\n<p>El pasado a\u00f1o unos 57.824 veh\u00edculos pasaron a lo largo del pasado verano por los aparcamientos de las zonas ubicadas entre la playa de los Genoveses y la Cala Carb\u00f3n durante el periodo de acceso restringido a los veh\u00edculos motorizados, entre el 20 de junio y el 20 de septiembre, lo que supone un 18,3 por ciento m\u00e1s con respecto al a\u00f1o anterior.<\/p>\n<p>Seg\u00fan la informaci\u00f3n recopilada por la empresa adjudicataria del servicio, el Grupo Playas y Cortijos, se registr\u00f3 una media de 621 veh\u00edculos a motor diarios frente a los 525 de 2014, a\u00f1o en el que el servicio se oper\u00f3 entre el 21 de junio y el 14 de septiembre.<\/p>\n<h2 class=\"ladillo\">SERVICIO DE PARKING Y AUTOB\u00daS<\/h2>\n<p>Los precios de los tickets se tarificaron en funci\u00f3n del tipo de veh\u00edculo, de modo que un utilitario contaba con un precio de cuatro euros; una caravana, cinco euros; y una motocicleta, dos euros. Esta actividad ha supuesto unos ingresos de 289.120 euros \u00fanicamente en la gesti\u00f3n de los aparcamientos por parte de la concesionaria, a la que se adjudic\u00f3 el servicio mediante un contrato de naturaleza administrativa especial por 6.447 euros.<\/p>\n<p>En relaci\u00f3n a las personas que utilizaron el servicio de autobuses, se contabilizaron un total de 12.514 pasajeros con una media diaria de 134 pasajeros, lo que supuso un descenso del 27,2 por ciento con respecto a 2014, en que se registraron unos 184 pasajeros diarios de media.<\/p>\n<p>El precio de los billetes de autob\u00fas fue de dos euros en trayectos de ida y vuelta y 1,5 euros en trayectos de ida. As\u00ed, los ingresos por venta de tickets de autob\u00fas han sido de 25.028 euros, lo que sumado al importe recaudado por la gesti\u00f3n de los aparcamientos, hace un montante total de 314.148 euros.<\/p>\n","protected":false},"excerpt":{"rendered":"<p>La Junta de Andaluc\u00eda, a trav\u00e9s de la Delegaci\u00f3n Territorial de Agricultura, Pesca y Medio Ambiente de la Junta en Almer\u00eda, va a restringir desde este s\u00e1bado y hasta el pr\u00f3ximo 18 de septiembre el acceso a las playas ubicadas a poniente de la pedan\u00eda de San Jos\u00e9, en N\u00edjar (Almer\u00eda) dentro del Parque Natural<\/p>\n","protected":false},"author":1,"featured_media":80052,"comment_status":"open","ping_status":"closed","sticky":false,"template":"","format":"standard","meta":{"footnotes":""},"categories":[224],"tags":[],"class_list":{"0":"post-80051","1":"post","2":"type-post","3":"status-publish","4":"format-standard","5":"has-post-thumbnail","7":"category-noticias-actualidad"},"aioseo_notices":[],"aioseo_head":"\n\t\t<!-- All in One SEO Pro 4.9.6.1 - aioseo.com -->\n\t<meta name=\"description\" content=\"La Junta de Andaluc\u00eda, a trav\u00e9s de la Delegaci\u00f3n Territorial de Agricultura, Pesca y Medio Ambiente de la Junta en Almer\u00eda, va a restringir desde este s\u00e1bado y hasta el pr\u00f3ximo 18 de septiembre el acceso a las playas ubicadas a poniente de la pedan\u00eda de San Jos\u00e9, en N\u00edjar (Almer\u00eda) dentro del Parque Natural\" \/>\n\t<meta name=\"robots\" content=\"max-image-preview:large\" \/>\n\t<meta name=\"author\" content=\"admin\"\/>\n\t<meta name=\"google-site-verification\" content=\"UA-38556648-1\" \/>\n\t<meta name=\"keywords\" content=\"noticias y actualidad\" \/>\n\t<link rel=\"canonical\" href=\"https:\/\/eldigitaldeasturias.com\/magazine365\/se-restringe-hasta-el-18-de-septiembre-el-acceso-a-las-playas-de-cabo-de-gata-en-vehiculos-a-motor\/\" \/>\n\t<meta name=\"generator\" content=\"All in One SEO Pro (AIOSEO) 4.9.6.1\" \/>\n\t\t<meta property=\"og:locale\" content=\"es_ES\" \/>\n\t\t<meta property=\"og:site_name\" content=\"El Digital de Asturias \u2013 Revista de ocio, turismo y estilo de vida\" \/>\n\t\t<meta property=\"og:type\" content=\"article\" \/>\n\t\t<meta property=\"og:title\" content=\"Se restringe hasta el 18 de septiembre el acceso en veh\u00edculos a motor a las playas de Cabo de Gata | El Digital de Asturias\" \/>\n\t\t<meta property=\"og:description\" content=\"La Junta de Andaluc\u00eda, a trav\u00e9s de la Delegaci\u00f3n Territorial de Agricultura, Pesca y Medio Ambiente de la Junta en Almer\u00eda, va a restringir desde este s\u00e1bado y hasta el pr\u00f3ximo 18 de septiembre el acceso a las playas ubicadas a poniente de la pedan\u00eda de San Jos\u00e9, en N\u00edjar (Almer\u00eda) dentro del Parque Natural\" \/>\n\t\t<meta property=\"og:url\" content=\"https:\/\/eldigitaldeasturias.com\/magazine365\/se-restringe-hasta-el-18-de-septiembre-el-acceso-a-las-playas-de-cabo-de-gata-en-vehiculos-a-motor\/\" \/>\n\t\t<meta property=\"og:image\" content=\"https:\/\/eldigitaldeasturias.com\/magazine365\/wp-content\/uploads\/2016\/06\/fotonoticia_20160620103642_800.jpg\" \/>\n\t\t<meta property=\"og:image:secure_url\" content=\"https:\/\/eldigitaldeasturias.com\/magazine365\/wp-content\/uploads\/2016\/06\/fotonoticia_20160620103642_800.jpg\" \/>\n\t\t<meta property=\"og:image:width\" content=\"800\" \/>\n\t\t<meta property=\"og:image:height\" content=\"660\" \/>\n\t\t<meta property=\"article:published_time\" content=\"2016-06-20T10:53:12+00:00\" \/>\n\t\t<meta property=\"article:modified_time\" content=\"2016-06-20T10:53:32+00:00\" \/>\n\t\t<meta name=\"twitter:card\" content=\"summary_large_image\" \/>\n\t\t<meta name=\"twitter:title\" content=\"Se restringe hasta el 18 de septiembre el acceso en veh\u00edculos a motor a las playas de Cabo de Gata | El Digital de Asturias\" \/>\n\t\t<meta name=\"twitter:description\" content=\"La Junta de Andaluc\u00eda, a trav\u00e9s de la Delegaci\u00f3n Territorial de Agricultura, Pesca y Medio Ambiente de la Junta en Almer\u00eda, va a restringir desde este s\u00e1bado y hasta el pr\u00f3ximo 18 de septiembre el acceso a las playas ubicadas a poniente de la pedan\u00eda de San Jos\u00e9, en N\u00edjar (Almer\u00eda) dentro del Parque Natural\" \/>\n\t\t<meta name=\"twitter:image\" content=\"https:\/\/eldigitaldeasturias.com\/magazine365\/wp-content\/uploads\/2016\/06\/fotonoticia_20160620103642_800.jpg\" \/>\n\t\t<script type=\"application\/ld+json\" class=\"aioseo-schema\">\n\t\t\t{\"@context\":\"https:\\\/\\\/schema.org\",\"@graph\":[{\"@type\":\"Article\",\"@id\":\"https:\\\/\\\/eldigitaldeasturias.com\\\/magazine365\\\/se-restringe-hasta-el-18-de-septiembre-el-acceso-a-las-playas-de-cabo-de-gata-en-vehiculos-a-motor\\\/#article\",\"name\":\"Se restringe hasta el 18 de septiembre el acceso en veh\\u00edculos a motor a las playas de Cabo de Gata | El Digital de Asturias\",\"headline\":\"Se restringe hasta el 18 de septiembre el acceso en veh\\u00edculos a motor a las playas de Cabo de Gata\",\"author\":{\"@id\":\"https:\\\/\\\/eldigitaldeasturias.com\\\/magazine365\\\/author\\\/admin\\\/#author\"},\"publisher\":{\"@id\":\"https:\\\/\\\/eldigitaldeasturias.com\\\/magazine365\\\/#organization\"},\"image\":{\"@type\":\"ImageObject\",\"url\":\"https:\\\/\\\/eldigitaldeasturias.com\\\/magazine365\\\/wp-content\\\/uploads\\\/2016\\\/06\\\/fotonoticia_20160620103642_800.jpg\",\"width\":800,\"height\":660},\"datePublished\":\"2016-06-20T12:53:12+02:00\",\"dateModified\":\"2016-06-20T12:53:32+02:00\",\"inLanguage\":\"es-ES\",\"mainEntityOfPage\":{\"@id\":\"https:\\\/\\\/eldigitaldeasturias.com\\\/magazine365\\\/se-restringe-hasta-el-18-de-septiembre-el-acceso-a-las-playas-de-cabo-de-gata-en-vehiculos-a-motor\\\/#webpage\"},\"isPartOf\":{\"@id\":\"https:\\\/\\\/eldigitaldeasturias.com\\\/magazine365\\\/se-restringe-hasta-el-18-de-septiembre-el-acceso-a-las-playas-de-cabo-de-gata-en-vehiculos-a-motor\\\/#webpage\"},\"articleSection\":\"Noticias y Actualidad\"},{\"@type\":\"BreadcrumbList\",\"@id\":\"https:\\\/\\\/eldigitaldeasturias.com\\\/magazine365\\\/se-restringe-hasta-el-18-de-septiembre-el-acceso-a-las-playas-de-cabo-de-gata-en-vehiculos-a-motor\\\/#breadcrumblist\",\"itemListElement\":[{\"@type\":\"ListItem\",\"@id\":\"https:\\\/\\\/eldigitaldeasturias.com\\\/magazine365#listItem\",\"position\":1,\"name\":\"Home\",\"item\":\"https:\\\/\\\/eldigitaldeasturias.com\\\/magazine365\",\"nextItem\":{\"@type\":\"ListItem\",\"@id\":\"https:\\\/\\\/eldigitaldeasturias.com\\\/magazine365\\\/category\\\/noticias-actualidad\\\/#listItem\",\"name\":\"Noticias y Actualidad\"}},{\"@type\":\"ListItem\",\"@id\":\"https:\\\/\\\/eldigitaldeasturias.com\\\/magazine365\\\/category\\\/noticias-actualidad\\\/#listItem\",\"position\":2,\"name\":\"Noticias y Actualidad\",\"item\":\"https:\\\/\\\/eldigitaldeasturias.com\\\/magazine365\\\/category\\\/noticias-actualidad\\\/\",\"nextItem\":{\"@type\":\"ListItem\",\"@id\":\"https:\\\/\\\/eldigitaldeasturias.com\\\/magazine365\\\/se-restringe-hasta-el-18-de-septiembre-el-acceso-a-las-playas-de-cabo-de-gata-en-vehiculos-a-motor\\\/#listItem\",\"name\":\"Se restringe hasta el 18 de septiembre el acceso en veh\\u00edculos a motor a las playas de Cabo de Gata\"},\"previousItem\":{\"@type\":\"ListItem\",\"@id\":\"https:\\\/\\\/eldigitaldeasturias.com\\\/magazine365#listItem\",\"name\":\"Home\"}},{\"@type\":\"ListItem\",\"@id\":\"https:\\\/\\\/eldigitaldeasturias.com\\\/magazine365\\\/se-restringe-hasta-el-18-de-septiembre-el-acceso-a-las-playas-de-cabo-de-gata-en-vehiculos-a-motor\\\/#listItem\",\"position\":3,\"name\":\"Se restringe hasta el 18 de septiembre el acceso en veh\\u00edculos a motor a las playas de Cabo de Gata\",\"previousItem\":{\"@type\":\"ListItem\",\"@id\":\"https:\\\/\\\/eldigitaldeasturias.com\\\/magazine365\\\/category\\\/noticias-actualidad\\\/#listItem\",\"name\":\"Noticias y Actualidad\"}}]},{\"@type\":\"Organization\",\"@id\":\"https:\\\/\\\/eldigitaldeasturias.com\\\/magazine365\\\/#organization\",\"name\":\"El digital de Asturias\",\"description\":\"Revista de ocio, turismo y estilo de vida\",\"url\":\"https:\\\/\\\/eldigitaldeasturias.com\\\/magazine365\\\/\",\"logo\":{\"@type\":\"ImageObject\",\"url\":\"https:\\\/\\\/www.eldigitaldeasturias.com\\\/noticias\\\/wp-content\\\/uploads\\\/2020\\\/12\\\/EDA.jpg\",\"@id\":\"https:\\\/\\\/eldigitaldeasturias.com\\\/magazine365\\\/se-restringe-hasta-el-18-de-septiembre-el-acceso-a-las-playas-de-cabo-de-gata-en-vehiculos-a-motor\\\/#organizationLogo\"},\"image\":{\"@id\":\"https:\\\/\\\/eldigitaldeasturias.com\\\/magazine365\\\/se-restringe-hasta-el-18-de-septiembre-el-acceso-a-las-playas-de-cabo-de-gata-en-vehiculos-a-motor\\\/#organizationLogo\"}},{\"@type\":\"Person\",\"@id\":\"https:\\\/\\\/eldigitaldeasturias.com\\\/magazine365\\\/author\\\/admin\\\/#author\",\"url\":\"https:\\\/\\\/eldigitaldeasturias.com\\\/magazine365\\\/author\\\/admin\\\/\",\"name\":\"admin\",\"image\":{\"@type\":\"ImageObject\",\"@id\":\"https:\\\/\\\/eldigitaldeasturias.com\\\/magazine365\\\/se-restringe-hasta-el-18-de-septiembre-el-acceso-a-las-playas-de-cabo-de-gata-en-vehiculos-a-motor\\\/#authorImage\",\"url\":\"https:\\\/\\\/eldigitaldeasturias.com\\\/magazine365\\\/wp-content\\\/litespeed\\\/avatar\\\/e571bcf59a0edd6fa6838245a470f2fe.jpg?ver=1776969259\",\"width\":96,\"height\":96,\"caption\":\"admin\"}},{\"@type\":\"WebPage\",\"@id\":\"https:\\\/\\\/eldigitaldeasturias.com\\\/magazine365\\\/se-restringe-hasta-el-18-de-septiembre-el-acceso-a-las-playas-de-cabo-de-gata-en-vehiculos-a-motor\\\/#webpage\",\"url\":\"https:\\\/\\\/eldigitaldeasturias.com\\\/magazine365\\\/se-restringe-hasta-el-18-de-septiembre-el-acceso-a-las-playas-de-cabo-de-gata-en-vehiculos-a-motor\\\/\",\"name\":\"Se restringe hasta el 18 de septiembre el acceso en veh\\u00edculos a motor a las playas de Cabo de Gata | El Digital de Asturias\",\"description\":\"La Junta de Andaluc\\u00eda, a trav\\u00e9s de la Delegaci\\u00f3n Territorial de Agricultura, Pesca y Medio Ambiente de la Junta en Almer\\u00eda, va a restringir desde este s\\u00e1bado y hasta el pr\\u00f3ximo 18 de septiembre el acceso a las playas ubicadas a poniente de la pedan\\u00eda de San Jos\\u00e9, en N\\u00edjar (Almer\\u00eda) dentro del Parque Natural\",\"inLanguage\":\"es-ES\",\"isPartOf\":{\"@id\":\"https:\\\/\\\/eldigitaldeasturias.com\\\/magazine365\\\/#website\"},\"breadcrumb\":{\"@id\":\"https:\\\/\\\/eldigitaldeasturias.com\\\/magazine365\\\/se-restringe-hasta-el-18-de-septiembre-el-acceso-a-las-playas-de-cabo-de-gata-en-vehiculos-a-motor\\\/#breadcrumblist\"},\"author\":{\"@id\":\"https:\\\/\\\/eldigitaldeasturias.com\\\/magazine365\\\/author\\\/admin\\\/#author\"},\"creator\":{\"@id\":\"https:\\\/\\\/eldigitaldeasturias.com\\\/magazine365\\\/author\\\/admin\\\/#author\"},\"image\":{\"@type\":\"ImageObject\",\"url\":\"https:\\\/\\\/eldigitaldeasturias.com\\\/magazine365\\\/wp-content\\\/uploads\\\/2016\\\/06\\\/fotonoticia_20160620103642_800.jpg\",\"@id\":\"https:\\\/\\\/eldigitaldeasturias.com\\\/magazine365\\\/se-restringe-hasta-el-18-de-septiembre-el-acceso-a-las-playas-de-cabo-de-gata-en-vehiculos-a-motor\\\/#mainImage\",\"width\":800,\"height\":660},\"primaryImageOfPage\":{\"@id\":\"https:\\\/\\\/eldigitaldeasturias.com\\\/magazine365\\\/se-restringe-hasta-el-18-de-septiembre-el-acceso-a-las-playas-de-cabo-de-gata-en-vehiculos-a-motor\\\/#mainImage\"},\"datePublished\":\"2016-06-20T12:53:12+02:00\",\"dateModified\":\"2016-06-20T12:53:32+02:00\"},{\"@type\":\"WebSite\",\"@id\":\"https:\\\/\\\/eldigitaldeasturias.com\\\/magazine365\\\/#website\",\"url\":\"https:\\\/\\\/eldigitaldeasturias.com\\\/magazine365\\\/\",\"name\":\"El Digital de Asturias\",\"description\":\"Revista de ocio, turismo y estilo de vida\",\"inLanguage\":\"es-ES\",\"publisher\":{\"@id\":\"https:\\\/\\\/eldigitaldeasturias.com\\\/magazine365\\\/#organization\"}}]}\n\t\t<\/script>\n\t\t<!-- All in One SEO Pro -->\r\n\t\t<title>Se restringe hasta el 18 de septiembre el acceso en veh\u00edculos a motor a las playas de Cabo de Gata | El Digital de Asturias<\/title>\n\n","aioseo_head_json":{"title":"Se restringe hasta el 18 de septiembre el acceso en veh\u00edculos a motor a las playas de Cabo de Gata | El Digital de Asturias","description":"La Junta de Andaluc\u00eda, a trav\u00e9s de la Delegaci\u00f3n Territorial de Agricultura, Pesca y Medio Ambiente de la Junta en Almer\u00eda, va a restringir desde este s\u00e1bado y hasta el pr\u00f3ximo 18 de septiembre el acceso a las playas ubicadas a poniente de la pedan\u00eda de San Jos\u00e9, en N\u00edjar (Almer\u00eda) dentro del Parque Natural","canonical_url":"https:\/\/eldigitaldeasturias.com\/magazine365\/se-restringe-hasta-el-18-de-septiembre-el-acceso-a-las-playas-de-cabo-de-gata-en-vehiculos-a-motor\/","robots":"max-image-preview:large","keywords":"noticias y actualidad","webmasterTools":{"google-site-verification":"UA-38556648-1","miscellaneous":""},"schema":{"@context":"https:\/\/schema.org","@graph":[{"@type":"Article","@id":"https:\/\/eldigitaldeasturias.com\/magazine365\/se-restringe-hasta-el-18-de-septiembre-el-acceso-a-las-playas-de-cabo-de-gata-en-vehiculos-a-motor\/#article","name":"Se restringe hasta el 18 de septiembre el acceso en veh\u00edculos a motor a las playas de Cabo de Gata | El Digital de Asturias","headline":"Se restringe hasta el 18 de septiembre el acceso en veh\u00edculos a motor a las playas de Cabo de Gata","author":{"@id":"https:\/\/eldigitaldeasturias.com\/magazine365\/author\/admin\/#author"},"publisher":{"@id":"https:\/\/eldigitaldeasturias.com\/magazine365\/#organization"},"image":{"@type":"ImageObject","url":"https:\/\/eldigitaldeasturias.com\/magazine365\/wp-content\/uploads\/2016\/06\/fotonoticia_20160620103642_800.jpg","width":800,"height":660},"datePublished":"2016-06-20T12:53:12+02:00","dateModified":"2016-06-20T12:53:32+02:00","inLanguage":"es-ES","mainEntityOfPage":{"@id":"https:\/\/eldigitaldeasturias.com\/magazine365\/se-restringe-hasta-el-18-de-septiembre-el-acceso-a-las-playas-de-cabo-de-gata-en-vehiculos-a-motor\/#webpage"},"isPartOf":{"@id":"https:\/\/eldigitaldeasturias.com\/magazine365\/se-restringe-hasta-el-18-de-septiembre-el-acceso-a-las-playas-de-cabo-de-gata-en-vehiculos-a-motor\/#webpage"},"articleSection":"Noticias y Actualidad"},{"@type":"BreadcrumbList","@id":"https:\/\/eldigitaldeasturias.com\/magazine365\/se-restringe-hasta-el-18-de-septiembre-el-acceso-a-las-playas-de-cabo-de-gata-en-vehiculos-a-motor\/#breadcrumblist","itemListElement":[{"@type":"ListItem","@id":"https:\/\/eldigitaldeasturias.com\/magazine365#listItem","position":1,"name":"Home","item":"https:\/\/eldigitaldeasturias.com\/magazine365","nextItem":{"@type":"ListItem","@id":"https:\/\/eldigitaldeasturias.com\/magazine365\/category\/noticias-actualidad\/#listItem","name":"Noticias y Actualidad"}},{"@type":"ListItem","@id":"https:\/\/eldigitaldeasturias.com\/magazine365\/category\/noticias-actualidad\/#listItem","position":2,"name":"Noticias y Actualidad","item":"https:\/\/eldigitaldeasturias.com\/magazine365\/category\/noticias-actualidad\/","nextItem":{"@type":"ListItem","@id":"https:\/\/eldigitaldeasturias.com\/magazine365\/se-restringe-hasta-el-18-de-septiembre-el-acceso-a-las-playas-de-cabo-de-gata-en-vehiculos-a-motor\/#listItem","name":"Se restringe hasta el 18 de septiembre el acceso en veh\u00edculos a motor a las playas de Cabo de Gata"},"previousItem":{"@type":"ListItem","@id":"https:\/\/eldigitaldeasturias.com\/magazine365#listItem","name":"Home"}},{"@type":"ListItem","@id":"https:\/\/eldigitaldeasturias.com\/magazine365\/se-restringe-hasta-el-18-de-septiembre-el-acceso-a-las-playas-de-cabo-de-gata-en-vehiculos-a-motor\/#listItem","position":3,"name":"Se restringe hasta el 18 de septiembre el acceso en veh\u00edculos a motor a las playas de Cabo de Gata","previousItem":{"@type":"ListItem","@id":"https:\/\/eldigitaldeasturias.com\/magazine365\/category\/noticias-actualidad\/#listItem","name":"Noticias y Actualidad"}}]},{"@type":"Organization","@id":"https:\/\/eldigitaldeasturias.com\/magazine365\/#organization","name":"El digital de Asturias","description":"Revista de ocio, turismo y estilo de vida","url":"https:\/\/eldigitaldeasturias.com\/magazine365\/","logo":{"@type":"ImageObject","url":"https:\/\/www.eldigitaldeasturias.com\/noticias\/wp-content\/uploads\/2020\/12\/EDA.jpg","@id":"https:\/\/eldigitaldeasturias.com\/magazine365\/se-restringe-hasta-el-18-de-septiembre-el-acceso-a-las-playas-de-cabo-de-gata-en-vehiculos-a-motor\/#organizationLogo"},"image":{"@id":"https:\/\/eldigitaldeasturias.com\/magazine365\/se-restringe-hasta-el-18-de-septiembre-el-acceso-a-las-playas-de-cabo-de-gata-en-vehiculos-a-motor\/#organizationLogo"}},{"@type":"Person","@id":"https:\/\/eldigitaldeasturias.com\/magazine365\/author\/admin\/#author","url":"https:\/\/eldigitaldeasturias.com\/magazine365\/author\/admin\/","name":"admin","image":{"@type":"ImageObject","@id":"https:\/\/eldigitaldeasturias.com\/magazine365\/se-restringe-hasta-el-18-de-septiembre-el-acceso-a-las-playas-de-cabo-de-gata-en-vehiculos-a-motor\/#authorImage","url":"https:\/\/eldigitaldeasturias.com\/magazine365\/wp-content\/litespeed\/avatar\/e571bcf59a0edd6fa6838245a470f2fe.jpg?ver=1776969259","width":96,"height":96,"caption":"admin"}},{"@type":"WebPage","@id":"https:\/\/eldigitaldeasturias.com\/magazine365\/se-restringe-hasta-el-18-de-septiembre-el-acceso-a-las-playas-de-cabo-de-gata-en-vehiculos-a-motor\/#webpage","url":"https:\/\/eldigitaldeasturias.com\/magazine365\/se-restringe-hasta-el-18-de-septiembre-el-acceso-a-las-playas-de-cabo-de-gata-en-vehiculos-a-motor\/","name":"Se restringe hasta el 18 de septiembre el acceso en veh\u00edculos a motor a las playas de Cabo de Gata | El Digital de Asturias","description":"La Junta de Andaluc\u00eda, a trav\u00e9s de la Delegaci\u00f3n Territorial de Agricultura, Pesca y Medio Ambiente de la Junta en Almer\u00eda, va a restringir desde este s\u00e1bado y hasta el pr\u00f3ximo 18 de septiembre el acceso a las playas ubicadas a poniente de la pedan\u00eda de San Jos\u00e9, en N\u00edjar (Almer\u00eda) dentro del Parque Natural","inLanguage":"es-ES","isPartOf":{"@id":"https:\/\/eldigitaldeasturias.com\/magazine365\/#website"},"breadcrumb":{"@id":"https:\/\/eldigitaldeasturias.com\/magazine365\/se-restringe-hasta-el-18-de-septiembre-el-acceso-a-las-playas-de-cabo-de-gata-en-vehiculos-a-motor\/#breadcrumblist"},"author":{"@id":"https:\/\/eldigitaldeasturias.com\/magazine365\/author\/admin\/#author"},"creator":{"@id":"https:\/\/eldigitaldeasturias.com\/magazine365\/author\/admin\/#author"},"image":{"@type":"ImageObject","url":"https:\/\/eldigitaldeasturias.com\/magazine365\/wp-content\/uploads\/2016\/06\/fotonoticia_20160620103642_800.jpg","@id":"https:\/\/eldigitaldeasturias.com\/magazine365\/se-restringe-hasta-el-18-de-septiembre-el-acceso-a-las-playas-de-cabo-de-gata-en-vehiculos-a-motor\/#mainImage","width":800,"height":660},"primaryImageOfPage":{"@id":"https:\/\/eldigitaldeasturias.com\/magazine365\/se-restringe-hasta-el-18-de-septiembre-el-acceso-a-las-playas-de-cabo-de-gata-en-vehiculos-a-motor\/#mainImage"},"datePublished":"2016-06-20T12:53:12+02:00","dateModified":"2016-06-20T12:53:32+02:00"},{"@type":"WebSite","@id":"https:\/\/eldigitaldeasturias.com\/magazine365\/#website","url":"https:\/\/eldigitaldeasturias.com\/magazine365\/","name":"El Digital de Asturias","description":"Revista de ocio, turismo y estilo de vida","inLanguage":"es-ES","publisher":{"@id":"https:\/\/eldigitaldeasturias.com\/magazine365\/#organization"}}]},"og:locale":"es_ES","og:site_name":"El Digital de Asturias \u2013 Revista de ocio, turismo y estilo de vida","og:type":"article","og:title":"Se restringe hasta el 18 de septiembre el acceso en veh\u00edculos a motor a las playas de Cabo de Gata | El Digital de Asturias","og:description":"La Junta de Andaluc\u00eda, a trav\u00e9s de la Delegaci\u00f3n Territorial de Agricultura, Pesca y Medio Ambiente de la Junta en Almer\u00eda, va a restringir desde este s\u00e1bado y hasta el pr\u00f3ximo 18 de septiembre el acceso a las playas ubicadas a poniente de la pedan\u00eda de San Jos\u00e9, en N\u00edjar (Almer\u00eda) dentro del Parque Natural","og:url":"https:\/\/eldigitaldeasturias.com\/magazine365\/se-restringe-hasta-el-18-de-septiembre-el-acceso-a-las-playas-de-cabo-de-gata-en-vehiculos-a-motor\/","og:image":"https:\/\/eldigitaldeasturias.com\/magazine365\/wp-content\/uploads\/2016\/06\/fotonoticia_20160620103642_800.jpg","og:image:secure_url":"https:\/\/eldigitaldeasturias.com\/magazine365\/wp-content\/uploads\/2016\/06\/fotonoticia_20160620103642_800.jpg","og:image:width":800,"og:image:height":660,"article:published_time":"2016-06-20T10:53:12+00:00","article:modified_time":"2016-06-20T10:53:32+00:00","twitter:card":"summary_large_image","twitter:title":"Se restringe hasta el 18 de septiembre el acceso en veh\u00edculos a motor a las playas de Cabo de Gata | El Digital de Asturias","twitter:description":"La Junta de Andaluc\u00eda, a trav\u00e9s de la Delegaci\u00f3n Territorial de Agricultura, Pesca y Medio Ambiente de la Junta en Almer\u00eda, va a restringir desde este s\u00e1bado y hasta el pr\u00f3ximo 18 de septiembre el acceso a las playas ubicadas a poniente de la pedan\u00eda de San Jos\u00e9, en N\u00edjar (Almer\u00eda) dentro del Parque Natural","twitter:image":"https:\/\/eldigitaldeasturias.com\/magazine365\/wp-content\/uploads\/2016\/06\/fotonoticia_20160620103642_800.jpg"},"aioseo_meta_data":{"post_id":"80051","title":null,"description":null,"keywords":null,"keyphrases":null,"primary_term":null,"canonical_url":null,"og_title":null,"og_description":null,"og_object_type":"default","og_image_type":"default","og_image_url":null,"og_image_width":null,"og_image_height":null,"og_image_custom_url":null,"og_image_custom_fields":null,"og_video":null,"og_custom_url":null,"og_article_section":null,"og_article_tags":null,"twitter_use_og":false,"twitter_card":"default","twitter_image_type":"default","twitter_image_url":null,"twitter_image_custom_url":null,"twitter_image_custom_fields":null,"twitter_title":null,"twitter_description":null,"schema":{"blockGraphs":[],"customGraphs":[],"default":{"data":{"Article":[],"Course":[],"Dataset":[],"FAQPage":[],"Movie":[],"Person":[],"Product":[],"ProductReview":[],"Car":[],"Recipe":[],"Service":[],"SoftwareApplication":[],"WebPage":[]},"graphName":"","isEnabled":true},"graphs":[],"defaultGraph":"","defaultPostTypeGraph":""},"schema_type":null,"schema_type_options":null,"pillar_content":false,"robots_default":true,"robots_noindex":false,"robots_noarchive":false,"robots_nosnippet":false,"robots_nofollow":false,"robots_noimageindex":false,"robots_noodp":false,"robots_notranslate":false,"robots_max_snippet":null,"robots_max_videopreview":null,"robots_max_imagepreview":"large","priority":null,"frequency":null,"location":null,"local_seo":null,"seo_analyzer_scan_date":"2025-09-27 20:07:30","breadcrumb_settings":null,"limit_modified_date":false,"open_ai":null,"ai":null,"created":"2021-03-08 17:39:51","updated":"2025-09-27 20:07:30"},"aioseo_breadcrumb":"<div class=\"aioseo-breadcrumbs\"><span class=\"aioseo-breadcrumb\">\n\t<a href=\"https:\/\/eldigitaldeasturias.com\/magazine365\" title=\"Home\">Home<\/a>\n<\/span><span class=\"aioseo-breadcrumb-separator\">\u2013<\/span><span class=\"aioseo-breadcrumb\">\n\t<a href=\"https:\/\/eldigitaldeasturias.com\/magazine365\/category\/noticias-actualidad\/\" title=\"Noticias y Actualidad\">Noticias y Actualidad<\/a>\n<\/span><span class=\"aioseo-breadcrumb-separator\">\u2013<\/span><span class=\"aioseo-breadcrumb\">\n\t<a href=\"https:\/\/eldigitaldeasturias.com\/magazine365\/se-restringe-hasta-el-18-de-septiembre-el-acceso-a-las-playas-de-cabo-de-gata-en-vehiculos-a-motor\/\" title=\"Se restringe hasta el 18 de septiembre el acceso en veh\u00edculos a motor a las playas de Cabo de Gata\">Se restringe hasta el 18 de septiembre el acceso en veh\u00edculos a motor a las playas de Cabo de Gata<\/a>\n<\/span><\/div>","aioseo_breadcrumb_json":[{"label":"Home","link":"https:\/\/eldigitaldeasturias.com\/magazine365"},{"label":"Noticias y Actualidad","link":"https:\/\/eldigitaldeasturias.com\/magazine365\/category\/noticias-actualidad\/"},{"label":"Se restringe hasta el 18 de septiembre el acceso en veh\u00edculos a motor a las playas de Cabo de Gata","link":"https:\/\/eldigitaldeasturias.com\/magazine365\/se-restringe-hasta-el-18-de-septiembre-el-acceso-a-las-playas-de-cabo-de-gata-en-vehiculos-a-motor\/"}],"_links":{"self":[{"href":"https:\/\/eldigitaldeasturias.com\/magazine365\/wp-json\/wp\/v2\/posts\/80051","targetHints":{"allow":["GET"]}}],"collection":[{"href":"https:\/\/eldigitaldeasturias.com\/magazine365\/wp-json\/wp\/v2\/posts"}],"about":[{"href":"https:\/\/eldigitaldeasturias.com\/magazine365\/wp-json\/wp\/v2\/types\/post"}],"author":[{"embeddable":true,"href":"https:\/\/eldigitaldeasturias.com\/magazine365\/wp-json\/wp\/v2\/users\/1"}],"replies":[{"embeddable":true,"href":"https:\/\/eldigitaldeasturias.com\/magazine365\/wp-json\/wp\/v2\/comments?post=80051"}],"version-history":[{"count":0,"href":"https:\/\/eldigitaldeasturias.com\/magazine365\/wp-json\/wp\/v2\/posts\/80051\/revisions"}],"wp:featuredmedia":[{"embeddable":true,"href":"https:\/\/eldigitaldeasturias.com\/magazine365\/wp-json\/wp\/v2\/media\/80052"}],"wp:attachment":[{"href":"https:\/\/eldigitaldeasturias.com\/magazine365\/wp-json\/wp\/v2\/media?parent=80051"}],"wp:term":[{"taxonomy":"category","embeddable":true,"href":"https:\/\/eldigitaldeasturias.com\/magazine365\/wp-json\/wp\/v2\/categories?post=80051"},{"taxonomy":"post_tag","embeddable":true,"href":"https:\/\/eldigitaldeasturias.com\/magazine365\/wp-json\/wp\/v2\/tags?post=80051"}],"curies":[{"name":"wp","href":"https:\/\/api.w.org\/{rel}","templated":true}]}}