{"id":80034,"date":"2016-06-20T12:44:00","date_gmt":"2016-06-20T10:44:00","guid":{"rendered":"http:\/\/eldigitaldeasturias.com\/magazine365\/?p=80034"},"modified":"2016-06-20T12:44:00","modified_gmt":"2016-06-20T10:44:00","slug":"26j-cs-apuesta-en-cantabria-por-un-plan-estrategico-de-turismo","status":"publish","type":"post","link":"https:\/\/eldigitaldeasturias.com\/magazine365\/26j-cs-apuesta-en-cantabria-por-un-plan-estrategico-de-turismo\/","title":{"rendered":"26J.- C&#8217;s apuesta en Cantabria por un Plan Estrat\u00e9gico de Turismo"},"content":{"rendered":"<p><img fetchpriority=\"high\" decoding=\"async\" class=\"alignleft size-medium wp-image-80035\" src=\"https:\/\/eldigitaldeasturias.com\/magazine365\/wp-content\/uploads\/2016\/06\/fotonoticia_20160620102641_800-360x270.jpg\" alt=\"fotonoticia_20160620102641_800\" width=\"360\" height=\"270\" srcset=\"https:\/\/eldigitaldeasturias.com\/magazine365\/wp-content\/uploads\/2016\/06\/fotonoticia_20160620102641_800-360x270.jpg 360w, https:\/\/eldigitaldeasturias.com\/magazine365\/wp-content\/uploads\/2016\/06\/fotonoticia_20160620102641_800-650x488.jpg 650w, https:\/\/eldigitaldeasturias.com\/magazine365\/wp-content\/uploads\/2016\/06\/fotonoticia_20160620102641_800-768x576.jpg 768w, https:\/\/eldigitaldeasturias.com\/magazine365\/wp-content\/uploads\/2016\/06\/fotonoticia_20160620102641_800-150x113.jpg 150w, https:\/\/eldigitaldeasturias.com\/magazine365\/wp-content\/uploads\/2016\/06\/fotonoticia_20160620102641_800-450x338.jpg 450w, https:\/\/eldigitaldeasturias.com\/magazine365\/wp-content\/uploads\/2016\/06\/fotonoticia_20160620102641_800-90x67.jpg 90w, https:\/\/eldigitaldeasturias.com\/magazine365\/wp-content\/uploads\/2016\/06\/fotonoticia_20160620102641_800-164x124.jpg 164w, https:\/\/eldigitaldeasturias.com\/magazine365\/wp-content\/uploads\/2016\/06\/fotonoticia_20160620102641_800-100x75.jpg 100w, https:\/\/eldigitaldeasturias.com\/magazine365\/wp-content\/uploads\/2016\/06\/fotonoticia_20160620102641_800.jpg 800w\" sizes=\"(max-width: 360px) 100vw, 360px\" \/>El candidato al Congreso por Ciudadanos de Cantabria, F\u00e9lix \u00c1lvarez, ha anunciado este domingo que su partido elaborar\u00e1 un Plan Estrat\u00e9gico de Turismo para la captaci\u00f3n de nuevos segmentos de mercado, \u00ablo que incluye abrir la oferta y la promoci\u00f3n a pa\u00edses que hasta ahora no estaban en nuestro punto de mira\u00bb.<\/p>\n<p>\u00abComo complemento al mercado tradicional de sol y playa se debe fomentar el turismo cultural, sobre todo dada la importancia del patrimonio arquitect\u00f3nico, arqueol\u00f3gico e hist\u00f3rico, junto con el gastron\u00f3mico, deportivo y rural\u00bb, ha afirmado el n\u00famero uno al Congreso en su visita a Santo\u00f1a y Laredo.<\/p>\n<p>F\u00e9lix \u00c1lvarez coincidi\u00f3 en Santo\u00f1a con los integrantes de la Pe\u00f1a Juan de la Cosa, que quemar\u00e1n a los l\u00edderes pol\u00edticos en la hoguera de San Juan. Por este motivo, han dise\u00f1ado una falla que titulan El Congreso de los Disputados y donde aparecen Mariano Rajoy (PP), Albert Rivera (Ciudadanos), Pedro S\u00e1nchez (PSOE) y Pablo Iglesias (Unidos Podemos), en la puerta del Congreso. Despu\u00e9s visit\u00f3 el Bar de Berto donde comi\u00f3 unas anchoas de Santo\u00f1a.<\/p>\n<p>El programa de Ciudadanos contempla la promoci\u00f3n de los servicios y la informaci\u00f3n tur\u00edstica por medio de las nuevas tecnolog\u00edas, potenciar la estructura Tourspain como escaparate nacional, y promover la colaboraci\u00f3n de las Comunidades Aut\u00f3nomas y sus municipios con el objetivo de extender la promoci\u00f3n cultural y gastron\u00f3mica para atraer la mayor cantidad de visitantes posibles.<\/p>\n<p>Asimismo, C&#8217;s se propone incentivar la cooperaci\u00f3n entre el sector privado y el p\u00fablico. \u00abNo se debe olvidar la protecci\u00f3n de los paisajes medioambientales junto con el apoyo al \u00e1mbito ecol\u00f3gico, la modernizaci\u00f3n de nuestro modelo y la competitividad para que Espa\u00f1a sea un referente en materia tur\u00edstica\u00bb, coment\u00f3 Alvarez.<\/p>\n<h2 class=\"ladillo\">DEPORTE<\/h2>\n<p>Por otro lado, C&#8217;s se pretende promover el deporte como herramienta para la prevenci\u00f3n de enfermedades y mejora integral de la salud. \u00abImpulsaremos que los colegios sean centros promotores de salud, actividad f\u00edsica y deporte e incentivaremos pol\u00edticas p\u00fablicas y privadas que fomenten la I+D+i en el deporte\u00bb, subray\u00f3.<\/p>\n<p>El programa de Ciudadanos incluye desarrollar un Plan Integral de Promoci\u00f3n Deportiva para optimizar la pr\u00e1ctica de deporte en todos los estratos de la poblaci\u00f3n, incidiendo principalmente en los grupos m\u00e1s vulnerables, as\u00ed como un Plan de Deporte Limpio, que incida sobre el dopaje, las trampas y adulteraci\u00f3n de las competiciones as\u00ed como la violencia y la discriminaci\u00f3n en el contexto deportivo.<\/p>\n<p>\u00abPromoveremos, de forma particular, el deporte en colectivos en riesgo de exclusi\u00f3n social, el deporte femenino, el deporte adaptado, el deporte para personas mayores y el deporte en adolescentes y j\u00f3venes\u00bb, resalt\u00f3 \u00c1lvarez.<\/p>\n","protected":false},"excerpt":{"rendered":"<p>El candidato al Congreso por Ciudadanos de Cantabria, F\u00e9lix \u00c1lvarez, ha anunciado este domingo que su partido elaborar\u00e1 un Plan Estrat\u00e9gico de Turismo para la captaci\u00f3n de nuevos segmentos de mercado, \u00ablo que incluye abrir la oferta y la promoci\u00f3n a pa\u00edses que hasta ahora no estaban en nuestro punto de mira\u00bb. \u00abComo complemento al<\/p>\n","protected":false},"author":1,"featured_media":80035,"comment_status":"open","ping_status":"closed","sticky":false,"template":"","format":"standard","meta":{"footnotes":""},"categories":[224],"tags":[],"class_list":{"0":"post-80034","1":"post","2":"type-post","3":"status-publish","4":"format-standard","5":"has-post-thumbnail","7":"category-noticias-actualidad"},"aioseo_notices":[],"aioseo_head":"\n\t\t<!-- All in One SEO Pro 4.9.6.1 - aioseo.com -->\n\t<meta name=\"description\" content=\"El candidato al Congreso por Ciudadanos de Cantabria, F\u00e9lix \u00c1lvarez, ha anunciado este domingo que su partido elaborar\u00e1 un Plan Estrat\u00e9gico de Turismo para la captaci\u00f3n de nuevos segmentos de mercado, &quot;lo que incluye abrir la oferta y la promoci\u00f3n a pa\u00edses que hasta ahora no estaban en nuestro punto de mira&quot;. &quot;Como complemento al\" \/>\n\t<meta name=\"robots\" content=\"max-image-preview:large\" \/>\n\t<meta name=\"author\" content=\"admin\"\/>\n\t<meta name=\"google-site-verification\" content=\"UA-38556648-1\" \/>\n\t<meta name=\"keywords\" content=\"noticias y actualidad\" \/>\n\t<link rel=\"canonical\" href=\"https:\/\/eldigitaldeasturias.com\/magazine365\/26j-cs-apuesta-en-cantabria-por-un-plan-estrategico-de-turismo\/\" \/>\n\t<meta name=\"generator\" content=\"All in One SEO Pro (AIOSEO) 4.9.6.1\" \/>\n\t\t<meta property=\"og:locale\" content=\"es_ES\" \/>\n\t\t<meta property=\"og:site_name\" content=\"El Digital de Asturias \u2013 Revista de ocio, turismo y estilo de vida\" \/>\n\t\t<meta property=\"og:type\" content=\"article\" \/>\n\t\t<meta property=\"og:title\" content=\"26J.- C\u2019s apuesta en Cantabria por un Plan Estrat\u00e9gico de Turismo | El Digital de Asturias\" \/>\n\t\t<meta property=\"og:description\" content=\"El candidato al Congreso por Ciudadanos de Cantabria, F\u00e9lix \u00c1lvarez, ha anunciado este domingo que su partido elaborar\u00e1 un Plan Estrat\u00e9gico de Turismo para la captaci\u00f3n de nuevos segmentos de mercado, &quot;lo que incluye abrir la oferta y la promoci\u00f3n a pa\u00edses que hasta ahora no estaban en nuestro punto de mira&quot;. &quot;Como complemento al\" \/>\n\t\t<meta property=\"og:url\" content=\"https:\/\/eldigitaldeasturias.com\/magazine365\/26j-cs-apuesta-en-cantabria-por-un-plan-estrategico-de-turismo\/\" \/>\n\t\t<meta property=\"og:image\" content=\"https:\/\/eldigitaldeasturias.com\/magazine365\/wp-content\/uploads\/2016\/06\/fotonoticia_20160620102641_800.jpg\" \/>\n\t\t<meta property=\"og:image:secure_url\" content=\"https:\/\/eldigitaldeasturias.com\/magazine365\/wp-content\/uploads\/2016\/06\/fotonoticia_20160620102641_800.jpg\" \/>\n\t\t<meta property=\"og:image:width\" content=\"800\" \/>\n\t\t<meta property=\"og:image:height\" content=\"600\" \/>\n\t\t<meta property=\"article:published_time\" content=\"2016-06-20T10:44:00+00:00\" \/>\n\t\t<meta property=\"article:modified_time\" content=\"2016-06-20T10:44:00+00:00\" \/>\n\t\t<meta name=\"twitter:card\" content=\"summary_large_image\" \/>\n\t\t<meta name=\"twitter:title\" content=\"26J.- C\u2019s apuesta en Cantabria por un Plan Estrat\u00e9gico de Turismo | El Digital de Asturias\" \/>\n\t\t<meta name=\"twitter:description\" content=\"El candidato al Congreso por Ciudadanos de Cantabria, F\u00e9lix \u00c1lvarez, ha anunciado este domingo que su partido elaborar\u00e1 un Plan Estrat\u00e9gico de Turismo para la captaci\u00f3n de nuevos segmentos de mercado, &quot;lo que incluye abrir la oferta y la promoci\u00f3n a pa\u00edses que hasta ahora no estaban en nuestro punto de mira&quot;. &quot;Como complemento al\" \/>\n\t\t<meta name=\"twitter:image\" content=\"https:\/\/eldigitaldeasturias.com\/magazine365\/wp-content\/uploads\/2016\/06\/fotonoticia_20160620102641_800.jpg\" \/>\n\t\t<script type=\"application\/ld+json\" class=\"aioseo-schema\">\n\t\t\t{\"@context\":\"https:\\\/\\\/schema.org\",\"@graph\":[{\"@type\":\"Article\",\"@id\":\"https:\\\/\\\/eldigitaldeasturias.com\\\/magazine365\\\/26j-cs-apuesta-en-cantabria-por-un-plan-estrategico-de-turismo\\\/#article\",\"name\":\"26J.- C\\u2019s apuesta en Cantabria por un Plan Estrat\\u00e9gico de Turismo | El Digital de Asturias\",\"headline\":\"26J.- C&#8217;s apuesta en Cantabria por un Plan Estrat\\u00e9gico de Turismo\",\"author\":{\"@id\":\"https:\\\/\\\/eldigitaldeasturias.com\\\/magazine365\\\/author\\\/admin\\\/#author\"},\"publisher\":{\"@id\":\"https:\\\/\\\/eldigitaldeasturias.com\\\/magazine365\\\/#organization\"},\"image\":{\"@type\":\"ImageObject\",\"url\":\"https:\\\/\\\/eldigitaldeasturias.com\\\/magazine365\\\/wp-content\\\/uploads\\\/2016\\\/06\\\/fotonoticia_20160620102641_800.jpg\",\"width\":800,\"height\":600},\"datePublished\":\"2016-06-20T12:44:00+02:00\",\"dateModified\":\"2016-06-20T12:44:00+02:00\",\"inLanguage\":\"es-ES\",\"mainEntityOfPage\":{\"@id\":\"https:\\\/\\\/eldigitaldeasturias.com\\\/magazine365\\\/26j-cs-apuesta-en-cantabria-por-un-plan-estrategico-de-turismo\\\/#webpage\"},\"isPartOf\":{\"@id\":\"https:\\\/\\\/eldigitaldeasturias.com\\\/magazine365\\\/26j-cs-apuesta-en-cantabria-por-un-plan-estrategico-de-turismo\\\/#webpage\"},\"articleSection\":\"Noticias y Actualidad\"},{\"@type\":\"BreadcrumbList\",\"@id\":\"https:\\\/\\\/eldigitaldeasturias.com\\\/magazine365\\\/26j-cs-apuesta-en-cantabria-por-un-plan-estrategico-de-turismo\\\/#breadcrumblist\",\"itemListElement\":[{\"@type\":\"ListItem\",\"@id\":\"https:\\\/\\\/eldigitaldeasturias.com\\\/magazine365#listItem\",\"position\":1,\"name\":\"Home\",\"item\":\"https:\\\/\\\/eldigitaldeasturias.com\\\/magazine365\",\"nextItem\":{\"@type\":\"ListItem\",\"@id\":\"https:\\\/\\\/eldigitaldeasturias.com\\\/magazine365\\\/category\\\/noticias-actualidad\\\/#listItem\",\"name\":\"Noticias y Actualidad\"}},{\"@type\":\"ListItem\",\"@id\":\"https:\\\/\\\/eldigitaldeasturias.com\\\/magazine365\\\/category\\\/noticias-actualidad\\\/#listItem\",\"position\":2,\"name\":\"Noticias y Actualidad\",\"item\":\"https:\\\/\\\/eldigitaldeasturias.com\\\/magazine365\\\/category\\\/noticias-actualidad\\\/\",\"nextItem\":{\"@type\":\"ListItem\",\"@id\":\"https:\\\/\\\/eldigitaldeasturias.com\\\/magazine365\\\/26j-cs-apuesta-en-cantabria-por-un-plan-estrategico-de-turismo\\\/#listItem\",\"name\":\"26J.- C&#8217;s apuesta en Cantabria por un Plan Estrat\\u00e9gico de Turismo\"},\"previousItem\":{\"@type\":\"ListItem\",\"@id\":\"https:\\\/\\\/eldigitaldeasturias.com\\\/magazine365#listItem\",\"name\":\"Home\"}},{\"@type\":\"ListItem\",\"@id\":\"https:\\\/\\\/eldigitaldeasturias.com\\\/magazine365\\\/26j-cs-apuesta-en-cantabria-por-un-plan-estrategico-de-turismo\\\/#listItem\",\"position\":3,\"name\":\"26J.- C&#8217;s apuesta en Cantabria por un Plan Estrat\\u00e9gico de Turismo\",\"previousItem\":{\"@type\":\"ListItem\",\"@id\":\"https:\\\/\\\/eldigitaldeasturias.com\\\/magazine365\\\/category\\\/noticias-actualidad\\\/#listItem\",\"name\":\"Noticias y Actualidad\"}}]},{\"@type\":\"Organization\",\"@id\":\"https:\\\/\\\/eldigitaldeasturias.com\\\/magazine365\\\/#organization\",\"name\":\"El digital de Asturias\",\"description\":\"Revista de ocio, turismo y estilo de vida\",\"url\":\"https:\\\/\\\/eldigitaldeasturias.com\\\/magazine365\\\/\",\"logo\":{\"@type\":\"ImageObject\",\"url\":\"https:\\\/\\\/www.eldigitaldeasturias.com\\\/noticias\\\/wp-content\\\/uploads\\\/2020\\\/12\\\/EDA.jpg\",\"@id\":\"https:\\\/\\\/eldigitaldeasturias.com\\\/magazine365\\\/26j-cs-apuesta-en-cantabria-por-un-plan-estrategico-de-turismo\\\/#organizationLogo\"},\"image\":{\"@id\":\"https:\\\/\\\/eldigitaldeasturias.com\\\/magazine365\\\/26j-cs-apuesta-en-cantabria-por-un-plan-estrategico-de-turismo\\\/#organizationLogo\"}},{\"@type\":\"Person\",\"@id\":\"https:\\\/\\\/eldigitaldeasturias.com\\\/magazine365\\\/author\\\/admin\\\/#author\",\"url\":\"https:\\\/\\\/eldigitaldeasturias.com\\\/magazine365\\\/author\\\/admin\\\/\",\"name\":\"admin\",\"image\":{\"@type\":\"ImageObject\",\"@id\":\"https:\\\/\\\/eldigitaldeasturias.com\\\/magazine365\\\/26j-cs-apuesta-en-cantabria-por-un-plan-estrategico-de-turismo\\\/#authorImage\",\"url\":\"https:\\\/\\\/eldigitaldeasturias.com\\\/magazine365\\\/wp-content\\\/litespeed\\\/avatar\\\/e571bcf59a0edd6fa6838245a470f2fe.jpg?ver=1776969259\",\"width\":96,\"height\":96,\"caption\":\"admin\"}},{\"@type\":\"WebPage\",\"@id\":\"https:\\\/\\\/eldigitaldeasturias.com\\\/magazine365\\\/26j-cs-apuesta-en-cantabria-por-un-plan-estrategico-de-turismo\\\/#webpage\",\"url\":\"https:\\\/\\\/eldigitaldeasturias.com\\\/magazine365\\\/26j-cs-apuesta-en-cantabria-por-un-plan-estrategico-de-turismo\\\/\",\"name\":\"26J.- C\\u2019s apuesta en Cantabria por un Plan Estrat\\u00e9gico de Turismo | El Digital de Asturias\",\"description\":\"El candidato al Congreso por Ciudadanos de Cantabria, F\\u00e9lix \\u00c1lvarez, ha anunciado este domingo que su partido elaborar\\u00e1 un Plan Estrat\\u00e9gico de Turismo para la captaci\\u00f3n de nuevos segmentos de mercado, \\\"lo que incluye abrir la oferta y la promoci\\u00f3n a pa\\u00edses que hasta ahora no estaban en nuestro punto de mira\\\". \\\"Como complemento al\",\"inLanguage\":\"es-ES\",\"isPartOf\":{\"@id\":\"https:\\\/\\\/eldigitaldeasturias.com\\\/magazine365\\\/#website\"},\"breadcrumb\":{\"@id\":\"https:\\\/\\\/eldigitaldeasturias.com\\\/magazine365\\\/26j-cs-apuesta-en-cantabria-por-un-plan-estrategico-de-turismo\\\/#breadcrumblist\"},\"author\":{\"@id\":\"https:\\\/\\\/eldigitaldeasturias.com\\\/magazine365\\\/author\\\/admin\\\/#author\"},\"creator\":{\"@id\":\"https:\\\/\\\/eldigitaldeasturias.com\\\/magazine365\\\/author\\\/admin\\\/#author\"},\"image\":{\"@type\":\"ImageObject\",\"url\":\"https:\\\/\\\/eldigitaldeasturias.com\\\/magazine365\\\/wp-content\\\/uploads\\\/2016\\\/06\\\/fotonoticia_20160620102641_800.jpg\",\"@id\":\"https:\\\/\\\/eldigitaldeasturias.com\\\/magazine365\\\/26j-cs-apuesta-en-cantabria-por-un-plan-estrategico-de-turismo\\\/#mainImage\",\"width\":800,\"height\":600},\"primaryImageOfPage\":{\"@id\":\"https:\\\/\\\/eldigitaldeasturias.com\\\/magazine365\\\/26j-cs-apuesta-en-cantabria-por-un-plan-estrategico-de-turismo\\\/#mainImage\"},\"datePublished\":\"2016-06-20T12:44:00+02:00\",\"dateModified\":\"2016-06-20T12:44:00+02:00\"},{\"@type\":\"WebSite\",\"@id\":\"https:\\\/\\\/eldigitaldeasturias.com\\\/magazine365\\\/#website\",\"url\":\"https:\\\/\\\/eldigitaldeasturias.com\\\/magazine365\\\/\",\"name\":\"El Digital de Asturias\",\"description\":\"Revista de ocio, turismo y estilo de vida\",\"inLanguage\":\"es-ES\",\"publisher\":{\"@id\":\"https:\\\/\\\/eldigitaldeasturias.com\\\/magazine365\\\/#organization\"}}]}\n\t\t<\/script>\n\t\t<!-- All in One SEO Pro -->\r\n\t\t<title>26J.- C\u2019s apuesta en Cantabria por un Plan Estrat\u00e9gico de Turismo | El Digital de Asturias<\/title>\n\n","aioseo_head_json":{"title":"26J.- C\u2019s apuesta en Cantabria por un Plan Estrat\u00e9gico de Turismo | El Digital de Asturias","description":"El candidato al Congreso por Ciudadanos de Cantabria, F\u00e9lix \u00c1lvarez, ha anunciado este domingo que su partido elaborar\u00e1 un Plan Estrat\u00e9gico de Turismo para la captaci\u00f3n de nuevos segmentos de mercado, \"lo que incluye abrir la oferta y la promoci\u00f3n a pa\u00edses que hasta ahora no estaban en nuestro punto de mira\". \"Como complemento al","canonical_url":"https:\/\/eldigitaldeasturias.com\/magazine365\/26j-cs-apuesta-en-cantabria-por-un-plan-estrategico-de-turismo\/","robots":"max-image-preview:large","keywords":"noticias y actualidad","webmasterTools":{"google-site-verification":"UA-38556648-1","miscellaneous":""},"schema":{"@context":"https:\/\/schema.org","@graph":[{"@type":"Article","@id":"https:\/\/eldigitaldeasturias.com\/magazine365\/26j-cs-apuesta-en-cantabria-por-un-plan-estrategico-de-turismo\/#article","name":"26J.- C\u2019s apuesta en Cantabria por un Plan Estrat\u00e9gico de Turismo | El Digital de Asturias","headline":"26J.- C&#8217;s apuesta en Cantabria por un Plan Estrat\u00e9gico de Turismo","author":{"@id":"https:\/\/eldigitaldeasturias.com\/magazine365\/author\/admin\/#author"},"publisher":{"@id":"https:\/\/eldigitaldeasturias.com\/magazine365\/#organization"},"image":{"@type":"ImageObject","url":"https:\/\/eldigitaldeasturias.com\/magazine365\/wp-content\/uploads\/2016\/06\/fotonoticia_20160620102641_800.jpg","width":800,"height":600},"datePublished":"2016-06-20T12:44:00+02:00","dateModified":"2016-06-20T12:44:00+02:00","inLanguage":"es-ES","mainEntityOfPage":{"@id":"https:\/\/eldigitaldeasturias.com\/magazine365\/26j-cs-apuesta-en-cantabria-por-un-plan-estrategico-de-turismo\/#webpage"},"isPartOf":{"@id":"https:\/\/eldigitaldeasturias.com\/magazine365\/26j-cs-apuesta-en-cantabria-por-un-plan-estrategico-de-turismo\/#webpage"},"articleSection":"Noticias y Actualidad"},{"@type":"BreadcrumbList","@id":"https:\/\/eldigitaldeasturias.com\/magazine365\/26j-cs-apuesta-en-cantabria-por-un-plan-estrategico-de-turismo\/#breadcrumblist","itemListElement":[{"@type":"ListItem","@id":"https:\/\/eldigitaldeasturias.com\/magazine365#listItem","position":1,"name":"Home","item":"https:\/\/eldigitaldeasturias.com\/magazine365","nextItem":{"@type":"ListItem","@id":"https:\/\/eldigitaldeasturias.com\/magazine365\/category\/noticias-actualidad\/#listItem","name":"Noticias y Actualidad"}},{"@type":"ListItem","@id":"https:\/\/eldigitaldeasturias.com\/magazine365\/category\/noticias-actualidad\/#listItem","position":2,"name":"Noticias y Actualidad","item":"https:\/\/eldigitaldeasturias.com\/magazine365\/category\/noticias-actualidad\/","nextItem":{"@type":"ListItem","@id":"https:\/\/eldigitaldeasturias.com\/magazine365\/26j-cs-apuesta-en-cantabria-por-un-plan-estrategico-de-turismo\/#listItem","name":"26J.- C&#8217;s apuesta en Cantabria por un Plan Estrat\u00e9gico de Turismo"},"previousItem":{"@type":"ListItem","@id":"https:\/\/eldigitaldeasturias.com\/magazine365#listItem","name":"Home"}},{"@type":"ListItem","@id":"https:\/\/eldigitaldeasturias.com\/magazine365\/26j-cs-apuesta-en-cantabria-por-un-plan-estrategico-de-turismo\/#listItem","position":3,"name":"26J.- C&#8217;s apuesta en Cantabria por un Plan Estrat\u00e9gico de Turismo","previousItem":{"@type":"ListItem","@id":"https:\/\/eldigitaldeasturias.com\/magazine365\/category\/noticias-actualidad\/#listItem","name":"Noticias y Actualidad"}}]},{"@type":"Organization","@id":"https:\/\/eldigitaldeasturias.com\/magazine365\/#organization","name":"El digital de Asturias","description":"Revista de ocio, turismo y estilo de vida","url":"https:\/\/eldigitaldeasturias.com\/magazine365\/","logo":{"@type":"ImageObject","url":"https:\/\/www.eldigitaldeasturias.com\/noticias\/wp-content\/uploads\/2020\/12\/EDA.jpg","@id":"https:\/\/eldigitaldeasturias.com\/magazine365\/26j-cs-apuesta-en-cantabria-por-un-plan-estrategico-de-turismo\/#organizationLogo"},"image":{"@id":"https:\/\/eldigitaldeasturias.com\/magazine365\/26j-cs-apuesta-en-cantabria-por-un-plan-estrategico-de-turismo\/#organizationLogo"}},{"@type":"Person","@id":"https:\/\/eldigitaldeasturias.com\/magazine365\/author\/admin\/#author","url":"https:\/\/eldigitaldeasturias.com\/magazine365\/author\/admin\/","name":"admin","image":{"@type":"ImageObject","@id":"https:\/\/eldigitaldeasturias.com\/magazine365\/26j-cs-apuesta-en-cantabria-por-un-plan-estrategico-de-turismo\/#authorImage","url":"https:\/\/eldigitaldeasturias.com\/magazine365\/wp-content\/litespeed\/avatar\/e571bcf59a0edd6fa6838245a470f2fe.jpg?ver=1776969259","width":96,"height":96,"caption":"admin"}},{"@type":"WebPage","@id":"https:\/\/eldigitaldeasturias.com\/magazine365\/26j-cs-apuesta-en-cantabria-por-un-plan-estrategico-de-turismo\/#webpage","url":"https:\/\/eldigitaldeasturias.com\/magazine365\/26j-cs-apuesta-en-cantabria-por-un-plan-estrategico-de-turismo\/","name":"26J.- C\u2019s apuesta en Cantabria por un Plan Estrat\u00e9gico de Turismo | El Digital de Asturias","description":"El candidato al Congreso por Ciudadanos de Cantabria, F\u00e9lix \u00c1lvarez, ha anunciado este domingo que su partido elaborar\u00e1 un Plan Estrat\u00e9gico de Turismo para la captaci\u00f3n de nuevos segmentos de mercado, \"lo que incluye abrir la oferta y la promoci\u00f3n a pa\u00edses que hasta ahora no estaban en nuestro punto de mira\". \"Como complemento al","inLanguage":"es-ES","isPartOf":{"@id":"https:\/\/eldigitaldeasturias.com\/magazine365\/#website"},"breadcrumb":{"@id":"https:\/\/eldigitaldeasturias.com\/magazine365\/26j-cs-apuesta-en-cantabria-por-un-plan-estrategico-de-turismo\/#breadcrumblist"},"author":{"@id":"https:\/\/eldigitaldeasturias.com\/magazine365\/author\/admin\/#author"},"creator":{"@id":"https:\/\/eldigitaldeasturias.com\/magazine365\/author\/admin\/#author"},"image":{"@type":"ImageObject","url":"https:\/\/eldigitaldeasturias.com\/magazine365\/wp-content\/uploads\/2016\/06\/fotonoticia_20160620102641_800.jpg","@id":"https:\/\/eldigitaldeasturias.com\/magazine365\/26j-cs-apuesta-en-cantabria-por-un-plan-estrategico-de-turismo\/#mainImage","width":800,"height":600},"primaryImageOfPage":{"@id":"https:\/\/eldigitaldeasturias.com\/magazine365\/26j-cs-apuesta-en-cantabria-por-un-plan-estrategico-de-turismo\/#mainImage"},"datePublished":"2016-06-20T12:44:00+02:00","dateModified":"2016-06-20T12:44:00+02:00"},{"@type":"WebSite","@id":"https:\/\/eldigitaldeasturias.com\/magazine365\/#website","url":"https:\/\/eldigitaldeasturias.com\/magazine365\/","name":"El Digital de Asturias","description":"Revista de ocio, turismo y estilo de vida","inLanguage":"es-ES","publisher":{"@id":"https:\/\/eldigitaldeasturias.com\/magazine365\/#organization"}}]},"og:locale":"es_ES","og:site_name":"El Digital de Asturias \u2013 Revista de ocio, turismo y estilo de vida","og:type":"article","og:title":"26J.- C\u2019s apuesta en Cantabria por un Plan Estrat\u00e9gico de Turismo | El Digital de Asturias","og:description":"El candidato al Congreso por Ciudadanos de Cantabria, F\u00e9lix \u00c1lvarez, ha anunciado este domingo que su partido elaborar\u00e1 un Plan Estrat\u00e9gico de Turismo para la captaci\u00f3n de nuevos segmentos de mercado, &quot;lo que incluye abrir la oferta y la promoci\u00f3n a pa\u00edses que hasta ahora no estaban en nuestro punto de mira&quot;. &quot;Como complemento al","og:url":"https:\/\/eldigitaldeasturias.com\/magazine365\/26j-cs-apuesta-en-cantabria-por-un-plan-estrategico-de-turismo\/","og:image":"https:\/\/eldigitaldeasturias.com\/magazine365\/wp-content\/uploads\/2016\/06\/fotonoticia_20160620102641_800.jpg","og:image:secure_url":"https:\/\/eldigitaldeasturias.com\/magazine365\/wp-content\/uploads\/2016\/06\/fotonoticia_20160620102641_800.jpg","og:image:width":800,"og:image:height":600,"article:published_time":"2016-06-20T10:44:00+00:00","article:modified_time":"2016-06-20T10:44:00+00:00","twitter:card":"summary_large_image","twitter:title":"26J.- C\u2019s apuesta en Cantabria por un Plan Estrat\u00e9gico de Turismo | El Digital de Asturias","twitter:description":"El candidato al Congreso por Ciudadanos de Cantabria, F\u00e9lix \u00c1lvarez, ha anunciado este domingo que su partido elaborar\u00e1 un Plan Estrat\u00e9gico de Turismo para la captaci\u00f3n de nuevos segmentos de mercado, &quot;lo que incluye abrir la oferta y la promoci\u00f3n a pa\u00edses que hasta ahora no estaban en nuestro punto de mira&quot;. &quot;Como complemento al","twitter:image":"https:\/\/eldigitaldeasturias.com\/magazine365\/wp-content\/uploads\/2016\/06\/fotonoticia_20160620102641_800.jpg"},"aioseo_meta_data":{"post_id":"80034","title":null,"description":null,"keywords":null,"keyphrases":null,"primary_term":null,"canonical_url":null,"og_title":null,"og_description":null,"og_object_type":"default","og_image_type":"default","og_image_url":null,"og_image_width":null,"og_image_height":null,"og_image_custom_url":null,"og_image_custom_fields":null,"og_video":null,"og_custom_url":null,"og_article_section":null,"og_article_tags":null,"twitter_use_og":false,"twitter_card":"default","twitter_image_type":"default","twitter_image_url":null,"twitter_image_custom_url":null,"twitter_image_custom_fields":null,"twitter_title":null,"twitter_description":null,"schema":{"blockGraphs":[],"customGraphs":[],"default":{"data":{"Article":[],"Course":[],"Dataset":[],"FAQPage":[],"Movie":[],"Person":[],"Product":[],"ProductReview":[],"Car":[],"Recipe":[],"Service":[],"SoftwareApplication":[],"WebPage":[]},"graphName":"","isEnabled":true},"graphs":[],"defaultGraph":"","defaultPostTypeGraph":""},"schema_type":null,"schema_type_options":null,"pillar_content":false,"robots_default":true,"robots_noindex":false,"robots_noarchive":false,"robots_nosnippet":false,"robots_nofollow":false,"robots_noimageindex":false,"robots_noodp":false,"robots_notranslate":false,"robots_max_snippet":null,"robots_max_videopreview":null,"robots_max_imagepreview":"large","priority":null,"frequency":null,"location":null,"local_seo":null,"seo_analyzer_scan_date":"2025-09-27 20:05:13","breadcrumb_settings":null,"limit_modified_date":false,"open_ai":null,"ai":null,"created":"2021-03-08 17:39:51","updated":"2025-09-27 20:05:13"},"aioseo_breadcrumb":"<div class=\"aioseo-breadcrumbs\"><span class=\"aioseo-breadcrumb\">\n\t<a href=\"https:\/\/eldigitaldeasturias.com\/magazine365\" title=\"Home\">Home<\/a>\n<\/span><span class=\"aioseo-breadcrumb-separator\">\u2013<\/span><span class=\"aioseo-breadcrumb\">\n\t<a href=\"https:\/\/eldigitaldeasturias.com\/magazine365\/category\/noticias-actualidad\/\" title=\"Noticias y Actualidad\">Noticias y Actualidad<\/a>\n<\/span><span class=\"aioseo-breadcrumb-separator\">\u2013<\/span><span class=\"aioseo-breadcrumb\">\n\t<a href=\"https:\/\/eldigitaldeasturias.com\/magazine365\/26j-cs-apuesta-en-cantabria-por-un-plan-estrategico-de-turismo\/\" title=\"26J.- C\u2019s apuesta en Cantabria por un Plan Estrat\u00e9gico de Turismo\">26J.- C\u2019s apuesta en Cantabria por un Plan Estrat\u00e9gico de Turismo<\/a>\n<\/span><\/div>","aioseo_breadcrumb_json":[{"label":"Home","link":"https:\/\/eldigitaldeasturias.com\/magazine365"},{"label":"Noticias y Actualidad","link":"https:\/\/eldigitaldeasturias.com\/magazine365\/category\/noticias-actualidad\/"},{"label":"26J.- C&#8217;s apuesta en Cantabria por un Plan Estrat\u00e9gico de Turismo","link":"https:\/\/eldigitaldeasturias.com\/magazine365\/26j-cs-apuesta-en-cantabria-por-un-plan-estrategico-de-turismo\/"}],"_links":{"self":[{"href":"https:\/\/eldigitaldeasturias.com\/magazine365\/wp-json\/wp\/v2\/posts\/80034","targetHints":{"allow":["GET"]}}],"collection":[{"href":"https:\/\/eldigitaldeasturias.com\/magazine365\/wp-json\/wp\/v2\/posts"}],"about":[{"href":"https:\/\/eldigitaldeasturias.com\/magazine365\/wp-json\/wp\/v2\/types\/post"}],"author":[{"embeddable":true,"href":"https:\/\/eldigitaldeasturias.com\/magazine365\/wp-json\/wp\/v2\/users\/1"}],"replies":[{"embeddable":true,"href":"https:\/\/eldigitaldeasturias.com\/magazine365\/wp-json\/wp\/v2\/comments?post=80034"}],"version-history":[{"count":0,"href":"https:\/\/eldigitaldeasturias.com\/magazine365\/wp-json\/wp\/v2\/posts\/80034\/revisions"}],"wp:featuredmedia":[{"embeddable":true,"href":"https:\/\/eldigitaldeasturias.com\/magazine365\/wp-json\/wp\/v2\/media\/80035"}],"wp:attachment":[{"href":"https:\/\/eldigitaldeasturias.com\/magazine365\/wp-json\/wp\/v2\/media?parent=80034"}],"wp:term":[{"taxonomy":"category","embeddable":true,"href":"https:\/\/eldigitaldeasturias.com\/magazine365\/wp-json\/wp\/v2\/categories?post=80034"},{"taxonomy":"post_tag","embeddable":true,"href":"https:\/\/eldigitaldeasturias.com\/magazine365\/wp-json\/wp\/v2\/tags?post=80034"}],"curies":[{"name":"wp","href":"https:\/\/api.w.org\/{rel}","templated":true}]}}