{"id":80028,"date":"2016-06-20T12:41:56","date_gmt":"2016-06-20T10:41:56","guid":{"rendered":"http:\/\/eldigitaldeasturias.com\/magazine365\/?p=80028"},"modified":"2016-06-20T12:41:56","modified_gmt":"2016-06-20T10:41:56","slug":"egipto-empieza-los-analisis-de-las-cajas-negras-del-avion-de-egyptair-siniestrado","status":"publish","type":"post","link":"https:\/\/eldigitaldeasturias.com\/magazine365\/egipto-empieza-los-analisis-de-las-cajas-negras-del-avion-de-egyptair-siniestrado\/","title":{"rendered":"Egipto empieza los an\u00e1lisis de las &#8216;cajas negras&#8217; del avi\u00f3n de EgyptAir siniestrado"},"content":{"rendered":"<p><img fetchpriority=\"high\" decoding=\"async\" class=\"alignleft size-medium wp-image-80029\" src=\"https:\/\/eldigitaldeasturias.com\/magazine365\/wp-content\/uploads\/2016\/06\/fotonoticia_20160620094347_800-360x217.jpg\" alt=\"fotonoticia_20160620094347_800\" width=\"360\" height=\"217\" srcset=\"https:\/\/eldigitaldeasturias.com\/magazine365\/wp-content\/uploads\/2016\/06\/fotonoticia_20160620094347_800-360x217.jpg 360w, https:\/\/eldigitaldeasturias.com\/magazine365\/wp-content\/uploads\/2016\/06\/fotonoticia_20160620094347_800-650x392.jpg 650w, https:\/\/eldigitaldeasturias.com\/magazine365\/wp-content\/uploads\/2016\/06\/fotonoticia_20160620094347_800-768x464.jpg 768w, https:\/\/eldigitaldeasturias.com\/magazine365\/wp-content\/uploads\/2016\/06\/fotonoticia_20160620094347_800-150x91.jpg 150w, https:\/\/eldigitaldeasturias.com\/magazine365\/wp-content\/uploads\/2016\/06\/fotonoticia_20160620094347_800-450x272.jpg 450w, https:\/\/eldigitaldeasturias.com\/magazine365\/wp-content\/uploads\/2016\/06\/fotonoticia_20160620094347_800.jpg 800w\" sizes=\"(max-width: 360px) 100vw, 360px\" \/>El comit\u00e9 de investigaci\u00f3n egipcio sobre el siniestro del avi\u00f3n de EgyptAir ha anunciado este domingo el inicio del an\u00e1lisis de las dos &#8216;cajas negras&#8217;, localizadas la semana pasada en el mar Mediterr\u00e1neo.<\/p>\n<p>El Ministerio de Aviaci\u00f3n Civil ha indicado que se est\u00e1n realizando las pruebas a las unidades de memoria de ambos aparatos, tras lo que iniciar\u00eda el proceso de descarga de los datos, agregando que podr\u00edan tardar varias semanas, seg\u00fan ha informado el diario local &#8216;Al Ahram&#8217;.<\/p>\n<p>El vuelo MS804 de la compa\u00f1\u00eda egipcia cay\u00f3 al mar cuando volaba desde Par\u00eds a El Cairo con 66 personas a bordo, sin que hasta el momento se conozcan las causas del suceso.<\/p>\n","protected":false},"excerpt":{"rendered":"<p>El comit\u00e9 de investigaci\u00f3n egipcio sobre el siniestro del avi\u00f3n de EgyptAir ha anunciado este domingo el inicio del an\u00e1lisis de las dos &#8216;cajas negras&#8217;, localizadas la semana pasada en el mar Mediterr\u00e1neo. El Ministerio de Aviaci\u00f3n Civil ha indicado que se est\u00e1n realizando las pruebas a las unidades de memoria de ambos aparatos, tras<\/p>\n","protected":false},"author":1,"featured_media":80029,"comment_status":"open","ping_status":"closed","sticky":false,"template":"","format":"standard","meta":{"footnotes":""},"categories":[224],"tags":[],"class_list":{"0":"post-80028","1":"post","2":"type-post","3":"status-publish","4":"format-standard","5":"has-post-thumbnail","7":"category-noticias-actualidad"},"aioseo_notices":[],"aioseo_head":"\n\t\t<!-- All in One SEO Pro 4.9.6.1 - aioseo.com -->\n\t<meta name=\"description\" content=\"El comit\u00e9 de investigaci\u00f3n egipcio sobre el siniestro del avi\u00f3n de EgyptAir ha anunciado este domingo el inicio del an\u00e1lisis de las dos &#039;cajas negras&#039;, localizadas la semana pasada en el mar Mediterr\u00e1neo. El Ministerio de Aviaci\u00f3n Civil ha indicado que se est\u00e1n realizando las pruebas a las unidades de memoria de ambos aparatos, tras\" \/>\n\t<meta name=\"robots\" content=\"max-image-preview:large\" \/>\n\t<meta name=\"author\" content=\"admin\"\/>\n\t<meta name=\"google-site-verification\" content=\"UA-38556648-1\" \/>\n\t<meta name=\"keywords\" content=\"noticias y actualidad\" \/>\n\t<link rel=\"canonical\" href=\"https:\/\/eldigitaldeasturias.com\/magazine365\/egipto-empieza-los-analisis-de-las-cajas-negras-del-avion-de-egyptair-siniestrado\/\" \/>\n\t<meta name=\"generator\" content=\"All in One SEO Pro (AIOSEO) 4.9.6.1\" \/>\n\t\t<meta property=\"og:locale\" content=\"es_ES\" \/>\n\t\t<meta property=\"og:site_name\" content=\"El Digital de Asturias \u2013 Revista de ocio, turismo y estilo de vida\" \/>\n\t\t<meta property=\"og:type\" content=\"article\" \/>\n\t\t<meta property=\"og:title\" content=\"Egipto empieza los an\u00e1lisis de las \u2018cajas negras\u2019 del avi\u00f3n de EgyptAir siniestrado | El Digital de Asturias\" \/>\n\t\t<meta property=\"og:description\" content=\"El comit\u00e9 de investigaci\u00f3n egipcio sobre el siniestro del avi\u00f3n de EgyptAir ha anunciado este domingo el inicio del an\u00e1lisis de las dos &#039;cajas negras&#039;, localizadas la semana pasada en el mar Mediterr\u00e1neo. El Ministerio de Aviaci\u00f3n Civil ha indicado que se est\u00e1n realizando las pruebas a las unidades de memoria de ambos aparatos, tras\" \/>\n\t\t<meta property=\"og:url\" content=\"https:\/\/eldigitaldeasturias.com\/magazine365\/egipto-empieza-los-analisis-de-las-cajas-negras-del-avion-de-egyptair-siniestrado\/\" \/>\n\t\t<meta property=\"og:image\" content=\"https:\/\/eldigitaldeasturias.com\/magazine365\/wp-content\/uploads\/2016\/06\/fotonoticia_20160620094347_800.jpg\" \/>\n\t\t<meta property=\"og:image:secure_url\" content=\"https:\/\/eldigitaldeasturias.com\/magazine365\/wp-content\/uploads\/2016\/06\/fotonoticia_20160620094347_800.jpg\" \/>\n\t\t<meta property=\"og:image:width\" content=\"800\" \/>\n\t\t<meta property=\"og:image:height\" content=\"483\" \/>\n\t\t<meta property=\"article:published_time\" content=\"2016-06-20T10:41:56+00:00\" \/>\n\t\t<meta property=\"article:modified_time\" content=\"2016-06-20T10:41:56+00:00\" \/>\n\t\t<meta name=\"twitter:card\" content=\"summary_large_image\" \/>\n\t\t<meta name=\"twitter:title\" content=\"Egipto empieza los an\u00e1lisis de las \u2018cajas negras\u2019 del avi\u00f3n de EgyptAir siniestrado | El Digital de Asturias\" \/>\n\t\t<meta name=\"twitter:description\" content=\"El comit\u00e9 de investigaci\u00f3n egipcio sobre el siniestro del avi\u00f3n de EgyptAir ha anunciado este domingo el inicio del an\u00e1lisis de las dos &#039;cajas negras&#039;, localizadas la semana pasada en el mar Mediterr\u00e1neo. El Ministerio de Aviaci\u00f3n Civil ha indicado que se est\u00e1n realizando las pruebas a las unidades de memoria de ambos aparatos, tras\" \/>\n\t\t<meta name=\"twitter:image\" content=\"https:\/\/eldigitaldeasturias.com\/magazine365\/wp-content\/uploads\/2016\/06\/fotonoticia_20160620094347_800.jpg\" \/>\n\t\t<script type=\"application\/ld+json\" class=\"aioseo-schema\">\n\t\t\t{\"@context\":\"https:\\\/\\\/schema.org\",\"@graph\":[{\"@type\":\"Article\",\"@id\":\"https:\\\/\\\/eldigitaldeasturias.com\\\/magazine365\\\/egipto-empieza-los-analisis-de-las-cajas-negras-del-avion-de-egyptair-siniestrado\\\/#article\",\"name\":\"Egipto empieza los an\\u00e1lisis de las \\u2018cajas negras\\u2019 del avi\\u00f3n de EgyptAir siniestrado | El Digital de Asturias\",\"headline\":\"Egipto empieza los an\\u00e1lisis de las &#8216;cajas negras&#8217; del avi\\u00f3n de EgyptAir siniestrado\",\"author\":{\"@id\":\"https:\\\/\\\/eldigitaldeasturias.com\\\/magazine365\\\/author\\\/admin\\\/#author\"},\"publisher\":{\"@id\":\"https:\\\/\\\/eldigitaldeasturias.com\\\/magazine365\\\/#organization\"},\"image\":{\"@type\":\"ImageObject\",\"url\":\"https:\\\/\\\/eldigitaldeasturias.com\\\/magazine365\\\/wp-content\\\/uploads\\\/2016\\\/06\\\/fotonoticia_20160620094347_800.jpg\",\"width\":800,\"height\":483},\"datePublished\":\"2016-06-20T12:41:56+02:00\",\"dateModified\":\"2016-06-20T12:41:56+02:00\",\"inLanguage\":\"es-ES\",\"mainEntityOfPage\":{\"@id\":\"https:\\\/\\\/eldigitaldeasturias.com\\\/magazine365\\\/egipto-empieza-los-analisis-de-las-cajas-negras-del-avion-de-egyptair-siniestrado\\\/#webpage\"},\"isPartOf\":{\"@id\":\"https:\\\/\\\/eldigitaldeasturias.com\\\/magazine365\\\/egipto-empieza-los-analisis-de-las-cajas-negras-del-avion-de-egyptair-siniestrado\\\/#webpage\"},\"articleSection\":\"Noticias y Actualidad\"},{\"@type\":\"BreadcrumbList\",\"@id\":\"https:\\\/\\\/eldigitaldeasturias.com\\\/magazine365\\\/egipto-empieza-los-analisis-de-las-cajas-negras-del-avion-de-egyptair-siniestrado\\\/#breadcrumblist\",\"itemListElement\":[{\"@type\":\"ListItem\",\"@id\":\"https:\\\/\\\/eldigitaldeasturias.com\\\/magazine365#listItem\",\"position\":1,\"name\":\"Home\",\"item\":\"https:\\\/\\\/eldigitaldeasturias.com\\\/magazine365\",\"nextItem\":{\"@type\":\"ListItem\",\"@id\":\"https:\\\/\\\/eldigitaldeasturias.com\\\/magazine365\\\/category\\\/noticias-actualidad\\\/#listItem\",\"name\":\"Noticias y Actualidad\"}},{\"@type\":\"ListItem\",\"@id\":\"https:\\\/\\\/eldigitaldeasturias.com\\\/magazine365\\\/category\\\/noticias-actualidad\\\/#listItem\",\"position\":2,\"name\":\"Noticias y Actualidad\",\"item\":\"https:\\\/\\\/eldigitaldeasturias.com\\\/magazine365\\\/category\\\/noticias-actualidad\\\/\",\"nextItem\":{\"@type\":\"ListItem\",\"@id\":\"https:\\\/\\\/eldigitaldeasturias.com\\\/magazine365\\\/egipto-empieza-los-analisis-de-las-cajas-negras-del-avion-de-egyptair-siniestrado\\\/#listItem\",\"name\":\"Egipto empieza los an\\u00e1lisis de las &#8216;cajas negras&#8217; del avi\\u00f3n de EgyptAir siniestrado\"},\"previousItem\":{\"@type\":\"ListItem\",\"@id\":\"https:\\\/\\\/eldigitaldeasturias.com\\\/magazine365#listItem\",\"name\":\"Home\"}},{\"@type\":\"ListItem\",\"@id\":\"https:\\\/\\\/eldigitaldeasturias.com\\\/magazine365\\\/egipto-empieza-los-analisis-de-las-cajas-negras-del-avion-de-egyptair-siniestrado\\\/#listItem\",\"position\":3,\"name\":\"Egipto empieza los an\\u00e1lisis de las &#8216;cajas negras&#8217; del avi\\u00f3n de EgyptAir siniestrado\",\"previousItem\":{\"@type\":\"ListItem\",\"@id\":\"https:\\\/\\\/eldigitaldeasturias.com\\\/magazine365\\\/category\\\/noticias-actualidad\\\/#listItem\",\"name\":\"Noticias y Actualidad\"}}]},{\"@type\":\"Organization\",\"@id\":\"https:\\\/\\\/eldigitaldeasturias.com\\\/magazine365\\\/#organization\",\"name\":\"El digital de Asturias\",\"description\":\"Revista de ocio, turismo y estilo de vida\",\"url\":\"https:\\\/\\\/eldigitaldeasturias.com\\\/magazine365\\\/\",\"logo\":{\"@type\":\"ImageObject\",\"url\":\"https:\\\/\\\/www.eldigitaldeasturias.com\\\/noticias\\\/wp-content\\\/uploads\\\/2020\\\/12\\\/EDA.jpg\",\"@id\":\"https:\\\/\\\/eldigitaldeasturias.com\\\/magazine365\\\/egipto-empieza-los-analisis-de-las-cajas-negras-del-avion-de-egyptair-siniestrado\\\/#organizationLogo\"},\"image\":{\"@id\":\"https:\\\/\\\/eldigitaldeasturias.com\\\/magazine365\\\/egipto-empieza-los-analisis-de-las-cajas-negras-del-avion-de-egyptair-siniestrado\\\/#organizationLogo\"}},{\"@type\":\"Person\",\"@id\":\"https:\\\/\\\/eldigitaldeasturias.com\\\/magazine365\\\/author\\\/admin\\\/#author\",\"url\":\"https:\\\/\\\/eldigitaldeasturias.com\\\/magazine365\\\/author\\\/admin\\\/\",\"name\":\"admin\",\"image\":{\"@type\":\"ImageObject\",\"@id\":\"https:\\\/\\\/eldigitaldeasturias.com\\\/magazine365\\\/egipto-empieza-los-analisis-de-las-cajas-negras-del-avion-de-egyptair-siniestrado\\\/#authorImage\",\"url\":\"https:\\\/\\\/eldigitaldeasturias.com\\\/magazine365\\\/wp-content\\\/litespeed\\\/avatar\\\/e571bcf59a0edd6fa6838245a470f2fe.jpg?ver=1776969259\",\"width\":96,\"height\":96,\"caption\":\"admin\"}},{\"@type\":\"WebPage\",\"@id\":\"https:\\\/\\\/eldigitaldeasturias.com\\\/magazine365\\\/egipto-empieza-los-analisis-de-las-cajas-negras-del-avion-de-egyptair-siniestrado\\\/#webpage\",\"url\":\"https:\\\/\\\/eldigitaldeasturias.com\\\/magazine365\\\/egipto-empieza-los-analisis-de-las-cajas-negras-del-avion-de-egyptair-siniestrado\\\/\",\"name\":\"Egipto empieza los an\\u00e1lisis de las \\u2018cajas negras\\u2019 del avi\\u00f3n de EgyptAir siniestrado | El Digital de Asturias\",\"description\":\"El comit\\u00e9 de investigaci\\u00f3n egipcio sobre el siniestro del avi\\u00f3n de EgyptAir ha anunciado este domingo el inicio del an\\u00e1lisis de las dos 'cajas negras', localizadas la semana pasada en el mar Mediterr\\u00e1neo. El Ministerio de Aviaci\\u00f3n Civil ha indicado que se est\\u00e1n realizando las pruebas a las unidades de memoria de ambos aparatos, tras\",\"inLanguage\":\"es-ES\",\"isPartOf\":{\"@id\":\"https:\\\/\\\/eldigitaldeasturias.com\\\/magazine365\\\/#website\"},\"breadcrumb\":{\"@id\":\"https:\\\/\\\/eldigitaldeasturias.com\\\/magazine365\\\/egipto-empieza-los-analisis-de-las-cajas-negras-del-avion-de-egyptair-siniestrado\\\/#breadcrumblist\"},\"author\":{\"@id\":\"https:\\\/\\\/eldigitaldeasturias.com\\\/magazine365\\\/author\\\/admin\\\/#author\"},\"creator\":{\"@id\":\"https:\\\/\\\/eldigitaldeasturias.com\\\/magazine365\\\/author\\\/admin\\\/#author\"},\"image\":{\"@type\":\"ImageObject\",\"url\":\"https:\\\/\\\/eldigitaldeasturias.com\\\/magazine365\\\/wp-content\\\/uploads\\\/2016\\\/06\\\/fotonoticia_20160620094347_800.jpg\",\"@id\":\"https:\\\/\\\/eldigitaldeasturias.com\\\/magazine365\\\/egipto-empieza-los-analisis-de-las-cajas-negras-del-avion-de-egyptair-siniestrado\\\/#mainImage\",\"width\":800,\"height\":483},\"primaryImageOfPage\":{\"@id\":\"https:\\\/\\\/eldigitaldeasturias.com\\\/magazine365\\\/egipto-empieza-los-analisis-de-las-cajas-negras-del-avion-de-egyptair-siniestrado\\\/#mainImage\"},\"datePublished\":\"2016-06-20T12:41:56+02:00\",\"dateModified\":\"2016-06-20T12:41:56+02:00\"},{\"@type\":\"WebSite\",\"@id\":\"https:\\\/\\\/eldigitaldeasturias.com\\\/magazine365\\\/#website\",\"url\":\"https:\\\/\\\/eldigitaldeasturias.com\\\/magazine365\\\/\",\"name\":\"El Digital de Asturias\",\"description\":\"Revista de ocio, turismo y estilo de vida\",\"inLanguage\":\"es-ES\",\"publisher\":{\"@id\":\"https:\\\/\\\/eldigitaldeasturias.com\\\/magazine365\\\/#organization\"}}]}\n\t\t<\/script>\n\t\t<!-- All in One SEO Pro -->\r\n\t\t<title>Egipto empieza los an\u00e1lisis de las \u2018cajas negras\u2019 del avi\u00f3n de EgyptAir siniestrado | El Digital de Asturias<\/title>\n\n","aioseo_head_json":{"title":"Egipto empieza los an\u00e1lisis de las \u2018cajas negras\u2019 del avi\u00f3n de EgyptAir siniestrado | El Digital de Asturias","description":"El comit\u00e9 de investigaci\u00f3n egipcio sobre el siniestro del avi\u00f3n de EgyptAir ha anunciado este domingo el inicio del an\u00e1lisis de las dos 'cajas negras', localizadas la semana pasada en el mar Mediterr\u00e1neo. El Ministerio de Aviaci\u00f3n Civil ha indicado que se est\u00e1n realizando las pruebas a las unidades de memoria de ambos aparatos, tras","canonical_url":"https:\/\/eldigitaldeasturias.com\/magazine365\/egipto-empieza-los-analisis-de-las-cajas-negras-del-avion-de-egyptair-siniestrado\/","robots":"max-image-preview:large","keywords":"noticias y actualidad","webmasterTools":{"google-site-verification":"UA-38556648-1","miscellaneous":""},"schema":{"@context":"https:\/\/schema.org","@graph":[{"@type":"Article","@id":"https:\/\/eldigitaldeasturias.com\/magazine365\/egipto-empieza-los-analisis-de-las-cajas-negras-del-avion-de-egyptair-siniestrado\/#article","name":"Egipto empieza los an\u00e1lisis de las \u2018cajas negras\u2019 del avi\u00f3n de EgyptAir siniestrado | El Digital de Asturias","headline":"Egipto empieza los an\u00e1lisis de las &#8216;cajas negras&#8217; del avi\u00f3n de EgyptAir siniestrado","author":{"@id":"https:\/\/eldigitaldeasturias.com\/magazine365\/author\/admin\/#author"},"publisher":{"@id":"https:\/\/eldigitaldeasturias.com\/magazine365\/#organization"},"image":{"@type":"ImageObject","url":"https:\/\/eldigitaldeasturias.com\/magazine365\/wp-content\/uploads\/2016\/06\/fotonoticia_20160620094347_800.jpg","width":800,"height":483},"datePublished":"2016-06-20T12:41:56+02:00","dateModified":"2016-06-20T12:41:56+02:00","inLanguage":"es-ES","mainEntityOfPage":{"@id":"https:\/\/eldigitaldeasturias.com\/magazine365\/egipto-empieza-los-analisis-de-las-cajas-negras-del-avion-de-egyptair-siniestrado\/#webpage"},"isPartOf":{"@id":"https:\/\/eldigitaldeasturias.com\/magazine365\/egipto-empieza-los-analisis-de-las-cajas-negras-del-avion-de-egyptair-siniestrado\/#webpage"},"articleSection":"Noticias y Actualidad"},{"@type":"BreadcrumbList","@id":"https:\/\/eldigitaldeasturias.com\/magazine365\/egipto-empieza-los-analisis-de-las-cajas-negras-del-avion-de-egyptair-siniestrado\/#breadcrumblist","itemListElement":[{"@type":"ListItem","@id":"https:\/\/eldigitaldeasturias.com\/magazine365#listItem","position":1,"name":"Home","item":"https:\/\/eldigitaldeasturias.com\/magazine365","nextItem":{"@type":"ListItem","@id":"https:\/\/eldigitaldeasturias.com\/magazine365\/category\/noticias-actualidad\/#listItem","name":"Noticias y Actualidad"}},{"@type":"ListItem","@id":"https:\/\/eldigitaldeasturias.com\/magazine365\/category\/noticias-actualidad\/#listItem","position":2,"name":"Noticias y Actualidad","item":"https:\/\/eldigitaldeasturias.com\/magazine365\/category\/noticias-actualidad\/","nextItem":{"@type":"ListItem","@id":"https:\/\/eldigitaldeasturias.com\/magazine365\/egipto-empieza-los-analisis-de-las-cajas-negras-del-avion-de-egyptair-siniestrado\/#listItem","name":"Egipto empieza los an\u00e1lisis de las &#8216;cajas negras&#8217; del avi\u00f3n de EgyptAir siniestrado"},"previousItem":{"@type":"ListItem","@id":"https:\/\/eldigitaldeasturias.com\/magazine365#listItem","name":"Home"}},{"@type":"ListItem","@id":"https:\/\/eldigitaldeasturias.com\/magazine365\/egipto-empieza-los-analisis-de-las-cajas-negras-del-avion-de-egyptair-siniestrado\/#listItem","position":3,"name":"Egipto empieza los an\u00e1lisis de las &#8216;cajas negras&#8217; del avi\u00f3n de EgyptAir siniestrado","previousItem":{"@type":"ListItem","@id":"https:\/\/eldigitaldeasturias.com\/magazine365\/category\/noticias-actualidad\/#listItem","name":"Noticias y Actualidad"}}]},{"@type":"Organization","@id":"https:\/\/eldigitaldeasturias.com\/magazine365\/#organization","name":"El digital de Asturias","description":"Revista de ocio, turismo y estilo de vida","url":"https:\/\/eldigitaldeasturias.com\/magazine365\/","logo":{"@type":"ImageObject","url":"https:\/\/www.eldigitaldeasturias.com\/noticias\/wp-content\/uploads\/2020\/12\/EDA.jpg","@id":"https:\/\/eldigitaldeasturias.com\/magazine365\/egipto-empieza-los-analisis-de-las-cajas-negras-del-avion-de-egyptair-siniestrado\/#organizationLogo"},"image":{"@id":"https:\/\/eldigitaldeasturias.com\/magazine365\/egipto-empieza-los-analisis-de-las-cajas-negras-del-avion-de-egyptair-siniestrado\/#organizationLogo"}},{"@type":"Person","@id":"https:\/\/eldigitaldeasturias.com\/magazine365\/author\/admin\/#author","url":"https:\/\/eldigitaldeasturias.com\/magazine365\/author\/admin\/","name":"admin","image":{"@type":"ImageObject","@id":"https:\/\/eldigitaldeasturias.com\/magazine365\/egipto-empieza-los-analisis-de-las-cajas-negras-del-avion-de-egyptair-siniestrado\/#authorImage","url":"https:\/\/eldigitaldeasturias.com\/magazine365\/wp-content\/litespeed\/avatar\/e571bcf59a0edd6fa6838245a470f2fe.jpg?ver=1776969259","width":96,"height":96,"caption":"admin"}},{"@type":"WebPage","@id":"https:\/\/eldigitaldeasturias.com\/magazine365\/egipto-empieza-los-analisis-de-las-cajas-negras-del-avion-de-egyptair-siniestrado\/#webpage","url":"https:\/\/eldigitaldeasturias.com\/magazine365\/egipto-empieza-los-analisis-de-las-cajas-negras-del-avion-de-egyptair-siniestrado\/","name":"Egipto empieza los an\u00e1lisis de las \u2018cajas negras\u2019 del avi\u00f3n de EgyptAir siniestrado | El Digital de Asturias","description":"El comit\u00e9 de investigaci\u00f3n egipcio sobre el siniestro del avi\u00f3n de EgyptAir ha anunciado este domingo el inicio del an\u00e1lisis de las dos 'cajas negras', localizadas la semana pasada en el mar Mediterr\u00e1neo. El Ministerio de Aviaci\u00f3n Civil ha indicado que se est\u00e1n realizando las pruebas a las unidades de memoria de ambos aparatos, tras","inLanguage":"es-ES","isPartOf":{"@id":"https:\/\/eldigitaldeasturias.com\/magazine365\/#website"},"breadcrumb":{"@id":"https:\/\/eldigitaldeasturias.com\/magazine365\/egipto-empieza-los-analisis-de-las-cajas-negras-del-avion-de-egyptair-siniestrado\/#breadcrumblist"},"author":{"@id":"https:\/\/eldigitaldeasturias.com\/magazine365\/author\/admin\/#author"},"creator":{"@id":"https:\/\/eldigitaldeasturias.com\/magazine365\/author\/admin\/#author"},"image":{"@type":"ImageObject","url":"https:\/\/eldigitaldeasturias.com\/magazine365\/wp-content\/uploads\/2016\/06\/fotonoticia_20160620094347_800.jpg","@id":"https:\/\/eldigitaldeasturias.com\/magazine365\/egipto-empieza-los-analisis-de-las-cajas-negras-del-avion-de-egyptair-siniestrado\/#mainImage","width":800,"height":483},"primaryImageOfPage":{"@id":"https:\/\/eldigitaldeasturias.com\/magazine365\/egipto-empieza-los-analisis-de-las-cajas-negras-del-avion-de-egyptair-siniestrado\/#mainImage"},"datePublished":"2016-06-20T12:41:56+02:00","dateModified":"2016-06-20T12:41:56+02:00"},{"@type":"WebSite","@id":"https:\/\/eldigitaldeasturias.com\/magazine365\/#website","url":"https:\/\/eldigitaldeasturias.com\/magazine365\/","name":"El Digital de Asturias","description":"Revista de ocio, turismo y estilo de vida","inLanguage":"es-ES","publisher":{"@id":"https:\/\/eldigitaldeasturias.com\/magazine365\/#organization"}}]},"og:locale":"es_ES","og:site_name":"El Digital de Asturias \u2013 Revista de ocio, turismo y estilo de vida","og:type":"article","og:title":"Egipto empieza los an\u00e1lisis de las \u2018cajas negras\u2019 del avi\u00f3n de EgyptAir siniestrado | El Digital de Asturias","og:description":"El comit\u00e9 de investigaci\u00f3n egipcio sobre el siniestro del avi\u00f3n de EgyptAir ha anunciado este domingo el inicio del an\u00e1lisis de las dos 'cajas negras', localizadas la semana pasada en el mar Mediterr\u00e1neo. El Ministerio de Aviaci\u00f3n Civil ha indicado que se est\u00e1n realizando las pruebas a las unidades de memoria de ambos aparatos, tras","og:url":"https:\/\/eldigitaldeasturias.com\/magazine365\/egipto-empieza-los-analisis-de-las-cajas-negras-del-avion-de-egyptair-siniestrado\/","og:image":"https:\/\/eldigitaldeasturias.com\/magazine365\/wp-content\/uploads\/2016\/06\/fotonoticia_20160620094347_800.jpg","og:image:secure_url":"https:\/\/eldigitaldeasturias.com\/magazine365\/wp-content\/uploads\/2016\/06\/fotonoticia_20160620094347_800.jpg","og:image:width":800,"og:image:height":483,"article:published_time":"2016-06-20T10:41:56+00:00","article:modified_time":"2016-06-20T10:41:56+00:00","twitter:card":"summary_large_image","twitter:title":"Egipto empieza los an\u00e1lisis de las \u2018cajas negras\u2019 del avi\u00f3n de EgyptAir siniestrado | El Digital de Asturias","twitter:description":"El comit\u00e9 de investigaci\u00f3n egipcio sobre el siniestro del avi\u00f3n de EgyptAir ha anunciado este domingo el inicio del an\u00e1lisis de las dos 'cajas negras', localizadas la semana pasada en el mar Mediterr\u00e1neo. El Ministerio de Aviaci\u00f3n Civil ha indicado que se est\u00e1n realizando las pruebas a las unidades de memoria de ambos aparatos, tras","twitter:image":"https:\/\/eldigitaldeasturias.com\/magazine365\/wp-content\/uploads\/2016\/06\/fotonoticia_20160620094347_800.jpg"},"aioseo_meta_data":{"post_id":"80028","title":null,"description":null,"keywords":null,"keyphrases":null,"primary_term":null,"canonical_url":null,"og_title":null,"og_description":null,"og_object_type":"default","og_image_type":"default","og_image_url":null,"og_image_width":null,"og_image_height":null,"og_image_custom_url":null,"og_image_custom_fields":null,"og_video":null,"og_custom_url":null,"og_article_section":null,"og_article_tags":null,"twitter_use_og":false,"twitter_card":"default","twitter_image_type":"default","twitter_image_url":null,"twitter_image_custom_url":null,"twitter_image_custom_fields":null,"twitter_title":null,"twitter_description":null,"schema":{"blockGraphs":[],"customGraphs":[],"default":{"data":{"Article":[],"Course":[],"Dataset":[],"FAQPage":[],"Movie":[],"Person":[],"Product":[],"ProductReview":[],"Car":[],"Recipe":[],"Service":[],"SoftwareApplication":[],"WebPage":[]},"graphName":"","isEnabled":true},"graphs":[]},"schema_type":null,"schema_type_options":null,"pillar_content":false,"robots_default":true,"robots_noindex":false,"robots_noarchive":false,"robots_nosnippet":false,"robots_nofollow":false,"robots_noimageindex":false,"robots_noodp":false,"robots_notranslate":false,"robots_max_snippet":null,"robots_max_videopreview":null,"robots_max_imagepreview":"large","priority":null,"frequency":null,"location":null,"local_seo":null,"seo_analyzer_scan_date":"2025-09-27 20:04:02","breadcrumb_settings":null,"limit_modified_date":false,"open_ai":null,"ai":null,"created":"2021-03-08 17:39:51","updated":"2025-09-27 20:04:02"},"aioseo_breadcrumb":"<div class=\"aioseo-breadcrumbs\"><span class=\"aioseo-breadcrumb\">\n\t<a href=\"https:\/\/eldigitaldeasturias.com\/magazine365\" title=\"Home\">Home<\/a>\n<\/span><span class=\"aioseo-breadcrumb-separator\">\u2013<\/span><span class=\"aioseo-breadcrumb\">\n\t<a href=\"https:\/\/eldigitaldeasturias.com\/magazine365\/category\/noticias-actualidad\/\" title=\"Noticias y Actualidad\">Noticias y Actualidad<\/a>\n<\/span><span class=\"aioseo-breadcrumb-separator\">\u2013<\/span><span class=\"aioseo-breadcrumb\">\n\t<a href=\"https:\/\/eldigitaldeasturias.com\/magazine365\/egipto-empieza-los-analisis-de-las-cajas-negras-del-avion-de-egyptair-siniestrado\/\" title=\"Egipto empieza los an\u00e1lisis de las \u2018cajas negras\u2019 del avi\u00f3n de EgyptAir siniestrado\">Egipto empieza los an\u00e1lisis de las \u2018cajas negras\u2019 del avi\u00f3n de EgyptAir siniestrado<\/a>\n<\/span><\/div>","aioseo_breadcrumb_json":[{"label":"Home","link":"https:\/\/eldigitaldeasturias.com\/magazine365"},{"label":"Noticias y Actualidad","link":"https:\/\/eldigitaldeasturias.com\/magazine365\/category\/noticias-actualidad\/"},{"label":"Egipto empieza los an\u00e1lisis de las &#8216;cajas negras&#8217; del avi\u00f3n de EgyptAir siniestrado","link":"https:\/\/eldigitaldeasturias.com\/magazine365\/egipto-empieza-los-analisis-de-las-cajas-negras-del-avion-de-egyptair-siniestrado\/"}],"_links":{"self":[{"href":"https:\/\/eldigitaldeasturias.com\/magazine365\/wp-json\/wp\/v2\/posts\/80028","targetHints":{"allow":["GET"]}}],"collection":[{"href":"https:\/\/eldigitaldeasturias.com\/magazine365\/wp-json\/wp\/v2\/posts"}],"about":[{"href":"https:\/\/eldigitaldeasturias.com\/magazine365\/wp-json\/wp\/v2\/types\/post"}],"author":[{"embeddable":true,"href":"https:\/\/eldigitaldeasturias.com\/magazine365\/wp-json\/wp\/v2\/users\/1"}],"replies":[{"embeddable":true,"href":"https:\/\/eldigitaldeasturias.com\/magazine365\/wp-json\/wp\/v2\/comments?post=80028"}],"version-history":[{"count":0,"href":"https:\/\/eldigitaldeasturias.com\/magazine365\/wp-json\/wp\/v2\/posts\/80028\/revisions"}],"wp:featuredmedia":[{"embeddable":true,"href":"https:\/\/eldigitaldeasturias.com\/magazine365\/wp-json\/wp\/v2\/media\/80029"}],"wp:attachment":[{"href":"https:\/\/eldigitaldeasturias.com\/magazine365\/wp-json\/wp\/v2\/media?parent=80028"}],"wp:term":[{"taxonomy":"category","embeddable":true,"href":"https:\/\/eldigitaldeasturias.com\/magazine365\/wp-json\/wp\/v2\/categories?post=80028"},{"taxonomy":"post_tag","embeddable":true,"href":"https:\/\/eldigitaldeasturias.com\/magazine365\/wp-json\/wp\/v2\/tags?post=80028"}],"curies":[{"name":"wp","href":"https:\/\/api.w.org\/{rel}","templated":true}]}}