{"id":80004,"date":"2016-06-18T14:31:45","date_gmt":"2016-06-18T12:31:45","guid":{"rendered":"http:\/\/eldigitaldeasturias.com\/magazine365\/?p=80004"},"modified":"2016-06-18T14:31:45","modified_gmt":"2016-06-18T12:31:45","slug":"las-estaciones-de-montana-espanolas-abren-para-la-temporada-de-verano-con-diferentes-actividades","status":"publish","type":"post","link":"https:\/\/eldigitaldeasturias.com\/magazine365\/las-estaciones-de-montana-espanolas-abren-para-la-temporada-de-verano-con-diferentes-actividades\/","title":{"rendered":"Las estaciones de monta\u00f1a espa\u00f1olas abren para la temporada de verano con diferentes actividades"},"content":{"rendered":"<p><img fetchpriority=\"high\" decoding=\"async\" class=\"alignleft size-medium wp-image-80005\" src=\"https:\/\/eldigitaldeasturias.com\/magazine365\/wp-content\/uploads\/2016\/06\/fotonoticia_20160618115934_800-360x270.jpg\" alt=\"fotonoticia_20160618115934_800\" width=\"360\" height=\"270\" srcset=\"https:\/\/eldigitaldeasturias.com\/magazine365\/wp-content\/uploads\/2016\/06\/fotonoticia_20160618115934_800-360x270.jpg 360w, https:\/\/eldigitaldeasturias.com\/magazine365\/wp-content\/uploads\/2016\/06\/fotonoticia_20160618115934_800-650x488.jpg 650w, https:\/\/eldigitaldeasturias.com\/magazine365\/wp-content\/uploads\/2016\/06\/fotonoticia_20160618115934_800-768x576.jpg 768w, https:\/\/eldigitaldeasturias.com\/magazine365\/wp-content\/uploads\/2016\/06\/fotonoticia_20160618115934_800-150x113.jpg 150w, https:\/\/eldigitaldeasturias.com\/magazine365\/wp-content\/uploads\/2016\/06\/fotonoticia_20160618115934_800-450x338.jpg 450w, https:\/\/eldigitaldeasturias.com\/magazine365\/wp-content\/uploads\/2016\/06\/fotonoticia_20160618115934_800-90x67.jpg 90w, https:\/\/eldigitaldeasturias.com\/magazine365\/wp-content\/uploads\/2016\/06\/fotonoticia_20160618115934_800-164x124.jpg 164w, https:\/\/eldigitaldeasturias.com\/magazine365\/wp-content\/uploads\/2016\/06\/fotonoticia_20160618115934_800-100x75.jpg 100w, https:\/\/eldigitaldeasturias.com\/magazine365\/wp-content\/uploads\/2016\/06\/fotonoticia_20160618115934_800.jpg 800w\" sizes=\"(max-width: 360px) 100vw, 360px\" \/>La mayor parte de las 33 estaciones que forman parte de la Asociaci\u00f3n Tur\u00edstica de Estaciones de Esqu\u00ed y Monta\u00f1a (ATUDEM) tienen todo preparado para mantener su oferta activa durante la temporada de veraniega con distintas actividades que van desde parques l\u00fadicos, bike parks, toboganes e itinerarios de BTT, carreras de trail, BTT hasta marchas senderistas, seg\u00fan informa la compa\u00f1\u00eda en un comunicado.<\/p>\n<p>Sierra Nevada abrir\u00e1 del 25 de junio al 4 de septiembre. Los nuevos circuitos de &#8216;running&#8217; se unen esta temporada estival a los del Sierra Nevada Bike Park y a los senderos de la fusi\u00f3n de la nieve y de altas cumbres.<\/p>\n<p>La estaci\u00f3n de Baqueira Beret pone en funcionamiento el Telesilla Blanhiblar del 23 de julio al 28 de agosto, a trav\u00e9s del cual es posible llegar a cuatro rutas a pie y una en bicicleta, junto a otras actividades deportivas, como la iniciaci\u00f3n a la escalada, al tiro con arco, juegos tradicionales y de orientaci\u00f3n.<\/p>\n<p>Los ni\u00f1os tambi\u00e9n pueden realizar un gran abanico de actividades como juegos deportivos, excursiones, gymkanas, piscina y talleres de manualidades.<\/p>\n<p>Las estaciones de FGC tambi\u00e9n abrir\u00e1n. Port Ain\u00e9 y Espot disponen de actividades que se llevan a cabo dentro del espacio del Parque Natural del Alto Pirineo. La Molina ampl\u00eda su Bike Park, La Vall de N\u00faria ampl\u00eda su parque l\u00fadico. Espot y Vallter 2000 por su parte fomentar\u00e1n el senderismo.<\/p>\n<p>En verano La Pinilla, que cambia los esqu\u00edes por las bicicletas, abri\u00f3 sus puertas el pasado 14 de mayo en la que promete ser la temporada de verano m\u00e1s larga desde que se estren\u00f3 el Bike park en sus instalaciones. La estaci\u00f3n ha realizado una gran inversi\u00f3n para mejorar sus pistas, el Wood Park, con se\u00f1alizaci\u00f3n interna y la construcci\u00f3n de un nuevo circuito de 2,1 km que cuenta con 18 pistas que suman m\u00e1s de 14 itinerarios.<\/p>\n<h2 class=\"ladillo\">MADRID SNOWZONE, NIEVE TODO EL A\u00d1O<\/h2>\n<p>En la estaci\u00f3n de Madrid Snowzone el verano no supone el final de la temporada invernal, ya que el centro con nieve todo el a\u00f1o, organiza cursos y actividades para toda la familia y ofertas para esquiar en verano.<\/p>\n<p>Las estaciones de Aram\u00f3n, Cerler y Formigal-Panticosa, destacan por su parte por el &#8216;running&#8217;, el ciclismo de monta\u00f1a y el Campeonato de Espa\u00f1a de parapente acrob\u00e1tico.<\/p>\n<p>Tambi\u00e9n tendr\u00e1n actividades disponibles para el verano las estaciones de Asturias (Valgrande-Pajares), Arag\u00f3n (Ast\u00fan), Cantabria (Alto Campoo), Catalu\u00f1a (Masella, Tavasc\u00e1n, Bo\u00ed Ta\u00fcll) y Madrid (Madrid SnowZone).<\/p>\n","protected":false},"excerpt":{"rendered":"<p>La mayor parte de las 33 estaciones que forman parte de la Asociaci\u00f3n Tur\u00edstica de Estaciones de Esqu\u00ed y Monta\u00f1a (ATUDEM) tienen todo preparado para mantener su oferta activa durante la temporada de veraniega con distintas actividades que van desde parques l\u00fadicos, bike parks, toboganes e itinerarios de BTT, carreras de trail, BTT hasta marchas<\/p>\n","protected":false},"author":1,"featured_media":80005,"comment_status":"open","ping_status":"closed","sticky":false,"template":"","format":"standard","meta":{"footnotes":""},"categories":[224],"tags":[],"class_list":{"0":"post-80004","1":"post","2":"type-post","3":"status-publish","4":"format-standard","5":"has-post-thumbnail","7":"category-noticias-actualidad"},"aioseo_notices":[],"aioseo_head":"\n\t\t<!-- All in One SEO Pro 4.9.6.1 - aioseo.com -->\n\t<meta name=\"description\" content=\"La mayor parte de las 33 estaciones que forman parte de la Asociaci\u00f3n Tur\u00edstica de Estaciones de Esqu\u00ed y Monta\u00f1a (ATUDEM) tienen todo preparado para mantener su oferta activa durante la temporada de veraniega con distintas actividades que van desde parques l\u00fadicos, bike parks, toboganes e itinerarios de BTT, carreras de trail, BTT hasta marchas\" \/>\n\t<meta name=\"robots\" content=\"max-image-preview:large\" \/>\n\t<meta name=\"author\" content=\"admin\"\/>\n\t<meta name=\"google-site-verification\" content=\"UA-38556648-1\" \/>\n\t<meta name=\"keywords\" content=\"noticias y actualidad\" \/>\n\t<link rel=\"canonical\" href=\"https:\/\/eldigitaldeasturias.com\/magazine365\/las-estaciones-de-montana-espanolas-abren-para-la-temporada-de-verano-con-diferentes-actividades\/\" \/>\n\t<meta name=\"generator\" content=\"All in One SEO Pro (AIOSEO) 4.9.6.1\" \/>\n\t\t<meta property=\"og:locale\" content=\"es_ES\" \/>\n\t\t<meta property=\"og:site_name\" content=\"El Digital de Asturias \u2013 Revista de ocio, turismo y estilo de vida\" \/>\n\t\t<meta property=\"og:type\" content=\"article\" \/>\n\t\t<meta property=\"og:title\" content=\"Las estaciones de monta\u00f1a espa\u00f1olas abren para la temporada de verano con diferentes actividades | El Digital de Asturias\" \/>\n\t\t<meta property=\"og:description\" content=\"La mayor parte de las 33 estaciones que forman parte de la Asociaci\u00f3n Tur\u00edstica de Estaciones de Esqu\u00ed y Monta\u00f1a (ATUDEM) tienen todo preparado para mantener su oferta activa durante la temporada de veraniega con distintas actividades que van desde parques l\u00fadicos, bike parks, toboganes e itinerarios de BTT, carreras de trail, BTT hasta marchas\" \/>\n\t\t<meta property=\"og:url\" content=\"https:\/\/eldigitaldeasturias.com\/magazine365\/las-estaciones-de-montana-espanolas-abren-para-la-temporada-de-verano-con-diferentes-actividades\/\" \/>\n\t\t<meta property=\"og:image\" content=\"https:\/\/eldigitaldeasturias.com\/magazine365\/wp-content\/uploads\/2016\/06\/fotonoticia_20160618115934_800.jpg\" \/>\n\t\t<meta property=\"og:image:secure_url\" content=\"https:\/\/eldigitaldeasturias.com\/magazine365\/wp-content\/uploads\/2016\/06\/fotonoticia_20160618115934_800.jpg\" \/>\n\t\t<meta property=\"og:image:width\" content=\"800\" \/>\n\t\t<meta property=\"og:image:height\" content=\"600\" \/>\n\t\t<meta property=\"article:published_time\" content=\"2016-06-18T12:31:45+00:00\" \/>\n\t\t<meta property=\"article:modified_time\" content=\"2016-06-18T12:31:45+00:00\" \/>\n\t\t<meta name=\"twitter:card\" content=\"summary_large_image\" \/>\n\t\t<meta name=\"twitter:title\" content=\"Las estaciones de monta\u00f1a espa\u00f1olas abren para la temporada de verano con diferentes actividades | El Digital de Asturias\" \/>\n\t\t<meta name=\"twitter:description\" content=\"La mayor parte de las 33 estaciones que forman parte de la Asociaci\u00f3n Tur\u00edstica de Estaciones de Esqu\u00ed y Monta\u00f1a (ATUDEM) tienen todo preparado para mantener su oferta activa durante la temporada de veraniega con distintas actividades que van desde parques l\u00fadicos, bike parks, toboganes e itinerarios de BTT, carreras de trail, BTT hasta marchas\" \/>\n\t\t<meta name=\"twitter:image\" content=\"https:\/\/eldigitaldeasturias.com\/magazine365\/wp-content\/uploads\/2016\/06\/fotonoticia_20160618115934_800.jpg\" \/>\n\t\t<script type=\"application\/ld+json\" class=\"aioseo-schema\">\n\t\t\t{\"@context\":\"https:\\\/\\\/schema.org\",\"@graph\":[{\"@type\":\"Article\",\"@id\":\"https:\\\/\\\/eldigitaldeasturias.com\\\/magazine365\\\/las-estaciones-de-montana-espanolas-abren-para-la-temporada-de-verano-con-diferentes-actividades\\\/#article\",\"name\":\"Las estaciones de monta\\u00f1a espa\\u00f1olas abren para la temporada de verano con diferentes actividades | El Digital de Asturias\",\"headline\":\"Las estaciones de monta\\u00f1a espa\\u00f1olas abren para la temporada de verano con diferentes actividades\",\"author\":{\"@id\":\"https:\\\/\\\/eldigitaldeasturias.com\\\/magazine365\\\/author\\\/admin\\\/#author\"},\"publisher\":{\"@id\":\"https:\\\/\\\/eldigitaldeasturias.com\\\/magazine365\\\/#organization\"},\"image\":{\"@type\":\"ImageObject\",\"url\":\"https:\\\/\\\/eldigitaldeasturias.com\\\/magazine365\\\/wp-content\\\/uploads\\\/2016\\\/06\\\/fotonoticia_20160618115934_800.jpg\",\"width\":800,\"height\":600},\"datePublished\":\"2016-06-18T14:31:45+02:00\",\"dateModified\":\"2016-06-18T14:31:45+02:00\",\"inLanguage\":\"es-ES\",\"mainEntityOfPage\":{\"@id\":\"https:\\\/\\\/eldigitaldeasturias.com\\\/magazine365\\\/las-estaciones-de-montana-espanolas-abren-para-la-temporada-de-verano-con-diferentes-actividades\\\/#webpage\"},\"isPartOf\":{\"@id\":\"https:\\\/\\\/eldigitaldeasturias.com\\\/magazine365\\\/las-estaciones-de-montana-espanolas-abren-para-la-temporada-de-verano-con-diferentes-actividades\\\/#webpage\"},\"articleSection\":\"Noticias y Actualidad\"},{\"@type\":\"BreadcrumbList\",\"@id\":\"https:\\\/\\\/eldigitaldeasturias.com\\\/magazine365\\\/las-estaciones-de-montana-espanolas-abren-para-la-temporada-de-verano-con-diferentes-actividades\\\/#breadcrumblist\",\"itemListElement\":[{\"@type\":\"ListItem\",\"@id\":\"https:\\\/\\\/eldigitaldeasturias.com\\\/magazine365#listItem\",\"position\":1,\"name\":\"Home\",\"item\":\"https:\\\/\\\/eldigitaldeasturias.com\\\/magazine365\",\"nextItem\":{\"@type\":\"ListItem\",\"@id\":\"https:\\\/\\\/eldigitaldeasturias.com\\\/magazine365\\\/category\\\/noticias-actualidad\\\/#listItem\",\"name\":\"Noticias y Actualidad\"}},{\"@type\":\"ListItem\",\"@id\":\"https:\\\/\\\/eldigitaldeasturias.com\\\/magazine365\\\/category\\\/noticias-actualidad\\\/#listItem\",\"position\":2,\"name\":\"Noticias y Actualidad\",\"item\":\"https:\\\/\\\/eldigitaldeasturias.com\\\/magazine365\\\/category\\\/noticias-actualidad\\\/\",\"nextItem\":{\"@type\":\"ListItem\",\"@id\":\"https:\\\/\\\/eldigitaldeasturias.com\\\/magazine365\\\/las-estaciones-de-montana-espanolas-abren-para-la-temporada-de-verano-con-diferentes-actividades\\\/#listItem\",\"name\":\"Las estaciones de monta\\u00f1a espa\\u00f1olas abren para la temporada de verano con diferentes actividades\"},\"previousItem\":{\"@type\":\"ListItem\",\"@id\":\"https:\\\/\\\/eldigitaldeasturias.com\\\/magazine365#listItem\",\"name\":\"Home\"}},{\"@type\":\"ListItem\",\"@id\":\"https:\\\/\\\/eldigitaldeasturias.com\\\/magazine365\\\/las-estaciones-de-montana-espanolas-abren-para-la-temporada-de-verano-con-diferentes-actividades\\\/#listItem\",\"position\":3,\"name\":\"Las estaciones de monta\\u00f1a espa\\u00f1olas abren para la temporada de verano con diferentes actividades\",\"previousItem\":{\"@type\":\"ListItem\",\"@id\":\"https:\\\/\\\/eldigitaldeasturias.com\\\/magazine365\\\/category\\\/noticias-actualidad\\\/#listItem\",\"name\":\"Noticias y Actualidad\"}}]},{\"@type\":\"Organization\",\"@id\":\"https:\\\/\\\/eldigitaldeasturias.com\\\/magazine365\\\/#organization\",\"name\":\"El digital de Asturias\",\"description\":\"Revista de ocio, turismo y estilo de vida\",\"url\":\"https:\\\/\\\/eldigitaldeasturias.com\\\/magazine365\\\/\",\"logo\":{\"@type\":\"ImageObject\",\"url\":\"https:\\\/\\\/www.eldigitaldeasturias.com\\\/noticias\\\/wp-content\\\/uploads\\\/2020\\\/12\\\/EDA.jpg\",\"@id\":\"https:\\\/\\\/eldigitaldeasturias.com\\\/magazine365\\\/las-estaciones-de-montana-espanolas-abren-para-la-temporada-de-verano-con-diferentes-actividades\\\/#organizationLogo\"},\"image\":{\"@id\":\"https:\\\/\\\/eldigitaldeasturias.com\\\/magazine365\\\/las-estaciones-de-montana-espanolas-abren-para-la-temporada-de-verano-con-diferentes-actividades\\\/#organizationLogo\"}},{\"@type\":\"Person\",\"@id\":\"https:\\\/\\\/eldigitaldeasturias.com\\\/magazine365\\\/author\\\/admin\\\/#author\",\"url\":\"https:\\\/\\\/eldigitaldeasturias.com\\\/magazine365\\\/author\\\/admin\\\/\",\"name\":\"admin\",\"image\":{\"@type\":\"ImageObject\",\"@id\":\"https:\\\/\\\/eldigitaldeasturias.com\\\/magazine365\\\/las-estaciones-de-montana-espanolas-abren-para-la-temporada-de-verano-con-diferentes-actividades\\\/#authorImage\",\"url\":\"https:\\\/\\\/eldigitaldeasturias.com\\\/magazine365\\\/wp-content\\\/litespeed\\\/avatar\\\/e571bcf59a0edd6fa6838245a470f2fe.jpg?ver=1776969259\",\"width\":96,\"height\":96,\"caption\":\"admin\"}},{\"@type\":\"WebPage\",\"@id\":\"https:\\\/\\\/eldigitaldeasturias.com\\\/magazine365\\\/las-estaciones-de-montana-espanolas-abren-para-la-temporada-de-verano-con-diferentes-actividades\\\/#webpage\",\"url\":\"https:\\\/\\\/eldigitaldeasturias.com\\\/magazine365\\\/las-estaciones-de-montana-espanolas-abren-para-la-temporada-de-verano-con-diferentes-actividades\\\/\",\"name\":\"Las estaciones de monta\\u00f1a espa\\u00f1olas abren para la temporada de verano con diferentes actividades | El Digital de Asturias\",\"description\":\"La mayor parte de las 33 estaciones que forman parte de la Asociaci\\u00f3n Tur\\u00edstica de Estaciones de Esqu\\u00ed y Monta\\u00f1a (ATUDEM) tienen todo preparado para mantener su oferta activa durante la temporada de veraniega con distintas actividades que van desde parques l\\u00fadicos, bike parks, toboganes e itinerarios de BTT, carreras de trail, BTT hasta marchas\",\"inLanguage\":\"es-ES\",\"isPartOf\":{\"@id\":\"https:\\\/\\\/eldigitaldeasturias.com\\\/magazine365\\\/#website\"},\"breadcrumb\":{\"@id\":\"https:\\\/\\\/eldigitaldeasturias.com\\\/magazine365\\\/las-estaciones-de-montana-espanolas-abren-para-la-temporada-de-verano-con-diferentes-actividades\\\/#breadcrumblist\"},\"author\":{\"@id\":\"https:\\\/\\\/eldigitaldeasturias.com\\\/magazine365\\\/author\\\/admin\\\/#author\"},\"creator\":{\"@id\":\"https:\\\/\\\/eldigitaldeasturias.com\\\/magazine365\\\/author\\\/admin\\\/#author\"},\"image\":{\"@type\":\"ImageObject\",\"url\":\"https:\\\/\\\/eldigitaldeasturias.com\\\/magazine365\\\/wp-content\\\/uploads\\\/2016\\\/06\\\/fotonoticia_20160618115934_800.jpg\",\"@id\":\"https:\\\/\\\/eldigitaldeasturias.com\\\/magazine365\\\/las-estaciones-de-montana-espanolas-abren-para-la-temporada-de-verano-con-diferentes-actividades\\\/#mainImage\",\"width\":800,\"height\":600},\"primaryImageOfPage\":{\"@id\":\"https:\\\/\\\/eldigitaldeasturias.com\\\/magazine365\\\/las-estaciones-de-montana-espanolas-abren-para-la-temporada-de-verano-con-diferentes-actividades\\\/#mainImage\"},\"datePublished\":\"2016-06-18T14:31:45+02:00\",\"dateModified\":\"2016-06-18T14:31:45+02:00\"},{\"@type\":\"WebSite\",\"@id\":\"https:\\\/\\\/eldigitaldeasturias.com\\\/magazine365\\\/#website\",\"url\":\"https:\\\/\\\/eldigitaldeasturias.com\\\/magazine365\\\/\",\"name\":\"El Digital de Asturias\",\"description\":\"Revista de ocio, turismo y estilo de vida\",\"inLanguage\":\"es-ES\",\"publisher\":{\"@id\":\"https:\\\/\\\/eldigitaldeasturias.com\\\/magazine365\\\/#organization\"}}]}\n\t\t<\/script>\n\t\t<!-- All in One SEO Pro -->\r\n\t\t<title>Las estaciones de monta\u00f1a espa\u00f1olas abren para la temporada de verano con diferentes actividades | El Digital de Asturias<\/title>\n\n","aioseo_head_json":{"title":"Las estaciones de monta\u00f1a espa\u00f1olas abren para la temporada de verano con diferentes actividades | El Digital de Asturias","description":"La mayor parte de las 33 estaciones que forman parte de la Asociaci\u00f3n Tur\u00edstica de Estaciones de Esqu\u00ed y Monta\u00f1a (ATUDEM) tienen todo preparado para mantener su oferta activa durante la temporada de veraniega con distintas actividades que van desde parques l\u00fadicos, bike parks, toboganes e itinerarios de BTT, carreras de trail, BTT hasta marchas","canonical_url":"https:\/\/eldigitaldeasturias.com\/magazine365\/las-estaciones-de-montana-espanolas-abren-para-la-temporada-de-verano-con-diferentes-actividades\/","robots":"max-image-preview:large","keywords":"noticias y actualidad","webmasterTools":{"google-site-verification":"UA-38556648-1","miscellaneous":""},"schema":{"@context":"https:\/\/schema.org","@graph":[{"@type":"Article","@id":"https:\/\/eldigitaldeasturias.com\/magazine365\/las-estaciones-de-montana-espanolas-abren-para-la-temporada-de-verano-con-diferentes-actividades\/#article","name":"Las estaciones de monta\u00f1a espa\u00f1olas abren para la temporada de verano con diferentes actividades | El Digital de Asturias","headline":"Las estaciones de monta\u00f1a espa\u00f1olas abren para la temporada de verano con diferentes actividades","author":{"@id":"https:\/\/eldigitaldeasturias.com\/magazine365\/author\/admin\/#author"},"publisher":{"@id":"https:\/\/eldigitaldeasturias.com\/magazine365\/#organization"},"image":{"@type":"ImageObject","url":"https:\/\/eldigitaldeasturias.com\/magazine365\/wp-content\/uploads\/2016\/06\/fotonoticia_20160618115934_800.jpg","width":800,"height":600},"datePublished":"2016-06-18T14:31:45+02:00","dateModified":"2016-06-18T14:31:45+02:00","inLanguage":"es-ES","mainEntityOfPage":{"@id":"https:\/\/eldigitaldeasturias.com\/magazine365\/las-estaciones-de-montana-espanolas-abren-para-la-temporada-de-verano-con-diferentes-actividades\/#webpage"},"isPartOf":{"@id":"https:\/\/eldigitaldeasturias.com\/magazine365\/las-estaciones-de-montana-espanolas-abren-para-la-temporada-de-verano-con-diferentes-actividades\/#webpage"},"articleSection":"Noticias y Actualidad"},{"@type":"BreadcrumbList","@id":"https:\/\/eldigitaldeasturias.com\/magazine365\/las-estaciones-de-montana-espanolas-abren-para-la-temporada-de-verano-con-diferentes-actividades\/#breadcrumblist","itemListElement":[{"@type":"ListItem","@id":"https:\/\/eldigitaldeasturias.com\/magazine365#listItem","position":1,"name":"Home","item":"https:\/\/eldigitaldeasturias.com\/magazine365","nextItem":{"@type":"ListItem","@id":"https:\/\/eldigitaldeasturias.com\/magazine365\/category\/noticias-actualidad\/#listItem","name":"Noticias y Actualidad"}},{"@type":"ListItem","@id":"https:\/\/eldigitaldeasturias.com\/magazine365\/category\/noticias-actualidad\/#listItem","position":2,"name":"Noticias y Actualidad","item":"https:\/\/eldigitaldeasturias.com\/magazine365\/category\/noticias-actualidad\/","nextItem":{"@type":"ListItem","@id":"https:\/\/eldigitaldeasturias.com\/magazine365\/las-estaciones-de-montana-espanolas-abren-para-la-temporada-de-verano-con-diferentes-actividades\/#listItem","name":"Las estaciones de monta\u00f1a espa\u00f1olas abren para la temporada de verano con diferentes actividades"},"previousItem":{"@type":"ListItem","@id":"https:\/\/eldigitaldeasturias.com\/magazine365#listItem","name":"Home"}},{"@type":"ListItem","@id":"https:\/\/eldigitaldeasturias.com\/magazine365\/las-estaciones-de-montana-espanolas-abren-para-la-temporada-de-verano-con-diferentes-actividades\/#listItem","position":3,"name":"Las estaciones de monta\u00f1a espa\u00f1olas abren para la temporada de verano con diferentes actividades","previousItem":{"@type":"ListItem","@id":"https:\/\/eldigitaldeasturias.com\/magazine365\/category\/noticias-actualidad\/#listItem","name":"Noticias y Actualidad"}}]},{"@type":"Organization","@id":"https:\/\/eldigitaldeasturias.com\/magazine365\/#organization","name":"El digital de Asturias","description":"Revista de ocio, turismo y estilo de vida","url":"https:\/\/eldigitaldeasturias.com\/magazine365\/","logo":{"@type":"ImageObject","url":"https:\/\/www.eldigitaldeasturias.com\/noticias\/wp-content\/uploads\/2020\/12\/EDA.jpg","@id":"https:\/\/eldigitaldeasturias.com\/magazine365\/las-estaciones-de-montana-espanolas-abren-para-la-temporada-de-verano-con-diferentes-actividades\/#organizationLogo"},"image":{"@id":"https:\/\/eldigitaldeasturias.com\/magazine365\/las-estaciones-de-montana-espanolas-abren-para-la-temporada-de-verano-con-diferentes-actividades\/#organizationLogo"}},{"@type":"Person","@id":"https:\/\/eldigitaldeasturias.com\/magazine365\/author\/admin\/#author","url":"https:\/\/eldigitaldeasturias.com\/magazine365\/author\/admin\/","name":"admin","image":{"@type":"ImageObject","@id":"https:\/\/eldigitaldeasturias.com\/magazine365\/las-estaciones-de-montana-espanolas-abren-para-la-temporada-de-verano-con-diferentes-actividades\/#authorImage","url":"https:\/\/eldigitaldeasturias.com\/magazine365\/wp-content\/litespeed\/avatar\/e571bcf59a0edd6fa6838245a470f2fe.jpg?ver=1776969259","width":96,"height":96,"caption":"admin"}},{"@type":"WebPage","@id":"https:\/\/eldigitaldeasturias.com\/magazine365\/las-estaciones-de-montana-espanolas-abren-para-la-temporada-de-verano-con-diferentes-actividades\/#webpage","url":"https:\/\/eldigitaldeasturias.com\/magazine365\/las-estaciones-de-montana-espanolas-abren-para-la-temporada-de-verano-con-diferentes-actividades\/","name":"Las estaciones de monta\u00f1a espa\u00f1olas abren para la temporada de verano con diferentes actividades | El Digital de Asturias","description":"La mayor parte de las 33 estaciones que forman parte de la Asociaci\u00f3n Tur\u00edstica de Estaciones de Esqu\u00ed y Monta\u00f1a (ATUDEM) tienen todo preparado para mantener su oferta activa durante la temporada de veraniega con distintas actividades que van desde parques l\u00fadicos, bike parks, toboganes e itinerarios de BTT, carreras de trail, BTT hasta marchas","inLanguage":"es-ES","isPartOf":{"@id":"https:\/\/eldigitaldeasturias.com\/magazine365\/#website"},"breadcrumb":{"@id":"https:\/\/eldigitaldeasturias.com\/magazine365\/las-estaciones-de-montana-espanolas-abren-para-la-temporada-de-verano-con-diferentes-actividades\/#breadcrumblist"},"author":{"@id":"https:\/\/eldigitaldeasturias.com\/magazine365\/author\/admin\/#author"},"creator":{"@id":"https:\/\/eldigitaldeasturias.com\/magazine365\/author\/admin\/#author"},"image":{"@type":"ImageObject","url":"https:\/\/eldigitaldeasturias.com\/magazine365\/wp-content\/uploads\/2016\/06\/fotonoticia_20160618115934_800.jpg","@id":"https:\/\/eldigitaldeasturias.com\/magazine365\/las-estaciones-de-montana-espanolas-abren-para-la-temporada-de-verano-con-diferentes-actividades\/#mainImage","width":800,"height":600},"primaryImageOfPage":{"@id":"https:\/\/eldigitaldeasturias.com\/magazine365\/las-estaciones-de-montana-espanolas-abren-para-la-temporada-de-verano-con-diferentes-actividades\/#mainImage"},"datePublished":"2016-06-18T14:31:45+02:00","dateModified":"2016-06-18T14:31:45+02:00"},{"@type":"WebSite","@id":"https:\/\/eldigitaldeasturias.com\/magazine365\/#website","url":"https:\/\/eldigitaldeasturias.com\/magazine365\/","name":"El Digital de Asturias","description":"Revista de ocio, turismo y estilo de vida","inLanguage":"es-ES","publisher":{"@id":"https:\/\/eldigitaldeasturias.com\/magazine365\/#organization"}}]},"og:locale":"es_ES","og:site_name":"El Digital de Asturias \u2013 Revista de ocio, turismo y estilo de vida","og:type":"article","og:title":"Las estaciones de monta\u00f1a espa\u00f1olas abren para la temporada de verano con diferentes actividades | El Digital de Asturias","og:description":"La mayor parte de las 33 estaciones que forman parte de la Asociaci\u00f3n Tur\u00edstica de Estaciones de Esqu\u00ed y Monta\u00f1a (ATUDEM) tienen todo preparado para mantener su oferta activa durante la temporada de veraniega con distintas actividades que van desde parques l\u00fadicos, bike parks, toboganes e itinerarios de BTT, carreras de trail, BTT hasta marchas","og:url":"https:\/\/eldigitaldeasturias.com\/magazine365\/las-estaciones-de-montana-espanolas-abren-para-la-temporada-de-verano-con-diferentes-actividades\/","og:image":"https:\/\/eldigitaldeasturias.com\/magazine365\/wp-content\/uploads\/2016\/06\/fotonoticia_20160618115934_800.jpg","og:image:secure_url":"https:\/\/eldigitaldeasturias.com\/magazine365\/wp-content\/uploads\/2016\/06\/fotonoticia_20160618115934_800.jpg","og:image:width":800,"og:image:height":600,"article:published_time":"2016-06-18T12:31:45+00:00","article:modified_time":"2016-06-18T12:31:45+00:00","twitter:card":"summary_large_image","twitter:title":"Las estaciones de monta\u00f1a espa\u00f1olas abren para la temporada de verano con diferentes actividades | El Digital de Asturias","twitter:description":"La mayor parte de las 33 estaciones que forman parte de la Asociaci\u00f3n Tur\u00edstica de Estaciones de Esqu\u00ed y Monta\u00f1a (ATUDEM) tienen todo preparado para mantener su oferta activa durante la temporada de veraniega con distintas actividades que van desde parques l\u00fadicos, bike parks, toboganes e itinerarios de BTT, carreras de trail, BTT hasta marchas","twitter:image":"https:\/\/eldigitaldeasturias.com\/magazine365\/wp-content\/uploads\/2016\/06\/fotonoticia_20160618115934_800.jpg"},"aioseo_meta_data":{"post_id":"80004","title":null,"description":null,"keywords":null,"keyphrases":null,"primary_term":null,"canonical_url":null,"og_title":null,"og_description":null,"og_object_type":"default","og_image_type":"default","og_image_url":null,"og_image_width":null,"og_image_height":null,"og_image_custom_url":null,"og_image_custom_fields":null,"og_video":null,"og_custom_url":null,"og_article_section":null,"og_article_tags":null,"twitter_use_og":false,"twitter_card":"default","twitter_image_type":"default","twitter_image_url":null,"twitter_image_custom_url":null,"twitter_image_custom_fields":null,"twitter_title":null,"twitter_description":null,"schema":{"blockGraphs":[],"customGraphs":[],"default":{"data":{"Article":[],"Course":[],"Dataset":[],"FAQPage":[],"Movie":[],"Person":[],"Product":[],"ProductReview":[],"Car":[],"Recipe":[],"Service":[],"SoftwareApplication":[],"WebPage":[]},"graphName":"","isEnabled":true},"graphs":[],"defaultGraph":"","defaultPostTypeGraph":""},"schema_type":null,"schema_type_options":null,"pillar_content":false,"robots_default":true,"robots_noindex":false,"robots_noarchive":false,"robots_nosnippet":false,"robots_nofollow":false,"robots_noimageindex":false,"robots_noodp":false,"robots_notranslate":false,"robots_max_snippet":null,"robots_max_videopreview":null,"robots_max_imagepreview":"large","priority":null,"frequency":null,"location":null,"local_seo":null,"seo_analyzer_scan_date":"2025-09-27 20:02:15","breadcrumb_settings":null,"limit_modified_date":false,"open_ai":null,"ai":null,"created":"2021-03-08 17:39:51","updated":"2025-09-27 20:02:15"},"aioseo_breadcrumb":"<div class=\"aioseo-breadcrumbs\"><span class=\"aioseo-breadcrumb\">\n\t<a href=\"https:\/\/eldigitaldeasturias.com\/magazine365\" title=\"Home\">Home<\/a>\n<\/span><span class=\"aioseo-breadcrumb-separator\">\u2013<\/span><span class=\"aioseo-breadcrumb\">\n\t<a href=\"https:\/\/eldigitaldeasturias.com\/magazine365\/category\/noticias-actualidad\/\" title=\"Noticias y Actualidad\">Noticias y Actualidad<\/a>\n<\/span><span class=\"aioseo-breadcrumb-separator\">\u2013<\/span><span class=\"aioseo-breadcrumb\">\n\t<a href=\"https:\/\/eldigitaldeasturias.com\/magazine365\/las-estaciones-de-montana-espanolas-abren-para-la-temporada-de-verano-con-diferentes-actividades\/\" title=\"Las estaciones de monta\u00f1a espa\u00f1olas abren para la temporada de verano con diferentes actividades\">Las estaciones de monta\u00f1a espa\u00f1olas abren para la temporada de verano con diferentes actividades<\/a>\n<\/span><\/div>","aioseo_breadcrumb_json":[{"label":"Home","link":"https:\/\/eldigitaldeasturias.com\/magazine365"},{"label":"Noticias y Actualidad","link":"https:\/\/eldigitaldeasturias.com\/magazine365\/category\/noticias-actualidad\/"},{"label":"Las estaciones de monta\u00f1a espa\u00f1olas abren para la temporada de verano con diferentes actividades","link":"https:\/\/eldigitaldeasturias.com\/magazine365\/las-estaciones-de-montana-espanolas-abren-para-la-temporada-de-verano-con-diferentes-actividades\/"}],"_links":{"self":[{"href":"https:\/\/eldigitaldeasturias.com\/magazine365\/wp-json\/wp\/v2\/posts\/80004","targetHints":{"allow":["GET"]}}],"collection":[{"href":"https:\/\/eldigitaldeasturias.com\/magazine365\/wp-json\/wp\/v2\/posts"}],"about":[{"href":"https:\/\/eldigitaldeasturias.com\/magazine365\/wp-json\/wp\/v2\/types\/post"}],"author":[{"embeddable":true,"href":"https:\/\/eldigitaldeasturias.com\/magazine365\/wp-json\/wp\/v2\/users\/1"}],"replies":[{"embeddable":true,"href":"https:\/\/eldigitaldeasturias.com\/magazine365\/wp-json\/wp\/v2\/comments?post=80004"}],"version-history":[{"count":0,"href":"https:\/\/eldigitaldeasturias.com\/magazine365\/wp-json\/wp\/v2\/posts\/80004\/revisions"}],"wp:featuredmedia":[{"embeddable":true,"href":"https:\/\/eldigitaldeasturias.com\/magazine365\/wp-json\/wp\/v2\/media\/80005"}],"wp:attachment":[{"href":"https:\/\/eldigitaldeasturias.com\/magazine365\/wp-json\/wp\/v2\/media?parent=80004"}],"wp:term":[{"taxonomy":"category","embeddable":true,"href":"https:\/\/eldigitaldeasturias.com\/magazine365\/wp-json\/wp\/v2\/categories?post=80004"},{"taxonomy":"post_tag","embeddable":true,"href":"https:\/\/eldigitaldeasturias.com\/magazine365\/wp-json\/wp\/v2\/tags?post=80004"}],"curies":[{"name":"wp","href":"https:\/\/api.w.org\/{rel}","templated":true}]}}