{"id":79994,"date":"2016-06-18T00:03:34","date_gmt":"2016-06-17T22:03:34","guid":{"rendered":"http:\/\/eldigitaldeasturias.com\/magazine365\/?p=79994"},"modified":"2016-06-18T00:03:34","modified_gmt":"2016-06-17T22:03:34","slug":"aragon-descubre-al-publico-de-aquitania-su-artesania-alimentaria-referente-para-el-turismo","status":"publish","type":"post","link":"https:\/\/eldigitaldeasturias.com\/magazine365\/aragon-descubre-al-publico-de-aquitania-su-artesania-alimentaria-referente-para-el-turismo\/","title":{"rendered":"Arag\u00f3n descubre al p\u00fablico de Aquitania su artesan\u00eda alimentaria, referente para el turismo"},"content":{"rendered":"<p><img fetchpriority=\"high\" decoding=\"async\" class=\"alignleft size-medium wp-image-79995\" src=\"https:\/\/eldigitaldeasturias.com\/magazine365\/wp-content\/uploads\/2016\/06\/fotonoticia_20160617222017_800-360x239.jpg\" alt=\"fotonoticia_20160617222017_800\" width=\"360\" height=\"239\" srcset=\"https:\/\/eldigitaldeasturias.com\/magazine365\/wp-content\/uploads\/2016\/06\/fotonoticia_20160617222017_800-360x239.jpg 360w, https:\/\/eldigitaldeasturias.com\/magazine365\/wp-content\/uploads\/2016\/06\/fotonoticia_20160617222017_800-650x431.jpg 650w, https:\/\/eldigitaldeasturias.com\/magazine365\/wp-content\/uploads\/2016\/06\/fotonoticia_20160617222017_800-768x510.jpg 768w, https:\/\/eldigitaldeasturias.com\/magazine365\/wp-content\/uploads\/2016\/06\/fotonoticia_20160617222017_800-150x100.jpg 150w, https:\/\/eldigitaldeasturias.com\/magazine365\/wp-content\/uploads\/2016\/06\/fotonoticia_20160617222017_800-450x299.jpg 450w, https:\/\/eldigitaldeasturias.com\/magazine365\/wp-content\/uploads\/2016\/06\/fotonoticia_20160617222017_800-121x79.jpg 121w, https:\/\/eldigitaldeasturias.com\/magazine365\/wp-content\/uploads\/2016\/06\/fotonoticia_20160617222017_800-101x66.jpg 101w, https:\/\/eldigitaldeasturias.com\/magazine365\/wp-content\/uploads\/2016\/06\/fotonoticia_20160617222017_800.jpg 800w\" sizes=\"(max-width: 360px) 100vw, 360px\" \/>El consejero de Vertebraci\u00f3n Territorial, Movilidad y Vivienda del Gobierno de Arag\u00f3n, Jos\u00e9 Luis Soro, ha presentado los productos de artesan\u00eda agroalimentaria y turismo gastron\u00f3mico de la Comunidad Aut\u00f3noma en el I Salon Gourmand Experiences, que acoge el Hip\u00f3dromo de la ciudad francesa de Pau, en la regi\u00f3n de Aquitania. Estos productos son un \u00abreferente\u00bb del turismo de experiencias que ofrece Arag\u00f3n, ha destacado.<\/p>\n<p>Los organizadores del evento, en el que Arag\u00f3n participa como invitado de honor, esperan que unas 5.000 personas del Bearn visiten este sal\u00f3n de la gastronom\u00eda y las especialidades regionales, en el que hay unos 60 expositores, que se desarrollar\u00e1 a lo largo de este fin de semana, tras el acto oficial de inauguraci\u00f3n que ha tenido lugar en la tarde de este viernes, y concluir\u00e1 este domingo con un gran pic-nic en la zona descubierta del Hip\u00f3dromo.<\/p>\n<p>Jos\u00e9 Luis Soro ha declarado a los medios de comunicaci\u00f3n que \u00abla oferta tur\u00edstica de Arag\u00f3n se basa en las experiencias, las sensaciones\u00bb y la gastronom\u00eda es, precisamente, \u00abun elemento que lo vertebra todo\u00bb, haciendo notar que \u00abpara descubrir Arag\u00f3n hay que descubrir sus sabores\u00bb, en alusi\u00f3n expl\u00edcita a productos como el ternasco, el jam\u00f3n de Teruel, la cebolla, el tomate y la trufa.<\/p>\n<p>El consejero, titular de las competencias de Turismo, ha comentado que \u00abnuestra forma de cocinar combina lo tradicional e innovador\u00bb, a\u00f1adiendo que esta es \u00abuna enorme oportunidad\u00bb de mostrar las cualidades del arte culinario aragon\u00e9s en un \u00abgran escaparate\u00bb como es este sal\u00f3n.<\/p>\n<p>La gastronom\u00eda es uno de los ejes del Plan Estrat\u00e9gico de Turismo de Arag\u00f3n y el Ejecutivo aragon\u00e9s pretende reforzar su relaci\u00f3n con \u00abnuestros vecinos franceses\u00bb.<\/p>\n<p>Soro ha resaltado que a Arag\u00f3n y Aquitania les unen muchas cosas hace siglos, no solo el Espacio Portalet, sino tambi\u00e9n en los \u00e1mbitos cultural, ling\u00fc\u00edstico y socioecon\u00f3mico, mencionando el proyecto de la reapertura del paso ferroviario internacional de Canfranc (Huesca). En el stand de Arag\u00f3n se ha distribuido no solo el &#8216;Pasaporte gastron\u00f3mico&#8217; de la Comunidad, sino informaci\u00f3n tur\u00edstica y relativa al Espacio Portalet.<\/p>\n<p>\u00abCuando hablamos de turismo de experiencias es muy importante almacenar recuerdos agradables y todos tenemos recuerdos de momentos en que se disfruta de una buena comida\u00bb, ha comentado el consejero, quien ha recalcado que, adem\u00e1s de ser un destino tur\u00edstico de aventura, patrimonial y ornitol\u00f3gico, es tambi\u00e9n un destino gastron\u00f3mico.<\/p>\n<p>En su intervenci\u00f3n durante la presentaci\u00f3n, Jos\u00e9 Luis Soro ha expuesto que \u00abcuando un aragon\u00e9s viene al Bearn viene a casa\u00bb, insistiendo en que \u00abhay muchas cosas que nos unen\u00bb, como el \u00abproyecto apasionante\u00bb que consiste en crear un destino tur\u00edstico \u00fanico.<\/p>\n<p>El consejero ha expresado que \u00abpara conocer Arag\u00f3n hay que sentirlo y para sentirlo hay que conocer sus productos\u00bb agroalimentarios, resaltando el valor de la cocina vanguardista de la Comunidad. Los Pirineos no deben ser un \u00abobst\u00e1culo\u00bb, sino una v\u00eda de comunicaci\u00f3n. \u00abVamos a estar unidos por algo tan importante como la gastronom\u00eda\u00bb.<\/p>\n<p>Tambi\u00e9n han participado en la presentaci\u00f3n Marc Brisson, en representaci\u00f3n del Ayuntamiento de Pau, y Marc Cabane, responsable de Vertebraci\u00f3n Territorial de Aquitania. Ambos han hecho referencia a la \u00abgran idea\u00bb que ha sido invitar a Arag\u00f3n para incrementar los lazos entre ambas regiones.<\/p>\n<h2 class=\"ladillo\">DELICATESSEN<\/h2>\n<p>El presidente de los artesanos agroalimentarios de Arag\u00f3n, Ovidio Ort\u00edn, presente en la inauguraci\u00f3n del I Salon Gourmand Experiences, ha declarado a Europa Press que el inter\u00e9s de este colectivo reside en conseguir que las tiendas &#8216;delicatessen&#8217; del sur de Francia adquieran sus productos, lo que ya hacen en las localidades m\u00e1s pr\u00f3ximas a Espa\u00f1a. Con su presencia en el sal\u00f3n quieren estar \u00abm\u00e1s cerca\u00bb del p\u00fablico bearn\u00e9s.<\/p>\n<p>El consejero ha podido comprobar la calidad de los productos artesanos aragoneses que se pueden encontrar en el Sal\u00f3n, como el jam\u00f3n de Teruel, la cerveza de los Pirineos, carqui\u00f1oles de Makarpy, miel de Oz, pat\u00e9s c\u00e1rnicos sin gluten, lomo y cabezada de cerdo embuchados, longaniza con trufa, salchich\u00f3n con setas, chorizo artesano picante, queso semicurado de cabra y oveja de Ejulve (Teruel), pat\u00e9 de calabac\u00edn con nueces y aceite de oliva virgen extra de la variedad empeltre.<\/p>\n<h2 class=\"ladillo\">MEN\u00da ARAG\u00d3N<\/h2>\n<p>Jos\u00e9 Luis Soro ha puesto de relieve la presencia, esta noche, en el Sal\u00f3n de los cocineros aragoneses \u00d3scar Vi\u00f1uales y Beatriz Allu\u00e9, del Restaurante &#8216;El origen&#8217; de Huesca y ganadores del XIII Certamen de Cocina y Reposter\u00eda de Arag\u00f3n.<\/p>\n<p>Ambos han elaborado para la cena de apertura del I Sal\u00f3n Gourmand Experiences el Men\u00fa Arag\u00f3n-&#8216;C\u00f3ctel Pau&#8217;, compuesto por tartar de trucha de El Grado, gel de alcaparra de Ballobar y vinagreta de manzana verde; carpaccio de cerdo artesano de Teruel con kikos, piparra y yogurt; arroz del Cinca cremoso de setas de temporada, morcilla y curado de Sieso; collares de ternasco IGP relleno de pistacho verde y migas de pastor; trenza de Almud\u00e9var, sorbete de gwurztraminer, yogurt de Fonz, manzana al vac\u00edo y nibs de cacao, borraja dulce, cremoso de Meleses y streussel de jengibre.<\/p>\n<p>Tambi\u00e9n se ha presentado el Men\u00fa Bearn, compuesto por cornete de queso con jam\u00f3n y nueces, raviolis de salm\u00f3n ahumado, sandwich de foie grasa de pato con cebollas rojas, ensalada landesa, pollo &#8216;au pot&#8217;, pecho de cerdo a la miel, milhojas de frambuesa y pastel de Am\u00e9lie con cerezas. Han participado en la elaboraci\u00f3n los alumnos del Lyc\u00e9e H\u00f4telier de Beau-Fr\u00eane.<\/p>\n<p>Los vinos han sido franceses, dado que Aquitania es una regi\u00f3n muy vin\u00edcola. Se han servido Domaine Cauhap\u00e9 H. Ramonteau, Charles Hours, Domaine Hangerot, Domaine Larroud\u00e9, Domaine Cauhap\u00e9, Montesquiou, La Magendia Lapeyre, Gourmandise Cancailloui, Domaine Castera, Le Barou Domaine Bordenave-Coustarrot y Madiran Mon Adour.<\/p>\n","protected":false},"excerpt":{"rendered":"<p>El consejero de Vertebraci\u00f3n Territorial, Movilidad y Vivienda del Gobierno de Arag\u00f3n, Jos\u00e9 Luis Soro, ha presentado los productos de artesan\u00eda agroalimentaria y turismo gastron\u00f3mico de la Comunidad Aut\u00f3noma en el I Salon Gourmand Experiences, que acoge el Hip\u00f3dromo de la ciudad francesa de Pau, en la regi\u00f3n de Aquitania. Estos productos son un \u00abreferente\u00bb<\/p>\n","protected":false},"author":1,"featured_media":79995,"comment_status":"open","ping_status":"closed","sticky":false,"template":"","format":"standard","meta":{"footnotes":""},"categories":[224],"tags":[],"class_list":{"0":"post-79994","1":"post","2":"type-post","3":"status-publish","4":"format-standard","5":"has-post-thumbnail","7":"category-noticias-actualidad"},"aioseo_notices":[],"aioseo_head":"\n\t\t<!-- All in One SEO Pro 4.9.6.1 - aioseo.com -->\n\t<meta name=\"description\" content=\"El consejero de Vertebraci\u00f3n Territorial, Movilidad y Vivienda del Gobierno de Arag\u00f3n, Jos\u00e9 Luis Soro, ha presentado los productos de artesan\u00eda agroalimentaria y turismo gastron\u00f3mico de la Comunidad Aut\u00f3noma en el I Salon Gourmand Experiences, que acoge el Hip\u00f3dromo de la ciudad francesa de Pau, en la regi\u00f3n de Aquitania. Estos productos son un &quot;referente&quot;\" \/>\n\t<meta name=\"robots\" content=\"max-image-preview:large\" \/>\n\t<meta name=\"author\" content=\"admin\"\/>\n\t<meta name=\"google-site-verification\" content=\"UA-38556648-1\" \/>\n\t<meta name=\"keywords\" content=\"noticias y actualidad\" \/>\n\t<link rel=\"canonical\" href=\"https:\/\/eldigitaldeasturias.com\/magazine365\/aragon-descubre-al-publico-de-aquitania-su-artesania-alimentaria-referente-para-el-turismo\/\" \/>\n\t<meta name=\"generator\" content=\"All in One SEO Pro (AIOSEO) 4.9.6.1\" \/>\n\t\t<meta property=\"og:locale\" content=\"es_ES\" \/>\n\t\t<meta property=\"og:site_name\" content=\"El Digital de Asturias \u2013 Revista de ocio, turismo y estilo de vida\" \/>\n\t\t<meta property=\"og:type\" content=\"article\" \/>\n\t\t<meta property=\"og:title\" content=\"Arag\u00f3n descubre al p\u00fablico de Aquitania su artesan\u00eda alimentaria, referente para el turismo | El Digital de Asturias\" \/>\n\t\t<meta property=\"og:description\" content=\"El consejero de Vertebraci\u00f3n Territorial, Movilidad y Vivienda del Gobierno de Arag\u00f3n, Jos\u00e9 Luis Soro, ha presentado los productos de artesan\u00eda agroalimentaria y turismo gastron\u00f3mico de la Comunidad Aut\u00f3noma en el I Salon Gourmand Experiences, que acoge el Hip\u00f3dromo de la ciudad francesa de Pau, en la regi\u00f3n de Aquitania. Estos productos son un &quot;referente&quot;\" \/>\n\t\t<meta property=\"og:url\" content=\"https:\/\/eldigitaldeasturias.com\/magazine365\/aragon-descubre-al-publico-de-aquitania-su-artesania-alimentaria-referente-para-el-turismo\/\" \/>\n\t\t<meta property=\"og:image\" content=\"https:\/\/eldigitaldeasturias.com\/magazine365\/wp-content\/uploads\/2016\/06\/fotonoticia_20160617222017_800.jpg\" \/>\n\t\t<meta property=\"og:image:secure_url\" content=\"https:\/\/eldigitaldeasturias.com\/magazine365\/wp-content\/uploads\/2016\/06\/fotonoticia_20160617222017_800.jpg\" \/>\n\t\t<meta property=\"og:image:width\" content=\"800\" \/>\n\t\t<meta property=\"og:image:height\" content=\"531\" \/>\n\t\t<meta property=\"article:published_time\" content=\"2016-06-17T22:03:34+00:00\" \/>\n\t\t<meta property=\"article:modified_time\" content=\"2016-06-17T22:03:34+00:00\" \/>\n\t\t<meta name=\"twitter:card\" content=\"summary_large_image\" \/>\n\t\t<meta name=\"twitter:title\" content=\"Arag\u00f3n descubre al p\u00fablico de Aquitania su artesan\u00eda alimentaria, referente para el turismo | El Digital de Asturias\" \/>\n\t\t<meta name=\"twitter:description\" content=\"El consejero de Vertebraci\u00f3n Territorial, Movilidad y Vivienda del Gobierno de Arag\u00f3n, Jos\u00e9 Luis Soro, ha presentado los productos de artesan\u00eda agroalimentaria y turismo gastron\u00f3mico de la Comunidad Aut\u00f3noma en el I Salon Gourmand Experiences, que acoge el Hip\u00f3dromo de la ciudad francesa de Pau, en la regi\u00f3n de Aquitania. Estos productos son un &quot;referente&quot;\" \/>\n\t\t<meta name=\"twitter:image\" content=\"https:\/\/eldigitaldeasturias.com\/magazine365\/wp-content\/uploads\/2016\/06\/fotonoticia_20160617222017_800.jpg\" \/>\n\t\t<script type=\"application\/ld+json\" class=\"aioseo-schema\">\n\t\t\t{\"@context\":\"https:\\\/\\\/schema.org\",\"@graph\":[{\"@type\":\"Article\",\"@id\":\"https:\\\/\\\/eldigitaldeasturias.com\\\/magazine365\\\/aragon-descubre-al-publico-de-aquitania-su-artesania-alimentaria-referente-para-el-turismo\\\/#article\",\"name\":\"Arag\\u00f3n descubre al p\\u00fablico de Aquitania su artesan\\u00eda alimentaria, referente para el turismo | El Digital de Asturias\",\"headline\":\"Arag\\u00f3n descubre al p\\u00fablico de Aquitania su artesan\\u00eda alimentaria, referente para el turismo\",\"author\":{\"@id\":\"https:\\\/\\\/eldigitaldeasturias.com\\\/magazine365\\\/author\\\/admin\\\/#author\"},\"publisher\":{\"@id\":\"https:\\\/\\\/eldigitaldeasturias.com\\\/magazine365\\\/#organization\"},\"image\":{\"@type\":\"ImageObject\",\"url\":\"https:\\\/\\\/eldigitaldeasturias.com\\\/magazine365\\\/wp-content\\\/uploads\\\/2016\\\/06\\\/fotonoticia_20160617222017_800.jpg\",\"width\":800,\"height\":531},\"datePublished\":\"2016-06-18T00:03:34+02:00\",\"dateModified\":\"2016-06-18T00:03:34+02:00\",\"inLanguage\":\"es-ES\",\"mainEntityOfPage\":{\"@id\":\"https:\\\/\\\/eldigitaldeasturias.com\\\/magazine365\\\/aragon-descubre-al-publico-de-aquitania-su-artesania-alimentaria-referente-para-el-turismo\\\/#webpage\"},\"isPartOf\":{\"@id\":\"https:\\\/\\\/eldigitaldeasturias.com\\\/magazine365\\\/aragon-descubre-al-publico-de-aquitania-su-artesania-alimentaria-referente-para-el-turismo\\\/#webpage\"},\"articleSection\":\"Noticias y Actualidad\"},{\"@type\":\"BreadcrumbList\",\"@id\":\"https:\\\/\\\/eldigitaldeasturias.com\\\/magazine365\\\/aragon-descubre-al-publico-de-aquitania-su-artesania-alimentaria-referente-para-el-turismo\\\/#breadcrumblist\",\"itemListElement\":[{\"@type\":\"ListItem\",\"@id\":\"https:\\\/\\\/eldigitaldeasturias.com\\\/magazine365#listItem\",\"position\":1,\"name\":\"Home\",\"item\":\"https:\\\/\\\/eldigitaldeasturias.com\\\/magazine365\",\"nextItem\":{\"@type\":\"ListItem\",\"@id\":\"https:\\\/\\\/eldigitaldeasturias.com\\\/magazine365\\\/category\\\/noticias-actualidad\\\/#listItem\",\"name\":\"Noticias y Actualidad\"}},{\"@type\":\"ListItem\",\"@id\":\"https:\\\/\\\/eldigitaldeasturias.com\\\/magazine365\\\/category\\\/noticias-actualidad\\\/#listItem\",\"position\":2,\"name\":\"Noticias y Actualidad\",\"item\":\"https:\\\/\\\/eldigitaldeasturias.com\\\/magazine365\\\/category\\\/noticias-actualidad\\\/\",\"nextItem\":{\"@type\":\"ListItem\",\"@id\":\"https:\\\/\\\/eldigitaldeasturias.com\\\/magazine365\\\/aragon-descubre-al-publico-de-aquitania-su-artesania-alimentaria-referente-para-el-turismo\\\/#listItem\",\"name\":\"Arag\\u00f3n descubre al p\\u00fablico de Aquitania su artesan\\u00eda alimentaria, referente para el turismo\"},\"previousItem\":{\"@type\":\"ListItem\",\"@id\":\"https:\\\/\\\/eldigitaldeasturias.com\\\/magazine365#listItem\",\"name\":\"Home\"}},{\"@type\":\"ListItem\",\"@id\":\"https:\\\/\\\/eldigitaldeasturias.com\\\/magazine365\\\/aragon-descubre-al-publico-de-aquitania-su-artesania-alimentaria-referente-para-el-turismo\\\/#listItem\",\"position\":3,\"name\":\"Arag\\u00f3n descubre al p\\u00fablico de Aquitania su artesan\\u00eda alimentaria, referente para el turismo\",\"previousItem\":{\"@type\":\"ListItem\",\"@id\":\"https:\\\/\\\/eldigitaldeasturias.com\\\/magazine365\\\/category\\\/noticias-actualidad\\\/#listItem\",\"name\":\"Noticias y Actualidad\"}}]},{\"@type\":\"Organization\",\"@id\":\"https:\\\/\\\/eldigitaldeasturias.com\\\/magazine365\\\/#organization\",\"name\":\"El digital de Asturias\",\"description\":\"Revista de ocio, turismo y estilo de vida\",\"url\":\"https:\\\/\\\/eldigitaldeasturias.com\\\/magazine365\\\/\",\"logo\":{\"@type\":\"ImageObject\",\"url\":\"https:\\\/\\\/www.eldigitaldeasturias.com\\\/noticias\\\/wp-content\\\/uploads\\\/2020\\\/12\\\/EDA.jpg\",\"@id\":\"https:\\\/\\\/eldigitaldeasturias.com\\\/magazine365\\\/aragon-descubre-al-publico-de-aquitania-su-artesania-alimentaria-referente-para-el-turismo\\\/#organizationLogo\"},\"image\":{\"@id\":\"https:\\\/\\\/eldigitaldeasturias.com\\\/magazine365\\\/aragon-descubre-al-publico-de-aquitania-su-artesania-alimentaria-referente-para-el-turismo\\\/#organizationLogo\"}},{\"@type\":\"Person\",\"@id\":\"https:\\\/\\\/eldigitaldeasturias.com\\\/magazine365\\\/author\\\/admin\\\/#author\",\"url\":\"https:\\\/\\\/eldigitaldeasturias.com\\\/magazine365\\\/author\\\/admin\\\/\",\"name\":\"admin\",\"image\":{\"@type\":\"ImageObject\",\"@id\":\"https:\\\/\\\/eldigitaldeasturias.com\\\/magazine365\\\/aragon-descubre-al-publico-de-aquitania-su-artesania-alimentaria-referente-para-el-turismo\\\/#authorImage\",\"url\":\"https:\\\/\\\/eldigitaldeasturias.com\\\/magazine365\\\/wp-content\\\/litespeed\\\/avatar\\\/e571bcf59a0edd6fa6838245a470f2fe.jpg?ver=1776969259\",\"width\":96,\"height\":96,\"caption\":\"admin\"}},{\"@type\":\"WebPage\",\"@id\":\"https:\\\/\\\/eldigitaldeasturias.com\\\/magazine365\\\/aragon-descubre-al-publico-de-aquitania-su-artesania-alimentaria-referente-para-el-turismo\\\/#webpage\",\"url\":\"https:\\\/\\\/eldigitaldeasturias.com\\\/magazine365\\\/aragon-descubre-al-publico-de-aquitania-su-artesania-alimentaria-referente-para-el-turismo\\\/\",\"name\":\"Arag\\u00f3n descubre al p\\u00fablico de Aquitania su artesan\\u00eda alimentaria, referente para el turismo | El Digital de Asturias\",\"description\":\"El consejero de Vertebraci\\u00f3n Territorial, Movilidad y Vivienda del Gobierno de Arag\\u00f3n, Jos\\u00e9 Luis Soro, ha presentado los productos de artesan\\u00eda agroalimentaria y turismo gastron\\u00f3mico de la Comunidad Aut\\u00f3noma en el I Salon Gourmand Experiences, que acoge el Hip\\u00f3dromo de la ciudad francesa de Pau, en la regi\\u00f3n de Aquitania. Estos productos son un \\\"referente\\\"\",\"inLanguage\":\"es-ES\",\"isPartOf\":{\"@id\":\"https:\\\/\\\/eldigitaldeasturias.com\\\/magazine365\\\/#website\"},\"breadcrumb\":{\"@id\":\"https:\\\/\\\/eldigitaldeasturias.com\\\/magazine365\\\/aragon-descubre-al-publico-de-aquitania-su-artesania-alimentaria-referente-para-el-turismo\\\/#breadcrumblist\"},\"author\":{\"@id\":\"https:\\\/\\\/eldigitaldeasturias.com\\\/magazine365\\\/author\\\/admin\\\/#author\"},\"creator\":{\"@id\":\"https:\\\/\\\/eldigitaldeasturias.com\\\/magazine365\\\/author\\\/admin\\\/#author\"},\"image\":{\"@type\":\"ImageObject\",\"url\":\"https:\\\/\\\/eldigitaldeasturias.com\\\/magazine365\\\/wp-content\\\/uploads\\\/2016\\\/06\\\/fotonoticia_20160617222017_800.jpg\",\"@id\":\"https:\\\/\\\/eldigitaldeasturias.com\\\/magazine365\\\/aragon-descubre-al-publico-de-aquitania-su-artesania-alimentaria-referente-para-el-turismo\\\/#mainImage\",\"width\":800,\"height\":531},\"primaryImageOfPage\":{\"@id\":\"https:\\\/\\\/eldigitaldeasturias.com\\\/magazine365\\\/aragon-descubre-al-publico-de-aquitania-su-artesania-alimentaria-referente-para-el-turismo\\\/#mainImage\"},\"datePublished\":\"2016-06-18T00:03:34+02:00\",\"dateModified\":\"2016-06-18T00:03:34+02:00\"},{\"@type\":\"WebSite\",\"@id\":\"https:\\\/\\\/eldigitaldeasturias.com\\\/magazine365\\\/#website\",\"url\":\"https:\\\/\\\/eldigitaldeasturias.com\\\/magazine365\\\/\",\"name\":\"El Digital de Asturias\",\"description\":\"Revista de ocio, turismo y estilo de vida\",\"inLanguage\":\"es-ES\",\"publisher\":{\"@id\":\"https:\\\/\\\/eldigitaldeasturias.com\\\/magazine365\\\/#organization\"}}]}\n\t\t<\/script>\n\t\t<!-- All in One SEO Pro -->\r\n\t\t<title>Arag\u00f3n descubre al p\u00fablico de Aquitania su artesan\u00eda alimentaria, referente para el turismo | El Digital de Asturias<\/title>\n\n","aioseo_head_json":{"title":"Arag\u00f3n descubre al p\u00fablico de Aquitania su artesan\u00eda alimentaria, referente para el turismo | El Digital de Asturias","description":"El consejero de Vertebraci\u00f3n Territorial, Movilidad y Vivienda del Gobierno de Arag\u00f3n, Jos\u00e9 Luis Soro, ha presentado los productos de artesan\u00eda agroalimentaria y turismo gastron\u00f3mico de la Comunidad Aut\u00f3noma en el I Salon Gourmand Experiences, que acoge el Hip\u00f3dromo de la ciudad francesa de Pau, en la regi\u00f3n de Aquitania. Estos productos son un \"referente\"","canonical_url":"https:\/\/eldigitaldeasturias.com\/magazine365\/aragon-descubre-al-publico-de-aquitania-su-artesania-alimentaria-referente-para-el-turismo\/","robots":"max-image-preview:large","keywords":"noticias y actualidad","webmasterTools":{"google-site-verification":"UA-38556648-1","miscellaneous":""},"schema":{"@context":"https:\/\/schema.org","@graph":[{"@type":"Article","@id":"https:\/\/eldigitaldeasturias.com\/magazine365\/aragon-descubre-al-publico-de-aquitania-su-artesania-alimentaria-referente-para-el-turismo\/#article","name":"Arag\u00f3n descubre al p\u00fablico de Aquitania su artesan\u00eda alimentaria, referente para el turismo | El Digital de Asturias","headline":"Arag\u00f3n descubre al p\u00fablico de Aquitania su artesan\u00eda alimentaria, referente para el turismo","author":{"@id":"https:\/\/eldigitaldeasturias.com\/magazine365\/author\/admin\/#author"},"publisher":{"@id":"https:\/\/eldigitaldeasturias.com\/magazine365\/#organization"},"image":{"@type":"ImageObject","url":"https:\/\/eldigitaldeasturias.com\/magazine365\/wp-content\/uploads\/2016\/06\/fotonoticia_20160617222017_800.jpg","width":800,"height":531},"datePublished":"2016-06-18T00:03:34+02:00","dateModified":"2016-06-18T00:03:34+02:00","inLanguage":"es-ES","mainEntityOfPage":{"@id":"https:\/\/eldigitaldeasturias.com\/magazine365\/aragon-descubre-al-publico-de-aquitania-su-artesania-alimentaria-referente-para-el-turismo\/#webpage"},"isPartOf":{"@id":"https:\/\/eldigitaldeasturias.com\/magazine365\/aragon-descubre-al-publico-de-aquitania-su-artesania-alimentaria-referente-para-el-turismo\/#webpage"},"articleSection":"Noticias y Actualidad"},{"@type":"BreadcrumbList","@id":"https:\/\/eldigitaldeasturias.com\/magazine365\/aragon-descubre-al-publico-de-aquitania-su-artesania-alimentaria-referente-para-el-turismo\/#breadcrumblist","itemListElement":[{"@type":"ListItem","@id":"https:\/\/eldigitaldeasturias.com\/magazine365#listItem","position":1,"name":"Home","item":"https:\/\/eldigitaldeasturias.com\/magazine365","nextItem":{"@type":"ListItem","@id":"https:\/\/eldigitaldeasturias.com\/magazine365\/category\/noticias-actualidad\/#listItem","name":"Noticias y Actualidad"}},{"@type":"ListItem","@id":"https:\/\/eldigitaldeasturias.com\/magazine365\/category\/noticias-actualidad\/#listItem","position":2,"name":"Noticias y Actualidad","item":"https:\/\/eldigitaldeasturias.com\/magazine365\/category\/noticias-actualidad\/","nextItem":{"@type":"ListItem","@id":"https:\/\/eldigitaldeasturias.com\/magazine365\/aragon-descubre-al-publico-de-aquitania-su-artesania-alimentaria-referente-para-el-turismo\/#listItem","name":"Arag\u00f3n descubre al p\u00fablico de Aquitania su artesan\u00eda alimentaria, referente para el turismo"},"previousItem":{"@type":"ListItem","@id":"https:\/\/eldigitaldeasturias.com\/magazine365#listItem","name":"Home"}},{"@type":"ListItem","@id":"https:\/\/eldigitaldeasturias.com\/magazine365\/aragon-descubre-al-publico-de-aquitania-su-artesania-alimentaria-referente-para-el-turismo\/#listItem","position":3,"name":"Arag\u00f3n descubre al p\u00fablico de Aquitania su artesan\u00eda alimentaria, referente para el turismo","previousItem":{"@type":"ListItem","@id":"https:\/\/eldigitaldeasturias.com\/magazine365\/category\/noticias-actualidad\/#listItem","name":"Noticias y Actualidad"}}]},{"@type":"Organization","@id":"https:\/\/eldigitaldeasturias.com\/magazine365\/#organization","name":"El digital de Asturias","description":"Revista de ocio, turismo y estilo de vida","url":"https:\/\/eldigitaldeasturias.com\/magazine365\/","logo":{"@type":"ImageObject","url":"https:\/\/www.eldigitaldeasturias.com\/noticias\/wp-content\/uploads\/2020\/12\/EDA.jpg","@id":"https:\/\/eldigitaldeasturias.com\/magazine365\/aragon-descubre-al-publico-de-aquitania-su-artesania-alimentaria-referente-para-el-turismo\/#organizationLogo"},"image":{"@id":"https:\/\/eldigitaldeasturias.com\/magazine365\/aragon-descubre-al-publico-de-aquitania-su-artesania-alimentaria-referente-para-el-turismo\/#organizationLogo"}},{"@type":"Person","@id":"https:\/\/eldigitaldeasturias.com\/magazine365\/author\/admin\/#author","url":"https:\/\/eldigitaldeasturias.com\/magazine365\/author\/admin\/","name":"admin","image":{"@type":"ImageObject","@id":"https:\/\/eldigitaldeasturias.com\/magazine365\/aragon-descubre-al-publico-de-aquitania-su-artesania-alimentaria-referente-para-el-turismo\/#authorImage","url":"https:\/\/eldigitaldeasturias.com\/magazine365\/wp-content\/litespeed\/avatar\/e571bcf59a0edd6fa6838245a470f2fe.jpg?ver=1776969259","width":96,"height":96,"caption":"admin"}},{"@type":"WebPage","@id":"https:\/\/eldigitaldeasturias.com\/magazine365\/aragon-descubre-al-publico-de-aquitania-su-artesania-alimentaria-referente-para-el-turismo\/#webpage","url":"https:\/\/eldigitaldeasturias.com\/magazine365\/aragon-descubre-al-publico-de-aquitania-su-artesania-alimentaria-referente-para-el-turismo\/","name":"Arag\u00f3n descubre al p\u00fablico de Aquitania su artesan\u00eda alimentaria, referente para el turismo | El Digital de Asturias","description":"El consejero de Vertebraci\u00f3n Territorial, Movilidad y Vivienda del Gobierno de Arag\u00f3n, Jos\u00e9 Luis Soro, ha presentado los productos de artesan\u00eda agroalimentaria y turismo gastron\u00f3mico de la Comunidad Aut\u00f3noma en el I Salon Gourmand Experiences, que acoge el Hip\u00f3dromo de la ciudad francesa de Pau, en la regi\u00f3n de Aquitania. Estos productos son un \"referente\"","inLanguage":"es-ES","isPartOf":{"@id":"https:\/\/eldigitaldeasturias.com\/magazine365\/#website"},"breadcrumb":{"@id":"https:\/\/eldigitaldeasturias.com\/magazine365\/aragon-descubre-al-publico-de-aquitania-su-artesania-alimentaria-referente-para-el-turismo\/#breadcrumblist"},"author":{"@id":"https:\/\/eldigitaldeasturias.com\/magazine365\/author\/admin\/#author"},"creator":{"@id":"https:\/\/eldigitaldeasturias.com\/magazine365\/author\/admin\/#author"},"image":{"@type":"ImageObject","url":"https:\/\/eldigitaldeasturias.com\/magazine365\/wp-content\/uploads\/2016\/06\/fotonoticia_20160617222017_800.jpg","@id":"https:\/\/eldigitaldeasturias.com\/magazine365\/aragon-descubre-al-publico-de-aquitania-su-artesania-alimentaria-referente-para-el-turismo\/#mainImage","width":800,"height":531},"primaryImageOfPage":{"@id":"https:\/\/eldigitaldeasturias.com\/magazine365\/aragon-descubre-al-publico-de-aquitania-su-artesania-alimentaria-referente-para-el-turismo\/#mainImage"},"datePublished":"2016-06-18T00:03:34+02:00","dateModified":"2016-06-18T00:03:34+02:00"},{"@type":"WebSite","@id":"https:\/\/eldigitaldeasturias.com\/magazine365\/#website","url":"https:\/\/eldigitaldeasturias.com\/magazine365\/","name":"El Digital de Asturias","description":"Revista de ocio, turismo y estilo de vida","inLanguage":"es-ES","publisher":{"@id":"https:\/\/eldigitaldeasturias.com\/magazine365\/#organization"}}]},"og:locale":"es_ES","og:site_name":"El Digital de Asturias \u2013 Revista de ocio, turismo y estilo de vida","og:type":"article","og:title":"Arag\u00f3n descubre al p\u00fablico de Aquitania su artesan\u00eda alimentaria, referente para el turismo | El Digital de Asturias","og:description":"El consejero de Vertebraci\u00f3n Territorial, Movilidad y Vivienda del Gobierno de Arag\u00f3n, Jos\u00e9 Luis Soro, ha presentado los productos de artesan\u00eda agroalimentaria y turismo gastron\u00f3mico de la Comunidad Aut\u00f3noma en el I Salon Gourmand Experiences, que acoge el Hip\u00f3dromo de la ciudad francesa de Pau, en la regi\u00f3n de Aquitania. Estos productos son un &quot;referente&quot;","og:url":"https:\/\/eldigitaldeasturias.com\/magazine365\/aragon-descubre-al-publico-de-aquitania-su-artesania-alimentaria-referente-para-el-turismo\/","og:image":"https:\/\/eldigitaldeasturias.com\/magazine365\/wp-content\/uploads\/2016\/06\/fotonoticia_20160617222017_800.jpg","og:image:secure_url":"https:\/\/eldigitaldeasturias.com\/magazine365\/wp-content\/uploads\/2016\/06\/fotonoticia_20160617222017_800.jpg","og:image:width":800,"og:image:height":531,"article:published_time":"2016-06-17T22:03:34+00:00","article:modified_time":"2016-06-17T22:03:34+00:00","twitter:card":"summary_large_image","twitter:title":"Arag\u00f3n descubre al p\u00fablico de Aquitania su artesan\u00eda alimentaria, referente para el turismo | El Digital de Asturias","twitter:description":"El consejero de Vertebraci\u00f3n Territorial, Movilidad y Vivienda del Gobierno de Arag\u00f3n, Jos\u00e9 Luis Soro, ha presentado los productos de artesan\u00eda agroalimentaria y turismo gastron\u00f3mico de la Comunidad Aut\u00f3noma en el I Salon Gourmand Experiences, que acoge el Hip\u00f3dromo de la ciudad francesa de Pau, en la regi\u00f3n de Aquitania. Estos productos son un &quot;referente&quot;","twitter:image":"https:\/\/eldigitaldeasturias.com\/magazine365\/wp-content\/uploads\/2016\/06\/fotonoticia_20160617222017_800.jpg"},"aioseo_meta_data":{"post_id":"79994","title":null,"description":null,"keywords":null,"keyphrases":null,"primary_term":null,"canonical_url":null,"og_title":null,"og_description":null,"og_object_type":"default","og_image_type":"default","og_image_url":null,"og_image_width":null,"og_image_height":null,"og_image_custom_url":null,"og_image_custom_fields":null,"og_video":null,"og_custom_url":null,"og_article_section":null,"og_article_tags":null,"twitter_use_og":false,"twitter_card":"default","twitter_image_type":"default","twitter_image_url":null,"twitter_image_custom_url":null,"twitter_image_custom_fields":null,"twitter_title":null,"twitter_description":null,"schema":{"blockGraphs":[],"customGraphs":[],"default":{"data":{"Article":[],"Course":[],"Dataset":[],"FAQPage":[],"Movie":[],"Person":[],"Product":[],"ProductReview":[],"Car":[],"Recipe":[],"Service":[],"SoftwareApplication":[],"WebPage":[]},"graphName":"","isEnabled":true},"graphs":[],"defaultGraph":"","defaultPostTypeGraph":""},"schema_type":null,"schema_type_options":null,"pillar_content":false,"robots_default":true,"robots_noindex":false,"robots_noarchive":false,"robots_nosnippet":false,"robots_nofollow":false,"robots_noimageindex":false,"robots_noodp":false,"robots_notranslate":false,"robots_max_snippet":null,"robots_max_videopreview":null,"robots_max_imagepreview":"large","priority":null,"frequency":null,"location":null,"local_seo":null,"seo_analyzer_scan_date":"2025-09-27 20:01:10","breadcrumb_settings":null,"limit_modified_date":false,"open_ai":null,"ai":null,"created":"2021-03-08 17:39:51","updated":"2025-09-27 20:01:10"},"aioseo_breadcrumb":"<div class=\"aioseo-breadcrumbs\"><span class=\"aioseo-breadcrumb\">\n\t<a href=\"https:\/\/eldigitaldeasturias.com\/magazine365\" title=\"Home\">Home<\/a>\n<\/span><span class=\"aioseo-breadcrumb-separator\">\u2013<\/span><span class=\"aioseo-breadcrumb\">\n\t<a href=\"https:\/\/eldigitaldeasturias.com\/magazine365\/category\/noticias-actualidad\/\" title=\"Noticias y Actualidad\">Noticias y Actualidad<\/a>\n<\/span><span class=\"aioseo-breadcrumb-separator\">\u2013<\/span><span class=\"aioseo-breadcrumb\">\n\t<a href=\"https:\/\/eldigitaldeasturias.com\/magazine365\/aragon-descubre-al-publico-de-aquitania-su-artesania-alimentaria-referente-para-el-turismo\/\" title=\"Arag\u00f3n descubre al p\u00fablico de Aquitania su artesan\u00eda alimentaria, referente para el turismo\">Arag\u00f3n descubre al p\u00fablico de Aquitania su artesan\u00eda alimentaria, referente para el turismo<\/a>\n<\/span><\/div>","aioseo_breadcrumb_json":[{"label":"Home","link":"https:\/\/eldigitaldeasturias.com\/magazine365"},{"label":"Noticias y Actualidad","link":"https:\/\/eldigitaldeasturias.com\/magazine365\/category\/noticias-actualidad\/"},{"label":"Arag\u00f3n descubre al p\u00fablico de Aquitania su artesan\u00eda alimentaria, referente para el turismo","link":"https:\/\/eldigitaldeasturias.com\/magazine365\/aragon-descubre-al-publico-de-aquitania-su-artesania-alimentaria-referente-para-el-turismo\/"}],"_links":{"self":[{"href":"https:\/\/eldigitaldeasturias.com\/magazine365\/wp-json\/wp\/v2\/posts\/79994","targetHints":{"allow":["GET"]}}],"collection":[{"href":"https:\/\/eldigitaldeasturias.com\/magazine365\/wp-json\/wp\/v2\/posts"}],"about":[{"href":"https:\/\/eldigitaldeasturias.com\/magazine365\/wp-json\/wp\/v2\/types\/post"}],"author":[{"embeddable":true,"href":"https:\/\/eldigitaldeasturias.com\/magazine365\/wp-json\/wp\/v2\/users\/1"}],"replies":[{"embeddable":true,"href":"https:\/\/eldigitaldeasturias.com\/magazine365\/wp-json\/wp\/v2\/comments?post=79994"}],"version-history":[{"count":0,"href":"https:\/\/eldigitaldeasturias.com\/magazine365\/wp-json\/wp\/v2\/posts\/79994\/revisions"}],"wp:featuredmedia":[{"embeddable":true,"href":"https:\/\/eldigitaldeasturias.com\/magazine365\/wp-json\/wp\/v2\/media\/79995"}],"wp:attachment":[{"href":"https:\/\/eldigitaldeasturias.com\/magazine365\/wp-json\/wp\/v2\/media?parent=79994"}],"wp:term":[{"taxonomy":"category","embeddable":true,"href":"https:\/\/eldigitaldeasturias.com\/magazine365\/wp-json\/wp\/v2\/categories?post=79994"},{"taxonomy":"post_tag","embeddable":true,"href":"https:\/\/eldigitaldeasturias.com\/magazine365\/wp-json\/wp\/v2\/tags?post=79994"}],"curies":[{"name":"wp","href":"https:\/\/api.w.org\/{rel}","templated":true}]}}