{"id":79990,"date":"2016-06-17T20:54:07","date_gmt":"2016-06-17T18:54:07","guid":{"rendered":"http:\/\/eldigitaldeasturias.com\/magazine365\/?p=79990"},"modified":"2016-06-17T20:54:07","modified_gmt":"2016-06-17T18:54:07","slug":"el-gobierno-aprueba-la-creacion-de-la-comision-nacional-para-conmemorar-el-centenario-del-prado","status":"publish","type":"post","link":"https:\/\/eldigitaldeasturias.com\/magazine365\/el-gobierno-aprueba-la-creacion-de-la-comision-nacional-para-conmemorar-el-centenario-del-prado\/","title":{"rendered":"El Gobierno aprueba la creaci\u00f3n de la Comisi\u00f3n Nacional para conmemorar el centenario del Prado"},"content":{"rendered":"<p><img fetchpriority=\"high\" decoding=\"async\" class=\"alignleft size-medium wp-image-79991\" src=\"https:\/\/eldigitaldeasturias.com\/magazine365\/wp-content\/uploads\/2016\/06\/fotonoticia_20160617193220_800-360x240.jpg\" alt=\"fotonoticia_20160617193220_800\" width=\"360\" height=\"240\" srcset=\"https:\/\/eldigitaldeasturias.com\/magazine365\/wp-content\/uploads\/2016\/06\/fotonoticia_20160617193220_800-360x240.jpg 360w, https:\/\/eldigitaldeasturias.com\/magazine365\/wp-content\/uploads\/2016\/06\/fotonoticia_20160617193220_800-650x433.jpg 650w, https:\/\/eldigitaldeasturias.com\/magazine365\/wp-content\/uploads\/2016\/06\/fotonoticia_20160617193220_800-768x512.jpg 768w, https:\/\/eldigitaldeasturias.com\/magazine365\/wp-content\/uploads\/2016\/06\/fotonoticia_20160617193220_800-150x100.jpg 150w, https:\/\/eldigitaldeasturias.com\/magazine365\/wp-content\/uploads\/2016\/06\/fotonoticia_20160617193220_800-450x300.jpg 450w, https:\/\/eldigitaldeasturias.com\/magazine365\/wp-content\/uploads\/2016\/06\/fotonoticia_20160617193220_800-101x66.jpg 101w, https:\/\/eldigitaldeasturias.com\/magazine365\/wp-content\/uploads\/2016\/06\/fotonoticia_20160617193220_800.jpg 800w\" sizes=\"(max-width: 360px) 100vw, 360px\" \/>El Consejo de Ministros ha aprobado este viernes un Real Decreto por el cual se crea la Comisi\u00f3n Nacional para la Conmemoraci\u00f3n del II Centenario del Museo del Prado, que se celebrar\u00e1 en 2019.<\/p>\n<p>De esta forma, se crea el marco legal para el desarrollo de actividades conmemorativas, en las que destacan la incorporaci\u00f3n del Sal\u00f3n de Reinos del antiguo Palacio Real de Buen Retiro al Campus del Museo del Prado.<\/p>\n<p>La celebraci\u00f3n de su bicentenario, cuya fecha clave ser\u00e1 el pr\u00f3ximo 19 de noviembre de 2019, conmemorar\u00e1 los principales episodios de la historia de la instituci\u00f3n, al tiempo que se afronta la rehabilitaci\u00f3n arquitect\u00f3nica y adecuaci\u00f3n muse\u00edstica del Sal\u00f3n de Reinos, \u00faltimo edificio adscrito al Museo Nacional del Prado, y que coincide en el tiempo con esta conmemoraci\u00f3n.<\/p>\n<p>La Comisi\u00f3n Nacional, bajo la Presidencia de Honor de los Reyes y adscrita al Ministerio de Educaci\u00f3n, Cultura y Deporte, se complementa con una Comisi\u00f3n Ejecutiva y una Comisi\u00f3n T\u00e9cnica, que tienen por objeto programar, impulsar y coordinar las actividades planificadas para esta conmemoraci\u00f3n por el Museo Nacional del Prado.<\/p>\n<p>El Gobierno ha puesto a su disposici\u00f3n los incentivos fiscales de la ley de r\u00e9gimen fiscal de las entidades sin fines lucrativos y de los incentivos fiscales al mecenazgo. El programa de apoyo para celebrar el centenario abarcar\u00e1 desde el 20 de noviembre de 2016 hasta el 19 de noviembre de 2019.<\/p>\n<p>El ministro de Educaci\u00f3n, Cultura y Deporte ser\u00e1 el presidente de la Comisi\u00f3n Nacional, ocupando las vicepresidencias primera y segunda de dicho \u00f3rgano el presidente y vicepresidente, respectivamente, del Real Patronato del Museo del Prado.<\/p>\n<p>El Real Museo de Pinturas, hoy Museo Nacional del Prado, abri\u00f3 sus puertas el 19 de noviembre de 1819, por iniciativa y bajo el patrocinio del Rey Fernando VII, en el edificio originalmente proyectado por Juan de Villanueva para Gabinete de Historia Natural y Academia de las Ciencias.<\/p>\n<p>Desde entonces, el museo ha experimentado transformaciones y sus colecciones se han incrementado hasta alcanzar las casi 29.000 obras, fruto de la incorporaci\u00f3n de los fondos procedentes de los Museos de la Trinidad (1872) y de Arte Moderno (1971), de las adquisiciones de obras por parte del Estado y del propio museo, y de donaciones y legados.<\/p>\n","protected":false},"excerpt":{"rendered":"<p>El Consejo de Ministros ha aprobado este viernes un Real Decreto por el cual se crea la Comisi\u00f3n Nacional para la Conmemoraci\u00f3n del II Centenario del Museo del Prado, que se celebrar\u00e1 en 2019. De esta forma, se crea el marco legal para el desarrollo de actividades conmemorativas, en las que destacan la incorporaci\u00f3n del<\/p>\n","protected":false},"author":1,"featured_media":79991,"comment_status":"open","ping_status":"closed","sticky":false,"template":"","format":"standard","meta":{"footnotes":""},"categories":[224],"tags":[],"class_list":{"0":"post-79990","1":"post","2":"type-post","3":"status-publish","4":"format-standard","5":"has-post-thumbnail","7":"category-noticias-actualidad"},"aioseo_notices":[],"aioseo_head":"\n\t\t<!-- All in One SEO Pro 4.9.6.1 - aioseo.com -->\n\t<meta name=\"description\" content=\"El Consejo de Ministros ha aprobado este viernes un Real Decreto por el cual se crea la Comisi\u00f3n Nacional para la Conmemoraci\u00f3n del II Centenario del Museo del Prado, que se celebrar\u00e1 en 2019. De esta forma, se crea el marco legal para el desarrollo de actividades conmemorativas, en las que destacan la incorporaci\u00f3n del\" \/>\n\t<meta name=\"robots\" content=\"max-image-preview:large\" \/>\n\t<meta name=\"author\" content=\"admin\"\/>\n\t<meta name=\"google-site-verification\" content=\"UA-38556648-1\" \/>\n\t<meta name=\"keywords\" content=\"noticias y actualidad\" \/>\n\t<link rel=\"canonical\" href=\"https:\/\/eldigitaldeasturias.com\/magazine365\/el-gobierno-aprueba-la-creacion-de-la-comision-nacional-para-conmemorar-el-centenario-del-prado\/\" \/>\n\t<meta name=\"generator\" content=\"All in One SEO Pro (AIOSEO) 4.9.6.1\" \/>\n\t\t<meta property=\"og:locale\" content=\"es_ES\" \/>\n\t\t<meta property=\"og:site_name\" content=\"El Digital de Asturias \u2013 Revista de ocio, turismo y estilo de vida\" \/>\n\t\t<meta property=\"og:type\" content=\"article\" \/>\n\t\t<meta property=\"og:title\" content=\"El Gobierno aprueba la creaci\u00f3n de la Comisi\u00f3n Nacional para conmemorar el centenario del Prado | El Digital de Asturias\" \/>\n\t\t<meta property=\"og:description\" content=\"El Consejo de Ministros ha aprobado este viernes un Real Decreto por el cual se crea la Comisi\u00f3n Nacional para la Conmemoraci\u00f3n del II Centenario del Museo del Prado, que se celebrar\u00e1 en 2019. De esta forma, se crea el marco legal para el desarrollo de actividades conmemorativas, en las que destacan la incorporaci\u00f3n del\" \/>\n\t\t<meta property=\"og:url\" content=\"https:\/\/eldigitaldeasturias.com\/magazine365\/el-gobierno-aprueba-la-creacion-de-la-comision-nacional-para-conmemorar-el-centenario-del-prado\/\" \/>\n\t\t<meta property=\"og:image\" content=\"https:\/\/eldigitaldeasturias.com\/magazine365\/wp-content\/uploads\/2016\/06\/fotonoticia_20160617193220_800.jpg\" \/>\n\t\t<meta property=\"og:image:secure_url\" content=\"https:\/\/eldigitaldeasturias.com\/magazine365\/wp-content\/uploads\/2016\/06\/fotonoticia_20160617193220_800.jpg\" \/>\n\t\t<meta property=\"og:image:width\" content=\"800\" \/>\n\t\t<meta property=\"og:image:height\" content=\"533\" \/>\n\t\t<meta property=\"article:published_time\" content=\"2016-06-17T18:54:07+00:00\" \/>\n\t\t<meta property=\"article:modified_time\" content=\"2016-06-17T18:54:07+00:00\" \/>\n\t\t<meta name=\"twitter:card\" content=\"summary_large_image\" \/>\n\t\t<meta name=\"twitter:title\" content=\"El Gobierno aprueba la creaci\u00f3n de la Comisi\u00f3n Nacional para conmemorar el centenario del Prado | El Digital de Asturias\" \/>\n\t\t<meta name=\"twitter:description\" content=\"El Consejo de Ministros ha aprobado este viernes un Real Decreto por el cual se crea la Comisi\u00f3n Nacional para la Conmemoraci\u00f3n del II Centenario del Museo del Prado, que se celebrar\u00e1 en 2019. De esta forma, se crea el marco legal para el desarrollo de actividades conmemorativas, en las que destacan la incorporaci\u00f3n del\" \/>\n\t\t<meta name=\"twitter:image\" content=\"https:\/\/eldigitaldeasturias.com\/magazine365\/wp-content\/uploads\/2016\/06\/fotonoticia_20160617193220_800.jpg\" \/>\n\t\t<script type=\"application\/ld+json\" class=\"aioseo-schema\">\n\t\t\t{\"@context\":\"https:\\\/\\\/schema.org\",\"@graph\":[{\"@type\":\"Article\",\"@id\":\"https:\\\/\\\/eldigitaldeasturias.com\\\/magazine365\\\/el-gobierno-aprueba-la-creacion-de-la-comision-nacional-para-conmemorar-el-centenario-del-prado\\\/#article\",\"name\":\"El Gobierno aprueba la creaci\\u00f3n de la Comisi\\u00f3n Nacional para conmemorar el centenario del Prado | El Digital de Asturias\",\"headline\":\"El Gobierno aprueba la creaci\\u00f3n de la Comisi\\u00f3n Nacional para conmemorar el centenario del Prado\",\"author\":{\"@id\":\"https:\\\/\\\/eldigitaldeasturias.com\\\/magazine365\\\/author\\\/admin\\\/#author\"},\"publisher\":{\"@id\":\"https:\\\/\\\/eldigitaldeasturias.com\\\/magazine365\\\/#organization\"},\"image\":{\"@type\":\"ImageObject\",\"url\":\"https:\\\/\\\/eldigitaldeasturias.com\\\/magazine365\\\/wp-content\\\/uploads\\\/2016\\\/06\\\/fotonoticia_20160617193220_800.jpg\",\"width\":800,\"height\":533},\"datePublished\":\"2016-06-17T20:54:07+02:00\",\"dateModified\":\"2016-06-17T20:54:07+02:00\",\"inLanguage\":\"es-ES\",\"mainEntityOfPage\":{\"@id\":\"https:\\\/\\\/eldigitaldeasturias.com\\\/magazine365\\\/el-gobierno-aprueba-la-creacion-de-la-comision-nacional-para-conmemorar-el-centenario-del-prado\\\/#webpage\"},\"isPartOf\":{\"@id\":\"https:\\\/\\\/eldigitaldeasturias.com\\\/magazine365\\\/el-gobierno-aprueba-la-creacion-de-la-comision-nacional-para-conmemorar-el-centenario-del-prado\\\/#webpage\"},\"articleSection\":\"Noticias y Actualidad\"},{\"@type\":\"BreadcrumbList\",\"@id\":\"https:\\\/\\\/eldigitaldeasturias.com\\\/magazine365\\\/el-gobierno-aprueba-la-creacion-de-la-comision-nacional-para-conmemorar-el-centenario-del-prado\\\/#breadcrumblist\",\"itemListElement\":[{\"@type\":\"ListItem\",\"@id\":\"https:\\\/\\\/eldigitaldeasturias.com\\\/magazine365#listItem\",\"position\":1,\"name\":\"Home\",\"item\":\"https:\\\/\\\/eldigitaldeasturias.com\\\/magazine365\",\"nextItem\":{\"@type\":\"ListItem\",\"@id\":\"https:\\\/\\\/eldigitaldeasturias.com\\\/magazine365\\\/category\\\/noticias-actualidad\\\/#listItem\",\"name\":\"Noticias y Actualidad\"}},{\"@type\":\"ListItem\",\"@id\":\"https:\\\/\\\/eldigitaldeasturias.com\\\/magazine365\\\/category\\\/noticias-actualidad\\\/#listItem\",\"position\":2,\"name\":\"Noticias y Actualidad\",\"item\":\"https:\\\/\\\/eldigitaldeasturias.com\\\/magazine365\\\/category\\\/noticias-actualidad\\\/\",\"nextItem\":{\"@type\":\"ListItem\",\"@id\":\"https:\\\/\\\/eldigitaldeasturias.com\\\/magazine365\\\/el-gobierno-aprueba-la-creacion-de-la-comision-nacional-para-conmemorar-el-centenario-del-prado\\\/#listItem\",\"name\":\"El Gobierno aprueba la creaci\\u00f3n de la Comisi\\u00f3n Nacional para conmemorar el centenario del Prado\"},\"previousItem\":{\"@type\":\"ListItem\",\"@id\":\"https:\\\/\\\/eldigitaldeasturias.com\\\/magazine365#listItem\",\"name\":\"Home\"}},{\"@type\":\"ListItem\",\"@id\":\"https:\\\/\\\/eldigitaldeasturias.com\\\/magazine365\\\/el-gobierno-aprueba-la-creacion-de-la-comision-nacional-para-conmemorar-el-centenario-del-prado\\\/#listItem\",\"position\":3,\"name\":\"El Gobierno aprueba la creaci\\u00f3n de la Comisi\\u00f3n Nacional para conmemorar el centenario del Prado\",\"previousItem\":{\"@type\":\"ListItem\",\"@id\":\"https:\\\/\\\/eldigitaldeasturias.com\\\/magazine365\\\/category\\\/noticias-actualidad\\\/#listItem\",\"name\":\"Noticias y Actualidad\"}}]},{\"@type\":\"Organization\",\"@id\":\"https:\\\/\\\/eldigitaldeasturias.com\\\/magazine365\\\/#organization\",\"name\":\"El digital de Asturias\",\"description\":\"Revista de ocio, turismo y estilo de vida\",\"url\":\"https:\\\/\\\/eldigitaldeasturias.com\\\/magazine365\\\/\",\"logo\":{\"@type\":\"ImageObject\",\"url\":\"https:\\\/\\\/www.eldigitaldeasturias.com\\\/noticias\\\/wp-content\\\/uploads\\\/2020\\\/12\\\/EDA.jpg\",\"@id\":\"https:\\\/\\\/eldigitaldeasturias.com\\\/magazine365\\\/el-gobierno-aprueba-la-creacion-de-la-comision-nacional-para-conmemorar-el-centenario-del-prado\\\/#organizationLogo\"},\"image\":{\"@id\":\"https:\\\/\\\/eldigitaldeasturias.com\\\/magazine365\\\/el-gobierno-aprueba-la-creacion-de-la-comision-nacional-para-conmemorar-el-centenario-del-prado\\\/#organizationLogo\"}},{\"@type\":\"Person\",\"@id\":\"https:\\\/\\\/eldigitaldeasturias.com\\\/magazine365\\\/author\\\/admin\\\/#author\",\"url\":\"https:\\\/\\\/eldigitaldeasturias.com\\\/magazine365\\\/author\\\/admin\\\/\",\"name\":\"admin\",\"image\":{\"@type\":\"ImageObject\",\"@id\":\"https:\\\/\\\/eldigitaldeasturias.com\\\/magazine365\\\/el-gobierno-aprueba-la-creacion-de-la-comision-nacional-para-conmemorar-el-centenario-del-prado\\\/#authorImage\",\"url\":\"https:\\\/\\\/eldigitaldeasturias.com\\\/magazine365\\\/wp-content\\\/litespeed\\\/avatar\\\/e571bcf59a0edd6fa6838245a470f2fe.jpg?ver=1776969259\",\"width\":96,\"height\":96,\"caption\":\"admin\"}},{\"@type\":\"WebPage\",\"@id\":\"https:\\\/\\\/eldigitaldeasturias.com\\\/magazine365\\\/el-gobierno-aprueba-la-creacion-de-la-comision-nacional-para-conmemorar-el-centenario-del-prado\\\/#webpage\",\"url\":\"https:\\\/\\\/eldigitaldeasturias.com\\\/magazine365\\\/el-gobierno-aprueba-la-creacion-de-la-comision-nacional-para-conmemorar-el-centenario-del-prado\\\/\",\"name\":\"El Gobierno aprueba la creaci\\u00f3n de la Comisi\\u00f3n Nacional para conmemorar el centenario del Prado | El Digital de Asturias\",\"description\":\"El Consejo de Ministros ha aprobado este viernes un Real Decreto por el cual se crea la Comisi\\u00f3n Nacional para la Conmemoraci\\u00f3n del II Centenario del Museo del Prado, que se celebrar\\u00e1 en 2019. De esta forma, se crea el marco legal para el desarrollo de actividades conmemorativas, en las que destacan la incorporaci\\u00f3n del\",\"inLanguage\":\"es-ES\",\"isPartOf\":{\"@id\":\"https:\\\/\\\/eldigitaldeasturias.com\\\/magazine365\\\/#website\"},\"breadcrumb\":{\"@id\":\"https:\\\/\\\/eldigitaldeasturias.com\\\/magazine365\\\/el-gobierno-aprueba-la-creacion-de-la-comision-nacional-para-conmemorar-el-centenario-del-prado\\\/#breadcrumblist\"},\"author\":{\"@id\":\"https:\\\/\\\/eldigitaldeasturias.com\\\/magazine365\\\/author\\\/admin\\\/#author\"},\"creator\":{\"@id\":\"https:\\\/\\\/eldigitaldeasturias.com\\\/magazine365\\\/author\\\/admin\\\/#author\"},\"image\":{\"@type\":\"ImageObject\",\"url\":\"https:\\\/\\\/eldigitaldeasturias.com\\\/magazine365\\\/wp-content\\\/uploads\\\/2016\\\/06\\\/fotonoticia_20160617193220_800.jpg\",\"@id\":\"https:\\\/\\\/eldigitaldeasturias.com\\\/magazine365\\\/el-gobierno-aprueba-la-creacion-de-la-comision-nacional-para-conmemorar-el-centenario-del-prado\\\/#mainImage\",\"width\":800,\"height\":533},\"primaryImageOfPage\":{\"@id\":\"https:\\\/\\\/eldigitaldeasturias.com\\\/magazine365\\\/el-gobierno-aprueba-la-creacion-de-la-comision-nacional-para-conmemorar-el-centenario-del-prado\\\/#mainImage\"},\"datePublished\":\"2016-06-17T20:54:07+02:00\",\"dateModified\":\"2016-06-17T20:54:07+02:00\"},{\"@type\":\"WebSite\",\"@id\":\"https:\\\/\\\/eldigitaldeasturias.com\\\/magazine365\\\/#website\",\"url\":\"https:\\\/\\\/eldigitaldeasturias.com\\\/magazine365\\\/\",\"name\":\"El Digital de Asturias\",\"description\":\"Revista de ocio, turismo y estilo de vida\",\"inLanguage\":\"es-ES\",\"publisher\":{\"@id\":\"https:\\\/\\\/eldigitaldeasturias.com\\\/magazine365\\\/#organization\"}}]}\n\t\t<\/script>\n\t\t<!-- All in One SEO Pro -->\r\n\t\t<title>El Gobierno aprueba la creaci\u00f3n de la Comisi\u00f3n Nacional para conmemorar el centenario del Prado | El Digital de Asturias<\/title>\n\n","aioseo_head_json":{"title":"El Gobierno aprueba la creaci\u00f3n de la Comisi\u00f3n Nacional para conmemorar el centenario del Prado | El Digital de Asturias","description":"El Consejo de Ministros ha aprobado este viernes un Real Decreto por el cual se crea la Comisi\u00f3n Nacional para la Conmemoraci\u00f3n del II Centenario del Museo del Prado, que se celebrar\u00e1 en 2019. De esta forma, se crea el marco legal para el desarrollo de actividades conmemorativas, en las que destacan la incorporaci\u00f3n del","canonical_url":"https:\/\/eldigitaldeasturias.com\/magazine365\/el-gobierno-aprueba-la-creacion-de-la-comision-nacional-para-conmemorar-el-centenario-del-prado\/","robots":"max-image-preview:large","keywords":"noticias y actualidad","webmasterTools":{"google-site-verification":"UA-38556648-1","miscellaneous":""},"schema":{"@context":"https:\/\/schema.org","@graph":[{"@type":"Article","@id":"https:\/\/eldigitaldeasturias.com\/magazine365\/el-gobierno-aprueba-la-creacion-de-la-comision-nacional-para-conmemorar-el-centenario-del-prado\/#article","name":"El Gobierno aprueba la creaci\u00f3n de la Comisi\u00f3n Nacional para conmemorar el centenario del Prado | El Digital de Asturias","headline":"El Gobierno aprueba la creaci\u00f3n de la Comisi\u00f3n Nacional para conmemorar el centenario del Prado","author":{"@id":"https:\/\/eldigitaldeasturias.com\/magazine365\/author\/admin\/#author"},"publisher":{"@id":"https:\/\/eldigitaldeasturias.com\/magazine365\/#organization"},"image":{"@type":"ImageObject","url":"https:\/\/eldigitaldeasturias.com\/magazine365\/wp-content\/uploads\/2016\/06\/fotonoticia_20160617193220_800.jpg","width":800,"height":533},"datePublished":"2016-06-17T20:54:07+02:00","dateModified":"2016-06-17T20:54:07+02:00","inLanguage":"es-ES","mainEntityOfPage":{"@id":"https:\/\/eldigitaldeasturias.com\/magazine365\/el-gobierno-aprueba-la-creacion-de-la-comision-nacional-para-conmemorar-el-centenario-del-prado\/#webpage"},"isPartOf":{"@id":"https:\/\/eldigitaldeasturias.com\/magazine365\/el-gobierno-aprueba-la-creacion-de-la-comision-nacional-para-conmemorar-el-centenario-del-prado\/#webpage"},"articleSection":"Noticias y Actualidad"},{"@type":"BreadcrumbList","@id":"https:\/\/eldigitaldeasturias.com\/magazine365\/el-gobierno-aprueba-la-creacion-de-la-comision-nacional-para-conmemorar-el-centenario-del-prado\/#breadcrumblist","itemListElement":[{"@type":"ListItem","@id":"https:\/\/eldigitaldeasturias.com\/magazine365#listItem","position":1,"name":"Home","item":"https:\/\/eldigitaldeasturias.com\/magazine365","nextItem":{"@type":"ListItem","@id":"https:\/\/eldigitaldeasturias.com\/magazine365\/category\/noticias-actualidad\/#listItem","name":"Noticias y Actualidad"}},{"@type":"ListItem","@id":"https:\/\/eldigitaldeasturias.com\/magazine365\/category\/noticias-actualidad\/#listItem","position":2,"name":"Noticias y Actualidad","item":"https:\/\/eldigitaldeasturias.com\/magazine365\/category\/noticias-actualidad\/","nextItem":{"@type":"ListItem","@id":"https:\/\/eldigitaldeasturias.com\/magazine365\/el-gobierno-aprueba-la-creacion-de-la-comision-nacional-para-conmemorar-el-centenario-del-prado\/#listItem","name":"El Gobierno aprueba la creaci\u00f3n de la Comisi\u00f3n Nacional para conmemorar el centenario del Prado"},"previousItem":{"@type":"ListItem","@id":"https:\/\/eldigitaldeasturias.com\/magazine365#listItem","name":"Home"}},{"@type":"ListItem","@id":"https:\/\/eldigitaldeasturias.com\/magazine365\/el-gobierno-aprueba-la-creacion-de-la-comision-nacional-para-conmemorar-el-centenario-del-prado\/#listItem","position":3,"name":"El Gobierno aprueba la creaci\u00f3n de la Comisi\u00f3n Nacional para conmemorar el centenario del Prado","previousItem":{"@type":"ListItem","@id":"https:\/\/eldigitaldeasturias.com\/magazine365\/category\/noticias-actualidad\/#listItem","name":"Noticias y Actualidad"}}]},{"@type":"Organization","@id":"https:\/\/eldigitaldeasturias.com\/magazine365\/#organization","name":"El digital de Asturias","description":"Revista de ocio, turismo y estilo de vida","url":"https:\/\/eldigitaldeasturias.com\/magazine365\/","logo":{"@type":"ImageObject","url":"https:\/\/www.eldigitaldeasturias.com\/noticias\/wp-content\/uploads\/2020\/12\/EDA.jpg","@id":"https:\/\/eldigitaldeasturias.com\/magazine365\/el-gobierno-aprueba-la-creacion-de-la-comision-nacional-para-conmemorar-el-centenario-del-prado\/#organizationLogo"},"image":{"@id":"https:\/\/eldigitaldeasturias.com\/magazine365\/el-gobierno-aprueba-la-creacion-de-la-comision-nacional-para-conmemorar-el-centenario-del-prado\/#organizationLogo"}},{"@type":"Person","@id":"https:\/\/eldigitaldeasturias.com\/magazine365\/author\/admin\/#author","url":"https:\/\/eldigitaldeasturias.com\/magazine365\/author\/admin\/","name":"admin","image":{"@type":"ImageObject","@id":"https:\/\/eldigitaldeasturias.com\/magazine365\/el-gobierno-aprueba-la-creacion-de-la-comision-nacional-para-conmemorar-el-centenario-del-prado\/#authorImage","url":"https:\/\/eldigitaldeasturias.com\/magazine365\/wp-content\/litespeed\/avatar\/e571bcf59a0edd6fa6838245a470f2fe.jpg?ver=1776969259","width":96,"height":96,"caption":"admin"}},{"@type":"WebPage","@id":"https:\/\/eldigitaldeasturias.com\/magazine365\/el-gobierno-aprueba-la-creacion-de-la-comision-nacional-para-conmemorar-el-centenario-del-prado\/#webpage","url":"https:\/\/eldigitaldeasturias.com\/magazine365\/el-gobierno-aprueba-la-creacion-de-la-comision-nacional-para-conmemorar-el-centenario-del-prado\/","name":"El Gobierno aprueba la creaci\u00f3n de la Comisi\u00f3n Nacional para conmemorar el centenario del Prado | El Digital de Asturias","description":"El Consejo de Ministros ha aprobado este viernes un Real Decreto por el cual se crea la Comisi\u00f3n Nacional para la Conmemoraci\u00f3n del II Centenario del Museo del Prado, que se celebrar\u00e1 en 2019. De esta forma, se crea el marco legal para el desarrollo de actividades conmemorativas, en las que destacan la incorporaci\u00f3n del","inLanguage":"es-ES","isPartOf":{"@id":"https:\/\/eldigitaldeasturias.com\/magazine365\/#website"},"breadcrumb":{"@id":"https:\/\/eldigitaldeasturias.com\/magazine365\/el-gobierno-aprueba-la-creacion-de-la-comision-nacional-para-conmemorar-el-centenario-del-prado\/#breadcrumblist"},"author":{"@id":"https:\/\/eldigitaldeasturias.com\/magazine365\/author\/admin\/#author"},"creator":{"@id":"https:\/\/eldigitaldeasturias.com\/magazine365\/author\/admin\/#author"},"image":{"@type":"ImageObject","url":"https:\/\/eldigitaldeasturias.com\/magazine365\/wp-content\/uploads\/2016\/06\/fotonoticia_20160617193220_800.jpg","@id":"https:\/\/eldigitaldeasturias.com\/magazine365\/el-gobierno-aprueba-la-creacion-de-la-comision-nacional-para-conmemorar-el-centenario-del-prado\/#mainImage","width":800,"height":533},"primaryImageOfPage":{"@id":"https:\/\/eldigitaldeasturias.com\/magazine365\/el-gobierno-aprueba-la-creacion-de-la-comision-nacional-para-conmemorar-el-centenario-del-prado\/#mainImage"},"datePublished":"2016-06-17T20:54:07+02:00","dateModified":"2016-06-17T20:54:07+02:00"},{"@type":"WebSite","@id":"https:\/\/eldigitaldeasturias.com\/magazine365\/#website","url":"https:\/\/eldigitaldeasturias.com\/magazine365\/","name":"El Digital de Asturias","description":"Revista de ocio, turismo y estilo de vida","inLanguage":"es-ES","publisher":{"@id":"https:\/\/eldigitaldeasturias.com\/magazine365\/#organization"}}]},"og:locale":"es_ES","og:site_name":"El Digital de Asturias \u2013 Revista de ocio, turismo y estilo de vida","og:type":"article","og:title":"El Gobierno aprueba la creaci\u00f3n de la Comisi\u00f3n Nacional para conmemorar el centenario del Prado | El Digital de Asturias","og:description":"El Consejo de Ministros ha aprobado este viernes un Real Decreto por el cual se crea la Comisi\u00f3n Nacional para la Conmemoraci\u00f3n del II Centenario del Museo del Prado, que se celebrar\u00e1 en 2019. De esta forma, se crea el marco legal para el desarrollo de actividades conmemorativas, en las que destacan la incorporaci\u00f3n del","og:url":"https:\/\/eldigitaldeasturias.com\/magazine365\/el-gobierno-aprueba-la-creacion-de-la-comision-nacional-para-conmemorar-el-centenario-del-prado\/","og:image":"https:\/\/eldigitaldeasturias.com\/magazine365\/wp-content\/uploads\/2016\/06\/fotonoticia_20160617193220_800.jpg","og:image:secure_url":"https:\/\/eldigitaldeasturias.com\/magazine365\/wp-content\/uploads\/2016\/06\/fotonoticia_20160617193220_800.jpg","og:image:width":800,"og:image:height":533,"article:published_time":"2016-06-17T18:54:07+00:00","article:modified_time":"2016-06-17T18:54:07+00:00","twitter:card":"summary_large_image","twitter:title":"El Gobierno aprueba la creaci\u00f3n de la Comisi\u00f3n Nacional para conmemorar el centenario del Prado | El Digital de Asturias","twitter:description":"El Consejo de Ministros ha aprobado este viernes un Real Decreto por el cual se crea la Comisi\u00f3n Nacional para la Conmemoraci\u00f3n del II Centenario del Museo del Prado, que se celebrar\u00e1 en 2019. De esta forma, se crea el marco legal para el desarrollo de actividades conmemorativas, en las que destacan la incorporaci\u00f3n del","twitter:image":"https:\/\/eldigitaldeasturias.com\/magazine365\/wp-content\/uploads\/2016\/06\/fotonoticia_20160617193220_800.jpg"},"aioseo_meta_data":{"post_id":"79990","title":null,"description":null,"keywords":null,"keyphrases":null,"primary_term":null,"canonical_url":null,"og_title":null,"og_description":null,"og_object_type":"default","og_image_type":"default","og_image_url":null,"og_image_width":null,"og_image_height":null,"og_image_custom_url":null,"og_image_custom_fields":null,"og_video":null,"og_custom_url":null,"og_article_section":null,"og_article_tags":null,"twitter_use_og":false,"twitter_card":"default","twitter_image_type":"default","twitter_image_url":null,"twitter_image_custom_url":null,"twitter_image_custom_fields":null,"twitter_title":null,"twitter_description":null,"schema":{"blockGraphs":[],"customGraphs":[],"default":{"data":{"Article":[],"Course":[],"Dataset":[],"FAQPage":[],"Movie":[],"Person":[],"Product":[],"ProductReview":[],"Car":[],"Recipe":[],"Service":[],"SoftwareApplication":[],"WebPage":[]},"graphName":"","isEnabled":true},"graphs":[],"defaultGraph":"","defaultPostTypeGraph":""},"schema_type":null,"schema_type_options":null,"pillar_content":false,"robots_default":true,"robots_noindex":false,"robots_noarchive":false,"robots_nosnippet":false,"robots_nofollow":false,"robots_noimageindex":false,"robots_noodp":false,"robots_notranslate":false,"robots_max_snippet":null,"robots_max_videopreview":null,"robots_max_imagepreview":"large","priority":null,"frequency":null,"location":null,"local_seo":null,"seo_analyzer_scan_date":"2025-09-27 20:01:09","breadcrumb_settings":null,"limit_modified_date":false,"open_ai":null,"ai":null,"created":"2021-03-08 17:39:51","updated":"2025-09-27 20:01:09"},"aioseo_breadcrumb":"<div class=\"aioseo-breadcrumbs\"><span class=\"aioseo-breadcrumb\">\n\t<a href=\"https:\/\/eldigitaldeasturias.com\/magazine365\" title=\"Home\">Home<\/a>\n<\/span><span class=\"aioseo-breadcrumb-separator\">\u2013<\/span><span class=\"aioseo-breadcrumb\">\n\t<a href=\"https:\/\/eldigitaldeasturias.com\/magazine365\/category\/noticias-actualidad\/\" title=\"Noticias y Actualidad\">Noticias y Actualidad<\/a>\n<\/span><span class=\"aioseo-breadcrumb-separator\">\u2013<\/span><span class=\"aioseo-breadcrumb\">\n\t<a href=\"https:\/\/eldigitaldeasturias.com\/magazine365\/el-gobierno-aprueba-la-creacion-de-la-comision-nacional-para-conmemorar-el-centenario-del-prado\/\" title=\"El Gobierno aprueba la creaci\u00f3n de la Comisi\u00f3n Nacional para conmemorar el centenario del Prado\">El Gobierno aprueba la creaci\u00f3n de la Comisi\u00f3n Nacional para conmemorar el centenario del Prado<\/a>\n<\/span><\/div>","aioseo_breadcrumb_json":[{"label":"Home","link":"https:\/\/eldigitaldeasturias.com\/magazine365"},{"label":"Noticias y Actualidad","link":"https:\/\/eldigitaldeasturias.com\/magazine365\/category\/noticias-actualidad\/"},{"label":"El Gobierno aprueba la creaci\u00f3n de la Comisi\u00f3n Nacional para conmemorar el centenario del Prado","link":"https:\/\/eldigitaldeasturias.com\/magazine365\/el-gobierno-aprueba-la-creacion-de-la-comision-nacional-para-conmemorar-el-centenario-del-prado\/"}],"_links":{"self":[{"href":"https:\/\/eldigitaldeasturias.com\/magazine365\/wp-json\/wp\/v2\/posts\/79990","targetHints":{"allow":["GET"]}}],"collection":[{"href":"https:\/\/eldigitaldeasturias.com\/magazine365\/wp-json\/wp\/v2\/posts"}],"about":[{"href":"https:\/\/eldigitaldeasturias.com\/magazine365\/wp-json\/wp\/v2\/types\/post"}],"author":[{"embeddable":true,"href":"https:\/\/eldigitaldeasturias.com\/magazine365\/wp-json\/wp\/v2\/users\/1"}],"replies":[{"embeddable":true,"href":"https:\/\/eldigitaldeasturias.com\/magazine365\/wp-json\/wp\/v2\/comments?post=79990"}],"version-history":[{"count":0,"href":"https:\/\/eldigitaldeasturias.com\/magazine365\/wp-json\/wp\/v2\/posts\/79990\/revisions"}],"wp:featuredmedia":[{"embeddable":true,"href":"https:\/\/eldigitaldeasturias.com\/magazine365\/wp-json\/wp\/v2\/media\/79991"}],"wp:attachment":[{"href":"https:\/\/eldigitaldeasturias.com\/magazine365\/wp-json\/wp\/v2\/media?parent=79990"}],"wp:term":[{"taxonomy":"category","embeddable":true,"href":"https:\/\/eldigitaldeasturias.com\/magazine365\/wp-json\/wp\/v2\/categories?post=79990"},{"taxonomy":"post_tag","embeddable":true,"href":"https:\/\/eldigitaldeasturias.com\/magazine365\/wp-json\/wp\/v2\/tags?post=79990"}],"curies":[{"name":"wp","href":"https:\/\/api.w.org\/{rel}","templated":true}]}}