{"id":79985,"date":"2016-06-17T20:52:23","date_gmt":"2016-06-17T18:52:23","guid":{"rendered":"http:\/\/eldigitaldeasturias.com\/magazine365\/?p=79985"},"modified":"2016-06-17T20:52:23","modified_gmt":"2016-06-17T18:52:23","slug":"sevilla-startup-weekend-aerospace-afronta-la-recta-final-antes-de-su-celebracion","status":"publish","type":"post","link":"https:\/\/eldigitaldeasturias.com\/magazine365\/sevilla-startup-weekend-aerospace-afronta-la-recta-final-antes-de-su-celebracion\/","title":{"rendered":"Sevilla Startup Weekend Aerospace afronta la recta final antes de su celebraci\u00f3n"},"content":{"rendered":"<p><img fetchpriority=\"high\" decoding=\"async\" class=\"alignleft size-medium wp-image-77926\" src=\"https:\/\/eldigitaldeasturias.com\/magazine365\/wp-content\/uploads\/2016\/06\/m365-360x198.jpg\" alt=\"m365\" width=\"360\" height=\"198\" srcset=\"https:\/\/eldigitaldeasturias.com\/magazine365\/wp-content\/uploads\/2016\/06\/m365-360x198.jpg 360w, https:\/\/eldigitaldeasturias.com\/magazine365\/wp-content\/uploads\/2016\/06\/m365-650x357.jpg 650w, https:\/\/eldigitaldeasturias.com\/magazine365\/wp-content\/uploads\/2016\/06\/m365-150x82.jpg 150w, https:\/\/eldigitaldeasturias.com\/magazine365\/wp-content\/uploads\/2016\/06\/m365-450x247.jpg 450w, https:\/\/eldigitaldeasturias.com\/magazine365\/wp-content\/uploads\/2016\/06\/m365.jpg 655w\" sizes=\"(max-width: 360px) 100vw, 360px\" \/>La Asociaci\u00f3n SevillaUP ultima la preparaci\u00f3n del primer Startup Weekend de Espa\u00f1a dedicado al sector aeroespacial, que se celebrar\u00e1 los d\u00edas 8, 9 y 10 de julio en el Edificio CREA en Sevilla y pueden adquirirse las entradas en &#8216;sw.sevillaup.com&#8217;.<\/p>\n<p>Esta asociaci\u00f3n, organizadora del evento, ha explicado en una nota que se encuentra inmersa en la preparaci\u00f3n de este evento de emprendimiento que pretende \u00abacercar el sector aeroespacial a la ciudadan\u00eda con tanta importancia en la econom\u00eda de la ciudad\u00bb.<\/p>\n<p>Uno de los puntos importantes de este Startup Weekend Aeroespacial es la implicaci\u00f3n y el apoyo de grandes empresas del sector aeroespacial. Empresas y profesionales se sumergir\u00e1n en el evento formando parte del equipo de mentores que guiar\u00e1 a los grupos, formando parte del jurado que valorar\u00e1 los proyectos finales y formando parte del equipo de patrocinadores.<\/p>\n<p>Durante este Startup Weekend, los participantes, de cualquier sector y con perfiles de dise\u00f1o, negocio, desarrollo e ingenier\u00eda, trabajar\u00e1n durante m\u00e1s de 54 horas en las distintas ideas que all\u00ed se presenten con el fin de convertirla en un modelo de negocio. Las entradas pueden adquirirse en &#8216;sw.sevillaup.com&#8217;, contando con un descuento exclusivo hasta la noche del domingo.<\/p>\n<p>Seg\u00fan el presidente de la Asociaci\u00f3n SevillaUP, Jaime Aranda, \u00aben tiempos de crisis es cuando el ingenio sale m\u00e1s a relucir. Los ciudadanos tienen a su mano herramientas como el Startup Weekend en la que, en tan s\u00f3lo un fin de semana, van a poder comprobar si su idea se puede convertir en un modelo de negocio viable o no, sin tener que hacer ning\u00fan tipo de inversi\u00f3n econ\u00f3mica y adquiriendo al mismo tiempo habilidades para el desarrollo de cualquier otra idea de negocio\u00bb.<\/p>\n<p>De las siete ediciones de Sevilla Startup Weekend ya celebrados han salido empresas como Oblumi, el primer term\u00f3metro por infrarrojos digital para el m\u00f3vil, y &#8216;Ask Vicente&#8217;, el primer asesor gastron\u00f3mico virtual del mundo por Whatsapp, ideas que se han convertido en empresas rentables.<\/p>\n<p>El registro de participantes y patrocinadores para el Sevilla Startup Weekend Aerospace a\u00fan sigue abierto. Para adquirir las entradas y consultar informaci\u00f3n pueden hacerlo en &#8216;sw.sevillaup.com&#8217;.<br \/>\nEl evento comenzar\u00e1 el viernes d\u00eda 8 de julio y finalizar\u00e1 el domingo 10 de julio, fecha que coincidr\u00e1 con la visita a Sevilla del presidente de los Estados Unidos, Barack Obama, que podr\u00e1 sentir el ambiente startupero en la ciudad.<\/p>\n<h2 class=\"ladillo\">PATROCINADORES SEVILLA STARTUP WEEKEND AEROSPACE 2016<\/h2>\n<p>Hacen posible este evento la empresa Crazy4Media, el Ayuntamiento de Sevilla, la asociaci\u00f3n SevillaUP, Programa Minerva y el espacio de coworking &#8216;workINcompany&#8217;.<\/p>\n<p>Colaboran estrechamente Hotel B\u00e9cquer, Universidad de Sevilla y el Colegio de Ingenieros Aerona\u00faticos &#8211; Delegaci\u00f3n Andaluc\u00eda y el Colegio de Ingenieros Industriales Andaluc\u00eda Occidental.<\/p>\n","protected":false},"excerpt":{"rendered":"<p>La Asociaci\u00f3n SevillaUP ultima la preparaci\u00f3n del primer Startup Weekend de Espa\u00f1a dedicado al sector aeroespacial, que se celebrar\u00e1 los d\u00edas 8, 9 y 10 de julio en el Edificio CREA en Sevilla y pueden adquirirse las entradas en &#8216;sw.sevillaup.com&#8217;. Esta asociaci\u00f3n, organizadora del evento, ha explicado en una nota que se encuentra inmersa en<\/p>\n","protected":false},"author":1,"featured_media":77926,"comment_status":"open","ping_status":"closed","sticky":false,"template":"","format":"standard","meta":{"footnotes":""},"categories":[224],"tags":[],"class_list":{"0":"post-79985","1":"post","2":"type-post","3":"status-publish","4":"format-standard","5":"has-post-thumbnail","7":"category-noticias-actualidad"},"aioseo_notices":[],"aioseo_head":"\n\t\t<!-- All in One SEO Pro 4.9.6.1 - aioseo.com -->\n\t<meta name=\"description\" content=\"La Asociaci\u00f3n SevillaUP ultima la preparaci\u00f3n del primer Startup Weekend de Espa\u00f1a dedicado al sector aeroespacial, que se celebrar\u00e1 los d\u00edas 8, 9 y 10 de julio en el Edificio CREA en Sevilla y pueden adquirirse las entradas en &#039;sw.sevillaup.com&#039;. Esta asociaci\u00f3n, organizadora del evento, ha explicado en una nota que se encuentra inmersa en\" \/>\n\t<meta name=\"robots\" content=\"max-image-preview:large\" \/>\n\t<meta name=\"author\" content=\"admin\"\/>\n\t<meta name=\"google-site-verification\" content=\"UA-38556648-1\" \/>\n\t<meta name=\"keywords\" content=\"noticias y actualidad\" \/>\n\t<link rel=\"canonical\" href=\"https:\/\/eldigitaldeasturias.com\/magazine365\/sevilla-startup-weekend-aerospace-afronta-la-recta-final-antes-de-su-celebracion\/\" \/>\n\t<meta name=\"generator\" content=\"All in One SEO Pro (AIOSEO) 4.9.6.1\" \/>\n\t\t<meta property=\"og:locale\" content=\"es_ES\" \/>\n\t\t<meta property=\"og:site_name\" content=\"El Digital de Asturias \u2013 Revista de ocio, turismo y estilo de vida\" \/>\n\t\t<meta property=\"og:type\" content=\"article\" \/>\n\t\t<meta property=\"og:title\" content=\"Sevilla Startup Weekend Aerospace afronta la recta final antes de su celebraci\u00f3n | El Digital de Asturias\" \/>\n\t\t<meta property=\"og:description\" content=\"La Asociaci\u00f3n SevillaUP ultima la preparaci\u00f3n del primer Startup Weekend de Espa\u00f1a dedicado al sector aeroespacial, que se celebrar\u00e1 los d\u00edas 8, 9 y 10 de julio en el Edificio CREA en Sevilla y pueden adquirirse las entradas en &#039;sw.sevillaup.com&#039;. Esta asociaci\u00f3n, organizadora del evento, ha explicado en una nota que se encuentra inmersa en\" \/>\n\t\t<meta property=\"og:url\" content=\"https:\/\/eldigitaldeasturias.com\/magazine365\/sevilla-startup-weekend-aerospace-afronta-la-recta-final-antes-de-su-celebracion\/\" \/>\n\t\t<meta property=\"og:image\" content=\"https:\/\/eldigitaldeasturias.com\/magazine365\/wp-content\/uploads\/2016\/06\/m365.jpg\" \/>\n\t\t<meta property=\"og:image:secure_url\" content=\"https:\/\/eldigitaldeasturias.com\/magazine365\/wp-content\/uploads\/2016\/06\/m365.jpg\" \/>\n\t\t<meta property=\"og:image:width\" content=\"655\" \/>\n\t\t<meta property=\"og:image:height\" content=\"360\" \/>\n\t\t<meta property=\"article:published_time\" content=\"2016-06-17T18:52:23+00:00\" \/>\n\t\t<meta property=\"article:modified_time\" content=\"2016-06-17T18:52:23+00:00\" \/>\n\t\t<meta name=\"twitter:card\" content=\"summary_large_image\" \/>\n\t\t<meta name=\"twitter:title\" content=\"Sevilla Startup Weekend Aerospace afronta la recta final antes de su celebraci\u00f3n | El Digital de Asturias\" \/>\n\t\t<meta name=\"twitter:description\" content=\"La Asociaci\u00f3n SevillaUP ultima la preparaci\u00f3n del primer Startup Weekend de Espa\u00f1a dedicado al sector aeroespacial, que se celebrar\u00e1 los d\u00edas 8, 9 y 10 de julio en el Edificio CREA en Sevilla y pueden adquirirse las entradas en &#039;sw.sevillaup.com&#039;. Esta asociaci\u00f3n, organizadora del evento, ha explicado en una nota que se encuentra inmersa en\" \/>\n\t\t<meta name=\"twitter:image\" content=\"https:\/\/eldigitaldeasturias.com\/magazine365\/wp-content\/uploads\/2016\/06\/m365.jpg\" \/>\n\t\t<script type=\"application\/ld+json\" class=\"aioseo-schema\">\n\t\t\t{\"@context\":\"https:\\\/\\\/schema.org\",\"@graph\":[{\"@type\":\"Article\",\"@id\":\"https:\\\/\\\/eldigitaldeasturias.com\\\/magazine365\\\/sevilla-startup-weekend-aerospace-afronta-la-recta-final-antes-de-su-celebracion\\\/#article\",\"name\":\"Sevilla Startup Weekend Aerospace afronta la recta final antes de su celebraci\\u00f3n | El Digital de Asturias\",\"headline\":\"Sevilla Startup Weekend Aerospace afronta la recta final antes de su celebraci\\u00f3n\",\"author\":{\"@id\":\"https:\\\/\\\/eldigitaldeasturias.com\\\/magazine365\\\/author\\\/admin\\\/#author\"},\"publisher\":{\"@id\":\"https:\\\/\\\/eldigitaldeasturias.com\\\/magazine365\\\/#organization\"},\"image\":{\"@type\":\"ImageObject\",\"url\":\"https:\\\/\\\/eldigitaldeasturias.com\\\/magazine365\\\/wp-content\\\/uploads\\\/2016\\\/06\\\/m365.jpg\",\"width\":655,\"height\":360},\"datePublished\":\"2016-06-17T20:52:23+02:00\",\"dateModified\":\"2016-06-17T20:52:23+02:00\",\"inLanguage\":\"es-ES\",\"mainEntityOfPage\":{\"@id\":\"https:\\\/\\\/eldigitaldeasturias.com\\\/magazine365\\\/sevilla-startup-weekend-aerospace-afronta-la-recta-final-antes-de-su-celebracion\\\/#webpage\"},\"isPartOf\":{\"@id\":\"https:\\\/\\\/eldigitaldeasturias.com\\\/magazine365\\\/sevilla-startup-weekend-aerospace-afronta-la-recta-final-antes-de-su-celebracion\\\/#webpage\"},\"articleSection\":\"Noticias y Actualidad\"},{\"@type\":\"BreadcrumbList\",\"@id\":\"https:\\\/\\\/eldigitaldeasturias.com\\\/magazine365\\\/sevilla-startup-weekend-aerospace-afronta-la-recta-final-antes-de-su-celebracion\\\/#breadcrumblist\",\"itemListElement\":[{\"@type\":\"ListItem\",\"@id\":\"https:\\\/\\\/eldigitaldeasturias.com\\\/magazine365#listItem\",\"position\":1,\"name\":\"Home\",\"item\":\"https:\\\/\\\/eldigitaldeasturias.com\\\/magazine365\",\"nextItem\":{\"@type\":\"ListItem\",\"@id\":\"https:\\\/\\\/eldigitaldeasturias.com\\\/magazine365\\\/category\\\/noticias-actualidad\\\/#listItem\",\"name\":\"Noticias y Actualidad\"}},{\"@type\":\"ListItem\",\"@id\":\"https:\\\/\\\/eldigitaldeasturias.com\\\/magazine365\\\/category\\\/noticias-actualidad\\\/#listItem\",\"position\":2,\"name\":\"Noticias y Actualidad\",\"item\":\"https:\\\/\\\/eldigitaldeasturias.com\\\/magazine365\\\/category\\\/noticias-actualidad\\\/\",\"nextItem\":{\"@type\":\"ListItem\",\"@id\":\"https:\\\/\\\/eldigitaldeasturias.com\\\/magazine365\\\/sevilla-startup-weekend-aerospace-afronta-la-recta-final-antes-de-su-celebracion\\\/#listItem\",\"name\":\"Sevilla Startup Weekend Aerospace afronta la recta final antes de su celebraci\\u00f3n\"},\"previousItem\":{\"@type\":\"ListItem\",\"@id\":\"https:\\\/\\\/eldigitaldeasturias.com\\\/magazine365#listItem\",\"name\":\"Home\"}},{\"@type\":\"ListItem\",\"@id\":\"https:\\\/\\\/eldigitaldeasturias.com\\\/magazine365\\\/sevilla-startup-weekend-aerospace-afronta-la-recta-final-antes-de-su-celebracion\\\/#listItem\",\"position\":3,\"name\":\"Sevilla Startup Weekend Aerospace afronta la recta final antes de su celebraci\\u00f3n\",\"previousItem\":{\"@type\":\"ListItem\",\"@id\":\"https:\\\/\\\/eldigitaldeasturias.com\\\/magazine365\\\/category\\\/noticias-actualidad\\\/#listItem\",\"name\":\"Noticias y Actualidad\"}}]},{\"@type\":\"Organization\",\"@id\":\"https:\\\/\\\/eldigitaldeasturias.com\\\/magazine365\\\/#organization\",\"name\":\"El digital de Asturias\",\"description\":\"Revista de ocio, turismo y estilo de vida\",\"url\":\"https:\\\/\\\/eldigitaldeasturias.com\\\/magazine365\\\/\",\"logo\":{\"@type\":\"ImageObject\",\"url\":\"https:\\\/\\\/www.eldigitaldeasturias.com\\\/noticias\\\/wp-content\\\/uploads\\\/2020\\\/12\\\/EDA.jpg\",\"@id\":\"https:\\\/\\\/eldigitaldeasturias.com\\\/magazine365\\\/sevilla-startup-weekend-aerospace-afronta-la-recta-final-antes-de-su-celebracion\\\/#organizationLogo\"},\"image\":{\"@id\":\"https:\\\/\\\/eldigitaldeasturias.com\\\/magazine365\\\/sevilla-startup-weekend-aerospace-afronta-la-recta-final-antes-de-su-celebracion\\\/#organizationLogo\"}},{\"@type\":\"Person\",\"@id\":\"https:\\\/\\\/eldigitaldeasturias.com\\\/magazine365\\\/author\\\/admin\\\/#author\",\"url\":\"https:\\\/\\\/eldigitaldeasturias.com\\\/magazine365\\\/author\\\/admin\\\/\",\"name\":\"admin\",\"image\":{\"@type\":\"ImageObject\",\"@id\":\"https:\\\/\\\/eldigitaldeasturias.com\\\/magazine365\\\/sevilla-startup-weekend-aerospace-afronta-la-recta-final-antes-de-su-celebracion\\\/#authorImage\",\"url\":\"https:\\\/\\\/eldigitaldeasturias.com\\\/magazine365\\\/wp-content\\\/litespeed\\\/avatar\\\/e571bcf59a0edd6fa6838245a470f2fe.jpg?ver=1776969259\",\"width\":96,\"height\":96,\"caption\":\"admin\"}},{\"@type\":\"WebPage\",\"@id\":\"https:\\\/\\\/eldigitaldeasturias.com\\\/magazine365\\\/sevilla-startup-weekend-aerospace-afronta-la-recta-final-antes-de-su-celebracion\\\/#webpage\",\"url\":\"https:\\\/\\\/eldigitaldeasturias.com\\\/magazine365\\\/sevilla-startup-weekend-aerospace-afronta-la-recta-final-antes-de-su-celebracion\\\/\",\"name\":\"Sevilla Startup Weekend Aerospace afronta la recta final antes de su celebraci\\u00f3n | El Digital de Asturias\",\"description\":\"La Asociaci\\u00f3n SevillaUP ultima la preparaci\\u00f3n del primer Startup Weekend de Espa\\u00f1a dedicado al sector aeroespacial, que se celebrar\\u00e1 los d\\u00edas 8, 9 y 10 de julio en el Edificio CREA en Sevilla y pueden adquirirse las entradas en 'sw.sevillaup.com'. Esta asociaci\\u00f3n, organizadora del evento, ha explicado en una nota que se encuentra inmersa en\",\"inLanguage\":\"es-ES\",\"isPartOf\":{\"@id\":\"https:\\\/\\\/eldigitaldeasturias.com\\\/magazine365\\\/#website\"},\"breadcrumb\":{\"@id\":\"https:\\\/\\\/eldigitaldeasturias.com\\\/magazine365\\\/sevilla-startup-weekend-aerospace-afronta-la-recta-final-antes-de-su-celebracion\\\/#breadcrumblist\"},\"author\":{\"@id\":\"https:\\\/\\\/eldigitaldeasturias.com\\\/magazine365\\\/author\\\/admin\\\/#author\"},\"creator\":{\"@id\":\"https:\\\/\\\/eldigitaldeasturias.com\\\/magazine365\\\/author\\\/admin\\\/#author\"},\"image\":{\"@type\":\"ImageObject\",\"url\":\"https:\\\/\\\/eldigitaldeasturias.com\\\/magazine365\\\/wp-content\\\/uploads\\\/2016\\\/06\\\/m365.jpg\",\"@id\":\"https:\\\/\\\/eldigitaldeasturias.com\\\/magazine365\\\/sevilla-startup-weekend-aerospace-afronta-la-recta-final-antes-de-su-celebracion\\\/#mainImage\",\"width\":655,\"height\":360},\"primaryImageOfPage\":{\"@id\":\"https:\\\/\\\/eldigitaldeasturias.com\\\/magazine365\\\/sevilla-startup-weekend-aerospace-afronta-la-recta-final-antes-de-su-celebracion\\\/#mainImage\"},\"datePublished\":\"2016-06-17T20:52:23+02:00\",\"dateModified\":\"2016-06-17T20:52:23+02:00\"},{\"@type\":\"WebSite\",\"@id\":\"https:\\\/\\\/eldigitaldeasturias.com\\\/magazine365\\\/#website\",\"url\":\"https:\\\/\\\/eldigitaldeasturias.com\\\/magazine365\\\/\",\"name\":\"El Digital de Asturias\",\"description\":\"Revista de ocio, turismo y estilo de vida\",\"inLanguage\":\"es-ES\",\"publisher\":{\"@id\":\"https:\\\/\\\/eldigitaldeasturias.com\\\/magazine365\\\/#organization\"}}]}\n\t\t<\/script>\n\t\t<!-- All in One SEO Pro -->\r\n\t\t<title>Sevilla Startup Weekend Aerospace afronta la recta final antes de su celebraci\u00f3n | El Digital de Asturias<\/title>\n\n","aioseo_head_json":{"title":"Sevilla Startup Weekend Aerospace afronta la recta final antes de su celebraci\u00f3n | El Digital de Asturias","description":"La Asociaci\u00f3n SevillaUP ultima la preparaci\u00f3n del primer Startup Weekend de Espa\u00f1a dedicado al sector aeroespacial, que se celebrar\u00e1 los d\u00edas 8, 9 y 10 de julio en el Edificio CREA en Sevilla y pueden adquirirse las entradas en 'sw.sevillaup.com'. Esta asociaci\u00f3n, organizadora del evento, ha explicado en una nota que se encuentra inmersa en","canonical_url":"https:\/\/eldigitaldeasturias.com\/magazine365\/sevilla-startup-weekend-aerospace-afronta-la-recta-final-antes-de-su-celebracion\/","robots":"max-image-preview:large","keywords":"noticias y actualidad","webmasterTools":{"google-site-verification":"UA-38556648-1","miscellaneous":""},"schema":{"@context":"https:\/\/schema.org","@graph":[{"@type":"Article","@id":"https:\/\/eldigitaldeasturias.com\/magazine365\/sevilla-startup-weekend-aerospace-afronta-la-recta-final-antes-de-su-celebracion\/#article","name":"Sevilla Startup Weekend Aerospace afronta la recta final antes de su celebraci\u00f3n | El Digital de Asturias","headline":"Sevilla Startup Weekend Aerospace afronta la recta final antes de su celebraci\u00f3n","author":{"@id":"https:\/\/eldigitaldeasturias.com\/magazine365\/author\/admin\/#author"},"publisher":{"@id":"https:\/\/eldigitaldeasturias.com\/magazine365\/#organization"},"image":{"@type":"ImageObject","url":"https:\/\/eldigitaldeasturias.com\/magazine365\/wp-content\/uploads\/2016\/06\/m365.jpg","width":655,"height":360},"datePublished":"2016-06-17T20:52:23+02:00","dateModified":"2016-06-17T20:52:23+02:00","inLanguage":"es-ES","mainEntityOfPage":{"@id":"https:\/\/eldigitaldeasturias.com\/magazine365\/sevilla-startup-weekend-aerospace-afronta-la-recta-final-antes-de-su-celebracion\/#webpage"},"isPartOf":{"@id":"https:\/\/eldigitaldeasturias.com\/magazine365\/sevilla-startup-weekend-aerospace-afronta-la-recta-final-antes-de-su-celebracion\/#webpage"},"articleSection":"Noticias y Actualidad"},{"@type":"BreadcrumbList","@id":"https:\/\/eldigitaldeasturias.com\/magazine365\/sevilla-startup-weekend-aerospace-afronta-la-recta-final-antes-de-su-celebracion\/#breadcrumblist","itemListElement":[{"@type":"ListItem","@id":"https:\/\/eldigitaldeasturias.com\/magazine365#listItem","position":1,"name":"Home","item":"https:\/\/eldigitaldeasturias.com\/magazine365","nextItem":{"@type":"ListItem","@id":"https:\/\/eldigitaldeasturias.com\/magazine365\/category\/noticias-actualidad\/#listItem","name":"Noticias y Actualidad"}},{"@type":"ListItem","@id":"https:\/\/eldigitaldeasturias.com\/magazine365\/category\/noticias-actualidad\/#listItem","position":2,"name":"Noticias y Actualidad","item":"https:\/\/eldigitaldeasturias.com\/magazine365\/category\/noticias-actualidad\/","nextItem":{"@type":"ListItem","@id":"https:\/\/eldigitaldeasturias.com\/magazine365\/sevilla-startup-weekend-aerospace-afronta-la-recta-final-antes-de-su-celebracion\/#listItem","name":"Sevilla Startup Weekend Aerospace afronta la recta final antes de su celebraci\u00f3n"},"previousItem":{"@type":"ListItem","@id":"https:\/\/eldigitaldeasturias.com\/magazine365#listItem","name":"Home"}},{"@type":"ListItem","@id":"https:\/\/eldigitaldeasturias.com\/magazine365\/sevilla-startup-weekend-aerospace-afronta-la-recta-final-antes-de-su-celebracion\/#listItem","position":3,"name":"Sevilla Startup Weekend Aerospace afronta la recta final antes de su celebraci\u00f3n","previousItem":{"@type":"ListItem","@id":"https:\/\/eldigitaldeasturias.com\/magazine365\/category\/noticias-actualidad\/#listItem","name":"Noticias y Actualidad"}}]},{"@type":"Organization","@id":"https:\/\/eldigitaldeasturias.com\/magazine365\/#organization","name":"El digital de Asturias","description":"Revista de ocio, turismo y estilo de vida","url":"https:\/\/eldigitaldeasturias.com\/magazine365\/","logo":{"@type":"ImageObject","url":"https:\/\/www.eldigitaldeasturias.com\/noticias\/wp-content\/uploads\/2020\/12\/EDA.jpg","@id":"https:\/\/eldigitaldeasturias.com\/magazine365\/sevilla-startup-weekend-aerospace-afronta-la-recta-final-antes-de-su-celebracion\/#organizationLogo"},"image":{"@id":"https:\/\/eldigitaldeasturias.com\/magazine365\/sevilla-startup-weekend-aerospace-afronta-la-recta-final-antes-de-su-celebracion\/#organizationLogo"}},{"@type":"Person","@id":"https:\/\/eldigitaldeasturias.com\/magazine365\/author\/admin\/#author","url":"https:\/\/eldigitaldeasturias.com\/magazine365\/author\/admin\/","name":"admin","image":{"@type":"ImageObject","@id":"https:\/\/eldigitaldeasturias.com\/magazine365\/sevilla-startup-weekend-aerospace-afronta-la-recta-final-antes-de-su-celebracion\/#authorImage","url":"https:\/\/eldigitaldeasturias.com\/magazine365\/wp-content\/litespeed\/avatar\/e571bcf59a0edd6fa6838245a470f2fe.jpg?ver=1776969259","width":96,"height":96,"caption":"admin"}},{"@type":"WebPage","@id":"https:\/\/eldigitaldeasturias.com\/magazine365\/sevilla-startup-weekend-aerospace-afronta-la-recta-final-antes-de-su-celebracion\/#webpage","url":"https:\/\/eldigitaldeasturias.com\/magazine365\/sevilla-startup-weekend-aerospace-afronta-la-recta-final-antes-de-su-celebracion\/","name":"Sevilla Startup Weekend Aerospace afronta la recta final antes de su celebraci\u00f3n | El Digital de Asturias","description":"La Asociaci\u00f3n SevillaUP ultima la preparaci\u00f3n del primer Startup Weekend de Espa\u00f1a dedicado al sector aeroespacial, que se celebrar\u00e1 los d\u00edas 8, 9 y 10 de julio en el Edificio CREA en Sevilla y pueden adquirirse las entradas en 'sw.sevillaup.com'. Esta asociaci\u00f3n, organizadora del evento, ha explicado en una nota que se encuentra inmersa en","inLanguage":"es-ES","isPartOf":{"@id":"https:\/\/eldigitaldeasturias.com\/magazine365\/#website"},"breadcrumb":{"@id":"https:\/\/eldigitaldeasturias.com\/magazine365\/sevilla-startup-weekend-aerospace-afronta-la-recta-final-antes-de-su-celebracion\/#breadcrumblist"},"author":{"@id":"https:\/\/eldigitaldeasturias.com\/magazine365\/author\/admin\/#author"},"creator":{"@id":"https:\/\/eldigitaldeasturias.com\/magazine365\/author\/admin\/#author"},"image":{"@type":"ImageObject","url":"https:\/\/eldigitaldeasturias.com\/magazine365\/wp-content\/uploads\/2016\/06\/m365.jpg","@id":"https:\/\/eldigitaldeasturias.com\/magazine365\/sevilla-startup-weekend-aerospace-afronta-la-recta-final-antes-de-su-celebracion\/#mainImage","width":655,"height":360},"primaryImageOfPage":{"@id":"https:\/\/eldigitaldeasturias.com\/magazine365\/sevilla-startup-weekend-aerospace-afronta-la-recta-final-antes-de-su-celebracion\/#mainImage"},"datePublished":"2016-06-17T20:52:23+02:00","dateModified":"2016-06-17T20:52:23+02:00"},{"@type":"WebSite","@id":"https:\/\/eldigitaldeasturias.com\/magazine365\/#website","url":"https:\/\/eldigitaldeasturias.com\/magazine365\/","name":"El Digital de Asturias","description":"Revista de ocio, turismo y estilo de vida","inLanguage":"es-ES","publisher":{"@id":"https:\/\/eldigitaldeasturias.com\/magazine365\/#organization"}}]},"og:locale":"es_ES","og:site_name":"El Digital de Asturias \u2013 Revista de ocio, turismo y estilo de vida","og:type":"article","og:title":"Sevilla Startup Weekend Aerospace afronta la recta final antes de su celebraci\u00f3n | El Digital de Asturias","og:description":"La Asociaci\u00f3n SevillaUP ultima la preparaci\u00f3n del primer Startup Weekend de Espa\u00f1a dedicado al sector aeroespacial, que se celebrar\u00e1 los d\u00edas 8, 9 y 10 de julio en el Edificio CREA en Sevilla y pueden adquirirse las entradas en 'sw.sevillaup.com'. Esta asociaci\u00f3n, organizadora del evento, ha explicado en una nota que se encuentra inmersa en","og:url":"https:\/\/eldigitaldeasturias.com\/magazine365\/sevilla-startup-weekend-aerospace-afronta-la-recta-final-antes-de-su-celebracion\/","og:image":"https:\/\/eldigitaldeasturias.com\/magazine365\/wp-content\/uploads\/2016\/06\/m365.jpg","og:image:secure_url":"https:\/\/eldigitaldeasturias.com\/magazine365\/wp-content\/uploads\/2016\/06\/m365.jpg","og:image:width":655,"og:image:height":360,"article:published_time":"2016-06-17T18:52:23+00:00","article:modified_time":"2016-06-17T18:52:23+00:00","twitter:card":"summary_large_image","twitter:title":"Sevilla Startup Weekend Aerospace afronta la recta final antes de su celebraci\u00f3n | El Digital de Asturias","twitter:description":"La Asociaci\u00f3n SevillaUP ultima la preparaci\u00f3n del primer Startup Weekend de Espa\u00f1a dedicado al sector aeroespacial, que se celebrar\u00e1 los d\u00edas 8, 9 y 10 de julio en el Edificio CREA en Sevilla y pueden adquirirse las entradas en 'sw.sevillaup.com'. Esta asociaci\u00f3n, organizadora del evento, ha explicado en una nota que se encuentra inmersa en","twitter:image":"https:\/\/eldigitaldeasturias.com\/magazine365\/wp-content\/uploads\/2016\/06\/m365.jpg"},"aioseo_meta_data":{"post_id":"79985","title":null,"description":null,"keywords":null,"keyphrases":null,"primary_term":null,"canonical_url":null,"og_title":null,"og_description":null,"og_object_type":"default","og_image_type":"default","og_image_url":null,"og_image_width":null,"og_image_height":null,"og_image_custom_url":null,"og_image_custom_fields":null,"og_video":null,"og_custom_url":null,"og_article_section":null,"og_article_tags":null,"twitter_use_og":false,"twitter_card":"default","twitter_image_type":"default","twitter_image_url":null,"twitter_image_custom_url":null,"twitter_image_custom_fields":null,"twitter_title":null,"twitter_description":null,"schema":{"blockGraphs":[],"customGraphs":[],"default":{"data":{"Article":[],"Course":[],"Dataset":[],"FAQPage":[],"Movie":[],"Person":[],"Product":[],"ProductReview":[],"Car":[],"Recipe":[],"Service":[],"SoftwareApplication":[],"WebPage":[]},"graphName":"","isEnabled":true},"graphs":[],"defaultGraph":"","defaultPostTypeGraph":""},"schema_type":null,"schema_type_options":null,"pillar_content":false,"robots_default":true,"robots_noindex":false,"robots_noarchive":false,"robots_nosnippet":false,"robots_nofollow":false,"robots_noimageindex":false,"robots_noodp":false,"robots_notranslate":false,"robots_max_snippet":null,"robots_max_videopreview":null,"robots_max_imagepreview":"large","priority":null,"frequency":null,"location":null,"local_seo":null,"seo_analyzer_scan_date":"2025-09-27 20:01:05","breadcrumb_settings":null,"limit_modified_date":false,"open_ai":null,"ai":null,"created":"2021-03-08 17:41:34","updated":"2025-09-27 20:01:05"},"aioseo_breadcrumb":"<div class=\"aioseo-breadcrumbs\"><span class=\"aioseo-breadcrumb\">\n\t<a href=\"https:\/\/eldigitaldeasturias.com\/magazine365\" title=\"Home\">Home<\/a>\n<\/span><span class=\"aioseo-breadcrumb-separator\">\u2013<\/span><span class=\"aioseo-breadcrumb\">\n\t<a href=\"https:\/\/eldigitaldeasturias.com\/magazine365\/category\/noticias-actualidad\/\" title=\"Noticias y Actualidad\">Noticias y Actualidad<\/a>\n<\/span><span class=\"aioseo-breadcrumb-separator\">\u2013<\/span><span class=\"aioseo-breadcrumb\">\n\t<a href=\"https:\/\/eldigitaldeasturias.com\/magazine365\/sevilla-startup-weekend-aerospace-afronta-la-recta-final-antes-de-su-celebracion\/\" title=\"Sevilla Startup Weekend Aerospace afronta la recta final antes de su celebraci\u00f3n\">Sevilla Startup Weekend Aerospace afronta la recta final antes de su celebraci\u00f3n<\/a>\n<\/span><\/div>","aioseo_breadcrumb_json":[{"label":"Home","link":"https:\/\/eldigitaldeasturias.com\/magazine365"},{"label":"Noticias y Actualidad","link":"https:\/\/eldigitaldeasturias.com\/magazine365\/category\/noticias-actualidad\/"},{"label":"Sevilla Startup Weekend Aerospace afronta la recta final antes de su celebraci\u00f3n","link":"https:\/\/eldigitaldeasturias.com\/magazine365\/sevilla-startup-weekend-aerospace-afronta-la-recta-final-antes-de-su-celebracion\/"}],"_links":{"self":[{"href":"https:\/\/eldigitaldeasturias.com\/magazine365\/wp-json\/wp\/v2\/posts\/79985","targetHints":{"allow":["GET"]}}],"collection":[{"href":"https:\/\/eldigitaldeasturias.com\/magazine365\/wp-json\/wp\/v2\/posts"}],"about":[{"href":"https:\/\/eldigitaldeasturias.com\/magazine365\/wp-json\/wp\/v2\/types\/post"}],"author":[{"embeddable":true,"href":"https:\/\/eldigitaldeasturias.com\/magazine365\/wp-json\/wp\/v2\/users\/1"}],"replies":[{"embeddable":true,"href":"https:\/\/eldigitaldeasturias.com\/magazine365\/wp-json\/wp\/v2\/comments?post=79985"}],"version-history":[{"count":0,"href":"https:\/\/eldigitaldeasturias.com\/magazine365\/wp-json\/wp\/v2\/posts\/79985\/revisions"}],"wp:featuredmedia":[{"embeddable":true,"href":"https:\/\/eldigitaldeasturias.com\/magazine365\/wp-json\/wp\/v2\/media\/77926"}],"wp:attachment":[{"href":"https:\/\/eldigitaldeasturias.com\/magazine365\/wp-json\/wp\/v2\/media?parent=79985"}],"wp:term":[{"taxonomy":"category","embeddable":true,"href":"https:\/\/eldigitaldeasturias.com\/magazine365\/wp-json\/wp\/v2\/categories?post=79985"},{"taxonomy":"post_tag","embeddable":true,"href":"https:\/\/eldigitaldeasturias.com\/magazine365\/wp-json\/wp\/v2\/tags?post=79985"}],"curies":[{"name":"wp","href":"https:\/\/api.w.org\/{rel}","templated":true}]}}