{"id":79982,"date":"2016-06-17T20:51:32","date_gmt":"2016-06-17T18:51:32","guid":{"rendered":"http:\/\/eldigitaldeasturias.com\/magazine365\/?p=79982"},"modified":"2016-06-17T20:51:40","modified_gmt":"2016-06-17T18:51:40","slug":"establecimientos-de-velez-reciben-distinciones-por-estar-adheridos-a-la-gran-senda","status":"publish","type":"post","link":"https:\/\/eldigitaldeasturias.com\/magazine365\/establecimientos-de-velez-reciben-distinciones-por-estar-adheridos-a-la-gran-senda\/","title":{"rendered":"Establecimientos de V\u00e9lez reciben distinciones por estar adheridos a la Gran Senda"},"content":{"rendered":"<p><img fetchpriority=\"high\" decoding=\"async\" class=\"alignleft size-medium wp-image-79983\" src=\"https:\/\/eldigitaldeasturias.com\/magazine365\/wp-content\/uploads\/2016\/06\/fotonoticia_20160617183843_800-360x241.jpg\" alt=\"fotonoticia_20160617183843_800\" width=\"360\" height=\"241\" srcset=\"https:\/\/eldigitaldeasturias.com\/magazine365\/wp-content\/uploads\/2016\/06\/fotonoticia_20160617183843_800-360x241.jpg 360w, https:\/\/eldigitaldeasturias.com\/magazine365\/wp-content\/uploads\/2016\/06\/fotonoticia_20160617183843_800-650x435.jpg 650w, https:\/\/eldigitaldeasturias.com\/magazine365\/wp-content\/uploads\/2016\/06\/fotonoticia_20160617183843_800-768x514.jpg 768w, https:\/\/eldigitaldeasturias.com\/magazine365\/wp-content\/uploads\/2016\/06\/fotonoticia_20160617183843_800-150x100.jpg 150w, https:\/\/eldigitaldeasturias.com\/magazine365\/wp-content\/uploads\/2016\/06\/fotonoticia_20160617183843_800-450x301.jpg 450w, https:\/\/eldigitaldeasturias.com\/magazine365\/wp-content\/uploads\/2016\/06\/fotonoticia_20160617183843_800.jpg 800w\" sizes=\"(max-width: 360px) 100vw, 360px\" \/>El sal\u00f3n de plenos del Ayuntamiento de la localidad malague\u00f1a de V\u00e9lez-M\u00e1laga ha acogido este viernes la entrega de distinciones a los tres establecimientos del municipio, como son Andalus\u00edes 4&#215;4, Personalizaciones Axarqu\u00eda y Restaurante Lo Pepe Molina, que se encuentran adheridos a la Gran Senda.<\/p>\n<p>El alcalde de V\u00e9lez-M\u00e1laga, Antonio Moreno Ferrer; el concejal de Medio Ambiente, Marcelino M\u00e9ndez-Trelles, y el diputado de Sostenibilidad, Francisco Delgado Bonilla, han otorgado el material a los propietarios de los negocios, concedido por la Diputaci\u00f3n.<\/p>\n<p>El regidor vele\u00f1o ha se\u00f1alado que \u00abuno de los principales motivos de actos de este tipo es el de poder contar con ese corredor verde, que puedan disfrutar nuestros vecinos y que transcurra por esta senda, sumando adem\u00e1s las colaboraciones que nos prestan distintas empresas\u00bb.<\/p>\n<p>\u00abEs un motivo de satisfacci\u00f3n sobre todo para aquellas zonas que se puedan dedicar al ocio y a las opciones de recreo, y que permitan a los senderistas conocerlas y disfrutarlas as\u00ed como acercarse a este municipio\u00bb, ha comentado Moreno Ferrer.<\/p>\n<p>El concejal de Medio Ambiente, Marcelino M\u00e9ndez-Trelles, ha comentado que esta ruta \u00abpretende incorporar la variedad territorial y ambiental que tenemos en el municipio, aunando turismo, deporte, medio ambiente y las oportunidades de empleo, fomentando el desarrollo integrado de la provincia de M\u00e1laga desde la perspectiva del enfoque sostenible\u00bb.<\/p>\n<p>El diputado Francisco Delgado Bonilla, por su parte, ha resaltado la colaboraci\u00f3n entre el Consistorio de V\u00e9lez-M\u00e1laga y la Diputaci\u00f3n de M\u00e1laga, y ha agradecido al Ayuntamiento \u00abque la Gran Senda sea una realidad\u00bb.<\/p>\n<p>La Gran Senda es una ruta que incorpora la variedad territorial y ambiental de la provincia. Se integra en un recorrido para fomentar el inter\u00e9s por espacios naturales y promoviendo las visitas a los municipios malague\u00f1os.<\/p>\n<h2 class=\"ladillo\">JORNADA DEL MANGO Y AGUACATE<\/h2>\n<p>Por otro lado, Morreno Ferrer ha clausurado este viernes la decimotercera edici\u00f3n de la Jornada del Mango y Aguacate, organizada por la Sociedad Agraria de Transformaci\u00f3n Trops en las instalaciones que cuentan en el n\u00facleo de Trapiche.<\/p>\n<p>Al acto han asistido el presidente de Trops, Jos\u00e9 Lorca; el gerente de dicha sociedad, Enrique Colilles; el representante del departamento t\u00e9cnico, David Sarmiento, y el director territorial de Cajamar de Andaluc\u00eda Occidental, Carlos S\u00e1nchez.<\/p>\n<p>El alcalde ha indicado que dicho encuentro \u00abes un punto perfecto para compartir experiencias y adquirir nuevos conocimientos, como pueden ser los nuevos avances agr\u00edcolas y m\u00e9todos para mejorar la producci\u00f3n en el sector de los subtropicales, uno de los principales pilares econ\u00f3micos de nuestro municipio\u00bb.<\/p>\n<p>Asimismo, Moreno Ferrer ha destacado el papel de Trops, \u00abuna de las principales exportadoras de aguacate y mango en toda Europa, y que constituye un ejemplo de la comercializaci\u00f3n internacional y todo un referente que apuesta por la innovaci\u00f3n y su apertura a nuevos mercados\u00bb.<\/p>\n<p>La jornada, a la que han asistido cerca de 500 participantes, ha contado con ponencias de representantes de la propia sociedad Trops, as\u00ed como de investigadores del Instituto de Hortofruticultura Subtropical y Mediterr\u00e1nea de La Mayora, ubicado en el municipio malague\u00f1o de Algarrobo.<\/p>\n<p>Entre algunos de los temas tratados en las charlas se han abordado las necesidades clim\u00e1ticas, el riego y la nutrici\u00f3n del mango, as\u00ed como las plagas y enfermedades que pueden afectar a este fruto, las variedades de aguacate y diversos aspectos relacionados con la comercializaci\u00f3n de dichos productos.<\/p>\n<p>Trops es una empresa puntera en producci\u00f3n y comercializaci\u00f3n de fruta tropical, que cuenta con m\u00e1s de 2.000 agricultores asociados y el a\u00f1o pasado gener\u00f3 una facturaci\u00f3n de m\u00e1s de 70 millones de euros.<\/p>\n","protected":false},"excerpt":{"rendered":"<p>El sal\u00f3n de plenos del Ayuntamiento de la localidad malague\u00f1a de V\u00e9lez-M\u00e1laga ha acogido este viernes la entrega de distinciones a los tres establecimientos del municipio, como son Andalus\u00edes 4&#215;4, Personalizaciones Axarqu\u00eda y Restaurante Lo Pepe Molina, que se encuentran adheridos a la Gran Senda. El alcalde de V\u00e9lez-M\u00e1laga, Antonio Moreno Ferrer; el concejal de<\/p>\n","protected":false},"author":1,"featured_media":79983,"comment_status":"open","ping_status":"closed","sticky":false,"template":"","format":"standard","meta":{"footnotes":""},"categories":[224],"tags":[],"class_list":{"0":"post-79982","1":"post","2":"type-post","3":"status-publish","4":"format-standard","5":"has-post-thumbnail","7":"category-noticias-actualidad"},"aioseo_notices":[],"aioseo_head":"\n\t\t<!-- All in One SEO Pro 4.9.6.1 - aioseo.com -->\n\t<meta name=\"description\" content=\"El sal\u00f3n de plenos del Ayuntamiento de la localidad malague\u00f1a de V\u00e9lez-M\u00e1laga ha acogido este viernes la entrega de distinciones a los tres establecimientos del municipio, como son Andalus\u00edes 4x4, Personalizaciones Axarqu\u00eda y Restaurante Lo Pepe Molina, que se encuentran adheridos a la Gran Senda. El alcalde de V\u00e9lez-M\u00e1laga, Antonio Moreno Ferrer; el concejal de\" \/>\n\t<meta name=\"robots\" content=\"max-image-preview:large\" \/>\n\t<meta name=\"author\" content=\"admin\"\/>\n\t<meta name=\"google-site-verification\" content=\"UA-38556648-1\" \/>\n\t<meta name=\"keywords\" content=\"noticias y actualidad\" \/>\n\t<link rel=\"canonical\" href=\"https:\/\/eldigitaldeasturias.com\/magazine365\/establecimientos-de-velez-reciben-distinciones-por-estar-adheridos-a-la-gran-senda\/\" \/>\n\t<meta name=\"generator\" content=\"All in One SEO Pro (AIOSEO) 4.9.6.1\" \/>\n\t\t<meta property=\"og:locale\" content=\"es_ES\" \/>\n\t\t<meta property=\"og:site_name\" content=\"El Digital de Asturias \u2013 Revista de ocio, turismo y estilo de vida\" \/>\n\t\t<meta property=\"og:type\" content=\"article\" \/>\n\t\t<meta property=\"og:title\" content=\"Establecimientos de V\u00e9lez reciben distinciones por estar adheridos a la Gran Senda | El Digital de Asturias\" \/>\n\t\t<meta property=\"og:description\" content=\"El sal\u00f3n de plenos del Ayuntamiento de la localidad malague\u00f1a de V\u00e9lez-M\u00e1laga ha acogido este viernes la entrega de distinciones a los tres establecimientos del municipio, como son Andalus\u00edes 4x4, Personalizaciones Axarqu\u00eda y Restaurante Lo Pepe Molina, que se encuentran adheridos a la Gran Senda. El alcalde de V\u00e9lez-M\u00e1laga, Antonio Moreno Ferrer; el concejal de\" \/>\n\t\t<meta property=\"og:url\" content=\"https:\/\/eldigitaldeasturias.com\/magazine365\/establecimientos-de-velez-reciben-distinciones-por-estar-adheridos-a-la-gran-senda\/\" \/>\n\t\t<meta property=\"og:image\" content=\"https:\/\/eldigitaldeasturias.com\/magazine365\/wp-content\/uploads\/2016\/06\/fotonoticia_20160617183843_800.jpg\" \/>\n\t\t<meta property=\"og:image:secure_url\" content=\"https:\/\/eldigitaldeasturias.com\/magazine365\/wp-content\/uploads\/2016\/06\/fotonoticia_20160617183843_800.jpg\" \/>\n\t\t<meta property=\"og:image:width\" content=\"800\" \/>\n\t\t<meta property=\"og:image:height\" content=\"535\" \/>\n\t\t<meta property=\"article:published_time\" content=\"2016-06-17T18:51:32+00:00\" \/>\n\t\t<meta property=\"article:modified_time\" content=\"2016-06-17T18:51:40+00:00\" \/>\n\t\t<meta name=\"twitter:card\" content=\"summary_large_image\" \/>\n\t\t<meta name=\"twitter:title\" content=\"Establecimientos de V\u00e9lez reciben distinciones por estar adheridos a la Gran Senda | El Digital de Asturias\" \/>\n\t\t<meta name=\"twitter:description\" content=\"El sal\u00f3n de plenos del Ayuntamiento de la localidad malague\u00f1a de V\u00e9lez-M\u00e1laga ha acogido este viernes la entrega de distinciones a los tres establecimientos del municipio, como son Andalus\u00edes 4x4, Personalizaciones Axarqu\u00eda y Restaurante Lo Pepe Molina, que se encuentran adheridos a la Gran Senda. El alcalde de V\u00e9lez-M\u00e1laga, Antonio Moreno Ferrer; el concejal de\" \/>\n\t\t<meta name=\"twitter:image\" content=\"https:\/\/eldigitaldeasturias.com\/magazine365\/wp-content\/uploads\/2016\/06\/fotonoticia_20160617183843_800.jpg\" \/>\n\t\t<script type=\"application\/ld+json\" class=\"aioseo-schema\">\n\t\t\t{\"@context\":\"https:\\\/\\\/schema.org\",\"@graph\":[{\"@type\":\"Article\",\"@id\":\"https:\\\/\\\/eldigitaldeasturias.com\\\/magazine365\\\/establecimientos-de-velez-reciben-distinciones-por-estar-adheridos-a-la-gran-senda\\\/#article\",\"name\":\"Establecimientos de V\\u00e9lez reciben distinciones por estar adheridos a la Gran Senda | El Digital de Asturias\",\"headline\":\"Establecimientos de V\\u00e9lez reciben distinciones por estar adheridos a la Gran Senda\",\"author\":{\"@id\":\"https:\\\/\\\/eldigitaldeasturias.com\\\/magazine365\\\/author\\\/admin\\\/#author\"},\"publisher\":{\"@id\":\"https:\\\/\\\/eldigitaldeasturias.com\\\/magazine365\\\/#organization\"},\"image\":{\"@type\":\"ImageObject\",\"url\":\"https:\\\/\\\/eldigitaldeasturias.com\\\/magazine365\\\/wp-content\\\/uploads\\\/2016\\\/06\\\/fotonoticia_20160617183843_800.jpg\",\"width\":800,\"height\":535},\"datePublished\":\"2016-06-17T20:51:32+02:00\",\"dateModified\":\"2016-06-17T20:51:40+02:00\",\"inLanguage\":\"es-ES\",\"mainEntityOfPage\":{\"@id\":\"https:\\\/\\\/eldigitaldeasturias.com\\\/magazine365\\\/establecimientos-de-velez-reciben-distinciones-por-estar-adheridos-a-la-gran-senda\\\/#webpage\"},\"isPartOf\":{\"@id\":\"https:\\\/\\\/eldigitaldeasturias.com\\\/magazine365\\\/establecimientos-de-velez-reciben-distinciones-por-estar-adheridos-a-la-gran-senda\\\/#webpage\"},\"articleSection\":\"Noticias y Actualidad\"},{\"@type\":\"BreadcrumbList\",\"@id\":\"https:\\\/\\\/eldigitaldeasturias.com\\\/magazine365\\\/establecimientos-de-velez-reciben-distinciones-por-estar-adheridos-a-la-gran-senda\\\/#breadcrumblist\",\"itemListElement\":[{\"@type\":\"ListItem\",\"@id\":\"https:\\\/\\\/eldigitaldeasturias.com\\\/magazine365#listItem\",\"position\":1,\"name\":\"Home\",\"item\":\"https:\\\/\\\/eldigitaldeasturias.com\\\/magazine365\",\"nextItem\":{\"@type\":\"ListItem\",\"@id\":\"https:\\\/\\\/eldigitaldeasturias.com\\\/magazine365\\\/category\\\/noticias-actualidad\\\/#listItem\",\"name\":\"Noticias y Actualidad\"}},{\"@type\":\"ListItem\",\"@id\":\"https:\\\/\\\/eldigitaldeasturias.com\\\/magazine365\\\/category\\\/noticias-actualidad\\\/#listItem\",\"position\":2,\"name\":\"Noticias y Actualidad\",\"item\":\"https:\\\/\\\/eldigitaldeasturias.com\\\/magazine365\\\/category\\\/noticias-actualidad\\\/\",\"nextItem\":{\"@type\":\"ListItem\",\"@id\":\"https:\\\/\\\/eldigitaldeasturias.com\\\/magazine365\\\/establecimientos-de-velez-reciben-distinciones-por-estar-adheridos-a-la-gran-senda\\\/#listItem\",\"name\":\"Establecimientos de V\\u00e9lez reciben distinciones por estar adheridos a la Gran Senda\"},\"previousItem\":{\"@type\":\"ListItem\",\"@id\":\"https:\\\/\\\/eldigitaldeasturias.com\\\/magazine365#listItem\",\"name\":\"Home\"}},{\"@type\":\"ListItem\",\"@id\":\"https:\\\/\\\/eldigitaldeasturias.com\\\/magazine365\\\/establecimientos-de-velez-reciben-distinciones-por-estar-adheridos-a-la-gran-senda\\\/#listItem\",\"position\":3,\"name\":\"Establecimientos de V\\u00e9lez reciben distinciones por estar adheridos a la Gran Senda\",\"previousItem\":{\"@type\":\"ListItem\",\"@id\":\"https:\\\/\\\/eldigitaldeasturias.com\\\/magazine365\\\/category\\\/noticias-actualidad\\\/#listItem\",\"name\":\"Noticias y Actualidad\"}}]},{\"@type\":\"Organization\",\"@id\":\"https:\\\/\\\/eldigitaldeasturias.com\\\/magazine365\\\/#organization\",\"name\":\"El digital de Asturias\",\"description\":\"Revista de ocio, turismo y estilo de vida\",\"url\":\"https:\\\/\\\/eldigitaldeasturias.com\\\/magazine365\\\/\",\"logo\":{\"@type\":\"ImageObject\",\"url\":\"https:\\\/\\\/www.eldigitaldeasturias.com\\\/noticias\\\/wp-content\\\/uploads\\\/2020\\\/12\\\/EDA.jpg\",\"@id\":\"https:\\\/\\\/eldigitaldeasturias.com\\\/magazine365\\\/establecimientos-de-velez-reciben-distinciones-por-estar-adheridos-a-la-gran-senda\\\/#organizationLogo\"},\"image\":{\"@id\":\"https:\\\/\\\/eldigitaldeasturias.com\\\/magazine365\\\/establecimientos-de-velez-reciben-distinciones-por-estar-adheridos-a-la-gran-senda\\\/#organizationLogo\"}},{\"@type\":\"Person\",\"@id\":\"https:\\\/\\\/eldigitaldeasturias.com\\\/magazine365\\\/author\\\/admin\\\/#author\",\"url\":\"https:\\\/\\\/eldigitaldeasturias.com\\\/magazine365\\\/author\\\/admin\\\/\",\"name\":\"admin\",\"image\":{\"@type\":\"ImageObject\",\"@id\":\"https:\\\/\\\/eldigitaldeasturias.com\\\/magazine365\\\/establecimientos-de-velez-reciben-distinciones-por-estar-adheridos-a-la-gran-senda\\\/#authorImage\",\"url\":\"https:\\\/\\\/eldigitaldeasturias.com\\\/magazine365\\\/wp-content\\\/litespeed\\\/avatar\\\/e571bcf59a0edd6fa6838245a470f2fe.jpg?ver=1776969259\",\"width\":96,\"height\":96,\"caption\":\"admin\"}},{\"@type\":\"WebPage\",\"@id\":\"https:\\\/\\\/eldigitaldeasturias.com\\\/magazine365\\\/establecimientos-de-velez-reciben-distinciones-por-estar-adheridos-a-la-gran-senda\\\/#webpage\",\"url\":\"https:\\\/\\\/eldigitaldeasturias.com\\\/magazine365\\\/establecimientos-de-velez-reciben-distinciones-por-estar-adheridos-a-la-gran-senda\\\/\",\"name\":\"Establecimientos de V\\u00e9lez reciben distinciones por estar adheridos a la Gran Senda | El Digital de Asturias\",\"description\":\"El sal\\u00f3n de plenos del Ayuntamiento de la localidad malague\\u00f1a de V\\u00e9lez-M\\u00e1laga ha acogido este viernes la entrega de distinciones a los tres establecimientos del municipio, como son Andalus\\u00edes 4x4, Personalizaciones Axarqu\\u00eda y Restaurante Lo Pepe Molina, que se encuentran adheridos a la Gran Senda. El alcalde de V\\u00e9lez-M\\u00e1laga, Antonio Moreno Ferrer; el concejal de\",\"inLanguage\":\"es-ES\",\"isPartOf\":{\"@id\":\"https:\\\/\\\/eldigitaldeasturias.com\\\/magazine365\\\/#website\"},\"breadcrumb\":{\"@id\":\"https:\\\/\\\/eldigitaldeasturias.com\\\/magazine365\\\/establecimientos-de-velez-reciben-distinciones-por-estar-adheridos-a-la-gran-senda\\\/#breadcrumblist\"},\"author\":{\"@id\":\"https:\\\/\\\/eldigitaldeasturias.com\\\/magazine365\\\/author\\\/admin\\\/#author\"},\"creator\":{\"@id\":\"https:\\\/\\\/eldigitaldeasturias.com\\\/magazine365\\\/author\\\/admin\\\/#author\"},\"image\":{\"@type\":\"ImageObject\",\"url\":\"https:\\\/\\\/eldigitaldeasturias.com\\\/magazine365\\\/wp-content\\\/uploads\\\/2016\\\/06\\\/fotonoticia_20160617183843_800.jpg\",\"@id\":\"https:\\\/\\\/eldigitaldeasturias.com\\\/magazine365\\\/establecimientos-de-velez-reciben-distinciones-por-estar-adheridos-a-la-gran-senda\\\/#mainImage\",\"width\":800,\"height\":535},\"primaryImageOfPage\":{\"@id\":\"https:\\\/\\\/eldigitaldeasturias.com\\\/magazine365\\\/establecimientos-de-velez-reciben-distinciones-por-estar-adheridos-a-la-gran-senda\\\/#mainImage\"},\"datePublished\":\"2016-06-17T20:51:32+02:00\",\"dateModified\":\"2016-06-17T20:51:40+02:00\"},{\"@type\":\"WebSite\",\"@id\":\"https:\\\/\\\/eldigitaldeasturias.com\\\/magazine365\\\/#website\",\"url\":\"https:\\\/\\\/eldigitaldeasturias.com\\\/magazine365\\\/\",\"name\":\"El Digital de Asturias\",\"description\":\"Revista de ocio, turismo y estilo de vida\",\"inLanguage\":\"es-ES\",\"publisher\":{\"@id\":\"https:\\\/\\\/eldigitaldeasturias.com\\\/magazine365\\\/#organization\"}}]}\n\t\t<\/script>\n\t\t<!-- All in One SEO Pro -->\r\n\t\t<title>Establecimientos de V\u00e9lez reciben distinciones por estar adheridos a la Gran Senda | El Digital de Asturias<\/title>\n\n","aioseo_head_json":{"title":"Establecimientos de V\u00e9lez reciben distinciones por estar adheridos a la Gran Senda | El Digital de Asturias","description":"El sal\u00f3n de plenos del Ayuntamiento de la localidad malague\u00f1a de V\u00e9lez-M\u00e1laga ha acogido este viernes la entrega de distinciones a los tres establecimientos del municipio, como son Andalus\u00edes 4x4, Personalizaciones Axarqu\u00eda y Restaurante Lo Pepe Molina, que se encuentran adheridos a la Gran Senda. El alcalde de V\u00e9lez-M\u00e1laga, Antonio Moreno Ferrer; el concejal de","canonical_url":"https:\/\/eldigitaldeasturias.com\/magazine365\/establecimientos-de-velez-reciben-distinciones-por-estar-adheridos-a-la-gran-senda\/","robots":"max-image-preview:large","keywords":"noticias y actualidad","webmasterTools":{"google-site-verification":"UA-38556648-1","miscellaneous":""},"schema":{"@context":"https:\/\/schema.org","@graph":[{"@type":"Article","@id":"https:\/\/eldigitaldeasturias.com\/magazine365\/establecimientos-de-velez-reciben-distinciones-por-estar-adheridos-a-la-gran-senda\/#article","name":"Establecimientos de V\u00e9lez reciben distinciones por estar adheridos a la Gran Senda | El Digital de Asturias","headline":"Establecimientos de V\u00e9lez reciben distinciones por estar adheridos a la Gran Senda","author":{"@id":"https:\/\/eldigitaldeasturias.com\/magazine365\/author\/admin\/#author"},"publisher":{"@id":"https:\/\/eldigitaldeasturias.com\/magazine365\/#organization"},"image":{"@type":"ImageObject","url":"https:\/\/eldigitaldeasturias.com\/magazine365\/wp-content\/uploads\/2016\/06\/fotonoticia_20160617183843_800.jpg","width":800,"height":535},"datePublished":"2016-06-17T20:51:32+02:00","dateModified":"2016-06-17T20:51:40+02:00","inLanguage":"es-ES","mainEntityOfPage":{"@id":"https:\/\/eldigitaldeasturias.com\/magazine365\/establecimientos-de-velez-reciben-distinciones-por-estar-adheridos-a-la-gran-senda\/#webpage"},"isPartOf":{"@id":"https:\/\/eldigitaldeasturias.com\/magazine365\/establecimientos-de-velez-reciben-distinciones-por-estar-adheridos-a-la-gran-senda\/#webpage"},"articleSection":"Noticias y Actualidad"},{"@type":"BreadcrumbList","@id":"https:\/\/eldigitaldeasturias.com\/magazine365\/establecimientos-de-velez-reciben-distinciones-por-estar-adheridos-a-la-gran-senda\/#breadcrumblist","itemListElement":[{"@type":"ListItem","@id":"https:\/\/eldigitaldeasturias.com\/magazine365#listItem","position":1,"name":"Home","item":"https:\/\/eldigitaldeasturias.com\/magazine365","nextItem":{"@type":"ListItem","@id":"https:\/\/eldigitaldeasturias.com\/magazine365\/category\/noticias-actualidad\/#listItem","name":"Noticias y Actualidad"}},{"@type":"ListItem","@id":"https:\/\/eldigitaldeasturias.com\/magazine365\/category\/noticias-actualidad\/#listItem","position":2,"name":"Noticias y Actualidad","item":"https:\/\/eldigitaldeasturias.com\/magazine365\/category\/noticias-actualidad\/","nextItem":{"@type":"ListItem","@id":"https:\/\/eldigitaldeasturias.com\/magazine365\/establecimientos-de-velez-reciben-distinciones-por-estar-adheridos-a-la-gran-senda\/#listItem","name":"Establecimientos de V\u00e9lez reciben distinciones por estar adheridos a la Gran Senda"},"previousItem":{"@type":"ListItem","@id":"https:\/\/eldigitaldeasturias.com\/magazine365#listItem","name":"Home"}},{"@type":"ListItem","@id":"https:\/\/eldigitaldeasturias.com\/magazine365\/establecimientos-de-velez-reciben-distinciones-por-estar-adheridos-a-la-gran-senda\/#listItem","position":3,"name":"Establecimientos de V\u00e9lez reciben distinciones por estar adheridos a la Gran Senda","previousItem":{"@type":"ListItem","@id":"https:\/\/eldigitaldeasturias.com\/magazine365\/category\/noticias-actualidad\/#listItem","name":"Noticias y Actualidad"}}]},{"@type":"Organization","@id":"https:\/\/eldigitaldeasturias.com\/magazine365\/#organization","name":"El digital de Asturias","description":"Revista de ocio, turismo y estilo de vida","url":"https:\/\/eldigitaldeasturias.com\/magazine365\/","logo":{"@type":"ImageObject","url":"https:\/\/www.eldigitaldeasturias.com\/noticias\/wp-content\/uploads\/2020\/12\/EDA.jpg","@id":"https:\/\/eldigitaldeasturias.com\/magazine365\/establecimientos-de-velez-reciben-distinciones-por-estar-adheridos-a-la-gran-senda\/#organizationLogo"},"image":{"@id":"https:\/\/eldigitaldeasturias.com\/magazine365\/establecimientos-de-velez-reciben-distinciones-por-estar-adheridos-a-la-gran-senda\/#organizationLogo"}},{"@type":"Person","@id":"https:\/\/eldigitaldeasturias.com\/magazine365\/author\/admin\/#author","url":"https:\/\/eldigitaldeasturias.com\/magazine365\/author\/admin\/","name":"admin","image":{"@type":"ImageObject","@id":"https:\/\/eldigitaldeasturias.com\/magazine365\/establecimientos-de-velez-reciben-distinciones-por-estar-adheridos-a-la-gran-senda\/#authorImage","url":"https:\/\/eldigitaldeasturias.com\/magazine365\/wp-content\/litespeed\/avatar\/e571bcf59a0edd6fa6838245a470f2fe.jpg?ver=1776969259","width":96,"height":96,"caption":"admin"}},{"@type":"WebPage","@id":"https:\/\/eldigitaldeasturias.com\/magazine365\/establecimientos-de-velez-reciben-distinciones-por-estar-adheridos-a-la-gran-senda\/#webpage","url":"https:\/\/eldigitaldeasturias.com\/magazine365\/establecimientos-de-velez-reciben-distinciones-por-estar-adheridos-a-la-gran-senda\/","name":"Establecimientos de V\u00e9lez reciben distinciones por estar adheridos a la Gran Senda | El Digital de Asturias","description":"El sal\u00f3n de plenos del Ayuntamiento de la localidad malague\u00f1a de V\u00e9lez-M\u00e1laga ha acogido este viernes la entrega de distinciones a los tres establecimientos del municipio, como son Andalus\u00edes 4x4, Personalizaciones Axarqu\u00eda y Restaurante Lo Pepe Molina, que se encuentran adheridos a la Gran Senda. El alcalde de V\u00e9lez-M\u00e1laga, Antonio Moreno Ferrer; el concejal de","inLanguage":"es-ES","isPartOf":{"@id":"https:\/\/eldigitaldeasturias.com\/magazine365\/#website"},"breadcrumb":{"@id":"https:\/\/eldigitaldeasturias.com\/magazine365\/establecimientos-de-velez-reciben-distinciones-por-estar-adheridos-a-la-gran-senda\/#breadcrumblist"},"author":{"@id":"https:\/\/eldigitaldeasturias.com\/magazine365\/author\/admin\/#author"},"creator":{"@id":"https:\/\/eldigitaldeasturias.com\/magazine365\/author\/admin\/#author"},"image":{"@type":"ImageObject","url":"https:\/\/eldigitaldeasturias.com\/magazine365\/wp-content\/uploads\/2016\/06\/fotonoticia_20160617183843_800.jpg","@id":"https:\/\/eldigitaldeasturias.com\/magazine365\/establecimientos-de-velez-reciben-distinciones-por-estar-adheridos-a-la-gran-senda\/#mainImage","width":800,"height":535},"primaryImageOfPage":{"@id":"https:\/\/eldigitaldeasturias.com\/magazine365\/establecimientos-de-velez-reciben-distinciones-por-estar-adheridos-a-la-gran-senda\/#mainImage"},"datePublished":"2016-06-17T20:51:32+02:00","dateModified":"2016-06-17T20:51:40+02:00"},{"@type":"WebSite","@id":"https:\/\/eldigitaldeasturias.com\/magazine365\/#website","url":"https:\/\/eldigitaldeasturias.com\/magazine365\/","name":"El Digital de Asturias","description":"Revista de ocio, turismo y estilo de vida","inLanguage":"es-ES","publisher":{"@id":"https:\/\/eldigitaldeasturias.com\/magazine365\/#organization"}}]},"og:locale":"es_ES","og:site_name":"El Digital de Asturias \u2013 Revista de ocio, turismo y estilo de vida","og:type":"article","og:title":"Establecimientos de V\u00e9lez reciben distinciones por estar adheridos a la Gran Senda | El Digital de Asturias","og:description":"El sal\u00f3n de plenos del Ayuntamiento de la localidad malague\u00f1a de V\u00e9lez-M\u00e1laga ha acogido este viernes la entrega de distinciones a los tres establecimientos del municipio, como son Andalus\u00edes 4x4, Personalizaciones Axarqu\u00eda y Restaurante Lo Pepe Molina, que se encuentran adheridos a la Gran Senda. El alcalde de V\u00e9lez-M\u00e1laga, Antonio Moreno Ferrer; el concejal de","og:url":"https:\/\/eldigitaldeasturias.com\/magazine365\/establecimientos-de-velez-reciben-distinciones-por-estar-adheridos-a-la-gran-senda\/","og:image":"https:\/\/eldigitaldeasturias.com\/magazine365\/wp-content\/uploads\/2016\/06\/fotonoticia_20160617183843_800.jpg","og:image:secure_url":"https:\/\/eldigitaldeasturias.com\/magazine365\/wp-content\/uploads\/2016\/06\/fotonoticia_20160617183843_800.jpg","og:image:width":800,"og:image:height":535,"article:published_time":"2016-06-17T18:51:32+00:00","article:modified_time":"2016-06-17T18:51:40+00:00","twitter:card":"summary_large_image","twitter:title":"Establecimientos de V\u00e9lez reciben distinciones por estar adheridos a la Gran Senda | El Digital de Asturias","twitter:description":"El sal\u00f3n de plenos del Ayuntamiento de la localidad malague\u00f1a de V\u00e9lez-M\u00e1laga ha acogido este viernes la entrega de distinciones a los tres establecimientos del municipio, como son Andalus\u00edes 4x4, Personalizaciones Axarqu\u00eda y Restaurante Lo Pepe Molina, que se encuentran adheridos a la Gran Senda. El alcalde de V\u00e9lez-M\u00e1laga, Antonio Moreno Ferrer; el concejal de","twitter:image":"https:\/\/eldigitaldeasturias.com\/magazine365\/wp-content\/uploads\/2016\/06\/fotonoticia_20160617183843_800.jpg"},"aioseo_meta_data":{"post_id":"79982","title":null,"description":null,"keywords":null,"keyphrases":null,"primary_term":null,"canonical_url":null,"og_title":null,"og_description":null,"og_object_type":"default","og_image_type":"default","og_image_url":null,"og_image_width":null,"og_image_height":null,"og_image_custom_url":null,"og_image_custom_fields":null,"og_video":null,"og_custom_url":null,"og_article_section":null,"og_article_tags":null,"twitter_use_og":false,"twitter_card":"default","twitter_image_type":"default","twitter_image_url":null,"twitter_image_custom_url":null,"twitter_image_custom_fields":null,"twitter_title":null,"twitter_description":null,"schema":{"blockGraphs":[],"customGraphs":[],"default":{"data":{"Article":[],"Course":[],"Dataset":[],"FAQPage":[],"Movie":[],"Person":[],"Product":[],"ProductReview":[],"Car":[],"Recipe":[],"Service":[],"SoftwareApplication":[],"WebPage":[]},"graphName":"","isEnabled":true},"graphs":[]},"schema_type":null,"schema_type_options":null,"pillar_content":false,"robots_default":true,"robots_noindex":false,"robots_noarchive":false,"robots_nosnippet":false,"robots_nofollow":false,"robots_noimageindex":false,"robots_noodp":false,"robots_notranslate":false,"robots_max_snippet":null,"robots_max_videopreview":null,"robots_max_imagepreview":"large","priority":null,"frequency":null,"location":null,"local_seo":null,"seo_analyzer_scan_date":"2025-09-27 19:59:26","breadcrumb_settings":null,"limit_modified_date":false,"open_ai":null,"ai":null,"created":"2021-03-08 17:41:34","updated":"2025-09-27 19:59:26"},"aioseo_breadcrumb":"<div class=\"aioseo-breadcrumbs\"><span class=\"aioseo-breadcrumb\">\n\t<a href=\"https:\/\/eldigitaldeasturias.com\/magazine365\" title=\"Home\">Home<\/a>\n<\/span><span class=\"aioseo-breadcrumb-separator\">\u2013<\/span><span class=\"aioseo-breadcrumb\">\n\t<a href=\"https:\/\/eldigitaldeasturias.com\/magazine365\/category\/noticias-actualidad\/\" title=\"Noticias y Actualidad\">Noticias y Actualidad<\/a>\n<\/span><span class=\"aioseo-breadcrumb-separator\">\u2013<\/span><span class=\"aioseo-breadcrumb\">\n\t<a href=\"https:\/\/eldigitaldeasturias.com\/magazine365\/establecimientos-de-velez-reciben-distinciones-por-estar-adheridos-a-la-gran-senda\/\" title=\"Establecimientos de V\u00e9lez reciben distinciones por estar adheridos a la Gran Senda\">Establecimientos de V\u00e9lez reciben distinciones por estar adheridos a la Gran Senda<\/a>\n<\/span><\/div>","aioseo_breadcrumb_json":[{"label":"Home","link":"https:\/\/eldigitaldeasturias.com\/magazine365"},{"label":"Noticias y Actualidad","link":"https:\/\/eldigitaldeasturias.com\/magazine365\/category\/noticias-actualidad\/"},{"label":"Establecimientos de V\u00e9lez reciben distinciones por estar adheridos a la Gran Senda","link":"https:\/\/eldigitaldeasturias.com\/magazine365\/establecimientos-de-velez-reciben-distinciones-por-estar-adheridos-a-la-gran-senda\/"}],"_links":{"self":[{"href":"https:\/\/eldigitaldeasturias.com\/magazine365\/wp-json\/wp\/v2\/posts\/79982","targetHints":{"allow":["GET"]}}],"collection":[{"href":"https:\/\/eldigitaldeasturias.com\/magazine365\/wp-json\/wp\/v2\/posts"}],"about":[{"href":"https:\/\/eldigitaldeasturias.com\/magazine365\/wp-json\/wp\/v2\/types\/post"}],"author":[{"embeddable":true,"href":"https:\/\/eldigitaldeasturias.com\/magazine365\/wp-json\/wp\/v2\/users\/1"}],"replies":[{"embeddable":true,"href":"https:\/\/eldigitaldeasturias.com\/magazine365\/wp-json\/wp\/v2\/comments?post=79982"}],"version-history":[{"count":0,"href":"https:\/\/eldigitaldeasturias.com\/magazine365\/wp-json\/wp\/v2\/posts\/79982\/revisions"}],"wp:featuredmedia":[{"embeddable":true,"href":"https:\/\/eldigitaldeasturias.com\/magazine365\/wp-json\/wp\/v2\/media\/79983"}],"wp:attachment":[{"href":"https:\/\/eldigitaldeasturias.com\/magazine365\/wp-json\/wp\/v2\/media?parent=79982"}],"wp:term":[{"taxonomy":"category","embeddable":true,"href":"https:\/\/eldigitaldeasturias.com\/magazine365\/wp-json\/wp\/v2\/categories?post=79982"},{"taxonomy":"post_tag","embeddable":true,"href":"https:\/\/eldigitaldeasturias.com\/magazine365\/wp-json\/wp\/v2\/tags?post=79982"}],"curies":[{"name":"wp","href":"https:\/\/api.w.org\/{rel}","templated":true}]}}