{"id":79970,"date":"2016-06-17T20:48:08","date_gmt":"2016-06-17T18:48:08","guid":{"rendered":"http:\/\/eldigitaldeasturias.com\/magazine365\/?p=79970"},"modified":"2016-06-17T20:48:08","modified_gmt":"2016-06-17T18:48:08","slug":"comienza-el-ciclo-de-catas-de-los-sentidos-de-summer-hotel-time-en-sevilla","status":"publish","type":"post","link":"https:\/\/eldigitaldeasturias.com\/magazine365\/comienza-el-ciclo-de-catas-de-los-sentidos-de-summer-hotel-time-en-sevilla\/","title":{"rendered":"Comienza el ciclo de &#8216;Catas de los sentidos&#8217; de &#8216;Summer Hotel Time&#8217; en Sevilla"},"content":{"rendered":"<p><img fetchpriority=\"high\" decoding=\"async\" class=\"alignleft size-medium wp-image-79971\" src=\"https:\/\/eldigitaldeasturias.com\/magazine365\/wp-content\/uploads\/2016\/06\/fotonoticia_20160617171225_800-169x300.jpg\" alt=\"fotonoticia_20160617171225_800\" width=\"169\" height=\"300\" srcset=\"https:\/\/eldigitaldeasturias.com\/magazine365\/wp-content\/uploads\/2016\/06\/fotonoticia_20160617171225_800-169x300.jpg 169w, https:\/\/eldigitaldeasturias.com\/magazine365\/wp-content\/uploads\/2016\/06\/fotonoticia_20160617171225_800-360x640.jpg 360w, https:\/\/eldigitaldeasturias.com\/magazine365\/wp-content\/uploads\/2016\/06\/fotonoticia_20160617171225_800-768x1365.jpg 768w, https:\/\/eldigitaldeasturias.com\/magazine365\/wp-content\/uploads\/2016\/06\/fotonoticia_20160617171225_800-150x267.jpg 150w, https:\/\/eldigitaldeasturias.com\/magazine365\/wp-content\/uploads\/2016\/06\/fotonoticia_20160617171225_800-450x800.jpg 450w, https:\/\/eldigitaldeasturias.com\/magazine365\/wp-content\/uploads\/2016\/06\/fotonoticia_20160617171225_800.jpg 800w\" sizes=\"(max-width: 169px) 100vw, 169px\" \/>La terraza del Hotel Do\u00f1a Mar\u00eda ha acogido la primera del ciclo de &#8216;Catas de los Sentidos&#8217;, la IV edici\u00f3n de Catas de Vinos y Licores de la Tierra, que se integra en la programaci\u00f3n de &#8216;Summer Hotel Time&#8217;.<\/p>\n<p>La inauguraci\u00f3n del ciclo ha contado con la presencia del presidente de la Asociaci\u00f3n de Hoteles de Sevilla y Provincia (AHS), Manuel Otero; el vicepresidente y el gerente de Prodetur, Antonio Conde y Amador S\u00e1nchez, y el director adjunto de Turismo de Sevilla, Juanjo Dom\u00ednguez.<\/p>\n<p>Cada semana, desde este jueves y hasta el 28 de julio, se celebrar\u00e1 una cata gratuita en diferentes hoteles de Sevilla y provincia de vinos y licores de la tierra, maridados con queso y rega\u00f1\u00e1, guiada por el experto sumiller Fran Le\u00f3n, seg\u00fan informa la AHS en un comunicado.<\/p>\n<p>Las catas, de una hora de duraci\u00f3n aproximadamente, tienen un aforo m\u00e1ximo de 30 personas. Para asistir a estas catas es necesario realizar una reserva remitiendo un correo a &#8216;comunicaci\u00f3n@hotelesdesevilla.com&#8217;, tras lo que se realizar\u00e1 por orden de solicitud.<\/p>\n","protected":false},"excerpt":{"rendered":"<p>La terraza del Hotel Do\u00f1a Mar\u00eda ha acogido la primera del ciclo de &#8216;Catas de los Sentidos&#8217;, la IV edici\u00f3n de Catas de Vinos y Licores de la Tierra, que se integra en la programaci\u00f3n de &#8216;Summer Hotel Time&#8217;. La inauguraci\u00f3n del ciclo ha contado con la presencia del presidente de la Asociaci\u00f3n de Hoteles<\/p>\n","protected":false},"author":1,"featured_media":79971,"comment_status":"open","ping_status":"closed","sticky":false,"template":"","format":"standard","meta":{"footnotes":""},"categories":[224],"tags":[],"class_list":{"0":"post-79970","1":"post","2":"type-post","3":"status-publish","4":"format-standard","5":"has-post-thumbnail","7":"category-noticias-actualidad"},"aioseo_notices":[],"aioseo_head":"\n\t\t<!-- All in One SEO Pro 4.9.6.1 - aioseo.com -->\n\t<meta name=\"description\" content=\"La terraza del Hotel Do\u00f1a Mar\u00eda ha acogido la primera del ciclo de &#039;Catas de los Sentidos&#039;, la IV edici\u00f3n de Catas de Vinos y Licores de la Tierra, que se integra en la programaci\u00f3n de &#039;Summer Hotel Time&#039;. La inauguraci\u00f3n del ciclo ha contado con la presencia del presidente de la Asociaci\u00f3n de Hoteles\" \/>\n\t<meta name=\"robots\" content=\"max-image-preview:large\" \/>\n\t<meta name=\"author\" content=\"admin\"\/>\n\t<meta name=\"google-site-verification\" content=\"UA-38556648-1\" \/>\n\t<meta name=\"keywords\" content=\"noticias y actualidad\" \/>\n\t<link rel=\"canonical\" href=\"https:\/\/eldigitaldeasturias.com\/magazine365\/comienza-el-ciclo-de-catas-de-los-sentidos-de-summer-hotel-time-en-sevilla\/\" \/>\n\t<meta name=\"generator\" content=\"All in One SEO Pro (AIOSEO) 4.9.6.1\" \/>\n\t\t<meta property=\"og:locale\" content=\"es_ES\" \/>\n\t\t<meta property=\"og:site_name\" content=\"El Digital de Asturias \u2013 Revista de ocio, turismo y estilo de vida\" \/>\n\t\t<meta property=\"og:type\" content=\"article\" \/>\n\t\t<meta property=\"og:title\" content=\"Comienza el ciclo de \u2018Catas de los sentidos\u2019 de \u2018Summer Hotel Time\u2019 en Sevilla | El Digital de Asturias\" \/>\n\t\t<meta property=\"og:description\" content=\"La terraza del Hotel Do\u00f1a Mar\u00eda ha acogido la primera del ciclo de &#039;Catas de los Sentidos&#039;, la IV edici\u00f3n de Catas de Vinos y Licores de la Tierra, que se integra en la programaci\u00f3n de &#039;Summer Hotel Time&#039;. La inauguraci\u00f3n del ciclo ha contado con la presencia del presidente de la Asociaci\u00f3n de Hoteles\" \/>\n\t\t<meta property=\"og:url\" content=\"https:\/\/eldigitaldeasturias.com\/magazine365\/comienza-el-ciclo-de-catas-de-los-sentidos-de-summer-hotel-time-en-sevilla\/\" \/>\n\t\t<meta property=\"og:image\" content=\"https:\/\/eldigitaldeasturias.com\/magazine365\/wp-content\/uploads\/2016\/06\/fotonoticia_20160617171225_800.jpg\" \/>\n\t\t<meta property=\"og:image:secure_url\" content=\"https:\/\/eldigitaldeasturias.com\/magazine365\/wp-content\/uploads\/2016\/06\/fotonoticia_20160617171225_800.jpg\" \/>\n\t\t<meta property=\"og:image:width\" content=\"800\" \/>\n\t\t<meta property=\"og:image:height\" content=\"1422\" \/>\n\t\t<meta property=\"article:published_time\" content=\"2016-06-17T18:48:08+00:00\" \/>\n\t\t<meta property=\"article:modified_time\" content=\"2016-06-17T18:48:08+00:00\" \/>\n\t\t<meta name=\"twitter:card\" content=\"summary_large_image\" \/>\n\t\t<meta name=\"twitter:title\" content=\"Comienza el ciclo de \u2018Catas de los sentidos\u2019 de \u2018Summer Hotel Time\u2019 en Sevilla | El Digital de Asturias\" \/>\n\t\t<meta name=\"twitter:description\" content=\"La terraza del Hotel Do\u00f1a Mar\u00eda ha acogido la primera del ciclo de &#039;Catas de los Sentidos&#039;, la IV edici\u00f3n de Catas de Vinos y Licores de la Tierra, que se integra en la programaci\u00f3n de &#039;Summer Hotel Time&#039;. La inauguraci\u00f3n del ciclo ha contado con la presencia del presidente de la Asociaci\u00f3n de Hoteles\" \/>\n\t\t<meta name=\"twitter:image\" content=\"https:\/\/eldigitaldeasturias.com\/magazine365\/wp-content\/uploads\/2016\/06\/fotonoticia_20160617171225_800.jpg\" \/>\n\t\t<script type=\"application\/ld+json\" class=\"aioseo-schema\">\n\t\t\t{\"@context\":\"https:\\\/\\\/schema.org\",\"@graph\":[{\"@type\":\"Article\",\"@id\":\"https:\\\/\\\/eldigitaldeasturias.com\\\/magazine365\\\/comienza-el-ciclo-de-catas-de-los-sentidos-de-summer-hotel-time-en-sevilla\\\/#article\",\"name\":\"Comienza el ciclo de \\u2018Catas de los sentidos\\u2019 de \\u2018Summer Hotel Time\\u2019 en Sevilla | El Digital de Asturias\",\"headline\":\"Comienza el ciclo de &#8216;Catas de los sentidos&#8217; de &#8216;Summer Hotel Time&#8217; en Sevilla\",\"author\":{\"@id\":\"https:\\\/\\\/eldigitaldeasturias.com\\\/magazine365\\\/author\\\/admin\\\/#author\"},\"publisher\":{\"@id\":\"https:\\\/\\\/eldigitaldeasturias.com\\\/magazine365\\\/#organization\"},\"image\":{\"@type\":\"ImageObject\",\"url\":\"https:\\\/\\\/eldigitaldeasturias.com\\\/magazine365\\\/wp-content\\\/uploads\\\/2016\\\/06\\\/fotonoticia_20160617171225_800.jpg\",\"width\":800,\"height\":1422},\"datePublished\":\"2016-06-17T20:48:08+02:00\",\"dateModified\":\"2016-06-17T20:48:08+02:00\",\"inLanguage\":\"es-ES\",\"mainEntityOfPage\":{\"@id\":\"https:\\\/\\\/eldigitaldeasturias.com\\\/magazine365\\\/comienza-el-ciclo-de-catas-de-los-sentidos-de-summer-hotel-time-en-sevilla\\\/#webpage\"},\"isPartOf\":{\"@id\":\"https:\\\/\\\/eldigitaldeasturias.com\\\/magazine365\\\/comienza-el-ciclo-de-catas-de-los-sentidos-de-summer-hotel-time-en-sevilla\\\/#webpage\"},\"articleSection\":\"Noticias y Actualidad\"},{\"@type\":\"BreadcrumbList\",\"@id\":\"https:\\\/\\\/eldigitaldeasturias.com\\\/magazine365\\\/comienza-el-ciclo-de-catas-de-los-sentidos-de-summer-hotel-time-en-sevilla\\\/#breadcrumblist\",\"itemListElement\":[{\"@type\":\"ListItem\",\"@id\":\"https:\\\/\\\/eldigitaldeasturias.com\\\/magazine365#listItem\",\"position\":1,\"name\":\"Home\",\"item\":\"https:\\\/\\\/eldigitaldeasturias.com\\\/magazine365\",\"nextItem\":{\"@type\":\"ListItem\",\"@id\":\"https:\\\/\\\/eldigitaldeasturias.com\\\/magazine365\\\/category\\\/noticias-actualidad\\\/#listItem\",\"name\":\"Noticias y Actualidad\"}},{\"@type\":\"ListItem\",\"@id\":\"https:\\\/\\\/eldigitaldeasturias.com\\\/magazine365\\\/category\\\/noticias-actualidad\\\/#listItem\",\"position\":2,\"name\":\"Noticias y Actualidad\",\"item\":\"https:\\\/\\\/eldigitaldeasturias.com\\\/magazine365\\\/category\\\/noticias-actualidad\\\/\",\"nextItem\":{\"@type\":\"ListItem\",\"@id\":\"https:\\\/\\\/eldigitaldeasturias.com\\\/magazine365\\\/comienza-el-ciclo-de-catas-de-los-sentidos-de-summer-hotel-time-en-sevilla\\\/#listItem\",\"name\":\"Comienza el ciclo de &#8216;Catas de los sentidos&#8217; de &#8216;Summer Hotel Time&#8217; en Sevilla\"},\"previousItem\":{\"@type\":\"ListItem\",\"@id\":\"https:\\\/\\\/eldigitaldeasturias.com\\\/magazine365#listItem\",\"name\":\"Home\"}},{\"@type\":\"ListItem\",\"@id\":\"https:\\\/\\\/eldigitaldeasturias.com\\\/magazine365\\\/comienza-el-ciclo-de-catas-de-los-sentidos-de-summer-hotel-time-en-sevilla\\\/#listItem\",\"position\":3,\"name\":\"Comienza el ciclo de &#8216;Catas de los sentidos&#8217; de &#8216;Summer Hotel Time&#8217; en Sevilla\",\"previousItem\":{\"@type\":\"ListItem\",\"@id\":\"https:\\\/\\\/eldigitaldeasturias.com\\\/magazine365\\\/category\\\/noticias-actualidad\\\/#listItem\",\"name\":\"Noticias y Actualidad\"}}]},{\"@type\":\"Organization\",\"@id\":\"https:\\\/\\\/eldigitaldeasturias.com\\\/magazine365\\\/#organization\",\"name\":\"El digital de Asturias\",\"description\":\"Revista de ocio, turismo y estilo de vida\",\"url\":\"https:\\\/\\\/eldigitaldeasturias.com\\\/magazine365\\\/\",\"logo\":{\"@type\":\"ImageObject\",\"url\":\"https:\\\/\\\/www.eldigitaldeasturias.com\\\/noticias\\\/wp-content\\\/uploads\\\/2020\\\/12\\\/EDA.jpg\",\"@id\":\"https:\\\/\\\/eldigitaldeasturias.com\\\/magazine365\\\/comienza-el-ciclo-de-catas-de-los-sentidos-de-summer-hotel-time-en-sevilla\\\/#organizationLogo\"},\"image\":{\"@id\":\"https:\\\/\\\/eldigitaldeasturias.com\\\/magazine365\\\/comienza-el-ciclo-de-catas-de-los-sentidos-de-summer-hotel-time-en-sevilla\\\/#organizationLogo\"}},{\"@type\":\"Person\",\"@id\":\"https:\\\/\\\/eldigitaldeasturias.com\\\/magazine365\\\/author\\\/admin\\\/#author\",\"url\":\"https:\\\/\\\/eldigitaldeasturias.com\\\/magazine365\\\/author\\\/admin\\\/\",\"name\":\"admin\",\"image\":{\"@type\":\"ImageObject\",\"@id\":\"https:\\\/\\\/eldigitaldeasturias.com\\\/magazine365\\\/comienza-el-ciclo-de-catas-de-los-sentidos-de-summer-hotel-time-en-sevilla\\\/#authorImage\",\"url\":\"https:\\\/\\\/eldigitaldeasturias.com\\\/magazine365\\\/wp-content\\\/litespeed\\\/avatar\\\/e571bcf59a0edd6fa6838245a470f2fe.jpg?ver=1776969259\",\"width\":96,\"height\":96,\"caption\":\"admin\"}},{\"@type\":\"WebPage\",\"@id\":\"https:\\\/\\\/eldigitaldeasturias.com\\\/magazine365\\\/comienza-el-ciclo-de-catas-de-los-sentidos-de-summer-hotel-time-en-sevilla\\\/#webpage\",\"url\":\"https:\\\/\\\/eldigitaldeasturias.com\\\/magazine365\\\/comienza-el-ciclo-de-catas-de-los-sentidos-de-summer-hotel-time-en-sevilla\\\/\",\"name\":\"Comienza el ciclo de \\u2018Catas de los sentidos\\u2019 de \\u2018Summer Hotel Time\\u2019 en Sevilla | El Digital de Asturias\",\"description\":\"La terraza del Hotel Do\\u00f1a Mar\\u00eda ha acogido la primera del ciclo de 'Catas de los Sentidos', la IV edici\\u00f3n de Catas de Vinos y Licores de la Tierra, que se integra en la programaci\\u00f3n de 'Summer Hotel Time'. La inauguraci\\u00f3n del ciclo ha contado con la presencia del presidente de la Asociaci\\u00f3n de Hoteles\",\"inLanguage\":\"es-ES\",\"isPartOf\":{\"@id\":\"https:\\\/\\\/eldigitaldeasturias.com\\\/magazine365\\\/#website\"},\"breadcrumb\":{\"@id\":\"https:\\\/\\\/eldigitaldeasturias.com\\\/magazine365\\\/comienza-el-ciclo-de-catas-de-los-sentidos-de-summer-hotel-time-en-sevilla\\\/#breadcrumblist\"},\"author\":{\"@id\":\"https:\\\/\\\/eldigitaldeasturias.com\\\/magazine365\\\/author\\\/admin\\\/#author\"},\"creator\":{\"@id\":\"https:\\\/\\\/eldigitaldeasturias.com\\\/magazine365\\\/author\\\/admin\\\/#author\"},\"image\":{\"@type\":\"ImageObject\",\"url\":\"https:\\\/\\\/eldigitaldeasturias.com\\\/magazine365\\\/wp-content\\\/uploads\\\/2016\\\/06\\\/fotonoticia_20160617171225_800.jpg\",\"@id\":\"https:\\\/\\\/eldigitaldeasturias.com\\\/magazine365\\\/comienza-el-ciclo-de-catas-de-los-sentidos-de-summer-hotel-time-en-sevilla\\\/#mainImage\",\"width\":800,\"height\":1422},\"primaryImageOfPage\":{\"@id\":\"https:\\\/\\\/eldigitaldeasturias.com\\\/magazine365\\\/comienza-el-ciclo-de-catas-de-los-sentidos-de-summer-hotel-time-en-sevilla\\\/#mainImage\"},\"datePublished\":\"2016-06-17T20:48:08+02:00\",\"dateModified\":\"2016-06-17T20:48:08+02:00\"},{\"@type\":\"WebSite\",\"@id\":\"https:\\\/\\\/eldigitaldeasturias.com\\\/magazine365\\\/#website\",\"url\":\"https:\\\/\\\/eldigitaldeasturias.com\\\/magazine365\\\/\",\"name\":\"El Digital de Asturias\",\"description\":\"Revista de ocio, turismo y estilo de vida\",\"inLanguage\":\"es-ES\",\"publisher\":{\"@id\":\"https:\\\/\\\/eldigitaldeasturias.com\\\/magazine365\\\/#organization\"}}]}\n\t\t<\/script>\n\t\t<!-- All in One SEO Pro -->\r\n\t\t<title>Comienza el ciclo de \u2018Catas de los sentidos\u2019 de \u2018Summer Hotel Time\u2019 en Sevilla | El Digital de Asturias<\/title>\n\n","aioseo_head_json":{"title":"Comienza el ciclo de \u2018Catas de los sentidos\u2019 de \u2018Summer Hotel Time\u2019 en Sevilla | El Digital de Asturias","description":"La terraza del Hotel Do\u00f1a Mar\u00eda ha acogido la primera del ciclo de 'Catas de los Sentidos', la IV edici\u00f3n de Catas de Vinos y Licores de la Tierra, que se integra en la programaci\u00f3n de 'Summer Hotel Time'. La inauguraci\u00f3n del ciclo ha contado con la presencia del presidente de la Asociaci\u00f3n de Hoteles","canonical_url":"https:\/\/eldigitaldeasturias.com\/magazine365\/comienza-el-ciclo-de-catas-de-los-sentidos-de-summer-hotel-time-en-sevilla\/","robots":"max-image-preview:large","keywords":"noticias y actualidad","webmasterTools":{"google-site-verification":"UA-38556648-1","miscellaneous":""},"schema":{"@context":"https:\/\/schema.org","@graph":[{"@type":"Article","@id":"https:\/\/eldigitaldeasturias.com\/magazine365\/comienza-el-ciclo-de-catas-de-los-sentidos-de-summer-hotel-time-en-sevilla\/#article","name":"Comienza el ciclo de \u2018Catas de los sentidos\u2019 de \u2018Summer Hotel Time\u2019 en Sevilla | El Digital de Asturias","headline":"Comienza el ciclo de &#8216;Catas de los sentidos&#8217; de &#8216;Summer Hotel Time&#8217; en Sevilla","author":{"@id":"https:\/\/eldigitaldeasturias.com\/magazine365\/author\/admin\/#author"},"publisher":{"@id":"https:\/\/eldigitaldeasturias.com\/magazine365\/#organization"},"image":{"@type":"ImageObject","url":"https:\/\/eldigitaldeasturias.com\/magazine365\/wp-content\/uploads\/2016\/06\/fotonoticia_20160617171225_800.jpg","width":800,"height":1422},"datePublished":"2016-06-17T20:48:08+02:00","dateModified":"2016-06-17T20:48:08+02:00","inLanguage":"es-ES","mainEntityOfPage":{"@id":"https:\/\/eldigitaldeasturias.com\/magazine365\/comienza-el-ciclo-de-catas-de-los-sentidos-de-summer-hotel-time-en-sevilla\/#webpage"},"isPartOf":{"@id":"https:\/\/eldigitaldeasturias.com\/magazine365\/comienza-el-ciclo-de-catas-de-los-sentidos-de-summer-hotel-time-en-sevilla\/#webpage"},"articleSection":"Noticias y Actualidad"},{"@type":"BreadcrumbList","@id":"https:\/\/eldigitaldeasturias.com\/magazine365\/comienza-el-ciclo-de-catas-de-los-sentidos-de-summer-hotel-time-en-sevilla\/#breadcrumblist","itemListElement":[{"@type":"ListItem","@id":"https:\/\/eldigitaldeasturias.com\/magazine365#listItem","position":1,"name":"Home","item":"https:\/\/eldigitaldeasturias.com\/magazine365","nextItem":{"@type":"ListItem","@id":"https:\/\/eldigitaldeasturias.com\/magazine365\/category\/noticias-actualidad\/#listItem","name":"Noticias y Actualidad"}},{"@type":"ListItem","@id":"https:\/\/eldigitaldeasturias.com\/magazine365\/category\/noticias-actualidad\/#listItem","position":2,"name":"Noticias y Actualidad","item":"https:\/\/eldigitaldeasturias.com\/magazine365\/category\/noticias-actualidad\/","nextItem":{"@type":"ListItem","@id":"https:\/\/eldigitaldeasturias.com\/magazine365\/comienza-el-ciclo-de-catas-de-los-sentidos-de-summer-hotel-time-en-sevilla\/#listItem","name":"Comienza el ciclo de &#8216;Catas de los sentidos&#8217; de &#8216;Summer Hotel Time&#8217; en Sevilla"},"previousItem":{"@type":"ListItem","@id":"https:\/\/eldigitaldeasturias.com\/magazine365#listItem","name":"Home"}},{"@type":"ListItem","@id":"https:\/\/eldigitaldeasturias.com\/magazine365\/comienza-el-ciclo-de-catas-de-los-sentidos-de-summer-hotel-time-en-sevilla\/#listItem","position":3,"name":"Comienza el ciclo de &#8216;Catas de los sentidos&#8217; de &#8216;Summer Hotel Time&#8217; en Sevilla","previousItem":{"@type":"ListItem","@id":"https:\/\/eldigitaldeasturias.com\/magazine365\/category\/noticias-actualidad\/#listItem","name":"Noticias y Actualidad"}}]},{"@type":"Organization","@id":"https:\/\/eldigitaldeasturias.com\/magazine365\/#organization","name":"El digital de Asturias","description":"Revista de ocio, turismo y estilo de vida","url":"https:\/\/eldigitaldeasturias.com\/magazine365\/","logo":{"@type":"ImageObject","url":"https:\/\/www.eldigitaldeasturias.com\/noticias\/wp-content\/uploads\/2020\/12\/EDA.jpg","@id":"https:\/\/eldigitaldeasturias.com\/magazine365\/comienza-el-ciclo-de-catas-de-los-sentidos-de-summer-hotel-time-en-sevilla\/#organizationLogo"},"image":{"@id":"https:\/\/eldigitaldeasturias.com\/magazine365\/comienza-el-ciclo-de-catas-de-los-sentidos-de-summer-hotel-time-en-sevilla\/#organizationLogo"}},{"@type":"Person","@id":"https:\/\/eldigitaldeasturias.com\/magazine365\/author\/admin\/#author","url":"https:\/\/eldigitaldeasturias.com\/magazine365\/author\/admin\/","name":"admin","image":{"@type":"ImageObject","@id":"https:\/\/eldigitaldeasturias.com\/magazine365\/comienza-el-ciclo-de-catas-de-los-sentidos-de-summer-hotel-time-en-sevilla\/#authorImage","url":"https:\/\/eldigitaldeasturias.com\/magazine365\/wp-content\/litespeed\/avatar\/e571bcf59a0edd6fa6838245a470f2fe.jpg?ver=1776969259","width":96,"height":96,"caption":"admin"}},{"@type":"WebPage","@id":"https:\/\/eldigitaldeasturias.com\/magazine365\/comienza-el-ciclo-de-catas-de-los-sentidos-de-summer-hotel-time-en-sevilla\/#webpage","url":"https:\/\/eldigitaldeasturias.com\/magazine365\/comienza-el-ciclo-de-catas-de-los-sentidos-de-summer-hotel-time-en-sevilla\/","name":"Comienza el ciclo de \u2018Catas de los sentidos\u2019 de \u2018Summer Hotel Time\u2019 en Sevilla | El Digital de Asturias","description":"La terraza del Hotel Do\u00f1a Mar\u00eda ha acogido la primera del ciclo de 'Catas de los Sentidos', la IV edici\u00f3n de Catas de Vinos y Licores de la Tierra, que se integra en la programaci\u00f3n de 'Summer Hotel Time'. La inauguraci\u00f3n del ciclo ha contado con la presencia del presidente de la Asociaci\u00f3n de Hoteles","inLanguage":"es-ES","isPartOf":{"@id":"https:\/\/eldigitaldeasturias.com\/magazine365\/#website"},"breadcrumb":{"@id":"https:\/\/eldigitaldeasturias.com\/magazine365\/comienza-el-ciclo-de-catas-de-los-sentidos-de-summer-hotel-time-en-sevilla\/#breadcrumblist"},"author":{"@id":"https:\/\/eldigitaldeasturias.com\/magazine365\/author\/admin\/#author"},"creator":{"@id":"https:\/\/eldigitaldeasturias.com\/magazine365\/author\/admin\/#author"},"image":{"@type":"ImageObject","url":"https:\/\/eldigitaldeasturias.com\/magazine365\/wp-content\/uploads\/2016\/06\/fotonoticia_20160617171225_800.jpg","@id":"https:\/\/eldigitaldeasturias.com\/magazine365\/comienza-el-ciclo-de-catas-de-los-sentidos-de-summer-hotel-time-en-sevilla\/#mainImage","width":800,"height":1422},"primaryImageOfPage":{"@id":"https:\/\/eldigitaldeasturias.com\/magazine365\/comienza-el-ciclo-de-catas-de-los-sentidos-de-summer-hotel-time-en-sevilla\/#mainImage"},"datePublished":"2016-06-17T20:48:08+02:00","dateModified":"2016-06-17T20:48:08+02:00"},{"@type":"WebSite","@id":"https:\/\/eldigitaldeasturias.com\/magazine365\/#website","url":"https:\/\/eldigitaldeasturias.com\/magazine365\/","name":"El Digital de Asturias","description":"Revista de ocio, turismo y estilo de vida","inLanguage":"es-ES","publisher":{"@id":"https:\/\/eldigitaldeasturias.com\/magazine365\/#organization"}}]},"og:locale":"es_ES","og:site_name":"El Digital de Asturias \u2013 Revista de ocio, turismo y estilo de vida","og:type":"article","og:title":"Comienza el ciclo de \u2018Catas de los sentidos\u2019 de \u2018Summer Hotel Time\u2019 en Sevilla | El Digital de Asturias","og:description":"La terraza del Hotel Do\u00f1a Mar\u00eda ha acogido la primera del ciclo de 'Catas de los Sentidos', la IV edici\u00f3n de Catas de Vinos y Licores de la Tierra, que se integra en la programaci\u00f3n de 'Summer Hotel Time'. La inauguraci\u00f3n del ciclo ha contado con la presencia del presidente de la Asociaci\u00f3n de Hoteles","og:url":"https:\/\/eldigitaldeasturias.com\/magazine365\/comienza-el-ciclo-de-catas-de-los-sentidos-de-summer-hotel-time-en-sevilla\/","og:image":"https:\/\/eldigitaldeasturias.com\/magazine365\/wp-content\/uploads\/2016\/06\/fotonoticia_20160617171225_800.jpg","og:image:secure_url":"https:\/\/eldigitaldeasturias.com\/magazine365\/wp-content\/uploads\/2016\/06\/fotonoticia_20160617171225_800.jpg","og:image:width":800,"og:image:height":1422,"article:published_time":"2016-06-17T18:48:08+00:00","article:modified_time":"2016-06-17T18:48:08+00:00","twitter:card":"summary_large_image","twitter:title":"Comienza el ciclo de \u2018Catas de los sentidos\u2019 de \u2018Summer Hotel Time\u2019 en Sevilla | El Digital de Asturias","twitter:description":"La terraza del Hotel Do\u00f1a Mar\u00eda ha acogido la primera del ciclo de 'Catas de los Sentidos', la IV edici\u00f3n de Catas de Vinos y Licores de la Tierra, que se integra en la programaci\u00f3n de 'Summer Hotel Time'. La inauguraci\u00f3n del ciclo ha contado con la presencia del presidente de la Asociaci\u00f3n de Hoteles","twitter:image":"https:\/\/eldigitaldeasturias.com\/magazine365\/wp-content\/uploads\/2016\/06\/fotonoticia_20160617171225_800.jpg"},"aioseo_meta_data":{"post_id":"79970","title":null,"description":null,"keywords":null,"keyphrases":null,"primary_term":null,"canonical_url":null,"og_title":null,"og_description":null,"og_object_type":"default","og_image_type":"default","og_image_url":null,"og_image_width":null,"og_image_height":null,"og_image_custom_url":null,"og_image_custom_fields":null,"og_video":null,"og_custom_url":null,"og_article_section":null,"og_article_tags":null,"twitter_use_og":false,"twitter_card":"default","twitter_image_type":"default","twitter_image_url":null,"twitter_image_custom_url":null,"twitter_image_custom_fields":null,"twitter_title":null,"twitter_description":null,"schema":{"blockGraphs":[],"customGraphs":[],"default":{"data":{"Article":[],"Course":[],"Dataset":[],"FAQPage":[],"Movie":[],"Person":[],"Product":[],"ProductReview":[],"Car":[],"Recipe":[],"Service":[],"SoftwareApplication":[],"WebPage":[]},"graphName":"","isEnabled":true},"graphs":[],"defaultGraph":"","defaultPostTypeGraph":""},"schema_type":null,"schema_type_options":null,"pillar_content":false,"robots_default":true,"robots_noindex":false,"robots_noarchive":false,"robots_nosnippet":false,"robots_nofollow":false,"robots_noimageindex":false,"robots_noodp":false,"robots_notranslate":false,"robots_max_snippet":null,"robots_max_videopreview":null,"robots_max_imagepreview":"large","priority":null,"frequency":null,"location":null,"local_seo":null,"seo_analyzer_scan_date":"2025-09-27 19:59:18","breadcrumb_settings":null,"limit_modified_date":false,"open_ai":null,"ai":null,"created":"2021-03-08 17:41:34","updated":"2025-09-27 19:59:18"},"aioseo_breadcrumb":"<div class=\"aioseo-breadcrumbs\"><span class=\"aioseo-breadcrumb\">\n\t<a href=\"https:\/\/eldigitaldeasturias.com\/magazine365\" title=\"Home\">Home<\/a>\n<\/span><span class=\"aioseo-breadcrumb-separator\">\u2013<\/span><span class=\"aioseo-breadcrumb\">\n\t<a href=\"https:\/\/eldigitaldeasturias.com\/magazine365\/category\/noticias-actualidad\/\" title=\"Noticias y Actualidad\">Noticias y Actualidad<\/a>\n<\/span><span class=\"aioseo-breadcrumb-separator\">\u2013<\/span><span class=\"aioseo-breadcrumb\">\n\t<a href=\"https:\/\/eldigitaldeasturias.com\/magazine365\/comienza-el-ciclo-de-catas-de-los-sentidos-de-summer-hotel-time-en-sevilla\/\" title=\"Comienza el ciclo de \u2018Catas de los sentidos\u2019 de \u2018Summer Hotel Time\u2019 en Sevilla\">Comienza el ciclo de \u2018Catas de los sentidos\u2019 de \u2018Summer Hotel Time\u2019 en Sevilla<\/a>\n<\/span><\/div>","aioseo_breadcrumb_json":[{"label":"Home","link":"https:\/\/eldigitaldeasturias.com\/magazine365"},{"label":"Noticias y Actualidad","link":"https:\/\/eldigitaldeasturias.com\/magazine365\/category\/noticias-actualidad\/"},{"label":"Comienza el ciclo de &#8216;Catas de los sentidos&#8217; de &#8216;Summer Hotel Time&#8217; en Sevilla","link":"https:\/\/eldigitaldeasturias.com\/magazine365\/comienza-el-ciclo-de-catas-de-los-sentidos-de-summer-hotel-time-en-sevilla\/"}],"_links":{"self":[{"href":"https:\/\/eldigitaldeasturias.com\/magazine365\/wp-json\/wp\/v2\/posts\/79970","targetHints":{"allow":["GET"]}}],"collection":[{"href":"https:\/\/eldigitaldeasturias.com\/magazine365\/wp-json\/wp\/v2\/posts"}],"about":[{"href":"https:\/\/eldigitaldeasturias.com\/magazine365\/wp-json\/wp\/v2\/types\/post"}],"author":[{"embeddable":true,"href":"https:\/\/eldigitaldeasturias.com\/magazine365\/wp-json\/wp\/v2\/users\/1"}],"replies":[{"embeddable":true,"href":"https:\/\/eldigitaldeasturias.com\/magazine365\/wp-json\/wp\/v2\/comments?post=79970"}],"version-history":[{"count":0,"href":"https:\/\/eldigitaldeasturias.com\/magazine365\/wp-json\/wp\/v2\/posts\/79970\/revisions"}],"wp:featuredmedia":[{"embeddable":true,"href":"https:\/\/eldigitaldeasturias.com\/magazine365\/wp-json\/wp\/v2\/media\/79971"}],"wp:attachment":[{"href":"https:\/\/eldigitaldeasturias.com\/magazine365\/wp-json\/wp\/v2\/media?parent=79970"}],"wp:term":[{"taxonomy":"category","embeddable":true,"href":"https:\/\/eldigitaldeasturias.com\/magazine365\/wp-json\/wp\/v2\/categories?post=79970"},{"taxonomy":"post_tag","embeddable":true,"href":"https:\/\/eldigitaldeasturias.com\/magazine365\/wp-json\/wp\/v2\/tags?post=79970"}],"curies":[{"name":"wp","href":"https:\/\/api.w.org\/{rel}","templated":true}]}}