{"id":79967,"date":"2016-06-17T20:47:21","date_gmt":"2016-06-17T18:47:21","guid":{"rendered":"http:\/\/eldigitaldeasturias.com\/magazine365\/?p=79967"},"modified":"2016-06-17T20:47:21","modified_gmt":"2016-06-17T18:47:21","slug":"la-costa-del-sol-promociona-bureau-ante-distintos-mercados-internacionales","status":"publish","type":"post","link":"https:\/\/eldigitaldeasturias.com\/magazine365\/la-costa-del-sol-promociona-bureau-ante-distintos-mercados-internacionales\/","title":{"rendered":"La Costa del Sol promociona Bureau ante distintos mercados internacionales"},"content":{"rendered":"<p><img fetchpriority=\"high\" decoding=\"async\" class=\"alignleft size-medium wp-image-79968\" src=\"https:\/\/eldigitaldeasturias.com\/magazine365\/wp-content\/uploads\/2016\/06\/fotonoticia_20160617171052_800-360x270.jpg\" alt=\"fotonoticia_20160617171052_800\" width=\"360\" height=\"270\" srcset=\"https:\/\/eldigitaldeasturias.com\/magazine365\/wp-content\/uploads\/2016\/06\/fotonoticia_20160617171052_800-360x270.jpg 360w, https:\/\/eldigitaldeasturias.com\/magazine365\/wp-content\/uploads\/2016\/06\/fotonoticia_20160617171052_800-650x488.jpg 650w, https:\/\/eldigitaldeasturias.com\/magazine365\/wp-content\/uploads\/2016\/06\/fotonoticia_20160617171052_800-768x576.jpg 768w, https:\/\/eldigitaldeasturias.com\/magazine365\/wp-content\/uploads\/2016\/06\/fotonoticia_20160617171052_800-150x113.jpg 150w, https:\/\/eldigitaldeasturias.com\/magazine365\/wp-content\/uploads\/2016\/06\/fotonoticia_20160617171052_800-450x338.jpg 450w, https:\/\/eldigitaldeasturias.com\/magazine365\/wp-content\/uploads\/2016\/06\/fotonoticia_20160617171052_800-90x67.jpg 90w, https:\/\/eldigitaldeasturias.com\/magazine365\/wp-content\/uploads\/2016\/06\/fotonoticia_20160617171052_800-164x124.jpg 164w, https:\/\/eldigitaldeasturias.com\/magazine365\/wp-content\/uploads\/2016\/06\/fotonoticia_20160617171052_800-100x75.jpg 100w, https:\/\/eldigitaldeasturias.com\/magazine365\/wp-content\/uploads\/2016\/06\/fotonoticia_20160617171052_800.jpg 800w\" sizes=\"(max-width: 360px) 100vw, 360px\" \/>La provincia de M\u00e1laga contin\u00faa trabajando en posicionar el destino como sede para congresos, convenciones y eventos. As\u00ed, Turismo Costa del Sol, en la l\u00ednea de segmentaci\u00f3n de su oferta tur\u00edstica para ajustarse de forma \u00f3ptima a las motivaciones de cada viajero, tiene en el segmento Convention Bureau uno de los principales factores desestacionalizadores de la zona.<\/p>\n<p>En ese sentido, el director general de Turismo Costa del Sol, Arturo Bernal, ha se\u00f1alado que \u00ablos congresos y eventos tienen lugar durante todo el a\u00f1o y tanto el clima como la infraestructura en materia de MICE con que cuenta la Costa del Sol nos hace situarnos como lugar de referencia en el sector\u00bb.<\/p>\n<p>De hecho, ha recordado, la provincia de M\u00e1laga ha acogido entre finales de mayo y comienzos de junio el evento Connections Meetings en su segunda edici\u00f3n, siendo la primera en Portugal. Se trata de un evento Business to Business en donde promocionar el destino para la organizaci\u00f3n de reuniones, eventos y congresos.<\/p>\n<p>La cita adquiri\u00f3 un formato basado en una estrecha relaci\u00f3n entre compradores y vendedores. \u00abEste trato cercano permite transmitir de mejor forma las emociones y genera en el potencial consumidor una vinculaci\u00f3n sentimental con el destino\u00bb, ha destacado a trav\u00e9s de un comunicado Bernal en relaci\u00f3n con el formato del evento, que ha contado con el patrocinio de Costa del Sol Convention Bureau, M\u00e1laga Convention Bureau y DMC Pacific World.<\/p>\n<p>Durante Conection Meetings, la Costa del Sol estableci\u00f3 contactos con empresas procedentes de hasta una docena de pa\u00edses europeos, de los que los profesionales de Polonia mostraron un significativo inter\u00e9s; \u00abun mercado que est\u00e1 ofreciendo en los \u00faltimos meses un notable crecimiento al alza en llegadas y muestra gran inter\u00e9s por la provincia de M\u00e1laga\u00bb, ha indicado, Bernal, al tiempo que ha recordado que los datos tur\u00edsticos del mercado polaco en 2016 est\u00e1n duplicando los del a\u00f1o pasado.<\/p>\n<p>Durante el mes de marzo, Turismo Costa del Sol ha trabajado la promoci\u00f3n del segmento MICE en el mercado de Polonia con la celebraci\u00f3n de un fam trip especializado de la mano de Turismo Andaluz y la OET de Varsovia.<\/p>\n<p>Asimismo, finalizado el evento Connections Meetings, tuvo lugar un postour con tres compradores especializados, ante los que se intensific\u00f3 la campa\u00f1a promocional de la Costa del Sol como un destino MICE de primer orden.<\/p>\n<p>Por otro lado, en la l\u00ednea de fortalecer la promoci\u00f3n del segmento Convention Bureau, Turismo Costa de Sol ha participado hasta este viernes en el IBTM Am\u00e9rica, un foro especializado en el turismo de convenciones, que se ha celebrado en la ciudad de Nashville, en el estado norteamericano de Tennessee.<\/p>\n<p>Medio millar de profesionales, entre compradores y vendedores, la mayor\u00eda estadounidenses, se han dado cita en el evento, en el que la Costa del Sol ha fijado su presencia para asentar el destino y cuidar el segmento Convention Bureau, uno de los m\u00e1s importantes en la tarea de desestacionalizar el destino Costa del Sol.<\/p>\n","protected":false},"excerpt":{"rendered":"<p>La provincia de M\u00e1laga contin\u00faa trabajando en posicionar el destino como sede para congresos, convenciones y eventos. As\u00ed, Turismo Costa del Sol, en la l\u00ednea de segmentaci\u00f3n de su oferta tur\u00edstica para ajustarse de forma \u00f3ptima a las motivaciones de cada viajero, tiene en el segmento Convention Bureau uno de los principales factores desestacionalizadores de<\/p>\n","protected":false},"author":1,"featured_media":79968,"comment_status":"open","ping_status":"closed","sticky":false,"template":"","format":"standard","meta":{"footnotes":""},"categories":[224],"tags":[],"class_list":{"0":"post-79967","1":"post","2":"type-post","3":"status-publish","4":"format-standard","5":"has-post-thumbnail","7":"category-noticias-actualidad"},"aioseo_notices":[],"aioseo_head":"\n\t\t<!-- All in One SEO Pro 4.9.6.1 - aioseo.com -->\n\t<meta name=\"description\" content=\"La provincia de M\u00e1laga contin\u00faa trabajando en posicionar el destino como sede para congresos, convenciones y eventos. As\u00ed, Turismo Costa del Sol, en la l\u00ednea de segmentaci\u00f3n de su oferta tur\u00edstica para ajustarse de forma \u00f3ptima a las motivaciones de cada viajero, tiene en el segmento Convention Bureau uno de los principales factores desestacionalizadores de\" \/>\n\t<meta name=\"robots\" content=\"max-image-preview:large\" \/>\n\t<meta name=\"author\" content=\"admin\"\/>\n\t<meta name=\"google-site-verification\" content=\"UA-38556648-1\" \/>\n\t<meta name=\"keywords\" content=\"noticias y actualidad\" \/>\n\t<link rel=\"canonical\" href=\"https:\/\/eldigitaldeasturias.com\/magazine365\/la-costa-del-sol-promociona-bureau-ante-distintos-mercados-internacionales\/\" \/>\n\t<meta name=\"generator\" content=\"All in One SEO Pro (AIOSEO) 4.9.6.1\" \/>\n\t\t<meta property=\"og:locale\" content=\"es_ES\" \/>\n\t\t<meta property=\"og:site_name\" content=\"El Digital de Asturias \u2013 Revista de ocio, turismo y estilo de vida\" \/>\n\t\t<meta property=\"og:type\" content=\"article\" \/>\n\t\t<meta property=\"og:title\" content=\"La Costa del Sol promociona Bureau ante distintos mercados internacionales | El Digital de Asturias\" \/>\n\t\t<meta property=\"og:description\" content=\"La provincia de M\u00e1laga contin\u00faa trabajando en posicionar el destino como sede para congresos, convenciones y eventos. As\u00ed, Turismo Costa del Sol, en la l\u00ednea de segmentaci\u00f3n de su oferta tur\u00edstica para ajustarse de forma \u00f3ptima a las motivaciones de cada viajero, tiene en el segmento Convention Bureau uno de los principales factores desestacionalizadores de\" \/>\n\t\t<meta property=\"og:url\" content=\"https:\/\/eldigitaldeasturias.com\/magazine365\/la-costa-del-sol-promociona-bureau-ante-distintos-mercados-internacionales\/\" \/>\n\t\t<meta property=\"og:image\" content=\"https:\/\/eldigitaldeasturias.com\/magazine365\/wp-content\/uploads\/2016\/06\/fotonoticia_20160617171052_800.jpg\" \/>\n\t\t<meta property=\"og:image:secure_url\" content=\"https:\/\/eldigitaldeasturias.com\/magazine365\/wp-content\/uploads\/2016\/06\/fotonoticia_20160617171052_800.jpg\" \/>\n\t\t<meta property=\"og:image:width\" content=\"800\" \/>\n\t\t<meta property=\"og:image:height\" content=\"600\" \/>\n\t\t<meta property=\"article:published_time\" content=\"2016-06-17T18:47:21+00:00\" \/>\n\t\t<meta property=\"article:modified_time\" content=\"2016-06-17T18:47:21+00:00\" \/>\n\t\t<meta name=\"twitter:card\" content=\"summary_large_image\" \/>\n\t\t<meta name=\"twitter:title\" content=\"La Costa del Sol promociona Bureau ante distintos mercados internacionales | El Digital de Asturias\" \/>\n\t\t<meta name=\"twitter:description\" content=\"La provincia de M\u00e1laga contin\u00faa trabajando en posicionar el destino como sede para congresos, convenciones y eventos. As\u00ed, Turismo Costa del Sol, en la l\u00ednea de segmentaci\u00f3n de su oferta tur\u00edstica para ajustarse de forma \u00f3ptima a las motivaciones de cada viajero, tiene en el segmento Convention Bureau uno de los principales factores desestacionalizadores de\" \/>\n\t\t<meta name=\"twitter:image\" content=\"https:\/\/eldigitaldeasturias.com\/magazine365\/wp-content\/uploads\/2016\/06\/fotonoticia_20160617171052_800.jpg\" \/>\n\t\t<script type=\"application\/ld+json\" class=\"aioseo-schema\">\n\t\t\t{\"@context\":\"https:\\\/\\\/schema.org\",\"@graph\":[{\"@type\":\"Article\",\"@id\":\"https:\\\/\\\/eldigitaldeasturias.com\\\/magazine365\\\/la-costa-del-sol-promociona-bureau-ante-distintos-mercados-internacionales\\\/#article\",\"name\":\"La Costa del Sol promociona Bureau ante distintos mercados internacionales | El Digital de Asturias\",\"headline\":\"La Costa del Sol promociona Bureau ante distintos mercados internacionales\",\"author\":{\"@id\":\"https:\\\/\\\/eldigitaldeasturias.com\\\/magazine365\\\/author\\\/admin\\\/#author\"},\"publisher\":{\"@id\":\"https:\\\/\\\/eldigitaldeasturias.com\\\/magazine365\\\/#organization\"},\"image\":{\"@type\":\"ImageObject\",\"url\":\"https:\\\/\\\/eldigitaldeasturias.com\\\/magazine365\\\/wp-content\\\/uploads\\\/2016\\\/06\\\/fotonoticia_20160617171052_800.jpg\",\"width\":800,\"height\":600},\"datePublished\":\"2016-06-17T20:47:21+02:00\",\"dateModified\":\"2016-06-17T20:47:21+02:00\",\"inLanguage\":\"es-ES\",\"mainEntityOfPage\":{\"@id\":\"https:\\\/\\\/eldigitaldeasturias.com\\\/magazine365\\\/la-costa-del-sol-promociona-bureau-ante-distintos-mercados-internacionales\\\/#webpage\"},\"isPartOf\":{\"@id\":\"https:\\\/\\\/eldigitaldeasturias.com\\\/magazine365\\\/la-costa-del-sol-promociona-bureau-ante-distintos-mercados-internacionales\\\/#webpage\"},\"articleSection\":\"Noticias y Actualidad\"},{\"@type\":\"BreadcrumbList\",\"@id\":\"https:\\\/\\\/eldigitaldeasturias.com\\\/magazine365\\\/la-costa-del-sol-promociona-bureau-ante-distintos-mercados-internacionales\\\/#breadcrumblist\",\"itemListElement\":[{\"@type\":\"ListItem\",\"@id\":\"https:\\\/\\\/eldigitaldeasturias.com\\\/magazine365#listItem\",\"position\":1,\"name\":\"Home\",\"item\":\"https:\\\/\\\/eldigitaldeasturias.com\\\/magazine365\",\"nextItem\":{\"@type\":\"ListItem\",\"@id\":\"https:\\\/\\\/eldigitaldeasturias.com\\\/magazine365\\\/category\\\/noticias-actualidad\\\/#listItem\",\"name\":\"Noticias y Actualidad\"}},{\"@type\":\"ListItem\",\"@id\":\"https:\\\/\\\/eldigitaldeasturias.com\\\/magazine365\\\/category\\\/noticias-actualidad\\\/#listItem\",\"position\":2,\"name\":\"Noticias y Actualidad\",\"item\":\"https:\\\/\\\/eldigitaldeasturias.com\\\/magazine365\\\/category\\\/noticias-actualidad\\\/\",\"nextItem\":{\"@type\":\"ListItem\",\"@id\":\"https:\\\/\\\/eldigitaldeasturias.com\\\/magazine365\\\/la-costa-del-sol-promociona-bureau-ante-distintos-mercados-internacionales\\\/#listItem\",\"name\":\"La Costa del Sol promociona Bureau ante distintos mercados internacionales\"},\"previousItem\":{\"@type\":\"ListItem\",\"@id\":\"https:\\\/\\\/eldigitaldeasturias.com\\\/magazine365#listItem\",\"name\":\"Home\"}},{\"@type\":\"ListItem\",\"@id\":\"https:\\\/\\\/eldigitaldeasturias.com\\\/magazine365\\\/la-costa-del-sol-promociona-bureau-ante-distintos-mercados-internacionales\\\/#listItem\",\"position\":3,\"name\":\"La Costa del Sol promociona Bureau ante distintos mercados internacionales\",\"previousItem\":{\"@type\":\"ListItem\",\"@id\":\"https:\\\/\\\/eldigitaldeasturias.com\\\/magazine365\\\/category\\\/noticias-actualidad\\\/#listItem\",\"name\":\"Noticias y Actualidad\"}}]},{\"@type\":\"Organization\",\"@id\":\"https:\\\/\\\/eldigitaldeasturias.com\\\/magazine365\\\/#organization\",\"name\":\"El digital de Asturias\",\"description\":\"Revista de ocio, turismo y estilo de vida\",\"url\":\"https:\\\/\\\/eldigitaldeasturias.com\\\/magazine365\\\/\",\"logo\":{\"@type\":\"ImageObject\",\"url\":\"https:\\\/\\\/www.eldigitaldeasturias.com\\\/noticias\\\/wp-content\\\/uploads\\\/2020\\\/12\\\/EDA.jpg\",\"@id\":\"https:\\\/\\\/eldigitaldeasturias.com\\\/magazine365\\\/la-costa-del-sol-promociona-bureau-ante-distintos-mercados-internacionales\\\/#organizationLogo\"},\"image\":{\"@id\":\"https:\\\/\\\/eldigitaldeasturias.com\\\/magazine365\\\/la-costa-del-sol-promociona-bureau-ante-distintos-mercados-internacionales\\\/#organizationLogo\"}},{\"@type\":\"Person\",\"@id\":\"https:\\\/\\\/eldigitaldeasturias.com\\\/magazine365\\\/author\\\/admin\\\/#author\",\"url\":\"https:\\\/\\\/eldigitaldeasturias.com\\\/magazine365\\\/author\\\/admin\\\/\",\"name\":\"admin\",\"image\":{\"@type\":\"ImageObject\",\"@id\":\"https:\\\/\\\/eldigitaldeasturias.com\\\/magazine365\\\/la-costa-del-sol-promociona-bureau-ante-distintos-mercados-internacionales\\\/#authorImage\",\"url\":\"https:\\\/\\\/eldigitaldeasturias.com\\\/magazine365\\\/wp-content\\\/litespeed\\\/avatar\\\/e571bcf59a0edd6fa6838245a470f2fe.jpg?ver=1776969259\",\"width\":96,\"height\":96,\"caption\":\"admin\"}},{\"@type\":\"WebPage\",\"@id\":\"https:\\\/\\\/eldigitaldeasturias.com\\\/magazine365\\\/la-costa-del-sol-promociona-bureau-ante-distintos-mercados-internacionales\\\/#webpage\",\"url\":\"https:\\\/\\\/eldigitaldeasturias.com\\\/magazine365\\\/la-costa-del-sol-promociona-bureau-ante-distintos-mercados-internacionales\\\/\",\"name\":\"La Costa del Sol promociona Bureau ante distintos mercados internacionales | El Digital de Asturias\",\"description\":\"La provincia de M\\u00e1laga contin\\u00faa trabajando en posicionar el destino como sede para congresos, convenciones y eventos. As\\u00ed, Turismo Costa del Sol, en la l\\u00ednea de segmentaci\\u00f3n de su oferta tur\\u00edstica para ajustarse de forma \\u00f3ptima a las motivaciones de cada viajero, tiene en el segmento Convention Bureau uno de los principales factores desestacionalizadores de\",\"inLanguage\":\"es-ES\",\"isPartOf\":{\"@id\":\"https:\\\/\\\/eldigitaldeasturias.com\\\/magazine365\\\/#website\"},\"breadcrumb\":{\"@id\":\"https:\\\/\\\/eldigitaldeasturias.com\\\/magazine365\\\/la-costa-del-sol-promociona-bureau-ante-distintos-mercados-internacionales\\\/#breadcrumblist\"},\"author\":{\"@id\":\"https:\\\/\\\/eldigitaldeasturias.com\\\/magazine365\\\/author\\\/admin\\\/#author\"},\"creator\":{\"@id\":\"https:\\\/\\\/eldigitaldeasturias.com\\\/magazine365\\\/author\\\/admin\\\/#author\"},\"image\":{\"@type\":\"ImageObject\",\"url\":\"https:\\\/\\\/eldigitaldeasturias.com\\\/magazine365\\\/wp-content\\\/uploads\\\/2016\\\/06\\\/fotonoticia_20160617171052_800.jpg\",\"@id\":\"https:\\\/\\\/eldigitaldeasturias.com\\\/magazine365\\\/la-costa-del-sol-promociona-bureau-ante-distintos-mercados-internacionales\\\/#mainImage\",\"width\":800,\"height\":600},\"primaryImageOfPage\":{\"@id\":\"https:\\\/\\\/eldigitaldeasturias.com\\\/magazine365\\\/la-costa-del-sol-promociona-bureau-ante-distintos-mercados-internacionales\\\/#mainImage\"},\"datePublished\":\"2016-06-17T20:47:21+02:00\",\"dateModified\":\"2016-06-17T20:47:21+02:00\"},{\"@type\":\"WebSite\",\"@id\":\"https:\\\/\\\/eldigitaldeasturias.com\\\/magazine365\\\/#website\",\"url\":\"https:\\\/\\\/eldigitaldeasturias.com\\\/magazine365\\\/\",\"name\":\"El Digital de Asturias\",\"description\":\"Revista de ocio, turismo y estilo de vida\",\"inLanguage\":\"es-ES\",\"publisher\":{\"@id\":\"https:\\\/\\\/eldigitaldeasturias.com\\\/magazine365\\\/#organization\"}}]}\n\t\t<\/script>\n\t\t<!-- All in One SEO Pro -->\r\n\t\t<title>La Costa del Sol promociona Bureau ante distintos mercados internacionales | El Digital de Asturias<\/title>\n\n","aioseo_head_json":{"title":"La Costa del Sol promociona Bureau ante distintos mercados internacionales | El Digital de Asturias","description":"La provincia de M\u00e1laga contin\u00faa trabajando en posicionar el destino como sede para congresos, convenciones y eventos. As\u00ed, Turismo Costa del Sol, en la l\u00ednea de segmentaci\u00f3n de su oferta tur\u00edstica para ajustarse de forma \u00f3ptima a las motivaciones de cada viajero, tiene en el segmento Convention Bureau uno de los principales factores desestacionalizadores de","canonical_url":"https:\/\/eldigitaldeasturias.com\/magazine365\/la-costa-del-sol-promociona-bureau-ante-distintos-mercados-internacionales\/","robots":"max-image-preview:large","keywords":"noticias y actualidad","webmasterTools":{"google-site-verification":"UA-38556648-1","miscellaneous":""},"schema":{"@context":"https:\/\/schema.org","@graph":[{"@type":"Article","@id":"https:\/\/eldigitaldeasturias.com\/magazine365\/la-costa-del-sol-promociona-bureau-ante-distintos-mercados-internacionales\/#article","name":"La Costa del Sol promociona Bureau ante distintos mercados internacionales | El Digital de Asturias","headline":"La Costa del Sol promociona Bureau ante distintos mercados internacionales","author":{"@id":"https:\/\/eldigitaldeasturias.com\/magazine365\/author\/admin\/#author"},"publisher":{"@id":"https:\/\/eldigitaldeasturias.com\/magazine365\/#organization"},"image":{"@type":"ImageObject","url":"https:\/\/eldigitaldeasturias.com\/magazine365\/wp-content\/uploads\/2016\/06\/fotonoticia_20160617171052_800.jpg","width":800,"height":600},"datePublished":"2016-06-17T20:47:21+02:00","dateModified":"2016-06-17T20:47:21+02:00","inLanguage":"es-ES","mainEntityOfPage":{"@id":"https:\/\/eldigitaldeasturias.com\/magazine365\/la-costa-del-sol-promociona-bureau-ante-distintos-mercados-internacionales\/#webpage"},"isPartOf":{"@id":"https:\/\/eldigitaldeasturias.com\/magazine365\/la-costa-del-sol-promociona-bureau-ante-distintos-mercados-internacionales\/#webpage"},"articleSection":"Noticias y Actualidad"},{"@type":"BreadcrumbList","@id":"https:\/\/eldigitaldeasturias.com\/magazine365\/la-costa-del-sol-promociona-bureau-ante-distintos-mercados-internacionales\/#breadcrumblist","itemListElement":[{"@type":"ListItem","@id":"https:\/\/eldigitaldeasturias.com\/magazine365#listItem","position":1,"name":"Home","item":"https:\/\/eldigitaldeasturias.com\/magazine365","nextItem":{"@type":"ListItem","@id":"https:\/\/eldigitaldeasturias.com\/magazine365\/category\/noticias-actualidad\/#listItem","name":"Noticias y Actualidad"}},{"@type":"ListItem","@id":"https:\/\/eldigitaldeasturias.com\/magazine365\/category\/noticias-actualidad\/#listItem","position":2,"name":"Noticias y Actualidad","item":"https:\/\/eldigitaldeasturias.com\/magazine365\/category\/noticias-actualidad\/","nextItem":{"@type":"ListItem","@id":"https:\/\/eldigitaldeasturias.com\/magazine365\/la-costa-del-sol-promociona-bureau-ante-distintos-mercados-internacionales\/#listItem","name":"La Costa del Sol promociona Bureau ante distintos mercados internacionales"},"previousItem":{"@type":"ListItem","@id":"https:\/\/eldigitaldeasturias.com\/magazine365#listItem","name":"Home"}},{"@type":"ListItem","@id":"https:\/\/eldigitaldeasturias.com\/magazine365\/la-costa-del-sol-promociona-bureau-ante-distintos-mercados-internacionales\/#listItem","position":3,"name":"La Costa del Sol promociona Bureau ante distintos mercados internacionales","previousItem":{"@type":"ListItem","@id":"https:\/\/eldigitaldeasturias.com\/magazine365\/category\/noticias-actualidad\/#listItem","name":"Noticias y Actualidad"}}]},{"@type":"Organization","@id":"https:\/\/eldigitaldeasturias.com\/magazine365\/#organization","name":"El digital de Asturias","description":"Revista de ocio, turismo y estilo de vida","url":"https:\/\/eldigitaldeasturias.com\/magazine365\/","logo":{"@type":"ImageObject","url":"https:\/\/www.eldigitaldeasturias.com\/noticias\/wp-content\/uploads\/2020\/12\/EDA.jpg","@id":"https:\/\/eldigitaldeasturias.com\/magazine365\/la-costa-del-sol-promociona-bureau-ante-distintos-mercados-internacionales\/#organizationLogo"},"image":{"@id":"https:\/\/eldigitaldeasturias.com\/magazine365\/la-costa-del-sol-promociona-bureau-ante-distintos-mercados-internacionales\/#organizationLogo"}},{"@type":"Person","@id":"https:\/\/eldigitaldeasturias.com\/magazine365\/author\/admin\/#author","url":"https:\/\/eldigitaldeasturias.com\/magazine365\/author\/admin\/","name":"admin","image":{"@type":"ImageObject","@id":"https:\/\/eldigitaldeasturias.com\/magazine365\/la-costa-del-sol-promociona-bureau-ante-distintos-mercados-internacionales\/#authorImage","url":"https:\/\/eldigitaldeasturias.com\/magazine365\/wp-content\/litespeed\/avatar\/e571bcf59a0edd6fa6838245a470f2fe.jpg?ver=1776969259","width":96,"height":96,"caption":"admin"}},{"@type":"WebPage","@id":"https:\/\/eldigitaldeasturias.com\/magazine365\/la-costa-del-sol-promociona-bureau-ante-distintos-mercados-internacionales\/#webpage","url":"https:\/\/eldigitaldeasturias.com\/magazine365\/la-costa-del-sol-promociona-bureau-ante-distintos-mercados-internacionales\/","name":"La Costa del Sol promociona Bureau ante distintos mercados internacionales | El Digital de Asturias","description":"La provincia de M\u00e1laga contin\u00faa trabajando en posicionar el destino como sede para congresos, convenciones y eventos. As\u00ed, Turismo Costa del Sol, en la l\u00ednea de segmentaci\u00f3n de su oferta tur\u00edstica para ajustarse de forma \u00f3ptima a las motivaciones de cada viajero, tiene en el segmento Convention Bureau uno de los principales factores desestacionalizadores de","inLanguage":"es-ES","isPartOf":{"@id":"https:\/\/eldigitaldeasturias.com\/magazine365\/#website"},"breadcrumb":{"@id":"https:\/\/eldigitaldeasturias.com\/magazine365\/la-costa-del-sol-promociona-bureau-ante-distintos-mercados-internacionales\/#breadcrumblist"},"author":{"@id":"https:\/\/eldigitaldeasturias.com\/magazine365\/author\/admin\/#author"},"creator":{"@id":"https:\/\/eldigitaldeasturias.com\/magazine365\/author\/admin\/#author"},"image":{"@type":"ImageObject","url":"https:\/\/eldigitaldeasturias.com\/magazine365\/wp-content\/uploads\/2016\/06\/fotonoticia_20160617171052_800.jpg","@id":"https:\/\/eldigitaldeasturias.com\/magazine365\/la-costa-del-sol-promociona-bureau-ante-distintos-mercados-internacionales\/#mainImage","width":800,"height":600},"primaryImageOfPage":{"@id":"https:\/\/eldigitaldeasturias.com\/magazine365\/la-costa-del-sol-promociona-bureau-ante-distintos-mercados-internacionales\/#mainImage"},"datePublished":"2016-06-17T20:47:21+02:00","dateModified":"2016-06-17T20:47:21+02:00"},{"@type":"WebSite","@id":"https:\/\/eldigitaldeasturias.com\/magazine365\/#website","url":"https:\/\/eldigitaldeasturias.com\/magazine365\/","name":"El Digital de Asturias","description":"Revista de ocio, turismo y estilo de vida","inLanguage":"es-ES","publisher":{"@id":"https:\/\/eldigitaldeasturias.com\/magazine365\/#organization"}}]},"og:locale":"es_ES","og:site_name":"El Digital de Asturias \u2013 Revista de ocio, turismo y estilo de vida","og:type":"article","og:title":"La Costa del Sol promociona Bureau ante distintos mercados internacionales | El Digital de Asturias","og:description":"La provincia de M\u00e1laga contin\u00faa trabajando en posicionar el destino como sede para congresos, convenciones y eventos. As\u00ed, Turismo Costa del Sol, en la l\u00ednea de segmentaci\u00f3n de su oferta tur\u00edstica para ajustarse de forma \u00f3ptima a las motivaciones de cada viajero, tiene en el segmento Convention Bureau uno de los principales factores desestacionalizadores de","og:url":"https:\/\/eldigitaldeasturias.com\/magazine365\/la-costa-del-sol-promociona-bureau-ante-distintos-mercados-internacionales\/","og:image":"https:\/\/eldigitaldeasturias.com\/magazine365\/wp-content\/uploads\/2016\/06\/fotonoticia_20160617171052_800.jpg","og:image:secure_url":"https:\/\/eldigitaldeasturias.com\/magazine365\/wp-content\/uploads\/2016\/06\/fotonoticia_20160617171052_800.jpg","og:image:width":800,"og:image:height":600,"article:published_time":"2016-06-17T18:47:21+00:00","article:modified_time":"2016-06-17T18:47:21+00:00","twitter:card":"summary_large_image","twitter:title":"La Costa del Sol promociona Bureau ante distintos mercados internacionales | El Digital de Asturias","twitter:description":"La provincia de M\u00e1laga contin\u00faa trabajando en posicionar el destino como sede para congresos, convenciones y eventos. As\u00ed, Turismo Costa del Sol, en la l\u00ednea de segmentaci\u00f3n de su oferta tur\u00edstica para ajustarse de forma \u00f3ptima a las motivaciones de cada viajero, tiene en el segmento Convention Bureau uno de los principales factores desestacionalizadores de","twitter:image":"https:\/\/eldigitaldeasturias.com\/magazine365\/wp-content\/uploads\/2016\/06\/fotonoticia_20160617171052_800.jpg"},"aioseo_meta_data":{"post_id":"79967","title":null,"description":null,"keywords":null,"keyphrases":null,"primary_term":null,"canonical_url":null,"og_title":null,"og_description":null,"og_object_type":"default","og_image_type":"default","og_image_url":null,"og_image_width":null,"og_image_height":null,"og_image_custom_url":null,"og_image_custom_fields":null,"og_video":null,"og_custom_url":null,"og_article_section":null,"og_article_tags":null,"twitter_use_og":false,"twitter_card":"default","twitter_image_type":"default","twitter_image_url":null,"twitter_image_custom_url":null,"twitter_image_custom_fields":null,"twitter_title":null,"twitter_description":null,"schema":{"blockGraphs":[],"customGraphs":[],"default":{"data":{"Article":[],"Course":[],"Dataset":[],"FAQPage":[],"Movie":[],"Person":[],"Product":[],"ProductReview":[],"Car":[],"Recipe":[],"Service":[],"SoftwareApplication":[],"WebPage":[]},"graphName":"","isEnabled":true},"graphs":[],"defaultGraph":"","defaultPostTypeGraph":""},"schema_type":null,"schema_type_options":null,"pillar_content":false,"robots_default":true,"robots_noindex":false,"robots_noarchive":false,"robots_nosnippet":false,"robots_nofollow":false,"robots_noimageindex":false,"robots_noodp":false,"robots_notranslate":false,"robots_max_snippet":null,"robots_max_videopreview":null,"robots_max_imagepreview":"large","priority":null,"frequency":null,"location":null,"local_seo":null,"seo_analyzer_scan_date":"2025-09-27 19:56:00","breadcrumb_settings":null,"limit_modified_date":false,"open_ai":null,"ai":null,"created":"2021-03-08 17:41:34","updated":"2025-09-27 19:56:00"},"aioseo_breadcrumb":"<div class=\"aioseo-breadcrumbs\"><span class=\"aioseo-breadcrumb\">\n\t<a href=\"https:\/\/eldigitaldeasturias.com\/magazine365\" title=\"Home\">Home<\/a>\n<\/span><span class=\"aioseo-breadcrumb-separator\">\u2013<\/span><span class=\"aioseo-breadcrumb\">\n\t<a href=\"https:\/\/eldigitaldeasturias.com\/magazine365\/category\/noticias-actualidad\/\" title=\"Noticias y Actualidad\">Noticias y Actualidad<\/a>\n<\/span><span class=\"aioseo-breadcrumb-separator\">\u2013<\/span><span class=\"aioseo-breadcrumb\">\n\t<a href=\"https:\/\/eldigitaldeasturias.com\/magazine365\/la-costa-del-sol-promociona-bureau-ante-distintos-mercados-internacionales\/\" title=\"La Costa del Sol promociona Bureau ante distintos mercados internacionales\">La Costa del Sol promociona Bureau ante distintos mercados internacionales<\/a>\n<\/span><\/div>","aioseo_breadcrumb_json":[{"label":"Home","link":"https:\/\/eldigitaldeasturias.com\/magazine365"},{"label":"Noticias y Actualidad","link":"https:\/\/eldigitaldeasturias.com\/magazine365\/category\/noticias-actualidad\/"},{"label":"La Costa del Sol promociona Bureau ante distintos mercados internacionales","link":"https:\/\/eldigitaldeasturias.com\/magazine365\/la-costa-del-sol-promociona-bureau-ante-distintos-mercados-internacionales\/"}],"_links":{"self":[{"href":"https:\/\/eldigitaldeasturias.com\/magazine365\/wp-json\/wp\/v2\/posts\/79967","targetHints":{"allow":["GET"]}}],"collection":[{"href":"https:\/\/eldigitaldeasturias.com\/magazine365\/wp-json\/wp\/v2\/posts"}],"about":[{"href":"https:\/\/eldigitaldeasturias.com\/magazine365\/wp-json\/wp\/v2\/types\/post"}],"author":[{"embeddable":true,"href":"https:\/\/eldigitaldeasturias.com\/magazine365\/wp-json\/wp\/v2\/users\/1"}],"replies":[{"embeddable":true,"href":"https:\/\/eldigitaldeasturias.com\/magazine365\/wp-json\/wp\/v2\/comments?post=79967"}],"version-history":[{"count":0,"href":"https:\/\/eldigitaldeasturias.com\/magazine365\/wp-json\/wp\/v2\/posts\/79967\/revisions"}],"wp:featuredmedia":[{"embeddable":true,"href":"https:\/\/eldigitaldeasturias.com\/magazine365\/wp-json\/wp\/v2\/media\/79968"}],"wp:attachment":[{"href":"https:\/\/eldigitaldeasturias.com\/magazine365\/wp-json\/wp\/v2\/media?parent=79967"}],"wp:term":[{"taxonomy":"category","embeddable":true,"href":"https:\/\/eldigitaldeasturias.com\/magazine365\/wp-json\/wp\/v2\/categories?post=79967"},{"taxonomy":"post_tag","embeddable":true,"href":"https:\/\/eldigitaldeasturias.com\/magazine365\/wp-json\/wp\/v2\/tags?post=79967"}],"curies":[{"name":"wp","href":"https:\/\/api.w.org\/{rel}","templated":true}]}}