{"id":79954,"date":"2016-06-17T17:48:22","date_gmt":"2016-06-17T15:48:22","guid":{"rendered":"http:\/\/eldigitaldeasturias.com\/magazine365\/?p=79954"},"modified":"2016-06-17T17:48:22","modified_gmt":"2016-06-17T15:48:22","slug":"el-sector-turistico-dice-no-haber-recibido-cancelaciones-por-estado-mar-menor","status":"publish","type":"post","link":"https:\/\/eldigitaldeasturias.com\/magazine365\/el-sector-turistico-dice-no-haber-recibido-cancelaciones-por-estado-mar-menor\/","title":{"rendered":"El sector tur\u00edstico dice no haber recibido cancelaciones por estado Mar Menor"},"content":{"rendered":"<p><img fetchpriority=\"high\" decoding=\"async\" class=\"alignleft size-medium wp-image-79955\" src=\"https:\/\/eldigitaldeasturias.com\/magazine365\/wp-content\/uploads\/2016\/06\/fotonoticia_20160617162315_800-360x239.jpg\" alt=\"fotonoticia_20160617162315_800\" width=\"360\" height=\"239\" srcset=\"https:\/\/eldigitaldeasturias.com\/magazine365\/wp-content\/uploads\/2016\/06\/fotonoticia_20160617162315_800-360x239.jpg 360w, https:\/\/eldigitaldeasturias.com\/magazine365\/wp-content\/uploads\/2016\/06\/fotonoticia_20160617162315_800-650x431.jpg 650w, https:\/\/eldigitaldeasturias.com\/magazine365\/wp-content\/uploads\/2016\/06\/fotonoticia_20160617162315_800-768x509.jpg 768w, https:\/\/eldigitaldeasturias.com\/magazine365\/wp-content\/uploads\/2016\/06\/fotonoticia_20160617162315_800-150x99.jpg 150w, https:\/\/eldigitaldeasturias.com\/magazine365\/wp-content\/uploads\/2016\/06\/fotonoticia_20160617162315_800-450x298.jpg 450w, https:\/\/eldigitaldeasturias.com\/magazine365\/wp-content\/uploads\/2016\/06\/fotonoticia_20160617162315_800-121x79.jpg 121w, https:\/\/eldigitaldeasturias.com\/magazine365\/wp-content\/uploads\/2016\/06\/fotonoticia_20160617162315_800-101x66.jpg 101w, https:\/\/eldigitaldeasturias.com\/magazine365\/wp-content\/uploads\/2016\/06\/fotonoticia_20160617162315_800.jpg 800w\" sizes=\"(max-width: 360px) 100vw, 360px\" \/>Los empresarios hoteleros y de alojamientos tur\u00edsticos de Santiago de la Ribera afirman no haber recibido cancelaciones de cara a la inminente campa\u00f1a veraniega frente a la que se muestran optimistas en cuanto a la ocupaci\u00f3n.<\/p>\n<p>As\u00ed se lo han transmitido al alcalde, Jos\u00e9 Miguel Luengo y al concejal de Turismo, Antonio Mart\u00ednez durante un encuentro celebrado esta ma\u00f1ana, a petici\u00f3n de los propios empresarios para mostrarles su preocupaci\u00f3n por lo que consideran un \u00abtono alarmista\u00bb que \u00aba veces se emplea para hablar sobre la situaci\u00f3n del Mar Menor\u00bb.<\/p>\n<p>Durante la reuni\u00f3n se ha abordado la necesidad de actuar con responsabilidad por parte de todos los agentes implicados, as\u00ed como la necesidad de ofrecer toda la informaci\u00f3n que se genera sobre el seguimiento continuo que se realiza al estado del agua en el Mar Menor, seg\u00fan han informado fuentes municipales.<\/p>\n<p>En ese sentido, la concejal\u00eda de Turismo se ha comprometido a seguir, como hasta ahora, trasladando a los empresarios del sector las anal\u00edticas de playa, cuyos servicios se encuentran operativos al cien por cien, y cualquier otra informaci\u00f3n relevante sobre el Mar Menor.<\/p>\n<p>Durante el encuentro, el alcalde les ha trasladado todos los pasos que se est\u00e1n dando en esta materia, y se han abordado otras cuestiones como los esfuerzos por la celebraci\u00f3n de eventos y actividades que contribuyan a la buena marcha de la temporada tur\u00edstica.<\/p>\n<p>El pasado lunes, el alcalde Jos\u00e9 Miguel Luengo y el concejal de Turismo y Playas se reunieron con un grupo de comerciantes y empresarios del sector de alojamientos de La Manga, en el puerto Tom\u00e1s Maestre para abordar, asimismo, la situaci\u00f3n del Mar Menor de cara a la temporada veraniega, con la informaci\u00f3n disponible como las frecuentes anal\u00edticas del agua, \u00abcuyos resultados de cara al ba\u00f1o son equiparables a cualquier otra temporada\u00bb, as\u00ed como otros aspectos relacionados con el sector.<\/p>\n","protected":false},"excerpt":{"rendered":"<p>Los empresarios hoteleros y de alojamientos tur\u00edsticos de Santiago de la Ribera afirman no haber recibido cancelaciones de cara a la inminente campa\u00f1a veraniega frente a la que se muestran optimistas en cuanto a la ocupaci\u00f3n. As\u00ed se lo han transmitido al alcalde, Jos\u00e9 Miguel Luengo y al concejal de Turismo, Antonio Mart\u00ednez durante un<\/p>\n","protected":false},"author":1,"featured_media":79955,"comment_status":"open","ping_status":"closed","sticky":false,"template":"","format":"standard","meta":{"footnotes":""},"categories":[224],"tags":[],"class_list":{"0":"post-79954","1":"post","2":"type-post","3":"status-publish","4":"format-standard","5":"has-post-thumbnail","7":"category-noticias-actualidad"},"aioseo_notices":[],"aioseo_head":"\n\t\t<!-- All in One SEO Pro 4.9.6.1 - aioseo.com -->\n\t<meta name=\"description\" content=\"Los empresarios hoteleros y de alojamientos tur\u00edsticos de Santiago de la Ribera afirman no haber recibido cancelaciones de cara a la inminente campa\u00f1a veraniega frente a la que se muestran optimistas en cuanto a la ocupaci\u00f3n. As\u00ed se lo han transmitido al alcalde, Jos\u00e9 Miguel Luengo y al concejal de Turismo, Antonio Mart\u00ednez durante un\" \/>\n\t<meta name=\"robots\" content=\"max-image-preview:large\" \/>\n\t<meta name=\"author\" content=\"admin\"\/>\n\t<meta name=\"google-site-verification\" content=\"UA-38556648-1\" \/>\n\t<meta name=\"keywords\" content=\"noticias y actualidad\" \/>\n\t<link rel=\"canonical\" href=\"https:\/\/eldigitaldeasturias.com\/magazine365\/el-sector-turistico-dice-no-haber-recibido-cancelaciones-por-estado-mar-menor\/\" \/>\n\t<meta name=\"generator\" content=\"All in One SEO Pro (AIOSEO) 4.9.6.1\" \/>\n\t\t<meta property=\"og:locale\" content=\"es_ES\" \/>\n\t\t<meta property=\"og:site_name\" content=\"El Digital de Asturias \u2013 Revista de ocio, turismo y estilo de vida\" \/>\n\t\t<meta property=\"og:type\" content=\"article\" \/>\n\t\t<meta property=\"og:title\" content=\"El sector tur\u00edstico dice no haber recibido cancelaciones por estado Mar Menor | El Digital de Asturias\" \/>\n\t\t<meta property=\"og:description\" content=\"Los empresarios hoteleros y de alojamientos tur\u00edsticos de Santiago de la Ribera afirman no haber recibido cancelaciones de cara a la inminente campa\u00f1a veraniega frente a la que se muestran optimistas en cuanto a la ocupaci\u00f3n. As\u00ed se lo han transmitido al alcalde, Jos\u00e9 Miguel Luengo y al concejal de Turismo, Antonio Mart\u00ednez durante un\" \/>\n\t\t<meta property=\"og:url\" content=\"https:\/\/eldigitaldeasturias.com\/magazine365\/el-sector-turistico-dice-no-haber-recibido-cancelaciones-por-estado-mar-menor\/\" \/>\n\t\t<meta property=\"og:image\" content=\"https:\/\/eldigitaldeasturias.com\/magazine365\/wp-content\/uploads\/2016\/06\/fotonoticia_20160617162315_800.jpg\" \/>\n\t\t<meta property=\"og:image:secure_url\" content=\"https:\/\/eldigitaldeasturias.com\/magazine365\/wp-content\/uploads\/2016\/06\/fotonoticia_20160617162315_800.jpg\" \/>\n\t\t<meta property=\"og:image:width\" content=\"800\" \/>\n\t\t<meta property=\"og:image:height\" content=\"530\" \/>\n\t\t<meta property=\"article:published_time\" content=\"2016-06-17T15:48:22+00:00\" \/>\n\t\t<meta property=\"article:modified_time\" content=\"2016-06-17T15:48:22+00:00\" \/>\n\t\t<meta name=\"twitter:card\" content=\"summary_large_image\" \/>\n\t\t<meta name=\"twitter:title\" content=\"El sector tur\u00edstico dice no haber recibido cancelaciones por estado Mar Menor | El Digital de Asturias\" \/>\n\t\t<meta name=\"twitter:description\" content=\"Los empresarios hoteleros y de alojamientos tur\u00edsticos de Santiago de la Ribera afirman no haber recibido cancelaciones de cara a la inminente campa\u00f1a veraniega frente a la que se muestran optimistas en cuanto a la ocupaci\u00f3n. As\u00ed se lo han transmitido al alcalde, Jos\u00e9 Miguel Luengo y al concejal de Turismo, Antonio Mart\u00ednez durante un\" \/>\n\t\t<meta name=\"twitter:image\" content=\"https:\/\/eldigitaldeasturias.com\/magazine365\/wp-content\/uploads\/2016\/06\/fotonoticia_20160617162315_800.jpg\" \/>\n\t\t<script type=\"application\/ld+json\" class=\"aioseo-schema\">\n\t\t\t{\"@context\":\"https:\\\/\\\/schema.org\",\"@graph\":[{\"@type\":\"Article\",\"@id\":\"https:\\\/\\\/eldigitaldeasturias.com\\\/magazine365\\\/el-sector-turistico-dice-no-haber-recibido-cancelaciones-por-estado-mar-menor\\\/#article\",\"name\":\"El sector tur\\u00edstico dice no haber recibido cancelaciones por estado Mar Menor | El Digital de Asturias\",\"headline\":\"El sector tur\\u00edstico dice no haber recibido cancelaciones por estado Mar Menor\",\"author\":{\"@id\":\"https:\\\/\\\/eldigitaldeasturias.com\\\/magazine365\\\/author\\\/admin\\\/#author\"},\"publisher\":{\"@id\":\"https:\\\/\\\/eldigitaldeasturias.com\\\/magazine365\\\/#organization\"},\"image\":{\"@type\":\"ImageObject\",\"url\":\"https:\\\/\\\/eldigitaldeasturias.com\\\/magazine365\\\/wp-content\\\/uploads\\\/2016\\\/06\\\/fotonoticia_20160617162315_800.jpg\",\"width\":800,\"height\":530},\"datePublished\":\"2016-06-17T17:48:22+02:00\",\"dateModified\":\"2016-06-17T17:48:22+02:00\",\"inLanguage\":\"es-ES\",\"mainEntityOfPage\":{\"@id\":\"https:\\\/\\\/eldigitaldeasturias.com\\\/magazine365\\\/el-sector-turistico-dice-no-haber-recibido-cancelaciones-por-estado-mar-menor\\\/#webpage\"},\"isPartOf\":{\"@id\":\"https:\\\/\\\/eldigitaldeasturias.com\\\/magazine365\\\/el-sector-turistico-dice-no-haber-recibido-cancelaciones-por-estado-mar-menor\\\/#webpage\"},\"articleSection\":\"Noticias y Actualidad\"},{\"@type\":\"BreadcrumbList\",\"@id\":\"https:\\\/\\\/eldigitaldeasturias.com\\\/magazine365\\\/el-sector-turistico-dice-no-haber-recibido-cancelaciones-por-estado-mar-menor\\\/#breadcrumblist\",\"itemListElement\":[{\"@type\":\"ListItem\",\"@id\":\"https:\\\/\\\/eldigitaldeasturias.com\\\/magazine365#listItem\",\"position\":1,\"name\":\"Home\",\"item\":\"https:\\\/\\\/eldigitaldeasturias.com\\\/magazine365\",\"nextItem\":{\"@type\":\"ListItem\",\"@id\":\"https:\\\/\\\/eldigitaldeasturias.com\\\/magazine365\\\/category\\\/noticias-actualidad\\\/#listItem\",\"name\":\"Noticias y Actualidad\"}},{\"@type\":\"ListItem\",\"@id\":\"https:\\\/\\\/eldigitaldeasturias.com\\\/magazine365\\\/category\\\/noticias-actualidad\\\/#listItem\",\"position\":2,\"name\":\"Noticias y Actualidad\",\"item\":\"https:\\\/\\\/eldigitaldeasturias.com\\\/magazine365\\\/category\\\/noticias-actualidad\\\/\",\"nextItem\":{\"@type\":\"ListItem\",\"@id\":\"https:\\\/\\\/eldigitaldeasturias.com\\\/magazine365\\\/el-sector-turistico-dice-no-haber-recibido-cancelaciones-por-estado-mar-menor\\\/#listItem\",\"name\":\"El sector tur\\u00edstico dice no haber recibido cancelaciones por estado Mar Menor\"},\"previousItem\":{\"@type\":\"ListItem\",\"@id\":\"https:\\\/\\\/eldigitaldeasturias.com\\\/magazine365#listItem\",\"name\":\"Home\"}},{\"@type\":\"ListItem\",\"@id\":\"https:\\\/\\\/eldigitaldeasturias.com\\\/magazine365\\\/el-sector-turistico-dice-no-haber-recibido-cancelaciones-por-estado-mar-menor\\\/#listItem\",\"position\":3,\"name\":\"El sector tur\\u00edstico dice no haber recibido cancelaciones por estado Mar Menor\",\"previousItem\":{\"@type\":\"ListItem\",\"@id\":\"https:\\\/\\\/eldigitaldeasturias.com\\\/magazine365\\\/category\\\/noticias-actualidad\\\/#listItem\",\"name\":\"Noticias y Actualidad\"}}]},{\"@type\":\"Organization\",\"@id\":\"https:\\\/\\\/eldigitaldeasturias.com\\\/magazine365\\\/#organization\",\"name\":\"El digital de Asturias\",\"description\":\"Revista de ocio, turismo y estilo de vida\",\"url\":\"https:\\\/\\\/eldigitaldeasturias.com\\\/magazine365\\\/\",\"logo\":{\"@type\":\"ImageObject\",\"url\":\"https:\\\/\\\/www.eldigitaldeasturias.com\\\/noticias\\\/wp-content\\\/uploads\\\/2020\\\/12\\\/EDA.jpg\",\"@id\":\"https:\\\/\\\/eldigitaldeasturias.com\\\/magazine365\\\/el-sector-turistico-dice-no-haber-recibido-cancelaciones-por-estado-mar-menor\\\/#organizationLogo\"},\"image\":{\"@id\":\"https:\\\/\\\/eldigitaldeasturias.com\\\/magazine365\\\/el-sector-turistico-dice-no-haber-recibido-cancelaciones-por-estado-mar-menor\\\/#organizationLogo\"}},{\"@type\":\"Person\",\"@id\":\"https:\\\/\\\/eldigitaldeasturias.com\\\/magazine365\\\/author\\\/admin\\\/#author\",\"url\":\"https:\\\/\\\/eldigitaldeasturias.com\\\/magazine365\\\/author\\\/admin\\\/\",\"name\":\"admin\",\"image\":{\"@type\":\"ImageObject\",\"@id\":\"https:\\\/\\\/eldigitaldeasturias.com\\\/magazine365\\\/el-sector-turistico-dice-no-haber-recibido-cancelaciones-por-estado-mar-menor\\\/#authorImage\",\"url\":\"https:\\\/\\\/eldigitaldeasturias.com\\\/magazine365\\\/wp-content\\\/litespeed\\\/avatar\\\/e571bcf59a0edd6fa6838245a470f2fe.jpg?ver=1776969259\",\"width\":96,\"height\":96,\"caption\":\"admin\"}},{\"@type\":\"WebPage\",\"@id\":\"https:\\\/\\\/eldigitaldeasturias.com\\\/magazine365\\\/el-sector-turistico-dice-no-haber-recibido-cancelaciones-por-estado-mar-menor\\\/#webpage\",\"url\":\"https:\\\/\\\/eldigitaldeasturias.com\\\/magazine365\\\/el-sector-turistico-dice-no-haber-recibido-cancelaciones-por-estado-mar-menor\\\/\",\"name\":\"El sector tur\\u00edstico dice no haber recibido cancelaciones por estado Mar Menor | El Digital de Asturias\",\"description\":\"Los empresarios hoteleros y de alojamientos tur\\u00edsticos de Santiago de la Ribera afirman no haber recibido cancelaciones de cara a la inminente campa\\u00f1a veraniega frente a la que se muestran optimistas en cuanto a la ocupaci\\u00f3n. As\\u00ed se lo han transmitido al alcalde, Jos\\u00e9 Miguel Luengo y al concejal de Turismo, Antonio Mart\\u00ednez durante un\",\"inLanguage\":\"es-ES\",\"isPartOf\":{\"@id\":\"https:\\\/\\\/eldigitaldeasturias.com\\\/magazine365\\\/#website\"},\"breadcrumb\":{\"@id\":\"https:\\\/\\\/eldigitaldeasturias.com\\\/magazine365\\\/el-sector-turistico-dice-no-haber-recibido-cancelaciones-por-estado-mar-menor\\\/#breadcrumblist\"},\"author\":{\"@id\":\"https:\\\/\\\/eldigitaldeasturias.com\\\/magazine365\\\/author\\\/admin\\\/#author\"},\"creator\":{\"@id\":\"https:\\\/\\\/eldigitaldeasturias.com\\\/magazine365\\\/author\\\/admin\\\/#author\"},\"image\":{\"@type\":\"ImageObject\",\"url\":\"https:\\\/\\\/eldigitaldeasturias.com\\\/magazine365\\\/wp-content\\\/uploads\\\/2016\\\/06\\\/fotonoticia_20160617162315_800.jpg\",\"@id\":\"https:\\\/\\\/eldigitaldeasturias.com\\\/magazine365\\\/el-sector-turistico-dice-no-haber-recibido-cancelaciones-por-estado-mar-menor\\\/#mainImage\",\"width\":800,\"height\":530},\"primaryImageOfPage\":{\"@id\":\"https:\\\/\\\/eldigitaldeasturias.com\\\/magazine365\\\/el-sector-turistico-dice-no-haber-recibido-cancelaciones-por-estado-mar-menor\\\/#mainImage\"},\"datePublished\":\"2016-06-17T17:48:22+02:00\",\"dateModified\":\"2016-06-17T17:48:22+02:00\"},{\"@type\":\"WebSite\",\"@id\":\"https:\\\/\\\/eldigitaldeasturias.com\\\/magazine365\\\/#website\",\"url\":\"https:\\\/\\\/eldigitaldeasturias.com\\\/magazine365\\\/\",\"name\":\"El Digital de Asturias\",\"description\":\"Revista de ocio, turismo y estilo de vida\",\"inLanguage\":\"es-ES\",\"publisher\":{\"@id\":\"https:\\\/\\\/eldigitaldeasturias.com\\\/magazine365\\\/#organization\"}}]}\n\t\t<\/script>\n\t\t<!-- All in One SEO Pro -->\r\n\t\t<title>El sector tur\u00edstico dice no haber recibido cancelaciones por estado Mar Menor | El Digital de Asturias<\/title>\n\n","aioseo_head_json":{"title":"El sector tur\u00edstico dice no haber recibido cancelaciones por estado Mar Menor | El Digital de Asturias","description":"Los empresarios hoteleros y de alojamientos tur\u00edsticos de Santiago de la Ribera afirman no haber recibido cancelaciones de cara a la inminente campa\u00f1a veraniega frente a la que se muestran optimistas en cuanto a la ocupaci\u00f3n. As\u00ed se lo han transmitido al alcalde, Jos\u00e9 Miguel Luengo y al concejal de Turismo, Antonio Mart\u00ednez durante un","canonical_url":"https:\/\/eldigitaldeasturias.com\/magazine365\/el-sector-turistico-dice-no-haber-recibido-cancelaciones-por-estado-mar-menor\/","robots":"max-image-preview:large","keywords":"noticias y actualidad","webmasterTools":{"google-site-verification":"UA-38556648-1","miscellaneous":""},"schema":{"@context":"https:\/\/schema.org","@graph":[{"@type":"Article","@id":"https:\/\/eldigitaldeasturias.com\/magazine365\/el-sector-turistico-dice-no-haber-recibido-cancelaciones-por-estado-mar-menor\/#article","name":"El sector tur\u00edstico dice no haber recibido cancelaciones por estado Mar Menor | El Digital de Asturias","headline":"El sector tur\u00edstico dice no haber recibido cancelaciones por estado Mar Menor","author":{"@id":"https:\/\/eldigitaldeasturias.com\/magazine365\/author\/admin\/#author"},"publisher":{"@id":"https:\/\/eldigitaldeasturias.com\/magazine365\/#organization"},"image":{"@type":"ImageObject","url":"https:\/\/eldigitaldeasturias.com\/magazine365\/wp-content\/uploads\/2016\/06\/fotonoticia_20160617162315_800.jpg","width":800,"height":530},"datePublished":"2016-06-17T17:48:22+02:00","dateModified":"2016-06-17T17:48:22+02:00","inLanguage":"es-ES","mainEntityOfPage":{"@id":"https:\/\/eldigitaldeasturias.com\/magazine365\/el-sector-turistico-dice-no-haber-recibido-cancelaciones-por-estado-mar-menor\/#webpage"},"isPartOf":{"@id":"https:\/\/eldigitaldeasturias.com\/magazine365\/el-sector-turistico-dice-no-haber-recibido-cancelaciones-por-estado-mar-menor\/#webpage"},"articleSection":"Noticias y Actualidad"},{"@type":"BreadcrumbList","@id":"https:\/\/eldigitaldeasturias.com\/magazine365\/el-sector-turistico-dice-no-haber-recibido-cancelaciones-por-estado-mar-menor\/#breadcrumblist","itemListElement":[{"@type":"ListItem","@id":"https:\/\/eldigitaldeasturias.com\/magazine365#listItem","position":1,"name":"Home","item":"https:\/\/eldigitaldeasturias.com\/magazine365","nextItem":{"@type":"ListItem","@id":"https:\/\/eldigitaldeasturias.com\/magazine365\/category\/noticias-actualidad\/#listItem","name":"Noticias y Actualidad"}},{"@type":"ListItem","@id":"https:\/\/eldigitaldeasturias.com\/magazine365\/category\/noticias-actualidad\/#listItem","position":2,"name":"Noticias y Actualidad","item":"https:\/\/eldigitaldeasturias.com\/magazine365\/category\/noticias-actualidad\/","nextItem":{"@type":"ListItem","@id":"https:\/\/eldigitaldeasturias.com\/magazine365\/el-sector-turistico-dice-no-haber-recibido-cancelaciones-por-estado-mar-menor\/#listItem","name":"El sector tur\u00edstico dice no haber recibido cancelaciones por estado Mar Menor"},"previousItem":{"@type":"ListItem","@id":"https:\/\/eldigitaldeasturias.com\/magazine365#listItem","name":"Home"}},{"@type":"ListItem","@id":"https:\/\/eldigitaldeasturias.com\/magazine365\/el-sector-turistico-dice-no-haber-recibido-cancelaciones-por-estado-mar-menor\/#listItem","position":3,"name":"El sector tur\u00edstico dice no haber recibido cancelaciones por estado Mar Menor","previousItem":{"@type":"ListItem","@id":"https:\/\/eldigitaldeasturias.com\/magazine365\/category\/noticias-actualidad\/#listItem","name":"Noticias y Actualidad"}}]},{"@type":"Organization","@id":"https:\/\/eldigitaldeasturias.com\/magazine365\/#organization","name":"El digital de Asturias","description":"Revista de ocio, turismo y estilo de vida","url":"https:\/\/eldigitaldeasturias.com\/magazine365\/","logo":{"@type":"ImageObject","url":"https:\/\/www.eldigitaldeasturias.com\/noticias\/wp-content\/uploads\/2020\/12\/EDA.jpg","@id":"https:\/\/eldigitaldeasturias.com\/magazine365\/el-sector-turistico-dice-no-haber-recibido-cancelaciones-por-estado-mar-menor\/#organizationLogo"},"image":{"@id":"https:\/\/eldigitaldeasturias.com\/magazine365\/el-sector-turistico-dice-no-haber-recibido-cancelaciones-por-estado-mar-menor\/#organizationLogo"}},{"@type":"Person","@id":"https:\/\/eldigitaldeasturias.com\/magazine365\/author\/admin\/#author","url":"https:\/\/eldigitaldeasturias.com\/magazine365\/author\/admin\/","name":"admin","image":{"@type":"ImageObject","@id":"https:\/\/eldigitaldeasturias.com\/magazine365\/el-sector-turistico-dice-no-haber-recibido-cancelaciones-por-estado-mar-menor\/#authorImage","url":"https:\/\/eldigitaldeasturias.com\/magazine365\/wp-content\/litespeed\/avatar\/e571bcf59a0edd6fa6838245a470f2fe.jpg?ver=1776969259","width":96,"height":96,"caption":"admin"}},{"@type":"WebPage","@id":"https:\/\/eldigitaldeasturias.com\/magazine365\/el-sector-turistico-dice-no-haber-recibido-cancelaciones-por-estado-mar-menor\/#webpage","url":"https:\/\/eldigitaldeasturias.com\/magazine365\/el-sector-turistico-dice-no-haber-recibido-cancelaciones-por-estado-mar-menor\/","name":"El sector tur\u00edstico dice no haber recibido cancelaciones por estado Mar Menor | El Digital de Asturias","description":"Los empresarios hoteleros y de alojamientos tur\u00edsticos de Santiago de la Ribera afirman no haber recibido cancelaciones de cara a la inminente campa\u00f1a veraniega frente a la que se muestran optimistas en cuanto a la ocupaci\u00f3n. As\u00ed se lo han transmitido al alcalde, Jos\u00e9 Miguel Luengo y al concejal de Turismo, Antonio Mart\u00ednez durante un","inLanguage":"es-ES","isPartOf":{"@id":"https:\/\/eldigitaldeasturias.com\/magazine365\/#website"},"breadcrumb":{"@id":"https:\/\/eldigitaldeasturias.com\/magazine365\/el-sector-turistico-dice-no-haber-recibido-cancelaciones-por-estado-mar-menor\/#breadcrumblist"},"author":{"@id":"https:\/\/eldigitaldeasturias.com\/magazine365\/author\/admin\/#author"},"creator":{"@id":"https:\/\/eldigitaldeasturias.com\/magazine365\/author\/admin\/#author"},"image":{"@type":"ImageObject","url":"https:\/\/eldigitaldeasturias.com\/magazine365\/wp-content\/uploads\/2016\/06\/fotonoticia_20160617162315_800.jpg","@id":"https:\/\/eldigitaldeasturias.com\/magazine365\/el-sector-turistico-dice-no-haber-recibido-cancelaciones-por-estado-mar-menor\/#mainImage","width":800,"height":530},"primaryImageOfPage":{"@id":"https:\/\/eldigitaldeasturias.com\/magazine365\/el-sector-turistico-dice-no-haber-recibido-cancelaciones-por-estado-mar-menor\/#mainImage"},"datePublished":"2016-06-17T17:48:22+02:00","dateModified":"2016-06-17T17:48:22+02:00"},{"@type":"WebSite","@id":"https:\/\/eldigitaldeasturias.com\/magazine365\/#website","url":"https:\/\/eldigitaldeasturias.com\/magazine365\/","name":"El Digital de Asturias","description":"Revista de ocio, turismo y estilo de vida","inLanguage":"es-ES","publisher":{"@id":"https:\/\/eldigitaldeasturias.com\/magazine365\/#organization"}}]},"og:locale":"es_ES","og:site_name":"El Digital de Asturias \u2013 Revista de ocio, turismo y estilo de vida","og:type":"article","og:title":"El sector tur\u00edstico dice no haber recibido cancelaciones por estado Mar Menor | El Digital de Asturias","og:description":"Los empresarios hoteleros y de alojamientos tur\u00edsticos de Santiago de la Ribera afirman no haber recibido cancelaciones de cara a la inminente campa\u00f1a veraniega frente a la que se muestran optimistas en cuanto a la ocupaci\u00f3n. As\u00ed se lo han transmitido al alcalde, Jos\u00e9 Miguel Luengo y al concejal de Turismo, Antonio Mart\u00ednez durante un","og:url":"https:\/\/eldigitaldeasturias.com\/magazine365\/el-sector-turistico-dice-no-haber-recibido-cancelaciones-por-estado-mar-menor\/","og:image":"https:\/\/eldigitaldeasturias.com\/magazine365\/wp-content\/uploads\/2016\/06\/fotonoticia_20160617162315_800.jpg","og:image:secure_url":"https:\/\/eldigitaldeasturias.com\/magazine365\/wp-content\/uploads\/2016\/06\/fotonoticia_20160617162315_800.jpg","og:image:width":800,"og:image:height":530,"article:published_time":"2016-06-17T15:48:22+00:00","article:modified_time":"2016-06-17T15:48:22+00:00","twitter:card":"summary_large_image","twitter:title":"El sector tur\u00edstico dice no haber recibido cancelaciones por estado Mar Menor | El Digital de Asturias","twitter:description":"Los empresarios hoteleros y de alojamientos tur\u00edsticos de Santiago de la Ribera afirman no haber recibido cancelaciones de cara a la inminente campa\u00f1a veraniega frente a la que se muestran optimistas en cuanto a la ocupaci\u00f3n. As\u00ed se lo han transmitido al alcalde, Jos\u00e9 Miguel Luengo y al concejal de Turismo, Antonio Mart\u00ednez durante un","twitter:image":"https:\/\/eldigitaldeasturias.com\/magazine365\/wp-content\/uploads\/2016\/06\/fotonoticia_20160617162315_800.jpg"},"aioseo_meta_data":{"post_id":"79954","title":null,"description":null,"keywords":null,"keyphrases":null,"primary_term":null,"canonical_url":null,"og_title":null,"og_description":null,"og_object_type":"default","og_image_type":"default","og_image_url":null,"og_image_width":null,"og_image_height":null,"og_image_custom_url":null,"og_image_custom_fields":null,"og_video":null,"og_custom_url":null,"og_article_section":null,"og_article_tags":null,"twitter_use_og":false,"twitter_card":"default","twitter_image_type":"default","twitter_image_url":null,"twitter_image_custom_url":null,"twitter_image_custom_fields":null,"twitter_title":null,"twitter_description":null,"schema":{"blockGraphs":[],"customGraphs":[],"default":{"data":{"Article":[],"Course":[],"Dataset":[],"FAQPage":[],"Movie":[],"Person":[],"Product":[],"ProductReview":[],"Car":[],"Recipe":[],"Service":[],"SoftwareApplication":[],"WebPage":[]},"graphName":"","isEnabled":true},"graphs":[],"defaultGraph":"","defaultPostTypeGraph":""},"schema_type":null,"schema_type_options":null,"pillar_content":false,"robots_default":true,"robots_noindex":false,"robots_noarchive":false,"robots_nosnippet":false,"robots_nofollow":false,"robots_noimageindex":false,"robots_noodp":false,"robots_notranslate":false,"robots_max_snippet":null,"robots_max_videopreview":null,"robots_max_imagepreview":"large","priority":null,"frequency":null,"location":null,"local_seo":null,"seo_analyzer_scan_date":"2025-09-27 19:55:56","breadcrumb_settings":null,"limit_modified_date":false,"open_ai":null,"ai":null,"created":"2021-03-08 15:08:25","updated":"2025-09-27 19:55:56"},"aioseo_breadcrumb":"<div class=\"aioseo-breadcrumbs\"><span class=\"aioseo-breadcrumb\">\n\t<a href=\"https:\/\/eldigitaldeasturias.com\/magazine365\" title=\"Home\">Home<\/a>\n<\/span><span class=\"aioseo-breadcrumb-separator\">\u2013<\/span><span class=\"aioseo-breadcrumb\">\n\t<a href=\"https:\/\/eldigitaldeasturias.com\/magazine365\/category\/noticias-actualidad\/\" title=\"Noticias y Actualidad\">Noticias y Actualidad<\/a>\n<\/span><span class=\"aioseo-breadcrumb-separator\">\u2013<\/span><span class=\"aioseo-breadcrumb\">\n\t<a href=\"https:\/\/eldigitaldeasturias.com\/magazine365\/el-sector-turistico-dice-no-haber-recibido-cancelaciones-por-estado-mar-menor\/\" title=\"El sector tur\u00edstico dice no haber recibido cancelaciones por estado Mar Menor\">El sector tur\u00edstico dice no haber recibido cancelaciones por estado Mar Menor<\/a>\n<\/span><\/div>","aioseo_breadcrumb_json":[{"label":"Home","link":"https:\/\/eldigitaldeasturias.com\/magazine365"},{"label":"Noticias y Actualidad","link":"https:\/\/eldigitaldeasturias.com\/magazine365\/category\/noticias-actualidad\/"},{"label":"El sector tur\u00edstico dice no haber recibido cancelaciones por estado Mar Menor","link":"https:\/\/eldigitaldeasturias.com\/magazine365\/el-sector-turistico-dice-no-haber-recibido-cancelaciones-por-estado-mar-menor\/"}],"_links":{"self":[{"href":"https:\/\/eldigitaldeasturias.com\/magazine365\/wp-json\/wp\/v2\/posts\/79954","targetHints":{"allow":["GET"]}}],"collection":[{"href":"https:\/\/eldigitaldeasturias.com\/magazine365\/wp-json\/wp\/v2\/posts"}],"about":[{"href":"https:\/\/eldigitaldeasturias.com\/magazine365\/wp-json\/wp\/v2\/types\/post"}],"author":[{"embeddable":true,"href":"https:\/\/eldigitaldeasturias.com\/magazine365\/wp-json\/wp\/v2\/users\/1"}],"replies":[{"embeddable":true,"href":"https:\/\/eldigitaldeasturias.com\/magazine365\/wp-json\/wp\/v2\/comments?post=79954"}],"version-history":[{"count":0,"href":"https:\/\/eldigitaldeasturias.com\/magazine365\/wp-json\/wp\/v2\/posts\/79954\/revisions"}],"wp:featuredmedia":[{"embeddable":true,"href":"https:\/\/eldigitaldeasturias.com\/magazine365\/wp-json\/wp\/v2\/media\/79955"}],"wp:attachment":[{"href":"https:\/\/eldigitaldeasturias.com\/magazine365\/wp-json\/wp\/v2\/media?parent=79954"}],"wp:term":[{"taxonomy":"category","embeddable":true,"href":"https:\/\/eldigitaldeasturias.com\/magazine365\/wp-json\/wp\/v2\/categories?post=79954"},{"taxonomy":"post_tag","embeddable":true,"href":"https:\/\/eldigitaldeasturias.com\/magazine365\/wp-json\/wp\/v2\/tags?post=79954"}],"curies":[{"name":"wp","href":"https:\/\/api.w.org\/{rel}","templated":true}]}}