{"id":79945,"date":"2016-06-17T17:25:56","date_gmt":"2016-06-17T15:25:56","guid":{"rendered":"http:\/\/eldigitaldeasturias.com\/magazine365\/?p=79945"},"modified":"2016-06-17T17:25:56","modified_gmt":"2016-06-17T15:25:56","slug":"diputacion-de-cordoba-imdeec-y-uco-colaboran-para-dinamizar-el-programa-reflejos","status":"publish","type":"post","link":"https:\/\/eldigitaldeasturias.com\/magazine365\/diputacion-de-cordoba-imdeec-y-uco-colaboran-para-dinamizar-el-programa-reflejos\/","title":{"rendered":"Diputaci\u00f3n de C\u00f3rdoba, Imdeec y UCO colaboran para dinamizar el programa &#8216;Reflejos&#8217;"},"content":{"rendered":"<p><img fetchpriority=\"high\" decoding=\"async\" class=\"alignleft size-medium wp-image-79946\" src=\"https:\/\/eldigitaldeasturias.com\/magazine365\/wp-content\/uploads\/2016\/06\/fotonoticia_20160617155935_800-360x240.jpg\" alt=\"fotonoticia_20160617155935_800\" width=\"360\" height=\"240\" srcset=\"https:\/\/eldigitaldeasturias.com\/magazine365\/wp-content\/uploads\/2016\/06\/fotonoticia_20160617155935_800-360x240.jpg 360w, https:\/\/eldigitaldeasturias.com\/magazine365\/wp-content\/uploads\/2016\/06\/fotonoticia_20160617155935_800-650x433.jpg 650w, https:\/\/eldigitaldeasturias.com\/magazine365\/wp-content\/uploads\/2016\/06\/fotonoticia_20160617155935_800-768x512.jpg 768w, https:\/\/eldigitaldeasturias.com\/magazine365\/wp-content\/uploads\/2016\/06\/fotonoticia_20160617155935_800-150x100.jpg 150w, https:\/\/eldigitaldeasturias.com\/magazine365\/wp-content\/uploads\/2016\/06\/fotonoticia_20160617155935_800-450x300.jpg 450w, https:\/\/eldigitaldeasturias.com\/magazine365\/wp-content\/uploads\/2016\/06\/fotonoticia_20160617155935_800-101x66.jpg 101w, https:\/\/eldigitaldeasturias.com\/magazine365\/wp-content\/uploads\/2016\/06\/fotonoticia_20160617155935_800.jpg 800w\" sizes=\"(max-width: 360px) 100vw, 360px\" \/>La Universidad de C\u00f3rdoba (UCO), el Patronato Provincial de Turismo de la Diputaci\u00f3n provincial y el Instituto Municipal de Desarrollo Econ\u00f3mico y Empleo de C\u00f3rdoba (Imdeec) han firmado un convenio marco para el fomento, dinamizaci\u00f3n, desarrollo y promoci\u00f3n del programa &#8216;Reflejos&#8217;, desarrollado en la Facultad de Filosof\u00eda y Letras para que la marca C\u00f3rdoba integre a toda la provincia.<\/p>\n<p>En una nota, la instituci\u00f3n universitaria ha se\u00f1alado que dicho acuerdo se llevar\u00e1 a cabo de forma coordinada con los municipios de la provincia, la Asociaci\u00f3n de Empresarios del Barrio de la Juder\u00eda, la Asociaci\u00f3n Empresarial de Hosteler\u00eda de C\u00f3rdoba (Hostecor), la Asociaci\u00f3n de Vecinos Puerta de Almod\u00f3var y cuantos otros organismos se considere oportuno.<\/p>\n<p>El convenio ha sido firmado por el vicerrector de Innovaci\u00f3n, Transferencia y Campus de Excelencia de la Universidad de C\u00f3rdoba, Enrique Quesada, por delegaci\u00f3n del rector de la UCO; la vicepresidenta del Patronato Provincial de Turismo de C\u00f3rdoba, Carmen Mar\u00eda G\u00f3mez; y la vicepresidenta del Instituto Municipal de Desarrollo Econ\u00f3mico y Empleo de C\u00f3rdoba, Alba Doblas.<\/p>\n<p>Durante la firma, la vicepresidenta del Patronato Provincial de Turismo de C\u00f3rdoba, Carmen Mar\u00eda G\u00f3mez, ha declarado que tras la buena acogida del programa &#8216;Reflejos&#8217; se ha querido recoger en un convenio marco para \u00abel enriquecimiento de la capital y de su barrio hist\u00f3rico a trav\u00e9s de la puesta en valor que de todas las potencialidades que tienen los municipios de la provincia\u00bb.<\/p>\n<p>De esta manera, los pueblos de C\u00f3rdoba podr\u00e1n exponer en el casco hist\u00f3rico de la capital su historia, su cultura y tambi\u00e9n los productos aut\u00f3ctonos de cada municipio.<\/p>\n<p>Por su parte, la vicepresidenta del Imdeec, Alba Doblas, ha destacado la importancia del apoyo del Ayuntamiento de C\u00f3rdoba a este programa, as\u00ed como de la colaboraci\u00f3n interadministrativa e interinstitucional, \u00abpues permite establecer sinergias interesantes para el desarrollo econ\u00f3mico tanto de la ciudad de C\u00f3rdoba como de los municipios de la provincia, potenciando v\u00ednculos comerciales con los visitantes de la capital, abriendo nuevos mercados y dinamizando el consumo de productos de primera calidad\u00bb.<\/p>\n<p>Con respecto al programa &#8216;Reflejos&#8217;, el vicerrector de Innovaci\u00f3n, Transferencia y Campus de Excelencia de la Universidad de C\u00f3rdoba, Enrique Quesada, ha declarado que se trata de una pieza importante de un proyecto m\u00e1s global que es &#8216;C\u00f3rdoba, Ciudad Mundo&#8217;, que tiene como objetivo que la marca C\u00f3rdoba integre a toda la provincia.<\/p>\n<p>El decano de la Facultad de Filosof\u00eda, Eulalio Fern\u00e1ndez, presente en la firma del convenio, ha destacado el programa &#8216;Reflejos&#8217; es un proyecto concreto que supone una herramienta para generar \u00abuna marca de territorio\u00bb que facilite la implicaci\u00f3n entre C\u00f3rdoba y su provincia.<\/p>\n<p>A trav\u00e9s de este programa, ha declarado Eulalio S\u00e1nchez, \u00abse consigue la participaci\u00f3n de las administraciones p\u00fablicas y de la ciudadan\u00eda, la integraci\u00f3n del tejido empresarial, y el liderazgo ejercido por parte de la Universidad para aglutinar todos esos componentes\u00bb, y ha a\u00f1adido que \u00ab&#8216;Reflejos&#8217; es uno de los mejores exponentes para poner de manifiesto ese nuevo modelo de integraci\u00f3n para conseguir modelos de desarrollo sostenibles\u00bb.<\/p>\n","protected":false},"excerpt":{"rendered":"<p>La Universidad de C\u00f3rdoba (UCO), el Patronato Provincial de Turismo de la Diputaci\u00f3n provincial y el Instituto Municipal de Desarrollo Econ\u00f3mico y Empleo de C\u00f3rdoba (Imdeec) han firmado un convenio marco para el fomento, dinamizaci\u00f3n, desarrollo y promoci\u00f3n del programa &#8216;Reflejos&#8217;, desarrollado en la Facultad de Filosof\u00eda y Letras para que la marca C\u00f3rdoba integre<\/p>\n","protected":false},"author":1,"featured_media":79946,"comment_status":"open","ping_status":"closed","sticky":false,"template":"","format":"standard","meta":{"footnotes":""},"categories":[224],"tags":[],"class_list":{"0":"post-79945","1":"post","2":"type-post","3":"status-publish","4":"format-standard","5":"has-post-thumbnail","7":"category-noticias-actualidad"},"aioseo_notices":[],"aioseo_head":"\n\t\t<!-- All in One SEO Pro 4.9.6.1 - aioseo.com -->\n\t<meta name=\"description\" content=\"La Universidad de C\u00f3rdoba (UCO), el Patronato Provincial de Turismo de la Diputaci\u00f3n provincial y el Instituto Municipal de Desarrollo Econ\u00f3mico y Empleo de C\u00f3rdoba (Imdeec) han firmado un convenio marco para el fomento, dinamizaci\u00f3n, desarrollo y promoci\u00f3n del programa &#039;Reflejos&#039;, desarrollado en la Facultad de Filosof\u00eda y Letras para que la marca C\u00f3rdoba integre\" \/>\n\t<meta name=\"robots\" content=\"max-image-preview:large\" \/>\n\t<meta name=\"author\" content=\"admin\"\/>\n\t<meta name=\"google-site-verification\" content=\"UA-38556648-1\" \/>\n\t<meta name=\"keywords\" content=\"noticias y actualidad\" \/>\n\t<link rel=\"canonical\" href=\"https:\/\/eldigitaldeasturias.com\/magazine365\/diputacion-de-cordoba-imdeec-y-uco-colaboran-para-dinamizar-el-programa-reflejos\/\" \/>\n\t<meta name=\"generator\" content=\"All in One SEO Pro (AIOSEO) 4.9.6.1\" \/>\n\t\t<meta property=\"og:locale\" content=\"es_ES\" \/>\n\t\t<meta property=\"og:site_name\" content=\"El Digital de Asturias \u2013 Revista de ocio, turismo y estilo de vida\" \/>\n\t\t<meta property=\"og:type\" content=\"article\" \/>\n\t\t<meta property=\"og:title\" content=\"Diputaci\u00f3n de C\u00f3rdoba, Imdeec y UCO colaboran para dinamizar el programa \u2018Reflejos\u2019 | El Digital de Asturias\" \/>\n\t\t<meta property=\"og:description\" content=\"La Universidad de C\u00f3rdoba (UCO), el Patronato Provincial de Turismo de la Diputaci\u00f3n provincial y el Instituto Municipal de Desarrollo Econ\u00f3mico y Empleo de C\u00f3rdoba (Imdeec) han firmado un convenio marco para el fomento, dinamizaci\u00f3n, desarrollo y promoci\u00f3n del programa &#039;Reflejos&#039;, desarrollado en la Facultad de Filosof\u00eda y Letras para que la marca C\u00f3rdoba integre\" \/>\n\t\t<meta property=\"og:url\" content=\"https:\/\/eldigitaldeasturias.com\/magazine365\/diputacion-de-cordoba-imdeec-y-uco-colaboran-para-dinamizar-el-programa-reflejos\/\" \/>\n\t\t<meta property=\"og:image\" content=\"https:\/\/eldigitaldeasturias.com\/magazine365\/wp-content\/uploads\/2016\/06\/fotonoticia_20160617155935_800.jpg\" \/>\n\t\t<meta property=\"og:image:secure_url\" content=\"https:\/\/eldigitaldeasturias.com\/magazine365\/wp-content\/uploads\/2016\/06\/fotonoticia_20160617155935_800.jpg\" \/>\n\t\t<meta property=\"og:image:width\" content=\"800\" \/>\n\t\t<meta property=\"og:image:height\" content=\"533\" \/>\n\t\t<meta property=\"article:published_time\" content=\"2016-06-17T15:25:56+00:00\" \/>\n\t\t<meta property=\"article:modified_time\" content=\"2016-06-17T15:25:56+00:00\" \/>\n\t\t<meta name=\"twitter:card\" content=\"summary_large_image\" \/>\n\t\t<meta name=\"twitter:title\" content=\"Diputaci\u00f3n de C\u00f3rdoba, Imdeec y UCO colaboran para dinamizar el programa \u2018Reflejos\u2019 | El Digital de Asturias\" \/>\n\t\t<meta name=\"twitter:description\" content=\"La Universidad de C\u00f3rdoba (UCO), el Patronato Provincial de Turismo de la Diputaci\u00f3n provincial y el Instituto Municipal de Desarrollo Econ\u00f3mico y Empleo de C\u00f3rdoba (Imdeec) han firmado un convenio marco para el fomento, dinamizaci\u00f3n, desarrollo y promoci\u00f3n del programa &#039;Reflejos&#039;, desarrollado en la Facultad de Filosof\u00eda y Letras para que la marca C\u00f3rdoba integre\" \/>\n\t\t<meta name=\"twitter:image\" content=\"https:\/\/eldigitaldeasturias.com\/magazine365\/wp-content\/uploads\/2016\/06\/fotonoticia_20160617155935_800.jpg\" \/>\n\t\t<script type=\"application\/ld+json\" class=\"aioseo-schema\">\n\t\t\t{\"@context\":\"https:\\\/\\\/schema.org\",\"@graph\":[{\"@type\":\"Article\",\"@id\":\"https:\\\/\\\/eldigitaldeasturias.com\\\/magazine365\\\/diputacion-de-cordoba-imdeec-y-uco-colaboran-para-dinamizar-el-programa-reflejos\\\/#article\",\"name\":\"Diputaci\\u00f3n de C\\u00f3rdoba, Imdeec y UCO colaboran para dinamizar el programa \\u2018Reflejos\\u2019 | El Digital de Asturias\",\"headline\":\"Diputaci\\u00f3n de C\\u00f3rdoba, Imdeec y UCO colaboran para dinamizar el programa &#8216;Reflejos&#8217;\",\"author\":{\"@id\":\"https:\\\/\\\/eldigitaldeasturias.com\\\/magazine365\\\/author\\\/admin\\\/#author\"},\"publisher\":{\"@id\":\"https:\\\/\\\/eldigitaldeasturias.com\\\/magazine365\\\/#organization\"},\"image\":{\"@type\":\"ImageObject\",\"url\":\"https:\\\/\\\/eldigitaldeasturias.com\\\/magazine365\\\/wp-content\\\/uploads\\\/2016\\\/06\\\/fotonoticia_20160617155935_800.jpg\",\"width\":800,\"height\":533},\"datePublished\":\"2016-06-17T17:25:56+02:00\",\"dateModified\":\"2016-06-17T17:25:56+02:00\",\"inLanguage\":\"es-ES\",\"mainEntityOfPage\":{\"@id\":\"https:\\\/\\\/eldigitaldeasturias.com\\\/magazine365\\\/diputacion-de-cordoba-imdeec-y-uco-colaboran-para-dinamizar-el-programa-reflejos\\\/#webpage\"},\"isPartOf\":{\"@id\":\"https:\\\/\\\/eldigitaldeasturias.com\\\/magazine365\\\/diputacion-de-cordoba-imdeec-y-uco-colaboran-para-dinamizar-el-programa-reflejos\\\/#webpage\"},\"articleSection\":\"Noticias y Actualidad\"},{\"@type\":\"BreadcrumbList\",\"@id\":\"https:\\\/\\\/eldigitaldeasturias.com\\\/magazine365\\\/diputacion-de-cordoba-imdeec-y-uco-colaboran-para-dinamizar-el-programa-reflejos\\\/#breadcrumblist\",\"itemListElement\":[{\"@type\":\"ListItem\",\"@id\":\"https:\\\/\\\/eldigitaldeasturias.com\\\/magazine365#listItem\",\"position\":1,\"name\":\"Home\",\"item\":\"https:\\\/\\\/eldigitaldeasturias.com\\\/magazine365\",\"nextItem\":{\"@type\":\"ListItem\",\"@id\":\"https:\\\/\\\/eldigitaldeasturias.com\\\/magazine365\\\/category\\\/noticias-actualidad\\\/#listItem\",\"name\":\"Noticias y Actualidad\"}},{\"@type\":\"ListItem\",\"@id\":\"https:\\\/\\\/eldigitaldeasturias.com\\\/magazine365\\\/category\\\/noticias-actualidad\\\/#listItem\",\"position\":2,\"name\":\"Noticias y Actualidad\",\"item\":\"https:\\\/\\\/eldigitaldeasturias.com\\\/magazine365\\\/category\\\/noticias-actualidad\\\/\",\"nextItem\":{\"@type\":\"ListItem\",\"@id\":\"https:\\\/\\\/eldigitaldeasturias.com\\\/magazine365\\\/diputacion-de-cordoba-imdeec-y-uco-colaboran-para-dinamizar-el-programa-reflejos\\\/#listItem\",\"name\":\"Diputaci\\u00f3n de C\\u00f3rdoba, Imdeec y UCO colaboran para dinamizar el programa &#8216;Reflejos&#8217;\"},\"previousItem\":{\"@type\":\"ListItem\",\"@id\":\"https:\\\/\\\/eldigitaldeasturias.com\\\/magazine365#listItem\",\"name\":\"Home\"}},{\"@type\":\"ListItem\",\"@id\":\"https:\\\/\\\/eldigitaldeasturias.com\\\/magazine365\\\/diputacion-de-cordoba-imdeec-y-uco-colaboran-para-dinamizar-el-programa-reflejos\\\/#listItem\",\"position\":3,\"name\":\"Diputaci\\u00f3n de C\\u00f3rdoba, Imdeec y UCO colaboran para dinamizar el programa &#8216;Reflejos&#8217;\",\"previousItem\":{\"@type\":\"ListItem\",\"@id\":\"https:\\\/\\\/eldigitaldeasturias.com\\\/magazine365\\\/category\\\/noticias-actualidad\\\/#listItem\",\"name\":\"Noticias y Actualidad\"}}]},{\"@type\":\"Organization\",\"@id\":\"https:\\\/\\\/eldigitaldeasturias.com\\\/magazine365\\\/#organization\",\"name\":\"El digital de Asturias\",\"description\":\"Revista de ocio, turismo y estilo de vida\",\"url\":\"https:\\\/\\\/eldigitaldeasturias.com\\\/magazine365\\\/\",\"logo\":{\"@type\":\"ImageObject\",\"url\":\"https:\\\/\\\/www.eldigitaldeasturias.com\\\/noticias\\\/wp-content\\\/uploads\\\/2020\\\/12\\\/EDA.jpg\",\"@id\":\"https:\\\/\\\/eldigitaldeasturias.com\\\/magazine365\\\/diputacion-de-cordoba-imdeec-y-uco-colaboran-para-dinamizar-el-programa-reflejos\\\/#organizationLogo\"},\"image\":{\"@id\":\"https:\\\/\\\/eldigitaldeasturias.com\\\/magazine365\\\/diputacion-de-cordoba-imdeec-y-uco-colaboran-para-dinamizar-el-programa-reflejos\\\/#organizationLogo\"}},{\"@type\":\"Person\",\"@id\":\"https:\\\/\\\/eldigitaldeasturias.com\\\/magazine365\\\/author\\\/admin\\\/#author\",\"url\":\"https:\\\/\\\/eldigitaldeasturias.com\\\/magazine365\\\/author\\\/admin\\\/\",\"name\":\"admin\",\"image\":{\"@type\":\"ImageObject\",\"@id\":\"https:\\\/\\\/eldigitaldeasturias.com\\\/magazine365\\\/diputacion-de-cordoba-imdeec-y-uco-colaboran-para-dinamizar-el-programa-reflejos\\\/#authorImage\",\"url\":\"https:\\\/\\\/eldigitaldeasturias.com\\\/magazine365\\\/wp-content\\\/litespeed\\\/avatar\\\/e571bcf59a0edd6fa6838245a470f2fe.jpg?ver=1776969259\",\"width\":96,\"height\":96,\"caption\":\"admin\"}},{\"@type\":\"WebPage\",\"@id\":\"https:\\\/\\\/eldigitaldeasturias.com\\\/magazine365\\\/diputacion-de-cordoba-imdeec-y-uco-colaboran-para-dinamizar-el-programa-reflejos\\\/#webpage\",\"url\":\"https:\\\/\\\/eldigitaldeasturias.com\\\/magazine365\\\/diputacion-de-cordoba-imdeec-y-uco-colaboran-para-dinamizar-el-programa-reflejos\\\/\",\"name\":\"Diputaci\\u00f3n de C\\u00f3rdoba, Imdeec y UCO colaboran para dinamizar el programa \\u2018Reflejos\\u2019 | El Digital de Asturias\",\"description\":\"La Universidad de C\\u00f3rdoba (UCO), el Patronato Provincial de Turismo de la Diputaci\\u00f3n provincial y el Instituto Municipal de Desarrollo Econ\\u00f3mico y Empleo de C\\u00f3rdoba (Imdeec) han firmado un convenio marco para el fomento, dinamizaci\\u00f3n, desarrollo y promoci\\u00f3n del programa 'Reflejos', desarrollado en la Facultad de Filosof\\u00eda y Letras para que la marca C\\u00f3rdoba integre\",\"inLanguage\":\"es-ES\",\"isPartOf\":{\"@id\":\"https:\\\/\\\/eldigitaldeasturias.com\\\/magazine365\\\/#website\"},\"breadcrumb\":{\"@id\":\"https:\\\/\\\/eldigitaldeasturias.com\\\/magazine365\\\/diputacion-de-cordoba-imdeec-y-uco-colaboran-para-dinamizar-el-programa-reflejos\\\/#breadcrumblist\"},\"author\":{\"@id\":\"https:\\\/\\\/eldigitaldeasturias.com\\\/magazine365\\\/author\\\/admin\\\/#author\"},\"creator\":{\"@id\":\"https:\\\/\\\/eldigitaldeasturias.com\\\/magazine365\\\/author\\\/admin\\\/#author\"},\"image\":{\"@type\":\"ImageObject\",\"url\":\"https:\\\/\\\/eldigitaldeasturias.com\\\/magazine365\\\/wp-content\\\/uploads\\\/2016\\\/06\\\/fotonoticia_20160617155935_800.jpg\",\"@id\":\"https:\\\/\\\/eldigitaldeasturias.com\\\/magazine365\\\/diputacion-de-cordoba-imdeec-y-uco-colaboran-para-dinamizar-el-programa-reflejos\\\/#mainImage\",\"width\":800,\"height\":533},\"primaryImageOfPage\":{\"@id\":\"https:\\\/\\\/eldigitaldeasturias.com\\\/magazine365\\\/diputacion-de-cordoba-imdeec-y-uco-colaboran-para-dinamizar-el-programa-reflejos\\\/#mainImage\"},\"datePublished\":\"2016-06-17T17:25:56+02:00\",\"dateModified\":\"2016-06-17T17:25:56+02:00\"},{\"@type\":\"WebSite\",\"@id\":\"https:\\\/\\\/eldigitaldeasturias.com\\\/magazine365\\\/#website\",\"url\":\"https:\\\/\\\/eldigitaldeasturias.com\\\/magazine365\\\/\",\"name\":\"El Digital de Asturias\",\"description\":\"Revista de ocio, turismo y estilo de vida\",\"inLanguage\":\"es-ES\",\"publisher\":{\"@id\":\"https:\\\/\\\/eldigitaldeasturias.com\\\/magazine365\\\/#organization\"}}]}\n\t\t<\/script>\n\t\t<!-- All in One SEO Pro -->\r\n\t\t<title>Diputaci\u00f3n de C\u00f3rdoba, Imdeec y UCO colaboran para dinamizar el programa \u2018Reflejos\u2019 | El Digital de Asturias<\/title>\n\n","aioseo_head_json":{"title":"Diputaci\u00f3n de C\u00f3rdoba, Imdeec y UCO colaboran para dinamizar el programa \u2018Reflejos\u2019 | El Digital de Asturias","description":"La Universidad de C\u00f3rdoba (UCO), el Patronato Provincial de Turismo de la Diputaci\u00f3n provincial y el Instituto Municipal de Desarrollo Econ\u00f3mico y Empleo de C\u00f3rdoba (Imdeec) han firmado un convenio marco para el fomento, dinamizaci\u00f3n, desarrollo y promoci\u00f3n del programa 'Reflejos', desarrollado en la Facultad de Filosof\u00eda y Letras para que la marca C\u00f3rdoba integre","canonical_url":"https:\/\/eldigitaldeasturias.com\/magazine365\/diputacion-de-cordoba-imdeec-y-uco-colaboran-para-dinamizar-el-programa-reflejos\/","robots":"max-image-preview:large","keywords":"noticias y actualidad","webmasterTools":{"google-site-verification":"UA-38556648-1","miscellaneous":""},"schema":{"@context":"https:\/\/schema.org","@graph":[{"@type":"Article","@id":"https:\/\/eldigitaldeasturias.com\/magazine365\/diputacion-de-cordoba-imdeec-y-uco-colaboran-para-dinamizar-el-programa-reflejos\/#article","name":"Diputaci\u00f3n de C\u00f3rdoba, Imdeec y UCO colaboran para dinamizar el programa \u2018Reflejos\u2019 | El Digital de Asturias","headline":"Diputaci\u00f3n de C\u00f3rdoba, Imdeec y UCO colaboran para dinamizar el programa &#8216;Reflejos&#8217;","author":{"@id":"https:\/\/eldigitaldeasturias.com\/magazine365\/author\/admin\/#author"},"publisher":{"@id":"https:\/\/eldigitaldeasturias.com\/magazine365\/#organization"},"image":{"@type":"ImageObject","url":"https:\/\/eldigitaldeasturias.com\/magazine365\/wp-content\/uploads\/2016\/06\/fotonoticia_20160617155935_800.jpg","width":800,"height":533},"datePublished":"2016-06-17T17:25:56+02:00","dateModified":"2016-06-17T17:25:56+02:00","inLanguage":"es-ES","mainEntityOfPage":{"@id":"https:\/\/eldigitaldeasturias.com\/magazine365\/diputacion-de-cordoba-imdeec-y-uco-colaboran-para-dinamizar-el-programa-reflejos\/#webpage"},"isPartOf":{"@id":"https:\/\/eldigitaldeasturias.com\/magazine365\/diputacion-de-cordoba-imdeec-y-uco-colaboran-para-dinamizar-el-programa-reflejos\/#webpage"},"articleSection":"Noticias y Actualidad"},{"@type":"BreadcrumbList","@id":"https:\/\/eldigitaldeasturias.com\/magazine365\/diputacion-de-cordoba-imdeec-y-uco-colaboran-para-dinamizar-el-programa-reflejos\/#breadcrumblist","itemListElement":[{"@type":"ListItem","@id":"https:\/\/eldigitaldeasturias.com\/magazine365#listItem","position":1,"name":"Home","item":"https:\/\/eldigitaldeasturias.com\/magazine365","nextItem":{"@type":"ListItem","@id":"https:\/\/eldigitaldeasturias.com\/magazine365\/category\/noticias-actualidad\/#listItem","name":"Noticias y Actualidad"}},{"@type":"ListItem","@id":"https:\/\/eldigitaldeasturias.com\/magazine365\/category\/noticias-actualidad\/#listItem","position":2,"name":"Noticias y Actualidad","item":"https:\/\/eldigitaldeasturias.com\/magazine365\/category\/noticias-actualidad\/","nextItem":{"@type":"ListItem","@id":"https:\/\/eldigitaldeasturias.com\/magazine365\/diputacion-de-cordoba-imdeec-y-uco-colaboran-para-dinamizar-el-programa-reflejos\/#listItem","name":"Diputaci\u00f3n de C\u00f3rdoba, Imdeec y UCO colaboran para dinamizar el programa &#8216;Reflejos&#8217;"},"previousItem":{"@type":"ListItem","@id":"https:\/\/eldigitaldeasturias.com\/magazine365#listItem","name":"Home"}},{"@type":"ListItem","@id":"https:\/\/eldigitaldeasturias.com\/magazine365\/diputacion-de-cordoba-imdeec-y-uco-colaboran-para-dinamizar-el-programa-reflejos\/#listItem","position":3,"name":"Diputaci\u00f3n de C\u00f3rdoba, Imdeec y UCO colaboran para dinamizar el programa &#8216;Reflejos&#8217;","previousItem":{"@type":"ListItem","@id":"https:\/\/eldigitaldeasturias.com\/magazine365\/category\/noticias-actualidad\/#listItem","name":"Noticias y Actualidad"}}]},{"@type":"Organization","@id":"https:\/\/eldigitaldeasturias.com\/magazine365\/#organization","name":"El digital de Asturias","description":"Revista de ocio, turismo y estilo de vida","url":"https:\/\/eldigitaldeasturias.com\/magazine365\/","logo":{"@type":"ImageObject","url":"https:\/\/www.eldigitaldeasturias.com\/noticias\/wp-content\/uploads\/2020\/12\/EDA.jpg","@id":"https:\/\/eldigitaldeasturias.com\/magazine365\/diputacion-de-cordoba-imdeec-y-uco-colaboran-para-dinamizar-el-programa-reflejos\/#organizationLogo"},"image":{"@id":"https:\/\/eldigitaldeasturias.com\/magazine365\/diputacion-de-cordoba-imdeec-y-uco-colaboran-para-dinamizar-el-programa-reflejos\/#organizationLogo"}},{"@type":"Person","@id":"https:\/\/eldigitaldeasturias.com\/magazine365\/author\/admin\/#author","url":"https:\/\/eldigitaldeasturias.com\/magazine365\/author\/admin\/","name":"admin","image":{"@type":"ImageObject","@id":"https:\/\/eldigitaldeasturias.com\/magazine365\/diputacion-de-cordoba-imdeec-y-uco-colaboran-para-dinamizar-el-programa-reflejos\/#authorImage","url":"https:\/\/eldigitaldeasturias.com\/magazine365\/wp-content\/litespeed\/avatar\/e571bcf59a0edd6fa6838245a470f2fe.jpg?ver=1776969259","width":96,"height":96,"caption":"admin"}},{"@type":"WebPage","@id":"https:\/\/eldigitaldeasturias.com\/magazine365\/diputacion-de-cordoba-imdeec-y-uco-colaboran-para-dinamizar-el-programa-reflejos\/#webpage","url":"https:\/\/eldigitaldeasturias.com\/magazine365\/diputacion-de-cordoba-imdeec-y-uco-colaboran-para-dinamizar-el-programa-reflejos\/","name":"Diputaci\u00f3n de C\u00f3rdoba, Imdeec y UCO colaboran para dinamizar el programa \u2018Reflejos\u2019 | El Digital de Asturias","description":"La Universidad de C\u00f3rdoba (UCO), el Patronato Provincial de Turismo de la Diputaci\u00f3n provincial y el Instituto Municipal de Desarrollo Econ\u00f3mico y Empleo de C\u00f3rdoba (Imdeec) han firmado un convenio marco para el fomento, dinamizaci\u00f3n, desarrollo y promoci\u00f3n del programa 'Reflejos', desarrollado en la Facultad de Filosof\u00eda y Letras para que la marca C\u00f3rdoba integre","inLanguage":"es-ES","isPartOf":{"@id":"https:\/\/eldigitaldeasturias.com\/magazine365\/#website"},"breadcrumb":{"@id":"https:\/\/eldigitaldeasturias.com\/magazine365\/diputacion-de-cordoba-imdeec-y-uco-colaboran-para-dinamizar-el-programa-reflejos\/#breadcrumblist"},"author":{"@id":"https:\/\/eldigitaldeasturias.com\/magazine365\/author\/admin\/#author"},"creator":{"@id":"https:\/\/eldigitaldeasturias.com\/magazine365\/author\/admin\/#author"},"image":{"@type":"ImageObject","url":"https:\/\/eldigitaldeasturias.com\/magazine365\/wp-content\/uploads\/2016\/06\/fotonoticia_20160617155935_800.jpg","@id":"https:\/\/eldigitaldeasturias.com\/magazine365\/diputacion-de-cordoba-imdeec-y-uco-colaboran-para-dinamizar-el-programa-reflejos\/#mainImage","width":800,"height":533},"primaryImageOfPage":{"@id":"https:\/\/eldigitaldeasturias.com\/magazine365\/diputacion-de-cordoba-imdeec-y-uco-colaboran-para-dinamizar-el-programa-reflejos\/#mainImage"},"datePublished":"2016-06-17T17:25:56+02:00","dateModified":"2016-06-17T17:25:56+02:00"},{"@type":"WebSite","@id":"https:\/\/eldigitaldeasturias.com\/magazine365\/#website","url":"https:\/\/eldigitaldeasturias.com\/magazine365\/","name":"El Digital de Asturias","description":"Revista de ocio, turismo y estilo de vida","inLanguage":"es-ES","publisher":{"@id":"https:\/\/eldigitaldeasturias.com\/magazine365\/#organization"}}]},"og:locale":"es_ES","og:site_name":"El Digital de Asturias \u2013 Revista de ocio, turismo y estilo de vida","og:type":"article","og:title":"Diputaci\u00f3n de C\u00f3rdoba, Imdeec y UCO colaboran para dinamizar el programa \u2018Reflejos\u2019 | El Digital de Asturias","og:description":"La Universidad de C\u00f3rdoba (UCO), el Patronato Provincial de Turismo de la Diputaci\u00f3n provincial y el Instituto Municipal de Desarrollo Econ\u00f3mico y Empleo de C\u00f3rdoba (Imdeec) han firmado un convenio marco para el fomento, dinamizaci\u00f3n, desarrollo y promoci\u00f3n del programa 'Reflejos', desarrollado en la Facultad de Filosof\u00eda y Letras para que la marca C\u00f3rdoba integre","og:url":"https:\/\/eldigitaldeasturias.com\/magazine365\/diputacion-de-cordoba-imdeec-y-uco-colaboran-para-dinamizar-el-programa-reflejos\/","og:image":"https:\/\/eldigitaldeasturias.com\/magazine365\/wp-content\/uploads\/2016\/06\/fotonoticia_20160617155935_800.jpg","og:image:secure_url":"https:\/\/eldigitaldeasturias.com\/magazine365\/wp-content\/uploads\/2016\/06\/fotonoticia_20160617155935_800.jpg","og:image:width":800,"og:image:height":533,"article:published_time":"2016-06-17T15:25:56+00:00","article:modified_time":"2016-06-17T15:25:56+00:00","twitter:card":"summary_large_image","twitter:title":"Diputaci\u00f3n de C\u00f3rdoba, Imdeec y UCO colaboran para dinamizar el programa \u2018Reflejos\u2019 | El Digital de Asturias","twitter:description":"La Universidad de C\u00f3rdoba (UCO), el Patronato Provincial de Turismo de la Diputaci\u00f3n provincial y el Instituto Municipal de Desarrollo Econ\u00f3mico y Empleo de C\u00f3rdoba (Imdeec) han firmado un convenio marco para el fomento, dinamizaci\u00f3n, desarrollo y promoci\u00f3n del programa 'Reflejos', desarrollado en la Facultad de Filosof\u00eda y Letras para que la marca C\u00f3rdoba integre","twitter:image":"https:\/\/eldigitaldeasturias.com\/magazine365\/wp-content\/uploads\/2016\/06\/fotonoticia_20160617155935_800.jpg"},"aioseo_meta_data":{"post_id":"79945","title":null,"description":null,"keywords":null,"keyphrases":null,"primary_term":null,"canonical_url":null,"og_title":null,"og_description":null,"og_object_type":"default","og_image_type":"default","og_image_url":null,"og_image_width":null,"og_image_height":null,"og_image_custom_url":null,"og_image_custom_fields":null,"og_video":null,"og_custom_url":null,"og_article_section":null,"og_article_tags":null,"twitter_use_og":false,"twitter_card":"default","twitter_image_type":"default","twitter_image_url":null,"twitter_image_custom_url":null,"twitter_image_custom_fields":null,"twitter_title":null,"twitter_description":null,"schema":{"blockGraphs":[],"customGraphs":[],"default":{"data":{"Article":[],"Course":[],"Dataset":[],"FAQPage":[],"Movie":[],"Person":[],"Product":[],"ProductReview":[],"Car":[],"Recipe":[],"Service":[],"SoftwareApplication":[],"WebPage":[]},"graphName":"","isEnabled":true},"graphs":[],"defaultGraph":"","defaultPostTypeGraph":""},"schema_type":null,"schema_type_options":null,"pillar_content":false,"robots_default":true,"robots_noindex":false,"robots_noarchive":false,"robots_nosnippet":false,"robots_nofollow":false,"robots_noimageindex":false,"robots_noodp":false,"robots_notranslate":false,"robots_max_snippet":null,"robots_max_videopreview":null,"robots_max_imagepreview":"large","priority":null,"frequency":null,"location":null,"local_seo":null,"seo_analyzer_scan_date":"2025-09-27 19:52:39","breadcrumb_settings":null,"limit_modified_date":false,"open_ai":null,"ai":null,"created":"2021-03-08 16:20:13","updated":"2025-09-27 19:52:39"},"aioseo_breadcrumb":"<div class=\"aioseo-breadcrumbs\"><span class=\"aioseo-breadcrumb\">\n\t<a href=\"https:\/\/eldigitaldeasturias.com\/magazine365\" title=\"Home\">Home<\/a>\n<\/span><span class=\"aioseo-breadcrumb-separator\">\u2013<\/span><span class=\"aioseo-breadcrumb\">\n\t<a href=\"https:\/\/eldigitaldeasturias.com\/magazine365\/category\/noticias-actualidad\/\" title=\"Noticias y Actualidad\">Noticias y Actualidad<\/a>\n<\/span><span class=\"aioseo-breadcrumb-separator\">\u2013<\/span><span class=\"aioseo-breadcrumb\">\n\t<a href=\"https:\/\/eldigitaldeasturias.com\/magazine365\/diputacion-de-cordoba-imdeec-y-uco-colaboran-para-dinamizar-el-programa-reflejos\/\" title=\"Diputaci\u00f3n de C\u00f3rdoba, Imdeec y UCO colaboran para dinamizar el programa \u2018Reflejos\u2019\">Diputaci\u00f3n de C\u00f3rdoba, Imdeec y UCO colaboran para dinamizar el programa \u2018Reflejos\u2019<\/a>\n<\/span><\/div>","aioseo_breadcrumb_json":[{"label":"Home","link":"https:\/\/eldigitaldeasturias.com\/magazine365"},{"label":"Noticias y Actualidad","link":"https:\/\/eldigitaldeasturias.com\/magazine365\/category\/noticias-actualidad\/"},{"label":"Diputaci\u00f3n de C\u00f3rdoba, Imdeec y UCO colaboran para dinamizar el programa &#8216;Reflejos&#8217;","link":"https:\/\/eldigitaldeasturias.com\/magazine365\/diputacion-de-cordoba-imdeec-y-uco-colaboran-para-dinamizar-el-programa-reflejos\/"}],"_links":{"self":[{"href":"https:\/\/eldigitaldeasturias.com\/magazine365\/wp-json\/wp\/v2\/posts\/79945","targetHints":{"allow":["GET"]}}],"collection":[{"href":"https:\/\/eldigitaldeasturias.com\/magazine365\/wp-json\/wp\/v2\/posts"}],"about":[{"href":"https:\/\/eldigitaldeasturias.com\/magazine365\/wp-json\/wp\/v2\/types\/post"}],"author":[{"embeddable":true,"href":"https:\/\/eldigitaldeasturias.com\/magazine365\/wp-json\/wp\/v2\/users\/1"}],"replies":[{"embeddable":true,"href":"https:\/\/eldigitaldeasturias.com\/magazine365\/wp-json\/wp\/v2\/comments?post=79945"}],"version-history":[{"count":0,"href":"https:\/\/eldigitaldeasturias.com\/magazine365\/wp-json\/wp\/v2\/posts\/79945\/revisions"}],"wp:featuredmedia":[{"embeddable":true,"href":"https:\/\/eldigitaldeasturias.com\/magazine365\/wp-json\/wp\/v2\/media\/79946"}],"wp:attachment":[{"href":"https:\/\/eldigitaldeasturias.com\/magazine365\/wp-json\/wp\/v2\/media?parent=79945"}],"wp:term":[{"taxonomy":"category","embeddable":true,"href":"https:\/\/eldigitaldeasturias.com\/magazine365\/wp-json\/wp\/v2\/categories?post=79945"},{"taxonomy":"post_tag","embeddable":true,"href":"https:\/\/eldigitaldeasturias.com\/magazine365\/wp-json\/wp\/v2\/tags?post=79945"}],"curies":[{"name":"wp","href":"https:\/\/api.w.org\/{rel}","templated":true}]}}