{"id":79941,"date":"2016-06-17T17:18:06","date_gmt":"2016-06-17T15:18:06","guid":{"rendered":"http:\/\/eldigitaldeasturias.com\/magazine365\/?p=79941"},"modified":"2016-06-17T17:18:06","modified_gmt":"2016-06-17T15:18:06","slug":"pp-asegura-que-todas-las-playas-del-mar-menor-estan-en-buenas-condiciones-y-la-gente-puede-banarse-sin-problemas","status":"publish","type":"post","link":"https:\/\/eldigitaldeasturias.com\/magazine365\/pp-asegura-que-todas-las-playas-del-mar-menor-estan-en-buenas-condiciones-y-la-gente-puede-banarse-sin-problemas\/","title":{"rendered":"PP asegura que todas las playas del Mar Menor est\u00e1n en \u00abbuenas\u00bb condiciones y la gente puede ba\u00f1arse sin problemas"},"content":{"rendered":"<p><img fetchpriority=\"high\" decoding=\"async\" class=\"alignleft size-medium wp-image-79942\" src=\"https:\/\/eldigitaldeasturias.com\/magazine365\/wp-content\/uploads\/2016\/06\/fotonoticia_20160617151227_800-360x240.jpg\" alt=\"fotonoticia_20160617151227_800\" width=\"360\" height=\"240\" srcset=\"https:\/\/eldigitaldeasturias.com\/magazine365\/wp-content\/uploads\/2016\/06\/fotonoticia_20160617151227_800-360x240.jpg 360w, https:\/\/eldigitaldeasturias.com\/magazine365\/wp-content\/uploads\/2016\/06\/fotonoticia_20160617151227_800-650x434.jpg 650w, https:\/\/eldigitaldeasturias.com\/magazine365\/wp-content\/uploads\/2016\/06\/fotonoticia_20160617151227_800-768x513.jpg 768w, https:\/\/eldigitaldeasturias.com\/magazine365\/wp-content\/uploads\/2016\/06\/fotonoticia_20160617151227_800-150x100.jpg 150w, https:\/\/eldigitaldeasturias.com\/magazine365\/wp-content\/uploads\/2016\/06\/fotonoticia_20160617151227_800-450x300.jpg 450w, https:\/\/eldigitaldeasturias.com\/magazine365\/wp-content\/uploads\/2016\/06\/fotonoticia_20160617151227_800-101x66.jpg 101w, https:\/\/eldigitaldeasturias.com\/magazine365\/wp-content\/uploads\/2016\/06\/fotonoticia_20160617151227_800.jpg 800w\" sizes=\"(max-width: 360px) 100vw, 360px\" \/>Los candidatos del PP al Congreso, Francisco Bernab\u00e9 e Isabel Borrego, ha mantenido este viernes una reuni\u00f3n con representantes del sector hotelero de Cartagena y La Manga del Mar Menor, con quienes han tratado sobre las iniciativas en materia tur\u00edstica del Partido Popular, como la pr\u00f3xima llegada de la Alta Velocidad, la apertura del aeropuerto internacional de la Regi\u00f3n de Murcia, as\u00ed como la situaci\u00f3n del Mar Menor.<\/p>\n<p>Respecto a la calidad de las aguas de la laguna, Bernab\u00e9 ha indicado que \u00abtodas las playas del Mar Menor se encuentran en buenas condiciones y nos podemos ba\u00f1ar sin ning\u00fan problema, como certifican los an\u00e1lisis semanales que realiza la direcci\u00f3n general de Salud P\u00fablica de la consejer\u00eda de Sanidad\u00bb.<\/p>\n<p>Por otra parte, \u00abse est\u00e1n tomando medidas a corto y medio plazo, como la red de filtros verdes y un gran colector perimetral como soluci\u00f3n preventiva a cualquier injerencia en ese ecosistema que vamos a preservar y va a estar en condiciones \u00f3ptimas medioambientales para la actividad tur\u00edstica\u00bb.<\/p>\n<p>El candidato &#8216;popular&#8217; ha apuntado que el turismo \u00abes la gran industria nacional y buen n\u00famero de actuaciones del PP van vinculadas al impulso de la actividad tur\u00edstica, como exenciones fiscales, bonificaciones para la contrataci\u00f3n de trabajadores, mejora de infraestructuras: un sinf\u00edn de medidas enfocadas a potenciar esta primera industria nacional\u00bb<\/p>\n<p>Por \u00faltimo, ha destacado \u00abque nadie dude que un gobierno tipo &#8216;Podemos&#8217; destroza el turismo y la econom\u00eda espa\u00f1ola y los resultados los estamos viendo en Grecia, en Venezuela o Cuba\u00bb.<\/p>\n<p>Ese tipo de pol\u00edticas \u00abest\u00e1n en contra de la econom\u00eda de mercado y del concepto vacacional y apuestan por expropiar las segundas residencias\u00bb. \u00abSon el antisistema y antigarante de los derechos de los ciudadanos\u00bb, ha concluido.<\/p>\n","protected":false},"excerpt":{"rendered":"<p>Los candidatos del PP al Congreso, Francisco Bernab\u00e9 e Isabel Borrego, ha mantenido este viernes una reuni\u00f3n con representantes del sector hotelero de Cartagena y La Manga del Mar Menor, con quienes han tratado sobre las iniciativas en materia tur\u00edstica del Partido Popular, como la pr\u00f3xima llegada de la Alta Velocidad, la apertura del aeropuerto<\/p>\n","protected":false},"author":1,"featured_media":79942,"comment_status":"open","ping_status":"closed","sticky":false,"template":"","format":"standard","meta":{"footnotes":""},"categories":[224],"tags":[],"class_list":{"0":"post-79941","1":"post","2":"type-post","3":"status-publish","4":"format-standard","5":"has-post-thumbnail","7":"category-noticias-actualidad"},"aioseo_notices":[],"aioseo_head":"\n\t\t<!-- All in One SEO Pro 4.9.6.1 - aioseo.com -->\n\t<meta name=\"description\" content=\"Los candidatos del PP al Congreso, Francisco Bernab\u00e9 e Isabel Borrego, ha mantenido este viernes una reuni\u00f3n con representantes del sector hotelero de Cartagena y La Manga del Mar Menor, con quienes han tratado sobre las iniciativas en materia tur\u00edstica del Partido Popular, como la pr\u00f3xima llegada de la Alta Velocidad, la apertura del aeropuerto\" \/>\n\t<meta name=\"robots\" content=\"max-image-preview:large\" \/>\n\t<meta name=\"author\" content=\"admin\"\/>\n\t<meta name=\"google-site-verification\" content=\"UA-38556648-1\" \/>\n\t<meta name=\"keywords\" content=\"noticias y actualidad\" \/>\n\t<link rel=\"canonical\" href=\"https:\/\/eldigitaldeasturias.com\/magazine365\/pp-asegura-que-todas-las-playas-del-mar-menor-estan-en-buenas-condiciones-y-la-gente-puede-banarse-sin-problemas\/\" \/>\n\t<meta name=\"generator\" content=\"All in One SEO Pro (AIOSEO) 4.9.6.1\" \/>\n\t\t<meta property=\"og:locale\" content=\"es_ES\" \/>\n\t\t<meta property=\"og:site_name\" content=\"El Digital de Asturias \u2013 Revista de ocio, turismo y estilo de vida\" \/>\n\t\t<meta property=\"og:type\" content=\"article\" \/>\n\t\t<meta property=\"og:title\" content=\"PP asegura que todas las playas del Mar Menor est\u00e1n en \u00abbuenas\u00bb condiciones y la gente puede ba\u00f1arse sin problemas | El Digital de Asturias\" \/>\n\t\t<meta property=\"og:description\" content=\"Los candidatos del PP al Congreso, Francisco Bernab\u00e9 e Isabel Borrego, ha mantenido este viernes una reuni\u00f3n con representantes del sector hotelero de Cartagena y La Manga del Mar Menor, con quienes han tratado sobre las iniciativas en materia tur\u00edstica del Partido Popular, como la pr\u00f3xima llegada de la Alta Velocidad, la apertura del aeropuerto\" \/>\n\t\t<meta property=\"og:url\" content=\"https:\/\/eldigitaldeasturias.com\/magazine365\/pp-asegura-que-todas-las-playas-del-mar-menor-estan-en-buenas-condiciones-y-la-gente-puede-banarse-sin-problemas\/\" \/>\n\t\t<meta property=\"og:image\" content=\"https:\/\/eldigitaldeasturias.com\/magazine365\/wp-content\/uploads\/2016\/06\/fotonoticia_20160617151227_800.jpg\" \/>\n\t\t<meta property=\"og:image:secure_url\" content=\"https:\/\/eldigitaldeasturias.com\/magazine365\/wp-content\/uploads\/2016\/06\/fotonoticia_20160617151227_800.jpg\" \/>\n\t\t<meta property=\"og:image:width\" content=\"800\" \/>\n\t\t<meta property=\"og:image:height\" content=\"534\" \/>\n\t\t<meta property=\"article:published_time\" content=\"2016-06-17T15:18:06+00:00\" \/>\n\t\t<meta property=\"article:modified_time\" content=\"2016-06-17T15:18:06+00:00\" \/>\n\t\t<meta name=\"twitter:card\" content=\"summary_large_image\" \/>\n\t\t<meta name=\"twitter:title\" content=\"PP asegura que todas las playas del Mar Menor est\u00e1n en \u00abbuenas\u00bb condiciones y la gente puede ba\u00f1arse sin problemas | El Digital de Asturias\" \/>\n\t\t<meta name=\"twitter:description\" content=\"Los candidatos del PP al Congreso, Francisco Bernab\u00e9 e Isabel Borrego, ha mantenido este viernes una reuni\u00f3n con representantes del sector hotelero de Cartagena y La Manga del Mar Menor, con quienes han tratado sobre las iniciativas en materia tur\u00edstica del Partido Popular, como la pr\u00f3xima llegada de la Alta Velocidad, la apertura del aeropuerto\" \/>\n\t\t<meta name=\"twitter:image\" content=\"https:\/\/eldigitaldeasturias.com\/magazine365\/wp-content\/uploads\/2016\/06\/fotonoticia_20160617151227_800.jpg\" \/>\n\t\t<script type=\"application\/ld+json\" class=\"aioseo-schema\">\n\t\t\t{\"@context\":\"https:\\\/\\\/schema.org\",\"@graph\":[{\"@type\":\"Article\",\"@id\":\"https:\\\/\\\/eldigitaldeasturias.com\\\/magazine365\\\/pp-asegura-que-todas-las-playas-del-mar-menor-estan-en-buenas-condiciones-y-la-gente-puede-banarse-sin-problemas\\\/#article\",\"name\":\"PP asegura que todas las playas del Mar Menor est\\u00e1n en \\u00abbuenas\\u00bb condiciones y la gente puede ba\\u00f1arse sin problemas | El Digital de Asturias\",\"headline\":\"PP asegura que todas las playas del Mar Menor est\\u00e1n en \\u00abbuenas\\u00bb condiciones y la gente puede ba\\u00f1arse sin problemas\",\"author\":{\"@id\":\"https:\\\/\\\/eldigitaldeasturias.com\\\/magazine365\\\/author\\\/admin\\\/#author\"},\"publisher\":{\"@id\":\"https:\\\/\\\/eldigitaldeasturias.com\\\/magazine365\\\/#organization\"},\"image\":{\"@type\":\"ImageObject\",\"url\":\"https:\\\/\\\/eldigitaldeasturias.com\\\/magazine365\\\/wp-content\\\/uploads\\\/2016\\\/06\\\/fotonoticia_20160617151227_800.jpg\",\"width\":800,\"height\":534},\"datePublished\":\"2016-06-17T17:18:06+02:00\",\"dateModified\":\"2016-06-17T17:18:06+02:00\",\"inLanguage\":\"es-ES\",\"mainEntityOfPage\":{\"@id\":\"https:\\\/\\\/eldigitaldeasturias.com\\\/magazine365\\\/pp-asegura-que-todas-las-playas-del-mar-menor-estan-en-buenas-condiciones-y-la-gente-puede-banarse-sin-problemas\\\/#webpage\"},\"isPartOf\":{\"@id\":\"https:\\\/\\\/eldigitaldeasturias.com\\\/magazine365\\\/pp-asegura-que-todas-las-playas-del-mar-menor-estan-en-buenas-condiciones-y-la-gente-puede-banarse-sin-problemas\\\/#webpage\"},\"articleSection\":\"Noticias y Actualidad\"},{\"@type\":\"BreadcrumbList\",\"@id\":\"https:\\\/\\\/eldigitaldeasturias.com\\\/magazine365\\\/pp-asegura-que-todas-las-playas-del-mar-menor-estan-en-buenas-condiciones-y-la-gente-puede-banarse-sin-problemas\\\/#breadcrumblist\",\"itemListElement\":[{\"@type\":\"ListItem\",\"@id\":\"https:\\\/\\\/eldigitaldeasturias.com\\\/magazine365#listItem\",\"position\":1,\"name\":\"Home\",\"item\":\"https:\\\/\\\/eldigitaldeasturias.com\\\/magazine365\",\"nextItem\":{\"@type\":\"ListItem\",\"@id\":\"https:\\\/\\\/eldigitaldeasturias.com\\\/magazine365\\\/category\\\/noticias-actualidad\\\/#listItem\",\"name\":\"Noticias y Actualidad\"}},{\"@type\":\"ListItem\",\"@id\":\"https:\\\/\\\/eldigitaldeasturias.com\\\/magazine365\\\/category\\\/noticias-actualidad\\\/#listItem\",\"position\":2,\"name\":\"Noticias y Actualidad\",\"item\":\"https:\\\/\\\/eldigitaldeasturias.com\\\/magazine365\\\/category\\\/noticias-actualidad\\\/\",\"nextItem\":{\"@type\":\"ListItem\",\"@id\":\"https:\\\/\\\/eldigitaldeasturias.com\\\/magazine365\\\/pp-asegura-que-todas-las-playas-del-mar-menor-estan-en-buenas-condiciones-y-la-gente-puede-banarse-sin-problemas\\\/#listItem\",\"name\":\"PP asegura que todas las playas del Mar Menor est\\u00e1n en \\u00abbuenas\\u00bb condiciones y la gente puede ba\\u00f1arse sin problemas\"},\"previousItem\":{\"@type\":\"ListItem\",\"@id\":\"https:\\\/\\\/eldigitaldeasturias.com\\\/magazine365#listItem\",\"name\":\"Home\"}},{\"@type\":\"ListItem\",\"@id\":\"https:\\\/\\\/eldigitaldeasturias.com\\\/magazine365\\\/pp-asegura-que-todas-las-playas-del-mar-menor-estan-en-buenas-condiciones-y-la-gente-puede-banarse-sin-problemas\\\/#listItem\",\"position\":3,\"name\":\"PP asegura que todas las playas del Mar Menor est\\u00e1n en \\u00abbuenas\\u00bb condiciones y la gente puede ba\\u00f1arse sin problemas\",\"previousItem\":{\"@type\":\"ListItem\",\"@id\":\"https:\\\/\\\/eldigitaldeasturias.com\\\/magazine365\\\/category\\\/noticias-actualidad\\\/#listItem\",\"name\":\"Noticias y Actualidad\"}}]},{\"@type\":\"Organization\",\"@id\":\"https:\\\/\\\/eldigitaldeasturias.com\\\/magazine365\\\/#organization\",\"name\":\"El digital de Asturias\",\"description\":\"Revista de ocio, turismo y estilo de vida\",\"url\":\"https:\\\/\\\/eldigitaldeasturias.com\\\/magazine365\\\/\",\"logo\":{\"@type\":\"ImageObject\",\"url\":\"https:\\\/\\\/www.eldigitaldeasturias.com\\\/noticias\\\/wp-content\\\/uploads\\\/2020\\\/12\\\/EDA.jpg\",\"@id\":\"https:\\\/\\\/eldigitaldeasturias.com\\\/magazine365\\\/pp-asegura-que-todas-las-playas-del-mar-menor-estan-en-buenas-condiciones-y-la-gente-puede-banarse-sin-problemas\\\/#organizationLogo\"},\"image\":{\"@id\":\"https:\\\/\\\/eldigitaldeasturias.com\\\/magazine365\\\/pp-asegura-que-todas-las-playas-del-mar-menor-estan-en-buenas-condiciones-y-la-gente-puede-banarse-sin-problemas\\\/#organizationLogo\"}},{\"@type\":\"Person\",\"@id\":\"https:\\\/\\\/eldigitaldeasturias.com\\\/magazine365\\\/author\\\/admin\\\/#author\",\"url\":\"https:\\\/\\\/eldigitaldeasturias.com\\\/magazine365\\\/author\\\/admin\\\/\",\"name\":\"admin\",\"image\":{\"@type\":\"ImageObject\",\"@id\":\"https:\\\/\\\/eldigitaldeasturias.com\\\/magazine365\\\/pp-asegura-que-todas-las-playas-del-mar-menor-estan-en-buenas-condiciones-y-la-gente-puede-banarse-sin-problemas\\\/#authorImage\",\"url\":\"https:\\\/\\\/eldigitaldeasturias.com\\\/magazine365\\\/wp-content\\\/litespeed\\\/avatar\\\/e571bcf59a0edd6fa6838245a470f2fe.jpg?ver=1776969259\",\"width\":96,\"height\":96,\"caption\":\"admin\"}},{\"@type\":\"WebPage\",\"@id\":\"https:\\\/\\\/eldigitaldeasturias.com\\\/magazine365\\\/pp-asegura-que-todas-las-playas-del-mar-menor-estan-en-buenas-condiciones-y-la-gente-puede-banarse-sin-problemas\\\/#webpage\",\"url\":\"https:\\\/\\\/eldigitaldeasturias.com\\\/magazine365\\\/pp-asegura-que-todas-las-playas-del-mar-menor-estan-en-buenas-condiciones-y-la-gente-puede-banarse-sin-problemas\\\/\",\"name\":\"PP asegura que todas las playas del Mar Menor est\\u00e1n en \\u00abbuenas\\u00bb condiciones y la gente puede ba\\u00f1arse sin problemas | El Digital de Asturias\",\"description\":\"Los candidatos del PP al Congreso, Francisco Bernab\\u00e9 e Isabel Borrego, ha mantenido este viernes una reuni\\u00f3n con representantes del sector hotelero de Cartagena y La Manga del Mar Menor, con quienes han tratado sobre las iniciativas en materia tur\\u00edstica del Partido Popular, como la pr\\u00f3xima llegada de la Alta Velocidad, la apertura del aeropuerto\",\"inLanguage\":\"es-ES\",\"isPartOf\":{\"@id\":\"https:\\\/\\\/eldigitaldeasturias.com\\\/magazine365\\\/#website\"},\"breadcrumb\":{\"@id\":\"https:\\\/\\\/eldigitaldeasturias.com\\\/magazine365\\\/pp-asegura-que-todas-las-playas-del-mar-menor-estan-en-buenas-condiciones-y-la-gente-puede-banarse-sin-problemas\\\/#breadcrumblist\"},\"author\":{\"@id\":\"https:\\\/\\\/eldigitaldeasturias.com\\\/magazine365\\\/author\\\/admin\\\/#author\"},\"creator\":{\"@id\":\"https:\\\/\\\/eldigitaldeasturias.com\\\/magazine365\\\/author\\\/admin\\\/#author\"},\"image\":{\"@type\":\"ImageObject\",\"url\":\"https:\\\/\\\/eldigitaldeasturias.com\\\/magazine365\\\/wp-content\\\/uploads\\\/2016\\\/06\\\/fotonoticia_20160617151227_800.jpg\",\"@id\":\"https:\\\/\\\/eldigitaldeasturias.com\\\/magazine365\\\/pp-asegura-que-todas-las-playas-del-mar-menor-estan-en-buenas-condiciones-y-la-gente-puede-banarse-sin-problemas\\\/#mainImage\",\"width\":800,\"height\":534},\"primaryImageOfPage\":{\"@id\":\"https:\\\/\\\/eldigitaldeasturias.com\\\/magazine365\\\/pp-asegura-que-todas-las-playas-del-mar-menor-estan-en-buenas-condiciones-y-la-gente-puede-banarse-sin-problemas\\\/#mainImage\"},\"datePublished\":\"2016-06-17T17:18:06+02:00\",\"dateModified\":\"2016-06-17T17:18:06+02:00\"},{\"@type\":\"WebSite\",\"@id\":\"https:\\\/\\\/eldigitaldeasturias.com\\\/magazine365\\\/#website\",\"url\":\"https:\\\/\\\/eldigitaldeasturias.com\\\/magazine365\\\/\",\"name\":\"El Digital de Asturias\",\"description\":\"Revista de ocio, turismo y estilo de vida\",\"inLanguage\":\"es-ES\",\"publisher\":{\"@id\":\"https:\\\/\\\/eldigitaldeasturias.com\\\/magazine365\\\/#organization\"}}]}\n\t\t<\/script>\n\t\t<!-- All in One SEO Pro -->\r\n\t\t<title>PP asegura que todas las playas del Mar Menor est\u00e1n en \u00abbuenas\u00bb condiciones y la gente puede ba\u00f1arse sin problemas | El Digital de Asturias<\/title>\n\n","aioseo_head_json":{"title":"PP asegura que todas las playas del Mar Menor est\u00e1n en \u00abbuenas\u00bb condiciones y la gente puede ba\u00f1arse sin problemas | El Digital de Asturias","description":"Los candidatos del PP al Congreso, Francisco Bernab\u00e9 e Isabel Borrego, ha mantenido este viernes una reuni\u00f3n con representantes del sector hotelero de Cartagena y La Manga del Mar Menor, con quienes han tratado sobre las iniciativas en materia tur\u00edstica del Partido Popular, como la pr\u00f3xima llegada de la Alta Velocidad, la apertura del aeropuerto","canonical_url":"https:\/\/eldigitaldeasturias.com\/magazine365\/pp-asegura-que-todas-las-playas-del-mar-menor-estan-en-buenas-condiciones-y-la-gente-puede-banarse-sin-problemas\/","robots":"max-image-preview:large","keywords":"noticias y actualidad","webmasterTools":{"google-site-verification":"UA-38556648-1","miscellaneous":""},"schema":{"@context":"https:\/\/schema.org","@graph":[{"@type":"Article","@id":"https:\/\/eldigitaldeasturias.com\/magazine365\/pp-asegura-que-todas-las-playas-del-mar-menor-estan-en-buenas-condiciones-y-la-gente-puede-banarse-sin-problemas\/#article","name":"PP asegura que todas las playas del Mar Menor est\u00e1n en \u00abbuenas\u00bb condiciones y la gente puede ba\u00f1arse sin problemas | El Digital de Asturias","headline":"PP asegura que todas las playas del Mar Menor est\u00e1n en \u00abbuenas\u00bb condiciones y la gente puede ba\u00f1arse sin problemas","author":{"@id":"https:\/\/eldigitaldeasturias.com\/magazine365\/author\/admin\/#author"},"publisher":{"@id":"https:\/\/eldigitaldeasturias.com\/magazine365\/#organization"},"image":{"@type":"ImageObject","url":"https:\/\/eldigitaldeasturias.com\/magazine365\/wp-content\/uploads\/2016\/06\/fotonoticia_20160617151227_800.jpg","width":800,"height":534},"datePublished":"2016-06-17T17:18:06+02:00","dateModified":"2016-06-17T17:18:06+02:00","inLanguage":"es-ES","mainEntityOfPage":{"@id":"https:\/\/eldigitaldeasturias.com\/magazine365\/pp-asegura-que-todas-las-playas-del-mar-menor-estan-en-buenas-condiciones-y-la-gente-puede-banarse-sin-problemas\/#webpage"},"isPartOf":{"@id":"https:\/\/eldigitaldeasturias.com\/magazine365\/pp-asegura-que-todas-las-playas-del-mar-menor-estan-en-buenas-condiciones-y-la-gente-puede-banarse-sin-problemas\/#webpage"},"articleSection":"Noticias y Actualidad"},{"@type":"BreadcrumbList","@id":"https:\/\/eldigitaldeasturias.com\/magazine365\/pp-asegura-que-todas-las-playas-del-mar-menor-estan-en-buenas-condiciones-y-la-gente-puede-banarse-sin-problemas\/#breadcrumblist","itemListElement":[{"@type":"ListItem","@id":"https:\/\/eldigitaldeasturias.com\/magazine365#listItem","position":1,"name":"Home","item":"https:\/\/eldigitaldeasturias.com\/magazine365","nextItem":{"@type":"ListItem","@id":"https:\/\/eldigitaldeasturias.com\/magazine365\/category\/noticias-actualidad\/#listItem","name":"Noticias y Actualidad"}},{"@type":"ListItem","@id":"https:\/\/eldigitaldeasturias.com\/magazine365\/category\/noticias-actualidad\/#listItem","position":2,"name":"Noticias y Actualidad","item":"https:\/\/eldigitaldeasturias.com\/magazine365\/category\/noticias-actualidad\/","nextItem":{"@type":"ListItem","@id":"https:\/\/eldigitaldeasturias.com\/magazine365\/pp-asegura-que-todas-las-playas-del-mar-menor-estan-en-buenas-condiciones-y-la-gente-puede-banarse-sin-problemas\/#listItem","name":"PP asegura que todas las playas del Mar Menor est\u00e1n en \u00abbuenas\u00bb condiciones y la gente puede ba\u00f1arse sin problemas"},"previousItem":{"@type":"ListItem","@id":"https:\/\/eldigitaldeasturias.com\/magazine365#listItem","name":"Home"}},{"@type":"ListItem","@id":"https:\/\/eldigitaldeasturias.com\/magazine365\/pp-asegura-que-todas-las-playas-del-mar-menor-estan-en-buenas-condiciones-y-la-gente-puede-banarse-sin-problemas\/#listItem","position":3,"name":"PP asegura que todas las playas del Mar Menor est\u00e1n en \u00abbuenas\u00bb condiciones y la gente puede ba\u00f1arse sin problemas","previousItem":{"@type":"ListItem","@id":"https:\/\/eldigitaldeasturias.com\/magazine365\/category\/noticias-actualidad\/#listItem","name":"Noticias y Actualidad"}}]},{"@type":"Organization","@id":"https:\/\/eldigitaldeasturias.com\/magazine365\/#organization","name":"El digital de Asturias","description":"Revista de ocio, turismo y estilo de vida","url":"https:\/\/eldigitaldeasturias.com\/magazine365\/","logo":{"@type":"ImageObject","url":"https:\/\/www.eldigitaldeasturias.com\/noticias\/wp-content\/uploads\/2020\/12\/EDA.jpg","@id":"https:\/\/eldigitaldeasturias.com\/magazine365\/pp-asegura-que-todas-las-playas-del-mar-menor-estan-en-buenas-condiciones-y-la-gente-puede-banarse-sin-problemas\/#organizationLogo"},"image":{"@id":"https:\/\/eldigitaldeasturias.com\/magazine365\/pp-asegura-que-todas-las-playas-del-mar-menor-estan-en-buenas-condiciones-y-la-gente-puede-banarse-sin-problemas\/#organizationLogo"}},{"@type":"Person","@id":"https:\/\/eldigitaldeasturias.com\/magazine365\/author\/admin\/#author","url":"https:\/\/eldigitaldeasturias.com\/magazine365\/author\/admin\/","name":"admin","image":{"@type":"ImageObject","@id":"https:\/\/eldigitaldeasturias.com\/magazine365\/pp-asegura-que-todas-las-playas-del-mar-menor-estan-en-buenas-condiciones-y-la-gente-puede-banarse-sin-problemas\/#authorImage","url":"https:\/\/eldigitaldeasturias.com\/magazine365\/wp-content\/litespeed\/avatar\/e571bcf59a0edd6fa6838245a470f2fe.jpg?ver=1776969259","width":96,"height":96,"caption":"admin"}},{"@type":"WebPage","@id":"https:\/\/eldigitaldeasturias.com\/magazine365\/pp-asegura-que-todas-las-playas-del-mar-menor-estan-en-buenas-condiciones-y-la-gente-puede-banarse-sin-problemas\/#webpage","url":"https:\/\/eldigitaldeasturias.com\/magazine365\/pp-asegura-que-todas-las-playas-del-mar-menor-estan-en-buenas-condiciones-y-la-gente-puede-banarse-sin-problemas\/","name":"PP asegura que todas las playas del Mar Menor est\u00e1n en \u00abbuenas\u00bb condiciones y la gente puede ba\u00f1arse sin problemas | El Digital de Asturias","description":"Los candidatos del PP al Congreso, Francisco Bernab\u00e9 e Isabel Borrego, ha mantenido este viernes una reuni\u00f3n con representantes del sector hotelero de Cartagena y La Manga del Mar Menor, con quienes han tratado sobre las iniciativas en materia tur\u00edstica del Partido Popular, como la pr\u00f3xima llegada de la Alta Velocidad, la apertura del aeropuerto","inLanguage":"es-ES","isPartOf":{"@id":"https:\/\/eldigitaldeasturias.com\/magazine365\/#website"},"breadcrumb":{"@id":"https:\/\/eldigitaldeasturias.com\/magazine365\/pp-asegura-que-todas-las-playas-del-mar-menor-estan-en-buenas-condiciones-y-la-gente-puede-banarse-sin-problemas\/#breadcrumblist"},"author":{"@id":"https:\/\/eldigitaldeasturias.com\/magazine365\/author\/admin\/#author"},"creator":{"@id":"https:\/\/eldigitaldeasturias.com\/magazine365\/author\/admin\/#author"},"image":{"@type":"ImageObject","url":"https:\/\/eldigitaldeasturias.com\/magazine365\/wp-content\/uploads\/2016\/06\/fotonoticia_20160617151227_800.jpg","@id":"https:\/\/eldigitaldeasturias.com\/magazine365\/pp-asegura-que-todas-las-playas-del-mar-menor-estan-en-buenas-condiciones-y-la-gente-puede-banarse-sin-problemas\/#mainImage","width":800,"height":534},"primaryImageOfPage":{"@id":"https:\/\/eldigitaldeasturias.com\/magazine365\/pp-asegura-que-todas-las-playas-del-mar-menor-estan-en-buenas-condiciones-y-la-gente-puede-banarse-sin-problemas\/#mainImage"},"datePublished":"2016-06-17T17:18:06+02:00","dateModified":"2016-06-17T17:18:06+02:00"},{"@type":"WebSite","@id":"https:\/\/eldigitaldeasturias.com\/magazine365\/#website","url":"https:\/\/eldigitaldeasturias.com\/magazine365\/","name":"El Digital de Asturias","description":"Revista de ocio, turismo y estilo de vida","inLanguage":"es-ES","publisher":{"@id":"https:\/\/eldigitaldeasturias.com\/magazine365\/#organization"}}]},"og:locale":"es_ES","og:site_name":"El Digital de Asturias \u2013 Revista de ocio, turismo y estilo de vida","og:type":"article","og:title":"PP asegura que todas las playas del Mar Menor est\u00e1n en \u00abbuenas\u00bb condiciones y la gente puede ba\u00f1arse sin problemas | El Digital de Asturias","og:description":"Los candidatos del PP al Congreso, Francisco Bernab\u00e9 e Isabel Borrego, ha mantenido este viernes una reuni\u00f3n con representantes del sector hotelero de Cartagena y La Manga del Mar Menor, con quienes han tratado sobre las iniciativas en materia tur\u00edstica del Partido Popular, como la pr\u00f3xima llegada de la Alta Velocidad, la apertura del aeropuerto","og:url":"https:\/\/eldigitaldeasturias.com\/magazine365\/pp-asegura-que-todas-las-playas-del-mar-menor-estan-en-buenas-condiciones-y-la-gente-puede-banarse-sin-problemas\/","og:image":"https:\/\/eldigitaldeasturias.com\/magazine365\/wp-content\/uploads\/2016\/06\/fotonoticia_20160617151227_800.jpg","og:image:secure_url":"https:\/\/eldigitaldeasturias.com\/magazine365\/wp-content\/uploads\/2016\/06\/fotonoticia_20160617151227_800.jpg","og:image:width":800,"og:image:height":534,"article:published_time":"2016-06-17T15:18:06+00:00","article:modified_time":"2016-06-17T15:18:06+00:00","twitter:card":"summary_large_image","twitter:title":"PP asegura que todas las playas del Mar Menor est\u00e1n en \u00abbuenas\u00bb condiciones y la gente puede ba\u00f1arse sin problemas | El Digital de Asturias","twitter:description":"Los candidatos del PP al Congreso, Francisco Bernab\u00e9 e Isabel Borrego, ha mantenido este viernes una reuni\u00f3n con representantes del sector hotelero de Cartagena y La Manga del Mar Menor, con quienes han tratado sobre las iniciativas en materia tur\u00edstica del Partido Popular, como la pr\u00f3xima llegada de la Alta Velocidad, la apertura del aeropuerto","twitter:image":"https:\/\/eldigitaldeasturias.com\/magazine365\/wp-content\/uploads\/2016\/06\/fotonoticia_20160617151227_800.jpg"},"aioseo_meta_data":{"post_id":"79941","title":null,"description":null,"keywords":null,"keyphrases":null,"primary_term":null,"canonical_url":null,"og_title":null,"og_description":null,"og_object_type":"default","og_image_type":"default","og_image_url":null,"og_image_width":null,"og_image_height":null,"og_image_custom_url":null,"og_image_custom_fields":null,"og_video":null,"og_custom_url":null,"og_article_section":null,"og_article_tags":null,"twitter_use_og":false,"twitter_card":"default","twitter_image_type":"default","twitter_image_url":null,"twitter_image_custom_url":null,"twitter_image_custom_fields":null,"twitter_title":null,"twitter_description":null,"schema":{"blockGraphs":[],"customGraphs":[],"default":{"data":{"Article":[],"Course":[],"Dataset":[],"FAQPage":[],"Movie":[],"Person":[],"Product":[],"ProductReview":[],"Car":[],"Recipe":[],"Service":[],"SoftwareApplication":[],"WebPage":[]},"graphName":"","isEnabled":true},"graphs":[],"defaultGraph":"","defaultPostTypeGraph":""},"schema_type":null,"schema_type_options":null,"pillar_content":false,"robots_default":true,"robots_noindex":false,"robots_noarchive":false,"robots_nosnippet":false,"robots_nofollow":false,"robots_noimageindex":false,"robots_noodp":false,"robots_notranslate":false,"robots_max_snippet":null,"robots_max_videopreview":null,"robots_max_imagepreview":"large","priority":null,"frequency":null,"location":null,"local_seo":null,"seo_analyzer_scan_date":"2025-09-27 19:52:38","breadcrumb_settings":null,"limit_modified_date":false,"open_ai":null,"ai":null,"created":"2021-03-08 17:41:34","updated":"2025-09-27 19:52:38"},"aioseo_breadcrumb":"<div class=\"aioseo-breadcrumbs\"><span class=\"aioseo-breadcrumb\">\n\t<a href=\"https:\/\/eldigitaldeasturias.com\/magazine365\" title=\"Home\">Home<\/a>\n<\/span><span class=\"aioseo-breadcrumb-separator\">\u2013<\/span><span class=\"aioseo-breadcrumb\">\n\t<a href=\"https:\/\/eldigitaldeasturias.com\/magazine365\/category\/noticias-actualidad\/\" title=\"Noticias y Actualidad\">Noticias y Actualidad<\/a>\n<\/span><span class=\"aioseo-breadcrumb-separator\">\u2013<\/span><span class=\"aioseo-breadcrumb\">\n\t<a href=\"https:\/\/eldigitaldeasturias.com\/magazine365\/pp-asegura-que-todas-las-playas-del-mar-menor-estan-en-buenas-condiciones-y-la-gente-puede-banarse-sin-problemas\/\" title=\"PP asegura que todas las playas del Mar Menor est\u00e1n en \u00abbuenas\u00bb condiciones y la gente puede ba\u00f1arse sin problemas\">PP asegura que todas las playas del Mar Menor est\u00e1n en \u00abbuenas\u00bb condiciones y la gente puede ba\u00f1arse sin problemas<\/a>\n<\/span><\/div>","aioseo_breadcrumb_json":[{"label":"Home","link":"https:\/\/eldigitaldeasturias.com\/magazine365"},{"label":"Noticias y Actualidad","link":"https:\/\/eldigitaldeasturias.com\/magazine365\/category\/noticias-actualidad\/"},{"label":"PP asegura que todas las playas del Mar Menor est\u00e1n en \u00abbuenas\u00bb condiciones y la gente puede ba\u00f1arse sin problemas","link":"https:\/\/eldigitaldeasturias.com\/magazine365\/pp-asegura-que-todas-las-playas-del-mar-menor-estan-en-buenas-condiciones-y-la-gente-puede-banarse-sin-problemas\/"}],"_links":{"self":[{"href":"https:\/\/eldigitaldeasturias.com\/magazine365\/wp-json\/wp\/v2\/posts\/79941","targetHints":{"allow":["GET"]}}],"collection":[{"href":"https:\/\/eldigitaldeasturias.com\/magazine365\/wp-json\/wp\/v2\/posts"}],"about":[{"href":"https:\/\/eldigitaldeasturias.com\/magazine365\/wp-json\/wp\/v2\/types\/post"}],"author":[{"embeddable":true,"href":"https:\/\/eldigitaldeasturias.com\/magazine365\/wp-json\/wp\/v2\/users\/1"}],"replies":[{"embeddable":true,"href":"https:\/\/eldigitaldeasturias.com\/magazine365\/wp-json\/wp\/v2\/comments?post=79941"}],"version-history":[{"count":0,"href":"https:\/\/eldigitaldeasturias.com\/magazine365\/wp-json\/wp\/v2\/posts\/79941\/revisions"}],"wp:featuredmedia":[{"embeddable":true,"href":"https:\/\/eldigitaldeasturias.com\/magazine365\/wp-json\/wp\/v2\/media\/79942"}],"wp:attachment":[{"href":"https:\/\/eldigitaldeasturias.com\/magazine365\/wp-json\/wp\/v2\/media?parent=79941"}],"wp:term":[{"taxonomy":"category","embeddable":true,"href":"https:\/\/eldigitaldeasturias.com\/magazine365\/wp-json\/wp\/v2\/categories?post=79941"},{"taxonomy":"post_tag","embeddable":true,"href":"https:\/\/eldigitaldeasturias.com\/magazine365\/wp-json\/wp\/v2\/tags?post=79941"}],"curies":[{"name":"wp","href":"https:\/\/api.w.org\/{rel}","templated":true}]}}