{"id":79932,"date":"2016-06-17T17:15:23","date_gmt":"2016-06-17T15:15:23","guid":{"rendered":"http:\/\/eldigitaldeasturias.com\/magazine365\/?p=79932"},"modified":"2016-06-17T17:15:23","modified_gmt":"2016-06-17T15:15:23","slug":"el-ayuntamiento-de-cordoba-saca-a-licitacion-de-nuevo-el-pliego-para-el-espectaculo-nocturno-del-alcazar","status":"publish","type":"post","link":"https:\/\/eldigitaldeasturias.com\/magazine365\/el-ayuntamiento-de-cordoba-saca-a-licitacion-de-nuevo-el-pliego-para-el-espectaculo-nocturno-del-alcazar\/","title":{"rendered":"El Ayuntamiento de C\u00f3rdoba saca a licitaci\u00f3n de nuevo el pliego para el espect\u00e1culo nocturno del Alc\u00e1zar"},"content":{"rendered":"<p><img fetchpriority=\"high\" decoding=\"async\" class=\"alignleft size-medium wp-image-79933\" src=\"https:\/\/eldigitaldeasturias.com\/magazine365\/wp-content\/uploads\/2016\/06\/fotonoticia_20160617150900_800-360x270.jpg\" alt=\"fotonoticia_20160617150900_800\" width=\"360\" height=\"270\" srcset=\"https:\/\/eldigitaldeasturias.com\/magazine365\/wp-content\/uploads\/2016\/06\/fotonoticia_20160617150900_800-360x270.jpg 360w, https:\/\/eldigitaldeasturias.com\/magazine365\/wp-content\/uploads\/2016\/06\/fotonoticia_20160617150900_800-650x488.jpg 650w, https:\/\/eldigitaldeasturias.com\/magazine365\/wp-content\/uploads\/2016\/06\/fotonoticia_20160617150900_800-768x576.jpg 768w, https:\/\/eldigitaldeasturias.com\/magazine365\/wp-content\/uploads\/2016\/06\/fotonoticia_20160617150900_800-150x113.jpg 150w, https:\/\/eldigitaldeasturias.com\/magazine365\/wp-content\/uploads\/2016\/06\/fotonoticia_20160617150900_800-450x338.jpg 450w, https:\/\/eldigitaldeasturias.com\/magazine365\/wp-content\/uploads\/2016\/06\/fotonoticia_20160617150900_800-90x67.jpg 90w, https:\/\/eldigitaldeasturias.com\/magazine365\/wp-content\/uploads\/2016\/06\/fotonoticia_20160617150900_800-164x124.jpg 164w, https:\/\/eldigitaldeasturias.com\/magazine365\/wp-content\/uploads\/2016\/06\/fotonoticia_20160617150900_800-100x75.jpg 100w, https:\/\/eldigitaldeasturias.com\/magazine365\/wp-content\/uploads\/2016\/06\/fotonoticia_20160617150900_800.jpg 800w\" sizes=\"(max-width: 360px) 100vw, 360px\" \/>Los tenientes de alcalde del Ayuntamiento de C\u00f3rdoba Emilio Aumente y Alba Doblas han informado este viernes de los puntos aprobados en la Junta de Gobierno Local, entre los que se encuentra sacar de nuevo a licitaci\u00f3n el expediente para la contrataci\u00f3n del espect\u00e1culo nocturno del Alc\u00e1zar de los Reyes Cristianos, por el mismo valor de unos 58.000 euros, de modo que la apertura se prev\u00e9 para \u00abmediados o finales de julio\u00bb.<\/p>\n<p>As\u00ed lo ha destacado Aumente en una rueda de prensa, en la que ha detallado que \u00abse ha hecho una modificaci\u00f3n del pliego, aunque ya estaba en fase de presentaci\u00f3n de ofertas\u00bb y ha habido una empresa, despu\u00e9s de que \u00abes conveniente modificar dos cl\u00e1usulas: una sobre los accesos de taquilla, que se ha quitado el tema de acompa\u00f1amiento\u00bb &#8211;que se har\u00e1 por personal de la empresa y no por el Ayuntamiento&#8211;, y \u00abla cantidad que reciba el Consistorio ser\u00e1 bien por precio p\u00fablico, bien por tasa, seg\u00fan proceda\u00bb, ha indicado el edil.<\/p>\n<p>Por tanto, el concejal ha se\u00f1alado que \u00abse inicia de nuevo el expediente\u00bb y calcula que \u00aben ocho d\u00edas est\u00e9 resuelta la adjudicaci\u00f3n\u00bb, de modo que espera que \u00abdentro de un mes\u00bb est\u00e9 en marcha el nuevo espect\u00e1culo, que contar\u00e1 con una nueva tem\u00e1tica, locuciones mejoradas, un &#8216;mapping&#8217; y teatralizaciones.<\/p>\n<p>En concreto, el montaje se inicia con un paseo interpretado desde el Patio Mud\u00e9jar, con una duraci\u00f3n de un visionado inicial de entre ocho y 15 minutos, aunque tambi\u00e9n habr\u00e1 una versi\u00f3n reducida de cinco minutos. Tras ello, se pasar\u00e1 a los jardines con un itinerario iluminado e interpretativo &#8211;esta parte del recorrido durar\u00e1 entre 30 y 40 minutos y la versi\u00f3n reducida se ha fijado en 15 minutos&#8211;. El montaje total se prolongar\u00e1 durante aproximadamente una hora.<\/p>\n<p>En cuanto al n\u00famero de pases, habr\u00e1 uno al d\u00eda, excepto los meses de mayo, junio, julio y agosto, cuando se programar\u00e1n dos visitas, una a las 22,30 horas y otra a las 23,30 horas. Si bien, el pliego establece que uno de los criterios que se tendr\u00e1 en cuenta para una valoraci\u00f3n m\u00e1s favorable es que se incremente el n\u00famero de pases, entre otros aspectos.<\/p>\n<p>En este sentido, el presupuesto base de licitaci\u00f3n es de 58.000 euros, con una anualidad de 32.000 para 2016 y 26.000 euros para 2017, mientras que el valor estimado del contrato alcanza los 95.800 euros.<\/p>\n<h2 class=\"ladillo\">LOS FONDOS &#8216;JESSICA&#8217;<\/h2>\n<p>Por otra parte, en la Junta de Gobierno Local se han aprobado \u00ablos tr\u00e1mites finales\u00bb para el cr\u00e9dito de cuatro millones de euros de los fondos &#8216;Jessica&#8217; para la mejora del servicio de alumbrado p\u00fablico y ahora se pone en conocimiento de la Junta de Andaluc\u00eda, de modo que \u00abse intentar\u00e1 acelerar al m\u00e1ximo posible la autorizaci\u00f3n para firmar el contrato\u00bb, ha indicado Doblas.<\/p>\n<p>Tambi\u00e9n, se ha tomado conocimiento de una sentencia del Tribunal Superior de Justicia de Andaluc\u00eda (TSJA), \u00abdonde Telef\u00f3nica hab\u00eda hecho una reclamaci\u00f3n patrimonial y ped\u00eda una devoluci\u00f3n de unas tasas por ocupaci\u00f3n de dominio p\u00fablico\u00bb, si bien \u00abel Ayuntamiento ha ganado con una cantidad de m\u00e1s de 439.000 euros\u00bb, ha resaltado Aumente.<\/p>\n<p>Adem\u00e1s, se ha aceptado la donaci\u00f3n gratuita de una escultura de Aurelio Teno Teno para el Museo Taurino, que est\u00e1 valorada en 30.000 euros, y se ha dado el visto bueno a una transferencia de capital a la empresa municipal de aguas (Emacsa) para obras del colector de Vistalegre-Vered\u00f3n, por 21.700 euros, entre otros puntos.<\/p>\n","protected":false},"excerpt":{"rendered":"<p>Los tenientes de alcalde del Ayuntamiento de C\u00f3rdoba Emilio Aumente y Alba Doblas han informado este viernes de los puntos aprobados en la Junta de Gobierno Local, entre los que se encuentra sacar de nuevo a licitaci\u00f3n el expediente para la contrataci\u00f3n del espect\u00e1culo nocturno del Alc\u00e1zar de los Reyes Cristianos, por el mismo valor<\/p>\n","protected":false},"author":1,"featured_media":79933,"comment_status":"open","ping_status":"closed","sticky":false,"template":"","format":"standard","meta":{"footnotes":""},"categories":[224],"tags":[],"class_list":{"0":"post-79932","1":"post","2":"type-post","3":"status-publish","4":"format-standard","5":"has-post-thumbnail","7":"category-noticias-actualidad"},"aioseo_notices":[],"aioseo_head":"\n\t\t<!-- All in One SEO Pro 4.9.6.1 - aioseo.com -->\n\t<meta name=\"description\" content=\"Los tenientes de alcalde del Ayuntamiento de C\u00f3rdoba Emilio Aumente y Alba Doblas han informado este viernes de los puntos aprobados en la Junta de Gobierno Local, entre los que se encuentra sacar de nuevo a licitaci\u00f3n el expediente para la contrataci\u00f3n del espect\u00e1culo nocturno del Alc\u00e1zar de los Reyes Cristianos, por el mismo valor\" \/>\n\t<meta name=\"robots\" content=\"max-image-preview:large\" \/>\n\t<meta name=\"author\" content=\"admin\"\/>\n\t<meta name=\"google-site-verification\" content=\"UA-38556648-1\" \/>\n\t<meta name=\"keywords\" content=\"noticias y actualidad\" \/>\n\t<link rel=\"canonical\" href=\"https:\/\/eldigitaldeasturias.com\/magazine365\/el-ayuntamiento-de-cordoba-saca-a-licitacion-de-nuevo-el-pliego-para-el-espectaculo-nocturno-del-alcazar\/\" \/>\n\t<meta name=\"generator\" content=\"All in One SEO Pro (AIOSEO) 4.9.6.1\" \/>\n\t\t<meta property=\"og:locale\" content=\"es_ES\" \/>\n\t\t<meta property=\"og:site_name\" content=\"El Digital de Asturias \u2013 Revista de ocio, turismo y estilo de vida\" \/>\n\t\t<meta property=\"og:type\" content=\"article\" \/>\n\t\t<meta property=\"og:title\" content=\"El Ayuntamiento de C\u00f3rdoba saca a licitaci\u00f3n de nuevo el pliego para el espect\u00e1culo nocturno del Alc\u00e1zar | El Digital de Asturias\" \/>\n\t\t<meta property=\"og:description\" content=\"Los tenientes de alcalde del Ayuntamiento de C\u00f3rdoba Emilio Aumente y Alba Doblas han informado este viernes de los puntos aprobados en la Junta de Gobierno Local, entre los que se encuentra sacar de nuevo a licitaci\u00f3n el expediente para la contrataci\u00f3n del espect\u00e1culo nocturno del Alc\u00e1zar de los Reyes Cristianos, por el mismo valor\" \/>\n\t\t<meta property=\"og:url\" content=\"https:\/\/eldigitaldeasturias.com\/magazine365\/el-ayuntamiento-de-cordoba-saca-a-licitacion-de-nuevo-el-pliego-para-el-espectaculo-nocturno-del-alcazar\/\" \/>\n\t\t<meta property=\"og:image\" content=\"https:\/\/eldigitaldeasturias.com\/magazine365\/wp-content\/uploads\/2016\/06\/fotonoticia_20160617150900_800.jpg\" \/>\n\t\t<meta property=\"og:image:secure_url\" content=\"https:\/\/eldigitaldeasturias.com\/magazine365\/wp-content\/uploads\/2016\/06\/fotonoticia_20160617150900_800.jpg\" \/>\n\t\t<meta property=\"og:image:width\" content=\"800\" \/>\n\t\t<meta property=\"og:image:height\" content=\"600\" \/>\n\t\t<meta property=\"article:published_time\" content=\"2016-06-17T15:15:23+00:00\" \/>\n\t\t<meta property=\"article:modified_time\" content=\"2016-06-17T15:15:23+00:00\" \/>\n\t\t<meta name=\"twitter:card\" content=\"summary_large_image\" \/>\n\t\t<meta name=\"twitter:title\" content=\"El Ayuntamiento de C\u00f3rdoba saca a licitaci\u00f3n de nuevo el pliego para el espect\u00e1culo nocturno del Alc\u00e1zar | El Digital de Asturias\" \/>\n\t\t<meta name=\"twitter:description\" content=\"Los tenientes de alcalde del Ayuntamiento de C\u00f3rdoba Emilio Aumente y Alba Doblas han informado este viernes de los puntos aprobados en la Junta de Gobierno Local, entre los que se encuentra sacar de nuevo a licitaci\u00f3n el expediente para la contrataci\u00f3n del espect\u00e1culo nocturno del Alc\u00e1zar de los Reyes Cristianos, por el mismo valor\" \/>\n\t\t<meta name=\"twitter:image\" content=\"https:\/\/eldigitaldeasturias.com\/magazine365\/wp-content\/uploads\/2016\/06\/fotonoticia_20160617150900_800.jpg\" \/>\n\t\t<script type=\"application\/ld+json\" class=\"aioseo-schema\">\n\t\t\t{\"@context\":\"https:\\\/\\\/schema.org\",\"@graph\":[{\"@type\":\"Article\",\"@id\":\"https:\\\/\\\/eldigitaldeasturias.com\\\/magazine365\\\/el-ayuntamiento-de-cordoba-saca-a-licitacion-de-nuevo-el-pliego-para-el-espectaculo-nocturno-del-alcazar\\\/#article\",\"name\":\"El Ayuntamiento de C\\u00f3rdoba saca a licitaci\\u00f3n de nuevo el pliego para el espect\\u00e1culo nocturno del Alc\\u00e1zar | El Digital de Asturias\",\"headline\":\"El Ayuntamiento de C\\u00f3rdoba saca a licitaci\\u00f3n de nuevo el pliego para el espect\\u00e1culo nocturno del Alc\\u00e1zar\",\"author\":{\"@id\":\"https:\\\/\\\/eldigitaldeasturias.com\\\/magazine365\\\/author\\\/admin\\\/#author\"},\"publisher\":{\"@id\":\"https:\\\/\\\/eldigitaldeasturias.com\\\/magazine365\\\/#organization\"},\"image\":{\"@type\":\"ImageObject\",\"url\":\"https:\\\/\\\/eldigitaldeasturias.com\\\/magazine365\\\/wp-content\\\/uploads\\\/2016\\\/06\\\/fotonoticia_20160617150900_800.jpg\",\"width\":800,\"height\":600},\"datePublished\":\"2016-06-17T17:15:23+02:00\",\"dateModified\":\"2016-06-17T17:15:23+02:00\",\"inLanguage\":\"es-ES\",\"mainEntityOfPage\":{\"@id\":\"https:\\\/\\\/eldigitaldeasturias.com\\\/magazine365\\\/el-ayuntamiento-de-cordoba-saca-a-licitacion-de-nuevo-el-pliego-para-el-espectaculo-nocturno-del-alcazar\\\/#webpage\"},\"isPartOf\":{\"@id\":\"https:\\\/\\\/eldigitaldeasturias.com\\\/magazine365\\\/el-ayuntamiento-de-cordoba-saca-a-licitacion-de-nuevo-el-pliego-para-el-espectaculo-nocturno-del-alcazar\\\/#webpage\"},\"articleSection\":\"Noticias y Actualidad\"},{\"@type\":\"BreadcrumbList\",\"@id\":\"https:\\\/\\\/eldigitaldeasturias.com\\\/magazine365\\\/el-ayuntamiento-de-cordoba-saca-a-licitacion-de-nuevo-el-pliego-para-el-espectaculo-nocturno-del-alcazar\\\/#breadcrumblist\",\"itemListElement\":[{\"@type\":\"ListItem\",\"@id\":\"https:\\\/\\\/eldigitaldeasturias.com\\\/magazine365#listItem\",\"position\":1,\"name\":\"Home\",\"item\":\"https:\\\/\\\/eldigitaldeasturias.com\\\/magazine365\",\"nextItem\":{\"@type\":\"ListItem\",\"@id\":\"https:\\\/\\\/eldigitaldeasturias.com\\\/magazine365\\\/category\\\/noticias-actualidad\\\/#listItem\",\"name\":\"Noticias y Actualidad\"}},{\"@type\":\"ListItem\",\"@id\":\"https:\\\/\\\/eldigitaldeasturias.com\\\/magazine365\\\/category\\\/noticias-actualidad\\\/#listItem\",\"position\":2,\"name\":\"Noticias y Actualidad\",\"item\":\"https:\\\/\\\/eldigitaldeasturias.com\\\/magazine365\\\/category\\\/noticias-actualidad\\\/\",\"nextItem\":{\"@type\":\"ListItem\",\"@id\":\"https:\\\/\\\/eldigitaldeasturias.com\\\/magazine365\\\/el-ayuntamiento-de-cordoba-saca-a-licitacion-de-nuevo-el-pliego-para-el-espectaculo-nocturno-del-alcazar\\\/#listItem\",\"name\":\"El Ayuntamiento de C\\u00f3rdoba saca a licitaci\\u00f3n de nuevo el pliego para el espect\\u00e1culo nocturno del Alc\\u00e1zar\"},\"previousItem\":{\"@type\":\"ListItem\",\"@id\":\"https:\\\/\\\/eldigitaldeasturias.com\\\/magazine365#listItem\",\"name\":\"Home\"}},{\"@type\":\"ListItem\",\"@id\":\"https:\\\/\\\/eldigitaldeasturias.com\\\/magazine365\\\/el-ayuntamiento-de-cordoba-saca-a-licitacion-de-nuevo-el-pliego-para-el-espectaculo-nocturno-del-alcazar\\\/#listItem\",\"position\":3,\"name\":\"El Ayuntamiento de C\\u00f3rdoba saca a licitaci\\u00f3n de nuevo el pliego para el espect\\u00e1culo nocturno del Alc\\u00e1zar\",\"previousItem\":{\"@type\":\"ListItem\",\"@id\":\"https:\\\/\\\/eldigitaldeasturias.com\\\/magazine365\\\/category\\\/noticias-actualidad\\\/#listItem\",\"name\":\"Noticias y Actualidad\"}}]},{\"@type\":\"Organization\",\"@id\":\"https:\\\/\\\/eldigitaldeasturias.com\\\/magazine365\\\/#organization\",\"name\":\"El digital de Asturias\",\"description\":\"Revista de ocio, turismo y estilo de vida\",\"url\":\"https:\\\/\\\/eldigitaldeasturias.com\\\/magazine365\\\/\",\"logo\":{\"@type\":\"ImageObject\",\"url\":\"https:\\\/\\\/www.eldigitaldeasturias.com\\\/noticias\\\/wp-content\\\/uploads\\\/2020\\\/12\\\/EDA.jpg\",\"@id\":\"https:\\\/\\\/eldigitaldeasturias.com\\\/magazine365\\\/el-ayuntamiento-de-cordoba-saca-a-licitacion-de-nuevo-el-pliego-para-el-espectaculo-nocturno-del-alcazar\\\/#organizationLogo\"},\"image\":{\"@id\":\"https:\\\/\\\/eldigitaldeasturias.com\\\/magazine365\\\/el-ayuntamiento-de-cordoba-saca-a-licitacion-de-nuevo-el-pliego-para-el-espectaculo-nocturno-del-alcazar\\\/#organizationLogo\"}},{\"@type\":\"Person\",\"@id\":\"https:\\\/\\\/eldigitaldeasturias.com\\\/magazine365\\\/author\\\/admin\\\/#author\",\"url\":\"https:\\\/\\\/eldigitaldeasturias.com\\\/magazine365\\\/author\\\/admin\\\/\",\"name\":\"admin\",\"image\":{\"@type\":\"ImageObject\",\"@id\":\"https:\\\/\\\/eldigitaldeasturias.com\\\/magazine365\\\/el-ayuntamiento-de-cordoba-saca-a-licitacion-de-nuevo-el-pliego-para-el-espectaculo-nocturno-del-alcazar\\\/#authorImage\",\"url\":\"https:\\\/\\\/eldigitaldeasturias.com\\\/magazine365\\\/wp-content\\\/litespeed\\\/avatar\\\/e571bcf59a0edd6fa6838245a470f2fe.jpg?ver=1776969259\",\"width\":96,\"height\":96,\"caption\":\"admin\"}},{\"@type\":\"WebPage\",\"@id\":\"https:\\\/\\\/eldigitaldeasturias.com\\\/magazine365\\\/el-ayuntamiento-de-cordoba-saca-a-licitacion-de-nuevo-el-pliego-para-el-espectaculo-nocturno-del-alcazar\\\/#webpage\",\"url\":\"https:\\\/\\\/eldigitaldeasturias.com\\\/magazine365\\\/el-ayuntamiento-de-cordoba-saca-a-licitacion-de-nuevo-el-pliego-para-el-espectaculo-nocturno-del-alcazar\\\/\",\"name\":\"El Ayuntamiento de C\\u00f3rdoba saca a licitaci\\u00f3n de nuevo el pliego para el espect\\u00e1culo nocturno del Alc\\u00e1zar | El Digital de Asturias\",\"description\":\"Los tenientes de alcalde del Ayuntamiento de C\\u00f3rdoba Emilio Aumente y Alba Doblas han informado este viernes de los puntos aprobados en la Junta de Gobierno Local, entre los que se encuentra sacar de nuevo a licitaci\\u00f3n el expediente para la contrataci\\u00f3n del espect\\u00e1culo nocturno del Alc\\u00e1zar de los Reyes Cristianos, por el mismo valor\",\"inLanguage\":\"es-ES\",\"isPartOf\":{\"@id\":\"https:\\\/\\\/eldigitaldeasturias.com\\\/magazine365\\\/#website\"},\"breadcrumb\":{\"@id\":\"https:\\\/\\\/eldigitaldeasturias.com\\\/magazine365\\\/el-ayuntamiento-de-cordoba-saca-a-licitacion-de-nuevo-el-pliego-para-el-espectaculo-nocturno-del-alcazar\\\/#breadcrumblist\"},\"author\":{\"@id\":\"https:\\\/\\\/eldigitaldeasturias.com\\\/magazine365\\\/author\\\/admin\\\/#author\"},\"creator\":{\"@id\":\"https:\\\/\\\/eldigitaldeasturias.com\\\/magazine365\\\/author\\\/admin\\\/#author\"},\"image\":{\"@type\":\"ImageObject\",\"url\":\"https:\\\/\\\/eldigitaldeasturias.com\\\/magazine365\\\/wp-content\\\/uploads\\\/2016\\\/06\\\/fotonoticia_20160617150900_800.jpg\",\"@id\":\"https:\\\/\\\/eldigitaldeasturias.com\\\/magazine365\\\/el-ayuntamiento-de-cordoba-saca-a-licitacion-de-nuevo-el-pliego-para-el-espectaculo-nocturno-del-alcazar\\\/#mainImage\",\"width\":800,\"height\":600},\"primaryImageOfPage\":{\"@id\":\"https:\\\/\\\/eldigitaldeasturias.com\\\/magazine365\\\/el-ayuntamiento-de-cordoba-saca-a-licitacion-de-nuevo-el-pliego-para-el-espectaculo-nocturno-del-alcazar\\\/#mainImage\"},\"datePublished\":\"2016-06-17T17:15:23+02:00\",\"dateModified\":\"2016-06-17T17:15:23+02:00\"},{\"@type\":\"WebSite\",\"@id\":\"https:\\\/\\\/eldigitaldeasturias.com\\\/magazine365\\\/#website\",\"url\":\"https:\\\/\\\/eldigitaldeasturias.com\\\/magazine365\\\/\",\"name\":\"El Digital de Asturias\",\"description\":\"Revista de ocio, turismo y estilo de vida\",\"inLanguage\":\"es-ES\",\"publisher\":{\"@id\":\"https:\\\/\\\/eldigitaldeasturias.com\\\/magazine365\\\/#organization\"}}]}\n\t\t<\/script>\n\t\t<!-- All in One SEO Pro -->\r\n\t\t<title>El Ayuntamiento de C\u00f3rdoba saca a licitaci\u00f3n de nuevo el pliego para el espect\u00e1culo nocturno del Alc\u00e1zar | El Digital de Asturias<\/title>\n\n","aioseo_head_json":{"title":"El Ayuntamiento de C\u00f3rdoba saca a licitaci\u00f3n de nuevo el pliego para el espect\u00e1culo nocturno del Alc\u00e1zar | El Digital de Asturias","description":"Los tenientes de alcalde del Ayuntamiento de C\u00f3rdoba Emilio Aumente y Alba Doblas han informado este viernes de los puntos aprobados en la Junta de Gobierno Local, entre los que se encuentra sacar de nuevo a licitaci\u00f3n el expediente para la contrataci\u00f3n del espect\u00e1culo nocturno del Alc\u00e1zar de los Reyes Cristianos, por el mismo valor","canonical_url":"https:\/\/eldigitaldeasturias.com\/magazine365\/el-ayuntamiento-de-cordoba-saca-a-licitacion-de-nuevo-el-pliego-para-el-espectaculo-nocturno-del-alcazar\/","robots":"max-image-preview:large","keywords":"noticias y actualidad","webmasterTools":{"google-site-verification":"UA-38556648-1","miscellaneous":""},"schema":{"@context":"https:\/\/schema.org","@graph":[{"@type":"Article","@id":"https:\/\/eldigitaldeasturias.com\/magazine365\/el-ayuntamiento-de-cordoba-saca-a-licitacion-de-nuevo-el-pliego-para-el-espectaculo-nocturno-del-alcazar\/#article","name":"El Ayuntamiento de C\u00f3rdoba saca a licitaci\u00f3n de nuevo el pliego para el espect\u00e1culo nocturno del Alc\u00e1zar | El Digital de Asturias","headline":"El Ayuntamiento de C\u00f3rdoba saca a licitaci\u00f3n de nuevo el pliego para el espect\u00e1culo nocturno del Alc\u00e1zar","author":{"@id":"https:\/\/eldigitaldeasturias.com\/magazine365\/author\/admin\/#author"},"publisher":{"@id":"https:\/\/eldigitaldeasturias.com\/magazine365\/#organization"},"image":{"@type":"ImageObject","url":"https:\/\/eldigitaldeasturias.com\/magazine365\/wp-content\/uploads\/2016\/06\/fotonoticia_20160617150900_800.jpg","width":800,"height":600},"datePublished":"2016-06-17T17:15:23+02:00","dateModified":"2016-06-17T17:15:23+02:00","inLanguage":"es-ES","mainEntityOfPage":{"@id":"https:\/\/eldigitaldeasturias.com\/magazine365\/el-ayuntamiento-de-cordoba-saca-a-licitacion-de-nuevo-el-pliego-para-el-espectaculo-nocturno-del-alcazar\/#webpage"},"isPartOf":{"@id":"https:\/\/eldigitaldeasturias.com\/magazine365\/el-ayuntamiento-de-cordoba-saca-a-licitacion-de-nuevo-el-pliego-para-el-espectaculo-nocturno-del-alcazar\/#webpage"},"articleSection":"Noticias y Actualidad"},{"@type":"BreadcrumbList","@id":"https:\/\/eldigitaldeasturias.com\/magazine365\/el-ayuntamiento-de-cordoba-saca-a-licitacion-de-nuevo-el-pliego-para-el-espectaculo-nocturno-del-alcazar\/#breadcrumblist","itemListElement":[{"@type":"ListItem","@id":"https:\/\/eldigitaldeasturias.com\/magazine365#listItem","position":1,"name":"Home","item":"https:\/\/eldigitaldeasturias.com\/magazine365","nextItem":{"@type":"ListItem","@id":"https:\/\/eldigitaldeasturias.com\/magazine365\/category\/noticias-actualidad\/#listItem","name":"Noticias y Actualidad"}},{"@type":"ListItem","@id":"https:\/\/eldigitaldeasturias.com\/magazine365\/category\/noticias-actualidad\/#listItem","position":2,"name":"Noticias y Actualidad","item":"https:\/\/eldigitaldeasturias.com\/magazine365\/category\/noticias-actualidad\/","nextItem":{"@type":"ListItem","@id":"https:\/\/eldigitaldeasturias.com\/magazine365\/el-ayuntamiento-de-cordoba-saca-a-licitacion-de-nuevo-el-pliego-para-el-espectaculo-nocturno-del-alcazar\/#listItem","name":"El Ayuntamiento de C\u00f3rdoba saca a licitaci\u00f3n de nuevo el pliego para el espect\u00e1culo nocturno del Alc\u00e1zar"},"previousItem":{"@type":"ListItem","@id":"https:\/\/eldigitaldeasturias.com\/magazine365#listItem","name":"Home"}},{"@type":"ListItem","@id":"https:\/\/eldigitaldeasturias.com\/magazine365\/el-ayuntamiento-de-cordoba-saca-a-licitacion-de-nuevo-el-pliego-para-el-espectaculo-nocturno-del-alcazar\/#listItem","position":3,"name":"El Ayuntamiento de C\u00f3rdoba saca a licitaci\u00f3n de nuevo el pliego para el espect\u00e1culo nocturno del Alc\u00e1zar","previousItem":{"@type":"ListItem","@id":"https:\/\/eldigitaldeasturias.com\/magazine365\/category\/noticias-actualidad\/#listItem","name":"Noticias y Actualidad"}}]},{"@type":"Organization","@id":"https:\/\/eldigitaldeasturias.com\/magazine365\/#organization","name":"El digital de Asturias","description":"Revista de ocio, turismo y estilo de vida","url":"https:\/\/eldigitaldeasturias.com\/magazine365\/","logo":{"@type":"ImageObject","url":"https:\/\/www.eldigitaldeasturias.com\/noticias\/wp-content\/uploads\/2020\/12\/EDA.jpg","@id":"https:\/\/eldigitaldeasturias.com\/magazine365\/el-ayuntamiento-de-cordoba-saca-a-licitacion-de-nuevo-el-pliego-para-el-espectaculo-nocturno-del-alcazar\/#organizationLogo"},"image":{"@id":"https:\/\/eldigitaldeasturias.com\/magazine365\/el-ayuntamiento-de-cordoba-saca-a-licitacion-de-nuevo-el-pliego-para-el-espectaculo-nocturno-del-alcazar\/#organizationLogo"}},{"@type":"Person","@id":"https:\/\/eldigitaldeasturias.com\/magazine365\/author\/admin\/#author","url":"https:\/\/eldigitaldeasturias.com\/magazine365\/author\/admin\/","name":"admin","image":{"@type":"ImageObject","@id":"https:\/\/eldigitaldeasturias.com\/magazine365\/el-ayuntamiento-de-cordoba-saca-a-licitacion-de-nuevo-el-pliego-para-el-espectaculo-nocturno-del-alcazar\/#authorImage","url":"https:\/\/eldigitaldeasturias.com\/magazine365\/wp-content\/litespeed\/avatar\/e571bcf59a0edd6fa6838245a470f2fe.jpg?ver=1776969259","width":96,"height":96,"caption":"admin"}},{"@type":"WebPage","@id":"https:\/\/eldigitaldeasturias.com\/magazine365\/el-ayuntamiento-de-cordoba-saca-a-licitacion-de-nuevo-el-pliego-para-el-espectaculo-nocturno-del-alcazar\/#webpage","url":"https:\/\/eldigitaldeasturias.com\/magazine365\/el-ayuntamiento-de-cordoba-saca-a-licitacion-de-nuevo-el-pliego-para-el-espectaculo-nocturno-del-alcazar\/","name":"El Ayuntamiento de C\u00f3rdoba saca a licitaci\u00f3n de nuevo el pliego para el espect\u00e1culo nocturno del Alc\u00e1zar | El Digital de Asturias","description":"Los tenientes de alcalde del Ayuntamiento de C\u00f3rdoba Emilio Aumente y Alba Doblas han informado este viernes de los puntos aprobados en la Junta de Gobierno Local, entre los que se encuentra sacar de nuevo a licitaci\u00f3n el expediente para la contrataci\u00f3n del espect\u00e1culo nocturno del Alc\u00e1zar de los Reyes Cristianos, por el mismo valor","inLanguage":"es-ES","isPartOf":{"@id":"https:\/\/eldigitaldeasturias.com\/magazine365\/#website"},"breadcrumb":{"@id":"https:\/\/eldigitaldeasturias.com\/magazine365\/el-ayuntamiento-de-cordoba-saca-a-licitacion-de-nuevo-el-pliego-para-el-espectaculo-nocturno-del-alcazar\/#breadcrumblist"},"author":{"@id":"https:\/\/eldigitaldeasturias.com\/magazine365\/author\/admin\/#author"},"creator":{"@id":"https:\/\/eldigitaldeasturias.com\/magazine365\/author\/admin\/#author"},"image":{"@type":"ImageObject","url":"https:\/\/eldigitaldeasturias.com\/magazine365\/wp-content\/uploads\/2016\/06\/fotonoticia_20160617150900_800.jpg","@id":"https:\/\/eldigitaldeasturias.com\/magazine365\/el-ayuntamiento-de-cordoba-saca-a-licitacion-de-nuevo-el-pliego-para-el-espectaculo-nocturno-del-alcazar\/#mainImage","width":800,"height":600},"primaryImageOfPage":{"@id":"https:\/\/eldigitaldeasturias.com\/magazine365\/el-ayuntamiento-de-cordoba-saca-a-licitacion-de-nuevo-el-pliego-para-el-espectaculo-nocturno-del-alcazar\/#mainImage"},"datePublished":"2016-06-17T17:15:23+02:00","dateModified":"2016-06-17T17:15:23+02:00"},{"@type":"WebSite","@id":"https:\/\/eldigitaldeasturias.com\/magazine365\/#website","url":"https:\/\/eldigitaldeasturias.com\/magazine365\/","name":"El Digital de Asturias","description":"Revista de ocio, turismo y estilo de vida","inLanguage":"es-ES","publisher":{"@id":"https:\/\/eldigitaldeasturias.com\/magazine365\/#organization"}}]},"og:locale":"es_ES","og:site_name":"El Digital de Asturias \u2013 Revista de ocio, turismo y estilo de vida","og:type":"article","og:title":"El Ayuntamiento de C\u00f3rdoba saca a licitaci\u00f3n de nuevo el pliego para el espect\u00e1culo nocturno del Alc\u00e1zar | El Digital de Asturias","og:description":"Los tenientes de alcalde del Ayuntamiento de C\u00f3rdoba Emilio Aumente y Alba Doblas han informado este viernes de los puntos aprobados en la Junta de Gobierno Local, entre los que se encuentra sacar de nuevo a licitaci\u00f3n el expediente para la contrataci\u00f3n del espect\u00e1culo nocturno del Alc\u00e1zar de los Reyes Cristianos, por el mismo valor","og:url":"https:\/\/eldigitaldeasturias.com\/magazine365\/el-ayuntamiento-de-cordoba-saca-a-licitacion-de-nuevo-el-pliego-para-el-espectaculo-nocturno-del-alcazar\/","og:image":"https:\/\/eldigitaldeasturias.com\/magazine365\/wp-content\/uploads\/2016\/06\/fotonoticia_20160617150900_800.jpg","og:image:secure_url":"https:\/\/eldigitaldeasturias.com\/magazine365\/wp-content\/uploads\/2016\/06\/fotonoticia_20160617150900_800.jpg","og:image:width":800,"og:image:height":600,"article:published_time":"2016-06-17T15:15:23+00:00","article:modified_time":"2016-06-17T15:15:23+00:00","twitter:card":"summary_large_image","twitter:title":"El Ayuntamiento de C\u00f3rdoba saca a licitaci\u00f3n de nuevo el pliego para el espect\u00e1culo nocturno del Alc\u00e1zar | El Digital de Asturias","twitter:description":"Los tenientes de alcalde del Ayuntamiento de C\u00f3rdoba Emilio Aumente y Alba Doblas han informado este viernes de los puntos aprobados en la Junta de Gobierno Local, entre los que se encuentra sacar de nuevo a licitaci\u00f3n el expediente para la contrataci\u00f3n del espect\u00e1culo nocturno del Alc\u00e1zar de los Reyes Cristianos, por el mismo valor","twitter:image":"https:\/\/eldigitaldeasturias.com\/magazine365\/wp-content\/uploads\/2016\/06\/fotonoticia_20160617150900_800.jpg"},"aioseo_meta_data":{"post_id":"79932","title":null,"description":null,"keywords":null,"keyphrases":null,"primary_term":null,"canonical_url":null,"og_title":null,"og_description":null,"og_object_type":"default","og_image_type":"default","og_image_url":null,"og_image_width":null,"og_image_height":null,"og_image_custom_url":null,"og_image_custom_fields":null,"og_video":null,"og_custom_url":null,"og_article_section":null,"og_article_tags":null,"twitter_use_og":false,"twitter_card":"default","twitter_image_type":"default","twitter_image_url":null,"twitter_image_custom_url":null,"twitter_image_custom_fields":null,"twitter_title":null,"twitter_description":null,"schema":{"blockGraphs":[],"customGraphs":[],"default":{"data":{"Article":[],"Course":[],"Dataset":[],"FAQPage":[],"Movie":[],"Person":[],"Product":[],"ProductReview":[],"Car":[],"Recipe":[],"Service":[],"SoftwareApplication":[],"WebPage":[]},"graphName":"","isEnabled":true},"graphs":[],"defaultGraph":"","defaultPostTypeGraph":""},"schema_type":null,"schema_type_options":null,"pillar_content":false,"robots_default":true,"robots_noindex":false,"robots_noarchive":false,"robots_nosnippet":false,"robots_nofollow":false,"robots_noimageindex":false,"robots_noodp":false,"robots_notranslate":false,"robots_max_snippet":null,"robots_max_videopreview":null,"robots_max_imagepreview":"large","priority":null,"frequency":null,"location":null,"local_seo":null,"seo_analyzer_scan_date":"2025-09-27 19:52:33","breadcrumb_settings":null,"limit_modified_date":false,"open_ai":null,"ai":null,"created":"2021-03-08 17:41:34","updated":"2025-09-27 19:52:33"},"aioseo_breadcrumb":"<div class=\"aioseo-breadcrumbs\"><span class=\"aioseo-breadcrumb\">\n\t<a href=\"https:\/\/eldigitaldeasturias.com\/magazine365\" title=\"Home\">Home<\/a>\n<\/span><span class=\"aioseo-breadcrumb-separator\">\u2013<\/span><span class=\"aioseo-breadcrumb\">\n\t<a href=\"https:\/\/eldigitaldeasturias.com\/magazine365\/category\/noticias-actualidad\/\" title=\"Noticias y Actualidad\">Noticias y Actualidad<\/a>\n<\/span><span class=\"aioseo-breadcrumb-separator\">\u2013<\/span><span class=\"aioseo-breadcrumb\">\n\t<a href=\"https:\/\/eldigitaldeasturias.com\/magazine365\/el-ayuntamiento-de-cordoba-saca-a-licitacion-de-nuevo-el-pliego-para-el-espectaculo-nocturno-del-alcazar\/\" title=\"El Ayuntamiento de C\u00f3rdoba saca a licitaci\u00f3n de nuevo el pliego para el espect\u00e1culo nocturno del Alc\u00e1zar\">El Ayuntamiento de C\u00f3rdoba saca a licitaci\u00f3n de nuevo el pliego para el espect\u00e1culo nocturno del Alc\u00e1zar<\/a>\n<\/span><\/div>","aioseo_breadcrumb_json":[{"label":"Home","link":"https:\/\/eldigitaldeasturias.com\/magazine365"},{"label":"Noticias y Actualidad","link":"https:\/\/eldigitaldeasturias.com\/magazine365\/category\/noticias-actualidad\/"},{"label":"El Ayuntamiento de C\u00f3rdoba saca a licitaci\u00f3n de nuevo el pliego para el espect\u00e1culo nocturno del Alc\u00e1zar","link":"https:\/\/eldigitaldeasturias.com\/magazine365\/el-ayuntamiento-de-cordoba-saca-a-licitacion-de-nuevo-el-pliego-para-el-espectaculo-nocturno-del-alcazar\/"}],"_links":{"self":[{"href":"https:\/\/eldigitaldeasturias.com\/magazine365\/wp-json\/wp\/v2\/posts\/79932","targetHints":{"allow":["GET"]}}],"collection":[{"href":"https:\/\/eldigitaldeasturias.com\/magazine365\/wp-json\/wp\/v2\/posts"}],"about":[{"href":"https:\/\/eldigitaldeasturias.com\/magazine365\/wp-json\/wp\/v2\/types\/post"}],"author":[{"embeddable":true,"href":"https:\/\/eldigitaldeasturias.com\/magazine365\/wp-json\/wp\/v2\/users\/1"}],"replies":[{"embeddable":true,"href":"https:\/\/eldigitaldeasturias.com\/magazine365\/wp-json\/wp\/v2\/comments?post=79932"}],"version-history":[{"count":0,"href":"https:\/\/eldigitaldeasturias.com\/magazine365\/wp-json\/wp\/v2\/posts\/79932\/revisions"}],"wp:featuredmedia":[{"embeddable":true,"href":"https:\/\/eldigitaldeasturias.com\/magazine365\/wp-json\/wp\/v2\/media\/79933"}],"wp:attachment":[{"href":"https:\/\/eldigitaldeasturias.com\/magazine365\/wp-json\/wp\/v2\/media?parent=79932"}],"wp:term":[{"taxonomy":"category","embeddable":true,"href":"https:\/\/eldigitaldeasturias.com\/magazine365\/wp-json\/wp\/v2\/categories?post=79932"},{"taxonomy":"post_tag","embeddable":true,"href":"https:\/\/eldigitaldeasturias.com\/magazine365\/wp-json\/wp\/v2\/tags?post=79932"}],"curies":[{"name":"wp","href":"https:\/\/api.w.org\/{rel}","templated":true}]}}