{"id":79923,"date":"2016-06-17T17:12:30","date_gmt":"2016-06-17T15:12:30","guid":{"rendered":"http:\/\/eldigitaldeasturias.com\/magazine365\/?p=79923"},"modified":"2016-06-17T17:12:30","modified_gmt":"2016-06-17T15:12:30","slug":"la-junta-andaluza-destaca-la-diversidad-de-la-oferta-de-ubeda-su-cultura-y-legado-historico","status":"publish","type":"post","link":"https:\/\/eldigitaldeasturias.com\/magazine365\/la-junta-andaluza-destaca-la-diversidad-de-la-oferta-de-ubeda-su-cultura-y-legado-historico\/","title":{"rendered":"La Junta andaluza destaca la diversidad de la oferta de \u00dabeda, su cultura y legado hist\u00f3rico"},"content":{"rendered":"<p><img fetchpriority=\"high\" decoding=\"async\" class=\"alignleft size-medium wp-image-79924\" src=\"https:\/\/eldigitaldeasturias.com\/magazine365\/wp-content\/uploads\/2016\/06\/fotonoticia_20160617150521_800-360x270.jpg\" alt=\"fotonoticia_20160617150521_800\" width=\"360\" height=\"270\" srcset=\"https:\/\/eldigitaldeasturias.com\/magazine365\/wp-content\/uploads\/2016\/06\/fotonoticia_20160617150521_800-360x270.jpg 360w, https:\/\/eldigitaldeasturias.com\/magazine365\/wp-content\/uploads\/2016\/06\/fotonoticia_20160617150521_800-650x488.jpg 650w, https:\/\/eldigitaldeasturias.com\/magazine365\/wp-content\/uploads\/2016\/06\/fotonoticia_20160617150521_800-768x576.jpg 768w, https:\/\/eldigitaldeasturias.com\/magazine365\/wp-content\/uploads\/2016\/06\/fotonoticia_20160617150521_800-150x113.jpg 150w, https:\/\/eldigitaldeasturias.com\/magazine365\/wp-content\/uploads\/2016\/06\/fotonoticia_20160617150521_800-450x338.jpg 450w, https:\/\/eldigitaldeasturias.com\/magazine365\/wp-content\/uploads\/2016\/06\/fotonoticia_20160617150521_800-90x67.jpg 90w, https:\/\/eldigitaldeasturias.com\/magazine365\/wp-content\/uploads\/2016\/06\/fotonoticia_20160617150521_800-164x124.jpg 164w, https:\/\/eldigitaldeasturias.com\/magazine365\/wp-content\/uploads\/2016\/06\/fotonoticia_20160617150521_800-100x75.jpg 100w, https:\/\/eldigitaldeasturias.com\/magazine365\/wp-content\/uploads\/2016\/06\/fotonoticia_20160617150521_800.jpg 800w\" sizes=\"(max-width: 360px) 100vw, 360px\" \/>La delegada del Gobierno andaluz en Ja\u00e9n, Ana Cobo, ha destacado la oferta tur\u00edstica de \u00dabeda y ha valorado la iniciativa privada como \u00abcomplemento perfecto\u00bb al trabajo desarrollado desde la Junta y otras administraciones para promoci\u00f3n del patrimonio hist\u00f3rico y art\u00edstico de esta ciudad y Baeza, declaradas Patrimonio Mundial por la Unesco.<\/p>\n<p>As\u00ed lo ha puesto de manifiesto durante su visita a la Sinagoga del Agua de \u00dabeda, donde la empresa encargada de su gesti\u00f3n, Artificis, ha organizado una serie de visitas guiadas para contemplar el solsticio de verano y los efectos que provoca en este enclave hasta el pr\u00f3ximo d\u00eda 26 de junio.<\/p>\n<p>\u00abSe trata de un espect\u00e1culo especial que s\u00f3lo se puede disfrutar durante estos d\u00edas y que viene a completar la oferta tur\u00edstica de esta ciudad que no es s\u00f3lo Renacimiento\u00bb, ha puesto de manifiesto la delegada.<\/p>\n<p>En este sentido, tambi\u00e9n ha destacado la importancia de la cultura jud\u00eda y musulmana en la ciudad ubetense que \u00abdesde el a\u00f1o 3.000 antes de Cristo ha sido cuna de muchas civilizaciones\u00bb, lo que \u00abpermite que hoy d\u00eda se pueda disfrutar de todo el poso que han dejado desde el punto de vista art\u00edstico, cultural y de las tradiciones artesanas\u00bb.<\/p>\n<p>Cobo ha mostrado su satisfacci\u00f3n por iniciativas como la de la Sinagoga del Agua que, como nuevo producto tur\u00edstico, contribuye a incrementar la oferta tur\u00edstica de una ciudad que \u00abdesde hace muchos a\u00f1os viene impulsando m\u00faltiples iniciativas relacionadas con este segmento de turismo de interior, hasta contar con una de las ofertas m\u00e1s diversificadas tanto en calidad como en calidad\u00bb.<\/p>\n<p>La Sinagoga del Agua se abri\u00f3 al p\u00fablico en febrero de 2010. Su descubrimiento fue meramente casual. Con motivo del solsticio de verano, la empresa gestora ha organizado un importante programa de actividades que incluye unas jornadas presentaci\u00f3n de libros, cenas o sesiones de cuentacuentos, todo ello con tem\u00e1tica sefard\u00ed. A la observaci\u00f3n del solsticio pueden asistir grupos reducidos de unas 20 personas, un fen\u00f3meno que podr\u00e1 verse hasta el domingo 26 de junio.<\/p>\n","protected":false},"excerpt":{"rendered":"<p>La delegada del Gobierno andaluz en Ja\u00e9n, Ana Cobo, ha destacado la oferta tur\u00edstica de \u00dabeda y ha valorado la iniciativa privada como \u00abcomplemento perfecto\u00bb al trabajo desarrollado desde la Junta y otras administraciones para promoci\u00f3n del patrimonio hist\u00f3rico y art\u00edstico de esta ciudad y Baeza, declaradas Patrimonio Mundial por la Unesco. As\u00ed lo ha<\/p>\n","protected":false},"author":1,"featured_media":79924,"comment_status":"open","ping_status":"closed","sticky":false,"template":"","format":"standard","meta":{"footnotes":""},"categories":[224],"tags":[],"class_list":{"0":"post-79923","1":"post","2":"type-post","3":"status-publish","4":"format-standard","5":"has-post-thumbnail","7":"category-noticias-actualidad"},"aioseo_notices":[],"aioseo_head":"\n\t\t<!-- All in One SEO Pro 4.9.6.1 - aioseo.com -->\n\t<meta name=\"description\" content=\"La delegada del Gobierno andaluz en Ja\u00e9n, Ana Cobo, ha destacado la oferta tur\u00edstica de \u00dabeda y ha valorado la iniciativa privada como &quot;complemento perfecto&quot; al trabajo desarrollado desde la Junta y otras administraciones para promoci\u00f3n del patrimonio hist\u00f3rico y art\u00edstico de esta ciudad y Baeza, declaradas Patrimonio Mundial por la Unesco. As\u00ed lo ha\" \/>\n\t<meta name=\"robots\" content=\"max-image-preview:large\" \/>\n\t<meta name=\"author\" content=\"admin\"\/>\n\t<meta name=\"google-site-verification\" content=\"UA-38556648-1\" \/>\n\t<meta name=\"keywords\" content=\"noticias y actualidad\" \/>\n\t<link rel=\"canonical\" href=\"https:\/\/eldigitaldeasturias.com\/magazine365\/la-junta-andaluza-destaca-la-diversidad-de-la-oferta-de-ubeda-su-cultura-y-legado-historico\/\" \/>\n\t<meta name=\"generator\" content=\"All in One SEO Pro (AIOSEO) 4.9.6.1\" \/>\n\t\t<meta property=\"og:locale\" content=\"es_ES\" \/>\n\t\t<meta property=\"og:site_name\" content=\"El Digital de Asturias \u2013 Revista de ocio, turismo y estilo de vida\" \/>\n\t\t<meta property=\"og:type\" content=\"article\" \/>\n\t\t<meta property=\"og:title\" content=\"La Junta andaluza destaca la diversidad de la oferta de \u00dabeda, su cultura y legado hist\u00f3rico | El Digital de Asturias\" \/>\n\t\t<meta property=\"og:description\" content=\"La delegada del Gobierno andaluz en Ja\u00e9n, Ana Cobo, ha destacado la oferta tur\u00edstica de \u00dabeda y ha valorado la iniciativa privada como &quot;complemento perfecto&quot; al trabajo desarrollado desde la Junta y otras administraciones para promoci\u00f3n del patrimonio hist\u00f3rico y art\u00edstico de esta ciudad y Baeza, declaradas Patrimonio Mundial por la Unesco. As\u00ed lo ha\" \/>\n\t\t<meta property=\"og:url\" content=\"https:\/\/eldigitaldeasturias.com\/magazine365\/la-junta-andaluza-destaca-la-diversidad-de-la-oferta-de-ubeda-su-cultura-y-legado-historico\/\" \/>\n\t\t<meta property=\"og:image\" content=\"https:\/\/eldigitaldeasturias.com\/magazine365\/wp-content\/uploads\/2016\/06\/fotonoticia_20160617150521_800.jpg\" \/>\n\t\t<meta property=\"og:image:secure_url\" content=\"https:\/\/eldigitaldeasturias.com\/magazine365\/wp-content\/uploads\/2016\/06\/fotonoticia_20160617150521_800.jpg\" \/>\n\t\t<meta property=\"og:image:width\" content=\"800\" \/>\n\t\t<meta property=\"og:image:height\" content=\"600\" \/>\n\t\t<meta property=\"article:published_time\" content=\"2016-06-17T15:12:30+00:00\" \/>\n\t\t<meta property=\"article:modified_time\" content=\"2016-06-17T15:12:30+00:00\" \/>\n\t\t<meta name=\"twitter:card\" content=\"summary_large_image\" \/>\n\t\t<meta name=\"twitter:title\" content=\"La Junta andaluza destaca la diversidad de la oferta de \u00dabeda, su cultura y legado hist\u00f3rico | El Digital de Asturias\" \/>\n\t\t<meta name=\"twitter:description\" content=\"La delegada del Gobierno andaluz en Ja\u00e9n, Ana Cobo, ha destacado la oferta tur\u00edstica de \u00dabeda y ha valorado la iniciativa privada como &quot;complemento perfecto&quot; al trabajo desarrollado desde la Junta y otras administraciones para promoci\u00f3n del patrimonio hist\u00f3rico y art\u00edstico de esta ciudad y Baeza, declaradas Patrimonio Mundial por la Unesco. As\u00ed lo ha\" \/>\n\t\t<meta name=\"twitter:image\" content=\"https:\/\/eldigitaldeasturias.com\/magazine365\/wp-content\/uploads\/2016\/06\/fotonoticia_20160617150521_800.jpg\" \/>\n\t\t<script type=\"application\/ld+json\" class=\"aioseo-schema\">\n\t\t\t{\"@context\":\"https:\\\/\\\/schema.org\",\"@graph\":[{\"@type\":\"Article\",\"@id\":\"https:\\\/\\\/eldigitaldeasturias.com\\\/magazine365\\\/la-junta-andaluza-destaca-la-diversidad-de-la-oferta-de-ubeda-su-cultura-y-legado-historico\\\/#article\",\"name\":\"La Junta andaluza destaca la diversidad de la oferta de \\u00dabeda, su cultura y legado hist\\u00f3rico | El Digital de Asturias\",\"headline\":\"La Junta andaluza destaca la diversidad de la oferta de \\u00dabeda, su cultura y legado hist\\u00f3rico\",\"author\":{\"@id\":\"https:\\\/\\\/eldigitaldeasturias.com\\\/magazine365\\\/author\\\/admin\\\/#author\"},\"publisher\":{\"@id\":\"https:\\\/\\\/eldigitaldeasturias.com\\\/magazine365\\\/#organization\"},\"image\":{\"@type\":\"ImageObject\",\"url\":\"https:\\\/\\\/eldigitaldeasturias.com\\\/magazine365\\\/wp-content\\\/uploads\\\/2016\\\/06\\\/fotonoticia_20160617150521_800.jpg\",\"width\":800,\"height\":600},\"datePublished\":\"2016-06-17T17:12:30+02:00\",\"dateModified\":\"2016-06-17T17:12:30+02:00\",\"inLanguage\":\"es-ES\",\"mainEntityOfPage\":{\"@id\":\"https:\\\/\\\/eldigitaldeasturias.com\\\/magazine365\\\/la-junta-andaluza-destaca-la-diversidad-de-la-oferta-de-ubeda-su-cultura-y-legado-historico\\\/#webpage\"},\"isPartOf\":{\"@id\":\"https:\\\/\\\/eldigitaldeasturias.com\\\/magazine365\\\/la-junta-andaluza-destaca-la-diversidad-de-la-oferta-de-ubeda-su-cultura-y-legado-historico\\\/#webpage\"},\"articleSection\":\"Noticias y Actualidad\"},{\"@type\":\"BreadcrumbList\",\"@id\":\"https:\\\/\\\/eldigitaldeasturias.com\\\/magazine365\\\/la-junta-andaluza-destaca-la-diversidad-de-la-oferta-de-ubeda-su-cultura-y-legado-historico\\\/#breadcrumblist\",\"itemListElement\":[{\"@type\":\"ListItem\",\"@id\":\"https:\\\/\\\/eldigitaldeasturias.com\\\/magazine365#listItem\",\"position\":1,\"name\":\"Home\",\"item\":\"https:\\\/\\\/eldigitaldeasturias.com\\\/magazine365\",\"nextItem\":{\"@type\":\"ListItem\",\"@id\":\"https:\\\/\\\/eldigitaldeasturias.com\\\/magazine365\\\/category\\\/noticias-actualidad\\\/#listItem\",\"name\":\"Noticias y Actualidad\"}},{\"@type\":\"ListItem\",\"@id\":\"https:\\\/\\\/eldigitaldeasturias.com\\\/magazine365\\\/category\\\/noticias-actualidad\\\/#listItem\",\"position\":2,\"name\":\"Noticias y Actualidad\",\"item\":\"https:\\\/\\\/eldigitaldeasturias.com\\\/magazine365\\\/category\\\/noticias-actualidad\\\/\",\"nextItem\":{\"@type\":\"ListItem\",\"@id\":\"https:\\\/\\\/eldigitaldeasturias.com\\\/magazine365\\\/la-junta-andaluza-destaca-la-diversidad-de-la-oferta-de-ubeda-su-cultura-y-legado-historico\\\/#listItem\",\"name\":\"La Junta andaluza destaca la diversidad de la oferta de \\u00dabeda, su cultura y legado hist\\u00f3rico\"},\"previousItem\":{\"@type\":\"ListItem\",\"@id\":\"https:\\\/\\\/eldigitaldeasturias.com\\\/magazine365#listItem\",\"name\":\"Home\"}},{\"@type\":\"ListItem\",\"@id\":\"https:\\\/\\\/eldigitaldeasturias.com\\\/magazine365\\\/la-junta-andaluza-destaca-la-diversidad-de-la-oferta-de-ubeda-su-cultura-y-legado-historico\\\/#listItem\",\"position\":3,\"name\":\"La Junta andaluza destaca la diversidad de la oferta de \\u00dabeda, su cultura y legado hist\\u00f3rico\",\"previousItem\":{\"@type\":\"ListItem\",\"@id\":\"https:\\\/\\\/eldigitaldeasturias.com\\\/magazine365\\\/category\\\/noticias-actualidad\\\/#listItem\",\"name\":\"Noticias y Actualidad\"}}]},{\"@type\":\"Organization\",\"@id\":\"https:\\\/\\\/eldigitaldeasturias.com\\\/magazine365\\\/#organization\",\"name\":\"El digital de Asturias\",\"description\":\"Revista de ocio, turismo y estilo de vida\",\"url\":\"https:\\\/\\\/eldigitaldeasturias.com\\\/magazine365\\\/\",\"logo\":{\"@type\":\"ImageObject\",\"url\":\"https:\\\/\\\/www.eldigitaldeasturias.com\\\/noticias\\\/wp-content\\\/uploads\\\/2020\\\/12\\\/EDA.jpg\",\"@id\":\"https:\\\/\\\/eldigitaldeasturias.com\\\/magazine365\\\/la-junta-andaluza-destaca-la-diversidad-de-la-oferta-de-ubeda-su-cultura-y-legado-historico\\\/#organizationLogo\"},\"image\":{\"@id\":\"https:\\\/\\\/eldigitaldeasturias.com\\\/magazine365\\\/la-junta-andaluza-destaca-la-diversidad-de-la-oferta-de-ubeda-su-cultura-y-legado-historico\\\/#organizationLogo\"}},{\"@type\":\"Person\",\"@id\":\"https:\\\/\\\/eldigitaldeasturias.com\\\/magazine365\\\/author\\\/admin\\\/#author\",\"url\":\"https:\\\/\\\/eldigitaldeasturias.com\\\/magazine365\\\/author\\\/admin\\\/\",\"name\":\"admin\",\"image\":{\"@type\":\"ImageObject\",\"@id\":\"https:\\\/\\\/eldigitaldeasturias.com\\\/magazine365\\\/la-junta-andaluza-destaca-la-diversidad-de-la-oferta-de-ubeda-su-cultura-y-legado-historico\\\/#authorImage\",\"url\":\"https:\\\/\\\/eldigitaldeasturias.com\\\/magazine365\\\/wp-content\\\/litespeed\\\/avatar\\\/e571bcf59a0edd6fa6838245a470f2fe.jpg?ver=1776969259\",\"width\":96,\"height\":96,\"caption\":\"admin\"}},{\"@type\":\"WebPage\",\"@id\":\"https:\\\/\\\/eldigitaldeasturias.com\\\/magazine365\\\/la-junta-andaluza-destaca-la-diversidad-de-la-oferta-de-ubeda-su-cultura-y-legado-historico\\\/#webpage\",\"url\":\"https:\\\/\\\/eldigitaldeasturias.com\\\/magazine365\\\/la-junta-andaluza-destaca-la-diversidad-de-la-oferta-de-ubeda-su-cultura-y-legado-historico\\\/\",\"name\":\"La Junta andaluza destaca la diversidad de la oferta de \\u00dabeda, su cultura y legado hist\\u00f3rico | El Digital de Asturias\",\"description\":\"La delegada del Gobierno andaluz en Ja\\u00e9n, Ana Cobo, ha destacado la oferta tur\\u00edstica de \\u00dabeda y ha valorado la iniciativa privada como \\\"complemento perfecto\\\" al trabajo desarrollado desde la Junta y otras administraciones para promoci\\u00f3n del patrimonio hist\\u00f3rico y art\\u00edstico de esta ciudad y Baeza, declaradas Patrimonio Mundial por la Unesco. As\\u00ed lo ha\",\"inLanguage\":\"es-ES\",\"isPartOf\":{\"@id\":\"https:\\\/\\\/eldigitaldeasturias.com\\\/magazine365\\\/#website\"},\"breadcrumb\":{\"@id\":\"https:\\\/\\\/eldigitaldeasturias.com\\\/magazine365\\\/la-junta-andaluza-destaca-la-diversidad-de-la-oferta-de-ubeda-su-cultura-y-legado-historico\\\/#breadcrumblist\"},\"author\":{\"@id\":\"https:\\\/\\\/eldigitaldeasturias.com\\\/magazine365\\\/author\\\/admin\\\/#author\"},\"creator\":{\"@id\":\"https:\\\/\\\/eldigitaldeasturias.com\\\/magazine365\\\/author\\\/admin\\\/#author\"},\"image\":{\"@type\":\"ImageObject\",\"url\":\"https:\\\/\\\/eldigitaldeasturias.com\\\/magazine365\\\/wp-content\\\/uploads\\\/2016\\\/06\\\/fotonoticia_20160617150521_800.jpg\",\"@id\":\"https:\\\/\\\/eldigitaldeasturias.com\\\/magazine365\\\/la-junta-andaluza-destaca-la-diversidad-de-la-oferta-de-ubeda-su-cultura-y-legado-historico\\\/#mainImage\",\"width\":800,\"height\":600},\"primaryImageOfPage\":{\"@id\":\"https:\\\/\\\/eldigitaldeasturias.com\\\/magazine365\\\/la-junta-andaluza-destaca-la-diversidad-de-la-oferta-de-ubeda-su-cultura-y-legado-historico\\\/#mainImage\"},\"datePublished\":\"2016-06-17T17:12:30+02:00\",\"dateModified\":\"2016-06-17T17:12:30+02:00\"},{\"@type\":\"WebSite\",\"@id\":\"https:\\\/\\\/eldigitaldeasturias.com\\\/magazine365\\\/#website\",\"url\":\"https:\\\/\\\/eldigitaldeasturias.com\\\/magazine365\\\/\",\"name\":\"El Digital de Asturias\",\"description\":\"Revista de ocio, turismo y estilo de vida\",\"inLanguage\":\"es-ES\",\"publisher\":{\"@id\":\"https:\\\/\\\/eldigitaldeasturias.com\\\/magazine365\\\/#organization\"}}]}\n\t\t<\/script>\n\t\t<!-- All in One SEO Pro -->\r\n\t\t<title>La Junta andaluza destaca la diversidad de la oferta de \u00dabeda, su cultura y legado hist\u00f3rico | El Digital de Asturias<\/title>\n\n","aioseo_head_json":{"title":"La Junta andaluza destaca la diversidad de la oferta de \u00dabeda, su cultura y legado hist\u00f3rico | El Digital de Asturias","description":"La delegada del Gobierno andaluz en Ja\u00e9n, Ana Cobo, ha destacado la oferta tur\u00edstica de \u00dabeda y ha valorado la iniciativa privada como \"complemento perfecto\" al trabajo desarrollado desde la Junta y otras administraciones para promoci\u00f3n del patrimonio hist\u00f3rico y art\u00edstico de esta ciudad y Baeza, declaradas Patrimonio Mundial por la Unesco. As\u00ed lo ha","canonical_url":"https:\/\/eldigitaldeasturias.com\/magazine365\/la-junta-andaluza-destaca-la-diversidad-de-la-oferta-de-ubeda-su-cultura-y-legado-historico\/","robots":"max-image-preview:large","keywords":"noticias y actualidad","webmasterTools":{"google-site-verification":"UA-38556648-1","miscellaneous":""},"schema":{"@context":"https:\/\/schema.org","@graph":[{"@type":"Article","@id":"https:\/\/eldigitaldeasturias.com\/magazine365\/la-junta-andaluza-destaca-la-diversidad-de-la-oferta-de-ubeda-su-cultura-y-legado-historico\/#article","name":"La Junta andaluza destaca la diversidad de la oferta de \u00dabeda, su cultura y legado hist\u00f3rico | El Digital de Asturias","headline":"La Junta andaluza destaca la diversidad de la oferta de \u00dabeda, su cultura y legado hist\u00f3rico","author":{"@id":"https:\/\/eldigitaldeasturias.com\/magazine365\/author\/admin\/#author"},"publisher":{"@id":"https:\/\/eldigitaldeasturias.com\/magazine365\/#organization"},"image":{"@type":"ImageObject","url":"https:\/\/eldigitaldeasturias.com\/magazine365\/wp-content\/uploads\/2016\/06\/fotonoticia_20160617150521_800.jpg","width":800,"height":600},"datePublished":"2016-06-17T17:12:30+02:00","dateModified":"2016-06-17T17:12:30+02:00","inLanguage":"es-ES","mainEntityOfPage":{"@id":"https:\/\/eldigitaldeasturias.com\/magazine365\/la-junta-andaluza-destaca-la-diversidad-de-la-oferta-de-ubeda-su-cultura-y-legado-historico\/#webpage"},"isPartOf":{"@id":"https:\/\/eldigitaldeasturias.com\/magazine365\/la-junta-andaluza-destaca-la-diversidad-de-la-oferta-de-ubeda-su-cultura-y-legado-historico\/#webpage"},"articleSection":"Noticias y Actualidad"},{"@type":"BreadcrumbList","@id":"https:\/\/eldigitaldeasturias.com\/magazine365\/la-junta-andaluza-destaca-la-diversidad-de-la-oferta-de-ubeda-su-cultura-y-legado-historico\/#breadcrumblist","itemListElement":[{"@type":"ListItem","@id":"https:\/\/eldigitaldeasturias.com\/magazine365#listItem","position":1,"name":"Home","item":"https:\/\/eldigitaldeasturias.com\/magazine365","nextItem":{"@type":"ListItem","@id":"https:\/\/eldigitaldeasturias.com\/magazine365\/category\/noticias-actualidad\/#listItem","name":"Noticias y Actualidad"}},{"@type":"ListItem","@id":"https:\/\/eldigitaldeasturias.com\/magazine365\/category\/noticias-actualidad\/#listItem","position":2,"name":"Noticias y Actualidad","item":"https:\/\/eldigitaldeasturias.com\/magazine365\/category\/noticias-actualidad\/","nextItem":{"@type":"ListItem","@id":"https:\/\/eldigitaldeasturias.com\/magazine365\/la-junta-andaluza-destaca-la-diversidad-de-la-oferta-de-ubeda-su-cultura-y-legado-historico\/#listItem","name":"La Junta andaluza destaca la diversidad de la oferta de \u00dabeda, su cultura y legado hist\u00f3rico"},"previousItem":{"@type":"ListItem","@id":"https:\/\/eldigitaldeasturias.com\/magazine365#listItem","name":"Home"}},{"@type":"ListItem","@id":"https:\/\/eldigitaldeasturias.com\/magazine365\/la-junta-andaluza-destaca-la-diversidad-de-la-oferta-de-ubeda-su-cultura-y-legado-historico\/#listItem","position":3,"name":"La Junta andaluza destaca la diversidad de la oferta de \u00dabeda, su cultura y legado hist\u00f3rico","previousItem":{"@type":"ListItem","@id":"https:\/\/eldigitaldeasturias.com\/magazine365\/category\/noticias-actualidad\/#listItem","name":"Noticias y Actualidad"}}]},{"@type":"Organization","@id":"https:\/\/eldigitaldeasturias.com\/magazine365\/#organization","name":"El digital de Asturias","description":"Revista de ocio, turismo y estilo de vida","url":"https:\/\/eldigitaldeasturias.com\/magazine365\/","logo":{"@type":"ImageObject","url":"https:\/\/www.eldigitaldeasturias.com\/noticias\/wp-content\/uploads\/2020\/12\/EDA.jpg","@id":"https:\/\/eldigitaldeasturias.com\/magazine365\/la-junta-andaluza-destaca-la-diversidad-de-la-oferta-de-ubeda-su-cultura-y-legado-historico\/#organizationLogo"},"image":{"@id":"https:\/\/eldigitaldeasturias.com\/magazine365\/la-junta-andaluza-destaca-la-diversidad-de-la-oferta-de-ubeda-su-cultura-y-legado-historico\/#organizationLogo"}},{"@type":"Person","@id":"https:\/\/eldigitaldeasturias.com\/magazine365\/author\/admin\/#author","url":"https:\/\/eldigitaldeasturias.com\/magazine365\/author\/admin\/","name":"admin","image":{"@type":"ImageObject","@id":"https:\/\/eldigitaldeasturias.com\/magazine365\/la-junta-andaluza-destaca-la-diversidad-de-la-oferta-de-ubeda-su-cultura-y-legado-historico\/#authorImage","url":"https:\/\/eldigitaldeasturias.com\/magazine365\/wp-content\/litespeed\/avatar\/e571bcf59a0edd6fa6838245a470f2fe.jpg?ver=1776969259","width":96,"height":96,"caption":"admin"}},{"@type":"WebPage","@id":"https:\/\/eldigitaldeasturias.com\/magazine365\/la-junta-andaluza-destaca-la-diversidad-de-la-oferta-de-ubeda-su-cultura-y-legado-historico\/#webpage","url":"https:\/\/eldigitaldeasturias.com\/magazine365\/la-junta-andaluza-destaca-la-diversidad-de-la-oferta-de-ubeda-su-cultura-y-legado-historico\/","name":"La Junta andaluza destaca la diversidad de la oferta de \u00dabeda, su cultura y legado hist\u00f3rico | El Digital de Asturias","description":"La delegada del Gobierno andaluz en Ja\u00e9n, Ana Cobo, ha destacado la oferta tur\u00edstica de \u00dabeda y ha valorado la iniciativa privada como \"complemento perfecto\" al trabajo desarrollado desde la Junta y otras administraciones para promoci\u00f3n del patrimonio hist\u00f3rico y art\u00edstico de esta ciudad y Baeza, declaradas Patrimonio Mundial por la Unesco. As\u00ed lo ha","inLanguage":"es-ES","isPartOf":{"@id":"https:\/\/eldigitaldeasturias.com\/magazine365\/#website"},"breadcrumb":{"@id":"https:\/\/eldigitaldeasturias.com\/magazine365\/la-junta-andaluza-destaca-la-diversidad-de-la-oferta-de-ubeda-su-cultura-y-legado-historico\/#breadcrumblist"},"author":{"@id":"https:\/\/eldigitaldeasturias.com\/magazine365\/author\/admin\/#author"},"creator":{"@id":"https:\/\/eldigitaldeasturias.com\/magazine365\/author\/admin\/#author"},"image":{"@type":"ImageObject","url":"https:\/\/eldigitaldeasturias.com\/magazine365\/wp-content\/uploads\/2016\/06\/fotonoticia_20160617150521_800.jpg","@id":"https:\/\/eldigitaldeasturias.com\/magazine365\/la-junta-andaluza-destaca-la-diversidad-de-la-oferta-de-ubeda-su-cultura-y-legado-historico\/#mainImage","width":800,"height":600},"primaryImageOfPage":{"@id":"https:\/\/eldigitaldeasturias.com\/magazine365\/la-junta-andaluza-destaca-la-diversidad-de-la-oferta-de-ubeda-su-cultura-y-legado-historico\/#mainImage"},"datePublished":"2016-06-17T17:12:30+02:00","dateModified":"2016-06-17T17:12:30+02:00"},{"@type":"WebSite","@id":"https:\/\/eldigitaldeasturias.com\/magazine365\/#website","url":"https:\/\/eldigitaldeasturias.com\/magazine365\/","name":"El Digital de Asturias","description":"Revista de ocio, turismo y estilo de vida","inLanguage":"es-ES","publisher":{"@id":"https:\/\/eldigitaldeasturias.com\/magazine365\/#organization"}}]},"og:locale":"es_ES","og:site_name":"El Digital de Asturias \u2013 Revista de ocio, turismo y estilo de vida","og:type":"article","og:title":"La Junta andaluza destaca la diversidad de la oferta de \u00dabeda, su cultura y legado hist\u00f3rico | El Digital de Asturias","og:description":"La delegada del Gobierno andaluz en Ja\u00e9n, Ana Cobo, ha destacado la oferta tur\u00edstica de \u00dabeda y ha valorado la iniciativa privada como &quot;complemento perfecto&quot; al trabajo desarrollado desde la Junta y otras administraciones para promoci\u00f3n del patrimonio hist\u00f3rico y art\u00edstico de esta ciudad y Baeza, declaradas Patrimonio Mundial por la Unesco. As\u00ed lo ha","og:url":"https:\/\/eldigitaldeasturias.com\/magazine365\/la-junta-andaluza-destaca-la-diversidad-de-la-oferta-de-ubeda-su-cultura-y-legado-historico\/","og:image":"https:\/\/eldigitaldeasturias.com\/magazine365\/wp-content\/uploads\/2016\/06\/fotonoticia_20160617150521_800.jpg","og:image:secure_url":"https:\/\/eldigitaldeasturias.com\/magazine365\/wp-content\/uploads\/2016\/06\/fotonoticia_20160617150521_800.jpg","og:image:width":800,"og:image:height":600,"article:published_time":"2016-06-17T15:12:30+00:00","article:modified_time":"2016-06-17T15:12:30+00:00","twitter:card":"summary_large_image","twitter:title":"La Junta andaluza destaca la diversidad de la oferta de \u00dabeda, su cultura y legado hist\u00f3rico | El Digital de Asturias","twitter:description":"La delegada del Gobierno andaluz en Ja\u00e9n, Ana Cobo, ha destacado la oferta tur\u00edstica de \u00dabeda y ha valorado la iniciativa privada como &quot;complemento perfecto&quot; al trabajo desarrollado desde la Junta y otras administraciones para promoci\u00f3n del patrimonio hist\u00f3rico y art\u00edstico de esta ciudad y Baeza, declaradas Patrimonio Mundial por la Unesco. As\u00ed lo ha","twitter:image":"https:\/\/eldigitaldeasturias.com\/magazine365\/wp-content\/uploads\/2016\/06\/fotonoticia_20160617150521_800.jpg"},"aioseo_meta_data":{"post_id":"79923","title":null,"description":null,"keywords":null,"keyphrases":null,"primary_term":null,"canonical_url":null,"og_title":null,"og_description":null,"og_object_type":"default","og_image_type":"default","og_image_url":null,"og_image_width":null,"og_image_height":null,"og_image_custom_url":null,"og_image_custom_fields":null,"og_video":null,"og_custom_url":null,"og_article_section":null,"og_article_tags":null,"twitter_use_og":false,"twitter_card":"default","twitter_image_type":"default","twitter_image_url":null,"twitter_image_custom_url":null,"twitter_image_custom_fields":null,"twitter_title":null,"twitter_description":null,"schema":{"blockGraphs":[],"customGraphs":[],"default":{"data":{"Article":[],"Course":[],"Dataset":[],"FAQPage":[],"Movie":[],"Person":[],"Product":[],"ProductReview":[],"Car":[],"Recipe":[],"Service":[],"SoftwareApplication":[],"WebPage":[]},"graphName":"","isEnabled":true},"graphs":[],"defaultGraph":"","defaultPostTypeGraph":""},"schema_type":null,"schema_type_options":null,"pillar_content":false,"robots_default":true,"robots_noindex":false,"robots_noarchive":false,"robots_nosnippet":false,"robots_nofollow":false,"robots_noimageindex":false,"robots_noodp":false,"robots_notranslate":false,"robots_max_snippet":null,"robots_max_videopreview":null,"robots_max_imagepreview":"large","priority":null,"frequency":null,"location":null,"local_seo":null,"seo_analyzer_scan_date":"2025-09-27 19:50:41","breadcrumb_settings":null,"limit_modified_date":false,"open_ai":null,"ai":null,"created":"2021-03-08 17:41:34","updated":"2025-09-27 19:50:41"},"aioseo_breadcrumb":"<div class=\"aioseo-breadcrumbs\"><span class=\"aioseo-breadcrumb\">\n\t<a href=\"https:\/\/eldigitaldeasturias.com\/magazine365\" title=\"Home\">Home<\/a>\n<\/span><span class=\"aioseo-breadcrumb-separator\">\u2013<\/span><span class=\"aioseo-breadcrumb\">\n\t<a href=\"https:\/\/eldigitaldeasturias.com\/magazine365\/category\/noticias-actualidad\/\" title=\"Noticias y Actualidad\">Noticias y Actualidad<\/a>\n<\/span><span class=\"aioseo-breadcrumb-separator\">\u2013<\/span><span class=\"aioseo-breadcrumb\">\n\t<a href=\"https:\/\/eldigitaldeasturias.com\/magazine365\/la-junta-andaluza-destaca-la-diversidad-de-la-oferta-de-ubeda-su-cultura-y-legado-historico\/\" title=\"La Junta andaluza destaca la diversidad de la oferta de \u00dabeda, su cultura y legado hist\u00f3rico\">La Junta andaluza destaca la diversidad de la oferta de \u00dabeda, su cultura y legado hist\u00f3rico<\/a>\n<\/span><\/div>","aioseo_breadcrumb_json":[{"label":"Home","link":"https:\/\/eldigitaldeasturias.com\/magazine365"},{"label":"Noticias y Actualidad","link":"https:\/\/eldigitaldeasturias.com\/magazine365\/category\/noticias-actualidad\/"},{"label":"La Junta andaluza destaca la diversidad de la oferta de \u00dabeda, su cultura y legado hist\u00f3rico","link":"https:\/\/eldigitaldeasturias.com\/magazine365\/la-junta-andaluza-destaca-la-diversidad-de-la-oferta-de-ubeda-su-cultura-y-legado-historico\/"}],"_links":{"self":[{"href":"https:\/\/eldigitaldeasturias.com\/magazine365\/wp-json\/wp\/v2\/posts\/79923","targetHints":{"allow":["GET"]}}],"collection":[{"href":"https:\/\/eldigitaldeasturias.com\/magazine365\/wp-json\/wp\/v2\/posts"}],"about":[{"href":"https:\/\/eldigitaldeasturias.com\/magazine365\/wp-json\/wp\/v2\/types\/post"}],"author":[{"embeddable":true,"href":"https:\/\/eldigitaldeasturias.com\/magazine365\/wp-json\/wp\/v2\/users\/1"}],"replies":[{"embeddable":true,"href":"https:\/\/eldigitaldeasturias.com\/magazine365\/wp-json\/wp\/v2\/comments?post=79923"}],"version-history":[{"count":0,"href":"https:\/\/eldigitaldeasturias.com\/magazine365\/wp-json\/wp\/v2\/posts\/79923\/revisions"}],"wp:featuredmedia":[{"embeddable":true,"href":"https:\/\/eldigitaldeasturias.com\/magazine365\/wp-json\/wp\/v2\/media\/79924"}],"wp:attachment":[{"href":"https:\/\/eldigitaldeasturias.com\/magazine365\/wp-json\/wp\/v2\/media?parent=79923"}],"wp:term":[{"taxonomy":"category","embeddable":true,"href":"https:\/\/eldigitaldeasturias.com\/magazine365\/wp-json\/wp\/v2\/categories?post=79923"},{"taxonomy":"post_tag","embeddable":true,"href":"https:\/\/eldigitaldeasturias.com\/magazine365\/wp-json\/wp\/v2\/tags?post=79923"}],"curies":[{"name":"wp","href":"https:\/\/api.w.org\/{rel}","templated":true}]}}