{"id":79912,"date":"2016-06-17T17:08:25","date_gmt":"2016-06-17T15:08:25","guid":{"rendered":"http:\/\/eldigitaldeasturias.com\/magazine365\/?p=79912"},"modified":"2016-06-17T17:08:25","modified_gmt":"2016-06-17T15:08:25","slug":"el-modelo-a400m-para-espana-ya-esta-terminado-y-realizara-su-primer-vuelo-en-julio","status":"publish","type":"post","link":"https:\/\/eldigitaldeasturias.com\/magazine365\/el-modelo-a400m-para-espana-ya-esta-terminado-y-realizara-su-primer-vuelo-en-julio\/","title":{"rendered":"El modelo A400M para Espa\u00f1a ya est\u00e1 terminado y realizar\u00e1 su primer vuelo en julio"},"content":{"rendered":"<p><img fetchpriority=\"high\" decoding=\"async\" class=\"alignleft size-medium wp-image-79913\" src=\"https:\/\/eldigitaldeasturias.com\/magazine365\/wp-content\/uploads\/2016\/06\/fotonoticia_20160617142130_800-360x212.jpg\" alt=\"fotonoticia_20160617142130_800\" width=\"360\" height=\"212\" srcset=\"https:\/\/eldigitaldeasturias.com\/magazine365\/wp-content\/uploads\/2016\/06\/fotonoticia_20160617142130_800-360x212.jpg 360w, https:\/\/eldigitaldeasturias.com\/magazine365\/wp-content\/uploads\/2016\/06\/fotonoticia_20160617142130_800-650x382.jpg 650w, https:\/\/eldigitaldeasturias.com\/magazine365\/wp-content\/uploads\/2016\/06\/fotonoticia_20160617142130_800-768x451.jpg 768w, https:\/\/eldigitaldeasturias.com\/magazine365\/wp-content\/uploads\/2016\/06\/fotonoticia_20160617142130_800-150x88.jpg 150w, https:\/\/eldigitaldeasturias.com\/magazine365\/wp-content\/uploads\/2016\/06\/fotonoticia_20160617142130_800-450x264.jpg 450w, https:\/\/eldigitaldeasturias.com\/magazine365\/wp-content\/uploads\/2016\/06\/fotonoticia_20160617142130_800-172x100.jpg 172w, https:\/\/eldigitaldeasturias.com\/magazine365\/wp-content\/uploads\/2016\/06\/fotonoticia_20160617142130_800.jpg 800w\" sizes=\"(max-width: 360px) 100vw, 360px\" \/>El primer avi\u00f3n de transporte militar A400M que recibir\u00e1 el Ej\u00e9rcito del Aire espa\u00f1ol ya ha est\u00e1 terminado y preparado para realizar los primeros test en tierra y el primer vuelo de prueba a mediados de julio.<\/p>\n<p>Seg\u00fan ha informado este viernes el consorcio aeron\u00e1utico europeo, este primer ejemplar de los 27 A400M que Espa\u00f1a se comprometi\u00f3 a adquirir ha finalizado su proceso de pintura, por lo que ya viste los colores de la bandera espa\u00f1ola.<\/p>\n<p>El avi\u00f3n, con n\u00famero de producci\u00f3n MSN44, sali\u00f3 del hangar de pintura situado en la planta de San Pablo de Airbus Defence and Space en Sevilla y pr\u00f3ximamente realizar\u00e1 los primeros tests en tierra, prepar\u00e1ndose as\u00ed para su primer vuelo a mediados del mes de julio.<\/p>\n<p>Si todo sale como est\u00e1 previsto, la entrega de este A400M ha sido programada para el pr\u00f3ximo mes de septiembre. El resto de aviones se ir\u00e1n entregando en los pr\u00f3ximos a\u00f1os, si bien el Gobierno quiere destinar a la exportaci\u00f3n 13 de los 27 comprometidos debido a los problemas financieros por la crisis econ\u00f3mica.<\/p>\n<h2 class=\"ladillo\">FALLO EN LA CAJA DE ENGRANAJES<\/h2>\n<p>El programa del A400M se encuentra en un momento muy delicado despu\u00e9s de los problemas t\u00e9cnicos localizados en las unidades que ya est\u00e1n en servicio en otros pa\u00edses y que han sido los causantes de que las entregas de los aviones se hayan venido retrasando en el \u00faltimo a\u00f1o y medio.<\/p>\n<p>El problema que m\u00e1s quebraderos de cabeza est\u00e1 dando a la compa\u00f1\u00eda es un fallo en la caja de engranajes o reductora del motor detectado en un avi\u00f3n entregado a Reino Unido y que afecta a las h\u00e9lices que rotan hacia la derecha, es decir, las correspondientes a los motores 1 y 3, donde han aparecido grietas. Las otras no presentan incidencia alguna.<\/p>\n<p>Ante esta situaci\u00f3n, Airbus Defence and Space ha decidido cambiar esta pieza en todos los aviones ya entregados, aunque los pa\u00edses que ya tienen el A400M ya han comenzado a hacer las oportunas comprobaciones para ver si este problema se presenta en sus aparatos.<\/p>\n<p>El primer A400M para el Ej\u00e9rcito del Aire espa\u00f1ol comenz\u00f3 su proceso de ensamblaje hace meses, por lo que s\u00ed llevar\u00e1 esta caja de engranaje que ha fallado en el avi\u00f3n de Reino Unido, de modo que los mec\u00e1nicos del avi\u00f3n deber\u00e1n estar muy pendientes de la evoluci\u00f3n y comprobar si aparecen grietas o no. En cualquier caso, la compa\u00f1\u00eda cambiar\u00e1 la reductora del motor como va a hacer en el resto de aparatos.<\/p>\n","protected":false},"excerpt":{"rendered":"<p>El primer avi\u00f3n de transporte militar A400M que recibir\u00e1 el Ej\u00e9rcito del Aire espa\u00f1ol ya ha est\u00e1 terminado y preparado para realizar los primeros test en tierra y el primer vuelo de prueba a mediados de julio. Seg\u00fan ha informado este viernes el consorcio aeron\u00e1utico europeo, este primer ejemplar de los 27 A400M que Espa\u00f1a<\/p>\n","protected":false},"author":1,"featured_media":79913,"comment_status":"open","ping_status":"closed","sticky":false,"template":"","format":"standard","meta":{"footnotes":""},"categories":[224],"tags":[],"class_list":{"0":"post-79912","1":"post","2":"type-post","3":"status-publish","4":"format-standard","5":"has-post-thumbnail","7":"category-noticias-actualidad"},"aioseo_notices":[],"aioseo_head":"\n\t\t<!-- All in One SEO Pro 4.9.6.1 - aioseo.com -->\n\t<meta name=\"description\" content=\"El primer avi\u00f3n de transporte militar A400M que recibir\u00e1 el Ej\u00e9rcito del Aire espa\u00f1ol ya ha est\u00e1 terminado y preparado para realizar los primeros test en tierra y el primer vuelo de prueba a mediados de julio. Seg\u00fan ha informado este viernes el consorcio aeron\u00e1utico europeo, este primer ejemplar de los 27 A400M que Espa\u00f1a\" \/>\n\t<meta name=\"robots\" content=\"max-image-preview:large\" \/>\n\t<meta name=\"author\" content=\"admin\"\/>\n\t<meta name=\"google-site-verification\" content=\"UA-38556648-1\" \/>\n\t<meta name=\"keywords\" content=\"noticias y actualidad\" \/>\n\t<link rel=\"canonical\" href=\"https:\/\/eldigitaldeasturias.com\/magazine365\/el-modelo-a400m-para-espana-ya-esta-terminado-y-realizara-su-primer-vuelo-en-julio\/\" \/>\n\t<meta name=\"generator\" content=\"All in One SEO Pro (AIOSEO) 4.9.6.1\" \/>\n\t\t<meta property=\"og:locale\" content=\"es_ES\" \/>\n\t\t<meta property=\"og:site_name\" content=\"El Digital de Asturias \u2013 Revista de ocio, turismo y estilo de vida\" \/>\n\t\t<meta property=\"og:type\" content=\"article\" \/>\n\t\t<meta property=\"og:title\" content=\"El modelo A400M para Espa\u00f1a ya est\u00e1 terminado y realizar\u00e1 su primer vuelo en julio | El Digital de Asturias\" \/>\n\t\t<meta property=\"og:description\" content=\"El primer avi\u00f3n de transporte militar A400M que recibir\u00e1 el Ej\u00e9rcito del Aire espa\u00f1ol ya ha est\u00e1 terminado y preparado para realizar los primeros test en tierra y el primer vuelo de prueba a mediados de julio. Seg\u00fan ha informado este viernes el consorcio aeron\u00e1utico europeo, este primer ejemplar de los 27 A400M que Espa\u00f1a\" \/>\n\t\t<meta property=\"og:url\" content=\"https:\/\/eldigitaldeasturias.com\/magazine365\/el-modelo-a400m-para-espana-ya-esta-terminado-y-realizara-su-primer-vuelo-en-julio\/\" \/>\n\t\t<meta property=\"og:image\" content=\"https:\/\/eldigitaldeasturias.com\/magazine365\/wp-content\/uploads\/2016\/06\/fotonoticia_20160617142130_800.jpg\" \/>\n\t\t<meta property=\"og:image:secure_url\" content=\"https:\/\/eldigitaldeasturias.com\/magazine365\/wp-content\/uploads\/2016\/06\/fotonoticia_20160617142130_800.jpg\" \/>\n\t\t<meta property=\"og:image:width\" content=\"800\" \/>\n\t\t<meta property=\"og:image:height\" content=\"470\" \/>\n\t\t<meta property=\"article:published_time\" content=\"2016-06-17T15:08:25+00:00\" \/>\n\t\t<meta property=\"article:modified_time\" content=\"2016-06-17T15:08:25+00:00\" \/>\n\t\t<meta name=\"twitter:card\" content=\"summary_large_image\" \/>\n\t\t<meta name=\"twitter:title\" content=\"El modelo A400M para Espa\u00f1a ya est\u00e1 terminado y realizar\u00e1 su primer vuelo en julio | El Digital de Asturias\" \/>\n\t\t<meta name=\"twitter:description\" content=\"El primer avi\u00f3n de transporte militar A400M que recibir\u00e1 el Ej\u00e9rcito del Aire espa\u00f1ol ya ha est\u00e1 terminado y preparado para realizar los primeros test en tierra y el primer vuelo de prueba a mediados de julio. Seg\u00fan ha informado este viernes el consorcio aeron\u00e1utico europeo, este primer ejemplar de los 27 A400M que Espa\u00f1a\" \/>\n\t\t<meta name=\"twitter:image\" content=\"https:\/\/eldigitaldeasturias.com\/magazine365\/wp-content\/uploads\/2016\/06\/fotonoticia_20160617142130_800.jpg\" \/>\n\t\t<script type=\"application\/ld+json\" class=\"aioseo-schema\">\n\t\t\t{\"@context\":\"https:\\\/\\\/schema.org\",\"@graph\":[{\"@type\":\"Article\",\"@id\":\"https:\\\/\\\/eldigitaldeasturias.com\\\/magazine365\\\/el-modelo-a400m-para-espana-ya-esta-terminado-y-realizara-su-primer-vuelo-en-julio\\\/#article\",\"name\":\"El modelo A400M para Espa\\u00f1a ya est\\u00e1 terminado y realizar\\u00e1 su primer vuelo en julio | El Digital de Asturias\",\"headline\":\"El modelo A400M para Espa\\u00f1a ya est\\u00e1 terminado y realizar\\u00e1 su primer vuelo en julio\",\"author\":{\"@id\":\"https:\\\/\\\/eldigitaldeasturias.com\\\/magazine365\\\/author\\\/admin\\\/#author\"},\"publisher\":{\"@id\":\"https:\\\/\\\/eldigitaldeasturias.com\\\/magazine365\\\/#organization\"},\"image\":{\"@type\":\"ImageObject\",\"url\":\"https:\\\/\\\/eldigitaldeasturias.com\\\/magazine365\\\/wp-content\\\/uploads\\\/2016\\\/06\\\/fotonoticia_20160617142130_800.jpg\",\"width\":800,\"height\":470},\"datePublished\":\"2016-06-17T17:08:25+02:00\",\"dateModified\":\"2016-06-17T17:08:25+02:00\",\"inLanguage\":\"es-ES\",\"mainEntityOfPage\":{\"@id\":\"https:\\\/\\\/eldigitaldeasturias.com\\\/magazine365\\\/el-modelo-a400m-para-espana-ya-esta-terminado-y-realizara-su-primer-vuelo-en-julio\\\/#webpage\"},\"isPartOf\":{\"@id\":\"https:\\\/\\\/eldigitaldeasturias.com\\\/magazine365\\\/el-modelo-a400m-para-espana-ya-esta-terminado-y-realizara-su-primer-vuelo-en-julio\\\/#webpage\"},\"articleSection\":\"Noticias y Actualidad\"},{\"@type\":\"BreadcrumbList\",\"@id\":\"https:\\\/\\\/eldigitaldeasturias.com\\\/magazine365\\\/el-modelo-a400m-para-espana-ya-esta-terminado-y-realizara-su-primer-vuelo-en-julio\\\/#breadcrumblist\",\"itemListElement\":[{\"@type\":\"ListItem\",\"@id\":\"https:\\\/\\\/eldigitaldeasturias.com\\\/magazine365#listItem\",\"position\":1,\"name\":\"Home\",\"item\":\"https:\\\/\\\/eldigitaldeasturias.com\\\/magazine365\",\"nextItem\":{\"@type\":\"ListItem\",\"@id\":\"https:\\\/\\\/eldigitaldeasturias.com\\\/magazine365\\\/category\\\/noticias-actualidad\\\/#listItem\",\"name\":\"Noticias y Actualidad\"}},{\"@type\":\"ListItem\",\"@id\":\"https:\\\/\\\/eldigitaldeasturias.com\\\/magazine365\\\/category\\\/noticias-actualidad\\\/#listItem\",\"position\":2,\"name\":\"Noticias y Actualidad\",\"item\":\"https:\\\/\\\/eldigitaldeasturias.com\\\/magazine365\\\/category\\\/noticias-actualidad\\\/\",\"nextItem\":{\"@type\":\"ListItem\",\"@id\":\"https:\\\/\\\/eldigitaldeasturias.com\\\/magazine365\\\/el-modelo-a400m-para-espana-ya-esta-terminado-y-realizara-su-primer-vuelo-en-julio\\\/#listItem\",\"name\":\"El modelo A400M para Espa\\u00f1a ya est\\u00e1 terminado y realizar\\u00e1 su primer vuelo en julio\"},\"previousItem\":{\"@type\":\"ListItem\",\"@id\":\"https:\\\/\\\/eldigitaldeasturias.com\\\/magazine365#listItem\",\"name\":\"Home\"}},{\"@type\":\"ListItem\",\"@id\":\"https:\\\/\\\/eldigitaldeasturias.com\\\/magazine365\\\/el-modelo-a400m-para-espana-ya-esta-terminado-y-realizara-su-primer-vuelo-en-julio\\\/#listItem\",\"position\":3,\"name\":\"El modelo A400M para Espa\\u00f1a ya est\\u00e1 terminado y realizar\\u00e1 su primer vuelo en julio\",\"previousItem\":{\"@type\":\"ListItem\",\"@id\":\"https:\\\/\\\/eldigitaldeasturias.com\\\/magazine365\\\/category\\\/noticias-actualidad\\\/#listItem\",\"name\":\"Noticias y Actualidad\"}}]},{\"@type\":\"Organization\",\"@id\":\"https:\\\/\\\/eldigitaldeasturias.com\\\/magazine365\\\/#organization\",\"name\":\"El digital de Asturias\",\"description\":\"Revista de ocio, turismo y estilo de vida\",\"url\":\"https:\\\/\\\/eldigitaldeasturias.com\\\/magazine365\\\/\",\"logo\":{\"@type\":\"ImageObject\",\"url\":\"https:\\\/\\\/www.eldigitaldeasturias.com\\\/noticias\\\/wp-content\\\/uploads\\\/2020\\\/12\\\/EDA.jpg\",\"@id\":\"https:\\\/\\\/eldigitaldeasturias.com\\\/magazine365\\\/el-modelo-a400m-para-espana-ya-esta-terminado-y-realizara-su-primer-vuelo-en-julio\\\/#organizationLogo\"},\"image\":{\"@id\":\"https:\\\/\\\/eldigitaldeasturias.com\\\/magazine365\\\/el-modelo-a400m-para-espana-ya-esta-terminado-y-realizara-su-primer-vuelo-en-julio\\\/#organizationLogo\"}},{\"@type\":\"Person\",\"@id\":\"https:\\\/\\\/eldigitaldeasturias.com\\\/magazine365\\\/author\\\/admin\\\/#author\",\"url\":\"https:\\\/\\\/eldigitaldeasturias.com\\\/magazine365\\\/author\\\/admin\\\/\",\"name\":\"admin\",\"image\":{\"@type\":\"ImageObject\",\"@id\":\"https:\\\/\\\/eldigitaldeasturias.com\\\/magazine365\\\/el-modelo-a400m-para-espana-ya-esta-terminado-y-realizara-su-primer-vuelo-en-julio\\\/#authorImage\",\"url\":\"https:\\\/\\\/eldigitaldeasturias.com\\\/magazine365\\\/wp-content\\\/litespeed\\\/avatar\\\/e571bcf59a0edd6fa6838245a470f2fe.jpg?ver=1776969259\",\"width\":96,\"height\":96,\"caption\":\"admin\"}},{\"@type\":\"WebPage\",\"@id\":\"https:\\\/\\\/eldigitaldeasturias.com\\\/magazine365\\\/el-modelo-a400m-para-espana-ya-esta-terminado-y-realizara-su-primer-vuelo-en-julio\\\/#webpage\",\"url\":\"https:\\\/\\\/eldigitaldeasturias.com\\\/magazine365\\\/el-modelo-a400m-para-espana-ya-esta-terminado-y-realizara-su-primer-vuelo-en-julio\\\/\",\"name\":\"El modelo A400M para Espa\\u00f1a ya est\\u00e1 terminado y realizar\\u00e1 su primer vuelo en julio | El Digital de Asturias\",\"description\":\"El primer avi\\u00f3n de transporte militar A400M que recibir\\u00e1 el Ej\\u00e9rcito del Aire espa\\u00f1ol ya ha est\\u00e1 terminado y preparado para realizar los primeros test en tierra y el primer vuelo de prueba a mediados de julio. Seg\\u00fan ha informado este viernes el consorcio aeron\\u00e1utico europeo, este primer ejemplar de los 27 A400M que Espa\\u00f1a\",\"inLanguage\":\"es-ES\",\"isPartOf\":{\"@id\":\"https:\\\/\\\/eldigitaldeasturias.com\\\/magazine365\\\/#website\"},\"breadcrumb\":{\"@id\":\"https:\\\/\\\/eldigitaldeasturias.com\\\/magazine365\\\/el-modelo-a400m-para-espana-ya-esta-terminado-y-realizara-su-primer-vuelo-en-julio\\\/#breadcrumblist\"},\"author\":{\"@id\":\"https:\\\/\\\/eldigitaldeasturias.com\\\/magazine365\\\/author\\\/admin\\\/#author\"},\"creator\":{\"@id\":\"https:\\\/\\\/eldigitaldeasturias.com\\\/magazine365\\\/author\\\/admin\\\/#author\"},\"image\":{\"@type\":\"ImageObject\",\"url\":\"https:\\\/\\\/eldigitaldeasturias.com\\\/magazine365\\\/wp-content\\\/uploads\\\/2016\\\/06\\\/fotonoticia_20160617142130_800.jpg\",\"@id\":\"https:\\\/\\\/eldigitaldeasturias.com\\\/magazine365\\\/el-modelo-a400m-para-espana-ya-esta-terminado-y-realizara-su-primer-vuelo-en-julio\\\/#mainImage\",\"width\":800,\"height\":470},\"primaryImageOfPage\":{\"@id\":\"https:\\\/\\\/eldigitaldeasturias.com\\\/magazine365\\\/el-modelo-a400m-para-espana-ya-esta-terminado-y-realizara-su-primer-vuelo-en-julio\\\/#mainImage\"},\"datePublished\":\"2016-06-17T17:08:25+02:00\",\"dateModified\":\"2016-06-17T17:08:25+02:00\"},{\"@type\":\"WebSite\",\"@id\":\"https:\\\/\\\/eldigitaldeasturias.com\\\/magazine365\\\/#website\",\"url\":\"https:\\\/\\\/eldigitaldeasturias.com\\\/magazine365\\\/\",\"name\":\"El Digital de Asturias\",\"description\":\"Revista de ocio, turismo y estilo de vida\",\"inLanguage\":\"es-ES\",\"publisher\":{\"@id\":\"https:\\\/\\\/eldigitaldeasturias.com\\\/magazine365\\\/#organization\"}}]}\n\t\t<\/script>\n\t\t<!-- All in One SEO Pro -->\r\n\t\t<title>El modelo A400M para Espa\u00f1a ya est\u00e1 terminado y realizar\u00e1 su primer vuelo en julio | El Digital de Asturias<\/title>\n\n","aioseo_head_json":{"title":"El modelo A400M para Espa\u00f1a ya est\u00e1 terminado y realizar\u00e1 su primer vuelo en julio | El Digital de Asturias","description":"El primer avi\u00f3n de transporte militar A400M que recibir\u00e1 el Ej\u00e9rcito del Aire espa\u00f1ol ya ha est\u00e1 terminado y preparado para realizar los primeros test en tierra y el primer vuelo de prueba a mediados de julio. Seg\u00fan ha informado este viernes el consorcio aeron\u00e1utico europeo, este primer ejemplar de los 27 A400M que Espa\u00f1a","canonical_url":"https:\/\/eldigitaldeasturias.com\/magazine365\/el-modelo-a400m-para-espana-ya-esta-terminado-y-realizara-su-primer-vuelo-en-julio\/","robots":"max-image-preview:large","keywords":"noticias y actualidad","webmasterTools":{"google-site-verification":"UA-38556648-1","miscellaneous":""},"schema":{"@context":"https:\/\/schema.org","@graph":[{"@type":"Article","@id":"https:\/\/eldigitaldeasturias.com\/magazine365\/el-modelo-a400m-para-espana-ya-esta-terminado-y-realizara-su-primer-vuelo-en-julio\/#article","name":"El modelo A400M para Espa\u00f1a ya est\u00e1 terminado y realizar\u00e1 su primer vuelo en julio | El Digital de Asturias","headline":"El modelo A400M para Espa\u00f1a ya est\u00e1 terminado y realizar\u00e1 su primer vuelo en julio","author":{"@id":"https:\/\/eldigitaldeasturias.com\/magazine365\/author\/admin\/#author"},"publisher":{"@id":"https:\/\/eldigitaldeasturias.com\/magazine365\/#organization"},"image":{"@type":"ImageObject","url":"https:\/\/eldigitaldeasturias.com\/magazine365\/wp-content\/uploads\/2016\/06\/fotonoticia_20160617142130_800.jpg","width":800,"height":470},"datePublished":"2016-06-17T17:08:25+02:00","dateModified":"2016-06-17T17:08:25+02:00","inLanguage":"es-ES","mainEntityOfPage":{"@id":"https:\/\/eldigitaldeasturias.com\/magazine365\/el-modelo-a400m-para-espana-ya-esta-terminado-y-realizara-su-primer-vuelo-en-julio\/#webpage"},"isPartOf":{"@id":"https:\/\/eldigitaldeasturias.com\/magazine365\/el-modelo-a400m-para-espana-ya-esta-terminado-y-realizara-su-primer-vuelo-en-julio\/#webpage"},"articleSection":"Noticias y Actualidad"},{"@type":"BreadcrumbList","@id":"https:\/\/eldigitaldeasturias.com\/magazine365\/el-modelo-a400m-para-espana-ya-esta-terminado-y-realizara-su-primer-vuelo-en-julio\/#breadcrumblist","itemListElement":[{"@type":"ListItem","@id":"https:\/\/eldigitaldeasturias.com\/magazine365#listItem","position":1,"name":"Home","item":"https:\/\/eldigitaldeasturias.com\/magazine365","nextItem":{"@type":"ListItem","@id":"https:\/\/eldigitaldeasturias.com\/magazine365\/category\/noticias-actualidad\/#listItem","name":"Noticias y Actualidad"}},{"@type":"ListItem","@id":"https:\/\/eldigitaldeasturias.com\/magazine365\/category\/noticias-actualidad\/#listItem","position":2,"name":"Noticias y Actualidad","item":"https:\/\/eldigitaldeasturias.com\/magazine365\/category\/noticias-actualidad\/","nextItem":{"@type":"ListItem","@id":"https:\/\/eldigitaldeasturias.com\/magazine365\/el-modelo-a400m-para-espana-ya-esta-terminado-y-realizara-su-primer-vuelo-en-julio\/#listItem","name":"El modelo A400M para Espa\u00f1a ya est\u00e1 terminado y realizar\u00e1 su primer vuelo en julio"},"previousItem":{"@type":"ListItem","@id":"https:\/\/eldigitaldeasturias.com\/magazine365#listItem","name":"Home"}},{"@type":"ListItem","@id":"https:\/\/eldigitaldeasturias.com\/magazine365\/el-modelo-a400m-para-espana-ya-esta-terminado-y-realizara-su-primer-vuelo-en-julio\/#listItem","position":3,"name":"El modelo A400M para Espa\u00f1a ya est\u00e1 terminado y realizar\u00e1 su primer vuelo en julio","previousItem":{"@type":"ListItem","@id":"https:\/\/eldigitaldeasturias.com\/magazine365\/category\/noticias-actualidad\/#listItem","name":"Noticias y Actualidad"}}]},{"@type":"Organization","@id":"https:\/\/eldigitaldeasturias.com\/magazine365\/#organization","name":"El digital de Asturias","description":"Revista de ocio, turismo y estilo de vida","url":"https:\/\/eldigitaldeasturias.com\/magazine365\/","logo":{"@type":"ImageObject","url":"https:\/\/www.eldigitaldeasturias.com\/noticias\/wp-content\/uploads\/2020\/12\/EDA.jpg","@id":"https:\/\/eldigitaldeasturias.com\/magazine365\/el-modelo-a400m-para-espana-ya-esta-terminado-y-realizara-su-primer-vuelo-en-julio\/#organizationLogo"},"image":{"@id":"https:\/\/eldigitaldeasturias.com\/magazine365\/el-modelo-a400m-para-espana-ya-esta-terminado-y-realizara-su-primer-vuelo-en-julio\/#organizationLogo"}},{"@type":"Person","@id":"https:\/\/eldigitaldeasturias.com\/magazine365\/author\/admin\/#author","url":"https:\/\/eldigitaldeasturias.com\/magazine365\/author\/admin\/","name":"admin","image":{"@type":"ImageObject","@id":"https:\/\/eldigitaldeasturias.com\/magazine365\/el-modelo-a400m-para-espana-ya-esta-terminado-y-realizara-su-primer-vuelo-en-julio\/#authorImage","url":"https:\/\/eldigitaldeasturias.com\/magazine365\/wp-content\/litespeed\/avatar\/e571bcf59a0edd6fa6838245a470f2fe.jpg?ver=1776969259","width":96,"height":96,"caption":"admin"}},{"@type":"WebPage","@id":"https:\/\/eldigitaldeasturias.com\/magazine365\/el-modelo-a400m-para-espana-ya-esta-terminado-y-realizara-su-primer-vuelo-en-julio\/#webpage","url":"https:\/\/eldigitaldeasturias.com\/magazine365\/el-modelo-a400m-para-espana-ya-esta-terminado-y-realizara-su-primer-vuelo-en-julio\/","name":"El modelo A400M para Espa\u00f1a ya est\u00e1 terminado y realizar\u00e1 su primer vuelo en julio | El Digital de Asturias","description":"El primer avi\u00f3n de transporte militar A400M que recibir\u00e1 el Ej\u00e9rcito del Aire espa\u00f1ol ya ha est\u00e1 terminado y preparado para realizar los primeros test en tierra y el primer vuelo de prueba a mediados de julio. Seg\u00fan ha informado este viernes el consorcio aeron\u00e1utico europeo, este primer ejemplar de los 27 A400M que Espa\u00f1a","inLanguage":"es-ES","isPartOf":{"@id":"https:\/\/eldigitaldeasturias.com\/magazine365\/#website"},"breadcrumb":{"@id":"https:\/\/eldigitaldeasturias.com\/magazine365\/el-modelo-a400m-para-espana-ya-esta-terminado-y-realizara-su-primer-vuelo-en-julio\/#breadcrumblist"},"author":{"@id":"https:\/\/eldigitaldeasturias.com\/magazine365\/author\/admin\/#author"},"creator":{"@id":"https:\/\/eldigitaldeasturias.com\/magazine365\/author\/admin\/#author"},"image":{"@type":"ImageObject","url":"https:\/\/eldigitaldeasturias.com\/magazine365\/wp-content\/uploads\/2016\/06\/fotonoticia_20160617142130_800.jpg","@id":"https:\/\/eldigitaldeasturias.com\/magazine365\/el-modelo-a400m-para-espana-ya-esta-terminado-y-realizara-su-primer-vuelo-en-julio\/#mainImage","width":800,"height":470},"primaryImageOfPage":{"@id":"https:\/\/eldigitaldeasturias.com\/magazine365\/el-modelo-a400m-para-espana-ya-esta-terminado-y-realizara-su-primer-vuelo-en-julio\/#mainImage"},"datePublished":"2016-06-17T17:08:25+02:00","dateModified":"2016-06-17T17:08:25+02:00"},{"@type":"WebSite","@id":"https:\/\/eldigitaldeasturias.com\/magazine365\/#website","url":"https:\/\/eldigitaldeasturias.com\/magazine365\/","name":"El Digital de Asturias","description":"Revista de ocio, turismo y estilo de vida","inLanguage":"es-ES","publisher":{"@id":"https:\/\/eldigitaldeasturias.com\/magazine365\/#organization"}}]},"og:locale":"es_ES","og:site_name":"El Digital de Asturias \u2013 Revista de ocio, turismo y estilo de vida","og:type":"article","og:title":"El modelo A400M para Espa\u00f1a ya est\u00e1 terminado y realizar\u00e1 su primer vuelo en julio | El Digital de Asturias","og:description":"El primer avi\u00f3n de transporte militar A400M que recibir\u00e1 el Ej\u00e9rcito del Aire espa\u00f1ol ya ha est\u00e1 terminado y preparado para realizar los primeros test en tierra y el primer vuelo de prueba a mediados de julio. Seg\u00fan ha informado este viernes el consorcio aeron\u00e1utico europeo, este primer ejemplar de los 27 A400M que Espa\u00f1a","og:url":"https:\/\/eldigitaldeasturias.com\/magazine365\/el-modelo-a400m-para-espana-ya-esta-terminado-y-realizara-su-primer-vuelo-en-julio\/","og:image":"https:\/\/eldigitaldeasturias.com\/magazine365\/wp-content\/uploads\/2016\/06\/fotonoticia_20160617142130_800.jpg","og:image:secure_url":"https:\/\/eldigitaldeasturias.com\/magazine365\/wp-content\/uploads\/2016\/06\/fotonoticia_20160617142130_800.jpg","og:image:width":800,"og:image:height":470,"article:published_time":"2016-06-17T15:08:25+00:00","article:modified_time":"2016-06-17T15:08:25+00:00","twitter:card":"summary_large_image","twitter:title":"El modelo A400M para Espa\u00f1a ya est\u00e1 terminado y realizar\u00e1 su primer vuelo en julio | El Digital de Asturias","twitter:description":"El primer avi\u00f3n de transporte militar A400M que recibir\u00e1 el Ej\u00e9rcito del Aire espa\u00f1ol ya ha est\u00e1 terminado y preparado para realizar los primeros test en tierra y el primer vuelo de prueba a mediados de julio. Seg\u00fan ha informado este viernes el consorcio aeron\u00e1utico europeo, este primer ejemplar de los 27 A400M que Espa\u00f1a","twitter:image":"https:\/\/eldigitaldeasturias.com\/magazine365\/wp-content\/uploads\/2016\/06\/fotonoticia_20160617142130_800.jpg"},"aioseo_meta_data":{"post_id":"79912","title":null,"description":null,"keywords":null,"keyphrases":null,"primary_term":null,"canonical_url":null,"og_title":null,"og_description":null,"og_object_type":"default","og_image_type":"default","og_image_url":null,"og_image_width":null,"og_image_height":null,"og_image_custom_url":null,"og_image_custom_fields":null,"og_video":null,"og_custom_url":null,"og_article_section":null,"og_article_tags":null,"twitter_use_og":false,"twitter_card":"default","twitter_image_type":"default","twitter_image_url":null,"twitter_image_custom_url":null,"twitter_image_custom_fields":null,"twitter_title":null,"twitter_description":null,"schema":{"blockGraphs":[],"customGraphs":[],"default":{"data":{"Article":[],"Course":[],"Dataset":[],"FAQPage":[],"Movie":[],"Person":[],"Product":[],"ProductReview":[],"Car":[],"Recipe":[],"Service":[],"SoftwareApplication":[],"WebPage":[]},"graphName":"","isEnabled":true},"graphs":[],"defaultGraph":"","defaultPostTypeGraph":""},"schema_type":null,"schema_type_options":null,"pillar_content":false,"robots_default":true,"robots_noindex":false,"robots_noarchive":false,"robots_nosnippet":false,"robots_nofollow":false,"robots_noimageindex":false,"robots_noodp":false,"robots_notranslate":false,"robots_max_snippet":null,"robots_max_videopreview":null,"robots_max_imagepreview":"large","priority":null,"frequency":null,"location":null,"local_seo":null,"seo_analyzer_scan_date":"2025-09-27 19:48:34","breadcrumb_settings":null,"limit_modified_date":false,"open_ai":null,"ai":null,"created":"2021-03-08 17:41:34","updated":"2025-09-27 19:48:34"},"aioseo_breadcrumb":"<div class=\"aioseo-breadcrumbs\"><span class=\"aioseo-breadcrumb\">\n\t<a href=\"https:\/\/eldigitaldeasturias.com\/magazine365\" title=\"Home\">Home<\/a>\n<\/span><span class=\"aioseo-breadcrumb-separator\">\u2013<\/span><span class=\"aioseo-breadcrumb\">\n\t<a href=\"https:\/\/eldigitaldeasturias.com\/magazine365\/category\/noticias-actualidad\/\" title=\"Noticias y Actualidad\">Noticias y Actualidad<\/a>\n<\/span><span class=\"aioseo-breadcrumb-separator\">\u2013<\/span><span class=\"aioseo-breadcrumb\">\n\t<a href=\"https:\/\/eldigitaldeasturias.com\/magazine365\/el-modelo-a400m-para-espana-ya-esta-terminado-y-realizara-su-primer-vuelo-en-julio\/\" title=\"El modelo A400M para Espa\u00f1a ya est\u00e1 terminado y realizar\u00e1 su primer vuelo en julio\">El modelo A400M para Espa\u00f1a ya est\u00e1 terminado y realizar\u00e1 su primer vuelo en julio<\/a>\n<\/span><\/div>","aioseo_breadcrumb_json":[{"label":"Home","link":"https:\/\/eldigitaldeasturias.com\/magazine365"},{"label":"Noticias y Actualidad","link":"https:\/\/eldigitaldeasturias.com\/magazine365\/category\/noticias-actualidad\/"},{"label":"El modelo A400M para Espa\u00f1a ya est\u00e1 terminado y realizar\u00e1 su primer vuelo en julio","link":"https:\/\/eldigitaldeasturias.com\/magazine365\/el-modelo-a400m-para-espana-ya-esta-terminado-y-realizara-su-primer-vuelo-en-julio\/"}],"_links":{"self":[{"href":"https:\/\/eldigitaldeasturias.com\/magazine365\/wp-json\/wp\/v2\/posts\/79912","targetHints":{"allow":["GET"]}}],"collection":[{"href":"https:\/\/eldigitaldeasturias.com\/magazine365\/wp-json\/wp\/v2\/posts"}],"about":[{"href":"https:\/\/eldigitaldeasturias.com\/magazine365\/wp-json\/wp\/v2\/types\/post"}],"author":[{"embeddable":true,"href":"https:\/\/eldigitaldeasturias.com\/magazine365\/wp-json\/wp\/v2\/users\/1"}],"replies":[{"embeddable":true,"href":"https:\/\/eldigitaldeasturias.com\/magazine365\/wp-json\/wp\/v2\/comments?post=79912"}],"version-history":[{"count":0,"href":"https:\/\/eldigitaldeasturias.com\/magazine365\/wp-json\/wp\/v2\/posts\/79912\/revisions"}],"wp:featuredmedia":[{"embeddable":true,"href":"https:\/\/eldigitaldeasturias.com\/magazine365\/wp-json\/wp\/v2\/media\/79913"}],"wp:attachment":[{"href":"https:\/\/eldigitaldeasturias.com\/magazine365\/wp-json\/wp\/v2\/media?parent=79912"}],"wp:term":[{"taxonomy":"category","embeddable":true,"href":"https:\/\/eldigitaldeasturias.com\/magazine365\/wp-json\/wp\/v2\/categories?post=79912"},{"taxonomy":"post_tag","embeddable":true,"href":"https:\/\/eldigitaldeasturias.com\/magazine365\/wp-json\/wp\/v2\/tags?post=79912"}],"curies":[{"name":"wp","href":"https:\/\/api.w.org\/{rel}","templated":true}]}}