{"id":79909,"date":"2016-06-17T17:06:28","date_gmt":"2016-06-17T15:06:28","guid":{"rendered":"http:\/\/eldigitaldeasturias.com\/magazine365\/?p=79909"},"modified":"2016-06-17T17:06:28","modified_gmt":"2016-06-17T15:06:28","slug":"iberia-y-la-asociacion-de-camaras-del-libro-de-espana-renuevan-su-acuerdo-comercial","status":"publish","type":"post","link":"https:\/\/eldigitaldeasturias.com\/magazine365\/iberia-y-la-asociacion-de-camaras-del-libro-de-espana-renuevan-su-acuerdo-comercial\/","title":{"rendered":"Iberia y la Asociaci\u00f3n de C\u00e1maras del Libro de Espa\u00f1a renuevan su acuerdo comercial"},"content":{"rendered":"<p><img fetchpriority=\"high\" decoding=\"async\" class=\"alignleft size-medium wp-image-79910\" src=\"https:\/\/eldigitaldeasturias.com\/magazine365\/wp-content\/uploads\/2016\/06\/fotonoticia_20160617142101_800-317x300.jpg\" alt=\"fotonoticia_20160617142101_800\" width=\"317\" height=\"300\" srcset=\"https:\/\/eldigitaldeasturias.com\/magazine365\/wp-content\/uploads\/2016\/06\/fotonoticia_20160617142101_800-317x300.jpg 317w, https:\/\/eldigitaldeasturias.com\/magazine365\/wp-content\/uploads\/2016\/06\/fotonoticia_20160617142101_800-650x616.jpg 650w, https:\/\/eldigitaldeasturias.com\/magazine365\/wp-content\/uploads\/2016\/06\/fotonoticia_20160617142101_800-768x728.jpg 768w, https:\/\/eldigitaldeasturias.com\/magazine365\/wp-content\/uploads\/2016\/06\/fotonoticia_20160617142101_800-150x142.jpg 150w, https:\/\/eldigitaldeasturias.com\/magazine365\/wp-content\/uploads\/2016\/06\/fotonoticia_20160617142101_800-450x426.jpg 450w, https:\/\/eldigitaldeasturias.com\/magazine365\/wp-content\/uploads\/2016\/06\/fotonoticia_20160617142101_800.jpg 800w\" sizes=\"(max-width: 317px) 100vw, 317px\" \/>Iberia y la Asociaci\u00f3n de C\u00e1maras del Libro de Espa\u00f1a han renovado y ampliado su acuerdo comercial para el transporte de libros y material educativo, as\u00ed como de profesionales del sector.<\/p>\n<p>Ambas entidades, que llevan colaborando m\u00e1s de 20 a\u00f1os, han suscrito el acuerdo esta ma\u00f1ana en las oficinas de Iberia en Madrid.<\/p>\n<p>A la firma han acudido el secretario general de la Asociaci\u00f3n de las C\u00e1maras del Libro, Antonio Mar\u00eda \u00c1vila, el director de ventas Espa\u00f1a de Iberia, V\u00edctor Moneo, as\u00ed como el m\u00e1nager de Desarrollo de Negocio y Ch\u00e1rter de Iberia, Patricio Moreno.<\/p>\n<p>El acuerdo contempla la emisi\u00f3n directa de los billetes por parte de Iberia y tambi\u00e9n a trav\u00e9s de las agencias de viaje incluidas en un acuerdo complementario para profesionales del sector (editores, libreros, distribuidores, gr\u00e1ficos, revistas culturales, impresores).<\/p>\n","protected":false},"excerpt":{"rendered":"<p>Iberia y la Asociaci\u00f3n de C\u00e1maras del Libro de Espa\u00f1a han renovado y ampliado su acuerdo comercial para el transporte de libros y material educativo, as\u00ed como de profesionales del sector. Ambas entidades, que llevan colaborando m\u00e1s de 20 a\u00f1os, han suscrito el acuerdo esta ma\u00f1ana en las oficinas de Iberia en Madrid. A la<\/p>\n","protected":false},"author":1,"featured_media":79910,"comment_status":"open","ping_status":"closed","sticky":false,"template":"","format":"standard","meta":{"footnotes":""},"categories":[224],"tags":[],"class_list":{"0":"post-79909","1":"post","2":"type-post","3":"status-publish","4":"format-standard","5":"has-post-thumbnail","7":"category-noticias-actualidad"},"aioseo_notices":[],"aioseo_head":"\n\t\t<!-- All in One SEO Pro 4.9.6.1 - aioseo.com -->\n\t<meta name=\"description\" content=\"Iberia y la Asociaci\u00f3n de C\u00e1maras del Libro de Espa\u00f1a han renovado y ampliado su acuerdo comercial para el transporte de libros y material educativo, as\u00ed como de profesionales del sector. Ambas entidades, que llevan colaborando m\u00e1s de 20 a\u00f1os, han suscrito el acuerdo esta ma\u00f1ana en las oficinas de Iberia en Madrid. A la\" \/>\n\t<meta name=\"robots\" content=\"max-image-preview:large\" \/>\n\t<meta name=\"author\" content=\"admin\"\/>\n\t<meta name=\"google-site-verification\" content=\"UA-38556648-1\" \/>\n\t<meta name=\"keywords\" content=\"noticias y actualidad\" \/>\n\t<link rel=\"canonical\" href=\"https:\/\/eldigitaldeasturias.com\/magazine365\/iberia-y-la-asociacion-de-camaras-del-libro-de-espana-renuevan-su-acuerdo-comercial\/\" \/>\n\t<meta name=\"generator\" content=\"All in One SEO Pro (AIOSEO) 4.9.6.1\" \/>\n\t\t<meta property=\"og:locale\" content=\"es_ES\" \/>\n\t\t<meta property=\"og:site_name\" content=\"El Digital de Asturias \u2013 Revista de ocio, turismo y estilo de vida\" \/>\n\t\t<meta property=\"og:type\" content=\"article\" \/>\n\t\t<meta property=\"og:title\" content=\"Iberia y la Asociaci\u00f3n de C\u00e1maras del Libro de Espa\u00f1a renuevan su acuerdo comercial | El Digital de Asturias\" \/>\n\t\t<meta property=\"og:description\" content=\"Iberia y la Asociaci\u00f3n de C\u00e1maras del Libro de Espa\u00f1a han renovado y ampliado su acuerdo comercial para el transporte de libros y material educativo, as\u00ed como de profesionales del sector. Ambas entidades, que llevan colaborando m\u00e1s de 20 a\u00f1os, han suscrito el acuerdo esta ma\u00f1ana en las oficinas de Iberia en Madrid. A la\" \/>\n\t\t<meta property=\"og:url\" content=\"https:\/\/eldigitaldeasturias.com\/magazine365\/iberia-y-la-asociacion-de-camaras-del-libro-de-espana-renuevan-su-acuerdo-comercial\/\" \/>\n\t\t<meta property=\"og:image\" content=\"https:\/\/eldigitaldeasturias.com\/magazine365\/wp-content\/uploads\/2016\/06\/fotonoticia_20160617142101_800.jpg\" \/>\n\t\t<meta property=\"og:image:secure_url\" content=\"https:\/\/eldigitaldeasturias.com\/magazine365\/wp-content\/uploads\/2016\/06\/fotonoticia_20160617142101_800.jpg\" \/>\n\t\t<meta property=\"og:image:width\" content=\"800\" \/>\n\t\t<meta property=\"og:image:height\" content=\"758\" \/>\n\t\t<meta property=\"article:published_time\" content=\"2016-06-17T15:06:28+00:00\" \/>\n\t\t<meta property=\"article:modified_time\" content=\"2016-06-17T15:06:28+00:00\" \/>\n\t\t<meta name=\"twitter:card\" content=\"summary_large_image\" \/>\n\t\t<meta name=\"twitter:title\" content=\"Iberia y la Asociaci\u00f3n de C\u00e1maras del Libro de Espa\u00f1a renuevan su acuerdo comercial | El Digital de Asturias\" \/>\n\t\t<meta name=\"twitter:description\" content=\"Iberia y la Asociaci\u00f3n de C\u00e1maras del Libro de Espa\u00f1a han renovado y ampliado su acuerdo comercial para el transporte de libros y material educativo, as\u00ed como de profesionales del sector. Ambas entidades, que llevan colaborando m\u00e1s de 20 a\u00f1os, han suscrito el acuerdo esta ma\u00f1ana en las oficinas de Iberia en Madrid. A la\" \/>\n\t\t<meta name=\"twitter:image\" content=\"https:\/\/eldigitaldeasturias.com\/magazine365\/wp-content\/uploads\/2016\/06\/fotonoticia_20160617142101_800.jpg\" \/>\n\t\t<script type=\"application\/ld+json\" class=\"aioseo-schema\">\n\t\t\t{\"@context\":\"https:\\\/\\\/schema.org\",\"@graph\":[{\"@type\":\"Article\",\"@id\":\"https:\\\/\\\/eldigitaldeasturias.com\\\/magazine365\\\/iberia-y-la-asociacion-de-camaras-del-libro-de-espana-renuevan-su-acuerdo-comercial\\\/#article\",\"name\":\"Iberia y la Asociaci\\u00f3n de C\\u00e1maras del Libro de Espa\\u00f1a renuevan su acuerdo comercial | El Digital de Asturias\",\"headline\":\"Iberia y la Asociaci\\u00f3n de C\\u00e1maras del Libro de Espa\\u00f1a renuevan su acuerdo comercial\",\"author\":{\"@id\":\"https:\\\/\\\/eldigitaldeasturias.com\\\/magazine365\\\/author\\\/admin\\\/#author\"},\"publisher\":{\"@id\":\"https:\\\/\\\/eldigitaldeasturias.com\\\/magazine365\\\/#organization\"},\"image\":{\"@type\":\"ImageObject\",\"url\":\"https:\\\/\\\/eldigitaldeasturias.com\\\/magazine365\\\/wp-content\\\/uploads\\\/2016\\\/06\\\/fotonoticia_20160617142101_800.jpg\",\"width\":800,\"height\":758},\"datePublished\":\"2016-06-17T17:06:28+02:00\",\"dateModified\":\"2016-06-17T17:06:28+02:00\",\"inLanguage\":\"es-ES\",\"mainEntityOfPage\":{\"@id\":\"https:\\\/\\\/eldigitaldeasturias.com\\\/magazine365\\\/iberia-y-la-asociacion-de-camaras-del-libro-de-espana-renuevan-su-acuerdo-comercial\\\/#webpage\"},\"isPartOf\":{\"@id\":\"https:\\\/\\\/eldigitaldeasturias.com\\\/magazine365\\\/iberia-y-la-asociacion-de-camaras-del-libro-de-espana-renuevan-su-acuerdo-comercial\\\/#webpage\"},\"articleSection\":\"Noticias y Actualidad\"},{\"@type\":\"BreadcrumbList\",\"@id\":\"https:\\\/\\\/eldigitaldeasturias.com\\\/magazine365\\\/iberia-y-la-asociacion-de-camaras-del-libro-de-espana-renuevan-su-acuerdo-comercial\\\/#breadcrumblist\",\"itemListElement\":[{\"@type\":\"ListItem\",\"@id\":\"https:\\\/\\\/eldigitaldeasturias.com\\\/magazine365#listItem\",\"position\":1,\"name\":\"Home\",\"item\":\"https:\\\/\\\/eldigitaldeasturias.com\\\/magazine365\",\"nextItem\":{\"@type\":\"ListItem\",\"@id\":\"https:\\\/\\\/eldigitaldeasturias.com\\\/magazine365\\\/category\\\/noticias-actualidad\\\/#listItem\",\"name\":\"Noticias y Actualidad\"}},{\"@type\":\"ListItem\",\"@id\":\"https:\\\/\\\/eldigitaldeasturias.com\\\/magazine365\\\/category\\\/noticias-actualidad\\\/#listItem\",\"position\":2,\"name\":\"Noticias y Actualidad\",\"item\":\"https:\\\/\\\/eldigitaldeasturias.com\\\/magazine365\\\/category\\\/noticias-actualidad\\\/\",\"nextItem\":{\"@type\":\"ListItem\",\"@id\":\"https:\\\/\\\/eldigitaldeasturias.com\\\/magazine365\\\/iberia-y-la-asociacion-de-camaras-del-libro-de-espana-renuevan-su-acuerdo-comercial\\\/#listItem\",\"name\":\"Iberia y la Asociaci\\u00f3n de C\\u00e1maras del Libro de Espa\\u00f1a renuevan su acuerdo comercial\"},\"previousItem\":{\"@type\":\"ListItem\",\"@id\":\"https:\\\/\\\/eldigitaldeasturias.com\\\/magazine365#listItem\",\"name\":\"Home\"}},{\"@type\":\"ListItem\",\"@id\":\"https:\\\/\\\/eldigitaldeasturias.com\\\/magazine365\\\/iberia-y-la-asociacion-de-camaras-del-libro-de-espana-renuevan-su-acuerdo-comercial\\\/#listItem\",\"position\":3,\"name\":\"Iberia y la Asociaci\\u00f3n de C\\u00e1maras del Libro de Espa\\u00f1a renuevan su acuerdo comercial\",\"previousItem\":{\"@type\":\"ListItem\",\"@id\":\"https:\\\/\\\/eldigitaldeasturias.com\\\/magazine365\\\/category\\\/noticias-actualidad\\\/#listItem\",\"name\":\"Noticias y Actualidad\"}}]},{\"@type\":\"Organization\",\"@id\":\"https:\\\/\\\/eldigitaldeasturias.com\\\/magazine365\\\/#organization\",\"name\":\"El digital de Asturias\",\"description\":\"Revista de ocio, turismo y estilo de vida\",\"url\":\"https:\\\/\\\/eldigitaldeasturias.com\\\/magazine365\\\/\",\"logo\":{\"@type\":\"ImageObject\",\"url\":\"https:\\\/\\\/www.eldigitaldeasturias.com\\\/noticias\\\/wp-content\\\/uploads\\\/2020\\\/12\\\/EDA.jpg\",\"@id\":\"https:\\\/\\\/eldigitaldeasturias.com\\\/magazine365\\\/iberia-y-la-asociacion-de-camaras-del-libro-de-espana-renuevan-su-acuerdo-comercial\\\/#organizationLogo\"},\"image\":{\"@id\":\"https:\\\/\\\/eldigitaldeasturias.com\\\/magazine365\\\/iberia-y-la-asociacion-de-camaras-del-libro-de-espana-renuevan-su-acuerdo-comercial\\\/#organizationLogo\"}},{\"@type\":\"Person\",\"@id\":\"https:\\\/\\\/eldigitaldeasturias.com\\\/magazine365\\\/author\\\/admin\\\/#author\",\"url\":\"https:\\\/\\\/eldigitaldeasturias.com\\\/magazine365\\\/author\\\/admin\\\/\",\"name\":\"admin\",\"image\":{\"@type\":\"ImageObject\",\"@id\":\"https:\\\/\\\/eldigitaldeasturias.com\\\/magazine365\\\/iberia-y-la-asociacion-de-camaras-del-libro-de-espana-renuevan-su-acuerdo-comercial\\\/#authorImage\",\"url\":\"https:\\\/\\\/eldigitaldeasturias.com\\\/magazine365\\\/wp-content\\\/litespeed\\\/avatar\\\/e571bcf59a0edd6fa6838245a470f2fe.jpg?ver=1776969259\",\"width\":96,\"height\":96,\"caption\":\"admin\"}},{\"@type\":\"WebPage\",\"@id\":\"https:\\\/\\\/eldigitaldeasturias.com\\\/magazine365\\\/iberia-y-la-asociacion-de-camaras-del-libro-de-espana-renuevan-su-acuerdo-comercial\\\/#webpage\",\"url\":\"https:\\\/\\\/eldigitaldeasturias.com\\\/magazine365\\\/iberia-y-la-asociacion-de-camaras-del-libro-de-espana-renuevan-su-acuerdo-comercial\\\/\",\"name\":\"Iberia y la Asociaci\\u00f3n de C\\u00e1maras del Libro de Espa\\u00f1a renuevan su acuerdo comercial | El Digital de Asturias\",\"description\":\"Iberia y la Asociaci\\u00f3n de C\\u00e1maras del Libro de Espa\\u00f1a han renovado y ampliado su acuerdo comercial para el transporte de libros y material educativo, as\\u00ed como de profesionales del sector. Ambas entidades, que llevan colaborando m\\u00e1s de 20 a\\u00f1os, han suscrito el acuerdo esta ma\\u00f1ana en las oficinas de Iberia en Madrid. A la\",\"inLanguage\":\"es-ES\",\"isPartOf\":{\"@id\":\"https:\\\/\\\/eldigitaldeasturias.com\\\/magazine365\\\/#website\"},\"breadcrumb\":{\"@id\":\"https:\\\/\\\/eldigitaldeasturias.com\\\/magazine365\\\/iberia-y-la-asociacion-de-camaras-del-libro-de-espana-renuevan-su-acuerdo-comercial\\\/#breadcrumblist\"},\"author\":{\"@id\":\"https:\\\/\\\/eldigitaldeasturias.com\\\/magazine365\\\/author\\\/admin\\\/#author\"},\"creator\":{\"@id\":\"https:\\\/\\\/eldigitaldeasturias.com\\\/magazine365\\\/author\\\/admin\\\/#author\"},\"image\":{\"@type\":\"ImageObject\",\"url\":\"https:\\\/\\\/eldigitaldeasturias.com\\\/magazine365\\\/wp-content\\\/uploads\\\/2016\\\/06\\\/fotonoticia_20160617142101_800.jpg\",\"@id\":\"https:\\\/\\\/eldigitaldeasturias.com\\\/magazine365\\\/iberia-y-la-asociacion-de-camaras-del-libro-de-espana-renuevan-su-acuerdo-comercial\\\/#mainImage\",\"width\":800,\"height\":758},\"primaryImageOfPage\":{\"@id\":\"https:\\\/\\\/eldigitaldeasturias.com\\\/magazine365\\\/iberia-y-la-asociacion-de-camaras-del-libro-de-espana-renuevan-su-acuerdo-comercial\\\/#mainImage\"},\"datePublished\":\"2016-06-17T17:06:28+02:00\",\"dateModified\":\"2016-06-17T17:06:28+02:00\"},{\"@type\":\"WebSite\",\"@id\":\"https:\\\/\\\/eldigitaldeasturias.com\\\/magazine365\\\/#website\",\"url\":\"https:\\\/\\\/eldigitaldeasturias.com\\\/magazine365\\\/\",\"name\":\"El Digital de Asturias\",\"description\":\"Revista de ocio, turismo y estilo de vida\",\"inLanguage\":\"es-ES\",\"publisher\":{\"@id\":\"https:\\\/\\\/eldigitaldeasturias.com\\\/magazine365\\\/#organization\"}}]}\n\t\t<\/script>\n\t\t<!-- All in One SEO Pro -->\r\n\t\t<title>Iberia y la Asociaci\u00f3n de C\u00e1maras del Libro de Espa\u00f1a renuevan su acuerdo comercial | El Digital de Asturias<\/title>\n\n","aioseo_head_json":{"title":"Iberia y la Asociaci\u00f3n de C\u00e1maras del Libro de Espa\u00f1a renuevan su acuerdo comercial | El Digital de Asturias","description":"Iberia y la Asociaci\u00f3n de C\u00e1maras del Libro de Espa\u00f1a han renovado y ampliado su acuerdo comercial para el transporte de libros y material educativo, as\u00ed como de profesionales del sector. Ambas entidades, que llevan colaborando m\u00e1s de 20 a\u00f1os, han suscrito el acuerdo esta ma\u00f1ana en las oficinas de Iberia en Madrid. A la","canonical_url":"https:\/\/eldigitaldeasturias.com\/magazine365\/iberia-y-la-asociacion-de-camaras-del-libro-de-espana-renuevan-su-acuerdo-comercial\/","robots":"max-image-preview:large","keywords":"noticias y actualidad","webmasterTools":{"google-site-verification":"UA-38556648-1","miscellaneous":""},"schema":{"@context":"https:\/\/schema.org","@graph":[{"@type":"Article","@id":"https:\/\/eldigitaldeasturias.com\/magazine365\/iberia-y-la-asociacion-de-camaras-del-libro-de-espana-renuevan-su-acuerdo-comercial\/#article","name":"Iberia y la Asociaci\u00f3n de C\u00e1maras del Libro de Espa\u00f1a renuevan su acuerdo comercial | El Digital de Asturias","headline":"Iberia y la Asociaci\u00f3n de C\u00e1maras del Libro de Espa\u00f1a renuevan su acuerdo comercial","author":{"@id":"https:\/\/eldigitaldeasturias.com\/magazine365\/author\/admin\/#author"},"publisher":{"@id":"https:\/\/eldigitaldeasturias.com\/magazine365\/#organization"},"image":{"@type":"ImageObject","url":"https:\/\/eldigitaldeasturias.com\/magazine365\/wp-content\/uploads\/2016\/06\/fotonoticia_20160617142101_800.jpg","width":800,"height":758},"datePublished":"2016-06-17T17:06:28+02:00","dateModified":"2016-06-17T17:06:28+02:00","inLanguage":"es-ES","mainEntityOfPage":{"@id":"https:\/\/eldigitaldeasturias.com\/magazine365\/iberia-y-la-asociacion-de-camaras-del-libro-de-espana-renuevan-su-acuerdo-comercial\/#webpage"},"isPartOf":{"@id":"https:\/\/eldigitaldeasturias.com\/magazine365\/iberia-y-la-asociacion-de-camaras-del-libro-de-espana-renuevan-su-acuerdo-comercial\/#webpage"},"articleSection":"Noticias y Actualidad"},{"@type":"BreadcrumbList","@id":"https:\/\/eldigitaldeasturias.com\/magazine365\/iberia-y-la-asociacion-de-camaras-del-libro-de-espana-renuevan-su-acuerdo-comercial\/#breadcrumblist","itemListElement":[{"@type":"ListItem","@id":"https:\/\/eldigitaldeasturias.com\/magazine365#listItem","position":1,"name":"Home","item":"https:\/\/eldigitaldeasturias.com\/magazine365","nextItem":{"@type":"ListItem","@id":"https:\/\/eldigitaldeasturias.com\/magazine365\/category\/noticias-actualidad\/#listItem","name":"Noticias y Actualidad"}},{"@type":"ListItem","@id":"https:\/\/eldigitaldeasturias.com\/magazine365\/category\/noticias-actualidad\/#listItem","position":2,"name":"Noticias y Actualidad","item":"https:\/\/eldigitaldeasturias.com\/magazine365\/category\/noticias-actualidad\/","nextItem":{"@type":"ListItem","@id":"https:\/\/eldigitaldeasturias.com\/magazine365\/iberia-y-la-asociacion-de-camaras-del-libro-de-espana-renuevan-su-acuerdo-comercial\/#listItem","name":"Iberia y la Asociaci\u00f3n de C\u00e1maras del Libro de Espa\u00f1a renuevan su acuerdo comercial"},"previousItem":{"@type":"ListItem","@id":"https:\/\/eldigitaldeasturias.com\/magazine365#listItem","name":"Home"}},{"@type":"ListItem","@id":"https:\/\/eldigitaldeasturias.com\/magazine365\/iberia-y-la-asociacion-de-camaras-del-libro-de-espana-renuevan-su-acuerdo-comercial\/#listItem","position":3,"name":"Iberia y la Asociaci\u00f3n de C\u00e1maras del Libro de Espa\u00f1a renuevan su acuerdo comercial","previousItem":{"@type":"ListItem","@id":"https:\/\/eldigitaldeasturias.com\/magazine365\/category\/noticias-actualidad\/#listItem","name":"Noticias y Actualidad"}}]},{"@type":"Organization","@id":"https:\/\/eldigitaldeasturias.com\/magazine365\/#organization","name":"El digital de Asturias","description":"Revista de ocio, turismo y estilo de vida","url":"https:\/\/eldigitaldeasturias.com\/magazine365\/","logo":{"@type":"ImageObject","url":"https:\/\/www.eldigitaldeasturias.com\/noticias\/wp-content\/uploads\/2020\/12\/EDA.jpg","@id":"https:\/\/eldigitaldeasturias.com\/magazine365\/iberia-y-la-asociacion-de-camaras-del-libro-de-espana-renuevan-su-acuerdo-comercial\/#organizationLogo"},"image":{"@id":"https:\/\/eldigitaldeasturias.com\/magazine365\/iberia-y-la-asociacion-de-camaras-del-libro-de-espana-renuevan-su-acuerdo-comercial\/#organizationLogo"}},{"@type":"Person","@id":"https:\/\/eldigitaldeasturias.com\/magazine365\/author\/admin\/#author","url":"https:\/\/eldigitaldeasturias.com\/magazine365\/author\/admin\/","name":"admin","image":{"@type":"ImageObject","@id":"https:\/\/eldigitaldeasturias.com\/magazine365\/iberia-y-la-asociacion-de-camaras-del-libro-de-espana-renuevan-su-acuerdo-comercial\/#authorImage","url":"https:\/\/eldigitaldeasturias.com\/magazine365\/wp-content\/litespeed\/avatar\/e571bcf59a0edd6fa6838245a470f2fe.jpg?ver=1776969259","width":96,"height":96,"caption":"admin"}},{"@type":"WebPage","@id":"https:\/\/eldigitaldeasturias.com\/magazine365\/iberia-y-la-asociacion-de-camaras-del-libro-de-espana-renuevan-su-acuerdo-comercial\/#webpage","url":"https:\/\/eldigitaldeasturias.com\/magazine365\/iberia-y-la-asociacion-de-camaras-del-libro-de-espana-renuevan-su-acuerdo-comercial\/","name":"Iberia y la Asociaci\u00f3n de C\u00e1maras del Libro de Espa\u00f1a renuevan su acuerdo comercial | El Digital de Asturias","description":"Iberia y la Asociaci\u00f3n de C\u00e1maras del Libro de Espa\u00f1a han renovado y ampliado su acuerdo comercial para el transporte de libros y material educativo, as\u00ed como de profesionales del sector. Ambas entidades, que llevan colaborando m\u00e1s de 20 a\u00f1os, han suscrito el acuerdo esta ma\u00f1ana en las oficinas de Iberia en Madrid. A la","inLanguage":"es-ES","isPartOf":{"@id":"https:\/\/eldigitaldeasturias.com\/magazine365\/#website"},"breadcrumb":{"@id":"https:\/\/eldigitaldeasturias.com\/magazine365\/iberia-y-la-asociacion-de-camaras-del-libro-de-espana-renuevan-su-acuerdo-comercial\/#breadcrumblist"},"author":{"@id":"https:\/\/eldigitaldeasturias.com\/magazine365\/author\/admin\/#author"},"creator":{"@id":"https:\/\/eldigitaldeasturias.com\/magazine365\/author\/admin\/#author"},"image":{"@type":"ImageObject","url":"https:\/\/eldigitaldeasturias.com\/magazine365\/wp-content\/uploads\/2016\/06\/fotonoticia_20160617142101_800.jpg","@id":"https:\/\/eldigitaldeasturias.com\/magazine365\/iberia-y-la-asociacion-de-camaras-del-libro-de-espana-renuevan-su-acuerdo-comercial\/#mainImage","width":800,"height":758},"primaryImageOfPage":{"@id":"https:\/\/eldigitaldeasturias.com\/magazine365\/iberia-y-la-asociacion-de-camaras-del-libro-de-espana-renuevan-su-acuerdo-comercial\/#mainImage"},"datePublished":"2016-06-17T17:06:28+02:00","dateModified":"2016-06-17T17:06:28+02:00"},{"@type":"WebSite","@id":"https:\/\/eldigitaldeasturias.com\/magazine365\/#website","url":"https:\/\/eldigitaldeasturias.com\/magazine365\/","name":"El Digital de Asturias","description":"Revista de ocio, turismo y estilo de vida","inLanguage":"es-ES","publisher":{"@id":"https:\/\/eldigitaldeasturias.com\/magazine365\/#organization"}}]},"og:locale":"es_ES","og:site_name":"El Digital de Asturias \u2013 Revista de ocio, turismo y estilo de vida","og:type":"article","og:title":"Iberia y la Asociaci\u00f3n de C\u00e1maras del Libro de Espa\u00f1a renuevan su acuerdo comercial | El Digital de Asturias","og:description":"Iberia y la Asociaci\u00f3n de C\u00e1maras del Libro de Espa\u00f1a han renovado y ampliado su acuerdo comercial para el transporte de libros y material educativo, as\u00ed como de profesionales del sector. Ambas entidades, que llevan colaborando m\u00e1s de 20 a\u00f1os, han suscrito el acuerdo esta ma\u00f1ana en las oficinas de Iberia en Madrid. A la","og:url":"https:\/\/eldigitaldeasturias.com\/magazine365\/iberia-y-la-asociacion-de-camaras-del-libro-de-espana-renuevan-su-acuerdo-comercial\/","og:image":"https:\/\/eldigitaldeasturias.com\/magazine365\/wp-content\/uploads\/2016\/06\/fotonoticia_20160617142101_800.jpg","og:image:secure_url":"https:\/\/eldigitaldeasturias.com\/magazine365\/wp-content\/uploads\/2016\/06\/fotonoticia_20160617142101_800.jpg","og:image:width":800,"og:image:height":758,"article:published_time":"2016-06-17T15:06:28+00:00","article:modified_time":"2016-06-17T15:06:28+00:00","twitter:card":"summary_large_image","twitter:title":"Iberia y la Asociaci\u00f3n de C\u00e1maras del Libro de Espa\u00f1a renuevan su acuerdo comercial | El Digital de Asturias","twitter:description":"Iberia y la Asociaci\u00f3n de C\u00e1maras del Libro de Espa\u00f1a han renovado y ampliado su acuerdo comercial para el transporte de libros y material educativo, as\u00ed como de profesionales del sector. Ambas entidades, que llevan colaborando m\u00e1s de 20 a\u00f1os, han suscrito el acuerdo esta ma\u00f1ana en las oficinas de Iberia en Madrid. A la","twitter:image":"https:\/\/eldigitaldeasturias.com\/magazine365\/wp-content\/uploads\/2016\/06\/fotonoticia_20160617142101_800.jpg"},"aioseo_meta_data":{"post_id":"79909","title":null,"description":null,"keywords":null,"keyphrases":null,"primary_term":null,"canonical_url":null,"og_title":null,"og_description":null,"og_object_type":"default","og_image_type":"default","og_image_url":null,"og_image_width":null,"og_image_height":null,"og_image_custom_url":null,"og_image_custom_fields":null,"og_video":null,"og_custom_url":null,"og_article_section":null,"og_article_tags":null,"twitter_use_og":false,"twitter_card":"default","twitter_image_type":"default","twitter_image_url":null,"twitter_image_custom_url":null,"twitter_image_custom_fields":null,"twitter_title":null,"twitter_description":null,"schema":{"blockGraphs":[],"customGraphs":[],"default":{"data":{"Article":[],"Course":[],"Dataset":[],"FAQPage":[],"Movie":[],"Person":[],"Product":[],"ProductReview":[],"Car":[],"Recipe":[],"Service":[],"SoftwareApplication":[],"WebPage":[]},"graphName":"","isEnabled":true},"graphs":[],"defaultGraph":"","defaultPostTypeGraph":""},"schema_type":null,"schema_type_options":null,"pillar_content":false,"robots_default":true,"robots_noindex":false,"robots_noarchive":false,"robots_nosnippet":false,"robots_nofollow":false,"robots_noimageindex":false,"robots_noodp":false,"robots_notranslate":false,"robots_max_snippet":null,"robots_max_videopreview":null,"robots_max_imagepreview":"large","priority":null,"frequency":null,"location":null,"local_seo":null,"seo_analyzer_scan_date":"2025-09-27 19:48:32","breadcrumb_settings":null,"limit_modified_date":false,"open_ai":null,"ai":null,"created":"2021-03-08 17:41:34","updated":"2025-09-27 19:48:32"},"aioseo_breadcrumb":"<div class=\"aioseo-breadcrumbs\"><span class=\"aioseo-breadcrumb\">\n\t<a href=\"https:\/\/eldigitaldeasturias.com\/magazine365\" title=\"Home\">Home<\/a>\n<\/span><span class=\"aioseo-breadcrumb-separator\">\u2013<\/span><span class=\"aioseo-breadcrumb\">\n\t<a href=\"https:\/\/eldigitaldeasturias.com\/magazine365\/category\/noticias-actualidad\/\" title=\"Noticias y Actualidad\">Noticias y Actualidad<\/a>\n<\/span><span class=\"aioseo-breadcrumb-separator\">\u2013<\/span><span class=\"aioseo-breadcrumb\">\n\t<a href=\"https:\/\/eldigitaldeasturias.com\/magazine365\/iberia-y-la-asociacion-de-camaras-del-libro-de-espana-renuevan-su-acuerdo-comercial\/\" title=\"Iberia y la Asociaci\u00f3n de C\u00e1maras del Libro de Espa\u00f1a renuevan su acuerdo comercial\">Iberia y la Asociaci\u00f3n de C\u00e1maras del Libro de Espa\u00f1a renuevan su acuerdo comercial<\/a>\n<\/span><\/div>","aioseo_breadcrumb_json":[{"label":"Home","link":"https:\/\/eldigitaldeasturias.com\/magazine365"},{"label":"Noticias y Actualidad","link":"https:\/\/eldigitaldeasturias.com\/magazine365\/category\/noticias-actualidad\/"},{"label":"Iberia y la Asociaci\u00f3n de C\u00e1maras del Libro de Espa\u00f1a renuevan su acuerdo comercial","link":"https:\/\/eldigitaldeasturias.com\/magazine365\/iberia-y-la-asociacion-de-camaras-del-libro-de-espana-renuevan-su-acuerdo-comercial\/"}],"_links":{"self":[{"href":"https:\/\/eldigitaldeasturias.com\/magazine365\/wp-json\/wp\/v2\/posts\/79909","targetHints":{"allow":["GET"]}}],"collection":[{"href":"https:\/\/eldigitaldeasturias.com\/magazine365\/wp-json\/wp\/v2\/posts"}],"about":[{"href":"https:\/\/eldigitaldeasturias.com\/magazine365\/wp-json\/wp\/v2\/types\/post"}],"author":[{"embeddable":true,"href":"https:\/\/eldigitaldeasturias.com\/magazine365\/wp-json\/wp\/v2\/users\/1"}],"replies":[{"embeddable":true,"href":"https:\/\/eldigitaldeasturias.com\/magazine365\/wp-json\/wp\/v2\/comments?post=79909"}],"version-history":[{"count":0,"href":"https:\/\/eldigitaldeasturias.com\/magazine365\/wp-json\/wp\/v2\/posts\/79909\/revisions"}],"wp:featuredmedia":[{"embeddable":true,"href":"https:\/\/eldigitaldeasturias.com\/magazine365\/wp-json\/wp\/v2\/media\/79910"}],"wp:attachment":[{"href":"https:\/\/eldigitaldeasturias.com\/magazine365\/wp-json\/wp\/v2\/media?parent=79909"}],"wp:term":[{"taxonomy":"category","embeddable":true,"href":"https:\/\/eldigitaldeasturias.com\/magazine365\/wp-json\/wp\/v2\/categories?post=79909"},{"taxonomy":"post_tag","embeddable":true,"href":"https:\/\/eldigitaldeasturias.com\/magazine365\/wp-json\/wp\/v2\/tags?post=79909"}],"curies":[{"name":"wp","href":"https:\/\/api.w.org\/{rel}","templated":true}]}}