{"id":79896,"date":"2016-06-17T15:15:25","date_gmt":"2016-06-17T13:15:25","guid":{"rendered":"http:\/\/eldigitaldeasturias.com\/magazine365\/?p=79896"},"modified":"2016-06-17T15:15:25","modified_gmt":"2016-06-17T13:15:25","slug":"el-ayuntamiento-de-cadiz-trabaja-en-la-declaracion-de-zona-de-gran-afluencia-turistica","status":"publish","type":"post","link":"https:\/\/eldigitaldeasturias.com\/magazine365\/el-ayuntamiento-de-cadiz-trabaja-en-la-declaracion-de-zona-de-gran-afluencia-turistica\/","title":{"rendered":"El Ayuntamiento de C\u00e1diz trabaja en la declaraci\u00f3n de Zona de Gran Afluencia Tur\u00edstica"},"content":{"rendered":"<p><img fetchpriority=\"high\" decoding=\"async\" class=\"alignleft size-medium wp-image-79897\" src=\"https:\/\/eldigitaldeasturias.com\/magazine365\/wp-content\/uploads\/2016\/06\/fotonoticia_20160617132710_800-360x270.jpg\" alt=\"fotonoticia_20160617132710_800\" width=\"360\" height=\"270\" srcset=\"https:\/\/eldigitaldeasturias.com\/magazine365\/wp-content\/uploads\/2016\/06\/fotonoticia_20160617132710_800-360x270.jpg 360w, https:\/\/eldigitaldeasturias.com\/magazine365\/wp-content\/uploads\/2016\/06\/fotonoticia_20160617132710_800-650x488.jpg 650w, https:\/\/eldigitaldeasturias.com\/magazine365\/wp-content\/uploads\/2016\/06\/fotonoticia_20160617132710_800-768x576.jpg 768w, https:\/\/eldigitaldeasturias.com\/magazine365\/wp-content\/uploads\/2016\/06\/fotonoticia_20160617132710_800-150x113.jpg 150w, https:\/\/eldigitaldeasturias.com\/magazine365\/wp-content\/uploads\/2016\/06\/fotonoticia_20160617132710_800-450x338.jpg 450w, https:\/\/eldigitaldeasturias.com\/magazine365\/wp-content\/uploads\/2016\/06\/fotonoticia_20160617132710_800-90x67.jpg 90w, https:\/\/eldigitaldeasturias.com\/magazine365\/wp-content\/uploads\/2016\/06\/fotonoticia_20160617132710_800-164x124.jpg 164w, https:\/\/eldigitaldeasturias.com\/magazine365\/wp-content\/uploads\/2016\/06\/fotonoticia_20160617132710_800-100x75.jpg 100w, https:\/\/eldigitaldeasturias.com\/magazine365\/wp-content\/uploads\/2016\/06\/fotonoticia_20160617132710_800.jpg 800w\" sizes=\"(max-width: 360px) 100vw, 360px\" \/>El Ayuntamiento de C\u00e1diz ha aclarado a la Junta de Andaluc\u00eda que \u00abya se ven\u00eda trabajando\u00bb en la declaraci\u00f3n de la ciudad como Zona de Gran Afluencia Tur\u00edstica, se\u00f1alando que se ha solicitado un informe que resuelva favorable o desfavorablemente la aplicaci\u00f3n de esta medida. Asimismo, ha asegurado que escuchar\u00e1 la opini\u00f3n de comerciantes, consumidores y sindicatos al respecto.<\/p>\n<p>Seg\u00fan ha explicado el Ayuntamiento en una nota, tras el anuncio realizado este jueves por la Junta informando de que hab\u00eda instado al equipo de gobierno a realizar \u00abde forma inminente este tr\u00e1mite, la edil de Turismo, Laura Jim\u00e9nez (PCSSP), ha lamentado que el PSOE \u00abvuelva a utilizar las instituciones en las que gobierna para fines electoralistas\u00bb.<\/p>\n<p>En este sentido, ha criticado que \u00aben lugar de realizar una simple llamada\u00bb para abordar el asunto o dirigirse directamente a la Delegaci\u00f3n Municipal de Turismo, \u00ables interesa que se publique un nuevo titular para generar ruido\u00bb.<\/p>\n<p>Jim\u00e9nez ha explicado que si la Administraci\u00f3n auton\u00f3mica \u00abhubiera seguido los cauces formales\u00bb, habr\u00eda conocido que \u00abel Ayuntamiento ya ha solicitado un informe que resuelva favorable o desfavorablemente la aplicaci\u00f3n de esta declaraci\u00f3n\u00bb, apostillando que \u00abla Junta sabe perfectamente que la liberalizaci\u00f3n de horarios tiene una serie de repercusiones en el peque\u00f1o comercio que debe ser valorada\u00bb.<\/p>\n<p>Al respecto, ha abundado que \u00abes necesario escuchar a todas las voces, y por eso precisamente hemos querido implicar en este debate a comerciantes, consumidores y sindicatos. Hemos pedido que den su punto de vista para completar este informe y queremos llevar a cabo una nueva reuni\u00f3n con ellos\u00bb.<\/p>\n<p>Adem\u00e1s, ha resaltado que, seg\u00fan la normativa actual de la propia Junta de Andaluc\u00eda, la Administraci\u00f3n regional podr\u00eda declarar de oficio la liberalizaci\u00f3n de horarios en toda la ciudad para todo el a\u00f1o.<\/p>\n<p>Sin embargo, ha reconocido que esto tendr\u00eda unas repercusiones negativas sobre el peque\u00f1o comercio, agregando que \u00abs\u00f3lo a trav\u00e9s de una petici\u00f3n a trav\u00e9s del Ayuntamiento puede llevarse a cabo una liberalizaci\u00f3n limitada temporal y geogr\u00e1ficamente, esto es, para dos meses y s\u00f3lo el casco hist\u00f3rico\u00bb. \u00abNo obstante, no se trata de una decisi\u00f3n sencilla, no es una cuesti\u00f3n balad\u00ed\u00bb, ha incidido.<\/p>\n<p>Por todo ello, el Ayuntamiento ha pedido la opini\u00f3n sobre este asunto no s\u00f3lo a los comerciantes, sino tambi\u00e9n a la Uni\u00f3n de Consumidores, a Facua y a los sindicatos. \u00abQueremos saber si consideran esta medida favorable o desfavorable. Queremos escuchar a todas las partes y por eso tambi\u00e9n tenemos previsto celebrar una nueva reuni\u00f3n con todos ellos para valorar esta iniciativa\u00bb, a\u00f1adiendo que el Ayuntamiento tambi\u00e9n tiene intenci\u00f3n de solicitar una reuni\u00f3n a la Junta de Andaluc\u00eda.<\/p>\n<p>Finalmente, ha lamentado que el PSOE \u00absiga metiendo a C\u00e1diz en campa\u00f1a y est\u00e9 empe\u00f1ada en tirar al barro a esta ciudad con el \u00fanico objetivo de sacar r\u00e9dito electoral\u00bb, apostillando que, \u00absi tanto le preocupa a la Junta el sector tur\u00edstico\u00bb, alg\u00fan responsable deber\u00eda \u00abexplicar por qu\u00e9 el Teatro Romano lleva nueve a\u00f1os cerrado y por qu\u00e9 la Escuela de Hosteler\u00eda lleva casi tres a\u00f1os sin actividad\u00bb.<\/p>\n","protected":false},"excerpt":{"rendered":"<p>El Ayuntamiento de C\u00e1diz ha aclarado a la Junta de Andaluc\u00eda que \u00abya se ven\u00eda trabajando\u00bb en la declaraci\u00f3n de la ciudad como Zona de Gran Afluencia Tur\u00edstica, se\u00f1alando que se ha solicitado un informe que resuelva favorable o desfavorablemente la aplicaci\u00f3n de esta medida. Asimismo, ha asegurado que escuchar\u00e1 la opini\u00f3n de comerciantes, consumidores<\/p>\n","protected":false},"author":1,"featured_media":79897,"comment_status":"open","ping_status":"closed","sticky":false,"template":"","format":"standard","meta":{"footnotes":""},"categories":[224],"tags":[],"class_list":{"0":"post-79896","1":"post","2":"type-post","3":"status-publish","4":"format-standard","5":"has-post-thumbnail","7":"category-noticias-actualidad"},"aioseo_notices":[],"aioseo_head":"\n\t\t<!-- All in One SEO Pro 4.9.6.1 - aioseo.com -->\n\t<meta name=\"description\" content=\"El Ayuntamiento de C\u00e1diz ha aclarado a la Junta de Andaluc\u00eda que &quot;ya se ven\u00eda trabajando&quot; en la declaraci\u00f3n de la ciudad como Zona de Gran Afluencia Tur\u00edstica, se\u00f1alando que se ha solicitado un informe que resuelva favorable o desfavorablemente la aplicaci\u00f3n de esta medida. Asimismo, ha asegurado que escuchar\u00e1 la opini\u00f3n de comerciantes, consumidores\" \/>\n\t<meta name=\"robots\" content=\"max-image-preview:large\" \/>\n\t<meta name=\"author\" content=\"admin\"\/>\n\t<meta name=\"google-site-verification\" content=\"UA-38556648-1\" \/>\n\t<meta name=\"keywords\" content=\"noticias y actualidad\" \/>\n\t<link rel=\"canonical\" href=\"https:\/\/eldigitaldeasturias.com\/magazine365\/el-ayuntamiento-de-cadiz-trabaja-en-la-declaracion-de-zona-de-gran-afluencia-turistica\/\" \/>\n\t<meta name=\"generator\" content=\"All in One SEO Pro (AIOSEO) 4.9.6.1\" \/>\n\t\t<meta property=\"og:locale\" content=\"es_ES\" \/>\n\t\t<meta property=\"og:site_name\" content=\"El Digital de Asturias \u2013 Revista de ocio, turismo y estilo de vida\" \/>\n\t\t<meta property=\"og:type\" content=\"article\" \/>\n\t\t<meta property=\"og:title\" content=\"El Ayuntamiento de C\u00e1diz trabaja en la declaraci\u00f3n de Zona de Gran Afluencia Tur\u00edstica | El Digital de Asturias\" \/>\n\t\t<meta property=\"og:description\" content=\"El Ayuntamiento de C\u00e1diz ha aclarado a la Junta de Andaluc\u00eda que &quot;ya se ven\u00eda trabajando&quot; en la declaraci\u00f3n de la ciudad como Zona de Gran Afluencia Tur\u00edstica, se\u00f1alando que se ha solicitado un informe que resuelva favorable o desfavorablemente la aplicaci\u00f3n de esta medida. Asimismo, ha asegurado que escuchar\u00e1 la opini\u00f3n de comerciantes, consumidores\" \/>\n\t\t<meta property=\"og:url\" content=\"https:\/\/eldigitaldeasturias.com\/magazine365\/el-ayuntamiento-de-cadiz-trabaja-en-la-declaracion-de-zona-de-gran-afluencia-turistica\/\" \/>\n\t\t<meta property=\"og:image\" content=\"https:\/\/eldigitaldeasturias.com\/magazine365\/wp-content\/uploads\/2016\/06\/fotonoticia_20160617132710_800.jpg\" \/>\n\t\t<meta property=\"og:image:secure_url\" content=\"https:\/\/eldigitaldeasturias.com\/magazine365\/wp-content\/uploads\/2016\/06\/fotonoticia_20160617132710_800.jpg\" \/>\n\t\t<meta property=\"og:image:width\" content=\"800\" \/>\n\t\t<meta property=\"og:image:height\" content=\"600\" \/>\n\t\t<meta property=\"article:published_time\" content=\"2016-06-17T13:15:25+00:00\" \/>\n\t\t<meta property=\"article:modified_time\" content=\"2016-06-17T13:15:25+00:00\" \/>\n\t\t<meta name=\"twitter:card\" content=\"summary_large_image\" \/>\n\t\t<meta name=\"twitter:title\" content=\"El Ayuntamiento de C\u00e1diz trabaja en la declaraci\u00f3n de Zona de Gran Afluencia Tur\u00edstica | El Digital de Asturias\" \/>\n\t\t<meta name=\"twitter:description\" content=\"El Ayuntamiento de C\u00e1diz ha aclarado a la Junta de Andaluc\u00eda que &quot;ya se ven\u00eda trabajando&quot; en la declaraci\u00f3n de la ciudad como Zona de Gran Afluencia Tur\u00edstica, se\u00f1alando que se ha solicitado un informe que resuelva favorable o desfavorablemente la aplicaci\u00f3n de esta medida. Asimismo, ha asegurado que escuchar\u00e1 la opini\u00f3n de comerciantes, consumidores\" \/>\n\t\t<meta name=\"twitter:image\" content=\"https:\/\/eldigitaldeasturias.com\/magazine365\/wp-content\/uploads\/2016\/06\/fotonoticia_20160617132710_800.jpg\" \/>\n\t\t<script type=\"application\/ld+json\" class=\"aioseo-schema\">\n\t\t\t{\"@context\":\"https:\\\/\\\/schema.org\",\"@graph\":[{\"@type\":\"Article\",\"@id\":\"https:\\\/\\\/eldigitaldeasturias.com\\\/magazine365\\\/el-ayuntamiento-de-cadiz-trabaja-en-la-declaracion-de-zona-de-gran-afluencia-turistica\\\/#article\",\"name\":\"El Ayuntamiento de C\\u00e1diz trabaja en la declaraci\\u00f3n de Zona de Gran Afluencia Tur\\u00edstica | El Digital de Asturias\",\"headline\":\"El Ayuntamiento de C\\u00e1diz trabaja en la declaraci\\u00f3n de Zona de Gran Afluencia Tur\\u00edstica\",\"author\":{\"@id\":\"https:\\\/\\\/eldigitaldeasturias.com\\\/magazine365\\\/author\\\/admin\\\/#author\"},\"publisher\":{\"@id\":\"https:\\\/\\\/eldigitaldeasturias.com\\\/magazine365\\\/#organization\"},\"image\":{\"@type\":\"ImageObject\",\"url\":\"https:\\\/\\\/eldigitaldeasturias.com\\\/magazine365\\\/wp-content\\\/uploads\\\/2016\\\/06\\\/fotonoticia_20160617132710_800.jpg\",\"width\":800,\"height\":600},\"datePublished\":\"2016-06-17T15:15:25+02:00\",\"dateModified\":\"2016-06-17T15:15:25+02:00\",\"inLanguage\":\"es-ES\",\"mainEntityOfPage\":{\"@id\":\"https:\\\/\\\/eldigitaldeasturias.com\\\/magazine365\\\/el-ayuntamiento-de-cadiz-trabaja-en-la-declaracion-de-zona-de-gran-afluencia-turistica\\\/#webpage\"},\"isPartOf\":{\"@id\":\"https:\\\/\\\/eldigitaldeasturias.com\\\/magazine365\\\/el-ayuntamiento-de-cadiz-trabaja-en-la-declaracion-de-zona-de-gran-afluencia-turistica\\\/#webpage\"},\"articleSection\":\"Noticias y Actualidad\"},{\"@type\":\"BreadcrumbList\",\"@id\":\"https:\\\/\\\/eldigitaldeasturias.com\\\/magazine365\\\/el-ayuntamiento-de-cadiz-trabaja-en-la-declaracion-de-zona-de-gran-afluencia-turistica\\\/#breadcrumblist\",\"itemListElement\":[{\"@type\":\"ListItem\",\"@id\":\"https:\\\/\\\/eldigitaldeasturias.com\\\/magazine365#listItem\",\"position\":1,\"name\":\"Home\",\"item\":\"https:\\\/\\\/eldigitaldeasturias.com\\\/magazine365\",\"nextItem\":{\"@type\":\"ListItem\",\"@id\":\"https:\\\/\\\/eldigitaldeasturias.com\\\/magazine365\\\/category\\\/noticias-actualidad\\\/#listItem\",\"name\":\"Noticias y Actualidad\"}},{\"@type\":\"ListItem\",\"@id\":\"https:\\\/\\\/eldigitaldeasturias.com\\\/magazine365\\\/category\\\/noticias-actualidad\\\/#listItem\",\"position\":2,\"name\":\"Noticias y Actualidad\",\"item\":\"https:\\\/\\\/eldigitaldeasturias.com\\\/magazine365\\\/category\\\/noticias-actualidad\\\/\",\"nextItem\":{\"@type\":\"ListItem\",\"@id\":\"https:\\\/\\\/eldigitaldeasturias.com\\\/magazine365\\\/el-ayuntamiento-de-cadiz-trabaja-en-la-declaracion-de-zona-de-gran-afluencia-turistica\\\/#listItem\",\"name\":\"El Ayuntamiento de C\\u00e1diz trabaja en la declaraci\\u00f3n de Zona de Gran Afluencia Tur\\u00edstica\"},\"previousItem\":{\"@type\":\"ListItem\",\"@id\":\"https:\\\/\\\/eldigitaldeasturias.com\\\/magazine365#listItem\",\"name\":\"Home\"}},{\"@type\":\"ListItem\",\"@id\":\"https:\\\/\\\/eldigitaldeasturias.com\\\/magazine365\\\/el-ayuntamiento-de-cadiz-trabaja-en-la-declaracion-de-zona-de-gran-afluencia-turistica\\\/#listItem\",\"position\":3,\"name\":\"El Ayuntamiento de C\\u00e1diz trabaja en la declaraci\\u00f3n de Zona de Gran Afluencia Tur\\u00edstica\",\"previousItem\":{\"@type\":\"ListItem\",\"@id\":\"https:\\\/\\\/eldigitaldeasturias.com\\\/magazine365\\\/category\\\/noticias-actualidad\\\/#listItem\",\"name\":\"Noticias y Actualidad\"}}]},{\"@type\":\"Organization\",\"@id\":\"https:\\\/\\\/eldigitaldeasturias.com\\\/magazine365\\\/#organization\",\"name\":\"El digital de Asturias\",\"description\":\"Revista de ocio, turismo y estilo de vida\",\"url\":\"https:\\\/\\\/eldigitaldeasturias.com\\\/magazine365\\\/\",\"logo\":{\"@type\":\"ImageObject\",\"url\":\"https:\\\/\\\/www.eldigitaldeasturias.com\\\/noticias\\\/wp-content\\\/uploads\\\/2020\\\/12\\\/EDA.jpg\",\"@id\":\"https:\\\/\\\/eldigitaldeasturias.com\\\/magazine365\\\/el-ayuntamiento-de-cadiz-trabaja-en-la-declaracion-de-zona-de-gran-afluencia-turistica\\\/#organizationLogo\"},\"image\":{\"@id\":\"https:\\\/\\\/eldigitaldeasturias.com\\\/magazine365\\\/el-ayuntamiento-de-cadiz-trabaja-en-la-declaracion-de-zona-de-gran-afluencia-turistica\\\/#organizationLogo\"}},{\"@type\":\"Person\",\"@id\":\"https:\\\/\\\/eldigitaldeasturias.com\\\/magazine365\\\/author\\\/admin\\\/#author\",\"url\":\"https:\\\/\\\/eldigitaldeasturias.com\\\/magazine365\\\/author\\\/admin\\\/\",\"name\":\"admin\",\"image\":{\"@type\":\"ImageObject\",\"@id\":\"https:\\\/\\\/eldigitaldeasturias.com\\\/magazine365\\\/el-ayuntamiento-de-cadiz-trabaja-en-la-declaracion-de-zona-de-gran-afluencia-turistica\\\/#authorImage\",\"url\":\"https:\\\/\\\/eldigitaldeasturias.com\\\/magazine365\\\/wp-content\\\/litespeed\\\/avatar\\\/e571bcf59a0edd6fa6838245a470f2fe.jpg?ver=1776969259\",\"width\":96,\"height\":96,\"caption\":\"admin\"}},{\"@type\":\"WebPage\",\"@id\":\"https:\\\/\\\/eldigitaldeasturias.com\\\/magazine365\\\/el-ayuntamiento-de-cadiz-trabaja-en-la-declaracion-de-zona-de-gran-afluencia-turistica\\\/#webpage\",\"url\":\"https:\\\/\\\/eldigitaldeasturias.com\\\/magazine365\\\/el-ayuntamiento-de-cadiz-trabaja-en-la-declaracion-de-zona-de-gran-afluencia-turistica\\\/\",\"name\":\"El Ayuntamiento de C\\u00e1diz trabaja en la declaraci\\u00f3n de Zona de Gran Afluencia Tur\\u00edstica | El Digital de Asturias\",\"description\":\"El Ayuntamiento de C\\u00e1diz ha aclarado a la Junta de Andaluc\\u00eda que \\\"ya se ven\\u00eda trabajando\\\" en la declaraci\\u00f3n de la ciudad como Zona de Gran Afluencia Tur\\u00edstica, se\\u00f1alando que se ha solicitado un informe que resuelva favorable o desfavorablemente la aplicaci\\u00f3n de esta medida. Asimismo, ha asegurado que escuchar\\u00e1 la opini\\u00f3n de comerciantes, consumidores\",\"inLanguage\":\"es-ES\",\"isPartOf\":{\"@id\":\"https:\\\/\\\/eldigitaldeasturias.com\\\/magazine365\\\/#website\"},\"breadcrumb\":{\"@id\":\"https:\\\/\\\/eldigitaldeasturias.com\\\/magazine365\\\/el-ayuntamiento-de-cadiz-trabaja-en-la-declaracion-de-zona-de-gran-afluencia-turistica\\\/#breadcrumblist\"},\"author\":{\"@id\":\"https:\\\/\\\/eldigitaldeasturias.com\\\/magazine365\\\/author\\\/admin\\\/#author\"},\"creator\":{\"@id\":\"https:\\\/\\\/eldigitaldeasturias.com\\\/magazine365\\\/author\\\/admin\\\/#author\"},\"image\":{\"@type\":\"ImageObject\",\"url\":\"https:\\\/\\\/eldigitaldeasturias.com\\\/magazine365\\\/wp-content\\\/uploads\\\/2016\\\/06\\\/fotonoticia_20160617132710_800.jpg\",\"@id\":\"https:\\\/\\\/eldigitaldeasturias.com\\\/magazine365\\\/el-ayuntamiento-de-cadiz-trabaja-en-la-declaracion-de-zona-de-gran-afluencia-turistica\\\/#mainImage\",\"width\":800,\"height\":600},\"primaryImageOfPage\":{\"@id\":\"https:\\\/\\\/eldigitaldeasturias.com\\\/magazine365\\\/el-ayuntamiento-de-cadiz-trabaja-en-la-declaracion-de-zona-de-gran-afluencia-turistica\\\/#mainImage\"},\"datePublished\":\"2016-06-17T15:15:25+02:00\",\"dateModified\":\"2016-06-17T15:15:25+02:00\"},{\"@type\":\"WebSite\",\"@id\":\"https:\\\/\\\/eldigitaldeasturias.com\\\/magazine365\\\/#website\",\"url\":\"https:\\\/\\\/eldigitaldeasturias.com\\\/magazine365\\\/\",\"name\":\"El Digital de Asturias\",\"description\":\"Revista de ocio, turismo y estilo de vida\",\"inLanguage\":\"es-ES\",\"publisher\":{\"@id\":\"https:\\\/\\\/eldigitaldeasturias.com\\\/magazine365\\\/#organization\"}}]}\n\t\t<\/script>\n\t\t<!-- All in One SEO Pro -->\r\n\t\t<title>El Ayuntamiento de C\u00e1diz trabaja en la declaraci\u00f3n de Zona de Gran Afluencia Tur\u00edstica | El Digital de Asturias<\/title>\n\n","aioseo_head_json":{"title":"El Ayuntamiento de C\u00e1diz trabaja en la declaraci\u00f3n de Zona de Gran Afluencia Tur\u00edstica | El Digital de Asturias","description":"El Ayuntamiento de C\u00e1diz ha aclarado a la Junta de Andaluc\u00eda que \"ya se ven\u00eda trabajando\" en la declaraci\u00f3n de la ciudad como Zona de Gran Afluencia Tur\u00edstica, se\u00f1alando que se ha solicitado un informe que resuelva favorable o desfavorablemente la aplicaci\u00f3n de esta medida. Asimismo, ha asegurado que escuchar\u00e1 la opini\u00f3n de comerciantes, consumidores","canonical_url":"https:\/\/eldigitaldeasturias.com\/magazine365\/el-ayuntamiento-de-cadiz-trabaja-en-la-declaracion-de-zona-de-gran-afluencia-turistica\/","robots":"max-image-preview:large","keywords":"noticias y actualidad","webmasterTools":{"google-site-verification":"UA-38556648-1","miscellaneous":""},"schema":{"@context":"https:\/\/schema.org","@graph":[{"@type":"Article","@id":"https:\/\/eldigitaldeasturias.com\/magazine365\/el-ayuntamiento-de-cadiz-trabaja-en-la-declaracion-de-zona-de-gran-afluencia-turistica\/#article","name":"El Ayuntamiento de C\u00e1diz trabaja en la declaraci\u00f3n de Zona de Gran Afluencia Tur\u00edstica | El Digital de Asturias","headline":"El Ayuntamiento de C\u00e1diz trabaja en la declaraci\u00f3n de Zona de Gran Afluencia Tur\u00edstica","author":{"@id":"https:\/\/eldigitaldeasturias.com\/magazine365\/author\/admin\/#author"},"publisher":{"@id":"https:\/\/eldigitaldeasturias.com\/magazine365\/#organization"},"image":{"@type":"ImageObject","url":"https:\/\/eldigitaldeasturias.com\/magazine365\/wp-content\/uploads\/2016\/06\/fotonoticia_20160617132710_800.jpg","width":800,"height":600},"datePublished":"2016-06-17T15:15:25+02:00","dateModified":"2016-06-17T15:15:25+02:00","inLanguage":"es-ES","mainEntityOfPage":{"@id":"https:\/\/eldigitaldeasturias.com\/magazine365\/el-ayuntamiento-de-cadiz-trabaja-en-la-declaracion-de-zona-de-gran-afluencia-turistica\/#webpage"},"isPartOf":{"@id":"https:\/\/eldigitaldeasturias.com\/magazine365\/el-ayuntamiento-de-cadiz-trabaja-en-la-declaracion-de-zona-de-gran-afluencia-turistica\/#webpage"},"articleSection":"Noticias y Actualidad"},{"@type":"BreadcrumbList","@id":"https:\/\/eldigitaldeasturias.com\/magazine365\/el-ayuntamiento-de-cadiz-trabaja-en-la-declaracion-de-zona-de-gran-afluencia-turistica\/#breadcrumblist","itemListElement":[{"@type":"ListItem","@id":"https:\/\/eldigitaldeasturias.com\/magazine365#listItem","position":1,"name":"Home","item":"https:\/\/eldigitaldeasturias.com\/magazine365","nextItem":{"@type":"ListItem","@id":"https:\/\/eldigitaldeasturias.com\/magazine365\/category\/noticias-actualidad\/#listItem","name":"Noticias y Actualidad"}},{"@type":"ListItem","@id":"https:\/\/eldigitaldeasturias.com\/magazine365\/category\/noticias-actualidad\/#listItem","position":2,"name":"Noticias y Actualidad","item":"https:\/\/eldigitaldeasturias.com\/magazine365\/category\/noticias-actualidad\/","nextItem":{"@type":"ListItem","@id":"https:\/\/eldigitaldeasturias.com\/magazine365\/el-ayuntamiento-de-cadiz-trabaja-en-la-declaracion-de-zona-de-gran-afluencia-turistica\/#listItem","name":"El Ayuntamiento de C\u00e1diz trabaja en la declaraci\u00f3n de Zona de Gran Afluencia Tur\u00edstica"},"previousItem":{"@type":"ListItem","@id":"https:\/\/eldigitaldeasturias.com\/magazine365#listItem","name":"Home"}},{"@type":"ListItem","@id":"https:\/\/eldigitaldeasturias.com\/magazine365\/el-ayuntamiento-de-cadiz-trabaja-en-la-declaracion-de-zona-de-gran-afluencia-turistica\/#listItem","position":3,"name":"El Ayuntamiento de C\u00e1diz trabaja en la declaraci\u00f3n de Zona de Gran Afluencia Tur\u00edstica","previousItem":{"@type":"ListItem","@id":"https:\/\/eldigitaldeasturias.com\/magazine365\/category\/noticias-actualidad\/#listItem","name":"Noticias y Actualidad"}}]},{"@type":"Organization","@id":"https:\/\/eldigitaldeasturias.com\/magazine365\/#organization","name":"El digital de Asturias","description":"Revista de ocio, turismo y estilo de vida","url":"https:\/\/eldigitaldeasturias.com\/magazine365\/","logo":{"@type":"ImageObject","url":"https:\/\/www.eldigitaldeasturias.com\/noticias\/wp-content\/uploads\/2020\/12\/EDA.jpg","@id":"https:\/\/eldigitaldeasturias.com\/magazine365\/el-ayuntamiento-de-cadiz-trabaja-en-la-declaracion-de-zona-de-gran-afluencia-turistica\/#organizationLogo"},"image":{"@id":"https:\/\/eldigitaldeasturias.com\/magazine365\/el-ayuntamiento-de-cadiz-trabaja-en-la-declaracion-de-zona-de-gran-afluencia-turistica\/#organizationLogo"}},{"@type":"Person","@id":"https:\/\/eldigitaldeasturias.com\/magazine365\/author\/admin\/#author","url":"https:\/\/eldigitaldeasturias.com\/magazine365\/author\/admin\/","name":"admin","image":{"@type":"ImageObject","@id":"https:\/\/eldigitaldeasturias.com\/magazine365\/el-ayuntamiento-de-cadiz-trabaja-en-la-declaracion-de-zona-de-gran-afluencia-turistica\/#authorImage","url":"https:\/\/eldigitaldeasturias.com\/magazine365\/wp-content\/litespeed\/avatar\/e571bcf59a0edd6fa6838245a470f2fe.jpg?ver=1776969259","width":96,"height":96,"caption":"admin"}},{"@type":"WebPage","@id":"https:\/\/eldigitaldeasturias.com\/magazine365\/el-ayuntamiento-de-cadiz-trabaja-en-la-declaracion-de-zona-de-gran-afluencia-turistica\/#webpage","url":"https:\/\/eldigitaldeasturias.com\/magazine365\/el-ayuntamiento-de-cadiz-trabaja-en-la-declaracion-de-zona-de-gran-afluencia-turistica\/","name":"El Ayuntamiento de C\u00e1diz trabaja en la declaraci\u00f3n de Zona de Gran Afluencia Tur\u00edstica | El Digital de Asturias","description":"El Ayuntamiento de C\u00e1diz ha aclarado a la Junta de Andaluc\u00eda que \"ya se ven\u00eda trabajando\" en la declaraci\u00f3n de la ciudad como Zona de Gran Afluencia Tur\u00edstica, se\u00f1alando que se ha solicitado un informe que resuelva favorable o desfavorablemente la aplicaci\u00f3n de esta medida. Asimismo, ha asegurado que escuchar\u00e1 la opini\u00f3n de comerciantes, consumidores","inLanguage":"es-ES","isPartOf":{"@id":"https:\/\/eldigitaldeasturias.com\/magazine365\/#website"},"breadcrumb":{"@id":"https:\/\/eldigitaldeasturias.com\/magazine365\/el-ayuntamiento-de-cadiz-trabaja-en-la-declaracion-de-zona-de-gran-afluencia-turistica\/#breadcrumblist"},"author":{"@id":"https:\/\/eldigitaldeasturias.com\/magazine365\/author\/admin\/#author"},"creator":{"@id":"https:\/\/eldigitaldeasturias.com\/magazine365\/author\/admin\/#author"},"image":{"@type":"ImageObject","url":"https:\/\/eldigitaldeasturias.com\/magazine365\/wp-content\/uploads\/2016\/06\/fotonoticia_20160617132710_800.jpg","@id":"https:\/\/eldigitaldeasturias.com\/magazine365\/el-ayuntamiento-de-cadiz-trabaja-en-la-declaracion-de-zona-de-gran-afluencia-turistica\/#mainImage","width":800,"height":600},"primaryImageOfPage":{"@id":"https:\/\/eldigitaldeasturias.com\/magazine365\/el-ayuntamiento-de-cadiz-trabaja-en-la-declaracion-de-zona-de-gran-afluencia-turistica\/#mainImage"},"datePublished":"2016-06-17T15:15:25+02:00","dateModified":"2016-06-17T15:15:25+02:00"},{"@type":"WebSite","@id":"https:\/\/eldigitaldeasturias.com\/magazine365\/#website","url":"https:\/\/eldigitaldeasturias.com\/magazine365\/","name":"El Digital de Asturias","description":"Revista de ocio, turismo y estilo de vida","inLanguage":"es-ES","publisher":{"@id":"https:\/\/eldigitaldeasturias.com\/magazine365\/#organization"}}]},"og:locale":"es_ES","og:site_name":"El Digital de Asturias \u2013 Revista de ocio, turismo y estilo de vida","og:type":"article","og:title":"El Ayuntamiento de C\u00e1diz trabaja en la declaraci\u00f3n de Zona de Gran Afluencia Tur\u00edstica | El Digital de Asturias","og:description":"El Ayuntamiento de C\u00e1diz ha aclarado a la Junta de Andaluc\u00eda que &quot;ya se ven\u00eda trabajando&quot; en la declaraci\u00f3n de la ciudad como Zona de Gran Afluencia Tur\u00edstica, se\u00f1alando que se ha solicitado un informe que resuelva favorable o desfavorablemente la aplicaci\u00f3n de esta medida. Asimismo, ha asegurado que escuchar\u00e1 la opini\u00f3n de comerciantes, consumidores","og:url":"https:\/\/eldigitaldeasturias.com\/magazine365\/el-ayuntamiento-de-cadiz-trabaja-en-la-declaracion-de-zona-de-gran-afluencia-turistica\/","og:image":"https:\/\/eldigitaldeasturias.com\/magazine365\/wp-content\/uploads\/2016\/06\/fotonoticia_20160617132710_800.jpg","og:image:secure_url":"https:\/\/eldigitaldeasturias.com\/magazine365\/wp-content\/uploads\/2016\/06\/fotonoticia_20160617132710_800.jpg","og:image:width":800,"og:image:height":600,"article:published_time":"2016-06-17T13:15:25+00:00","article:modified_time":"2016-06-17T13:15:25+00:00","twitter:card":"summary_large_image","twitter:title":"El Ayuntamiento de C\u00e1diz trabaja en la declaraci\u00f3n de Zona de Gran Afluencia Tur\u00edstica | El Digital de Asturias","twitter:description":"El Ayuntamiento de C\u00e1diz ha aclarado a la Junta de Andaluc\u00eda que &quot;ya se ven\u00eda trabajando&quot; en la declaraci\u00f3n de la ciudad como Zona de Gran Afluencia Tur\u00edstica, se\u00f1alando que se ha solicitado un informe que resuelva favorable o desfavorablemente la aplicaci\u00f3n de esta medida. Asimismo, ha asegurado que escuchar\u00e1 la opini\u00f3n de comerciantes, consumidores","twitter:image":"https:\/\/eldigitaldeasturias.com\/magazine365\/wp-content\/uploads\/2016\/06\/fotonoticia_20160617132710_800.jpg"},"aioseo_meta_data":{"post_id":"79896","title":null,"description":null,"keywords":null,"keyphrases":null,"primary_term":null,"canonical_url":null,"og_title":null,"og_description":null,"og_object_type":"default","og_image_type":"default","og_image_url":null,"og_image_width":null,"og_image_height":null,"og_image_custom_url":null,"og_image_custom_fields":null,"og_video":null,"og_custom_url":null,"og_article_section":null,"og_article_tags":null,"twitter_use_og":false,"twitter_card":"default","twitter_image_type":"default","twitter_image_url":null,"twitter_image_custom_url":null,"twitter_image_custom_fields":null,"twitter_title":null,"twitter_description":null,"schema":{"blockGraphs":[],"customGraphs":[],"default":{"data":{"Article":[],"Course":[],"Dataset":[],"FAQPage":[],"Movie":[],"Person":[],"Product":[],"ProductReview":[],"Car":[],"Recipe":[],"Service":[],"SoftwareApplication":[],"WebPage":[]},"graphName":"","isEnabled":true},"graphs":[],"defaultGraph":"","defaultPostTypeGraph":""},"schema_type":null,"schema_type_options":null,"pillar_content":false,"robots_default":true,"robots_noindex":false,"robots_noarchive":false,"robots_nosnippet":false,"robots_nofollow":false,"robots_noimageindex":false,"robots_noodp":false,"robots_notranslate":false,"robots_max_snippet":null,"robots_max_videopreview":null,"robots_max_imagepreview":"large","priority":null,"frequency":null,"location":null,"local_seo":null,"seo_analyzer_scan_date":"2025-09-27 19:46:35","breadcrumb_settings":null,"limit_modified_date":false,"open_ai":null,"ai":null,"created":"2021-03-08 17:41:34","updated":"2025-09-27 19:46:35"},"aioseo_breadcrumb":"<div class=\"aioseo-breadcrumbs\"><span class=\"aioseo-breadcrumb\">\n\t<a href=\"https:\/\/eldigitaldeasturias.com\/magazine365\" title=\"Home\">Home<\/a>\n<\/span><span class=\"aioseo-breadcrumb-separator\">\u2013<\/span><span class=\"aioseo-breadcrumb\">\n\t<a href=\"https:\/\/eldigitaldeasturias.com\/magazine365\/category\/noticias-actualidad\/\" title=\"Noticias y Actualidad\">Noticias y Actualidad<\/a>\n<\/span><span class=\"aioseo-breadcrumb-separator\">\u2013<\/span><span class=\"aioseo-breadcrumb\">\n\t<a href=\"https:\/\/eldigitaldeasturias.com\/magazine365\/el-ayuntamiento-de-cadiz-trabaja-en-la-declaracion-de-zona-de-gran-afluencia-turistica\/\" title=\"El Ayuntamiento de C\u00e1diz trabaja en la declaraci\u00f3n de Zona de Gran Afluencia Tur\u00edstica\">El Ayuntamiento de C\u00e1diz trabaja en la declaraci\u00f3n de Zona de Gran Afluencia Tur\u00edstica<\/a>\n<\/span><\/div>","aioseo_breadcrumb_json":[{"label":"Home","link":"https:\/\/eldigitaldeasturias.com\/magazine365"},{"label":"Noticias y Actualidad","link":"https:\/\/eldigitaldeasturias.com\/magazine365\/category\/noticias-actualidad\/"},{"label":"El Ayuntamiento de C\u00e1diz trabaja en la declaraci\u00f3n de Zona de Gran Afluencia Tur\u00edstica","link":"https:\/\/eldigitaldeasturias.com\/magazine365\/el-ayuntamiento-de-cadiz-trabaja-en-la-declaracion-de-zona-de-gran-afluencia-turistica\/"}],"_links":{"self":[{"href":"https:\/\/eldigitaldeasturias.com\/magazine365\/wp-json\/wp\/v2\/posts\/79896","targetHints":{"allow":["GET"]}}],"collection":[{"href":"https:\/\/eldigitaldeasturias.com\/magazine365\/wp-json\/wp\/v2\/posts"}],"about":[{"href":"https:\/\/eldigitaldeasturias.com\/magazine365\/wp-json\/wp\/v2\/types\/post"}],"author":[{"embeddable":true,"href":"https:\/\/eldigitaldeasturias.com\/magazine365\/wp-json\/wp\/v2\/users\/1"}],"replies":[{"embeddable":true,"href":"https:\/\/eldigitaldeasturias.com\/magazine365\/wp-json\/wp\/v2\/comments?post=79896"}],"version-history":[{"count":0,"href":"https:\/\/eldigitaldeasturias.com\/magazine365\/wp-json\/wp\/v2\/posts\/79896\/revisions"}],"wp:featuredmedia":[{"embeddable":true,"href":"https:\/\/eldigitaldeasturias.com\/magazine365\/wp-json\/wp\/v2\/media\/79897"}],"wp:attachment":[{"href":"https:\/\/eldigitaldeasturias.com\/magazine365\/wp-json\/wp\/v2\/media?parent=79896"}],"wp:term":[{"taxonomy":"category","embeddable":true,"href":"https:\/\/eldigitaldeasturias.com\/magazine365\/wp-json\/wp\/v2\/categories?post=79896"},{"taxonomy":"post_tag","embeddable":true,"href":"https:\/\/eldigitaldeasturias.com\/magazine365\/wp-json\/wp\/v2\/tags?post=79896"}],"curies":[{"name":"wp","href":"https:\/\/api.w.org\/{rel}","templated":true}]}}