{"id":79893,"date":"2016-06-17T15:14:07","date_gmt":"2016-06-17T13:14:07","guid":{"rendered":"http:\/\/eldigitaldeasturias.com\/magazine365\/?p=79893"},"modified":"2016-06-17T15:14:07","modified_gmt":"2016-06-17T13:14:07","slug":"el-gobierno-afirma-que-espana-puede-encarar-el-brexit-con-mayor-solvencia-que-hace-anos","status":"publish","type":"post","link":"https:\/\/eldigitaldeasturias.com\/magazine365\/el-gobierno-afirma-que-espana-puede-encarar-el-brexit-con-mayor-solvencia-que-hace-anos\/","title":{"rendered":"El Gobierno afirma que Espa\u00f1a puede encarar el &#8216;Brexit&#8217; con \u00abmayor solvencia\u00bb que hace a\u00f1os"},"content":{"rendered":"<p><img fetchpriority=\"high\" decoding=\"async\" class=\"alignleft size-medium wp-image-79894\" src=\"https:\/\/eldigitaldeasturias.com\/magazine365\/wp-content\/uploads\/2016\/06\/fotonoticia_20160617132703_800-360x240.jpg\" alt=\"fotonoticia_20160617132703_800\" width=\"360\" height=\"240\" srcset=\"https:\/\/eldigitaldeasturias.com\/magazine365\/wp-content\/uploads\/2016\/06\/fotonoticia_20160617132703_800-360x240.jpg 360w, https:\/\/eldigitaldeasturias.com\/magazine365\/wp-content\/uploads\/2016\/06\/fotonoticia_20160617132703_800-650x433.jpg 650w, https:\/\/eldigitaldeasturias.com\/magazine365\/wp-content\/uploads\/2016\/06\/fotonoticia_20160617132703_800-768x512.jpg 768w, https:\/\/eldigitaldeasturias.com\/magazine365\/wp-content\/uploads\/2016\/06\/fotonoticia_20160617132703_800-150x100.jpg 150w, https:\/\/eldigitaldeasturias.com\/magazine365\/wp-content\/uploads\/2016\/06\/fotonoticia_20160617132703_800-450x300.jpg 450w, https:\/\/eldigitaldeasturias.com\/magazine365\/wp-content\/uploads\/2016\/06\/fotonoticia_20160617132703_800-101x66.jpg 101w, https:\/\/eldigitaldeasturias.com\/magazine365\/wp-content\/uploads\/2016\/06\/fotonoticia_20160617132703_800.jpg 800w\" sizes=\"(max-width: 360px) 100vw, 360px\" \/>La vicepresidenta del Gobierno en funciones, Soraya S\u00e1enz de Santamar\u00eda, ha advertido este viernes de que el &#8216;Brexit&#8217; \u00abno ser\u00eda bueno para nadie\u00bb, si bien ha afirmado que Espa\u00f1a presenta una situaci\u00f3n econ\u00f3mica \u00abmucho mejor\u00bb que hace unos a\u00f1os, lo que le permite encarar dificultades de este tipo con una \u00abmayor solvencia\u00bb que un tiempo atr\u00e1s.<\/p>\n<p>As\u00ed lo ha se\u00f1alado S\u00e1enz de Santamar\u00eda en la rueda de prensa posterior al Consejo de Ministros al ser preguntada por el perjuicio que supondr\u00eda un resultado favorable a la salida del Reino Unido de la Uni\u00f3n Europea (UE) en el refer\u00e9ndum que se celebrar\u00e1 en el pa\u00eds anglosaj\u00f3n el pr\u00f3ximo jueves.<\/p>\n<p>\u00abLa salida no ser\u00eda buena para nadie, pero especialmente no lo ser\u00eda para el Reino Unido\u00bb, ha apostillado S\u00e1enz de Santamar\u00eda, quien sin embargo ha destacado que la situaci\u00f3n econ\u00f3mica de Espa\u00f1a est\u00e1 \u00abmucho mejor\u00bb que durante los a\u00f1os de la crisis, lo que permite \u00abencarar cualquier tipo de dificultades con una mayor solvencia que hace unos a\u00f1os\u00bb.<\/p>\n<p>En esta l\u00ednea, ha subrayado la importancia de la reforma financiera y el saneamiento de las entidades de cr\u00e9dito ante momentos de \u00abincertidumbre\u00bb como el del refer\u00e9ndum en Reino Unido, al permitir \u00abafrontarla desde una mejor posici\u00f3n\u00bb.<\/p>\n<p>En todo caso, S\u00e1enz de Santamar\u00eda ha abogado por dirigir el \u00abesfuerzo\u00bb en poner en valor lo que supone la permanencia de Reino Unido para todos los europeos \u00aben t\u00e9rminos de paz, libertad, desarrollo econ\u00f3mico y social, de avance en un mundo cada vez m\u00e1s globalizado\u00bb y \u00abtransmitirlo as\u00ed a las autoridades brit\u00e1nicas y al pueblo brit\u00e1nico\u00bb.<\/p>\n<h2 class=\"ladillo\">SEGUIMIENTO DEL BREXIT POR PARTE DE LOS MINISTERIOS<\/h2>\n<p>Por ello, ha detallado que los distintos ministerios espa\u00f1oles, especialmente el Ministerio de Asuntos Exteriores y Cooperaci\u00f3n y el departamento de Econom\u00eda y Competitividad, pero tambi\u00e9n los de Empleo y Sanidad, llevan un tiempo en \u00abcomunicaci\u00f3n muy constante\u00bb para \u00abanalizar la situaci\u00f3n\u00bb y tener \u00abmuy presente\u00bb que es \u00abfundamental\u00bb transmitir \u00abun mensaje muy claro de apoyo de permanencia del Reino Unido en la UE\u00bb.<\/p>\n<p>\u00abSer\u00eda lo mejor para el Reino Unido, Espa\u00f1a y el conjunto de la UE\u00bb, ha subrayado.<\/p>\n<p>La vicepresidenta y portavoz del Gobierno en funciones ha insistido en la necesidad de dar la \u00abm\u00e1xima informaci\u00f3n\u00bb a los ciudadanos de lo que supondr\u00eda \u00abuna u otra decisi\u00f3n\u00bb por parte de los brit\u00e1nicos y sus instituciones.<\/p>\n","protected":false},"excerpt":{"rendered":"<p>La vicepresidenta del Gobierno en funciones, Soraya S\u00e1enz de Santamar\u00eda, ha advertido este viernes de que el &#8216;Brexit&#8217; \u00abno ser\u00eda bueno para nadie\u00bb, si bien ha afirmado que Espa\u00f1a presenta una situaci\u00f3n econ\u00f3mica \u00abmucho mejor\u00bb que hace unos a\u00f1os, lo que le permite encarar dificultades de este tipo con una \u00abmayor solvencia\u00bb que un tiempo<\/p>\n","protected":false},"author":1,"featured_media":79894,"comment_status":"open","ping_status":"closed","sticky":false,"template":"","format":"standard","meta":{"footnotes":""},"categories":[224],"tags":[],"class_list":{"0":"post-79893","1":"post","2":"type-post","3":"status-publish","4":"format-standard","5":"has-post-thumbnail","7":"category-noticias-actualidad"},"aioseo_notices":[],"aioseo_head":"\n\t\t<!-- All in One SEO Pro 4.9.6.1 - aioseo.com -->\n\t<meta name=\"description\" content=\"La vicepresidenta del Gobierno en funciones, Soraya S\u00e1enz de Santamar\u00eda, ha advertido este viernes de que el &#039;Brexit&#039; &quot;no ser\u00eda bueno para nadie&quot;, si bien ha afirmado que Espa\u00f1a presenta una situaci\u00f3n econ\u00f3mica &quot;mucho mejor&quot; que hace unos a\u00f1os, lo que le permite encarar dificultades de este tipo con una &quot;mayor solvencia&quot; que un tiempo\" \/>\n\t<meta name=\"robots\" content=\"max-image-preview:large\" \/>\n\t<meta name=\"author\" content=\"admin\"\/>\n\t<meta name=\"google-site-verification\" content=\"UA-38556648-1\" \/>\n\t<meta name=\"keywords\" content=\"noticias y actualidad\" \/>\n\t<link rel=\"canonical\" href=\"https:\/\/eldigitaldeasturias.com\/magazine365\/el-gobierno-afirma-que-espana-puede-encarar-el-brexit-con-mayor-solvencia-que-hace-anos\/\" \/>\n\t<meta name=\"generator\" content=\"All in One SEO Pro (AIOSEO) 4.9.6.1\" \/>\n\t\t<meta property=\"og:locale\" content=\"es_ES\" \/>\n\t\t<meta property=\"og:site_name\" content=\"El Digital de Asturias \u2013 Revista de ocio, turismo y estilo de vida\" \/>\n\t\t<meta property=\"og:type\" content=\"article\" \/>\n\t\t<meta property=\"og:title\" content=\"El Gobierno afirma que Espa\u00f1a puede encarar el \u2018Brexit\u2019 con \u00abmayor solvencia\u00bb que hace a\u00f1os | El Digital de Asturias\" \/>\n\t\t<meta property=\"og:description\" content=\"La vicepresidenta del Gobierno en funciones, Soraya S\u00e1enz de Santamar\u00eda, ha advertido este viernes de que el &#039;Brexit&#039; &quot;no ser\u00eda bueno para nadie&quot;, si bien ha afirmado que Espa\u00f1a presenta una situaci\u00f3n econ\u00f3mica &quot;mucho mejor&quot; que hace unos a\u00f1os, lo que le permite encarar dificultades de este tipo con una &quot;mayor solvencia&quot; que un tiempo\" \/>\n\t\t<meta property=\"og:url\" content=\"https:\/\/eldigitaldeasturias.com\/magazine365\/el-gobierno-afirma-que-espana-puede-encarar-el-brexit-con-mayor-solvencia-que-hace-anos\/\" \/>\n\t\t<meta property=\"og:image\" content=\"https:\/\/eldigitaldeasturias.com\/magazine365\/wp-content\/uploads\/2016\/06\/fotonoticia_20160617132703_800.jpg\" \/>\n\t\t<meta property=\"og:image:secure_url\" content=\"https:\/\/eldigitaldeasturias.com\/magazine365\/wp-content\/uploads\/2016\/06\/fotonoticia_20160617132703_800.jpg\" \/>\n\t\t<meta property=\"og:image:width\" content=\"800\" \/>\n\t\t<meta property=\"og:image:height\" content=\"533\" \/>\n\t\t<meta property=\"article:published_time\" content=\"2016-06-17T13:14:07+00:00\" \/>\n\t\t<meta property=\"article:modified_time\" content=\"2016-06-17T13:14:07+00:00\" \/>\n\t\t<meta name=\"twitter:card\" content=\"summary_large_image\" \/>\n\t\t<meta name=\"twitter:title\" content=\"El Gobierno afirma que Espa\u00f1a puede encarar el \u2018Brexit\u2019 con \u00abmayor solvencia\u00bb que hace a\u00f1os | El Digital de Asturias\" \/>\n\t\t<meta name=\"twitter:description\" content=\"La vicepresidenta del Gobierno en funciones, Soraya S\u00e1enz de Santamar\u00eda, ha advertido este viernes de que el &#039;Brexit&#039; &quot;no ser\u00eda bueno para nadie&quot;, si bien ha afirmado que Espa\u00f1a presenta una situaci\u00f3n econ\u00f3mica &quot;mucho mejor&quot; que hace unos a\u00f1os, lo que le permite encarar dificultades de este tipo con una &quot;mayor solvencia&quot; que un tiempo\" \/>\n\t\t<meta name=\"twitter:image\" content=\"https:\/\/eldigitaldeasturias.com\/magazine365\/wp-content\/uploads\/2016\/06\/fotonoticia_20160617132703_800.jpg\" \/>\n\t\t<script type=\"application\/ld+json\" class=\"aioseo-schema\">\n\t\t\t{\"@context\":\"https:\\\/\\\/schema.org\",\"@graph\":[{\"@type\":\"Article\",\"@id\":\"https:\\\/\\\/eldigitaldeasturias.com\\\/magazine365\\\/el-gobierno-afirma-que-espana-puede-encarar-el-brexit-con-mayor-solvencia-que-hace-anos\\\/#article\",\"name\":\"El Gobierno afirma que Espa\\u00f1a puede encarar el \\u2018Brexit\\u2019 con \\u00abmayor solvencia\\u00bb que hace a\\u00f1os | El Digital de Asturias\",\"headline\":\"El Gobierno afirma que Espa\\u00f1a puede encarar el &#8216;Brexit&#8217; con \\u00abmayor solvencia\\u00bb que hace a\\u00f1os\",\"author\":{\"@id\":\"https:\\\/\\\/eldigitaldeasturias.com\\\/magazine365\\\/author\\\/admin\\\/#author\"},\"publisher\":{\"@id\":\"https:\\\/\\\/eldigitaldeasturias.com\\\/magazine365\\\/#organization\"},\"image\":{\"@type\":\"ImageObject\",\"url\":\"https:\\\/\\\/eldigitaldeasturias.com\\\/magazine365\\\/wp-content\\\/uploads\\\/2016\\\/06\\\/fotonoticia_20160617132703_800.jpg\",\"width\":800,\"height\":533},\"datePublished\":\"2016-06-17T15:14:07+02:00\",\"dateModified\":\"2016-06-17T15:14:07+02:00\",\"inLanguage\":\"es-ES\",\"mainEntityOfPage\":{\"@id\":\"https:\\\/\\\/eldigitaldeasturias.com\\\/magazine365\\\/el-gobierno-afirma-que-espana-puede-encarar-el-brexit-con-mayor-solvencia-que-hace-anos\\\/#webpage\"},\"isPartOf\":{\"@id\":\"https:\\\/\\\/eldigitaldeasturias.com\\\/magazine365\\\/el-gobierno-afirma-que-espana-puede-encarar-el-brexit-con-mayor-solvencia-que-hace-anos\\\/#webpage\"},\"articleSection\":\"Noticias y Actualidad\"},{\"@type\":\"BreadcrumbList\",\"@id\":\"https:\\\/\\\/eldigitaldeasturias.com\\\/magazine365\\\/el-gobierno-afirma-que-espana-puede-encarar-el-brexit-con-mayor-solvencia-que-hace-anos\\\/#breadcrumblist\",\"itemListElement\":[{\"@type\":\"ListItem\",\"@id\":\"https:\\\/\\\/eldigitaldeasturias.com\\\/magazine365#listItem\",\"position\":1,\"name\":\"Home\",\"item\":\"https:\\\/\\\/eldigitaldeasturias.com\\\/magazine365\",\"nextItem\":{\"@type\":\"ListItem\",\"@id\":\"https:\\\/\\\/eldigitaldeasturias.com\\\/magazine365\\\/category\\\/noticias-actualidad\\\/#listItem\",\"name\":\"Noticias y Actualidad\"}},{\"@type\":\"ListItem\",\"@id\":\"https:\\\/\\\/eldigitaldeasturias.com\\\/magazine365\\\/category\\\/noticias-actualidad\\\/#listItem\",\"position\":2,\"name\":\"Noticias y Actualidad\",\"item\":\"https:\\\/\\\/eldigitaldeasturias.com\\\/magazine365\\\/category\\\/noticias-actualidad\\\/\",\"nextItem\":{\"@type\":\"ListItem\",\"@id\":\"https:\\\/\\\/eldigitaldeasturias.com\\\/magazine365\\\/el-gobierno-afirma-que-espana-puede-encarar-el-brexit-con-mayor-solvencia-que-hace-anos\\\/#listItem\",\"name\":\"El Gobierno afirma que Espa\\u00f1a puede encarar el &#8216;Brexit&#8217; con \\u00abmayor solvencia\\u00bb que hace a\\u00f1os\"},\"previousItem\":{\"@type\":\"ListItem\",\"@id\":\"https:\\\/\\\/eldigitaldeasturias.com\\\/magazine365#listItem\",\"name\":\"Home\"}},{\"@type\":\"ListItem\",\"@id\":\"https:\\\/\\\/eldigitaldeasturias.com\\\/magazine365\\\/el-gobierno-afirma-que-espana-puede-encarar-el-brexit-con-mayor-solvencia-que-hace-anos\\\/#listItem\",\"position\":3,\"name\":\"El Gobierno afirma que Espa\\u00f1a puede encarar el &#8216;Brexit&#8217; con \\u00abmayor solvencia\\u00bb que hace a\\u00f1os\",\"previousItem\":{\"@type\":\"ListItem\",\"@id\":\"https:\\\/\\\/eldigitaldeasturias.com\\\/magazine365\\\/category\\\/noticias-actualidad\\\/#listItem\",\"name\":\"Noticias y Actualidad\"}}]},{\"@type\":\"Organization\",\"@id\":\"https:\\\/\\\/eldigitaldeasturias.com\\\/magazine365\\\/#organization\",\"name\":\"El digital de Asturias\",\"description\":\"Revista de ocio, turismo y estilo de vida\",\"url\":\"https:\\\/\\\/eldigitaldeasturias.com\\\/magazine365\\\/\",\"logo\":{\"@type\":\"ImageObject\",\"url\":\"https:\\\/\\\/www.eldigitaldeasturias.com\\\/noticias\\\/wp-content\\\/uploads\\\/2020\\\/12\\\/EDA.jpg\",\"@id\":\"https:\\\/\\\/eldigitaldeasturias.com\\\/magazine365\\\/el-gobierno-afirma-que-espana-puede-encarar-el-brexit-con-mayor-solvencia-que-hace-anos\\\/#organizationLogo\"},\"image\":{\"@id\":\"https:\\\/\\\/eldigitaldeasturias.com\\\/magazine365\\\/el-gobierno-afirma-que-espana-puede-encarar-el-brexit-con-mayor-solvencia-que-hace-anos\\\/#organizationLogo\"}},{\"@type\":\"Person\",\"@id\":\"https:\\\/\\\/eldigitaldeasturias.com\\\/magazine365\\\/author\\\/admin\\\/#author\",\"url\":\"https:\\\/\\\/eldigitaldeasturias.com\\\/magazine365\\\/author\\\/admin\\\/\",\"name\":\"admin\",\"image\":{\"@type\":\"ImageObject\",\"@id\":\"https:\\\/\\\/eldigitaldeasturias.com\\\/magazine365\\\/el-gobierno-afirma-que-espana-puede-encarar-el-brexit-con-mayor-solvencia-que-hace-anos\\\/#authorImage\",\"url\":\"https:\\\/\\\/eldigitaldeasturias.com\\\/magazine365\\\/wp-content\\\/litespeed\\\/avatar\\\/e571bcf59a0edd6fa6838245a470f2fe.jpg?ver=1776969259\",\"width\":96,\"height\":96,\"caption\":\"admin\"}},{\"@type\":\"WebPage\",\"@id\":\"https:\\\/\\\/eldigitaldeasturias.com\\\/magazine365\\\/el-gobierno-afirma-que-espana-puede-encarar-el-brexit-con-mayor-solvencia-que-hace-anos\\\/#webpage\",\"url\":\"https:\\\/\\\/eldigitaldeasturias.com\\\/magazine365\\\/el-gobierno-afirma-que-espana-puede-encarar-el-brexit-con-mayor-solvencia-que-hace-anos\\\/\",\"name\":\"El Gobierno afirma que Espa\\u00f1a puede encarar el \\u2018Brexit\\u2019 con \\u00abmayor solvencia\\u00bb que hace a\\u00f1os | El Digital de Asturias\",\"description\":\"La vicepresidenta del Gobierno en funciones, Soraya S\\u00e1enz de Santamar\\u00eda, ha advertido este viernes de que el 'Brexit' \\\"no ser\\u00eda bueno para nadie\\\", si bien ha afirmado que Espa\\u00f1a presenta una situaci\\u00f3n econ\\u00f3mica \\\"mucho mejor\\\" que hace unos a\\u00f1os, lo que le permite encarar dificultades de este tipo con una \\\"mayor solvencia\\\" que un tiempo\",\"inLanguage\":\"es-ES\",\"isPartOf\":{\"@id\":\"https:\\\/\\\/eldigitaldeasturias.com\\\/magazine365\\\/#website\"},\"breadcrumb\":{\"@id\":\"https:\\\/\\\/eldigitaldeasturias.com\\\/magazine365\\\/el-gobierno-afirma-que-espana-puede-encarar-el-brexit-con-mayor-solvencia-que-hace-anos\\\/#breadcrumblist\"},\"author\":{\"@id\":\"https:\\\/\\\/eldigitaldeasturias.com\\\/magazine365\\\/author\\\/admin\\\/#author\"},\"creator\":{\"@id\":\"https:\\\/\\\/eldigitaldeasturias.com\\\/magazine365\\\/author\\\/admin\\\/#author\"},\"image\":{\"@type\":\"ImageObject\",\"url\":\"https:\\\/\\\/eldigitaldeasturias.com\\\/magazine365\\\/wp-content\\\/uploads\\\/2016\\\/06\\\/fotonoticia_20160617132703_800.jpg\",\"@id\":\"https:\\\/\\\/eldigitaldeasturias.com\\\/magazine365\\\/el-gobierno-afirma-que-espana-puede-encarar-el-brexit-con-mayor-solvencia-que-hace-anos\\\/#mainImage\",\"width\":800,\"height\":533},\"primaryImageOfPage\":{\"@id\":\"https:\\\/\\\/eldigitaldeasturias.com\\\/magazine365\\\/el-gobierno-afirma-que-espana-puede-encarar-el-brexit-con-mayor-solvencia-que-hace-anos\\\/#mainImage\"},\"datePublished\":\"2016-06-17T15:14:07+02:00\",\"dateModified\":\"2016-06-17T15:14:07+02:00\"},{\"@type\":\"WebSite\",\"@id\":\"https:\\\/\\\/eldigitaldeasturias.com\\\/magazine365\\\/#website\",\"url\":\"https:\\\/\\\/eldigitaldeasturias.com\\\/magazine365\\\/\",\"name\":\"El Digital de Asturias\",\"description\":\"Revista de ocio, turismo y estilo de vida\",\"inLanguage\":\"es-ES\",\"publisher\":{\"@id\":\"https:\\\/\\\/eldigitaldeasturias.com\\\/magazine365\\\/#organization\"}}]}\n\t\t<\/script>\n\t\t<!-- All in One SEO Pro -->\r\n\t\t<title>El Gobierno afirma que Espa\u00f1a puede encarar el \u2018Brexit\u2019 con \u00abmayor solvencia\u00bb que hace a\u00f1os | El Digital de Asturias<\/title>\n\n","aioseo_head_json":{"title":"El Gobierno afirma que Espa\u00f1a puede encarar el \u2018Brexit\u2019 con \u00abmayor solvencia\u00bb que hace a\u00f1os | El Digital de Asturias","description":"La vicepresidenta del Gobierno en funciones, Soraya S\u00e1enz de Santamar\u00eda, ha advertido este viernes de que el 'Brexit' \"no ser\u00eda bueno para nadie\", si bien ha afirmado que Espa\u00f1a presenta una situaci\u00f3n econ\u00f3mica \"mucho mejor\" que hace unos a\u00f1os, lo que le permite encarar dificultades de este tipo con una \"mayor solvencia\" que un tiempo","canonical_url":"https:\/\/eldigitaldeasturias.com\/magazine365\/el-gobierno-afirma-que-espana-puede-encarar-el-brexit-con-mayor-solvencia-que-hace-anos\/","robots":"max-image-preview:large","keywords":"noticias y actualidad","webmasterTools":{"google-site-verification":"UA-38556648-1","miscellaneous":""},"schema":{"@context":"https:\/\/schema.org","@graph":[{"@type":"Article","@id":"https:\/\/eldigitaldeasturias.com\/magazine365\/el-gobierno-afirma-que-espana-puede-encarar-el-brexit-con-mayor-solvencia-que-hace-anos\/#article","name":"El Gobierno afirma que Espa\u00f1a puede encarar el \u2018Brexit\u2019 con \u00abmayor solvencia\u00bb que hace a\u00f1os | El Digital de Asturias","headline":"El Gobierno afirma que Espa\u00f1a puede encarar el &#8216;Brexit&#8217; con \u00abmayor solvencia\u00bb que hace a\u00f1os","author":{"@id":"https:\/\/eldigitaldeasturias.com\/magazine365\/author\/admin\/#author"},"publisher":{"@id":"https:\/\/eldigitaldeasturias.com\/magazine365\/#organization"},"image":{"@type":"ImageObject","url":"https:\/\/eldigitaldeasturias.com\/magazine365\/wp-content\/uploads\/2016\/06\/fotonoticia_20160617132703_800.jpg","width":800,"height":533},"datePublished":"2016-06-17T15:14:07+02:00","dateModified":"2016-06-17T15:14:07+02:00","inLanguage":"es-ES","mainEntityOfPage":{"@id":"https:\/\/eldigitaldeasturias.com\/magazine365\/el-gobierno-afirma-que-espana-puede-encarar-el-brexit-con-mayor-solvencia-que-hace-anos\/#webpage"},"isPartOf":{"@id":"https:\/\/eldigitaldeasturias.com\/magazine365\/el-gobierno-afirma-que-espana-puede-encarar-el-brexit-con-mayor-solvencia-que-hace-anos\/#webpage"},"articleSection":"Noticias y Actualidad"},{"@type":"BreadcrumbList","@id":"https:\/\/eldigitaldeasturias.com\/magazine365\/el-gobierno-afirma-que-espana-puede-encarar-el-brexit-con-mayor-solvencia-que-hace-anos\/#breadcrumblist","itemListElement":[{"@type":"ListItem","@id":"https:\/\/eldigitaldeasturias.com\/magazine365#listItem","position":1,"name":"Home","item":"https:\/\/eldigitaldeasturias.com\/magazine365","nextItem":{"@type":"ListItem","@id":"https:\/\/eldigitaldeasturias.com\/magazine365\/category\/noticias-actualidad\/#listItem","name":"Noticias y Actualidad"}},{"@type":"ListItem","@id":"https:\/\/eldigitaldeasturias.com\/magazine365\/category\/noticias-actualidad\/#listItem","position":2,"name":"Noticias y Actualidad","item":"https:\/\/eldigitaldeasturias.com\/magazine365\/category\/noticias-actualidad\/","nextItem":{"@type":"ListItem","@id":"https:\/\/eldigitaldeasturias.com\/magazine365\/el-gobierno-afirma-que-espana-puede-encarar-el-brexit-con-mayor-solvencia-que-hace-anos\/#listItem","name":"El Gobierno afirma que Espa\u00f1a puede encarar el &#8216;Brexit&#8217; con \u00abmayor solvencia\u00bb que hace a\u00f1os"},"previousItem":{"@type":"ListItem","@id":"https:\/\/eldigitaldeasturias.com\/magazine365#listItem","name":"Home"}},{"@type":"ListItem","@id":"https:\/\/eldigitaldeasturias.com\/magazine365\/el-gobierno-afirma-que-espana-puede-encarar-el-brexit-con-mayor-solvencia-que-hace-anos\/#listItem","position":3,"name":"El Gobierno afirma que Espa\u00f1a puede encarar el &#8216;Brexit&#8217; con \u00abmayor solvencia\u00bb que hace a\u00f1os","previousItem":{"@type":"ListItem","@id":"https:\/\/eldigitaldeasturias.com\/magazine365\/category\/noticias-actualidad\/#listItem","name":"Noticias y Actualidad"}}]},{"@type":"Organization","@id":"https:\/\/eldigitaldeasturias.com\/magazine365\/#organization","name":"El digital de Asturias","description":"Revista de ocio, turismo y estilo de vida","url":"https:\/\/eldigitaldeasturias.com\/magazine365\/","logo":{"@type":"ImageObject","url":"https:\/\/www.eldigitaldeasturias.com\/noticias\/wp-content\/uploads\/2020\/12\/EDA.jpg","@id":"https:\/\/eldigitaldeasturias.com\/magazine365\/el-gobierno-afirma-que-espana-puede-encarar-el-brexit-con-mayor-solvencia-que-hace-anos\/#organizationLogo"},"image":{"@id":"https:\/\/eldigitaldeasturias.com\/magazine365\/el-gobierno-afirma-que-espana-puede-encarar-el-brexit-con-mayor-solvencia-que-hace-anos\/#organizationLogo"}},{"@type":"Person","@id":"https:\/\/eldigitaldeasturias.com\/magazine365\/author\/admin\/#author","url":"https:\/\/eldigitaldeasturias.com\/magazine365\/author\/admin\/","name":"admin","image":{"@type":"ImageObject","@id":"https:\/\/eldigitaldeasturias.com\/magazine365\/el-gobierno-afirma-que-espana-puede-encarar-el-brexit-con-mayor-solvencia-que-hace-anos\/#authorImage","url":"https:\/\/eldigitaldeasturias.com\/magazine365\/wp-content\/litespeed\/avatar\/e571bcf59a0edd6fa6838245a470f2fe.jpg?ver=1776969259","width":96,"height":96,"caption":"admin"}},{"@type":"WebPage","@id":"https:\/\/eldigitaldeasturias.com\/magazine365\/el-gobierno-afirma-que-espana-puede-encarar-el-brexit-con-mayor-solvencia-que-hace-anos\/#webpage","url":"https:\/\/eldigitaldeasturias.com\/magazine365\/el-gobierno-afirma-que-espana-puede-encarar-el-brexit-con-mayor-solvencia-que-hace-anos\/","name":"El Gobierno afirma que Espa\u00f1a puede encarar el \u2018Brexit\u2019 con \u00abmayor solvencia\u00bb que hace a\u00f1os | El Digital de Asturias","description":"La vicepresidenta del Gobierno en funciones, Soraya S\u00e1enz de Santamar\u00eda, ha advertido este viernes de que el 'Brexit' \"no ser\u00eda bueno para nadie\", si bien ha afirmado que Espa\u00f1a presenta una situaci\u00f3n econ\u00f3mica \"mucho mejor\" que hace unos a\u00f1os, lo que le permite encarar dificultades de este tipo con una \"mayor solvencia\" que un tiempo","inLanguage":"es-ES","isPartOf":{"@id":"https:\/\/eldigitaldeasturias.com\/magazine365\/#website"},"breadcrumb":{"@id":"https:\/\/eldigitaldeasturias.com\/magazine365\/el-gobierno-afirma-que-espana-puede-encarar-el-brexit-con-mayor-solvencia-que-hace-anos\/#breadcrumblist"},"author":{"@id":"https:\/\/eldigitaldeasturias.com\/magazine365\/author\/admin\/#author"},"creator":{"@id":"https:\/\/eldigitaldeasturias.com\/magazine365\/author\/admin\/#author"},"image":{"@type":"ImageObject","url":"https:\/\/eldigitaldeasturias.com\/magazine365\/wp-content\/uploads\/2016\/06\/fotonoticia_20160617132703_800.jpg","@id":"https:\/\/eldigitaldeasturias.com\/magazine365\/el-gobierno-afirma-que-espana-puede-encarar-el-brexit-con-mayor-solvencia-que-hace-anos\/#mainImage","width":800,"height":533},"primaryImageOfPage":{"@id":"https:\/\/eldigitaldeasturias.com\/magazine365\/el-gobierno-afirma-que-espana-puede-encarar-el-brexit-con-mayor-solvencia-que-hace-anos\/#mainImage"},"datePublished":"2016-06-17T15:14:07+02:00","dateModified":"2016-06-17T15:14:07+02:00"},{"@type":"WebSite","@id":"https:\/\/eldigitaldeasturias.com\/magazine365\/#website","url":"https:\/\/eldigitaldeasturias.com\/magazine365\/","name":"El Digital de Asturias","description":"Revista de ocio, turismo y estilo de vida","inLanguage":"es-ES","publisher":{"@id":"https:\/\/eldigitaldeasturias.com\/magazine365\/#organization"}}]},"og:locale":"es_ES","og:site_name":"El Digital de Asturias \u2013 Revista de ocio, turismo y estilo de vida","og:type":"article","og:title":"El Gobierno afirma que Espa\u00f1a puede encarar el \u2018Brexit\u2019 con \u00abmayor solvencia\u00bb que hace a\u00f1os | El Digital de Asturias","og:description":"La vicepresidenta del Gobierno en funciones, Soraya S\u00e1enz de Santamar\u00eda, ha advertido este viernes de que el 'Brexit' &quot;no ser\u00eda bueno para nadie&quot;, si bien ha afirmado que Espa\u00f1a presenta una situaci\u00f3n econ\u00f3mica &quot;mucho mejor&quot; que hace unos a\u00f1os, lo que le permite encarar dificultades de este tipo con una &quot;mayor solvencia&quot; que un tiempo","og:url":"https:\/\/eldigitaldeasturias.com\/magazine365\/el-gobierno-afirma-que-espana-puede-encarar-el-brexit-con-mayor-solvencia-que-hace-anos\/","og:image":"https:\/\/eldigitaldeasturias.com\/magazine365\/wp-content\/uploads\/2016\/06\/fotonoticia_20160617132703_800.jpg","og:image:secure_url":"https:\/\/eldigitaldeasturias.com\/magazine365\/wp-content\/uploads\/2016\/06\/fotonoticia_20160617132703_800.jpg","og:image:width":800,"og:image:height":533,"article:published_time":"2016-06-17T13:14:07+00:00","article:modified_time":"2016-06-17T13:14:07+00:00","twitter:card":"summary_large_image","twitter:title":"El Gobierno afirma que Espa\u00f1a puede encarar el \u2018Brexit\u2019 con \u00abmayor solvencia\u00bb que hace a\u00f1os | El Digital de Asturias","twitter:description":"La vicepresidenta del Gobierno en funciones, Soraya S\u00e1enz de Santamar\u00eda, ha advertido este viernes de que el 'Brexit' &quot;no ser\u00eda bueno para nadie&quot;, si bien ha afirmado que Espa\u00f1a presenta una situaci\u00f3n econ\u00f3mica &quot;mucho mejor&quot; que hace unos a\u00f1os, lo que le permite encarar dificultades de este tipo con una &quot;mayor solvencia&quot; que un tiempo","twitter:image":"https:\/\/eldigitaldeasturias.com\/magazine365\/wp-content\/uploads\/2016\/06\/fotonoticia_20160617132703_800.jpg"},"aioseo_meta_data":{"post_id":"79893","title":null,"description":null,"keywords":null,"keyphrases":null,"primary_term":null,"canonical_url":null,"og_title":null,"og_description":null,"og_object_type":"default","og_image_type":"default","og_image_url":null,"og_image_width":null,"og_image_height":null,"og_image_custom_url":null,"og_image_custom_fields":null,"og_video":null,"og_custom_url":null,"og_article_section":null,"og_article_tags":null,"twitter_use_og":false,"twitter_card":"default","twitter_image_type":"default","twitter_image_url":null,"twitter_image_custom_url":null,"twitter_image_custom_fields":null,"twitter_title":null,"twitter_description":null,"schema":{"blockGraphs":[],"customGraphs":[],"default":{"data":{"Article":[],"Course":[],"Dataset":[],"FAQPage":[],"Movie":[],"Person":[],"Product":[],"ProductReview":[],"Car":[],"Recipe":[],"Service":[],"SoftwareApplication":[],"WebPage":[]},"graphName":"","isEnabled":true},"graphs":[],"defaultGraph":"","defaultPostTypeGraph":""},"schema_type":null,"schema_type_options":null,"pillar_content":false,"robots_default":true,"robots_noindex":false,"robots_noarchive":false,"robots_nosnippet":false,"robots_nofollow":false,"robots_noimageindex":false,"robots_noodp":false,"robots_notranslate":false,"robots_max_snippet":null,"robots_max_videopreview":null,"robots_max_imagepreview":"large","priority":null,"frequency":null,"location":null,"local_seo":null,"seo_analyzer_scan_date":"2025-09-27 19:46:34","breadcrumb_settings":null,"limit_modified_date":false,"open_ai":null,"ai":null,"created":"2021-03-08 17:42:46","updated":"2025-09-27 19:46:34"},"aioseo_breadcrumb":"<div class=\"aioseo-breadcrumbs\"><span class=\"aioseo-breadcrumb\">\n\t<a href=\"https:\/\/eldigitaldeasturias.com\/magazine365\" title=\"Home\">Home<\/a>\n<\/span><span class=\"aioseo-breadcrumb-separator\">\u2013<\/span><span class=\"aioseo-breadcrumb\">\n\t<a href=\"https:\/\/eldigitaldeasturias.com\/magazine365\/category\/noticias-actualidad\/\" title=\"Noticias y Actualidad\">Noticias y Actualidad<\/a>\n<\/span><span class=\"aioseo-breadcrumb-separator\">\u2013<\/span><span class=\"aioseo-breadcrumb\">\n\t<a href=\"https:\/\/eldigitaldeasturias.com\/magazine365\/el-gobierno-afirma-que-espana-puede-encarar-el-brexit-con-mayor-solvencia-que-hace-anos\/\" title=\"El Gobierno afirma que Espa\u00f1a puede encarar el \u2018Brexit\u2019 con \u00abmayor solvencia\u00bb que hace a\u00f1os\">El Gobierno afirma que Espa\u00f1a puede encarar el \u2018Brexit\u2019 con \u00abmayor solvencia\u00bb que hace a\u00f1os<\/a>\n<\/span><\/div>","aioseo_breadcrumb_json":[{"label":"Home","link":"https:\/\/eldigitaldeasturias.com\/magazine365"},{"label":"Noticias y Actualidad","link":"https:\/\/eldigitaldeasturias.com\/magazine365\/category\/noticias-actualidad\/"},{"label":"El Gobierno afirma que Espa\u00f1a puede encarar el &#8216;Brexit&#8217; con \u00abmayor solvencia\u00bb que hace a\u00f1os","link":"https:\/\/eldigitaldeasturias.com\/magazine365\/el-gobierno-afirma-que-espana-puede-encarar-el-brexit-con-mayor-solvencia-que-hace-anos\/"}],"_links":{"self":[{"href":"https:\/\/eldigitaldeasturias.com\/magazine365\/wp-json\/wp\/v2\/posts\/79893","targetHints":{"allow":["GET"]}}],"collection":[{"href":"https:\/\/eldigitaldeasturias.com\/magazine365\/wp-json\/wp\/v2\/posts"}],"about":[{"href":"https:\/\/eldigitaldeasturias.com\/magazine365\/wp-json\/wp\/v2\/types\/post"}],"author":[{"embeddable":true,"href":"https:\/\/eldigitaldeasturias.com\/magazine365\/wp-json\/wp\/v2\/users\/1"}],"replies":[{"embeddable":true,"href":"https:\/\/eldigitaldeasturias.com\/magazine365\/wp-json\/wp\/v2\/comments?post=79893"}],"version-history":[{"count":0,"href":"https:\/\/eldigitaldeasturias.com\/magazine365\/wp-json\/wp\/v2\/posts\/79893\/revisions"}],"wp:featuredmedia":[{"embeddable":true,"href":"https:\/\/eldigitaldeasturias.com\/magazine365\/wp-json\/wp\/v2\/media\/79894"}],"wp:attachment":[{"href":"https:\/\/eldigitaldeasturias.com\/magazine365\/wp-json\/wp\/v2\/media?parent=79893"}],"wp:term":[{"taxonomy":"category","embeddable":true,"href":"https:\/\/eldigitaldeasturias.com\/magazine365\/wp-json\/wp\/v2\/categories?post=79893"},{"taxonomy":"post_tag","embeddable":true,"href":"https:\/\/eldigitaldeasturias.com\/magazine365\/wp-json\/wp\/v2\/tags?post=79893"}],"curies":[{"name":"wp","href":"https:\/\/api.w.org\/{rel}","templated":true}]}}