{"id":79891,"date":"2016-06-17T15:13:12","date_gmt":"2016-06-17T13:13:12","guid":{"rendered":"http:\/\/eldigitaldeasturias.com\/magazine365\/?p=79891"},"modified":"2016-06-17T15:13:12","modified_gmt":"2016-06-17T13:13:12","slug":"rescatada-una-segunda-caja-negra-de-los-restos-del-avion-de-egyptair","status":"publish","type":"post","link":"https:\/\/eldigitaldeasturias.com\/magazine365\/rescatada-una-segunda-caja-negra-de-los-restos-del-avion-de-egyptair\/","title":{"rendered":"Rescatada una segunda caja negra de los restos del avi\u00f3n de Egyptair"},"content":{"rendered":"<p><img fetchpriority=\"high\" decoding=\"async\" class=\"alignleft size-medium wp-image-77926\" src=\"https:\/\/eldigitaldeasturias.com\/magazine365\/wp-content\/uploads\/2016\/06\/m365-360x198.jpg\" alt=\"m365\" width=\"360\" height=\"198\" srcset=\"https:\/\/eldigitaldeasturias.com\/magazine365\/wp-content\/uploads\/2016\/06\/m365-360x198.jpg 360w, https:\/\/eldigitaldeasturias.com\/magazine365\/wp-content\/uploads\/2016\/06\/m365-650x357.jpg 650w, https:\/\/eldigitaldeasturias.com\/magazine365\/wp-content\/uploads\/2016\/06\/m365-150x82.jpg 150w, https:\/\/eldigitaldeasturias.com\/magazine365\/wp-content\/uploads\/2016\/06\/m365-450x247.jpg 450w, https:\/\/eldigitaldeasturias.com\/magazine365\/wp-content\/uploads\/2016\/06\/m365.jpg 655w\" sizes=\"(max-width: 360px) 100vw, 360px\" \/>Los equipos de buceadores han recuperado una segunda caja negra con informaci\u00f3n sobre el vuelo siniestrado de EgyptAir, el mes pasado, seg\u00fan han confirmado las autoridades este viernes.<\/p>\n<p>El anuncio tiene lugar despu\u00e9s del hallazgo ayer de la grabaci\u00f3n de cabina, que podr\u00eda arrojar luz en la investigaci\u00f3n del siniestro, que cost\u00f3 la vida los 66 pasajeros del avi\u00f3n.<\/p>\n<p>El vuelo MS804 cay\u00f3 al mar cuando volaba desde Par\u00eds a El Cairo sin que hasta el momento se conozcan las causas del suceso.<\/p>\n<p>Ambas cajas llegar\u00e1n a manos del comit\u00e9 de investigaci\u00f3n en Alejandr\u00eda en las pr\u00f3ximas horas, de acuerdo con las autoridades.<\/p>\n","protected":false},"excerpt":{"rendered":"<p>Los equipos de buceadores han recuperado una segunda caja negra con informaci\u00f3n sobre el vuelo siniestrado de EgyptAir, el mes pasado, seg\u00fan han confirmado las autoridades este viernes. El anuncio tiene lugar despu\u00e9s del hallazgo ayer de la grabaci\u00f3n de cabina, que podr\u00eda arrojar luz en la investigaci\u00f3n del siniestro, que cost\u00f3 la vida los<\/p>\n","protected":false},"author":1,"featured_media":77926,"comment_status":"open","ping_status":"closed","sticky":false,"template":"","format":"standard","meta":{"footnotes":""},"categories":[224],"tags":[],"class_list":{"0":"post-79891","1":"post","2":"type-post","3":"status-publish","4":"format-standard","5":"has-post-thumbnail","7":"category-noticias-actualidad"},"aioseo_notices":[],"aioseo_head":"\n\t\t<!-- All in One SEO Pro 4.9.6.1 - aioseo.com -->\n\t<meta name=\"description\" content=\"Los equipos de buceadores han recuperado una segunda caja negra con informaci\u00f3n sobre el vuelo siniestrado de EgyptAir, el mes pasado, seg\u00fan han confirmado las autoridades este viernes. El anuncio tiene lugar despu\u00e9s del hallazgo ayer de la grabaci\u00f3n de cabina, que podr\u00eda arrojar luz en la investigaci\u00f3n del siniestro, que cost\u00f3 la vida los\" \/>\n\t<meta name=\"robots\" content=\"max-image-preview:large\" \/>\n\t<meta name=\"author\" content=\"admin\"\/>\n\t<meta name=\"google-site-verification\" content=\"UA-38556648-1\" \/>\n\t<meta name=\"keywords\" content=\"noticias y actualidad\" \/>\n\t<link rel=\"canonical\" href=\"https:\/\/eldigitaldeasturias.com\/magazine365\/rescatada-una-segunda-caja-negra-de-los-restos-del-avion-de-egyptair\/\" \/>\n\t<meta name=\"generator\" content=\"All in One SEO Pro (AIOSEO) 4.9.6.1\" \/>\n\t\t<meta property=\"og:locale\" content=\"es_ES\" \/>\n\t\t<meta property=\"og:site_name\" content=\"El Digital de Asturias \u2013 Revista de ocio, turismo y estilo de vida\" \/>\n\t\t<meta property=\"og:type\" content=\"article\" \/>\n\t\t<meta property=\"og:title\" content=\"Rescatada una segunda caja negra de los restos del avi\u00f3n de Egyptair | El Digital de Asturias\" \/>\n\t\t<meta property=\"og:description\" content=\"Los equipos de buceadores han recuperado una segunda caja negra con informaci\u00f3n sobre el vuelo siniestrado de EgyptAir, el mes pasado, seg\u00fan han confirmado las autoridades este viernes. El anuncio tiene lugar despu\u00e9s del hallazgo ayer de la grabaci\u00f3n de cabina, que podr\u00eda arrojar luz en la investigaci\u00f3n del siniestro, que cost\u00f3 la vida los\" \/>\n\t\t<meta property=\"og:url\" content=\"https:\/\/eldigitaldeasturias.com\/magazine365\/rescatada-una-segunda-caja-negra-de-los-restos-del-avion-de-egyptair\/\" \/>\n\t\t<meta property=\"og:image\" content=\"https:\/\/eldigitaldeasturias.com\/magazine365\/wp-content\/uploads\/2016\/06\/m365.jpg\" \/>\n\t\t<meta property=\"og:image:secure_url\" content=\"https:\/\/eldigitaldeasturias.com\/magazine365\/wp-content\/uploads\/2016\/06\/m365.jpg\" \/>\n\t\t<meta property=\"og:image:width\" content=\"655\" \/>\n\t\t<meta property=\"og:image:height\" content=\"360\" \/>\n\t\t<meta property=\"article:published_time\" content=\"2016-06-17T13:13:12+00:00\" \/>\n\t\t<meta property=\"article:modified_time\" content=\"2016-06-17T13:13:12+00:00\" \/>\n\t\t<meta name=\"twitter:card\" content=\"summary_large_image\" \/>\n\t\t<meta name=\"twitter:title\" content=\"Rescatada una segunda caja negra de los restos del avi\u00f3n de Egyptair | El Digital de Asturias\" \/>\n\t\t<meta name=\"twitter:description\" content=\"Los equipos de buceadores han recuperado una segunda caja negra con informaci\u00f3n sobre el vuelo siniestrado de EgyptAir, el mes pasado, seg\u00fan han confirmado las autoridades este viernes. El anuncio tiene lugar despu\u00e9s del hallazgo ayer de la grabaci\u00f3n de cabina, que podr\u00eda arrojar luz en la investigaci\u00f3n del siniestro, que cost\u00f3 la vida los\" \/>\n\t\t<meta name=\"twitter:image\" content=\"https:\/\/eldigitaldeasturias.com\/magazine365\/wp-content\/uploads\/2016\/06\/m365.jpg\" \/>\n\t\t<script type=\"application\/ld+json\" class=\"aioseo-schema\">\n\t\t\t{\"@context\":\"https:\\\/\\\/schema.org\",\"@graph\":[{\"@type\":\"Article\",\"@id\":\"https:\\\/\\\/eldigitaldeasturias.com\\\/magazine365\\\/rescatada-una-segunda-caja-negra-de-los-restos-del-avion-de-egyptair\\\/#article\",\"name\":\"Rescatada una segunda caja negra de los restos del avi\\u00f3n de Egyptair | El Digital de Asturias\",\"headline\":\"Rescatada una segunda caja negra de los restos del avi\\u00f3n de Egyptair\",\"author\":{\"@id\":\"https:\\\/\\\/eldigitaldeasturias.com\\\/magazine365\\\/author\\\/admin\\\/#author\"},\"publisher\":{\"@id\":\"https:\\\/\\\/eldigitaldeasturias.com\\\/magazine365\\\/#organization\"},\"image\":{\"@type\":\"ImageObject\",\"url\":\"https:\\\/\\\/eldigitaldeasturias.com\\\/magazine365\\\/wp-content\\\/uploads\\\/2016\\\/06\\\/m365.jpg\",\"width\":655,\"height\":360},\"datePublished\":\"2016-06-17T15:13:12+02:00\",\"dateModified\":\"2016-06-17T15:13:12+02:00\",\"inLanguage\":\"es-ES\",\"mainEntityOfPage\":{\"@id\":\"https:\\\/\\\/eldigitaldeasturias.com\\\/magazine365\\\/rescatada-una-segunda-caja-negra-de-los-restos-del-avion-de-egyptair\\\/#webpage\"},\"isPartOf\":{\"@id\":\"https:\\\/\\\/eldigitaldeasturias.com\\\/magazine365\\\/rescatada-una-segunda-caja-negra-de-los-restos-del-avion-de-egyptair\\\/#webpage\"},\"articleSection\":\"Noticias y Actualidad\"},{\"@type\":\"BreadcrumbList\",\"@id\":\"https:\\\/\\\/eldigitaldeasturias.com\\\/magazine365\\\/rescatada-una-segunda-caja-negra-de-los-restos-del-avion-de-egyptair\\\/#breadcrumblist\",\"itemListElement\":[{\"@type\":\"ListItem\",\"@id\":\"https:\\\/\\\/eldigitaldeasturias.com\\\/magazine365#listItem\",\"position\":1,\"name\":\"Home\",\"item\":\"https:\\\/\\\/eldigitaldeasturias.com\\\/magazine365\",\"nextItem\":{\"@type\":\"ListItem\",\"@id\":\"https:\\\/\\\/eldigitaldeasturias.com\\\/magazine365\\\/category\\\/noticias-actualidad\\\/#listItem\",\"name\":\"Noticias y Actualidad\"}},{\"@type\":\"ListItem\",\"@id\":\"https:\\\/\\\/eldigitaldeasturias.com\\\/magazine365\\\/category\\\/noticias-actualidad\\\/#listItem\",\"position\":2,\"name\":\"Noticias y Actualidad\",\"item\":\"https:\\\/\\\/eldigitaldeasturias.com\\\/magazine365\\\/category\\\/noticias-actualidad\\\/\",\"nextItem\":{\"@type\":\"ListItem\",\"@id\":\"https:\\\/\\\/eldigitaldeasturias.com\\\/magazine365\\\/rescatada-una-segunda-caja-negra-de-los-restos-del-avion-de-egyptair\\\/#listItem\",\"name\":\"Rescatada una segunda caja negra de los restos del avi\\u00f3n de Egyptair\"},\"previousItem\":{\"@type\":\"ListItem\",\"@id\":\"https:\\\/\\\/eldigitaldeasturias.com\\\/magazine365#listItem\",\"name\":\"Home\"}},{\"@type\":\"ListItem\",\"@id\":\"https:\\\/\\\/eldigitaldeasturias.com\\\/magazine365\\\/rescatada-una-segunda-caja-negra-de-los-restos-del-avion-de-egyptair\\\/#listItem\",\"position\":3,\"name\":\"Rescatada una segunda caja negra de los restos del avi\\u00f3n de Egyptair\",\"previousItem\":{\"@type\":\"ListItem\",\"@id\":\"https:\\\/\\\/eldigitaldeasturias.com\\\/magazine365\\\/category\\\/noticias-actualidad\\\/#listItem\",\"name\":\"Noticias y Actualidad\"}}]},{\"@type\":\"Organization\",\"@id\":\"https:\\\/\\\/eldigitaldeasturias.com\\\/magazine365\\\/#organization\",\"name\":\"El digital de Asturias\",\"description\":\"Revista de ocio, turismo y estilo de vida\",\"url\":\"https:\\\/\\\/eldigitaldeasturias.com\\\/magazine365\\\/\",\"logo\":{\"@type\":\"ImageObject\",\"url\":\"https:\\\/\\\/www.eldigitaldeasturias.com\\\/noticias\\\/wp-content\\\/uploads\\\/2020\\\/12\\\/EDA.jpg\",\"@id\":\"https:\\\/\\\/eldigitaldeasturias.com\\\/magazine365\\\/rescatada-una-segunda-caja-negra-de-los-restos-del-avion-de-egyptair\\\/#organizationLogo\"},\"image\":{\"@id\":\"https:\\\/\\\/eldigitaldeasturias.com\\\/magazine365\\\/rescatada-una-segunda-caja-negra-de-los-restos-del-avion-de-egyptair\\\/#organizationLogo\"}},{\"@type\":\"Person\",\"@id\":\"https:\\\/\\\/eldigitaldeasturias.com\\\/magazine365\\\/author\\\/admin\\\/#author\",\"url\":\"https:\\\/\\\/eldigitaldeasturias.com\\\/magazine365\\\/author\\\/admin\\\/\",\"name\":\"admin\",\"image\":{\"@type\":\"ImageObject\",\"@id\":\"https:\\\/\\\/eldigitaldeasturias.com\\\/magazine365\\\/rescatada-una-segunda-caja-negra-de-los-restos-del-avion-de-egyptair\\\/#authorImage\",\"url\":\"https:\\\/\\\/eldigitaldeasturias.com\\\/magazine365\\\/wp-content\\\/litespeed\\\/avatar\\\/e571bcf59a0edd6fa6838245a470f2fe.jpg?ver=1776969259\",\"width\":96,\"height\":96,\"caption\":\"admin\"}},{\"@type\":\"WebPage\",\"@id\":\"https:\\\/\\\/eldigitaldeasturias.com\\\/magazine365\\\/rescatada-una-segunda-caja-negra-de-los-restos-del-avion-de-egyptair\\\/#webpage\",\"url\":\"https:\\\/\\\/eldigitaldeasturias.com\\\/magazine365\\\/rescatada-una-segunda-caja-negra-de-los-restos-del-avion-de-egyptair\\\/\",\"name\":\"Rescatada una segunda caja negra de los restos del avi\\u00f3n de Egyptair | El Digital de Asturias\",\"description\":\"Los equipos de buceadores han recuperado una segunda caja negra con informaci\\u00f3n sobre el vuelo siniestrado de EgyptAir, el mes pasado, seg\\u00fan han confirmado las autoridades este viernes. El anuncio tiene lugar despu\\u00e9s del hallazgo ayer de la grabaci\\u00f3n de cabina, que podr\\u00eda arrojar luz en la investigaci\\u00f3n del siniestro, que cost\\u00f3 la vida los\",\"inLanguage\":\"es-ES\",\"isPartOf\":{\"@id\":\"https:\\\/\\\/eldigitaldeasturias.com\\\/magazine365\\\/#website\"},\"breadcrumb\":{\"@id\":\"https:\\\/\\\/eldigitaldeasturias.com\\\/magazine365\\\/rescatada-una-segunda-caja-negra-de-los-restos-del-avion-de-egyptair\\\/#breadcrumblist\"},\"author\":{\"@id\":\"https:\\\/\\\/eldigitaldeasturias.com\\\/magazine365\\\/author\\\/admin\\\/#author\"},\"creator\":{\"@id\":\"https:\\\/\\\/eldigitaldeasturias.com\\\/magazine365\\\/author\\\/admin\\\/#author\"},\"image\":{\"@type\":\"ImageObject\",\"url\":\"https:\\\/\\\/eldigitaldeasturias.com\\\/magazine365\\\/wp-content\\\/uploads\\\/2016\\\/06\\\/m365.jpg\",\"@id\":\"https:\\\/\\\/eldigitaldeasturias.com\\\/magazine365\\\/rescatada-una-segunda-caja-negra-de-los-restos-del-avion-de-egyptair\\\/#mainImage\",\"width\":655,\"height\":360},\"primaryImageOfPage\":{\"@id\":\"https:\\\/\\\/eldigitaldeasturias.com\\\/magazine365\\\/rescatada-una-segunda-caja-negra-de-los-restos-del-avion-de-egyptair\\\/#mainImage\"},\"datePublished\":\"2016-06-17T15:13:12+02:00\",\"dateModified\":\"2016-06-17T15:13:12+02:00\"},{\"@type\":\"WebSite\",\"@id\":\"https:\\\/\\\/eldigitaldeasturias.com\\\/magazine365\\\/#website\",\"url\":\"https:\\\/\\\/eldigitaldeasturias.com\\\/magazine365\\\/\",\"name\":\"El Digital de Asturias\",\"description\":\"Revista de ocio, turismo y estilo de vida\",\"inLanguage\":\"es-ES\",\"publisher\":{\"@id\":\"https:\\\/\\\/eldigitaldeasturias.com\\\/magazine365\\\/#organization\"}}]}\n\t\t<\/script>\n\t\t<!-- All in One SEO Pro -->\r\n\t\t<title>Rescatada una segunda caja negra de los restos del avi\u00f3n de Egyptair | El Digital de Asturias<\/title>\n\n","aioseo_head_json":{"title":"Rescatada una segunda caja negra de los restos del avi\u00f3n de Egyptair | El Digital de Asturias","description":"Los equipos de buceadores han recuperado una segunda caja negra con informaci\u00f3n sobre el vuelo siniestrado de EgyptAir, el mes pasado, seg\u00fan han confirmado las autoridades este viernes. El anuncio tiene lugar despu\u00e9s del hallazgo ayer de la grabaci\u00f3n de cabina, que podr\u00eda arrojar luz en la investigaci\u00f3n del siniestro, que cost\u00f3 la vida los","canonical_url":"https:\/\/eldigitaldeasturias.com\/magazine365\/rescatada-una-segunda-caja-negra-de-los-restos-del-avion-de-egyptair\/","robots":"max-image-preview:large","keywords":"noticias y actualidad","webmasterTools":{"google-site-verification":"UA-38556648-1","miscellaneous":""},"schema":{"@context":"https:\/\/schema.org","@graph":[{"@type":"Article","@id":"https:\/\/eldigitaldeasturias.com\/magazine365\/rescatada-una-segunda-caja-negra-de-los-restos-del-avion-de-egyptair\/#article","name":"Rescatada una segunda caja negra de los restos del avi\u00f3n de Egyptair | El Digital de Asturias","headline":"Rescatada una segunda caja negra de los restos del avi\u00f3n de Egyptair","author":{"@id":"https:\/\/eldigitaldeasturias.com\/magazine365\/author\/admin\/#author"},"publisher":{"@id":"https:\/\/eldigitaldeasturias.com\/magazine365\/#organization"},"image":{"@type":"ImageObject","url":"https:\/\/eldigitaldeasturias.com\/magazine365\/wp-content\/uploads\/2016\/06\/m365.jpg","width":655,"height":360},"datePublished":"2016-06-17T15:13:12+02:00","dateModified":"2016-06-17T15:13:12+02:00","inLanguage":"es-ES","mainEntityOfPage":{"@id":"https:\/\/eldigitaldeasturias.com\/magazine365\/rescatada-una-segunda-caja-negra-de-los-restos-del-avion-de-egyptair\/#webpage"},"isPartOf":{"@id":"https:\/\/eldigitaldeasturias.com\/magazine365\/rescatada-una-segunda-caja-negra-de-los-restos-del-avion-de-egyptair\/#webpage"},"articleSection":"Noticias y Actualidad"},{"@type":"BreadcrumbList","@id":"https:\/\/eldigitaldeasturias.com\/magazine365\/rescatada-una-segunda-caja-negra-de-los-restos-del-avion-de-egyptair\/#breadcrumblist","itemListElement":[{"@type":"ListItem","@id":"https:\/\/eldigitaldeasturias.com\/magazine365#listItem","position":1,"name":"Home","item":"https:\/\/eldigitaldeasturias.com\/magazine365","nextItem":{"@type":"ListItem","@id":"https:\/\/eldigitaldeasturias.com\/magazine365\/category\/noticias-actualidad\/#listItem","name":"Noticias y Actualidad"}},{"@type":"ListItem","@id":"https:\/\/eldigitaldeasturias.com\/magazine365\/category\/noticias-actualidad\/#listItem","position":2,"name":"Noticias y Actualidad","item":"https:\/\/eldigitaldeasturias.com\/magazine365\/category\/noticias-actualidad\/","nextItem":{"@type":"ListItem","@id":"https:\/\/eldigitaldeasturias.com\/magazine365\/rescatada-una-segunda-caja-negra-de-los-restos-del-avion-de-egyptair\/#listItem","name":"Rescatada una segunda caja negra de los restos del avi\u00f3n de Egyptair"},"previousItem":{"@type":"ListItem","@id":"https:\/\/eldigitaldeasturias.com\/magazine365#listItem","name":"Home"}},{"@type":"ListItem","@id":"https:\/\/eldigitaldeasturias.com\/magazine365\/rescatada-una-segunda-caja-negra-de-los-restos-del-avion-de-egyptair\/#listItem","position":3,"name":"Rescatada una segunda caja negra de los restos del avi\u00f3n de Egyptair","previousItem":{"@type":"ListItem","@id":"https:\/\/eldigitaldeasturias.com\/magazine365\/category\/noticias-actualidad\/#listItem","name":"Noticias y Actualidad"}}]},{"@type":"Organization","@id":"https:\/\/eldigitaldeasturias.com\/magazine365\/#organization","name":"El digital de Asturias","description":"Revista de ocio, turismo y estilo de vida","url":"https:\/\/eldigitaldeasturias.com\/magazine365\/","logo":{"@type":"ImageObject","url":"https:\/\/www.eldigitaldeasturias.com\/noticias\/wp-content\/uploads\/2020\/12\/EDA.jpg","@id":"https:\/\/eldigitaldeasturias.com\/magazine365\/rescatada-una-segunda-caja-negra-de-los-restos-del-avion-de-egyptair\/#organizationLogo"},"image":{"@id":"https:\/\/eldigitaldeasturias.com\/magazine365\/rescatada-una-segunda-caja-negra-de-los-restos-del-avion-de-egyptair\/#organizationLogo"}},{"@type":"Person","@id":"https:\/\/eldigitaldeasturias.com\/magazine365\/author\/admin\/#author","url":"https:\/\/eldigitaldeasturias.com\/magazine365\/author\/admin\/","name":"admin","image":{"@type":"ImageObject","@id":"https:\/\/eldigitaldeasturias.com\/magazine365\/rescatada-una-segunda-caja-negra-de-los-restos-del-avion-de-egyptair\/#authorImage","url":"https:\/\/eldigitaldeasturias.com\/magazine365\/wp-content\/litespeed\/avatar\/e571bcf59a0edd6fa6838245a470f2fe.jpg?ver=1776969259","width":96,"height":96,"caption":"admin"}},{"@type":"WebPage","@id":"https:\/\/eldigitaldeasturias.com\/magazine365\/rescatada-una-segunda-caja-negra-de-los-restos-del-avion-de-egyptair\/#webpage","url":"https:\/\/eldigitaldeasturias.com\/magazine365\/rescatada-una-segunda-caja-negra-de-los-restos-del-avion-de-egyptair\/","name":"Rescatada una segunda caja negra de los restos del avi\u00f3n de Egyptair | El Digital de Asturias","description":"Los equipos de buceadores han recuperado una segunda caja negra con informaci\u00f3n sobre el vuelo siniestrado de EgyptAir, el mes pasado, seg\u00fan han confirmado las autoridades este viernes. El anuncio tiene lugar despu\u00e9s del hallazgo ayer de la grabaci\u00f3n de cabina, que podr\u00eda arrojar luz en la investigaci\u00f3n del siniestro, que cost\u00f3 la vida los","inLanguage":"es-ES","isPartOf":{"@id":"https:\/\/eldigitaldeasturias.com\/magazine365\/#website"},"breadcrumb":{"@id":"https:\/\/eldigitaldeasturias.com\/magazine365\/rescatada-una-segunda-caja-negra-de-los-restos-del-avion-de-egyptair\/#breadcrumblist"},"author":{"@id":"https:\/\/eldigitaldeasturias.com\/magazine365\/author\/admin\/#author"},"creator":{"@id":"https:\/\/eldigitaldeasturias.com\/magazine365\/author\/admin\/#author"},"image":{"@type":"ImageObject","url":"https:\/\/eldigitaldeasturias.com\/magazine365\/wp-content\/uploads\/2016\/06\/m365.jpg","@id":"https:\/\/eldigitaldeasturias.com\/magazine365\/rescatada-una-segunda-caja-negra-de-los-restos-del-avion-de-egyptair\/#mainImage","width":655,"height":360},"primaryImageOfPage":{"@id":"https:\/\/eldigitaldeasturias.com\/magazine365\/rescatada-una-segunda-caja-negra-de-los-restos-del-avion-de-egyptair\/#mainImage"},"datePublished":"2016-06-17T15:13:12+02:00","dateModified":"2016-06-17T15:13:12+02:00"},{"@type":"WebSite","@id":"https:\/\/eldigitaldeasturias.com\/magazine365\/#website","url":"https:\/\/eldigitaldeasturias.com\/magazine365\/","name":"El Digital de Asturias","description":"Revista de ocio, turismo y estilo de vida","inLanguage":"es-ES","publisher":{"@id":"https:\/\/eldigitaldeasturias.com\/magazine365\/#organization"}}]},"og:locale":"es_ES","og:site_name":"El Digital de Asturias \u2013 Revista de ocio, turismo y estilo de vida","og:type":"article","og:title":"Rescatada una segunda caja negra de los restos del avi\u00f3n de Egyptair | El Digital de Asturias","og:description":"Los equipos de buceadores han recuperado una segunda caja negra con informaci\u00f3n sobre el vuelo siniestrado de EgyptAir, el mes pasado, seg\u00fan han confirmado las autoridades este viernes. El anuncio tiene lugar despu\u00e9s del hallazgo ayer de la grabaci\u00f3n de cabina, que podr\u00eda arrojar luz en la investigaci\u00f3n del siniestro, que cost\u00f3 la vida los","og:url":"https:\/\/eldigitaldeasturias.com\/magazine365\/rescatada-una-segunda-caja-negra-de-los-restos-del-avion-de-egyptair\/","og:image":"https:\/\/eldigitaldeasturias.com\/magazine365\/wp-content\/uploads\/2016\/06\/m365.jpg","og:image:secure_url":"https:\/\/eldigitaldeasturias.com\/magazine365\/wp-content\/uploads\/2016\/06\/m365.jpg","og:image:width":655,"og:image:height":360,"article:published_time":"2016-06-17T13:13:12+00:00","article:modified_time":"2016-06-17T13:13:12+00:00","twitter:card":"summary_large_image","twitter:title":"Rescatada una segunda caja negra de los restos del avi\u00f3n de Egyptair | El Digital de Asturias","twitter:description":"Los equipos de buceadores han recuperado una segunda caja negra con informaci\u00f3n sobre el vuelo siniestrado de EgyptAir, el mes pasado, seg\u00fan han confirmado las autoridades este viernes. El anuncio tiene lugar despu\u00e9s del hallazgo ayer de la grabaci\u00f3n de cabina, que podr\u00eda arrojar luz en la investigaci\u00f3n del siniestro, que cost\u00f3 la vida los","twitter:image":"https:\/\/eldigitaldeasturias.com\/magazine365\/wp-content\/uploads\/2016\/06\/m365.jpg"},"aioseo_meta_data":{"post_id":"79891","title":null,"description":null,"keywords":null,"keyphrases":null,"primary_term":null,"canonical_url":null,"og_title":null,"og_description":null,"og_object_type":"default","og_image_type":"default","og_image_url":null,"og_image_width":null,"og_image_height":null,"og_image_custom_url":null,"og_image_custom_fields":null,"og_video":null,"og_custom_url":null,"og_article_section":null,"og_article_tags":null,"twitter_use_og":false,"twitter_card":"default","twitter_image_type":"default","twitter_image_url":null,"twitter_image_custom_url":null,"twitter_image_custom_fields":null,"twitter_title":null,"twitter_description":null,"schema":{"blockGraphs":[],"customGraphs":[],"default":{"data":{"Article":[],"Course":[],"Dataset":[],"FAQPage":[],"Movie":[],"Person":[],"Product":[],"ProductReview":[],"Car":[],"Recipe":[],"Service":[],"SoftwareApplication":[],"WebPage":[]},"graphName":"","isEnabled":true},"graphs":[],"defaultGraph":"","defaultPostTypeGraph":""},"schema_type":null,"schema_type_options":null,"pillar_content":false,"robots_default":true,"robots_noindex":false,"robots_noarchive":false,"robots_nosnippet":false,"robots_nofollow":false,"robots_noimageindex":false,"robots_noodp":false,"robots_notranslate":false,"robots_max_snippet":null,"robots_max_videopreview":null,"robots_max_imagepreview":"large","priority":null,"frequency":null,"location":null,"local_seo":null,"seo_analyzer_scan_date":"2025-09-27 19:46:32","breadcrumb_settings":null,"limit_modified_date":false,"open_ai":null,"ai":null,"created":"2021-03-08 17:42:46","updated":"2025-09-27 19:46:32"},"aioseo_breadcrumb":"<div class=\"aioseo-breadcrumbs\"><span class=\"aioseo-breadcrumb\">\n\t<a href=\"https:\/\/eldigitaldeasturias.com\/magazine365\" title=\"Home\">Home<\/a>\n<\/span><span class=\"aioseo-breadcrumb-separator\">\u2013<\/span><span class=\"aioseo-breadcrumb\">\n\t<a href=\"https:\/\/eldigitaldeasturias.com\/magazine365\/category\/noticias-actualidad\/\" title=\"Noticias y Actualidad\">Noticias y Actualidad<\/a>\n<\/span><span class=\"aioseo-breadcrumb-separator\">\u2013<\/span><span class=\"aioseo-breadcrumb\">\n\t<a href=\"https:\/\/eldigitaldeasturias.com\/magazine365\/rescatada-una-segunda-caja-negra-de-los-restos-del-avion-de-egyptair\/\" title=\"Rescatada una segunda caja negra de los restos del avi\u00f3n de Egyptair\">Rescatada una segunda caja negra de los restos del avi\u00f3n de Egyptair<\/a>\n<\/span><\/div>","aioseo_breadcrumb_json":[{"label":"Home","link":"https:\/\/eldigitaldeasturias.com\/magazine365"},{"label":"Noticias y Actualidad","link":"https:\/\/eldigitaldeasturias.com\/magazine365\/category\/noticias-actualidad\/"},{"label":"Rescatada una segunda caja negra de los restos del avi\u00f3n de Egyptair","link":"https:\/\/eldigitaldeasturias.com\/magazine365\/rescatada-una-segunda-caja-negra-de-los-restos-del-avion-de-egyptair\/"}],"_links":{"self":[{"href":"https:\/\/eldigitaldeasturias.com\/magazine365\/wp-json\/wp\/v2\/posts\/79891","targetHints":{"allow":["GET"]}}],"collection":[{"href":"https:\/\/eldigitaldeasturias.com\/magazine365\/wp-json\/wp\/v2\/posts"}],"about":[{"href":"https:\/\/eldigitaldeasturias.com\/magazine365\/wp-json\/wp\/v2\/types\/post"}],"author":[{"embeddable":true,"href":"https:\/\/eldigitaldeasturias.com\/magazine365\/wp-json\/wp\/v2\/users\/1"}],"replies":[{"embeddable":true,"href":"https:\/\/eldigitaldeasturias.com\/magazine365\/wp-json\/wp\/v2\/comments?post=79891"}],"version-history":[{"count":0,"href":"https:\/\/eldigitaldeasturias.com\/magazine365\/wp-json\/wp\/v2\/posts\/79891\/revisions"}],"wp:featuredmedia":[{"embeddable":true,"href":"https:\/\/eldigitaldeasturias.com\/magazine365\/wp-json\/wp\/v2\/media\/77926"}],"wp:attachment":[{"href":"https:\/\/eldigitaldeasturias.com\/magazine365\/wp-json\/wp\/v2\/media?parent=79891"}],"wp:term":[{"taxonomy":"category","embeddable":true,"href":"https:\/\/eldigitaldeasturias.com\/magazine365\/wp-json\/wp\/v2\/categories?post=79891"},{"taxonomy":"post_tag","embeddable":true,"href":"https:\/\/eldigitaldeasturias.com\/magazine365\/wp-json\/wp\/v2\/tags?post=79891"}],"curies":[{"name":"wp","href":"https:\/\/api.w.org\/{rel}","templated":true}]}}