{"id":79879,"date":"2016-06-17T15:08:06","date_gmt":"2016-06-17T13:08:06","guid":{"rendered":"http:\/\/eldigitaldeasturias.com\/magazine365\/?p=79879"},"modified":"2016-06-17T15:08:06","modified_gmt":"2016-06-17T13:08:06","slug":"tmb-impugnara-en-barcelona-los-servicios-minimos-de-la-huelga-del-metro-dictados-por-la-generalitat","status":"publish","type":"post","link":"https:\/\/eldigitaldeasturias.com\/magazine365\/tmb-impugnara-en-barcelona-los-servicios-minimos-de-la-huelga-del-metro-dictados-por-la-generalitat\/","title":{"rendered":"TMB impugnar\u00e1 en Barcelona los servicios m\u00ednimos de la huelga del Metro dictados por la Generalitat"},"content":{"rendered":"<p><img fetchpriority=\"high\" decoding=\"async\" class=\"alignleft size-medium wp-image-79880\" src=\"https:\/\/eldigitaldeasturias.com\/magazine365\/wp-content\/uploads\/2016\/06\/fotonoticia_20160617122652_800-360x240.jpg\" alt=\"fotonoticia_20160617122652_800\" width=\"360\" height=\"240\" srcset=\"https:\/\/eldigitaldeasturias.com\/magazine365\/wp-content\/uploads\/2016\/06\/fotonoticia_20160617122652_800-360x240.jpg 360w, https:\/\/eldigitaldeasturias.com\/magazine365\/wp-content\/uploads\/2016\/06\/fotonoticia_20160617122652_800-650x433.jpg 650w, https:\/\/eldigitaldeasturias.com\/magazine365\/wp-content\/uploads\/2016\/06\/fotonoticia_20160617122652_800-768x512.jpg 768w, https:\/\/eldigitaldeasturias.com\/magazine365\/wp-content\/uploads\/2016\/06\/fotonoticia_20160617122652_800-150x100.jpg 150w, https:\/\/eldigitaldeasturias.com\/magazine365\/wp-content\/uploads\/2016\/06\/fotonoticia_20160617122652_800-450x300.jpg 450w, https:\/\/eldigitaldeasturias.com\/magazine365\/wp-content\/uploads\/2016\/06\/fotonoticia_20160617122652_800-101x66.jpg 101w, https:\/\/eldigitaldeasturias.com\/magazine365\/wp-content\/uploads\/2016\/06\/fotonoticia_20160617122652_800.jpg 800w\" sizes=\"(max-width: 360px) 100vw, 360px\" \/>La presidenta de Transports Metropolitans de Barcelona (TMB) y concejal de Movilidad de la capital catalana, Mercedes Vidal, ha asegurado que TMB impugnar\u00e1 durante este viernes los servicios m\u00ednimos decretados por la Generalitat para las huelgas de Metro convocadas desde este s\u00e1bado hasta el pr\u00f3ximo mi\u00e9rcoles.<\/p>\n<p>En declaraciones a los periodistas, ha calificado de \u00abtotalmente insuficientes\u00bb los servicios m\u00ednimos dictados por la Generalitat, del 33% en los paros de este fin de semana &#8211;coincidiendo con el festival S\u00f3nar&#8211;; del 40% en las horas punta del lunes al mi\u00e9rcoles, y del 20% en el resto de los paros de estos d\u00edas laborables.<\/p>\n<p>Vidal ha explicado que TMB traslad\u00f3 a la Generalitat un informe que elabor\u00f3 tras las \u00faltimas huelgas del lunes 30 de mayo al jueves 2 de junio, en las que el Metro funcion\u00f3 al 40% en las horas punta y al 20% en el resto, en el que advirti\u00f3 de que estos servicios m\u00ednimos eran insuficientes y provocaron \u00abmuchas afectaciones que la ciudadan\u00eda sufri\u00f3 en primera persona\u00bb.<\/p>\n<p>Ha asegurado que volver a decretar estos servicios m\u00ednimos ha sido una \u00abirresponsabilidad\u00bb por parte de la Generalitat, y m\u00e1s teniendo este informe, que recoge que se tuvieron que regular los accesos a las principales estaciones para garantizar la seguridad, por lo que han decidido impugnarlos, ha insistido.<\/p>\n<p>Vidal ha criticado que la Generalitat haya decretado estos servicios m\u00ednimos en las dos \u00faltimas convocatorias de paros, cuando anteriormente hab\u00eda fijado el 50% en horas punta y el 30% en el resto, en un cambio de criterio que considera \u00abinexplicable\u00bb.<\/p>\n<p>\u00abEl 50% del servicio permite un equilibrio entre el derecho a huelga y el derecho a la movilidad de la ciudadan\u00eda\u00bb, ha sostenido Vidal, que ha resaltado que siempre han sido respetuosos con los servicios m\u00ednimos dictados por la Generalitat, pero ha criticado que haya cambiado su criterio.<\/p>\n<h2 class=\"ladillo\">BUSCAR ALTERNATIVAS<\/h2>\n<p>Tras lamentar que se hayan convocado estos nuevos paros, ha garantizado que TMB \u00abha intentado llegar a un acuerdo y siempre ha propuesto mejoras en todo lo que respecta a la negociaci\u00f3n del convenio\u00bb, y ha pedido avanzar para lograr un acuerdo como se ha hecho con los trabajadores de autobuses de TMB.<\/p>\n<p>Vidal ha recomendado a los ciudadanos que utilicen medios de transporte alternativos y avisado de que \u00abes muy posible que se tengan que cerrar estaciones para evitar problemas de seguridad\u00bb, tras lo que ha dicho que habr\u00e1 afectaciones por el S\u00f3nar pero que especialmente les preocupan los paros de los d\u00edas laborables, sobre todo los convocados para la franja entre las 7.00 y las 9.00 horas.<\/p>\n<p>Preguntada por la negociaci\u00f3n y la posibilidad de desconvocar la huelga, ha dicho que \u00absiempre hay contactos y se intenta por todos los medio hasta el \u00faltimo momento, pero es dif\u00edcil y una situaci\u00f3n compleja\u00bb, tras lo que ha insistido en que TMB ha planteado tratos que considera positivos para continuar negociando.<\/p>\n","protected":false},"excerpt":{"rendered":"<p>La presidenta de Transports Metropolitans de Barcelona (TMB) y concejal de Movilidad de la capital catalana, Mercedes Vidal, ha asegurado que TMB impugnar\u00e1 durante este viernes los servicios m\u00ednimos decretados por la Generalitat para las huelgas de Metro convocadas desde este s\u00e1bado hasta el pr\u00f3ximo mi\u00e9rcoles. En declaraciones a los periodistas, ha calificado de \u00abtotalmente<\/p>\n","protected":false},"author":1,"featured_media":79880,"comment_status":"open","ping_status":"closed","sticky":false,"template":"","format":"standard","meta":{"footnotes":""},"categories":[224],"tags":[],"class_list":{"0":"post-79879","1":"post","2":"type-post","3":"status-publish","4":"format-standard","5":"has-post-thumbnail","7":"category-noticias-actualidad"},"aioseo_notices":[],"aioseo_head":"\n\t\t<!-- All in One SEO Pro 4.9.6.1 - aioseo.com -->\n\t<meta name=\"description\" content=\"La presidenta de Transports Metropolitans de Barcelona (TMB) y concejal de Movilidad de la capital catalana, Mercedes Vidal, ha asegurado que TMB impugnar\u00e1 durante este viernes los servicios m\u00ednimos decretados por la Generalitat para las huelgas de Metro convocadas desde este s\u00e1bado hasta el pr\u00f3ximo mi\u00e9rcoles. En declaraciones a los periodistas, ha calificado de &quot;totalmente\" \/>\n\t<meta name=\"robots\" content=\"max-image-preview:large\" \/>\n\t<meta name=\"author\" content=\"admin\"\/>\n\t<meta name=\"google-site-verification\" content=\"UA-38556648-1\" \/>\n\t<meta name=\"keywords\" content=\"noticias y actualidad\" \/>\n\t<link rel=\"canonical\" href=\"https:\/\/eldigitaldeasturias.com\/magazine365\/tmb-impugnara-en-barcelona-los-servicios-minimos-de-la-huelga-del-metro-dictados-por-la-generalitat\/\" \/>\n\t<meta name=\"generator\" content=\"All in One SEO Pro (AIOSEO) 4.9.6.1\" \/>\n\t\t<meta property=\"og:locale\" content=\"es_ES\" \/>\n\t\t<meta property=\"og:site_name\" content=\"El Digital de Asturias \u2013 Revista de ocio, turismo y estilo de vida\" \/>\n\t\t<meta property=\"og:type\" content=\"article\" \/>\n\t\t<meta property=\"og:title\" content=\"TMB impugnar\u00e1 en Barcelona los servicios m\u00ednimos de la huelga del Metro dictados por la Generalitat | El Digital de Asturias\" \/>\n\t\t<meta property=\"og:description\" content=\"La presidenta de Transports Metropolitans de Barcelona (TMB) y concejal de Movilidad de la capital catalana, Mercedes Vidal, ha asegurado que TMB impugnar\u00e1 durante este viernes los servicios m\u00ednimos decretados por la Generalitat para las huelgas de Metro convocadas desde este s\u00e1bado hasta el pr\u00f3ximo mi\u00e9rcoles. En declaraciones a los periodistas, ha calificado de &quot;totalmente\" \/>\n\t\t<meta property=\"og:url\" content=\"https:\/\/eldigitaldeasturias.com\/magazine365\/tmb-impugnara-en-barcelona-los-servicios-minimos-de-la-huelga-del-metro-dictados-por-la-generalitat\/\" \/>\n\t\t<meta property=\"og:image\" content=\"https:\/\/eldigitaldeasturias.com\/magazine365\/wp-content\/uploads\/2016\/06\/fotonoticia_20160617122652_800.jpg\" \/>\n\t\t<meta property=\"og:image:secure_url\" content=\"https:\/\/eldigitaldeasturias.com\/magazine365\/wp-content\/uploads\/2016\/06\/fotonoticia_20160617122652_800.jpg\" \/>\n\t\t<meta property=\"og:image:width\" content=\"800\" \/>\n\t\t<meta property=\"og:image:height\" content=\"533\" \/>\n\t\t<meta property=\"article:published_time\" content=\"2016-06-17T13:08:06+00:00\" \/>\n\t\t<meta property=\"article:modified_time\" content=\"2016-06-17T13:08:06+00:00\" \/>\n\t\t<meta name=\"twitter:card\" content=\"summary_large_image\" \/>\n\t\t<meta name=\"twitter:title\" content=\"TMB impugnar\u00e1 en Barcelona los servicios m\u00ednimos de la huelga del Metro dictados por la Generalitat | El Digital de Asturias\" \/>\n\t\t<meta name=\"twitter:description\" content=\"La presidenta de Transports Metropolitans de Barcelona (TMB) y concejal de Movilidad de la capital catalana, Mercedes Vidal, ha asegurado que TMB impugnar\u00e1 durante este viernes los servicios m\u00ednimos decretados por la Generalitat para las huelgas de Metro convocadas desde este s\u00e1bado hasta el pr\u00f3ximo mi\u00e9rcoles. En declaraciones a los periodistas, ha calificado de &quot;totalmente\" \/>\n\t\t<meta name=\"twitter:image\" content=\"https:\/\/eldigitaldeasturias.com\/magazine365\/wp-content\/uploads\/2016\/06\/fotonoticia_20160617122652_800.jpg\" \/>\n\t\t<script type=\"application\/ld+json\" class=\"aioseo-schema\">\n\t\t\t{\"@context\":\"https:\\\/\\\/schema.org\",\"@graph\":[{\"@type\":\"Article\",\"@id\":\"https:\\\/\\\/eldigitaldeasturias.com\\\/magazine365\\\/tmb-impugnara-en-barcelona-los-servicios-minimos-de-la-huelga-del-metro-dictados-por-la-generalitat\\\/#article\",\"name\":\"TMB impugnar\\u00e1 en Barcelona los servicios m\\u00ednimos de la huelga del Metro dictados por la Generalitat | El Digital de Asturias\",\"headline\":\"TMB impugnar\\u00e1 en Barcelona los servicios m\\u00ednimos de la huelga del Metro dictados por la Generalitat\",\"author\":{\"@id\":\"https:\\\/\\\/eldigitaldeasturias.com\\\/magazine365\\\/author\\\/admin\\\/#author\"},\"publisher\":{\"@id\":\"https:\\\/\\\/eldigitaldeasturias.com\\\/magazine365\\\/#organization\"},\"image\":{\"@type\":\"ImageObject\",\"url\":\"https:\\\/\\\/eldigitaldeasturias.com\\\/magazine365\\\/wp-content\\\/uploads\\\/2016\\\/06\\\/fotonoticia_20160617122652_800.jpg\",\"width\":800,\"height\":533},\"datePublished\":\"2016-06-17T15:08:06+02:00\",\"dateModified\":\"2016-06-17T15:08:06+02:00\",\"inLanguage\":\"es-ES\",\"mainEntityOfPage\":{\"@id\":\"https:\\\/\\\/eldigitaldeasturias.com\\\/magazine365\\\/tmb-impugnara-en-barcelona-los-servicios-minimos-de-la-huelga-del-metro-dictados-por-la-generalitat\\\/#webpage\"},\"isPartOf\":{\"@id\":\"https:\\\/\\\/eldigitaldeasturias.com\\\/magazine365\\\/tmb-impugnara-en-barcelona-los-servicios-minimos-de-la-huelga-del-metro-dictados-por-la-generalitat\\\/#webpage\"},\"articleSection\":\"Noticias y Actualidad\"},{\"@type\":\"BreadcrumbList\",\"@id\":\"https:\\\/\\\/eldigitaldeasturias.com\\\/magazine365\\\/tmb-impugnara-en-barcelona-los-servicios-minimos-de-la-huelga-del-metro-dictados-por-la-generalitat\\\/#breadcrumblist\",\"itemListElement\":[{\"@type\":\"ListItem\",\"@id\":\"https:\\\/\\\/eldigitaldeasturias.com\\\/magazine365#listItem\",\"position\":1,\"name\":\"Home\",\"item\":\"https:\\\/\\\/eldigitaldeasturias.com\\\/magazine365\",\"nextItem\":{\"@type\":\"ListItem\",\"@id\":\"https:\\\/\\\/eldigitaldeasturias.com\\\/magazine365\\\/category\\\/noticias-actualidad\\\/#listItem\",\"name\":\"Noticias y Actualidad\"}},{\"@type\":\"ListItem\",\"@id\":\"https:\\\/\\\/eldigitaldeasturias.com\\\/magazine365\\\/category\\\/noticias-actualidad\\\/#listItem\",\"position\":2,\"name\":\"Noticias y Actualidad\",\"item\":\"https:\\\/\\\/eldigitaldeasturias.com\\\/magazine365\\\/category\\\/noticias-actualidad\\\/\",\"nextItem\":{\"@type\":\"ListItem\",\"@id\":\"https:\\\/\\\/eldigitaldeasturias.com\\\/magazine365\\\/tmb-impugnara-en-barcelona-los-servicios-minimos-de-la-huelga-del-metro-dictados-por-la-generalitat\\\/#listItem\",\"name\":\"TMB impugnar\\u00e1 en Barcelona los servicios m\\u00ednimos de la huelga del Metro dictados por la Generalitat\"},\"previousItem\":{\"@type\":\"ListItem\",\"@id\":\"https:\\\/\\\/eldigitaldeasturias.com\\\/magazine365#listItem\",\"name\":\"Home\"}},{\"@type\":\"ListItem\",\"@id\":\"https:\\\/\\\/eldigitaldeasturias.com\\\/magazine365\\\/tmb-impugnara-en-barcelona-los-servicios-minimos-de-la-huelga-del-metro-dictados-por-la-generalitat\\\/#listItem\",\"position\":3,\"name\":\"TMB impugnar\\u00e1 en Barcelona los servicios m\\u00ednimos de la huelga del Metro dictados por la Generalitat\",\"previousItem\":{\"@type\":\"ListItem\",\"@id\":\"https:\\\/\\\/eldigitaldeasturias.com\\\/magazine365\\\/category\\\/noticias-actualidad\\\/#listItem\",\"name\":\"Noticias y Actualidad\"}}]},{\"@type\":\"Organization\",\"@id\":\"https:\\\/\\\/eldigitaldeasturias.com\\\/magazine365\\\/#organization\",\"name\":\"El digital de Asturias\",\"description\":\"Revista de ocio, turismo y estilo de vida\",\"url\":\"https:\\\/\\\/eldigitaldeasturias.com\\\/magazine365\\\/\",\"logo\":{\"@type\":\"ImageObject\",\"url\":\"https:\\\/\\\/www.eldigitaldeasturias.com\\\/noticias\\\/wp-content\\\/uploads\\\/2020\\\/12\\\/EDA.jpg\",\"@id\":\"https:\\\/\\\/eldigitaldeasturias.com\\\/magazine365\\\/tmb-impugnara-en-barcelona-los-servicios-minimos-de-la-huelga-del-metro-dictados-por-la-generalitat\\\/#organizationLogo\"},\"image\":{\"@id\":\"https:\\\/\\\/eldigitaldeasturias.com\\\/magazine365\\\/tmb-impugnara-en-barcelona-los-servicios-minimos-de-la-huelga-del-metro-dictados-por-la-generalitat\\\/#organizationLogo\"}},{\"@type\":\"Person\",\"@id\":\"https:\\\/\\\/eldigitaldeasturias.com\\\/magazine365\\\/author\\\/admin\\\/#author\",\"url\":\"https:\\\/\\\/eldigitaldeasturias.com\\\/magazine365\\\/author\\\/admin\\\/\",\"name\":\"admin\",\"image\":{\"@type\":\"ImageObject\",\"@id\":\"https:\\\/\\\/eldigitaldeasturias.com\\\/magazine365\\\/tmb-impugnara-en-barcelona-los-servicios-minimos-de-la-huelga-del-metro-dictados-por-la-generalitat\\\/#authorImage\",\"url\":\"https:\\\/\\\/eldigitaldeasturias.com\\\/magazine365\\\/wp-content\\\/litespeed\\\/avatar\\\/e571bcf59a0edd6fa6838245a470f2fe.jpg?ver=1776969259\",\"width\":96,\"height\":96,\"caption\":\"admin\"}},{\"@type\":\"WebPage\",\"@id\":\"https:\\\/\\\/eldigitaldeasturias.com\\\/magazine365\\\/tmb-impugnara-en-barcelona-los-servicios-minimos-de-la-huelga-del-metro-dictados-por-la-generalitat\\\/#webpage\",\"url\":\"https:\\\/\\\/eldigitaldeasturias.com\\\/magazine365\\\/tmb-impugnara-en-barcelona-los-servicios-minimos-de-la-huelga-del-metro-dictados-por-la-generalitat\\\/\",\"name\":\"TMB impugnar\\u00e1 en Barcelona los servicios m\\u00ednimos de la huelga del Metro dictados por la Generalitat | El Digital de Asturias\",\"description\":\"La presidenta de Transports Metropolitans de Barcelona (TMB) y concejal de Movilidad de la capital catalana, Mercedes Vidal, ha asegurado que TMB impugnar\\u00e1 durante este viernes los servicios m\\u00ednimos decretados por la Generalitat para las huelgas de Metro convocadas desde este s\\u00e1bado hasta el pr\\u00f3ximo mi\\u00e9rcoles. En declaraciones a los periodistas, ha calificado de \\\"totalmente\",\"inLanguage\":\"es-ES\",\"isPartOf\":{\"@id\":\"https:\\\/\\\/eldigitaldeasturias.com\\\/magazine365\\\/#website\"},\"breadcrumb\":{\"@id\":\"https:\\\/\\\/eldigitaldeasturias.com\\\/magazine365\\\/tmb-impugnara-en-barcelona-los-servicios-minimos-de-la-huelga-del-metro-dictados-por-la-generalitat\\\/#breadcrumblist\"},\"author\":{\"@id\":\"https:\\\/\\\/eldigitaldeasturias.com\\\/magazine365\\\/author\\\/admin\\\/#author\"},\"creator\":{\"@id\":\"https:\\\/\\\/eldigitaldeasturias.com\\\/magazine365\\\/author\\\/admin\\\/#author\"},\"image\":{\"@type\":\"ImageObject\",\"url\":\"https:\\\/\\\/eldigitaldeasturias.com\\\/magazine365\\\/wp-content\\\/uploads\\\/2016\\\/06\\\/fotonoticia_20160617122652_800.jpg\",\"@id\":\"https:\\\/\\\/eldigitaldeasturias.com\\\/magazine365\\\/tmb-impugnara-en-barcelona-los-servicios-minimos-de-la-huelga-del-metro-dictados-por-la-generalitat\\\/#mainImage\",\"width\":800,\"height\":533},\"primaryImageOfPage\":{\"@id\":\"https:\\\/\\\/eldigitaldeasturias.com\\\/magazine365\\\/tmb-impugnara-en-barcelona-los-servicios-minimos-de-la-huelga-del-metro-dictados-por-la-generalitat\\\/#mainImage\"},\"datePublished\":\"2016-06-17T15:08:06+02:00\",\"dateModified\":\"2016-06-17T15:08:06+02:00\"},{\"@type\":\"WebSite\",\"@id\":\"https:\\\/\\\/eldigitaldeasturias.com\\\/magazine365\\\/#website\",\"url\":\"https:\\\/\\\/eldigitaldeasturias.com\\\/magazine365\\\/\",\"name\":\"El Digital de Asturias\",\"description\":\"Revista de ocio, turismo y estilo de vida\",\"inLanguage\":\"es-ES\",\"publisher\":{\"@id\":\"https:\\\/\\\/eldigitaldeasturias.com\\\/magazine365\\\/#organization\"}}]}\n\t\t<\/script>\n\t\t<!-- All in One SEO Pro -->\r\n\t\t<title>TMB impugnar\u00e1 en Barcelona los servicios m\u00ednimos de la huelga del Metro dictados por la Generalitat | El Digital de Asturias<\/title>\n\n","aioseo_head_json":{"title":"TMB impugnar\u00e1 en Barcelona los servicios m\u00ednimos de la huelga del Metro dictados por la Generalitat | El Digital de Asturias","description":"La presidenta de Transports Metropolitans de Barcelona (TMB) y concejal de Movilidad de la capital catalana, Mercedes Vidal, ha asegurado que TMB impugnar\u00e1 durante este viernes los servicios m\u00ednimos decretados por la Generalitat para las huelgas de Metro convocadas desde este s\u00e1bado hasta el pr\u00f3ximo mi\u00e9rcoles. En declaraciones a los periodistas, ha calificado de \"totalmente","canonical_url":"https:\/\/eldigitaldeasturias.com\/magazine365\/tmb-impugnara-en-barcelona-los-servicios-minimos-de-la-huelga-del-metro-dictados-por-la-generalitat\/","robots":"max-image-preview:large","keywords":"noticias y actualidad","webmasterTools":{"google-site-verification":"UA-38556648-1","miscellaneous":""},"schema":{"@context":"https:\/\/schema.org","@graph":[{"@type":"Article","@id":"https:\/\/eldigitaldeasturias.com\/magazine365\/tmb-impugnara-en-barcelona-los-servicios-minimos-de-la-huelga-del-metro-dictados-por-la-generalitat\/#article","name":"TMB impugnar\u00e1 en Barcelona los servicios m\u00ednimos de la huelga del Metro dictados por la Generalitat | El Digital de Asturias","headline":"TMB impugnar\u00e1 en Barcelona los servicios m\u00ednimos de la huelga del Metro dictados por la Generalitat","author":{"@id":"https:\/\/eldigitaldeasturias.com\/magazine365\/author\/admin\/#author"},"publisher":{"@id":"https:\/\/eldigitaldeasturias.com\/magazine365\/#organization"},"image":{"@type":"ImageObject","url":"https:\/\/eldigitaldeasturias.com\/magazine365\/wp-content\/uploads\/2016\/06\/fotonoticia_20160617122652_800.jpg","width":800,"height":533},"datePublished":"2016-06-17T15:08:06+02:00","dateModified":"2016-06-17T15:08:06+02:00","inLanguage":"es-ES","mainEntityOfPage":{"@id":"https:\/\/eldigitaldeasturias.com\/magazine365\/tmb-impugnara-en-barcelona-los-servicios-minimos-de-la-huelga-del-metro-dictados-por-la-generalitat\/#webpage"},"isPartOf":{"@id":"https:\/\/eldigitaldeasturias.com\/magazine365\/tmb-impugnara-en-barcelona-los-servicios-minimos-de-la-huelga-del-metro-dictados-por-la-generalitat\/#webpage"},"articleSection":"Noticias y Actualidad"},{"@type":"BreadcrumbList","@id":"https:\/\/eldigitaldeasturias.com\/magazine365\/tmb-impugnara-en-barcelona-los-servicios-minimos-de-la-huelga-del-metro-dictados-por-la-generalitat\/#breadcrumblist","itemListElement":[{"@type":"ListItem","@id":"https:\/\/eldigitaldeasturias.com\/magazine365#listItem","position":1,"name":"Home","item":"https:\/\/eldigitaldeasturias.com\/magazine365","nextItem":{"@type":"ListItem","@id":"https:\/\/eldigitaldeasturias.com\/magazine365\/category\/noticias-actualidad\/#listItem","name":"Noticias y Actualidad"}},{"@type":"ListItem","@id":"https:\/\/eldigitaldeasturias.com\/magazine365\/category\/noticias-actualidad\/#listItem","position":2,"name":"Noticias y Actualidad","item":"https:\/\/eldigitaldeasturias.com\/magazine365\/category\/noticias-actualidad\/","nextItem":{"@type":"ListItem","@id":"https:\/\/eldigitaldeasturias.com\/magazine365\/tmb-impugnara-en-barcelona-los-servicios-minimos-de-la-huelga-del-metro-dictados-por-la-generalitat\/#listItem","name":"TMB impugnar\u00e1 en Barcelona los servicios m\u00ednimos de la huelga del Metro dictados por la Generalitat"},"previousItem":{"@type":"ListItem","@id":"https:\/\/eldigitaldeasturias.com\/magazine365#listItem","name":"Home"}},{"@type":"ListItem","@id":"https:\/\/eldigitaldeasturias.com\/magazine365\/tmb-impugnara-en-barcelona-los-servicios-minimos-de-la-huelga-del-metro-dictados-por-la-generalitat\/#listItem","position":3,"name":"TMB impugnar\u00e1 en Barcelona los servicios m\u00ednimos de la huelga del Metro dictados por la Generalitat","previousItem":{"@type":"ListItem","@id":"https:\/\/eldigitaldeasturias.com\/magazine365\/category\/noticias-actualidad\/#listItem","name":"Noticias y Actualidad"}}]},{"@type":"Organization","@id":"https:\/\/eldigitaldeasturias.com\/magazine365\/#organization","name":"El digital de Asturias","description":"Revista de ocio, turismo y estilo de vida","url":"https:\/\/eldigitaldeasturias.com\/magazine365\/","logo":{"@type":"ImageObject","url":"https:\/\/www.eldigitaldeasturias.com\/noticias\/wp-content\/uploads\/2020\/12\/EDA.jpg","@id":"https:\/\/eldigitaldeasturias.com\/magazine365\/tmb-impugnara-en-barcelona-los-servicios-minimos-de-la-huelga-del-metro-dictados-por-la-generalitat\/#organizationLogo"},"image":{"@id":"https:\/\/eldigitaldeasturias.com\/magazine365\/tmb-impugnara-en-barcelona-los-servicios-minimos-de-la-huelga-del-metro-dictados-por-la-generalitat\/#organizationLogo"}},{"@type":"Person","@id":"https:\/\/eldigitaldeasturias.com\/magazine365\/author\/admin\/#author","url":"https:\/\/eldigitaldeasturias.com\/magazine365\/author\/admin\/","name":"admin","image":{"@type":"ImageObject","@id":"https:\/\/eldigitaldeasturias.com\/magazine365\/tmb-impugnara-en-barcelona-los-servicios-minimos-de-la-huelga-del-metro-dictados-por-la-generalitat\/#authorImage","url":"https:\/\/eldigitaldeasturias.com\/magazine365\/wp-content\/litespeed\/avatar\/e571bcf59a0edd6fa6838245a470f2fe.jpg?ver=1776969259","width":96,"height":96,"caption":"admin"}},{"@type":"WebPage","@id":"https:\/\/eldigitaldeasturias.com\/magazine365\/tmb-impugnara-en-barcelona-los-servicios-minimos-de-la-huelga-del-metro-dictados-por-la-generalitat\/#webpage","url":"https:\/\/eldigitaldeasturias.com\/magazine365\/tmb-impugnara-en-barcelona-los-servicios-minimos-de-la-huelga-del-metro-dictados-por-la-generalitat\/","name":"TMB impugnar\u00e1 en Barcelona los servicios m\u00ednimos de la huelga del Metro dictados por la Generalitat | El Digital de Asturias","description":"La presidenta de Transports Metropolitans de Barcelona (TMB) y concejal de Movilidad de la capital catalana, Mercedes Vidal, ha asegurado que TMB impugnar\u00e1 durante este viernes los servicios m\u00ednimos decretados por la Generalitat para las huelgas de Metro convocadas desde este s\u00e1bado hasta el pr\u00f3ximo mi\u00e9rcoles. En declaraciones a los periodistas, ha calificado de \"totalmente","inLanguage":"es-ES","isPartOf":{"@id":"https:\/\/eldigitaldeasturias.com\/magazine365\/#website"},"breadcrumb":{"@id":"https:\/\/eldigitaldeasturias.com\/magazine365\/tmb-impugnara-en-barcelona-los-servicios-minimos-de-la-huelga-del-metro-dictados-por-la-generalitat\/#breadcrumblist"},"author":{"@id":"https:\/\/eldigitaldeasturias.com\/magazine365\/author\/admin\/#author"},"creator":{"@id":"https:\/\/eldigitaldeasturias.com\/magazine365\/author\/admin\/#author"},"image":{"@type":"ImageObject","url":"https:\/\/eldigitaldeasturias.com\/magazine365\/wp-content\/uploads\/2016\/06\/fotonoticia_20160617122652_800.jpg","@id":"https:\/\/eldigitaldeasturias.com\/magazine365\/tmb-impugnara-en-barcelona-los-servicios-minimos-de-la-huelga-del-metro-dictados-por-la-generalitat\/#mainImage","width":800,"height":533},"primaryImageOfPage":{"@id":"https:\/\/eldigitaldeasturias.com\/magazine365\/tmb-impugnara-en-barcelona-los-servicios-minimos-de-la-huelga-del-metro-dictados-por-la-generalitat\/#mainImage"},"datePublished":"2016-06-17T15:08:06+02:00","dateModified":"2016-06-17T15:08:06+02:00"},{"@type":"WebSite","@id":"https:\/\/eldigitaldeasturias.com\/magazine365\/#website","url":"https:\/\/eldigitaldeasturias.com\/magazine365\/","name":"El Digital de Asturias","description":"Revista de ocio, turismo y estilo de vida","inLanguage":"es-ES","publisher":{"@id":"https:\/\/eldigitaldeasturias.com\/magazine365\/#organization"}}]},"og:locale":"es_ES","og:site_name":"El Digital de Asturias \u2013 Revista de ocio, turismo y estilo de vida","og:type":"article","og:title":"TMB impugnar\u00e1 en Barcelona los servicios m\u00ednimos de la huelga del Metro dictados por la Generalitat | El Digital de Asturias","og:description":"La presidenta de Transports Metropolitans de Barcelona (TMB) y concejal de Movilidad de la capital catalana, Mercedes Vidal, ha asegurado que TMB impugnar\u00e1 durante este viernes los servicios m\u00ednimos decretados por la Generalitat para las huelgas de Metro convocadas desde este s\u00e1bado hasta el pr\u00f3ximo mi\u00e9rcoles. En declaraciones a los periodistas, ha calificado de &quot;totalmente","og:url":"https:\/\/eldigitaldeasturias.com\/magazine365\/tmb-impugnara-en-barcelona-los-servicios-minimos-de-la-huelga-del-metro-dictados-por-la-generalitat\/","og:image":"https:\/\/eldigitaldeasturias.com\/magazine365\/wp-content\/uploads\/2016\/06\/fotonoticia_20160617122652_800.jpg","og:image:secure_url":"https:\/\/eldigitaldeasturias.com\/magazine365\/wp-content\/uploads\/2016\/06\/fotonoticia_20160617122652_800.jpg","og:image:width":800,"og:image:height":533,"article:published_time":"2016-06-17T13:08:06+00:00","article:modified_time":"2016-06-17T13:08:06+00:00","twitter:card":"summary_large_image","twitter:title":"TMB impugnar\u00e1 en Barcelona los servicios m\u00ednimos de la huelga del Metro dictados por la Generalitat | El Digital de Asturias","twitter:description":"La presidenta de Transports Metropolitans de Barcelona (TMB) y concejal de Movilidad de la capital catalana, Mercedes Vidal, ha asegurado que TMB impugnar\u00e1 durante este viernes los servicios m\u00ednimos decretados por la Generalitat para las huelgas de Metro convocadas desde este s\u00e1bado hasta el pr\u00f3ximo mi\u00e9rcoles. En declaraciones a los periodistas, ha calificado de &quot;totalmente","twitter:image":"https:\/\/eldigitaldeasturias.com\/magazine365\/wp-content\/uploads\/2016\/06\/fotonoticia_20160617122652_800.jpg"},"aioseo_meta_data":{"post_id":"79879","title":null,"description":null,"keywords":null,"keyphrases":null,"primary_term":null,"canonical_url":null,"og_title":null,"og_description":null,"og_object_type":"default","og_image_type":"default","og_image_url":null,"og_image_width":null,"og_image_height":null,"og_image_custom_url":null,"og_image_custom_fields":null,"og_video":null,"og_custom_url":null,"og_article_section":null,"og_article_tags":null,"twitter_use_og":false,"twitter_card":"default","twitter_image_type":"default","twitter_image_url":null,"twitter_image_custom_url":null,"twitter_image_custom_fields":null,"twitter_title":null,"twitter_description":null,"schema":{"blockGraphs":[],"customGraphs":[],"default":{"data":{"Article":[],"Course":[],"Dataset":[],"FAQPage":[],"Movie":[],"Person":[],"Product":[],"ProductReview":[],"Car":[],"Recipe":[],"Service":[],"SoftwareApplication":[],"WebPage":[]},"graphName":"","isEnabled":true},"graphs":[]},"schema_type":null,"schema_type_options":null,"pillar_content":false,"robots_default":true,"robots_noindex":false,"robots_noarchive":false,"robots_nosnippet":false,"robots_nofollow":false,"robots_noimageindex":false,"robots_noodp":false,"robots_notranslate":false,"robots_max_snippet":null,"robots_max_videopreview":null,"robots_max_imagepreview":"large","priority":null,"frequency":null,"location":null,"local_seo":null,"seo_analyzer_scan_date":"2025-09-27 19:45:18","breadcrumb_settings":null,"limit_modified_date":false,"open_ai":null,"ai":null,"created":"2021-03-08 17:42:46","updated":"2025-09-27 19:45:18"},"aioseo_breadcrumb":"<div class=\"aioseo-breadcrumbs\"><span class=\"aioseo-breadcrumb\">\n\t<a href=\"https:\/\/eldigitaldeasturias.com\/magazine365\" title=\"Home\">Home<\/a>\n<\/span><span class=\"aioseo-breadcrumb-separator\">\u2013<\/span><span class=\"aioseo-breadcrumb\">\n\t<a href=\"https:\/\/eldigitaldeasturias.com\/magazine365\/category\/noticias-actualidad\/\" title=\"Noticias y Actualidad\">Noticias y Actualidad<\/a>\n<\/span><span class=\"aioseo-breadcrumb-separator\">\u2013<\/span><span class=\"aioseo-breadcrumb\">\n\t<a href=\"https:\/\/eldigitaldeasturias.com\/magazine365\/tmb-impugnara-en-barcelona-los-servicios-minimos-de-la-huelga-del-metro-dictados-por-la-generalitat\/\" title=\"TMB impugnar\u00e1 en Barcelona los servicios m\u00ednimos de la huelga del Metro dictados por la Generalitat\">TMB impugnar\u00e1 en Barcelona los servicios m\u00ednimos de la huelga del Metro dictados por la Generalitat<\/a>\n<\/span><\/div>","aioseo_breadcrumb_json":[{"label":"Home","link":"https:\/\/eldigitaldeasturias.com\/magazine365"},{"label":"Noticias y Actualidad","link":"https:\/\/eldigitaldeasturias.com\/magazine365\/category\/noticias-actualidad\/"},{"label":"TMB impugnar\u00e1 en Barcelona los servicios m\u00ednimos de la huelga del Metro dictados por la Generalitat","link":"https:\/\/eldigitaldeasturias.com\/magazine365\/tmb-impugnara-en-barcelona-los-servicios-minimos-de-la-huelga-del-metro-dictados-por-la-generalitat\/"}],"_links":{"self":[{"href":"https:\/\/eldigitaldeasturias.com\/magazine365\/wp-json\/wp\/v2\/posts\/79879","targetHints":{"allow":["GET"]}}],"collection":[{"href":"https:\/\/eldigitaldeasturias.com\/magazine365\/wp-json\/wp\/v2\/posts"}],"about":[{"href":"https:\/\/eldigitaldeasturias.com\/magazine365\/wp-json\/wp\/v2\/types\/post"}],"author":[{"embeddable":true,"href":"https:\/\/eldigitaldeasturias.com\/magazine365\/wp-json\/wp\/v2\/users\/1"}],"replies":[{"embeddable":true,"href":"https:\/\/eldigitaldeasturias.com\/magazine365\/wp-json\/wp\/v2\/comments?post=79879"}],"version-history":[{"count":0,"href":"https:\/\/eldigitaldeasturias.com\/magazine365\/wp-json\/wp\/v2\/posts\/79879\/revisions"}],"wp:featuredmedia":[{"embeddable":true,"href":"https:\/\/eldigitaldeasturias.com\/magazine365\/wp-json\/wp\/v2\/media\/79880"}],"wp:attachment":[{"href":"https:\/\/eldigitaldeasturias.com\/magazine365\/wp-json\/wp\/v2\/media?parent=79879"}],"wp:term":[{"taxonomy":"category","embeddable":true,"href":"https:\/\/eldigitaldeasturias.com\/magazine365\/wp-json\/wp\/v2\/categories?post=79879"},{"taxonomy":"post_tag","embeddable":true,"href":"https:\/\/eldigitaldeasturias.com\/magazine365\/wp-json\/wp\/v2\/tags?post=79879"}],"curies":[{"name":"wp","href":"https:\/\/api.w.org\/{rel}","templated":true}]}}