{"id":79864,"date":"2016-06-17T13:34:15","date_gmt":"2016-06-17T11:34:15","guid":{"rendered":"http:\/\/eldigitaldeasturias.com\/magazine365\/?p=79864"},"modified":"2016-06-17T13:34:15","modified_gmt":"2016-06-17T11:34:15","slug":"jose-manuel-muriel-deja-la-direccion-del-grupo-wamos","status":"publish","type":"post","link":"https:\/\/eldigitaldeasturias.com\/magazine365\/jose-manuel-muriel-deja-la-direccion-del-grupo-wamos\/","title":{"rendered":"Jos\u00e9 Manuel Muriel deja la direcci\u00f3n del Grupo Wamos"},"content":{"rendered":"<p><img fetchpriority=\"high\" decoding=\"async\" class=\"alignleft size-medium wp-image-79865\" src=\"https:\/\/eldigitaldeasturias.com\/magazine365\/wp-content\/uploads\/2016\/06\/fotonoticia_20160617120336_800-360x240.jpg\" alt=\"fotonoticia_20160617120336_800\" width=\"360\" height=\"240\" srcset=\"https:\/\/eldigitaldeasturias.com\/magazine365\/wp-content\/uploads\/2016\/06\/fotonoticia_20160617120336_800-360x240.jpg 360w, https:\/\/eldigitaldeasturias.com\/magazine365\/wp-content\/uploads\/2016\/06\/fotonoticia_20160617120336_800-650x433.jpg 650w, https:\/\/eldigitaldeasturias.com\/magazine365\/wp-content\/uploads\/2016\/06\/fotonoticia_20160617120336_800-768x512.jpg 768w, https:\/\/eldigitaldeasturias.com\/magazine365\/wp-content\/uploads\/2016\/06\/fotonoticia_20160617120336_800-150x100.jpg 150w, https:\/\/eldigitaldeasturias.com\/magazine365\/wp-content\/uploads\/2016\/06\/fotonoticia_20160617120336_800-450x300.jpg 450w, https:\/\/eldigitaldeasturias.com\/magazine365\/wp-content\/uploads\/2016\/06\/fotonoticia_20160617120336_800-101x66.jpg 101w, https:\/\/eldigitaldeasturias.com\/magazine365\/wp-content\/uploads\/2016\/06\/fotonoticia_20160617120336_800.jpg 800w\" sizes=\"(max-width: 360px) 100vw, 360px\" \/>El empresario Juan Manuel Muriel, consejero delegado del Grupo Wamos, ha anunciado que deja la direcci\u00f3n de la compa\u00f1\u00eda tras un acuerdo con Springwater Capital.<\/p>\n<p>Seg\u00fan fuentes de la compa\u00f1\u00eda, la decisi\u00f3n se ha tomado de com\u00fan acuerdo al considerar que el trabajo de reestructuraci\u00f3n encomendado al ejecutivo a comienzos del a\u00f1o 2015 ha finalizado con \u00e9xito.<\/p>\n<p>Springwater Capital asegura que el Grupo Wamos \u00abha dado un giro tanto a sus resultados como a sus perspectivas de crecimiento\u00bb, dejando atr\u00e1s las p\u00e9rdidas. Este a\u00f1o el grupo hispano-portugu\u00e9s espera alcanzar un Ebitda positivo entre 8 y 10 millones de euros, con una facturaci\u00f3n de 900 millones.<\/p>\n<p>Muriel deja el grupo que dirige agradeciendo a Springwater la confianza depositada en su persona para llevar a cabo este proyecto, y animando al equipo directivo a proseguir con el trabajo realizado bajo su direcci\u00f3n.<\/p>\n<p>Por su parte Springwater Capital, que reconoce los buenos resultados alcanzados bajo la direcci\u00f3n del ejecutivo durante estos 18 meses, ahora anuncia el comienzo de una nueva etapa con un nuevo modelo de gesti\u00f3n en la compa\u00f1\u00eda tur\u00edstica.<\/p>\n<p>El proceso de salida del ejecutivo se producir\u00e1 a finales de este mes de junio momento en el cual se elegir\u00e1 un nuevo director.<\/p>\n<p>El grupo tur\u00edstico Wamos cuenta con cuatro empresas: Nautalia, Wamos Air, Wamos Circuitos y Wamos Tours. Sus dos accionistas de referencia son el fondo de inversi\u00f3n Springwater Capital y la naviera Royal Caribbean.<\/p>\n","protected":false},"excerpt":{"rendered":"<p>El empresario Juan Manuel Muriel, consejero delegado del Grupo Wamos, ha anunciado que deja la direcci\u00f3n de la compa\u00f1\u00eda tras un acuerdo con Springwater Capital. Seg\u00fan fuentes de la compa\u00f1\u00eda, la decisi\u00f3n se ha tomado de com\u00fan acuerdo al considerar que el trabajo de reestructuraci\u00f3n encomendado al ejecutivo a comienzos del a\u00f1o 2015 ha finalizado<\/p>\n","protected":false},"author":1,"featured_media":79865,"comment_status":"open","ping_status":"closed","sticky":false,"template":"","format":"standard","meta":{"footnotes":""},"categories":[224],"tags":[],"class_list":{"0":"post-79864","1":"post","2":"type-post","3":"status-publish","4":"format-standard","5":"has-post-thumbnail","7":"category-noticias-actualidad"},"aioseo_notices":[],"aioseo_head":"\n\t\t<!-- All in One SEO Pro 4.9.6.1 - aioseo.com -->\n\t<meta name=\"description\" content=\"El empresario Juan Manuel Muriel, consejero delegado del Grupo Wamos, ha anunciado que deja la direcci\u00f3n de la compa\u00f1\u00eda tras un acuerdo con Springwater Capital. Seg\u00fan fuentes de la compa\u00f1\u00eda, la decisi\u00f3n se ha tomado de com\u00fan acuerdo al considerar que el trabajo de reestructuraci\u00f3n encomendado al ejecutivo a comienzos del a\u00f1o 2015 ha finalizado\" \/>\n\t<meta name=\"robots\" content=\"max-image-preview:large\" \/>\n\t<meta name=\"author\" content=\"admin\"\/>\n\t<meta name=\"google-site-verification\" content=\"UA-38556648-1\" \/>\n\t<meta name=\"keywords\" content=\"noticias y actualidad\" \/>\n\t<link rel=\"canonical\" href=\"https:\/\/eldigitaldeasturias.com\/magazine365\/jose-manuel-muriel-deja-la-direccion-del-grupo-wamos\/\" \/>\n\t<meta name=\"generator\" content=\"All in One SEO Pro (AIOSEO) 4.9.6.1\" \/>\n\t\t<meta property=\"og:locale\" content=\"es_ES\" \/>\n\t\t<meta property=\"og:site_name\" content=\"El Digital de Asturias \u2013 Revista de ocio, turismo y estilo de vida\" \/>\n\t\t<meta property=\"og:type\" content=\"article\" \/>\n\t\t<meta property=\"og:title\" content=\"Jos\u00e9 Manuel Muriel deja la direcci\u00f3n del Grupo Wamos | El Digital de Asturias\" \/>\n\t\t<meta property=\"og:description\" content=\"El empresario Juan Manuel Muriel, consejero delegado del Grupo Wamos, ha anunciado que deja la direcci\u00f3n de la compa\u00f1\u00eda tras un acuerdo con Springwater Capital. Seg\u00fan fuentes de la compa\u00f1\u00eda, la decisi\u00f3n se ha tomado de com\u00fan acuerdo al considerar que el trabajo de reestructuraci\u00f3n encomendado al ejecutivo a comienzos del a\u00f1o 2015 ha finalizado\" \/>\n\t\t<meta property=\"og:url\" content=\"https:\/\/eldigitaldeasturias.com\/magazine365\/jose-manuel-muriel-deja-la-direccion-del-grupo-wamos\/\" \/>\n\t\t<meta property=\"og:image\" content=\"https:\/\/eldigitaldeasturias.com\/magazine365\/wp-content\/uploads\/2016\/06\/fotonoticia_20160617120336_800.jpg\" \/>\n\t\t<meta property=\"og:image:secure_url\" content=\"https:\/\/eldigitaldeasturias.com\/magazine365\/wp-content\/uploads\/2016\/06\/fotonoticia_20160617120336_800.jpg\" \/>\n\t\t<meta property=\"og:image:width\" content=\"800\" \/>\n\t\t<meta property=\"og:image:height\" content=\"533\" \/>\n\t\t<meta property=\"article:published_time\" content=\"2016-06-17T11:34:15+00:00\" \/>\n\t\t<meta property=\"article:modified_time\" content=\"2016-06-17T11:34:15+00:00\" \/>\n\t\t<meta name=\"twitter:card\" content=\"summary_large_image\" \/>\n\t\t<meta name=\"twitter:title\" content=\"Jos\u00e9 Manuel Muriel deja la direcci\u00f3n del Grupo Wamos | El Digital de Asturias\" \/>\n\t\t<meta name=\"twitter:description\" content=\"El empresario Juan Manuel Muriel, consejero delegado del Grupo Wamos, ha anunciado que deja la direcci\u00f3n de la compa\u00f1\u00eda tras un acuerdo con Springwater Capital. Seg\u00fan fuentes de la compa\u00f1\u00eda, la decisi\u00f3n se ha tomado de com\u00fan acuerdo al considerar que el trabajo de reestructuraci\u00f3n encomendado al ejecutivo a comienzos del a\u00f1o 2015 ha finalizado\" \/>\n\t\t<meta name=\"twitter:image\" content=\"https:\/\/eldigitaldeasturias.com\/magazine365\/wp-content\/uploads\/2016\/06\/fotonoticia_20160617120336_800.jpg\" \/>\n\t\t<script type=\"application\/ld+json\" class=\"aioseo-schema\">\n\t\t\t{\"@context\":\"https:\\\/\\\/schema.org\",\"@graph\":[{\"@type\":\"Article\",\"@id\":\"https:\\\/\\\/eldigitaldeasturias.com\\\/magazine365\\\/jose-manuel-muriel-deja-la-direccion-del-grupo-wamos\\\/#article\",\"name\":\"Jos\\u00e9 Manuel Muriel deja la direcci\\u00f3n del Grupo Wamos | El Digital de Asturias\",\"headline\":\"Jos\\u00e9 Manuel Muriel deja la direcci\\u00f3n del Grupo Wamos\",\"author\":{\"@id\":\"https:\\\/\\\/eldigitaldeasturias.com\\\/magazine365\\\/author\\\/admin\\\/#author\"},\"publisher\":{\"@id\":\"https:\\\/\\\/eldigitaldeasturias.com\\\/magazine365\\\/#organization\"},\"image\":{\"@type\":\"ImageObject\",\"url\":\"https:\\\/\\\/eldigitaldeasturias.com\\\/magazine365\\\/wp-content\\\/uploads\\\/2016\\\/06\\\/fotonoticia_20160617120336_800.jpg\",\"width\":800,\"height\":533},\"datePublished\":\"2016-06-17T13:34:15+02:00\",\"dateModified\":\"2016-06-17T13:34:15+02:00\",\"inLanguage\":\"es-ES\",\"mainEntityOfPage\":{\"@id\":\"https:\\\/\\\/eldigitaldeasturias.com\\\/magazine365\\\/jose-manuel-muriel-deja-la-direccion-del-grupo-wamos\\\/#webpage\"},\"isPartOf\":{\"@id\":\"https:\\\/\\\/eldigitaldeasturias.com\\\/magazine365\\\/jose-manuel-muriel-deja-la-direccion-del-grupo-wamos\\\/#webpage\"},\"articleSection\":\"Noticias y Actualidad\"},{\"@type\":\"BreadcrumbList\",\"@id\":\"https:\\\/\\\/eldigitaldeasturias.com\\\/magazine365\\\/jose-manuel-muriel-deja-la-direccion-del-grupo-wamos\\\/#breadcrumblist\",\"itemListElement\":[{\"@type\":\"ListItem\",\"@id\":\"https:\\\/\\\/eldigitaldeasturias.com\\\/magazine365#listItem\",\"position\":1,\"name\":\"Home\",\"item\":\"https:\\\/\\\/eldigitaldeasturias.com\\\/magazine365\",\"nextItem\":{\"@type\":\"ListItem\",\"@id\":\"https:\\\/\\\/eldigitaldeasturias.com\\\/magazine365\\\/category\\\/noticias-actualidad\\\/#listItem\",\"name\":\"Noticias y Actualidad\"}},{\"@type\":\"ListItem\",\"@id\":\"https:\\\/\\\/eldigitaldeasturias.com\\\/magazine365\\\/category\\\/noticias-actualidad\\\/#listItem\",\"position\":2,\"name\":\"Noticias y Actualidad\",\"item\":\"https:\\\/\\\/eldigitaldeasturias.com\\\/magazine365\\\/category\\\/noticias-actualidad\\\/\",\"nextItem\":{\"@type\":\"ListItem\",\"@id\":\"https:\\\/\\\/eldigitaldeasturias.com\\\/magazine365\\\/jose-manuel-muriel-deja-la-direccion-del-grupo-wamos\\\/#listItem\",\"name\":\"Jos\\u00e9 Manuel Muriel deja la direcci\\u00f3n del Grupo Wamos\"},\"previousItem\":{\"@type\":\"ListItem\",\"@id\":\"https:\\\/\\\/eldigitaldeasturias.com\\\/magazine365#listItem\",\"name\":\"Home\"}},{\"@type\":\"ListItem\",\"@id\":\"https:\\\/\\\/eldigitaldeasturias.com\\\/magazine365\\\/jose-manuel-muriel-deja-la-direccion-del-grupo-wamos\\\/#listItem\",\"position\":3,\"name\":\"Jos\\u00e9 Manuel Muriel deja la direcci\\u00f3n del Grupo Wamos\",\"previousItem\":{\"@type\":\"ListItem\",\"@id\":\"https:\\\/\\\/eldigitaldeasturias.com\\\/magazine365\\\/category\\\/noticias-actualidad\\\/#listItem\",\"name\":\"Noticias y Actualidad\"}}]},{\"@type\":\"Organization\",\"@id\":\"https:\\\/\\\/eldigitaldeasturias.com\\\/magazine365\\\/#organization\",\"name\":\"El digital de Asturias\",\"description\":\"Revista de ocio, turismo y estilo de vida\",\"url\":\"https:\\\/\\\/eldigitaldeasturias.com\\\/magazine365\\\/\",\"logo\":{\"@type\":\"ImageObject\",\"url\":\"https:\\\/\\\/www.eldigitaldeasturias.com\\\/noticias\\\/wp-content\\\/uploads\\\/2020\\\/12\\\/EDA.jpg\",\"@id\":\"https:\\\/\\\/eldigitaldeasturias.com\\\/magazine365\\\/jose-manuel-muriel-deja-la-direccion-del-grupo-wamos\\\/#organizationLogo\"},\"image\":{\"@id\":\"https:\\\/\\\/eldigitaldeasturias.com\\\/magazine365\\\/jose-manuel-muriel-deja-la-direccion-del-grupo-wamos\\\/#organizationLogo\"}},{\"@type\":\"Person\",\"@id\":\"https:\\\/\\\/eldigitaldeasturias.com\\\/magazine365\\\/author\\\/admin\\\/#author\",\"url\":\"https:\\\/\\\/eldigitaldeasturias.com\\\/magazine365\\\/author\\\/admin\\\/\",\"name\":\"admin\",\"image\":{\"@type\":\"ImageObject\",\"@id\":\"https:\\\/\\\/eldigitaldeasturias.com\\\/magazine365\\\/jose-manuel-muriel-deja-la-direccion-del-grupo-wamos\\\/#authorImage\",\"url\":\"https:\\\/\\\/eldigitaldeasturias.com\\\/magazine365\\\/wp-content\\\/litespeed\\\/avatar\\\/e571bcf59a0edd6fa6838245a470f2fe.jpg?ver=1776969259\",\"width\":96,\"height\":96,\"caption\":\"admin\"}},{\"@type\":\"WebPage\",\"@id\":\"https:\\\/\\\/eldigitaldeasturias.com\\\/magazine365\\\/jose-manuel-muriel-deja-la-direccion-del-grupo-wamos\\\/#webpage\",\"url\":\"https:\\\/\\\/eldigitaldeasturias.com\\\/magazine365\\\/jose-manuel-muriel-deja-la-direccion-del-grupo-wamos\\\/\",\"name\":\"Jos\\u00e9 Manuel Muriel deja la direcci\\u00f3n del Grupo Wamos | El Digital de Asturias\",\"description\":\"El empresario Juan Manuel Muriel, consejero delegado del Grupo Wamos, ha anunciado que deja la direcci\\u00f3n de la compa\\u00f1\\u00eda tras un acuerdo con Springwater Capital. Seg\\u00fan fuentes de la compa\\u00f1\\u00eda, la decisi\\u00f3n se ha tomado de com\\u00fan acuerdo al considerar que el trabajo de reestructuraci\\u00f3n encomendado al ejecutivo a comienzos del a\\u00f1o 2015 ha finalizado\",\"inLanguage\":\"es-ES\",\"isPartOf\":{\"@id\":\"https:\\\/\\\/eldigitaldeasturias.com\\\/magazine365\\\/#website\"},\"breadcrumb\":{\"@id\":\"https:\\\/\\\/eldigitaldeasturias.com\\\/magazine365\\\/jose-manuel-muriel-deja-la-direccion-del-grupo-wamos\\\/#breadcrumblist\"},\"author\":{\"@id\":\"https:\\\/\\\/eldigitaldeasturias.com\\\/magazine365\\\/author\\\/admin\\\/#author\"},\"creator\":{\"@id\":\"https:\\\/\\\/eldigitaldeasturias.com\\\/magazine365\\\/author\\\/admin\\\/#author\"},\"image\":{\"@type\":\"ImageObject\",\"url\":\"https:\\\/\\\/eldigitaldeasturias.com\\\/magazine365\\\/wp-content\\\/uploads\\\/2016\\\/06\\\/fotonoticia_20160617120336_800.jpg\",\"@id\":\"https:\\\/\\\/eldigitaldeasturias.com\\\/magazine365\\\/jose-manuel-muriel-deja-la-direccion-del-grupo-wamos\\\/#mainImage\",\"width\":800,\"height\":533},\"primaryImageOfPage\":{\"@id\":\"https:\\\/\\\/eldigitaldeasturias.com\\\/magazine365\\\/jose-manuel-muriel-deja-la-direccion-del-grupo-wamos\\\/#mainImage\"},\"datePublished\":\"2016-06-17T13:34:15+02:00\",\"dateModified\":\"2016-06-17T13:34:15+02:00\"},{\"@type\":\"WebSite\",\"@id\":\"https:\\\/\\\/eldigitaldeasturias.com\\\/magazine365\\\/#website\",\"url\":\"https:\\\/\\\/eldigitaldeasturias.com\\\/magazine365\\\/\",\"name\":\"El Digital de Asturias\",\"description\":\"Revista de ocio, turismo y estilo de vida\",\"inLanguage\":\"es-ES\",\"publisher\":{\"@id\":\"https:\\\/\\\/eldigitaldeasturias.com\\\/magazine365\\\/#organization\"}}]}\n\t\t<\/script>\n\t\t<!-- All in One SEO Pro -->\r\n\t\t<title>Jos\u00e9 Manuel Muriel deja la direcci\u00f3n del Grupo Wamos | El Digital de Asturias<\/title>\n\n","aioseo_head_json":{"title":"Jos\u00e9 Manuel Muriel deja la direcci\u00f3n del Grupo Wamos | El Digital de Asturias","description":"El empresario Juan Manuel Muriel, consejero delegado del Grupo Wamos, ha anunciado que deja la direcci\u00f3n de la compa\u00f1\u00eda tras un acuerdo con Springwater Capital. Seg\u00fan fuentes de la compa\u00f1\u00eda, la decisi\u00f3n se ha tomado de com\u00fan acuerdo al considerar que el trabajo de reestructuraci\u00f3n encomendado al ejecutivo a comienzos del a\u00f1o 2015 ha finalizado","canonical_url":"https:\/\/eldigitaldeasturias.com\/magazine365\/jose-manuel-muriel-deja-la-direccion-del-grupo-wamos\/","robots":"max-image-preview:large","keywords":"noticias y actualidad","webmasterTools":{"google-site-verification":"UA-38556648-1","miscellaneous":""},"schema":{"@context":"https:\/\/schema.org","@graph":[{"@type":"Article","@id":"https:\/\/eldigitaldeasturias.com\/magazine365\/jose-manuel-muriel-deja-la-direccion-del-grupo-wamos\/#article","name":"Jos\u00e9 Manuel Muriel deja la direcci\u00f3n del Grupo Wamos | El Digital de Asturias","headline":"Jos\u00e9 Manuel Muriel deja la direcci\u00f3n del Grupo Wamos","author":{"@id":"https:\/\/eldigitaldeasturias.com\/magazine365\/author\/admin\/#author"},"publisher":{"@id":"https:\/\/eldigitaldeasturias.com\/magazine365\/#organization"},"image":{"@type":"ImageObject","url":"https:\/\/eldigitaldeasturias.com\/magazine365\/wp-content\/uploads\/2016\/06\/fotonoticia_20160617120336_800.jpg","width":800,"height":533},"datePublished":"2016-06-17T13:34:15+02:00","dateModified":"2016-06-17T13:34:15+02:00","inLanguage":"es-ES","mainEntityOfPage":{"@id":"https:\/\/eldigitaldeasturias.com\/magazine365\/jose-manuel-muriel-deja-la-direccion-del-grupo-wamos\/#webpage"},"isPartOf":{"@id":"https:\/\/eldigitaldeasturias.com\/magazine365\/jose-manuel-muriel-deja-la-direccion-del-grupo-wamos\/#webpage"},"articleSection":"Noticias y Actualidad"},{"@type":"BreadcrumbList","@id":"https:\/\/eldigitaldeasturias.com\/magazine365\/jose-manuel-muriel-deja-la-direccion-del-grupo-wamos\/#breadcrumblist","itemListElement":[{"@type":"ListItem","@id":"https:\/\/eldigitaldeasturias.com\/magazine365#listItem","position":1,"name":"Home","item":"https:\/\/eldigitaldeasturias.com\/magazine365","nextItem":{"@type":"ListItem","@id":"https:\/\/eldigitaldeasturias.com\/magazine365\/category\/noticias-actualidad\/#listItem","name":"Noticias y Actualidad"}},{"@type":"ListItem","@id":"https:\/\/eldigitaldeasturias.com\/magazine365\/category\/noticias-actualidad\/#listItem","position":2,"name":"Noticias y Actualidad","item":"https:\/\/eldigitaldeasturias.com\/magazine365\/category\/noticias-actualidad\/","nextItem":{"@type":"ListItem","@id":"https:\/\/eldigitaldeasturias.com\/magazine365\/jose-manuel-muriel-deja-la-direccion-del-grupo-wamos\/#listItem","name":"Jos\u00e9 Manuel Muriel deja la direcci\u00f3n del Grupo Wamos"},"previousItem":{"@type":"ListItem","@id":"https:\/\/eldigitaldeasturias.com\/magazine365#listItem","name":"Home"}},{"@type":"ListItem","@id":"https:\/\/eldigitaldeasturias.com\/magazine365\/jose-manuel-muriel-deja-la-direccion-del-grupo-wamos\/#listItem","position":3,"name":"Jos\u00e9 Manuel Muriel deja la direcci\u00f3n del Grupo Wamos","previousItem":{"@type":"ListItem","@id":"https:\/\/eldigitaldeasturias.com\/magazine365\/category\/noticias-actualidad\/#listItem","name":"Noticias y Actualidad"}}]},{"@type":"Organization","@id":"https:\/\/eldigitaldeasturias.com\/magazine365\/#organization","name":"El digital de Asturias","description":"Revista de ocio, turismo y estilo de vida","url":"https:\/\/eldigitaldeasturias.com\/magazine365\/","logo":{"@type":"ImageObject","url":"https:\/\/www.eldigitaldeasturias.com\/noticias\/wp-content\/uploads\/2020\/12\/EDA.jpg","@id":"https:\/\/eldigitaldeasturias.com\/magazine365\/jose-manuel-muriel-deja-la-direccion-del-grupo-wamos\/#organizationLogo"},"image":{"@id":"https:\/\/eldigitaldeasturias.com\/magazine365\/jose-manuel-muriel-deja-la-direccion-del-grupo-wamos\/#organizationLogo"}},{"@type":"Person","@id":"https:\/\/eldigitaldeasturias.com\/magazine365\/author\/admin\/#author","url":"https:\/\/eldigitaldeasturias.com\/magazine365\/author\/admin\/","name":"admin","image":{"@type":"ImageObject","@id":"https:\/\/eldigitaldeasturias.com\/magazine365\/jose-manuel-muriel-deja-la-direccion-del-grupo-wamos\/#authorImage","url":"https:\/\/eldigitaldeasturias.com\/magazine365\/wp-content\/litespeed\/avatar\/e571bcf59a0edd6fa6838245a470f2fe.jpg?ver=1776969259","width":96,"height":96,"caption":"admin"}},{"@type":"WebPage","@id":"https:\/\/eldigitaldeasturias.com\/magazine365\/jose-manuel-muriel-deja-la-direccion-del-grupo-wamos\/#webpage","url":"https:\/\/eldigitaldeasturias.com\/magazine365\/jose-manuel-muriel-deja-la-direccion-del-grupo-wamos\/","name":"Jos\u00e9 Manuel Muriel deja la direcci\u00f3n del Grupo Wamos | El Digital de Asturias","description":"El empresario Juan Manuel Muriel, consejero delegado del Grupo Wamos, ha anunciado que deja la direcci\u00f3n de la compa\u00f1\u00eda tras un acuerdo con Springwater Capital. Seg\u00fan fuentes de la compa\u00f1\u00eda, la decisi\u00f3n se ha tomado de com\u00fan acuerdo al considerar que el trabajo de reestructuraci\u00f3n encomendado al ejecutivo a comienzos del a\u00f1o 2015 ha finalizado","inLanguage":"es-ES","isPartOf":{"@id":"https:\/\/eldigitaldeasturias.com\/magazine365\/#website"},"breadcrumb":{"@id":"https:\/\/eldigitaldeasturias.com\/magazine365\/jose-manuel-muriel-deja-la-direccion-del-grupo-wamos\/#breadcrumblist"},"author":{"@id":"https:\/\/eldigitaldeasturias.com\/magazine365\/author\/admin\/#author"},"creator":{"@id":"https:\/\/eldigitaldeasturias.com\/magazine365\/author\/admin\/#author"},"image":{"@type":"ImageObject","url":"https:\/\/eldigitaldeasturias.com\/magazine365\/wp-content\/uploads\/2016\/06\/fotonoticia_20160617120336_800.jpg","@id":"https:\/\/eldigitaldeasturias.com\/magazine365\/jose-manuel-muriel-deja-la-direccion-del-grupo-wamos\/#mainImage","width":800,"height":533},"primaryImageOfPage":{"@id":"https:\/\/eldigitaldeasturias.com\/magazine365\/jose-manuel-muriel-deja-la-direccion-del-grupo-wamos\/#mainImage"},"datePublished":"2016-06-17T13:34:15+02:00","dateModified":"2016-06-17T13:34:15+02:00"},{"@type":"WebSite","@id":"https:\/\/eldigitaldeasturias.com\/magazine365\/#website","url":"https:\/\/eldigitaldeasturias.com\/magazine365\/","name":"El Digital de Asturias","description":"Revista de ocio, turismo y estilo de vida","inLanguage":"es-ES","publisher":{"@id":"https:\/\/eldigitaldeasturias.com\/magazine365\/#organization"}}]},"og:locale":"es_ES","og:site_name":"El Digital de Asturias \u2013 Revista de ocio, turismo y estilo de vida","og:type":"article","og:title":"Jos\u00e9 Manuel Muriel deja la direcci\u00f3n del Grupo Wamos | El Digital de Asturias","og:description":"El empresario Juan Manuel Muriel, consejero delegado del Grupo Wamos, ha anunciado que deja la direcci\u00f3n de la compa\u00f1\u00eda tras un acuerdo con Springwater Capital. Seg\u00fan fuentes de la compa\u00f1\u00eda, la decisi\u00f3n se ha tomado de com\u00fan acuerdo al considerar que el trabajo de reestructuraci\u00f3n encomendado al ejecutivo a comienzos del a\u00f1o 2015 ha finalizado","og:url":"https:\/\/eldigitaldeasturias.com\/magazine365\/jose-manuel-muriel-deja-la-direccion-del-grupo-wamos\/","og:image":"https:\/\/eldigitaldeasturias.com\/magazine365\/wp-content\/uploads\/2016\/06\/fotonoticia_20160617120336_800.jpg","og:image:secure_url":"https:\/\/eldigitaldeasturias.com\/magazine365\/wp-content\/uploads\/2016\/06\/fotonoticia_20160617120336_800.jpg","og:image:width":800,"og:image:height":533,"article:published_time":"2016-06-17T11:34:15+00:00","article:modified_time":"2016-06-17T11:34:15+00:00","twitter:card":"summary_large_image","twitter:title":"Jos\u00e9 Manuel Muriel deja la direcci\u00f3n del Grupo Wamos | El Digital de Asturias","twitter:description":"El empresario Juan Manuel Muriel, consejero delegado del Grupo Wamos, ha anunciado que deja la direcci\u00f3n de la compa\u00f1\u00eda tras un acuerdo con Springwater Capital. Seg\u00fan fuentes de la compa\u00f1\u00eda, la decisi\u00f3n se ha tomado de com\u00fan acuerdo al considerar que el trabajo de reestructuraci\u00f3n encomendado al ejecutivo a comienzos del a\u00f1o 2015 ha finalizado","twitter:image":"https:\/\/eldigitaldeasturias.com\/magazine365\/wp-content\/uploads\/2016\/06\/fotonoticia_20160617120336_800.jpg"},"aioseo_meta_data":{"post_id":"79864","title":null,"description":null,"keywords":null,"keyphrases":null,"primary_term":null,"canonical_url":null,"og_title":null,"og_description":null,"og_object_type":"default","og_image_type":"default","og_image_url":null,"og_image_width":null,"og_image_height":null,"og_image_custom_url":null,"og_image_custom_fields":null,"og_video":null,"og_custom_url":null,"og_article_section":null,"og_article_tags":null,"twitter_use_og":false,"twitter_card":"default","twitter_image_type":"default","twitter_image_url":null,"twitter_image_custom_url":null,"twitter_image_custom_fields":null,"twitter_title":null,"twitter_description":null,"schema":{"blockGraphs":[],"customGraphs":[],"default":{"data":{"Article":[],"Course":[],"Dataset":[],"FAQPage":[],"Movie":[],"Person":[],"Product":[],"ProductReview":[],"Car":[],"Recipe":[],"Service":[],"SoftwareApplication":[],"WebPage":[]},"graphName":"","isEnabled":true},"graphs":[],"defaultGraph":"","defaultPostTypeGraph":""},"schema_type":null,"schema_type_options":null,"pillar_content":false,"robots_default":true,"robots_noindex":false,"robots_noarchive":false,"robots_nosnippet":false,"robots_nofollow":false,"robots_noimageindex":false,"robots_noodp":false,"robots_notranslate":false,"robots_max_snippet":null,"robots_max_videopreview":null,"robots_max_imagepreview":"large","priority":null,"frequency":null,"location":null,"local_seo":null,"seo_analyzer_scan_date":"2025-09-27 19:42:13","breadcrumb_settings":null,"limit_modified_date":false,"open_ai":null,"ai":null,"created":"2021-03-08 17:42:46","updated":"2025-09-27 19:42:13"},"aioseo_breadcrumb":"<div class=\"aioseo-breadcrumbs\"><span class=\"aioseo-breadcrumb\">\n\t<a href=\"https:\/\/eldigitaldeasturias.com\/magazine365\" title=\"Home\">Home<\/a>\n<\/span><span class=\"aioseo-breadcrumb-separator\">\u2013<\/span><span class=\"aioseo-breadcrumb\">\n\t<a href=\"https:\/\/eldigitaldeasturias.com\/magazine365\/category\/noticias-actualidad\/\" title=\"Noticias y Actualidad\">Noticias y Actualidad<\/a>\n<\/span><span class=\"aioseo-breadcrumb-separator\">\u2013<\/span><span class=\"aioseo-breadcrumb\">\n\t<a href=\"https:\/\/eldigitaldeasturias.com\/magazine365\/jose-manuel-muriel-deja-la-direccion-del-grupo-wamos\/\" title=\"Jos\u00e9 Manuel Muriel deja la direcci\u00f3n del Grupo Wamos\">Jos\u00e9 Manuel Muriel deja la direcci\u00f3n del Grupo Wamos<\/a>\n<\/span><\/div>","aioseo_breadcrumb_json":[{"label":"Home","link":"https:\/\/eldigitaldeasturias.com\/magazine365"},{"label":"Noticias y Actualidad","link":"https:\/\/eldigitaldeasturias.com\/magazine365\/category\/noticias-actualidad\/"},{"label":"Jos\u00e9 Manuel Muriel deja la direcci\u00f3n del Grupo Wamos","link":"https:\/\/eldigitaldeasturias.com\/magazine365\/jose-manuel-muriel-deja-la-direccion-del-grupo-wamos\/"}],"_links":{"self":[{"href":"https:\/\/eldigitaldeasturias.com\/magazine365\/wp-json\/wp\/v2\/posts\/79864","targetHints":{"allow":["GET"]}}],"collection":[{"href":"https:\/\/eldigitaldeasturias.com\/magazine365\/wp-json\/wp\/v2\/posts"}],"about":[{"href":"https:\/\/eldigitaldeasturias.com\/magazine365\/wp-json\/wp\/v2\/types\/post"}],"author":[{"embeddable":true,"href":"https:\/\/eldigitaldeasturias.com\/magazine365\/wp-json\/wp\/v2\/users\/1"}],"replies":[{"embeddable":true,"href":"https:\/\/eldigitaldeasturias.com\/magazine365\/wp-json\/wp\/v2\/comments?post=79864"}],"version-history":[{"count":0,"href":"https:\/\/eldigitaldeasturias.com\/magazine365\/wp-json\/wp\/v2\/posts\/79864\/revisions"}],"wp:featuredmedia":[{"embeddable":true,"href":"https:\/\/eldigitaldeasturias.com\/magazine365\/wp-json\/wp\/v2\/media\/79865"}],"wp:attachment":[{"href":"https:\/\/eldigitaldeasturias.com\/magazine365\/wp-json\/wp\/v2\/media?parent=79864"}],"wp:term":[{"taxonomy":"category","embeddable":true,"href":"https:\/\/eldigitaldeasturias.com\/magazine365\/wp-json\/wp\/v2\/categories?post=79864"},{"taxonomy":"post_tag","embeddable":true,"href":"https:\/\/eldigitaldeasturias.com\/magazine365\/wp-json\/wp\/v2\/tags?post=79864"}],"curies":[{"name":"wp","href":"https:\/\/api.w.org\/{rel}","templated":true}]}}