{"id":79858,"date":"2016-06-17T13:32:28","date_gmt":"2016-06-17T11:32:28","guid":{"rendered":"http:\/\/eldigitaldeasturias.com\/magazine365\/?p=79858"},"modified":"2016-06-17T13:32:28","modified_gmt":"2016-06-17T11:32:28","slug":"la-cnmc-critica-que-las-tarifas-de-aena-las-fije-el-gobierno-y-no-un-organismo-independiente","status":"publish","type":"post","link":"https:\/\/eldigitaldeasturias.com\/magazine365\/la-cnmc-critica-que-las-tarifas-de-aena-las-fije-el-gobierno-y-no-un-organismo-independiente\/","title":{"rendered":"La CNMC critica que las tarifas de Aena las fije el Gobierno y no un organismo independiente"},"content":{"rendered":"<p><img fetchpriority=\"high\" decoding=\"async\" class=\"alignleft size-medium wp-image-79859\" src=\"https:\/\/eldigitaldeasturias.com\/magazine365\/wp-content\/uploads\/2016\/06\/fotonoticia_20160617115806_800-360x240.jpg\" alt=\"fotonoticia_20160617115806_800\" width=\"360\" height=\"240\" srcset=\"https:\/\/eldigitaldeasturias.com\/magazine365\/wp-content\/uploads\/2016\/06\/fotonoticia_20160617115806_800-360x240.jpg 360w, https:\/\/eldigitaldeasturias.com\/magazine365\/wp-content\/uploads\/2016\/06\/fotonoticia_20160617115806_800-650x433.jpg 650w, https:\/\/eldigitaldeasturias.com\/magazine365\/wp-content\/uploads\/2016\/06\/fotonoticia_20160617115806_800-768x512.jpg 768w, https:\/\/eldigitaldeasturias.com\/magazine365\/wp-content\/uploads\/2016\/06\/fotonoticia_20160617115806_800-150x100.jpg 150w, https:\/\/eldigitaldeasturias.com\/magazine365\/wp-content\/uploads\/2016\/06\/fotonoticia_20160617115806_800-450x300.jpg 450w, https:\/\/eldigitaldeasturias.com\/magazine365\/wp-content\/uploads\/2016\/06\/fotonoticia_20160617115806_800-101x66.jpg 101w, https:\/\/eldigitaldeasturias.com\/magazine365\/wp-content\/uploads\/2016\/06\/fotonoticia_20160617115806_800.jpg 800w\" sizes=\"(max-width: 360px) 100vw, 360px\" \/>El presidente de la Comisi\u00f3n Nacional de los Mercados y de la Competencia (CNMC), Jos\u00e9 Mar\u00eda Mar\u00edn Quemada, ha criticado hoy que las tarifas aeroportuarias de la red de Aena las fije el Gobierno, propietario del 51% a trav\u00e9s de ENAIRE, y no un organismo independiente como en el resto de Europa.<\/p>\n<p>Mar\u00edn, que particip\u00f3 hoy en la jornada de clausura de los cursos de verano de la Universidad Internacional Men\u00e9ndez Pelayo (UIMP) y la Asociaci\u00f3n de la Prensa de Informaci\u00f3n Econ\u00f3mica (APIE), ha acusado hoy al Gobierno de no haber apoyado a la instituci\u00f3n durante sus tres a\u00f1os de vida y de haber ido despojando al &#8216;superregulador&#8217; de competencias, lo que \u00abobstaculiza\u00bb su labor.<\/p>\n<p>\u00ab\u00bfEs normal que las tarifas de Aena las fije el propietario del 51%?\u00bb, se ha preguntado, para sugerir si \u00abno ser\u00eda mejor que las fijara un organismo independiente como en Europa\u00bb.<\/p>\n<p>La rebaja de tasas aeroportuarias del 1,9% para 2016 se incluy\u00f3 en los PGE, despu\u00e9s de que la CNMC anulara la congelaci\u00f3n propuesta por Aena por no ajustarse a la legislaci\u00f3n vigente y \u00abno ser correcta\u00bb la separaci\u00f3n de costes entre las actividades aeroportuarias y comerciales. Aena recurri\u00f3 sin \u00e9xito la resoluci\u00f3n del &#8216;superregulador&#8217; ante la Audiencia Nacional (AN).<\/p>\n<p>Para el periodo 2017-2021, Aena ha aprobado la propuesta definitiva del Documento de Regulaci\u00f3n Aeroportuaria (DORA), que recoge la congelaci\u00f3n de tarifas respecto a las vigentes este a\u00f1o, frente a las aerol\u00edneas que ped\u00edan una reducci\u00f3n del 2,59% anual para dicho periodo.<\/p>\n<p>Sobre esta propuesta definitiva de Aena, la CNMC, como supervisor del nuevo marco regulador, debe emitir un informe pr\u00f3ximamente, dentro del proceso de revisi\u00f3n y aprobaci\u00f3n establecido en la Ley 18\/2014. El documento final del DORA lo elaborar\u00e1 la Direcci\u00f3n General de Aviaci\u00f3n Civil (DGAC) en base a la propuesta de Aena, tras las consultas al sector, y a los informes de los supervisores, debe ser aprobado en Consejo de Ministros antes del 30 de septiembre de 2016.<\/p>\n<h2 class=\"ladillo\">L\u00cdMITES AL ALQUILER DE VIVIENDAS DE USO TUR\u00cdSTICO<\/h2>\n<p>Mar\u00edn tambi\u00e9n critic\u00f3 la decisi\u00f3n de la Comunidad de Madrid de poner l\u00edmites al alquiler de viviendas de uso tur\u00edstico en su Decreto, que ha quedado anulado por una sentencia del Tribunal Superior de Justicia de Madrid (TSJM), por prohibir contratar por un periodo inferior a cinco d\u00edas, obligando as\u00ed a estancias superiores.<\/p>\n<p>La CNMC interpuso un recurso al considerar que este decreto poner incluir \u00abobst\u00e1culos a la competencia\u00bb. \u00abSe acab\u00f3 este tipo de medidas, fruto de la presi\u00f3n de los grupos hoteleros\u00bb, zanj\u00f3.<\/p>\n<p>El fallo del TSJM supone la primera &#8216;batalla&#8217; judicial a favor de la econom\u00eda colaborativa en el \u00e1mbito tur\u00edstico, frente a las presiones realizadas desde las cadenas hoteleras, ante los nuevos modelos de negocio que se han extendido tambi\u00e9n al transporte.<\/p>\n<p>\u00ab\u00bfEs sensato prohibir el alquiler de viviendas de uso tur\u00edstico en Canarias?\u00bb, a\u00f1adi\u00f3 Mar\u00edn al respecto de la norma aprobada en Canarias, ahora est\u00e1 pendiente de revisi\u00f3n.<\/p>\n<p>La CNMC ya ha reclamado al Gobierno canario que \u00absuprima o modifique\u00bb distintos art\u00edculos de su reglamento de viviendas vacacionales, que proh\u00edbe este tipo de establecimientos en zonas y urbanizaciones tur\u00edsticas para &#8216;salvaguardar&#8217; a la planta hotelera.<\/p>\n<p>En esta l\u00ednea, la Asociaci\u00f3n Canaria de Alquiler Vacacional (Ascav) ha presentado un recurso ante el Tribunal Superior de Justicia de Canarias (TSJC) contra el decreto del Gobierno canario.<\/p>\n","protected":false},"excerpt":{"rendered":"<p>El presidente de la Comisi\u00f3n Nacional de los Mercados y de la Competencia (CNMC), Jos\u00e9 Mar\u00eda Mar\u00edn Quemada, ha criticado hoy que las tarifas aeroportuarias de la red de Aena las fije el Gobierno, propietario del 51% a trav\u00e9s de ENAIRE, y no un organismo independiente como en el resto de Europa. Mar\u00edn, que particip\u00f3<\/p>\n","protected":false},"author":1,"featured_media":79859,"comment_status":"open","ping_status":"closed","sticky":false,"template":"","format":"standard","meta":{"footnotes":""},"categories":[224],"tags":[],"class_list":{"0":"post-79858","1":"post","2":"type-post","3":"status-publish","4":"format-standard","5":"has-post-thumbnail","7":"category-noticias-actualidad"},"aioseo_notices":[],"aioseo_head":"\n\t\t<!-- All in One SEO Pro 4.9.6.1 - aioseo.com -->\n\t<meta name=\"description\" content=\"El presidente de la Comisi\u00f3n Nacional de los Mercados y de la Competencia (CNMC), Jos\u00e9 Mar\u00eda Mar\u00edn Quemada, ha criticado hoy que las tarifas aeroportuarias de la red de Aena las fije el Gobierno, propietario del 51% a trav\u00e9s de ENAIRE, y no un organismo independiente como en el resto de Europa. Mar\u00edn, que particip\u00f3\" \/>\n\t<meta name=\"robots\" content=\"max-image-preview:large\" \/>\n\t<meta name=\"author\" content=\"admin\"\/>\n\t<meta name=\"google-site-verification\" content=\"UA-38556648-1\" \/>\n\t<meta name=\"keywords\" content=\"noticias y actualidad\" \/>\n\t<link rel=\"canonical\" href=\"https:\/\/eldigitaldeasturias.com\/magazine365\/la-cnmc-critica-que-las-tarifas-de-aena-las-fije-el-gobierno-y-no-un-organismo-independiente\/\" \/>\n\t<meta name=\"generator\" content=\"All in One SEO Pro (AIOSEO) 4.9.6.1\" \/>\n\t\t<meta property=\"og:locale\" content=\"es_ES\" \/>\n\t\t<meta property=\"og:site_name\" content=\"El Digital de Asturias \u2013 Revista de ocio, turismo y estilo de vida\" \/>\n\t\t<meta property=\"og:type\" content=\"article\" \/>\n\t\t<meta property=\"og:title\" content=\"La CNMC critica que las tarifas de Aena las fije el Gobierno y no un organismo independiente | El Digital de Asturias\" \/>\n\t\t<meta property=\"og:description\" content=\"El presidente de la Comisi\u00f3n Nacional de los Mercados y de la Competencia (CNMC), Jos\u00e9 Mar\u00eda Mar\u00edn Quemada, ha criticado hoy que las tarifas aeroportuarias de la red de Aena las fije el Gobierno, propietario del 51% a trav\u00e9s de ENAIRE, y no un organismo independiente como en el resto de Europa. Mar\u00edn, que particip\u00f3\" \/>\n\t\t<meta property=\"og:url\" content=\"https:\/\/eldigitaldeasturias.com\/magazine365\/la-cnmc-critica-que-las-tarifas-de-aena-las-fije-el-gobierno-y-no-un-organismo-independiente\/\" \/>\n\t\t<meta property=\"og:image\" content=\"https:\/\/eldigitaldeasturias.com\/magazine365\/wp-content\/uploads\/2016\/06\/fotonoticia_20160617115806_800.jpg\" \/>\n\t\t<meta property=\"og:image:secure_url\" content=\"https:\/\/eldigitaldeasturias.com\/magazine365\/wp-content\/uploads\/2016\/06\/fotonoticia_20160617115806_800.jpg\" \/>\n\t\t<meta property=\"og:image:width\" content=\"800\" \/>\n\t\t<meta property=\"og:image:height\" content=\"533\" \/>\n\t\t<meta property=\"article:published_time\" content=\"2016-06-17T11:32:28+00:00\" \/>\n\t\t<meta property=\"article:modified_time\" content=\"2016-06-17T11:32:28+00:00\" \/>\n\t\t<meta name=\"twitter:card\" content=\"summary_large_image\" \/>\n\t\t<meta name=\"twitter:title\" content=\"La CNMC critica que las tarifas de Aena las fije el Gobierno y no un organismo independiente | El Digital de Asturias\" \/>\n\t\t<meta name=\"twitter:description\" content=\"El presidente de la Comisi\u00f3n Nacional de los Mercados y de la Competencia (CNMC), Jos\u00e9 Mar\u00eda Mar\u00edn Quemada, ha criticado hoy que las tarifas aeroportuarias de la red de Aena las fije el Gobierno, propietario del 51% a trav\u00e9s de ENAIRE, y no un organismo independiente como en el resto de Europa. Mar\u00edn, que particip\u00f3\" \/>\n\t\t<meta name=\"twitter:image\" content=\"https:\/\/eldigitaldeasturias.com\/magazine365\/wp-content\/uploads\/2016\/06\/fotonoticia_20160617115806_800.jpg\" \/>\n\t\t<script type=\"application\/ld+json\" class=\"aioseo-schema\">\n\t\t\t{\"@context\":\"https:\\\/\\\/schema.org\",\"@graph\":[{\"@type\":\"Article\",\"@id\":\"https:\\\/\\\/eldigitaldeasturias.com\\\/magazine365\\\/la-cnmc-critica-que-las-tarifas-de-aena-las-fije-el-gobierno-y-no-un-organismo-independiente\\\/#article\",\"name\":\"La CNMC critica que las tarifas de Aena las fije el Gobierno y no un organismo independiente | El Digital de Asturias\",\"headline\":\"La CNMC critica que las tarifas de Aena las fije el Gobierno y no un organismo independiente\",\"author\":{\"@id\":\"https:\\\/\\\/eldigitaldeasturias.com\\\/magazine365\\\/author\\\/admin\\\/#author\"},\"publisher\":{\"@id\":\"https:\\\/\\\/eldigitaldeasturias.com\\\/magazine365\\\/#organization\"},\"image\":{\"@type\":\"ImageObject\",\"url\":\"https:\\\/\\\/eldigitaldeasturias.com\\\/magazine365\\\/wp-content\\\/uploads\\\/2016\\\/06\\\/fotonoticia_20160617115806_800.jpg\",\"width\":800,\"height\":533},\"datePublished\":\"2016-06-17T13:32:28+02:00\",\"dateModified\":\"2016-06-17T13:32:28+02:00\",\"inLanguage\":\"es-ES\",\"mainEntityOfPage\":{\"@id\":\"https:\\\/\\\/eldigitaldeasturias.com\\\/magazine365\\\/la-cnmc-critica-que-las-tarifas-de-aena-las-fije-el-gobierno-y-no-un-organismo-independiente\\\/#webpage\"},\"isPartOf\":{\"@id\":\"https:\\\/\\\/eldigitaldeasturias.com\\\/magazine365\\\/la-cnmc-critica-que-las-tarifas-de-aena-las-fije-el-gobierno-y-no-un-organismo-independiente\\\/#webpage\"},\"articleSection\":\"Noticias y Actualidad\"},{\"@type\":\"BreadcrumbList\",\"@id\":\"https:\\\/\\\/eldigitaldeasturias.com\\\/magazine365\\\/la-cnmc-critica-que-las-tarifas-de-aena-las-fije-el-gobierno-y-no-un-organismo-independiente\\\/#breadcrumblist\",\"itemListElement\":[{\"@type\":\"ListItem\",\"@id\":\"https:\\\/\\\/eldigitaldeasturias.com\\\/magazine365#listItem\",\"position\":1,\"name\":\"Home\",\"item\":\"https:\\\/\\\/eldigitaldeasturias.com\\\/magazine365\",\"nextItem\":{\"@type\":\"ListItem\",\"@id\":\"https:\\\/\\\/eldigitaldeasturias.com\\\/magazine365\\\/category\\\/noticias-actualidad\\\/#listItem\",\"name\":\"Noticias y Actualidad\"}},{\"@type\":\"ListItem\",\"@id\":\"https:\\\/\\\/eldigitaldeasturias.com\\\/magazine365\\\/category\\\/noticias-actualidad\\\/#listItem\",\"position\":2,\"name\":\"Noticias y Actualidad\",\"item\":\"https:\\\/\\\/eldigitaldeasturias.com\\\/magazine365\\\/category\\\/noticias-actualidad\\\/\",\"nextItem\":{\"@type\":\"ListItem\",\"@id\":\"https:\\\/\\\/eldigitaldeasturias.com\\\/magazine365\\\/la-cnmc-critica-que-las-tarifas-de-aena-las-fije-el-gobierno-y-no-un-organismo-independiente\\\/#listItem\",\"name\":\"La CNMC critica que las tarifas de Aena las fije el Gobierno y no un organismo independiente\"},\"previousItem\":{\"@type\":\"ListItem\",\"@id\":\"https:\\\/\\\/eldigitaldeasturias.com\\\/magazine365#listItem\",\"name\":\"Home\"}},{\"@type\":\"ListItem\",\"@id\":\"https:\\\/\\\/eldigitaldeasturias.com\\\/magazine365\\\/la-cnmc-critica-que-las-tarifas-de-aena-las-fije-el-gobierno-y-no-un-organismo-independiente\\\/#listItem\",\"position\":3,\"name\":\"La CNMC critica que las tarifas de Aena las fije el Gobierno y no un organismo independiente\",\"previousItem\":{\"@type\":\"ListItem\",\"@id\":\"https:\\\/\\\/eldigitaldeasturias.com\\\/magazine365\\\/category\\\/noticias-actualidad\\\/#listItem\",\"name\":\"Noticias y Actualidad\"}}]},{\"@type\":\"Organization\",\"@id\":\"https:\\\/\\\/eldigitaldeasturias.com\\\/magazine365\\\/#organization\",\"name\":\"El digital de Asturias\",\"description\":\"Revista de ocio, turismo y estilo de vida\",\"url\":\"https:\\\/\\\/eldigitaldeasturias.com\\\/magazine365\\\/\",\"logo\":{\"@type\":\"ImageObject\",\"url\":\"https:\\\/\\\/www.eldigitaldeasturias.com\\\/noticias\\\/wp-content\\\/uploads\\\/2020\\\/12\\\/EDA.jpg\",\"@id\":\"https:\\\/\\\/eldigitaldeasturias.com\\\/magazine365\\\/la-cnmc-critica-que-las-tarifas-de-aena-las-fije-el-gobierno-y-no-un-organismo-independiente\\\/#organizationLogo\"},\"image\":{\"@id\":\"https:\\\/\\\/eldigitaldeasturias.com\\\/magazine365\\\/la-cnmc-critica-que-las-tarifas-de-aena-las-fije-el-gobierno-y-no-un-organismo-independiente\\\/#organizationLogo\"}},{\"@type\":\"Person\",\"@id\":\"https:\\\/\\\/eldigitaldeasturias.com\\\/magazine365\\\/author\\\/admin\\\/#author\",\"url\":\"https:\\\/\\\/eldigitaldeasturias.com\\\/magazine365\\\/author\\\/admin\\\/\",\"name\":\"admin\",\"image\":{\"@type\":\"ImageObject\",\"@id\":\"https:\\\/\\\/eldigitaldeasturias.com\\\/magazine365\\\/la-cnmc-critica-que-las-tarifas-de-aena-las-fije-el-gobierno-y-no-un-organismo-independiente\\\/#authorImage\",\"url\":\"https:\\\/\\\/eldigitaldeasturias.com\\\/magazine365\\\/wp-content\\\/litespeed\\\/avatar\\\/e571bcf59a0edd6fa6838245a470f2fe.jpg?ver=1776969259\",\"width\":96,\"height\":96,\"caption\":\"admin\"}},{\"@type\":\"WebPage\",\"@id\":\"https:\\\/\\\/eldigitaldeasturias.com\\\/magazine365\\\/la-cnmc-critica-que-las-tarifas-de-aena-las-fije-el-gobierno-y-no-un-organismo-independiente\\\/#webpage\",\"url\":\"https:\\\/\\\/eldigitaldeasturias.com\\\/magazine365\\\/la-cnmc-critica-que-las-tarifas-de-aena-las-fije-el-gobierno-y-no-un-organismo-independiente\\\/\",\"name\":\"La CNMC critica que las tarifas de Aena las fije el Gobierno y no un organismo independiente | El Digital de Asturias\",\"description\":\"El presidente de la Comisi\\u00f3n Nacional de los Mercados y de la Competencia (CNMC), Jos\\u00e9 Mar\\u00eda Mar\\u00edn Quemada, ha criticado hoy que las tarifas aeroportuarias de la red de Aena las fije el Gobierno, propietario del 51% a trav\\u00e9s de ENAIRE, y no un organismo independiente como en el resto de Europa. Mar\\u00edn, que particip\\u00f3\",\"inLanguage\":\"es-ES\",\"isPartOf\":{\"@id\":\"https:\\\/\\\/eldigitaldeasturias.com\\\/magazine365\\\/#website\"},\"breadcrumb\":{\"@id\":\"https:\\\/\\\/eldigitaldeasturias.com\\\/magazine365\\\/la-cnmc-critica-que-las-tarifas-de-aena-las-fije-el-gobierno-y-no-un-organismo-independiente\\\/#breadcrumblist\"},\"author\":{\"@id\":\"https:\\\/\\\/eldigitaldeasturias.com\\\/magazine365\\\/author\\\/admin\\\/#author\"},\"creator\":{\"@id\":\"https:\\\/\\\/eldigitaldeasturias.com\\\/magazine365\\\/author\\\/admin\\\/#author\"},\"image\":{\"@type\":\"ImageObject\",\"url\":\"https:\\\/\\\/eldigitaldeasturias.com\\\/magazine365\\\/wp-content\\\/uploads\\\/2016\\\/06\\\/fotonoticia_20160617115806_800.jpg\",\"@id\":\"https:\\\/\\\/eldigitaldeasturias.com\\\/magazine365\\\/la-cnmc-critica-que-las-tarifas-de-aena-las-fije-el-gobierno-y-no-un-organismo-independiente\\\/#mainImage\",\"width\":800,\"height\":533},\"primaryImageOfPage\":{\"@id\":\"https:\\\/\\\/eldigitaldeasturias.com\\\/magazine365\\\/la-cnmc-critica-que-las-tarifas-de-aena-las-fije-el-gobierno-y-no-un-organismo-independiente\\\/#mainImage\"},\"datePublished\":\"2016-06-17T13:32:28+02:00\",\"dateModified\":\"2016-06-17T13:32:28+02:00\"},{\"@type\":\"WebSite\",\"@id\":\"https:\\\/\\\/eldigitaldeasturias.com\\\/magazine365\\\/#website\",\"url\":\"https:\\\/\\\/eldigitaldeasturias.com\\\/magazine365\\\/\",\"name\":\"El Digital de Asturias\",\"description\":\"Revista de ocio, turismo y estilo de vida\",\"inLanguage\":\"es-ES\",\"publisher\":{\"@id\":\"https:\\\/\\\/eldigitaldeasturias.com\\\/magazine365\\\/#organization\"}}]}\n\t\t<\/script>\n\t\t<!-- All in One SEO Pro -->\r\n\t\t<title>La CNMC critica que las tarifas de Aena las fije el Gobierno y no un organismo independiente | El Digital de Asturias<\/title>\n\n","aioseo_head_json":{"title":"La CNMC critica que las tarifas de Aena las fije el Gobierno y no un organismo independiente | El Digital de Asturias","description":"El presidente de la Comisi\u00f3n Nacional de los Mercados y de la Competencia (CNMC), Jos\u00e9 Mar\u00eda Mar\u00edn Quemada, ha criticado hoy que las tarifas aeroportuarias de la red de Aena las fije el Gobierno, propietario del 51% a trav\u00e9s de ENAIRE, y no un organismo independiente como en el resto de Europa. Mar\u00edn, que particip\u00f3","canonical_url":"https:\/\/eldigitaldeasturias.com\/magazine365\/la-cnmc-critica-que-las-tarifas-de-aena-las-fije-el-gobierno-y-no-un-organismo-independiente\/","robots":"max-image-preview:large","keywords":"noticias y actualidad","webmasterTools":{"google-site-verification":"UA-38556648-1","miscellaneous":""},"schema":{"@context":"https:\/\/schema.org","@graph":[{"@type":"Article","@id":"https:\/\/eldigitaldeasturias.com\/magazine365\/la-cnmc-critica-que-las-tarifas-de-aena-las-fije-el-gobierno-y-no-un-organismo-independiente\/#article","name":"La CNMC critica que las tarifas de Aena las fije el Gobierno y no un organismo independiente | El Digital de Asturias","headline":"La CNMC critica que las tarifas de Aena las fije el Gobierno y no un organismo independiente","author":{"@id":"https:\/\/eldigitaldeasturias.com\/magazine365\/author\/admin\/#author"},"publisher":{"@id":"https:\/\/eldigitaldeasturias.com\/magazine365\/#organization"},"image":{"@type":"ImageObject","url":"https:\/\/eldigitaldeasturias.com\/magazine365\/wp-content\/uploads\/2016\/06\/fotonoticia_20160617115806_800.jpg","width":800,"height":533},"datePublished":"2016-06-17T13:32:28+02:00","dateModified":"2016-06-17T13:32:28+02:00","inLanguage":"es-ES","mainEntityOfPage":{"@id":"https:\/\/eldigitaldeasturias.com\/magazine365\/la-cnmc-critica-que-las-tarifas-de-aena-las-fije-el-gobierno-y-no-un-organismo-independiente\/#webpage"},"isPartOf":{"@id":"https:\/\/eldigitaldeasturias.com\/magazine365\/la-cnmc-critica-que-las-tarifas-de-aena-las-fije-el-gobierno-y-no-un-organismo-independiente\/#webpage"},"articleSection":"Noticias y Actualidad"},{"@type":"BreadcrumbList","@id":"https:\/\/eldigitaldeasturias.com\/magazine365\/la-cnmc-critica-que-las-tarifas-de-aena-las-fije-el-gobierno-y-no-un-organismo-independiente\/#breadcrumblist","itemListElement":[{"@type":"ListItem","@id":"https:\/\/eldigitaldeasturias.com\/magazine365#listItem","position":1,"name":"Home","item":"https:\/\/eldigitaldeasturias.com\/magazine365","nextItem":{"@type":"ListItem","@id":"https:\/\/eldigitaldeasturias.com\/magazine365\/category\/noticias-actualidad\/#listItem","name":"Noticias y Actualidad"}},{"@type":"ListItem","@id":"https:\/\/eldigitaldeasturias.com\/magazine365\/category\/noticias-actualidad\/#listItem","position":2,"name":"Noticias y Actualidad","item":"https:\/\/eldigitaldeasturias.com\/magazine365\/category\/noticias-actualidad\/","nextItem":{"@type":"ListItem","@id":"https:\/\/eldigitaldeasturias.com\/magazine365\/la-cnmc-critica-que-las-tarifas-de-aena-las-fije-el-gobierno-y-no-un-organismo-independiente\/#listItem","name":"La CNMC critica que las tarifas de Aena las fije el Gobierno y no un organismo independiente"},"previousItem":{"@type":"ListItem","@id":"https:\/\/eldigitaldeasturias.com\/magazine365#listItem","name":"Home"}},{"@type":"ListItem","@id":"https:\/\/eldigitaldeasturias.com\/magazine365\/la-cnmc-critica-que-las-tarifas-de-aena-las-fije-el-gobierno-y-no-un-organismo-independiente\/#listItem","position":3,"name":"La CNMC critica que las tarifas de Aena las fije el Gobierno y no un organismo independiente","previousItem":{"@type":"ListItem","@id":"https:\/\/eldigitaldeasturias.com\/magazine365\/category\/noticias-actualidad\/#listItem","name":"Noticias y Actualidad"}}]},{"@type":"Organization","@id":"https:\/\/eldigitaldeasturias.com\/magazine365\/#organization","name":"El digital de Asturias","description":"Revista de ocio, turismo y estilo de vida","url":"https:\/\/eldigitaldeasturias.com\/magazine365\/","logo":{"@type":"ImageObject","url":"https:\/\/www.eldigitaldeasturias.com\/noticias\/wp-content\/uploads\/2020\/12\/EDA.jpg","@id":"https:\/\/eldigitaldeasturias.com\/magazine365\/la-cnmc-critica-que-las-tarifas-de-aena-las-fije-el-gobierno-y-no-un-organismo-independiente\/#organizationLogo"},"image":{"@id":"https:\/\/eldigitaldeasturias.com\/magazine365\/la-cnmc-critica-que-las-tarifas-de-aena-las-fije-el-gobierno-y-no-un-organismo-independiente\/#organizationLogo"}},{"@type":"Person","@id":"https:\/\/eldigitaldeasturias.com\/magazine365\/author\/admin\/#author","url":"https:\/\/eldigitaldeasturias.com\/magazine365\/author\/admin\/","name":"admin","image":{"@type":"ImageObject","@id":"https:\/\/eldigitaldeasturias.com\/magazine365\/la-cnmc-critica-que-las-tarifas-de-aena-las-fije-el-gobierno-y-no-un-organismo-independiente\/#authorImage","url":"https:\/\/eldigitaldeasturias.com\/magazine365\/wp-content\/litespeed\/avatar\/e571bcf59a0edd6fa6838245a470f2fe.jpg?ver=1776969259","width":96,"height":96,"caption":"admin"}},{"@type":"WebPage","@id":"https:\/\/eldigitaldeasturias.com\/magazine365\/la-cnmc-critica-que-las-tarifas-de-aena-las-fije-el-gobierno-y-no-un-organismo-independiente\/#webpage","url":"https:\/\/eldigitaldeasturias.com\/magazine365\/la-cnmc-critica-que-las-tarifas-de-aena-las-fije-el-gobierno-y-no-un-organismo-independiente\/","name":"La CNMC critica que las tarifas de Aena las fije el Gobierno y no un organismo independiente | El Digital de Asturias","description":"El presidente de la Comisi\u00f3n Nacional de los Mercados y de la Competencia (CNMC), Jos\u00e9 Mar\u00eda Mar\u00edn Quemada, ha criticado hoy que las tarifas aeroportuarias de la red de Aena las fije el Gobierno, propietario del 51% a trav\u00e9s de ENAIRE, y no un organismo independiente como en el resto de Europa. Mar\u00edn, que particip\u00f3","inLanguage":"es-ES","isPartOf":{"@id":"https:\/\/eldigitaldeasturias.com\/magazine365\/#website"},"breadcrumb":{"@id":"https:\/\/eldigitaldeasturias.com\/magazine365\/la-cnmc-critica-que-las-tarifas-de-aena-las-fije-el-gobierno-y-no-un-organismo-independiente\/#breadcrumblist"},"author":{"@id":"https:\/\/eldigitaldeasturias.com\/magazine365\/author\/admin\/#author"},"creator":{"@id":"https:\/\/eldigitaldeasturias.com\/magazine365\/author\/admin\/#author"},"image":{"@type":"ImageObject","url":"https:\/\/eldigitaldeasturias.com\/magazine365\/wp-content\/uploads\/2016\/06\/fotonoticia_20160617115806_800.jpg","@id":"https:\/\/eldigitaldeasturias.com\/magazine365\/la-cnmc-critica-que-las-tarifas-de-aena-las-fije-el-gobierno-y-no-un-organismo-independiente\/#mainImage","width":800,"height":533},"primaryImageOfPage":{"@id":"https:\/\/eldigitaldeasturias.com\/magazine365\/la-cnmc-critica-que-las-tarifas-de-aena-las-fije-el-gobierno-y-no-un-organismo-independiente\/#mainImage"},"datePublished":"2016-06-17T13:32:28+02:00","dateModified":"2016-06-17T13:32:28+02:00"},{"@type":"WebSite","@id":"https:\/\/eldigitaldeasturias.com\/magazine365\/#website","url":"https:\/\/eldigitaldeasturias.com\/magazine365\/","name":"El Digital de Asturias","description":"Revista de ocio, turismo y estilo de vida","inLanguage":"es-ES","publisher":{"@id":"https:\/\/eldigitaldeasturias.com\/magazine365\/#organization"}}]},"og:locale":"es_ES","og:site_name":"El Digital de Asturias \u2013 Revista de ocio, turismo y estilo de vida","og:type":"article","og:title":"La CNMC critica que las tarifas de Aena las fije el Gobierno y no un organismo independiente | El Digital de Asturias","og:description":"El presidente de la Comisi\u00f3n Nacional de los Mercados y de la Competencia (CNMC), Jos\u00e9 Mar\u00eda Mar\u00edn Quemada, ha criticado hoy que las tarifas aeroportuarias de la red de Aena las fije el Gobierno, propietario del 51% a trav\u00e9s de ENAIRE, y no un organismo independiente como en el resto de Europa. Mar\u00edn, que particip\u00f3","og:url":"https:\/\/eldigitaldeasturias.com\/magazine365\/la-cnmc-critica-que-las-tarifas-de-aena-las-fije-el-gobierno-y-no-un-organismo-independiente\/","og:image":"https:\/\/eldigitaldeasturias.com\/magazine365\/wp-content\/uploads\/2016\/06\/fotonoticia_20160617115806_800.jpg","og:image:secure_url":"https:\/\/eldigitaldeasturias.com\/magazine365\/wp-content\/uploads\/2016\/06\/fotonoticia_20160617115806_800.jpg","og:image:width":800,"og:image:height":533,"article:published_time":"2016-06-17T11:32:28+00:00","article:modified_time":"2016-06-17T11:32:28+00:00","twitter:card":"summary_large_image","twitter:title":"La CNMC critica que las tarifas de Aena las fije el Gobierno y no un organismo independiente | El Digital de Asturias","twitter:description":"El presidente de la Comisi\u00f3n Nacional de los Mercados y de la Competencia (CNMC), Jos\u00e9 Mar\u00eda Mar\u00edn Quemada, ha criticado hoy que las tarifas aeroportuarias de la red de Aena las fije el Gobierno, propietario del 51% a trav\u00e9s de ENAIRE, y no un organismo independiente como en el resto de Europa. Mar\u00edn, que particip\u00f3","twitter:image":"https:\/\/eldigitaldeasturias.com\/magazine365\/wp-content\/uploads\/2016\/06\/fotonoticia_20160617115806_800.jpg"},"aioseo_meta_data":{"post_id":"79858","title":null,"description":null,"keywords":null,"keyphrases":null,"primary_term":null,"canonical_url":null,"og_title":null,"og_description":null,"og_object_type":"default","og_image_type":"default","og_image_url":null,"og_image_width":null,"og_image_height":null,"og_image_custom_url":null,"og_image_custom_fields":null,"og_video":null,"og_custom_url":null,"og_article_section":null,"og_article_tags":null,"twitter_use_og":false,"twitter_card":"default","twitter_image_type":"default","twitter_image_url":null,"twitter_image_custom_url":null,"twitter_image_custom_fields":null,"twitter_title":null,"twitter_description":null,"schema":{"blockGraphs":[],"customGraphs":[],"default":{"data":{"Article":[],"Course":[],"Dataset":[],"FAQPage":[],"Movie":[],"Person":[],"Product":[],"ProductReview":[],"Car":[],"Recipe":[],"Service":[],"SoftwareApplication":[],"WebPage":[]},"graphName":"","isEnabled":true},"graphs":[]},"schema_type":null,"schema_type_options":null,"pillar_content":false,"robots_default":true,"robots_noindex":false,"robots_noarchive":false,"robots_nosnippet":false,"robots_nofollow":false,"robots_noimageindex":false,"robots_noodp":false,"robots_notranslate":false,"robots_max_snippet":null,"robots_max_videopreview":null,"robots_max_imagepreview":"large","priority":null,"frequency":null,"location":null,"local_seo":null,"seo_analyzer_scan_date":"2025-09-27 19:42:11","breadcrumb_settings":null,"limit_modified_date":false,"open_ai":null,"ai":null,"created":"2021-03-08 17:42:46","updated":"2025-09-27 19:42:11"},"aioseo_breadcrumb":"<div class=\"aioseo-breadcrumbs\"><span class=\"aioseo-breadcrumb\">\n\t<a href=\"https:\/\/eldigitaldeasturias.com\/magazine365\" title=\"Home\">Home<\/a>\n<\/span><span class=\"aioseo-breadcrumb-separator\">\u2013<\/span><span class=\"aioseo-breadcrumb\">\n\t<a href=\"https:\/\/eldigitaldeasturias.com\/magazine365\/category\/noticias-actualidad\/\" title=\"Noticias y Actualidad\">Noticias y Actualidad<\/a>\n<\/span><span class=\"aioseo-breadcrumb-separator\">\u2013<\/span><span class=\"aioseo-breadcrumb\">\n\t<a href=\"https:\/\/eldigitaldeasturias.com\/magazine365\/la-cnmc-critica-que-las-tarifas-de-aena-las-fije-el-gobierno-y-no-un-organismo-independiente\/\" title=\"La CNMC critica que las tarifas de Aena las fije el Gobierno y no un organismo independiente\">La CNMC critica que las tarifas de Aena las fije el Gobierno y no un organismo independiente<\/a>\n<\/span><\/div>","aioseo_breadcrumb_json":[{"label":"Home","link":"https:\/\/eldigitaldeasturias.com\/magazine365"},{"label":"Noticias y Actualidad","link":"https:\/\/eldigitaldeasturias.com\/magazine365\/category\/noticias-actualidad\/"},{"label":"La CNMC critica que las tarifas de Aena las fije el Gobierno y no un organismo independiente","link":"https:\/\/eldigitaldeasturias.com\/magazine365\/la-cnmc-critica-que-las-tarifas-de-aena-las-fije-el-gobierno-y-no-un-organismo-independiente\/"}],"_links":{"self":[{"href":"https:\/\/eldigitaldeasturias.com\/magazine365\/wp-json\/wp\/v2\/posts\/79858","targetHints":{"allow":["GET"]}}],"collection":[{"href":"https:\/\/eldigitaldeasturias.com\/magazine365\/wp-json\/wp\/v2\/posts"}],"about":[{"href":"https:\/\/eldigitaldeasturias.com\/magazine365\/wp-json\/wp\/v2\/types\/post"}],"author":[{"embeddable":true,"href":"https:\/\/eldigitaldeasturias.com\/magazine365\/wp-json\/wp\/v2\/users\/1"}],"replies":[{"embeddable":true,"href":"https:\/\/eldigitaldeasturias.com\/magazine365\/wp-json\/wp\/v2\/comments?post=79858"}],"version-history":[{"count":0,"href":"https:\/\/eldigitaldeasturias.com\/magazine365\/wp-json\/wp\/v2\/posts\/79858\/revisions"}],"wp:featuredmedia":[{"embeddable":true,"href":"https:\/\/eldigitaldeasturias.com\/magazine365\/wp-json\/wp\/v2\/media\/79859"}],"wp:attachment":[{"href":"https:\/\/eldigitaldeasturias.com\/magazine365\/wp-json\/wp\/v2\/media?parent=79858"}],"wp:term":[{"taxonomy":"category","embeddable":true,"href":"https:\/\/eldigitaldeasturias.com\/magazine365\/wp-json\/wp\/v2\/categories?post=79858"},{"taxonomy":"post_tag","embeddable":true,"href":"https:\/\/eldigitaldeasturias.com\/magazine365\/wp-json\/wp\/v2\/tags?post=79858"}],"curies":[{"name":"wp","href":"https:\/\/api.w.org\/{rel}","templated":true}]}}