{"id":79850,"date":"2016-06-17T12:04:56","date_gmt":"2016-06-17T10:04:56","guid":{"rendered":"http:\/\/eldigitaldeasturias.com\/magazine365\/?p=79850"},"modified":"2016-06-17T12:04:56","modified_gmt":"2016-06-17T10:04:56","slug":"arranca-el-cosmic-children-festival-que-auna-surf-musica-cine-y-arte","status":"publish","type":"post","link":"https:\/\/eldigitaldeasturias.com\/magazine365\/arranca-el-cosmic-children-festival-que-auna-surf-musica-cine-y-arte\/","title":{"rendered":"Arranca el Cosmic Children Festival, que a\u00fana surf, m\u00fasica, cine y arte"},"content":{"rendered":"<p><img fetchpriority=\"high\" decoding=\"async\" class=\"alignleft size-medium wp-image-79852\" src=\"https:\/\/eldigitaldeasturias.com\/magazine365\/wp-content\/uploads\/2016\/06\/fotonoticia_20160617102549_800-360x238.jpg\" alt=\"fotonoticia_20160617102549_800\" width=\"360\" height=\"238\" srcset=\"https:\/\/eldigitaldeasturias.com\/magazine365\/wp-content\/uploads\/2016\/06\/fotonoticia_20160617102549_800-360x238.jpg 360w, https:\/\/eldigitaldeasturias.com\/magazine365\/wp-content\/uploads\/2016\/06\/fotonoticia_20160617102549_800-650x429.jpg 650w, https:\/\/eldigitaldeasturias.com\/magazine365\/wp-content\/uploads\/2016\/06\/fotonoticia_20160617102549_800-768x507.jpg 768w, https:\/\/eldigitaldeasturias.com\/magazine365\/wp-content\/uploads\/2016\/06\/fotonoticia_20160617102549_800-150x99.jpg 150w, https:\/\/eldigitaldeasturias.com\/magazine365\/wp-content\/uploads\/2016\/06\/fotonoticia_20160617102549_800-450x297.jpg 450w, https:\/\/eldigitaldeasturias.com\/magazine365\/wp-content\/uploads\/2016\/06\/fotonoticia_20160617102549_800-121x79.jpg 121w, https:\/\/eldigitaldeasturias.com\/magazine365\/wp-content\/uploads\/2016\/06\/fotonoticia_20160617102549_800-101x66.jpg 101w, https:\/\/eldigitaldeasturias.com\/magazine365\/wp-content\/uploads\/2016\/06\/fotonoticia_20160617102549_800.jpg 800w\" sizes=\"(max-width: 360px) 100vw, 360px\" \/>El XI Cosmic Children Festival comienza este viernes, 17 de junio, con un programa de actividades en el que convergen surf, m\u00fasica, cine y arte, que se desarrollar\u00e1 hasta el domingo entre Santander y Liencres.<\/p>\n<p>As\u00ed, el Centro de Arte Faro de Cabo Mayor acoger\u00e1 las actividades previstas para la tarde del viernes, y el programa continuar\u00e1 durante el fin de semana en la playa de Canallave.<\/p>\n<p>El evento, que cuenta con la colaboraci\u00f3n del Ayuntamiento de Santander, a\u00fana el atractivo de un deporte como el surf, con la cultura y las artes.<\/p>\n<p>El Cosmic Children Festival es un evento que ha conseguido internacionalizarse y se celebran ya varias pruebas similares en distintos lugares del mundo, como California (Estados Unidos), Costa Rica, Brasil, Chile y Australia.<\/p>\n<p>En esta und\u00e9cima edici\u00f3n, el festival pretende \u00abrendir tributo a las familias, los profesionales, los pioneros y las leyendas vidas del surf\u00bb, as\u00ed como a los &#8216;shapers&#8217;.<\/p>\n<p>La programaci\u00f3n del festival comenzar\u00e1 este viernes, en el Centro de Arte Faro de Cabo Mayor, a las 18 horas, con la inauguraci\u00f3n de una exposici\u00f3n fotogr\u00e1fica &#8216;Skying&#8217; de Jeremiah Klein (California) y &#8216;Waves&#8217; de Kenny Hurtado (California), cuyas obras estar\u00e1n acompa\u00f1adas por cuadros de la artista italiana Silvia Bertolla inspirados en las colecciones de estos dos fot\u00f3grafos.<\/p>\n<p>Adem\u00e1s, habr\u00e1 una exposici\u00f3n sobre industria sostenible en la que la marca Vissla presentar\u00e1 algunos de sus productos ecol\u00f3gicos y sostenibles, como neoprenos ecol\u00f3gicos y ba\u00f1adores de fibra de coco y pl\u00e1stico reciclado.<\/p>\n<p>Asimismo, el surfista Michael Kenney presentar\u00e1 los \u00faltimos dise\u00f1os de handplanes fabricados artesanalmente con pl\u00e1stico encontrado en playas del cant\u00e1brico, y tambi\u00e9n se contar\u00e1 con otros fabricantes artesanales como Ahau Surfboards o Macho Fins, que mostrar\u00e1n sus propuestas m\u00e1s ecol\u00f3gicas.<\/p>\n<p>Tambi\u00e9n el viernes ser\u00e1 la presentaci\u00f3n europea de la pel\u00edcula &#8216;Dream Steeple&#8217;, la \u00faltima producci\u00f3n del director Eddie Obrand, con la asistencia de algunos de sus protagonistas. La velada, de entrada gratuita hasta completar aforo, estar\u00e1 amenizada por un conocido DJ de la playa.<\/p>\n<h2 class=\"ladillo\">ACTIVIDADES EN CANALLAVE<\/h2>\n<p>Las actividades continuar\u00e1n ya el s\u00e1bado en la playa de Canallave, donde habr\u00e1 sesiones de surf con tablas antiguas y estar\u00e1n tambi\u00e9n &#8216;shapers&#8217; profesionales y fabricantes de tablas amateurs llegados de varios pa\u00edses de cuatro continentes (Australia, Estados Unidos, Reino Unido, Sud\u00e1frica, Portugal, Francia, Grecia, Italia, etc\u00e9tera).<\/p>\n<p>El d\u00eda se cerrar\u00e1 con una sesi\u00f3n de surf de tablas experimentales y una &#8216;Fiesta Kharma&#8217;, con proyecciones, paellas marineras y actuaciones de las bandas de rock &#8216;The Limboos&#8217;, &#8216;Frankie Chavez&#8217; y &#8216;Los Estanques&#8217;.<\/p>\n<p>En la jornada del domingo la asociaci\u00f3n Surf Sin Barreras, con la ayuda de la Special Surf School, impartir\u00e1 una clase de surf a un grupo de ni\u00f1os de la Asociaci\u00f3n C\u00e1ntabra de S\u00edndrome de Down.<\/p>\n<p>A continuar\u00e1 se celebrar\u00e1 la prueba por equipos de &#8216;Surfing Families by Mercedes-Benz&#8217;, en la que ni\u00f1os, padres y abuelos competir\u00e1n con otras familias. Tambi\u00e9n ser\u00e1 este d\u00eda la &#8216;Kid Session&#8217;, en la que los m\u00e1s peque\u00f1os demostrar\u00e1n su destreza a bordo de las tablas de sus padres, para dar paso despu\u00e9s al &#8216;tag-team&#8217; o prueba de relevos por equipos de familias surferas.<\/p>\n<p>Tras la comida, est\u00e1n programadas las finales de todas las categor\u00edas y la prueba &#8216;Pura Vida&#8217; (Carnaval del Amor), en la que se premiar\u00e1 al atuendo m\u00e1s divertido o la puesta en escena m\u00e1s psicod\u00e9lica. La m\u00fasica correr\u00e1 a cargo de la banda madrile\u00f1a de rock psicod\u00e9lico &#8216;BayWaves&#8217; y los &#8216;Supertubos&#8217;, seg\u00fan informa el Ayuntamiento de Santander en nota de prensa.<\/p>\n<p>Adem\u00e1s, como cada a\u00f1o, llegar\u00e1 desde Bristol &#8216;Jimi Can&#8217;, el DJ oficial del festival, con gui\u00f1os al rock de los a\u00f1os 60 y 70, adem\u00e1s del DJ y surfer Mario Azurza, de Zarautz, con m\u00fasica vinculada a la cultura de la playa.<\/p>\n<p>La programaci\u00f3n completa del festival y toda la informaci\u00f3n adicional se puede consultar en la p\u00e1gina web &#8216;<a href=\"http:\/\/www.cosmicchildren.com\/\" target=\"_blank\">www.cosmicchildren.com<\/a>&#8216;.<\/p>\n","protected":false},"excerpt":{"rendered":"<p>El XI Cosmic Children Festival comienza este viernes, 17 de junio, con un programa de actividades en el que convergen surf, m\u00fasica, cine y arte, que se desarrollar\u00e1 hasta el domingo entre Santander y Liencres. As\u00ed, el Centro de Arte Faro de Cabo Mayor acoger\u00e1 las actividades previstas para la tarde del viernes, y el<\/p>\n","protected":false},"author":1,"featured_media":79852,"comment_status":"open","ping_status":"closed","sticky":false,"template":"","format":"standard","meta":{"footnotes":""},"categories":[224],"tags":[],"class_list":{"0":"post-79850","1":"post","2":"type-post","3":"status-publish","4":"format-standard","5":"has-post-thumbnail","7":"category-noticias-actualidad"},"aioseo_notices":[],"aioseo_head":"\n\t\t<!-- All in One SEO Pro 4.9.6.1 - aioseo.com -->\n\t<meta name=\"description\" content=\"El XI Cosmic Children Festival comienza este viernes, 17 de junio, con un programa de actividades en el que convergen surf, m\u00fasica, cine y arte, que se desarrollar\u00e1 hasta el domingo entre Santander y Liencres. As\u00ed, el Centro de Arte Faro de Cabo Mayor acoger\u00e1 las actividades previstas para la tarde del viernes, y el\" \/>\n\t<meta name=\"robots\" content=\"max-image-preview:large\" \/>\n\t<meta name=\"author\" content=\"admin\"\/>\n\t<meta name=\"google-site-verification\" content=\"UA-38556648-1\" \/>\n\t<meta name=\"keywords\" content=\"noticias y actualidad\" \/>\n\t<link rel=\"canonical\" href=\"https:\/\/eldigitaldeasturias.com\/magazine365\/arranca-el-cosmic-children-festival-que-auna-surf-musica-cine-y-arte\/\" \/>\n\t<meta name=\"generator\" content=\"All in One SEO Pro (AIOSEO) 4.9.6.1\" \/>\n\t\t<meta property=\"og:locale\" content=\"es_ES\" \/>\n\t\t<meta property=\"og:site_name\" content=\"El Digital de Asturias \u2013 Revista de ocio, turismo y estilo de vida\" \/>\n\t\t<meta property=\"og:type\" content=\"article\" \/>\n\t\t<meta property=\"og:title\" content=\"Arranca el Cosmic Children Festival, que a\u00fana surf, m\u00fasica, cine y arte | El Digital de Asturias\" \/>\n\t\t<meta property=\"og:description\" content=\"El XI Cosmic Children Festival comienza este viernes, 17 de junio, con un programa de actividades en el que convergen surf, m\u00fasica, cine y arte, que se desarrollar\u00e1 hasta el domingo entre Santander y Liencres. As\u00ed, el Centro de Arte Faro de Cabo Mayor acoger\u00e1 las actividades previstas para la tarde del viernes, y el\" \/>\n\t\t<meta property=\"og:url\" content=\"https:\/\/eldigitaldeasturias.com\/magazine365\/arranca-el-cosmic-children-festival-que-auna-surf-musica-cine-y-arte\/\" \/>\n\t\t<meta property=\"og:image\" content=\"https:\/\/eldigitaldeasturias.com\/magazine365\/wp-content\/uploads\/2016\/06\/fotonoticia_20160617102549_800.jpg\" \/>\n\t\t<meta property=\"og:image:secure_url\" content=\"https:\/\/eldigitaldeasturias.com\/magazine365\/wp-content\/uploads\/2016\/06\/fotonoticia_20160617102549_800.jpg\" \/>\n\t\t<meta property=\"og:image:width\" content=\"800\" \/>\n\t\t<meta property=\"og:image:height\" content=\"528\" \/>\n\t\t<meta property=\"article:published_time\" content=\"2016-06-17T10:04:56+00:00\" \/>\n\t\t<meta property=\"article:modified_time\" content=\"2016-06-17T10:04:56+00:00\" \/>\n\t\t<meta name=\"twitter:card\" content=\"summary_large_image\" \/>\n\t\t<meta name=\"twitter:title\" content=\"Arranca el Cosmic Children Festival, que a\u00fana surf, m\u00fasica, cine y arte | El Digital de Asturias\" \/>\n\t\t<meta name=\"twitter:description\" content=\"El XI Cosmic Children Festival comienza este viernes, 17 de junio, con un programa de actividades en el que convergen surf, m\u00fasica, cine y arte, que se desarrollar\u00e1 hasta el domingo entre Santander y Liencres. As\u00ed, el Centro de Arte Faro de Cabo Mayor acoger\u00e1 las actividades previstas para la tarde del viernes, y el\" \/>\n\t\t<meta name=\"twitter:image\" content=\"https:\/\/eldigitaldeasturias.com\/magazine365\/wp-content\/uploads\/2016\/06\/fotonoticia_20160617102549_800.jpg\" \/>\n\t\t<script type=\"application\/ld+json\" class=\"aioseo-schema\">\n\t\t\t{\"@context\":\"https:\\\/\\\/schema.org\",\"@graph\":[{\"@type\":\"Article\",\"@id\":\"https:\\\/\\\/eldigitaldeasturias.com\\\/magazine365\\\/arranca-el-cosmic-children-festival-que-auna-surf-musica-cine-y-arte\\\/#article\",\"name\":\"Arranca el Cosmic Children Festival, que a\\u00fana surf, m\\u00fasica, cine y arte | El Digital de Asturias\",\"headline\":\"Arranca el Cosmic Children Festival, que a\\u00fana surf, m\\u00fasica, cine y arte\",\"author\":{\"@id\":\"https:\\\/\\\/eldigitaldeasturias.com\\\/magazine365\\\/author\\\/admin\\\/#author\"},\"publisher\":{\"@id\":\"https:\\\/\\\/eldigitaldeasturias.com\\\/magazine365\\\/#organization\"},\"image\":{\"@type\":\"ImageObject\",\"url\":\"https:\\\/\\\/eldigitaldeasturias.com\\\/magazine365\\\/wp-content\\\/uploads\\\/2016\\\/06\\\/fotonoticia_20160617102549_800.jpg\",\"width\":800,\"height\":528},\"datePublished\":\"2016-06-17T12:04:56+02:00\",\"dateModified\":\"2016-06-17T12:04:56+02:00\",\"inLanguage\":\"es-ES\",\"mainEntityOfPage\":{\"@id\":\"https:\\\/\\\/eldigitaldeasturias.com\\\/magazine365\\\/arranca-el-cosmic-children-festival-que-auna-surf-musica-cine-y-arte\\\/#webpage\"},\"isPartOf\":{\"@id\":\"https:\\\/\\\/eldigitaldeasturias.com\\\/magazine365\\\/arranca-el-cosmic-children-festival-que-auna-surf-musica-cine-y-arte\\\/#webpage\"},\"articleSection\":\"Noticias y Actualidad\"},{\"@type\":\"BreadcrumbList\",\"@id\":\"https:\\\/\\\/eldigitaldeasturias.com\\\/magazine365\\\/arranca-el-cosmic-children-festival-que-auna-surf-musica-cine-y-arte\\\/#breadcrumblist\",\"itemListElement\":[{\"@type\":\"ListItem\",\"@id\":\"https:\\\/\\\/eldigitaldeasturias.com\\\/magazine365#listItem\",\"position\":1,\"name\":\"Home\",\"item\":\"https:\\\/\\\/eldigitaldeasturias.com\\\/magazine365\",\"nextItem\":{\"@type\":\"ListItem\",\"@id\":\"https:\\\/\\\/eldigitaldeasturias.com\\\/magazine365\\\/category\\\/noticias-actualidad\\\/#listItem\",\"name\":\"Noticias y Actualidad\"}},{\"@type\":\"ListItem\",\"@id\":\"https:\\\/\\\/eldigitaldeasturias.com\\\/magazine365\\\/category\\\/noticias-actualidad\\\/#listItem\",\"position\":2,\"name\":\"Noticias y Actualidad\",\"item\":\"https:\\\/\\\/eldigitaldeasturias.com\\\/magazine365\\\/category\\\/noticias-actualidad\\\/\",\"nextItem\":{\"@type\":\"ListItem\",\"@id\":\"https:\\\/\\\/eldigitaldeasturias.com\\\/magazine365\\\/arranca-el-cosmic-children-festival-que-auna-surf-musica-cine-y-arte\\\/#listItem\",\"name\":\"Arranca el Cosmic Children Festival, que a\\u00fana surf, m\\u00fasica, cine y arte\"},\"previousItem\":{\"@type\":\"ListItem\",\"@id\":\"https:\\\/\\\/eldigitaldeasturias.com\\\/magazine365#listItem\",\"name\":\"Home\"}},{\"@type\":\"ListItem\",\"@id\":\"https:\\\/\\\/eldigitaldeasturias.com\\\/magazine365\\\/arranca-el-cosmic-children-festival-que-auna-surf-musica-cine-y-arte\\\/#listItem\",\"position\":3,\"name\":\"Arranca el Cosmic Children Festival, que a\\u00fana surf, m\\u00fasica, cine y arte\",\"previousItem\":{\"@type\":\"ListItem\",\"@id\":\"https:\\\/\\\/eldigitaldeasturias.com\\\/magazine365\\\/category\\\/noticias-actualidad\\\/#listItem\",\"name\":\"Noticias y Actualidad\"}}]},{\"@type\":\"Organization\",\"@id\":\"https:\\\/\\\/eldigitaldeasturias.com\\\/magazine365\\\/#organization\",\"name\":\"El digital de Asturias\",\"description\":\"Revista de ocio, turismo y estilo de vida\",\"url\":\"https:\\\/\\\/eldigitaldeasturias.com\\\/magazine365\\\/\",\"logo\":{\"@type\":\"ImageObject\",\"url\":\"https:\\\/\\\/www.eldigitaldeasturias.com\\\/noticias\\\/wp-content\\\/uploads\\\/2020\\\/12\\\/EDA.jpg\",\"@id\":\"https:\\\/\\\/eldigitaldeasturias.com\\\/magazine365\\\/arranca-el-cosmic-children-festival-que-auna-surf-musica-cine-y-arte\\\/#organizationLogo\"},\"image\":{\"@id\":\"https:\\\/\\\/eldigitaldeasturias.com\\\/magazine365\\\/arranca-el-cosmic-children-festival-que-auna-surf-musica-cine-y-arte\\\/#organizationLogo\"}},{\"@type\":\"Person\",\"@id\":\"https:\\\/\\\/eldigitaldeasturias.com\\\/magazine365\\\/author\\\/admin\\\/#author\",\"url\":\"https:\\\/\\\/eldigitaldeasturias.com\\\/magazine365\\\/author\\\/admin\\\/\",\"name\":\"admin\",\"image\":{\"@type\":\"ImageObject\",\"@id\":\"https:\\\/\\\/eldigitaldeasturias.com\\\/magazine365\\\/arranca-el-cosmic-children-festival-que-auna-surf-musica-cine-y-arte\\\/#authorImage\",\"url\":\"https:\\\/\\\/eldigitaldeasturias.com\\\/magazine365\\\/wp-content\\\/litespeed\\\/avatar\\\/e571bcf59a0edd6fa6838245a470f2fe.jpg?ver=1776969259\",\"width\":96,\"height\":96,\"caption\":\"admin\"}},{\"@type\":\"WebPage\",\"@id\":\"https:\\\/\\\/eldigitaldeasturias.com\\\/magazine365\\\/arranca-el-cosmic-children-festival-que-auna-surf-musica-cine-y-arte\\\/#webpage\",\"url\":\"https:\\\/\\\/eldigitaldeasturias.com\\\/magazine365\\\/arranca-el-cosmic-children-festival-que-auna-surf-musica-cine-y-arte\\\/\",\"name\":\"Arranca el Cosmic Children Festival, que a\\u00fana surf, m\\u00fasica, cine y arte | El Digital de Asturias\",\"description\":\"El XI Cosmic Children Festival comienza este viernes, 17 de junio, con un programa de actividades en el que convergen surf, m\\u00fasica, cine y arte, que se desarrollar\\u00e1 hasta el domingo entre Santander y Liencres. As\\u00ed, el Centro de Arte Faro de Cabo Mayor acoger\\u00e1 las actividades previstas para la tarde del viernes, y el\",\"inLanguage\":\"es-ES\",\"isPartOf\":{\"@id\":\"https:\\\/\\\/eldigitaldeasturias.com\\\/magazine365\\\/#website\"},\"breadcrumb\":{\"@id\":\"https:\\\/\\\/eldigitaldeasturias.com\\\/magazine365\\\/arranca-el-cosmic-children-festival-que-auna-surf-musica-cine-y-arte\\\/#breadcrumblist\"},\"author\":{\"@id\":\"https:\\\/\\\/eldigitaldeasturias.com\\\/magazine365\\\/author\\\/admin\\\/#author\"},\"creator\":{\"@id\":\"https:\\\/\\\/eldigitaldeasturias.com\\\/magazine365\\\/author\\\/admin\\\/#author\"},\"image\":{\"@type\":\"ImageObject\",\"url\":\"https:\\\/\\\/eldigitaldeasturias.com\\\/magazine365\\\/wp-content\\\/uploads\\\/2016\\\/06\\\/fotonoticia_20160617102549_800.jpg\",\"@id\":\"https:\\\/\\\/eldigitaldeasturias.com\\\/magazine365\\\/arranca-el-cosmic-children-festival-que-auna-surf-musica-cine-y-arte\\\/#mainImage\",\"width\":800,\"height\":528},\"primaryImageOfPage\":{\"@id\":\"https:\\\/\\\/eldigitaldeasturias.com\\\/magazine365\\\/arranca-el-cosmic-children-festival-que-auna-surf-musica-cine-y-arte\\\/#mainImage\"},\"datePublished\":\"2016-06-17T12:04:56+02:00\",\"dateModified\":\"2016-06-17T12:04:56+02:00\"},{\"@type\":\"WebSite\",\"@id\":\"https:\\\/\\\/eldigitaldeasturias.com\\\/magazine365\\\/#website\",\"url\":\"https:\\\/\\\/eldigitaldeasturias.com\\\/magazine365\\\/\",\"name\":\"El Digital de Asturias\",\"description\":\"Revista de ocio, turismo y estilo de vida\",\"inLanguage\":\"es-ES\",\"publisher\":{\"@id\":\"https:\\\/\\\/eldigitaldeasturias.com\\\/magazine365\\\/#organization\"}}]}\n\t\t<\/script>\n\t\t<!-- All in One SEO Pro -->\r\n\t\t<title>Arranca el Cosmic Children Festival, que a\u00fana surf, m\u00fasica, cine y arte | El Digital de Asturias<\/title>\n\n","aioseo_head_json":{"title":"Arranca el Cosmic Children Festival, que a\u00fana surf, m\u00fasica, cine y arte | El Digital de Asturias","description":"El XI Cosmic Children Festival comienza este viernes, 17 de junio, con un programa de actividades en el que convergen surf, m\u00fasica, cine y arte, que se desarrollar\u00e1 hasta el domingo entre Santander y Liencres. As\u00ed, el Centro de Arte Faro de Cabo Mayor acoger\u00e1 las actividades previstas para la tarde del viernes, y el","canonical_url":"https:\/\/eldigitaldeasturias.com\/magazine365\/arranca-el-cosmic-children-festival-que-auna-surf-musica-cine-y-arte\/","robots":"max-image-preview:large","keywords":"noticias y actualidad","webmasterTools":{"google-site-verification":"UA-38556648-1","miscellaneous":""},"schema":{"@context":"https:\/\/schema.org","@graph":[{"@type":"Article","@id":"https:\/\/eldigitaldeasturias.com\/magazine365\/arranca-el-cosmic-children-festival-que-auna-surf-musica-cine-y-arte\/#article","name":"Arranca el Cosmic Children Festival, que a\u00fana surf, m\u00fasica, cine y arte | El Digital de Asturias","headline":"Arranca el Cosmic Children Festival, que a\u00fana surf, m\u00fasica, cine y arte","author":{"@id":"https:\/\/eldigitaldeasturias.com\/magazine365\/author\/admin\/#author"},"publisher":{"@id":"https:\/\/eldigitaldeasturias.com\/magazine365\/#organization"},"image":{"@type":"ImageObject","url":"https:\/\/eldigitaldeasturias.com\/magazine365\/wp-content\/uploads\/2016\/06\/fotonoticia_20160617102549_800.jpg","width":800,"height":528},"datePublished":"2016-06-17T12:04:56+02:00","dateModified":"2016-06-17T12:04:56+02:00","inLanguage":"es-ES","mainEntityOfPage":{"@id":"https:\/\/eldigitaldeasturias.com\/magazine365\/arranca-el-cosmic-children-festival-que-auna-surf-musica-cine-y-arte\/#webpage"},"isPartOf":{"@id":"https:\/\/eldigitaldeasturias.com\/magazine365\/arranca-el-cosmic-children-festival-que-auna-surf-musica-cine-y-arte\/#webpage"},"articleSection":"Noticias y Actualidad"},{"@type":"BreadcrumbList","@id":"https:\/\/eldigitaldeasturias.com\/magazine365\/arranca-el-cosmic-children-festival-que-auna-surf-musica-cine-y-arte\/#breadcrumblist","itemListElement":[{"@type":"ListItem","@id":"https:\/\/eldigitaldeasturias.com\/magazine365#listItem","position":1,"name":"Home","item":"https:\/\/eldigitaldeasturias.com\/magazine365","nextItem":{"@type":"ListItem","@id":"https:\/\/eldigitaldeasturias.com\/magazine365\/category\/noticias-actualidad\/#listItem","name":"Noticias y Actualidad"}},{"@type":"ListItem","@id":"https:\/\/eldigitaldeasturias.com\/magazine365\/category\/noticias-actualidad\/#listItem","position":2,"name":"Noticias y Actualidad","item":"https:\/\/eldigitaldeasturias.com\/magazine365\/category\/noticias-actualidad\/","nextItem":{"@type":"ListItem","@id":"https:\/\/eldigitaldeasturias.com\/magazine365\/arranca-el-cosmic-children-festival-que-auna-surf-musica-cine-y-arte\/#listItem","name":"Arranca el Cosmic Children Festival, que a\u00fana surf, m\u00fasica, cine y arte"},"previousItem":{"@type":"ListItem","@id":"https:\/\/eldigitaldeasturias.com\/magazine365#listItem","name":"Home"}},{"@type":"ListItem","@id":"https:\/\/eldigitaldeasturias.com\/magazine365\/arranca-el-cosmic-children-festival-que-auna-surf-musica-cine-y-arte\/#listItem","position":3,"name":"Arranca el Cosmic Children Festival, que a\u00fana surf, m\u00fasica, cine y arte","previousItem":{"@type":"ListItem","@id":"https:\/\/eldigitaldeasturias.com\/magazine365\/category\/noticias-actualidad\/#listItem","name":"Noticias y Actualidad"}}]},{"@type":"Organization","@id":"https:\/\/eldigitaldeasturias.com\/magazine365\/#organization","name":"El digital de Asturias","description":"Revista de ocio, turismo y estilo de vida","url":"https:\/\/eldigitaldeasturias.com\/magazine365\/","logo":{"@type":"ImageObject","url":"https:\/\/www.eldigitaldeasturias.com\/noticias\/wp-content\/uploads\/2020\/12\/EDA.jpg","@id":"https:\/\/eldigitaldeasturias.com\/magazine365\/arranca-el-cosmic-children-festival-que-auna-surf-musica-cine-y-arte\/#organizationLogo"},"image":{"@id":"https:\/\/eldigitaldeasturias.com\/magazine365\/arranca-el-cosmic-children-festival-que-auna-surf-musica-cine-y-arte\/#organizationLogo"}},{"@type":"Person","@id":"https:\/\/eldigitaldeasturias.com\/magazine365\/author\/admin\/#author","url":"https:\/\/eldigitaldeasturias.com\/magazine365\/author\/admin\/","name":"admin","image":{"@type":"ImageObject","@id":"https:\/\/eldigitaldeasturias.com\/magazine365\/arranca-el-cosmic-children-festival-que-auna-surf-musica-cine-y-arte\/#authorImage","url":"https:\/\/eldigitaldeasturias.com\/magazine365\/wp-content\/litespeed\/avatar\/e571bcf59a0edd6fa6838245a470f2fe.jpg?ver=1776969259","width":96,"height":96,"caption":"admin"}},{"@type":"WebPage","@id":"https:\/\/eldigitaldeasturias.com\/magazine365\/arranca-el-cosmic-children-festival-que-auna-surf-musica-cine-y-arte\/#webpage","url":"https:\/\/eldigitaldeasturias.com\/magazine365\/arranca-el-cosmic-children-festival-que-auna-surf-musica-cine-y-arte\/","name":"Arranca el Cosmic Children Festival, que a\u00fana surf, m\u00fasica, cine y arte | El Digital de Asturias","description":"El XI Cosmic Children Festival comienza este viernes, 17 de junio, con un programa de actividades en el que convergen surf, m\u00fasica, cine y arte, que se desarrollar\u00e1 hasta el domingo entre Santander y Liencres. As\u00ed, el Centro de Arte Faro de Cabo Mayor acoger\u00e1 las actividades previstas para la tarde del viernes, y el","inLanguage":"es-ES","isPartOf":{"@id":"https:\/\/eldigitaldeasturias.com\/magazine365\/#website"},"breadcrumb":{"@id":"https:\/\/eldigitaldeasturias.com\/magazine365\/arranca-el-cosmic-children-festival-que-auna-surf-musica-cine-y-arte\/#breadcrumblist"},"author":{"@id":"https:\/\/eldigitaldeasturias.com\/magazine365\/author\/admin\/#author"},"creator":{"@id":"https:\/\/eldigitaldeasturias.com\/magazine365\/author\/admin\/#author"},"image":{"@type":"ImageObject","url":"https:\/\/eldigitaldeasturias.com\/magazine365\/wp-content\/uploads\/2016\/06\/fotonoticia_20160617102549_800.jpg","@id":"https:\/\/eldigitaldeasturias.com\/magazine365\/arranca-el-cosmic-children-festival-que-auna-surf-musica-cine-y-arte\/#mainImage","width":800,"height":528},"primaryImageOfPage":{"@id":"https:\/\/eldigitaldeasturias.com\/magazine365\/arranca-el-cosmic-children-festival-que-auna-surf-musica-cine-y-arte\/#mainImage"},"datePublished":"2016-06-17T12:04:56+02:00","dateModified":"2016-06-17T12:04:56+02:00"},{"@type":"WebSite","@id":"https:\/\/eldigitaldeasturias.com\/magazine365\/#website","url":"https:\/\/eldigitaldeasturias.com\/magazine365\/","name":"El Digital de Asturias","description":"Revista de ocio, turismo y estilo de vida","inLanguage":"es-ES","publisher":{"@id":"https:\/\/eldigitaldeasturias.com\/magazine365\/#organization"}}]},"og:locale":"es_ES","og:site_name":"El Digital de Asturias \u2013 Revista de ocio, turismo y estilo de vida","og:type":"article","og:title":"Arranca el Cosmic Children Festival, que a\u00fana surf, m\u00fasica, cine y arte | El Digital de Asturias","og:description":"El XI Cosmic Children Festival comienza este viernes, 17 de junio, con un programa de actividades en el que convergen surf, m\u00fasica, cine y arte, que se desarrollar\u00e1 hasta el domingo entre Santander y Liencres. As\u00ed, el Centro de Arte Faro de Cabo Mayor acoger\u00e1 las actividades previstas para la tarde del viernes, y el","og:url":"https:\/\/eldigitaldeasturias.com\/magazine365\/arranca-el-cosmic-children-festival-que-auna-surf-musica-cine-y-arte\/","og:image":"https:\/\/eldigitaldeasturias.com\/magazine365\/wp-content\/uploads\/2016\/06\/fotonoticia_20160617102549_800.jpg","og:image:secure_url":"https:\/\/eldigitaldeasturias.com\/magazine365\/wp-content\/uploads\/2016\/06\/fotonoticia_20160617102549_800.jpg","og:image:width":800,"og:image:height":528,"article:published_time":"2016-06-17T10:04:56+00:00","article:modified_time":"2016-06-17T10:04:56+00:00","twitter:card":"summary_large_image","twitter:title":"Arranca el Cosmic Children Festival, que a\u00fana surf, m\u00fasica, cine y arte | El Digital de Asturias","twitter:description":"El XI Cosmic Children Festival comienza este viernes, 17 de junio, con un programa de actividades en el que convergen surf, m\u00fasica, cine y arte, que se desarrollar\u00e1 hasta el domingo entre Santander y Liencres. As\u00ed, el Centro de Arte Faro de Cabo Mayor acoger\u00e1 las actividades previstas para la tarde del viernes, y el","twitter:image":"https:\/\/eldigitaldeasturias.com\/magazine365\/wp-content\/uploads\/2016\/06\/fotonoticia_20160617102549_800.jpg"},"aioseo_meta_data":{"post_id":"79850","title":null,"description":null,"keywords":null,"keyphrases":null,"primary_term":null,"canonical_url":null,"og_title":null,"og_description":null,"og_object_type":"default","og_image_type":"default","og_image_url":null,"og_image_width":null,"og_image_height":null,"og_image_custom_url":null,"og_image_custom_fields":null,"og_video":null,"og_custom_url":null,"og_article_section":null,"og_article_tags":null,"twitter_use_og":false,"twitter_card":"default","twitter_image_type":"default","twitter_image_url":null,"twitter_image_custom_url":null,"twitter_image_custom_fields":null,"twitter_title":null,"twitter_description":null,"schema":{"blockGraphs":[],"customGraphs":[],"default":{"data":{"Article":[],"Course":[],"Dataset":[],"FAQPage":[],"Movie":[],"Person":[],"Product":[],"ProductReview":[],"Car":[],"Recipe":[],"Service":[],"SoftwareApplication":[],"WebPage":[]},"graphName":"","isEnabled":true},"graphs":[],"defaultGraph":"","defaultPostTypeGraph":""},"schema_type":null,"schema_type_options":null,"pillar_content":false,"robots_default":true,"robots_noindex":false,"robots_noarchive":false,"robots_nosnippet":false,"robots_nofollow":false,"robots_noimageindex":false,"robots_noodp":false,"robots_notranslate":false,"robots_max_snippet":null,"robots_max_videopreview":null,"robots_max_imagepreview":"large","priority":null,"frequency":null,"location":null,"local_seo":null,"seo_analyzer_scan_date":"2025-09-27 19:42:07","breadcrumb_settings":null,"limit_modified_date":false,"open_ai":null,"ai":null,"created":"2021-03-08 17:42:46","updated":"2025-09-27 19:42:07"},"aioseo_breadcrumb":"<div class=\"aioseo-breadcrumbs\"><span class=\"aioseo-breadcrumb\">\n\t<a href=\"https:\/\/eldigitaldeasturias.com\/magazine365\" title=\"Home\">Home<\/a>\n<\/span><span class=\"aioseo-breadcrumb-separator\">\u2013<\/span><span class=\"aioseo-breadcrumb\">\n\t<a href=\"https:\/\/eldigitaldeasturias.com\/magazine365\/category\/noticias-actualidad\/\" title=\"Noticias y Actualidad\">Noticias y Actualidad<\/a>\n<\/span><span class=\"aioseo-breadcrumb-separator\">\u2013<\/span><span class=\"aioseo-breadcrumb\">\n\t<a href=\"https:\/\/eldigitaldeasturias.com\/magazine365\/arranca-el-cosmic-children-festival-que-auna-surf-musica-cine-y-arte\/\" title=\"Arranca el Cosmic Children Festival, que a\u00fana surf, m\u00fasica, cine y arte\">Arranca el Cosmic Children Festival, que a\u00fana surf, m\u00fasica, cine y arte<\/a>\n<\/span><\/div>","aioseo_breadcrumb_json":[{"label":"Home","link":"https:\/\/eldigitaldeasturias.com\/magazine365"},{"label":"Noticias y Actualidad","link":"https:\/\/eldigitaldeasturias.com\/magazine365\/category\/noticias-actualidad\/"},{"label":"Arranca el Cosmic Children Festival, que a\u00fana surf, m\u00fasica, cine y arte","link":"https:\/\/eldigitaldeasturias.com\/magazine365\/arranca-el-cosmic-children-festival-que-auna-surf-musica-cine-y-arte\/"}],"_links":{"self":[{"href":"https:\/\/eldigitaldeasturias.com\/magazine365\/wp-json\/wp\/v2\/posts\/79850","targetHints":{"allow":["GET"]}}],"collection":[{"href":"https:\/\/eldigitaldeasturias.com\/magazine365\/wp-json\/wp\/v2\/posts"}],"about":[{"href":"https:\/\/eldigitaldeasturias.com\/magazine365\/wp-json\/wp\/v2\/types\/post"}],"author":[{"embeddable":true,"href":"https:\/\/eldigitaldeasturias.com\/magazine365\/wp-json\/wp\/v2\/users\/1"}],"replies":[{"embeddable":true,"href":"https:\/\/eldigitaldeasturias.com\/magazine365\/wp-json\/wp\/v2\/comments?post=79850"}],"version-history":[{"count":0,"href":"https:\/\/eldigitaldeasturias.com\/magazine365\/wp-json\/wp\/v2\/posts\/79850\/revisions"}],"wp:featuredmedia":[{"embeddable":true,"href":"https:\/\/eldigitaldeasturias.com\/magazine365\/wp-json\/wp\/v2\/media\/79852"}],"wp:attachment":[{"href":"https:\/\/eldigitaldeasturias.com\/magazine365\/wp-json\/wp\/v2\/media?parent=79850"}],"wp:term":[{"taxonomy":"category","embeddable":true,"href":"https:\/\/eldigitaldeasturias.com\/magazine365\/wp-json\/wp\/v2\/categories?post=79850"},{"taxonomy":"post_tag","embeddable":true,"href":"https:\/\/eldigitaldeasturias.com\/magazine365\/wp-json\/wp\/v2\/tags?post=79850"}],"curies":[{"name":"wp","href":"https:\/\/api.w.org\/{rel}","templated":true}]}}