{"id":79836,"date":"2016-06-17T11:56:25","date_gmt":"2016-06-17T09:56:25","guid":{"rendered":"http:\/\/eldigitaldeasturias.com\/magazine365\/?p=79836"},"modified":"2016-06-17T11:57:23","modified_gmt":"2016-06-17T09:57:23","slug":"los-precios-del-transporte-aereo-regular-descienden-casi-6-puntos-hasta-el-06-en-el-primer-trimestre","status":"publish","type":"post","link":"https:\/\/eldigitaldeasturias.com\/magazine365\/los-precios-del-transporte-aereo-regular-descienden-casi-6-puntos-hasta-el-06-en-el-primer-trimestre\/","title":{"rendered":"Los precios del transporte a\u00e9reo regular descienden casi 6 puntos en el primer trimestre"},"content":{"rendered":"<p><img fetchpriority=\"high\" decoding=\"async\" class=\"alignleft size-medium wp-image-38236\" src=\"https:\/\/eldigitaldeasturias.com\/magazine365\/wp-content\/uploads\/2015\/05\/asi-viajaremos-en-avion-en-el-futuro-680x443-360x235.jpg\" alt=\"asi-viajaremos-en-avion-en-el-futuro-680x443\" width=\"360\" height=\"235\" srcset=\"https:\/\/eldigitaldeasturias.com\/magazine365\/wp-content\/uploads\/2015\/05\/asi-viajaremos-en-avion-en-el-futuro-680x443-360x235.jpg 360w, https:\/\/eldigitaldeasturias.com\/magazine365\/wp-content\/uploads\/2015\/05\/asi-viajaremos-en-avion-en-el-futuro-680x443-650x423.jpg 650w, https:\/\/eldigitaldeasturias.com\/magazine365\/wp-content\/uploads\/2015\/05\/asi-viajaremos-en-avion-en-el-futuro-680x443-150x98.jpg 150w, https:\/\/eldigitaldeasturias.com\/magazine365\/wp-content\/uploads\/2015\/05\/asi-viajaremos-en-avion-en-el-futuro-680x443-450x293.jpg 450w, https:\/\/eldigitaldeasturias.com\/magazine365\/wp-content\/uploads\/2015\/05\/asi-viajaremos-en-avion-en-el-futuro-680x443-645x420.jpg 645w, https:\/\/eldigitaldeasturias.com\/magazine365\/wp-content\/uploads\/2015\/05\/asi-viajaremos-en-avion-en-el-futuro-680x443-84x55.jpg 84w, https:\/\/eldigitaldeasturias.com\/magazine365\/wp-content\/uploads\/2015\/05\/asi-viajaremos-en-avion-en-el-futuro-680x443.jpg 680w\" sizes=\"(max-width: 360px) 100vw, 360px\" \/><\/p>\n<p>Los precios del transporte a\u00e9reo regular de pasajeros descendieron hasta el -0,6%, tras registrar un descenso de 5,8 puntos en relaci\u00f3n al mismo periodo de 2015, a consecuencia de la bajada de sus precios en este trimestre y la subida registrada el a\u00f1o pasado, y los precios de la publicidad disminuyeron su tasa anual m\u00e1s de 16 puntos, hasta el -5,1%, seg\u00fan ha informado hoy el Instituto Nacional de Estad\u00edstica (INE).<\/p>\n<p>Por su parte, los precios en tasa anual de los estudios de mercado avanzaron un 1,1%, cuatro d\u00e9cimas m\u00e1s que la registrada en el cuarto trimestre de 2015; mientras que en programaci\u00f3n y consultor\u00eda inform\u00e1tica avanzaron un 1%, cuatro d\u00e9cimas superior al trimestre anterior, y en actividades de limpieza, con una tasa del 0,1%, avanzaron cuatro d\u00e9cimas m\u00e1s.<\/p>\n<p>Estas tres actividades fueron las que presentaron los mayores crecimientos interanuales durante el primer trimestre, seg\u00fan revela el \u00cdndice de Precios del Sector Servicios, cuyo objetivo es facilitar trimestralmente \u00edndices de la evoluci\u00f3n del precio de los servicios proporcionados a empresas por cada uno de los sectores desde el punto de vista del productor.<\/p>\n<h2 class=\"ladillo\">DESCENSOS EN 10 DE LAS ACTIVIDADES ANALIZADAS<\/h2>\n<p>De las quince actividades del sector servicios para las que el INE calcula \u00edndices de precios, diez de ellas disminuyeron su tasa de variaci\u00f3n interanual en el primer trimestre y aumentaron en el resto.<\/p>\n<p>Las que m\u00e1s elevaron su tasa interanual fueron adem\u00e1s de los estudios de mercado, la programaci\u00f3n y consultor\u00eda inform\u00e1tica y las actividades de limpieza, fueron los precios en servicios de asesor\u00eda jur\u00eddica y econ\u00f3mica, con una tasa del 0,5%, tres d\u00e9cimas m\u00e1s que la del trimestre anterior.<\/p>\n<p>Entre los descensos, los m\u00e1s significativos se los anotaron dem\u00e1s de la publicidad y el transporte a\u00e9reo regular, los servicios de telecomunicaciones, con 1,9 puntos menos, y una tasa del -4,6%, y las actividades de seguridad, con una tasa del -2,3%, dos d\u00e9cimas menos. Tambi\u00e9n destaca el descenso de los servicios de transporte mar\u00edtimo de mercanc\u00edas, que recort\u00f3 su tasa interanual, hasta el -1,6%, casi dos puntos.<\/p>\n<p>En cuanto a la variaci\u00f3n trimestral, la mayor subida de precios respecto al trimestre anterior se produjo en los servicios de actividades postales y de correos (+2,5%).<\/p>\n<p>Por su parte, entre los descensos m\u00e1s significativos este trimestre respecto al cuatro de 2015 destacan la publicidad inform\u00e1tica (-13,6%), el transporte a\u00e9reo regular de pasajeros (-3,1%) y las telecomunicaciones (-2,5%).<\/p>\n","protected":false},"excerpt":{"rendered":"<p>Los precios del transporte a\u00e9reo regular de pasajeros descendieron hasta el -0,6%, tras registrar un descenso de 5,8 puntos en relaci\u00f3n al mismo periodo de 2015, a consecuencia de la bajada de sus precios en este trimestre y la subida registrada el a\u00f1o pasado, y los precios de la publicidad disminuyeron su tasa anual m\u00e1s<\/p>\n","protected":false},"author":1,"featured_media":38236,"comment_status":"open","ping_status":"closed","sticky":false,"template":"","format":"standard","meta":{"footnotes":""},"categories":[224],"tags":[],"class_list":{"0":"post-79836","1":"post","2":"type-post","3":"status-publish","4":"format-standard","5":"has-post-thumbnail","7":"category-noticias-actualidad"},"aioseo_notices":[],"aioseo_head":"\n\t\t<!-- All in One SEO Pro 4.9.6.1 - aioseo.com -->\n\t<meta name=\"description\" content=\"Los precios del transporte a\u00e9reo regular de pasajeros descendieron hasta el -0,6%, tras registrar un descenso de 5,8 puntos en relaci\u00f3n al mismo periodo de 2015, a consecuencia de la bajada de sus precios en este trimestre y la subida registrada el a\u00f1o pasado, y los precios de la publicidad disminuyeron su tasa anual m\u00e1s\" \/>\n\t<meta name=\"robots\" content=\"max-image-preview:large\" \/>\n\t<meta name=\"author\" content=\"admin\"\/>\n\t<meta name=\"google-site-verification\" content=\"UA-38556648-1\" \/>\n\t<meta name=\"keywords\" content=\"noticias y actualidad\" \/>\n\t<link rel=\"canonical\" href=\"https:\/\/eldigitaldeasturias.com\/magazine365\/los-precios-del-transporte-aereo-regular-descienden-casi-6-puntos-hasta-el-06-en-el-primer-trimestre\/\" \/>\n\t<meta name=\"generator\" content=\"All in One SEO Pro (AIOSEO) 4.9.6.1\" \/>\n\t\t<meta property=\"og:locale\" content=\"es_ES\" \/>\n\t\t<meta property=\"og:site_name\" content=\"El Digital de Asturias \u2013 Revista de ocio, turismo y estilo de vida\" \/>\n\t\t<meta property=\"og:type\" content=\"article\" \/>\n\t\t<meta property=\"og:title\" content=\"Los precios del transporte a\u00e9reo regular descienden casi 6 puntos en el primer trimestre | El Digital de Asturias\" \/>\n\t\t<meta property=\"og:description\" content=\"Los precios del transporte a\u00e9reo regular de pasajeros descendieron hasta el -0,6%, tras registrar un descenso de 5,8 puntos en relaci\u00f3n al mismo periodo de 2015, a consecuencia de la bajada de sus precios en este trimestre y la subida registrada el a\u00f1o pasado, y los precios de la publicidad disminuyeron su tasa anual m\u00e1s\" \/>\n\t\t<meta property=\"og:url\" content=\"https:\/\/eldigitaldeasturias.com\/magazine365\/los-precios-del-transporte-aereo-regular-descienden-casi-6-puntos-hasta-el-06-en-el-primer-trimestre\/\" \/>\n\t\t<meta property=\"og:image\" content=\"https:\/\/eldigitaldeasturias.com\/magazine365\/wp-content\/uploads\/2015\/05\/asi-viajaremos-en-avion-en-el-futuro-680x443.jpg\" \/>\n\t\t<meta property=\"og:image:secure_url\" content=\"https:\/\/eldigitaldeasturias.com\/magazine365\/wp-content\/uploads\/2015\/05\/asi-viajaremos-en-avion-en-el-futuro-680x443.jpg\" \/>\n\t\t<meta property=\"og:image:width\" content=\"680\" \/>\n\t\t<meta property=\"og:image:height\" content=\"443\" \/>\n\t\t<meta property=\"article:published_time\" content=\"2016-06-17T09:56:25+00:00\" \/>\n\t\t<meta property=\"article:modified_time\" content=\"2016-06-17T09:57:23+00:00\" \/>\n\t\t<meta name=\"twitter:card\" content=\"summary_large_image\" \/>\n\t\t<meta name=\"twitter:title\" content=\"Los precios del transporte a\u00e9reo regular descienden casi 6 puntos en el primer trimestre | El Digital de Asturias\" \/>\n\t\t<meta name=\"twitter:description\" content=\"Los precios del transporte a\u00e9reo regular de pasajeros descendieron hasta el -0,6%, tras registrar un descenso de 5,8 puntos en relaci\u00f3n al mismo periodo de 2015, a consecuencia de la bajada de sus precios en este trimestre y la subida registrada el a\u00f1o pasado, y los precios de la publicidad disminuyeron su tasa anual m\u00e1s\" \/>\n\t\t<meta name=\"twitter:image\" content=\"https:\/\/eldigitaldeasturias.com\/magazine365\/wp-content\/uploads\/2015\/05\/asi-viajaremos-en-avion-en-el-futuro-680x443.jpg\" \/>\n\t\t<script type=\"application\/ld+json\" class=\"aioseo-schema\">\n\t\t\t{\"@context\":\"https:\\\/\\\/schema.org\",\"@graph\":[{\"@type\":\"Article\",\"@id\":\"https:\\\/\\\/eldigitaldeasturias.com\\\/magazine365\\\/los-precios-del-transporte-aereo-regular-descienden-casi-6-puntos-hasta-el-06-en-el-primer-trimestre\\\/#article\",\"name\":\"Los precios del transporte a\\u00e9reo regular descienden casi 6 puntos en el primer trimestre | El Digital de Asturias\",\"headline\":\"Los precios del transporte a\\u00e9reo regular descienden casi 6 puntos en el primer trimestre\",\"author\":{\"@id\":\"https:\\\/\\\/eldigitaldeasturias.com\\\/magazine365\\\/author\\\/admin\\\/#author\"},\"publisher\":{\"@id\":\"https:\\\/\\\/eldigitaldeasturias.com\\\/magazine365\\\/#organization\"},\"image\":{\"@type\":\"ImageObject\",\"url\":\"https:\\\/\\\/eldigitaldeasturias.com\\\/magazine365\\\/wp-content\\\/uploads\\\/2015\\\/05\\\/asi-viajaremos-en-avion-en-el-futuro-680x443.jpg\",\"width\":680,\"height\":443},\"datePublished\":\"2016-06-17T11:56:25+02:00\",\"dateModified\":\"2016-06-17T11:57:23+02:00\",\"inLanguage\":\"es-ES\",\"mainEntityOfPage\":{\"@id\":\"https:\\\/\\\/eldigitaldeasturias.com\\\/magazine365\\\/los-precios-del-transporte-aereo-regular-descienden-casi-6-puntos-hasta-el-06-en-el-primer-trimestre\\\/#webpage\"},\"isPartOf\":{\"@id\":\"https:\\\/\\\/eldigitaldeasturias.com\\\/magazine365\\\/los-precios-del-transporte-aereo-regular-descienden-casi-6-puntos-hasta-el-06-en-el-primer-trimestre\\\/#webpage\"},\"articleSection\":\"Noticias y Actualidad\"},{\"@type\":\"BreadcrumbList\",\"@id\":\"https:\\\/\\\/eldigitaldeasturias.com\\\/magazine365\\\/los-precios-del-transporte-aereo-regular-descienden-casi-6-puntos-hasta-el-06-en-el-primer-trimestre\\\/#breadcrumblist\",\"itemListElement\":[{\"@type\":\"ListItem\",\"@id\":\"https:\\\/\\\/eldigitaldeasturias.com\\\/magazine365#listItem\",\"position\":1,\"name\":\"Home\",\"item\":\"https:\\\/\\\/eldigitaldeasturias.com\\\/magazine365\",\"nextItem\":{\"@type\":\"ListItem\",\"@id\":\"https:\\\/\\\/eldigitaldeasturias.com\\\/magazine365\\\/category\\\/noticias-actualidad\\\/#listItem\",\"name\":\"Noticias y Actualidad\"}},{\"@type\":\"ListItem\",\"@id\":\"https:\\\/\\\/eldigitaldeasturias.com\\\/magazine365\\\/category\\\/noticias-actualidad\\\/#listItem\",\"position\":2,\"name\":\"Noticias y Actualidad\",\"item\":\"https:\\\/\\\/eldigitaldeasturias.com\\\/magazine365\\\/category\\\/noticias-actualidad\\\/\",\"nextItem\":{\"@type\":\"ListItem\",\"@id\":\"https:\\\/\\\/eldigitaldeasturias.com\\\/magazine365\\\/los-precios-del-transporte-aereo-regular-descienden-casi-6-puntos-hasta-el-06-en-el-primer-trimestre\\\/#listItem\",\"name\":\"Los precios del transporte a\\u00e9reo regular descienden casi 6 puntos en el primer trimestre\"},\"previousItem\":{\"@type\":\"ListItem\",\"@id\":\"https:\\\/\\\/eldigitaldeasturias.com\\\/magazine365#listItem\",\"name\":\"Home\"}},{\"@type\":\"ListItem\",\"@id\":\"https:\\\/\\\/eldigitaldeasturias.com\\\/magazine365\\\/los-precios-del-transporte-aereo-regular-descienden-casi-6-puntos-hasta-el-06-en-el-primer-trimestre\\\/#listItem\",\"position\":3,\"name\":\"Los precios del transporte a\\u00e9reo regular descienden casi 6 puntos en el primer trimestre\",\"previousItem\":{\"@type\":\"ListItem\",\"@id\":\"https:\\\/\\\/eldigitaldeasturias.com\\\/magazine365\\\/category\\\/noticias-actualidad\\\/#listItem\",\"name\":\"Noticias y Actualidad\"}}]},{\"@type\":\"Organization\",\"@id\":\"https:\\\/\\\/eldigitaldeasturias.com\\\/magazine365\\\/#organization\",\"name\":\"El digital de Asturias\",\"description\":\"Revista de ocio, turismo y estilo de vida\",\"url\":\"https:\\\/\\\/eldigitaldeasturias.com\\\/magazine365\\\/\",\"logo\":{\"@type\":\"ImageObject\",\"url\":\"https:\\\/\\\/www.eldigitaldeasturias.com\\\/noticias\\\/wp-content\\\/uploads\\\/2020\\\/12\\\/EDA.jpg\",\"@id\":\"https:\\\/\\\/eldigitaldeasturias.com\\\/magazine365\\\/los-precios-del-transporte-aereo-regular-descienden-casi-6-puntos-hasta-el-06-en-el-primer-trimestre\\\/#organizationLogo\"},\"image\":{\"@id\":\"https:\\\/\\\/eldigitaldeasturias.com\\\/magazine365\\\/los-precios-del-transporte-aereo-regular-descienden-casi-6-puntos-hasta-el-06-en-el-primer-trimestre\\\/#organizationLogo\"}},{\"@type\":\"Person\",\"@id\":\"https:\\\/\\\/eldigitaldeasturias.com\\\/magazine365\\\/author\\\/admin\\\/#author\",\"url\":\"https:\\\/\\\/eldigitaldeasturias.com\\\/magazine365\\\/author\\\/admin\\\/\",\"name\":\"admin\",\"image\":{\"@type\":\"ImageObject\",\"@id\":\"https:\\\/\\\/eldigitaldeasturias.com\\\/magazine365\\\/los-precios-del-transporte-aereo-regular-descienden-casi-6-puntos-hasta-el-06-en-el-primer-trimestre\\\/#authorImage\",\"url\":\"https:\\\/\\\/eldigitaldeasturias.com\\\/magazine365\\\/wp-content\\\/litespeed\\\/avatar\\\/e571bcf59a0edd6fa6838245a470f2fe.jpg?ver=1776969259\",\"width\":96,\"height\":96,\"caption\":\"admin\"}},{\"@type\":\"WebPage\",\"@id\":\"https:\\\/\\\/eldigitaldeasturias.com\\\/magazine365\\\/los-precios-del-transporte-aereo-regular-descienden-casi-6-puntos-hasta-el-06-en-el-primer-trimestre\\\/#webpage\",\"url\":\"https:\\\/\\\/eldigitaldeasturias.com\\\/magazine365\\\/los-precios-del-transporte-aereo-regular-descienden-casi-6-puntos-hasta-el-06-en-el-primer-trimestre\\\/\",\"name\":\"Los precios del transporte a\\u00e9reo regular descienden casi 6 puntos en el primer trimestre | El Digital de Asturias\",\"description\":\"Los precios del transporte a\\u00e9reo regular de pasajeros descendieron hasta el -0,6%, tras registrar un descenso de 5,8 puntos en relaci\\u00f3n al mismo periodo de 2015, a consecuencia de la bajada de sus precios en este trimestre y la subida registrada el a\\u00f1o pasado, y los precios de la publicidad disminuyeron su tasa anual m\\u00e1s\",\"inLanguage\":\"es-ES\",\"isPartOf\":{\"@id\":\"https:\\\/\\\/eldigitaldeasturias.com\\\/magazine365\\\/#website\"},\"breadcrumb\":{\"@id\":\"https:\\\/\\\/eldigitaldeasturias.com\\\/magazine365\\\/los-precios-del-transporte-aereo-regular-descienden-casi-6-puntos-hasta-el-06-en-el-primer-trimestre\\\/#breadcrumblist\"},\"author\":{\"@id\":\"https:\\\/\\\/eldigitaldeasturias.com\\\/magazine365\\\/author\\\/admin\\\/#author\"},\"creator\":{\"@id\":\"https:\\\/\\\/eldigitaldeasturias.com\\\/magazine365\\\/author\\\/admin\\\/#author\"},\"image\":{\"@type\":\"ImageObject\",\"url\":\"https:\\\/\\\/eldigitaldeasturias.com\\\/magazine365\\\/wp-content\\\/uploads\\\/2015\\\/05\\\/asi-viajaremos-en-avion-en-el-futuro-680x443.jpg\",\"@id\":\"https:\\\/\\\/eldigitaldeasturias.com\\\/magazine365\\\/los-precios-del-transporte-aereo-regular-descienden-casi-6-puntos-hasta-el-06-en-el-primer-trimestre\\\/#mainImage\",\"width\":680,\"height\":443},\"primaryImageOfPage\":{\"@id\":\"https:\\\/\\\/eldigitaldeasturias.com\\\/magazine365\\\/los-precios-del-transporte-aereo-regular-descienden-casi-6-puntos-hasta-el-06-en-el-primer-trimestre\\\/#mainImage\"},\"datePublished\":\"2016-06-17T11:56:25+02:00\",\"dateModified\":\"2016-06-17T11:57:23+02:00\"},{\"@type\":\"WebSite\",\"@id\":\"https:\\\/\\\/eldigitaldeasturias.com\\\/magazine365\\\/#website\",\"url\":\"https:\\\/\\\/eldigitaldeasturias.com\\\/magazine365\\\/\",\"name\":\"El Digital de Asturias\",\"description\":\"Revista de ocio, turismo y estilo de vida\",\"inLanguage\":\"es-ES\",\"publisher\":{\"@id\":\"https:\\\/\\\/eldigitaldeasturias.com\\\/magazine365\\\/#organization\"}}]}\n\t\t<\/script>\n\t\t<!-- All in One SEO Pro -->\r\n\t\t<title>Los precios del transporte a\u00e9reo regular descienden casi 6 puntos en el primer trimestre | El Digital de Asturias<\/title>\n\n","aioseo_head_json":{"title":"Los precios del transporte a\u00e9reo regular descienden casi 6 puntos en el primer trimestre | El Digital de Asturias","description":"Los precios del transporte a\u00e9reo regular de pasajeros descendieron hasta el -0,6%, tras registrar un descenso de 5,8 puntos en relaci\u00f3n al mismo periodo de 2015, a consecuencia de la bajada de sus precios en este trimestre y la subida registrada el a\u00f1o pasado, y los precios de la publicidad disminuyeron su tasa anual m\u00e1s","canonical_url":"https:\/\/eldigitaldeasturias.com\/magazine365\/los-precios-del-transporte-aereo-regular-descienden-casi-6-puntos-hasta-el-06-en-el-primer-trimestre\/","robots":"max-image-preview:large","keywords":"noticias y actualidad","webmasterTools":{"google-site-verification":"UA-38556648-1","miscellaneous":""},"schema":{"@context":"https:\/\/schema.org","@graph":[{"@type":"Article","@id":"https:\/\/eldigitaldeasturias.com\/magazine365\/los-precios-del-transporte-aereo-regular-descienden-casi-6-puntos-hasta-el-06-en-el-primer-trimestre\/#article","name":"Los precios del transporte a\u00e9reo regular descienden casi 6 puntos en el primer trimestre | El Digital de Asturias","headline":"Los precios del transporte a\u00e9reo regular descienden casi 6 puntos en el primer trimestre","author":{"@id":"https:\/\/eldigitaldeasturias.com\/magazine365\/author\/admin\/#author"},"publisher":{"@id":"https:\/\/eldigitaldeasturias.com\/magazine365\/#organization"},"image":{"@type":"ImageObject","url":"https:\/\/eldigitaldeasturias.com\/magazine365\/wp-content\/uploads\/2015\/05\/asi-viajaremos-en-avion-en-el-futuro-680x443.jpg","width":680,"height":443},"datePublished":"2016-06-17T11:56:25+02:00","dateModified":"2016-06-17T11:57:23+02:00","inLanguage":"es-ES","mainEntityOfPage":{"@id":"https:\/\/eldigitaldeasturias.com\/magazine365\/los-precios-del-transporte-aereo-regular-descienden-casi-6-puntos-hasta-el-06-en-el-primer-trimestre\/#webpage"},"isPartOf":{"@id":"https:\/\/eldigitaldeasturias.com\/magazine365\/los-precios-del-transporte-aereo-regular-descienden-casi-6-puntos-hasta-el-06-en-el-primer-trimestre\/#webpage"},"articleSection":"Noticias y Actualidad"},{"@type":"BreadcrumbList","@id":"https:\/\/eldigitaldeasturias.com\/magazine365\/los-precios-del-transporte-aereo-regular-descienden-casi-6-puntos-hasta-el-06-en-el-primer-trimestre\/#breadcrumblist","itemListElement":[{"@type":"ListItem","@id":"https:\/\/eldigitaldeasturias.com\/magazine365#listItem","position":1,"name":"Home","item":"https:\/\/eldigitaldeasturias.com\/magazine365","nextItem":{"@type":"ListItem","@id":"https:\/\/eldigitaldeasturias.com\/magazine365\/category\/noticias-actualidad\/#listItem","name":"Noticias y Actualidad"}},{"@type":"ListItem","@id":"https:\/\/eldigitaldeasturias.com\/magazine365\/category\/noticias-actualidad\/#listItem","position":2,"name":"Noticias y Actualidad","item":"https:\/\/eldigitaldeasturias.com\/magazine365\/category\/noticias-actualidad\/","nextItem":{"@type":"ListItem","@id":"https:\/\/eldigitaldeasturias.com\/magazine365\/los-precios-del-transporte-aereo-regular-descienden-casi-6-puntos-hasta-el-06-en-el-primer-trimestre\/#listItem","name":"Los precios del transporte a\u00e9reo regular descienden casi 6 puntos en el primer trimestre"},"previousItem":{"@type":"ListItem","@id":"https:\/\/eldigitaldeasturias.com\/magazine365#listItem","name":"Home"}},{"@type":"ListItem","@id":"https:\/\/eldigitaldeasturias.com\/magazine365\/los-precios-del-transporte-aereo-regular-descienden-casi-6-puntos-hasta-el-06-en-el-primer-trimestre\/#listItem","position":3,"name":"Los precios del transporte a\u00e9reo regular descienden casi 6 puntos en el primer trimestre","previousItem":{"@type":"ListItem","@id":"https:\/\/eldigitaldeasturias.com\/magazine365\/category\/noticias-actualidad\/#listItem","name":"Noticias y Actualidad"}}]},{"@type":"Organization","@id":"https:\/\/eldigitaldeasturias.com\/magazine365\/#organization","name":"El digital de Asturias","description":"Revista de ocio, turismo y estilo de vida","url":"https:\/\/eldigitaldeasturias.com\/magazine365\/","logo":{"@type":"ImageObject","url":"https:\/\/www.eldigitaldeasturias.com\/noticias\/wp-content\/uploads\/2020\/12\/EDA.jpg","@id":"https:\/\/eldigitaldeasturias.com\/magazine365\/los-precios-del-transporte-aereo-regular-descienden-casi-6-puntos-hasta-el-06-en-el-primer-trimestre\/#organizationLogo"},"image":{"@id":"https:\/\/eldigitaldeasturias.com\/magazine365\/los-precios-del-transporte-aereo-regular-descienden-casi-6-puntos-hasta-el-06-en-el-primer-trimestre\/#organizationLogo"}},{"@type":"Person","@id":"https:\/\/eldigitaldeasturias.com\/magazine365\/author\/admin\/#author","url":"https:\/\/eldigitaldeasturias.com\/magazine365\/author\/admin\/","name":"admin","image":{"@type":"ImageObject","@id":"https:\/\/eldigitaldeasturias.com\/magazine365\/los-precios-del-transporte-aereo-regular-descienden-casi-6-puntos-hasta-el-06-en-el-primer-trimestre\/#authorImage","url":"https:\/\/eldigitaldeasturias.com\/magazine365\/wp-content\/litespeed\/avatar\/e571bcf59a0edd6fa6838245a470f2fe.jpg?ver=1776969259","width":96,"height":96,"caption":"admin"}},{"@type":"WebPage","@id":"https:\/\/eldigitaldeasturias.com\/magazine365\/los-precios-del-transporte-aereo-regular-descienden-casi-6-puntos-hasta-el-06-en-el-primer-trimestre\/#webpage","url":"https:\/\/eldigitaldeasturias.com\/magazine365\/los-precios-del-transporte-aereo-regular-descienden-casi-6-puntos-hasta-el-06-en-el-primer-trimestre\/","name":"Los precios del transporte a\u00e9reo regular descienden casi 6 puntos en el primer trimestre | El Digital de Asturias","description":"Los precios del transporte a\u00e9reo regular de pasajeros descendieron hasta el -0,6%, tras registrar un descenso de 5,8 puntos en relaci\u00f3n al mismo periodo de 2015, a consecuencia de la bajada de sus precios en este trimestre y la subida registrada el a\u00f1o pasado, y los precios de la publicidad disminuyeron su tasa anual m\u00e1s","inLanguage":"es-ES","isPartOf":{"@id":"https:\/\/eldigitaldeasturias.com\/magazine365\/#website"},"breadcrumb":{"@id":"https:\/\/eldigitaldeasturias.com\/magazine365\/los-precios-del-transporte-aereo-regular-descienden-casi-6-puntos-hasta-el-06-en-el-primer-trimestre\/#breadcrumblist"},"author":{"@id":"https:\/\/eldigitaldeasturias.com\/magazine365\/author\/admin\/#author"},"creator":{"@id":"https:\/\/eldigitaldeasturias.com\/magazine365\/author\/admin\/#author"},"image":{"@type":"ImageObject","url":"https:\/\/eldigitaldeasturias.com\/magazine365\/wp-content\/uploads\/2015\/05\/asi-viajaremos-en-avion-en-el-futuro-680x443.jpg","@id":"https:\/\/eldigitaldeasturias.com\/magazine365\/los-precios-del-transporte-aereo-regular-descienden-casi-6-puntos-hasta-el-06-en-el-primer-trimestre\/#mainImage","width":680,"height":443},"primaryImageOfPage":{"@id":"https:\/\/eldigitaldeasturias.com\/magazine365\/los-precios-del-transporte-aereo-regular-descienden-casi-6-puntos-hasta-el-06-en-el-primer-trimestre\/#mainImage"},"datePublished":"2016-06-17T11:56:25+02:00","dateModified":"2016-06-17T11:57:23+02:00"},{"@type":"WebSite","@id":"https:\/\/eldigitaldeasturias.com\/magazine365\/#website","url":"https:\/\/eldigitaldeasturias.com\/magazine365\/","name":"El Digital de Asturias","description":"Revista de ocio, turismo y estilo de vida","inLanguage":"es-ES","publisher":{"@id":"https:\/\/eldigitaldeasturias.com\/magazine365\/#organization"}}]},"og:locale":"es_ES","og:site_name":"El Digital de Asturias \u2013 Revista de ocio, turismo y estilo de vida","og:type":"article","og:title":"Los precios del transporte a\u00e9reo regular descienden casi 6 puntos en el primer trimestre | El Digital de Asturias","og:description":"Los precios del transporte a\u00e9reo regular de pasajeros descendieron hasta el -0,6%, tras registrar un descenso de 5,8 puntos en relaci\u00f3n al mismo periodo de 2015, a consecuencia de la bajada de sus precios en este trimestre y la subida registrada el a\u00f1o pasado, y los precios de la publicidad disminuyeron su tasa anual m\u00e1s","og:url":"https:\/\/eldigitaldeasturias.com\/magazine365\/los-precios-del-transporte-aereo-regular-descienden-casi-6-puntos-hasta-el-06-en-el-primer-trimestre\/","og:image":"https:\/\/eldigitaldeasturias.com\/magazine365\/wp-content\/uploads\/2015\/05\/asi-viajaremos-en-avion-en-el-futuro-680x443.jpg","og:image:secure_url":"https:\/\/eldigitaldeasturias.com\/magazine365\/wp-content\/uploads\/2015\/05\/asi-viajaremos-en-avion-en-el-futuro-680x443.jpg","og:image:width":680,"og:image:height":443,"article:published_time":"2016-06-17T09:56:25+00:00","article:modified_time":"2016-06-17T09:57:23+00:00","twitter:card":"summary_large_image","twitter:title":"Los precios del transporte a\u00e9reo regular descienden casi 6 puntos en el primer trimestre | El Digital de Asturias","twitter:description":"Los precios del transporte a\u00e9reo regular de pasajeros descendieron hasta el -0,6%, tras registrar un descenso de 5,8 puntos en relaci\u00f3n al mismo periodo de 2015, a consecuencia de la bajada de sus precios en este trimestre y la subida registrada el a\u00f1o pasado, y los precios de la publicidad disminuyeron su tasa anual m\u00e1s","twitter:image":"https:\/\/eldigitaldeasturias.com\/magazine365\/wp-content\/uploads\/2015\/05\/asi-viajaremos-en-avion-en-el-futuro-680x443.jpg"},"aioseo_meta_data":{"post_id":"79836","title":null,"description":null,"keywords":null,"keyphrases":null,"primary_term":null,"canonical_url":null,"og_title":null,"og_description":null,"og_object_type":"default","og_image_type":"default","og_image_url":null,"og_image_width":null,"og_image_height":null,"og_image_custom_url":null,"og_image_custom_fields":null,"og_video":null,"og_custom_url":null,"og_article_section":null,"og_article_tags":null,"twitter_use_og":false,"twitter_card":"default","twitter_image_type":"default","twitter_image_url":null,"twitter_image_custom_url":null,"twitter_image_custom_fields":null,"twitter_title":null,"twitter_description":null,"schema":{"blockGraphs":[],"customGraphs":[],"default":{"data":{"Article":[],"Course":[],"Dataset":[],"FAQPage":[],"Movie":[],"Person":[],"Product":[],"ProductReview":[],"Car":[],"Recipe":[],"Service":[],"SoftwareApplication":[],"WebPage":[]},"graphName":"","isEnabled":true},"graphs":[],"defaultGraph":"","defaultPostTypeGraph":""},"schema_type":null,"schema_type_options":null,"pillar_content":false,"robots_default":true,"robots_noindex":false,"robots_noarchive":false,"robots_nosnippet":false,"robots_nofollow":false,"robots_noimageindex":false,"robots_noodp":false,"robots_notranslate":false,"robots_max_snippet":null,"robots_max_videopreview":null,"robots_max_imagepreview":"large","priority":null,"frequency":null,"location":null,"local_seo":null,"seo_analyzer_scan_date":"2025-09-27 19:40:24","breadcrumb_settings":null,"limit_modified_date":false,"open_ai":null,"ai":null,"created":"2021-03-08 17:42:46","updated":"2025-09-27 19:40:24"},"aioseo_breadcrumb":"<div class=\"aioseo-breadcrumbs\"><span class=\"aioseo-breadcrumb\">\n\t<a href=\"https:\/\/eldigitaldeasturias.com\/magazine365\" title=\"Home\">Home<\/a>\n<\/span><span class=\"aioseo-breadcrumb-separator\">\u2013<\/span><span class=\"aioseo-breadcrumb\">\n\t<a href=\"https:\/\/eldigitaldeasturias.com\/magazine365\/category\/noticias-actualidad\/\" title=\"Noticias y Actualidad\">Noticias y Actualidad<\/a>\n<\/span><span class=\"aioseo-breadcrumb-separator\">\u2013<\/span><span class=\"aioseo-breadcrumb\">\n\t<a href=\"https:\/\/eldigitaldeasturias.com\/magazine365\/los-precios-del-transporte-aereo-regular-descienden-casi-6-puntos-hasta-el-06-en-el-primer-trimestre\/\" title=\"Los precios del transporte a\u00e9reo regular descienden casi 6 puntos en el primer trimestre\">Los precios del transporte a\u00e9reo regular descienden casi 6 puntos en el primer trimestre<\/a>\n<\/span><\/div>","aioseo_breadcrumb_json":[{"label":"Home","link":"https:\/\/eldigitaldeasturias.com\/magazine365"},{"label":"Noticias y Actualidad","link":"https:\/\/eldigitaldeasturias.com\/magazine365\/category\/noticias-actualidad\/"},{"label":"Los precios del transporte a\u00e9reo regular descienden casi 6 puntos en el primer trimestre","link":"https:\/\/eldigitaldeasturias.com\/magazine365\/los-precios-del-transporte-aereo-regular-descienden-casi-6-puntos-hasta-el-06-en-el-primer-trimestre\/"}],"_links":{"self":[{"href":"https:\/\/eldigitaldeasturias.com\/magazine365\/wp-json\/wp\/v2\/posts\/79836","targetHints":{"allow":["GET"]}}],"collection":[{"href":"https:\/\/eldigitaldeasturias.com\/magazine365\/wp-json\/wp\/v2\/posts"}],"about":[{"href":"https:\/\/eldigitaldeasturias.com\/magazine365\/wp-json\/wp\/v2\/types\/post"}],"author":[{"embeddable":true,"href":"https:\/\/eldigitaldeasturias.com\/magazine365\/wp-json\/wp\/v2\/users\/1"}],"replies":[{"embeddable":true,"href":"https:\/\/eldigitaldeasturias.com\/magazine365\/wp-json\/wp\/v2\/comments?post=79836"}],"version-history":[{"count":0,"href":"https:\/\/eldigitaldeasturias.com\/magazine365\/wp-json\/wp\/v2\/posts\/79836\/revisions"}],"wp:featuredmedia":[{"embeddable":true,"href":"https:\/\/eldigitaldeasturias.com\/magazine365\/wp-json\/wp\/v2\/media\/38236"}],"wp:attachment":[{"href":"https:\/\/eldigitaldeasturias.com\/magazine365\/wp-json\/wp\/v2\/media?parent=79836"}],"wp:term":[{"taxonomy":"category","embeddable":true,"href":"https:\/\/eldigitaldeasturias.com\/magazine365\/wp-json\/wp\/v2\/categories?post=79836"},{"taxonomy":"post_tag","embeddable":true,"href":"https:\/\/eldigitaldeasturias.com\/magazine365\/wp-json\/wp\/v2\/tags?post=79836"}],"curies":[{"name":"wp","href":"https:\/\/api.w.org\/{rel}","templated":true}]}}