{"id":79813,"date":"2016-06-17T00:31:21","date_gmt":"2016-06-16T22:31:21","guid":{"rendered":"http:\/\/eldigitaldeasturias.com\/magazine365\/?p=79813"},"modified":"2016-06-17T00:31:21","modified_gmt":"2016-06-16T22:31:21","slug":"la-fiscalia-de-sevilla-pide-a-la-juez-que-declare-compleja-la-causa-por-el-accidente-del-a400m","status":"publish","type":"post","link":"https:\/\/eldigitaldeasturias.com\/magazine365\/la-fiscalia-de-sevilla-pide-a-la-juez-que-declare-compleja-la-causa-por-el-accidente-del-a400m\/","title":{"rendered":"La Fiscal\u00eda de Sevilla pide a la juez que declare compleja la causa por el accidente del A400M"},"content":{"rendered":"<p><img fetchpriority=\"high\" decoding=\"async\" class=\"alignleft size-medium wp-image-79814\" src=\"https:\/\/eldigitaldeasturias.com\/magazine365\/wp-content\/uploads\/2016\/06\/fotonoticia_20160616202507_800-360x258.jpg\" alt=\"fotonoticia_20160616202507_800\" width=\"360\" height=\"258\" srcset=\"https:\/\/eldigitaldeasturias.com\/magazine365\/wp-content\/uploads\/2016\/06\/fotonoticia_20160616202507_800-360x258.jpg 360w, https:\/\/eldigitaldeasturias.com\/magazine365\/wp-content\/uploads\/2016\/06\/fotonoticia_20160616202507_800-650x466.jpg 650w, https:\/\/eldigitaldeasturias.com\/magazine365\/wp-content\/uploads\/2016\/06\/fotonoticia_20160616202507_800-768x551.jpg 768w, https:\/\/eldigitaldeasturias.com\/magazine365\/wp-content\/uploads\/2016\/06\/fotonoticia_20160616202507_800-150x108.jpg 150w, https:\/\/eldigitaldeasturias.com\/magazine365\/wp-content\/uploads\/2016\/06\/fotonoticia_20160616202507_800-450x323.jpg 450w, https:\/\/eldigitaldeasturias.com\/magazine365\/wp-content\/uploads\/2016\/06\/fotonoticia_20160616202507_800.jpg 800w\" sizes=\"(max-width: 360px) 100vw, 360px\" \/>La Fiscal\u00eda de Sevilla ha solicitado que se declare de especial complejidad la causa por el accidente del Airbus militar A400M ocurrido en las inmediaciones del aeropuerto de Sevilla el d\u00eda 9 de mayo de 2015 y que se sald\u00f3 con cuatro de sus ocupantes fallecidos.<\/p>\n<p>Fuentes judiciales han informado a Europa Press de que el Ministerio P\u00fablico ha pedido a la juez de Instrucci\u00f3n n\u00famero 13 de Sevilla que declare la causa compleja, lo que le permitir\u00eda contar con 18 meses m\u00e1s para cerrar la instrucci\u00f3n del caso.<\/p>\n<p>Por el momento, la Fiscal\u00eda no tiene constancia de que la juez se haya pronunciado sobre su petici\u00f3n, han indicado las mismas fuentes consultadas.<\/p>\n<p>En esta causa, cabe recordarlo, est\u00e1n personados tanto Airbus como las familias de los cuatro fallecidos, que fueron el piloto, Jaime de Gandarillas; el copiloto, Manuel Regueiro, y los ingenieros Gabriel Garc\u00eda Prieto y Jesualdo Mart\u00ednez, natural \u00e9ste \u00faltimo de San Pedro (Albacete).<\/p>\n<p>Adem\u00e1s, est\u00e1n personados en la investigaci\u00f3n judicial uno de los dos supervivientes del accidente y los propietarios de la finca agr\u00edcola donde cay\u00f3 el avi\u00f3n siniestrado.<\/p>\n<p>En este caso es clave el informe definitivo sobre el accidente que tiene que elaborar el Equipo de investigaci\u00f3n de la Comisi\u00f3n para la Investigaci\u00f3n T\u00e9cnica de Accidentes de Aeronaves Militares (Citaam), aunque este informe no ser\u00eda vinculante para la resoluci\u00f3n de la causa.<\/p>\n<h2 class=\"ladillo\">POSIBLES FILTRACIONES<\/h2>\n<p>Cabe recordar que, el 1 de junio de 2015, la juez Ana Rosa Curra levant\u00f3 el secreto de sumario que pesaba sobre el accidente del Airbus y acord\u00f3 poner en conocimiento de la Fiscal\u00eda las filtraciones producidas por si pudieran ser constitutivas de delito de \u00abdesobediencia a la autoridad, infidelidad en la custodia de documentos y\/o violaci\u00f3n de secretos\u00bb.<\/p>\n<p>\u00abP\u00f3ngase en conocimiento del Ministerio Fiscal el hecho de las filtraciones llevadas a cabo en los \u00faltimos d\u00edas, durante la vigencia del secreto de las actuaciones, a ra\u00edz del examen de los datos extra\u00eddos de la FDR y CVR en un \u00e1rea supuestamente segura las instalaciones de Airbus, cuya investigaci\u00f3n se encomend\u00f3 a los miembros del Equipo de la Citaam con apoyo, interesado por \u00e9stos, de un grupo reducido de trabajadores de Airbus &#8211;t\u00e9cnicos especializados en los diferentes sistemas de la aeronave&#8211;\u00ab, se\u00f1alaba la juez en este auto.<\/p>\n<p>La tripulaci\u00f3n del avi\u00f3n siniestrado a las 13,00 horas del 9 de mayo de 2015 estaba formada por el piloto, el copiloto, un mec\u00e1nico y tres ingenieros, todos ellos trabajadores espa\u00f1oles del grupo aeron\u00e1utico europeo Airbus. Cuatro de ellos fallecieron y otros dos, concretamente un ingeniero y un mec\u00e1nico, resultaron heridos graves y fueron ingresados en distintos centros hospitalarios de la capital hispalense.<\/p>\n","protected":false},"excerpt":{"rendered":"<p>La Fiscal\u00eda de Sevilla ha solicitado que se declare de especial complejidad la causa por el accidente del Airbus militar A400M ocurrido en las inmediaciones del aeropuerto de Sevilla el d\u00eda 9 de mayo de 2015 y que se sald\u00f3 con cuatro de sus ocupantes fallecidos. Fuentes judiciales han informado a Europa Press de que<\/p>\n","protected":false},"author":1,"featured_media":79814,"comment_status":"open","ping_status":"closed","sticky":false,"template":"","format":"standard","meta":{"footnotes":""},"categories":[224],"tags":[],"class_list":{"0":"post-79813","1":"post","2":"type-post","3":"status-publish","4":"format-standard","5":"has-post-thumbnail","7":"category-noticias-actualidad"},"aioseo_notices":[],"aioseo_head":"\n\t\t<!-- All in One SEO Pro 4.9.6.1 - aioseo.com -->\n\t<meta name=\"description\" content=\"La Fiscal\u00eda de Sevilla ha solicitado que se declare de especial complejidad la causa por el accidente del Airbus militar A400M ocurrido en las inmediaciones del aeropuerto de Sevilla el d\u00eda 9 de mayo de 2015 y que se sald\u00f3 con cuatro de sus ocupantes fallecidos. Fuentes judiciales han informado a Europa Press de que\" \/>\n\t<meta name=\"robots\" content=\"max-image-preview:large\" \/>\n\t<meta name=\"author\" content=\"admin\"\/>\n\t<meta name=\"google-site-verification\" content=\"UA-38556648-1\" \/>\n\t<meta name=\"keywords\" content=\"noticias y actualidad\" \/>\n\t<link rel=\"canonical\" href=\"https:\/\/eldigitaldeasturias.com\/magazine365\/la-fiscalia-de-sevilla-pide-a-la-juez-que-declare-compleja-la-causa-por-el-accidente-del-a400m\/\" \/>\n\t<meta name=\"generator\" content=\"All in One SEO Pro (AIOSEO) 4.9.6.1\" \/>\n\t\t<meta property=\"og:locale\" content=\"es_ES\" \/>\n\t\t<meta property=\"og:site_name\" content=\"El Digital de Asturias \u2013 Revista de ocio, turismo y estilo de vida\" \/>\n\t\t<meta property=\"og:type\" content=\"article\" \/>\n\t\t<meta property=\"og:title\" content=\"La Fiscal\u00eda de Sevilla pide a la juez que declare compleja la causa por el accidente del A400M | El Digital de Asturias\" \/>\n\t\t<meta property=\"og:description\" content=\"La Fiscal\u00eda de Sevilla ha solicitado que se declare de especial complejidad la causa por el accidente del Airbus militar A400M ocurrido en las inmediaciones del aeropuerto de Sevilla el d\u00eda 9 de mayo de 2015 y que se sald\u00f3 con cuatro de sus ocupantes fallecidos. Fuentes judiciales han informado a Europa Press de que\" \/>\n\t\t<meta property=\"og:url\" content=\"https:\/\/eldigitaldeasturias.com\/magazine365\/la-fiscalia-de-sevilla-pide-a-la-juez-que-declare-compleja-la-causa-por-el-accidente-del-a400m\/\" \/>\n\t\t<meta property=\"og:image\" content=\"https:\/\/eldigitaldeasturias.com\/magazine365\/wp-content\/uploads\/2016\/06\/fotonoticia_20160616202507_800.jpg\" \/>\n\t\t<meta property=\"og:image:secure_url\" content=\"https:\/\/eldigitaldeasturias.com\/magazine365\/wp-content\/uploads\/2016\/06\/fotonoticia_20160616202507_800.jpg\" \/>\n\t\t<meta property=\"og:image:width\" content=\"800\" \/>\n\t\t<meta property=\"og:image:height\" content=\"574\" \/>\n\t\t<meta property=\"article:published_time\" content=\"2016-06-16T22:31:21+00:00\" \/>\n\t\t<meta property=\"article:modified_time\" content=\"2016-06-16T22:31:21+00:00\" \/>\n\t\t<meta name=\"twitter:card\" content=\"summary_large_image\" \/>\n\t\t<meta name=\"twitter:title\" content=\"La Fiscal\u00eda de Sevilla pide a la juez que declare compleja la causa por el accidente del A400M | El Digital de Asturias\" \/>\n\t\t<meta name=\"twitter:description\" content=\"La Fiscal\u00eda de Sevilla ha solicitado que se declare de especial complejidad la causa por el accidente del Airbus militar A400M ocurrido en las inmediaciones del aeropuerto de Sevilla el d\u00eda 9 de mayo de 2015 y que se sald\u00f3 con cuatro de sus ocupantes fallecidos. Fuentes judiciales han informado a Europa Press de que\" \/>\n\t\t<meta name=\"twitter:image\" content=\"https:\/\/eldigitaldeasturias.com\/magazine365\/wp-content\/uploads\/2016\/06\/fotonoticia_20160616202507_800.jpg\" \/>\n\t\t<script type=\"application\/ld+json\" class=\"aioseo-schema\">\n\t\t\t{\"@context\":\"https:\\\/\\\/schema.org\",\"@graph\":[{\"@type\":\"Article\",\"@id\":\"https:\\\/\\\/eldigitaldeasturias.com\\\/magazine365\\\/la-fiscalia-de-sevilla-pide-a-la-juez-que-declare-compleja-la-causa-por-el-accidente-del-a400m\\\/#article\",\"name\":\"La Fiscal\\u00eda de Sevilla pide a la juez que declare compleja la causa por el accidente del A400M | El Digital de Asturias\",\"headline\":\"La Fiscal\\u00eda de Sevilla pide a la juez que declare compleja la causa por el accidente del A400M\",\"author\":{\"@id\":\"https:\\\/\\\/eldigitaldeasturias.com\\\/magazine365\\\/author\\\/admin\\\/#author\"},\"publisher\":{\"@id\":\"https:\\\/\\\/eldigitaldeasturias.com\\\/magazine365\\\/#organization\"},\"image\":{\"@type\":\"ImageObject\",\"url\":\"https:\\\/\\\/eldigitaldeasturias.com\\\/magazine365\\\/wp-content\\\/uploads\\\/2016\\\/06\\\/fotonoticia_20160616202507_800.jpg\",\"width\":800,\"height\":574},\"datePublished\":\"2016-06-17T00:31:21+02:00\",\"dateModified\":\"2016-06-17T00:31:21+02:00\",\"inLanguage\":\"es-ES\",\"mainEntityOfPage\":{\"@id\":\"https:\\\/\\\/eldigitaldeasturias.com\\\/magazine365\\\/la-fiscalia-de-sevilla-pide-a-la-juez-que-declare-compleja-la-causa-por-el-accidente-del-a400m\\\/#webpage\"},\"isPartOf\":{\"@id\":\"https:\\\/\\\/eldigitaldeasturias.com\\\/magazine365\\\/la-fiscalia-de-sevilla-pide-a-la-juez-que-declare-compleja-la-causa-por-el-accidente-del-a400m\\\/#webpage\"},\"articleSection\":\"Noticias y Actualidad\"},{\"@type\":\"BreadcrumbList\",\"@id\":\"https:\\\/\\\/eldigitaldeasturias.com\\\/magazine365\\\/la-fiscalia-de-sevilla-pide-a-la-juez-que-declare-compleja-la-causa-por-el-accidente-del-a400m\\\/#breadcrumblist\",\"itemListElement\":[{\"@type\":\"ListItem\",\"@id\":\"https:\\\/\\\/eldigitaldeasturias.com\\\/magazine365#listItem\",\"position\":1,\"name\":\"Home\",\"item\":\"https:\\\/\\\/eldigitaldeasturias.com\\\/magazine365\",\"nextItem\":{\"@type\":\"ListItem\",\"@id\":\"https:\\\/\\\/eldigitaldeasturias.com\\\/magazine365\\\/category\\\/noticias-actualidad\\\/#listItem\",\"name\":\"Noticias y Actualidad\"}},{\"@type\":\"ListItem\",\"@id\":\"https:\\\/\\\/eldigitaldeasturias.com\\\/magazine365\\\/category\\\/noticias-actualidad\\\/#listItem\",\"position\":2,\"name\":\"Noticias y Actualidad\",\"item\":\"https:\\\/\\\/eldigitaldeasturias.com\\\/magazine365\\\/category\\\/noticias-actualidad\\\/\",\"nextItem\":{\"@type\":\"ListItem\",\"@id\":\"https:\\\/\\\/eldigitaldeasturias.com\\\/magazine365\\\/la-fiscalia-de-sevilla-pide-a-la-juez-que-declare-compleja-la-causa-por-el-accidente-del-a400m\\\/#listItem\",\"name\":\"La Fiscal\\u00eda de Sevilla pide a la juez que declare compleja la causa por el accidente del A400M\"},\"previousItem\":{\"@type\":\"ListItem\",\"@id\":\"https:\\\/\\\/eldigitaldeasturias.com\\\/magazine365#listItem\",\"name\":\"Home\"}},{\"@type\":\"ListItem\",\"@id\":\"https:\\\/\\\/eldigitaldeasturias.com\\\/magazine365\\\/la-fiscalia-de-sevilla-pide-a-la-juez-que-declare-compleja-la-causa-por-el-accidente-del-a400m\\\/#listItem\",\"position\":3,\"name\":\"La Fiscal\\u00eda de Sevilla pide a la juez que declare compleja la causa por el accidente del A400M\",\"previousItem\":{\"@type\":\"ListItem\",\"@id\":\"https:\\\/\\\/eldigitaldeasturias.com\\\/magazine365\\\/category\\\/noticias-actualidad\\\/#listItem\",\"name\":\"Noticias y Actualidad\"}}]},{\"@type\":\"Organization\",\"@id\":\"https:\\\/\\\/eldigitaldeasturias.com\\\/magazine365\\\/#organization\",\"name\":\"El digital de Asturias\",\"description\":\"Revista de ocio, turismo y estilo de vida\",\"url\":\"https:\\\/\\\/eldigitaldeasturias.com\\\/magazine365\\\/\",\"logo\":{\"@type\":\"ImageObject\",\"url\":\"https:\\\/\\\/www.eldigitaldeasturias.com\\\/noticias\\\/wp-content\\\/uploads\\\/2020\\\/12\\\/EDA.jpg\",\"@id\":\"https:\\\/\\\/eldigitaldeasturias.com\\\/magazine365\\\/la-fiscalia-de-sevilla-pide-a-la-juez-que-declare-compleja-la-causa-por-el-accidente-del-a400m\\\/#organizationLogo\"},\"image\":{\"@id\":\"https:\\\/\\\/eldigitaldeasturias.com\\\/magazine365\\\/la-fiscalia-de-sevilla-pide-a-la-juez-que-declare-compleja-la-causa-por-el-accidente-del-a400m\\\/#organizationLogo\"}},{\"@type\":\"Person\",\"@id\":\"https:\\\/\\\/eldigitaldeasturias.com\\\/magazine365\\\/author\\\/admin\\\/#author\",\"url\":\"https:\\\/\\\/eldigitaldeasturias.com\\\/magazine365\\\/author\\\/admin\\\/\",\"name\":\"admin\",\"image\":{\"@type\":\"ImageObject\",\"@id\":\"https:\\\/\\\/eldigitaldeasturias.com\\\/magazine365\\\/la-fiscalia-de-sevilla-pide-a-la-juez-que-declare-compleja-la-causa-por-el-accidente-del-a400m\\\/#authorImage\",\"url\":\"https:\\\/\\\/eldigitaldeasturias.com\\\/magazine365\\\/wp-content\\\/litespeed\\\/avatar\\\/e571bcf59a0edd6fa6838245a470f2fe.jpg?ver=1776969259\",\"width\":96,\"height\":96,\"caption\":\"admin\"}},{\"@type\":\"WebPage\",\"@id\":\"https:\\\/\\\/eldigitaldeasturias.com\\\/magazine365\\\/la-fiscalia-de-sevilla-pide-a-la-juez-que-declare-compleja-la-causa-por-el-accidente-del-a400m\\\/#webpage\",\"url\":\"https:\\\/\\\/eldigitaldeasturias.com\\\/magazine365\\\/la-fiscalia-de-sevilla-pide-a-la-juez-que-declare-compleja-la-causa-por-el-accidente-del-a400m\\\/\",\"name\":\"La Fiscal\\u00eda de Sevilla pide a la juez que declare compleja la causa por el accidente del A400M | El Digital de Asturias\",\"description\":\"La Fiscal\\u00eda de Sevilla ha solicitado que se declare de especial complejidad la causa por el accidente del Airbus militar A400M ocurrido en las inmediaciones del aeropuerto de Sevilla el d\\u00eda 9 de mayo de 2015 y que se sald\\u00f3 con cuatro de sus ocupantes fallecidos. Fuentes judiciales han informado a Europa Press de que\",\"inLanguage\":\"es-ES\",\"isPartOf\":{\"@id\":\"https:\\\/\\\/eldigitaldeasturias.com\\\/magazine365\\\/#website\"},\"breadcrumb\":{\"@id\":\"https:\\\/\\\/eldigitaldeasturias.com\\\/magazine365\\\/la-fiscalia-de-sevilla-pide-a-la-juez-que-declare-compleja-la-causa-por-el-accidente-del-a400m\\\/#breadcrumblist\"},\"author\":{\"@id\":\"https:\\\/\\\/eldigitaldeasturias.com\\\/magazine365\\\/author\\\/admin\\\/#author\"},\"creator\":{\"@id\":\"https:\\\/\\\/eldigitaldeasturias.com\\\/magazine365\\\/author\\\/admin\\\/#author\"},\"image\":{\"@type\":\"ImageObject\",\"url\":\"https:\\\/\\\/eldigitaldeasturias.com\\\/magazine365\\\/wp-content\\\/uploads\\\/2016\\\/06\\\/fotonoticia_20160616202507_800.jpg\",\"@id\":\"https:\\\/\\\/eldigitaldeasturias.com\\\/magazine365\\\/la-fiscalia-de-sevilla-pide-a-la-juez-que-declare-compleja-la-causa-por-el-accidente-del-a400m\\\/#mainImage\",\"width\":800,\"height\":574},\"primaryImageOfPage\":{\"@id\":\"https:\\\/\\\/eldigitaldeasturias.com\\\/magazine365\\\/la-fiscalia-de-sevilla-pide-a-la-juez-que-declare-compleja-la-causa-por-el-accidente-del-a400m\\\/#mainImage\"},\"datePublished\":\"2016-06-17T00:31:21+02:00\",\"dateModified\":\"2016-06-17T00:31:21+02:00\"},{\"@type\":\"WebSite\",\"@id\":\"https:\\\/\\\/eldigitaldeasturias.com\\\/magazine365\\\/#website\",\"url\":\"https:\\\/\\\/eldigitaldeasturias.com\\\/magazine365\\\/\",\"name\":\"El Digital de Asturias\",\"description\":\"Revista de ocio, turismo y estilo de vida\",\"inLanguage\":\"es-ES\",\"publisher\":{\"@id\":\"https:\\\/\\\/eldigitaldeasturias.com\\\/magazine365\\\/#organization\"}}]}\n\t\t<\/script>\n\t\t<!-- All in One SEO Pro -->\r\n\t\t<title>La Fiscal\u00eda de Sevilla pide a la juez que declare compleja la causa por el accidente del A400M | El Digital de Asturias<\/title>\n\n","aioseo_head_json":{"title":"La Fiscal\u00eda de Sevilla pide a la juez que declare compleja la causa por el accidente del A400M | El Digital de Asturias","description":"La Fiscal\u00eda de Sevilla ha solicitado que se declare de especial complejidad la causa por el accidente del Airbus militar A400M ocurrido en las inmediaciones del aeropuerto de Sevilla el d\u00eda 9 de mayo de 2015 y que se sald\u00f3 con cuatro de sus ocupantes fallecidos. Fuentes judiciales han informado a Europa Press de que","canonical_url":"https:\/\/eldigitaldeasturias.com\/magazine365\/la-fiscalia-de-sevilla-pide-a-la-juez-que-declare-compleja-la-causa-por-el-accidente-del-a400m\/","robots":"max-image-preview:large","keywords":"noticias y actualidad","webmasterTools":{"google-site-verification":"UA-38556648-1","miscellaneous":""},"schema":{"@context":"https:\/\/schema.org","@graph":[{"@type":"Article","@id":"https:\/\/eldigitaldeasturias.com\/magazine365\/la-fiscalia-de-sevilla-pide-a-la-juez-que-declare-compleja-la-causa-por-el-accidente-del-a400m\/#article","name":"La Fiscal\u00eda de Sevilla pide a la juez que declare compleja la causa por el accidente del A400M | El Digital de Asturias","headline":"La Fiscal\u00eda de Sevilla pide a la juez que declare compleja la causa por el accidente del A400M","author":{"@id":"https:\/\/eldigitaldeasturias.com\/magazine365\/author\/admin\/#author"},"publisher":{"@id":"https:\/\/eldigitaldeasturias.com\/magazine365\/#organization"},"image":{"@type":"ImageObject","url":"https:\/\/eldigitaldeasturias.com\/magazine365\/wp-content\/uploads\/2016\/06\/fotonoticia_20160616202507_800.jpg","width":800,"height":574},"datePublished":"2016-06-17T00:31:21+02:00","dateModified":"2016-06-17T00:31:21+02:00","inLanguage":"es-ES","mainEntityOfPage":{"@id":"https:\/\/eldigitaldeasturias.com\/magazine365\/la-fiscalia-de-sevilla-pide-a-la-juez-que-declare-compleja-la-causa-por-el-accidente-del-a400m\/#webpage"},"isPartOf":{"@id":"https:\/\/eldigitaldeasturias.com\/magazine365\/la-fiscalia-de-sevilla-pide-a-la-juez-que-declare-compleja-la-causa-por-el-accidente-del-a400m\/#webpage"},"articleSection":"Noticias y Actualidad"},{"@type":"BreadcrumbList","@id":"https:\/\/eldigitaldeasturias.com\/magazine365\/la-fiscalia-de-sevilla-pide-a-la-juez-que-declare-compleja-la-causa-por-el-accidente-del-a400m\/#breadcrumblist","itemListElement":[{"@type":"ListItem","@id":"https:\/\/eldigitaldeasturias.com\/magazine365#listItem","position":1,"name":"Home","item":"https:\/\/eldigitaldeasturias.com\/magazine365","nextItem":{"@type":"ListItem","@id":"https:\/\/eldigitaldeasturias.com\/magazine365\/category\/noticias-actualidad\/#listItem","name":"Noticias y Actualidad"}},{"@type":"ListItem","@id":"https:\/\/eldigitaldeasturias.com\/magazine365\/category\/noticias-actualidad\/#listItem","position":2,"name":"Noticias y Actualidad","item":"https:\/\/eldigitaldeasturias.com\/magazine365\/category\/noticias-actualidad\/","nextItem":{"@type":"ListItem","@id":"https:\/\/eldigitaldeasturias.com\/magazine365\/la-fiscalia-de-sevilla-pide-a-la-juez-que-declare-compleja-la-causa-por-el-accidente-del-a400m\/#listItem","name":"La Fiscal\u00eda de Sevilla pide a la juez que declare compleja la causa por el accidente del A400M"},"previousItem":{"@type":"ListItem","@id":"https:\/\/eldigitaldeasturias.com\/magazine365#listItem","name":"Home"}},{"@type":"ListItem","@id":"https:\/\/eldigitaldeasturias.com\/magazine365\/la-fiscalia-de-sevilla-pide-a-la-juez-que-declare-compleja-la-causa-por-el-accidente-del-a400m\/#listItem","position":3,"name":"La Fiscal\u00eda de Sevilla pide a la juez que declare compleja la causa por el accidente del A400M","previousItem":{"@type":"ListItem","@id":"https:\/\/eldigitaldeasturias.com\/magazine365\/category\/noticias-actualidad\/#listItem","name":"Noticias y Actualidad"}}]},{"@type":"Organization","@id":"https:\/\/eldigitaldeasturias.com\/magazine365\/#organization","name":"El digital de Asturias","description":"Revista de ocio, turismo y estilo de vida","url":"https:\/\/eldigitaldeasturias.com\/magazine365\/","logo":{"@type":"ImageObject","url":"https:\/\/www.eldigitaldeasturias.com\/noticias\/wp-content\/uploads\/2020\/12\/EDA.jpg","@id":"https:\/\/eldigitaldeasturias.com\/magazine365\/la-fiscalia-de-sevilla-pide-a-la-juez-que-declare-compleja-la-causa-por-el-accidente-del-a400m\/#organizationLogo"},"image":{"@id":"https:\/\/eldigitaldeasturias.com\/magazine365\/la-fiscalia-de-sevilla-pide-a-la-juez-que-declare-compleja-la-causa-por-el-accidente-del-a400m\/#organizationLogo"}},{"@type":"Person","@id":"https:\/\/eldigitaldeasturias.com\/magazine365\/author\/admin\/#author","url":"https:\/\/eldigitaldeasturias.com\/magazine365\/author\/admin\/","name":"admin","image":{"@type":"ImageObject","@id":"https:\/\/eldigitaldeasturias.com\/magazine365\/la-fiscalia-de-sevilla-pide-a-la-juez-que-declare-compleja-la-causa-por-el-accidente-del-a400m\/#authorImage","url":"https:\/\/eldigitaldeasturias.com\/magazine365\/wp-content\/litespeed\/avatar\/e571bcf59a0edd6fa6838245a470f2fe.jpg?ver=1776969259","width":96,"height":96,"caption":"admin"}},{"@type":"WebPage","@id":"https:\/\/eldigitaldeasturias.com\/magazine365\/la-fiscalia-de-sevilla-pide-a-la-juez-que-declare-compleja-la-causa-por-el-accidente-del-a400m\/#webpage","url":"https:\/\/eldigitaldeasturias.com\/magazine365\/la-fiscalia-de-sevilla-pide-a-la-juez-que-declare-compleja-la-causa-por-el-accidente-del-a400m\/","name":"La Fiscal\u00eda de Sevilla pide a la juez que declare compleja la causa por el accidente del A400M | El Digital de Asturias","description":"La Fiscal\u00eda de Sevilla ha solicitado que se declare de especial complejidad la causa por el accidente del Airbus militar A400M ocurrido en las inmediaciones del aeropuerto de Sevilla el d\u00eda 9 de mayo de 2015 y que se sald\u00f3 con cuatro de sus ocupantes fallecidos. Fuentes judiciales han informado a Europa Press de que","inLanguage":"es-ES","isPartOf":{"@id":"https:\/\/eldigitaldeasturias.com\/magazine365\/#website"},"breadcrumb":{"@id":"https:\/\/eldigitaldeasturias.com\/magazine365\/la-fiscalia-de-sevilla-pide-a-la-juez-que-declare-compleja-la-causa-por-el-accidente-del-a400m\/#breadcrumblist"},"author":{"@id":"https:\/\/eldigitaldeasturias.com\/magazine365\/author\/admin\/#author"},"creator":{"@id":"https:\/\/eldigitaldeasturias.com\/magazine365\/author\/admin\/#author"},"image":{"@type":"ImageObject","url":"https:\/\/eldigitaldeasturias.com\/magazine365\/wp-content\/uploads\/2016\/06\/fotonoticia_20160616202507_800.jpg","@id":"https:\/\/eldigitaldeasturias.com\/magazine365\/la-fiscalia-de-sevilla-pide-a-la-juez-que-declare-compleja-la-causa-por-el-accidente-del-a400m\/#mainImage","width":800,"height":574},"primaryImageOfPage":{"@id":"https:\/\/eldigitaldeasturias.com\/magazine365\/la-fiscalia-de-sevilla-pide-a-la-juez-que-declare-compleja-la-causa-por-el-accidente-del-a400m\/#mainImage"},"datePublished":"2016-06-17T00:31:21+02:00","dateModified":"2016-06-17T00:31:21+02:00"},{"@type":"WebSite","@id":"https:\/\/eldigitaldeasturias.com\/magazine365\/#website","url":"https:\/\/eldigitaldeasturias.com\/magazine365\/","name":"El Digital de Asturias","description":"Revista de ocio, turismo y estilo de vida","inLanguage":"es-ES","publisher":{"@id":"https:\/\/eldigitaldeasturias.com\/magazine365\/#organization"}}]},"og:locale":"es_ES","og:site_name":"El Digital de Asturias \u2013 Revista de ocio, turismo y estilo de vida","og:type":"article","og:title":"La Fiscal\u00eda de Sevilla pide a la juez que declare compleja la causa por el accidente del A400M | El Digital de Asturias","og:description":"La Fiscal\u00eda de Sevilla ha solicitado que se declare de especial complejidad la causa por el accidente del Airbus militar A400M ocurrido en las inmediaciones del aeropuerto de Sevilla el d\u00eda 9 de mayo de 2015 y que se sald\u00f3 con cuatro de sus ocupantes fallecidos. Fuentes judiciales han informado a Europa Press de que","og:url":"https:\/\/eldigitaldeasturias.com\/magazine365\/la-fiscalia-de-sevilla-pide-a-la-juez-que-declare-compleja-la-causa-por-el-accidente-del-a400m\/","og:image":"https:\/\/eldigitaldeasturias.com\/magazine365\/wp-content\/uploads\/2016\/06\/fotonoticia_20160616202507_800.jpg","og:image:secure_url":"https:\/\/eldigitaldeasturias.com\/magazine365\/wp-content\/uploads\/2016\/06\/fotonoticia_20160616202507_800.jpg","og:image:width":800,"og:image:height":574,"article:published_time":"2016-06-16T22:31:21+00:00","article:modified_time":"2016-06-16T22:31:21+00:00","twitter:card":"summary_large_image","twitter:title":"La Fiscal\u00eda de Sevilla pide a la juez que declare compleja la causa por el accidente del A400M | El Digital de Asturias","twitter:description":"La Fiscal\u00eda de Sevilla ha solicitado que se declare de especial complejidad la causa por el accidente del Airbus militar A400M ocurrido en las inmediaciones del aeropuerto de Sevilla el d\u00eda 9 de mayo de 2015 y que se sald\u00f3 con cuatro de sus ocupantes fallecidos. Fuentes judiciales han informado a Europa Press de que","twitter:image":"https:\/\/eldigitaldeasturias.com\/magazine365\/wp-content\/uploads\/2016\/06\/fotonoticia_20160616202507_800.jpg"},"aioseo_meta_data":{"post_id":"79813","title":null,"description":null,"keywords":null,"keyphrases":null,"primary_term":null,"canonical_url":null,"og_title":null,"og_description":null,"og_object_type":"default","og_image_type":"default","og_image_url":null,"og_image_width":null,"og_image_height":null,"og_image_custom_url":null,"og_image_custom_fields":null,"og_video":null,"og_custom_url":null,"og_article_section":null,"og_article_tags":null,"twitter_use_og":false,"twitter_card":"default","twitter_image_type":"default","twitter_image_url":null,"twitter_image_custom_url":null,"twitter_image_custom_fields":null,"twitter_title":null,"twitter_description":null,"schema":{"blockGraphs":[],"customGraphs":[],"default":{"data":{"Article":[],"Course":[],"Dataset":[],"FAQPage":[],"Movie":[],"Person":[],"Product":[],"ProductReview":[],"Car":[],"Recipe":[],"Service":[],"SoftwareApplication":[],"WebPage":[]},"graphName":"","isEnabled":true},"graphs":[],"defaultGraph":"","defaultPostTypeGraph":""},"schema_type":null,"schema_type_options":null,"pillar_content":false,"robots_default":true,"robots_noindex":false,"robots_noarchive":false,"robots_nosnippet":false,"robots_nofollow":false,"robots_noimageindex":false,"robots_noodp":false,"robots_notranslate":false,"robots_max_snippet":null,"robots_max_videopreview":null,"robots_max_imagepreview":"large","priority":null,"frequency":null,"location":null,"local_seo":null,"seo_analyzer_scan_date":"2025-09-27 19:38:48","breadcrumb_settings":null,"limit_modified_date":false,"open_ai":null,"ai":null,"created":"2021-03-08 17:42:46","updated":"2025-09-27 19:38:48"},"aioseo_breadcrumb":"<div class=\"aioseo-breadcrumbs\"><span class=\"aioseo-breadcrumb\">\n\t<a href=\"https:\/\/eldigitaldeasturias.com\/magazine365\" title=\"Home\">Home<\/a>\n<\/span><span class=\"aioseo-breadcrumb-separator\">\u2013<\/span><span class=\"aioseo-breadcrumb\">\n\t<a href=\"https:\/\/eldigitaldeasturias.com\/magazine365\/category\/noticias-actualidad\/\" title=\"Noticias y Actualidad\">Noticias y Actualidad<\/a>\n<\/span><span class=\"aioseo-breadcrumb-separator\">\u2013<\/span><span class=\"aioseo-breadcrumb\">\n\t<a href=\"https:\/\/eldigitaldeasturias.com\/magazine365\/la-fiscalia-de-sevilla-pide-a-la-juez-que-declare-compleja-la-causa-por-el-accidente-del-a400m\/\" title=\"La Fiscal\u00eda de Sevilla pide a la juez que declare compleja la causa por el accidente del A400M\">La Fiscal\u00eda de Sevilla pide a la juez que declare compleja la causa por el accidente del A400M<\/a>\n<\/span><\/div>","aioseo_breadcrumb_json":[{"label":"Home","link":"https:\/\/eldigitaldeasturias.com\/magazine365"},{"label":"Noticias y Actualidad","link":"https:\/\/eldigitaldeasturias.com\/magazine365\/category\/noticias-actualidad\/"},{"label":"La Fiscal\u00eda de Sevilla pide a la juez que declare compleja la causa por el accidente del A400M","link":"https:\/\/eldigitaldeasturias.com\/magazine365\/la-fiscalia-de-sevilla-pide-a-la-juez-que-declare-compleja-la-causa-por-el-accidente-del-a400m\/"}],"_links":{"self":[{"href":"https:\/\/eldigitaldeasturias.com\/magazine365\/wp-json\/wp\/v2\/posts\/79813","targetHints":{"allow":["GET"]}}],"collection":[{"href":"https:\/\/eldigitaldeasturias.com\/magazine365\/wp-json\/wp\/v2\/posts"}],"about":[{"href":"https:\/\/eldigitaldeasturias.com\/magazine365\/wp-json\/wp\/v2\/types\/post"}],"author":[{"embeddable":true,"href":"https:\/\/eldigitaldeasturias.com\/magazine365\/wp-json\/wp\/v2\/users\/1"}],"replies":[{"embeddable":true,"href":"https:\/\/eldigitaldeasturias.com\/magazine365\/wp-json\/wp\/v2\/comments?post=79813"}],"version-history":[{"count":0,"href":"https:\/\/eldigitaldeasturias.com\/magazine365\/wp-json\/wp\/v2\/posts\/79813\/revisions"}],"wp:featuredmedia":[{"embeddable":true,"href":"https:\/\/eldigitaldeasturias.com\/magazine365\/wp-json\/wp\/v2\/media\/79814"}],"wp:attachment":[{"href":"https:\/\/eldigitaldeasturias.com\/magazine365\/wp-json\/wp\/v2\/media?parent=79813"}],"wp:term":[{"taxonomy":"category","embeddable":true,"href":"https:\/\/eldigitaldeasturias.com\/magazine365\/wp-json\/wp\/v2\/categories?post=79813"},{"taxonomy":"post_tag","embeddable":true,"href":"https:\/\/eldigitaldeasturias.com\/magazine365\/wp-json\/wp\/v2\/tags?post=79813"}],"curies":[{"name":"wp","href":"https:\/\/api.w.org\/{rel}","templated":true}]}}