{"id":79804,"date":"2016-06-17T00:28:59","date_gmt":"2016-06-16T22:28:59","guid":{"rendered":"http:\/\/eldigitaldeasturias.com\/magazine365\/?p=79804"},"modified":"2016-06-17T00:28:59","modified_gmt":"2016-06-16T22:28:59","slug":"la-vertiente-sur-del-sistema-cantabrico-el-sistema-central-y-sierra-nevada-estan-pendientes-de-reforestar-en-espana","status":"publish","type":"post","link":"https:\/\/eldigitaldeasturias.com\/magazine365\/la-vertiente-sur-del-sistema-cantabrico-el-sistema-central-y-sierra-nevada-estan-pendientes-de-reforestar-en-espana\/","title":{"rendered":"La vertiente sur del sistema cant\u00e1brico, el sistema central y Sierra Nevada est\u00e1n pendientes de reforestar en Espa\u00f1a"},"content":{"rendered":"<p><img fetchpriority=\"high\" decoding=\"async\" class=\"alignleft size-medium wp-image-79805\" src=\"https:\/\/eldigitaldeasturias.com\/magazine365\/wp-content\/uploads\/2016\/06\/fotonoticia_20160616191654_800-360x221.jpg\" alt=\"fotonoticia_20160616191654_800\" width=\"360\" height=\"221\" srcset=\"https:\/\/eldigitaldeasturias.com\/magazine365\/wp-content\/uploads\/2016\/06\/fotonoticia_20160616191654_800-360x221.jpg 360w, https:\/\/eldigitaldeasturias.com\/magazine365\/wp-content\/uploads\/2016\/06\/fotonoticia_20160616191654_800-650x400.jpg 650w, https:\/\/eldigitaldeasturias.com\/magazine365\/wp-content\/uploads\/2016\/06\/fotonoticia_20160616191654_800-768x472.jpg 768w, https:\/\/eldigitaldeasturias.com\/magazine365\/wp-content\/uploads\/2016\/06\/fotonoticia_20160616191654_800-150x92.jpg 150w, https:\/\/eldigitaldeasturias.com\/magazine365\/wp-content\/uploads\/2016\/06\/fotonoticia_20160616191654_800-450x277.jpg 450w, https:\/\/eldigitaldeasturias.com\/magazine365\/wp-content\/uploads\/2016\/06\/fotonoticia_20160616191654_800.jpg 800w\" sizes=\"(max-width: 360px) 100vw, 360px\" \/>Las monta\u00f1as de la vertiente sur del Sistema Cant\u00e1brico, el Sistema Central, Sierra Nevada y la vertiente sur de Canarias est\u00e1n pendientes de reforestar y restaurar, despu\u00e9s de la incidencia que ha tenido sobre ellas actividades como la ganader\u00eda o la miner\u00eda, entre otras, seg\u00fan el decano del Colegio de Ingenieros de Montes, Eduardo Rojas.<\/p>\n<p>Rojas, sin embargo, ha valorado que Espa\u00f1a ha aumentado \u00abnotablemente\u00bb su cobertura forestal en los \u00faltimos cincuenta a\u00f1os, sobre todo a partir de los a\u00f1os 50, cuando comenz\u00f3 el \u00e9xodo rural y buena parte del monte se recuper\u00f3 y, principalmente a partir de los a\u00f1os 60, cuando en la \u00e9poca de Franco se repoblaron 4 millones de hect\u00e1reas.<\/p>\n<p>En todo caso, las \u00e1reas que presentan m\u00e1s problemas est\u00e1n en la vertiente sur del sistema cant\u00e1brico, donde ha criticado el \u00aberror de visi\u00f3n\u00bb de los diferentes Gobiernos, que han apostado por mantener la miner\u00eda del carb\u00f3n, a base de subvenciones para mantener un sector \u00abcontaminante, insano y sin futuro\u00bb.<\/p>\n<p>En declaraciones a Europa Press con motivo de la celebraci\u00f3n el 17 de junio del D\u00eda Mundial Contra la Sequ\u00eda y la Deforestaci\u00f3n, a su juicio, ser\u00eda mucho mejor reconvertir la zona minera en una \u00abopci\u00f3n de futuro\u00bb como es el sector forestal del que ha defendido que no contamina, genera biomasa, absorbe CO2 y es un sector neutro en carbono, que fija poblaci\u00f3n rural y genera empleos mucho m\u00e1s dignos y sanos. \u00abEso se ha desarrollado en la ladera norte, pero no en la sur\u00bb, ha comentado.<\/p>\n<h2 class=\"ladillo\">EL SISTEMA CENTRAL, \u00c9XITO DE RESTAURACI\u00d3N<\/h2>\n<p>Del mismo modo, se ha referido al Sistema Central, que se deforest\u00f3 abundantemente por la ganader\u00eda pero es un \u00e1rea en el que se ha trabajado \u00abbastante\u00bb en reforestaci\u00f3n, pero falta mucho por hacer en naturalizar esa tarea, ya que las restauraciones se hicieron casi todas con pino.<\/p>\n<p>Rojas considera que es m\u00e1s dif\u00edcil de restaurar son Sierra Nevada, que result\u00f3 muy afectado por el modelo ganadero de pastores tra\u00eddo desde el Pirineo porque a los \u00e1rabes no les interesaba la zona de monta\u00f1a, que ahora tiene mucho que reforestar. Canarias es otro de los puntos m\u00e1s significativos ya que la vertiente norte se ha regenerado \u00abmuy bien\u00bb pero la sur es \u00abdif\u00edcil de reforestar\u00bb.<\/p>\n<p>En este contexto ha afirmado que Espa\u00f1a, junto con Israel, es un pa\u00eds punta de lanza en tecnolog\u00edas de restauraci\u00f3n y reforestaci\u00f3n forestal, pero la cuesti\u00f3n es la restauraci\u00f3n de zonas agrarias degradadas. \u00abHay mucho potencial\u00bb, ha comentado el decano que ve resultados excelentes en el trabajo realizado en zonas como Almer\u00eda y Murcia en temas de reforestaci\u00f3n.<\/p>\n<p>En general, cree que es preciso en Espa\u00f1a y en el resto del mundo seguir restaurando terreno y repoblando porque en la actualidad, lo que queda por hacer es lo que la naturaleza por s\u00ed sola no es capaz de hacer. \u00abNo es misi\u00f3n imposible\u00bb, ha comentado.<\/p>\n<p>Por otro lado, ha dicho que Espa\u00f1a tiene un porcentaje alto de bosque, en torno a un 36 por ciento y \u00abno interesar\u00eda pasar de un 45 por ciento\u00bb, aunque hay zonas deforestadas, como las pendientes donde los incendios suelen ser cr\u00edticos y es precisamente ah\u00ed donde en su opini\u00f3n es \u00abfundamental\u00bb actuar para conservar los suelos.<\/p>\n<p>\u00abLa restauraci\u00f3n de suelos y la recuperaci\u00f3n del bosque no se hace sola, por eso hay que conducir el proceso pero cree las comunidades aut\u00f3nomas se han dedicado m\u00e1s a la extinci\u00f3n de incendios\u00bb, ha advertido.<\/p>\n<p>En este \u00e1mbito de la restauraci\u00f3n forestal ha puesto como \u00abejemplo interesante\u00bb que seg\u00fan datos de la FAO las zonas del mundo donde m\u00e1s se est\u00e1 recuperando el bosque es en todo el \u00e1rea mediterr\u00e1nea, desde Espa\u00f1a hasta Ir\u00e1n y tambi\u00e9n en la rivera sur. Otras zonas donde m\u00e1s ha crecido el bosque en los \u00faltimos decenio en el este de Asia, en China, Mongolia, Corea del Sur o Jap\u00f3n.<\/p>\n<p>Por el contrario, hay otros lugares como Pakist\u00e1n, que solo tiene un 3 por ciento de bosque, en un pa\u00eds que es \u00abcomo Suiza\u00bb pero que de vez en cuando tienen Monz\u00f3n y enormes problemas de inundaciones que provocan da\u00f1os en la poblaci\u00f3n y p\u00e9rdidas de cosechas.<\/p>\n<p>En este contexto reconoce que en el mundo hay pa\u00edses secos, con clima dif\u00edcil y con zonas totalmente degeneradas, como Pakist\u00e1n o el Sahel y ha puesto de ejemplo de recuperaci\u00f3n de suelos degradados a N\u00edger, donde est\u00e1n creando zonas de sombra para cultivos, mediante palmerales y acacias, que dan sustrato, producen madera y son mel\u00edferas, todo ello para tratar de frenar el avance del desierto hacia el norte.<\/p>\n<h2 class=\"ladillo\">INCENDIOS<\/h2>\n<p>Por otro lado, respecto a la campa\u00f1a de incendios de verano, el reci\u00e9n elegido decano del Colegio de Ingenieros de Montes cree que es muy \u00abarriesgado\u00bb predecir como ser\u00e1 este a\u00f1o tras las abundantes lluvias en la mayor parte del pa\u00eds menos en la franja mediterr\u00e1nea donde este a\u00f1o \u00abha sido un desastre\u00bb.<\/p>\n<p>Aunque la meteorolog\u00eda ha sido \u00abmuy buena\u00bb en la primavera, cree que depender\u00e1 de como sea el verano, porque hay mucho \u00abcombustible\u00bb y hierba en el campo, pero si la climatolog\u00eda es buena no tiene por qu\u00e9 ser un inconveniente. Sin embargo, califica de \u00abextra forestal\u00bb el combustible o hierba que hay en el monte ya que la mayor parte de estos incendios por este motivo se produce en pastos y agricultura, no en los bosques. Sin embargo, en el bosque es \u00abuna ventaja\u00bb porque proporciona humedad.<\/p>\n<p>Por ello, cree que uno de los factores fundamentales es la meteorolog\u00eda, que puede favorecer o empeorar los incendios y su propagaci\u00f3n.<\/p>\n<p>Rojas estima que el sistema de extinci\u00f3n en Espa\u00f1a es \u00abbueno\u00bb pero que el problema surge cuando el fuego se \u00abdescontrola\u00bb y pasa a tomar grandes proporciones, lo que lleva a que el 99 por ciento de la superficie arda en el 1 por ciento de los incendios. \u00abPor eso lo dif\u00edcil en un incendio es cuando los fuegos se escapan y, entonces destrozan el balance\u00bb, ha comentado.<\/p>\n<p>Asimismo, ha recordado que tres cuartas partes de los incendios se producen en el noroeste, donde la climatolog\u00eda no es adversa y que la tasa nacional de incendios provocados es del 95 por ciento, frente al 5 por ciento de fuegos cuyo origen est\u00e1 en causas naturales.<\/p>\n<p>Finalmente, considera que para mermar los incendios es necesario actuar sobre el monte que \u00abest\u00e1 abandonado\u00bb, fomentar el sector forestal, realizar quemas controladas en invierno, para practicar la t\u00e9cnica de los cortafuegos y mantener el nivel de extinci\u00f3n pero, sobre todo, fomentar las tareas de prevenci\u00f3n porque ser\u00eda \u00abmucho mejor tener el monte bien gestionado y que goce de buena salud que aumentar la extinci\u00f3n.<\/p>\n","protected":false},"excerpt":{"rendered":"<p>Las monta\u00f1as de la vertiente sur del Sistema Cant\u00e1brico, el Sistema Central, Sierra Nevada y la vertiente sur de Canarias est\u00e1n pendientes de reforestar y restaurar, despu\u00e9s de la incidencia que ha tenido sobre ellas actividades como la ganader\u00eda o la miner\u00eda, entre otras, seg\u00fan el decano del Colegio de Ingenieros de Montes, Eduardo Rojas.<\/p>\n","protected":false},"author":1,"featured_media":79805,"comment_status":"open","ping_status":"closed","sticky":false,"template":"","format":"standard","meta":{"footnotes":""},"categories":[224],"tags":[],"class_list":{"0":"post-79804","1":"post","2":"type-post","3":"status-publish","4":"format-standard","5":"has-post-thumbnail","7":"category-noticias-actualidad"},"aioseo_notices":[],"aioseo_head":"\n\t\t<!-- All in One SEO Pro 4.9.6.1 - aioseo.com -->\n\t<meta name=\"description\" content=\"Las monta\u00f1as de la vertiente sur del Sistema Cant\u00e1brico, el Sistema Central, Sierra Nevada y la vertiente sur de Canarias est\u00e1n pendientes de reforestar y restaurar, despu\u00e9s de la incidencia que ha tenido sobre ellas actividades como la ganader\u00eda o la miner\u00eda, entre otras, seg\u00fan el decano del Colegio de Ingenieros de Montes, Eduardo Rojas.\" \/>\n\t<meta name=\"robots\" content=\"max-image-preview:large\" \/>\n\t<meta name=\"author\" content=\"admin\"\/>\n\t<meta name=\"google-site-verification\" content=\"UA-38556648-1\" \/>\n\t<meta name=\"keywords\" content=\"noticias y actualidad\" \/>\n\t<link rel=\"canonical\" href=\"https:\/\/eldigitaldeasturias.com\/magazine365\/la-vertiente-sur-del-sistema-cantabrico-el-sistema-central-y-sierra-nevada-estan-pendientes-de-reforestar-en-espana\/\" \/>\n\t<meta name=\"generator\" content=\"All in One SEO Pro (AIOSEO) 4.9.6.1\" \/>\n\t\t<meta property=\"og:locale\" content=\"es_ES\" \/>\n\t\t<meta property=\"og:site_name\" content=\"El Digital de Asturias \u2013 Revista de ocio, turismo y estilo de vida\" \/>\n\t\t<meta property=\"og:type\" content=\"article\" \/>\n\t\t<meta property=\"og:title\" content=\"La vertiente sur del sistema cant\u00e1brico, el sistema central y Sierra Nevada est\u00e1n pendientes de reforestar en Espa\u00f1a | El Digital de Asturias\" \/>\n\t\t<meta property=\"og:description\" content=\"Las monta\u00f1as de la vertiente sur del Sistema Cant\u00e1brico, el Sistema Central, Sierra Nevada y la vertiente sur de Canarias est\u00e1n pendientes de reforestar y restaurar, despu\u00e9s de la incidencia que ha tenido sobre ellas actividades como la ganader\u00eda o la miner\u00eda, entre otras, seg\u00fan el decano del Colegio de Ingenieros de Montes, Eduardo Rojas.\" \/>\n\t\t<meta property=\"og:url\" content=\"https:\/\/eldigitaldeasturias.com\/magazine365\/la-vertiente-sur-del-sistema-cantabrico-el-sistema-central-y-sierra-nevada-estan-pendientes-de-reforestar-en-espana\/\" \/>\n\t\t<meta property=\"og:image\" content=\"https:\/\/eldigitaldeasturias.com\/magazine365\/wp-content\/uploads\/2016\/06\/fotonoticia_20160616191654_800.jpg\" \/>\n\t\t<meta property=\"og:image:secure_url\" content=\"https:\/\/eldigitaldeasturias.com\/magazine365\/wp-content\/uploads\/2016\/06\/fotonoticia_20160616191654_800.jpg\" \/>\n\t\t<meta property=\"og:image:width\" content=\"800\" \/>\n\t\t<meta property=\"og:image:height\" content=\"492\" \/>\n\t\t<meta property=\"article:published_time\" content=\"2016-06-16T22:28:59+00:00\" \/>\n\t\t<meta property=\"article:modified_time\" content=\"2016-06-16T22:28:59+00:00\" \/>\n\t\t<meta name=\"twitter:card\" content=\"summary_large_image\" \/>\n\t\t<meta name=\"twitter:title\" content=\"La vertiente sur del sistema cant\u00e1brico, el sistema central y Sierra Nevada est\u00e1n pendientes de reforestar en Espa\u00f1a | El Digital de Asturias\" \/>\n\t\t<meta name=\"twitter:description\" content=\"Las monta\u00f1as de la vertiente sur del Sistema Cant\u00e1brico, el Sistema Central, Sierra Nevada y la vertiente sur de Canarias est\u00e1n pendientes de reforestar y restaurar, despu\u00e9s de la incidencia que ha tenido sobre ellas actividades como la ganader\u00eda o la miner\u00eda, entre otras, seg\u00fan el decano del Colegio de Ingenieros de Montes, Eduardo Rojas.\" \/>\n\t\t<meta name=\"twitter:image\" content=\"https:\/\/eldigitaldeasturias.com\/magazine365\/wp-content\/uploads\/2016\/06\/fotonoticia_20160616191654_800.jpg\" \/>\n\t\t<script type=\"application\/ld+json\" class=\"aioseo-schema\">\n\t\t\t{\"@context\":\"https:\\\/\\\/schema.org\",\"@graph\":[{\"@type\":\"Article\",\"@id\":\"https:\\\/\\\/eldigitaldeasturias.com\\\/magazine365\\\/la-vertiente-sur-del-sistema-cantabrico-el-sistema-central-y-sierra-nevada-estan-pendientes-de-reforestar-en-espana\\\/#article\",\"name\":\"La vertiente sur del sistema cant\\u00e1brico, el sistema central y Sierra Nevada est\\u00e1n pendientes de reforestar en Espa\\u00f1a | El Digital de Asturias\",\"headline\":\"La vertiente sur del sistema cant\\u00e1brico, el sistema central y Sierra Nevada est\\u00e1n pendientes de reforestar en Espa\\u00f1a\",\"author\":{\"@id\":\"https:\\\/\\\/eldigitaldeasturias.com\\\/magazine365\\\/author\\\/admin\\\/#author\"},\"publisher\":{\"@id\":\"https:\\\/\\\/eldigitaldeasturias.com\\\/magazine365\\\/#organization\"},\"image\":{\"@type\":\"ImageObject\",\"url\":\"https:\\\/\\\/eldigitaldeasturias.com\\\/magazine365\\\/wp-content\\\/uploads\\\/2016\\\/06\\\/fotonoticia_20160616191654_800.jpg\",\"width\":800,\"height\":492},\"datePublished\":\"2016-06-17T00:28:59+02:00\",\"dateModified\":\"2016-06-17T00:28:59+02:00\",\"inLanguage\":\"es-ES\",\"mainEntityOfPage\":{\"@id\":\"https:\\\/\\\/eldigitaldeasturias.com\\\/magazine365\\\/la-vertiente-sur-del-sistema-cantabrico-el-sistema-central-y-sierra-nevada-estan-pendientes-de-reforestar-en-espana\\\/#webpage\"},\"isPartOf\":{\"@id\":\"https:\\\/\\\/eldigitaldeasturias.com\\\/magazine365\\\/la-vertiente-sur-del-sistema-cantabrico-el-sistema-central-y-sierra-nevada-estan-pendientes-de-reforestar-en-espana\\\/#webpage\"},\"articleSection\":\"Noticias y Actualidad\"},{\"@type\":\"BreadcrumbList\",\"@id\":\"https:\\\/\\\/eldigitaldeasturias.com\\\/magazine365\\\/la-vertiente-sur-del-sistema-cantabrico-el-sistema-central-y-sierra-nevada-estan-pendientes-de-reforestar-en-espana\\\/#breadcrumblist\",\"itemListElement\":[{\"@type\":\"ListItem\",\"@id\":\"https:\\\/\\\/eldigitaldeasturias.com\\\/magazine365#listItem\",\"position\":1,\"name\":\"Home\",\"item\":\"https:\\\/\\\/eldigitaldeasturias.com\\\/magazine365\",\"nextItem\":{\"@type\":\"ListItem\",\"@id\":\"https:\\\/\\\/eldigitaldeasturias.com\\\/magazine365\\\/category\\\/noticias-actualidad\\\/#listItem\",\"name\":\"Noticias y Actualidad\"}},{\"@type\":\"ListItem\",\"@id\":\"https:\\\/\\\/eldigitaldeasturias.com\\\/magazine365\\\/category\\\/noticias-actualidad\\\/#listItem\",\"position\":2,\"name\":\"Noticias y Actualidad\",\"item\":\"https:\\\/\\\/eldigitaldeasturias.com\\\/magazine365\\\/category\\\/noticias-actualidad\\\/\",\"nextItem\":{\"@type\":\"ListItem\",\"@id\":\"https:\\\/\\\/eldigitaldeasturias.com\\\/magazine365\\\/la-vertiente-sur-del-sistema-cantabrico-el-sistema-central-y-sierra-nevada-estan-pendientes-de-reforestar-en-espana\\\/#listItem\",\"name\":\"La vertiente sur del sistema cant\\u00e1brico, el sistema central y Sierra Nevada est\\u00e1n pendientes de reforestar en Espa\\u00f1a\"},\"previousItem\":{\"@type\":\"ListItem\",\"@id\":\"https:\\\/\\\/eldigitaldeasturias.com\\\/magazine365#listItem\",\"name\":\"Home\"}},{\"@type\":\"ListItem\",\"@id\":\"https:\\\/\\\/eldigitaldeasturias.com\\\/magazine365\\\/la-vertiente-sur-del-sistema-cantabrico-el-sistema-central-y-sierra-nevada-estan-pendientes-de-reforestar-en-espana\\\/#listItem\",\"position\":3,\"name\":\"La vertiente sur del sistema cant\\u00e1brico, el sistema central y Sierra Nevada est\\u00e1n pendientes de reforestar en Espa\\u00f1a\",\"previousItem\":{\"@type\":\"ListItem\",\"@id\":\"https:\\\/\\\/eldigitaldeasturias.com\\\/magazine365\\\/category\\\/noticias-actualidad\\\/#listItem\",\"name\":\"Noticias y Actualidad\"}}]},{\"@type\":\"Organization\",\"@id\":\"https:\\\/\\\/eldigitaldeasturias.com\\\/magazine365\\\/#organization\",\"name\":\"El digital de Asturias\",\"description\":\"Revista de ocio, turismo y estilo de vida\",\"url\":\"https:\\\/\\\/eldigitaldeasturias.com\\\/magazine365\\\/\",\"logo\":{\"@type\":\"ImageObject\",\"url\":\"https:\\\/\\\/www.eldigitaldeasturias.com\\\/noticias\\\/wp-content\\\/uploads\\\/2020\\\/12\\\/EDA.jpg\",\"@id\":\"https:\\\/\\\/eldigitaldeasturias.com\\\/magazine365\\\/la-vertiente-sur-del-sistema-cantabrico-el-sistema-central-y-sierra-nevada-estan-pendientes-de-reforestar-en-espana\\\/#organizationLogo\"},\"image\":{\"@id\":\"https:\\\/\\\/eldigitaldeasturias.com\\\/magazine365\\\/la-vertiente-sur-del-sistema-cantabrico-el-sistema-central-y-sierra-nevada-estan-pendientes-de-reforestar-en-espana\\\/#organizationLogo\"}},{\"@type\":\"Person\",\"@id\":\"https:\\\/\\\/eldigitaldeasturias.com\\\/magazine365\\\/author\\\/admin\\\/#author\",\"url\":\"https:\\\/\\\/eldigitaldeasturias.com\\\/magazine365\\\/author\\\/admin\\\/\",\"name\":\"admin\",\"image\":{\"@type\":\"ImageObject\",\"@id\":\"https:\\\/\\\/eldigitaldeasturias.com\\\/magazine365\\\/la-vertiente-sur-del-sistema-cantabrico-el-sistema-central-y-sierra-nevada-estan-pendientes-de-reforestar-en-espana\\\/#authorImage\",\"url\":\"https:\\\/\\\/eldigitaldeasturias.com\\\/magazine365\\\/wp-content\\\/litespeed\\\/avatar\\\/e571bcf59a0edd6fa6838245a470f2fe.jpg?ver=1776969259\",\"width\":96,\"height\":96,\"caption\":\"admin\"}},{\"@type\":\"WebPage\",\"@id\":\"https:\\\/\\\/eldigitaldeasturias.com\\\/magazine365\\\/la-vertiente-sur-del-sistema-cantabrico-el-sistema-central-y-sierra-nevada-estan-pendientes-de-reforestar-en-espana\\\/#webpage\",\"url\":\"https:\\\/\\\/eldigitaldeasturias.com\\\/magazine365\\\/la-vertiente-sur-del-sistema-cantabrico-el-sistema-central-y-sierra-nevada-estan-pendientes-de-reforestar-en-espana\\\/\",\"name\":\"La vertiente sur del sistema cant\\u00e1brico, el sistema central y Sierra Nevada est\\u00e1n pendientes de reforestar en Espa\\u00f1a | El Digital de Asturias\",\"description\":\"Las monta\\u00f1as de la vertiente sur del Sistema Cant\\u00e1brico, el Sistema Central, Sierra Nevada y la vertiente sur de Canarias est\\u00e1n pendientes de reforestar y restaurar, despu\\u00e9s de la incidencia que ha tenido sobre ellas actividades como la ganader\\u00eda o la miner\\u00eda, entre otras, seg\\u00fan el decano del Colegio de Ingenieros de Montes, Eduardo Rojas.\",\"inLanguage\":\"es-ES\",\"isPartOf\":{\"@id\":\"https:\\\/\\\/eldigitaldeasturias.com\\\/magazine365\\\/#website\"},\"breadcrumb\":{\"@id\":\"https:\\\/\\\/eldigitaldeasturias.com\\\/magazine365\\\/la-vertiente-sur-del-sistema-cantabrico-el-sistema-central-y-sierra-nevada-estan-pendientes-de-reforestar-en-espana\\\/#breadcrumblist\"},\"author\":{\"@id\":\"https:\\\/\\\/eldigitaldeasturias.com\\\/magazine365\\\/author\\\/admin\\\/#author\"},\"creator\":{\"@id\":\"https:\\\/\\\/eldigitaldeasturias.com\\\/magazine365\\\/author\\\/admin\\\/#author\"},\"image\":{\"@type\":\"ImageObject\",\"url\":\"https:\\\/\\\/eldigitaldeasturias.com\\\/magazine365\\\/wp-content\\\/uploads\\\/2016\\\/06\\\/fotonoticia_20160616191654_800.jpg\",\"@id\":\"https:\\\/\\\/eldigitaldeasturias.com\\\/magazine365\\\/la-vertiente-sur-del-sistema-cantabrico-el-sistema-central-y-sierra-nevada-estan-pendientes-de-reforestar-en-espana\\\/#mainImage\",\"width\":800,\"height\":492},\"primaryImageOfPage\":{\"@id\":\"https:\\\/\\\/eldigitaldeasturias.com\\\/magazine365\\\/la-vertiente-sur-del-sistema-cantabrico-el-sistema-central-y-sierra-nevada-estan-pendientes-de-reforestar-en-espana\\\/#mainImage\"},\"datePublished\":\"2016-06-17T00:28:59+02:00\",\"dateModified\":\"2016-06-17T00:28:59+02:00\"},{\"@type\":\"WebSite\",\"@id\":\"https:\\\/\\\/eldigitaldeasturias.com\\\/magazine365\\\/#website\",\"url\":\"https:\\\/\\\/eldigitaldeasturias.com\\\/magazine365\\\/\",\"name\":\"El Digital de Asturias\",\"description\":\"Revista de ocio, turismo y estilo de vida\",\"inLanguage\":\"es-ES\",\"publisher\":{\"@id\":\"https:\\\/\\\/eldigitaldeasturias.com\\\/magazine365\\\/#organization\"}}]}\n\t\t<\/script>\n\t\t<!-- All in One SEO Pro -->\r\n\t\t<title>La vertiente sur del sistema cant\u00e1brico, el sistema central y Sierra Nevada est\u00e1n pendientes de reforestar en Espa\u00f1a | El Digital de Asturias<\/title>\n\n","aioseo_head_json":{"title":"La vertiente sur del sistema cant\u00e1brico, el sistema central y Sierra Nevada est\u00e1n pendientes de reforestar en Espa\u00f1a | El Digital de Asturias","description":"Las monta\u00f1as de la vertiente sur del Sistema Cant\u00e1brico, el Sistema Central, Sierra Nevada y la vertiente sur de Canarias est\u00e1n pendientes de reforestar y restaurar, despu\u00e9s de la incidencia que ha tenido sobre ellas actividades como la ganader\u00eda o la miner\u00eda, entre otras, seg\u00fan el decano del Colegio de Ingenieros de Montes, Eduardo Rojas.","canonical_url":"https:\/\/eldigitaldeasturias.com\/magazine365\/la-vertiente-sur-del-sistema-cantabrico-el-sistema-central-y-sierra-nevada-estan-pendientes-de-reforestar-en-espana\/","robots":"max-image-preview:large","keywords":"noticias y actualidad","webmasterTools":{"google-site-verification":"UA-38556648-1","miscellaneous":""},"schema":{"@context":"https:\/\/schema.org","@graph":[{"@type":"Article","@id":"https:\/\/eldigitaldeasturias.com\/magazine365\/la-vertiente-sur-del-sistema-cantabrico-el-sistema-central-y-sierra-nevada-estan-pendientes-de-reforestar-en-espana\/#article","name":"La vertiente sur del sistema cant\u00e1brico, el sistema central y Sierra Nevada est\u00e1n pendientes de reforestar en Espa\u00f1a | El Digital de Asturias","headline":"La vertiente sur del sistema cant\u00e1brico, el sistema central y Sierra Nevada est\u00e1n pendientes de reforestar en Espa\u00f1a","author":{"@id":"https:\/\/eldigitaldeasturias.com\/magazine365\/author\/admin\/#author"},"publisher":{"@id":"https:\/\/eldigitaldeasturias.com\/magazine365\/#organization"},"image":{"@type":"ImageObject","url":"https:\/\/eldigitaldeasturias.com\/magazine365\/wp-content\/uploads\/2016\/06\/fotonoticia_20160616191654_800.jpg","width":800,"height":492},"datePublished":"2016-06-17T00:28:59+02:00","dateModified":"2016-06-17T00:28:59+02:00","inLanguage":"es-ES","mainEntityOfPage":{"@id":"https:\/\/eldigitaldeasturias.com\/magazine365\/la-vertiente-sur-del-sistema-cantabrico-el-sistema-central-y-sierra-nevada-estan-pendientes-de-reforestar-en-espana\/#webpage"},"isPartOf":{"@id":"https:\/\/eldigitaldeasturias.com\/magazine365\/la-vertiente-sur-del-sistema-cantabrico-el-sistema-central-y-sierra-nevada-estan-pendientes-de-reforestar-en-espana\/#webpage"},"articleSection":"Noticias y Actualidad"},{"@type":"BreadcrumbList","@id":"https:\/\/eldigitaldeasturias.com\/magazine365\/la-vertiente-sur-del-sistema-cantabrico-el-sistema-central-y-sierra-nevada-estan-pendientes-de-reforestar-en-espana\/#breadcrumblist","itemListElement":[{"@type":"ListItem","@id":"https:\/\/eldigitaldeasturias.com\/magazine365#listItem","position":1,"name":"Home","item":"https:\/\/eldigitaldeasturias.com\/magazine365","nextItem":{"@type":"ListItem","@id":"https:\/\/eldigitaldeasturias.com\/magazine365\/category\/noticias-actualidad\/#listItem","name":"Noticias y Actualidad"}},{"@type":"ListItem","@id":"https:\/\/eldigitaldeasturias.com\/magazine365\/category\/noticias-actualidad\/#listItem","position":2,"name":"Noticias y Actualidad","item":"https:\/\/eldigitaldeasturias.com\/magazine365\/category\/noticias-actualidad\/","nextItem":{"@type":"ListItem","@id":"https:\/\/eldigitaldeasturias.com\/magazine365\/la-vertiente-sur-del-sistema-cantabrico-el-sistema-central-y-sierra-nevada-estan-pendientes-de-reforestar-en-espana\/#listItem","name":"La vertiente sur del sistema cant\u00e1brico, el sistema central y Sierra Nevada est\u00e1n pendientes de reforestar en Espa\u00f1a"},"previousItem":{"@type":"ListItem","@id":"https:\/\/eldigitaldeasturias.com\/magazine365#listItem","name":"Home"}},{"@type":"ListItem","@id":"https:\/\/eldigitaldeasturias.com\/magazine365\/la-vertiente-sur-del-sistema-cantabrico-el-sistema-central-y-sierra-nevada-estan-pendientes-de-reforestar-en-espana\/#listItem","position":3,"name":"La vertiente sur del sistema cant\u00e1brico, el sistema central y Sierra Nevada est\u00e1n pendientes de reforestar en Espa\u00f1a","previousItem":{"@type":"ListItem","@id":"https:\/\/eldigitaldeasturias.com\/magazine365\/category\/noticias-actualidad\/#listItem","name":"Noticias y Actualidad"}}]},{"@type":"Organization","@id":"https:\/\/eldigitaldeasturias.com\/magazine365\/#organization","name":"El digital de Asturias","description":"Revista de ocio, turismo y estilo de vida","url":"https:\/\/eldigitaldeasturias.com\/magazine365\/","logo":{"@type":"ImageObject","url":"https:\/\/www.eldigitaldeasturias.com\/noticias\/wp-content\/uploads\/2020\/12\/EDA.jpg","@id":"https:\/\/eldigitaldeasturias.com\/magazine365\/la-vertiente-sur-del-sistema-cantabrico-el-sistema-central-y-sierra-nevada-estan-pendientes-de-reforestar-en-espana\/#organizationLogo"},"image":{"@id":"https:\/\/eldigitaldeasturias.com\/magazine365\/la-vertiente-sur-del-sistema-cantabrico-el-sistema-central-y-sierra-nevada-estan-pendientes-de-reforestar-en-espana\/#organizationLogo"}},{"@type":"Person","@id":"https:\/\/eldigitaldeasturias.com\/magazine365\/author\/admin\/#author","url":"https:\/\/eldigitaldeasturias.com\/magazine365\/author\/admin\/","name":"admin","image":{"@type":"ImageObject","@id":"https:\/\/eldigitaldeasturias.com\/magazine365\/la-vertiente-sur-del-sistema-cantabrico-el-sistema-central-y-sierra-nevada-estan-pendientes-de-reforestar-en-espana\/#authorImage","url":"https:\/\/eldigitaldeasturias.com\/magazine365\/wp-content\/litespeed\/avatar\/e571bcf59a0edd6fa6838245a470f2fe.jpg?ver=1776969259","width":96,"height":96,"caption":"admin"}},{"@type":"WebPage","@id":"https:\/\/eldigitaldeasturias.com\/magazine365\/la-vertiente-sur-del-sistema-cantabrico-el-sistema-central-y-sierra-nevada-estan-pendientes-de-reforestar-en-espana\/#webpage","url":"https:\/\/eldigitaldeasturias.com\/magazine365\/la-vertiente-sur-del-sistema-cantabrico-el-sistema-central-y-sierra-nevada-estan-pendientes-de-reforestar-en-espana\/","name":"La vertiente sur del sistema cant\u00e1brico, el sistema central y Sierra Nevada est\u00e1n pendientes de reforestar en Espa\u00f1a | El Digital de Asturias","description":"Las monta\u00f1as de la vertiente sur del Sistema Cant\u00e1brico, el Sistema Central, Sierra Nevada y la vertiente sur de Canarias est\u00e1n pendientes de reforestar y restaurar, despu\u00e9s de la incidencia que ha tenido sobre ellas actividades como la ganader\u00eda o la miner\u00eda, entre otras, seg\u00fan el decano del Colegio de Ingenieros de Montes, Eduardo Rojas.","inLanguage":"es-ES","isPartOf":{"@id":"https:\/\/eldigitaldeasturias.com\/magazine365\/#website"},"breadcrumb":{"@id":"https:\/\/eldigitaldeasturias.com\/magazine365\/la-vertiente-sur-del-sistema-cantabrico-el-sistema-central-y-sierra-nevada-estan-pendientes-de-reforestar-en-espana\/#breadcrumblist"},"author":{"@id":"https:\/\/eldigitaldeasturias.com\/magazine365\/author\/admin\/#author"},"creator":{"@id":"https:\/\/eldigitaldeasturias.com\/magazine365\/author\/admin\/#author"},"image":{"@type":"ImageObject","url":"https:\/\/eldigitaldeasturias.com\/magazine365\/wp-content\/uploads\/2016\/06\/fotonoticia_20160616191654_800.jpg","@id":"https:\/\/eldigitaldeasturias.com\/magazine365\/la-vertiente-sur-del-sistema-cantabrico-el-sistema-central-y-sierra-nevada-estan-pendientes-de-reforestar-en-espana\/#mainImage","width":800,"height":492},"primaryImageOfPage":{"@id":"https:\/\/eldigitaldeasturias.com\/magazine365\/la-vertiente-sur-del-sistema-cantabrico-el-sistema-central-y-sierra-nevada-estan-pendientes-de-reforestar-en-espana\/#mainImage"},"datePublished":"2016-06-17T00:28:59+02:00","dateModified":"2016-06-17T00:28:59+02:00"},{"@type":"WebSite","@id":"https:\/\/eldigitaldeasturias.com\/magazine365\/#website","url":"https:\/\/eldigitaldeasturias.com\/magazine365\/","name":"El Digital de Asturias","description":"Revista de ocio, turismo y estilo de vida","inLanguage":"es-ES","publisher":{"@id":"https:\/\/eldigitaldeasturias.com\/magazine365\/#organization"}}]},"og:locale":"es_ES","og:site_name":"El Digital de Asturias \u2013 Revista de ocio, turismo y estilo de vida","og:type":"article","og:title":"La vertiente sur del sistema cant\u00e1brico, el sistema central y Sierra Nevada est\u00e1n pendientes de reforestar en Espa\u00f1a | El Digital de Asturias","og:description":"Las monta\u00f1as de la vertiente sur del Sistema Cant\u00e1brico, el Sistema Central, Sierra Nevada y la vertiente sur de Canarias est\u00e1n pendientes de reforestar y restaurar, despu\u00e9s de la incidencia que ha tenido sobre ellas actividades como la ganader\u00eda o la miner\u00eda, entre otras, seg\u00fan el decano del Colegio de Ingenieros de Montes, Eduardo Rojas.","og:url":"https:\/\/eldigitaldeasturias.com\/magazine365\/la-vertiente-sur-del-sistema-cantabrico-el-sistema-central-y-sierra-nevada-estan-pendientes-de-reforestar-en-espana\/","og:image":"https:\/\/eldigitaldeasturias.com\/magazine365\/wp-content\/uploads\/2016\/06\/fotonoticia_20160616191654_800.jpg","og:image:secure_url":"https:\/\/eldigitaldeasturias.com\/magazine365\/wp-content\/uploads\/2016\/06\/fotonoticia_20160616191654_800.jpg","og:image:width":800,"og:image:height":492,"article:published_time":"2016-06-16T22:28:59+00:00","article:modified_time":"2016-06-16T22:28:59+00:00","twitter:card":"summary_large_image","twitter:title":"La vertiente sur del sistema cant\u00e1brico, el sistema central y Sierra Nevada est\u00e1n pendientes de reforestar en Espa\u00f1a | El Digital de Asturias","twitter:description":"Las monta\u00f1as de la vertiente sur del Sistema Cant\u00e1brico, el Sistema Central, Sierra Nevada y la vertiente sur de Canarias est\u00e1n pendientes de reforestar y restaurar, despu\u00e9s de la incidencia que ha tenido sobre ellas actividades como la ganader\u00eda o la miner\u00eda, entre otras, seg\u00fan el decano del Colegio de Ingenieros de Montes, Eduardo Rojas.","twitter:image":"https:\/\/eldigitaldeasturias.com\/magazine365\/wp-content\/uploads\/2016\/06\/fotonoticia_20160616191654_800.jpg"},"aioseo_meta_data":{"post_id":"79804","title":null,"description":null,"keywords":null,"keyphrases":null,"primary_term":null,"canonical_url":null,"og_title":null,"og_description":null,"og_object_type":"default","og_image_type":"default","og_image_url":null,"og_image_width":null,"og_image_height":null,"og_image_custom_url":null,"og_image_custom_fields":null,"og_video":null,"og_custom_url":null,"og_article_section":null,"og_article_tags":null,"twitter_use_og":false,"twitter_card":"default","twitter_image_type":"default","twitter_image_url":null,"twitter_image_custom_url":null,"twitter_image_custom_fields":null,"twitter_title":null,"twitter_description":null,"schema":{"blockGraphs":[],"customGraphs":[],"default":{"data":{"Article":[],"Course":[],"Dataset":[],"FAQPage":[],"Movie":[],"Person":[],"Product":[],"ProductReview":[],"Car":[],"Recipe":[],"Service":[],"SoftwareApplication":[],"WebPage":[]},"graphName":"","isEnabled":true},"graphs":[],"defaultGraph":"","defaultPostTypeGraph":""},"schema_type":null,"schema_type_options":null,"pillar_content":false,"robots_default":true,"robots_noindex":false,"robots_noarchive":false,"robots_nosnippet":false,"robots_nofollow":false,"robots_noimageindex":false,"robots_noodp":false,"robots_notranslate":false,"robots_max_snippet":null,"robots_max_videopreview":null,"robots_max_imagepreview":"large","priority":null,"frequency":null,"location":null,"local_seo":null,"seo_analyzer_scan_date":"2025-09-27 19:36:40","breadcrumb_settings":null,"limit_modified_date":false,"open_ai":null,"ai":null,"created":"2021-03-08 17:42:46","updated":"2025-09-27 19:36:40"},"aioseo_breadcrumb":"<div class=\"aioseo-breadcrumbs\"><span class=\"aioseo-breadcrumb\">\n\t<a href=\"https:\/\/eldigitaldeasturias.com\/magazine365\" title=\"Home\">Home<\/a>\n<\/span><span class=\"aioseo-breadcrumb-separator\">\u2013<\/span><span class=\"aioseo-breadcrumb\">\n\t<a href=\"https:\/\/eldigitaldeasturias.com\/magazine365\/category\/noticias-actualidad\/\" title=\"Noticias y Actualidad\">Noticias y Actualidad<\/a>\n<\/span><span class=\"aioseo-breadcrumb-separator\">\u2013<\/span><span class=\"aioseo-breadcrumb\">\n\t<a href=\"https:\/\/eldigitaldeasturias.com\/magazine365\/la-vertiente-sur-del-sistema-cantabrico-el-sistema-central-y-sierra-nevada-estan-pendientes-de-reforestar-en-espana\/\" title=\"La vertiente sur del sistema cant\u00e1brico, el sistema central y Sierra Nevada est\u00e1n pendientes de reforestar en Espa\u00f1a\">La vertiente sur del sistema cant\u00e1brico, el sistema central y Sierra Nevada est\u00e1n pendientes de reforestar en Espa\u00f1a<\/a>\n<\/span><\/div>","aioseo_breadcrumb_json":[{"label":"Home","link":"https:\/\/eldigitaldeasturias.com\/magazine365"},{"label":"Noticias y Actualidad","link":"https:\/\/eldigitaldeasturias.com\/magazine365\/category\/noticias-actualidad\/"},{"label":"La vertiente sur del sistema cant\u00e1brico, el sistema central y Sierra Nevada est\u00e1n pendientes de reforestar en Espa\u00f1a","link":"https:\/\/eldigitaldeasturias.com\/magazine365\/la-vertiente-sur-del-sistema-cantabrico-el-sistema-central-y-sierra-nevada-estan-pendientes-de-reforestar-en-espana\/"}],"_links":{"self":[{"href":"https:\/\/eldigitaldeasturias.com\/magazine365\/wp-json\/wp\/v2\/posts\/79804","targetHints":{"allow":["GET"]}}],"collection":[{"href":"https:\/\/eldigitaldeasturias.com\/magazine365\/wp-json\/wp\/v2\/posts"}],"about":[{"href":"https:\/\/eldigitaldeasturias.com\/magazine365\/wp-json\/wp\/v2\/types\/post"}],"author":[{"embeddable":true,"href":"https:\/\/eldigitaldeasturias.com\/magazine365\/wp-json\/wp\/v2\/users\/1"}],"replies":[{"embeddable":true,"href":"https:\/\/eldigitaldeasturias.com\/magazine365\/wp-json\/wp\/v2\/comments?post=79804"}],"version-history":[{"count":0,"href":"https:\/\/eldigitaldeasturias.com\/magazine365\/wp-json\/wp\/v2\/posts\/79804\/revisions"}],"wp:featuredmedia":[{"embeddable":true,"href":"https:\/\/eldigitaldeasturias.com\/magazine365\/wp-json\/wp\/v2\/media\/79805"}],"wp:attachment":[{"href":"https:\/\/eldigitaldeasturias.com\/magazine365\/wp-json\/wp\/v2\/media?parent=79804"}],"wp:term":[{"taxonomy":"category","embeddable":true,"href":"https:\/\/eldigitaldeasturias.com\/magazine365\/wp-json\/wp\/v2\/categories?post=79804"},{"taxonomy":"post_tag","embeddable":true,"href":"https:\/\/eldigitaldeasturias.com\/magazine365\/wp-json\/wp\/v2\/tags?post=79804"}],"curies":[{"name":"wp","href":"https:\/\/api.w.org\/{rel}","templated":true}]}}